{"id":17358,"date":"2020-08-22T23:25:52","date_gmt":"2020-08-22T23:25:52","guid":{"rendered":"https:\/\/www.elsoldepuebla.com.mx\/policiaca\/ingresan-a-detenidos-en-restaurante-de-la-paz-en-centro-penitenciario-de-ecatepec-puebla-siciliano-avenida-teziutlan-sur-oswaldo-enrique-gildardo-antonio-5660164.html"},"modified":"2020-08-22T23:25:52","modified_gmt":"2020-08-22T23:25:52","slug":"ingresan-a-detenidos-en-restaurante-de-la-paz-en-centro-penitenciario-de-ecatepec","status":"publish","type":"post","link":"https:\/\/ferabrajan.com\/portal\/2020\/08\/22\/ingresan-a-detenidos-en-restaurante-de-la-paz-en-centro-penitenciario-de-ecatepec\/","title":{"rendered":"Ingresan a detenidos en restaurante de La Paz en Centro Penitenciario de Ecatepec"},"content":{"rendered":"<div><img decoding=\"async\" src=\"https:\/\/www.elsoldepuebla.com.mx\/policiaca\/bcqfan-detenidos-sisiliano.jpg\/ALTERNATES\/LANDSCAPE_1140\/Detenidos%20Sisiliano.jpg\" class=\"ff-og-image-inserted\"><\/div>\n<p>Se trat\u00f3 de una orden de aprehensi\u00f3n contra dos personas por robo con violencia; la incursi\u00f3n de hombres armados que caus\u00f3 asombro dentro del restaurante Siciliano ubicado en la colonia de La Paz, el jueves pasado.<\/p>\n<p><strong>Los hechos quedaron grabados en la cinta de las c\u00e1maras de video vigilancia privada del negocio de comida italiana ubicado en la Avenida Teziutl\u00e1n Sur, donde se observa que llegan dos hombres de complexi\u00f3n robusta acompa\u00f1ados de una mujer.<\/strong><\/p>\n<p>Mientras uno de los varones se pasa al sanitario, el otro hombre y la mujer se sientan en una de las mesas y de inmediato llega un mesero para dejarles la carta, pero justo en esos momentos llegan varios sujetos con armas de alto poder, chalecos anti balas, algunos con cubrebocas, otros con pasamonta\u00f1as y unos incluso sin nada en el rostro. Sin m\u00e1s se llevan detenido al var\u00f3n que ya se hab\u00eda sentado, ante el asombro de la mujer a la que no le hacen nada.<\/p>\n<section>\n<div class=\"teaser\">\n<div class=\"infographicWrapper\">\n<blockquote class=\"twitter-tweet\">\n<p lang=\"es\" dir=\"ltr\" xml:lang=\"es\">Elementos <a href=\"https:\/\/twitter.com\/hashtag\/PDI?src=hash&amp;ref_src=twsrc%5Etfw\">#PDI<\/a> de <a href=\"https:\/\/twitter.com\/hashtag\/FiscaliaEdomex?src=hash&amp;ref_src=twsrc%5Etfw\">#FiscaliaEdomex<\/a> cumplimentaron una orden de aprehensi\u00f3n por robo con violencia en contra de Oswaldo Enrique \u00abN\u00bb y Gildardo Antonio \u00abN\u00bb, detenidos en un restaurante de la Col. La Paz en <a href=\"https:\/\/twitter.com\/hashtag\/Puebla?src=hash&amp;ref_src=twsrc%5Etfw\">#Puebla<\/a>.<br \/>Ambos fueron ingresados al Centro Penitenciario de Ecatepec. <a href=\"https:\/\/t.co\/WMbjt6jNBb\">pic.twitter.com\/WMbjt6jNBb<\/a><\/p>\n<p>\u2014 Fiscal\u00eda Edom\u00e9x (@FiscaliaEdomex) <a href=\"https:\/\/twitter.com\/FiscaliaEdomex\/status\/1297251371834576897?ref_src=twsrc%5Etfw\">August 22, 2020<\/a><\/p><\/blockquote>\n<\/div>\n<\/div>\n<\/section>\n<p>En otro \u00e1ngulo de las c\u00e1maras, se observa cuando es sacado el segundo hombre y tambi\u00e9n se lo llevan en los veh\u00edculos que llegan las personas que en ning\u00fan momento se identifican.<\/p>\n<p><strong>En su momento tanto la Fiscal\u00eda General del Estado de Puebla, como la Fiscal\u00eda General de la Rep\u00fablica (FGR) delegaci\u00f3n Puebla, descartaron que su personal hubiera efectuado esa intervenci\u00f3n.<\/strong><\/p>\n<p>Sin embargo ayer se supo ya de manera oficial que personal de la Fiscal\u00eda General del Estado de M\u00e9xico en apoyo con elementos polic\u00edacos del Estado de Puebla por indicaciones del gobernador, se realiz\u00f3 de manera limpia la aprehensi\u00f3n de dos presuntos y peligrosos asaltantes. El mensaje que poste\u00f3 la dependencia vecina, dice textual: \u201cElementos #PDI de #FiscaliaEdomex cumplimentaron una orden de aprehensi\u00f3n por robo con violencia en contra de Oswaldo Enrique \u00abN\u00bb y Gildardo Antonio \u00abN\u00bb, detenidos en un restaurante de la Col. La Paz en #Puebla. Ambos fueron ingresados al Centro Penitenciario de Ecatepec\u201d.<\/p>\n<p>Se sabe que estas personas asaltaban con lujo de violencia a transe\u00fantes, cuentahabientes y diversos negocios tanto en M\u00e9xico como estados circunvecinos, por eso personal de inteligencia en Puebla logr\u00f3 ubicarlos y se ejecut\u00f3 su detenci\u00f3n sin ning\u00fan disparo.<\/p>\n<p>Publicaci\u00f3n Original: <a href=\"https:\/\/www.elsoldepuebla.com.mx\/policiaca\/ingresan-a-detenidos-en-restaurante-de-la-paz-en-centro-penitenciario-de-ecatepec-puebla-siciliano-avenida-teziutlan-sur-oswaldo-enrique-gildardo-antonio-5660164.html\" target=\"_blank\" rel=\"noopener noreferrer\">https:\/\/www.elsoldepuebla.com.mx\/policiaca\/ingresan-a-detenidos-en-restaurante-de-la-paz-en-centro-penitenciario-de-ecatepec-puebla-siciliano-avenida-teziutlan-sur-oswaldo-enrique-gildardo-antonio-5660164.html<\/a><\/p>\n","protected":false},"excerpt":{"rendered":"<p>Se trat\u00f3 de una orden de aprehensi\u00f3n contra dos personas por robo con violencia; la incursi\u00f3n de hombres armados que caus\u00f3 asombro dentro del restaurante Siciliano ubicado en la colonia de La Paz, el jueves pasado. Los hechos quedaron grabados en la cinta de las c\u00e1maras de video vigilancia privada del negocio de comida italiana ubicado en la Avenida Teziutl\u00e1n Sur, donde se observa que llegan dos hombres de complexi\u00f3n robusta acompa\u00f1ados de una mujer. Mientras uno de los varones se pasa al sanitario, el otro hombre y la mujer se sientan en una de las mesas y de inmediato llega un mesero para dejarles la carta, pero justo en esos momentos llegan varios sujetos con armas de alto poder, chalecos anti balas, algunos con cubrebocas, otros con pasamonta\u00f1as y unos incluso sin nada en el rostro. Sin m\u00e1s se llevan detenido al var\u00f3n que ya se hab\u00eda sentado, ante el asombro de la mujer a la que no le hacen nada. Elementos #PDI de #FiscaliaEdomex cumplimentaron una orden de aprehensi\u00f3n por robo con violencia en contra de Oswaldo Enrique \u00abN\u00bb y Gildardo Antonio \u00abN\u00bb, detenidos en un restaurante de la Col. La Paz en #Puebla.Ambos fueron ingresados al Centro Penitenciario de Ecatepec. pic.twitter.com\/WMbjt6jNBb \u2014 Fiscal\u00eda Edom\u00e9x (@FiscaliaEdomex) August 22, 2020 En otro \u00e1ngulo de las c\u00e1maras, se observa cuando es sacado el segundo hombre y tambi\u00e9n se lo llevan en los veh\u00edculos que llegan las personas que en ning\u00fan momento se identifican. En su momento tanto la Fiscal\u00eda General del Estado de Puebla, como la Fiscal\u00eda General de la Rep\u00fablica (FGR) delegaci\u00f3n Puebla, descartaron que su personal hubiera efectuado esa intervenci\u00f3n. Sin embargo ayer se supo ya de manera oficial que personal de la Fiscal\u00eda General del Estado de M\u00e9xico en apoyo con elementos polic\u00edacos del Estado de Puebla por indicaciones del gobernador, se realiz\u00f3 de manera limpia la aprehensi\u00f3n de dos presuntos y peligrosos asaltantes. El mensaje que poste\u00f3 la dependencia vecina, dice textual: \u201cElementos #PDI de #FiscaliaEdomex cumplimentaron una orden de aprehensi\u00f3n por robo con violencia en contra de Oswaldo Enrique \u00abN\u00bb y Gildardo Antonio \u00abN\u00bb, detenidos en un restaurante de la Col. La Paz en #Puebla. Ambos fueron ingresados al Centro Penitenciario de Ecatepec\u201d. Se sabe que estas personas asaltaban con lujo de violencia a transe\u00fantes, cuentahabientes y diversos negocios tanto en M\u00e9xico como estados circunvecinos, por eso personal de inteligencia en Puebla logr\u00f3 ubicarlos y se ejecut\u00f3 su detenci\u00f3n sin ning\u00fan disparo. Publicaci\u00f3n Original: https:\/\/www.elsoldepuebla.com.mx\/policiaca\/ingresan-a-detenidos-en-restaurante-de-la-paz-en-centro-penitenciario-de-ecatepec-puebla-siciliano-avenida-teziutlan-sur-oswaldo-enrique-gildardo-antonio-5660164.html<\/p>\n","protected":false},"author":1,"featured_media":17362,"comment_status":"closed","ping_status":"closed","sticky":false,"template":"","format":"standard","meta":{"_monsterinsights_skip_tracking":false,"_uf_show_specific_survey":0,"_uf_disable_surveys":false,"footnotes":""},"categories":[34],"tags":[],"class_list":["post-17358","post","type-post","status-publish","format-standard","has-post-thumbnail","hentry","category-puebla"],"yoast_head":"<!-- This site is optimized with the Yoast SEO plugin v27.5 - https:\/\/yoast.com\/product\/yoast-seo-wordpress\/ -->\n<title>Ingresan a detenidos en restaurante de La Paz en Centro Penitenciario de Ecatepec - Fer Abrajan<\/title>\n<meta name=\"robots\" content=\"index, follow, max-snippet:-1, max-image-preview:large, max-video-preview:-1\" \/>\n<link rel=\"canonical\" href=\"https:\/\/ferabrajan.com\/portal\/2020\/08\/22\/ingresan-a-detenidos-en-restaurante-de-la-paz-en-centro-penitenciario-de-ecatepec\/\" \/>\n<meta property=\"og:locale\" content=\"es_ES\" \/>\n<meta property=\"og:type\" content=\"article\" \/>\n<meta property=\"og:title\" content=\"Ingresan a detenidos en restaurante de La Paz en Centro Penitenciario de Ecatepec - Fer Abrajan\" \/>\n<meta property=\"og:description\" content=\"Se trat\u00f3 de una orden de aprehensi\u00f3n contra dos personas por robo con violencia; la incursi\u00f3n de hombres armados que caus\u00f3 asombro dentro del restaurante Siciliano ubicado en la colonia de La Paz, el jueves pasado. Los hechos quedaron grabados en la cinta de las c\u00e1maras de video vigilancia privada del negocio de comida italiana ubicado en la Avenida Teziutl\u00e1n Sur, donde se observa que llegan dos hombres de complexi\u00f3n robusta acompa\u00f1ados de una mujer. Mientras uno de los varones se pasa al sanitario, el otro hombre y la mujer se sientan en una de las mesas y de inmediato llega un mesero para dejarles la carta, pero justo en esos momentos llegan varios sujetos con armas de alto poder, chalecos anti balas, algunos con cubrebocas, otros con pasamonta\u00f1as y unos incluso sin nada en el rostro. Sin m\u00e1s se llevan detenido al var\u00f3n que ya se hab\u00eda sentado, ante el asombro de la mujer a la que no le hacen nada. Elementos #PDI de #FiscaliaEdomex cumplimentaron una orden de aprehensi\u00f3n por robo con violencia en contra de Oswaldo Enrique \u00abN\u00bb y Gildardo Antonio \u00abN\u00bb, detenidos en un restaurante de la Col. La Paz en #Puebla.Ambos fueron ingresados al Centro Penitenciario de Ecatepec. pic.twitter.com\/WMbjt6jNBb \u2014 Fiscal\u00eda Edom\u00e9x (@FiscaliaEdomex) August 22, 2020 En otro \u00e1ngulo de las c\u00e1maras, se observa cuando es sacado el segundo hombre y tambi\u00e9n se lo llevan en los veh\u00edculos que llegan las personas que en ning\u00fan momento se identifican. En su momento tanto la Fiscal\u00eda General del Estado de Puebla, como la Fiscal\u00eda General de la Rep\u00fablica (FGR) delegaci\u00f3n Puebla, descartaron que su personal hubiera efectuado esa intervenci\u00f3n. Sin embargo ayer se supo ya de manera oficial que personal de la Fiscal\u00eda General del Estado de M\u00e9xico en apoyo con elementos polic\u00edacos del Estado de Puebla por indicaciones del gobernador, se realiz\u00f3 de manera limpia la aprehensi\u00f3n de dos presuntos y peligrosos asaltantes. El mensaje que poste\u00f3 la dependencia vecina, dice textual: \u201cElementos #PDI de #FiscaliaEdomex cumplimentaron una orden de aprehensi\u00f3n por robo con violencia en contra de Oswaldo Enrique \u00abN\u00bb y Gildardo Antonio \u00abN\u00bb, detenidos en un restaurante de la Col. La Paz en #Puebla. Ambos fueron ingresados al Centro Penitenciario de Ecatepec\u201d. Se sabe que estas personas asaltaban con lujo de violencia a transe\u00fantes, cuentahabientes y diversos negocios tanto en M\u00e9xico como estados circunvecinos, por eso personal de inteligencia en Puebla logr\u00f3 ubicarlos y se ejecut\u00f3 su detenci\u00f3n sin ning\u00fan disparo. Publicaci\u00f3n Original: https:\/\/www.elsoldepuebla.com.mx\/policiaca\/ingresan-a-detenidos-en-restaurante-de-la-paz-en-centro-penitenciario-de-ecatepec-puebla-siciliano-avenida-teziutlan-sur-oswaldo-enrique-gildardo-antonio-5660164.html\" \/>\n<meta property=\"og:url\" content=\"https:\/\/ferabrajan.com\/portal\/2020\/08\/22\/ingresan-a-detenidos-en-restaurante-de-la-paz-en-centro-penitenciario-de-ecatepec\/\" \/>\n<meta property=\"og:site_name\" content=\"Fer Abrajan\" \/>\n<meta property=\"article:publisher\" content=\"https:\/\/www.facebook.com\/NoticiasconFerAbrajan\/\" \/>\n<meta property=\"article:published_time\" content=\"2020-08-22T23:25:52+00:00\" \/>\n<meta name=\"author\" content=\"admin\" \/>\n<meta name=\"twitter:card\" content=\"summary_large_image\" \/>\n<meta name=\"twitter:creator\" content=\"@ferabrajan1\" \/>\n<meta name=\"twitter:site\" content=\"@ferabrajan1\" \/>\n<meta name=\"twitter:label1\" content=\"Escrito por\" \/>\n\t<meta name=\"twitter:data1\" content=\"admin\" \/>\n\t<meta name=\"twitter:label2\" content=\"Tiempo de lectura\" \/>\n\t<meta name=\"twitter:data2\" content=\"2 minutos\" \/>\n<script type=\"application\/ld+json\" class=\"yoast-schema-graph\">{\"@context\":\"https:\\\/\\\/schema.org\",\"@graph\":[{\"@type\":\"Article\",\"@id\":\"https:\\\/\\\/ferabrajan.com\\\/portal\\\/2020\\\/08\\\/22\\\/ingresan-a-detenidos-en-restaurante-de-la-paz-en-centro-penitenciario-de-ecatepec\\\/#article\",\"isPartOf\":{\"@id\":\"https:\\\/\\\/ferabrajan.com\\\/portal\\\/2020\\\/08\\\/22\\\/ingresan-a-detenidos-en-restaurante-de-la-paz-en-centro-penitenciario-de-ecatepec\\\/\"},\"author\":{\"name\":\"admin\",\"@id\":\"https:\\\/\\\/ferabrajan.com\\\/portal\\\/#\\\/schema\\\/person\\\/f6113b3cb1e036d5c6a9505685b257ba\"},\"headline\":\"Ingresan a detenidos en restaurante de La Paz en Centro Penitenciario de Ecatepec\",\"datePublished\":\"2020-08-22T23:25:52+00:00\",\"mainEntityOfPage\":{\"@id\":\"https:\\\/\\\/ferabrajan.com\\\/portal\\\/2020\\\/08\\\/22\\\/ingresan-a-detenidos-en-restaurante-de-la-paz-en-centro-penitenciario-de-ecatepec\\\/\"},\"wordCount\":464,\"publisher\":{\"@id\":\"https:\\\/\\\/ferabrajan.com\\\/portal\\\/#organization\"},\"image\":{\"@id\":\"https:\\\/\\\/ferabrajan.com\\\/portal\\\/2020\\\/08\\\/22\\\/ingresan-a-detenidos-en-restaurante-de-la-paz-en-centro-penitenciario-de-ecatepec\\\/#primaryimage\"},\"thumbnailUrl\":\"\",\"articleSection\":[\"Puebla\"],\"inLanguage\":\"es\"},{\"@type\":\"WebPage\",\"@id\":\"https:\\\/\\\/ferabrajan.com\\\/portal\\\/2020\\\/08\\\/22\\\/ingresan-a-detenidos-en-restaurante-de-la-paz-en-centro-penitenciario-de-ecatepec\\\/\",\"url\":\"https:\\\/\\\/ferabrajan.com\\\/portal\\\/2020\\\/08\\\/22\\\/ingresan-a-detenidos-en-restaurante-de-la-paz-en-centro-penitenciario-de-ecatepec\\\/\",\"name\":\"Ingresan a detenidos en restaurante de La Paz en Centro Penitenciario de Ecatepec - Fer Abrajan\",\"isPartOf\":{\"@id\":\"https:\\\/\\\/ferabrajan.com\\\/portal\\\/#website\"},\"primaryImageOfPage\":{\"@id\":\"https:\\\/\\\/ferabrajan.com\\\/portal\\\/2020\\\/08\\\/22\\\/ingresan-a-detenidos-en-restaurante-de-la-paz-en-centro-penitenciario-de-ecatepec\\\/#primaryimage\"},\"image\":{\"@id\":\"https:\\\/\\\/ferabrajan.com\\\/portal\\\/2020\\\/08\\\/22\\\/ingresan-a-detenidos-en-restaurante-de-la-paz-en-centro-penitenciario-de-ecatepec\\\/#primaryimage\"},\"thumbnailUrl\":\"\",\"datePublished\":\"2020-08-22T23:25:52+00:00\",\"breadcrumb\":{\"@id\":\"https:\\\/\\\/ferabrajan.com\\\/portal\\\/2020\\\/08\\\/22\\\/ingresan-a-detenidos-en-restaurante-de-la-paz-en-centro-penitenciario-de-ecatepec\\\/#breadcrumb\"},\"inLanguage\":\"es\",\"potentialAction\":[{\"@type\":\"ReadAction\",\"target\":[\"https:\\\/\\\/ferabrajan.com\\\/portal\\\/2020\\\/08\\\/22\\\/ingresan-a-detenidos-en-restaurante-de-la-paz-en-centro-penitenciario-de-ecatepec\\\/\"]}]},{\"@type\":\"ImageObject\",\"inLanguage\":\"es\",\"@id\":\"https:\\\/\\\/ferabrajan.com\\\/portal\\\/2020\\\/08\\\/22\\\/ingresan-a-detenidos-en-restaurante-de-la-paz-en-centro-penitenciario-de-ecatepec\\\/#primaryimage\",\"url\":\"\",\"contentUrl\":\"\"},{\"@type\":\"BreadcrumbList\",\"@id\":\"https:\\\/\\\/ferabrajan.com\\\/portal\\\/2020\\\/08\\\/22\\\/ingresan-a-detenidos-en-restaurante-de-la-paz-en-centro-penitenciario-de-ecatepec\\\/#breadcrumb\",\"itemListElement\":[{\"@type\":\"ListItem\",\"position\":1,\"name\":\"Portada\",\"item\":\"https:\\\/\\\/ferabrajan.com\\\/portal\\\/\"},{\"@type\":\"ListItem\",\"position\":2,\"name\":\"Ingresan a detenidos en restaurante de La Paz en Centro Penitenciario de Ecatepec\"}]},{\"@type\":\"WebSite\",\"@id\":\"https:\\\/\\\/ferabrajan.com\\\/portal\\\/#website\",\"url\":\"https:\\\/\\\/ferabrajan.com\\\/portal\\\/\",\"name\":\"Fer Abrajan\",\"description\":\"Noticias de Puebla, opini\u00f3n y radio en vivo\",\"publisher\":{\"@id\":\"https:\\\/\\\/ferabrajan.com\\\/portal\\\/#organization\"},\"potentialAction\":[{\"@type\":\"SearchAction\",\"target\":{\"@type\":\"EntryPoint\",\"urlTemplate\":\"https:\\\/\\\/ferabrajan.com\\\/portal\\\/?s={search_term_string}\"},\"query-input\":{\"@type\":\"PropertyValueSpecification\",\"valueRequired\":true,\"valueName\":\"search_term_string\"}}],\"inLanguage\":\"es\"},{\"@type\":\"Organization\",\"@id\":\"https:\\\/\\\/ferabrajan.com\\\/portal\\\/#organization\",\"name\":\"Fer Abrajan\",\"url\":\"https:\\\/\\\/ferabrajan.com\\\/portal\\\/\",\"logo\":{\"@type\":\"ImageObject\",\"inLanguage\":\"es\",\"@id\":\"https:\\\/\\\/ferabrajan.com\\\/portal\\\/#\\\/schema\\\/logo\\\/image\\\/\",\"url\":\"https:\\\/\\\/ferabrajan.com\\\/portal\\\/wp-content\\\/uploads\\\/2024\\\/10\\\/cropped-logo.jpeg\",\"contentUrl\":\"https:\\\/\\\/ferabrajan.com\\\/portal\\\/wp-content\\\/uploads\\\/2024\\\/10\\\/cropped-logo.jpeg\",\"width\":500,\"height\":250,\"caption\":\"Fer Abrajan\"},\"image\":{\"@id\":\"https:\\\/\\\/ferabrajan.com\\\/portal\\\/#\\\/schema\\\/logo\\\/image\\\/\"},\"sameAs\":[\"https:\\\/\\\/www.facebook.com\\\/NoticiasconFerAbrajan\\\/\",\"https:\\\/\\\/x.com\\\/ferabrajan1\"]},{\"@type\":\"Person\",\"@id\":\"https:\\\/\\\/ferabrajan.com\\\/portal\\\/#\\\/schema\\\/person\\\/f6113b3cb1e036d5c6a9505685b257ba\",\"name\":\"admin\",\"image\":{\"@type\":\"ImageObject\",\"inLanguage\":\"es\",\"@id\":\"https:\\\/\\\/secure.gravatar.com\\\/avatar\\\/072baa72775aad53c748dfc5d3048578e01b6c087eef335459ebfa04344e2d18?s=96&d=mm&r=g\",\"url\":\"https:\\\/\\\/secure.gravatar.com\\\/avatar\\\/072baa72775aad53c748dfc5d3048578e01b6c087eef335459ebfa04344e2d18?s=96&d=mm&r=g\",\"contentUrl\":\"https:\\\/\\\/secure.gravatar.com\\\/avatar\\\/072baa72775aad53c748dfc5d3048578e01b6c087eef335459ebfa04344e2d18?s=96&d=mm&r=g\",\"caption\":\"admin\"},\"sameAs\":[\"https:\\\/\\\/ferabrajan.com\\\/portal\"],\"url\":\"https:\\\/\\\/ferabrajan.com\\\/portal\\\/author\\\/admin\\\/\"}]}<\/script>\n<!-- \/ Yoast SEO plugin. -->","yoast_head_json":{"title":"Ingresan a detenidos en restaurante de La Paz en Centro Penitenciario de Ecatepec - Fer Abrajan","robots":{"index":"index","follow":"follow","max-snippet":"max-snippet:-1","max-image-preview":"max-image-preview:large","max-video-preview":"max-video-preview:-1"},"canonical":"https:\/\/ferabrajan.com\/portal\/2020\/08\/22\/ingresan-a-detenidos-en-restaurante-de-la-paz-en-centro-penitenciario-de-ecatepec\/","og_locale":"es_ES","og_type":"article","og_title":"Ingresan a detenidos en restaurante de La Paz en Centro Penitenciario de Ecatepec - Fer Abrajan","og_description":"Se trat\u00f3 de una orden de aprehensi\u00f3n contra dos personas por robo con violencia; la incursi\u00f3n de hombres armados que caus\u00f3 asombro dentro del restaurante Siciliano ubicado en la colonia de La Paz, el jueves pasado. Los hechos quedaron grabados en la cinta de las c\u00e1maras de video vigilancia privada del negocio de comida italiana ubicado en la Avenida Teziutl\u00e1n Sur, donde se observa que llegan dos hombres de complexi\u00f3n robusta acompa\u00f1ados de una mujer. Mientras uno de los varones se pasa al sanitario, el otro hombre y la mujer se sientan en una de las mesas y de inmediato llega un mesero para dejarles la carta, pero justo en esos momentos llegan varios sujetos con armas de alto poder, chalecos anti balas, algunos con cubrebocas, otros con pasamonta\u00f1as y unos incluso sin nada en el rostro. Sin m\u00e1s se llevan detenido al var\u00f3n que ya se hab\u00eda sentado, ante el asombro de la mujer a la que no le hacen nada. Elementos #PDI de #FiscaliaEdomex cumplimentaron una orden de aprehensi\u00f3n por robo con violencia en contra de Oswaldo Enrique \u00abN\u00bb y Gildardo Antonio \u00abN\u00bb, detenidos en un restaurante de la Col. La Paz en #Puebla.Ambos fueron ingresados al Centro Penitenciario de Ecatepec. pic.twitter.com\/WMbjt6jNBb \u2014 Fiscal\u00eda Edom\u00e9x (@FiscaliaEdomex) August 22, 2020 En otro \u00e1ngulo de las c\u00e1maras, se observa cuando es sacado el segundo hombre y tambi\u00e9n se lo llevan en los veh\u00edculos que llegan las personas que en ning\u00fan momento se identifican. En su momento tanto la Fiscal\u00eda General del Estado de Puebla, como la Fiscal\u00eda General de la Rep\u00fablica (FGR) delegaci\u00f3n Puebla, descartaron que su personal hubiera efectuado esa intervenci\u00f3n. Sin embargo ayer se supo ya de manera oficial que personal de la Fiscal\u00eda General del Estado de M\u00e9xico en apoyo con elementos polic\u00edacos del Estado de Puebla por indicaciones del gobernador, se realiz\u00f3 de manera limpia la aprehensi\u00f3n de dos presuntos y peligrosos asaltantes. El mensaje que poste\u00f3 la dependencia vecina, dice textual: \u201cElementos #PDI de #FiscaliaEdomex cumplimentaron una orden de aprehensi\u00f3n por robo con violencia en contra de Oswaldo Enrique \u00abN\u00bb y Gildardo Antonio \u00abN\u00bb, detenidos en un restaurante de la Col. La Paz en #Puebla. Ambos fueron ingresados al Centro Penitenciario de Ecatepec\u201d. Se sabe que estas personas asaltaban con lujo de violencia a transe\u00fantes, cuentahabientes y diversos negocios tanto en M\u00e9xico como estados circunvecinos, por eso personal de inteligencia en Puebla logr\u00f3 ubicarlos y se ejecut\u00f3 su detenci\u00f3n sin ning\u00fan disparo. Publicaci\u00f3n Original: https:\/\/www.elsoldepuebla.com.mx\/policiaca\/ingresan-a-detenidos-en-restaurante-de-la-paz-en-centro-penitenciario-de-ecatepec-puebla-siciliano-avenida-teziutlan-sur-oswaldo-enrique-gildardo-antonio-5660164.html","og_url":"https:\/\/ferabrajan.com\/portal\/2020\/08\/22\/ingresan-a-detenidos-en-restaurante-de-la-paz-en-centro-penitenciario-de-ecatepec\/","og_site_name":"Fer Abrajan","article_publisher":"https:\/\/www.facebook.com\/NoticiasconFerAbrajan\/","article_published_time":"2020-08-22T23:25:52+00:00","author":"admin","twitter_card":"summary_large_image","twitter_creator":"@ferabrajan1","twitter_site":"@ferabrajan1","twitter_misc":{"Escrito por":"admin","Tiempo de lectura":"2 minutos"},"schema":{"@context":"https:\/\/schema.org","@graph":[{"@type":"Article","@id":"https:\/\/ferabrajan.com\/portal\/2020\/08\/22\/ingresan-a-detenidos-en-restaurante-de-la-paz-en-centro-penitenciario-de-ecatepec\/#article","isPartOf":{"@id":"https:\/\/ferabrajan.com\/portal\/2020\/08\/22\/ingresan-a-detenidos-en-restaurante-de-la-paz-en-centro-penitenciario-de-ecatepec\/"},"author":{"name":"admin","@id":"https:\/\/ferabrajan.com\/portal\/#\/schema\/person\/f6113b3cb1e036d5c6a9505685b257ba"},"headline":"Ingresan a detenidos en restaurante de La Paz en Centro Penitenciario de Ecatepec","datePublished":"2020-08-22T23:25:52+00:00","mainEntityOfPage":{"@id":"https:\/\/ferabrajan.com\/portal\/2020\/08\/22\/ingresan-a-detenidos-en-restaurante-de-la-paz-en-centro-penitenciario-de-ecatepec\/"},"wordCount":464,"publisher":{"@id":"https:\/\/ferabrajan.com\/portal\/#organization"},"image":{"@id":"https:\/\/ferabrajan.com\/portal\/2020\/08\/22\/ingresan-a-detenidos-en-restaurante-de-la-paz-en-centro-penitenciario-de-ecatepec\/#primaryimage"},"thumbnailUrl":"","articleSection":["Puebla"],"inLanguage":"es"},{"@type":"WebPage","@id":"https:\/\/ferabrajan.com\/portal\/2020\/08\/22\/ingresan-a-detenidos-en-restaurante-de-la-paz-en-centro-penitenciario-de-ecatepec\/","url":"https:\/\/ferabrajan.com\/portal\/2020\/08\/22\/ingresan-a-detenidos-en-restaurante-de-la-paz-en-centro-penitenciario-de-ecatepec\/","name":"Ingresan a detenidos en restaurante de La Paz en Centro Penitenciario de Ecatepec - Fer Abrajan","isPartOf":{"@id":"https:\/\/ferabrajan.com\/portal\/#website"},"primaryImageOfPage":{"@id":"https:\/\/ferabrajan.com\/portal\/2020\/08\/22\/ingresan-a-detenidos-en-restaurante-de-la-paz-en-centro-penitenciario-de-ecatepec\/#primaryimage"},"image":{"@id":"https:\/\/ferabrajan.com\/portal\/2020\/08\/22\/ingresan-a-detenidos-en-restaurante-de-la-paz-en-centro-penitenciario-de-ecatepec\/#primaryimage"},"thumbnailUrl":"","datePublished":"2020-08-22T23:25:52+00:00","breadcrumb":{"@id":"https:\/\/ferabrajan.com\/portal\/2020\/08\/22\/ingresan-a-detenidos-en-restaurante-de-la-paz-en-centro-penitenciario-de-ecatepec\/#breadcrumb"},"inLanguage":"es","potentialAction":[{"@type":"ReadAction","target":["https:\/\/ferabrajan.com\/portal\/2020\/08\/22\/ingresan-a-detenidos-en-restaurante-de-la-paz-en-centro-penitenciario-de-ecatepec\/"]}]},{"@type":"ImageObject","inLanguage":"es","@id":"https:\/\/ferabrajan.com\/portal\/2020\/08\/22\/ingresan-a-detenidos-en-restaurante-de-la-paz-en-centro-penitenciario-de-ecatepec\/#primaryimage","url":"","contentUrl":""},{"@type":"BreadcrumbList","@id":"https:\/\/ferabrajan.com\/portal\/2020\/08\/22\/ingresan-a-detenidos-en-restaurante-de-la-paz-en-centro-penitenciario-de-ecatepec\/#breadcrumb","itemListElement":[{"@type":"ListItem","position":1,"name":"Portada","item":"https:\/\/ferabrajan.com\/portal\/"},{"@type":"ListItem","position":2,"name":"Ingresan a detenidos en restaurante de La Paz en Centro Penitenciario de Ecatepec"}]},{"@type":"WebSite","@id":"https:\/\/ferabrajan.com\/portal\/#website","url":"https:\/\/ferabrajan.com\/portal\/","name":"Fer Abrajan","description":"Noticias de Puebla, opini\u00f3n y radio en vivo","publisher":{"@id":"https:\/\/ferabrajan.com\/portal\/#organization"},"potentialAction":[{"@type":"SearchAction","target":{"@type":"EntryPoint","urlTemplate":"https:\/\/ferabrajan.com\/portal\/?s={search_term_string}"},"query-input":{"@type":"PropertyValueSpecification","valueRequired":true,"valueName":"search_term_string"}}],"inLanguage":"es"},{"@type":"Organization","@id":"https:\/\/ferabrajan.com\/portal\/#organization","name":"Fer Abrajan","url":"https:\/\/ferabrajan.com\/portal\/","logo":{"@type":"ImageObject","inLanguage":"es","@id":"https:\/\/ferabrajan.com\/portal\/#\/schema\/logo\/image\/","url":"https:\/\/ferabrajan.com\/portal\/wp-content\/uploads\/2024\/10\/cropped-logo.jpeg","contentUrl":"https:\/\/ferabrajan.com\/portal\/wp-content\/uploads\/2024\/10\/cropped-logo.jpeg","width":500,"height":250,"caption":"Fer Abrajan"},"image":{"@id":"https:\/\/ferabrajan.com\/portal\/#\/schema\/logo\/image\/"},"sameAs":["https:\/\/www.facebook.com\/NoticiasconFerAbrajan\/","https:\/\/x.com\/ferabrajan1"]},{"@type":"Person","@id":"https:\/\/ferabrajan.com\/portal\/#\/schema\/person\/f6113b3cb1e036d5c6a9505685b257ba","name":"admin","image":{"@type":"ImageObject","inLanguage":"es","@id":"https:\/\/secure.gravatar.com\/avatar\/072baa72775aad53c748dfc5d3048578e01b6c087eef335459ebfa04344e2d18?s=96&d=mm&r=g","url":"https:\/\/secure.gravatar.com\/avatar\/072baa72775aad53c748dfc5d3048578e01b6c087eef335459ebfa04344e2d18?s=96&d=mm&r=g","contentUrl":"https:\/\/secure.gravatar.com\/avatar\/072baa72775aad53c748dfc5d3048578e01b6c087eef335459ebfa04344e2d18?s=96&d=mm&r=g","caption":"admin"},"sameAs":["https:\/\/ferabrajan.com\/portal"],"url":"https:\/\/ferabrajan.com\/portal\/author\/admin\/"}]}},"_links":{"self":[{"href":"https:\/\/ferabrajan.com\/portal\/wp-json\/wp\/v2\/posts\/17358","targetHints":{"allow":["GET"]}}],"collection":[{"href":"https:\/\/ferabrajan.com\/portal\/wp-json\/wp\/v2\/posts"}],"about":[{"href":"https:\/\/ferabrajan.com\/portal\/wp-json\/wp\/v2\/types\/post"}],"author":[{"embeddable":true,"href":"https:\/\/ferabrajan.com\/portal\/wp-json\/wp\/v2\/users\/1"}],"replies":[{"embeddable":true,"href":"https:\/\/ferabrajan.com\/portal\/wp-json\/wp\/v2\/comments?post=17358"}],"version-history":[{"count":0,"href":"https:\/\/ferabrajan.com\/portal\/wp-json\/wp\/v2\/posts\/17358\/revisions"}],"wp:attachment":[{"href":"https:\/\/ferabrajan.com\/portal\/wp-json\/wp\/v2\/media?parent=17358"}],"wp:term":[{"taxonomy":"category","embeddable":true,"href":"https:\/\/ferabrajan.com\/portal\/wp-json\/wp\/v2\/categories?post=17358"},{"taxonomy":"post_tag","embeddable":true,"href":"https:\/\/ferabrajan.com\/portal\/wp-json\/wp\/v2\/tags?post=17358"}],"curies":[{"name":"wp","href":"https:\/\/api.w.org\/{rel}","templated":true}]}}