{"id":17348,"date":"2020-08-23T00:37:40","date_gmt":"2020-08-23T00:37:40","guid":{"rendered":"https:\/\/www.elsoldepuebla.com.mx\/local\/baja-la-calidad-del-aire-en-puebla-durante-el-segundo-fin-de-semana-de-reapertura-covid19-sistema-nacional-de-informacion-de-la-calidad-del-aire-sinaica-universidad-tecnologica-de-puebla-coronango-5660383.html"},"modified":"2020-08-23T00:37:40","modified_gmt":"2020-08-23T00:37:40","slug":"baja-la-calidad-del-aire-en-puebla-durante-el-segundo-fin-de-semana-de-reapertura","status":"publish","type":"post","link":"https:\/\/ferabrajan.com\/portal\/2020\/08\/23\/baja-la-calidad-del-aire-en-puebla-durante-el-segundo-fin-de-semana-de-reapertura\/","title":{"rendered":"Baja la calidad del aire en Puebla durante el segundo fin de semana de reapertura"},"content":{"rendered":"<div><img decoding=\"async\" src=\"https:\/\/www.elsoldepuebla.com.mx\/local\/80jby3-calidad-del-aire-puebla.jpg\/ALTERNATES\/LANDSCAPE_1140\/Calidad%20del%20aire%20Puebla.jpg\" class=\"ff-og-image-inserted\"><\/div>\n<p>En el segundo fin de semana de reapertura, Puebla registr\u00f3 mala calidad del aire despu\u00e9s de permanecer en buenas condiciones durante casi todos los meses que dur\u00f3 el confinamiento provocado por el Covid-19.<\/p>\n<p><strong>Seg\u00fan el Sistema Nacional de Informaci\u00f3n de la Calidad del Aire (Sinaica), este s\u00e1bado 22 de agosto Puebla tuvo un incremento en la cantidad de contaminantes en el aire, dejando al estado en riesgo alto, cuando incluso la Ciudad de M\u00e9xico registr\u00f3 un riesgo moderado.<\/strong><\/p>\n<p>Destaca que la estaci\u00f3n ubicada en la Universidad Tecnol\u00f3gica de Puebla present\u00f3 los peores indicadores en la ciudad, pues las part\u00edculas de polvo menores a 10 micras tuvieron una concentraci\u00f3n de 96 puntos.<\/p>\n<p>IgualmenteIgualmente, las part\u00edculas Pm2.5 pasaron a concentrarse hasta con 38 puntos.<\/p>\n<article class=\"policiaca media col-md-4 inline-story\"> <\/article>\n<p>Fue entre las 13:00 y 14:00 horas de esta tarde que la calidad del aire tuvo la mayor reducci\u00f3n del d\u00eda en dicha estaci\u00f3n hasta el momento, ya que las part\u00edculas Pm2.5 registraron 46 puntos.<\/p>\n<p><strong>Aunque los indicadores son mayores en la estaci\u00f3n de monitoreo Vel\u00f3dromo ubicada en Coronango, pues registr\u00f3 casi la totalidad de los par\u00e1metros para el monitoreo atmosf\u00e9rico estatal, exceptuando el di\u00f3xido de carbono (CO2) y el \u00e1cido sulfh\u00eddrico (H2S).<\/strong><\/p>\n<p>Reslata que en todas las estaciones de monitoreo para la calidad del aire se registr\u00f3 mon\u00f3xido de carbono (CO), di\u00f3xido de nitr\u00f3geno (NO2), ozono (O3), di\u00f3xido de azufre (SO2), part\u00edculas menores a 10 micras (PM10), y part\u00edculas menores a 2.5 micras (PM2.5).<\/p>\n<p>Cabe destacar que Villahermosa fue el \u00fanico estado de la Rep\u00fablica que present\u00f3 la peor calidad de aire posible con un riesgo muy alto.<\/p>\n<p>Publicaci\u00f3n Original: <a href=\"https:\/\/www.elsoldepuebla.com.mx\/local\/baja-la-calidad-del-aire-en-puebla-durante-el-segundo-fin-de-semana-de-reapertura-covid19-sistema-nacional-de-informacion-de-la-calidad-del-aire-sinaica-universidad-tecnologica-de-puebla-coronango-5660383.html\" target=\"_blank\" rel=\"noopener noreferrer\">https:\/\/www.elsoldepuebla.com.mx\/local\/baja-la-calidad-del-aire-en-puebla-durante-el-segundo-fin-de-semana-de-reapertura-covid19-sistema-nacional-de-informacion-de-la-calidad-del-aire-sinaica-universidad-tecnologica-de-puebla-coronango-5660383.html<\/a><\/p>\n","protected":false},"excerpt":{"rendered":"<p>En el segundo fin de semana de reapertura, Puebla registr\u00f3 mala calidad del aire despu\u00e9s de permanecer en buenas condiciones durante casi todos los meses que dur\u00f3 el confinamiento provocado por el Covid-19. Seg\u00fan el Sistema Nacional de Informaci\u00f3n de la Calidad del Aire (Sinaica), este s\u00e1bado 22 de agosto Puebla tuvo un incremento en la cantidad de contaminantes en el aire, dejando al estado en riesgo alto, cuando incluso la Ciudad de M\u00e9xico registr\u00f3 un riesgo moderado. Destaca que la estaci\u00f3n ubicada en la Universidad Tecnol\u00f3gica de Puebla present\u00f3 los peores indicadores en la ciudad, pues las part\u00edculas de polvo menores a 10 micras tuvieron una concentraci\u00f3n de 96 puntos. IgualmenteIgualmente, las part\u00edculas Pm2.5 pasaron a concentrarse hasta con 38 puntos. Fue entre las 13:00 y 14:00 horas de esta tarde que la calidad del aire tuvo la mayor reducci\u00f3n del d\u00eda en dicha estaci\u00f3n hasta el momento, ya que las part\u00edculas Pm2.5 registraron 46 puntos. Aunque los indicadores son mayores en la estaci\u00f3n de monitoreo Vel\u00f3dromo ubicada en Coronango, pues registr\u00f3 casi la totalidad de los par\u00e1metros para el monitoreo atmosf\u00e9rico estatal, exceptuando el di\u00f3xido de carbono (CO2) y el \u00e1cido sulfh\u00eddrico (H2S). Reslata que en todas las estaciones de monitoreo para la calidad del aire se registr\u00f3 mon\u00f3xido de carbono (CO), di\u00f3xido de nitr\u00f3geno (NO2), ozono (O3), di\u00f3xido de azufre (SO2), part\u00edculas menores a 10 micras (PM10), y part\u00edculas menores a 2.5 micras (PM2.5). Cabe destacar que Villahermosa fue el \u00fanico estado de la Rep\u00fablica que present\u00f3 la peor calidad de aire posible con un riesgo muy alto. Publicaci\u00f3n Original: https:\/\/www.elsoldepuebla.com.mx\/local\/baja-la-calidad-del-aire-en-puebla-durante-el-segundo-fin-de-semana-de-reapertura-covid19-sistema-nacional-de-informacion-de-la-calidad-del-aire-sinaica-universidad-tecnologica-de-puebla-coronango-5660383.html<\/p>\n","protected":false},"author":1,"featured_media":17352,"comment_status":"closed","ping_status":"closed","sticky":false,"template":"","format":"standard","meta":{"_monsterinsights_skip_tracking":false,"_uf_show_specific_survey":0,"_uf_disable_surveys":false,"footnotes":""},"categories":[53,34],"tags":[],"class_list":["post-17348","post","type-post","status-publish","format-standard","has-post-thumbnail","hentry","category-local","category-puebla"],"yoast_head":"<!-- This site is optimized with the Yoast SEO plugin v27.5 - https:\/\/yoast.com\/product\/yoast-seo-wordpress\/ -->\n<title>Baja la calidad del aire en Puebla durante el segundo fin de semana de reapertura - Fer Abrajan<\/title>\n<meta name=\"robots\" content=\"index, follow, max-snippet:-1, max-image-preview:large, max-video-preview:-1\" \/>\n<link rel=\"canonical\" href=\"https:\/\/ferabrajan.com\/portal\/2020\/08\/23\/baja-la-calidad-del-aire-en-puebla-durante-el-segundo-fin-de-semana-de-reapertura\/\" \/>\n<meta property=\"og:locale\" content=\"es_ES\" \/>\n<meta property=\"og:type\" content=\"article\" \/>\n<meta property=\"og:title\" content=\"Baja la calidad del aire en Puebla durante el segundo fin de semana de reapertura - Fer Abrajan\" \/>\n<meta property=\"og:description\" content=\"En el segundo fin de semana de reapertura, Puebla registr\u00f3 mala calidad del aire despu\u00e9s de permanecer en buenas condiciones durante casi todos los meses que dur\u00f3 el confinamiento provocado por el Covid-19. Seg\u00fan el Sistema Nacional de Informaci\u00f3n de la Calidad del Aire (Sinaica), este s\u00e1bado 22 de agosto Puebla tuvo un incremento en la cantidad de contaminantes en el aire, dejando al estado en riesgo alto, cuando incluso la Ciudad de M\u00e9xico registr\u00f3 un riesgo moderado. Destaca que la estaci\u00f3n ubicada en la Universidad Tecnol\u00f3gica de Puebla present\u00f3 los peores indicadores en la ciudad, pues las part\u00edculas de polvo menores a 10 micras tuvieron una concentraci\u00f3n de 96 puntos. IgualmenteIgualmente, las part\u00edculas Pm2.5 pasaron a concentrarse hasta con 38 puntos. Fue entre las 13:00 y 14:00 horas de esta tarde que la calidad del aire tuvo la mayor reducci\u00f3n del d\u00eda en dicha estaci\u00f3n hasta el momento, ya que las part\u00edculas Pm2.5 registraron 46 puntos. Aunque los indicadores son mayores en la estaci\u00f3n de monitoreo Vel\u00f3dromo ubicada en Coronango, pues registr\u00f3 casi la totalidad de los par\u00e1metros para el monitoreo atmosf\u00e9rico estatal, exceptuando el di\u00f3xido de carbono (CO2) y el \u00e1cido sulfh\u00eddrico (H2S). Reslata que en todas las estaciones de monitoreo para la calidad del aire se registr\u00f3 mon\u00f3xido de carbono (CO), di\u00f3xido de nitr\u00f3geno (NO2), ozono (O3), di\u00f3xido de azufre (SO2), part\u00edculas menores a 10 micras (PM10), y part\u00edculas menores a 2.5 micras (PM2.5). Cabe destacar que Villahermosa fue el \u00fanico estado de la Rep\u00fablica que present\u00f3 la peor calidad de aire posible con un riesgo muy alto. Publicaci\u00f3n Original: https:\/\/www.elsoldepuebla.com.mx\/local\/baja-la-calidad-del-aire-en-puebla-durante-el-segundo-fin-de-semana-de-reapertura-covid19-sistema-nacional-de-informacion-de-la-calidad-del-aire-sinaica-universidad-tecnologica-de-puebla-coronango-5660383.html\" \/>\n<meta property=\"og:url\" content=\"https:\/\/ferabrajan.com\/portal\/2020\/08\/23\/baja-la-calidad-del-aire-en-puebla-durante-el-segundo-fin-de-semana-de-reapertura\/\" \/>\n<meta property=\"og:site_name\" content=\"Fer Abrajan\" \/>\n<meta property=\"article:publisher\" content=\"https:\/\/www.facebook.com\/NoticiasconFerAbrajan\/\" \/>\n<meta property=\"article:published_time\" content=\"2020-08-23T00:37:40+00:00\" \/>\n<meta name=\"author\" content=\"admin\" \/>\n<meta name=\"twitter:card\" content=\"summary_large_image\" \/>\n<meta name=\"twitter:creator\" content=\"@ferabrajan1\" \/>\n<meta name=\"twitter:site\" content=\"@ferabrajan1\" \/>\n<meta name=\"twitter:label1\" content=\"Escrito por\" \/>\n\t<meta name=\"twitter:data1\" content=\"admin\" \/>\n\t<meta name=\"twitter:label2\" content=\"Tiempo de lectura\" \/>\n\t<meta name=\"twitter:data2\" content=\"1 minuto\" \/>\n<script type=\"application\/ld+json\" class=\"yoast-schema-graph\">{\"@context\":\"https:\\\/\\\/schema.org\",\"@graph\":[{\"@type\":\"Article\",\"@id\":\"https:\\\/\\\/ferabrajan.com\\\/portal\\\/2020\\\/08\\\/23\\\/baja-la-calidad-del-aire-en-puebla-durante-el-segundo-fin-de-semana-de-reapertura\\\/#article\",\"isPartOf\":{\"@id\":\"https:\\\/\\\/ferabrajan.com\\\/portal\\\/2020\\\/08\\\/23\\\/baja-la-calidad-del-aire-en-puebla-durante-el-segundo-fin-de-semana-de-reapertura\\\/\"},\"author\":{\"name\":\"admin\",\"@id\":\"https:\\\/\\\/ferabrajan.com\\\/portal\\\/#\\\/schema\\\/person\\\/f6113b3cb1e036d5c6a9505685b257ba\"},\"headline\":\"Baja la calidad del aire en Puebla durante el segundo fin de semana de reapertura\",\"datePublished\":\"2020-08-23T00:37:40+00:00\",\"mainEntityOfPage\":{\"@id\":\"https:\\\/\\\/ferabrajan.com\\\/portal\\\/2020\\\/08\\\/23\\\/baja-la-calidad-del-aire-en-puebla-durante-el-segundo-fin-de-semana-de-reapertura\\\/\"},\"wordCount\":307,\"publisher\":{\"@id\":\"https:\\\/\\\/ferabrajan.com\\\/portal\\\/#organization\"},\"image\":{\"@id\":\"https:\\\/\\\/ferabrajan.com\\\/portal\\\/2020\\\/08\\\/23\\\/baja-la-calidad-del-aire-en-puebla-durante-el-segundo-fin-de-semana-de-reapertura\\\/#primaryimage\"},\"thumbnailUrl\":\"\",\"articleSection\":[\"Local\",\"Puebla\"],\"inLanguage\":\"es\"},{\"@type\":\"WebPage\",\"@id\":\"https:\\\/\\\/ferabrajan.com\\\/portal\\\/2020\\\/08\\\/23\\\/baja-la-calidad-del-aire-en-puebla-durante-el-segundo-fin-de-semana-de-reapertura\\\/\",\"url\":\"https:\\\/\\\/ferabrajan.com\\\/portal\\\/2020\\\/08\\\/23\\\/baja-la-calidad-del-aire-en-puebla-durante-el-segundo-fin-de-semana-de-reapertura\\\/\",\"name\":\"Baja la calidad del aire en Puebla durante el segundo fin de semana de reapertura - Fer Abrajan\",\"isPartOf\":{\"@id\":\"https:\\\/\\\/ferabrajan.com\\\/portal\\\/#website\"},\"primaryImageOfPage\":{\"@id\":\"https:\\\/\\\/ferabrajan.com\\\/portal\\\/2020\\\/08\\\/23\\\/baja-la-calidad-del-aire-en-puebla-durante-el-segundo-fin-de-semana-de-reapertura\\\/#primaryimage\"},\"image\":{\"@id\":\"https:\\\/\\\/ferabrajan.com\\\/portal\\\/2020\\\/08\\\/23\\\/baja-la-calidad-del-aire-en-puebla-durante-el-segundo-fin-de-semana-de-reapertura\\\/#primaryimage\"},\"thumbnailUrl\":\"\",\"datePublished\":\"2020-08-23T00:37:40+00:00\",\"breadcrumb\":{\"@id\":\"https:\\\/\\\/ferabrajan.com\\\/portal\\\/2020\\\/08\\\/23\\\/baja-la-calidad-del-aire-en-puebla-durante-el-segundo-fin-de-semana-de-reapertura\\\/#breadcrumb\"},\"inLanguage\":\"es\",\"potentialAction\":[{\"@type\":\"ReadAction\",\"target\":[\"https:\\\/\\\/ferabrajan.com\\\/portal\\\/2020\\\/08\\\/23\\\/baja-la-calidad-del-aire-en-puebla-durante-el-segundo-fin-de-semana-de-reapertura\\\/\"]}]},{\"@type\":\"ImageObject\",\"inLanguage\":\"es\",\"@id\":\"https:\\\/\\\/ferabrajan.com\\\/portal\\\/2020\\\/08\\\/23\\\/baja-la-calidad-del-aire-en-puebla-durante-el-segundo-fin-de-semana-de-reapertura\\\/#primaryimage\",\"url\":\"\",\"contentUrl\":\"\"},{\"@type\":\"BreadcrumbList\",\"@id\":\"https:\\\/\\\/ferabrajan.com\\\/portal\\\/2020\\\/08\\\/23\\\/baja-la-calidad-del-aire-en-puebla-durante-el-segundo-fin-de-semana-de-reapertura\\\/#breadcrumb\",\"itemListElement\":[{\"@type\":\"ListItem\",\"position\":1,\"name\":\"Portada\",\"item\":\"https:\\\/\\\/ferabrajan.com\\\/portal\\\/\"},{\"@type\":\"ListItem\",\"position\":2,\"name\":\"Baja la calidad del aire en Puebla durante el segundo fin de semana de reapertura\"}]},{\"@type\":\"WebSite\",\"@id\":\"https:\\\/\\\/ferabrajan.com\\\/portal\\\/#website\",\"url\":\"https:\\\/\\\/ferabrajan.com\\\/portal\\\/\",\"name\":\"Fer Abrajan\",\"description\":\"Noticias de Puebla, opini\u00f3n y radio en vivo\",\"publisher\":{\"@id\":\"https:\\\/\\\/ferabrajan.com\\\/portal\\\/#organization\"},\"potentialAction\":[{\"@type\":\"SearchAction\",\"target\":{\"@type\":\"EntryPoint\",\"urlTemplate\":\"https:\\\/\\\/ferabrajan.com\\\/portal\\\/?s={search_term_string}\"},\"query-input\":{\"@type\":\"PropertyValueSpecification\",\"valueRequired\":true,\"valueName\":\"search_term_string\"}}],\"inLanguage\":\"es\"},{\"@type\":\"Organization\",\"@id\":\"https:\\\/\\\/ferabrajan.com\\\/portal\\\/#organization\",\"name\":\"Fer Abrajan\",\"url\":\"https:\\\/\\\/ferabrajan.com\\\/portal\\\/\",\"logo\":{\"@type\":\"ImageObject\",\"inLanguage\":\"es\",\"@id\":\"https:\\\/\\\/ferabrajan.com\\\/portal\\\/#\\\/schema\\\/logo\\\/image\\\/\",\"url\":\"https:\\\/\\\/ferabrajan.com\\\/portal\\\/wp-content\\\/uploads\\\/2024\\\/10\\\/cropped-logo.jpeg\",\"contentUrl\":\"https:\\\/\\\/ferabrajan.com\\\/portal\\\/wp-content\\\/uploads\\\/2024\\\/10\\\/cropped-logo.jpeg\",\"width\":500,\"height\":250,\"caption\":\"Fer Abrajan\"},\"image\":{\"@id\":\"https:\\\/\\\/ferabrajan.com\\\/portal\\\/#\\\/schema\\\/logo\\\/image\\\/\"},\"sameAs\":[\"https:\\\/\\\/www.facebook.com\\\/NoticiasconFerAbrajan\\\/\",\"https:\\\/\\\/x.com\\\/ferabrajan1\"]},{\"@type\":\"Person\",\"@id\":\"https:\\\/\\\/ferabrajan.com\\\/portal\\\/#\\\/schema\\\/person\\\/f6113b3cb1e036d5c6a9505685b257ba\",\"name\":\"admin\",\"image\":{\"@type\":\"ImageObject\",\"inLanguage\":\"es\",\"@id\":\"https:\\\/\\\/secure.gravatar.com\\\/avatar\\\/072baa72775aad53c748dfc5d3048578e01b6c087eef335459ebfa04344e2d18?s=96&d=mm&r=g\",\"url\":\"https:\\\/\\\/secure.gravatar.com\\\/avatar\\\/072baa72775aad53c748dfc5d3048578e01b6c087eef335459ebfa04344e2d18?s=96&d=mm&r=g\",\"contentUrl\":\"https:\\\/\\\/secure.gravatar.com\\\/avatar\\\/072baa72775aad53c748dfc5d3048578e01b6c087eef335459ebfa04344e2d18?s=96&d=mm&r=g\",\"caption\":\"admin\"},\"sameAs\":[\"https:\\\/\\\/ferabrajan.com\\\/portal\"],\"url\":\"https:\\\/\\\/ferabrajan.com\\\/portal\\\/author\\\/admin\\\/\"}]}<\/script>\n<!-- \/ Yoast SEO plugin. -->","yoast_head_json":{"title":"Baja la calidad del aire en Puebla durante el segundo fin de semana de reapertura - Fer Abrajan","robots":{"index":"index","follow":"follow","max-snippet":"max-snippet:-1","max-image-preview":"max-image-preview:large","max-video-preview":"max-video-preview:-1"},"canonical":"https:\/\/ferabrajan.com\/portal\/2020\/08\/23\/baja-la-calidad-del-aire-en-puebla-durante-el-segundo-fin-de-semana-de-reapertura\/","og_locale":"es_ES","og_type":"article","og_title":"Baja la calidad del aire en Puebla durante el segundo fin de semana de reapertura - Fer Abrajan","og_description":"En el segundo fin de semana de reapertura, Puebla registr\u00f3 mala calidad del aire despu\u00e9s de permanecer en buenas condiciones durante casi todos los meses que dur\u00f3 el confinamiento provocado por el Covid-19. Seg\u00fan el Sistema Nacional de Informaci\u00f3n de la Calidad del Aire (Sinaica), este s\u00e1bado 22 de agosto Puebla tuvo un incremento en la cantidad de contaminantes en el aire, dejando al estado en riesgo alto, cuando incluso la Ciudad de M\u00e9xico registr\u00f3 un riesgo moderado. Destaca que la estaci\u00f3n ubicada en la Universidad Tecnol\u00f3gica de Puebla present\u00f3 los peores indicadores en la ciudad, pues las part\u00edculas de polvo menores a 10 micras tuvieron una concentraci\u00f3n de 96 puntos. IgualmenteIgualmente, las part\u00edculas Pm2.5 pasaron a concentrarse hasta con 38 puntos. Fue entre las 13:00 y 14:00 horas de esta tarde que la calidad del aire tuvo la mayor reducci\u00f3n del d\u00eda en dicha estaci\u00f3n hasta el momento, ya que las part\u00edculas Pm2.5 registraron 46 puntos. Aunque los indicadores son mayores en la estaci\u00f3n de monitoreo Vel\u00f3dromo ubicada en Coronango, pues registr\u00f3 casi la totalidad de los par\u00e1metros para el monitoreo atmosf\u00e9rico estatal, exceptuando el di\u00f3xido de carbono (CO2) y el \u00e1cido sulfh\u00eddrico (H2S). Reslata que en todas las estaciones de monitoreo para la calidad del aire se registr\u00f3 mon\u00f3xido de carbono (CO), di\u00f3xido de nitr\u00f3geno (NO2), ozono (O3), di\u00f3xido de azufre (SO2), part\u00edculas menores a 10 micras (PM10), y part\u00edculas menores a 2.5 micras (PM2.5). Cabe destacar que Villahermosa fue el \u00fanico estado de la Rep\u00fablica que present\u00f3 la peor calidad de aire posible con un riesgo muy alto. Publicaci\u00f3n Original: https:\/\/www.elsoldepuebla.com.mx\/local\/baja-la-calidad-del-aire-en-puebla-durante-el-segundo-fin-de-semana-de-reapertura-covid19-sistema-nacional-de-informacion-de-la-calidad-del-aire-sinaica-universidad-tecnologica-de-puebla-coronango-5660383.html","og_url":"https:\/\/ferabrajan.com\/portal\/2020\/08\/23\/baja-la-calidad-del-aire-en-puebla-durante-el-segundo-fin-de-semana-de-reapertura\/","og_site_name":"Fer Abrajan","article_publisher":"https:\/\/www.facebook.com\/NoticiasconFerAbrajan\/","article_published_time":"2020-08-23T00:37:40+00:00","author":"admin","twitter_card":"summary_large_image","twitter_creator":"@ferabrajan1","twitter_site":"@ferabrajan1","twitter_misc":{"Escrito por":"admin","Tiempo de lectura":"1 minuto"},"schema":{"@context":"https:\/\/schema.org","@graph":[{"@type":"Article","@id":"https:\/\/ferabrajan.com\/portal\/2020\/08\/23\/baja-la-calidad-del-aire-en-puebla-durante-el-segundo-fin-de-semana-de-reapertura\/#article","isPartOf":{"@id":"https:\/\/ferabrajan.com\/portal\/2020\/08\/23\/baja-la-calidad-del-aire-en-puebla-durante-el-segundo-fin-de-semana-de-reapertura\/"},"author":{"name":"admin","@id":"https:\/\/ferabrajan.com\/portal\/#\/schema\/person\/f6113b3cb1e036d5c6a9505685b257ba"},"headline":"Baja la calidad del aire en Puebla durante el segundo fin de semana de reapertura","datePublished":"2020-08-23T00:37:40+00:00","mainEntityOfPage":{"@id":"https:\/\/ferabrajan.com\/portal\/2020\/08\/23\/baja-la-calidad-del-aire-en-puebla-durante-el-segundo-fin-de-semana-de-reapertura\/"},"wordCount":307,"publisher":{"@id":"https:\/\/ferabrajan.com\/portal\/#organization"},"image":{"@id":"https:\/\/ferabrajan.com\/portal\/2020\/08\/23\/baja-la-calidad-del-aire-en-puebla-durante-el-segundo-fin-de-semana-de-reapertura\/#primaryimage"},"thumbnailUrl":"","articleSection":["Local","Puebla"],"inLanguage":"es"},{"@type":"WebPage","@id":"https:\/\/ferabrajan.com\/portal\/2020\/08\/23\/baja-la-calidad-del-aire-en-puebla-durante-el-segundo-fin-de-semana-de-reapertura\/","url":"https:\/\/ferabrajan.com\/portal\/2020\/08\/23\/baja-la-calidad-del-aire-en-puebla-durante-el-segundo-fin-de-semana-de-reapertura\/","name":"Baja la calidad del aire en Puebla durante el segundo fin de semana de reapertura - Fer Abrajan","isPartOf":{"@id":"https:\/\/ferabrajan.com\/portal\/#website"},"primaryImageOfPage":{"@id":"https:\/\/ferabrajan.com\/portal\/2020\/08\/23\/baja-la-calidad-del-aire-en-puebla-durante-el-segundo-fin-de-semana-de-reapertura\/#primaryimage"},"image":{"@id":"https:\/\/ferabrajan.com\/portal\/2020\/08\/23\/baja-la-calidad-del-aire-en-puebla-durante-el-segundo-fin-de-semana-de-reapertura\/#primaryimage"},"thumbnailUrl":"","datePublished":"2020-08-23T00:37:40+00:00","breadcrumb":{"@id":"https:\/\/ferabrajan.com\/portal\/2020\/08\/23\/baja-la-calidad-del-aire-en-puebla-durante-el-segundo-fin-de-semana-de-reapertura\/#breadcrumb"},"inLanguage":"es","potentialAction":[{"@type":"ReadAction","target":["https:\/\/ferabrajan.com\/portal\/2020\/08\/23\/baja-la-calidad-del-aire-en-puebla-durante-el-segundo-fin-de-semana-de-reapertura\/"]}]},{"@type":"ImageObject","inLanguage":"es","@id":"https:\/\/ferabrajan.com\/portal\/2020\/08\/23\/baja-la-calidad-del-aire-en-puebla-durante-el-segundo-fin-de-semana-de-reapertura\/#primaryimage","url":"","contentUrl":""},{"@type":"BreadcrumbList","@id":"https:\/\/ferabrajan.com\/portal\/2020\/08\/23\/baja-la-calidad-del-aire-en-puebla-durante-el-segundo-fin-de-semana-de-reapertura\/#breadcrumb","itemListElement":[{"@type":"ListItem","position":1,"name":"Portada","item":"https:\/\/ferabrajan.com\/portal\/"},{"@type":"ListItem","position":2,"name":"Baja la calidad del aire en Puebla durante el segundo fin de semana de reapertura"}]},{"@type":"WebSite","@id":"https:\/\/ferabrajan.com\/portal\/#website","url":"https:\/\/ferabrajan.com\/portal\/","name":"Fer Abrajan","description":"Noticias de Puebla, opini\u00f3n y radio en vivo","publisher":{"@id":"https:\/\/ferabrajan.com\/portal\/#organization"},"potentialAction":[{"@type":"SearchAction","target":{"@type":"EntryPoint","urlTemplate":"https:\/\/ferabrajan.com\/portal\/?s={search_term_string}"},"query-input":{"@type":"PropertyValueSpecification","valueRequired":true,"valueName":"search_term_string"}}],"inLanguage":"es"},{"@type":"Organization","@id":"https:\/\/ferabrajan.com\/portal\/#organization","name":"Fer Abrajan","url":"https:\/\/ferabrajan.com\/portal\/","logo":{"@type":"ImageObject","inLanguage":"es","@id":"https:\/\/ferabrajan.com\/portal\/#\/schema\/logo\/image\/","url":"https:\/\/ferabrajan.com\/portal\/wp-content\/uploads\/2024\/10\/cropped-logo.jpeg","contentUrl":"https:\/\/ferabrajan.com\/portal\/wp-content\/uploads\/2024\/10\/cropped-logo.jpeg","width":500,"height":250,"caption":"Fer Abrajan"},"image":{"@id":"https:\/\/ferabrajan.com\/portal\/#\/schema\/logo\/image\/"},"sameAs":["https:\/\/www.facebook.com\/NoticiasconFerAbrajan\/","https:\/\/x.com\/ferabrajan1"]},{"@type":"Person","@id":"https:\/\/ferabrajan.com\/portal\/#\/schema\/person\/f6113b3cb1e036d5c6a9505685b257ba","name":"admin","image":{"@type":"ImageObject","inLanguage":"es","@id":"https:\/\/secure.gravatar.com\/avatar\/072baa72775aad53c748dfc5d3048578e01b6c087eef335459ebfa04344e2d18?s=96&d=mm&r=g","url":"https:\/\/secure.gravatar.com\/avatar\/072baa72775aad53c748dfc5d3048578e01b6c087eef335459ebfa04344e2d18?s=96&d=mm&r=g","contentUrl":"https:\/\/secure.gravatar.com\/avatar\/072baa72775aad53c748dfc5d3048578e01b6c087eef335459ebfa04344e2d18?s=96&d=mm&r=g","caption":"admin"},"sameAs":["https:\/\/ferabrajan.com\/portal"],"url":"https:\/\/ferabrajan.com\/portal\/author\/admin\/"}]}},"_links":{"self":[{"href":"https:\/\/ferabrajan.com\/portal\/wp-json\/wp\/v2\/posts\/17348","targetHints":{"allow":["GET"]}}],"collection":[{"href":"https:\/\/ferabrajan.com\/portal\/wp-json\/wp\/v2\/posts"}],"about":[{"href":"https:\/\/ferabrajan.com\/portal\/wp-json\/wp\/v2\/types\/post"}],"author":[{"embeddable":true,"href":"https:\/\/ferabrajan.com\/portal\/wp-json\/wp\/v2\/users\/1"}],"replies":[{"embeddable":true,"href":"https:\/\/ferabrajan.com\/portal\/wp-json\/wp\/v2\/comments?post=17348"}],"version-history":[{"count":0,"href":"https:\/\/ferabrajan.com\/portal\/wp-json\/wp\/v2\/posts\/17348\/revisions"}],"wp:attachment":[{"href":"https:\/\/ferabrajan.com\/portal\/wp-json\/wp\/v2\/media?parent=17348"}],"wp:term":[{"taxonomy":"category","embeddable":true,"href":"https:\/\/ferabrajan.com\/portal\/wp-json\/wp\/v2\/categories?post=17348"},{"taxonomy":"post_tag","embeddable":true,"href":"https:\/\/ferabrajan.com\/portal\/wp-json\/wp\/v2\/tags?post=17348"}],"curies":[{"name":"wp","href":"https:\/\/api.w.org\/{rel}","templated":true}]}}