{"id":17313,"date":"2020-08-22T20:50:00","date_gmt":"2020-08-22T20:50:00","guid":{"rendered":"https:\/\/www.ferabrajan.com\/?p=17313"},"modified":"2020-08-22T20:50:00","modified_gmt":"2020-08-22T20:50:00","slug":"zona-norte-de-q-roo-se-alista-para-recibir-a-tormenta-tropical-marco","status":"publish","type":"post","link":"https:\/\/ferabrajan.com\/portal\/2020\/08\/22\/zona-norte-de-q-roo-se-alista-para-recibir-a-tormenta-tropical-marco\/","title":{"rendered":"Zona norte de Q. Roo se alista para recibir a tormenta tropical &#034;Marco&#034;"},"content":{"rendered":"<p>Canc\u00fan, Q. Roo.-&nbsp;Municipios de la zona norte de <strong>Quintana Roo<\/strong>, en donde fue emitida la <strong>Alerta Amarilla<\/strong>, se alistan a recibir a la <strong>depresi\u00f3n tropical 14<\/strong>, que se desplaza lentamente hacia el estado, en donde se prev\u00e9 que evolucionar\u00e1 a tormenta tropical con el nombre de \u201cMarco\u201d, a partir de las 18 horas de ma\u00f1ana.&nbsp;<\/p>\n<p>&nbsp;Este viernes, el gobierno municipal de Canc\u00fan instal\u00f3 el Comit\u00e9 Operativo Especializado en Fen\u00f3menos Hidrometeorol\u00f3gicos, en una sesi\u00f3n encabezada por la alcaldesa, \u201cMara\u201d Lezama&nbsp;<\/p>\n<p>&nbsp;&nbsp;El director de <strong>Protecci\u00f3n Civil<\/strong>, Antonio Riveroll, explic\u00f3 que la <strong>Depresi\u00f3n Tropical 14 se localiza sobre el Mar Caribe<\/strong>, 295 kil\u00f3metros al este-noreste de la Isla de Roat\u00e1n, en Honduras y 455 kil\u00f3metros al sureste de Cozumel, con desplazamiento hacia el noroeste y direcci\u00f3n hacia la Pen\u00ednsula de Yucat\u00e1n.&nbsp;<\/p>\n<p><strong>El fen\u00f3meno traer\u00e1 consigo fuertes vientos e intensas lluvias,<\/strong> por lo cual las autoridades hoy reunidas, pidieron a la poblaci\u00f3n extremar precauciones y no acercarse a la zona costera.&nbsp;<\/p>\n<p>&nbsp;&nbsp;Durante su intervenci\u00f3n, la mun\u00edcipe inform\u00f3 que esta ma\u00f1ana <strong>se realiz\u00f3 un recorrido de supervisi\u00f3n de los refugios anticicl\u00f3nicos habilitados<\/strong>, con el objetivo de constatar que se encuentran en \u00f3ptimas condiciones y se apliquen los protocolos sanitarios establecidos.&nbsp;<\/p>\n<p>\u201cLos cancunenses sabemos salir adelante ante estas adversidades, as\u00ed ha quedado registrado en la historia con Gilberto y Willma, y una vez m\u00e1s demostraremos nuestra fortaleza\u201d, expres\u00f3.&nbsp;<\/p>\n<p><a href=\"https:\/\/www.eluniversal.com.mx\/estados\/yucatan-alista-operativo-por-afectaciones-de-tormenta-tropical-14\" target=\"_blank\" rel=\"noopener noreferrer\"><span><strong>Lee tambi\u00e9n: Yucat\u00e1n alista operativo por afectaciones de tormenta tropical 14<\/strong><\/span><\/a><\/p>\n<p><strong>Lezama Espinosa explic\u00f3 que los refugios temporales contar\u00e1n con un filtro sanitario<\/strong> desde la entrada, registro, detecci\u00f3n de s\u00edntomas, una delimitaci\u00f3n de espacios con sana distancia y el cumplimiento de todas las recomendaciones sanitarias para evitar contagios del coronavirus <strong>Covid-19<\/strong>.&nbsp;<\/p>\n<p>En una primera etapa se contempla la apertura de 30 refugios temporales en Canc\u00fan y la delegaci\u00f3n de Alfredo V. Bonfil, de los 67 sitios designados en total, con una capacidad de 18 mil 820 personas. &nbsp;&nbsp;<\/p>\n<p>Cuadrillas de Servicios P\u00fablicos se encuentran revisando la limpieza de pozos, el retiro de lodo, escombro, hojas secas y desechos que obstruyen el flujo de aguas residuales y provocan inundaciones.&nbsp;<\/p>\n<h2>Playa del Carmen retira barreras de contenci\u00f3n de sargazo&nbsp;<\/h2>\n<p>En paralelo, el gobierno de Solidaridad, presidido por la alcaldesa, Laura Beristain, anunci\u00f3 que la <strong>empresa Manufacturas Industriales DP, debe retirar los 2.5 kil\u00f3metros de barreras contenedoras de sargazo<\/strong> y poner en resguardo las dos barcazas transportadoras de la macroalga, hasta que finalice el fen\u00f3meno.&nbsp;<\/p>\n<p>Adem\u00e1s fueron colocadas <strong>banderas rojas en las playas<\/strong>, que apenas ayer abrieron al p\u00fablico como parte de un programa piloto.&nbsp;<\/p>\n<p>En el municipio se abrieron seis refugios anticicl\u00f3nicos en Playa del Carmen y en Puerto Aventuras, de los 38 habilitados. Se dispone de 800 despensas de reserva para las personas que eventualmente acudan a estos lugares y existen 150 unidades de transporte y 200 vans para el eventual traslado de personas.&nbsp;<\/p>\n<p>Por parte de la Coordinaci\u00f3n Estatal de Protecci\u00f3n Civil se dispondr\u00e1 de una unidad de apoyo, 300 colchonetas y &nbsp;mil 200 litros de agua que servir\u00e1n para las personas que requieran usar los refugios, en los cuales se colocar\u00e1n filtros sanitarios para respetar los protocolos de seguridad para la prevenci\u00f3n del <strong>Covid-19.<\/strong>&nbsp;<br \/>Para la limpieza de pozos de absorci\u00f3n, arenales y rejillas se cuenta con 80 cuadrillas de Servicios P\u00fablicos.&nbsp;<\/p>\n<p>Beristain Navarrete llam\u00f3 a la ciudadan\u00eda a conservar la calma, mantenerse informada a trav\u00e9s de los medios oficiales y seguir las indicaciones de la autoridad.&nbsp;<\/p>\n<p><img decoding=\"async\" alt=\"img-20200821-wa0079.jpg\" src=\"https:\/\/www.eluniversal.com.mx\/sites\/default\/files\/u40670\/img-20200821-wa0079.jpg\"><br \/>&nbsp;<\/p>\n<h2>Cozumel aplica medidas de Alerta Naranja&nbsp;<\/h2>\n<p>Debido a que se trata de una isla, Cozumel aplic\u00f3 medidas correspondientes a la Alerta Naranja, con la apertura de tres refugios anticicl\u00f3nicos, la limpieza de pozos pluviales, calles y avenidas y el resguardo de 200 nidos de tortuga marina, entre otros.&nbsp;<\/p>\n<p>&nbsp;El alcalde, Pedro Joaqu\u00edn Delbouis inform\u00f3 que en la isla se encuentran vacacionando mil turistas, a quienes se busca mantener resguardados e informados.&nbsp;<\/p>\n<p>&nbsp;Al descartar que sea necesario evacuar la isla, el mun\u00edcipe subray\u00f3 que <strong>se tom\u00f3 la decisi\u00f3n de cerrar el lado oriente de Cozumel<\/strong> y se limitar\u00e1 la movilidad de las 17 horas a las cinco de la madrugada de ma\u00f1ana.&nbsp;<\/p>\n<p>&nbsp;Tambi\u00e9n ser\u00e1 cerrada la navegaci\u00f3n a embarcaciones menores y ma\u00f1ana s\u00e1bado se suspender\u00e1n los cruces desde Calica y Playa del Carmen hacia la isla.<\/p>\n<p><img decoding=\"async\" alt=\"img-20200821-wa0111.jpg\" src=\"https:\/\/www.eluniversal.com.mx\/sites\/default\/files\/u40670\/img-20200821-wa0111.jpg\"><\/p>\n<p>fbpt\/rcr<\/p>\n<p>Publicaci\u00f3n Original: <a href=\"https:\/\/www.eluniversal.com.mx\/estados\/zona-norte-de-q-roo-se-alista-para-recibir-tormenta-tropical-marco\" target=\"_blank\" rel=\"noopener noreferrer\">https:\/\/www.eluniversal.com.mx\/estados\/zona-norte-de-q-roo-se-alista-para-recibir-tormenta-tropical-marco<\/a><\/p>\n","protected":false},"excerpt":{"rendered":"<p>Canc\u00fan, Q. Roo.-&nbsp;Municipios de la zona norte de Quintana Roo, en donde fue emitida la Alerta Amarilla, se alistan a recibir a la depresi\u00f3n tropical 14, que se desplaza lentamente hacia el estado, en donde se prev\u00e9 que evolucionar\u00e1 a tormenta tropical con el nombre de \u201cMarco\u201d, a partir de las 18 horas de ma\u00f1ana.&nbsp; &nbsp;Este viernes, el gobierno municipal de Canc\u00fan instal\u00f3 el Comit\u00e9 Operativo Especializado en Fen\u00f3menos Hidrometeorol\u00f3gicos, en una sesi\u00f3n encabezada por la alcaldesa, \u201cMara\u201d Lezama&nbsp; &nbsp;&nbsp;El director de Protecci\u00f3n Civil, Antonio Riveroll, explic\u00f3 que la Depresi\u00f3n Tropical 14 se localiza sobre el Mar Caribe, 295 kil\u00f3metros al este-noreste de la Isla de Roat\u00e1n, en Honduras y 455 kil\u00f3metros al sureste de Cozumel, con desplazamiento hacia el noroeste y direcci\u00f3n hacia la Pen\u00ednsula de Yucat\u00e1n.&nbsp; El fen\u00f3meno traer\u00e1 consigo fuertes vientos e intensas lluvias, por lo cual las autoridades hoy reunidas, pidieron a la poblaci\u00f3n extremar precauciones y no acercarse a la zona costera.&nbsp; &nbsp;&nbsp;Durante su intervenci\u00f3n, la mun\u00edcipe inform\u00f3 que esta ma\u00f1ana se realiz\u00f3 un recorrido de supervisi\u00f3n de los refugios anticicl\u00f3nicos habilitados, con el objetivo de constatar que se encuentran en \u00f3ptimas condiciones y se apliquen los protocolos sanitarios establecidos.&nbsp; \u201cLos cancunenses sabemos salir adelante ante estas adversidades, as\u00ed ha quedado registrado en la historia con Gilberto y Willma, y una vez m\u00e1s demostraremos nuestra fortaleza\u201d, expres\u00f3.&nbsp; Lee tambi\u00e9n: Yucat\u00e1n alista operativo por afectaciones de tormenta tropical 14 Lezama Espinosa explic\u00f3 que los refugios temporales contar\u00e1n con un filtro sanitario desde la entrada, registro, detecci\u00f3n de s\u00edntomas, una delimitaci\u00f3n de espacios con sana distancia y el cumplimiento de todas las recomendaciones sanitarias para evitar contagios del coronavirus Covid-19.&nbsp; En una primera etapa se contempla la apertura de 30 refugios temporales en Canc\u00fan y la delegaci\u00f3n de Alfredo V. Bonfil, de los 67 sitios designados en total, con una capacidad de 18 mil 820 personas. &nbsp;&nbsp; Cuadrillas de Servicios P\u00fablicos se encuentran revisando la limpieza de pozos, el retiro de lodo, escombro, hojas secas y desechos que obstruyen el flujo de aguas residuales y provocan inundaciones.&nbsp; Playa del Carmen retira barreras de contenci\u00f3n de sargazo&nbsp; En paralelo, el gobierno de Solidaridad, presidido por la alcaldesa, Laura Beristain, anunci\u00f3 que la empresa Manufacturas Industriales DP, debe retirar los 2.5 kil\u00f3metros de barreras contenedoras de sargazo y poner en resguardo las dos barcazas transportadoras de la macroalga, hasta que finalice el fen\u00f3meno.&nbsp; Adem\u00e1s fueron colocadas banderas rojas en las playas, que apenas ayer abrieron al p\u00fablico como parte de un programa piloto.&nbsp; En el municipio se abrieron seis refugios anticicl\u00f3nicos en Playa del Carmen y en Puerto Aventuras, de los 38 habilitados. Se dispone de 800 despensas de reserva para las personas que eventualmente acudan a estos lugares y existen 150 unidades de transporte y 200 vans para el eventual traslado de personas.&nbsp; Por parte de la Coordinaci\u00f3n Estatal de Protecci\u00f3n Civil se dispondr\u00e1 de una unidad de apoyo, 300 colchonetas y &nbsp;mil 200 litros de agua que servir\u00e1n para las personas que requieran usar los refugios, en los cuales se colocar\u00e1n filtros sanitarios para respetar los protocolos de seguridad para la prevenci\u00f3n del Covid-19.&nbsp;Para la limpieza de pozos de absorci\u00f3n, arenales y rejillas se cuenta con 80 cuadrillas de Servicios P\u00fablicos.&nbsp; Beristain Navarrete llam\u00f3 a la ciudadan\u00eda a conservar la calma, mantenerse informada a trav\u00e9s de los medios oficiales y seguir las indicaciones de la autoridad.&nbsp; &nbsp; Cozumel aplica medidas de Alerta Naranja&nbsp; Debido a que se trata de una isla, Cozumel aplic\u00f3 medidas correspondientes a la Alerta Naranja, con la apertura de tres refugios anticicl\u00f3nicos, la limpieza de pozos pluviales, calles y avenidas y el resguardo de 200 nidos de tortuga marina, entre otros.&nbsp; &nbsp;El alcalde, Pedro Joaqu\u00edn Delbouis inform\u00f3 que en la isla se encuentran vacacionando mil turistas, a quienes se busca mantener resguardados e informados.&nbsp; &nbsp;Al descartar que sea necesario evacuar la isla, el mun\u00edcipe subray\u00f3 que se tom\u00f3 la decisi\u00f3n de cerrar el lado oriente de Cozumel y se limitar\u00e1 la movilidad de las 17 horas a las cinco de la madrugada de ma\u00f1ana.&nbsp; &nbsp;Tambi\u00e9n ser\u00e1 cerrada la navegaci\u00f3n a embarcaciones menores y ma\u00f1ana s\u00e1bado se suspender\u00e1n los cruces desde Calica y Playa del Carmen hacia la isla. fbpt\/rcr Publicaci\u00f3n Original: https:\/\/www.eluniversal.com.mx\/estados\/zona-norte-de-q-roo-se-alista-para-recibir-tormenta-tropical-marco<\/p>\n","protected":false},"author":1,"featured_media":17314,"comment_status":"open","ping_status":"closed","sticky":false,"template":"","format":"standard","meta":{"_monsterinsights_skip_tracking":false,"_uf_show_specific_survey":0,"_uf_disable_surveys":false,"footnotes":""},"categories":[36],"tags":[],"class_list":["post-17313","post","type-post","status-publish","format-standard","has-post-thumbnail","hentry","category-el-mundo"],"yoast_head":"<!-- This site is optimized with the Yoast SEO plugin v27.5 - https:\/\/yoast.com\/product\/yoast-seo-wordpress\/ -->\n<title>Zona norte de Q. Roo se alista para recibir a tormenta tropical &#034;Marco&#034; - Fer Abrajan<\/title>\n<meta name=\"robots\" content=\"index, follow, max-snippet:-1, max-image-preview:large, max-video-preview:-1\" \/>\n<link rel=\"canonical\" href=\"https:\/\/ferabrajan.com\/portal\/2020\/08\/22\/zona-norte-de-q-roo-se-alista-para-recibir-a-tormenta-tropical-marco\/\" \/>\n<meta property=\"og:locale\" content=\"es_ES\" \/>\n<meta property=\"og:type\" content=\"article\" \/>\n<meta property=\"og:title\" content=\"Zona norte de Q. Roo se alista para recibir a tormenta tropical &#034;Marco&#034; - Fer Abrajan\" \/>\n<meta property=\"og:description\" content=\"Canc\u00fan, Q. Roo.-&nbsp;Municipios de la zona norte de Quintana Roo, en donde fue emitida la Alerta Amarilla, se alistan a recibir a la depresi\u00f3n tropical 14, que se desplaza lentamente hacia el estado, en donde se prev\u00e9 que evolucionar\u00e1 a tormenta tropical con el nombre de \u201cMarco\u201d, a partir de las 18 horas de ma\u00f1ana.&nbsp; &nbsp;Este viernes, el gobierno municipal de Canc\u00fan instal\u00f3 el Comit\u00e9 Operativo Especializado en Fen\u00f3menos Hidrometeorol\u00f3gicos, en una sesi\u00f3n encabezada por la alcaldesa, \u201cMara\u201d Lezama&nbsp; &nbsp;&nbsp;El director de Protecci\u00f3n Civil, Antonio Riveroll, explic\u00f3 que la Depresi\u00f3n Tropical 14 se localiza sobre el Mar Caribe, 295 kil\u00f3metros al este-noreste de la Isla de Roat\u00e1n, en Honduras y 455 kil\u00f3metros al sureste de Cozumel, con desplazamiento hacia el noroeste y direcci\u00f3n hacia la Pen\u00ednsula de Yucat\u00e1n.&nbsp; El fen\u00f3meno traer\u00e1 consigo fuertes vientos e intensas lluvias, por lo cual las autoridades hoy reunidas, pidieron a la poblaci\u00f3n extremar precauciones y no acercarse a la zona costera.&nbsp; &nbsp;&nbsp;Durante su intervenci\u00f3n, la mun\u00edcipe inform\u00f3 que esta ma\u00f1ana se realiz\u00f3 un recorrido de supervisi\u00f3n de los refugios anticicl\u00f3nicos habilitados, con el objetivo de constatar que se encuentran en \u00f3ptimas condiciones y se apliquen los protocolos sanitarios establecidos.&nbsp; \u201cLos cancunenses sabemos salir adelante ante estas adversidades, as\u00ed ha quedado registrado en la historia con Gilberto y Willma, y una vez m\u00e1s demostraremos nuestra fortaleza\u201d, expres\u00f3.&nbsp; Lee tambi\u00e9n: Yucat\u00e1n alista operativo por afectaciones de tormenta tropical 14 Lezama Espinosa explic\u00f3 que los refugios temporales contar\u00e1n con un filtro sanitario desde la entrada, registro, detecci\u00f3n de s\u00edntomas, una delimitaci\u00f3n de espacios con sana distancia y el cumplimiento de todas las recomendaciones sanitarias para evitar contagios del coronavirus Covid-19.&nbsp; En una primera etapa se contempla la apertura de 30 refugios temporales en Canc\u00fan y la delegaci\u00f3n de Alfredo V. Bonfil, de los 67 sitios designados en total, con una capacidad de 18 mil 820 personas. &nbsp;&nbsp; Cuadrillas de Servicios P\u00fablicos se encuentran revisando la limpieza de pozos, el retiro de lodo, escombro, hojas secas y desechos que obstruyen el flujo de aguas residuales y provocan inundaciones.&nbsp; Playa del Carmen retira barreras de contenci\u00f3n de sargazo&nbsp; En paralelo, el gobierno de Solidaridad, presidido por la alcaldesa, Laura Beristain, anunci\u00f3 que la empresa Manufacturas Industriales DP, debe retirar los 2.5 kil\u00f3metros de barreras contenedoras de sargazo y poner en resguardo las dos barcazas transportadoras de la macroalga, hasta que finalice el fen\u00f3meno.&nbsp; Adem\u00e1s fueron colocadas banderas rojas en las playas, que apenas ayer abrieron al p\u00fablico como parte de un programa piloto.&nbsp; En el municipio se abrieron seis refugios anticicl\u00f3nicos en Playa del Carmen y en Puerto Aventuras, de los 38 habilitados. Se dispone de 800 despensas de reserva para las personas que eventualmente acudan a estos lugares y existen 150 unidades de transporte y 200 vans para el eventual traslado de personas.&nbsp; Por parte de la Coordinaci\u00f3n Estatal de Protecci\u00f3n Civil se dispondr\u00e1 de una unidad de apoyo, 300 colchonetas y &nbsp;mil 200 litros de agua que servir\u00e1n para las personas que requieran usar los refugios, en los cuales se colocar\u00e1n filtros sanitarios para respetar los protocolos de seguridad para la prevenci\u00f3n del Covid-19.&nbsp;Para la limpieza de pozos de absorci\u00f3n, arenales y rejillas se cuenta con 80 cuadrillas de Servicios P\u00fablicos.&nbsp; Beristain Navarrete llam\u00f3 a la ciudadan\u00eda a conservar la calma, mantenerse informada a trav\u00e9s de los medios oficiales y seguir las indicaciones de la autoridad.&nbsp; &nbsp; Cozumel aplica medidas de Alerta Naranja&nbsp; Debido a que se trata de una isla, Cozumel aplic\u00f3 medidas correspondientes a la Alerta Naranja, con la apertura de tres refugios anticicl\u00f3nicos, la limpieza de pozos pluviales, calles y avenidas y el resguardo de 200 nidos de tortuga marina, entre otros.&nbsp; &nbsp;El alcalde, Pedro Joaqu\u00edn Delbouis inform\u00f3 que en la isla se encuentran vacacionando mil turistas, a quienes se busca mantener resguardados e informados.&nbsp; &nbsp;Al descartar que sea necesario evacuar la isla, el mun\u00edcipe subray\u00f3 que se tom\u00f3 la decisi\u00f3n de cerrar el lado oriente de Cozumel y se limitar\u00e1 la movilidad de las 17 horas a las cinco de la madrugada de ma\u00f1ana.&nbsp; &nbsp;Tambi\u00e9n ser\u00e1 cerrada la navegaci\u00f3n a embarcaciones menores y ma\u00f1ana s\u00e1bado se suspender\u00e1n los cruces desde Calica y Playa del Carmen hacia la isla. fbpt\/rcr Publicaci\u00f3n Original: https:\/\/www.eluniversal.com.mx\/estados\/zona-norte-de-q-roo-se-alista-para-recibir-tormenta-tropical-marco\" \/>\n<meta property=\"og:url\" content=\"https:\/\/ferabrajan.com\/portal\/2020\/08\/22\/zona-norte-de-q-roo-se-alista-para-recibir-a-tormenta-tropical-marco\/\" \/>\n<meta property=\"og:site_name\" content=\"Fer Abrajan\" \/>\n<meta property=\"article:publisher\" content=\"https:\/\/www.facebook.com\/NoticiasconFerAbrajan\/\" \/>\n<meta property=\"article:published_time\" content=\"2020-08-22T20:50:00+00:00\" \/>\n<meta name=\"author\" content=\"admin\" \/>\n<meta name=\"twitter:card\" content=\"summary_large_image\" \/>\n<meta name=\"twitter:creator\" content=\"@ferabrajan1\" \/>\n<meta name=\"twitter:site\" content=\"@ferabrajan1\" \/>\n<meta name=\"twitter:label1\" content=\"Escrito por\" \/>\n\t<meta name=\"twitter:data1\" content=\"admin\" \/>\n\t<meta name=\"twitter:label2\" content=\"Tiempo de lectura\" \/>\n\t<meta name=\"twitter:data2\" content=\"4 minutos\" \/>\n<script type=\"application\/ld+json\" class=\"yoast-schema-graph\">{\"@context\":\"https:\\\/\\\/schema.org\",\"@graph\":[{\"@type\":\"Article\",\"@id\":\"https:\\\/\\\/ferabrajan.com\\\/portal\\\/2020\\\/08\\\/22\\\/zona-norte-de-q-roo-se-alista-para-recibir-a-tormenta-tropical-marco\\\/#article\",\"isPartOf\":{\"@id\":\"https:\\\/\\\/ferabrajan.com\\\/portal\\\/2020\\\/08\\\/22\\\/zona-norte-de-q-roo-se-alista-para-recibir-a-tormenta-tropical-marco\\\/\"},\"author\":{\"name\":\"admin\",\"@id\":\"https:\\\/\\\/ferabrajan.com\\\/portal\\\/#\\\/schema\\\/person\\\/f6113b3cb1e036d5c6a9505685b257ba\"},\"headline\":\"Zona norte de Q. Roo se alista para recibir a tormenta tropical &#034;Marco&#034;\",\"datePublished\":\"2020-08-22T20:50:00+00:00\",\"mainEntityOfPage\":{\"@id\":\"https:\\\/\\\/ferabrajan.com\\\/portal\\\/2020\\\/08\\\/22\\\/zona-norte-de-q-roo-se-alista-para-recibir-a-tormenta-tropical-marco\\\/\"},\"wordCount\":790,\"commentCount\":0,\"publisher\":{\"@id\":\"https:\\\/\\\/ferabrajan.com\\\/portal\\\/#organization\"},\"image\":{\"@id\":\"https:\\\/\\\/ferabrajan.com\\\/portal\\\/2020\\\/08\\\/22\\\/zona-norte-de-q-roo-se-alista-para-recibir-a-tormenta-tropical-marco\\\/#primaryimage\"},\"thumbnailUrl\":\"\",\"articleSection\":[\"El Mundo\"],\"inLanguage\":\"es\"},{\"@type\":\"WebPage\",\"@id\":\"https:\\\/\\\/ferabrajan.com\\\/portal\\\/2020\\\/08\\\/22\\\/zona-norte-de-q-roo-se-alista-para-recibir-a-tormenta-tropical-marco\\\/\",\"url\":\"https:\\\/\\\/ferabrajan.com\\\/portal\\\/2020\\\/08\\\/22\\\/zona-norte-de-q-roo-se-alista-para-recibir-a-tormenta-tropical-marco\\\/\",\"name\":\"Zona norte de Q. Roo se alista para recibir a tormenta tropical &#034;Marco&#034; - Fer Abrajan\",\"isPartOf\":{\"@id\":\"https:\\\/\\\/ferabrajan.com\\\/portal\\\/#website\"},\"primaryImageOfPage\":{\"@id\":\"https:\\\/\\\/ferabrajan.com\\\/portal\\\/2020\\\/08\\\/22\\\/zona-norte-de-q-roo-se-alista-para-recibir-a-tormenta-tropical-marco\\\/#primaryimage\"},\"image\":{\"@id\":\"https:\\\/\\\/ferabrajan.com\\\/portal\\\/2020\\\/08\\\/22\\\/zona-norte-de-q-roo-se-alista-para-recibir-a-tormenta-tropical-marco\\\/#primaryimage\"},\"thumbnailUrl\":\"\",\"datePublished\":\"2020-08-22T20:50:00+00:00\",\"breadcrumb\":{\"@id\":\"https:\\\/\\\/ferabrajan.com\\\/portal\\\/2020\\\/08\\\/22\\\/zona-norte-de-q-roo-se-alista-para-recibir-a-tormenta-tropical-marco\\\/#breadcrumb\"},\"inLanguage\":\"es\",\"potentialAction\":[{\"@type\":\"ReadAction\",\"target\":[\"https:\\\/\\\/ferabrajan.com\\\/portal\\\/2020\\\/08\\\/22\\\/zona-norte-de-q-roo-se-alista-para-recibir-a-tormenta-tropical-marco\\\/\"]}]},{\"@type\":\"ImageObject\",\"inLanguage\":\"es\",\"@id\":\"https:\\\/\\\/ferabrajan.com\\\/portal\\\/2020\\\/08\\\/22\\\/zona-norte-de-q-roo-se-alista-para-recibir-a-tormenta-tropical-marco\\\/#primaryimage\",\"url\":\"\",\"contentUrl\":\"\"},{\"@type\":\"BreadcrumbList\",\"@id\":\"https:\\\/\\\/ferabrajan.com\\\/portal\\\/2020\\\/08\\\/22\\\/zona-norte-de-q-roo-se-alista-para-recibir-a-tormenta-tropical-marco\\\/#breadcrumb\",\"itemListElement\":[{\"@type\":\"ListItem\",\"position\":1,\"name\":\"Portada\",\"item\":\"https:\\\/\\\/ferabrajan.com\\\/portal\\\/\"},{\"@type\":\"ListItem\",\"position\":2,\"name\":\"Zona norte de Q. Roo se alista para recibir a tormenta tropical &#034;Marco&#034;\"}]},{\"@type\":\"WebSite\",\"@id\":\"https:\\\/\\\/ferabrajan.com\\\/portal\\\/#website\",\"url\":\"https:\\\/\\\/ferabrajan.com\\\/portal\\\/\",\"name\":\"Fer Abrajan\",\"description\":\"Noticias de Puebla, opini\u00f3n y radio en vivo\",\"publisher\":{\"@id\":\"https:\\\/\\\/ferabrajan.com\\\/portal\\\/#organization\"},\"potentialAction\":[{\"@type\":\"SearchAction\",\"target\":{\"@type\":\"EntryPoint\",\"urlTemplate\":\"https:\\\/\\\/ferabrajan.com\\\/portal\\\/?s={search_term_string}\"},\"query-input\":{\"@type\":\"PropertyValueSpecification\",\"valueRequired\":true,\"valueName\":\"search_term_string\"}}],\"inLanguage\":\"es\"},{\"@type\":\"Organization\",\"@id\":\"https:\\\/\\\/ferabrajan.com\\\/portal\\\/#organization\",\"name\":\"Fer Abrajan\",\"url\":\"https:\\\/\\\/ferabrajan.com\\\/portal\\\/\",\"logo\":{\"@type\":\"ImageObject\",\"inLanguage\":\"es\",\"@id\":\"https:\\\/\\\/ferabrajan.com\\\/portal\\\/#\\\/schema\\\/logo\\\/image\\\/\",\"url\":\"https:\\\/\\\/ferabrajan.com\\\/portal\\\/wp-content\\\/uploads\\\/2024\\\/10\\\/cropped-logo.jpeg\",\"contentUrl\":\"https:\\\/\\\/ferabrajan.com\\\/portal\\\/wp-content\\\/uploads\\\/2024\\\/10\\\/cropped-logo.jpeg\",\"width\":500,\"height\":250,\"caption\":\"Fer Abrajan\"},\"image\":{\"@id\":\"https:\\\/\\\/ferabrajan.com\\\/portal\\\/#\\\/schema\\\/logo\\\/image\\\/\"},\"sameAs\":[\"https:\\\/\\\/www.facebook.com\\\/NoticiasconFerAbrajan\\\/\",\"https:\\\/\\\/x.com\\\/ferabrajan1\"]},{\"@type\":\"Person\",\"@id\":\"https:\\\/\\\/ferabrajan.com\\\/portal\\\/#\\\/schema\\\/person\\\/f6113b3cb1e036d5c6a9505685b257ba\",\"name\":\"admin\",\"image\":{\"@type\":\"ImageObject\",\"inLanguage\":\"es\",\"@id\":\"https:\\\/\\\/secure.gravatar.com\\\/avatar\\\/072baa72775aad53c748dfc5d3048578e01b6c087eef335459ebfa04344e2d18?s=96&d=mm&r=g\",\"url\":\"https:\\\/\\\/secure.gravatar.com\\\/avatar\\\/072baa72775aad53c748dfc5d3048578e01b6c087eef335459ebfa04344e2d18?s=96&d=mm&r=g\",\"contentUrl\":\"https:\\\/\\\/secure.gravatar.com\\\/avatar\\\/072baa72775aad53c748dfc5d3048578e01b6c087eef335459ebfa04344e2d18?s=96&d=mm&r=g\",\"caption\":\"admin\"},\"sameAs\":[\"https:\\\/\\\/ferabrajan.com\\\/portal\"],\"url\":\"https:\\\/\\\/ferabrajan.com\\\/portal\\\/author\\\/admin\\\/\"}]}<\/script>\n<!-- \/ Yoast SEO plugin. -->","yoast_head_json":{"title":"Zona norte de Q. Roo se alista para recibir a tormenta tropical &#034;Marco&#034; - Fer Abrajan","robots":{"index":"index","follow":"follow","max-snippet":"max-snippet:-1","max-image-preview":"max-image-preview:large","max-video-preview":"max-video-preview:-1"},"canonical":"https:\/\/ferabrajan.com\/portal\/2020\/08\/22\/zona-norte-de-q-roo-se-alista-para-recibir-a-tormenta-tropical-marco\/","og_locale":"es_ES","og_type":"article","og_title":"Zona norte de Q. Roo se alista para recibir a tormenta tropical &#034;Marco&#034; - Fer Abrajan","og_description":"Canc\u00fan, Q. Roo.-&nbsp;Municipios de la zona norte de Quintana Roo, en donde fue emitida la Alerta Amarilla, se alistan a recibir a la depresi\u00f3n tropical 14, que se desplaza lentamente hacia el estado, en donde se prev\u00e9 que evolucionar\u00e1 a tormenta tropical con el nombre de \u201cMarco\u201d, a partir de las 18 horas de ma\u00f1ana.&nbsp; &nbsp;Este viernes, el gobierno municipal de Canc\u00fan instal\u00f3 el Comit\u00e9 Operativo Especializado en Fen\u00f3menos Hidrometeorol\u00f3gicos, en una sesi\u00f3n encabezada por la alcaldesa, \u201cMara\u201d Lezama&nbsp; &nbsp;&nbsp;El director de Protecci\u00f3n Civil, Antonio Riveroll, explic\u00f3 que la Depresi\u00f3n Tropical 14 se localiza sobre el Mar Caribe, 295 kil\u00f3metros al este-noreste de la Isla de Roat\u00e1n, en Honduras y 455 kil\u00f3metros al sureste de Cozumel, con desplazamiento hacia el noroeste y direcci\u00f3n hacia la Pen\u00ednsula de Yucat\u00e1n.&nbsp; El fen\u00f3meno traer\u00e1 consigo fuertes vientos e intensas lluvias, por lo cual las autoridades hoy reunidas, pidieron a la poblaci\u00f3n extremar precauciones y no acercarse a la zona costera.&nbsp; &nbsp;&nbsp;Durante su intervenci\u00f3n, la mun\u00edcipe inform\u00f3 que esta ma\u00f1ana se realiz\u00f3 un recorrido de supervisi\u00f3n de los refugios anticicl\u00f3nicos habilitados, con el objetivo de constatar que se encuentran en \u00f3ptimas condiciones y se apliquen los protocolos sanitarios establecidos.&nbsp; \u201cLos cancunenses sabemos salir adelante ante estas adversidades, as\u00ed ha quedado registrado en la historia con Gilberto y Willma, y una vez m\u00e1s demostraremos nuestra fortaleza\u201d, expres\u00f3.&nbsp; Lee tambi\u00e9n: Yucat\u00e1n alista operativo por afectaciones de tormenta tropical 14 Lezama Espinosa explic\u00f3 que los refugios temporales contar\u00e1n con un filtro sanitario desde la entrada, registro, detecci\u00f3n de s\u00edntomas, una delimitaci\u00f3n de espacios con sana distancia y el cumplimiento de todas las recomendaciones sanitarias para evitar contagios del coronavirus Covid-19.&nbsp; En una primera etapa se contempla la apertura de 30 refugios temporales en Canc\u00fan y la delegaci\u00f3n de Alfredo V. Bonfil, de los 67 sitios designados en total, con una capacidad de 18 mil 820 personas. &nbsp;&nbsp; Cuadrillas de Servicios P\u00fablicos se encuentran revisando la limpieza de pozos, el retiro de lodo, escombro, hojas secas y desechos que obstruyen el flujo de aguas residuales y provocan inundaciones.&nbsp; Playa del Carmen retira barreras de contenci\u00f3n de sargazo&nbsp; En paralelo, el gobierno de Solidaridad, presidido por la alcaldesa, Laura Beristain, anunci\u00f3 que la empresa Manufacturas Industriales DP, debe retirar los 2.5 kil\u00f3metros de barreras contenedoras de sargazo y poner en resguardo las dos barcazas transportadoras de la macroalga, hasta que finalice el fen\u00f3meno.&nbsp; Adem\u00e1s fueron colocadas banderas rojas en las playas, que apenas ayer abrieron al p\u00fablico como parte de un programa piloto.&nbsp; En el municipio se abrieron seis refugios anticicl\u00f3nicos en Playa del Carmen y en Puerto Aventuras, de los 38 habilitados. Se dispone de 800 despensas de reserva para las personas que eventualmente acudan a estos lugares y existen 150 unidades de transporte y 200 vans para el eventual traslado de personas.&nbsp; Por parte de la Coordinaci\u00f3n Estatal de Protecci\u00f3n Civil se dispondr\u00e1 de una unidad de apoyo, 300 colchonetas y &nbsp;mil 200 litros de agua que servir\u00e1n para las personas que requieran usar los refugios, en los cuales se colocar\u00e1n filtros sanitarios para respetar los protocolos de seguridad para la prevenci\u00f3n del Covid-19.&nbsp;Para la limpieza de pozos de absorci\u00f3n, arenales y rejillas se cuenta con 80 cuadrillas de Servicios P\u00fablicos.&nbsp; Beristain Navarrete llam\u00f3 a la ciudadan\u00eda a conservar la calma, mantenerse informada a trav\u00e9s de los medios oficiales y seguir las indicaciones de la autoridad.&nbsp; &nbsp; Cozumel aplica medidas de Alerta Naranja&nbsp; Debido a que se trata de una isla, Cozumel aplic\u00f3 medidas correspondientes a la Alerta Naranja, con la apertura de tres refugios anticicl\u00f3nicos, la limpieza de pozos pluviales, calles y avenidas y el resguardo de 200 nidos de tortuga marina, entre otros.&nbsp; &nbsp;El alcalde, Pedro Joaqu\u00edn Delbouis inform\u00f3 que en la isla se encuentran vacacionando mil turistas, a quienes se busca mantener resguardados e informados.&nbsp; &nbsp;Al descartar que sea necesario evacuar la isla, el mun\u00edcipe subray\u00f3 que se tom\u00f3 la decisi\u00f3n de cerrar el lado oriente de Cozumel y se limitar\u00e1 la movilidad de las 17 horas a las cinco de la madrugada de ma\u00f1ana.&nbsp; &nbsp;Tambi\u00e9n ser\u00e1 cerrada la navegaci\u00f3n a embarcaciones menores y ma\u00f1ana s\u00e1bado se suspender\u00e1n los cruces desde Calica y Playa del Carmen hacia la isla. fbpt\/rcr Publicaci\u00f3n Original: https:\/\/www.eluniversal.com.mx\/estados\/zona-norte-de-q-roo-se-alista-para-recibir-tormenta-tropical-marco","og_url":"https:\/\/ferabrajan.com\/portal\/2020\/08\/22\/zona-norte-de-q-roo-se-alista-para-recibir-a-tormenta-tropical-marco\/","og_site_name":"Fer Abrajan","article_publisher":"https:\/\/www.facebook.com\/NoticiasconFerAbrajan\/","article_published_time":"2020-08-22T20:50:00+00:00","author":"admin","twitter_card":"summary_large_image","twitter_creator":"@ferabrajan1","twitter_site":"@ferabrajan1","twitter_misc":{"Escrito por":"admin","Tiempo de lectura":"4 minutos"},"schema":{"@context":"https:\/\/schema.org","@graph":[{"@type":"Article","@id":"https:\/\/ferabrajan.com\/portal\/2020\/08\/22\/zona-norte-de-q-roo-se-alista-para-recibir-a-tormenta-tropical-marco\/#article","isPartOf":{"@id":"https:\/\/ferabrajan.com\/portal\/2020\/08\/22\/zona-norte-de-q-roo-se-alista-para-recibir-a-tormenta-tropical-marco\/"},"author":{"name":"admin","@id":"https:\/\/ferabrajan.com\/portal\/#\/schema\/person\/f6113b3cb1e036d5c6a9505685b257ba"},"headline":"Zona norte de Q. Roo se alista para recibir a tormenta tropical &#034;Marco&#034;","datePublished":"2020-08-22T20:50:00+00:00","mainEntityOfPage":{"@id":"https:\/\/ferabrajan.com\/portal\/2020\/08\/22\/zona-norte-de-q-roo-se-alista-para-recibir-a-tormenta-tropical-marco\/"},"wordCount":790,"commentCount":0,"publisher":{"@id":"https:\/\/ferabrajan.com\/portal\/#organization"},"image":{"@id":"https:\/\/ferabrajan.com\/portal\/2020\/08\/22\/zona-norte-de-q-roo-se-alista-para-recibir-a-tormenta-tropical-marco\/#primaryimage"},"thumbnailUrl":"","articleSection":["El Mundo"],"inLanguage":"es"},{"@type":"WebPage","@id":"https:\/\/ferabrajan.com\/portal\/2020\/08\/22\/zona-norte-de-q-roo-se-alista-para-recibir-a-tormenta-tropical-marco\/","url":"https:\/\/ferabrajan.com\/portal\/2020\/08\/22\/zona-norte-de-q-roo-se-alista-para-recibir-a-tormenta-tropical-marco\/","name":"Zona norte de Q. Roo se alista para recibir a tormenta tropical &#034;Marco&#034; - Fer Abrajan","isPartOf":{"@id":"https:\/\/ferabrajan.com\/portal\/#website"},"primaryImageOfPage":{"@id":"https:\/\/ferabrajan.com\/portal\/2020\/08\/22\/zona-norte-de-q-roo-se-alista-para-recibir-a-tormenta-tropical-marco\/#primaryimage"},"image":{"@id":"https:\/\/ferabrajan.com\/portal\/2020\/08\/22\/zona-norte-de-q-roo-se-alista-para-recibir-a-tormenta-tropical-marco\/#primaryimage"},"thumbnailUrl":"","datePublished":"2020-08-22T20:50:00+00:00","breadcrumb":{"@id":"https:\/\/ferabrajan.com\/portal\/2020\/08\/22\/zona-norte-de-q-roo-se-alista-para-recibir-a-tormenta-tropical-marco\/#breadcrumb"},"inLanguage":"es","potentialAction":[{"@type":"ReadAction","target":["https:\/\/ferabrajan.com\/portal\/2020\/08\/22\/zona-norte-de-q-roo-se-alista-para-recibir-a-tormenta-tropical-marco\/"]}]},{"@type":"ImageObject","inLanguage":"es","@id":"https:\/\/ferabrajan.com\/portal\/2020\/08\/22\/zona-norte-de-q-roo-se-alista-para-recibir-a-tormenta-tropical-marco\/#primaryimage","url":"","contentUrl":""},{"@type":"BreadcrumbList","@id":"https:\/\/ferabrajan.com\/portal\/2020\/08\/22\/zona-norte-de-q-roo-se-alista-para-recibir-a-tormenta-tropical-marco\/#breadcrumb","itemListElement":[{"@type":"ListItem","position":1,"name":"Portada","item":"https:\/\/ferabrajan.com\/portal\/"},{"@type":"ListItem","position":2,"name":"Zona norte de Q. Roo se alista para recibir a tormenta tropical &#034;Marco&#034;"}]},{"@type":"WebSite","@id":"https:\/\/ferabrajan.com\/portal\/#website","url":"https:\/\/ferabrajan.com\/portal\/","name":"Fer Abrajan","description":"Noticias de Puebla, opini\u00f3n y radio en vivo","publisher":{"@id":"https:\/\/ferabrajan.com\/portal\/#organization"},"potentialAction":[{"@type":"SearchAction","target":{"@type":"EntryPoint","urlTemplate":"https:\/\/ferabrajan.com\/portal\/?s={search_term_string}"},"query-input":{"@type":"PropertyValueSpecification","valueRequired":true,"valueName":"search_term_string"}}],"inLanguage":"es"},{"@type":"Organization","@id":"https:\/\/ferabrajan.com\/portal\/#organization","name":"Fer Abrajan","url":"https:\/\/ferabrajan.com\/portal\/","logo":{"@type":"ImageObject","inLanguage":"es","@id":"https:\/\/ferabrajan.com\/portal\/#\/schema\/logo\/image\/","url":"https:\/\/ferabrajan.com\/portal\/wp-content\/uploads\/2024\/10\/cropped-logo.jpeg","contentUrl":"https:\/\/ferabrajan.com\/portal\/wp-content\/uploads\/2024\/10\/cropped-logo.jpeg","width":500,"height":250,"caption":"Fer Abrajan"},"image":{"@id":"https:\/\/ferabrajan.com\/portal\/#\/schema\/logo\/image\/"},"sameAs":["https:\/\/www.facebook.com\/NoticiasconFerAbrajan\/","https:\/\/x.com\/ferabrajan1"]},{"@type":"Person","@id":"https:\/\/ferabrajan.com\/portal\/#\/schema\/person\/f6113b3cb1e036d5c6a9505685b257ba","name":"admin","image":{"@type":"ImageObject","inLanguage":"es","@id":"https:\/\/secure.gravatar.com\/avatar\/072baa72775aad53c748dfc5d3048578e01b6c087eef335459ebfa04344e2d18?s=96&d=mm&r=g","url":"https:\/\/secure.gravatar.com\/avatar\/072baa72775aad53c748dfc5d3048578e01b6c087eef335459ebfa04344e2d18?s=96&d=mm&r=g","contentUrl":"https:\/\/secure.gravatar.com\/avatar\/072baa72775aad53c748dfc5d3048578e01b6c087eef335459ebfa04344e2d18?s=96&d=mm&r=g","caption":"admin"},"sameAs":["https:\/\/ferabrajan.com\/portal"],"url":"https:\/\/ferabrajan.com\/portal\/author\/admin\/"}]}},"_links":{"self":[{"href":"https:\/\/ferabrajan.com\/portal\/wp-json\/wp\/v2\/posts\/17313","targetHints":{"allow":["GET"]}}],"collection":[{"href":"https:\/\/ferabrajan.com\/portal\/wp-json\/wp\/v2\/posts"}],"about":[{"href":"https:\/\/ferabrajan.com\/portal\/wp-json\/wp\/v2\/types\/post"}],"author":[{"embeddable":true,"href":"https:\/\/ferabrajan.com\/portal\/wp-json\/wp\/v2\/users\/1"}],"replies":[{"embeddable":true,"href":"https:\/\/ferabrajan.com\/portal\/wp-json\/wp\/v2\/comments?post=17313"}],"version-history":[{"count":0,"href":"https:\/\/ferabrajan.com\/portal\/wp-json\/wp\/v2\/posts\/17313\/revisions"}],"wp:attachment":[{"href":"https:\/\/ferabrajan.com\/portal\/wp-json\/wp\/v2\/media?parent=17313"}],"wp:term":[{"taxonomy":"category","embeddable":true,"href":"https:\/\/ferabrajan.com\/portal\/wp-json\/wp\/v2\/categories?post=17313"},{"taxonomy":"post_tag","embeddable":true,"href":"https:\/\/ferabrajan.com\/portal\/wp-json\/wp\/v2\/tags?post=17313"}],"curies":[{"name":"wp","href":"https:\/\/api.w.org\/{rel}","templated":true}]}}