{"id":17309,"date":"2020-08-22T20:53:00","date_gmt":"2020-08-22T20:53:00","guid":{"rendered":"https:\/\/www.ferabrajan.com\/?p=17309"},"modified":"2020-08-22T20:53:00","modified_gmt":"2020-08-22T20:53:00","slug":"sospechoso-de-matar-al-papa-de-luis-miranda-no-se-suicido-lo-mataron-fiscalia","status":"publish","type":"post","link":"https:\/\/ferabrajan.com\/portal\/2020\/08\/22\/sospechoso-de-matar-al-papa-de-luis-miranda-no-se-suicido-lo-mataron-fiscalia\/","title":{"rendered":"Sospechoso de matar al pap\u00e1 de Luis Miranda no se suicid\u00f3, lo mataron: Fiscal\u00eda"},"content":{"rendered":"<div><img decoding=\"async\" src=\"https:\/\/www.eluniversal.com.mx\/sites\/default\/files\/2020\/08\/21\/arturo_n.jpg\" class=\"ff-og-image-inserted\"><\/div>\n<p>Toluca, M\u00e9x.- La <strong>Fiscal\u00eda General de Justicia del Estado de M\u00e9xico<\/strong> inform\u00f3 que la causa de muerte de Arturo N, el presunto responsable de haber asesinado al notario p\u00fablico <strong>Luis Miranda Cardoso<\/strong>, fue un \u201ctraumatismo craneoencef\u00e1lico severo\u201d y no suicidio como hab\u00eda asegurado la Secretar\u00eda de Seguridad estatal, el martes pasado.&nbsp;<\/p>\n<p>Mediante una tarjeta informativa la FGJEM dio a conocer que alrededor de las 22:30 hora, recibieron la notificaci\u00f3n sobre el hallazgo del cuerpo sin vida de este sujeto de 56 a\u00f1os de edad, dentro del \u00e1rea conocida como \u201cImaginaria\u201d, en el Centro Penitenciario de Almoloya de Ju\u00e1rez, el lunes 17 de agosto pasado<\/p>\n<p>Arturo N, era investigado por su probable participaci\u00f3n en el homicidio del pap\u00e1 del exsecretario de Desarrollo Social, Luis Miranda Nava ocurrido el 11 de agosto pasado, donde supuestamente participaron otras dos personas en un robo a casa habitaci\u00f3n.&nbsp;<br \/>Sin embargo, tras su aprehensi\u00f3n, ingres\u00f3 al penal de Santiaguito y el lunes por la noche su cuerpo fue hallado colgado del barrote de una ventana con un pantal\u00f3n atado al cuello.<\/p>\n<p>Por lo que la Fiscal\u00eda realiz\u00f3 las diligencias periciales referentes a criminal\u00edstica, fotograf\u00eda y se llev\u00f3 a cabo el levantamiento del cuerpo, el cual fue trasladado a las instalaciones de la <strong>Coordinaci\u00f3n General de Servicios Periciales (CGSP)<\/strong> de esta Instituci\u00f3n.<\/p>\n<p>Si bien, los indicios encontrados en el lugar de los hechos y los datos de prueba preliminares eran coincidentes con un aparente suicidio, una vez que el cuerpo fue analizado por especialistas en medicina forense de la FGJEM, fue posible determinar que esta persona presentaba diversas lesiones recientes, entre ellas un traumatismo craneoencef\u00e1lico severo, mismo que fue identificado como la causa de muerte.<\/p>\n<p>La fiscal\u00eda indic\u00f3 que tras realizar las pruebas periciales correspondientes se llevaron a cabo los tr\u00e1mites legales respectivos para que el cuerpo fuera entregado a sus familiares y que durante el desarrollo de estas diligencias se ha contado con el apoyo y colaboraci\u00f3n de la Secretar\u00eda de Seguridad del Estado de M\u00e9xico.<\/p>\n<p>La FGJEM refiri\u00f3 &nbsp;que mantiene una investigaci\u00f3n para determinar la causa de las lesiones encontradas en Arturo N y que la indagatoria se realizar\u00e1 con estricto apego a derecho y para informar oportunamente de los avances cuando los plazos legales as\u00ed lo permitan.<\/p>\n<p>vare<\/p>\n<p>Publicaci\u00f3n Original: <a href=\"https:\/\/www.eluniversal.com.mx\/metropoli\/edomex\/sospechoso-de-matar-al-papa-de-luis-miranda-no-se-suicido-lo-mataron-fiscalia\" target=\"_blank\" rel=\"noopener noreferrer\">https:\/\/www.eluniversal.com.mx\/metropoli\/edomex\/sospechoso-de-matar-al-papa-de-luis-miranda-no-se-suicido-lo-mataron-fiscalia<\/a><\/p>\n","protected":false},"excerpt":{"rendered":"<p>Toluca, M\u00e9x.- La Fiscal\u00eda General de Justicia del Estado de M\u00e9xico inform\u00f3 que la causa de muerte de Arturo N, el presunto responsable de haber asesinado al notario p\u00fablico Luis Miranda Cardoso, fue un \u201ctraumatismo craneoencef\u00e1lico severo\u201d y no suicidio como hab\u00eda asegurado la Secretar\u00eda de Seguridad estatal, el martes pasado.&nbsp; Mediante una tarjeta informativa la FGJEM dio a conocer que alrededor de las 22:30 hora, recibieron la notificaci\u00f3n sobre el hallazgo del cuerpo sin vida de este sujeto de 56 a\u00f1os de edad, dentro del \u00e1rea conocida como \u201cImaginaria\u201d, en el Centro Penitenciario de Almoloya de Ju\u00e1rez, el lunes 17 de agosto pasado Arturo N, era investigado por su probable participaci\u00f3n en el homicidio del pap\u00e1 del exsecretario de Desarrollo Social, Luis Miranda Nava ocurrido el 11 de agosto pasado, donde supuestamente participaron otras dos personas en un robo a casa habitaci\u00f3n.&nbsp;Sin embargo, tras su aprehensi\u00f3n, ingres\u00f3 al penal de Santiaguito y el lunes por la noche su cuerpo fue hallado colgado del barrote de una ventana con un pantal\u00f3n atado al cuello. Por lo que la Fiscal\u00eda realiz\u00f3 las diligencias periciales referentes a criminal\u00edstica, fotograf\u00eda y se llev\u00f3 a cabo el levantamiento del cuerpo, el cual fue trasladado a las instalaciones de la Coordinaci\u00f3n General de Servicios Periciales (CGSP) de esta Instituci\u00f3n. Si bien, los indicios encontrados en el lugar de los hechos y los datos de prueba preliminares eran coincidentes con un aparente suicidio, una vez que el cuerpo fue analizado por especialistas en medicina forense de la FGJEM, fue posible determinar que esta persona presentaba diversas lesiones recientes, entre ellas un traumatismo craneoencef\u00e1lico severo, mismo que fue identificado como la causa de muerte. La fiscal\u00eda indic\u00f3 que tras realizar las pruebas periciales correspondientes se llevaron a cabo los tr\u00e1mites legales respectivos para que el cuerpo fuera entregado a sus familiares y que durante el desarrollo de estas diligencias se ha contado con el apoyo y colaboraci\u00f3n de la Secretar\u00eda de Seguridad del Estado de M\u00e9xico. La FGJEM refiri\u00f3 &nbsp;que mantiene una investigaci\u00f3n para determinar la causa de las lesiones encontradas en Arturo N y que la indagatoria se realizar\u00e1 con estricto apego a derecho y para informar oportunamente de los avances cuando los plazos legales as\u00ed lo permitan. vare Publicaci\u00f3n Original: https:\/\/www.eluniversal.com.mx\/metropoli\/edomex\/sospechoso-de-matar-al-papa-de-luis-miranda-no-se-suicido-lo-mataron-fiscalia<\/p>\n","protected":false},"author":1,"featured_media":17310,"comment_status":"open","ping_status":"closed","sticky":false,"template":"","format":"standard","meta":{"_monsterinsights_skip_tracking":false,"_uf_show_specific_survey":0,"_uf_disable_surveys":false,"footnotes":""},"categories":[36],"tags":[],"class_list":["post-17309","post","type-post","status-publish","format-standard","has-post-thumbnail","hentry","category-el-mundo"],"yoast_head":"<!-- This site is optimized with the Yoast SEO plugin v27.5 - https:\/\/yoast.com\/product\/yoast-seo-wordpress\/ -->\n<title>Sospechoso de matar al pap\u00e1 de Luis Miranda no se suicid\u00f3, lo mataron: Fiscal\u00eda - Fer Abrajan<\/title>\n<meta name=\"robots\" content=\"index, follow, max-snippet:-1, max-image-preview:large, max-video-preview:-1\" \/>\n<link rel=\"canonical\" href=\"https:\/\/ferabrajan.com\/portal\/2020\/08\/22\/sospechoso-de-matar-al-papa-de-luis-miranda-no-se-suicido-lo-mataron-fiscalia\/\" \/>\n<meta property=\"og:locale\" content=\"es_ES\" \/>\n<meta property=\"og:type\" content=\"article\" \/>\n<meta property=\"og:title\" content=\"Sospechoso de matar al pap\u00e1 de Luis Miranda no se suicid\u00f3, lo mataron: Fiscal\u00eda - Fer Abrajan\" \/>\n<meta property=\"og:description\" content=\"Toluca, M\u00e9x.- La Fiscal\u00eda General de Justicia del Estado de M\u00e9xico inform\u00f3 que la causa de muerte de Arturo N, el presunto responsable de haber asesinado al notario p\u00fablico Luis Miranda Cardoso, fue un \u201ctraumatismo craneoencef\u00e1lico severo\u201d y no suicidio como hab\u00eda asegurado la Secretar\u00eda de Seguridad estatal, el martes pasado.&nbsp; Mediante una tarjeta informativa la FGJEM dio a conocer que alrededor de las 22:30 hora, recibieron la notificaci\u00f3n sobre el hallazgo del cuerpo sin vida de este sujeto de 56 a\u00f1os de edad, dentro del \u00e1rea conocida como \u201cImaginaria\u201d, en el Centro Penitenciario de Almoloya de Ju\u00e1rez, el lunes 17 de agosto pasado Arturo N, era investigado por su probable participaci\u00f3n en el homicidio del pap\u00e1 del exsecretario de Desarrollo Social, Luis Miranda Nava ocurrido el 11 de agosto pasado, donde supuestamente participaron otras dos personas en un robo a casa habitaci\u00f3n.&nbsp;Sin embargo, tras su aprehensi\u00f3n, ingres\u00f3 al penal de Santiaguito y el lunes por la noche su cuerpo fue hallado colgado del barrote de una ventana con un pantal\u00f3n atado al cuello. Por lo que la Fiscal\u00eda realiz\u00f3 las diligencias periciales referentes a criminal\u00edstica, fotograf\u00eda y se llev\u00f3 a cabo el levantamiento del cuerpo, el cual fue trasladado a las instalaciones de la Coordinaci\u00f3n General de Servicios Periciales (CGSP) de esta Instituci\u00f3n. Si bien, los indicios encontrados en el lugar de los hechos y los datos de prueba preliminares eran coincidentes con un aparente suicidio, una vez que el cuerpo fue analizado por especialistas en medicina forense de la FGJEM, fue posible determinar que esta persona presentaba diversas lesiones recientes, entre ellas un traumatismo craneoencef\u00e1lico severo, mismo que fue identificado como la causa de muerte. La fiscal\u00eda indic\u00f3 que tras realizar las pruebas periciales correspondientes se llevaron a cabo los tr\u00e1mites legales respectivos para que el cuerpo fuera entregado a sus familiares y que durante el desarrollo de estas diligencias se ha contado con el apoyo y colaboraci\u00f3n de la Secretar\u00eda de Seguridad del Estado de M\u00e9xico. La FGJEM refiri\u00f3 &nbsp;que mantiene una investigaci\u00f3n para determinar la causa de las lesiones encontradas en Arturo N y que la indagatoria se realizar\u00e1 con estricto apego a derecho y para informar oportunamente de los avances cuando los plazos legales as\u00ed lo permitan. vare Publicaci\u00f3n Original: https:\/\/www.eluniversal.com.mx\/metropoli\/edomex\/sospechoso-de-matar-al-papa-de-luis-miranda-no-se-suicido-lo-mataron-fiscalia\" \/>\n<meta property=\"og:url\" content=\"https:\/\/ferabrajan.com\/portal\/2020\/08\/22\/sospechoso-de-matar-al-papa-de-luis-miranda-no-se-suicido-lo-mataron-fiscalia\/\" \/>\n<meta property=\"og:site_name\" content=\"Fer Abrajan\" \/>\n<meta property=\"article:publisher\" content=\"https:\/\/www.facebook.com\/NoticiasconFerAbrajan\/\" \/>\n<meta property=\"article:published_time\" content=\"2020-08-22T20:53:00+00:00\" \/>\n<meta name=\"author\" content=\"admin\" \/>\n<meta name=\"twitter:card\" content=\"summary_large_image\" \/>\n<meta name=\"twitter:creator\" content=\"@ferabrajan1\" \/>\n<meta name=\"twitter:site\" content=\"@ferabrajan1\" \/>\n<meta name=\"twitter:label1\" content=\"Escrito por\" \/>\n\t<meta name=\"twitter:data1\" content=\"admin\" \/>\n\t<meta name=\"twitter:label2\" content=\"Tiempo de lectura\" \/>\n\t<meta name=\"twitter:data2\" content=\"2 minutos\" \/>\n<script type=\"application\/ld+json\" class=\"yoast-schema-graph\">{\"@context\":\"https:\\\/\\\/schema.org\",\"@graph\":[{\"@type\":\"Article\",\"@id\":\"https:\\\/\\\/ferabrajan.com\\\/portal\\\/2020\\\/08\\\/22\\\/sospechoso-de-matar-al-papa-de-luis-miranda-no-se-suicido-lo-mataron-fiscalia\\\/#article\",\"isPartOf\":{\"@id\":\"https:\\\/\\\/ferabrajan.com\\\/portal\\\/2020\\\/08\\\/22\\\/sospechoso-de-matar-al-papa-de-luis-miranda-no-se-suicido-lo-mataron-fiscalia\\\/\"},\"author\":{\"name\":\"admin\",\"@id\":\"https:\\\/\\\/ferabrajan.com\\\/portal\\\/#\\\/schema\\\/person\\\/f6113b3cb1e036d5c6a9505685b257ba\"},\"headline\":\"Sospechoso de matar al pap\u00e1 de Luis Miranda no se suicid\u00f3, lo mataron: Fiscal\u00eda\",\"datePublished\":\"2020-08-22T20:53:00+00:00\",\"mainEntityOfPage\":{\"@id\":\"https:\\\/\\\/ferabrajan.com\\\/portal\\\/2020\\\/08\\\/22\\\/sospechoso-de-matar-al-papa-de-luis-miranda-no-se-suicido-lo-mataron-fiscalia\\\/\"},\"wordCount\":426,\"commentCount\":0,\"publisher\":{\"@id\":\"https:\\\/\\\/ferabrajan.com\\\/portal\\\/#organization\"},\"image\":{\"@id\":\"https:\\\/\\\/ferabrajan.com\\\/portal\\\/2020\\\/08\\\/22\\\/sospechoso-de-matar-al-papa-de-luis-miranda-no-se-suicido-lo-mataron-fiscalia\\\/#primaryimage\"},\"thumbnailUrl\":\"\",\"articleSection\":[\"El Mundo\"],\"inLanguage\":\"es\"},{\"@type\":\"WebPage\",\"@id\":\"https:\\\/\\\/ferabrajan.com\\\/portal\\\/2020\\\/08\\\/22\\\/sospechoso-de-matar-al-papa-de-luis-miranda-no-se-suicido-lo-mataron-fiscalia\\\/\",\"url\":\"https:\\\/\\\/ferabrajan.com\\\/portal\\\/2020\\\/08\\\/22\\\/sospechoso-de-matar-al-papa-de-luis-miranda-no-se-suicido-lo-mataron-fiscalia\\\/\",\"name\":\"Sospechoso de matar al pap\u00e1 de Luis Miranda no se suicid\u00f3, lo mataron: Fiscal\u00eda - Fer Abrajan\",\"isPartOf\":{\"@id\":\"https:\\\/\\\/ferabrajan.com\\\/portal\\\/#website\"},\"primaryImageOfPage\":{\"@id\":\"https:\\\/\\\/ferabrajan.com\\\/portal\\\/2020\\\/08\\\/22\\\/sospechoso-de-matar-al-papa-de-luis-miranda-no-se-suicido-lo-mataron-fiscalia\\\/#primaryimage\"},\"image\":{\"@id\":\"https:\\\/\\\/ferabrajan.com\\\/portal\\\/2020\\\/08\\\/22\\\/sospechoso-de-matar-al-papa-de-luis-miranda-no-se-suicido-lo-mataron-fiscalia\\\/#primaryimage\"},\"thumbnailUrl\":\"\",\"datePublished\":\"2020-08-22T20:53:00+00:00\",\"breadcrumb\":{\"@id\":\"https:\\\/\\\/ferabrajan.com\\\/portal\\\/2020\\\/08\\\/22\\\/sospechoso-de-matar-al-papa-de-luis-miranda-no-se-suicido-lo-mataron-fiscalia\\\/#breadcrumb\"},\"inLanguage\":\"es\",\"potentialAction\":[{\"@type\":\"ReadAction\",\"target\":[\"https:\\\/\\\/ferabrajan.com\\\/portal\\\/2020\\\/08\\\/22\\\/sospechoso-de-matar-al-papa-de-luis-miranda-no-se-suicido-lo-mataron-fiscalia\\\/\"]}]},{\"@type\":\"ImageObject\",\"inLanguage\":\"es\",\"@id\":\"https:\\\/\\\/ferabrajan.com\\\/portal\\\/2020\\\/08\\\/22\\\/sospechoso-de-matar-al-papa-de-luis-miranda-no-se-suicido-lo-mataron-fiscalia\\\/#primaryimage\",\"url\":\"\",\"contentUrl\":\"\"},{\"@type\":\"BreadcrumbList\",\"@id\":\"https:\\\/\\\/ferabrajan.com\\\/portal\\\/2020\\\/08\\\/22\\\/sospechoso-de-matar-al-papa-de-luis-miranda-no-se-suicido-lo-mataron-fiscalia\\\/#breadcrumb\",\"itemListElement\":[{\"@type\":\"ListItem\",\"position\":1,\"name\":\"Portada\",\"item\":\"https:\\\/\\\/ferabrajan.com\\\/portal\\\/\"},{\"@type\":\"ListItem\",\"position\":2,\"name\":\"Sospechoso de matar al pap\u00e1 de Luis Miranda no se suicid\u00f3, lo mataron: Fiscal\u00eda\"}]},{\"@type\":\"WebSite\",\"@id\":\"https:\\\/\\\/ferabrajan.com\\\/portal\\\/#website\",\"url\":\"https:\\\/\\\/ferabrajan.com\\\/portal\\\/\",\"name\":\"Fer Abrajan\",\"description\":\"Noticias de Puebla, opini\u00f3n y radio en vivo\",\"publisher\":{\"@id\":\"https:\\\/\\\/ferabrajan.com\\\/portal\\\/#organization\"},\"potentialAction\":[{\"@type\":\"SearchAction\",\"target\":{\"@type\":\"EntryPoint\",\"urlTemplate\":\"https:\\\/\\\/ferabrajan.com\\\/portal\\\/?s={search_term_string}\"},\"query-input\":{\"@type\":\"PropertyValueSpecification\",\"valueRequired\":true,\"valueName\":\"search_term_string\"}}],\"inLanguage\":\"es\"},{\"@type\":\"Organization\",\"@id\":\"https:\\\/\\\/ferabrajan.com\\\/portal\\\/#organization\",\"name\":\"Fer Abrajan\",\"url\":\"https:\\\/\\\/ferabrajan.com\\\/portal\\\/\",\"logo\":{\"@type\":\"ImageObject\",\"inLanguage\":\"es\",\"@id\":\"https:\\\/\\\/ferabrajan.com\\\/portal\\\/#\\\/schema\\\/logo\\\/image\\\/\",\"url\":\"https:\\\/\\\/ferabrajan.com\\\/portal\\\/wp-content\\\/uploads\\\/2024\\\/10\\\/cropped-logo.jpeg\",\"contentUrl\":\"https:\\\/\\\/ferabrajan.com\\\/portal\\\/wp-content\\\/uploads\\\/2024\\\/10\\\/cropped-logo.jpeg\",\"width\":500,\"height\":250,\"caption\":\"Fer Abrajan\"},\"image\":{\"@id\":\"https:\\\/\\\/ferabrajan.com\\\/portal\\\/#\\\/schema\\\/logo\\\/image\\\/\"},\"sameAs\":[\"https:\\\/\\\/www.facebook.com\\\/NoticiasconFerAbrajan\\\/\",\"https:\\\/\\\/x.com\\\/ferabrajan1\"]},{\"@type\":\"Person\",\"@id\":\"https:\\\/\\\/ferabrajan.com\\\/portal\\\/#\\\/schema\\\/person\\\/f6113b3cb1e036d5c6a9505685b257ba\",\"name\":\"admin\",\"image\":{\"@type\":\"ImageObject\",\"inLanguage\":\"es\",\"@id\":\"https:\\\/\\\/secure.gravatar.com\\\/avatar\\\/072baa72775aad53c748dfc5d3048578e01b6c087eef335459ebfa04344e2d18?s=96&d=mm&r=g\",\"url\":\"https:\\\/\\\/secure.gravatar.com\\\/avatar\\\/072baa72775aad53c748dfc5d3048578e01b6c087eef335459ebfa04344e2d18?s=96&d=mm&r=g\",\"contentUrl\":\"https:\\\/\\\/secure.gravatar.com\\\/avatar\\\/072baa72775aad53c748dfc5d3048578e01b6c087eef335459ebfa04344e2d18?s=96&d=mm&r=g\",\"caption\":\"admin\"},\"sameAs\":[\"https:\\\/\\\/ferabrajan.com\\\/portal\"],\"url\":\"https:\\\/\\\/ferabrajan.com\\\/portal\\\/author\\\/admin\\\/\"}]}<\/script>\n<!-- \/ Yoast SEO plugin. -->","yoast_head_json":{"title":"Sospechoso de matar al pap\u00e1 de Luis Miranda no se suicid\u00f3, lo mataron: Fiscal\u00eda - Fer Abrajan","robots":{"index":"index","follow":"follow","max-snippet":"max-snippet:-1","max-image-preview":"max-image-preview:large","max-video-preview":"max-video-preview:-1"},"canonical":"https:\/\/ferabrajan.com\/portal\/2020\/08\/22\/sospechoso-de-matar-al-papa-de-luis-miranda-no-se-suicido-lo-mataron-fiscalia\/","og_locale":"es_ES","og_type":"article","og_title":"Sospechoso de matar al pap\u00e1 de Luis Miranda no se suicid\u00f3, lo mataron: Fiscal\u00eda - Fer Abrajan","og_description":"Toluca, M\u00e9x.- La Fiscal\u00eda General de Justicia del Estado de M\u00e9xico inform\u00f3 que la causa de muerte de Arturo N, el presunto responsable de haber asesinado al notario p\u00fablico Luis Miranda Cardoso, fue un \u201ctraumatismo craneoencef\u00e1lico severo\u201d y no suicidio como hab\u00eda asegurado la Secretar\u00eda de Seguridad estatal, el martes pasado.&nbsp; Mediante una tarjeta informativa la FGJEM dio a conocer que alrededor de las 22:30 hora, recibieron la notificaci\u00f3n sobre el hallazgo del cuerpo sin vida de este sujeto de 56 a\u00f1os de edad, dentro del \u00e1rea conocida como \u201cImaginaria\u201d, en el Centro Penitenciario de Almoloya de Ju\u00e1rez, el lunes 17 de agosto pasado Arturo N, era investigado por su probable participaci\u00f3n en el homicidio del pap\u00e1 del exsecretario de Desarrollo Social, Luis Miranda Nava ocurrido el 11 de agosto pasado, donde supuestamente participaron otras dos personas en un robo a casa habitaci\u00f3n.&nbsp;Sin embargo, tras su aprehensi\u00f3n, ingres\u00f3 al penal de Santiaguito y el lunes por la noche su cuerpo fue hallado colgado del barrote de una ventana con un pantal\u00f3n atado al cuello. Por lo que la Fiscal\u00eda realiz\u00f3 las diligencias periciales referentes a criminal\u00edstica, fotograf\u00eda y se llev\u00f3 a cabo el levantamiento del cuerpo, el cual fue trasladado a las instalaciones de la Coordinaci\u00f3n General de Servicios Periciales (CGSP) de esta Instituci\u00f3n. Si bien, los indicios encontrados en el lugar de los hechos y los datos de prueba preliminares eran coincidentes con un aparente suicidio, una vez que el cuerpo fue analizado por especialistas en medicina forense de la FGJEM, fue posible determinar que esta persona presentaba diversas lesiones recientes, entre ellas un traumatismo craneoencef\u00e1lico severo, mismo que fue identificado como la causa de muerte. La fiscal\u00eda indic\u00f3 que tras realizar las pruebas periciales correspondientes se llevaron a cabo los tr\u00e1mites legales respectivos para que el cuerpo fuera entregado a sus familiares y que durante el desarrollo de estas diligencias se ha contado con el apoyo y colaboraci\u00f3n de la Secretar\u00eda de Seguridad del Estado de M\u00e9xico. La FGJEM refiri\u00f3 &nbsp;que mantiene una investigaci\u00f3n para determinar la causa de las lesiones encontradas en Arturo N y que la indagatoria se realizar\u00e1 con estricto apego a derecho y para informar oportunamente de los avances cuando los plazos legales as\u00ed lo permitan. vare Publicaci\u00f3n Original: https:\/\/www.eluniversal.com.mx\/metropoli\/edomex\/sospechoso-de-matar-al-papa-de-luis-miranda-no-se-suicido-lo-mataron-fiscalia","og_url":"https:\/\/ferabrajan.com\/portal\/2020\/08\/22\/sospechoso-de-matar-al-papa-de-luis-miranda-no-se-suicido-lo-mataron-fiscalia\/","og_site_name":"Fer Abrajan","article_publisher":"https:\/\/www.facebook.com\/NoticiasconFerAbrajan\/","article_published_time":"2020-08-22T20:53:00+00:00","author":"admin","twitter_card":"summary_large_image","twitter_creator":"@ferabrajan1","twitter_site":"@ferabrajan1","twitter_misc":{"Escrito por":"admin","Tiempo de lectura":"2 minutos"},"schema":{"@context":"https:\/\/schema.org","@graph":[{"@type":"Article","@id":"https:\/\/ferabrajan.com\/portal\/2020\/08\/22\/sospechoso-de-matar-al-papa-de-luis-miranda-no-se-suicido-lo-mataron-fiscalia\/#article","isPartOf":{"@id":"https:\/\/ferabrajan.com\/portal\/2020\/08\/22\/sospechoso-de-matar-al-papa-de-luis-miranda-no-se-suicido-lo-mataron-fiscalia\/"},"author":{"name":"admin","@id":"https:\/\/ferabrajan.com\/portal\/#\/schema\/person\/f6113b3cb1e036d5c6a9505685b257ba"},"headline":"Sospechoso de matar al pap\u00e1 de Luis Miranda no se suicid\u00f3, lo mataron: Fiscal\u00eda","datePublished":"2020-08-22T20:53:00+00:00","mainEntityOfPage":{"@id":"https:\/\/ferabrajan.com\/portal\/2020\/08\/22\/sospechoso-de-matar-al-papa-de-luis-miranda-no-se-suicido-lo-mataron-fiscalia\/"},"wordCount":426,"commentCount":0,"publisher":{"@id":"https:\/\/ferabrajan.com\/portal\/#organization"},"image":{"@id":"https:\/\/ferabrajan.com\/portal\/2020\/08\/22\/sospechoso-de-matar-al-papa-de-luis-miranda-no-se-suicido-lo-mataron-fiscalia\/#primaryimage"},"thumbnailUrl":"","articleSection":["El Mundo"],"inLanguage":"es"},{"@type":"WebPage","@id":"https:\/\/ferabrajan.com\/portal\/2020\/08\/22\/sospechoso-de-matar-al-papa-de-luis-miranda-no-se-suicido-lo-mataron-fiscalia\/","url":"https:\/\/ferabrajan.com\/portal\/2020\/08\/22\/sospechoso-de-matar-al-papa-de-luis-miranda-no-se-suicido-lo-mataron-fiscalia\/","name":"Sospechoso de matar al pap\u00e1 de Luis Miranda no se suicid\u00f3, lo mataron: Fiscal\u00eda - Fer Abrajan","isPartOf":{"@id":"https:\/\/ferabrajan.com\/portal\/#website"},"primaryImageOfPage":{"@id":"https:\/\/ferabrajan.com\/portal\/2020\/08\/22\/sospechoso-de-matar-al-papa-de-luis-miranda-no-se-suicido-lo-mataron-fiscalia\/#primaryimage"},"image":{"@id":"https:\/\/ferabrajan.com\/portal\/2020\/08\/22\/sospechoso-de-matar-al-papa-de-luis-miranda-no-se-suicido-lo-mataron-fiscalia\/#primaryimage"},"thumbnailUrl":"","datePublished":"2020-08-22T20:53:00+00:00","breadcrumb":{"@id":"https:\/\/ferabrajan.com\/portal\/2020\/08\/22\/sospechoso-de-matar-al-papa-de-luis-miranda-no-se-suicido-lo-mataron-fiscalia\/#breadcrumb"},"inLanguage":"es","potentialAction":[{"@type":"ReadAction","target":["https:\/\/ferabrajan.com\/portal\/2020\/08\/22\/sospechoso-de-matar-al-papa-de-luis-miranda-no-se-suicido-lo-mataron-fiscalia\/"]}]},{"@type":"ImageObject","inLanguage":"es","@id":"https:\/\/ferabrajan.com\/portal\/2020\/08\/22\/sospechoso-de-matar-al-papa-de-luis-miranda-no-se-suicido-lo-mataron-fiscalia\/#primaryimage","url":"","contentUrl":""},{"@type":"BreadcrumbList","@id":"https:\/\/ferabrajan.com\/portal\/2020\/08\/22\/sospechoso-de-matar-al-papa-de-luis-miranda-no-se-suicido-lo-mataron-fiscalia\/#breadcrumb","itemListElement":[{"@type":"ListItem","position":1,"name":"Portada","item":"https:\/\/ferabrajan.com\/portal\/"},{"@type":"ListItem","position":2,"name":"Sospechoso de matar al pap\u00e1 de Luis Miranda no se suicid\u00f3, lo mataron: Fiscal\u00eda"}]},{"@type":"WebSite","@id":"https:\/\/ferabrajan.com\/portal\/#website","url":"https:\/\/ferabrajan.com\/portal\/","name":"Fer Abrajan","description":"Noticias de Puebla, opini\u00f3n y radio en vivo","publisher":{"@id":"https:\/\/ferabrajan.com\/portal\/#organization"},"potentialAction":[{"@type":"SearchAction","target":{"@type":"EntryPoint","urlTemplate":"https:\/\/ferabrajan.com\/portal\/?s={search_term_string}"},"query-input":{"@type":"PropertyValueSpecification","valueRequired":true,"valueName":"search_term_string"}}],"inLanguage":"es"},{"@type":"Organization","@id":"https:\/\/ferabrajan.com\/portal\/#organization","name":"Fer Abrajan","url":"https:\/\/ferabrajan.com\/portal\/","logo":{"@type":"ImageObject","inLanguage":"es","@id":"https:\/\/ferabrajan.com\/portal\/#\/schema\/logo\/image\/","url":"https:\/\/ferabrajan.com\/portal\/wp-content\/uploads\/2024\/10\/cropped-logo.jpeg","contentUrl":"https:\/\/ferabrajan.com\/portal\/wp-content\/uploads\/2024\/10\/cropped-logo.jpeg","width":500,"height":250,"caption":"Fer Abrajan"},"image":{"@id":"https:\/\/ferabrajan.com\/portal\/#\/schema\/logo\/image\/"},"sameAs":["https:\/\/www.facebook.com\/NoticiasconFerAbrajan\/","https:\/\/x.com\/ferabrajan1"]},{"@type":"Person","@id":"https:\/\/ferabrajan.com\/portal\/#\/schema\/person\/f6113b3cb1e036d5c6a9505685b257ba","name":"admin","image":{"@type":"ImageObject","inLanguage":"es","@id":"https:\/\/secure.gravatar.com\/avatar\/072baa72775aad53c748dfc5d3048578e01b6c087eef335459ebfa04344e2d18?s=96&d=mm&r=g","url":"https:\/\/secure.gravatar.com\/avatar\/072baa72775aad53c748dfc5d3048578e01b6c087eef335459ebfa04344e2d18?s=96&d=mm&r=g","contentUrl":"https:\/\/secure.gravatar.com\/avatar\/072baa72775aad53c748dfc5d3048578e01b6c087eef335459ebfa04344e2d18?s=96&d=mm&r=g","caption":"admin"},"sameAs":["https:\/\/ferabrajan.com\/portal"],"url":"https:\/\/ferabrajan.com\/portal\/author\/admin\/"}]}},"_links":{"self":[{"href":"https:\/\/ferabrajan.com\/portal\/wp-json\/wp\/v2\/posts\/17309","targetHints":{"allow":["GET"]}}],"collection":[{"href":"https:\/\/ferabrajan.com\/portal\/wp-json\/wp\/v2\/posts"}],"about":[{"href":"https:\/\/ferabrajan.com\/portal\/wp-json\/wp\/v2\/types\/post"}],"author":[{"embeddable":true,"href":"https:\/\/ferabrajan.com\/portal\/wp-json\/wp\/v2\/users\/1"}],"replies":[{"embeddable":true,"href":"https:\/\/ferabrajan.com\/portal\/wp-json\/wp\/v2\/comments?post=17309"}],"version-history":[{"count":0,"href":"https:\/\/ferabrajan.com\/portal\/wp-json\/wp\/v2\/posts\/17309\/revisions"}],"wp:attachment":[{"href":"https:\/\/ferabrajan.com\/portal\/wp-json\/wp\/v2\/media?parent=17309"}],"wp:term":[{"taxonomy":"category","embeddable":true,"href":"https:\/\/ferabrajan.com\/portal\/wp-json\/wp\/v2\/categories?post=17309"},{"taxonomy":"post_tag","embeddable":true,"href":"https:\/\/ferabrajan.com\/portal\/wp-json\/wp\/v2\/tags?post=17309"}],"curies":[{"name":"wp","href":"https:\/\/api.w.org\/{rel}","templated":true}]}}