{"id":17304,"date":"2020-08-22T00:55:17","date_gmt":"2020-08-22T00:55:17","guid":{"rendered":"https:\/\/www.elsoldepuebla.com.mx\/policiaca\/dos-tiendas-de-conveniencia-victimas-del-hampa-en-la-misma-tarde-puebla-camino-a-la-resurreccion-bosques-de-manzanilla-san-rafael-poniente-las-fuentes-5657106.html"},"modified":"2020-08-22T00:55:17","modified_gmt":"2020-08-22T00:55:17","slug":"dos-tiendas-de-conveniencia-victimas-del-hampa-en-la-misma-tarde","status":"publish","type":"post","link":"https:\/\/ferabrajan.com\/portal\/2020\/08\/22\/dos-tiendas-de-conveniencia-victimas-del-hampa-en-la-misma-tarde\/","title":{"rendered":"Dos tiendas de conveniencia, v\u00edctimas del hampa en la misma tarde"},"content":{"rendered":"<div><img decoding=\"async\" src=\"https:\/\/www.elsoldepuebla.com.mx\/policiaca\/q05tnc-asalto-oxxo1.jpg\/ALTERNATES\/LANDSCAPE_1140\/Asalto%20Oxxo1.jpg\" class=\"ff-og-image-inserted\"><\/div>\n<p>Dos tiendas de conveniencia fueron asaltadas este viernes en diferentes puntos de la ciudad; solo en uno de los casos, gracias a la reacci\u00f3n del guardia de seguridad privada que cuidaba el lugar, se logr\u00f3 el arresto del responsable, el cual, para evitar ser llevado a Rancho Colorado, al parecer, fingi\u00f3 convulsionar, sin embargo, qued\u00f3 a disposici\u00f3n de las autoridades ministeriales.<\/p>\n<p><strong>El primer caso se registr\u00f3 aproximadamente a las 7: 40 horas, sobre la calle Naranjo y Camino a la Resurrecci\u00f3n en la colonia Bosques de Manzanilla, donde dos sujetos de complexi\u00f3n delgada, altos y de tez blanca, irrumpieron para someter a los trabajadores y despu\u00e9s apoderarse de dinero en efectivo, cajetillas de cigarro y botellas de licor. Cometido el atraco, los maleantes escaparon del sitio.<\/strong><\/p>\n<p>Poco despu\u00e9s de las 18 horas, se inform\u00f3 a la polic\u00eda sobre un segundo robo pero en la tienda Oxxo de San Rafael Poniente, en inmediaciones del fraccionamiento Las Fuentes. Ah\u00ed, el guardia de seguridad privada que cuidaba el local enfrent\u00f3 al ladr\u00f3n, el cual fue sometido con un golpe. Instantes posteriores llegaron elementos de la polic\u00eda municipal de Puebla, quienes detuvieron al acusado, el cual al parecer fingi\u00f3 convulsionar para no ser llevado al Ministerio P\u00fablico.<\/p>\n<article class=\"doble-via media col-md-4 inline-story\"> <\/article>\n<p>Publicaci\u00f3n Original: <a href=\"https:\/\/www.elsoldepuebla.com.mx\/policiaca\/dos-tiendas-de-conveniencia-victimas-del-hampa-en-la-misma-tarde-puebla-camino-a-la-resurreccion-bosques-de-manzanilla-san-rafael-poniente-las-fuentes-5657106.html\" target=\"_blank\" rel=\"noopener noreferrer\">https:\/\/www.elsoldepuebla.com.mx\/policiaca\/dos-tiendas-de-conveniencia-victimas-del-hampa-en-la-misma-tarde-puebla-camino-a-la-resurreccion-bosques-de-manzanilla-san-rafael-poniente-las-fuentes-5657106.html<\/a><\/p>\n","protected":false},"excerpt":{"rendered":"<p>Dos tiendas de conveniencia fueron asaltadas este viernes en diferentes puntos de la ciudad; solo en uno de los casos, gracias a la reacci\u00f3n del guardia de seguridad privada que cuidaba el lugar, se logr\u00f3 el arresto del responsable, el cual, para evitar ser llevado a Rancho Colorado, al parecer, fingi\u00f3 convulsionar, sin embargo, qued\u00f3 a disposici\u00f3n de las autoridades ministeriales. El primer caso se registr\u00f3 aproximadamente a las 7: 40 horas, sobre la calle Naranjo y Camino a la Resurrecci\u00f3n en la colonia Bosques de Manzanilla, donde dos sujetos de complexi\u00f3n delgada, altos y de tez blanca, irrumpieron para someter a los trabajadores y despu\u00e9s apoderarse de dinero en efectivo, cajetillas de cigarro y botellas de licor. Cometido el atraco, los maleantes escaparon del sitio. Poco despu\u00e9s de las 18 horas, se inform\u00f3 a la polic\u00eda sobre un segundo robo pero en la tienda Oxxo de San Rafael Poniente, en inmediaciones del fraccionamiento Las Fuentes. Ah\u00ed, el guardia de seguridad privada que cuidaba el local enfrent\u00f3 al ladr\u00f3n, el cual fue sometido con un golpe. Instantes posteriores llegaron elementos de la polic\u00eda municipal de Puebla, quienes detuvieron al acusado, el cual al parecer fingi\u00f3 convulsionar para no ser llevado al Ministerio P\u00fablico. Publicaci\u00f3n Original: https:\/\/www.elsoldepuebla.com.mx\/policiaca\/dos-tiendas-de-conveniencia-victimas-del-hampa-en-la-misma-tarde-puebla-camino-a-la-resurreccion-bosques-de-manzanilla-san-rafael-poniente-las-fuentes-5657106.html<\/p>\n","protected":false},"author":1,"featured_media":17308,"comment_status":"closed","ping_status":"closed","sticky":false,"template":"","format":"standard","meta":{"_monsterinsights_skip_tracking":false,"_uf_show_specific_survey":0,"_uf_disable_surveys":false,"footnotes":""},"categories":[34],"tags":[],"class_list":["post-17304","post","type-post","status-publish","format-standard","has-post-thumbnail","hentry","category-puebla"],"yoast_head":"<!-- This site is optimized with the Yoast SEO plugin v27.5 - https:\/\/yoast.com\/product\/yoast-seo-wordpress\/ -->\n<title>Dos tiendas de conveniencia, v\u00edctimas del hampa en la misma tarde - Fer Abrajan<\/title>\n<meta name=\"robots\" content=\"index, follow, max-snippet:-1, max-image-preview:large, max-video-preview:-1\" \/>\n<link rel=\"canonical\" href=\"https:\/\/ferabrajan.com\/portal\/2020\/08\/22\/dos-tiendas-de-conveniencia-victimas-del-hampa-en-la-misma-tarde\/\" \/>\n<meta property=\"og:locale\" content=\"es_ES\" \/>\n<meta property=\"og:type\" content=\"article\" \/>\n<meta property=\"og:title\" content=\"Dos tiendas de conveniencia, v\u00edctimas del hampa en la misma tarde - Fer Abrajan\" \/>\n<meta property=\"og:description\" content=\"Dos tiendas de conveniencia fueron asaltadas este viernes en diferentes puntos de la ciudad; solo en uno de los casos, gracias a la reacci\u00f3n del guardia de seguridad privada que cuidaba el lugar, se logr\u00f3 el arresto del responsable, el cual, para evitar ser llevado a Rancho Colorado, al parecer, fingi\u00f3 convulsionar, sin embargo, qued\u00f3 a disposici\u00f3n de las autoridades ministeriales. El primer caso se registr\u00f3 aproximadamente a las 7: 40 horas, sobre la calle Naranjo y Camino a la Resurrecci\u00f3n en la colonia Bosques de Manzanilla, donde dos sujetos de complexi\u00f3n delgada, altos y de tez blanca, irrumpieron para someter a los trabajadores y despu\u00e9s apoderarse de dinero en efectivo, cajetillas de cigarro y botellas de licor. Cometido el atraco, los maleantes escaparon del sitio. Poco despu\u00e9s de las 18 horas, se inform\u00f3 a la polic\u00eda sobre un segundo robo pero en la tienda Oxxo de San Rafael Poniente, en inmediaciones del fraccionamiento Las Fuentes. Ah\u00ed, el guardia de seguridad privada que cuidaba el local enfrent\u00f3 al ladr\u00f3n, el cual fue sometido con un golpe. Instantes posteriores llegaron elementos de la polic\u00eda municipal de Puebla, quienes detuvieron al acusado, el cual al parecer fingi\u00f3 convulsionar para no ser llevado al Ministerio P\u00fablico. Publicaci\u00f3n Original: https:\/\/www.elsoldepuebla.com.mx\/policiaca\/dos-tiendas-de-conveniencia-victimas-del-hampa-en-la-misma-tarde-puebla-camino-a-la-resurreccion-bosques-de-manzanilla-san-rafael-poniente-las-fuentes-5657106.html\" \/>\n<meta property=\"og:url\" content=\"https:\/\/ferabrajan.com\/portal\/2020\/08\/22\/dos-tiendas-de-conveniencia-victimas-del-hampa-en-la-misma-tarde\/\" \/>\n<meta property=\"og:site_name\" content=\"Fer Abrajan\" \/>\n<meta property=\"article:publisher\" content=\"https:\/\/www.facebook.com\/NoticiasconFerAbrajan\/\" \/>\n<meta property=\"article:published_time\" content=\"2020-08-22T00:55:17+00:00\" \/>\n<meta name=\"author\" content=\"admin\" \/>\n<meta name=\"twitter:card\" content=\"summary_large_image\" \/>\n<meta name=\"twitter:creator\" content=\"@ferabrajan1\" \/>\n<meta name=\"twitter:site\" content=\"@ferabrajan1\" \/>\n<meta name=\"twitter:label1\" content=\"Escrito por\" \/>\n\t<meta name=\"twitter:data1\" content=\"admin\" \/>\n\t<meta name=\"twitter:label2\" content=\"Tiempo de lectura\" \/>\n\t<meta name=\"twitter:data2\" content=\"1 minuto\" \/>\n<script type=\"application\/ld+json\" class=\"yoast-schema-graph\">{\"@context\":\"https:\\\/\\\/schema.org\",\"@graph\":[{\"@type\":\"Article\",\"@id\":\"https:\\\/\\\/ferabrajan.com\\\/portal\\\/2020\\\/08\\\/22\\\/dos-tiendas-de-conveniencia-victimas-del-hampa-en-la-misma-tarde\\\/#article\",\"isPartOf\":{\"@id\":\"https:\\\/\\\/ferabrajan.com\\\/portal\\\/2020\\\/08\\\/22\\\/dos-tiendas-de-conveniencia-victimas-del-hampa-en-la-misma-tarde\\\/\"},\"author\":{\"name\":\"admin\",\"@id\":\"https:\\\/\\\/ferabrajan.com\\\/portal\\\/#\\\/schema\\\/person\\\/f6113b3cb1e036d5c6a9505685b257ba\"},\"headline\":\"Dos tiendas de conveniencia, v\u00edctimas del hampa en la misma tarde\",\"datePublished\":\"2020-08-22T00:55:17+00:00\",\"mainEntityOfPage\":{\"@id\":\"https:\\\/\\\/ferabrajan.com\\\/portal\\\/2020\\\/08\\\/22\\\/dos-tiendas-de-conveniencia-victimas-del-hampa-en-la-misma-tarde\\\/\"},\"wordCount\":233,\"publisher\":{\"@id\":\"https:\\\/\\\/ferabrajan.com\\\/portal\\\/#organization\"},\"image\":{\"@id\":\"https:\\\/\\\/ferabrajan.com\\\/portal\\\/2020\\\/08\\\/22\\\/dos-tiendas-de-conveniencia-victimas-del-hampa-en-la-misma-tarde\\\/#primaryimage\"},\"thumbnailUrl\":\"\",\"articleSection\":[\"Puebla\"],\"inLanguage\":\"es\"},{\"@type\":\"WebPage\",\"@id\":\"https:\\\/\\\/ferabrajan.com\\\/portal\\\/2020\\\/08\\\/22\\\/dos-tiendas-de-conveniencia-victimas-del-hampa-en-la-misma-tarde\\\/\",\"url\":\"https:\\\/\\\/ferabrajan.com\\\/portal\\\/2020\\\/08\\\/22\\\/dos-tiendas-de-conveniencia-victimas-del-hampa-en-la-misma-tarde\\\/\",\"name\":\"Dos tiendas de conveniencia, v\u00edctimas del hampa en la misma tarde - Fer Abrajan\",\"isPartOf\":{\"@id\":\"https:\\\/\\\/ferabrajan.com\\\/portal\\\/#website\"},\"primaryImageOfPage\":{\"@id\":\"https:\\\/\\\/ferabrajan.com\\\/portal\\\/2020\\\/08\\\/22\\\/dos-tiendas-de-conveniencia-victimas-del-hampa-en-la-misma-tarde\\\/#primaryimage\"},\"image\":{\"@id\":\"https:\\\/\\\/ferabrajan.com\\\/portal\\\/2020\\\/08\\\/22\\\/dos-tiendas-de-conveniencia-victimas-del-hampa-en-la-misma-tarde\\\/#primaryimage\"},\"thumbnailUrl\":\"\",\"datePublished\":\"2020-08-22T00:55:17+00:00\",\"breadcrumb\":{\"@id\":\"https:\\\/\\\/ferabrajan.com\\\/portal\\\/2020\\\/08\\\/22\\\/dos-tiendas-de-conveniencia-victimas-del-hampa-en-la-misma-tarde\\\/#breadcrumb\"},\"inLanguage\":\"es\",\"potentialAction\":[{\"@type\":\"ReadAction\",\"target\":[\"https:\\\/\\\/ferabrajan.com\\\/portal\\\/2020\\\/08\\\/22\\\/dos-tiendas-de-conveniencia-victimas-del-hampa-en-la-misma-tarde\\\/\"]}]},{\"@type\":\"ImageObject\",\"inLanguage\":\"es\",\"@id\":\"https:\\\/\\\/ferabrajan.com\\\/portal\\\/2020\\\/08\\\/22\\\/dos-tiendas-de-conveniencia-victimas-del-hampa-en-la-misma-tarde\\\/#primaryimage\",\"url\":\"\",\"contentUrl\":\"\"},{\"@type\":\"BreadcrumbList\",\"@id\":\"https:\\\/\\\/ferabrajan.com\\\/portal\\\/2020\\\/08\\\/22\\\/dos-tiendas-de-conveniencia-victimas-del-hampa-en-la-misma-tarde\\\/#breadcrumb\",\"itemListElement\":[{\"@type\":\"ListItem\",\"position\":1,\"name\":\"Portada\",\"item\":\"https:\\\/\\\/ferabrajan.com\\\/portal\\\/\"},{\"@type\":\"ListItem\",\"position\":2,\"name\":\"Dos tiendas de conveniencia, v\u00edctimas del hampa en la misma tarde\"}]},{\"@type\":\"WebSite\",\"@id\":\"https:\\\/\\\/ferabrajan.com\\\/portal\\\/#website\",\"url\":\"https:\\\/\\\/ferabrajan.com\\\/portal\\\/\",\"name\":\"Fer Abrajan\",\"description\":\"Noticias de Puebla, opini\u00f3n y radio en vivo\",\"publisher\":{\"@id\":\"https:\\\/\\\/ferabrajan.com\\\/portal\\\/#organization\"},\"potentialAction\":[{\"@type\":\"SearchAction\",\"target\":{\"@type\":\"EntryPoint\",\"urlTemplate\":\"https:\\\/\\\/ferabrajan.com\\\/portal\\\/?s={search_term_string}\"},\"query-input\":{\"@type\":\"PropertyValueSpecification\",\"valueRequired\":true,\"valueName\":\"search_term_string\"}}],\"inLanguage\":\"es\"},{\"@type\":\"Organization\",\"@id\":\"https:\\\/\\\/ferabrajan.com\\\/portal\\\/#organization\",\"name\":\"Fer Abrajan\",\"url\":\"https:\\\/\\\/ferabrajan.com\\\/portal\\\/\",\"logo\":{\"@type\":\"ImageObject\",\"inLanguage\":\"es\",\"@id\":\"https:\\\/\\\/ferabrajan.com\\\/portal\\\/#\\\/schema\\\/logo\\\/image\\\/\",\"url\":\"https:\\\/\\\/ferabrajan.com\\\/portal\\\/wp-content\\\/uploads\\\/2024\\\/10\\\/cropped-logo.jpeg\",\"contentUrl\":\"https:\\\/\\\/ferabrajan.com\\\/portal\\\/wp-content\\\/uploads\\\/2024\\\/10\\\/cropped-logo.jpeg\",\"width\":500,\"height\":250,\"caption\":\"Fer Abrajan\"},\"image\":{\"@id\":\"https:\\\/\\\/ferabrajan.com\\\/portal\\\/#\\\/schema\\\/logo\\\/image\\\/\"},\"sameAs\":[\"https:\\\/\\\/www.facebook.com\\\/NoticiasconFerAbrajan\\\/\",\"https:\\\/\\\/x.com\\\/ferabrajan1\"]},{\"@type\":\"Person\",\"@id\":\"https:\\\/\\\/ferabrajan.com\\\/portal\\\/#\\\/schema\\\/person\\\/f6113b3cb1e036d5c6a9505685b257ba\",\"name\":\"admin\",\"image\":{\"@type\":\"ImageObject\",\"inLanguage\":\"es\",\"@id\":\"https:\\\/\\\/secure.gravatar.com\\\/avatar\\\/072baa72775aad53c748dfc5d3048578e01b6c087eef335459ebfa04344e2d18?s=96&d=mm&r=g\",\"url\":\"https:\\\/\\\/secure.gravatar.com\\\/avatar\\\/072baa72775aad53c748dfc5d3048578e01b6c087eef335459ebfa04344e2d18?s=96&d=mm&r=g\",\"contentUrl\":\"https:\\\/\\\/secure.gravatar.com\\\/avatar\\\/072baa72775aad53c748dfc5d3048578e01b6c087eef335459ebfa04344e2d18?s=96&d=mm&r=g\",\"caption\":\"admin\"},\"sameAs\":[\"https:\\\/\\\/ferabrajan.com\\\/portal\"],\"url\":\"https:\\\/\\\/ferabrajan.com\\\/portal\\\/author\\\/admin\\\/\"}]}<\/script>\n<!-- \/ Yoast SEO plugin. -->","yoast_head_json":{"title":"Dos tiendas de conveniencia, v\u00edctimas del hampa en la misma tarde - Fer Abrajan","robots":{"index":"index","follow":"follow","max-snippet":"max-snippet:-1","max-image-preview":"max-image-preview:large","max-video-preview":"max-video-preview:-1"},"canonical":"https:\/\/ferabrajan.com\/portal\/2020\/08\/22\/dos-tiendas-de-conveniencia-victimas-del-hampa-en-la-misma-tarde\/","og_locale":"es_ES","og_type":"article","og_title":"Dos tiendas de conveniencia, v\u00edctimas del hampa en la misma tarde - Fer Abrajan","og_description":"Dos tiendas de conveniencia fueron asaltadas este viernes en diferentes puntos de la ciudad; solo en uno de los casos, gracias a la reacci\u00f3n del guardia de seguridad privada que cuidaba el lugar, se logr\u00f3 el arresto del responsable, el cual, para evitar ser llevado a Rancho Colorado, al parecer, fingi\u00f3 convulsionar, sin embargo, qued\u00f3 a disposici\u00f3n de las autoridades ministeriales. El primer caso se registr\u00f3 aproximadamente a las 7: 40 horas, sobre la calle Naranjo y Camino a la Resurrecci\u00f3n en la colonia Bosques de Manzanilla, donde dos sujetos de complexi\u00f3n delgada, altos y de tez blanca, irrumpieron para someter a los trabajadores y despu\u00e9s apoderarse de dinero en efectivo, cajetillas de cigarro y botellas de licor. Cometido el atraco, los maleantes escaparon del sitio. Poco despu\u00e9s de las 18 horas, se inform\u00f3 a la polic\u00eda sobre un segundo robo pero en la tienda Oxxo de San Rafael Poniente, en inmediaciones del fraccionamiento Las Fuentes. Ah\u00ed, el guardia de seguridad privada que cuidaba el local enfrent\u00f3 al ladr\u00f3n, el cual fue sometido con un golpe. Instantes posteriores llegaron elementos de la polic\u00eda municipal de Puebla, quienes detuvieron al acusado, el cual al parecer fingi\u00f3 convulsionar para no ser llevado al Ministerio P\u00fablico. Publicaci\u00f3n Original: https:\/\/www.elsoldepuebla.com.mx\/policiaca\/dos-tiendas-de-conveniencia-victimas-del-hampa-en-la-misma-tarde-puebla-camino-a-la-resurreccion-bosques-de-manzanilla-san-rafael-poniente-las-fuentes-5657106.html","og_url":"https:\/\/ferabrajan.com\/portal\/2020\/08\/22\/dos-tiendas-de-conveniencia-victimas-del-hampa-en-la-misma-tarde\/","og_site_name":"Fer Abrajan","article_publisher":"https:\/\/www.facebook.com\/NoticiasconFerAbrajan\/","article_published_time":"2020-08-22T00:55:17+00:00","author":"admin","twitter_card":"summary_large_image","twitter_creator":"@ferabrajan1","twitter_site":"@ferabrajan1","twitter_misc":{"Escrito por":"admin","Tiempo de lectura":"1 minuto"},"schema":{"@context":"https:\/\/schema.org","@graph":[{"@type":"Article","@id":"https:\/\/ferabrajan.com\/portal\/2020\/08\/22\/dos-tiendas-de-conveniencia-victimas-del-hampa-en-la-misma-tarde\/#article","isPartOf":{"@id":"https:\/\/ferabrajan.com\/portal\/2020\/08\/22\/dos-tiendas-de-conveniencia-victimas-del-hampa-en-la-misma-tarde\/"},"author":{"name":"admin","@id":"https:\/\/ferabrajan.com\/portal\/#\/schema\/person\/f6113b3cb1e036d5c6a9505685b257ba"},"headline":"Dos tiendas de conveniencia, v\u00edctimas del hampa en la misma tarde","datePublished":"2020-08-22T00:55:17+00:00","mainEntityOfPage":{"@id":"https:\/\/ferabrajan.com\/portal\/2020\/08\/22\/dos-tiendas-de-conveniencia-victimas-del-hampa-en-la-misma-tarde\/"},"wordCount":233,"publisher":{"@id":"https:\/\/ferabrajan.com\/portal\/#organization"},"image":{"@id":"https:\/\/ferabrajan.com\/portal\/2020\/08\/22\/dos-tiendas-de-conveniencia-victimas-del-hampa-en-la-misma-tarde\/#primaryimage"},"thumbnailUrl":"","articleSection":["Puebla"],"inLanguage":"es"},{"@type":"WebPage","@id":"https:\/\/ferabrajan.com\/portal\/2020\/08\/22\/dos-tiendas-de-conveniencia-victimas-del-hampa-en-la-misma-tarde\/","url":"https:\/\/ferabrajan.com\/portal\/2020\/08\/22\/dos-tiendas-de-conveniencia-victimas-del-hampa-en-la-misma-tarde\/","name":"Dos tiendas de conveniencia, v\u00edctimas del hampa en la misma tarde - Fer Abrajan","isPartOf":{"@id":"https:\/\/ferabrajan.com\/portal\/#website"},"primaryImageOfPage":{"@id":"https:\/\/ferabrajan.com\/portal\/2020\/08\/22\/dos-tiendas-de-conveniencia-victimas-del-hampa-en-la-misma-tarde\/#primaryimage"},"image":{"@id":"https:\/\/ferabrajan.com\/portal\/2020\/08\/22\/dos-tiendas-de-conveniencia-victimas-del-hampa-en-la-misma-tarde\/#primaryimage"},"thumbnailUrl":"","datePublished":"2020-08-22T00:55:17+00:00","breadcrumb":{"@id":"https:\/\/ferabrajan.com\/portal\/2020\/08\/22\/dos-tiendas-de-conveniencia-victimas-del-hampa-en-la-misma-tarde\/#breadcrumb"},"inLanguage":"es","potentialAction":[{"@type":"ReadAction","target":["https:\/\/ferabrajan.com\/portal\/2020\/08\/22\/dos-tiendas-de-conveniencia-victimas-del-hampa-en-la-misma-tarde\/"]}]},{"@type":"ImageObject","inLanguage":"es","@id":"https:\/\/ferabrajan.com\/portal\/2020\/08\/22\/dos-tiendas-de-conveniencia-victimas-del-hampa-en-la-misma-tarde\/#primaryimage","url":"","contentUrl":""},{"@type":"BreadcrumbList","@id":"https:\/\/ferabrajan.com\/portal\/2020\/08\/22\/dos-tiendas-de-conveniencia-victimas-del-hampa-en-la-misma-tarde\/#breadcrumb","itemListElement":[{"@type":"ListItem","position":1,"name":"Portada","item":"https:\/\/ferabrajan.com\/portal\/"},{"@type":"ListItem","position":2,"name":"Dos tiendas de conveniencia, v\u00edctimas del hampa en la misma tarde"}]},{"@type":"WebSite","@id":"https:\/\/ferabrajan.com\/portal\/#website","url":"https:\/\/ferabrajan.com\/portal\/","name":"Fer Abrajan","description":"Noticias de Puebla, opini\u00f3n y radio en vivo","publisher":{"@id":"https:\/\/ferabrajan.com\/portal\/#organization"},"potentialAction":[{"@type":"SearchAction","target":{"@type":"EntryPoint","urlTemplate":"https:\/\/ferabrajan.com\/portal\/?s={search_term_string}"},"query-input":{"@type":"PropertyValueSpecification","valueRequired":true,"valueName":"search_term_string"}}],"inLanguage":"es"},{"@type":"Organization","@id":"https:\/\/ferabrajan.com\/portal\/#organization","name":"Fer Abrajan","url":"https:\/\/ferabrajan.com\/portal\/","logo":{"@type":"ImageObject","inLanguage":"es","@id":"https:\/\/ferabrajan.com\/portal\/#\/schema\/logo\/image\/","url":"https:\/\/ferabrajan.com\/portal\/wp-content\/uploads\/2024\/10\/cropped-logo.jpeg","contentUrl":"https:\/\/ferabrajan.com\/portal\/wp-content\/uploads\/2024\/10\/cropped-logo.jpeg","width":500,"height":250,"caption":"Fer Abrajan"},"image":{"@id":"https:\/\/ferabrajan.com\/portal\/#\/schema\/logo\/image\/"},"sameAs":["https:\/\/www.facebook.com\/NoticiasconFerAbrajan\/","https:\/\/x.com\/ferabrajan1"]},{"@type":"Person","@id":"https:\/\/ferabrajan.com\/portal\/#\/schema\/person\/f6113b3cb1e036d5c6a9505685b257ba","name":"admin","image":{"@type":"ImageObject","inLanguage":"es","@id":"https:\/\/secure.gravatar.com\/avatar\/072baa72775aad53c748dfc5d3048578e01b6c087eef335459ebfa04344e2d18?s=96&d=mm&r=g","url":"https:\/\/secure.gravatar.com\/avatar\/072baa72775aad53c748dfc5d3048578e01b6c087eef335459ebfa04344e2d18?s=96&d=mm&r=g","contentUrl":"https:\/\/secure.gravatar.com\/avatar\/072baa72775aad53c748dfc5d3048578e01b6c087eef335459ebfa04344e2d18?s=96&d=mm&r=g","caption":"admin"},"sameAs":["https:\/\/ferabrajan.com\/portal"],"url":"https:\/\/ferabrajan.com\/portal\/author\/admin\/"}]}},"_links":{"self":[{"href":"https:\/\/ferabrajan.com\/portal\/wp-json\/wp\/v2\/posts\/17304","targetHints":{"allow":["GET"]}}],"collection":[{"href":"https:\/\/ferabrajan.com\/portal\/wp-json\/wp\/v2\/posts"}],"about":[{"href":"https:\/\/ferabrajan.com\/portal\/wp-json\/wp\/v2\/types\/post"}],"author":[{"embeddable":true,"href":"https:\/\/ferabrajan.com\/portal\/wp-json\/wp\/v2\/users\/1"}],"replies":[{"embeddable":true,"href":"https:\/\/ferabrajan.com\/portal\/wp-json\/wp\/v2\/comments?post=17304"}],"version-history":[{"count":0,"href":"https:\/\/ferabrajan.com\/portal\/wp-json\/wp\/v2\/posts\/17304\/revisions"}],"wp:attachment":[{"href":"https:\/\/ferabrajan.com\/portal\/wp-json\/wp\/v2\/media?parent=17304"}],"wp:term":[{"taxonomy":"category","embeddable":true,"href":"https:\/\/ferabrajan.com\/portal\/wp-json\/wp\/v2\/categories?post=17304"},{"taxonomy":"post_tag","embeddable":true,"href":"https:\/\/ferabrajan.com\/portal\/wp-json\/wp\/v2\/tags?post=17304"}],"curies":[{"name":"wp","href":"https:\/\/api.w.org\/{rel}","templated":true}]}}