{"id":17294,"date":"2020-08-22T01:44:40","date_gmt":"2020-08-22T01:44:40","guid":{"rendered":"https:\/\/www.elsoldepuebla.com.mx\/local\/estado\/izucar-no-es-un-gobierno-de-puertas-abiertas-dicen-al-entrar-en-paro-trabajadores-del-servicio-de-limpia-5657312.html"},"modified":"2020-08-22T01:44:40","modified_gmt":"2020-08-22T01:44:40","slug":"izucar-no-es-un-gobierno-de-puertas-abiertas-dicen-al-entrar-en-paro-trabajadores","status":"publish","type":"post","link":"https:\/\/ferabrajan.com\/portal\/2020\/08\/22\/izucar-no-es-un-gobierno-de-puertas-abiertas-dicen-al-entrar-en-paro-trabajadores\/","title":{"rendered":"Iz\u00facar no es un gobierno de puertas abiertas, dicen al entrar en paro trabajadores"},"content":{"rendered":"<div><img decoding=\"async\" src=\"https:\/\/www.elsoldepuebla.com.mx\/local\/estado\/le6a1l-para-de-labores-izucar.jpg\/ALTERNATES\/LANDSCAPE_1140\/para%20de%20labores%20izucar.jpg\" class=\"ff-og-image-inserted\"><\/div>\n<p>Iz\u00facar de Matamoros.- Ante la poca respuesta del gobierno municipal de Iz\u00facar de Matamoros, este d\u00eda el personal del \u00e1rea de servicios p\u00fablicos decidi\u00f3 entrar a un paro laboral, luego de que externaron que no se respet\u00f3 el acuerdo que se pact\u00f3 desde el 2019, en el que indicaba un aumento salarial, prestaciones del servicio m\u00e9dico y mejoras laborales.<\/p>\n<p>Un trabajador quien pidi\u00f3 anonimato, extern\u00f3 que d\u00edas despu\u00e9s de que sus compa\u00f1eros polic\u00edas alzaron la voz, ellos tambi\u00e9n optaron por entrar en di\u00e1logo con la autoridad municipal para exigir un aumento salarial, pues desde el 2019, que se mantuvo un primer contacto con el alcalde Benjam\u00edn Hern\u00e1ndez, no se cumpli\u00f3 lo prometido, adem\u00e1s de que no cuentan con prestaciones m\u00e9dicas.<\/p>\n<p>Hace un par de d\u00edas, ellos exigieron un aumento salarial, pues esta es una de las \u00e1reas m\u00e1s castigadas y olvidadas, sin embargo, el ayuntamiento les ofreci\u00f3 un incremento del 3 por ciento, que equivale a 85 pesos que estar\u00eda integrada a su n\u00f3mina, de lo contrario tendr\u00edan que verse en la necesidad de hacer un corte en su aguinaldo, lo que motivo que decidieron unirse y entrar en paro.<\/p>\n<article class=\"policiaca media col-md-4 inline-story\"> <\/article>\n<p>\u201cEste ayuntamiento no es un gobierno de puertas abiertas, nos amenazaron diciendo que si quer\u00edamos trabajar as\u00ed, sino ni modos, \u00bfd\u00f3nde est\u00e1 su cuarta transformaci\u00f3n que pregon\u00f3 desde el inicio de esta administraci\u00f3n?\u201d puntualiz\u00f3.<\/p>\n<p>Lamentaron que el problema puede ser general, toda vez que dejaran de brindar los servicios hasta que el gobierno municipal recapacite y entienda que sus actividades son muy importantes, y tienen el riesgo a exponerse a enfermedades de diferente tipo y ahora m\u00e1s por lo de la pandemia y mosco transmisor del dengue.<\/p>\n<p>Confirmaron que tras el comunicado que habr\u00eda expuesto el ayuntamiento en donde especificaba que el servicio de limpia no se suspender\u00e1, esto se debe a que muy pocos que trabajan bajo contrato no se ven perjudicados y siguen laborando, pero en su mayor\u00eda cuentan con base, por lo que al ser pocos no se dar\u00e1n abasto, perjudicando a un futuro a las familias.<\/p>\n<p>Un empleado de esta \u00e1rea gana alrededor de 2 mil 500 pesos quincenales, mientras que los directores generan m\u00e1s de 10 mil pesos quincenales.<\/p>\n<article class=\"local media col-md-4 inline-story\"> <\/article>\n<article class=\"policiaca media col-md-4 inline-story\"> <\/article>\n<article class=\"local media col-md-4 inline-story\"> <\/article>\n<p>Publicaci\u00f3n Original: <a href=\"https:\/\/www.elsoldepuebla.com.mx\/local\/estado\/izucar-no-es-un-gobierno-de-puertas-abiertas-dicen-al-entrar-en-paro-trabajadores-del-servicio-de-limpia-5657312.html\" target=\"_blank\" rel=\"noopener noreferrer\">https:\/\/www.elsoldepuebla.com.mx\/local\/estado\/izucar-no-es-un-gobierno-de-puertas-abiertas-dicen-al-entrar-en-paro-trabajadores-del-servicio-de-limpia-5657312.html<\/a><\/p>\n","protected":false},"excerpt":{"rendered":"<p>Iz\u00facar de Matamoros.- Ante la poca respuesta del gobierno municipal de Iz\u00facar de Matamoros, este d\u00eda el personal del \u00e1rea de servicios p\u00fablicos decidi\u00f3 entrar a un paro laboral, luego de que externaron que no se respet\u00f3 el acuerdo que se pact\u00f3 desde el 2019, en el que indicaba un aumento salarial, prestaciones del servicio m\u00e9dico y mejoras laborales. Un trabajador quien pidi\u00f3 anonimato, extern\u00f3 que d\u00edas despu\u00e9s de que sus compa\u00f1eros polic\u00edas alzaron la voz, ellos tambi\u00e9n optaron por entrar en di\u00e1logo con la autoridad municipal para exigir un aumento salarial, pues desde el 2019, que se mantuvo un primer contacto con el alcalde Benjam\u00edn Hern\u00e1ndez, no se cumpli\u00f3 lo prometido, adem\u00e1s de que no cuentan con prestaciones m\u00e9dicas. Hace un par de d\u00edas, ellos exigieron un aumento salarial, pues esta es una de las \u00e1reas m\u00e1s castigadas y olvidadas, sin embargo, el ayuntamiento les ofreci\u00f3 un incremento del 3 por ciento, que equivale a 85 pesos que estar\u00eda integrada a su n\u00f3mina, de lo contrario tendr\u00edan que verse en la necesidad de hacer un corte en su aguinaldo, lo que motivo que decidieron unirse y entrar en paro. \u201cEste ayuntamiento no es un gobierno de puertas abiertas, nos amenazaron diciendo que si quer\u00edamos trabajar as\u00ed, sino ni modos, \u00bfd\u00f3nde est\u00e1 su cuarta transformaci\u00f3n que pregon\u00f3 desde el inicio de esta administraci\u00f3n?\u201d puntualiz\u00f3. Lamentaron que el problema puede ser general, toda vez que dejaran de brindar los servicios hasta que el gobierno municipal recapacite y entienda que sus actividades son muy importantes, y tienen el riesgo a exponerse a enfermedades de diferente tipo y ahora m\u00e1s por lo de la pandemia y mosco transmisor del dengue. Confirmaron que tras el comunicado que habr\u00eda expuesto el ayuntamiento en donde especificaba que el servicio de limpia no se suspender\u00e1, esto se debe a que muy pocos que trabajan bajo contrato no se ven perjudicados y siguen laborando, pero en su mayor\u00eda cuentan con base, por lo que al ser pocos no se dar\u00e1n abasto, perjudicando a un futuro a las familias. Un empleado de esta \u00e1rea gana alrededor de 2 mil 500 pesos quincenales, mientras que los directores generan m\u00e1s de 10 mil pesos quincenales. Publicaci\u00f3n Original: https:\/\/www.elsoldepuebla.com.mx\/local\/estado\/izucar-no-es-un-gobierno-de-puertas-abiertas-dicen-al-entrar-en-paro-trabajadores-del-servicio-de-limpia-5657312.html<\/p>\n","protected":false},"author":1,"featured_media":17298,"comment_status":"closed","ping_status":"closed","sticky":false,"template":"","format":"standard","meta":{"_monsterinsights_skip_tracking":false,"_uf_show_specific_survey":0,"_uf_disable_surveys":false,"footnotes":""},"categories":[34],"tags":[],"class_list":["post-17294","post","type-post","status-publish","format-standard","has-post-thumbnail","hentry","category-puebla"],"yoast_head":"<!-- This site is optimized with the Yoast SEO plugin v27.5 - https:\/\/yoast.com\/product\/yoast-seo-wordpress\/ -->\n<title>Iz\u00facar no es un gobierno de puertas abiertas, dicen al entrar en paro trabajadores - Fer Abrajan<\/title>\n<meta name=\"robots\" content=\"index, follow, max-snippet:-1, max-image-preview:large, max-video-preview:-1\" \/>\n<link rel=\"canonical\" href=\"https:\/\/ferabrajan.com\/portal\/2020\/08\/22\/izucar-no-es-un-gobierno-de-puertas-abiertas-dicen-al-entrar-en-paro-trabajadores\/\" \/>\n<meta property=\"og:locale\" content=\"es_ES\" \/>\n<meta property=\"og:type\" content=\"article\" \/>\n<meta property=\"og:title\" content=\"Iz\u00facar no es un gobierno de puertas abiertas, dicen al entrar en paro trabajadores - Fer Abrajan\" \/>\n<meta property=\"og:description\" content=\"Iz\u00facar de Matamoros.- Ante la poca respuesta del gobierno municipal de Iz\u00facar de Matamoros, este d\u00eda el personal del \u00e1rea de servicios p\u00fablicos decidi\u00f3 entrar a un paro laboral, luego de que externaron que no se respet\u00f3 el acuerdo que se pact\u00f3 desde el 2019, en el que indicaba un aumento salarial, prestaciones del servicio m\u00e9dico y mejoras laborales. Un trabajador quien pidi\u00f3 anonimato, extern\u00f3 que d\u00edas despu\u00e9s de que sus compa\u00f1eros polic\u00edas alzaron la voz, ellos tambi\u00e9n optaron por entrar en di\u00e1logo con la autoridad municipal para exigir un aumento salarial, pues desde el 2019, que se mantuvo un primer contacto con el alcalde Benjam\u00edn Hern\u00e1ndez, no se cumpli\u00f3 lo prometido, adem\u00e1s de que no cuentan con prestaciones m\u00e9dicas. Hace un par de d\u00edas, ellos exigieron un aumento salarial, pues esta es una de las \u00e1reas m\u00e1s castigadas y olvidadas, sin embargo, el ayuntamiento les ofreci\u00f3 un incremento del 3 por ciento, que equivale a 85 pesos que estar\u00eda integrada a su n\u00f3mina, de lo contrario tendr\u00edan que verse en la necesidad de hacer un corte en su aguinaldo, lo que motivo que decidieron unirse y entrar en paro. \u201cEste ayuntamiento no es un gobierno de puertas abiertas, nos amenazaron diciendo que si quer\u00edamos trabajar as\u00ed, sino ni modos, \u00bfd\u00f3nde est\u00e1 su cuarta transformaci\u00f3n que pregon\u00f3 desde el inicio de esta administraci\u00f3n?\u201d puntualiz\u00f3. Lamentaron que el problema puede ser general, toda vez que dejaran de brindar los servicios hasta que el gobierno municipal recapacite y entienda que sus actividades son muy importantes, y tienen el riesgo a exponerse a enfermedades de diferente tipo y ahora m\u00e1s por lo de la pandemia y mosco transmisor del dengue. Confirmaron que tras el comunicado que habr\u00eda expuesto el ayuntamiento en donde especificaba que el servicio de limpia no se suspender\u00e1, esto se debe a que muy pocos que trabajan bajo contrato no se ven perjudicados y siguen laborando, pero en su mayor\u00eda cuentan con base, por lo que al ser pocos no se dar\u00e1n abasto, perjudicando a un futuro a las familias. Un empleado de esta \u00e1rea gana alrededor de 2 mil 500 pesos quincenales, mientras que los directores generan m\u00e1s de 10 mil pesos quincenales. Publicaci\u00f3n Original: https:\/\/www.elsoldepuebla.com.mx\/local\/estado\/izucar-no-es-un-gobierno-de-puertas-abiertas-dicen-al-entrar-en-paro-trabajadores-del-servicio-de-limpia-5657312.html\" \/>\n<meta property=\"og:url\" content=\"https:\/\/ferabrajan.com\/portal\/2020\/08\/22\/izucar-no-es-un-gobierno-de-puertas-abiertas-dicen-al-entrar-en-paro-trabajadores\/\" \/>\n<meta property=\"og:site_name\" content=\"Fer Abrajan\" \/>\n<meta property=\"article:publisher\" content=\"https:\/\/www.facebook.com\/NoticiasconFerAbrajan\/\" \/>\n<meta property=\"article:published_time\" content=\"2020-08-22T01:44:40+00:00\" \/>\n<meta name=\"author\" content=\"admin\" \/>\n<meta name=\"twitter:card\" content=\"summary_large_image\" \/>\n<meta name=\"twitter:creator\" content=\"@ferabrajan1\" \/>\n<meta name=\"twitter:site\" content=\"@ferabrajan1\" \/>\n<meta name=\"twitter:label1\" content=\"Escrito por\" \/>\n\t<meta name=\"twitter:data1\" content=\"admin\" \/>\n\t<meta name=\"twitter:label2\" content=\"Tiempo de lectura\" \/>\n\t<meta name=\"twitter:data2\" content=\"2 minutos\" \/>\n<script type=\"application\/ld+json\" class=\"yoast-schema-graph\">{\"@context\":\"https:\\\/\\\/schema.org\",\"@graph\":[{\"@type\":\"Article\",\"@id\":\"https:\\\/\\\/ferabrajan.com\\\/portal\\\/2020\\\/08\\\/22\\\/izucar-no-es-un-gobierno-de-puertas-abiertas-dicen-al-entrar-en-paro-trabajadores\\\/#article\",\"isPartOf\":{\"@id\":\"https:\\\/\\\/ferabrajan.com\\\/portal\\\/2020\\\/08\\\/22\\\/izucar-no-es-un-gobierno-de-puertas-abiertas-dicen-al-entrar-en-paro-trabajadores\\\/\"},\"author\":{\"name\":\"admin\",\"@id\":\"https:\\\/\\\/ferabrajan.com\\\/portal\\\/#\\\/schema\\\/person\\\/f6113b3cb1e036d5c6a9505685b257ba\"},\"headline\":\"Iz\u00facar no es un gobierno de puertas abiertas, dicen al entrar en paro trabajadores\",\"datePublished\":\"2020-08-22T01:44:40+00:00\",\"mainEntityOfPage\":{\"@id\":\"https:\\\/\\\/ferabrajan.com\\\/portal\\\/2020\\\/08\\\/22\\\/izucar-no-es-un-gobierno-de-puertas-abiertas-dicen-al-entrar-en-paro-trabajadores\\\/\"},\"wordCount\":414,\"publisher\":{\"@id\":\"https:\\\/\\\/ferabrajan.com\\\/portal\\\/#organization\"},\"image\":{\"@id\":\"https:\\\/\\\/ferabrajan.com\\\/portal\\\/2020\\\/08\\\/22\\\/izucar-no-es-un-gobierno-de-puertas-abiertas-dicen-al-entrar-en-paro-trabajadores\\\/#primaryimage\"},\"thumbnailUrl\":\"\",\"articleSection\":[\"Puebla\"],\"inLanguage\":\"es\"},{\"@type\":\"WebPage\",\"@id\":\"https:\\\/\\\/ferabrajan.com\\\/portal\\\/2020\\\/08\\\/22\\\/izucar-no-es-un-gobierno-de-puertas-abiertas-dicen-al-entrar-en-paro-trabajadores\\\/\",\"url\":\"https:\\\/\\\/ferabrajan.com\\\/portal\\\/2020\\\/08\\\/22\\\/izucar-no-es-un-gobierno-de-puertas-abiertas-dicen-al-entrar-en-paro-trabajadores\\\/\",\"name\":\"Iz\u00facar no es un gobierno de puertas abiertas, dicen al entrar en paro trabajadores - Fer Abrajan\",\"isPartOf\":{\"@id\":\"https:\\\/\\\/ferabrajan.com\\\/portal\\\/#website\"},\"primaryImageOfPage\":{\"@id\":\"https:\\\/\\\/ferabrajan.com\\\/portal\\\/2020\\\/08\\\/22\\\/izucar-no-es-un-gobierno-de-puertas-abiertas-dicen-al-entrar-en-paro-trabajadores\\\/#primaryimage\"},\"image\":{\"@id\":\"https:\\\/\\\/ferabrajan.com\\\/portal\\\/2020\\\/08\\\/22\\\/izucar-no-es-un-gobierno-de-puertas-abiertas-dicen-al-entrar-en-paro-trabajadores\\\/#primaryimage\"},\"thumbnailUrl\":\"\",\"datePublished\":\"2020-08-22T01:44:40+00:00\",\"breadcrumb\":{\"@id\":\"https:\\\/\\\/ferabrajan.com\\\/portal\\\/2020\\\/08\\\/22\\\/izucar-no-es-un-gobierno-de-puertas-abiertas-dicen-al-entrar-en-paro-trabajadores\\\/#breadcrumb\"},\"inLanguage\":\"es\",\"potentialAction\":[{\"@type\":\"ReadAction\",\"target\":[\"https:\\\/\\\/ferabrajan.com\\\/portal\\\/2020\\\/08\\\/22\\\/izucar-no-es-un-gobierno-de-puertas-abiertas-dicen-al-entrar-en-paro-trabajadores\\\/\"]}]},{\"@type\":\"ImageObject\",\"inLanguage\":\"es\",\"@id\":\"https:\\\/\\\/ferabrajan.com\\\/portal\\\/2020\\\/08\\\/22\\\/izucar-no-es-un-gobierno-de-puertas-abiertas-dicen-al-entrar-en-paro-trabajadores\\\/#primaryimage\",\"url\":\"\",\"contentUrl\":\"\"},{\"@type\":\"BreadcrumbList\",\"@id\":\"https:\\\/\\\/ferabrajan.com\\\/portal\\\/2020\\\/08\\\/22\\\/izucar-no-es-un-gobierno-de-puertas-abiertas-dicen-al-entrar-en-paro-trabajadores\\\/#breadcrumb\",\"itemListElement\":[{\"@type\":\"ListItem\",\"position\":1,\"name\":\"Portada\",\"item\":\"https:\\\/\\\/ferabrajan.com\\\/portal\\\/\"},{\"@type\":\"ListItem\",\"position\":2,\"name\":\"Iz\u00facar no es un gobierno de puertas abiertas, dicen al entrar en paro trabajadores\"}]},{\"@type\":\"WebSite\",\"@id\":\"https:\\\/\\\/ferabrajan.com\\\/portal\\\/#website\",\"url\":\"https:\\\/\\\/ferabrajan.com\\\/portal\\\/\",\"name\":\"Fer Abrajan\",\"description\":\"Noticias de Puebla, opini\u00f3n y radio en vivo\",\"publisher\":{\"@id\":\"https:\\\/\\\/ferabrajan.com\\\/portal\\\/#organization\"},\"potentialAction\":[{\"@type\":\"SearchAction\",\"target\":{\"@type\":\"EntryPoint\",\"urlTemplate\":\"https:\\\/\\\/ferabrajan.com\\\/portal\\\/?s={search_term_string}\"},\"query-input\":{\"@type\":\"PropertyValueSpecification\",\"valueRequired\":true,\"valueName\":\"search_term_string\"}}],\"inLanguage\":\"es\"},{\"@type\":\"Organization\",\"@id\":\"https:\\\/\\\/ferabrajan.com\\\/portal\\\/#organization\",\"name\":\"Fer Abrajan\",\"url\":\"https:\\\/\\\/ferabrajan.com\\\/portal\\\/\",\"logo\":{\"@type\":\"ImageObject\",\"inLanguage\":\"es\",\"@id\":\"https:\\\/\\\/ferabrajan.com\\\/portal\\\/#\\\/schema\\\/logo\\\/image\\\/\",\"url\":\"https:\\\/\\\/ferabrajan.com\\\/portal\\\/wp-content\\\/uploads\\\/2024\\\/10\\\/cropped-logo.jpeg\",\"contentUrl\":\"https:\\\/\\\/ferabrajan.com\\\/portal\\\/wp-content\\\/uploads\\\/2024\\\/10\\\/cropped-logo.jpeg\",\"width\":500,\"height\":250,\"caption\":\"Fer Abrajan\"},\"image\":{\"@id\":\"https:\\\/\\\/ferabrajan.com\\\/portal\\\/#\\\/schema\\\/logo\\\/image\\\/\"},\"sameAs\":[\"https:\\\/\\\/www.facebook.com\\\/NoticiasconFerAbrajan\\\/\",\"https:\\\/\\\/x.com\\\/ferabrajan1\"]},{\"@type\":\"Person\",\"@id\":\"https:\\\/\\\/ferabrajan.com\\\/portal\\\/#\\\/schema\\\/person\\\/f6113b3cb1e036d5c6a9505685b257ba\",\"name\":\"admin\",\"image\":{\"@type\":\"ImageObject\",\"inLanguage\":\"es\",\"@id\":\"https:\\\/\\\/secure.gravatar.com\\\/avatar\\\/072baa72775aad53c748dfc5d3048578e01b6c087eef335459ebfa04344e2d18?s=96&d=mm&r=g\",\"url\":\"https:\\\/\\\/secure.gravatar.com\\\/avatar\\\/072baa72775aad53c748dfc5d3048578e01b6c087eef335459ebfa04344e2d18?s=96&d=mm&r=g\",\"contentUrl\":\"https:\\\/\\\/secure.gravatar.com\\\/avatar\\\/072baa72775aad53c748dfc5d3048578e01b6c087eef335459ebfa04344e2d18?s=96&d=mm&r=g\",\"caption\":\"admin\"},\"sameAs\":[\"https:\\\/\\\/ferabrajan.com\\\/portal\"],\"url\":\"https:\\\/\\\/ferabrajan.com\\\/portal\\\/author\\\/admin\\\/\"}]}<\/script>\n<!-- \/ Yoast SEO plugin. -->","yoast_head_json":{"title":"Iz\u00facar no es un gobierno de puertas abiertas, dicen al entrar en paro trabajadores - Fer Abrajan","robots":{"index":"index","follow":"follow","max-snippet":"max-snippet:-1","max-image-preview":"max-image-preview:large","max-video-preview":"max-video-preview:-1"},"canonical":"https:\/\/ferabrajan.com\/portal\/2020\/08\/22\/izucar-no-es-un-gobierno-de-puertas-abiertas-dicen-al-entrar-en-paro-trabajadores\/","og_locale":"es_ES","og_type":"article","og_title":"Iz\u00facar no es un gobierno de puertas abiertas, dicen al entrar en paro trabajadores - Fer Abrajan","og_description":"Iz\u00facar de Matamoros.- Ante la poca respuesta del gobierno municipal de Iz\u00facar de Matamoros, este d\u00eda el personal del \u00e1rea de servicios p\u00fablicos decidi\u00f3 entrar a un paro laboral, luego de que externaron que no se respet\u00f3 el acuerdo que se pact\u00f3 desde el 2019, en el que indicaba un aumento salarial, prestaciones del servicio m\u00e9dico y mejoras laborales. Un trabajador quien pidi\u00f3 anonimato, extern\u00f3 que d\u00edas despu\u00e9s de que sus compa\u00f1eros polic\u00edas alzaron la voz, ellos tambi\u00e9n optaron por entrar en di\u00e1logo con la autoridad municipal para exigir un aumento salarial, pues desde el 2019, que se mantuvo un primer contacto con el alcalde Benjam\u00edn Hern\u00e1ndez, no se cumpli\u00f3 lo prometido, adem\u00e1s de que no cuentan con prestaciones m\u00e9dicas. Hace un par de d\u00edas, ellos exigieron un aumento salarial, pues esta es una de las \u00e1reas m\u00e1s castigadas y olvidadas, sin embargo, el ayuntamiento les ofreci\u00f3 un incremento del 3 por ciento, que equivale a 85 pesos que estar\u00eda integrada a su n\u00f3mina, de lo contrario tendr\u00edan que verse en la necesidad de hacer un corte en su aguinaldo, lo que motivo que decidieron unirse y entrar en paro. \u201cEste ayuntamiento no es un gobierno de puertas abiertas, nos amenazaron diciendo que si quer\u00edamos trabajar as\u00ed, sino ni modos, \u00bfd\u00f3nde est\u00e1 su cuarta transformaci\u00f3n que pregon\u00f3 desde el inicio de esta administraci\u00f3n?\u201d puntualiz\u00f3. Lamentaron que el problema puede ser general, toda vez que dejaran de brindar los servicios hasta que el gobierno municipal recapacite y entienda que sus actividades son muy importantes, y tienen el riesgo a exponerse a enfermedades de diferente tipo y ahora m\u00e1s por lo de la pandemia y mosco transmisor del dengue. Confirmaron que tras el comunicado que habr\u00eda expuesto el ayuntamiento en donde especificaba que el servicio de limpia no se suspender\u00e1, esto se debe a que muy pocos que trabajan bajo contrato no se ven perjudicados y siguen laborando, pero en su mayor\u00eda cuentan con base, por lo que al ser pocos no se dar\u00e1n abasto, perjudicando a un futuro a las familias. Un empleado de esta \u00e1rea gana alrededor de 2 mil 500 pesos quincenales, mientras que los directores generan m\u00e1s de 10 mil pesos quincenales. Publicaci\u00f3n Original: https:\/\/www.elsoldepuebla.com.mx\/local\/estado\/izucar-no-es-un-gobierno-de-puertas-abiertas-dicen-al-entrar-en-paro-trabajadores-del-servicio-de-limpia-5657312.html","og_url":"https:\/\/ferabrajan.com\/portal\/2020\/08\/22\/izucar-no-es-un-gobierno-de-puertas-abiertas-dicen-al-entrar-en-paro-trabajadores\/","og_site_name":"Fer Abrajan","article_publisher":"https:\/\/www.facebook.com\/NoticiasconFerAbrajan\/","article_published_time":"2020-08-22T01:44:40+00:00","author":"admin","twitter_card":"summary_large_image","twitter_creator":"@ferabrajan1","twitter_site":"@ferabrajan1","twitter_misc":{"Escrito por":"admin","Tiempo de lectura":"2 minutos"},"schema":{"@context":"https:\/\/schema.org","@graph":[{"@type":"Article","@id":"https:\/\/ferabrajan.com\/portal\/2020\/08\/22\/izucar-no-es-un-gobierno-de-puertas-abiertas-dicen-al-entrar-en-paro-trabajadores\/#article","isPartOf":{"@id":"https:\/\/ferabrajan.com\/portal\/2020\/08\/22\/izucar-no-es-un-gobierno-de-puertas-abiertas-dicen-al-entrar-en-paro-trabajadores\/"},"author":{"name":"admin","@id":"https:\/\/ferabrajan.com\/portal\/#\/schema\/person\/f6113b3cb1e036d5c6a9505685b257ba"},"headline":"Iz\u00facar no es un gobierno de puertas abiertas, dicen al entrar en paro trabajadores","datePublished":"2020-08-22T01:44:40+00:00","mainEntityOfPage":{"@id":"https:\/\/ferabrajan.com\/portal\/2020\/08\/22\/izucar-no-es-un-gobierno-de-puertas-abiertas-dicen-al-entrar-en-paro-trabajadores\/"},"wordCount":414,"publisher":{"@id":"https:\/\/ferabrajan.com\/portal\/#organization"},"image":{"@id":"https:\/\/ferabrajan.com\/portal\/2020\/08\/22\/izucar-no-es-un-gobierno-de-puertas-abiertas-dicen-al-entrar-en-paro-trabajadores\/#primaryimage"},"thumbnailUrl":"","articleSection":["Puebla"],"inLanguage":"es"},{"@type":"WebPage","@id":"https:\/\/ferabrajan.com\/portal\/2020\/08\/22\/izucar-no-es-un-gobierno-de-puertas-abiertas-dicen-al-entrar-en-paro-trabajadores\/","url":"https:\/\/ferabrajan.com\/portal\/2020\/08\/22\/izucar-no-es-un-gobierno-de-puertas-abiertas-dicen-al-entrar-en-paro-trabajadores\/","name":"Iz\u00facar no es un gobierno de puertas abiertas, dicen al entrar en paro trabajadores - Fer Abrajan","isPartOf":{"@id":"https:\/\/ferabrajan.com\/portal\/#website"},"primaryImageOfPage":{"@id":"https:\/\/ferabrajan.com\/portal\/2020\/08\/22\/izucar-no-es-un-gobierno-de-puertas-abiertas-dicen-al-entrar-en-paro-trabajadores\/#primaryimage"},"image":{"@id":"https:\/\/ferabrajan.com\/portal\/2020\/08\/22\/izucar-no-es-un-gobierno-de-puertas-abiertas-dicen-al-entrar-en-paro-trabajadores\/#primaryimage"},"thumbnailUrl":"","datePublished":"2020-08-22T01:44:40+00:00","breadcrumb":{"@id":"https:\/\/ferabrajan.com\/portal\/2020\/08\/22\/izucar-no-es-un-gobierno-de-puertas-abiertas-dicen-al-entrar-en-paro-trabajadores\/#breadcrumb"},"inLanguage":"es","potentialAction":[{"@type":"ReadAction","target":["https:\/\/ferabrajan.com\/portal\/2020\/08\/22\/izucar-no-es-un-gobierno-de-puertas-abiertas-dicen-al-entrar-en-paro-trabajadores\/"]}]},{"@type":"ImageObject","inLanguage":"es","@id":"https:\/\/ferabrajan.com\/portal\/2020\/08\/22\/izucar-no-es-un-gobierno-de-puertas-abiertas-dicen-al-entrar-en-paro-trabajadores\/#primaryimage","url":"","contentUrl":""},{"@type":"BreadcrumbList","@id":"https:\/\/ferabrajan.com\/portal\/2020\/08\/22\/izucar-no-es-un-gobierno-de-puertas-abiertas-dicen-al-entrar-en-paro-trabajadores\/#breadcrumb","itemListElement":[{"@type":"ListItem","position":1,"name":"Portada","item":"https:\/\/ferabrajan.com\/portal\/"},{"@type":"ListItem","position":2,"name":"Iz\u00facar no es un gobierno de puertas abiertas, dicen al entrar en paro trabajadores"}]},{"@type":"WebSite","@id":"https:\/\/ferabrajan.com\/portal\/#website","url":"https:\/\/ferabrajan.com\/portal\/","name":"Fer Abrajan","description":"Noticias de Puebla, opini\u00f3n y radio en vivo","publisher":{"@id":"https:\/\/ferabrajan.com\/portal\/#organization"},"potentialAction":[{"@type":"SearchAction","target":{"@type":"EntryPoint","urlTemplate":"https:\/\/ferabrajan.com\/portal\/?s={search_term_string}"},"query-input":{"@type":"PropertyValueSpecification","valueRequired":true,"valueName":"search_term_string"}}],"inLanguage":"es"},{"@type":"Organization","@id":"https:\/\/ferabrajan.com\/portal\/#organization","name":"Fer Abrajan","url":"https:\/\/ferabrajan.com\/portal\/","logo":{"@type":"ImageObject","inLanguage":"es","@id":"https:\/\/ferabrajan.com\/portal\/#\/schema\/logo\/image\/","url":"https:\/\/ferabrajan.com\/portal\/wp-content\/uploads\/2024\/10\/cropped-logo.jpeg","contentUrl":"https:\/\/ferabrajan.com\/portal\/wp-content\/uploads\/2024\/10\/cropped-logo.jpeg","width":500,"height":250,"caption":"Fer Abrajan"},"image":{"@id":"https:\/\/ferabrajan.com\/portal\/#\/schema\/logo\/image\/"},"sameAs":["https:\/\/www.facebook.com\/NoticiasconFerAbrajan\/","https:\/\/x.com\/ferabrajan1"]},{"@type":"Person","@id":"https:\/\/ferabrajan.com\/portal\/#\/schema\/person\/f6113b3cb1e036d5c6a9505685b257ba","name":"admin","image":{"@type":"ImageObject","inLanguage":"es","@id":"https:\/\/secure.gravatar.com\/avatar\/072baa72775aad53c748dfc5d3048578e01b6c087eef335459ebfa04344e2d18?s=96&d=mm&r=g","url":"https:\/\/secure.gravatar.com\/avatar\/072baa72775aad53c748dfc5d3048578e01b6c087eef335459ebfa04344e2d18?s=96&d=mm&r=g","contentUrl":"https:\/\/secure.gravatar.com\/avatar\/072baa72775aad53c748dfc5d3048578e01b6c087eef335459ebfa04344e2d18?s=96&d=mm&r=g","caption":"admin"},"sameAs":["https:\/\/ferabrajan.com\/portal"],"url":"https:\/\/ferabrajan.com\/portal\/author\/admin\/"}]}},"_links":{"self":[{"href":"https:\/\/ferabrajan.com\/portal\/wp-json\/wp\/v2\/posts\/17294","targetHints":{"allow":["GET"]}}],"collection":[{"href":"https:\/\/ferabrajan.com\/portal\/wp-json\/wp\/v2\/posts"}],"about":[{"href":"https:\/\/ferabrajan.com\/portal\/wp-json\/wp\/v2\/types\/post"}],"author":[{"embeddable":true,"href":"https:\/\/ferabrajan.com\/portal\/wp-json\/wp\/v2\/users\/1"}],"replies":[{"embeddable":true,"href":"https:\/\/ferabrajan.com\/portal\/wp-json\/wp\/v2\/comments?post=17294"}],"version-history":[{"count":0,"href":"https:\/\/ferabrajan.com\/portal\/wp-json\/wp\/v2\/posts\/17294\/revisions"}],"wp:attachment":[{"href":"https:\/\/ferabrajan.com\/portal\/wp-json\/wp\/v2\/media?parent=17294"}],"wp:term":[{"taxonomy":"category","embeddable":true,"href":"https:\/\/ferabrajan.com\/portal\/wp-json\/wp\/v2\/categories?post=17294"},{"taxonomy":"post_tag","embeddable":true,"href":"https:\/\/ferabrajan.com\/portal\/wp-json\/wp\/v2\/tags?post=17294"}],"curies":[{"name":"wp","href":"https:\/\/api.w.org\/{rel}","templated":true}]}}