{"id":17274,"date":"2020-08-21T16:49:40","date_gmt":"2020-08-21T16:49:40","guid":{"rendered":"http:\/\/www.ferabrajan.com\/?p=17274"},"modified":"2020-08-21T16:49:40","modified_gmt":"2020-08-21T16:49:40","slug":"congreso-del-estado-exhorto-aumentar-recursos-federales-para-red-nacional-de-refugios","status":"publish","type":"post","link":"https:\/\/ferabrajan.com\/portal\/2020\/08\/21\/congreso-del-estado-exhorto-aumentar-recursos-federales-para-red-nacional-de-refugios\/","title":{"rendered":"Congreso del Estado exhort\u00f3 aumentar recursos federales para Red Nacional de Refugios"},"content":{"rendered":"<p class=\"x_MsoNormal\"><span lang=\"ES\">En sesi\u00f3n de la Comisi\u00f3n Permanente de la LX Legislatura del Congreso del Estado las y los diputados aprobaron, por mayor\u00eda de votos, un acuerdo para exhortar al Gobierno Federal para que agilice el tr\u00e1mite, se libere y se aumente el presupuesto anual destinado a la Red Nacional de Refugios, con el fin de dar seguridad a las mujeres v\u00edctimas de violencia<\/span><\/p>\n<p class=\"x_MsoNormal\"><span lang=\"ES\">Al hacer uso de la palabra la diputada Roc\u00edo Garc\u00eda Olmedo, presidenta de la Comisi\u00f3n de Igualdad, se\u00f1al\u00f3 que este exhorto es fundamental dado que se han elevado los casos de violencia en contra de las mujeres y es necesario liberar los recursos federales para atender los refugios a fin de velar por la seguridad y la vida de las v\u00edctimas; asimismo, dijo que se piden exhortar al SEDIF y los 217 municipios para ayuden en la creaci\u00f3n, operaci\u00f3n y fortalecimientos de estos centros.<\/span><\/p>\n<p class=\"x_MsoNormal\"><span lang=\"ES\">De la misma forma emitieron un pronunciamiento el diputado Jos\u00e9 Juan Espinosa Torres y Nancy Jim\u00e9nez Morales quienes se pronunciaron a favor del punto de acuerdo, el primero propuso una reforma en materia de redacci\u00f3n y la segunda se pronunci\u00f3 a favor, toda vez que se\u00f1al\u00f3 que es necesario atender la violencia como un problema social.<\/span><\/p>\n<p class=\"x_MsoNormal\"><span lang=\"ES\">\u00a0<\/span><\/p>\n<p class=\"x_MsoNormal\"><b><span lang=\"ES\">AVALAN REFORZAR LOS TRABAJOS DEL CENTRO DE ATENCI\u00d3N CANINA EN ATLIXCO<\/span><\/b><\/p>\n<p class=\"x_MsoNormal\"><b><span lang=\"ES\">\u00a0<\/span><\/b><span lang=\"ES\">En otro momento del orden del d\u00eda, las y los diputados de la Comisi\u00f3n Permanente, por mayor\u00eda de votos, aprobaron un exhorto al ayuntamiento de Atlixco para reactivar y reforzar los trabajos del Centro de Atenci\u00f3n Canina, evitando el sacrificio y promoviendo la adopci\u00f3n de todos y cada uno de los animales ah\u00ed resguardados.<\/span><\/p>\n<p class=\"x_MsoNormal\"><span lang=\"ES\">En este sentido la diputada Guadalupe Muci\u00f1o Mu\u00f1oz se\u00f1al\u00f3 que algunos de los animales callejeros pueden ser lastimados o contagiar de alguna enfermedad, de tal manera que propuso que se destinen recursos para atender este tipo de espacios.<\/span><\/p>\n<p class=\"x_MsoNormal\"><span lang=\"ES\">Por su parte el diputado Jos\u00e9 Juan Espinosa Torres consider\u00f3 que la propuesta est\u00e1 a destiempo, mientras que la diputada M\u00f3nica Lara Ch\u00e1vez, consider\u00f3 necesario hacer conciencia sobre la situaci\u00f3n de los perros callejeros.<\/span><\/p>\n<p class=\"x_MsoNormal\"><span lang=\"ES\">\u00a0<\/span><\/p>\n<p class=\"x_MsoNormal\"><b><span lang=\"ES\">IMPULSAN EXHORTO PARA PROMOVER CULTIVO DE PITAHAYA<\/span><\/b><\/p>\n<p class=\"x_MsoNormal\"><b><span lang=\"ES\">\u00a0<\/span><\/b><span lang=\"ES\">En otro momento de la sesi\u00f3n del d\u00eda, las y los diputados avalaron un exhorto a las secretar\u00edas de Desarrollo Rural y a la de Econom\u00eda del Gobierno del Estado, para en coordinaci\u00f3n con las instancias del Gobierno Federal competentes, generen y fortalezcan los mecanismos que permitan impulsar el cultivo de la pitahaya en Puebla, as\u00ed como la comercializaci\u00f3n y el consumo dentro y fuera del pa\u00eds.<\/span><\/p>\n<p class=\"x_MsoNormal\"><span lang=\"ES\">Al respecto el presidente de la Comisi\u00f3n de Desarrollo Rural, el diputado Arturo de Rosas Cuevas destac\u00f3 la necesidad de apoyar la producci\u00f3n de esta fruta, pues asegur\u00f3 que tiene una importante cosecha en el estado de Puebla; asimismo, refiri\u00f3 que su producci\u00f3n y precio han aumentado considerablemente convirti\u00e9ndose en una actividad que brinda importante sustento para las y los trabajadores del campo.<\/span><\/p>\n<p class=\"x_MsoNormal\"><span lang=\"ES\">Como parte de la discusi\u00f3n, el diputado Nibardo Hern\u00e1ndez S\u00e1nchez consider\u00f3 necesario brindar los apoyos necesarios a los productores de pitahaya y promover la comercializaci\u00f3n dentro y fuera del pa\u00eds.<\/span><\/p>\n<p class=\"x_MsoNormal\">\n<p class=\"x_MsoNormal\"><b><span lang=\"ES\">RESPALDAN QUE SE ASEGUREN ACCIONES PARA DAR CONTINUIDAD A OPERACIONES DE LA INDUSTRIA DE ALIMENTOS BALANCEADOS<\/span><\/b><\/p>\n<p class=\"x_MsoNormal\"><span lang=\"ES\">En otro punto del orden del d\u00eda fue aprobado el acuerdo de la Comisi\u00f3n de Desarrollo Rural, por el que se exhorta a las Secretar\u00edas de Salud, Econom\u00eda y Desarrollo Rural, del Gobierno del Estado de Puebla, para que realicen las acciones que aseguren la continuidad de las operaciones de la industria de alimentos balanceados de las especies de producci\u00f3n pecuaria, acu\u00edcola y av\u00edcola.<\/span><\/p>\n<p class=\"x_MsoNormal\"><span lang=\"ES\">Lo anterior con la intenci\u00f3n de mantener la calidad, sanidad e inocuidad en la alimentaci\u00f3n de los animales, que garantice la seguridad y sustentabilidad alimentaria de las personas y en atenci\u00f3n del nivel de alerta sanitaria que prevalezca en Puebla.<\/span><\/p>\n<p class=\"x_MsoNormal\"><span lang=\"ES\">Durante la lectura de ocursos, la Mesa Directiva turn\u00f3 a comisiones unidas de Gobernaci\u00f3n y Puntos Constitucionales y la Familia y los Derechos de la Ni\u00f1ez, la iniciativa de decreto por la que se reforma la Constituci\u00f3n Pol\u00edtica, presentada por el diputado Gabriel Biestro Medinilla.<\/span><\/p>\n","protected":false},"excerpt":{"rendered":"<p>En sesi\u00f3n de la Comisi\u00f3n Permanente de la LX Legislatura del Congreso del Estado las y los diputados aprobaron, por mayor\u00eda de votos, un acuerdo para exhortar al Gobierno Federal para que agilice el tr\u00e1mite, se libere y se aumente el presupuesto anual destinado a la Red Nacional de Refugios, con el fin de dar seguridad a las mujeres v\u00edctimas de violencia Al hacer uso de la palabra la diputada Roc\u00edo Garc\u00eda Olmedo, presidenta de la Comisi\u00f3n de Igualdad, se\u00f1al\u00f3 que este exhorto es fundamental dado que se han elevado los casos de violencia en contra de las mujeres y es necesario liberar los recursos federales para atender los refugios a fin de velar por la seguridad y la vida de las v\u00edctimas; asimismo, dijo que se piden exhortar al SEDIF y los 217 municipios para ayuden en la creaci\u00f3n, operaci\u00f3n y fortalecimientos de estos centros. De la misma forma emitieron un pronunciamiento el diputado Jos\u00e9 Juan Espinosa Torres y Nancy Jim\u00e9nez Morales quienes se pronunciaron a favor del punto de acuerdo, el primero propuso una reforma en materia de redacci\u00f3n y la segunda se pronunci\u00f3 a favor, toda vez que se\u00f1al\u00f3 que es necesario atender la violencia como un problema social. \u00a0 AVALAN REFORZAR LOS TRABAJOS DEL CENTRO DE ATENCI\u00d3N CANINA EN ATLIXCO \u00a0En otro momento del orden del d\u00eda, las y los diputados de la Comisi\u00f3n Permanente, por mayor\u00eda de votos, aprobaron un exhorto al ayuntamiento de Atlixco para reactivar y reforzar los trabajos del Centro de Atenci\u00f3n Canina, evitando el sacrificio y promoviendo la adopci\u00f3n de todos y cada uno de los animales ah\u00ed resguardados. En este sentido la diputada Guadalupe Muci\u00f1o Mu\u00f1oz se\u00f1al\u00f3 que algunos de los animales callejeros pueden ser lastimados o contagiar de alguna enfermedad, de tal manera que propuso que se destinen recursos para atender este tipo de espacios. Por su parte el diputado Jos\u00e9 Juan Espinosa Torres consider\u00f3 que la propuesta est\u00e1 a destiempo, mientras que la diputada M\u00f3nica Lara Ch\u00e1vez, consider\u00f3 necesario hacer conciencia sobre la situaci\u00f3n de los perros callejeros. \u00a0 IMPULSAN EXHORTO PARA PROMOVER CULTIVO DE PITAHAYA \u00a0En otro momento de la sesi\u00f3n del d\u00eda, las y los diputados avalaron un exhorto a las secretar\u00edas de Desarrollo Rural y a la de Econom\u00eda del Gobierno del Estado, para en coordinaci\u00f3n con las instancias del Gobierno Federal competentes, generen y fortalezcan los mecanismos que permitan impulsar el cultivo de la pitahaya en Puebla, as\u00ed como la comercializaci\u00f3n y el consumo dentro y fuera del pa\u00eds. Al respecto el presidente de la Comisi\u00f3n de Desarrollo Rural, el diputado Arturo de Rosas Cuevas destac\u00f3 la necesidad de apoyar la producci\u00f3n de esta fruta, pues asegur\u00f3 que tiene una importante cosecha en el estado de Puebla; asimismo, refiri\u00f3 que su producci\u00f3n y precio han aumentado considerablemente convirti\u00e9ndose en una actividad que brinda importante sustento para las y los trabajadores del campo. Como parte de la discusi\u00f3n, el diputado Nibardo Hern\u00e1ndez S\u00e1nchez consider\u00f3 necesario brindar los apoyos necesarios a los productores de pitahaya y promover la comercializaci\u00f3n dentro y fuera del pa\u00eds. RESPALDAN QUE SE ASEGUREN ACCIONES PARA DAR CONTINUIDAD A OPERACIONES DE LA INDUSTRIA DE ALIMENTOS BALANCEADOS En otro punto del orden del d\u00eda fue aprobado el acuerdo de la Comisi\u00f3n de Desarrollo Rural, por el que se exhorta a las Secretar\u00edas de Salud, Econom\u00eda y Desarrollo Rural, del Gobierno del Estado de Puebla, para que realicen las acciones que aseguren la continuidad de las operaciones de la industria de alimentos balanceados de las especies de producci\u00f3n pecuaria, acu\u00edcola y av\u00edcola. Lo anterior con la intenci\u00f3n de mantener la calidad, sanidad e inocuidad en la alimentaci\u00f3n de los animales, que garantice la seguridad y sustentabilidad alimentaria de las personas y en atenci\u00f3n del nivel de alerta sanitaria que prevalezca en Puebla. Durante la lectura de ocursos, la Mesa Directiva turn\u00f3 a comisiones unidas de Gobernaci\u00f3n y Puntos Constitucionales y la Familia y los Derechos de la Ni\u00f1ez, la iniciativa de decreto por la que se reforma la Constituci\u00f3n Pol\u00edtica, presentada por el diputado Gabriel Biestro Medinilla.<\/p>\n","protected":false},"author":1,"featured_media":17275,"comment_status":"open","ping_status":"open","sticky":false,"template":"","format":"standard","meta":{"_monsterinsights_skip_tracking":false,"_uf_show_specific_survey":0,"_uf_disable_surveys":false,"footnotes":""},"categories":[34],"tags":[102,388,414],"class_list":["post-17274","post","type-post","status-publish","format-standard","has-post-thumbnail","hentry","category-puebla","tag-congreso-del-estado","tag-diputadas","tag-diputadas-puebla"],"yoast_head":"<!-- This site is optimized with the Yoast SEO plugin v27.5 - https:\/\/yoast.com\/product\/yoast-seo-wordpress\/ -->\n<title>Congreso del Estado exhort\u00f3 aumentar recursos federales para Red Nacional de Refugios - Fer Abrajan<\/title>\n<meta name=\"robots\" content=\"index, follow, max-snippet:-1, max-image-preview:large, max-video-preview:-1\" \/>\n<link rel=\"canonical\" href=\"https:\/\/ferabrajan.com\/portal\/2020\/08\/21\/congreso-del-estado-exhorto-aumentar-recursos-federales-para-red-nacional-de-refugios\/\" \/>\n<meta property=\"og:locale\" content=\"es_ES\" \/>\n<meta property=\"og:type\" content=\"article\" \/>\n<meta property=\"og:title\" content=\"Congreso del Estado exhort\u00f3 aumentar recursos federales para Red Nacional de Refugios - Fer Abrajan\" \/>\n<meta property=\"og:description\" content=\"En sesi\u00f3n de la Comisi\u00f3n Permanente de la LX Legislatura del Congreso del Estado las y los diputados aprobaron, por mayor\u00eda de votos, un acuerdo para exhortar al Gobierno Federal para que agilice el tr\u00e1mite, se libere y se aumente el presupuesto anual destinado a la Red Nacional de Refugios, con el fin de dar seguridad a las mujeres v\u00edctimas de violencia Al hacer uso de la palabra la diputada Roc\u00edo Garc\u00eda Olmedo, presidenta de la Comisi\u00f3n de Igualdad, se\u00f1al\u00f3 que este exhorto es fundamental dado que se han elevado los casos de violencia en contra de las mujeres y es necesario liberar los recursos federales para atender los refugios a fin de velar por la seguridad y la vida de las v\u00edctimas; asimismo, dijo que se piden exhortar al SEDIF y los 217 municipios para ayuden en la creaci\u00f3n, operaci\u00f3n y fortalecimientos de estos centros. De la misma forma emitieron un pronunciamiento el diputado Jos\u00e9 Juan Espinosa Torres y Nancy Jim\u00e9nez Morales quienes se pronunciaron a favor del punto de acuerdo, el primero propuso una reforma en materia de redacci\u00f3n y la segunda se pronunci\u00f3 a favor, toda vez que se\u00f1al\u00f3 que es necesario atender la violencia como un problema social. \u00a0 AVALAN REFORZAR LOS TRABAJOS DEL CENTRO DE ATENCI\u00d3N CANINA EN ATLIXCO \u00a0En otro momento del orden del d\u00eda, las y los diputados de la Comisi\u00f3n Permanente, por mayor\u00eda de votos, aprobaron un exhorto al ayuntamiento de Atlixco para reactivar y reforzar los trabajos del Centro de Atenci\u00f3n Canina, evitando el sacrificio y promoviendo la adopci\u00f3n de todos y cada uno de los animales ah\u00ed resguardados. En este sentido la diputada Guadalupe Muci\u00f1o Mu\u00f1oz se\u00f1al\u00f3 que algunos de los animales callejeros pueden ser lastimados o contagiar de alguna enfermedad, de tal manera que propuso que se destinen recursos para atender este tipo de espacios. Por su parte el diputado Jos\u00e9 Juan Espinosa Torres consider\u00f3 que la propuesta est\u00e1 a destiempo, mientras que la diputada M\u00f3nica Lara Ch\u00e1vez, consider\u00f3 necesario hacer conciencia sobre la situaci\u00f3n de los perros callejeros. \u00a0 IMPULSAN EXHORTO PARA PROMOVER CULTIVO DE PITAHAYA \u00a0En otro momento de la sesi\u00f3n del d\u00eda, las y los diputados avalaron un exhorto a las secretar\u00edas de Desarrollo Rural y a la de Econom\u00eda del Gobierno del Estado, para en coordinaci\u00f3n con las instancias del Gobierno Federal competentes, generen y fortalezcan los mecanismos que permitan impulsar el cultivo de la pitahaya en Puebla, as\u00ed como la comercializaci\u00f3n y el consumo dentro y fuera del pa\u00eds. Al respecto el presidente de la Comisi\u00f3n de Desarrollo Rural, el diputado Arturo de Rosas Cuevas destac\u00f3 la necesidad de apoyar la producci\u00f3n de esta fruta, pues asegur\u00f3 que tiene una importante cosecha en el estado de Puebla; asimismo, refiri\u00f3 que su producci\u00f3n y precio han aumentado considerablemente convirti\u00e9ndose en una actividad que brinda importante sustento para las y los trabajadores del campo. Como parte de la discusi\u00f3n, el diputado Nibardo Hern\u00e1ndez S\u00e1nchez consider\u00f3 necesario brindar los apoyos necesarios a los productores de pitahaya y promover la comercializaci\u00f3n dentro y fuera del pa\u00eds. RESPALDAN QUE SE ASEGUREN ACCIONES PARA DAR CONTINUIDAD A OPERACIONES DE LA INDUSTRIA DE ALIMENTOS BALANCEADOS En otro punto del orden del d\u00eda fue aprobado el acuerdo de la Comisi\u00f3n de Desarrollo Rural, por el que se exhorta a las Secretar\u00edas de Salud, Econom\u00eda y Desarrollo Rural, del Gobierno del Estado de Puebla, para que realicen las acciones que aseguren la continuidad de las operaciones de la industria de alimentos balanceados de las especies de producci\u00f3n pecuaria, acu\u00edcola y av\u00edcola. Lo anterior con la intenci\u00f3n de mantener la calidad, sanidad e inocuidad en la alimentaci\u00f3n de los animales, que garantice la seguridad y sustentabilidad alimentaria de las personas y en atenci\u00f3n del nivel de alerta sanitaria que prevalezca en Puebla. Durante la lectura de ocursos, la Mesa Directiva turn\u00f3 a comisiones unidas de Gobernaci\u00f3n y Puntos Constitucionales y la Familia y los Derechos de la Ni\u00f1ez, la iniciativa de decreto por la que se reforma la Constituci\u00f3n Pol\u00edtica, presentada por el diputado Gabriel Biestro Medinilla.\" \/>\n<meta property=\"og:url\" content=\"https:\/\/ferabrajan.com\/portal\/2020\/08\/21\/congreso-del-estado-exhorto-aumentar-recursos-federales-para-red-nacional-de-refugios\/\" \/>\n<meta property=\"og:site_name\" content=\"Fer Abrajan\" \/>\n<meta property=\"article:publisher\" content=\"https:\/\/www.facebook.com\/NoticiasconFerAbrajan\/\" \/>\n<meta property=\"article:published_time\" content=\"2020-08-21T16:49:40+00:00\" \/>\n<meta name=\"author\" content=\"admin\" \/>\n<meta name=\"twitter:card\" content=\"summary_large_image\" \/>\n<meta name=\"twitter:creator\" content=\"@ferabrajan1\" \/>\n<meta name=\"twitter:site\" content=\"@ferabrajan1\" \/>\n<meta name=\"twitter:label1\" content=\"Escrito por\" \/>\n\t<meta name=\"twitter:data1\" content=\"admin\" \/>\n\t<meta name=\"twitter:label2\" content=\"Tiempo de lectura\" \/>\n\t<meta name=\"twitter:data2\" content=\"4 minutos\" \/>\n<script type=\"application\/ld+json\" class=\"yoast-schema-graph\">{\"@context\":\"https:\\\/\\\/schema.org\",\"@graph\":[{\"@type\":\"Article\",\"@id\":\"https:\\\/\\\/ferabrajan.com\\\/portal\\\/2020\\\/08\\\/21\\\/congreso-del-estado-exhorto-aumentar-recursos-federales-para-red-nacional-de-refugios\\\/#article\",\"isPartOf\":{\"@id\":\"https:\\\/\\\/ferabrajan.com\\\/portal\\\/2020\\\/08\\\/21\\\/congreso-del-estado-exhorto-aumentar-recursos-federales-para-red-nacional-de-refugios\\\/\"},\"author\":{\"name\":\"admin\",\"@id\":\"https:\\\/\\\/ferabrajan.com\\\/portal\\\/#\\\/schema\\\/person\\\/f6113b3cb1e036d5c6a9505685b257ba\"},\"headline\":\"Congreso del Estado exhort\u00f3 aumentar recursos federales para Red Nacional de Refugios\",\"datePublished\":\"2020-08-21T16:49:40+00:00\",\"mainEntityOfPage\":{\"@id\":\"https:\\\/\\\/ferabrajan.com\\\/portal\\\/2020\\\/08\\\/21\\\/congreso-del-estado-exhorto-aumentar-recursos-federales-para-red-nacional-de-refugios\\\/\"},\"wordCount\":739,\"commentCount\":0,\"publisher\":{\"@id\":\"https:\\\/\\\/ferabrajan.com\\\/portal\\\/#organization\"},\"image\":{\"@id\":\"https:\\\/\\\/ferabrajan.com\\\/portal\\\/2020\\\/08\\\/21\\\/congreso-del-estado-exhorto-aumentar-recursos-federales-para-red-nacional-de-refugios\\\/#primaryimage\"},\"thumbnailUrl\":\"\",\"keywords\":[\"Congreso del Estado\",\"Diputadas\",\"Diputadas Puebla\"],\"articleSection\":[\"Puebla\"],\"inLanguage\":\"es\"},{\"@type\":\"WebPage\",\"@id\":\"https:\\\/\\\/ferabrajan.com\\\/portal\\\/2020\\\/08\\\/21\\\/congreso-del-estado-exhorto-aumentar-recursos-federales-para-red-nacional-de-refugios\\\/\",\"url\":\"https:\\\/\\\/ferabrajan.com\\\/portal\\\/2020\\\/08\\\/21\\\/congreso-del-estado-exhorto-aumentar-recursos-federales-para-red-nacional-de-refugios\\\/\",\"name\":\"Congreso del Estado exhort\u00f3 aumentar recursos federales para Red Nacional de Refugios - Fer Abrajan\",\"isPartOf\":{\"@id\":\"https:\\\/\\\/ferabrajan.com\\\/portal\\\/#website\"},\"primaryImageOfPage\":{\"@id\":\"https:\\\/\\\/ferabrajan.com\\\/portal\\\/2020\\\/08\\\/21\\\/congreso-del-estado-exhorto-aumentar-recursos-federales-para-red-nacional-de-refugios\\\/#primaryimage\"},\"image\":{\"@id\":\"https:\\\/\\\/ferabrajan.com\\\/portal\\\/2020\\\/08\\\/21\\\/congreso-del-estado-exhorto-aumentar-recursos-federales-para-red-nacional-de-refugios\\\/#primaryimage\"},\"thumbnailUrl\":\"\",\"datePublished\":\"2020-08-21T16:49:40+00:00\",\"breadcrumb\":{\"@id\":\"https:\\\/\\\/ferabrajan.com\\\/portal\\\/2020\\\/08\\\/21\\\/congreso-del-estado-exhorto-aumentar-recursos-federales-para-red-nacional-de-refugios\\\/#breadcrumb\"},\"inLanguage\":\"es\",\"potentialAction\":[{\"@type\":\"ReadAction\",\"target\":[\"https:\\\/\\\/ferabrajan.com\\\/portal\\\/2020\\\/08\\\/21\\\/congreso-del-estado-exhorto-aumentar-recursos-federales-para-red-nacional-de-refugios\\\/\"]}]},{\"@type\":\"ImageObject\",\"inLanguage\":\"es\",\"@id\":\"https:\\\/\\\/ferabrajan.com\\\/portal\\\/2020\\\/08\\\/21\\\/congreso-del-estado-exhorto-aumentar-recursos-federales-para-red-nacional-de-refugios\\\/#primaryimage\",\"url\":\"\",\"contentUrl\":\"\"},{\"@type\":\"BreadcrumbList\",\"@id\":\"https:\\\/\\\/ferabrajan.com\\\/portal\\\/2020\\\/08\\\/21\\\/congreso-del-estado-exhorto-aumentar-recursos-federales-para-red-nacional-de-refugios\\\/#breadcrumb\",\"itemListElement\":[{\"@type\":\"ListItem\",\"position\":1,\"name\":\"Portada\",\"item\":\"https:\\\/\\\/ferabrajan.com\\\/portal\\\/\"},{\"@type\":\"ListItem\",\"position\":2,\"name\":\"Congreso del Estado exhort\u00f3 aumentar recursos federales para Red Nacional de Refugios\"}]},{\"@type\":\"WebSite\",\"@id\":\"https:\\\/\\\/ferabrajan.com\\\/portal\\\/#website\",\"url\":\"https:\\\/\\\/ferabrajan.com\\\/portal\\\/\",\"name\":\"Fer Abrajan\",\"description\":\"Noticias de Puebla, opini\u00f3n y radio en vivo\",\"publisher\":{\"@id\":\"https:\\\/\\\/ferabrajan.com\\\/portal\\\/#organization\"},\"potentialAction\":[{\"@type\":\"SearchAction\",\"target\":{\"@type\":\"EntryPoint\",\"urlTemplate\":\"https:\\\/\\\/ferabrajan.com\\\/portal\\\/?s={search_term_string}\"},\"query-input\":{\"@type\":\"PropertyValueSpecification\",\"valueRequired\":true,\"valueName\":\"search_term_string\"}}],\"inLanguage\":\"es\"},{\"@type\":\"Organization\",\"@id\":\"https:\\\/\\\/ferabrajan.com\\\/portal\\\/#organization\",\"name\":\"Fer Abrajan\",\"url\":\"https:\\\/\\\/ferabrajan.com\\\/portal\\\/\",\"logo\":{\"@type\":\"ImageObject\",\"inLanguage\":\"es\",\"@id\":\"https:\\\/\\\/ferabrajan.com\\\/portal\\\/#\\\/schema\\\/logo\\\/image\\\/\",\"url\":\"https:\\\/\\\/ferabrajan.com\\\/portal\\\/wp-content\\\/uploads\\\/2024\\\/10\\\/cropped-logo.jpeg\",\"contentUrl\":\"https:\\\/\\\/ferabrajan.com\\\/portal\\\/wp-content\\\/uploads\\\/2024\\\/10\\\/cropped-logo.jpeg\",\"width\":500,\"height\":250,\"caption\":\"Fer Abrajan\"},\"image\":{\"@id\":\"https:\\\/\\\/ferabrajan.com\\\/portal\\\/#\\\/schema\\\/logo\\\/image\\\/\"},\"sameAs\":[\"https:\\\/\\\/www.facebook.com\\\/NoticiasconFerAbrajan\\\/\",\"https:\\\/\\\/x.com\\\/ferabrajan1\"]},{\"@type\":\"Person\",\"@id\":\"https:\\\/\\\/ferabrajan.com\\\/portal\\\/#\\\/schema\\\/person\\\/f6113b3cb1e036d5c6a9505685b257ba\",\"name\":\"admin\",\"image\":{\"@type\":\"ImageObject\",\"inLanguage\":\"es\",\"@id\":\"https:\\\/\\\/secure.gravatar.com\\\/avatar\\\/072baa72775aad53c748dfc5d3048578e01b6c087eef335459ebfa04344e2d18?s=96&d=mm&r=g\",\"url\":\"https:\\\/\\\/secure.gravatar.com\\\/avatar\\\/072baa72775aad53c748dfc5d3048578e01b6c087eef335459ebfa04344e2d18?s=96&d=mm&r=g\",\"contentUrl\":\"https:\\\/\\\/secure.gravatar.com\\\/avatar\\\/072baa72775aad53c748dfc5d3048578e01b6c087eef335459ebfa04344e2d18?s=96&d=mm&r=g\",\"caption\":\"admin\"},\"sameAs\":[\"https:\\\/\\\/ferabrajan.com\\\/portal\"],\"url\":\"https:\\\/\\\/ferabrajan.com\\\/portal\\\/author\\\/admin\\\/\"}]}<\/script>\n<!-- \/ Yoast SEO plugin. -->","yoast_head_json":{"title":"Congreso del Estado exhort\u00f3 aumentar recursos federales para Red Nacional de Refugios - Fer Abrajan","robots":{"index":"index","follow":"follow","max-snippet":"max-snippet:-1","max-image-preview":"max-image-preview:large","max-video-preview":"max-video-preview:-1"},"canonical":"https:\/\/ferabrajan.com\/portal\/2020\/08\/21\/congreso-del-estado-exhorto-aumentar-recursos-federales-para-red-nacional-de-refugios\/","og_locale":"es_ES","og_type":"article","og_title":"Congreso del Estado exhort\u00f3 aumentar recursos federales para Red Nacional de Refugios - Fer Abrajan","og_description":"En sesi\u00f3n de la Comisi\u00f3n Permanente de la LX Legislatura del Congreso del Estado las y los diputados aprobaron, por mayor\u00eda de votos, un acuerdo para exhortar al Gobierno Federal para que agilice el tr\u00e1mite, se libere y se aumente el presupuesto anual destinado a la Red Nacional de Refugios, con el fin de dar seguridad a las mujeres v\u00edctimas de violencia Al hacer uso de la palabra la diputada Roc\u00edo Garc\u00eda Olmedo, presidenta de la Comisi\u00f3n de Igualdad, se\u00f1al\u00f3 que este exhorto es fundamental dado que se han elevado los casos de violencia en contra de las mujeres y es necesario liberar los recursos federales para atender los refugios a fin de velar por la seguridad y la vida de las v\u00edctimas; asimismo, dijo que se piden exhortar al SEDIF y los 217 municipios para ayuden en la creaci\u00f3n, operaci\u00f3n y fortalecimientos de estos centros. De la misma forma emitieron un pronunciamiento el diputado Jos\u00e9 Juan Espinosa Torres y Nancy Jim\u00e9nez Morales quienes se pronunciaron a favor del punto de acuerdo, el primero propuso una reforma en materia de redacci\u00f3n y la segunda se pronunci\u00f3 a favor, toda vez que se\u00f1al\u00f3 que es necesario atender la violencia como un problema social. \u00a0 AVALAN REFORZAR LOS TRABAJOS DEL CENTRO DE ATENCI\u00d3N CANINA EN ATLIXCO \u00a0En otro momento del orden del d\u00eda, las y los diputados de la Comisi\u00f3n Permanente, por mayor\u00eda de votos, aprobaron un exhorto al ayuntamiento de Atlixco para reactivar y reforzar los trabajos del Centro de Atenci\u00f3n Canina, evitando el sacrificio y promoviendo la adopci\u00f3n de todos y cada uno de los animales ah\u00ed resguardados. En este sentido la diputada Guadalupe Muci\u00f1o Mu\u00f1oz se\u00f1al\u00f3 que algunos de los animales callejeros pueden ser lastimados o contagiar de alguna enfermedad, de tal manera que propuso que se destinen recursos para atender este tipo de espacios. Por su parte el diputado Jos\u00e9 Juan Espinosa Torres consider\u00f3 que la propuesta est\u00e1 a destiempo, mientras que la diputada M\u00f3nica Lara Ch\u00e1vez, consider\u00f3 necesario hacer conciencia sobre la situaci\u00f3n de los perros callejeros. \u00a0 IMPULSAN EXHORTO PARA PROMOVER CULTIVO DE PITAHAYA \u00a0En otro momento de la sesi\u00f3n del d\u00eda, las y los diputados avalaron un exhorto a las secretar\u00edas de Desarrollo Rural y a la de Econom\u00eda del Gobierno del Estado, para en coordinaci\u00f3n con las instancias del Gobierno Federal competentes, generen y fortalezcan los mecanismos que permitan impulsar el cultivo de la pitahaya en Puebla, as\u00ed como la comercializaci\u00f3n y el consumo dentro y fuera del pa\u00eds. Al respecto el presidente de la Comisi\u00f3n de Desarrollo Rural, el diputado Arturo de Rosas Cuevas destac\u00f3 la necesidad de apoyar la producci\u00f3n de esta fruta, pues asegur\u00f3 que tiene una importante cosecha en el estado de Puebla; asimismo, refiri\u00f3 que su producci\u00f3n y precio han aumentado considerablemente convirti\u00e9ndose en una actividad que brinda importante sustento para las y los trabajadores del campo. Como parte de la discusi\u00f3n, el diputado Nibardo Hern\u00e1ndez S\u00e1nchez consider\u00f3 necesario brindar los apoyos necesarios a los productores de pitahaya y promover la comercializaci\u00f3n dentro y fuera del pa\u00eds. RESPALDAN QUE SE ASEGUREN ACCIONES PARA DAR CONTINUIDAD A OPERACIONES DE LA INDUSTRIA DE ALIMENTOS BALANCEADOS En otro punto del orden del d\u00eda fue aprobado el acuerdo de la Comisi\u00f3n de Desarrollo Rural, por el que se exhorta a las Secretar\u00edas de Salud, Econom\u00eda y Desarrollo Rural, del Gobierno del Estado de Puebla, para que realicen las acciones que aseguren la continuidad de las operaciones de la industria de alimentos balanceados de las especies de producci\u00f3n pecuaria, acu\u00edcola y av\u00edcola. Lo anterior con la intenci\u00f3n de mantener la calidad, sanidad e inocuidad en la alimentaci\u00f3n de los animales, que garantice la seguridad y sustentabilidad alimentaria de las personas y en atenci\u00f3n del nivel de alerta sanitaria que prevalezca en Puebla. Durante la lectura de ocursos, la Mesa Directiva turn\u00f3 a comisiones unidas de Gobernaci\u00f3n y Puntos Constitucionales y la Familia y los Derechos de la Ni\u00f1ez, la iniciativa de decreto por la que se reforma la Constituci\u00f3n Pol\u00edtica, presentada por el diputado Gabriel Biestro Medinilla.","og_url":"https:\/\/ferabrajan.com\/portal\/2020\/08\/21\/congreso-del-estado-exhorto-aumentar-recursos-federales-para-red-nacional-de-refugios\/","og_site_name":"Fer Abrajan","article_publisher":"https:\/\/www.facebook.com\/NoticiasconFerAbrajan\/","article_published_time":"2020-08-21T16:49:40+00:00","author":"admin","twitter_card":"summary_large_image","twitter_creator":"@ferabrajan1","twitter_site":"@ferabrajan1","twitter_misc":{"Escrito por":"admin","Tiempo de lectura":"4 minutos"},"schema":{"@context":"https:\/\/schema.org","@graph":[{"@type":"Article","@id":"https:\/\/ferabrajan.com\/portal\/2020\/08\/21\/congreso-del-estado-exhorto-aumentar-recursos-federales-para-red-nacional-de-refugios\/#article","isPartOf":{"@id":"https:\/\/ferabrajan.com\/portal\/2020\/08\/21\/congreso-del-estado-exhorto-aumentar-recursos-federales-para-red-nacional-de-refugios\/"},"author":{"name":"admin","@id":"https:\/\/ferabrajan.com\/portal\/#\/schema\/person\/f6113b3cb1e036d5c6a9505685b257ba"},"headline":"Congreso del Estado exhort\u00f3 aumentar recursos federales para Red Nacional de Refugios","datePublished":"2020-08-21T16:49:40+00:00","mainEntityOfPage":{"@id":"https:\/\/ferabrajan.com\/portal\/2020\/08\/21\/congreso-del-estado-exhorto-aumentar-recursos-federales-para-red-nacional-de-refugios\/"},"wordCount":739,"commentCount":0,"publisher":{"@id":"https:\/\/ferabrajan.com\/portal\/#organization"},"image":{"@id":"https:\/\/ferabrajan.com\/portal\/2020\/08\/21\/congreso-del-estado-exhorto-aumentar-recursos-federales-para-red-nacional-de-refugios\/#primaryimage"},"thumbnailUrl":"","keywords":["Congreso del Estado","Diputadas","Diputadas Puebla"],"articleSection":["Puebla"],"inLanguage":"es"},{"@type":"WebPage","@id":"https:\/\/ferabrajan.com\/portal\/2020\/08\/21\/congreso-del-estado-exhorto-aumentar-recursos-federales-para-red-nacional-de-refugios\/","url":"https:\/\/ferabrajan.com\/portal\/2020\/08\/21\/congreso-del-estado-exhorto-aumentar-recursos-federales-para-red-nacional-de-refugios\/","name":"Congreso del Estado exhort\u00f3 aumentar recursos federales para Red Nacional de Refugios - Fer Abrajan","isPartOf":{"@id":"https:\/\/ferabrajan.com\/portal\/#website"},"primaryImageOfPage":{"@id":"https:\/\/ferabrajan.com\/portal\/2020\/08\/21\/congreso-del-estado-exhorto-aumentar-recursos-federales-para-red-nacional-de-refugios\/#primaryimage"},"image":{"@id":"https:\/\/ferabrajan.com\/portal\/2020\/08\/21\/congreso-del-estado-exhorto-aumentar-recursos-federales-para-red-nacional-de-refugios\/#primaryimage"},"thumbnailUrl":"","datePublished":"2020-08-21T16:49:40+00:00","breadcrumb":{"@id":"https:\/\/ferabrajan.com\/portal\/2020\/08\/21\/congreso-del-estado-exhorto-aumentar-recursos-federales-para-red-nacional-de-refugios\/#breadcrumb"},"inLanguage":"es","potentialAction":[{"@type":"ReadAction","target":["https:\/\/ferabrajan.com\/portal\/2020\/08\/21\/congreso-del-estado-exhorto-aumentar-recursos-federales-para-red-nacional-de-refugios\/"]}]},{"@type":"ImageObject","inLanguage":"es","@id":"https:\/\/ferabrajan.com\/portal\/2020\/08\/21\/congreso-del-estado-exhorto-aumentar-recursos-federales-para-red-nacional-de-refugios\/#primaryimage","url":"","contentUrl":""},{"@type":"BreadcrumbList","@id":"https:\/\/ferabrajan.com\/portal\/2020\/08\/21\/congreso-del-estado-exhorto-aumentar-recursos-federales-para-red-nacional-de-refugios\/#breadcrumb","itemListElement":[{"@type":"ListItem","position":1,"name":"Portada","item":"https:\/\/ferabrajan.com\/portal\/"},{"@type":"ListItem","position":2,"name":"Congreso del Estado exhort\u00f3 aumentar recursos federales para Red Nacional de Refugios"}]},{"@type":"WebSite","@id":"https:\/\/ferabrajan.com\/portal\/#website","url":"https:\/\/ferabrajan.com\/portal\/","name":"Fer Abrajan","description":"Noticias de Puebla, opini\u00f3n y radio en vivo","publisher":{"@id":"https:\/\/ferabrajan.com\/portal\/#organization"},"potentialAction":[{"@type":"SearchAction","target":{"@type":"EntryPoint","urlTemplate":"https:\/\/ferabrajan.com\/portal\/?s={search_term_string}"},"query-input":{"@type":"PropertyValueSpecification","valueRequired":true,"valueName":"search_term_string"}}],"inLanguage":"es"},{"@type":"Organization","@id":"https:\/\/ferabrajan.com\/portal\/#organization","name":"Fer Abrajan","url":"https:\/\/ferabrajan.com\/portal\/","logo":{"@type":"ImageObject","inLanguage":"es","@id":"https:\/\/ferabrajan.com\/portal\/#\/schema\/logo\/image\/","url":"https:\/\/ferabrajan.com\/portal\/wp-content\/uploads\/2024\/10\/cropped-logo.jpeg","contentUrl":"https:\/\/ferabrajan.com\/portal\/wp-content\/uploads\/2024\/10\/cropped-logo.jpeg","width":500,"height":250,"caption":"Fer Abrajan"},"image":{"@id":"https:\/\/ferabrajan.com\/portal\/#\/schema\/logo\/image\/"},"sameAs":["https:\/\/www.facebook.com\/NoticiasconFerAbrajan\/","https:\/\/x.com\/ferabrajan1"]},{"@type":"Person","@id":"https:\/\/ferabrajan.com\/portal\/#\/schema\/person\/f6113b3cb1e036d5c6a9505685b257ba","name":"admin","image":{"@type":"ImageObject","inLanguage":"es","@id":"https:\/\/secure.gravatar.com\/avatar\/072baa72775aad53c748dfc5d3048578e01b6c087eef335459ebfa04344e2d18?s=96&d=mm&r=g","url":"https:\/\/secure.gravatar.com\/avatar\/072baa72775aad53c748dfc5d3048578e01b6c087eef335459ebfa04344e2d18?s=96&d=mm&r=g","contentUrl":"https:\/\/secure.gravatar.com\/avatar\/072baa72775aad53c748dfc5d3048578e01b6c087eef335459ebfa04344e2d18?s=96&d=mm&r=g","caption":"admin"},"sameAs":["https:\/\/ferabrajan.com\/portal"],"url":"https:\/\/ferabrajan.com\/portal\/author\/admin\/"}]}},"_links":{"self":[{"href":"https:\/\/ferabrajan.com\/portal\/wp-json\/wp\/v2\/posts\/17274","targetHints":{"allow":["GET"]}}],"collection":[{"href":"https:\/\/ferabrajan.com\/portal\/wp-json\/wp\/v2\/posts"}],"about":[{"href":"https:\/\/ferabrajan.com\/portal\/wp-json\/wp\/v2\/types\/post"}],"author":[{"embeddable":true,"href":"https:\/\/ferabrajan.com\/portal\/wp-json\/wp\/v2\/users\/1"}],"replies":[{"embeddable":true,"href":"https:\/\/ferabrajan.com\/portal\/wp-json\/wp\/v2\/comments?post=17274"}],"version-history":[{"count":0,"href":"https:\/\/ferabrajan.com\/portal\/wp-json\/wp\/v2\/posts\/17274\/revisions"}],"wp:attachment":[{"href":"https:\/\/ferabrajan.com\/portal\/wp-json\/wp\/v2\/media?parent=17274"}],"wp:term":[{"taxonomy":"category","embeddable":true,"href":"https:\/\/ferabrajan.com\/portal\/wp-json\/wp\/v2\/categories?post=17274"},{"taxonomy":"post_tag","embeddable":true,"href":"https:\/\/ferabrajan.com\/portal\/wp-json\/wp\/v2\/tags?post=17274"}],"curies":[{"name":"wp","href":"https:\/\/api.w.org\/{rel}","templated":true}]}}