{"id":17248,"date":"2020-08-21T20:37:00","date_gmt":"2020-08-21T20:37:00","guid":{"rendered":"https:\/\/www.ferabrajan.com\/?p=17248"},"modified":"2020-08-21T20:37:00","modified_gmt":"2020-08-21T20:37:00","slug":"ron-rivera-head-coach-de-washington-fue-diagnosticado-con-cancer","status":"publish","type":"post","link":"https:\/\/ferabrajan.com\/portal\/2020\/08\/21\/ron-rivera-head-coach-de-washington-fue-diagnosticado-con-cancer\/","title":{"rendered":"Ron Rivera, head coach de Washington, fue diagnosticado con c\u00e1ncer"},"content":{"rendered":"<div><img decoding=\"async\" src=\"https:\/\/www.eluniversal.com.mx\/sites\/default\/files\/2020\/08\/20\/redskins_name_football_114949388.jpg\" class=\"ff-og-image-inserted\"><\/div>\n<p><strong>Ron Rivera<\/strong>, head coach de <strong>Washington<\/strong>, fue diagnosticado con c\u00e1ncer en los ganglios linf\u00e1ticos, pero asegur\u00f3 que se encuentra en una etapa temprana y puede ser tratado. <strong>Rivera<\/strong> comparti\u00f3 la noticia con su equipo, que se prepara para la campa\u00f1a 2020de la <strong>NFL<\/strong>, el jueves por la noche.<\/p>\n<p><em><strong>Puedes leer: <u><a href=\"https:\/\/www.eluniversal.com.mx\/universal-deportes\/futbol\/raul-jimenez-que-le-ofrece-la-juventus-al-wolverhampton\"><span>\u00ab\u00bfQu\u00e9 le ofrece la Juventus al Wolverhampton por Ra\u00fal Jim\u00e9nez?\u00bb<\/span><\/a><\/u><\/strong><\/em><\/p>\n<p>Para Rivera, de 58 a\u00f1os, es \u201cel mismo negocio como siempre\u201d. Sin embargo, existe un Plan B, en caso de que no pueda entrenar, comparti\u00f3 a <strong>Adam Schefler<\/strong>, de ESPN. De acuerdo con reportes locales, la condici\u00f3n de Rivera lo pone en mayor riesgo en caso de que contraiga <strong>Covid-19<\/strong>.<\/p>\n<blockquote class=\"twitter-tweet\">\n<p dir=\"ltr\" lang=\"en\" xml:lang=\"en\">Ron Rivera told his team tonight that he had cancer. \u00abSome were stunned. A bunch came up and wished me well. I said, &#8216;I\u2019m going to be a little more cranky, so don\u2019t piss me off.&#8217; \u00ab<\/p>\n<p>\u2014 Adam Schefter (@AdamSchefter) <a href=\"https:\/\/twitter.com\/AdamSchefter\/status\/1296612997524344837?ref_src=twsrc%5Etfw\">August 21, 2020<\/a><\/p>\n<\/blockquote>\n<p>El entrenador, quien apenas lleg\u00f3 a la franquicia de la capital de <strong>Estados Unidos<\/strong>, fue diagnosticado durante un chequeo general y su c\u00e1ncer, al encontrarse en una etapa temprana, puede recibir el tratamiento correspondiente \u201cy puede ser curado\u201d, dijo.<br \/>&nbsp;<\/p>\n<p> Publicaci\u00f3n Original: <a href=\"https:\/\/www.eluniversal.com.mx\/universal-deportes\/futbol-americano\/nfl-ron-rivera-head-coach-de-washington-es-diagnosticado-con\" target=\"_blank\" rel=\"noopener noreferrer\">https:\/\/www.eluniversal.com.mx\/universal-deportes\/futbol-americano\/nfl-ron-rivera-head-coach-de-washington-es-diagnosticado-con<\/a><\/p>\n","protected":false},"excerpt":{"rendered":"<p>Ron Rivera, head coach de Washington, fue diagnosticado con c\u00e1ncer en los ganglios linf\u00e1ticos, pero asegur\u00f3 que se encuentra en una etapa temprana y puede ser tratado. Rivera comparti\u00f3 la noticia con su equipo, que se prepara para la campa\u00f1a 2020de la NFL, el jueves por la noche. Puedes leer: \u00ab\u00bfQu\u00e9 le ofrece la Juventus al Wolverhampton por Ra\u00fal Jim\u00e9nez?\u00bb Para Rivera, de 58 a\u00f1os, es \u201cel mismo negocio como siempre\u201d. Sin embargo, existe un Plan B, en caso de que no pueda entrenar, comparti\u00f3 a Adam Schefler, de ESPN. De acuerdo con reportes locales, la condici\u00f3n de Rivera lo pone en mayor riesgo en caso de que contraiga Covid-19. Ron Rivera told his team tonight that he had cancer. \u00abSome were stunned. A bunch came up and wished me well. I said, &#8216;I\u2019m going to be a little more cranky, so don\u2019t piss me off.&#8217; \u00ab \u2014 Adam Schefter (@AdamSchefter) August 21, 2020 El entrenador, quien apenas lleg\u00f3 a la franquicia de la capital de Estados Unidos, fue diagnosticado durante un chequeo general y su c\u00e1ncer, al encontrarse en una etapa temprana, puede recibir el tratamiento correspondiente \u201cy puede ser curado\u201d, dijo.&nbsp; Publicaci\u00f3n Original: https:\/\/www.eluniversal.com.mx\/universal-deportes\/futbol-americano\/nfl-ron-rivera-head-coach-de-washington-es-diagnosticado-con<\/p>\n","protected":false},"author":1,"featured_media":17249,"comment_status":"open","ping_status":"closed","sticky":false,"template":"","format":"standard","meta":{"_monsterinsights_skip_tracking":false,"_uf_show_specific_survey":0,"_uf_disable_surveys":false,"footnotes":""},"categories":[36],"tags":[],"class_list":["post-17248","post","type-post","status-publish","format-standard","has-post-thumbnail","hentry","category-el-mundo"],"yoast_head":"<!-- This site is optimized with the Yoast SEO plugin v27.5 - https:\/\/yoast.com\/product\/yoast-seo-wordpress\/ -->\n<title>Ron Rivera, head coach de Washington, fue diagnosticado con c\u00e1ncer - Fer Abrajan<\/title>\n<meta name=\"robots\" content=\"index, follow, max-snippet:-1, max-image-preview:large, max-video-preview:-1\" \/>\n<link rel=\"canonical\" href=\"https:\/\/ferabrajan.com\/portal\/2020\/08\/21\/ron-rivera-head-coach-de-washington-fue-diagnosticado-con-cancer\/\" \/>\n<meta property=\"og:locale\" content=\"es_ES\" \/>\n<meta property=\"og:type\" content=\"article\" \/>\n<meta property=\"og:title\" content=\"Ron Rivera, head coach de Washington, fue diagnosticado con c\u00e1ncer - Fer Abrajan\" \/>\n<meta property=\"og:description\" content=\"Ron Rivera, head coach de Washington, fue diagnosticado con c\u00e1ncer en los ganglios linf\u00e1ticos, pero asegur\u00f3 que se encuentra en una etapa temprana y puede ser tratado. Rivera comparti\u00f3 la noticia con su equipo, que se prepara para la campa\u00f1a 2020de la NFL, el jueves por la noche. Puedes leer: \u00ab\u00bfQu\u00e9 le ofrece la Juventus al Wolverhampton por Ra\u00fal Jim\u00e9nez?\u00bb Para Rivera, de 58 a\u00f1os, es \u201cel mismo negocio como siempre\u201d. Sin embargo, existe un Plan B, en caso de que no pueda entrenar, comparti\u00f3 a Adam Schefler, de ESPN. De acuerdo con reportes locales, la condici\u00f3n de Rivera lo pone en mayor riesgo en caso de que contraiga Covid-19. Ron Rivera told his team tonight that he had cancer. \u00abSome were stunned. A bunch came up and wished me well. I said, &#8216;I\u2019m going to be a little more cranky, so don\u2019t piss me off.&#8217; \u00ab \u2014 Adam Schefter (@AdamSchefter) August 21, 2020 El entrenador, quien apenas lleg\u00f3 a la franquicia de la capital de Estados Unidos, fue diagnosticado durante un chequeo general y su c\u00e1ncer, al encontrarse en una etapa temprana, puede recibir el tratamiento correspondiente \u201cy puede ser curado\u201d, dijo.&nbsp; Publicaci\u00f3n Original: https:\/\/www.eluniversal.com.mx\/universal-deportes\/futbol-americano\/nfl-ron-rivera-head-coach-de-washington-es-diagnosticado-con\" \/>\n<meta property=\"og:url\" content=\"https:\/\/ferabrajan.com\/portal\/2020\/08\/21\/ron-rivera-head-coach-de-washington-fue-diagnosticado-con-cancer\/\" \/>\n<meta property=\"og:site_name\" content=\"Fer Abrajan\" \/>\n<meta property=\"article:publisher\" content=\"https:\/\/www.facebook.com\/NoticiasconFerAbrajan\/\" \/>\n<meta property=\"article:published_time\" content=\"2020-08-21T20:37:00+00:00\" \/>\n<meta name=\"author\" content=\"admin\" \/>\n<meta name=\"twitter:card\" content=\"summary_large_image\" \/>\n<meta name=\"twitter:creator\" content=\"@ferabrajan1\" \/>\n<meta name=\"twitter:site\" content=\"@ferabrajan1\" \/>\n<meta name=\"twitter:label1\" content=\"Escrito por\" \/>\n\t<meta name=\"twitter:data1\" content=\"admin\" \/>\n\t<meta name=\"twitter:label2\" content=\"Tiempo de lectura\" \/>\n\t<meta name=\"twitter:data2\" content=\"1 minuto\" \/>\n<script type=\"application\/ld+json\" class=\"yoast-schema-graph\">{\"@context\":\"https:\\\/\\\/schema.org\",\"@graph\":[{\"@type\":\"Article\",\"@id\":\"https:\\\/\\\/ferabrajan.com\\\/portal\\\/2020\\\/08\\\/21\\\/ron-rivera-head-coach-de-washington-fue-diagnosticado-con-cancer\\\/#article\",\"isPartOf\":{\"@id\":\"https:\\\/\\\/ferabrajan.com\\\/portal\\\/2020\\\/08\\\/21\\\/ron-rivera-head-coach-de-washington-fue-diagnosticado-con-cancer\\\/\"},\"author\":{\"name\":\"admin\",\"@id\":\"https:\\\/\\\/ferabrajan.com\\\/portal\\\/#\\\/schema\\\/person\\\/f6113b3cb1e036d5c6a9505685b257ba\"},\"headline\":\"Ron Rivera, head coach de Washington, fue diagnosticado con c\u00e1ncer\",\"datePublished\":\"2020-08-21T20:37:00+00:00\",\"mainEntityOfPage\":{\"@id\":\"https:\\\/\\\/ferabrajan.com\\\/portal\\\/2020\\\/08\\\/21\\\/ron-rivera-head-coach-de-washington-fue-diagnosticado-con-cancer\\\/\"},\"wordCount\":221,\"commentCount\":0,\"publisher\":{\"@id\":\"https:\\\/\\\/ferabrajan.com\\\/portal\\\/#organization\"},\"image\":{\"@id\":\"https:\\\/\\\/ferabrajan.com\\\/portal\\\/2020\\\/08\\\/21\\\/ron-rivera-head-coach-de-washington-fue-diagnosticado-con-cancer\\\/#primaryimage\"},\"thumbnailUrl\":\"\",\"articleSection\":[\"El Mundo\"],\"inLanguage\":\"es\"},{\"@type\":\"WebPage\",\"@id\":\"https:\\\/\\\/ferabrajan.com\\\/portal\\\/2020\\\/08\\\/21\\\/ron-rivera-head-coach-de-washington-fue-diagnosticado-con-cancer\\\/\",\"url\":\"https:\\\/\\\/ferabrajan.com\\\/portal\\\/2020\\\/08\\\/21\\\/ron-rivera-head-coach-de-washington-fue-diagnosticado-con-cancer\\\/\",\"name\":\"Ron Rivera, head coach de Washington, fue diagnosticado con c\u00e1ncer - Fer Abrajan\",\"isPartOf\":{\"@id\":\"https:\\\/\\\/ferabrajan.com\\\/portal\\\/#website\"},\"primaryImageOfPage\":{\"@id\":\"https:\\\/\\\/ferabrajan.com\\\/portal\\\/2020\\\/08\\\/21\\\/ron-rivera-head-coach-de-washington-fue-diagnosticado-con-cancer\\\/#primaryimage\"},\"image\":{\"@id\":\"https:\\\/\\\/ferabrajan.com\\\/portal\\\/2020\\\/08\\\/21\\\/ron-rivera-head-coach-de-washington-fue-diagnosticado-con-cancer\\\/#primaryimage\"},\"thumbnailUrl\":\"\",\"datePublished\":\"2020-08-21T20:37:00+00:00\",\"breadcrumb\":{\"@id\":\"https:\\\/\\\/ferabrajan.com\\\/portal\\\/2020\\\/08\\\/21\\\/ron-rivera-head-coach-de-washington-fue-diagnosticado-con-cancer\\\/#breadcrumb\"},\"inLanguage\":\"es\",\"potentialAction\":[{\"@type\":\"ReadAction\",\"target\":[\"https:\\\/\\\/ferabrajan.com\\\/portal\\\/2020\\\/08\\\/21\\\/ron-rivera-head-coach-de-washington-fue-diagnosticado-con-cancer\\\/\"]}]},{\"@type\":\"ImageObject\",\"inLanguage\":\"es\",\"@id\":\"https:\\\/\\\/ferabrajan.com\\\/portal\\\/2020\\\/08\\\/21\\\/ron-rivera-head-coach-de-washington-fue-diagnosticado-con-cancer\\\/#primaryimage\",\"url\":\"\",\"contentUrl\":\"\"},{\"@type\":\"BreadcrumbList\",\"@id\":\"https:\\\/\\\/ferabrajan.com\\\/portal\\\/2020\\\/08\\\/21\\\/ron-rivera-head-coach-de-washington-fue-diagnosticado-con-cancer\\\/#breadcrumb\",\"itemListElement\":[{\"@type\":\"ListItem\",\"position\":1,\"name\":\"Portada\",\"item\":\"https:\\\/\\\/ferabrajan.com\\\/portal\\\/\"},{\"@type\":\"ListItem\",\"position\":2,\"name\":\"Ron Rivera, head coach de Washington, fue diagnosticado con c\u00e1ncer\"}]},{\"@type\":\"WebSite\",\"@id\":\"https:\\\/\\\/ferabrajan.com\\\/portal\\\/#website\",\"url\":\"https:\\\/\\\/ferabrajan.com\\\/portal\\\/\",\"name\":\"Fer Abrajan\",\"description\":\"Noticias de Puebla, opini\u00f3n y radio en vivo\",\"publisher\":{\"@id\":\"https:\\\/\\\/ferabrajan.com\\\/portal\\\/#organization\"},\"potentialAction\":[{\"@type\":\"SearchAction\",\"target\":{\"@type\":\"EntryPoint\",\"urlTemplate\":\"https:\\\/\\\/ferabrajan.com\\\/portal\\\/?s={search_term_string}\"},\"query-input\":{\"@type\":\"PropertyValueSpecification\",\"valueRequired\":true,\"valueName\":\"search_term_string\"}}],\"inLanguage\":\"es\"},{\"@type\":\"Organization\",\"@id\":\"https:\\\/\\\/ferabrajan.com\\\/portal\\\/#organization\",\"name\":\"Fer Abrajan\",\"url\":\"https:\\\/\\\/ferabrajan.com\\\/portal\\\/\",\"logo\":{\"@type\":\"ImageObject\",\"inLanguage\":\"es\",\"@id\":\"https:\\\/\\\/ferabrajan.com\\\/portal\\\/#\\\/schema\\\/logo\\\/image\\\/\",\"url\":\"https:\\\/\\\/ferabrajan.com\\\/portal\\\/wp-content\\\/uploads\\\/2024\\\/10\\\/cropped-logo.jpeg\",\"contentUrl\":\"https:\\\/\\\/ferabrajan.com\\\/portal\\\/wp-content\\\/uploads\\\/2024\\\/10\\\/cropped-logo.jpeg\",\"width\":500,\"height\":250,\"caption\":\"Fer Abrajan\"},\"image\":{\"@id\":\"https:\\\/\\\/ferabrajan.com\\\/portal\\\/#\\\/schema\\\/logo\\\/image\\\/\"},\"sameAs\":[\"https:\\\/\\\/www.facebook.com\\\/NoticiasconFerAbrajan\\\/\",\"https:\\\/\\\/x.com\\\/ferabrajan1\"]},{\"@type\":\"Person\",\"@id\":\"https:\\\/\\\/ferabrajan.com\\\/portal\\\/#\\\/schema\\\/person\\\/f6113b3cb1e036d5c6a9505685b257ba\",\"name\":\"admin\",\"image\":{\"@type\":\"ImageObject\",\"inLanguage\":\"es\",\"@id\":\"https:\\\/\\\/secure.gravatar.com\\\/avatar\\\/072baa72775aad53c748dfc5d3048578e01b6c087eef335459ebfa04344e2d18?s=96&d=mm&r=g\",\"url\":\"https:\\\/\\\/secure.gravatar.com\\\/avatar\\\/072baa72775aad53c748dfc5d3048578e01b6c087eef335459ebfa04344e2d18?s=96&d=mm&r=g\",\"contentUrl\":\"https:\\\/\\\/secure.gravatar.com\\\/avatar\\\/072baa72775aad53c748dfc5d3048578e01b6c087eef335459ebfa04344e2d18?s=96&d=mm&r=g\",\"caption\":\"admin\"},\"sameAs\":[\"https:\\\/\\\/ferabrajan.com\\\/portal\"],\"url\":\"https:\\\/\\\/ferabrajan.com\\\/portal\\\/author\\\/admin\\\/\"}]}<\/script>\n<!-- \/ Yoast SEO plugin. -->","yoast_head_json":{"title":"Ron Rivera, head coach de Washington, fue diagnosticado con c\u00e1ncer - Fer Abrajan","robots":{"index":"index","follow":"follow","max-snippet":"max-snippet:-1","max-image-preview":"max-image-preview:large","max-video-preview":"max-video-preview:-1"},"canonical":"https:\/\/ferabrajan.com\/portal\/2020\/08\/21\/ron-rivera-head-coach-de-washington-fue-diagnosticado-con-cancer\/","og_locale":"es_ES","og_type":"article","og_title":"Ron Rivera, head coach de Washington, fue diagnosticado con c\u00e1ncer - Fer Abrajan","og_description":"Ron Rivera, head coach de Washington, fue diagnosticado con c\u00e1ncer en los ganglios linf\u00e1ticos, pero asegur\u00f3 que se encuentra en una etapa temprana y puede ser tratado. Rivera comparti\u00f3 la noticia con su equipo, que se prepara para la campa\u00f1a 2020de la NFL, el jueves por la noche. Puedes leer: \u00ab\u00bfQu\u00e9 le ofrece la Juventus al Wolverhampton por Ra\u00fal Jim\u00e9nez?\u00bb Para Rivera, de 58 a\u00f1os, es \u201cel mismo negocio como siempre\u201d. Sin embargo, existe un Plan B, en caso de que no pueda entrenar, comparti\u00f3 a Adam Schefler, de ESPN. De acuerdo con reportes locales, la condici\u00f3n de Rivera lo pone en mayor riesgo en caso de que contraiga Covid-19. Ron Rivera told his team tonight that he had cancer. \u00abSome were stunned. A bunch came up and wished me well. I said, &#8216;I\u2019m going to be a little more cranky, so don\u2019t piss me off.&#8217; \u00ab \u2014 Adam Schefter (@AdamSchefter) August 21, 2020 El entrenador, quien apenas lleg\u00f3 a la franquicia de la capital de Estados Unidos, fue diagnosticado durante un chequeo general y su c\u00e1ncer, al encontrarse en una etapa temprana, puede recibir el tratamiento correspondiente \u201cy puede ser curado\u201d, dijo.&nbsp; Publicaci\u00f3n Original: https:\/\/www.eluniversal.com.mx\/universal-deportes\/futbol-americano\/nfl-ron-rivera-head-coach-de-washington-es-diagnosticado-con","og_url":"https:\/\/ferabrajan.com\/portal\/2020\/08\/21\/ron-rivera-head-coach-de-washington-fue-diagnosticado-con-cancer\/","og_site_name":"Fer Abrajan","article_publisher":"https:\/\/www.facebook.com\/NoticiasconFerAbrajan\/","article_published_time":"2020-08-21T20:37:00+00:00","author":"admin","twitter_card":"summary_large_image","twitter_creator":"@ferabrajan1","twitter_site":"@ferabrajan1","twitter_misc":{"Escrito por":"admin","Tiempo de lectura":"1 minuto"},"schema":{"@context":"https:\/\/schema.org","@graph":[{"@type":"Article","@id":"https:\/\/ferabrajan.com\/portal\/2020\/08\/21\/ron-rivera-head-coach-de-washington-fue-diagnosticado-con-cancer\/#article","isPartOf":{"@id":"https:\/\/ferabrajan.com\/portal\/2020\/08\/21\/ron-rivera-head-coach-de-washington-fue-diagnosticado-con-cancer\/"},"author":{"name":"admin","@id":"https:\/\/ferabrajan.com\/portal\/#\/schema\/person\/f6113b3cb1e036d5c6a9505685b257ba"},"headline":"Ron Rivera, head coach de Washington, fue diagnosticado con c\u00e1ncer","datePublished":"2020-08-21T20:37:00+00:00","mainEntityOfPage":{"@id":"https:\/\/ferabrajan.com\/portal\/2020\/08\/21\/ron-rivera-head-coach-de-washington-fue-diagnosticado-con-cancer\/"},"wordCount":221,"commentCount":0,"publisher":{"@id":"https:\/\/ferabrajan.com\/portal\/#organization"},"image":{"@id":"https:\/\/ferabrajan.com\/portal\/2020\/08\/21\/ron-rivera-head-coach-de-washington-fue-diagnosticado-con-cancer\/#primaryimage"},"thumbnailUrl":"","articleSection":["El Mundo"],"inLanguage":"es"},{"@type":"WebPage","@id":"https:\/\/ferabrajan.com\/portal\/2020\/08\/21\/ron-rivera-head-coach-de-washington-fue-diagnosticado-con-cancer\/","url":"https:\/\/ferabrajan.com\/portal\/2020\/08\/21\/ron-rivera-head-coach-de-washington-fue-diagnosticado-con-cancer\/","name":"Ron Rivera, head coach de Washington, fue diagnosticado con c\u00e1ncer - Fer Abrajan","isPartOf":{"@id":"https:\/\/ferabrajan.com\/portal\/#website"},"primaryImageOfPage":{"@id":"https:\/\/ferabrajan.com\/portal\/2020\/08\/21\/ron-rivera-head-coach-de-washington-fue-diagnosticado-con-cancer\/#primaryimage"},"image":{"@id":"https:\/\/ferabrajan.com\/portal\/2020\/08\/21\/ron-rivera-head-coach-de-washington-fue-diagnosticado-con-cancer\/#primaryimage"},"thumbnailUrl":"","datePublished":"2020-08-21T20:37:00+00:00","breadcrumb":{"@id":"https:\/\/ferabrajan.com\/portal\/2020\/08\/21\/ron-rivera-head-coach-de-washington-fue-diagnosticado-con-cancer\/#breadcrumb"},"inLanguage":"es","potentialAction":[{"@type":"ReadAction","target":["https:\/\/ferabrajan.com\/portal\/2020\/08\/21\/ron-rivera-head-coach-de-washington-fue-diagnosticado-con-cancer\/"]}]},{"@type":"ImageObject","inLanguage":"es","@id":"https:\/\/ferabrajan.com\/portal\/2020\/08\/21\/ron-rivera-head-coach-de-washington-fue-diagnosticado-con-cancer\/#primaryimage","url":"","contentUrl":""},{"@type":"BreadcrumbList","@id":"https:\/\/ferabrajan.com\/portal\/2020\/08\/21\/ron-rivera-head-coach-de-washington-fue-diagnosticado-con-cancer\/#breadcrumb","itemListElement":[{"@type":"ListItem","position":1,"name":"Portada","item":"https:\/\/ferabrajan.com\/portal\/"},{"@type":"ListItem","position":2,"name":"Ron Rivera, head coach de Washington, fue diagnosticado con c\u00e1ncer"}]},{"@type":"WebSite","@id":"https:\/\/ferabrajan.com\/portal\/#website","url":"https:\/\/ferabrajan.com\/portal\/","name":"Fer Abrajan","description":"Noticias de Puebla, opini\u00f3n y radio en vivo","publisher":{"@id":"https:\/\/ferabrajan.com\/portal\/#organization"},"potentialAction":[{"@type":"SearchAction","target":{"@type":"EntryPoint","urlTemplate":"https:\/\/ferabrajan.com\/portal\/?s={search_term_string}"},"query-input":{"@type":"PropertyValueSpecification","valueRequired":true,"valueName":"search_term_string"}}],"inLanguage":"es"},{"@type":"Organization","@id":"https:\/\/ferabrajan.com\/portal\/#organization","name":"Fer Abrajan","url":"https:\/\/ferabrajan.com\/portal\/","logo":{"@type":"ImageObject","inLanguage":"es","@id":"https:\/\/ferabrajan.com\/portal\/#\/schema\/logo\/image\/","url":"https:\/\/ferabrajan.com\/portal\/wp-content\/uploads\/2024\/10\/cropped-logo.jpeg","contentUrl":"https:\/\/ferabrajan.com\/portal\/wp-content\/uploads\/2024\/10\/cropped-logo.jpeg","width":500,"height":250,"caption":"Fer Abrajan"},"image":{"@id":"https:\/\/ferabrajan.com\/portal\/#\/schema\/logo\/image\/"},"sameAs":["https:\/\/www.facebook.com\/NoticiasconFerAbrajan\/","https:\/\/x.com\/ferabrajan1"]},{"@type":"Person","@id":"https:\/\/ferabrajan.com\/portal\/#\/schema\/person\/f6113b3cb1e036d5c6a9505685b257ba","name":"admin","image":{"@type":"ImageObject","inLanguage":"es","@id":"https:\/\/secure.gravatar.com\/avatar\/072baa72775aad53c748dfc5d3048578e01b6c087eef335459ebfa04344e2d18?s=96&d=mm&r=g","url":"https:\/\/secure.gravatar.com\/avatar\/072baa72775aad53c748dfc5d3048578e01b6c087eef335459ebfa04344e2d18?s=96&d=mm&r=g","contentUrl":"https:\/\/secure.gravatar.com\/avatar\/072baa72775aad53c748dfc5d3048578e01b6c087eef335459ebfa04344e2d18?s=96&d=mm&r=g","caption":"admin"},"sameAs":["https:\/\/ferabrajan.com\/portal"],"url":"https:\/\/ferabrajan.com\/portal\/author\/admin\/"}]}},"_links":{"self":[{"href":"https:\/\/ferabrajan.com\/portal\/wp-json\/wp\/v2\/posts\/17248","targetHints":{"allow":["GET"]}}],"collection":[{"href":"https:\/\/ferabrajan.com\/portal\/wp-json\/wp\/v2\/posts"}],"about":[{"href":"https:\/\/ferabrajan.com\/portal\/wp-json\/wp\/v2\/types\/post"}],"author":[{"embeddable":true,"href":"https:\/\/ferabrajan.com\/portal\/wp-json\/wp\/v2\/users\/1"}],"replies":[{"embeddable":true,"href":"https:\/\/ferabrajan.com\/portal\/wp-json\/wp\/v2\/comments?post=17248"}],"version-history":[{"count":0,"href":"https:\/\/ferabrajan.com\/portal\/wp-json\/wp\/v2\/posts\/17248\/revisions"}],"wp:attachment":[{"href":"https:\/\/ferabrajan.com\/portal\/wp-json\/wp\/v2\/media?parent=17248"}],"wp:term":[{"taxonomy":"category","embeddable":true,"href":"https:\/\/ferabrajan.com\/portal\/wp-json\/wp\/v2\/categories?post=17248"},{"taxonomy":"post_tag","embeddable":true,"href":"https:\/\/ferabrajan.com\/portal\/wp-json\/wp\/v2\/tags?post=17248"}],"curies":[{"name":"wp","href":"https:\/\/api.w.org\/{rel}","templated":true}]}}