{"id":17239,"date":"2020-08-21T01:34:23","date_gmt":"2020-08-21T01:34:23","guid":{"rendered":"https:\/\/www.elsoldepuebla.com.mx\/mundo\/gobierno-boliviano-denuncia-a-evo-morales-por-presunta-relacion-con-una-menor-bolivia-ministerio-de-justicia-5652909.html"},"modified":"2020-08-21T01:34:23","modified_gmt":"2020-08-21T01:34:23","slug":"gobierno-de-bolivia-denuncia-a-evo-morales-por-presunta-relacion-con-una-menor","status":"publish","type":"post","link":"https:\/\/ferabrajan.com\/portal\/2020\/08\/21\/gobierno-de-bolivia-denuncia-a-evo-morales-por-presunta-relacion-con-una-menor\/","title":{"rendered":"Gobierno de Bolivia denuncia a Evo Morales por presunta relaci\u00f3n con una menor"},"content":{"rendered":"<div><img decoding=\"async\" src=\"https:\/\/www.elsoldemexico.com.mx\/mundo\/q7kf5v-evo-morales\/ALTERNATES\/LANDSCAPE_1140\/Evo%20Morales\" class=\"ff-og-image-inserted\"><\/div>\n<p>El <strong>Ministerio de Justicia de Bolivia<\/strong> present\u00f3 ante la fiscal\u00eda una denuncia penal contra el <strong>expresidente Evo Morales<\/strong> por haber tenido supuestamente una <strong>relaci\u00f3n amorosa<\/strong> con una menor de edad, inform\u00f3 este jueves el viceministro <strong>Guido Melgar<\/strong>.<\/p>\n<p>\u00abEl Ministerio de Justicia ha presentado una denuncia en contra del ciudadano <strong>Juan Evo Morales Ayma<\/strong> por los <strong>delitos de estupro<\/strong> y trata y <strong>tr\u00e1fico de personas<\/strong>\u00ab, afirm\u00f3 Melgar en una conferencia de prensa.<\/p>\n<article class=\"mundo media col-md-4 inline-story\"> <\/article>\n<p>\u00abDe aqu\u00ed adelante es el Ministerio P\u00fablico y las otras instituciones (de protecci\u00f3n de la mujer y del menor) las que deber\u00edan materializar el proceso penal correspondiente\u00bb, a\u00f1adi\u00f3.<\/p>\n<p>En los \u00faltimos d\u00edas se difundieron en la prensa local y en redes sociales fotograf\u00edas de Morales (2006-2019), con una joven identificada como N.M., ahora de 19 a\u00f1os.<\/p>\n<p>El exmandatario izquierdista de 60 a\u00f1os est\u00e1 refugiado en Argentina desde fines del a\u00f1o pasado tras su renuncia en medio de una revuelta social.<\/p>\n<p>El viceministro Melgar dijo que en fotos extra\u00eddas de un celular de una familiar de la joven se la observa en viajes del entonces gobernante por el pa\u00eds.<\/p>\n<section>\n<div class=\"teaser\">\n<div class=\"infographicWrapper\">\n<blockquote class=\"twitter-tweet\">\n<p lang=\"es\" dir=\"ltr\" xml:lang=\"es\">\u27a1\ufe0f El Ministerio de Justicia recibi\u00f3, en d\u00edas anteriores, denuncias an\u00f3nimas del caso, motivo por el cual se comenzaron las investigaciones correspondientes para encontrar los elementos que permitan sustentar el proceso.<a href=\"https:\/\/twitter.com\/hashtag\/Urgente?src=hash&amp;ref_src=twsrc%5Etfw\">#Urgente<\/a><a href=\"https:\/\/twitter.com\/hashtag\/Denuncia?src=hash&amp;ref_src=twsrc%5Etfw\">#Denuncia<\/a> <a href=\"https:\/\/t.co\/WlPwCa95NW\">pic.twitter.com\/WlPwCa95NW<\/a><\/p>\n<p>\u2014 Ministerio Justicia y Transparencia Institucional (@MinJusticiaBol) <a href=\"https:\/\/twitter.com\/MinJusticiaBol\/status\/1296591266277396483?ref_src=twsrc%5Etfw\">August 20, 2020<\/a><\/p><\/blockquote>\n<\/div>\n<\/div>\n<\/section>\n<p>\u00abLo curioso aqu\u00ed es que ella en esa \u00e9poca era menor de edad y como todos sabemos para que una menor viaje necesitaba el permiso de sus padres\u00bb, expres\u00f3 el funcionario.<\/p>\n<section>\n<div class=\"teaser\">\n<div class=\"infographicWrapper\">\n<blockquote class=\"twitter-tweet\">\n<p lang=\"es\" dir=\"ltr\" xml:lang=\"es\"><a href=\"https:\/\/twitter.com\/hashtag\/NotaDePrensa?src=hash&amp;ref_src=twsrc%5Etfw\">#NotaDePrensa<\/a> ???<\/p>\n<p>El Ministerio de Justicia y Transparencia Institucional, mediante el Servicio Plurinacional de Asistencia a la V\u00edctima (SEPDAVI), present\u00f3 una denuncia contra el expresidente Evo Morales Ayma por los delitos de estupro y trata y tr\u00e1fico. <a href=\"https:\/\/t.co\/oMQc4yp9as\">pic.twitter.com\/oMQc4yp9as<\/a><\/p>\n<p>\u2014 Ministerio Justicia y Transparencia Institucional (@MinJusticiaBol) <a href=\"https:\/\/twitter.com\/MinJusticiaBol\/status\/1296574633412616197?ref_src=twsrc%5Etfw\">August 20, 2020<\/a><\/p><\/blockquote>\n<\/div>\n<\/div>\n<\/section>\n<p>El mismo Melgar hab\u00eda anunciado el lunes que su Ministerio investigaba una denuncia an\u00f3nima sobre una presunta relaci\u00f3n sentimental del exmandatario con otra menor, con la que habr\u00eda tenido un hijo.<\/p>\n<p>El delito de estupro es penado por la ley boliviana con dos a seis a\u00f1os de c\u00e1rcel y el de trata y tr\u00e1fico de personas con 10 a 15 a\u00f1os.<\/p>\n<p>A Morales, soltero y padre de dos hijos, tambi\u00e9n se le atribuy\u00f3 en 2016 una relaci\u00f3n con Gabriela Zapata, que era gerente de la empresa china CAMC, a la que el Estado boliviano adjudic\u00f3 contratos millonarios.<\/p>\n<p>El gobierno transitorio de derecha de Bolivia ha lanzado varias acusaciones contra Morales, entre ellas las de sedici\u00f3n y terrorismo por la violencia social ocurrida entre octubre y noviembre de 2019.<\/p>\n<p>Ni Morales ni su Movimiento Al Socialismo (MAS) han comentado las nuevas acusaciones.<\/p>\n<p>Publicaci\u00f3n Original: <a href=\"https:\/\/www.elsoldepuebla.com.mx\/mundo\/gobierno-boliviano-denuncia-a-evo-morales-por-presunta-relacion-con-una-menor-bolivia-ministerio-de-justicia-5652909.html\" target=\"_blank\" rel=\"noopener noreferrer\">https:\/\/www.elsoldepuebla.com.mx\/mundo\/gobierno-boliviano-denuncia-a-evo-morales-por-presunta-relacion-con-una-menor-bolivia-ministerio-de-justicia-5652909.html<\/a><\/p>\n","protected":false},"excerpt":{"rendered":"<p>El Ministerio de Justicia de Bolivia present\u00f3 ante la fiscal\u00eda una denuncia penal contra el expresidente Evo Morales por haber tenido supuestamente una relaci\u00f3n amorosa con una menor de edad, inform\u00f3 este jueves el viceministro Guido Melgar. \u00abEl Ministerio de Justicia ha presentado una denuncia en contra del ciudadano Juan Evo Morales Ayma por los delitos de estupro y trata y tr\u00e1fico de personas\u00ab, afirm\u00f3 Melgar en una conferencia de prensa. \u00abDe aqu\u00ed adelante es el Ministerio P\u00fablico y las otras instituciones (de protecci\u00f3n de la mujer y del menor) las que deber\u00edan materializar el proceso penal correspondiente\u00bb, a\u00f1adi\u00f3. En los \u00faltimos d\u00edas se difundieron en la prensa local y en redes sociales fotograf\u00edas de Morales (2006-2019), con una joven identificada como N.M., ahora de 19 a\u00f1os. El exmandatario izquierdista de 60 a\u00f1os est\u00e1 refugiado en Argentina desde fines del a\u00f1o pasado tras su renuncia en medio de una revuelta social. El viceministro Melgar dijo que en fotos extra\u00eddas de un celular de una familiar de la joven se la observa en viajes del entonces gobernante por el pa\u00eds. \u27a1\ufe0f El Ministerio de Justicia recibi\u00f3, en d\u00edas anteriores, denuncias an\u00f3nimas del caso, motivo por el cual se comenzaron las investigaciones correspondientes para encontrar los elementos que permitan sustentar el proceso.#Urgente#Denuncia pic.twitter.com\/WlPwCa95NW \u2014 Ministerio Justicia y Transparencia Institucional (@MinJusticiaBol) August 20, 2020 \u00abLo curioso aqu\u00ed es que ella en esa \u00e9poca era menor de edad y como todos sabemos para que una menor viaje necesitaba el permiso de sus padres\u00bb, expres\u00f3 el funcionario. #NotaDePrensa ??? El Ministerio de Justicia y Transparencia Institucional, mediante el Servicio Plurinacional de Asistencia a la V\u00edctima (SEPDAVI), present\u00f3 una denuncia contra el expresidente Evo Morales Ayma por los delitos de estupro y trata y tr\u00e1fico. pic.twitter.com\/oMQc4yp9as \u2014 Ministerio Justicia y Transparencia Institucional (@MinJusticiaBol) August 20, 2020 El mismo Melgar hab\u00eda anunciado el lunes que su Ministerio investigaba una denuncia an\u00f3nima sobre una presunta relaci\u00f3n sentimental del exmandatario con otra menor, con la que habr\u00eda tenido un hijo. El delito de estupro es penado por la ley boliviana con dos a seis a\u00f1os de c\u00e1rcel y el de trata y tr\u00e1fico de personas con 10 a 15 a\u00f1os. A Morales, soltero y padre de dos hijos, tambi\u00e9n se le atribuy\u00f3 en 2016 una relaci\u00f3n con Gabriela Zapata, que era gerente de la empresa china CAMC, a la que el Estado boliviano adjudic\u00f3 contratos millonarios. El gobierno transitorio de derecha de Bolivia ha lanzado varias acusaciones contra Morales, entre ellas las de sedici\u00f3n y terrorismo por la violencia social ocurrida entre octubre y noviembre de 2019. Ni Morales ni su Movimiento Al Socialismo (MAS) han comentado las nuevas acusaciones. Publicaci\u00f3n Original: https:\/\/www.elsoldepuebla.com.mx\/mundo\/gobierno-boliviano-denuncia-a-evo-morales-por-presunta-relacion-con-una-menor-bolivia-ministerio-de-justicia-5652909.html<\/p>\n","protected":false},"author":1,"featured_media":17243,"comment_status":"closed","ping_status":"closed","sticky":false,"template":"","format":"standard","meta":{"_monsterinsights_skip_tracking":false,"_uf_show_specific_survey":0,"_uf_disable_surveys":false,"footnotes":""},"categories":[34],"tags":[],"class_list":["post-17239","post","type-post","status-publish","format-standard","has-post-thumbnail","hentry","category-puebla"],"yoast_head":"<!-- This site is optimized with the Yoast SEO plugin v27.5 - https:\/\/yoast.com\/product\/yoast-seo-wordpress\/ -->\n<title>Gobierno de Bolivia denuncia a Evo Morales por presunta relaci\u00f3n con una menor - Fer Abrajan<\/title>\n<meta name=\"robots\" content=\"index, follow, max-snippet:-1, max-image-preview:large, max-video-preview:-1\" \/>\n<link rel=\"canonical\" href=\"https:\/\/ferabrajan.com\/portal\/2020\/08\/21\/gobierno-de-bolivia-denuncia-a-evo-morales-por-presunta-relacion-con-una-menor\/\" \/>\n<meta property=\"og:locale\" content=\"es_ES\" \/>\n<meta property=\"og:type\" content=\"article\" \/>\n<meta property=\"og:title\" content=\"Gobierno de Bolivia denuncia a Evo Morales por presunta relaci\u00f3n con una menor - Fer Abrajan\" \/>\n<meta property=\"og:description\" content=\"El Ministerio de Justicia de Bolivia present\u00f3 ante la fiscal\u00eda una denuncia penal contra el expresidente Evo Morales por haber tenido supuestamente una relaci\u00f3n amorosa con una menor de edad, inform\u00f3 este jueves el viceministro Guido Melgar. \u00abEl Ministerio de Justicia ha presentado una denuncia en contra del ciudadano Juan Evo Morales Ayma por los delitos de estupro y trata y tr\u00e1fico de personas\u00ab, afirm\u00f3 Melgar en una conferencia de prensa. \u00abDe aqu\u00ed adelante es el Ministerio P\u00fablico y las otras instituciones (de protecci\u00f3n de la mujer y del menor) las que deber\u00edan materializar el proceso penal correspondiente\u00bb, a\u00f1adi\u00f3. En los \u00faltimos d\u00edas se difundieron en la prensa local y en redes sociales fotograf\u00edas de Morales (2006-2019), con una joven identificada como N.M., ahora de 19 a\u00f1os. El exmandatario izquierdista de 60 a\u00f1os est\u00e1 refugiado en Argentina desde fines del a\u00f1o pasado tras su renuncia en medio de una revuelta social. El viceministro Melgar dijo que en fotos extra\u00eddas de un celular de una familiar de la joven se la observa en viajes del entonces gobernante por el pa\u00eds. \u27a1\ufe0f El Ministerio de Justicia recibi\u00f3, en d\u00edas anteriores, denuncias an\u00f3nimas del caso, motivo por el cual se comenzaron las investigaciones correspondientes para encontrar los elementos que permitan sustentar el proceso.#Urgente#Denuncia pic.twitter.com\/WlPwCa95NW \u2014 Ministerio Justicia y Transparencia Institucional (@MinJusticiaBol) August 20, 2020 \u00abLo curioso aqu\u00ed es que ella en esa \u00e9poca era menor de edad y como todos sabemos para que una menor viaje necesitaba el permiso de sus padres\u00bb, expres\u00f3 el funcionario. #NotaDePrensa ??? El Ministerio de Justicia y Transparencia Institucional, mediante el Servicio Plurinacional de Asistencia a la V\u00edctima (SEPDAVI), present\u00f3 una denuncia contra el expresidente Evo Morales Ayma por los delitos de estupro y trata y tr\u00e1fico. pic.twitter.com\/oMQc4yp9as \u2014 Ministerio Justicia y Transparencia Institucional (@MinJusticiaBol) August 20, 2020 El mismo Melgar hab\u00eda anunciado el lunes que su Ministerio investigaba una denuncia an\u00f3nima sobre una presunta relaci\u00f3n sentimental del exmandatario con otra menor, con la que habr\u00eda tenido un hijo. El delito de estupro es penado por la ley boliviana con dos a seis a\u00f1os de c\u00e1rcel y el de trata y tr\u00e1fico de personas con 10 a 15 a\u00f1os. A Morales, soltero y padre de dos hijos, tambi\u00e9n se le atribuy\u00f3 en 2016 una relaci\u00f3n con Gabriela Zapata, que era gerente de la empresa china CAMC, a la que el Estado boliviano adjudic\u00f3 contratos millonarios. El gobierno transitorio de derecha de Bolivia ha lanzado varias acusaciones contra Morales, entre ellas las de sedici\u00f3n y terrorismo por la violencia social ocurrida entre octubre y noviembre de 2019. Ni Morales ni su Movimiento Al Socialismo (MAS) han comentado las nuevas acusaciones. Publicaci\u00f3n Original: https:\/\/www.elsoldepuebla.com.mx\/mundo\/gobierno-boliviano-denuncia-a-evo-morales-por-presunta-relacion-con-una-menor-bolivia-ministerio-de-justicia-5652909.html\" \/>\n<meta property=\"og:url\" content=\"https:\/\/ferabrajan.com\/portal\/2020\/08\/21\/gobierno-de-bolivia-denuncia-a-evo-morales-por-presunta-relacion-con-una-menor\/\" \/>\n<meta property=\"og:site_name\" content=\"Fer Abrajan\" \/>\n<meta property=\"article:publisher\" content=\"https:\/\/www.facebook.com\/NoticiasconFerAbrajan\/\" \/>\n<meta property=\"article:published_time\" content=\"2020-08-21T01:34:23+00:00\" \/>\n<meta name=\"author\" content=\"admin\" \/>\n<meta name=\"twitter:card\" content=\"summary_large_image\" \/>\n<meta name=\"twitter:creator\" content=\"@ferabrajan1\" \/>\n<meta name=\"twitter:site\" content=\"@ferabrajan1\" \/>\n<meta name=\"twitter:label1\" content=\"Escrito por\" \/>\n\t<meta name=\"twitter:data1\" content=\"admin\" \/>\n\t<meta name=\"twitter:label2\" content=\"Tiempo de lectura\" \/>\n\t<meta name=\"twitter:data2\" content=\"2 minutos\" \/>\n<script type=\"application\/ld+json\" class=\"yoast-schema-graph\">{\"@context\":\"https:\\\/\\\/schema.org\",\"@graph\":[{\"@type\":\"Article\",\"@id\":\"https:\\\/\\\/ferabrajan.com\\\/portal\\\/2020\\\/08\\\/21\\\/gobierno-de-bolivia-denuncia-a-evo-morales-por-presunta-relacion-con-una-menor\\\/#article\",\"isPartOf\":{\"@id\":\"https:\\\/\\\/ferabrajan.com\\\/portal\\\/2020\\\/08\\\/21\\\/gobierno-de-bolivia-denuncia-a-evo-morales-por-presunta-relacion-con-una-menor\\\/\"},\"author\":{\"name\":\"admin\",\"@id\":\"https:\\\/\\\/ferabrajan.com\\\/portal\\\/#\\\/schema\\\/person\\\/f6113b3cb1e036d5c6a9505685b257ba\"},\"headline\":\"Gobierno de Bolivia denuncia a Evo Morales por presunta relaci\u00f3n con una menor\",\"datePublished\":\"2020-08-21T01:34:23+00:00\",\"mainEntityOfPage\":{\"@id\":\"https:\\\/\\\/ferabrajan.com\\\/portal\\\/2020\\\/08\\\/21\\\/gobierno-de-bolivia-denuncia-a-evo-morales-por-presunta-relacion-con-una-menor\\\/\"},\"wordCount\":493,\"publisher\":{\"@id\":\"https:\\\/\\\/ferabrajan.com\\\/portal\\\/#organization\"},\"image\":{\"@id\":\"https:\\\/\\\/ferabrajan.com\\\/portal\\\/2020\\\/08\\\/21\\\/gobierno-de-bolivia-denuncia-a-evo-morales-por-presunta-relacion-con-una-menor\\\/#primaryimage\"},\"thumbnailUrl\":\"\",\"articleSection\":[\"Puebla\"],\"inLanguage\":\"es\"},{\"@type\":\"WebPage\",\"@id\":\"https:\\\/\\\/ferabrajan.com\\\/portal\\\/2020\\\/08\\\/21\\\/gobierno-de-bolivia-denuncia-a-evo-morales-por-presunta-relacion-con-una-menor\\\/\",\"url\":\"https:\\\/\\\/ferabrajan.com\\\/portal\\\/2020\\\/08\\\/21\\\/gobierno-de-bolivia-denuncia-a-evo-morales-por-presunta-relacion-con-una-menor\\\/\",\"name\":\"Gobierno de Bolivia denuncia a Evo Morales por presunta relaci\u00f3n con una menor - Fer Abrajan\",\"isPartOf\":{\"@id\":\"https:\\\/\\\/ferabrajan.com\\\/portal\\\/#website\"},\"primaryImageOfPage\":{\"@id\":\"https:\\\/\\\/ferabrajan.com\\\/portal\\\/2020\\\/08\\\/21\\\/gobierno-de-bolivia-denuncia-a-evo-morales-por-presunta-relacion-con-una-menor\\\/#primaryimage\"},\"image\":{\"@id\":\"https:\\\/\\\/ferabrajan.com\\\/portal\\\/2020\\\/08\\\/21\\\/gobierno-de-bolivia-denuncia-a-evo-morales-por-presunta-relacion-con-una-menor\\\/#primaryimage\"},\"thumbnailUrl\":\"\",\"datePublished\":\"2020-08-21T01:34:23+00:00\",\"breadcrumb\":{\"@id\":\"https:\\\/\\\/ferabrajan.com\\\/portal\\\/2020\\\/08\\\/21\\\/gobierno-de-bolivia-denuncia-a-evo-morales-por-presunta-relacion-con-una-menor\\\/#breadcrumb\"},\"inLanguage\":\"es\",\"potentialAction\":[{\"@type\":\"ReadAction\",\"target\":[\"https:\\\/\\\/ferabrajan.com\\\/portal\\\/2020\\\/08\\\/21\\\/gobierno-de-bolivia-denuncia-a-evo-morales-por-presunta-relacion-con-una-menor\\\/\"]}]},{\"@type\":\"ImageObject\",\"inLanguage\":\"es\",\"@id\":\"https:\\\/\\\/ferabrajan.com\\\/portal\\\/2020\\\/08\\\/21\\\/gobierno-de-bolivia-denuncia-a-evo-morales-por-presunta-relacion-con-una-menor\\\/#primaryimage\",\"url\":\"\",\"contentUrl\":\"\"},{\"@type\":\"BreadcrumbList\",\"@id\":\"https:\\\/\\\/ferabrajan.com\\\/portal\\\/2020\\\/08\\\/21\\\/gobierno-de-bolivia-denuncia-a-evo-morales-por-presunta-relacion-con-una-menor\\\/#breadcrumb\",\"itemListElement\":[{\"@type\":\"ListItem\",\"position\":1,\"name\":\"Portada\",\"item\":\"https:\\\/\\\/ferabrajan.com\\\/portal\\\/\"},{\"@type\":\"ListItem\",\"position\":2,\"name\":\"Gobierno de Bolivia denuncia a Evo Morales por presunta relaci\u00f3n con una menor\"}]},{\"@type\":\"WebSite\",\"@id\":\"https:\\\/\\\/ferabrajan.com\\\/portal\\\/#website\",\"url\":\"https:\\\/\\\/ferabrajan.com\\\/portal\\\/\",\"name\":\"Fer Abrajan\",\"description\":\"Noticias de Puebla, opini\u00f3n y radio en vivo\",\"publisher\":{\"@id\":\"https:\\\/\\\/ferabrajan.com\\\/portal\\\/#organization\"},\"potentialAction\":[{\"@type\":\"SearchAction\",\"target\":{\"@type\":\"EntryPoint\",\"urlTemplate\":\"https:\\\/\\\/ferabrajan.com\\\/portal\\\/?s={search_term_string}\"},\"query-input\":{\"@type\":\"PropertyValueSpecification\",\"valueRequired\":true,\"valueName\":\"search_term_string\"}}],\"inLanguage\":\"es\"},{\"@type\":\"Organization\",\"@id\":\"https:\\\/\\\/ferabrajan.com\\\/portal\\\/#organization\",\"name\":\"Fer Abrajan\",\"url\":\"https:\\\/\\\/ferabrajan.com\\\/portal\\\/\",\"logo\":{\"@type\":\"ImageObject\",\"inLanguage\":\"es\",\"@id\":\"https:\\\/\\\/ferabrajan.com\\\/portal\\\/#\\\/schema\\\/logo\\\/image\\\/\",\"url\":\"https:\\\/\\\/ferabrajan.com\\\/portal\\\/wp-content\\\/uploads\\\/2024\\\/10\\\/cropped-logo.jpeg\",\"contentUrl\":\"https:\\\/\\\/ferabrajan.com\\\/portal\\\/wp-content\\\/uploads\\\/2024\\\/10\\\/cropped-logo.jpeg\",\"width\":500,\"height\":250,\"caption\":\"Fer Abrajan\"},\"image\":{\"@id\":\"https:\\\/\\\/ferabrajan.com\\\/portal\\\/#\\\/schema\\\/logo\\\/image\\\/\"},\"sameAs\":[\"https:\\\/\\\/www.facebook.com\\\/NoticiasconFerAbrajan\\\/\",\"https:\\\/\\\/x.com\\\/ferabrajan1\"]},{\"@type\":\"Person\",\"@id\":\"https:\\\/\\\/ferabrajan.com\\\/portal\\\/#\\\/schema\\\/person\\\/f6113b3cb1e036d5c6a9505685b257ba\",\"name\":\"admin\",\"image\":{\"@type\":\"ImageObject\",\"inLanguage\":\"es\",\"@id\":\"https:\\\/\\\/secure.gravatar.com\\\/avatar\\\/072baa72775aad53c748dfc5d3048578e01b6c087eef335459ebfa04344e2d18?s=96&d=mm&r=g\",\"url\":\"https:\\\/\\\/secure.gravatar.com\\\/avatar\\\/072baa72775aad53c748dfc5d3048578e01b6c087eef335459ebfa04344e2d18?s=96&d=mm&r=g\",\"contentUrl\":\"https:\\\/\\\/secure.gravatar.com\\\/avatar\\\/072baa72775aad53c748dfc5d3048578e01b6c087eef335459ebfa04344e2d18?s=96&d=mm&r=g\",\"caption\":\"admin\"},\"sameAs\":[\"https:\\\/\\\/ferabrajan.com\\\/portal\"],\"url\":\"https:\\\/\\\/ferabrajan.com\\\/portal\\\/author\\\/admin\\\/\"}]}<\/script>\n<!-- \/ Yoast SEO plugin. -->","yoast_head_json":{"title":"Gobierno de Bolivia denuncia a Evo Morales por presunta relaci\u00f3n con una menor - Fer Abrajan","robots":{"index":"index","follow":"follow","max-snippet":"max-snippet:-1","max-image-preview":"max-image-preview:large","max-video-preview":"max-video-preview:-1"},"canonical":"https:\/\/ferabrajan.com\/portal\/2020\/08\/21\/gobierno-de-bolivia-denuncia-a-evo-morales-por-presunta-relacion-con-una-menor\/","og_locale":"es_ES","og_type":"article","og_title":"Gobierno de Bolivia denuncia a Evo Morales por presunta relaci\u00f3n con una menor - Fer Abrajan","og_description":"El Ministerio de Justicia de Bolivia present\u00f3 ante la fiscal\u00eda una denuncia penal contra el expresidente Evo Morales por haber tenido supuestamente una relaci\u00f3n amorosa con una menor de edad, inform\u00f3 este jueves el viceministro Guido Melgar. \u00abEl Ministerio de Justicia ha presentado una denuncia en contra del ciudadano Juan Evo Morales Ayma por los delitos de estupro y trata y tr\u00e1fico de personas\u00ab, afirm\u00f3 Melgar en una conferencia de prensa. \u00abDe aqu\u00ed adelante es el Ministerio P\u00fablico y las otras instituciones (de protecci\u00f3n de la mujer y del menor) las que deber\u00edan materializar el proceso penal correspondiente\u00bb, a\u00f1adi\u00f3. En los \u00faltimos d\u00edas se difundieron en la prensa local y en redes sociales fotograf\u00edas de Morales (2006-2019), con una joven identificada como N.M., ahora de 19 a\u00f1os. El exmandatario izquierdista de 60 a\u00f1os est\u00e1 refugiado en Argentina desde fines del a\u00f1o pasado tras su renuncia en medio de una revuelta social. El viceministro Melgar dijo que en fotos extra\u00eddas de un celular de una familiar de la joven se la observa en viajes del entonces gobernante por el pa\u00eds. \u27a1\ufe0f El Ministerio de Justicia recibi\u00f3, en d\u00edas anteriores, denuncias an\u00f3nimas del caso, motivo por el cual se comenzaron las investigaciones correspondientes para encontrar los elementos que permitan sustentar el proceso.#Urgente#Denuncia pic.twitter.com\/WlPwCa95NW \u2014 Ministerio Justicia y Transparencia Institucional (@MinJusticiaBol) August 20, 2020 \u00abLo curioso aqu\u00ed es que ella en esa \u00e9poca era menor de edad y como todos sabemos para que una menor viaje necesitaba el permiso de sus padres\u00bb, expres\u00f3 el funcionario. #NotaDePrensa ??? El Ministerio de Justicia y Transparencia Institucional, mediante el Servicio Plurinacional de Asistencia a la V\u00edctima (SEPDAVI), present\u00f3 una denuncia contra el expresidente Evo Morales Ayma por los delitos de estupro y trata y tr\u00e1fico. pic.twitter.com\/oMQc4yp9as \u2014 Ministerio Justicia y Transparencia Institucional (@MinJusticiaBol) August 20, 2020 El mismo Melgar hab\u00eda anunciado el lunes que su Ministerio investigaba una denuncia an\u00f3nima sobre una presunta relaci\u00f3n sentimental del exmandatario con otra menor, con la que habr\u00eda tenido un hijo. El delito de estupro es penado por la ley boliviana con dos a seis a\u00f1os de c\u00e1rcel y el de trata y tr\u00e1fico de personas con 10 a 15 a\u00f1os. A Morales, soltero y padre de dos hijos, tambi\u00e9n se le atribuy\u00f3 en 2016 una relaci\u00f3n con Gabriela Zapata, que era gerente de la empresa china CAMC, a la que el Estado boliviano adjudic\u00f3 contratos millonarios. El gobierno transitorio de derecha de Bolivia ha lanzado varias acusaciones contra Morales, entre ellas las de sedici\u00f3n y terrorismo por la violencia social ocurrida entre octubre y noviembre de 2019. Ni Morales ni su Movimiento Al Socialismo (MAS) han comentado las nuevas acusaciones. Publicaci\u00f3n Original: https:\/\/www.elsoldepuebla.com.mx\/mundo\/gobierno-boliviano-denuncia-a-evo-morales-por-presunta-relacion-con-una-menor-bolivia-ministerio-de-justicia-5652909.html","og_url":"https:\/\/ferabrajan.com\/portal\/2020\/08\/21\/gobierno-de-bolivia-denuncia-a-evo-morales-por-presunta-relacion-con-una-menor\/","og_site_name":"Fer Abrajan","article_publisher":"https:\/\/www.facebook.com\/NoticiasconFerAbrajan\/","article_published_time":"2020-08-21T01:34:23+00:00","author":"admin","twitter_card":"summary_large_image","twitter_creator":"@ferabrajan1","twitter_site":"@ferabrajan1","twitter_misc":{"Escrito por":"admin","Tiempo de lectura":"2 minutos"},"schema":{"@context":"https:\/\/schema.org","@graph":[{"@type":"Article","@id":"https:\/\/ferabrajan.com\/portal\/2020\/08\/21\/gobierno-de-bolivia-denuncia-a-evo-morales-por-presunta-relacion-con-una-menor\/#article","isPartOf":{"@id":"https:\/\/ferabrajan.com\/portal\/2020\/08\/21\/gobierno-de-bolivia-denuncia-a-evo-morales-por-presunta-relacion-con-una-menor\/"},"author":{"name":"admin","@id":"https:\/\/ferabrajan.com\/portal\/#\/schema\/person\/f6113b3cb1e036d5c6a9505685b257ba"},"headline":"Gobierno de Bolivia denuncia a Evo Morales por presunta relaci\u00f3n con una menor","datePublished":"2020-08-21T01:34:23+00:00","mainEntityOfPage":{"@id":"https:\/\/ferabrajan.com\/portal\/2020\/08\/21\/gobierno-de-bolivia-denuncia-a-evo-morales-por-presunta-relacion-con-una-menor\/"},"wordCount":493,"publisher":{"@id":"https:\/\/ferabrajan.com\/portal\/#organization"},"image":{"@id":"https:\/\/ferabrajan.com\/portal\/2020\/08\/21\/gobierno-de-bolivia-denuncia-a-evo-morales-por-presunta-relacion-con-una-menor\/#primaryimage"},"thumbnailUrl":"","articleSection":["Puebla"],"inLanguage":"es"},{"@type":"WebPage","@id":"https:\/\/ferabrajan.com\/portal\/2020\/08\/21\/gobierno-de-bolivia-denuncia-a-evo-morales-por-presunta-relacion-con-una-menor\/","url":"https:\/\/ferabrajan.com\/portal\/2020\/08\/21\/gobierno-de-bolivia-denuncia-a-evo-morales-por-presunta-relacion-con-una-menor\/","name":"Gobierno de Bolivia denuncia a Evo Morales por presunta relaci\u00f3n con una menor - Fer Abrajan","isPartOf":{"@id":"https:\/\/ferabrajan.com\/portal\/#website"},"primaryImageOfPage":{"@id":"https:\/\/ferabrajan.com\/portal\/2020\/08\/21\/gobierno-de-bolivia-denuncia-a-evo-morales-por-presunta-relacion-con-una-menor\/#primaryimage"},"image":{"@id":"https:\/\/ferabrajan.com\/portal\/2020\/08\/21\/gobierno-de-bolivia-denuncia-a-evo-morales-por-presunta-relacion-con-una-menor\/#primaryimage"},"thumbnailUrl":"","datePublished":"2020-08-21T01:34:23+00:00","breadcrumb":{"@id":"https:\/\/ferabrajan.com\/portal\/2020\/08\/21\/gobierno-de-bolivia-denuncia-a-evo-morales-por-presunta-relacion-con-una-menor\/#breadcrumb"},"inLanguage":"es","potentialAction":[{"@type":"ReadAction","target":["https:\/\/ferabrajan.com\/portal\/2020\/08\/21\/gobierno-de-bolivia-denuncia-a-evo-morales-por-presunta-relacion-con-una-menor\/"]}]},{"@type":"ImageObject","inLanguage":"es","@id":"https:\/\/ferabrajan.com\/portal\/2020\/08\/21\/gobierno-de-bolivia-denuncia-a-evo-morales-por-presunta-relacion-con-una-menor\/#primaryimage","url":"","contentUrl":""},{"@type":"BreadcrumbList","@id":"https:\/\/ferabrajan.com\/portal\/2020\/08\/21\/gobierno-de-bolivia-denuncia-a-evo-morales-por-presunta-relacion-con-una-menor\/#breadcrumb","itemListElement":[{"@type":"ListItem","position":1,"name":"Portada","item":"https:\/\/ferabrajan.com\/portal\/"},{"@type":"ListItem","position":2,"name":"Gobierno de Bolivia denuncia a Evo Morales por presunta relaci\u00f3n con una menor"}]},{"@type":"WebSite","@id":"https:\/\/ferabrajan.com\/portal\/#website","url":"https:\/\/ferabrajan.com\/portal\/","name":"Fer Abrajan","description":"Noticias de Puebla, opini\u00f3n y radio en vivo","publisher":{"@id":"https:\/\/ferabrajan.com\/portal\/#organization"},"potentialAction":[{"@type":"SearchAction","target":{"@type":"EntryPoint","urlTemplate":"https:\/\/ferabrajan.com\/portal\/?s={search_term_string}"},"query-input":{"@type":"PropertyValueSpecification","valueRequired":true,"valueName":"search_term_string"}}],"inLanguage":"es"},{"@type":"Organization","@id":"https:\/\/ferabrajan.com\/portal\/#organization","name":"Fer Abrajan","url":"https:\/\/ferabrajan.com\/portal\/","logo":{"@type":"ImageObject","inLanguage":"es","@id":"https:\/\/ferabrajan.com\/portal\/#\/schema\/logo\/image\/","url":"https:\/\/ferabrajan.com\/portal\/wp-content\/uploads\/2024\/10\/cropped-logo.jpeg","contentUrl":"https:\/\/ferabrajan.com\/portal\/wp-content\/uploads\/2024\/10\/cropped-logo.jpeg","width":500,"height":250,"caption":"Fer Abrajan"},"image":{"@id":"https:\/\/ferabrajan.com\/portal\/#\/schema\/logo\/image\/"},"sameAs":["https:\/\/www.facebook.com\/NoticiasconFerAbrajan\/","https:\/\/x.com\/ferabrajan1"]},{"@type":"Person","@id":"https:\/\/ferabrajan.com\/portal\/#\/schema\/person\/f6113b3cb1e036d5c6a9505685b257ba","name":"admin","image":{"@type":"ImageObject","inLanguage":"es","@id":"https:\/\/secure.gravatar.com\/avatar\/072baa72775aad53c748dfc5d3048578e01b6c087eef335459ebfa04344e2d18?s=96&d=mm&r=g","url":"https:\/\/secure.gravatar.com\/avatar\/072baa72775aad53c748dfc5d3048578e01b6c087eef335459ebfa04344e2d18?s=96&d=mm&r=g","contentUrl":"https:\/\/secure.gravatar.com\/avatar\/072baa72775aad53c748dfc5d3048578e01b6c087eef335459ebfa04344e2d18?s=96&d=mm&r=g","caption":"admin"},"sameAs":["https:\/\/ferabrajan.com\/portal"],"url":"https:\/\/ferabrajan.com\/portal\/author\/admin\/"}]}},"_links":{"self":[{"href":"https:\/\/ferabrajan.com\/portal\/wp-json\/wp\/v2\/posts\/17239","targetHints":{"allow":["GET"]}}],"collection":[{"href":"https:\/\/ferabrajan.com\/portal\/wp-json\/wp\/v2\/posts"}],"about":[{"href":"https:\/\/ferabrajan.com\/portal\/wp-json\/wp\/v2\/types\/post"}],"author":[{"embeddable":true,"href":"https:\/\/ferabrajan.com\/portal\/wp-json\/wp\/v2\/users\/1"}],"replies":[{"embeddable":true,"href":"https:\/\/ferabrajan.com\/portal\/wp-json\/wp\/v2\/comments?post=17239"}],"version-history":[{"count":0,"href":"https:\/\/ferabrajan.com\/portal\/wp-json\/wp\/v2\/posts\/17239\/revisions"}],"wp:attachment":[{"href":"https:\/\/ferabrajan.com\/portal\/wp-json\/wp\/v2\/media?parent=17239"}],"wp:term":[{"taxonomy":"category","embeddable":true,"href":"https:\/\/ferabrajan.com\/portal\/wp-json\/wp\/v2\/categories?post=17239"},{"taxonomy":"post_tag","embeddable":true,"href":"https:\/\/ferabrajan.com\/portal\/wp-json\/wp\/v2\/tags?post=17239"}],"curies":[{"name":"wp","href":"https:\/\/api.w.org\/{rel}","templated":true}]}}