{"id":17234,"date":"2020-08-21T01:41:38","date_gmt":"2020-08-21T01:41:38","guid":{"rendered":"https:\/\/www.elsoldepuebla.com.mx\/local\/video-bulevar-clavijero-se-convirtio-en-un-rio-barda-de-escuela-colapsa-5653014.html"},"modified":"2020-08-21T01:41:38","modified_gmt":"2020-08-21T01:41:38","slug":"bulevar-clavijero-se-convirtio-en-un-rio-barda-de-escuela-colapsa","status":"publish","type":"post","link":"https:\/\/ferabrajan.com\/portal\/2020\/08\/21\/bulevar-clavijero-se-convirtio-en-un-rio-barda-de-escuela-colapsa\/","title":{"rendered":"Bulevar Clavijero se convirti\u00f3 en un r\u00edo; barda de escuela colapsa"},"content":{"rendered":"<div><img decoding=\"async\" src=\"https:\/\/www.elsoldepuebla.com.mx\/local\/t205n6-bulevar-clavijero.jpg\/ALTERNATES\/LANDSCAPE_1140\/bulevar%20clavijero.jpg\" class=\"ff-og-image-inserted\"><\/div>\n<p>La barda de la escuela Ignacio Romero Vargas colapso ante la intensidad de la tormenta que se registr\u00f3 este d\u00eda y se abri\u00f3 un boquete por donde escurr\u00eda agua.<\/p>\n<p>Esta escuela ubicada a un costado del bulevar Clavijero dej\u00f3 at\u00f3nitos a los transe\u00fantes, quienes no daban cr\u00e9dito por lo ocurrido.<\/p>\n<p>Adem\u00e1s la avenida principal para entrar a esta colonia se convirti\u00f3 en un verdadero r\u00edo, por lo que automovilistas temieron por un momento quedar atrapados en el sitio, como si ocurri\u00f3 en la calle 20 de Noviembre<\/p>\n<p>Publicaci\u00f3n Original: <a href=\"https:\/\/www.elsoldepuebla.com.mx\/local\/video-bulevar-clavijero-se-convirtio-en-un-rio-barda-de-escuela-colapsa-5653014.html\" target=\"_blank\" rel=\"noopener noreferrer\">https:\/\/www.elsoldepuebla.com.mx\/local\/video-bulevar-clavijero-se-convirtio-en-un-rio-barda-de-escuela-colapsa-5653014.html<\/a><\/p>\n","protected":false},"excerpt":{"rendered":"<p>La barda de la escuela Ignacio Romero Vargas colapso ante la intensidad de la tormenta que se registr\u00f3 este d\u00eda y se abri\u00f3 un boquete por donde escurr\u00eda agua. Esta escuela ubicada a un costado del bulevar Clavijero dej\u00f3 at\u00f3nitos a los transe\u00fantes, quienes no daban cr\u00e9dito por lo ocurrido. Adem\u00e1s la avenida principal para entrar a esta colonia se convirti\u00f3 en un verdadero r\u00edo, por lo que automovilistas temieron por un momento quedar atrapados en el sitio, como si ocurri\u00f3 en la calle 20 de Noviembre Publicaci\u00f3n Original: https:\/\/www.elsoldepuebla.com.mx\/local\/video-bulevar-clavijero-se-convirtio-en-un-rio-barda-de-escuela-colapsa-5653014.html<\/p>\n","protected":false},"author":1,"featured_media":17238,"comment_status":"closed","ping_status":"closed","sticky":false,"template":"","format":"standard","meta":{"_monsterinsights_skip_tracking":false,"_uf_show_specific_survey":0,"_uf_disable_surveys":false,"footnotes":""},"categories":[53,34],"tags":[],"class_list":["post-17234","post","type-post","status-publish","format-standard","has-post-thumbnail","hentry","category-local","category-puebla"],"yoast_head":"<!-- This site is optimized with the Yoast SEO plugin v27.5 - https:\/\/yoast.com\/product\/yoast-seo-wordpress\/ -->\n<title>Bulevar Clavijero se convirti\u00f3 en un r\u00edo; barda de escuela colapsa - Fer Abrajan<\/title>\n<meta name=\"robots\" content=\"index, follow, max-snippet:-1, max-image-preview:large, max-video-preview:-1\" \/>\n<link rel=\"canonical\" href=\"https:\/\/ferabrajan.com\/portal\/2020\/08\/21\/bulevar-clavijero-se-convirtio-en-un-rio-barda-de-escuela-colapsa\/\" \/>\n<meta property=\"og:locale\" content=\"es_ES\" \/>\n<meta property=\"og:type\" content=\"article\" \/>\n<meta property=\"og:title\" content=\"Bulevar Clavijero se convirti\u00f3 en un r\u00edo; barda de escuela colapsa - Fer Abrajan\" \/>\n<meta property=\"og:description\" content=\"La barda de la escuela Ignacio Romero Vargas colapso ante la intensidad de la tormenta que se registr\u00f3 este d\u00eda y se abri\u00f3 un boquete por donde escurr\u00eda agua. Esta escuela ubicada a un costado del bulevar Clavijero dej\u00f3 at\u00f3nitos a los transe\u00fantes, quienes no daban cr\u00e9dito por lo ocurrido. Adem\u00e1s la avenida principal para entrar a esta colonia se convirti\u00f3 en un verdadero r\u00edo, por lo que automovilistas temieron por un momento quedar atrapados en el sitio, como si ocurri\u00f3 en la calle 20 de Noviembre Publicaci\u00f3n Original: https:\/\/www.elsoldepuebla.com.mx\/local\/video-bulevar-clavijero-se-convirtio-en-un-rio-barda-de-escuela-colapsa-5653014.html\" \/>\n<meta property=\"og:url\" content=\"https:\/\/ferabrajan.com\/portal\/2020\/08\/21\/bulevar-clavijero-se-convirtio-en-un-rio-barda-de-escuela-colapsa\/\" \/>\n<meta property=\"og:site_name\" content=\"Fer Abrajan\" \/>\n<meta property=\"article:publisher\" content=\"https:\/\/www.facebook.com\/NoticiasconFerAbrajan\/\" \/>\n<meta property=\"article:published_time\" content=\"2020-08-21T01:41:38+00:00\" \/>\n<meta name=\"author\" content=\"admin\" \/>\n<meta name=\"twitter:card\" content=\"summary_large_image\" \/>\n<meta name=\"twitter:creator\" content=\"@ferabrajan1\" \/>\n<meta name=\"twitter:site\" content=\"@ferabrajan1\" \/>\n<meta name=\"twitter:label1\" content=\"Escrito por\" \/>\n\t<meta name=\"twitter:data1\" content=\"admin\" \/>\n\t<meta name=\"twitter:label2\" content=\"Tiempo de lectura\" \/>\n\t<meta name=\"twitter:data2\" content=\"1 minuto\" \/>\n<script type=\"application\/ld+json\" class=\"yoast-schema-graph\">{\"@context\":\"https:\\\/\\\/schema.org\",\"@graph\":[{\"@type\":\"Article\",\"@id\":\"https:\\\/\\\/ferabrajan.com\\\/portal\\\/2020\\\/08\\\/21\\\/bulevar-clavijero-se-convirtio-en-un-rio-barda-de-escuela-colapsa\\\/#article\",\"isPartOf\":{\"@id\":\"https:\\\/\\\/ferabrajan.com\\\/portal\\\/2020\\\/08\\\/21\\\/bulevar-clavijero-se-convirtio-en-un-rio-barda-de-escuela-colapsa\\\/\"},\"author\":{\"name\":\"admin\",\"@id\":\"https:\\\/\\\/ferabrajan.com\\\/portal\\\/#\\\/schema\\\/person\\\/f6113b3cb1e036d5c6a9505685b257ba\"},\"headline\":\"Bulevar Clavijero se convirti\u00f3 en un r\u00edo; barda de escuela colapsa\",\"datePublished\":\"2020-08-21T01:41:38+00:00\",\"mainEntityOfPage\":{\"@id\":\"https:\\\/\\\/ferabrajan.com\\\/portal\\\/2020\\\/08\\\/21\\\/bulevar-clavijero-se-convirtio-en-un-rio-barda-de-escuela-colapsa\\\/\"},\"wordCount\":116,\"publisher\":{\"@id\":\"https:\\\/\\\/ferabrajan.com\\\/portal\\\/#organization\"},\"image\":{\"@id\":\"https:\\\/\\\/ferabrajan.com\\\/portal\\\/2020\\\/08\\\/21\\\/bulevar-clavijero-se-convirtio-en-un-rio-barda-de-escuela-colapsa\\\/#primaryimage\"},\"thumbnailUrl\":\"\",\"articleSection\":[\"Local\",\"Puebla\"],\"inLanguage\":\"es\"},{\"@type\":\"WebPage\",\"@id\":\"https:\\\/\\\/ferabrajan.com\\\/portal\\\/2020\\\/08\\\/21\\\/bulevar-clavijero-se-convirtio-en-un-rio-barda-de-escuela-colapsa\\\/\",\"url\":\"https:\\\/\\\/ferabrajan.com\\\/portal\\\/2020\\\/08\\\/21\\\/bulevar-clavijero-se-convirtio-en-un-rio-barda-de-escuela-colapsa\\\/\",\"name\":\"Bulevar Clavijero se convirti\u00f3 en un r\u00edo; barda de escuela colapsa - Fer Abrajan\",\"isPartOf\":{\"@id\":\"https:\\\/\\\/ferabrajan.com\\\/portal\\\/#website\"},\"primaryImageOfPage\":{\"@id\":\"https:\\\/\\\/ferabrajan.com\\\/portal\\\/2020\\\/08\\\/21\\\/bulevar-clavijero-se-convirtio-en-un-rio-barda-de-escuela-colapsa\\\/#primaryimage\"},\"image\":{\"@id\":\"https:\\\/\\\/ferabrajan.com\\\/portal\\\/2020\\\/08\\\/21\\\/bulevar-clavijero-se-convirtio-en-un-rio-barda-de-escuela-colapsa\\\/#primaryimage\"},\"thumbnailUrl\":\"\",\"datePublished\":\"2020-08-21T01:41:38+00:00\",\"breadcrumb\":{\"@id\":\"https:\\\/\\\/ferabrajan.com\\\/portal\\\/2020\\\/08\\\/21\\\/bulevar-clavijero-se-convirtio-en-un-rio-barda-de-escuela-colapsa\\\/#breadcrumb\"},\"inLanguage\":\"es\",\"potentialAction\":[{\"@type\":\"ReadAction\",\"target\":[\"https:\\\/\\\/ferabrajan.com\\\/portal\\\/2020\\\/08\\\/21\\\/bulevar-clavijero-se-convirtio-en-un-rio-barda-de-escuela-colapsa\\\/\"]}]},{\"@type\":\"ImageObject\",\"inLanguage\":\"es\",\"@id\":\"https:\\\/\\\/ferabrajan.com\\\/portal\\\/2020\\\/08\\\/21\\\/bulevar-clavijero-se-convirtio-en-un-rio-barda-de-escuela-colapsa\\\/#primaryimage\",\"url\":\"\",\"contentUrl\":\"\"},{\"@type\":\"BreadcrumbList\",\"@id\":\"https:\\\/\\\/ferabrajan.com\\\/portal\\\/2020\\\/08\\\/21\\\/bulevar-clavijero-se-convirtio-en-un-rio-barda-de-escuela-colapsa\\\/#breadcrumb\",\"itemListElement\":[{\"@type\":\"ListItem\",\"position\":1,\"name\":\"Portada\",\"item\":\"https:\\\/\\\/ferabrajan.com\\\/portal\\\/\"},{\"@type\":\"ListItem\",\"position\":2,\"name\":\"Bulevar Clavijero se convirti\u00f3 en un r\u00edo; barda de escuela colapsa\"}]},{\"@type\":\"WebSite\",\"@id\":\"https:\\\/\\\/ferabrajan.com\\\/portal\\\/#website\",\"url\":\"https:\\\/\\\/ferabrajan.com\\\/portal\\\/\",\"name\":\"Fer Abrajan\",\"description\":\"Noticias de Puebla, opini\u00f3n y radio en vivo\",\"publisher\":{\"@id\":\"https:\\\/\\\/ferabrajan.com\\\/portal\\\/#organization\"},\"potentialAction\":[{\"@type\":\"SearchAction\",\"target\":{\"@type\":\"EntryPoint\",\"urlTemplate\":\"https:\\\/\\\/ferabrajan.com\\\/portal\\\/?s={search_term_string}\"},\"query-input\":{\"@type\":\"PropertyValueSpecification\",\"valueRequired\":true,\"valueName\":\"search_term_string\"}}],\"inLanguage\":\"es\"},{\"@type\":\"Organization\",\"@id\":\"https:\\\/\\\/ferabrajan.com\\\/portal\\\/#organization\",\"name\":\"Fer Abrajan\",\"url\":\"https:\\\/\\\/ferabrajan.com\\\/portal\\\/\",\"logo\":{\"@type\":\"ImageObject\",\"inLanguage\":\"es\",\"@id\":\"https:\\\/\\\/ferabrajan.com\\\/portal\\\/#\\\/schema\\\/logo\\\/image\\\/\",\"url\":\"https:\\\/\\\/ferabrajan.com\\\/portal\\\/wp-content\\\/uploads\\\/2024\\\/10\\\/cropped-logo.jpeg\",\"contentUrl\":\"https:\\\/\\\/ferabrajan.com\\\/portal\\\/wp-content\\\/uploads\\\/2024\\\/10\\\/cropped-logo.jpeg\",\"width\":500,\"height\":250,\"caption\":\"Fer Abrajan\"},\"image\":{\"@id\":\"https:\\\/\\\/ferabrajan.com\\\/portal\\\/#\\\/schema\\\/logo\\\/image\\\/\"},\"sameAs\":[\"https:\\\/\\\/www.facebook.com\\\/NoticiasconFerAbrajan\\\/\",\"https:\\\/\\\/x.com\\\/ferabrajan1\"]},{\"@type\":\"Person\",\"@id\":\"https:\\\/\\\/ferabrajan.com\\\/portal\\\/#\\\/schema\\\/person\\\/f6113b3cb1e036d5c6a9505685b257ba\",\"name\":\"admin\",\"image\":{\"@type\":\"ImageObject\",\"inLanguage\":\"es\",\"@id\":\"https:\\\/\\\/secure.gravatar.com\\\/avatar\\\/072baa72775aad53c748dfc5d3048578e01b6c087eef335459ebfa04344e2d18?s=96&d=mm&r=g\",\"url\":\"https:\\\/\\\/secure.gravatar.com\\\/avatar\\\/072baa72775aad53c748dfc5d3048578e01b6c087eef335459ebfa04344e2d18?s=96&d=mm&r=g\",\"contentUrl\":\"https:\\\/\\\/secure.gravatar.com\\\/avatar\\\/072baa72775aad53c748dfc5d3048578e01b6c087eef335459ebfa04344e2d18?s=96&d=mm&r=g\",\"caption\":\"admin\"},\"sameAs\":[\"https:\\\/\\\/ferabrajan.com\\\/portal\"],\"url\":\"https:\\\/\\\/ferabrajan.com\\\/portal\\\/author\\\/admin\\\/\"}]}<\/script>\n<!-- \/ Yoast SEO plugin. -->","yoast_head_json":{"title":"Bulevar Clavijero se convirti\u00f3 en un r\u00edo; barda de escuela colapsa - Fer Abrajan","robots":{"index":"index","follow":"follow","max-snippet":"max-snippet:-1","max-image-preview":"max-image-preview:large","max-video-preview":"max-video-preview:-1"},"canonical":"https:\/\/ferabrajan.com\/portal\/2020\/08\/21\/bulevar-clavijero-se-convirtio-en-un-rio-barda-de-escuela-colapsa\/","og_locale":"es_ES","og_type":"article","og_title":"Bulevar Clavijero se convirti\u00f3 en un r\u00edo; barda de escuela colapsa - Fer Abrajan","og_description":"La barda de la escuela Ignacio Romero Vargas colapso ante la intensidad de la tormenta que se registr\u00f3 este d\u00eda y se abri\u00f3 un boquete por donde escurr\u00eda agua. Esta escuela ubicada a un costado del bulevar Clavijero dej\u00f3 at\u00f3nitos a los transe\u00fantes, quienes no daban cr\u00e9dito por lo ocurrido. Adem\u00e1s la avenida principal para entrar a esta colonia se convirti\u00f3 en un verdadero r\u00edo, por lo que automovilistas temieron por un momento quedar atrapados en el sitio, como si ocurri\u00f3 en la calle 20 de Noviembre Publicaci\u00f3n Original: https:\/\/www.elsoldepuebla.com.mx\/local\/video-bulevar-clavijero-se-convirtio-en-un-rio-barda-de-escuela-colapsa-5653014.html","og_url":"https:\/\/ferabrajan.com\/portal\/2020\/08\/21\/bulevar-clavijero-se-convirtio-en-un-rio-barda-de-escuela-colapsa\/","og_site_name":"Fer Abrajan","article_publisher":"https:\/\/www.facebook.com\/NoticiasconFerAbrajan\/","article_published_time":"2020-08-21T01:41:38+00:00","author":"admin","twitter_card":"summary_large_image","twitter_creator":"@ferabrajan1","twitter_site":"@ferabrajan1","twitter_misc":{"Escrito por":"admin","Tiempo de lectura":"1 minuto"},"schema":{"@context":"https:\/\/schema.org","@graph":[{"@type":"Article","@id":"https:\/\/ferabrajan.com\/portal\/2020\/08\/21\/bulevar-clavijero-se-convirtio-en-un-rio-barda-de-escuela-colapsa\/#article","isPartOf":{"@id":"https:\/\/ferabrajan.com\/portal\/2020\/08\/21\/bulevar-clavijero-se-convirtio-en-un-rio-barda-de-escuela-colapsa\/"},"author":{"name":"admin","@id":"https:\/\/ferabrajan.com\/portal\/#\/schema\/person\/f6113b3cb1e036d5c6a9505685b257ba"},"headline":"Bulevar Clavijero se convirti\u00f3 en un r\u00edo; barda de escuela colapsa","datePublished":"2020-08-21T01:41:38+00:00","mainEntityOfPage":{"@id":"https:\/\/ferabrajan.com\/portal\/2020\/08\/21\/bulevar-clavijero-se-convirtio-en-un-rio-barda-de-escuela-colapsa\/"},"wordCount":116,"publisher":{"@id":"https:\/\/ferabrajan.com\/portal\/#organization"},"image":{"@id":"https:\/\/ferabrajan.com\/portal\/2020\/08\/21\/bulevar-clavijero-se-convirtio-en-un-rio-barda-de-escuela-colapsa\/#primaryimage"},"thumbnailUrl":"","articleSection":["Local","Puebla"],"inLanguage":"es"},{"@type":"WebPage","@id":"https:\/\/ferabrajan.com\/portal\/2020\/08\/21\/bulevar-clavijero-se-convirtio-en-un-rio-barda-de-escuela-colapsa\/","url":"https:\/\/ferabrajan.com\/portal\/2020\/08\/21\/bulevar-clavijero-se-convirtio-en-un-rio-barda-de-escuela-colapsa\/","name":"Bulevar Clavijero se convirti\u00f3 en un r\u00edo; barda de escuela colapsa - Fer Abrajan","isPartOf":{"@id":"https:\/\/ferabrajan.com\/portal\/#website"},"primaryImageOfPage":{"@id":"https:\/\/ferabrajan.com\/portal\/2020\/08\/21\/bulevar-clavijero-se-convirtio-en-un-rio-barda-de-escuela-colapsa\/#primaryimage"},"image":{"@id":"https:\/\/ferabrajan.com\/portal\/2020\/08\/21\/bulevar-clavijero-se-convirtio-en-un-rio-barda-de-escuela-colapsa\/#primaryimage"},"thumbnailUrl":"","datePublished":"2020-08-21T01:41:38+00:00","breadcrumb":{"@id":"https:\/\/ferabrajan.com\/portal\/2020\/08\/21\/bulevar-clavijero-se-convirtio-en-un-rio-barda-de-escuela-colapsa\/#breadcrumb"},"inLanguage":"es","potentialAction":[{"@type":"ReadAction","target":["https:\/\/ferabrajan.com\/portal\/2020\/08\/21\/bulevar-clavijero-se-convirtio-en-un-rio-barda-de-escuela-colapsa\/"]}]},{"@type":"ImageObject","inLanguage":"es","@id":"https:\/\/ferabrajan.com\/portal\/2020\/08\/21\/bulevar-clavijero-se-convirtio-en-un-rio-barda-de-escuela-colapsa\/#primaryimage","url":"","contentUrl":""},{"@type":"BreadcrumbList","@id":"https:\/\/ferabrajan.com\/portal\/2020\/08\/21\/bulevar-clavijero-se-convirtio-en-un-rio-barda-de-escuela-colapsa\/#breadcrumb","itemListElement":[{"@type":"ListItem","position":1,"name":"Portada","item":"https:\/\/ferabrajan.com\/portal\/"},{"@type":"ListItem","position":2,"name":"Bulevar Clavijero se convirti\u00f3 en un r\u00edo; barda de escuela colapsa"}]},{"@type":"WebSite","@id":"https:\/\/ferabrajan.com\/portal\/#website","url":"https:\/\/ferabrajan.com\/portal\/","name":"Fer Abrajan","description":"Noticias de Puebla, opini\u00f3n y radio en vivo","publisher":{"@id":"https:\/\/ferabrajan.com\/portal\/#organization"},"potentialAction":[{"@type":"SearchAction","target":{"@type":"EntryPoint","urlTemplate":"https:\/\/ferabrajan.com\/portal\/?s={search_term_string}"},"query-input":{"@type":"PropertyValueSpecification","valueRequired":true,"valueName":"search_term_string"}}],"inLanguage":"es"},{"@type":"Organization","@id":"https:\/\/ferabrajan.com\/portal\/#organization","name":"Fer Abrajan","url":"https:\/\/ferabrajan.com\/portal\/","logo":{"@type":"ImageObject","inLanguage":"es","@id":"https:\/\/ferabrajan.com\/portal\/#\/schema\/logo\/image\/","url":"https:\/\/ferabrajan.com\/portal\/wp-content\/uploads\/2024\/10\/cropped-logo.jpeg","contentUrl":"https:\/\/ferabrajan.com\/portal\/wp-content\/uploads\/2024\/10\/cropped-logo.jpeg","width":500,"height":250,"caption":"Fer Abrajan"},"image":{"@id":"https:\/\/ferabrajan.com\/portal\/#\/schema\/logo\/image\/"},"sameAs":["https:\/\/www.facebook.com\/NoticiasconFerAbrajan\/","https:\/\/x.com\/ferabrajan1"]},{"@type":"Person","@id":"https:\/\/ferabrajan.com\/portal\/#\/schema\/person\/f6113b3cb1e036d5c6a9505685b257ba","name":"admin","image":{"@type":"ImageObject","inLanguage":"es","@id":"https:\/\/secure.gravatar.com\/avatar\/072baa72775aad53c748dfc5d3048578e01b6c087eef335459ebfa04344e2d18?s=96&d=mm&r=g","url":"https:\/\/secure.gravatar.com\/avatar\/072baa72775aad53c748dfc5d3048578e01b6c087eef335459ebfa04344e2d18?s=96&d=mm&r=g","contentUrl":"https:\/\/secure.gravatar.com\/avatar\/072baa72775aad53c748dfc5d3048578e01b6c087eef335459ebfa04344e2d18?s=96&d=mm&r=g","caption":"admin"},"sameAs":["https:\/\/ferabrajan.com\/portal"],"url":"https:\/\/ferabrajan.com\/portal\/author\/admin\/"}]}},"_links":{"self":[{"href":"https:\/\/ferabrajan.com\/portal\/wp-json\/wp\/v2\/posts\/17234","targetHints":{"allow":["GET"]}}],"collection":[{"href":"https:\/\/ferabrajan.com\/portal\/wp-json\/wp\/v2\/posts"}],"about":[{"href":"https:\/\/ferabrajan.com\/portal\/wp-json\/wp\/v2\/types\/post"}],"author":[{"embeddable":true,"href":"https:\/\/ferabrajan.com\/portal\/wp-json\/wp\/v2\/users\/1"}],"replies":[{"embeddable":true,"href":"https:\/\/ferabrajan.com\/portal\/wp-json\/wp\/v2\/comments?post=17234"}],"version-history":[{"count":0,"href":"https:\/\/ferabrajan.com\/portal\/wp-json\/wp\/v2\/posts\/17234\/revisions"}],"wp:attachment":[{"href":"https:\/\/ferabrajan.com\/portal\/wp-json\/wp\/v2\/media?parent=17234"}],"wp:term":[{"taxonomy":"category","embeddable":true,"href":"https:\/\/ferabrajan.com\/portal\/wp-json\/wp\/v2\/categories?post=17234"},{"taxonomy":"post_tag","embeddable":true,"href":"https:\/\/ferabrajan.com\/portal\/wp-json\/wp\/v2\/tags?post=17234"}],"curies":[{"name":"wp","href":"https:\/\/api.w.org\/{rel}","templated":true}]}}