{"id":17229,"date":"2020-08-21T01:43:12","date_gmt":"2020-08-21T01:43:12","guid":{"rendered":"https:\/\/www.elsoldepuebla.com.mx\/mundo\/biden-seria-su-peor-pesadilla-dice-trump-a-votantes-donadl-trump-joe-biden-elecciones-estados-unidos-carrera-presidencial-5653010.html"},"modified":"2020-08-21T01:43:12","modified_gmt":"2020-08-21T01:43:12","slug":"biden-seria-su-peor-pesadilla-advierte-trump-a-votantes","status":"publish","type":"post","link":"https:\/\/ferabrajan.com\/portal\/2020\/08\/21\/biden-seria-su-peor-pesadilla-advierte-trump-a-votantes\/","title":{"rendered":"Biden ser\u00eda su &quot;peor pesadilla&quot;, advierte Trump a votantes"},"content":{"rendered":"<div><img decoding=\"async\" src=\"https:\/\/www.elsoldemexico.com.mx\/mundo\/uu1c5s-donald-trump.jpg\/ALTERNATES\/LANDSCAPE_1140\/Donald-Trump.jpg\" class=\"ff-og-image-inserted\"><\/div>\n<p>El presidente de <strong>Estados Unidos<\/strong>, <strong>Donald Trump,<\/strong> advirti\u00f3 este jueves que su rival en las elecciones presidenciales de noviembre, el dem\u00f3crata <strong>Joe Biden,<\/strong> ser\u00eda la \u00ab<strong>peor pesadilla<\/strong>\u00bb de los estadounidenses si llega al poder.<\/p>\n<p>\u00ab\u00c9l pas\u00f3 medio siglo en <strong>Washington<\/strong> vendiendo nuestro pa\u00eds y destruyendo el empleo y dejando que otros pa\u00edses roben nuestros puestos de trabajo\u00bb, dijo Trump en un mit\u00edn en Old Forge, Pensilvania, una localidad muy cercana al lugar donde naci\u00f3 Biden.<\/p>\n<article class=\"mundo media col-md-4 inline-story\"> <\/article>\n<p>Trump habl\u00f3 horas antes de que Biden pronuncie su discurso en la convenci\u00f3n dem\u00f3crata para aceptar la nominaci\u00f3n de su partido como candidato a la Casa Blanca.<\/p>\n<p>El mandatario agit\u00f3 la bandera del miedo y advirti\u00f3 a los participantes que si quer\u00edan imaginarse c\u00f3mo ser\u00eda un gobierno de Biden recordaran \u00ablas ruinas en llamas de Minneapolis, la anarqu\u00eda de Portland y las aceras con sangre en Chicago\u00bb, una referencia a violentas manifestaciones de los \u00faltimos meses contra el racismo y la violencia policial.<\/p>\n<p>\u00abLa supervivencia de nuestro pa\u00eds est\u00e1 en juego\u00bb, dijo el mandatario que acus\u00f3 a los dem\u00f3cratas de haberse \u00abvuelto locos\u00bb.<\/p>\n<p>\u00abBiden quiere abrir las fronteras en la mitad de una pandemia\u00bb, dijo Trump ante un peque\u00f1o grupo de sus seguidores que lo recibieron vestidos con sus caracter\u00edsticas gorras rojas con la leyenda \u00abMake America Great Again\u00bb (Haciendo a Estados Unidos grandioso de nuevo).<\/p>\n<p> Publicaci\u00f3n Original: <a href=\"https:\/\/www.elsoldepuebla.com.mx\/mundo\/biden-seria-su-peor-pesadilla-dice-trump-a-votantes-donadl-trump-joe-biden-elecciones-estados-unidos-carrera-presidencial-5653010.html\" target=\"_blank\" rel=\"noopener noreferrer\">https:\/\/www.elsoldepuebla.com.mx\/mundo\/biden-seria-su-peor-pesadilla-dice-trump-a-votantes-donadl-trump-joe-biden-elecciones-estados-unidos-carrera-presidencial-5653010.html<\/a><\/p>\n","protected":false},"excerpt":{"rendered":"<p>El presidente de Estados Unidos, Donald Trump, advirti\u00f3 este jueves que su rival en las elecciones presidenciales de noviembre, el dem\u00f3crata Joe Biden, ser\u00eda la \u00abpeor pesadilla\u00bb de los estadounidenses si llega al poder. \u00ab\u00c9l pas\u00f3 medio siglo en Washington vendiendo nuestro pa\u00eds y destruyendo el empleo y dejando que otros pa\u00edses roben nuestros puestos de trabajo\u00bb, dijo Trump en un mit\u00edn en Old Forge, Pensilvania, una localidad muy cercana al lugar donde naci\u00f3 Biden. Trump habl\u00f3 horas antes de que Biden pronuncie su discurso en la convenci\u00f3n dem\u00f3crata para aceptar la nominaci\u00f3n de su partido como candidato a la Casa Blanca. El mandatario agit\u00f3 la bandera del miedo y advirti\u00f3 a los participantes que si quer\u00edan imaginarse c\u00f3mo ser\u00eda un gobierno de Biden recordaran \u00ablas ruinas en llamas de Minneapolis, la anarqu\u00eda de Portland y las aceras con sangre en Chicago\u00bb, una referencia a violentas manifestaciones de los \u00faltimos meses contra el racismo y la violencia policial. \u00abLa supervivencia de nuestro pa\u00eds est\u00e1 en juego\u00bb, dijo el mandatario que acus\u00f3 a los dem\u00f3cratas de haberse \u00abvuelto locos\u00bb. \u00abBiden quiere abrir las fronteras en la mitad de una pandemia\u00bb, dijo Trump ante un peque\u00f1o grupo de sus seguidores que lo recibieron vestidos con sus caracter\u00edsticas gorras rojas con la leyenda \u00abMake America Great Again\u00bb (Haciendo a Estados Unidos grandioso de nuevo). Publicaci\u00f3n Original: https:\/\/www.elsoldepuebla.com.mx\/mundo\/biden-seria-su-peor-pesadilla-dice-trump-a-votantes-donadl-trump-joe-biden-elecciones-estados-unidos-carrera-presidencial-5653010.html<\/p>\n","protected":false},"author":1,"featured_media":17233,"comment_status":"closed","ping_status":"closed","sticky":false,"template":"","format":"standard","meta":{"_monsterinsights_skip_tracking":false,"_uf_show_specific_survey":0,"_uf_disable_surveys":false,"footnotes":""},"categories":[34],"tags":[],"class_list":["post-17229","post","type-post","status-publish","format-standard","has-post-thumbnail","hentry","category-puebla"],"yoast_head":"<!-- This site is optimized with the Yoast SEO plugin v27.5 - https:\/\/yoast.com\/product\/yoast-seo-wordpress\/ -->\n<title>Biden ser\u00eda su &quot;peor pesadilla&quot;, advierte Trump a votantes - Fer Abrajan<\/title>\n<meta name=\"robots\" content=\"index, follow, max-snippet:-1, max-image-preview:large, max-video-preview:-1\" \/>\n<link rel=\"canonical\" href=\"https:\/\/ferabrajan.com\/portal\/2020\/08\/21\/biden-seria-su-peor-pesadilla-advierte-trump-a-votantes\/\" \/>\n<meta property=\"og:locale\" content=\"es_ES\" \/>\n<meta property=\"og:type\" content=\"article\" \/>\n<meta property=\"og:title\" content=\"Biden ser\u00eda su &quot;peor pesadilla&quot;, advierte Trump a votantes - Fer Abrajan\" \/>\n<meta property=\"og:description\" content=\"El presidente de Estados Unidos, Donald Trump, advirti\u00f3 este jueves que su rival en las elecciones presidenciales de noviembre, el dem\u00f3crata Joe Biden, ser\u00eda la \u00abpeor pesadilla\u00bb de los estadounidenses si llega al poder. \u00ab\u00c9l pas\u00f3 medio siglo en Washington vendiendo nuestro pa\u00eds y destruyendo el empleo y dejando que otros pa\u00edses roben nuestros puestos de trabajo\u00bb, dijo Trump en un mit\u00edn en Old Forge, Pensilvania, una localidad muy cercana al lugar donde naci\u00f3 Biden. Trump habl\u00f3 horas antes de que Biden pronuncie su discurso en la convenci\u00f3n dem\u00f3crata para aceptar la nominaci\u00f3n de su partido como candidato a la Casa Blanca. El mandatario agit\u00f3 la bandera del miedo y advirti\u00f3 a los participantes que si quer\u00edan imaginarse c\u00f3mo ser\u00eda un gobierno de Biden recordaran \u00ablas ruinas en llamas de Minneapolis, la anarqu\u00eda de Portland y las aceras con sangre en Chicago\u00bb, una referencia a violentas manifestaciones de los \u00faltimos meses contra el racismo y la violencia policial. \u00abLa supervivencia de nuestro pa\u00eds est\u00e1 en juego\u00bb, dijo el mandatario que acus\u00f3 a los dem\u00f3cratas de haberse \u00abvuelto locos\u00bb. \u00abBiden quiere abrir las fronteras en la mitad de una pandemia\u00bb, dijo Trump ante un peque\u00f1o grupo de sus seguidores que lo recibieron vestidos con sus caracter\u00edsticas gorras rojas con la leyenda \u00abMake America Great Again\u00bb (Haciendo a Estados Unidos grandioso de nuevo). Publicaci\u00f3n Original: https:\/\/www.elsoldepuebla.com.mx\/mundo\/biden-seria-su-peor-pesadilla-dice-trump-a-votantes-donadl-trump-joe-biden-elecciones-estados-unidos-carrera-presidencial-5653010.html\" \/>\n<meta property=\"og:url\" content=\"https:\/\/ferabrajan.com\/portal\/2020\/08\/21\/biden-seria-su-peor-pesadilla-advierte-trump-a-votantes\/\" \/>\n<meta property=\"og:site_name\" content=\"Fer Abrajan\" \/>\n<meta property=\"article:publisher\" content=\"https:\/\/www.facebook.com\/NoticiasconFerAbrajan\/\" \/>\n<meta property=\"article:published_time\" content=\"2020-08-21T01:43:12+00:00\" \/>\n<meta name=\"author\" content=\"admin\" \/>\n<meta name=\"twitter:card\" content=\"summary_large_image\" \/>\n<meta name=\"twitter:creator\" content=\"@ferabrajan1\" \/>\n<meta name=\"twitter:site\" content=\"@ferabrajan1\" \/>\n<meta name=\"twitter:label1\" content=\"Escrito por\" \/>\n\t<meta name=\"twitter:data1\" content=\"admin\" \/>\n\t<meta name=\"twitter:label2\" content=\"Tiempo de lectura\" \/>\n\t<meta name=\"twitter:data2\" content=\"1 minuto\" \/>\n<script type=\"application\/ld+json\" class=\"yoast-schema-graph\">{\"@context\":\"https:\\\/\\\/schema.org\",\"@graph\":[{\"@type\":\"Article\",\"@id\":\"https:\\\/\\\/ferabrajan.com\\\/portal\\\/2020\\\/08\\\/21\\\/biden-seria-su-peor-pesadilla-advierte-trump-a-votantes\\\/#article\",\"isPartOf\":{\"@id\":\"https:\\\/\\\/ferabrajan.com\\\/portal\\\/2020\\\/08\\\/21\\\/biden-seria-su-peor-pesadilla-advierte-trump-a-votantes\\\/\"},\"author\":{\"name\":\"admin\",\"@id\":\"https:\\\/\\\/ferabrajan.com\\\/portal\\\/#\\\/schema\\\/person\\\/f6113b3cb1e036d5c6a9505685b257ba\"},\"headline\":\"Biden ser\u00eda su &quot;peor pesadilla&quot;, advierte Trump a votantes\",\"datePublished\":\"2020-08-21T01:43:12+00:00\",\"mainEntityOfPage\":{\"@id\":\"https:\\\/\\\/ferabrajan.com\\\/portal\\\/2020\\\/08\\\/21\\\/biden-seria-su-peor-pesadilla-advierte-trump-a-votantes\\\/\"},\"wordCount\":260,\"publisher\":{\"@id\":\"https:\\\/\\\/ferabrajan.com\\\/portal\\\/#organization\"},\"image\":{\"@id\":\"https:\\\/\\\/ferabrajan.com\\\/portal\\\/2020\\\/08\\\/21\\\/biden-seria-su-peor-pesadilla-advierte-trump-a-votantes\\\/#primaryimage\"},\"thumbnailUrl\":\"\",\"articleSection\":[\"Puebla\"],\"inLanguage\":\"es\"},{\"@type\":\"WebPage\",\"@id\":\"https:\\\/\\\/ferabrajan.com\\\/portal\\\/2020\\\/08\\\/21\\\/biden-seria-su-peor-pesadilla-advierte-trump-a-votantes\\\/\",\"url\":\"https:\\\/\\\/ferabrajan.com\\\/portal\\\/2020\\\/08\\\/21\\\/biden-seria-su-peor-pesadilla-advierte-trump-a-votantes\\\/\",\"name\":\"Biden ser\u00eda su &quot;peor pesadilla&quot;, advierte Trump a votantes - Fer Abrajan\",\"isPartOf\":{\"@id\":\"https:\\\/\\\/ferabrajan.com\\\/portal\\\/#website\"},\"primaryImageOfPage\":{\"@id\":\"https:\\\/\\\/ferabrajan.com\\\/portal\\\/2020\\\/08\\\/21\\\/biden-seria-su-peor-pesadilla-advierte-trump-a-votantes\\\/#primaryimage\"},\"image\":{\"@id\":\"https:\\\/\\\/ferabrajan.com\\\/portal\\\/2020\\\/08\\\/21\\\/biden-seria-su-peor-pesadilla-advierte-trump-a-votantes\\\/#primaryimage\"},\"thumbnailUrl\":\"\",\"datePublished\":\"2020-08-21T01:43:12+00:00\",\"breadcrumb\":{\"@id\":\"https:\\\/\\\/ferabrajan.com\\\/portal\\\/2020\\\/08\\\/21\\\/biden-seria-su-peor-pesadilla-advierte-trump-a-votantes\\\/#breadcrumb\"},\"inLanguage\":\"es\",\"potentialAction\":[{\"@type\":\"ReadAction\",\"target\":[\"https:\\\/\\\/ferabrajan.com\\\/portal\\\/2020\\\/08\\\/21\\\/biden-seria-su-peor-pesadilla-advierte-trump-a-votantes\\\/\"]}]},{\"@type\":\"ImageObject\",\"inLanguage\":\"es\",\"@id\":\"https:\\\/\\\/ferabrajan.com\\\/portal\\\/2020\\\/08\\\/21\\\/biden-seria-su-peor-pesadilla-advierte-trump-a-votantes\\\/#primaryimage\",\"url\":\"\",\"contentUrl\":\"\"},{\"@type\":\"BreadcrumbList\",\"@id\":\"https:\\\/\\\/ferabrajan.com\\\/portal\\\/2020\\\/08\\\/21\\\/biden-seria-su-peor-pesadilla-advierte-trump-a-votantes\\\/#breadcrumb\",\"itemListElement\":[{\"@type\":\"ListItem\",\"position\":1,\"name\":\"Portada\",\"item\":\"https:\\\/\\\/ferabrajan.com\\\/portal\\\/\"},{\"@type\":\"ListItem\",\"position\":2,\"name\":\"Biden ser\u00eda su &quot;peor pesadilla&quot;, advierte Trump a votantes\"}]},{\"@type\":\"WebSite\",\"@id\":\"https:\\\/\\\/ferabrajan.com\\\/portal\\\/#website\",\"url\":\"https:\\\/\\\/ferabrajan.com\\\/portal\\\/\",\"name\":\"Fer Abrajan\",\"description\":\"Noticias de Puebla, opini\u00f3n y radio en vivo\",\"publisher\":{\"@id\":\"https:\\\/\\\/ferabrajan.com\\\/portal\\\/#organization\"},\"potentialAction\":[{\"@type\":\"SearchAction\",\"target\":{\"@type\":\"EntryPoint\",\"urlTemplate\":\"https:\\\/\\\/ferabrajan.com\\\/portal\\\/?s={search_term_string}\"},\"query-input\":{\"@type\":\"PropertyValueSpecification\",\"valueRequired\":true,\"valueName\":\"search_term_string\"}}],\"inLanguage\":\"es\"},{\"@type\":\"Organization\",\"@id\":\"https:\\\/\\\/ferabrajan.com\\\/portal\\\/#organization\",\"name\":\"Fer Abrajan\",\"url\":\"https:\\\/\\\/ferabrajan.com\\\/portal\\\/\",\"logo\":{\"@type\":\"ImageObject\",\"inLanguage\":\"es\",\"@id\":\"https:\\\/\\\/ferabrajan.com\\\/portal\\\/#\\\/schema\\\/logo\\\/image\\\/\",\"url\":\"https:\\\/\\\/ferabrajan.com\\\/portal\\\/wp-content\\\/uploads\\\/2024\\\/10\\\/cropped-logo.jpeg\",\"contentUrl\":\"https:\\\/\\\/ferabrajan.com\\\/portal\\\/wp-content\\\/uploads\\\/2024\\\/10\\\/cropped-logo.jpeg\",\"width\":500,\"height\":250,\"caption\":\"Fer Abrajan\"},\"image\":{\"@id\":\"https:\\\/\\\/ferabrajan.com\\\/portal\\\/#\\\/schema\\\/logo\\\/image\\\/\"},\"sameAs\":[\"https:\\\/\\\/www.facebook.com\\\/NoticiasconFerAbrajan\\\/\",\"https:\\\/\\\/x.com\\\/ferabrajan1\"]},{\"@type\":\"Person\",\"@id\":\"https:\\\/\\\/ferabrajan.com\\\/portal\\\/#\\\/schema\\\/person\\\/f6113b3cb1e036d5c6a9505685b257ba\",\"name\":\"admin\",\"image\":{\"@type\":\"ImageObject\",\"inLanguage\":\"es\",\"@id\":\"https:\\\/\\\/secure.gravatar.com\\\/avatar\\\/072baa72775aad53c748dfc5d3048578e01b6c087eef335459ebfa04344e2d18?s=96&d=mm&r=g\",\"url\":\"https:\\\/\\\/secure.gravatar.com\\\/avatar\\\/072baa72775aad53c748dfc5d3048578e01b6c087eef335459ebfa04344e2d18?s=96&d=mm&r=g\",\"contentUrl\":\"https:\\\/\\\/secure.gravatar.com\\\/avatar\\\/072baa72775aad53c748dfc5d3048578e01b6c087eef335459ebfa04344e2d18?s=96&d=mm&r=g\",\"caption\":\"admin\"},\"sameAs\":[\"https:\\\/\\\/ferabrajan.com\\\/portal\"],\"url\":\"https:\\\/\\\/ferabrajan.com\\\/portal\\\/author\\\/admin\\\/\"}]}<\/script>\n<!-- \/ Yoast SEO plugin. -->","yoast_head_json":{"title":"Biden ser\u00eda su &quot;peor pesadilla&quot;, advierte Trump a votantes - Fer Abrajan","robots":{"index":"index","follow":"follow","max-snippet":"max-snippet:-1","max-image-preview":"max-image-preview:large","max-video-preview":"max-video-preview:-1"},"canonical":"https:\/\/ferabrajan.com\/portal\/2020\/08\/21\/biden-seria-su-peor-pesadilla-advierte-trump-a-votantes\/","og_locale":"es_ES","og_type":"article","og_title":"Biden ser\u00eda su &quot;peor pesadilla&quot;, advierte Trump a votantes - Fer Abrajan","og_description":"El presidente de Estados Unidos, Donald Trump, advirti\u00f3 este jueves que su rival en las elecciones presidenciales de noviembre, el dem\u00f3crata Joe Biden, ser\u00eda la \u00abpeor pesadilla\u00bb de los estadounidenses si llega al poder. \u00ab\u00c9l pas\u00f3 medio siglo en Washington vendiendo nuestro pa\u00eds y destruyendo el empleo y dejando que otros pa\u00edses roben nuestros puestos de trabajo\u00bb, dijo Trump en un mit\u00edn en Old Forge, Pensilvania, una localidad muy cercana al lugar donde naci\u00f3 Biden. Trump habl\u00f3 horas antes de que Biden pronuncie su discurso en la convenci\u00f3n dem\u00f3crata para aceptar la nominaci\u00f3n de su partido como candidato a la Casa Blanca. El mandatario agit\u00f3 la bandera del miedo y advirti\u00f3 a los participantes que si quer\u00edan imaginarse c\u00f3mo ser\u00eda un gobierno de Biden recordaran \u00ablas ruinas en llamas de Minneapolis, la anarqu\u00eda de Portland y las aceras con sangre en Chicago\u00bb, una referencia a violentas manifestaciones de los \u00faltimos meses contra el racismo y la violencia policial. \u00abLa supervivencia de nuestro pa\u00eds est\u00e1 en juego\u00bb, dijo el mandatario que acus\u00f3 a los dem\u00f3cratas de haberse \u00abvuelto locos\u00bb. \u00abBiden quiere abrir las fronteras en la mitad de una pandemia\u00bb, dijo Trump ante un peque\u00f1o grupo de sus seguidores que lo recibieron vestidos con sus caracter\u00edsticas gorras rojas con la leyenda \u00abMake America Great Again\u00bb (Haciendo a Estados Unidos grandioso de nuevo). Publicaci\u00f3n Original: https:\/\/www.elsoldepuebla.com.mx\/mundo\/biden-seria-su-peor-pesadilla-dice-trump-a-votantes-donadl-trump-joe-biden-elecciones-estados-unidos-carrera-presidencial-5653010.html","og_url":"https:\/\/ferabrajan.com\/portal\/2020\/08\/21\/biden-seria-su-peor-pesadilla-advierte-trump-a-votantes\/","og_site_name":"Fer Abrajan","article_publisher":"https:\/\/www.facebook.com\/NoticiasconFerAbrajan\/","article_published_time":"2020-08-21T01:43:12+00:00","author":"admin","twitter_card":"summary_large_image","twitter_creator":"@ferabrajan1","twitter_site":"@ferabrajan1","twitter_misc":{"Escrito por":"admin","Tiempo de lectura":"1 minuto"},"schema":{"@context":"https:\/\/schema.org","@graph":[{"@type":"Article","@id":"https:\/\/ferabrajan.com\/portal\/2020\/08\/21\/biden-seria-su-peor-pesadilla-advierte-trump-a-votantes\/#article","isPartOf":{"@id":"https:\/\/ferabrajan.com\/portal\/2020\/08\/21\/biden-seria-su-peor-pesadilla-advierte-trump-a-votantes\/"},"author":{"name":"admin","@id":"https:\/\/ferabrajan.com\/portal\/#\/schema\/person\/f6113b3cb1e036d5c6a9505685b257ba"},"headline":"Biden ser\u00eda su &quot;peor pesadilla&quot;, advierte Trump a votantes","datePublished":"2020-08-21T01:43:12+00:00","mainEntityOfPage":{"@id":"https:\/\/ferabrajan.com\/portal\/2020\/08\/21\/biden-seria-su-peor-pesadilla-advierte-trump-a-votantes\/"},"wordCount":260,"publisher":{"@id":"https:\/\/ferabrajan.com\/portal\/#organization"},"image":{"@id":"https:\/\/ferabrajan.com\/portal\/2020\/08\/21\/biden-seria-su-peor-pesadilla-advierte-trump-a-votantes\/#primaryimage"},"thumbnailUrl":"","articleSection":["Puebla"],"inLanguage":"es"},{"@type":"WebPage","@id":"https:\/\/ferabrajan.com\/portal\/2020\/08\/21\/biden-seria-su-peor-pesadilla-advierte-trump-a-votantes\/","url":"https:\/\/ferabrajan.com\/portal\/2020\/08\/21\/biden-seria-su-peor-pesadilla-advierte-trump-a-votantes\/","name":"Biden ser\u00eda su &quot;peor pesadilla&quot;, advierte Trump a votantes - Fer Abrajan","isPartOf":{"@id":"https:\/\/ferabrajan.com\/portal\/#website"},"primaryImageOfPage":{"@id":"https:\/\/ferabrajan.com\/portal\/2020\/08\/21\/biden-seria-su-peor-pesadilla-advierte-trump-a-votantes\/#primaryimage"},"image":{"@id":"https:\/\/ferabrajan.com\/portal\/2020\/08\/21\/biden-seria-su-peor-pesadilla-advierte-trump-a-votantes\/#primaryimage"},"thumbnailUrl":"","datePublished":"2020-08-21T01:43:12+00:00","breadcrumb":{"@id":"https:\/\/ferabrajan.com\/portal\/2020\/08\/21\/biden-seria-su-peor-pesadilla-advierte-trump-a-votantes\/#breadcrumb"},"inLanguage":"es","potentialAction":[{"@type":"ReadAction","target":["https:\/\/ferabrajan.com\/portal\/2020\/08\/21\/biden-seria-su-peor-pesadilla-advierte-trump-a-votantes\/"]}]},{"@type":"ImageObject","inLanguage":"es","@id":"https:\/\/ferabrajan.com\/portal\/2020\/08\/21\/biden-seria-su-peor-pesadilla-advierte-trump-a-votantes\/#primaryimage","url":"","contentUrl":""},{"@type":"BreadcrumbList","@id":"https:\/\/ferabrajan.com\/portal\/2020\/08\/21\/biden-seria-su-peor-pesadilla-advierte-trump-a-votantes\/#breadcrumb","itemListElement":[{"@type":"ListItem","position":1,"name":"Portada","item":"https:\/\/ferabrajan.com\/portal\/"},{"@type":"ListItem","position":2,"name":"Biden ser\u00eda su &quot;peor pesadilla&quot;, advierte Trump a votantes"}]},{"@type":"WebSite","@id":"https:\/\/ferabrajan.com\/portal\/#website","url":"https:\/\/ferabrajan.com\/portal\/","name":"Fer Abrajan","description":"Noticias de Puebla, opini\u00f3n y radio en vivo","publisher":{"@id":"https:\/\/ferabrajan.com\/portal\/#organization"},"potentialAction":[{"@type":"SearchAction","target":{"@type":"EntryPoint","urlTemplate":"https:\/\/ferabrajan.com\/portal\/?s={search_term_string}"},"query-input":{"@type":"PropertyValueSpecification","valueRequired":true,"valueName":"search_term_string"}}],"inLanguage":"es"},{"@type":"Organization","@id":"https:\/\/ferabrajan.com\/portal\/#organization","name":"Fer Abrajan","url":"https:\/\/ferabrajan.com\/portal\/","logo":{"@type":"ImageObject","inLanguage":"es","@id":"https:\/\/ferabrajan.com\/portal\/#\/schema\/logo\/image\/","url":"https:\/\/ferabrajan.com\/portal\/wp-content\/uploads\/2024\/10\/cropped-logo.jpeg","contentUrl":"https:\/\/ferabrajan.com\/portal\/wp-content\/uploads\/2024\/10\/cropped-logo.jpeg","width":500,"height":250,"caption":"Fer Abrajan"},"image":{"@id":"https:\/\/ferabrajan.com\/portal\/#\/schema\/logo\/image\/"},"sameAs":["https:\/\/www.facebook.com\/NoticiasconFerAbrajan\/","https:\/\/x.com\/ferabrajan1"]},{"@type":"Person","@id":"https:\/\/ferabrajan.com\/portal\/#\/schema\/person\/f6113b3cb1e036d5c6a9505685b257ba","name":"admin","image":{"@type":"ImageObject","inLanguage":"es","@id":"https:\/\/secure.gravatar.com\/avatar\/072baa72775aad53c748dfc5d3048578e01b6c087eef335459ebfa04344e2d18?s=96&d=mm&r=g","url":"https:\/\/secure.gravatar.com\/avatar\/072baa72775aad53c748dfc5d3048578e01b6c087eef335459ebfa04344e2d18?s=96&d=mm&r=g","contentUrl":"https:\/\/secure.gravatar.com\/avatar\/072baa72775aad53c748dfc5d3048578e01b6c087eef335459ebfa04344e2d18?s=96&d=mm&r=g","caption":"admin"},"sameAs":["https:\/\/ferabrajan.com\/portal"],"url":"https:\/\/ferabrajan.com\/portal\/author\/admin\/"}]}},"_links":{"self":[{"href":"https:\/\/ferabrajan.com\/portal\/wp-json\/wp\/v2\/posts\/17229","targetHints":{"allow":["GET"]}}],"collection":[{"href":"https:\/\/ferabrajan.com\/portal\/wp-json\/wp\/v2\/posts"}],"about":[{"href":"https:\/\/ferabrajan.com\/portal\/wp-json\/wp\/v2\/types\/post"}],"author":[{"embeddable":true,"href":"https:\/\/ferabrajan.com\/portal\/wp-json\/wp\/v2\/users\/1"}],"replies":[{"embeddable":true,"href":"https:\/\/ferabrajan.com\/portal\/wp-json\/wp\/v2\/comments?post=17229"}],"version-history":[{"count":0,"href":"https:\/\/ferabrajan.com\/portal\/wp-json\/wp\/v2\/posts\/17229\/revisions"}],"wp:attachment":[{"href":"https:\/\/ferabrajan.com\/portal\/wp-json\/wp\/v2\/media?parent=17229"}],"wp:term":[{"taxonomy":"category","embeddable":true,"href":"https:\/\/ferabrajan.com\/portal\/wp-json\/wp\/v2\/categories?post=17229"},{"taxonomy":"post_tag","embeddable":true,"href":"https:\/\/ferabrajan.com\/portal\/wp-json\/wp\/v2\/tags?post=17229"}],"curies":[{"name":"wp","href":"https:\/\/api.w.org\/{rel}","templated":true}]}}