{"id":17172,"date":"2020-08-20T20:51:00","date_gmt":"2020-08-20T20:51:00","guid":{"rendered":"https:\/\/www.ferabrajan.com\/?p=17172"},"modified":"2020-08-20T20:51:00","modified_gmt":"2020-08-20T20:51:00","slug":"oficializan-adhesion-de-cofepris-y-conadic-a-subsecretaria-de-lopez-gatell","status":"publish","type":"post","link":"https:\/\/ferabrajan.com\/portal\/2020\/08\/20\/oficializan-adhesion-de-cofepris-y-conadic-a-subsecretaria-de-lopez-gatell\/","title":{"rendered":"Oficializan adhesi\u00f3n de Cofepris y Conadic a subsecretar\u00eda de L\u00f3pez-Gatell"},"content":{"rendered":"<div><img decoding=\"async\" src=\"https:\/\/www.eluniversal.com.mx\/sites\/default\/files\/2020\/08\/19\/010hugo-lopez-gatell-1.jpg\" class=\"ff-og-image-inserted\"><\/div>\n<p>A trav\u00e9s de un acuerdo publicado en el <strong>Diario Oficial de la Federaci\u00f3n<\/strong> (DOF) se oficializ\u00f3 la <strong>adhesi\u00f3n<\/strong> de distintas unidades administrativas y \u00f3rganos desconcentrados a la Secretar\u00eda de Salud (Ssa), incluidas <strong>13 instituciones<\/strong> que quedar\u00e1n a cargo de la <strong>Subsecretar\u00eda de Prevenci\u00f3n y Promoci\u00f3n de la Salud de Hugo L\u00f3pez-Gatell.<\/strong><\/p>\n<p>En el acuerdo, publicado en la edici\u00f3n vespertina del DOF, se inform\u00f3 que la Subsecretar\u00eda de Prevenci\u00f3n y Promoci\u00f3n de la Salud absorber\u00e1 las siguientes instituciones:&nbsp;<\/p>\n<p>La Comisi\u00f3n Federal para la Protecci\u00f3n contra Riesgos Sanitarios; la Comisi\u00f3n Nacional contra las Adicciones; el Centro Nacional de Equidad de G\u00e9nero y Salud Reproductiva; el Centro Nacional de Programas Preventivos y Control de Enfermedades; el Centro Nacional para la Prevenci\u00f3n y el Control del VIH\/SIDA; el Centro Nacional para la Salud de la Infancia y la Adolescencia.<\/p>\n<p>Tambi\u00e9n el Centro Nacional de la Transfusi\u00f3n Sangu\u00ednea; los Servicios de Atenci\u00f3n Psiqui\u00e1trica; la &nbsp;Direcci\u00f3n General de Epidemiolog\u00eda; la Direcci\u00f3n General de Promoci\u00f3n de la Salud; la Direcci\u00f3n General de Informaci\u00f3n en Salud; el Secretariado T\u00e9cnico del Consejo Nacional de Salud Mental, y el Secretariado T\u00e9cnico del Consejo Nacional para la Prevenci\u00f3n de Accidentes.<\/p>\n<p>Por otra parte, el titular de la Secretar\u00eda de Salud, Jorge Alcocer Varela, tambi\u00e9n se har\u00e1 cargo de nueve unidades administrativas y \u00f3rganos desconcentrados.<br \/>Por su parte, la Unidad de Administraci\u00f3n y Finanzas de la Ssa absorber\u00e1 seis unidades administrativas.<\/p>\n<p>La Comisi\u00f3n Coordinadora de Institutos Nacionales de Salud y Hospitales de Alta Especialidad de igual forma tendr\u00e1 a su cargo el Centro Nacional de Trasplantes y tres direcciones generales.<\/p>\n<p>En tanto, a la Unidad de An\u00e1lisis Econ\u00f3mico quedar\u00e1n adscritos el Centro Nacional de Excelencia Tecnol\u00f3gica en Salud y tres direcciones generales.<\/p>\n<p>maot<\/p>\n<p>Publicaci\u00f3n Original: <a href=\"https:\/\/www.eluniversal.com.mx\/nacion\/politica\/cofepris-y-conadic-pasan-subsecretaria-de-lopez-gatell\" target=\"_blank\" rel=\"noopener noreferrer\">https:\/\/www.eluniversal.com.mx\/nacion\/politica\/cofepris-y-conadic-pasan-subsecretaria-de-lopez-gatell<\/a><\/p>\n","protected":false},"excerpt":{"rendered":"<p>A trav\u00e9s de un acuerdo publicado en el Diario Oficial de la Federaci\u00f3n (DOF) se oficializ\u00f3 la adhesi\u00f3n de distintas unidades administrativas y \u00f3rganos desconcentrados a la Secretar\u00eda de Salud (Ssa), incluidas 13 instituciones que quedar\u00e1n a cargo de la Subsecretar\u00eda de Prevenci\u00f3n y Promoci\u00f3n de la Salud de Hugo L\u00f3pez-Gatell. En el acuerdo, publicado en la edici\u00f3n vespertina del DOF, se inform\u00f3 que la Subsecretar\u00eda de Prevenci\u00f3n y Promoci\u00f3n de la Salud absorber\u00e1 las siguientes instituciones:&nbsp; La Comisi\u00f3n Federal para la Protecci\u00f3n contra Riesgos Sanitarios; la Comisi\u00f3n Nacional contra las Adicciones; el Centro Nacional de Equidad de G\u00e9nero y Salud Reproductiva; el Centro Nacional de Programas Preventivos y Control de Enfermedades; el Centro Nacional para la Prevenci\u00f3n y el Control del VIH\/SIDA; el Centro Nacional para la Salud de la Infancia y la Adolescencia. Tambi\u00e9n el Centro Nacional de la Transfusi\u00f3n Sangu\u00ednea; los Servicios de Atenci\u00f3n Psiqui\u00e1trica; la &nbsp;Direcci\u00f3n General de Epidemiolog\u00eda; la Direcci\u00f3n General de Promoci\u00f3n de la Salud; la Direcci\u00f3n General de Informaci\u00f3n en Salud; el Secretariado T\u00e9cnico del Consejo Nacional de Salud Mental, y el Secretariado T\u00e9cnico del Consejo Nacional para la Prevenci\u00f3n de Accidentes. Por otra parte, el titular de la Secretar\u00eda de Salud, Jorge Alcocer Varela, tambi\u00e9n se har\u00e1 cargo de nueve unidades administrativas y \u00f3rganos desconcentrados.Por su parte, la Unidad de Administraci\u00f3n y Finanzas de la Ssa absorber\u00e1 seis unidades administrativas. La Comisi\u00f3n Coordinadora de Institutos Nacionales de Salud y Hospitales de Alta Especialidad de igual forma tendr\u00e1 a su cargo el Centro Nacional de Trasplantes y tres direcciones generales. En tanto, a la Unidad de An\u00e1lisis Econ\u00f3mico quedar\u00e1n adscritos el Centro Nacional de Excelencia Tecnol\u00f3gica en Salud y tres direcciones generales. maot Publicaci\u00f3n Original: https:\/\/www.eluniversal.com.mx\/nacion\/politica\/cofepris-y-conadic-pasan-subsecretaria-de-lopez-gatell<\/p>\n","protected":false},"author":1,"featured_media":17173,"comment_status":"open","ping_status":"closed","sticky":false,"template":"","format":"standard","meta":{"_monsterinsights_skip_tracking":false,"_uf_show_specific_survey":0,"_uf_disable_surveys":false,"footnotes":""},"categories":[36],"tags":[],"class_list":["post-17172","post","type-post","status-publish","format-standard","has-post-thumbnail","hentry","category-el-mundo"],"yoast_head":"<!-- This site is optimized with the Yoast SEO plugin v27.5 - https:\/\/yoast.com\/product\/yoast-seo-wordpress\/ -->\n<title>Oficializan adhesi\u00f3n de Cofepris y Conadic a subsecretar\u00eda de L\u00f3pez-Gatell - Fer Abrajan<\/title>\n<meta name=\"robots\" content=\"index, follow, max-snippet:-1, max-image-preview:large, max-video-preview:-1\" \/>\n<link rel=\"canonical\" href=\"https:\/\/ferabrajan.com\/portal\/2020\/08\/20\/oficializan-adhesion-de-cofepris-y-conadic-a-subsecretaria-de-lopez-gatell\/\" \/>\n<meta property=\"og:locale\" content=\"es_ES\" \/>\n<meta property=\"og:type\" content=\"article\" \/>\n<meta property=\"og:title\" content=\"Oficializan adhesi\u00f3n de Cofepris y Conadic a subsecretar\u00eda de L\u00f3pez-Gatell - Fer Abrajan\" \/>\n<meta property=\"og:description\" content=\"A trav\u00e9s de un acuerdo publicado en el Diario Oficial de la Federaci\u00f3n (DOF) se oficializ\u00f3 la adhesi\u00f3n de distintas unidades administrativas y \u00f3rganos desconcentrados a la Secretar\u00eda de Salud (Ssa), incluidas 13 instituciones que quedar\u00e1n a cargo de la Subsecretar\u00eda de Prevenci\u00f3n y Promoci\u00f3n de la Salud de Hugo L\u00f3pez-Gatell. En el acuerdo, publicado en la edici\u00f3n vespertina del DOF, se inform\u00f3 que la Subsecretar\u00eda de Prevenci\u00f3n y Promoci\u00f3n de la Salud absorber\u00e1 las siguientes instituciones:&nbsp; La Comisi\u00f3n Federal para la Protecci\u00f3n contra Riesgos Sanitarios; la Comisi\u00f3n Nacional contra las Adicciones; el Centro Nacional de Equidad de G\u00e9nero y Salud Reproductiva; el Centro Nacional de Programas Preventivos y Control de Enfermedades; el Centro Nacional para la Prevenci\u00f3n y el Control del VIH\/SIDA; el Centro Nacional para la Salud de la Infancia y la Adolescencia. Tambi\u00e9n el Centro Nacional de la Transfusi\u00f3n Sangu\u00ednea; los Servicios de Atenci\u00f3n Psiqui\u00e1trica; la &nbsp;Direcci\u00f3n General de Epidemiolog\u00eda; la Direcci\u00f3n General de Promoci\u00f3n de la Salud; la Direcci\u00f3n General de Informaci\u00f3n en Salud; el Secretariado T\u00e9cnico del Consejo Nacional de Salud Mental, y el Secretariado T\u00e9cnico del Consejo Nacional para la Prevenci\u00f3n de Accidentes. Por otra parte, el titular de la Secretar\u00eda de Salud, Jorge Alcocer Varela, tambi\u00e9n se har\u00e1 cargo de nueve unidades administrativas y \u00f3rganos desconcentrados.Por su parte, la Unidad de Administraci\u00f3n y Finanzas de la Ssa absorber\u00e1 seis unidades administrativas. La Comisi\u00f3n Coordinadora de Institutos Nacionales de Salud y Hospitales de Alta Especialidad de igual forma tendr\u00e1 a su cargo el Centro Nacional de Trasplantes y tres direcciones generales. En tanto, a la Unidad de An\u00e1lisis Econ\u00f3mico quedar\u00e1n adscritos el Centro Nacional de Excelencia Tecnol\u00f3gica en Salud y tres direcciones generales. maot Publicaci\u00f3n Original: https:\/\/www.eluniversal.com.mx\/nacion\/politica\/cofepris-y-conadic-pasan-subsecretaria-de-lopez-gatell\" \/>\n<meta property=\"og:url\" content=\"https:\/\/ferabrajan.com\/portal\/2020\/08\/20\/oficializan-adhesion-de-cofepris-y-conadic-a-subsecretaria-de-lopez-gatell\/\" \/>\n<meta property=\"og:site_name\" content=\"Fer Abrajan\" \/>\n<meta property=\"article:publisher\" content=\"https:\/\/www.facebook.com\/NoticiasconFerAbrajan\/\" \/>\n<meta property=\"article:published_time\" content=\"2020-08-20T20:51:00+00:00\" \/>\n<meta name=\"author\" content=\"admin\" \/>\n<meta name=\"twitter:card\" content=\"summary_large_image\" \/>\n<meta name=\"twitter:creator\" content=\"@ferabrajan1\" \/>\n<meta name=\"twitter:site\" content=\"@ferabrajan1\" \/>\n<meta name=\"twitter:label1\" content=\"Escrito por\" \/>\n\t<meta name=\"twitter:data1\" content=\"admin\" \/>\n\t<meta name=\"twitter:label2\" content=\"Tiempo de lectura\" \/>\n\t<meta name=\"twitter:data2\" content=\"2 minutos\" \/>\n<script type=\"application\/ld+json\" class=\"yoast-schema-graph\">{\"@context\":\"https:\\\/\\\/schema.org\",\"@graph\":[{\"@type\":\"Article\",\"@id\":\"https:\\\/\\\/ferabrajan.com\\\/portal\\\/2020\\\/08\\\/20\\\/oficializan-adhesion-de-cofepris-y-conadic-a-subsecretaria-de-lopez-gatell\\\/#article\",\"isPartOf\":{\"@id\":\"https:\\\/\\\/ferabrajan.com\\\/portal\\\/2020\\\/08\\\/20\\\/oficializan-adhesion-de-cofepris-y-conadic-a-subsecretaria-de-lopez-gatell\\\/\"},\"author\":{\"name\":\"admin\",\"@id\":\"https:\\\/\\\/ferabrajan.com\\\/portal\\\/#\\\/schema\\\/person\\\/f6113b3cb1e036d5c6a9505685b257ba\"},\"headline\":\"Oficializan adhesi\u00f3n de Cofepris y Conadic a subsecretar\u00eda de L\u00f3pez-Gatell\",\"datePublished\":\"2020-08-20T20:51:00+00:00\",\"mainEntityOfPage\":{\"@id\":\"https:\\\/\\\/ferabrajan.com\\\/portal\\\/2020\\\/08\\\/20\\\/oficializan-adhesion-de-cofepris-y-conadic-a-subsecretaria-de-lopez-gatell\\\/\"},\"wordCount\":347,\"commentCount\":0,\"publisher\":{\"@id\":\"https:\\\/\\\/ferabrajan.com\\\/portal\\\/#organization\"},\"image\":{\"@id\":\"https:\\\/\\\/ferabrajan.com\\\/portal\\\/2020\\\/08\\\/20\\\/oficializan-adhesion-de-cofepris-y-conadic-a-subsecretaria-de-lopez-gatell\\\/#primaryimage\"},\"thumbnailUrl\":\"\",\"articleSection\":[\"El Mundo\"],\"inLanguage\":\"es\"},{\"@type\":\"WebPage\",\"@id\":\"https:\\\/\\\/ferabrajan.com\\\/portal\\\/2020\\\/08\\\/20\\\/oficializan-adhesion-de-cofepris-y-conadic-a-subsecretaria-de-lopez-gatell\\\/\",\"url\":\"https:\\\/\\\/ferabrajan.com\\\/portal\\\/2020\\\/08\\\/20\\\/oficializan-adhesion-de-cofepris-y-conadic-a-subsecretaria-de-lopez-gatell\\\/\",\"name\":\"Oficializan adhesi\u00f3n de Cofepris y Conadic a subsecretar\u00eda de L\u00f3pez-Gatell - Fer Abrajan\",\"isPartOf\":{\"@id\":\"https:\\\/\\\/ferabrajan.com\\\/portal\\\/#website\"},\"primaryImageOfPage\":{\"@id\":\"https:\\\/\\\/ferabrajan.com\\\/portal\\\/2020\\\/08\\\/20\\\/oficializan-adhesion-de-cofepris-y-conadic-a-subsecretaria-de-lopez-gatell\\\/#primaryimage\"},\"image\":{\"@id\":\"https:\\\/\\\/ferabrajan.com\\\/portal\\\/2020\\\/08\\\/20\\\/oficializan-adhesion-de-cofepris-y-conadic-a-subsecretaria-de-lopez-gatell\\\/#primaryimage\"},\"thumbnailUrl\":\"\",\"datePublished\":\"2020-08-20T20:51:00+00:00\",\"breadcrumb\":{\"@id\":\"https:\\\/\\\/ferabrajan.com\\\/portal\\\/2020\\\/08\\\/20\\\/oficializan-adhesion-de-cofepris-y-conadic-a-subsecretaria-de-lopez-gatell\\\/#breadcrumb\"},\"inLanguage\":\"es\",\"potentialAction\":[{\"@type\":\"ReadAction\",\"target\":[\"https:\\\/\\\/ferabrajan.com\\\/portal\\\/2020\\\/08\\\/20\\\/oficializan-adhesion-de-cofepris-y-conadic-a-subsecretaria-de-lopez-gatell\\\/\"]}]},{\"@type\":\"ImageObject\",\"inLanguage\":\"es\",\"@id\":\"https:\\\/\\\/ferabrajan.com\\\/portal\\\/2020\\\/08\\\/20\\\/oficializan-adhesion-de-cofepris-y-conadic-a-subsecretaria-de-lopez-gatell\\\/#primaryimage\",\"url\":\"\",\"contentUrl\":\"\"},{\"@type\":\"BreadcrumbList\",\"@id\":\"https:\\\/\\\/ferabrajan.com\\\/portal\\\/2020\\\/08\\\/20\\\/oficializan-adhesion-de-cofepris-y-conadic-a-subsecretaria-de-lopez-gatell\\\/#breadcrumb\",\"itemListElement\":[{\"@type\":\"ListItem\",\"position\":1,\"name\":\"Portada\",\"item\":\"https:\\\/\\\/ferabrajan.com\\\/portal\\\/\"},{\"@type\":\"ListItem\",\"position\":2,\"name\":\"Oficializan adhesi\u00f3n de Cofepris y Conadic a subsecretar\u00eda de L\u00f3pez-Gatell\"}]},{\"@type\":\"WebSite\",\"@id\":\"https:\\\/\\\/ferabrajan.com\\\/portal\\\/#website\",\"url\":\"https:\\\/\\\/ferabrajan.com\\\/portal\\\/\",\"name\":\"Fer Abrajan\",\"description\":\"Noticias de Puebla, opini\u00f3n y radio en vivo\",\"publisher\":{\"@id\":\"https:\\\/\\\/ferabrajan.com\\\/portal\\\/#organization\"},\"potentialAction\":[{\"@type\":\"SearchAction\",\"target\":{\"@type\":\"EntryPoint\",\"urlTemplate\":\"https:\\\/\\\/ferabrajan.com\\\/portal\\\/?s={search_term_string}\"},\"query-input\":{\"@type\":\"PropertyValueSpecification\",\"valueRequired\":true,\"valueName\":\"search_term_string\"}}],\"inLanguage\":\"es\"},{\"@type\":\"Organization\",\"@id\":\"https:\\\/\\\/ferabrajan.com\\\/portal\\\/#organization\",\"name\":\"Fer Abrajan\",\"url\":\"https:\\\/\\\/ferabrajan.com\\\/portal\\\/\",\"logo\":{\"@type\":\"ImageObject\",\"inLanguage\":\"es\",\"@id\":\"https:\\\/\\\/ferabrajan.com\\\/portal\\\/#\\\/schema\\\/logo\\\/image\\\/\",\"url\":\"https:\\\/\\\/ferabrajan.com\\\/portal\\\/wp-content\\\/uploads\\\/2024\\\/10\\\/cropped-logo.jpeg\",\"contentUrl\":\"https:\\\/\\\/ferabrajan.com\\\/portal\\\/wp-content\\\/uploads\\\/2024\\\/10\\\/cropped-logo.jpeg\",\"width\":500,\"height\":250,\"caption\":\"Fer Abrajan\"},\"image\":{\"@id\":\"https:\\\/\\\/ferabrajan.com\\\/portal\\\/#\\\/schema\\\/logo\\\/image\\\/\"},\"sameAs\":[\"https:\\\/\\\/www.facebook.com\\\/NoticiasconFerAbrajan\\\/\",\"https:\\\/\\\/x.com\\\/ferabrajan1\"]},{\"@type\":\"Person\",\"@id\":\"https:\\\/\\\/ferabrajan.com\\\/portal\\\/#\\\/schema\\\/person\\\/f6113b3cb1e036d5c6a9505685b257ba\",\"name\":\"admin\",\"image\":{\"@type\":\"ImageObject\",\"inLanguage\":\"es\",\"@id\":\"https:\\\/\\\/secure.gravatar.com\\\/avatar\\\/072baa72775aad53c748dfc5d3048578e01b6c087eef335459ebfa04344e2d18?s=96&d=mm&r=g\",\"url\":\"https:\\\/\\\/secure.gravatar.com\\\/avatar\\\/072baa72775aad53c748dfc5d3048578e01b6c087eef335459ebfa04344e2d18?s=96&d=mm&r=g\",\"contentUrl\":\"https:\\\/\\\/secure.gravatar.com\\\/avatar\\\/072baa72775aad53c748dfc5d3048578e01b6c087eef335459ebfa04344e2d18?s=96&d=mm&r=g\",\"caption\":\"admin\"},\"sameAs\":[\"https:\\\/\\\/ferabrajan.com\\\/portal\"],\"url\":\"https:\\\/\\\/ferabrajan.com\\\/portal\\\/author\\\/admin\\\/\"}]}<\/script>\n<!-- \/ Yoast SEO plugin. -->","yoast_head_json":{"title":"Oficializan adhesi\u00f3n de Cofepris y Conadic a subsecretar\u00eda de L\u00f3pez-Gatell - Fer Abrajan","robots":{"index":"index","follow":"follow","max-snippet":"max-snippet:-1","max-image-preview":"max-image-preview:large","max-video-preview":"max-video-preview:-1"},"canonical":"https:\/\/ferabrajan.com\/portal\/2020\/08\/20\/oficializan-adhesion-de-cofepris-y-conadic-a-subsecretaria-de-lopez-gatell\/","og_locale":"es_ES","og_type":"article","og_title":"Oficializan adhesi\u00f3n de Cofepris y Conadic a subsecretar\u00eda de L\u00f3pez-Gatell - Fer Abrajan","og_description":"A trav\u00e9s de un acuerdo publicado en el Diario Oficial de la Federaci\u00f3n (DOF) se oficializ\u00f3 la adhesi\u00f3n de distintas unidades administrativas y \u00f3rganos desconcentrados a la Secretar\u00eda de Salud (Ssa), incluidas 13 instituciones que quedar\u00e1n a cargo de la Subsecretar\u00eda de Prevenci\u00f3n y Promoci\u00f3n de la Salud de Hugo L\u00f3pez-Gatell. En el acuerdo, publicado en la edici\u00f3n vespertina del DOF, se inform\u00f3 que la Subsecretar\u00eda de Prevenci\u00f3n y Promoci\u00f3n de la Salud absorber\u00e1 las siguientes instituciones:&nbsp; La Comisi\u00f3n Federal para la Protecci\u00f3n contra Riesgos Sanitarios; la Comisi\u00f3n Nacional contra las Adicciones; el Centro Nacional de Equidad de G\u00e9nero y Salud Reproductiva; el Centro Nacional de Programas Preventivos y Control de Enfermedades; el Centro Nacional para la Prevenci\u00f3n y el Control del VIH\/SIDA; el Centro Nacional para la Salud de la Infancia y la Adolescencia. Tambi\u00e9n el Centro Nacional de la Transfusi\u00f3n Sangu\u00ednea; los Servicios de Atenci\u00f3n Psiqui\u00e1trica; la &nbsp;Direcci\u00f3n General de Epidemiolog\u00eda; la Direcci\u00f3n General de Promoci\u00f3n de la Salud; la Direcci\u00f3n General de Informaci\u00f3n en Salud; el Secretariado T\u00e9cnico del Consejo Nacional de Salud Mental, y el Secretariado T\u00e9cnico del Consejo Nacional para la Prevenci\u00f3n de Accidentes. Por otra parte, el titular de la Secretar\u00eda de Salud, Jorge Alcocer Varela, tambi\u00e9n se har\u00e1 cargo de nueve unidades administrativas y \u00f3rganos desconcentrados.Por su parte, la Unidad de Administraci\u00f3n y Finanzas de la Ssa absorber\u00e1 seis unidades administrativas. La Comisi\u00f3n Coordinadora de Institutos Nacionales de Salud y Hospitales de Alta Especialidad de igual forma tendr\u00e1 a su cargo el Centro Nacional de Trasplantes y tres direcciones generales. En tanto, a la Unidad de An\u00e1lisis Econ\u00f3mico quedar\u00e1n adscritos el Centro Nacional de Excelencia Tecnol\u00f3gica en Salud y tres direcciones generales. maot Publicaci\u00f3n Original: https:\/\/www.eluniversal.com.mx\/nacion\/politica\/cofepris-y-conadic-pasan-subsecretaria-de-lopez-gatell","og_url":"https:\/\/ferabrajan.com\/portal\/2020\/08\/20\/oficializan-adhesion-de-cofepris-y-conadic-a-subsecretaria-de-lopez-gatell\/","og_site_name":"Fer Abrajan","article_publisher":"https:\/\/www.facebook.com\/NoticiasconFerAbrajan\/","article_published_time":"2020-08-20T20:51:00+00:00","author":"admin","twitter_card":"summary_large_image","twitter_creator":"@ferabrajan1","twitter_site":"@ferabrajan1","twitter_misc":{"Escrito por":"admin","Tiempo de lectura":"2 minutos"},"schema":{"@context":"https:\/\/schema.org","@graph":[{"@type":"Article","@id":"https:\/\/ferabrajan.com\/portal\/2020\/08\/20\/oficializan-adhesion-de-cofepris-y-conadic-a-subsecretaria-de-lopez-gatell\/#article","isPartOf":{"@id":"https:\/\/ferabrajan.com\/portal\/2020\/08\/20\/oficializan-adhesion-de-cofepris-y-conadic-a-subsecretaria-de-lopez-gatell\/"},"author":{"name":"admin","@id":"https:\/\/ferabrajan.com\/portal\/#\/schema\/person\/f6113b3cb1e036d5c6a9505685b257ba"},"headline":"Oficializan adhesi\u00f3n de Cofepris y Conadic a subsecretar\u00eda de L\u00f3pez-Gatell","datePublished":"2020-08-20T20:51:00+00:00","mainEntityOfPage":{"@id":"https:\/\/ferabrajan.com\/portal\/2020\/08\/20\/oficializan-adhesion-de-cofepris-y-conadic-a-subsecretaria-de-lopez-gatell\/"},"wordCount":347,"commentCount":0,"publisher":{"@id":"https:\/\/ferabrajan.com\/portal\/#organization"},"image":{"@id":"https:\/\/ferabrajan.com\/portal\/2020\/08\/20\/oficializan-adhesion-de-cofepris-y-conadic-a-subsecretaria-de-lopez-gatell\/#primaryimage"},"thumbnailUrl":"","articleSection":["El Mundo"],"inLanguage":"es"},{"@type":"WebPage","@id":"https:\/\/ferabrajan.com\/portal\/2020\/08\/20\/oficializan-adhesion-de-cofepris-y-conadic-a-subsecretaria-de-lopez-gatell\/","url":"https:\/\/ferabrajan.com\/portal\/2020\/08\/20\/oficializan-adhesion-de-cofepris-y-conadic-a-subsecretaria-de-lopez-gatell\/","name":"Oficializan adhesi\u00f3n de Cofepris y Conadic a subsecretar\u00eda de L\u00f3pez-Gatell - Fer Abrajan","isPartOf":{"@id":"https:\/\/ferabrajan.com\/portal\/#website"},"primaryImageOfPage":{"@id":"https:\/\/ferabrajan.com\/portal\/2020\/08\/20\/oficializan-adhesion-de-cofepris-y-conadic-a-subsecretaria-de-lopez-gatell\/#primaryimage"},"image":{"@id":"https:\/\/ferabrajan.com\/portal\/2020\/08\/20\/oficializan-adhesion-de-cofepris-y-conadic-a-subsecretaria-de-lopez-gatell\/#primaryimage"},"thumbnailUrl":"","datePublished":"2020-08-20T20:51:00+00:00","breadcrumb":{"@id":"https:\/\/ferabrajan.com\/portal\/2020\/08\/20\/oficializan-adhesion-de-cofepris-y-conadic-a-subsecretaria-de-lopez-gatell\/#breadcrumb"},"inLanguage":"es","potentialAction":[{"@type":"ReadAction","target":["https:\/\/ferabrajan.com\/portal\/2020\/08\/20\/oficializan-adhesion-de-cofepris-y-conadic-a-subsecretaria-de-lopez-gatell\/"]}]},{"@type":"ImageObject","inLanguage":"es","@id":"https:\/\/ferabrajan.com\/portal\/2020\/08\/20\/oficializan-adhesion-de-cofepris-y-conadic-a-subsecretaria-de-lopez-gatell\/#primaryimage","url":"","contentUrl":""},{"@type":"BreadcrumbList","@id":"https:\/\/ferabrajan.com\/portal\/2020\/08\/20\/oficializan-adhesion-de-cofepris-y-conadic-a-subsecretaria-de-lopez-gatell\/#breadcrumb","itemListElement":[{"@type":"ListItem","position":1,"name":"Portada","item":"https:\/\/ferabrajan.com\/portal\/"},{"@type":"ListItem","position":2,"name":"Oficializan adhesi\u00f3n de Cofepris y Conadic a subsecretar\u00eda de L\u00f3pez-Gatell"}]},{"@type":"WebSite","@id":"https:\/\/ferabrajan.com\/portal\/#website","url":"https:\/\/ferabrajan.com\/portal\/","name":"Fer Abrajan","description":"Noticias de Puebla, opini\u00f3n y radio en vivo","publisher":{"@id":"https:\/\/ferabrajan.com\/portal\/#organization"},"potentialAction":[{"@type":"SearchAction","target":{"@type":"EntryPoint","urlTemplate":"https:\/\/ferabrajan.com\/portal\/?s={search_term_string}"},"query-input":{"@type":"PropertyValueSpecification","valueRequired":true,"valueName":"search_term_string"}}],"inLanguage":"es"},{"@type":"Organization","@id":"https:\/\/ferabrajan.com\/portal\/#organization","name":"Fer Abrajan","url":"https:\/\/ferabrajan.com\/portal\/","logo":{"@type":"ImageObject","inLanguage":"es","@id":"https:\/\/ferabrajan.com\/portal\/#\/schema\/logo\/image\/","url":"https:\/\/ferabrajan.com\/portal\/wp-content\/uploads\/2024\/10\/cropped-logo.jpeg","contentUrl":"https:\/\/ferabrajan.com\/portal\/wp-content\/uploads\/2024\/10\/cropped-logo.jpeg","width":500,"height":250,"caption":"Fer Abrajan"},"image":{"@id":"https:\/\/ferabrajan.com\/portal\/#\/schema\/logo\/image\/"},"sameAs":["https:\/\/www.facebook.com\/NoticiasconFerAbrajan\/","https:\/\/x.com\/ferabrajan1"]},{"@type":"Person","@id":"https:\/\/ferabrajan.com\/portal\/#\/schema\/person\/f6113b3cb1e036d5c6a9505685b257ba","name":"admin","image":{"@type":"ImageObject","inLanguage":"es","@id":"https:\/\/secure.gravatar.com\/avatar\/072baa72775aad53c748dfc5d3048578e01b6c087eef335459ebfa04344e2d18?s=96&d=mm&r=g","url":"https:\/\/secure.gravatar.com\/avatar\/072baa72775aad53c748dfc5d3048578e01b6c087eef335459ebfa04344e2d18?s=96&d=mm&r=g","contentUrl":"https:\/\/secure.gravatar.com\/avatar\/072baa72775aad53c748dfc5d3048578e01b6c087eef335459ebfa04344e2d18?s=96&d=mm&r=g","caption":"admin"},"sameAs":["https:\/\/ferabrajan.com\/portal"],"url":"https:\/\/ferabrajan.com\/portal\/author\/admin\/"}]}},"_links":{"self":[{"href":"https:\/\/ferabrajan.com\/portal\/wp-json\/wp\/v2\/posts\/17172","targetHints":{"allow":["GET"]}}],"collection":[{"href":"https:\/\/ferabrajan.com\/portal\/wp-json\/wp\/v2\/posts"}],"about":[{"href":"https:\/\/ferabrajan.com\/portal\/wp-json\/wp\/v2\/types\/post"}],"author":[{"embeddable":true,"href":"https:\/\/ferabrajan.com\/portal\/wp-json\/wp\/v2\/users\/1"}],"replies":[{"embeddable":true,"href":"https:\/\/ferabrajan.com\/portal\/wp-json\/wp\/v2\/comments?post=17172"}],"version-history":[{"count":0,"href":"https:\/\/ferabrajan.com\/portal\/wp-json\/wp\/v2\/posts\/17172\/revisions"}],"wp:attachment":[{"href":"https:\/\/ferabrajan.com\/portal\/wp-json\/wp\/v2\/media?parent=17172"}],"wp:term":[{"taxonomy":"category","embeddable":true,"href":"https:\/\/ferabrajan.com\/portal\/wp-json\/wp\/v2\/categories?post=17172"},{"taxonomy":"post_tag","embeddable":true,"href":"https:\/\/ferabrajan.com\/portal\/wp-json\/wp\/v2\/tags?post=17172"}],"curies":[{"name":"wp","href":"https:\/\/api.w.org\/{rel}","templated":true}]}}