{"id":16066,"date":"2020-08-01T14:45:00","date_gmt":"2020-08-01T14:45:00","guid":{"rendered":"http:\/\/www.ferabrajan.com\/2020\/08\/01\/grettell-valdez-cree-que-su-esposo-merece-una-segunda-oportunidad\/"},"modified":"2020-08-01T14:45:00","modified_gmt":"2020-08-01T14:45:00","slug":"grettell-valdez-cree-que-su-esposo-merece-una-segunda-oportunidad","status":"publish","type":"post","link":"https:\/\/ferabrajan.com\/portal\/2020\/08\/01\/grettell-valdez-cree-que-su-esposo-merece-una-segunda-oportunidad\/","title":{"rendered":"Grettell Valdez cree que su esposo merece una segunda oportunidad"},"content":{"rendered":"<p>Hace unos d\u00edas se dio a conocer que el empresario, modelo y esposo de <strong>Grettell Valdez<\/strong>, <strong>Leo Clerc<\/strong>, hab\u00eda sido detenido en Suiza por fraude, lavado de dinero y falsificaci\u00f3n de tarjetas de cr\u00e9dito por un mill\u00f3n 700 mil francos suizos, adem\u00e1s que hab\u00eda sido sentenciado a 18 meses de prisi\u00f3n .<\/p>\n<p>Ante esta situaci\u00f3n la actriz decidi\u00f3 postear un video a su canal de YouTube, en donde rompi\u00f3 el silencio y confes\u00f3 estar enterada de lo que hac\u00eda su esposo, tambi\u00e9n dio a conocer que la madre y sobrina de Leo est\u00e1n muy graves debido al Covid-19.<\/p>\n<p>\u00abSobre el proceso jur\u00eddico, hace tres a\u00f1os, cuando conoc\u00ed a Leo, \u00e9l me inform\u00f3 sobre esta situaci\u00f3n. No quiero hablar mucho del tema por el bien de mi familia. Fue un error que \u00e9l cometi\u00f3 cuando era joven, hace 10 a\u00f1os. Yo conf\u00edo plenamente en mi marido y tambi\u00e9n creo en las segundas oportunidades, \u00e9l est\u00e1 haciendo todo para resarcir el error que cometi\u00f3. Creo que todos somos merecedores de segundas oportunidades en todos los aspectos\u00bb, expres\u00f3.<\/p>\n<p>Con l\u00e1grimas, Grettell Valdez tambi\u00e9n coment\u00f3 que su esposo y ella est\u00e1n haciendo todo lo posible por mantener su matrimonio a pesar de la distancia que los separa.<\/p>\n<p>\u00abDesde hace tres a\u00f1os mi marido y yo nos hemos encargado en formar una familia, desde el respeto, la honestidad, la confianza, la admiraci\u00f3n pero sobre todo el amor\u2026 todos los d\u00edas trabajamos para construir un matrimonio s\u00f3lido y duradero, que ustedes saben perfectamente que no es nada f\u00e1cil\u00bb, coment\u00f3.<\/p>\n<p>La protagonista de \u00abLas amazonas\u00bb y \u00abLo imperdonable\u00bb tambi\u00e9n confes\u00f3 que la madre y sobrina de Leo se encuentran graves en el hospital debido al Covid-19.<\/p>\n<p>Por \u00faltimo, Grettell agradeci\u00f3 a toda la gente que la apoya y la hace m\u00e1s fuerte, expres\u00f3 que las muestras de cari\u00f1o por parte de su p\u00fablico son lo m\u00e1s importante para ella en estos momentos de incertidumbre.<\/p>\n<p>El video titulado \u00abGracias\u00bb, cuenta con m\u00e1s de 100 mil vistas y m\u00e1s de 500 comentarios, en los cuales sus fans y seguidores le expresan su amor y apoyo eterno a la actriz.<\/p>\n<p>[embedded content]<\/p>\n<p>rad&nbsp;<\/p>\n<p>Publicaci\u00f3n Original: <a href=\"https:\/\/www.eluniversal.com.mx\/espectaculos\/farandula\/grettell-valdez-cree-que-su-esposo-merece-una-segunda-oportunidad\" target=\"_blank\" rel=\"noopener noreferrer\">https:\/\/www.eluniversal.com.mx\/espectaculos\/farandula\/grettell-valdez-cree-que-su-esposo-merece-una-segunda-oportunidad<\/a><\/p>\n","protected":false},"excerpt":{"rendered":"<p>Hace unos d\u00edas se dio a conocer que el empresario, modelo y esposo de Grettell Valdez, Leo Clerc, hab\u00eda sido detenido en Suiza por fraude, lavado de dinero y falsificaci\u00f3n de tarjetas de cr\u00e9dito por un mill\u00f3n 700 mil francos suizos, adem\u00e1s que hab\u00eda sido sentenciado a 18 meses de prisi\u00f3n . Ante esta situaci\u00f3n la actriz decidi\u00f3 postear un video a su canal de YouTube, en donde rompi\u00f3 el silencio y confes\u00f3 estar enterada de lo que hac\u00eda su esposo, tambi\u00e9n dio a conocer que la madre y sobrina de Leo est\u00e1n muy graves debido al Covid-19. \u00abSobre el proceso jur\u00eddico, hace tres a\u00f1os, cuando conoc\u00ed a Leo, \u00e9l me inform\u00f3 sobre esta situaci\u00f3n. No quiero hablar mucho del tema por el bien de mi familia. Fue un error que \u00e9l cometi\u00f3 cuando era joven, hace 10 a\u00f1os. Yo conf\u00edo plenamente en mi marido y tambi\u00e9n creo en las segundas oportunidades, \u00e9l est\u00e1 haciendo todo para resarcir el error que cometi\u00f3. Creo que todos somos merecedores de segundas oportunidades en todos los aspectos\u00bb, expres\u00f3. Con l\u00e1grimas, Grettell Valdez tambi\u00e9n coment\u00f3 que su esposo y ella est\u00e1n haciendo todo lo posible por mantener su matrimonio a pesar de la distancia que los separa. \u00abDesde hace tres a\u00f1os mi marido y yo nos hemos encargado en formar una familia, desde el respeto, la honestidad, la confianza, la admiraci\u00f3n pero sobre todo el amor\u2026 todos los d\u00edas trabajamos para construir un matrimonio s\u00f3lido y duradero, que ustedes saben perfectamente que no es nada f\u00e1cil\u00bb, coment\u00f3. La protagonista de \u00abLas amazonas\u00bb y \u00abLo imperdonable\u00bb tambi\u00e9n confes\u00f3 que la madre y sobrina de Leo se encuentran graves en el hospital debido al Covid-19. Por \u00faltimo, Grettell agradeci\u00f3 a toda la gente que la apoya y la hace m\u00e1s fuerte, expres\u00f3 que las muestras de cari\u00f1o por parte de su p\u00fablico son lo m\u00e1s importante para ella en estos momentos de incertidumbre. El video titulado \u00abGracias\u00bb, cuenta con m\u00e1s de 100 mil vistas y m\u00e1s de 500 comentarios, en los cuales sus fans y seguidores le expresan su amor y apoyo eterno a la actriz. [embedded content] rad&nbsp; Publicaci\u00f3n Original: https:\/\/www.eluniversal.com.mx\/espectaculos\/farandula\/grettell-valdez-cree-que-su-esposo-merece-una-segunda-oportunidad<\/p>\n","protected":false},"author":1,"featured_media":0,"comment_status":"open","ping_status":"closed","sticky":false,"template":"","format":"standard","meta":{"_monsterinsights_skip_tracking":false,"_uf_show_specific_survey":0,"_uf_disable_surveys":false,"footnotes":""},"categories":[36],"tags":[],"class_list":["post-16066","post","type-post","status-publish","format-standard","hentry","category-el-mundo"],"yoast_head":"<!-- This site is optimized with the Yoast SEO plugin v27.5 - https:\/\/yoast.com\/product\/yoast-seo-wordpress\/ -->\n<title>Grettell Valdez cree que su esposo merece una segunda oportunidad - Fer Abrajan<\/title>\n<meta name=\"robots\" content=\"index, follow, max-snippet:-1, max-image-preview:large, max-video-preview:-1\" \/>\n<link rel=\"canonical\" href=\"https:\/\/ferabrajan.com\/portal\/2020\/08\/01\/grettell-valdez-cree-que-su-esposo-merece-una-segunda-oportunidad\/\" \/>\n<meta property=\"og:locale\" content=\"es_ES\" \/>\n<meta property=\"og:type\" content=\"article\" \/>\n<meta property=\"og:title\" content=\"Grettell Valdez cree que su esposo merece una segunda oportunidad - Fer Abrajan\" \/>\n<meta property=\"og:description\" content=\"Hace unos d\u00edas se dio a conocer que el empresario, modelo y esposo de Grettell Valdez, Leo Clerc, hab\u00eda sido detenido en Suiza por fraude, lavado de dinero y falsificaci\u00f3n de tarjetas de cr\u00e9dito por un mill\u00f3n 700 mil francos suizos, adem\u00e1s que hab\u00eda sido sentenciado a 18 meses de prisi\u00f3n . Ante esta situaci\u00f3n la actriz decidi\u00f3 postear un video a su canal de YouTube, en donde rompi\u00f3 el silencio y confes\u00f3 estar enterada de lo que hac\u00eda su esposo, tambi\u00e9n dio a conocer que la madre y sobrina de Leo est\u00e1n muy graves debido al Covid-19. \u00abSobre el proceso jur\u00eddico, hace tres a\u00f1os, cuando conoc\u00ed a Leo, \u00e9l me inform\u00f3 sobre esta situaci\u00f3n. No quiero hablar mucho del tema por el bien de mi familia. Fue un error que \u00e9l cometi\u00f3 cuando era joven, hace 10 a\u00f1os. Yo conf\u00edo plenamente en mi marido y tambi\u00e9n creo en las segundas oportunidades, \u00e9l est\u00e1 haciendo todo para resarcir el error que cometi\u00f3. Creo que todos somos merecedores de segundas oportunidades en todos los aspectos\u00bb, expres\u00f3. Con l\u00e1grimas, Grettell Valdez tambi\u00e9n coment\u00f3 que su esposo y ella est\u00e1n haciendo todo lo posible por mantener su matrimonio a pesar de la distancia que los separa. \u00abDesde hace tres a\u00f1os mi marido y yo nos hemos encargado en formar una familia, desde el respeto, la honestidad, la confianza, la admiraci\u00f3n pero sobre todo el amor\u2026 todos los d\u00edas trabajamos para construir un matrimonio s\u00f3lido y duradero, que ustedes saben perfectamente que no es nada f\u00e1cil\u00bb, coment\u00f3. La protagonista de \u00abLas amazonas\u00bb y \u00abLo imperdonable\u00bb tambi\u00e9n confes\u00f3 que la madre y sobrina de Leo se encuentran graves en el hospital debido al Covid-19. Por \u00faltimo, Grettell agradeci\u00f3 a toda la gente que la apoya y la hace m\u00e1s fuerte, expres\u00f3 que las muestras de cari\u00f1o por parte de su p\u00fablico son lo m\u00e1s importante para ella en estos momentos de incertidumbre. El video titulado \u00abGracias\u00bb, cuenta con m\u00e1s de 100 mil vistas y m\u00e1s de 500 comentarios, en los cuales sus fans y seguidores le expresan su amor y apoyo eterno a la actriz. [embedded content] rad&nbsp; Publicaci\u00f3n Original: https:\/\/www.eluniversal.com.mx\/espectaculos\/farandula\/grettell-valdez-cree-que-su-esposo-merece-una-segunda-oportunidad\" \/>\n<meta property=\"og:url\" content=\"https:\/\/ferabrajan.com\/portal\/2020\/08\/01\/grettell-valdez-cree-que-su-esposo-merece-una-segunda-oportunidad\/\" \/>\n<meta property=\"og:site_name\" content=\"Fer Abrajan\" \/>\n<meta property=\"article:publisher\" content=\"https:\/\/www.facebook.com\/NoticiasconFerAbrajan\/\" \/>\n<meta property=\"article:published_time\" content=\"2020-08-01T14:45:00+00:00\" \/>\n<meta name=\"author\" content=\"admin\" \/>\n<meta name=\"twitter:card\" content=\"summary_large_image\" \/>\n<meta name=\"twitter:creator\" content=\"@ferabrajan1\" \/>\n<meta name=\"twitter:site\" content=\"@ferabrajan1\" \/>\n<meta name=\"twitter:label1\" content=\"Escrito por\" \/>\n\t<meta name=\"twitter:data1\" content=\"admin\" \/>\n\t<meta name=\"twitter:label2\" content=\"Tiempo de lectura\" \/>\n\t<meta name=\"twitter:data2\" content=\"2 minutos\" \/>\n<script type=\"application\/ld+json\" class=\"yoast-schema-graph\">{\"@context\":\"https:\\\/\\\/schema.org\",\"@graph\":[{\"@type\":\"Article\",\"@id\":\"https:\\\/\\\/ferabrajan.com\\\/portal\\\/2020\\\/08\\\/01\\\/grettell-valdez-cree-que-su-esposo-merece-una-segunda-oportunidad\\\/#article\",\"isPartOf\":{\"@id\":\"https:\\\/\\\/ferabrajan.com\\\/portal\\\/2020\\\/08\\\/01\\\/grettell-valdez-cree-que-su-esposo-merece-una-segunda-oportunidad\\\/\"},\"author\":{\"name\":\"admin\",\"@id\":\"https:\\\/\\\/ferabrajan.com\\\/portal\\\/#\\\/schema\\\/person\\\/f6113b3cb1e036d5c6a9505685b257ba\"},\"headline\":\"Grettell Valdez cree que su esposo merece una segunda oportunidad\",\"datePublished\":\"2020-08-01T14:45:00+00:00\",\"mainEntityOfPage\":{\"@id\":\"https:\\\/\\\/ferabrajan.com\\\/portal\\\/2020\\\/08\\\/01\\\/grettell-valdez-cree-que-su-esposo-merece-una-segunda-oportunidad\\\/\"},\"wordCount\":402,\"commentCount\":0,\"publisher\":{\"@id\":\"https:\\\/\\\/ferabrajan.com\\\/portal\\\/#organization\"},\"articleSection\":[\"El Mundo\"],\"inLanguage\":\"es\"},{\"@type\":\"WebPage\",\"@id\":\"https:\\\/\\\/ferabrajan.com\\\/portal\\\/2020\\\/08\\\/01\\\/grettell-valdez-cree-que-su-esposo-merece-una-segunda-oportunidad\\\/\",\"url\":\"https:\\\/\\\/ferabrajan.com\\\/portal\\\/2020\\\/08\\\/01\\\/grettell-valdez-cree-que-su-esposo-merece-una-segunda-oportunidad\\\/\",\"name\":\"Grettell Valdez cree que su esposo merece una segunda oportunidad - Fer Abrajan\",\"isPartOf\":{\"@id\":\"https:\\\/\\\/ferabrajan.com\\\/portal\\\/#website\"},\"datePublished\":\"2020-08-01T14:45:00+00:00\",\"breadcrumb\":{\"@id\":\"https:\\\/\\\/ferabrajan.com\\\/portal\\\/2020\\\/08\\\/01\\\/grettell-valdez-cree-que-su-esposo-merece-una-segunda-oportunidad\\\/#breadcrumb\"},\"inLanguage\":\"es\",\"potentialAction\":[{\"@type\":\"ReadAction\",\"target\":[\"https:\\\/\\\/ferabrajan.com\\\/portal\\\/2020\\\/08\\\/01\\\/grettell-valdez-cree-que-su-esposo-merece-una-segunda-oportunidad\\\/\"]}]},{\"@type\":\"BreadcrumbList\",\"@id\":\"https:\\\/\\\/ferabrajan.com\\\/portal\\\/2020\\\/08\\\/01\\\/grettell-valdez-cree-que-su-esposo-merece-una-segunda-oportunidad\\\/#breadcrumb\",\"itemListElement\":[{\"@type\":\"ListItem\",\"position\":1,\"name\":\"Portada\",\"item\":\"https:\\\/\\\/ferabrajan.com\\\/portal\\\/\"},{\"@type\":\"ListItem\",\"position\":2,\"name\":\"Grettell Valdez cree que su esposo merece una segunda oportunidad\"}]},{\"@type\":\"WebSite\",\"@id\":\"https:\\\/\\\/ferabrajan.com\\\/portal\\\/#website\",\"url\":\"https:\\\/\\\/ferabrajan.com\\\/portal\\\/\",\"name\":\"Fer Abrajan\",\"description\":\"Noticias de Puebla, opini\u00f3n y radio en vivo\",\"publisher\":{\"@id\":\"https:\\\/\\\/ferabrajan.com\\\/portal\\\/#organization\"},\"potentialAction\":[{\"@type\":\"SearchAction\",\"target\":{\"@type\":\"EntryPoint\",\"urlTemplate\":\"https:\\\/\\\/ferabrajan.com\\\/portal\\\/?s={search_term_string}\"},\"query-input\":{\"@type\":\"PropertyValueSpecification\",\"valueRequired\":true,\"valueName\":\"search_term_string\"}}],\"inLanguage\":\"es\"},{\"@type\":\"Organization\",\"@id\":\"https:\\\/\\\/ferabrajan.com\\\/portal\\\/#organization\",\"name\":\"Fer Abrajan\",\"url\":\"https:\\\/\\\/ferabrajan.com\\\/portal\\\/\",\"logo\":{\"@type\":\"ImageObject\",\"inLanguage\":\"es\",\"@id\":\"https:\\\/\\\/ferabrajan.com\\\/portal\\\/#\\\/schema\\\/logo\\\/image\\\/\",\"url\":\"https:\\\/\\\/ferabrajan.com\\\/portal\\\/wp-content\\\/uploads\\\/2024\\\/10\\\/cropped-logo.jpeg\",\"contentUrl\":\"https:\\\/\\\/ferabrajan.com\\\/portal\\\/wp-content\\\/uploads\\\/2024\\\/10\\\/cropped-logo.jpeg\",\"width\":500,\"height\":250,\"caption\":\"Fer Abrajan\"},\"image\":{\"@id\":\"https:\\\/\\\/ferabrajan.com\\\/portal\\\/#\\\/schema\\\/logo\\\/image\\\/\"},\"sameAs\":[\"https:\\\/\\\/www.facebook.com\\\/NoticiasconFerAbrajan\\\/\",\"https:\\\/\\\/x.com\\\/ferabrajan1\"]},{\"@type\":\"Person\",\"@id\":\"https:\\\/\\\/ferabrajan.com\\\/portal\\\/#\\\/schema\\\/person\\\/f6113b3cb1e036d5c6a9505685b257ba\",\"name\":\"admin\",\"image\":{\"@type\":\"ImageObject\",\"inLanguage\":\"es\",\"@id\":\"https:\\\/\\\/secure.gravatar.com\\\/avatar\\\/072baa72775aad53c748dfc5d3048578e01b6c087eef335459ebfa04344e2d18?s=96&d=mm&r=g\",\"url\":\"https:\\\/\\\/secure.gravatar.com\\\/avatar\\\/072baa72775aad53c748dfc5d3048578e01b6c087eef335459ebfa04344e2d18?s=96&d=mm&r=g\",\"contentUrl\":\"https:\\\/\\\/secure.gravatar.com\\\/avatar\\\/072baa72775aad53c748dfc5d3048578e01b6c087eef335459ebfa04344e2d18?s=96&d=mm&r=g\",\"caption\":\"admin\"},\"sameAs\":[\"https:\\\/\\\/ferabrajan.com\\\/portal\"],\"url\":\"https:\\\/\\\/ferabrajan.com\\\/portal\\\/author\\\/admin\\\/\"}]}<\/script>\n<!-- \/ Yoast SEO plugin. -->","yoast_head_json":{"title":"Grettell Valdez cree que su esposo merece una segunda oportunidad - Fer Abrajan","robots":{"index":"index","follow":"follow","max-snippet":"max-snippet:-1","max-image-preview":"max-image-preview:large","max-video-preview":"max-video-preview:-1"},"canonical":"https:\/\/ferabrajan.com\/portal\/2020\/08\/01\/grettell-valdez-cree-que-su-esposo-merece-una-segunda-oportunidad\/","og_locale":"es_ES","og_type":"article","og_title":"Grettell Valdez cree que su esposo merece una segunda oportunidad - Fer Abrajan","og_description":"Hace unos d\u00edas se dio a conocer que el empresario, modelo y esposo de Grettell Valdez, Leo Clerc, hab\u00eda sido detenido en Suiza por fraude, lavado de dinero y falsificaci\u00f3n de tarjetas de cr\u00e9dito por un mill\u00f3n 700 mil francos suizos, adem\u00e1s que hab\u00eda sido sentenciado a 18 meses de prisi\u00f3n . Ante esta situaci\u00f3n la actriz decidi\u00f3 postear un video a su canal de YouTube, en donde rompi\u00f3 el silencio y confes\u00f3 estar enterada de lo que hac\u00eda su esposo, tambi\u00e9n dio a conocer que la madre y sobrina de Leo est\u00e1n muy graves debido al Covid-19. \u00abSobre el proceso jur\u00eddico, hace tres a\u00f1os, cuando conoc\u00ed a Leo, \u00e9l me inform\u00f3 sobre esta situaci\u00f3n. No quiero hablar mucho del tema por el bien de mi familia. Fue un error que \u00e9l cometi\u00f3 cuando era joven, hace 10 a\u00f1os. Yo conf\u00edo plenamente en mi marido y tambi\u00e9n creo en las segundas oportunidades, \u00e9l est\u00e1 haciendo todo para resarcir el error que cometi\u00f3. Creo que todos somos merecedores de segundas oportunidades en todos los aspectos\u00bb, expres\u00f3. Con l\u00e1grimas, Grettell Valdez tambi\u00e9n coment\u00f3 que su esposo y ella est\u00e1n haciendo todo lo posible por mantener su matrimonio a pesar de la distancia que los separa. \u00abDesde hace tres a\u00f1os mi marido y yo nos hemos encargado en formar una familia, desde el respeto, la honestidad, la confianza, la admiraci\u00f3n pero sobre todo el amor\u2026 todos los d\u00edas trabajamos para construir un matrimonio s\u00f3lido y duradero, que ustedes saben perfectamente que no es nada f\u00e1cil\u00bb, coment\u00f3. La protagonista de \u00abLas amazonas\u00bb y \u00abLo imperdonable\u00bb tambi\u00e9n confes\u00f3 que la madre y sobrina de Leo se encuentran graves en el hospital debido al Covid-19. Por \u00faltimo, Grettell agradeci\u00f3 a toda la gente que la apoya y la hace m\u00e1s fuerte, expres\u00f3 que las muestras de cari\u00f1o por parte de su p\u00fablico son lo m\u00e1s importante para ella en estos momentos de incertidumbre. El video titulado \u00abGracias\u00bb, cuenta con m\u00e1s de 100 mil vistas y m\u00e1s de 500 comentarios, en los cuales sus fans y seguidores le expresan su amor y apoyo eterno a la actriz. [embedded content] rad&nbsp; Publicaci\u00f3n Original: https:\/\/www.eluniversal.com.mx\/espectaculos\/farandula\/grettell-valdez-cree-que-su-esposo-merece-una-segunda-oportunidad","og_url":"https:\/\/ferabrajan.com\/portal\/2020\/08\/01\/grettell-valdez-cree-que-su-esposo-merece-una-segunda-oportunidad\/","og_site_name":"Fer Abrajan","article_publisher":"https:\/\/www.facebook.com\/NoticiasconFerAbrajan\/","article_published_time":"2020-08-01T14:45:00+00:00","author":"admin","twitter_card":"summary_large_image","twitter_creator":"@ferabrajan1","twitter_site":"@ferabrajan1","twitter_misc":{"Escrito por":"admin","Tiempo de lectura":"2 minutos"},"schema":{"@context":"https:\/\/schema.org","@graph":[{"@type":"Article","@id":"https:\/\/ferabrajan.com\/portal\/2020\/08\/01\/grettell-valdez-cree-que-su-esposo-merece-una-segunda-oportunidad\/#article","isPartOf":{"@id":"https:\/\/ferabrajan.com\/portal\/2020\/08\/01\/grettell-valdez-cree-que-su-esposo-merece-una-segunda-oportunidad\/"},"author":{"name":"admin","@id":"https:\/\/ferabrajan.com\/portal\/#\/schema\/person\/f6113b3cb1e036d5c6a9505685b257ba"},"headline":"Grettell Valdez cree que su esposo merece una segunda oportunidad","datePublished":"2020-08-01T14:45:00+00:00","mainEntityOfPage":{"@id":"https:\/\/ferabrajan.com\/portal\/2020\/08\/01\/grettell-valdez-cree-que-su-esposo-merece-una-segunda-oportunidad\/"},"wordCount":402,"commentCount":0,"publisher":{"@id":"https:\/\/ferabrajan.com\/portal\/#organization"},"articleSection":["El Mundo"],"inLanguage":"es"},{"@type":"WebPage","@id":"https:\/\/ferabrajan.com\/portal\/2020\/08\/01\/grettell-valdez-cree-que-su-esposo-merece-una-segunda-oportunidad\/","url":"https:\/\/ferabrajan.com\/portal\/2020\/08\/01\/grettell-valdez-cree-que-su-esposo-merece-una-segunda-oportunidad\/","name":"Grettell Valdez cree que su esposo merece una segunda oportunidad - Fer Abrajan","isPartOf":{"@id":"https:\/\/ferabrajan.com\/portal\/#website"},"datePublished":"2020-08-01T14:45:00+00:00","breadcrumb":{"@id":"https:\/\/ferabrajan.com\/portal\/2020\/08\/01\/grettell-valdez-cree-que-su-esposo-merece-una-segunda-oportunidad\/#breadcrumb"},"inLanguage":"es","potentialAction":[{"@type":"ReadAction","target":["https:\/\/ferabrajan.com\/portal\/2020\/08\/01\/grettell-valdez-cree-que-su-esposo-merece-una-segunda-oportunidad\/"]}]},{"@type":"BreadcrumbList","@id":"https:\/\/ferabrajan.com\/portal\/2020\/08\/01\/grettell-valdez-cree-que-su-esposo-merece-una-segunda-oportunidad\/#breadcrumb","itemListElement":[{"@type":"ListItem","position":1,"name":"Portada","item":"https:\/\/ferabrajan.com\/portal\/"},{"@type":"ListItem","position":2,"name":"Grettell Valdez cree que su esposo merece una segunda oportunidad"}]},{"@type":"WebSite","@id":"https:\/\/ferabrajan.com\/portal\/#website","url":"https:\/\/ferabrajan.com\/portal\/","name":"Fer Abrajan","description":"Noticias de Puebla, opini\u00f3n y radio en vivo","publisher":{"@id":"https:\/\/ferabrajan.com\/portal\/#organization"},"potentialAction":[{"@type":"SearchAction","target":{"@type":"EntryPoint","urlTemplate":"https:\/\/ferabrajan.com\/portal\/?s={search_term_string}"},"query-input":{"@type":"PropertyValueSpecification","valueRequired":true,"valueName":"search_term_string"}}],"inLanguage":"es"},{"@type":"Organization","@id":"https:\/\/ferabrajan.com\/portal\/#organization","name":"Fer Abrajan","url":"https:\/\/ferabrajan.com\/portal\/","logo":{"@type":"ImageObject","inLanguage":"es","@id":"https:\/\/ferabrajan.com\/portal\/#\/schema\/logo\/image\/","url":"https:\/\/ferabrajan.com\/portal\/wp-content\/uploads\/2024\/10\/cropped-logo.jpeg","contentUrl":"https:\/\/ferabrajan.com\/portal\/wp-content\/uploads\/2024\/10\/cropped-logo.jpeg","width":500,"height":250,"caption":"Fer Abrajan"},"image":{"@id":"https:\/\/ferabrajan.com\/portal\/#\/schema\/logo\/image\/"},"sameAs":["https:\/\/www.facebook.com\/NoticiasconFerAbrajan\/","https:\/\/x.com\/ferabrajan1"]},{"@type":"Person","@id":"https:\/\/ferabrajan.com\/portal\/#\/schema\/person\/f6113b3cb1e036d5c6a9505685b257ba","name":"admin","image":{"@type":"ImageObject","inLanguage":"es","@id":"https:\/\/secure.gravatar.com\/avatar\/072baa72775aad53c748dfc5d3048578e01b6c087eef335459ebfa04344e2d18?s=96&d=mm&r=g","url":"https:\/\/secure.gravatar.com\/avatar\/072baa72775aad53c748dfc5d3048578e01b6c087eef335459ebfa04344e2d18?s=96&d=mm&r=g","contentUrl":"https:\/\/secure.gravatar.com\/avatar\/072baa72775aad53c748dfc5d3048578e01b6c087eef335459ebfa04344e2d18?s=96&d=mm&r=g","caption":"admin"},"sameAs":["https:\/\/ferabrajan.com\/portal"],"url":"https:\/\/ferabrajan.com\/portal\/author\/admin\/"}]}},"_links":{"self":[{"href":"https:\/\/ferabrajan.com\/portal\/wp-json\/wp\/v2\/posts\/16066","targetHints":{"allow":["GET"]}}],"collection":[{"href":"https:\/\/ferabrajan.com\/portal\/wp-json\/wp\/v2\/posts"}],"about":[{"href":"https:\/\/ferabrajan.com\/portal\/wp-json\/wp\/v2\/types\/post"}],"author":[{"embeddable":true,"href":"https:\/\/ferabrajan.com\/portal\/wp-json\/wp\/v2\/users\/1"}],"replies":[{"embeddable":true,"href":"https:\/\/ferabrajan.com\/portal\/wp-json\/wp\/v2\/comments?post=16066"}],"version-history":[{"count":0,"href":"https:\/\/ferabrajan.com\/portal\/wp-json\/wp\/v2\/posts\/16066\/revisions"}],"wp:attachment":[{"href":"https:\/\/ferabrajan.com\/portal\/wp-json\/wp\/v2\/media?parent=16066"}],"wp:term":[{"taxonomy":"category","embeddable":true,"href":"https:\/\/ferabrajan.com\/portal\/wp-json\/wp\/v2\/categories?post=16066"},{"taxonomy":"post_tag","embeddable":true,"href":"https:\/\/ferabrajan.com\/portal\/wp-json\/wp\/v2\/tags?post=16066"}],"curies":[{"name":"wp","href":"https:\/\/api.w.org\/{rel}","templated":true}]}}