{"id":16051,"date":"2020-08-01T17:23:55","date_gmt":"2020-08-01T17:23:55","guid":{"rendered":"https:\/\/www.elsoldepuebla.com.mx\/finanzas\/restauranteros-castigan-a-uberts-eats-se-van-a-didi-food-puebla-canirac-5569545.html"},"modified":"2020-08-01T17:23:55","modified_gmt":"2020-08-01T17:23:55","slug":"restauranteros-castigan-a-uberts-eats-se-van-a-didi-food","status":"publish","type":"post","link":"https:\/\/ferabrajan.com\/portal\/2020\/08\/01\/restauranteros-castigan-a-uberts-eats-se-van-a-didi-food\/","title":{"rendered":"Restauranteros \u201ccastigan\u201d a Uberts Eats, se van a DiDi Food"},"content":{"rendered":"<div><img decoding=\"async\" src=\"https:\/\/www.elsoldepuebla.com.mx\/local\/9tkvig-uber-eats.jpg\/ALTERNATES\/LANDSCAPE_1140\/Uber%20Eats.jpg\" class=\"ff-og-image-inserted\"><\/div>\n<p>A partir de este s\u00e1bado, los negocios afiliados La C\u00e1mara Nacional de la Industria Restaurantera y Alimentos Condimentados (Canirac) ofertar\u00e1n su men\u00fa en la aplicaci\u00f3n de DiDi Food, la cual ofrece una tasa menor de comisi\u00f3n que Uber Eats.<\/p>\n<p>Olga M\u00e9ndez, presidenta en Puebla de la Canirac, revel\u00f3 que al menos el 20 por ciento de sus sucios se dieron de baja de Uber Eats como \u201ccastigo\u201d por la elevada comisi\u00f3n que representa el uso de su plataforma, dejando pocos ingresos a los due\u00f1os de comercios, as\u00ed como los repartidores.<\/p>\n<p>Por la contingencia sanitaria por coronavirus, m\u00e1s del 50 por ciento de los restaurantes adheridos a la C\u00e1mara se inscribieron a las plataformas en l\u00ednea, para entregas a domicilios, en las que tambi\u00e9n est\u00e1 Rappi, Sin Dental, por mencionar algunas.<\/p>\n<article class=\"finanzas media col-md-4 inline-story\"> <\/article>\n<p>Ante el anuncio de la llegada de DiDi Food, inform\u00f3 que se estableci\u00f3 de acuerdo de un pago de comisi\u00f3n del 22 por ciento por los pr\u00f3ximos tres meses. En tanto, con Uber Eats, la comisi\u00f3n corresponde al 30 por ciento.<\/p>\n<p>\u201cMuchos se est\u00e1n adhiriendo a ellos (DiDi Food) se est\u00e1n dando de baja en la plataforma de Uber, a lo mejor es la que tiene mayor presencia, m\u00e1s representaci\u00f3n, m\u00e1s buscada, pero sin duda es la m\u00e1s cara, en castigo, desde principios de julio se han dado de baja\u201d, dijo.<\/p>\n<p>M\u00e9ndez se\u00f1al\u00f3 que tambi\u00e9n los due\u00f1os de los comercios han decidido crear sus propias estrategias de venta en l\u00ednea para entregar a domicilio, para mantener empleos en diversos comercios.<\/p>\n<article class=\"finanzas media col-md-4 inline-story\"> <\/article>\n<article class=\"finanzas media col-md-4 inline-story\"> <\/article>\n<article class=\"finanzas media col-md-4 inline-story\"> <\/article>\n<p>Publicaci\u00f3n Original: <a href=\"https:\/\/www.elsoldepuebla.com.mx\/finanzas\/restauranteros-castigan-a-uberts-eats-se-van-a-didi-food-puebla-canirac-5569545.html\" target=\"_blank\" rel=\"noopener noreferrer\">https:\/\/www.elsoldepuebla.com.mx\/finanzas\/restauranteros-castigan-a-uberts-eats-se-van-a-didi-food-puebla-canirac-5569545.html<\/a><\/p>\n","protected":false},"excerpt":{"rendered":"<p>A partir de este s\u00e1bado, los negocios afiliados La C\u00e1mara Nacional de la Industria Restaurantera y Alimentos Condimentados (Canirac) ofertar\u00e1n su men\u00fa en la aplicaci\u00f3n de DiDi Food, la cual ofrece una tasa menor de comisi\u00f3n que Uber Eats. Olga M\u00e9ndez, presidenta en Puebla de la Canirac, revel\u00f3 que al menos el 20 por ciento de sus sucios se dieron de baja de Uber Eats como \u201ccastigo\u201d por la elevada comisi\u00f3n que representa el uso de su plataforma, dejando pocos ingresos a los due\u00f1os de comercios, as\u00ed como los repartidores. Por la contingencia sanitaria por coronavirus, m\u00e1s del 50 por ciento de los restaurantes adheridos a la C\u00e1mara se inscribieron a las plataformas en l\u00ednea, para entregas a domicilios, en las que tambi\u00e9n est\u00e1 Rappi, Sin Dental, por mencionar algunas. Ante el anuncio de la llegada de DiDi Food, inform\u00f3 que se estableci\u00f3 de acuerdo de un pago de comisi\u00f3n del 22 por ciento por los pr\u00f3ximos tres meses. En tanto, con Uber Eats, la comisi\u00f3n corresponde al 30 por ciento. \u201cMuchos se est\u00e1n adhiriendo a ellos (DiDi Food) se est\u00e1n dando de baja en la plataforma de Uber, a lo mejor es la que tiene mayor presencia, m\u00e1s representaci\u00f3n, m\u00e1s buscada, pero sin duda es la m\u00e1s cara, en castigo, desde principios de julio se han dado de baja\u201d, dijo. M\u00e9ndez se\u00f1al\u00f3 que tambi\u00e9n los due\u00f1os de los comercios han decidido crear sus propias estrategias de venta en l\u00ednea para entregar a domicilio, para mantener empleos en diversos comercios. Publicaci\u00f3n Original: https:\/\/www.elsoldepuebla.com.mx\/finanzas\/restauranteros-castigan-a-uberts-eats-se-van-a-didi-food-puebla-canirac-5569545.html<\/p>\n","protected":false},"author":1,"featured_media":16055,"comment_status":"closed","ping_status":"closed","sticky":false,"template":"","format":"standard","meta":{"_monsterinsights_skip_tracking":false,"_uf_show_specific_survey":0,"_uf_disable_surveys":false,"footnotes":""},"categories":[34],"tags":[],"class_list":["post-16051","post","type-post","status-publish","format-standard","has-post-thumbnail","hentry","category-puebla"],"yoast_head":"<!-- This site is optimized with the Yoast SEO plugin v27.5 - https:\/\/yoast.com\/product\/yoast-seo-wordpress\/ -->\n<title>Restauranteros \u201ccastigan\u201d a Uberts Eats, se van a DiDi Food - Fer Abrajan<\/title>\n<meta name=\"robots\" content=\"index, follow, max-snippet:-1, max-image-preview:large, max-video-preview:-1\" \/>\n<link rel=\"canonical\" href=\"https:\/\/ferabrajan.com\/portal\/2020\/08\/01\/restauranteros-castigan-a-uberts-eats-se-van-a-didi-food\/\" \/>\n<meta property=\"og:locale\" content=\"es_ES\" \/>\n<meta property=\"og:type\" content=\"article\" \/>\n<meta property=\"og:title\" content=\"Restauranteros \u201ccastigan\u201d a Uberts Eats, se van a DiDi Food - Fer Abrajan\" \/>\n<meta property=\"og:description\" content=\"A partir de este s\u00e1bado, los negocios afiliados La C\u00e1mara Nacional de la Industria Restaurantera y Alimentos Condimentados (Canirac) ofertar\u00e1n su men\u00fa en la aplicaci\u00f3n de DiDi Food, la cual ofrece una tasa menor de comisi\u00f3n que Uber Eats. Olga M\u00e9ndez, presidenta en Puebla de la Canirac, revel\u00f3 que al menos el 20 por ciento de sus sucios se dieron de baja de Uber Eats como \u201ccastigo\u201d por la elevada comisi\u00f3n que representa el uso de su plataforma, dejando pocos ingresos a los due\u00f1os de comercios, as\u00ed como los repartidores. Por la contingencia sanitaria por coronavirus, m\u00e1s del 50 por ciento de los restaurantes adheridos a la C\u00e1mara se inscribieron a las plataformas en l\u00ednea, para entregas a domicilios, en las que tambi\u00e9n est\u00e1 Rappi, Sin Dental, por mencionar algunas. Ante el anuncio de la llegada de DiDi Food, inform\u00f3 que se estableci\u00f3 de acuerdo de un pago de comisi\u00f3n del 22 por ciento por los pr\u00f3ximos tres meses. En tanto, con Uber Eats, la comisi\u00f3n corresponde al 30 por ciento. \u201cMuchos se est\u00e1n adhiriendo a ellos (DiDi Food) se est\u00e1n dando de baja en la plataforma de Uber, a lo mejor es la que tiene mayor presencia, m\u00e1s representaci\u00f3n, m\u00e1s buscada, pero sin duda es la m\u00e1s cara, en castigo, desde principios de julio se han dado de baja\u201d, dijo. M\u00e9ndez se\u00f1al\u00f3 que tambi\u00e9n los due\u00f1os de los comercios han decidido crear sus propias estrategias de venta en l\u00ednea para entregar a domicilio, para mantener empleos en diversos comercios. Publicaci\u00f3n Original: https:\/\/www.elsoldepuebla.com.mx\/finanzas\/restauranteros-castigan-a-uberts-eats-se-van-a-didi-food-puebla-canirac-5569545.html\" \/>\n<meta property=\"og:url\" content=\"https:\/\/ferabrajan.com\/portal\/2020\/08\/01\/restauranteros-castigan-a-uberts-eats-se-van-a-didi-food\/\" \/>\n<meta property=\"og:site_name\" content=\"Fer Abrajan\" \/>\n<meta property=\"article:publisher\" content=\"https:\/\/www.facebook.com\/NoticiasconFerAbrajan\/\" \/>\n<meta property=\"article:published_time\" content=\"2020-08-01T17:23:55+00:00\" \/>\n<meta name=\"author\" content=\"admin\" \/>\n<meta name=\"twitter:card\" content=\"summary_large_image\" \/>\n<meta name=\"twitter:creator\" content=\"@ferabrajan1\" \/>\n<meta name=\"twitter:site\" content=\"@ferabrajan1\" \/>\n<meta name=\"twitter:label1\" content=\"Escrito por\" \/>\n\t<meta name=\"twitter:data1\" content=\"admin\" \/>\n\t<meta name=\"twitter:label2\" content=\"Tiempo de lectura\" \/>\n\t<meta name=\"twitter:data2\" content=\"1 minuto\" \/>\n<script type=\"application\/ld+json\" class=\"yoast-schema-graph\">{\"@context\":\"https:\\\/\\\/schema.org\",\"@graph\":[{\"@type\":\"Article\",\"@id\":\"https:\\\/\\\/ferabrajan.com\\\/portal\\\/2020\\\/08\\\/01\\\/restauranteros-castigan-a-uberts-eats-se-van-a-didi-food\\\/#article\",\"isPartOf\":{\"@id\":\"https:\\\/\\\/ferabrajan.com\\\/portal\\\/2020\\\/08\\\/01\\\/restauranteros-castigan-a-uberts-eats-se-van-a-didi-food\\\/\"},\"author\":{\"name\":\"admin\",\"@id\":\"https:\\\/\\\/ferabrajan.com\\\/portal\\\/#\\\/schema\\\/person\\\/f6113b3cb1e036d5c6a9505685b257ba\"},\"headline\":\"Restauranteros \u201ccastigan\u201d a Uberts Eats, se van a DiDi Food\",\"datePublished\":\"2020-08-01T17:23:55+00:00\",\"mainEntityOfPage\":{\"@id\":\"https:\\\/\\\/ferabrajan.com\\\/portal\\\/2020\\\/08\\\/01\\\/restauranteros-castigan-a-uberts-eats-se-van-a-didi-food\\\/\"},\"wordCount\":293,\"publisher\":{\"@id\":\"https:\\\/\\\/ferabrajan.com\\\/portal\\\/#organization\"},\"image\":{\"@id\":\"https:\\\/\\\/ferabrajan.com\\\/portal\\\/2020\\\/08\\\/01\\\/restauranteros-castigan-a-uberts-eats-se-van-a-didi-food\\\/#primaryimage\"},\"thumbnailUrl\":\"\",\"articleSection\":[\"Puebla\"],\"inLanguage\":\"es\"},{\"@type\":\"WebPage\",\"@id\":\"https:\\\/\\\/ferabrajan.com\\\/portal\\\/2020\\\/08\\\/01\\\/restauranteros-castigan-a-uberts-eats-se-van-a-didi-food\\\/\",\"url\":\"https:\\\/\\\/ferabrajan.com\\\/portal\\\/2020\\\/08\\\/01\\\/restauranteros-castigan-a-uberts-eats-se-van-a-didi-food\\\/\",\"name\":\"Restauranteros \u201ccastigan\u201d a Uberts Eats, se van a DiDi Food - Fer Abrajan\",\"isPartOf\":{\"@id\":\"https:\\\/\\\/ferabrajan.com\\\/portal\\\/#website\"},\"primaryImageOfPage\":{\"@id\":\"https:\\\/\\\/ferabrajan.com\\\/portal\\\/2020\\\/08\\\/01\\\/restauranteros-castigan-a-uberts-eats-se-van-a-didi-food\\\/#primaryimage\"},\"image\":{\"@id\":\"https:\\\/\\\/ferabrajan.com\\\/portal\\\/2020\\\/08\\\/01\\\/restauranteros-castigan-a-uberts-eats-se-van-a-didi-food\\\/#primaryimage\"},\"thumbnailUrl\":\"\",\"datePublished\":\"2020-08-01T17:23:55+00:00\",\"breadcrumb\":{\"@id\":\"https:\\\/\\\/ferabrajan.com\\\/portal\\\/2020\\\/08\\\/01\\\/restauranteros-castigan-a-uberts-eats-se-van-a-didi-food\\\/#breadcrumb\"},\"inLanguage\":\"es\",\"potentialAction\":[{\"@type\":\"ReadAction\",\"target\":[\"https:\\\/\\\/ferabrajan.com\\\/portal\\\/2020\\\/08\\\/01\\\/restauranteros-castigan-a-uberts-eats-se-van-a-didi-food\\\/\"]}]},{\"@type\":\"ImageObject\",\"inLanguage\":\"es\",\"@id\":\"https:\\\/\\\/ferabrajan.com\\\/portal\\\/2020\\\/08\\\/01\\\/restauranteros-castigan-a-uberts-eats-se-van-a-didi-food\\\/#primaryimage\",\"url\":\"\",\"contentUrl\":\"\"},{\"@type\":\"BreadcrumbList\",\"@id\":\"https:\\\/\\\/ferabrajan.com\\\/portal\\\/2020\\\/08\\\/01\\\/restauranteros-castigan-a-uberts-eats-se-van-a-didi-food\\\/#breadcrumb\",\"itemListElement\":[{\"@type\":\"ListItem\",\"position\":1,\"name\":\"Portada\",\"item\":\"https:\\\/\\\/ferabrajan.com\\\/portal\\\/\"},{\"@type\":\"ListItem\",\"position\":2,\"name\":\"Restauranteros \u201ccastigan\u201d a Uberts Eats, se van a DiDi Food\"}]},{\"@type\":\"WebSite\",\"@id\":\"https:\\\/\\\/ferabrajan.com\\\/portal\\\/#website\",\"url\":\"https:\\\/\\\/ferabrajan.com\\\/portal\\\/\",\"name\":\"Fer Abrajan\",\"description\":\"Noticias de Puebla, opini\u00f3n y radio en vivo\",\"publisher\":{\"@id\":\"https:\\\/\\\/ferabrajan.com\\\/portal\\\/#organization\"},\"potentialAction\":[{\"@type\":\"SearchAction\",\"target\":{\"@type\":\"EntryPoint\",\"urlTemplate\":\"https:\\\/\\\/ferabrajan.com\\\/portal\\\/?s={search_term_string}\"},\"query-input\":{\"@type\":\"PropertyValueSpecification\",\"valueRequired\":true,\"valueName\":\"search_term_string\"}}],\"inLanguage\":\"es\"},{\"@type\":\"Organization\",\"@id\":\"https:\\\/\\\/ferabrajan.com\\\/portal\\\/#organization\",\"name\":\"Fer Abrajan\",\"url\":\"https:\\\/\\\/ferabrajan.com\\\/portal\\\/\",\"logo\":{\"@type\":\"ImageObject\",\"inLanguage\":\"es\",\"@id\":\"https:\\\/\\\/ferabrajan.com\\\/portal\\\/#\\\/schema\\\/logo\\\/image\\\/\",\"url\":\"https:\\\/\\\/ferabrajan.com\\\/portal\\\/wp-content\\\/uploads\\\/2024\\\/10\\\/cropped-logo.jpeg\",\"contentUrl\":\"https:\\\/\\\/ferabrajan.com\\\/portal\\\/wp-content\\\/uploads\\\/2024\\\/10\\\/cropped-logo.jpeg\",\"width\":500,\"height\":250,\"caption\":\"Fer Abrajan\"},\"image\":{\"@id\":\"https:\\\/\\\/ferabrajan.com\\\/portal\\\/#\\\/schema\\\/logo\\\/image\\\/\"},\"sameAs\":[\"https:\\\/\\\/www.facebook.com\\\/NoticiasconFerAbrajan\\\/\",\"https:\\\/\\\/x.com\\\/ferabrajan1\"]},{\"@type\":\"Person\",\"@id\":\"https:\\\/\\\/ferabrajan.com\\\/portal\\\/#\\\/schema\\\/person\\\/f6113b3cb1e036d5c6a9505685b257ba\",\"name\":\"admin\",\"image\":{\"@type\":\"ImageObject\",\"inLanguage\":\"es\",\"@id\":\"https:\\\/\\\/secure.gravatar.com\\\/avatar\\\/072baa72775aad53c748dfc5d3048578e01b6c087eef335459ebfa04344e2d18?s=96&d=mm&r=g\",\"url\":\"https:\\\/\\\/secure.gravatar.com\\\/avatar\\\/072baa72775aad53c748dfc5d3048578e01b6c087eef335459ebfa04344e2d18?s=96&d=mm&r=g\",\"contentUrl\":\"https:\\\/\\\/secure.gravatar.com\\\/avatar\\\/072baa72775aad53c748dfc5d3048578e01b6c087eef335459ebfa04344e2d18?s=96&d=mm&r=g\",\"caption\":\"admin\"},\"sameAs\":[\"https:\\\/\\\/ferabrajan.com\\\/portal\"],\"url\":\"https:\\\/\\\/ferabrajan.com\\\/portal\\\/author\\\/admin\\\/\"}]}<\/script>\n<!-- \/ Yoast SEO plugin. -->","yoast_head_json":{"title":"Restauranteros \u201ccastigan\u201d a Uberts Eats, se van a DiDi Food - Fer Abrajan","robots":{"index":"index","follow":"follow","max-snippet":"max-snippet:-1","max-image-preview":"max-image-preview:large","max-video-preview":"max-video-preview:-1"},"canonical":"https:\/\/ferabrajan.com\/portal\/2020\/08\/01\/restauranteros-castigan-a-uberts-eats-se-van-a-didi-food\/","og_locale":"es_ES","og_type":"article","og_title":"Restauranteros \u201ccastigan\u201d a Uberts Eats, se van a DiDi Food - Fer Abrajan","og_description":"A partir de este s\u00e1bado, los negocios afiliados La C\u00e1mara Nacional de la Industria Restaurantera y Alimentos Condimentados (Canirac) ofertar\u00e1n su men\u00fa en la aplicaci\u00f3n de DiDi Food, la cual ofrece una tasa menor de comisi\u00f3n que Uber Eats. Olga M\u00e9ndez, presidenta en Puebla de la Canirac, revel\u00f3 que al menos el 20 por ciento de sus sucios se dieron de baja de Uber Eats como \u201ccastigo\u201d por la elevada comisi\u00f3n que representa el uso de su plataforma, dejando pocos ingresos a los due\u00f1os de comercios, as\u00ed como los repartidores. Por la contingencia sanitaria por coronavirus, m\u00e1s del 50 por ciento de los restaurantes adheridos a la C\u00e1mara se inscribieron a las plataformas en l\u00ednea, para entregas a domicilios, en las que tambi\u00e9n est\u00e1 Rappi, Sin Dental, por mencionar algunas. Ante el anuncio de la llegada de DiDi Food, inform\u00f3 que se estableci\u00f3 de acuerdo de un pago de comisi\u00f3n del 22 por ciento por los pr\u00f3ximos tres meses. En tanto, con Uber Eats, la comisi\u00f3n corresponde al 30 por ciento. \u201cMuchos se est\u00e1n adhiriendo a ellos (DiDi Food) se est\u00e1n dando de baja en la plataforma de Uber, a lo mejor es la que tiene mayor presencia, m\u00e1s representaci\u00f3n, m\u00e1s buscada, pero sin duda es la m\u00e1s cara, en castigo, desde principios de julio se han dado de baja\u201d, dijo. M\u00e9ndez se\u00f1al\u00f3 que tambi\u00e9n los due\u00f1os de los comercios han decidido crear sus propias estrategias de venta en l\u00ednea para entregar a domicilio, para mantener empleos en diversos comercios. Publicaci\u00f3n Original: https:\/\/www.elsoldepuebla.com.mx\/finanzas\/restauranteros-castigan-a-uberts-eats-se-van-a-didi-food-puebla-canirac-5569545.html","og_url":"https:\/\/ferabrajan.com\/portal\/2020\/08\/01\/restauranteros-castigan-a-uberts-eats-se-van-a-didi-food\/","og_site_name":"Fer Abrajan","article_publisher":"https:\/\/www.facebook.com\/NoticiasconFerAbrajan\/","article_published_time":"2020-08-01T17:23:55+00:00","author":"admin","twitter_card":"summary_large_image","twitter_creator":"@ferabrajan1","twitter_site":"@ferabrajan1","twitter_misc":{"Escrito por":"admin","Tiempo de lectura":"1 minuto"},"schema":{"@context":"https:\/\/schema.org","@graph":[{"@type":"Article","@id":"https:\/\/ferabrajan.com\/portal\/2020\/08\/01\/restauranteros-castigan-a-uberts-eats-se-van-a-didi-food\/#article","isPartOf":{"@id":"https:\/\/ferabrajan.com\/portal\/2020\/08\/01\/restauranteros-castigan-a-uberts-eats-se-van-a-didi-food\/"},"author":{"name":"admin","@id":"https:\/\/ferabrajan.com\/portal\/#\/schema\/person\/f6113b3cb1e036d5c6a9505685b257ba"},"headline":"Restauranteros \u201ccastigan\u201d a Uberts Eats, se van a DiDi Food","datePublished":"2020-08-01T17:23:55+00:00","mainEntityOfPage":{"@id":"https:\/\/ferabrajan.com\/portal\/2020\/08\/01\/restauranteros-castigan-a-uberts-eats-se-van-a-didi-food\/"},"wordCount":293,"publisher":{"@id":"https:\/\/ferabrajan.com\/portal\/#organization"},"image":{"@id":"https:\/\/ferabrajan.com\/portal\/2020\/08\/01\/restauranteros-castigan-a-uberts-eats-se-van-a-didi-food\/#primaryimage"},"thumbnailUrl":"","articleSection":["Puebla"],"inLanguage":"es"},{"@type":"WebPage","@id":"https:\/\/ferabrajan.com\/portal\/2020\/08\/01\/restauranteros-castigan-a-uberts-eats-se-van-a-didi-food\/","url":"https:\/\/ferabrajan.com\/portal\/2020\/08\/01\/restauranteros-castigan-a-uberts-eats-se-van-a-didi-food\/","name":"Restauranteros \u201ccastigan\u201d a Uberts Eats, se van a DiDi Food - Fer Abrajan","isPartOf":{"@id":"https:\/\/ferabrajan.com\/portal\/#website"},"primaryImageOfPage":{"@id":"https:\/\/ferabrajan.com\/portal\/2020\/08\/01\/restauranteros-castigan-a-uberts-eats-se-van-a-didi-food\/#primaryimage"},"image":{"@id":"https:\/\/ferabrajan.com\/portal\/2020\/08\/01\/restauranteros-castigan-a-uberts-eats-se-van-a-didi-food\/#primaryimage"},"thumbnailUrl":"","datePublished":"2020-08-01T17:23:55+00:00","breadcrumb":{"@id":"https:\/\/ferabrajan.com\/portal\/2020\/08\/01\/restauranteros-castigan-a-uberts-eats-se-van-a-didi-food\/#breadcrumb"},"inLanguage":"es","potentialAction":[{"@type":"ReadAction","target":["https:\/\/ferabrajan.com\/portal\/2020\/08\/01\/restauranteros-castigan-a-uberts-eats-se-van-a-didi-food\/"]}]},{"@type":"ImageObject","inLanguage":"es","@id":"https:\/\/ferabrajan.com\/portal\/2020\/08\/01\/restauranteros-castigan-a-uberts-eats-se-van-a-didi-food\/#primaryimage","url":"","contentUrl":""},{"@type":"BreadcrumbList","@id":"https:\/\/ferabrajan.com\/portal\/2020\/08\/01\/restauranteros-castigan-a-uberts-eats-se-van-a-didi-food\/#breadcrumb","itemListElement":[{"@type":"ListItem","position":1,"name":"Portada","item":"https:\/\/ferabrajan.com\/portal\/"},{"@type":"ListItem","position":2,"name":"Restauranteros \u201ccastigan\u201d a Uberts Eats, se van a DiDi Food"}]},{"@type":"WebSite","@id":"https:\/\/ferabrajan.com\/portal\/#website","url":"https:\/\/ferabrajan.com\/portal\/","name":"Fer Abrajan","description":"Noticias de Puebla, opini\u00f3n y radio en vivo","publisher":{"@id":"https:\/\/ferabrajan.com\/portal\/#organization"},"potentialAction":[{"@type":"SearchAction","target":{"@type":"EntryPoint","urlTemplate":"https:\/\/ferabrajan.com\/portal\/?s={search_term_string}"},"query-input":{"@type":"PropertyValueSpecification","valueRequired":true,"valueName":"search_term_string"}}],"inLanguage":"es"},{"@type":"Organization","@id":"https:\/\/ferabrajan.com\/portal\/#organization","name":"Fer Abrajan","url":"https:\/\/ferabrajan.com\/portal\/","logo":{"@type":"ImageObject","inLanguage":"es","@id":"https:\/\/ferabrajan.com\/portal\/#\/schema\/logo\/image\/","url":"https:\/\/ferabrajan.com\/portal\/wp-content\/uploads\/2024\/10\/cropped-logo.jpeg","contentUrl":"https:\/\/ferabrajan.com\/portal\/wp-content\/uploads\/2024\/10\/cropped-logo.jpeg","width":500,"height":250,"caption":"Fer Abrajan"},"image":{"@id":"https:\/\/ferabrajan.com\/portal\/#\/schema\/logo\/image\/"},"sameAs":["https:\/\/www.facebook.com\/NoticiasconFerAbrajan\/","https:\/\/x.com\/ferabrajan1"]},{"@type":"Person","@id":"https:\/\/ferabrajan.com\/portal\/#\/schema\/person\/f6113b3cb1e036d5c6a9505685b257ba","name":"admin","image":{"@type":"ImageObject","inLanguage":"es","@id":"https:\/\/secure.gravatar.com\/avatar\/072baa72775aad53c748dfc5d3048578e01b6c087eef335459ebfa04344e2d18?s=96&d=mm&r=g","url":"https:\/\/secure.gravatar.com\/avatar\/072baa72775aad53c748dfc5d3048578e01b6c087eef335459ebfa04344e2d18?s=96&d=mm&r=g","contentUrl":"https:\/\/secure.gravatar.com\/avatar\/072baa72775aad53c748dfc5d3048578e01b6c087eef335459ebfa04344e2d18?s=96&d=mm&r=g","caption":"admin"},"sameAs":["https:\/\/ferabrajan.com\/portal"],"url":"https:\/\/ferabrajan.com\/portal\/author\/admin\/"}]}},"_links":{"self":[{"href":"https:\/\/ferabrajan.com\/portal\/wp-json\/wp\/v2\/posts\/16051","targetHints":{"allow":["GET"]}}],"collection":[{"href":"https:\/\/ferabrajan.com\/portal\/wp-json\/wp\/v2\/posts"}],"about":[{"href":"https:\/\/ferabrajan.com\/portal\/wp-json\/wp\/v2\/types\/post"}],"author":[{"embeddable":true,"href":"https:\/\/ferabrajan.com\/portal\/wp-json\/wp\/v2\/users\/1"}],"replies":[{"embeddable":true,"href":"https:\/\/ferabrajan.com\/portal\/wp-json\/wp\/v2\/comments?post=16051"}],"version-history":[{"count":0,"href":"https:\/\/ferabrajan.com\/portal\/wp-json\/wp\/v2\/posts\/16051\/revisions"}],"wp:attachment":[{"href":"https:\/\/ferabrajan.com\/portal\/wp-json\/wp\/v2\/media?parent=16051"}],"wp:term":[{"taxonomy":"category","embeddable":true,"href":"https:\/\/ferabrajan.com\/portal\/wp-json\/wp\/v2\/categories?post=16051"},{"taxonomy":"post_tag","embeddable":true,"href":"https:\/\/ferabrajan.com\/portal\/wp-json\/wp\/v2\/tags?post=16051"}],"curies":[{"name":"wp","href":"https:\/\/api.w.org\/{rel}","templated":true}]}}