{"id":16046,"date":"2020-08-01T18:02:48","date_gmt":"2020-08-01T18:02:48","guid":{"rendered":"https:\/\/www.elsoldepuebla.com.mx\/cultura\/muere-jose-vicente-anaya-poeta-y-uno-de-los-fundadores-del-movimiento-infrarrealista-en-cdmx-periodista-5569658.html"},"modified":"2020-08-01T18:02:48","modified_gmt":"2020-08-01T18:02:48","slug":"muere-jose-vicente-anaya-poeta-y-uno-de-los-fundadores-del-movimiento-infrarrealista-en-cdmx","status":"publish","type":"post","link":"https:\/\/ferabrajan.com\/portal\/2020\/08\/01\/muere-jose-vicente-anaya-poeta-y-uno-de-los-fundadores-del-movimiento-infrarrealista-en-cdmx\/","title":{"rendered":"Muere Jos\u00e9 Vicente Anaya, poeta y uno de los fundadores del movimiento infrarrealista en CDMX"},"content":{"rendered":"<div><img decoding=\"async\" src=\"https:\/\/www.elsoldemexico.com.mx\/cultura\/qfg2b7-muere-poeta-jose-vicente-anaya.jpg\/ALTERNATES\/LANDSCAPE_1140\/Muere%20poeta%20Jos%C3%A9%20Vicente%20Anaya.jpg\" class=\"ff-og-image-inserted\"><\/div>\n<p>Este s\u00e1bado muri\u00f3 Jos\u00e9 Vicente Anaya, uno de los fundadores del movimiento infrarrealista que surgi\u00f3 en la Ciudad de M\u00e9xico hace 45 a\u00f1os por iniciativa de autores como Roberto Bola\u00f1o y Jos\u00e9 Rosas Ribeyro, as\u00ed inform\u00f3 su hija Andrea Anaya \u201cen su domicilio exacto que son los sue\u00f1os\u201d.<\/p>\n<p>De acuerdo con un comunicado difundido en redes sociales por la familia y Malpa\u00eds Ediciones, el poeta, ensayista y editor, muri\u00f3 la madrugada del 1 de agosto.<\/p>\n<p>\u00abTras pasar varios meses hospitalizado por complicaciones de salud, recientemente fue sometido a una intervenci\u00f3n quir\u00fargica, angioplast\u00eda, para destapar las arterias de sus piernas, por diversas calcificaciones que bloqueaban el flujo de sangre\u201d.<\/p>\n<p>El texto informa que tras la cirug\u00eda fue dado de alta y Andrea Anaya se\u00f1al\u00f3 \u201csalimos del hospital y llegamos a casa a descansar, falleci\u00f3 pac\u00edficamente\u201d, mientras dorm\u00eda.<\/p>\n<section>\n<div class=\"teaser\">\n<div class=\"infographicWrapper\">\n<blockquote class=\"twitter-tweet\">\n<p lang=\"es\" dir=\"ltr\" xml:lang=\"es\">Comunicamos el fallecimiento de uno de nuestros grandes poetas, cr\u00edticos y editores de nuestro pa\u00eds, Jose Vicente Anaya muri\u00f3 en la madrugada de hoy 1\u00ba de agosto de 2020. Sus restos ser\u00e1n velados el d\u00eda de hoy en la funeraria Gayosso de F\u00e9lix Cuevas, capilla #5. <a href=\"https:\/\/t.co\/sgOK3S6Z3K\">pic.twitter.com\/sgOK3S6Z3K<\/a><\/p>\n<p>\u2014 Malpa\u00eds Ediciones (@MalpaisEdicion) <a href=\"https:\/\/twitter.com\/MalpaisEdicion\/status\/1289606750694326279?ref_src=twsrc%5Etfw\">August 1, 2020<\/a><\/p><\/blockquote>\n<\/div>\n<\/div>\n<\/section>\n<p>Aunque se deslig\u00f3 del infrarrealismo, siempre le acompa\u00f1\u00f3 ese distintivo del movimiento que en esencia, <strong>se opon\u00eda a todo lo establecido en la poes\u00eda tradicional<\/strong>.<\/p>\n<p><strong>Su poema H\u00edkuri es una referencia de lo que algunos cr\u00edticos han llamado \u201cpoes\u00eda maldita\u201d<\/strong>, como describe la presentaci\u00f3n de la edici\u00f3n de Malpa\u00eds: \u201cpor la visi\u00f3n po\u00e9tica a partir del uso de un agente psicotr\u00f3pico; por la forma: una alteraci\u00f3n de la escritura a partir de una manifestaci\u00f3n oral de la voz po\u00e9tica; por la situaci\u00f3n de enunciaci\u00f3n: un sujeto arrinconado en las lindes de aquello que la m\u00e1quina social del capitalismo ha querido olvidar\u201d.<\/p>\n<p>En un breve texto, Alejandro Palma Castro y Gustavo Osorio de Ita, concluyen: \u201cEsto es lo que ha convertido a H\u00edkuri en un poema de culto entre la sociedad contempor\u00e1nea que gusta de vivir momentos de desahogo ante su imposible realidad\u201d.<\/p>\n<section>\n<div class=\"teaser\">\n<div class=\"infographicWrapper\">\n<blockquote class=\"twitter-tweet\">\n<p lang=\"es\" dir=\"ltr\" xml:lang=\"es\">La <a href=\"https:\/\/twitter.com\/cultura_mx?ref_src=twsrc%5Etfw\">@cultura_mx<\/a> y el INBAL lamentan el sensible deceso del poeta, periodista, traductor, editor y ensayista Jos\u00e9 Vicente Anaya, integrante fundador de la Sociedad de Escritores M\u00e9xico-Jap\u00f3n.<br \/>Enviamos condolencias a su familia y comunidad literaria.<br \/>Descanse en paz. <a href=\"https:\/\/t.co\/EjhjeJbtp2\">pic.twitter.com\/EjhjeJbtp2<\/a><\/p>\n<p>\u2014 Instituto Nacional de Bellas Artes y Literatura (@bellasartesinba) <a href=\"https:\/\/twitter.com\/bellasartesinba\/status\/1289621417458196480?ref_src=twsrc%5Etfw\">August 1, 2020<\/a><\/p><\/blockquote>\n<\/div>\n<\/div>\n<\/section>\n<p>Originario de Chihuahua, Jos\u00e9 Vicente Anaya fue tambi\u00e9n periodista, colaborador de la revista Proceso, egresado de la Facultad de Ciencias Pol\u00edticas y Sociales de la UNAM, traductor y estudioso de la poes\u00eda Beat estadounidense, \u201cno conozco a nadie que haya memorizado el Aullido de Gingsber como \u00e9l\u201d, escribi\u00f3 recientemente en su columna en un diario nacional, su amigo Juan Gerardo Sampedro.<\/p>\n<p>Laberinto ediciones, La Tinta del Silencio y Malpa\u00eds, lanzaron hace unas semanas una <strong>iniciativa para apoyar a la familia del poeta con los gastos de hospitalizaci\u00f3n<\/strong>. En la p\u00e1gina de La Tinta del Silencio, est\u00e1 a la venta el poemario de Anaya Di\u00f3tima, diosa viva el amor y los otros dos sellos ofrecen donativos por las ventas de su cat\u00e1logo. Tras el fallecimiento de Jos\u00e9 Vicente Anaya, la campa\u00f1a sigue abierta.<\/p>\n<section>\n<div class=\"teaser\">\n<div class=\"infographicWrapper\">\n<blockquote class=\"twitter-tweet\">\n<p lang=\"es\" dir=\"ltr\" xml:lang=\"es\">El <a href=\"https:\/\/twitter.com\/bellasartesinba?ref_src=twsrc%5Etfw\">@bellasartesinba<\/a>, a trav\u00e9s de la <a href=\"https:\/\/twitter.com\/literaturainba?ref_src=twsrc%5Etfw\">@literaturainba<\/a>, lamentan el sensible fallecimiento de Jos\u00e9 Vicente Anaya, poeta, editor, ensayista y traductor, quien deja un gran legado a las letras nacionales. <a href=\"https:\/\/t.co\/gz8T7aF4Ox\">pic.twitter.com\/gz8T7aF4Ox<\/a><\/p>\n<p>\u2014 Literatura INBAL (@literaturainba) <a href=\"https:\/\/twitter.com\/literaturainba\/status\/1289622750315700226?ref_src=twsrc%5Etfw\">August 1, 2020<\/a><\/p><\/blockquote>\n<blockquote class=\"twitter-tweet\">\n<p lang=\"es\" dir=\"ltr\" xml:lang=\"es\">Ha muerto mi amigo, el maestro Jos\u00e9 Vicente Anaya. Poeta, miembro de la Brigada Marilyn Monroe en el 68, anarquista cristiano, traductor de los beats y cofundador del colectivo de poetas Infrarresalistas. Fue un honor conocerlo y registrar su voz en el podcast y libro <a href=\"https:\/\/twitter.com\/hashtag\/EcosDel68?src=hash&amp;ref_src=twsrc%5Etfw\">#EcosDel68<\/a><\/p>\n<p>\u2014 Arturo Rodr\u00edguez (@Arturo_Rdgz) <a href=\"https:\/\/twitter.com\/Arturo_Rdgz\/status\/1289600902014177282?ref_src=twsrc%5Etfw\">August 1, 2020<\/a><\/p><\/blockquote>\n<\/div>\n<\/div>\n<\/section>\n<p>Publicaci\u00f3n Original: <a href=\"https:\/\/www.elsoldepuebla.com.mx\/cultura\/muere-jose-vicente-anaya-poeta-y-uno-de-los-fundadores-del-movimiento-infrarrealista-en-cdmx-periodista-5569658.html\" target=\"_blank\" rel=\"noopener noreferrer\">https:\/\/www.elsoldepuebla.com.mx\/cultura\/muere-jose-vicente-anaya-poeta-y-uno-de-los-fundadores-del-movimiento-infrarrealista-en-cdmx-periodista-5569658.html<\/a><\/p>\n","protected":false},"excerpt":{"rendered":"<p>Este s\u00e1bado muri\u00f3 Jos\u00e9 Vicente Anaya, uno de los fundadores del movimiento infrarrealista que surgi\u00f3 en la Ciudad de M\u00e9xico hace 45 a\u00f1os por iniciativa de autores como Roberto Bola\u00f1o y Jos\u00e9 Rosas Ribeyro, as\u00ed inform\u00f3 su hija Andrea Anaya \u201cen su domicilio exacto que son los sue\u00f1os\u201d. De acuerdo con un comunicado difundido en redes sociales por la familia y Malpa\u00eds Ediciones, el poeta, ensayista y editor, muri\u00f3 la madrugada del 1 de agosto. \u00abTras pasar varios meses hospitalizado por complicaciones de salud, recientemente fue sometido a una intervenci\u00f3n quir\u00fargica, angioplast\u00eda, para destapar las arterias de sus piernas, por diversas calcificaciones que bloqueaban el flujo de sangre\u201d. El texto informa que tras la cirug\u00eda fue dado de alta y Andrea Anaya se\u00f1al\u00f3 \u201csalimos del hospital y llegamos a casa a descansar, falleci\u00f3 pac\u00edficamente\u201d, mientras dorm\u00eda. Comunicamos el fallecimiento de uno de nuestros grandes poetas, cr\u00edticos y editores de nuestro pa\u00eds, Jose Vicente Anaya muri\u00f3 en la madrugada de hoy 1\u00ba de agosto de 2020. Sus restos ser\u00e1n velados el d\u00eda de hoy en la funeraria Gayosso de F\u00e9lix Cuevas, capilla #5. pic.twitter.com\/sgOK3S6Z3K \u2014 Malpa\u00eds Ediciones (@MalpaisEdicion) August 1, 2020 Aunque se deslig\u00f3 del infrarrealismo, siempre le acompa\u00f1\u00f3 ese distintivo del movimiento que en esencia, se opon\u00eda a todo lo establecido en la poes\u00eda tradicional. Su poema H\u00edkuri es una referencia de lo que algunos cr\u00edticos han llamado \u201cpoes\u00eda maldita\u201d, como describe la presentaci\u00f3n de la edici\u00f3n de Malpa\u00eds: \u201cpor la visi\u00f3n po\u00e9tica a partir del uso de un agente psicotr\u00f3pico; por la forma: una alteraci\u00f3n de la escritura a partir de una manifestaci\u00f3n oral de la voz po\u00e9tica; por la situaci\u00f3n de enunciaci\u00f3n: un sujeto arrinconado en las lindes de aquello que la m\u00e1quina social del capitalismo ha querido olvidar\u201d. En un breve texto, Alejandro Palma Castro y Gustavo Osorio de Ita, concluyen: \u201cEsto es lo que ha convertido a H\u00edkuri en un poema de culto entre la sociedad contempor\u00e1nea que gusta de vivir momentos de desahogo ante su imposible realidad\u201d. La @cultura_mx y el INBAL lamentan el sensible deceso del poeta, periodista, traductor, editor y ensayista Jos\u00e9 Vicente Anaya, integrante fundador de la Sociedad de Escritores M\u00e9xico-Jap\u00f3n.Enviamos condolencias a su familia y comunidad literaria.Descanse en paz. pic.twitter.com\/EjhjeJbtp2 \u2014 Instituto Nacional de Bellas Artes y Literatura (@bellasartesinba) August 1, 2020 Originario de Chihuahua, Jos\u00e9 Vicente Anaya fue tambi\u00e9n periodista, colaborador de la revista Proceso, egresado de la Facultad de Ciencias Pol\u00edticas y Sociales de la UNAM, traductor y estudioso de la poes\u00eda Beat estadounidense, \u201cno conozco a nadie que haya memorizado el Aullido de Gingsber como \u00e9l\u201d, escribi\u00f3 recientemente en su columna en un diario nacional, su amigo Juan Gerardo Sampedro. Laberinto ediciones, La Tinta del Silencio y Malpa\u00eds, lanzaron hace unas semanas una iniciativa para apoyar a la familia del poeta con los gastos de hospitalizaci\u00f3n. En la p\u00e1gina de La Tinta del Silencio, est\u00e1 a la venta el poemario de Anaya Di\u00f3tima, diosa viva el amor y los otros dos sellos ofrecen donativos por las ventas de su cat\u00e1logo. Tras el fallecimiento de Jos\u00e9 Vicente Anaya, la campa\u00f1a sigue abierta. El @bellasartesinba, a trav\u00e9s de la @literaturainba, lamentan el sensible fallecimiento de Jos\u00e9 Vicente Anaya, poeta, editor, ensayista y traductor, quien deja un gran legado a las letras nacionales. pic.twitter.com\/gz8T7aF4Ox \u2014 Literatura INBAL (@literaturainba) August 1, 2020 Ha muerto mi amigo, el maestro Jos\u00e9 Vicente Anaya. Poeta, miembro de la Brigada Marilyn Monroe en el 68, anarquista cristiano, traductor de los beats y cofundador del colectivo de poetas Infrarresalistas. Fue un honor conocerlo y registrar su voz en el podcast y libro #EcosDel68 \u2014 Arturo Rodr\u00edguez (@Arturo_Rdgz) August 1, 2020 Publicaci\u00f3n Original: https:\/\/www.elsoldepuebla.com.mx\/cultura\/muere-jose-vicente-anaya-poeta-y-uno-de-los-fundadores-del-movimiento-infrarrealista-en-cdmx-periodista-5569658.html<\/p>\n","protected":false},"author":1,"featured_media":16050,"comment_status":"closed","ping_status":"closed","sticky":false,"template":"","format":"standard","meta":{"_monsterinsights_skip_tracking":false,"_uf_show_specific_survey":0,"_uf_disable_surveys":false,"footnotes":""},"categories":[34],"tags":[],"class_list":["post-16046","post","type-post","status-publish","format-standard","has-post-thumbnail","hentry","category-puebla"],"yoast_head":"<!-- This site is optimized with the Yoast SEO plugin v27.5 - https:\/\/yoast.com\/product\/yoast-seo-wordpress\/ -->\n<title>Muere Jos\u00e9 Vicente Anaya, poeta y uno de los fundadores del movimiento infrarrealista en CDMX - Fer Abrajan<\/title>\n<meta name=\"robots\" content=\"index, follow, max-snippet:-1, max-image-preview:large, max-video-preview:-1\" \/>\n<link rel=\"canonical\" href=\"https:\/\/ferabrajan.com\/portal\/2020\/08\/01\/muere-jose-vicente-anaya-poeta-y-uno-de-los-fundadores-del-movimiento-infrarrealista-en-cdmx\/\" \/>\n<meta property=\"og:locale\" content=\"es_ES\" \/>\n<meta property=\"og:type\" content=\"article\" \/>\n<meta property=\"og:title\" content=\"Muere Jos\u00e9 Vicente Anaya, poeta y uno de los fundadores del movimiento infrarrealista en CDMX - Fer Abrajan\" \/>\n<meta property=\"og:description\" content=\"Este s\u00e1bado muri\u00f3 Jos\u00e9 Vicente Anaya, uno de los fundadores del movimiento infrarrealista que surgi\u00f3 en la Ciudad de M\u00e9xico hace 45 a\u00f1os por iniciativa de autores como Roberto Bola\u00f1o y Jos\u00e9 Rosas Ribeyro, as\u00ed inform\u00f3 su hija Andrea Anaya \u201cen su domicilio exacto que son los sue\u00f1os\u201d. De acuerdo con un comunicado difundido en redes sociales por la familia y Malpa\u00eds Ediciones, el poeta, ensayista y editor, muri\u00f3 la madrugada del 1 de agosto. \u00abTras pasar varios meses hospitalizado por complicaciones de salud, recientemente fue sometido a una intervenci\u00f3n quir\u00fargica, angioplast\u00eda, para destapar las arterias de sus piernas, por diversas calcificaciones que bloqueaban el flujo de sangre\u201d. El texto informa que tras la cirug\u00eda fue dado de alta y Andrea Anaya se\u00f1al\u00f3 \u201csalimos del hospital y llegamos a casa a descansar, falleci\u00f3 pac\u00edficamente\u201d, mientras dorm\u00eda. Comunicamos el fallecimiento de uno de nuestros grandes poetas, cr\u00edticos y editores de nuestro pa\u00eds, Jose Vicente Anaya muri\u00f3 en la madrugada de hoy 1\u00ba de agosto de 2020. Sus restos ser\u00e1n velados el d\u00eda de hoy en la funeraria Gayosso de F\u00e9lix Cuevas, capilla #5. pic.twitter.com\/sgOK3S6Z3K \u2014 Malpa\u00eds Ediciones (@MalpaisEdicion) August 1, 2020 Aunque se deslig\u00f3 del infrarrealismo, siempre le acompa\u00f1\u00f3 ese distintivo del movimiento que en esencia, se opon\u00eda a todo lo establecido en la poes\u00eda tradicional. Su poema H\u00edkuri es una referencia de lo que algunos cr\u00edticos han llamado \u201cpoes\u00eda maldita\u201d, como describe la presentaci\u00f3n de la edici\u00f3n de Malpa\u00eds: \u201cpor la visi\u00f3n po\u00e9tica a partir del uso de un agente psicotr\u00f3pico; por la forma: una alteraci\u00f3n de la escritura a partir de una manifestaci\u00f3n oral de la voz po\u00e9tica; por la situaci\u00f3n de enunciaci\u00f3n: un sujeto arrinconado en las lindes de aquello que la m\u00e1quina social del capitalismo ha querido olvidar\u201d. En un breve texto, Alejandro Palma Castro y Gustavo Osorio de Ita, concluyen: \u201cEsto es lo que ha convertido a H\u00edkuri en un poema de culto entre la sociedad contempor\u00e1nea que gusta de vivir momentos de desahogo ante su imposible realidad\u201d. La @cultura_mx y el INBAL lamentan el sensible deceso del poeta, periodista, traductor, editor y ensayista Jos\u00e9 Vicente Anaya, integrante fundador de la Sociedad de Escritores M\u00e9xico-Jap\u00f3n.Enviamos condolencias a su familia y comunidad literaria.Descanse en paz. pic.twitter.com\/EjhjeJbtp2 \u2014 Instituto Nacional de Bellas Artes y Literatura (@bellasartesinba) August 1, 2020 Originario de Chihuahua, Jos\u00e9 Vicente Anaya fue tambi\u00e9n periodista, colaborador de la revista Proceso, egresado de la Facultad de Ciencias Pol\u00edticas y Sociales de la UNAM, traductor y estudioso de la poes\u00eda Beat estadounidense, \u201cno conozco a nadie que haya memorizado el Aullido de Gingsber como \u00e9l\u201d, escribi\u00f3 recientemente en su columna en un diario nacional, su amigo Juan Gerardo Sampedro. Laberinto ediciones, La Tinta del Silencio y Malpa\u00eds, lanzaron hace unas semanas una iniciativa para apoyar a la familia del poeta con los gastos de hospitalizaci\u00f3n. En la p\u00e1gina de La Tinta del Silencio, est\u00e1 a la venta el poemario de Anaya Di\u00f3tima, diosa viva el amor y los otros dos sellos ofrecen donativos por las ventas de su cat\u00e1logo. Tras el fallecimiento de Jos\u00e9 Vicente Anaya, la campa\u00f1a sigue abierta. El @bellasartesinba, a trav\u00e9s de la @literaturainba, lamentan el sensible fallecimiento de Jos\u00e9 Vicente Anaya, poeta, editor, ensayista y traductor, quien deja un gran legado a las letras nacionales. pic.twitter.com\/gz8T7aF4Ox \u2014 Literatura INBAL (@literaturainba) August 1, 2020 Ha muerto mi amigo, el maestro Jos\u00e9 Vicente Anaya. Poeta, miembro de la Brigada Marilyn Monroe en el 68, anarquista cristiano, traductor de los beats y cofundador del colectivo de poetas Infrarresalistas. Fue un honor conocerlo y registrar su voz en el podcast y libro #EcosDel68 \u2014 Arturo Rodr\u00edguez (@Arturo_Rdgz) August 1, 2020 Publicaci\u00f3n Original: https:\/\/www.elsoldepuebla.com.mx\/cultura\/muere-jose-vicente-anaya-poeta-y-uno-de-los-fundadores-del-movimiento-infrarrealista-en-cdmx-periodista-5569658.html\" \/>\n<meta property=\"og:url\" content=\"https:\/\/ferabrajan.com\/portal\/2020\/08\/01\/muere-jose-vicente-anaya-poeta-y-uno-de-los-fundadores-del-movimiento-infrarrealista-en-cdmx\/\" \/>\n<meta property=\"og:site_name\" content=\"Fer Abrajan\" \/>\n<meta property=\"article:publisher\" content=\"https:\/\/www.facebook.com\/NoticiasconFerAbrajan\/\" \/>\n<meta property=\"article:published_time\" content=\"2020-08-01T18:02:48+00:00\" \/>\n<meta name=\"author\" content=\"admin\" \/>\n<meta name=\"twitter:card\" content=\"summary_large_image\" \/>\n<meta name=\"twitter:creator\" content=\"@ferabrajan1\" \/>\n<meta name=\"twitter:site\" content=\"@ferabrajan1\" \/>\n<meta name=\"twitter:label1\" content=\"Escrito por\" \/>\n\t<meta name=\"twitter:data1\" content=\"admin\" \/>\n\t<meta name=\"twitter:label2\" content=\"Tiempo de lectura\" \/>\n\t<meta name=\"twitter:data2\" content=\"3 minutos\" \/>\n<script type=\"application\/ld+json\" class=\"yoast-schema-graph\">{\"@context\":\"https:\\\/\\\/schema.org\",\"@graph\":[{\"@type\":\"Article\",\"@id\":\"https:\\\/\\\/ferabrajan.com\\\/portal\\\/2020\\\/08\\\/01\\\/muere-jose-vicente-anaya-poeta-y-uno-de-los-fundadores-del-movimiento-infrarrealista-en-cdmx\\\/#article\",\"isPartOf\":{\"@id\":\"https:\\\/\\\/ferabrajan.com\\\/portal\\\/2020\\\/08\\\/01\\\/muere-jose-vicente-anaya-poeta-y-uno-de-los-fundadores-del-movimiento-infrarrealista-en-cdmx\\\/\"},\"author\":{\"name\":\"admin\",\"@id\":\"https:\\\/\\\/ferabrajan.com\\\/portal\\\/#\\\/schema\\\/person\\\/f6113b3cb1e036d5c6a9505685b257ba\"},\"headline\":\"Muere Jos\u00e9 Vicente Anaya, poeta y uno de los fundadores del movimiento infrarrealista en CDMX\",\"datePublished\":\"2020-08-01T18:02:48+00:00\",\"mainEntityOfPage\":{\"@id\":\"https:\\\/\\\/ferabrajan.com\\\/portal\\\/2020\\\/08\\\/01\\\/muere-jose-vicente-anaya-poeta-y-uno-de-los-fundadores-del-movimiento-infrarrealista-en-cdmx\\\/\"},\"wordCount\":681,\"publisher\":{\"@id\":\"https:\\\/\\\/ferabrajan.com\\\/portal\\\/#organization\"},\"image\":{\"@id\":\"https:\\\/\\\/ferabrajan.com\\\/portal\\\/2020\\\/08\\\/01\\\/muere-jose-vicente-anaya-poeta-y-uno-de-los-fundadores-del-movimiento-infrarrealista-en-cdmx\\\/#primaryimage\"},\"thumbnailUrl\":\"\",\"articleSection\":[\"Puebla\"],\"inLanguage\":\"es\"},{\"@type\":\"WebPage\",\"@id\":\"https:\\\/\\\/ferabrajan.com\\\/portal\\\/2020\\\/08\\\/01\\\/muere-jose-vicente-anaya-poeta-y-uno-de-los-fundadores-del-movimiento-infrarrealista-en-cdmx\\\/\",\"url\":\"https:\\\/\\\/ferabrajan.com\\\/portal\\\/2020\\\/08\\\/01\\\/muere-jose-vicente-anaya-poeta-y-uno-de-los-fundadores-del-movimiento-infrarrealista-en-cdmx\\\/\",\"name\":\"Muere Jos\u00e9 Vicente Anaya, poeta y uno de los fundadores del movimiento infrarrealista en CDMX - Fer Abrajan\",\"isPartOf\":{\"@id\":\"https:\\\/\\\/ferabrajan.com\\\/portal\\\/#website\"},\"primaryImageOfPage\":{\"@id\":\"https:\\\/\\\/ferabrajan.com\\\/portal\\\/2020\\\/08\\\/01\\\/muere-jose-vicente-anaya-poeta-y-uno-de-los-fundadores-del-movimiento-infrarrealista-en-cdmx\\\/#primaryimage\"},\"image\":{\"@id\":\"https:\\\/\\\/ferabrajan.com\\\/portal\\\/2020\\\/08\\\/01\\\/muere-jose-vicente-anaya-poeta-y-uno-de-los-fundadores-del-movimiento-infrarrealista-en-cdmx\\\/#primaryimage\"},\"thumbnailUrl\":\"\",\"datePublished\":\"2020-08-01T18:02:48+00:00\",\"breadcrumb\":{\"@id\":\"https:\\\/\\\/ferabrajan.com\\\/portal\\\/2020\\\/08\\\/01\\\/muere-jose-vicente-anaya-poeta-y-uno-de-los-fundadores-del-movimiento-infrarrealista-en-cdmx\\\/#breadcrumb\"},\"inLanguage\":\"es\",\"potentialAction\":[{\"@type\":\"ReadAction\",\"target\":[\"https:\\\/\\\/ferabrajan.com\\\/portal\\\/2020\\\/08\\\/01\\\/muere-jose-vicente-anaya-poeta-y-uno-de-los-fundadores-del-movimiento-infrarrealista-en-cdmx\\\/\"]}]},{\"@type\":\"ImageObject\",\"inLanguage\":\"es\",\"@id\":\"https:\\\/\\\/ferabrajan.com\\\/portal\\\/2020\\\/08\\\/01\\\/muere-jose-vicente-anaya-poeta-y-uno-de-los-fundadores-del-movimiento-infrarrealista-en-cdmx\\\/#primaryimage\",\"url\":\"\",\"contentUrl\":\"\"},{\"@type\":\"BreadcrumbList\",\"@id\":\"https:\\\/\\\/ferabrajan.com\\\/portal\\\/2020\\\/08\\\/01\\\/muere-jose-vicente-anaya-poeta-y-uno-de-los-fundadores-del-movimiento-infrarrealista-en-cdmx\\\/#breadcrumb\",\"itemListElement\":[{\"@type\":\"ListItem\",\"position\":1,\"name\":\"Portada\",\"item\":\"https:\\\/\\\/ferabrajan.com\\\/portal\\\/\"},{\"@type\":\"ListItem\",\"position\":2,\"name\":\"Muere Jos\u00e9 Vicente Anaya, poeta y uno de los fundadores del movimiento infrarrealista en CDMX\"}]},{\"@type\":\"WebSite\",\"@id\":\"https:\\\/\\\/ferabrajan.com\\\/portal\\\/#website\",\"url\":\"https:\\\/\\\/ferabrajan.com\\\/portal\\\/\",\"name\":\"Fer Abrajan\",\"description\":\"Noticias de Puebla, opini\u00f3n y radio en vivo\",\"publisher\":{\"@id\":\"https:\\\/\\\/ferabrajan.com\\\/portal\\\/#organization\"},\"potentialAction\":[{\"@type\":\"SearchAction\",\"target\":{\"@type\":\"EntryPoint\",\"urlTemplate\":\"https:\\\/\\\/ferabrajan.com\\\/portal\\\/?s={search_term_string}\"},\"query-input\":{\"@type\":\"PropertyValueSpecification\",\"valueRequired\":true,\"valueName\":\"search_term_string\"}}],\"inLanguage\":\"es\"},{\"@type\":\"Organization\",\"@id\":\"https:\\\/\\\/ferabrajan.com\\\/portal\\\/#organization\",\"name\":\"Fer Abrajan\",\"url\":\"https:\\\/\\\/ferabrajan.com\\\/portal\\\/\",\"logo\":{\"@type\":\"ImageObject\",\"inLanguage\":\"es\",\"@id\":\"https:\\\/\\\/ferabrajan.com\\\/portal\\\/#\\\/schema\\\/logo\\\/image\\\/\",\"url\":\"https:\\\/\\\/ferabrajan.com\\\/portal\\\/wp-content\\\/uploads\\\/2024\\\/10\\\/cropped-logo.jpeg\",\"contentUrl\":\"https:\\\/\\\/ferabrajan.com\\\/portal\\\/wp-content\\\/uploads\\\/2024\\\/10\\\/cropped-logo.jpeg\",\"width\":500,\"height\":250,\"caption\":\"Fer Abrajan\"},\"image\":{\"@id\":\"https:\\\/\\\/ferabrajan.com\\\/portal\\\/#\\\/schema\\\/logo\\\/image\\\/\"},\"sameAs\":[\"https:\\\/\\\/www.facebook.com\\\/NoticiasconFerAbrajan\\\/\",\"https:\\\/\\\/x.com\\\/ferabrajan1\"]},{\"@type\":\"Person\",\"@id\":\"https:\\\/\\\/ferabrajan.com\\\/portal\\\/#\\\/schema\\\/person\\\/f6113b3cb1e036d5c6a9505685b257ba\",\"name\":\"admin\",\"image\":{\"@type\":\"ImageObject\",\"inLanguage\":\"es\",\"@id\":\"https:\\\/\\\/secure.gravatar.com\\\/avatar\\\/072baa72775aad53c748dfc5d3048578e01b6c087eef335459ebfa04344e2d18?s=96&d=mm&r=g\",\"url\":\"https:\\\/\\\/secure.gravatar.com\\\/avatar\\\/072baa72775aad53c748dfc5d3048578e01b6c087eef335459ebfa04344e2d18?s=96&d=mm&r=g\",\"contentUrl\":\"https:\\\/\\\/secure.gravatar.com\\\/avatar\\\/072baa72775aad53c748dfc5d3048578e01b6c087eef335459ebfa04344e2d18?s=96&d=mm&r=g\",\"caption\":\"admin\"},\"sameAs\":[\"https:\\\/\\\/ferabrajan.com\\\/portal\"],\"url\":\"https:\\\/\\\/ferabrajan.com\\\/portal\\\/author\\\/admin\\\/\"}]}<\/script>\n<!-- \/ Yoast SEO plugin. -->","yoast_head_json":{"title":"Muere Jos\u00e9 Vicente Anaya, poeta y uno de los fundadores del movimiento infrarrealista en CDMX - Fer Abrajan","robots":{"index":"index","follow":"follow","max-snippet":"max-snippet:-1","max-image-preview":"max-image-preview:large","max-video-preview":"max-video-preview:-1"},"canonical":"https:\/\/ferabrajan.com\/portal\/2020\/08\/01\/muere-jose-vicente-anaya-poeta-y-uno-de-los-fundadores-del-movimiento-infrarrealista-en-cdmx\/","og_locale":"es_ES","og_type":"article","og_title":"Muere Jos\u00e9 Vicente Anaya, poeta y uno de los fundadores del movimiento infrarrealista en CDMX - Fer Abrajan","og_description":"Este s\u00e1bado muri\u00f3 Jos\u00e9 Vicente Anaya, uno de los fundadores del movimiento infrarrealista que surgi\u00f3 en la Ciudad de M\u00e9xico hace 45 a\u00f1os por iniciativa de autores como Roberto Bola\u00f1o y Jos\u00e9 Rosas Ribeyro, as\u00ed inform\u00f3 su hija Andrea Anaya \u201cen su domicilio exacto que son los sue\u00f1os\u201d. De acuerdo con un comunicado difundido en redes sociales por la familia y Malpa\u00eds Ediciones, el poeta, ensayista y editor, muri\u00f3 la madrugada del 1 de agosto. \u00abTras pasar varios meses hospitalizado por complicaciones de salud, recientemente fue sometido a una intervenci\u00f3n quir\u00fargica, angioplast\u00eda, para destapar las arterias de sus piernas, por diversas calcificaciones que bloqueaban el flujo de sangre\u201d. El texto informa que tras la cirug\u00eda fue dado de alta y Andrea Anaya se\u00f1al\u00f3 \u201csalimos del hospital y llegamos a casa a descansar, falleci\u00f3 pac\u00edficamente\u201d, mientras dorm\u00eda. Comunicamos el fallecimiento de uno de nuestros grandes poetas, cr\u00edticos y editores de nuestro pa\u00eds, Jose Vicente Anaya muri\u00f3 en la madrugada de hoy 1\u00ba de agosto de 2020. Sus restos ser\u00e1n velados el d\u00eda de hoy en la funeraria Gayosso de F\u00e9lix Cuevas, capilla #5. pic.twitter.com\/sgOK3S6Z3K \u2014 Malpa\u00eds Ediciones (@MalpaisEdicion) August 1, 2020 Aunque se deslig\u00f3 del infrarrealismo, siempre le acompa\u00f1\u00f3 ese distintivo del movimiento que en esencia, se opon\u00eda a todo lo establecido en la poes\u00eda tradicional. Su poema H\u00edkuri es una referencia de lo que algunos cr\u00edticos han llamado \u201cpoes\u00eda maldita\u201d, como describe la presentaci\u00f3n de la edici\u00f3n de Malpa\u00eds: \u201cpor la visi\u00f3n po\u00e9tica a partir del uso de un agente psicotr\u00f3pico; por la forma: una alteraci\u00f3n de la escritura a partir de una manifestaci\u00f3n oral de la voz po\u00e9tica; por la situaci\u00f3n de enunciaci\u00f3n: un sujeto arrinconado en las lindes de aquello que la m\u00e1quina social del capitalismo ha querido olvidar\u201d. En un breve texto, Alejandro Palma Castro y Gustavo Osorio de Ita, concluyen: \u201cEsto es lo que ha convertido a H\u00edkuri en un poema de culto entre la sociedad contempor\u00e1nea que gusta de vivir momentos de desahogo ante su imposible realidad\u201d. La @cultura_mx y el INBAL lamentan el sensible deceso del poeta, periodista, traductor, editor y ensayista Jos\u00e9 Vicente Anaya, integrante fundador de la Sociedad de Escritores M\u00e9xico-Jap\u00f3n.Enviamos condolencias a su familia y comunidad literaria.Descanse en paz. pic.twitter.com\/EjhjeJbtp2 \u2014 Instituto Nacional de Bellas Artes y Literatura (@bellasartesinba) August 1, 2020 Originario de Chihuahua, Jos\u00e9 Vicente Anaya fue tambi\u00e9n periodista, colaborador de la revista Proceso, egresado de la Facultad de Ciencias Pol\u00edticas y Sociales de la UNAM, traductor y estudioso de la poes\u00eda Beat estadounidense, \u201cno conozco a nadie que haya memorizado el Aullido de Gingsber como \u00e9l\u201d, escribi\u00f3 recientemente en su columna en un diario nacional, su amigo Juan Gerardo Sampedro. Laberinto ediciones, La Tinta del Silencio y Malpa\u00eds, lanzaron hace unas semanas una iniciativa para apoyar a la familia del poeta con los gastos de hospitalizaci\u00f3n. En la p\u00e1gina de La Tinta del Silencio, est\u00e1 a la venta el poemario de Anaya Di\u00f3tima, diosa viva el amor y los otros dos sellos ofrecen donativos por las ventas de su cat\u00e1logo. Tras el fallecimiento de Jos\u00e9 Vicente Anaya, la campa\u00f1a sigue abierta. El @bellasartesinba, a trav\u00e9s de la @literaturainba, lamentan el sensible fallecimiento de Jos\u00e9 Vicente Anaya, poeta, editor, ensayista y traductor, quien deja un gran legado a las letras nacionales. pic.twitter.com\/gz8T7aF4Ox \u2014 Literatura INBAL (@literaturainba) August 1, 2020 Ha muerto mi amigo, el maestro Jos\u00e9 Vicente Anaya. Poeta, miembro de la Brigada Marilyn Monroe en el 68, anarquista cristiano, traductor de los beats y cofundador del colectivo de poetas Infrarresalistas. Fue un honor conocerlo y registrar su voz en el podcast y libro #EcosDel68 \u2014 Arturo Rodr\u00edguez (@Arturo_Rdgz) August 1, 2020 Publicaci\u00f3n Original: https:\/\/www.elsoldepuebla.com.mx\/cultura\/muere-jose-vicente-anaya-poeta-y-uno-de-los-fundadores-del-movimiento-infrarrealista-en-cdmx-periodista-5569658.html","og_url":"https:\/\/ferabrajan.com\/portal\/2020\/08\/01\/muere-jose-vicente-anaya-poeta-y-uno-de-los-fundadores-del-movimiento-infrarrealista-en-cdmx\/","og_site_name":"Fer Abrajan","article_publisher":"https:\/\/www.facebook.com\/NoticiasconFerAbrajan\/","article_published_time":"2020-08-01T18:02:48+00:00","author":"admin","twitter_card":"summary_large_image","twitter_creator":"@ferabrajan1","twitter_site":"@ferabrajan1","twitter_misc":{"Escrito por":"admin","Tiempo de lectura":"3 minutos"},"schema":{"@context":"https:\/\/schema.org","@graph":[{"@type":"Article","@id":"https:\/\/ferabrajan.com\/portal\/2020\/08\/01\/muere-jose-vicente-anaya-poeta-y-uno-de-los-fundadores-del-movimiento-infrarrealista-en-cdmx\/#article","isPartOf":{"@id":"https:\/\/ferabrajan.com\/portal\/2020\/08\/01\/muere-jose-vicente-anaya-poeta-y-uno-de-los-fundadores-del-movimiento-infrarrealista-en-cdmx\/"},"author":{"name":"admin","@id":"https:\/\/ferabrajan.com\/portal\/#\/schema\/person\/f6113b3cb1e036d5c6a9505685b257ba"},"headline":"Muere Jos\u00e9 Vicente Anaya, poeta y uno de los fundadores del movimiento infrarrealista en CDMX","datePublished":"2020-08-01T18:02:48+00:00","mainEntityOfPage":{"@id":"https:\/\/ferabrajan.com\/portal\/2020\/08\/01\/muere-jose-vicente-anaya-poeta-y-uno-de-los-fundadores-del-movimiento-infrarrealista-en-cdmx\/"},"wordCount":681,"publisher":{"@id":"https:\/\/ferabrajan.com\/portal\/#organization"},"image":{"@id":"https:\/\/ferabrajan.com\/portal\/2020\/08\/01\/muere-jose-vicente-anaya-poeta-y-uno-de-los-fundadores-del-movimiento-infrarrealista-en-cdmx\/#primaryimage"},"thumbnailUrl":"","articleSection":["Puebla"],"inLanguage":"es"},{"@type":"WebPage","@id":"https:\/\/ferabrajan.com\/portal\/2020\/08\/01\/muere-jose-vicente-anaya-poeta-y-uno-de-los-fundadores-del-movimiento-infrarrealista-en-cdmx\/","url":"https:\/\/ferabrajan.com\/portal\/2020\/08\/01\/muere-jose-vicente-anaya-poeta-y-uno-de-los-fundadores-del-movimiento-infrarrealista-en-cdmx\/","name":"Muere Jos\u00e9 Vicente Anaya, poeta y uno de los fundadores del movimiento infrarrealista en CDMX - Fer Abrajan","isPartOf":{"@id":"https:\/\/ferabrajan.com\/portal\/#website"},"primaryImageOfPage":{"@id":"https:\/\/ferabrajan.com\/portal\/2020\/08\/01\/muere-jose-vicente-anaya-poeta-y-uno-de-los-fundadores-del-movimiento-infrarrealista-en-cdmx\/#primaryimage"},"image":{"@id":"https:\/\/ferabrajan.com\/portal\/2020\/08\/01\/muere-jose-vicente-anaya-poeta-y-uno-de-los-fundadores-del-movimiento-infrarrealista-en-cdmx\/#primaryimage"},"thumbnailUrl":"","datePublished":"2020-08-01T18:02:48+00:00","breadcrumb":{"@id":"https:\/\/ferabrajan.com\/portal\/2020\/08\/01\/muere-jose-vicente-anaya-poeta-y-uno-de-los-fundadores-del-movimiento-infrarrealista-en-cdmx\/#breadcrumb"},"inLanguage":"es","potentialAction":[{"@type":"ReadAction","target":["https:\/\/ferabrajan.com\/portal\/2020\/08\/01\/muere-jose-vicente-anaya-poeta-y-uno-de-los-fundadores-del-movimiento-infrarrealista-en-cdmx\/"]}]},{"@type":"ImageObject","inLanguage":"es","@id":"https:\/\/ferabrajan.com\/portal\/2020\/08\/01\/muere-jose-vicente-anaya-poeta-y-uno-de-los-fundadores-del-movimiento-infrarrealista-en-cdmx\/#primaryimage","url":"","contentUrl":""},{"@type":"BreadcrumbList","@id":"https:\/\/ferabrajan.com\/portal\/2020\/08\/01\/muere-jose-vicente-anaya-poeta-y-uno-de-los-fundadores-del-movimiento-infrarrealista-en-cdmx\/#breadcrumb","itemListElement":[{"@type":"ListItem","position":1,"name":"Portada","item":"https:\/\/ferabrajan.com\/portal\/"},{"@type":"ListItem","position":2,"name":"Muere Jos\u00e9 Vicente Anaya, poeta y uno de los fundadores del movimiento infrarrealista en CDMX"}]},{"@type":"WebSite","@id":"https:\/\/ferabrajan.com\/portal\/#website","url":"https:\/\/ferabrajan.com\/portal\/","name":"Fer Abrajan","description":"Noticias de Puebla, opini\u00f3n y radio en vivo","publisher":{"@id":"https:\/\/ferabrajan.com\/portal\/#organization"},"potentialAction":[{"@type":"SearchAction","target":{"@type":"EntryPoint","urlTemplate":"https:\/\/ferabrajan.com\/portal\/?s={search_term_string}"},"query-input":{"@type":"PropertyValueSpecification","valueRequired":true,"valueName":"search_term_string"}}],"inLanguage":"es"},{"@type":"Organization","@id":"https:\/\/ferabrajan.com\/portal\/#organization","name":"Fer Abrajan","url":"https:\/\/ferabrajan.com\/portal\/","logo":{"@type":"ImageObject","inLanguage":"es","@id":"https:\/\/ferabrajan.com\/portal\/#\/schema\/logo\/image\/","url":"https:\/\/ferabrajan.com\/portal\/wp-content\/uploads\/2024\/10\/cropped-logo.jpeg","contentUrl":"https:\/\/ferabrajan.com\/portal\/wp-content\/uploads\/2024\/10\/cropped-logo.jpeg","width":500,"height":250,"caption":"Fer Abrajan"},"image":{"@id":"https:\/\/ferabrajan.com\/portal\/#\/schema\/logo\/image\/"},"sameAs":["https:\/\/www.facebook.com\/NoticiasconFerAbrajan\/","https:\/\/x.com\/ferabrajan1"]},{"@type":"Person","@id":"https:\/\/ferabrajan.com\/portal\/#\/schema\/person\/f6113b3cb1e036d5c6a9505685b257ba","name":"admin","image":{"@type":"ImageObject","inLanguage":"es","@id":"https:\/\/secure.gravatar.com\/avatar\/072baa72775aad53c748dfc5d3048578e01b6c087eef335459ebfa04344e2d18?s=96&d=mm&r=g","url":"https:\/\/secure.gravatar.com\/avatar\/072baa72775aad53c748dfc5d3048578e01b6c087eef335459ebfa04344e2d18?s=96&d=mm&r=g","contentUrl":"https:\/\/secure.gravatar.com\/avatar\/072baa72775aad53c748dfc5d3048578e01b6c087eef335459ebfa04344e2d18?s=96&d=mm&r=g","caption":"admin"},"sameAs":["https:\/\/ferabrajan.com\/portal"],"url":"https:\/\/ferabrajan.com\/portal\/author\/admin\/"}]}},"_links":{"self":[{"href":"https:\/\/ferabrajan.com\/portal\/wp-json\/wp\/v2\/posts\/16046","targetHints":{"allow":["GET"]}}],"collection":[{"href":"https:\/\/ferabrajan.com\/portal\/wp-json\/wp\/v2\/posts"}],"about":[{"href":"https:\/\/ferabrajan.com\/portal\/wp-json\/wp\/v2\/types\/post"}],"author":[{"embeddable":true,"href":"https:\/\/ferabrajan.com\/portal\/wp-json\/wp\/v2\/users\/1"}],"replies":[{"embeddable":true,"href":"https:\/\/ferabrajan.com\/portal\/wp-json\/wp\/v2\/comments?post=16046"}],"version-history":[{"count":0,"href":"https:\/\/ferabrajan.com\/portal\/wp-json\/wp\/v2\/posts\/16046\/revisions"}],"wp:attachment":[{"href":"https:\/\/ferabrajan.com\/portal\/wp-json\/wp\/v2\/media?parent=16046"}],"wp:term":[{"taxonomy":"category","embeddable":true,"href":"https:\/\/ferabrajan.com\/portal\/wp-json\/wp\/v2\/categories?post=16046"},{"taxonomy":"post_tag","embeddable":true,"href":"https:\/\/ferabrajan.com\/portal\/wp-json\/wp\/v2\/tags?post=16046"}],"curies":[{"name":"wp","href":"https:\/\/api.w.org\/{rel}","templated":true}]}}