{"id":16041,"date":"2020-08-01T18:08:25","date_gmt":"2020-08-01T18:08:25","guid":{"rendered":"https:\/\/www.elsoldepuebla.com.mx\/policiaca\/la-capturan-por-el-presunto-asesinato-de-su-vecino-en-fraccionamiento-los-heroes-puebla-policiaca-5569674.html"},"modified":"2020-08-01T18:08:25","modified_gmt":"2020-08-01T18:08:25","slug":"la-capturan-por-el-presunto-asesinato-de-su-vecino-en-fraccionamiento-los-heroes","status":"publish","type":"post","link":"https:\/\/ferabrajan.com\/portal\/2020\/08\/01\/la-capturan-por-el-presunto-asesinato-de-su-vecino-en-fraccionamiento-los-heroes\/","title":{"rendered":"La capturan por el presunto asesinato de su vecino en Fraccionamiento Los H\u00e9roes"},"content":{"rendered":"<div><img decoding=\"async\" src=\"https:\/\/www.elsoldepuebla.com.mx\/incoming\/mnmvla-mujer-capturada\/ALTERNATES\/LANDSCAPE_1140\/MUJER%20CAPTURADA\" class=\"ff-og-image-inserted\"><\/div>\n<p>La mujer que presuntamente dispar\u00f3 y mat\u00f3 a un vecino del Fraccionamiento Los H\u00e9roes de Puebla la noche de jueves pasado por un supuesto conflicto entre l\u00edderes coloniales fue capturada de manera oportuna por elementos de la Polic\u00eda Municipal en calles de la colonia El Salvador. Se trata de Mar\u00eda del Carmen \u201cN.\u201d, de 47 a\u00f1os de edad.<\/p>\n<p>A trav\u00e9s del sistema de C\u00e1maras Lectoras de Matr\u00edculas (LPR), personal de la Direcci\u00f3n de Emergencias y Respuesta inmediata (DERI) tom\u00f3 conocimiento sobre la presencia de un veh\u00edculo Volkswagen, Vento, color blanco, posiblemente vinculado en la comisi\u00f3n de un hecho delictivo. Debido a lo anterior, Polic\u00edas Municipales desplegaron un operativo de b\u00fasqueda en inmediaciones de la colonia El Salvador, para la pronta localizaci\u00f3n del autom\u00f3vil.<\/p>\n<p>Como resultado de una exitosa intervenci\u00f3n, elementos de la Unidad T\u00e1ctica de Reacci\u00f3n (UTR) detectaron la unidad sobre la calle 20 de Noviembre, raz\u00f3n por la cual solicitaron a la conductora que detuviera su trayecto, sin embargo, la mujer atent\u00f3 contra la integridad de los Primeros Respondientes al continuar su marcha durante el proceso de entrevista.<\/p>\n<article class=\"policiaca media col-md-4 inline-story\"> <\/article>\n<p>Mediante la implementaci\u00f3n de labores t\u00e1ctico &#8211; operativas, las Fuerzas Municipales impidieron que la persona huyera del lugar. Paralelamente, se procedi\u00f3 al aseguramiento del automotor y detenci\u00f3n de quien se identific\u00f3 como Mar\u00eda del Carmen \u00abN.\u00bb por su probable participaci\u00f3n en hechos con apariencia de delitos cometidos contra funcionarios p\u00fablicos y ataques peligrosos.<\/p>\n<p>Con base en labores de inteligencia, se presume que la ahora detenida estar\u00eda relacionada en el homicidio de un joven, de 25 de a\u00f1os de edad, cometido el pasado 30 de julio en la colonia H\u00e9roes de Puebla. Respecto a este suceso, los primeros reportes policiales se\u00f1alaron que la agresi\u00f3n con detonaciones de arma de fuego, deriv\u00f3 de un conflicto entre l\u00edderes vecinales.<\/p>\n<p>Ante estos hechos, la indiciada y los elementos materiales probatorios quedaron a disposici\u00f3n del Agente del Ministerio P\u00fablico para la apertura de la Carpeta de Investigaci\u00f3n correspondiente.<\/p>\n<article class=\"policiaca media col-md-4 inline-story\"> <\/article>\n<article class=\"policiaca media col-md-4 inline-story\"> <\/article>\n<article class=\"policiaca media col-md-4 inline-story\"> <\/article>\n<p>Publicaci\u00f3n Original: <a href=\"https:\/\/www.elsoldepuebla.com.mx\/policiaca\/la-capturan-por-el-presunto-asesinato-de-su-vecino-en-fraccionamiento-los-heroes-puebla-policiaca-5569674.html\" target=\"_blank\" rel=\"noopener noreferrer\">https:\/\/www.elsoldepuebla.com.mx\/policiaca\/la-capturan-por-el-presunto-asesinato-de-su-vecino-en-fraccionamiento-los-heroes-puebla-policiaca-5569674.html<\/a><\/p>\n","protected":false},"excerpt":{"rendered":"<p>La mujer que presuntamente dispar\u00f3 y mat\u00f3 a un vecino del Fraccionamiento Los H\u00e9roes de Puebla la noche de jueves pasado por un supuesto conflicto entre l\u00edderes coloniales fue capturada de manera oportuna por elementos de la Polic\u00eda Municipal en calles de la colonia El Salvador. Se trata de Mar\u00eda del Carmen \u201cN.\u201d, de 47 a\u00f1os de edad. A trav\u00e9s del sistema de C\u00e1maras Lectoras de Matr\u00edculas (LPR), personal de la Direcci\u00f3n de Emergencias y Respuesta inmediata (DERI) tom\u00f3 conocimiento sobre la presencia de un veh\u00edculo Volkswagen, Vento, color blanco, posiblemente vinculado en la comisi\u00f3n de un hecho delictivo. Debido a lo anterior, Polic\u00edas Municipales desplegaron un operativo de b\u00fasqueda en inmediaciones de la colonia El Salvador, para la pronta localizaci\u00f3n del autom\u00f3vil. Como resultado de una exitosa intervenci\u00f3n, elementos de la Unidad T\u00e1ctica de Reacci\u00f3n (UTR) detectaron la unidad sobre la calle 20 de Noviembre, raz\u00f3n por la cual solicitaron a la conductora que detuviera su trayecto, sin embargo, la mujer atent\u00f3 contra la integridad de los Primeros Respondientes al continuar su marcha durante el proceso de entrevista. Mediante la implementaci\u00f3n de labores t\u00e1ctico &#8211; operativas, las Fuerzas Municipales impidieron que la persona huyera del lugar. Paralelamente, se procedi\u00f3 al aseguramiento del automotor y detenci\u00f3n de quien se identific\u00f3 como Mar\u00eda del Carmen \u00abN.\u00bb por su probable participaci\u00f3n en hechos con apariencia de delitos cometidos contra funcionarios p\u00fablicos y ataques peligrosos. Con base en labores de inteligencia, se presume que la ahora detenida estar\u00eda relacionada en el homicidio de un joven, de 25 de a\u00f1os de edad, cometido el pasado 30 de julio en la colonia H\u00e9roes de Puebla. Respecto a este suceso, los primeros reportes policiales se\u00f1alaron que la agresi\u00f3n con detonaciones de arma de fuego, deriv\u00f3 de un conflicto entre l\u00edderes vecinales. Ante estos hechos, la indiciada y los elementos materiales probatorios quedaron a disposici\u00f3n del Agente del Ministerio P\u00fablico para la apertura de la Carpeta de Investigaci\u00f3n correspondiente. Publicaci\u00f3n Original: https:\/\/www.elsoldepuebla.com.mx\/policiaca\/la-capturan-por-el-presunto-asesinato-de-su-vecino-en-fraccionamiento-los-heroes-puebla-policiaca-5569674.html<\/p>\n","protected":false},"author":1,"featured_media":16045,"comment_status":"closed","ping_status":"closed","sticky":false,"template":"","format":"standard","meta":{"_monsterinsights_skip_tracking":false,"_uf_show_specific_survey":0,"_uf_disable_surveys":false,"footnotes":""},"categories":[34],"tags":[],"class_list":["post-16041","post","type-post","status-publish","format-standard","has-post-thumbnail","hentry","category-puebla"],"yoast_head":"<!-- This site is optimized with the Yoast SEO plugin v27.5 - https:\/\/yoast.com\/product\/yoast-seo-wordpress\/ -->\n<title>La capturan por el presunto asesinato de su vecino en Fraccionamiento Los H\u00e9roes - Fer Abrajan<\/title>\n<meta name=\"robots\" content=\"index, follow, max-snippet:-1, max-image-preview:large, max-video-preview:-1\" \/>\n<link rel=\"canonical\" href=\"https:\/\/ferabrajan.com\/portal\/2020\/08\/01\/la-capturan-por-el-presunto-asesinato-de-su-vecino-en-fraccionamiento-los-heroes\/\" \/>\n<meta property=\"og:locale\" content=\"es_ES\" \/>\n<meta property=\"og:type\" content=\"article\" \/>\n<meta property=\"og:title\" content=\"La capturan por el presunto asesinato de su vecino en Fraccionamiento Los H\u00e9roes - Fer Abrajan\" \/>\n<meta property=\"og:description\" content=\"La mujer que presuntamente dispar\u00f3 y mat\u00f3 a un vecino del Fraccionamiento Los H\u00e9roes de Puebla la noche de jueves pasado por un supuesto conflicto entre l\u00edderes coloniales fue capturada de manera oportuna por elementos de la Polic\u00eda Municipal en calles de la colonia El Salvador. Se trata de Mar\u00eda del Carmen \u201cN.\u201d, de 47 a\u00f1os de edad. A trav\u00e9s del sistema de C\u00e1maras Lectoras de Matr\u00edculas (LPR), personal de la Direcci\u00f3n de Emergencias y Respuesta inmediata (DERI) tom\u00f3 conocimiento sobre la presencia de un veh\u00edculo Volkswagen, Vento, color blanco, posiblemente vinculado en la comisi\u00f3n de un hecho delictivo. Debido a lo anterior, Polic\u00edas Municipales desplegaron un operativo de b\u00fasqueda en inmediaciones de la colonia El Salvador, para la pronta localizaci\u00f3n del autom\u00f3vil. Como resultado de una exitosa intervenci\u00f3n, elementos de la Unidad T\u00e1ctica de Reacci\u00f3n (UTR) detectaron la unidad sobre la calle 20 de Noviembre, raz\u00f3n por la cual solicitaron a la conductora que detuviera su trayecto, sin embargo, la mujer atent\u00f3 contra la integridad de los Primeros Respondientes al continuar su marcha durante el proceso de entrevista. Mediante la implementaci\u00f3n de labores t\u00e1ctico &#8211; operativas, las Fuerzas Municipales impidieron que la persona huyera del lugar. Paralelamente, se procedi\u00f3 al aseguramiento del automotor y detenci\u00f3n de quien se identific\u00f3 como Mar\u00eda del Carmen \u00abN.\u00bb por su probable participaci\u00f3n en hechos con apariencia de delitos cometidos contra funcionarios p\u00fablicos y ataques peligrosos. Con base en labores de inteligencia, se presume que la ahora detenida estar\u00eda relacionada en el homicidio de un joven, de 25 de a\u00f1os de edad, cometido el pasado 30 de julio en la colonia H\u00e9roes de Puebla. Respecto a este suceso, los primeros reportes policiales se\u00f1alaron que la agresi\u00f3n con detonaciones de arma de fuego, deriv\u00f3 de un conflicto entre l\u00edderes vecinales. Ante estos hechos, la indiciada y los elementos materiales probatorios quedaron a disposici\u00f3n del Agente del Ministerio P\u00fablico para la apertura de la Carpeta de Investigaci\u00f3n correspondiente. Publicaci\u00f3n Original: https:\/\/www.elsoldepuebla.com.mx\/policiaca\/la-capturan-por-el-presunto-asesinato-de-su-vecino-en-fraccionamiento-los-heroes-puebla-policiaca-5569674.html\" \/>\n<meta property=\"og:url\" content=\"https:\/\/ferabrajan.com\/portal\/2020\/08\/01\/la-capturan-por-el-presunto-asesinato-de-su-vecino-en-fraccionamiento-los-heroes\/\" \/>\n<meta property=\"og:site_name\" content=\"Fer Abrajan\" \/>\n<meta property=\"article:publisher\" content=\"https:\/\/www.facebook.com\/NoticiasconFerAbrajan\/\" \/>\n<meta property=\"article:published_time\" content=\"2020-08-01T18:08:25+00:00\" \/>\n<meta name=\"author\" content=\"admin\" \/>\n<meta name=\"twitter:card\" content=\"summary_large_image\" \/>\n<meta name=\"twitter:creator\" content=\"@ferabrajan1\" \/>\n<meta name=\"twitter:site\" content=\"@ferabrajan1\" \/>\n<meta name=\"twitter:label1\" content=\"Escrito por\" \/>\n\t<meta name=\"twitter:data1\" content=\"admin\" \/>\n\t<meta name=\"twitter:label2\" content=\"Tiempo de lectura\" \/>\n\t<meta name=\"twitter:data2\" content=\"2 minutos\" \/>\n<script type=\"application\/ld+json\" class=\"yoast-schema-graph\">{\"@context\":\"https:\\\/\\\/schema.org\",\"@graph\":[{\"@type\":\"Article\",\"@id\":\"https:\\\/\\\/ferabrajan.com\\\/portal\\\/2020\\\/08\\\/01\\\/la-capturan-por-el-presunto-asesinato-de-su-vecino-en-fraccionamiento-los-heroes\\\/#article\",\"isPartOf\":{\"@id\":\"https:\\\/\\\/ferabrajan.com\\\/portal\\\/2020\\\/08\\\/01\\\/la-capturan-por-el-presunto-asesinato-de-su-vecino-en-fraccionamiento-los-heroes\\\/\"},\"author\":{\"name\":\"admin\",\"@id\":\"https:\\\/\\\/ferabrajan.com\\\/portal\\\/#\\\/schema\\\/person\\\/f6113b3cb1e036d5c6a9505685b257ba\"},\"headline\":\"La capturan por el presunto asesinato de su vecino en Fraccionamiento Los H\u00e9roes\",\"datePublished\":\"2020-08-01T18:08:25+00:00\",\"mainEntityOfPage\":{\"@id\":\"https:\\\/\\\/ferabrajan.com\\\/portal\\\/2020\\\/08\\\/01\\\/la-capturan-por-el-presunto-asesinato-de-su-vecino-en-fraccionamiento-los-heroes\\\/\"},\"wordCount\":377,\"publisher\":{\"@id\":\"https:\\\/\\\/ferabrajan.com\\\/portal\\\/#organization\"},\"image\":{\"@id\":\"https:\\\/\\\/ferabrajan.com\\\/portal\\\/2020\\\/08\\\/01\\\/la-capturan-por-el-presunto-asesinato-de-su-vecino-en-fraccionamiento-los-heroes\\\/#primaryimage\"},\"thumbnailUrl\":\"\",\"articleSection\":[\"Puebla\"],\"inLanguage\":\"es\"},{\"@type\":\"WebPage\",\"@id\":\"https:\\\/\\\/ferabrajan.com\\\/portal\\\/2020\\\/08\\\/01\\\/la-capturan-por-el-presunto-asesinato-de-su-vecino-en-fraccionamiento-los-heroes\\\/\",\"url\":\"https:\\\/\\\/ferabrajan.com\\\/portal\\\/2020\\\/08\\\/01\\\/la-capturan-por-el-presunto-asesinato-de-su-vecino-en-fraccionamiento-los-heroes\\\/\",\"name\":\"La capturan por el presunto asesinato de su vecino en Fraccionamiento Los H\u00e9roes - Fer Abrajan\",\"isPartOf\":{\"@id\":\"https:\\\/\\\/ferabrajan.com\\\/portal\\\/#website\"},\"primaryImageOfPage\":{\"@id\":\"https:\\\/\\\/ferabrajan.com\\\/portal\\\/2020\\\/08\\\/01\\\/la-capturan-por-el-presunto-asesinato-de-su-vecino-en-fraccionamiento-los-heroes\\\/#primaryimage\"},\"image\":{\"@id\":\"https:\\\/\\\/ferabrajan.com\\\/portal\\\/2020\\\/08\\\/01\\\/la-capturan-por-el-presunto-asesinato-de-su-vecino-en-fraccionamiento-los-heroes\\\/#primaryimage\"},\"thumbnailUrl\":\"\",\"datePublished\":\"2020-08-01T18:08:25+00:00\",\"breadcrumb\":{\"@id\":\"https:\\\/\\\/ferabrajan.com\\\/portal\\\/2020\\\/08\\\/01\\\/la-capturan-por-el-presunto-asesinato-de-su-vecino-en-fraccionamiento-los-heroes\\\/#breadcrumb\"},\"inLanguage\":\"es\",\"potentialAction\":[{\"@type\":\"ReadAction\",\"target\":[\"https:\\\/\\\/ferabrajan.com\\\/portal\\\/2020\\\/08\\\/01\\\/la-capturan-por-el-presunto-asesinato-de-su-vecino-en-fraccionamiento-los-heroes\\\/\"]}]},{\"@type\":\"ImageObject\",\"inLanguage\":\"es\",\"@id\":\"https:\\\/\\\/ferabrajan.com\\\/portal\\\/2020\\\/08\\\/01\\\/la-capturan-por-el-presunto-asesinato-de-su-vecino-en-fraccionamiento-los-heroes\\\/#primaryimage\",\"url\":\"\",\"contentUrl\":\"\"},{\"@type\":\"BreadcrumbList\",\"@id\":\"https:\\\/\\\/ferabrajan.com\\\/portal\\\/2020\\\/08\\\/01\\\/la-capturan-por-el-presunto-asesinato-de-su-vecino-en-fraccionamiento-los-heroes\\\/#breadcrumb\",\"itemListElement\":[{\"@type\":\"ListItem\",\"position\":1,\"name\":\"Portada\",\"item\":\"https:\\\/\\\/ferabrajan.com\\\/portal\\\/\"},{\"@type\":\"ListItem\",\"position\":2,\"name\":\"La capturan por el presunto asesinato de su vecino en Fraccionamiento Los H\u00e9roes\"}]},{\"@type\":\"WebSite\",\"@id\":\"https:\\\/\\\/ferabrajan.com\\\/portal\\\/#website\",\"url\":\"https:\\\/\\\/ferabrajan.com\\\/portal\\\/\",\"name\":\"Fer Abrajan\",\"description\":\"Noticias de Puebla, opini\u00f3n y radio en vivo\",\"publisher\":{\"@id\":\"https:\\\/\\\/ferabrajan.com\\\/portal\\\/#organization\"},\"potentialAction\":[{\"@type\":\"SearchAction\",\"target\":{\"@type\":\"EntryPoint\",\"urlTemplate\":\"https:\\\/\\\/ferabrajan.com\\\/portal\\\/?s={search_term_string}\"},\"query-input\":{\"@type\":\"PropertyValueSpecification\",\"valueRequired\":true,\"valueName\":\"search_term_string\"}}],\"inLanguage\":\"es\"},{\"@type\":\"Organization\",\"@id\":\"https:\\\/\\\/ferabrajan.com\\\/portal\\\/#organization\",\"name\":\"Fer Abrajan\",\"url\":\"https:\\\/\\\/ferabrajan.com\\\/portal\\\/\",\"logo\":{\"@type\":\"ImageObject\",\"inLanguage\":\"es\",\"@id\":\"https:\\\/\\\/ferabrajan.com\\\/portal\\\/#\\\/schema\\\/logo\\\/image\\\/\",\"url\":\"https:\\\/\\\/ferabrajan.com\\\/portal\\\/wp-content\\\/uploads\\\/2024\\\/10\\\/cropped-logo.jpeg\",\"contentUrl\":\"https:\\\/\\\/ferabrajan.com\\\/portal\\\/wp-content\\\/uploads\\\/2024\\\/10\\\/cropped-logo.jpeg\",\"width\":500,\"height\":250,\"caption\":\"Fer Abrajan\"},\"image\":{\"@id\":\"https:\\\/\\\/ferabrajan.com\\\/portal\\\/#\\\/schema\\\/logo\\\/image\\\/\"},\"sameAs\":[\"https:\\\/\\\/www.facebook.com\\\/NoticiasconFerAbrajan\\\/\",\"https:\\\/\\\/x.com\\\/ferabrajan1\"]},{\"@type\":\"Person\",\"@id\":\"https:\\\/\\\/ferabrajan.com\\\/portal\\\/#\\\/schema\\\/person\\\/f6113b3cb1e036d5c6a9505685b257ba\",\"name\":\"admin\",\"image\":{\"@type\":\"ImageObject\",\"inLanguage\":\"es\",\"@id\":\"https:\\\/\\\/secure.gravatar.com\\\/avatar\\\/072baa72775aad53c748dfc5d3048578e01b6c087eef335459ebfa04344e2d18?s=96&d=mm&r=g\",\"url\":\"https:\\\/\\\/secure.gravatar.com\\\/avatar\\\/072baa72775aad53c748dfc5d3048578e01b6c087eef335459ebfa04344e2d18?s=96&d=mm&r=g\",\"contentUrl\":\"https:\\\/\\\/secure.gravatar.com\\\/avatar\\\/072baa72775aad53c748dfc5d3048578e01b6c087eef335459ebfa04344e2d18?s=96&d=mm&r=g\",\"caption\":\"admin\"},\"sameAs\":[\"https:\\\/\\\/ferabrajan.com\\\/portal\"],\"url\":\"https:\\\/\\\/ferabrajan.com\\\/portal\\\/author\\\/admin\\\/\"}]}<\/script>\n<!-- \/ Yoast SEO plugin. -->","yoast_head_json":{"title":"La capturan por el presunto asesinato de su vecino en Fraccionamiento Los H\u00e9roes - Fer Abrajan","robots":{"index":"index","follow":"follow","max-snippet":"max-snippet:-1","max-image-preview":"max-image-preview:large","max-video-preview":"max-video-preview:-1"},"canonical":"https:\/\/ferabrajan.com\/portal\/2020\/08\/01\/la-capturan-por-el-presunto-asesinato-de-su-vecino-en-fraccionamiento-los-heroes\/","og_locale":"es_ES","og_type":"article","og_title":"La capturan por el presunto asesinato de su vecino en Fraccionamiento Los H\u00e9roes - Fer Abrajan","og_description":"La mujer que presuntamente dispar\u00f3 y mat\u00f3 a un vecino del Fraccionamiento Los H\u00e9roes de Puebla la noche de jueves pasado por un supuesto conflicto entre l\u00edderes coloniales fue capturada de manera oportuna por elementos de la Polic\u00eda Municipal en calles de la colonia El Salvador. Se trata de Mar\u00eda del Carmen \u201cN.\u201d, de 47 a\u00f1os de edad. A trav\u00e9s del sistema de C\u00e1maras Lectoras de Matr\u00edculas (LPR), personal de la Direcci\u00f3n de Emergencias y Respuesta inmediata (DERI) tom\u00f3 conocimiento sobre la presencia de un veh\u00edculo Volkswagen, Vento, color blanco, posiblemente vinculado en la comisi\u00f3n de un hecho delictivo. Debido a lo anterior, Polic\u00edas Municipales desplegaron un operativo de b\u00fasqueda en inmediaciones de la colonia El Salvador, para la pronta localizaci\u00f3n del autom\u00f3vil. Como resultado de una exitosa intervenci\u00f3n, elementos de la Unidad T\u00e1ctica de Reacci\u00f3n (UTR) detectaron la unidad sobre la calle 20 de Noviembre, raz\u00f3n por la cual solicitaron a la conductora que detuviera su trayecto, sin embargo, la mujer atent\u00f3 contra la integridad de los Primeros Respondientes al continuar su marcha durante el proceso de entrevista. Mediante la implementaci\u00f3n de labores t\u00e1ctico &#8211; operativas, las Fuerzas Municipales impidieron que la persona huyera del lugar. Paralelamente, se procedi\u00f3 al aseguramiento del automotor y detenci\u00f3n de quien se identific\u00f3 como Mar\u00eda del Carmen \u00abN.\u00bb por su probable participaci\u00f3n en hechos con apariencia de delitos cometidos contra funcionarios p\u00fablicos y ataques peligrosos. Con base en labores de inteligencia, se presume que la ahora detenida estar\u00eda relacionada en el homicidio de un joven, de 25 de a\u00f1os de edad, cometido el pasado 30 de julio en la colonia H\u00e9roes de Puebla. Respecto a este suceso, los primeros reportes policiales se\u00f1alaron que la agresi\u00f3n con detonaciones de arma de fuego, deriv\u00f3 de un conflicto entre l\u00edderes vecinales. Ante estos hechos, la indiciada y los elementos materiales probatorios quedaron a disposici\u00f3n del Agente del Ministerio P\u00fablico para la apertura de la Carpeta de Investigaci\u00f3n correspondiente. Publicaci\u00f3n Original: https:\/\/www.elsoldepuebla.com.mx\/policiaca\/la-capturan-por-el-presunto-asesinato-de-su-vecino-en-fraccionamiento-los-heroes-puebla-policiaca-5569674.html","og_url":"https:\/\/ferabrajan.com\/portal\/2020\/08\/01\/la-capturan-por-el-presunto-asesinato-de-su-vecino-en-fraccionamiento-los-heroes\/","og_site_name":"Fer Abrajan","article_publisher":"https:\/\/www.facebook.com\/NoticiasconFerAbrajan\/","article_published_time":"2020-08-01T18:08:25+00:00","author":"admin","twitter_card":"summary_large_image","twitter_creator":"@ferabrajan1","twitter_site":"@ferabrajan1","twitter_misc":{"Escrito por":"admin","Tiempo de lectura":"2 minutos"},"schema":{"@context":"https:\/\/schema.org","@graph":[{"@type":"Article","@id":"https:\/\/ferabrajan.com\/portal\/2020\/08\/01\/la-capturan-por-el-presunto-asesinato-de-su-vecino-en-fraccionamiento-los-heroes\/#article","isPartOf":{"@id":"https:\/\/ferabrajan.com\/portal\/2020\/08\/01\/la-capturan-por-el-presunto-asesinato-de-su-vecino-en-fraccionamiento-los-heroes\/"},"author":{"name":"admin","@id":"https:\/\/ferabrajan.com\/portal\/#\/schema\/person\/f6113b3cb1e036d5c6a9505685b257ba"},"headline":"La capturan por el presunto asesinato de su vecino en Fraccionamiento Los H\u00e9roes","datePublished":"2020-08-01T18:08:25+00:00","mainEntityOfPage":{"@id":"https:\/\/ferabrajan.com\/portal\/2020\/08\/01\/la-capturan-por-el-presunto-asesinato-de-su-vecino-en-fraccionamiento-los-heroes\/"},"wordCount":377,"publisher":{"@id":"https:\/\/ferabrajan.com\/portal\/#organization"},"image":{"@id":"https:\/\/ferabrajan.com\/portal\/2020\/08\/01\/la-capturan-por-el-presunto-asesinato-de-su-vecino-en-fraccionamiento-los-heroes\/#primaryimage"},"thumbnailUrl":"","articleSection":["Puebla"],"inLanguage":"es"},{"@type":"WebPage","@id":"https:\/\/ferabrajan.com\/portal\/2020\/08\/01\/la-capturan-por-el-presunto-asesinato-de-su-vecino-en-fraccionamiento-los-heroes\/","url":"https:\/\/ferabrajan.com\/portal\/2020\/08\/01\/la-capturan-por-el-presunto-asesinato-de-su-vecino-en-fraccionamiento-los-heroes\/","name":"La capturan por el presunto asesinato de su vecino en Fraccionamiento Los H\u00e9roes - Fer Abrajan","isPartOf":{"@id":"https:\/\/ferabrajan.com\/portal\/#website"},"primaryImageOfPage":{"@id":"https:\/\/ferabrajan.com\/portal\/2020\/08\/01\/la-capturan-por-el-presunto-asesinato-de-su-vecino-en-fraccionamiento-los-heroes\/#primaryimage"},"image":{"@id":"https:\/\/ferabrajan.com\/portal\/2020\/08\/01\/la-capturan-por-el-presunto-asesinato-de-su-vecino-en-fraccionamiento-los-heroes\/#primaryimage"},"thumbnailUrl":"","datePublished":"2020-08-01T18:08:25+00:00","breadcrumb":{"@id":"https:\/\/ferabrajan.com\/portal\/2020\/08\/01\/la-capturan-por-el-presunto-asesinato-de-su-vecino-en-fraccionamiento-los-heroes\/#breadcrumb"},"inLanguage":"es","potentialAction":[{"@type":"ReadAction","target":["https:\/\/ferabrajan.com\/portal\/2020\/08\/01\/la-capturan-por-el-presunto-asesinato-de-su-vecino-en-fraccionamiento-los-heroes\/"]}]},{"@type":"ImageObject","inLanguage":"es","@id":"https:\/\/ferabrajan.com\/portal\/2020\/08\/01\/la-capturan-por-el-presunto-asesinato-de-su-vecino-en-fraccionamiento-los-heroes\/#primaryimage","url":"","contentUrl":""},{"@type":"BreadcrumbList","@id":"https:\/\/ferabrajan.com\/portal\/2020\/08\/01\/la-capturan-por-el-presunto-asesinato-de-su-vecino-en-fraccionamiento-los-heroes\/#breadcrumb","itemListElement":[{"@type":"ListItem","position":1,"name":"Portada","item":"https:\/\/ferabrajan.com\/portal\/"},{"@type":"ListItem","position":2,"name":"La capturan por el presunto asesinato de su vecino en Fraccionamiento Los H\u00e9roes"}]},{"@type":"WebSite","@id":"https:\/\/ferabrajan.com\/portal\/#website","url":"https:\/\/ferabrajan.com\/portal\/","name":"Fer Abrajan","description":"Noticias de Puebla, opini\u00f3n y radio en vivo","publisher":{"@id":"https:\/\/ferabrajan.com\/portal\/#organization"},"potentialAction":[{"@type":"SearchAction","target":{"@type":"EntryPoint","urlTemplate":"https:\/\/ferabrajan.com\/portal\/?s={search_term_string}"},"query-input":{"@type":"PropertyValueSpecification","valueRequired":true,"valueName":"search_term_string"}}],"inLanguage":"es"},{"@type":"Organization","@id":"https:\/\/ferabrajan.com\/portal\/#organization","name":"Fer Abrajan","url":"https:\/\/ferabrajan.com\/portal\/","logo":{"@type":"ImageObject","inLanguage":"es","@id":"https:\/\/ferabrajan.com\/portal\/#\/schema\/logo\/image\/","url":"https:\/\/ferabrajan.com\/portal\/wp-content\/uploads\/2024\/10\/cropped-logo.jpeg","contentUrl":"https:\/\/ferabrajan.com\/portal\/wp-content\/uploads\/2024\/10\/cropped-logo.jpeg","width":500,"height":250,"caption":"Fer Abrajan"},"image":{"@id":"https:\/\/ferabrajan.com\/portal\/#\/schema\/logo\/image\/"},"sameAs":["https:\/\/www.facebook.com\/NoticiasconFerAbrajan\/","https:\/\/x.com\/ferabrajan1"]},{"@type":"Person","@id":"https:\/\/ferabrajan.com\/portal\/#\/schema\/person\/f6113b3cb1e036d5c6a9505685b257ba","name":"admin","image":{"@type":"ImageObject","inLanguage":"es","@id":"https:\/\/secure.gravatar.com\/avatar\/072baa72775aad53c748dfc5d3048578e01b6c087eef335459ebfa04344e2d18?s=96&d=mm&r=g","url":"https:\/\/secure.gravatar.com\/avatar\/072baa72775aad53c748dfc5d3048578e01b6c087eef335459ebfa04344e2d18?s=96&d=mm&r=g","contentUrl":"https:\/\/secure.gravatar.com\/avatar\/072baa72775aad53c748dfc5d3048578e01b6c087eef335459ebfa04344e2d18?s=96&d=mm&r=g","caption":"admin"},"sameAs":["https:\/\/ferabrajan.com\/portal"],"url":"https:\/\/ferabrajan.com\/portal\/author\/admin\/"}]}},"_links":{"self":[{"href":"https:\/\/ferabrajan.com\/portal\/wp-json\/wp\/v2\/posts\/16041","targetHints":{"allow":["GET"]}}],"collection":[{"href":"https:\/\/ferabrajan.com\/portal\/wp-json\/wp\/v2\/posts"}],"about":[{"href":"https:\/\/ferabrajan.com\/portal\/wp-json\/wp\/v2\/types\/post"}],"author":[{"embeddable":true,"href":"https:\/\/ferabrajan.com\/portal\/wp-json\/wp\/v2\/users\/1"}],"replies":[{"embeddable":true,"href":"https:\/\/ferabrajan.com\/portal\/wp-json\/wp\/v2\/comments?post=16041"}],"version-history":[{"count":0,"href":"https:\/\/ferabrajan.com\/portal\/wp-json\/wp\/v2\/posts\/16041\/revisions"}],"wp:attachment":[{"href":"https:\/\/ferabrajan.com\/portal\/wp-json\/wp\/v2\/media?parent=16041"}],"wp:term":[{"taxonomy":"category","embeddable":true,"href":"https:\/\/ferabrajan.com\/portal\/wp-json\/wp\/v2\/categories?post=16041"},{"taxonomy":"post_tag","embeddable":true,"href":"https:\/\/ferabrajan.com\/portal\/wp-json\/wp\/v2\/tags?post=16041"}],"curies":[{"name":"wp","href":"https:\/\/api.w.org\/{rel}","templated":true}]}}