{"id":16007,"date":"2020-07-31T13:59:00","date_gmt":"2020-07-31T13:59:00","guid":{"rendered":"https:\/\/www.ferabrajan.com\/2020\/07\/31\/admite-sheinbaum-diferencias-con-ssa-por-semaforo-en-la-cdmx\/"},"modified":"2020-07-31T13:59:00","modified_gmt":"2020-07-31T13:59:00","slug":"admite-sheinbaum-diferencias-con-ssa-por-semaforo-en-la-cdmx","status":"publish","type":"post","link":"https:\/\/ferabrajan.com\/portal\/2020\/07\/31\/admite-sheinbaum-diferencias-con-ssa-por-semaforo-en-la-cdmx\/","title":{"rendered":"Admite Sheinbaum &#034;diferencias&#034; con Ssa por sem\u00e1foro en la CDMX"},"content":{"rendered":"<div><img decoding=\"async\" src=\"https:\/\/www.eluniversal.com.mx\/sites\/default\/files\/styles\/f03-651x400\/public\/2020\/07\/31\/sheinbaum-gatell.jpg?itok=HJZH8_Cq\" class=\"ff-og-image-inserted\"><\/div>\n<p>La jefa de Gobierno de la Ciudad de M\u00e9xico, <a href=\"https:\/\/www.eluniversal.com.mx\/metropoli\"><span>Claudia <strong>Sheinbaum<\/strong><\/span><\/a> Pardo, acept\u00f3 que hubo una <strong>diferencia con el gobierno federal<\/strong> para definir el color del <strong>sem\u00e1foro<\/strong> epidemiol\u00f3gico para la siguiente semana, pese a que la Secretar\u00eda de Salud federal propuso regresar al rojo, el gobierno capitalino decidi\u00f3 continuar con el naranja.<\/p>\n<p>\u00abEn este caso yo hablo por la Ciudad de M\u00e9xico, estamos en comunicaci\u00f3n permanente. En este caso hubo una diferencia en la valoraci\u00f3n, ellos hacen una sugerencia del sem\u00e1foro en la Ciudad de M\u00e9xico, nosotros de manera muy responsable informamos a la Secretar\u00eda de Salud de lo que consider\u00e1bamos y hacemos de manera muy responsable lo que consideramos para la Ciudad\u00bb, dijo.<\/p>\n<p>Tras cuestionarle si apoyaba el trabajo del Subsecretario de Prevenci\u00f3n y Promoci\u00f3n de la Salud<a href=\"https:\/\/www.eluniversal.com.mx\/nacion\"><span>, Hugo L\u00f3pez-Gatell,<\/span><\/a> consider\u00f3 que ha hecho un buen trabajo y pese a que ha habido diferencias, ella le brinda todo el apoyo.<\/p>\n<p>\u201cEn este caso siempre puede haber diferencias, eso es normal. Nosotros apoyamos al Presidente Andr\u00e9s Manuel L\u00f3pez Obrador, pero eso no quiere decir que con alguno de sus Secretarios, Subsecretarios, podamos tener una diferencia y particularmente en una valoraci\u00f3n del sem\u00e1foro en la Ciudad de M\u00e9xico\u201d, dijo.<\/p>\n<p><a href=\"https:\/\/www.eluniversal.com.mx\/opinion\/carlos-loret-de-mola\/estalla-sheinbaum-contra-lopez-gatell\"><span>Lee tambi\u00e9n Estalla Sheinbaum contra L\u00f3pez-Gatell<\/span><\/a><\/p>\n<p>Coment\u00f3 que la Ciudad de M\u00e9xico ha sido muy responsable orientando e&nbsp; informando con respecto a la pandemia por <a href=\"https:\/\/www.eluniversal.com.mx\/es-noticia\/nacion\/sociedad\/coronavirus-en-mexico\"><span>Covid-19<\/span><\/a>, y si es necesario tomar medidas de mayor o de disminuci\u00f3n de las actividades, para disminuir la pandemia, se tendr\u00e1n que hacer, \u201cpero en este momento no consideramos que sea necesario\u00bb.<\/p>\n<p>Con respecto a la propuesta del subsecretario L\u00f3pez Gatell de imponer sanciones a aquellas entidades que no acaten las medidas del sem\u00e1foro sanitario federal, Sheinbaum Pardo coment\u00f3 que, el pr\u00f3ximo lunes se llevar\u00e1 a cabo una reuni\u00f3n con la Secretar\u00eda de Gobernaci\u00f3n y con distintos gobernadores para hablar sobre el tema.<\/p>\n<p>\u201cLo importante es tener un dialogo, un consenso con respecto a los sem\u00e1foros, ha sido un control de la pandemia muy largo en nuestro pa\u00eds, eso tiene que ver con las caracter\u00edsticas de nuestro pa\u00eds y de cada una de las entidades de la rep\u00fablica; y es muy importante que sigamos en consenso, trabajando junto con el gobierno de M\u00e9xico para que, de manera unida, haya un control de la pandemia en toda la rep\u00fablica\u201d, expuso.<\/p>\n<p>cg<\/p>\n<p>Publicaci\u00f3n Original: <a href=\"https:\/\/www.eluniversal.com.mx\/metropoli\/cdmx\/admite-sheinbaum-diferencias-con-ssa-por-semaforo-en-la-cdmx\" target=\"_blank\" rel=\"noopener noreferrer\">https:\/\/www.eluniversal.com.mx\/metropoli\/cdmx\/admite-sheinbaum-diferencias-con-ssa-por-semaforo-en-la-cdmx<\/a><\/p>\n","protected":false},"excerpt":{"rendered":"<p>La jefa de Gobierno de la Ciudad de M\u00e9xico, Claudia Sheinbaum Pardo, acept\u00f3 que hubo una diferencia con el gobierno federal para definir el color del sem\u00e1foro epidemiol\u00f3gico para la siguiente semana, pese a que la Secretar\u00eda de Salud federal propuso regresar al rojo, el gobierno capitalino decidi\u00f3 continuar con el naranja. \u00abEn este caso yo hablo por la Ciudad de M\u00e9xico, estamos en comunicaci\u00f3n permanente. En este caso hubo una diferencia en la valoraci\u00f3n, ellos hacen una sugerencia del sem\u00e1foro en la Ciudad de M\u00e9xico, nosotros de manera muy responsable informamos a la Secretar\u00eda de Salud de lo que consider\u00e1bamos y hacemos de manera muy responsable lo que consideramos para la Ciudad\u00bb, dijo. Tras cuestionarle si apoyaba el trabajo del Subsecretario de Prevenci\u00f3n y Promoci\u00f3n de la Salud, Hugo L\u00f3pez-Gatell, consider\u00f3 que ha hecho un buen trabajo y pese a que ha habido diferencias, ella le brinda todo el apoyo. \u201cEn este caso siempre puede haber diferencias, eso es normal. Nosotros apoyamos al Presidente Andr\u00e9s Manuel L\u00f3pez Obrador, pero eso no quiere decir que con alguno de sus Secretarios, Subsecretarios, podamos tener una diferencia y particularmente en una valoraci\u00f3n del sem\u00e1foro en la Ciudad de M\u00e9xico\u201d, dijo. Lee tambi\u00e9n Estalla Sheinbaum contra L\u00f3pez-Gatell Coment\u00f3 que la Ciudad de M\u00e9xico ha sido muy responsable orientando e&nbsp; informando con respecto a la pandemia por Covid-19, y si es necesario tomar medidas de mayor o de disminuci\u00f3n de las actividades, para disminuir la pandemia, se tendr\u00e1n que hacer, \u201cpero en este momento no consideramos que sea necesario\u00bb. Con respecto a la propuesta del subsecretario L\u00f3pez Gatell de imponer sanciones a aquellas entidades que no acaten las medidas del sem\u00e1foro sanitario federal, Sheinbaum Pardo coment\u00f3 que, el pr\u00f3ximo lunes se llevar\u00e1 a cabo una reuni\u00f3n con la Secretar\u00eda de Gobernaci\u00f3n y con distintos gobernadores para hablar sobre el tema. \u201cLo importante es tener un dialogo, un consenso con respecto a los sem\u00e1foros, ha sido un control de la pandemia muy largo en nuestro pa\u00eds, eso tiene que ver con las caracter\u00edsticas de nuestro pa\u00eds y de cada una de las entidades de la rep\u00fablica; y es muy importante que sigamos en consenso, trabajando junto con el gobierno de M\u00e9xico para que, de manera unida, haya un control de la pandemia en toda la rep\u00fablica\u201d, expuso. cg Publicaci\u00f3n Original: https:\/\/www.eluniversal.com.mx\/metropoli\/cdmx\/admite-sheinbaum-diferencias-con-ssa-por-semaforo-en-la-cdmx<\/p>\n","protected":false},"author":1,"featured_media":16011,"comment_status":"open","ping_status":"closed","sticky":false,"template":"","format":"standard","meta":{"_monsterinsights_skip_tracking":false,"_uf_show_specific_survey":0,"_uf_disable_surveys":false,"footnotes":""},"categories":[36],"tags":[],"class_list":["post-16007","post","type-post","status-publish","format-standard","has-post-thumbnail","hentry","category-el-mundo"],"yoast_head":"<!-- This site is optimized with the Yoast SEO plugin v27.5 - https:\/\/yoast.com\/product\/yoast-seo-wordpress\/ -->\n<title>Admite Sheinbaum &#034;diferencias&#034; con Ssa por sem\u00e1foro en la CDMX - Fer Abrajan<\/title>\n<meta name=\"robots\" content=\"index, follow, max-snippet:-1, max-image-preview:large, max-video-preview:-1\" \/>\n<link rel=\"canonical\" href=\"https:\/\/ferabrajan.com\/portal\/2020\/07\/31\/admite-sheinbaum-diferencias-con-ssa-por-semaforo-en-la-cdmx\/\" \/>\n<meta property=\"og:locale\" content=\"es_ES\" \/>\n<meta property=\"og:type\" content=\"article\" \/>\n<meta property=\"og:title\" content=\"Admite Sheinbaum &#034;diferencias&#034; con Ssa por sem\u00e1foro en la CDMX - Fer Abrajan\" \/>\n<meta property=\"og:description\" content=\"La jefa de Gobierno de la Ciudad de M\u00e9xico, Claudia Sheinbaum Pardo, acept\u00f3 que hubo una diferencia con el gobierno federal para definir el color del sem\u00e1foro epidemiol\u00f3gico para la siguiente semana, pese a que la Secretar\u00eda de Salud federal propuso regresar al rojo, el gobierno capitalino decidi\u00f3 continuar con el naranja. \u00abEn este caso yo hablo por la Ciudad de M\u00e9xico, estamos en comunicaci\u00f3n permanente. En este caso hubo una diferencia en la valoraci\u00f3n, ellos hacen una sugerencia del sem\u00e1foro en la Ciudad de M\u00e9xico, nosotros de manera muy responsable informamos a la Secretar\u00eda de Salud de lo que consider\u00e1bamos y hacemos de manera muy responsable lo que consideramos para la Ciudad\u00bb, dijo. Tras cuestionarle si apoyaba el trabajo del Subsecretario de Prevenci\u00f3n y Promoci\u00f3n de la Salud, Hugo L\u00f3pez-Gatell, consider\u00f3 que ha hecho un buen trabajo y pese a que ha habido diferencias, ella le brinda todo el apoyo. \u201cEn este caso siempre puede haber diferencias, eso es normal. Nosotros apoyamos al Presidente Andr\u00e9s Manuel L\u00f3pez Obrador, pero eso no quiere decir que con alguno de sus Secretarios, Subsecretarios, podamos tener una diferencia y particularmente en una valoraci\u00f3n del sem\u00e1foro en la Ciudad de M\u00e9xico\u201d, dijo. Lee tambi\u00e9n Estalla Sheinbaum contra L\u00f3pez-Gatell Coment\u00f3 que la Ciudad de M\u00e9xico ha sido muy responsable orientando e&nbsp; informando con respecto a la pandemia por Covid-19, y si es necesario tomar medidas de mayor o de disminuci\u00f3n de las actividades, para disminuir la pandemia, se tendr\u00e1n que hacer, \u201cpero en este momento no consideramos que sea necesario\u00bb. Con respecto a la propuesta del subsecretario L\u00f3pez Gatell de imponer sanciones a aquellas entidades que no acaten las medidas del sem\u00e1foro sanitario federal, Sheinbaum Pardo coment\u00f3 que, el pr\u00f3ximo lunes se llevar\u00e1 a cabo una reuni\u00f3n con la Secretar\u00eda de Gobernaci\u00f3n y con distintos gobernadores para hablar sobre el tema. \u201cLo importante es tener un dialogo, un consenso con respecto a los sem\u00e1foros, ha sido un control de la pandemia muy largo en nuestro pa\u00eds, eso tiene que ver con las caracter\u00edsticas de nuestro pa\u00eds y de cada una de las entidades de la rep\u00fablica; y es muy importante que sigamos en consenso, trabajando junto con el gobierno de M\u00e9xico para que, de manera unida, haya un control de la pandemia en toda la rep\u00fablica\u201d, expuso. cg Publicaci\u00f3n Original: https:\/\/www.eluniversal.com.mx\/metropoli\/cdmx\/admite-sheinbaum-diferencias-con-ssa-por-semaforo-en-la-cdmx\" \/>\n<meta property=\"og:url\" content=\"https:\/\/ferabrajan.com\/portal\/2020\/07\/31\/admite-sheinbaum-diferencias-con-ssa-por-semaforo-en-la-cdmx\/\" \/>\n<meta property=\"og:site_name\" content=\"Fer Abrajan\" \/>\n<meta property=\"article:publisher\" content=\"https:\/\/www.facebook.com\/NoticiasconFerAbrajan\/\" \/>\n<meta property=\"article:published_time\" content=\"2020-07-31T13:59:00+00:00\" \/>\n<meta name=\"author\" content=\"admin\" \/>\n<meta name=\"twitter:card\" content=\"summary_large_image\" \/>\n<meta name=\"twitter:creator\" content=\"@ferabrajan1\" \/>\n<meta name=\"twitter:site\" content=\"@ferabrajan1\" \/>\n<meta name=\"twitter:label1\" content=\"Escrito por\" \/>\n\t<meta name=\"twitter:data1\" content=\"admin\" \/>\n\t<meta name=\"twitter:label2\" content=\"Tiempo de lectura\" \/>\n\t<meta name=\"twitter:data2\" content=\"2 minutos\" \/>\n<script type=\"application\/ld+json\" class=\"yoast-schema-graph\">{\"@context\":\"https:\\\/\\\/schema.org\",\"@graph\":[{\"@type\":\"Article\",\"@id\":\"https:\\\/\\\/ferabrajan.com\\\/portal\\\/2020\\\/07\\\/31\\\/admite-sheinbaum-diferencias-con-ssa-por-semaforo-en-la-cdmx\\\/#article\",\"isPartOf\":{\"@id\":\"https:\\\/\\\/ferabrajan.com\\\/portal\\\/2020\\\/07\\\/31\\\/admite-sheinbaum-diferencias-con-ssa-por-semaforo-en-la-cdmx\\\/\"},\"author\":{\"name\":\"admin\",\"@id\":\"https:\\\/\\\/ferabrajan.com\\\/portal\\\/#\\\/schema\\\/person\\\/f6113b3cb1e036d5c6a9505685b257ba\"},\"headline\":\"Admite Sheinbaum &#034;diferencias&#034; con Ssa por sem\u00e1foro en la CDMX\",\"datePublished\":\"2020-07-31T13:59:00+00:00\",\"mainEntityOfPage\":{\"@id\":\"https:\\\/\\\/ferabrajan.com\\\/portal\\\/2020\\\/07\\\/31\\\/admite-sheinbaum-diferencias-con-ssa-por-semaforo-en-la-cdmx\\\/\"},\"wordCount\":443,\"commentCount\":0,\"publisher\":{\"@id\":\"https:\\\/\\\/ferabrajan.com\\\/portal\\\/#organization\"},\"image\":{\"@id\":\"https:\\\/\\\/ferabrajan.com\\\/portal\\\/2020\\\/07\\\/31\\\/admite-sheinbaum-diferencias-con-ssa-por-semaforo-en-la-cdmx\\\/#primaryimage\"},\"thumbnailUrl\":\"\",\"articleSection\":[\"El Mundo\"],\"inLanguage\":\"es\"},{\"@type\":\"WebPage\",\"@id\":\"https:\\\/\\\/ferabrajan.com\\\/portal\\\/2020\\\/07\\\/31\\\/admite-sheinbaum-diferencias-con-ssa-por-semaforo-en-la-cdmx\\\/\",\"url\":\"https:\\\/\\\/ferabrajan.com\\\/portal\\\/2020\\\/07\\\/31\\\/admite-sheinbaum-diferencias-con-ssa-por-semaforo-en-la-cdmx\\\/\",\"name\":\"Admite Sheinbaum &#034;diferencias&#034; con Ssa por sem\u00e1foro en la CDMX - Fer Abrajan\",\"isPartOf\":{\"@id\":\"https:\\\/\\\/ferabrajan.com\\\/portal\\\/#website\"},\"primaryImageOfPage\":{\"@id\":\"https:\\\/\\\/ferabrajan.com\\\/portal\\\/2020\\\/07\\\/31\\\/admite-sheinbaum-diferencias-con-ssa-por-semaforo-en-la-cdmx\\\/#primaryimage\"},\"image\":{\"@id\":\"https:\\\/\\\/ferabrajan.com\\\/portal\\\/2020\\\/07\\\/31\\\/admite-sheinbaum-diferencias-con-ssa-por-semaforo-en-la-cdmx\\\/#primaryimage\"},\"thumbnailUrl\":\"\",\"datePublished\":\"2020-07-31T13:59:00+00:00\",\"breadcrumb\":{\"@id\":\"https:\\\/\\\/ferabrajan.com\\\/portal\\\/2020\\\/07\\\/31\\\/admite-sheinbaum-diferencias-con-ssa-por-semaforo-en-la-cdmx\\\/#breadcrumb\"},\"inLanguage\":\"es\",\"potentialAction\":[{\"@type\":\"ReadAction\",\"target\":[\"https:\\\/\\\/ferabrajan.com\\\/portal\\\/2020\\\/07\\\/31\\\/admite-sheinbaum-diferencias-con-ssa-por-semaforo-en-la-cdmx\\\/\"]}]},{\"@type\":\"ImageObject\",\"inLanguage\":\"es\",\"@id\":\"https:\\\/\\\/ferabrajan.com\\\/portal\\\/2020\\\/07\\\/31\\\/admite-sheinbaum-diferencias-con-ssa-por-semaforo-en-la-cdmx\\\/#primaryimage\",\"url\":\"\",\"contentUrl\":\"\"},{\"@type\":\"BreadcrumbList\",\"@id\":\"https:\\\/\\\/ferabrajan.com\\\/portal\\\/2020\\\/07\\\/31\\\/admite-sheinbaum-diferencias-con-ssa-por-semaforo-en-la-cdmx\\\/#breadcrumb\",\"itemListElement\":[{\"@type\":\"ListItem\",\"position\":1,\"name\":\"Portada\",\"item\":\"https:\\\/\\\/ferabrajan.com\\\/portal\\\/\"},{\"@type\":\"ListItem\",\"position\":2,\"name\":\"Admite Sheinbaum &#034;diferencias&#034; con Ssa por sem\u00e1foro en la CDMX\"}]},{\"@type\":\"WebSite\",\"@id\":\"https:\\\/\\\/ferabrajan.com\\\/portal\\\/#website\",\"url\":\"https:\\\/\\\/ferabrajan.com\\\/portal\\\/\",\"name\":\"Fer Abrajan\",\"description\":\"Noticias de Puebla, opini\u00f3n y radio en vivo\",\"publisher\":{\"@id\":\"https:\\\/\\\/ferabrajan.com\\\/portal\\\/#organization\"},\"potentialAction\":[{\"@type\":\"SearchAction\",\"target\":{\"@type\":\"EntryPoint\",\"urlTemplate\":\"https:\\\/\\\/ferabrajan.com\\\/portal\\\/?s={search_term_string}\"},\"query-input\":{\"@type\":\"PropertyValueSpecification\",\"valueRequired\":true,\"valueName\":\"search_term_string\"}}],\"inLanguage\":\"es\"},{\"@type\":\"Organization\",\"@id\":\"https:\\\/\\\/ferabrajan.com\\\/portal\\\/#organization\",\"name\":\"Fer Abrajan\",\"url\":\"https:\\\/\\\/ferabrajan.com\\\/portal\\\/\",\"logo\":{\"@type\":\"ImageObject\",\"inLanguage\":\"es\",\"@id\":\"https:\\\/\\\/ferabrajan.com\\\/portal\\\/#\\\/schema\\\/logo\\\/image\\\/\",\"url\":\"https:\\\/\\\/ferabrajan.com\\\/portal\\\/wp-content\\\/uploads\\\/2024\\\/10\\\/cropped-logo.jpeg\",\"contentUrl\":\"https:\\\/\\\/ferabrajan.com\\\/portal\\\/wp-content\\\/uploads\\\/2024\\\/10\\\/cropped-logo.jpeg\",\"width\":500,\"height\":250,\"caption\":\"Fer Abrajan\"},\"image\":{\"@id\":\"https:\\\/\\\/ferabrajan.com\\\/portal\\\/#\\\/schema\\\/logo\\\/image\\\/\"},\"sameAs\":[\"https:\\\/\\\/www.facebook.com\\\/NoticiasconFerAbrajan\\\/\",\"https:\\\/\\\/x.com\\\/ferabrajan1\"]},{\"@type\":\"Person\",\"@id\":\"https:\\\/\\\/ferabrajan.com\\\/portal\\\/#\\\/schema\\\/person\\\/f6113b3cb1e036d5c6a9505685b257ba\",\"name\":\"admin\",\"image\":{\"@type\":\"ImageObject\",\"inLanguage\":\"es\",\"@id\":\"https:\\\/\\\/secure.gravatar.com\\\/avatar\\\/072baa72775aad53c748dfc5d3048578e01b6c087eef335459ebfa04344e2d18?s=96&d=mm&r=g\",\"url\":\"https:\\\/\\\/secure.gravatar.com\\\/avatar\\\/072baa72775aad53c748dfc5d3048578e01b6c087eef335459ebfa04344e2d18?s=96&d=mm&r=g\",\"contentUrl\":\"https:\\\/\\\/secure.gravatar.com\\\/avatar\\\/072baa72775aad53c748dfc5d3048578e01b6c087eef335459ebfa04344e2d18?s=96&d=mm&r=g\",\"caption\":\"admin\"},\"sameAs\":[\"https:\\\/\\\/ferabrajan.com\\\/portal\"],\"url\":\"https:\\\/\\\/ferabrajan.com\\\/portal\\\/author\\\/admin\\\/\"}]}<\/script>\n<!-- \/ Yoast SEO plugin. -->","yoast_head_json":{"title":"Admite Sheinbaum &#034;diferencias&#034; con Ssa por sem\u00e1foro en la CDMX - Fer Abrajan","robots":{"index":"index","follow":"follow","max-snippet":"max-snippet:-1","max-image-preview":"max-image-preview:large","max-video-preview":"max-video-preview:-1"},"canonical":"https:\/\/ferabrajan.com\/portal\/2020\/07\/31\/admite-sheinbaum-diferencias-con-ssa-por-semaforo-en-la-cdmx\/","og_locale":"es_ES","og_type":"article","og_title":"Admite Sheinbaum &#034;diferencias&#034; con Ssa por sem\u00e1foro en la CDMX - Fer Abrajan","og_description":"La jefa de Gobierno de la Ciudad de M\u00e9xico, Claudia Sheinbaum Pardo, acept\u00f3 que hubo una diferencia con el gobierno federal para definir el color del sem\u00e1foro epidemiol\u00f3gico para la siguiente semana, pese a que la Secretar\u00eda de Salud federal propuso regresar al rojo, el gobierno capitalino decidi\u00f3 continuar con el naranja. \u00abEn este caso yo hablo por la Ciudad de M\u00e9xico, estamos en comunicaci\u00f3n permanente. En este caso hubo una diferencia en la valoraci\u00f3n, ellos hacen una sugerencia del sem\u00e1foro en la Ciudad de M\u00e9xico, nosotros de manera muy responsable informamos a la Secretar\u00eda de Salud de lo que consider\u00e1bamos y hacemos de manera muy responsable lo que consideramos para la Ciudad\u00bb, dijo. Tras cuestionarle si apoyaba el trabajo del Subsecretario de Prevenci\u00f3n y Promoci\u00f3n de la Salud, Hugo L\u00f3pez-Gatell, consider\u00f3 que ha hecho un buen trabajo y pese a que ha habido diferencias, ella le brinda todo el apoyo. \u201cEn este caso siempre puede haber diferencias, eso es normal. Nosotros apoyamos al Presidente Andr\u00e9s Manuel L\u00f3pez Obrador, pero eso no quiere decir que con alguno de sus Secretarios, Subsecretarios, podamos tener una diferencia y particularmente en una valoraci\u00f3n del sem\u00e1foro en la Ciudad de M\u00e9xico\u201d, dijo. Lee tambi\u00e9n Estalla Sheinbaum contra L\u00f3pez-Gatell Coment\u00f3 que la Ciudad de M\u00e9xico ha sido muy responsable orientando e&nbsp; informando con respecto a la pandemia por Covid-19, y si es necesario tomar medidas de mayor o de disminuci\u00f3n de las actividades, para disminuir la pandemia, se tendr\u00e1n que hacer, \u201cpero en este momento no consideramos que sea necesario\u00bb. Con respecto a la propuesta del subsecretario L\u00f3pez Gatell de imponer sanciones a aquellas entidades que no acaten las medidas del sem\u00e1foro sanitario federal, Sheinbaum Pardo coment\u00f3 que, el pr\u00f3ximo lunes se llevar\u00e1 a cabo una reuni\u00f3n con la Secretar\u00eda de Gobernaci\u00f3n y con distintos gobernadores para hablar sobre el tema. \u201cLo importante es tener un dialogo, un consenso con respecto a los sem\u00e1foros, ha sido un control de la pandemia muy largo en nuestro pa\u00eds, eso tiene que ver con las caracter\u00edsticas de nuestro pa\u00eds y de cada una de las entidades de la rep\u00fablica; y es muy importante que sigamos en consenso, trabajando junto con el gobierno de M\u00e9xico para que, de manera unida, haya un control de la pandemia en toda la rep\u00fablica\u201d, expuso. cg Publicaci\u00f3n Original: https:\/\/www.eluniversal.com.mx\/metropoli\/cdmx\/admite-sheinbaum-diferencias-con-ssa-por-semaforo-en-la-cdmx","og_url":"https:\/\/ferabrajan.com\/portal\/2020\/07\/31\/admite-sheinbaum-diferencias-con-ssa-por-semaforo-en-la-cdmx\/","og_site_name":"Fer Abrajan","article_publisher":"https:\/\/www.facebook.com\/NoticiasconFerAbrajan\/","article_published_time":"2020-07-31T13:59:00+00:00","author":"admin","twitter_card":"summary_large_image","twitter_creator":"@ferabrajan1","twitter_site":"@ferabrajan1","twitter_misc":{"Escrito por":"admin","Tiempo de lectura":"2 minutos"},"schema":{"@context":"https:\/\/schema.org","@graph":[{"@type":"Article","@id":"https:\/\/ferabrajan.com\/portal\/2020\/07\/31\/admite-sheinbaum-diferencias-con-ssa-por-semaforo-en-la-cdmx\/#article","isPartOf":{"@id":"https:\/\/ferabrajan.com\/portal\/2020\/07\/31\/admite-sheinbaum-diferencias-con-ssa-por-semaforo-en-la-cdmx\/"},"author":{"name":"admin","@id":"https:\/\/ferabrajan.com\/portal\/#\/schema\/person\/f6113b3cb1e036d5c6a9505685b257ba"},"headline":"Admite Sheinbaum &#034;diferencias&#034; con Ssa por sem\u00e1foro en la CDMX","datePublished":"2020-07-31T13:59:00+00:00","mainEntityOfPage":{"@id":"https:\/\/ferabrajan.com\/portal\/2020\/07\/31\/admite-sheinbaum-diferencias-con-ssa-por-semaforo-en-la-cdmx\/"},"wordCount":443,"commentCount":0,"publisher":{"@id":"https:\/\/ferabrajan.com\/portal\/#organization"},"image":{"@id":"https:\/\/ferabrajan.com\/portal\/2020\/07\/31\/admite-sheinbaum-diferencias-con-ssa-por-semaforo-en-la-cdmx\/#primaryimage"},"thumbnailUrl":"","articleSection":["El Mundo"],"inLanguage":"es"},{"@type":"WebPage","@id":"https:\/\/ferabrajan.com\/portal\/2020\/07\/31\/admite-sheinbaum-diferencias-con-ssa-por-semaforo-en-la-cdmx\/","url":"https:\/\/ferabrajan.com\/portal\/2020\/07\/31\/admite-sheinbaum-diferencias-con-ssa-por-semaforo-en-la-cdmx\/","name":"Admite Sheinbaum &#034;diferencias&#034; con Ssa por sem\u00e1foro en la CDMX - Fer Abrajan","isPartOf":{"@id":"https:\/\/ferabrajan.com\/portal\/#website"},"primaryImageOfPage":{"@id":"https:\/\/ferabrajan.com\/portal\/2020\/07\/31\/admite-sheinbaum-diferencias-con-ssa-por-semaforo-en-la-cdmx\/#primaryimage"},"image":{"@id":"https:\/\/ferabrajan.com\/portal\/2020\/07\/31\/admite-sheinbaum-diferencias-con-ssa-por-semaforo-en-la-cdmx\/#primaryimage"},"thumbnailUrl":"","datePublished":"2020-07-31T13:59:00+00:00","breadcrumb":{"@id":"https:\/\/ferabrajan.com\/portal\/2020\/07\/31\/admite-sheinbaum-diferencias-con-ssa-por-semaforo-en-la-cdmx\/#breadcrumb"},"inLanguage":"es","potentialAction":[{"@type":"ReadAction","target":["https:\/\/ferabrajan.com\/portal\/2020\/07\/31\/admite-sheinbaum-diferencias-con-ssa-por-semaforo-en-la-cdmx\/"]}]},{"@type":"ImageObject","inLanguage":"es","@id":"https:\/\/ferabrajan.com\/portal\/2020\/07\/31\/admite-sheinbaum-diferencias-con-ssa-por-semaforo-en-la-cdmx\/#primaryimage","url":"","contentUrl":""},{"@type":"BreadcrumbList","@id":"https:\/\/ferabrajan.com\/portal\/2020\/07\/31\/admite-sheinbaum-diferencias-con-ssa-por-semaforo-en-la-cdmx\/#breadcrumb","itemListElement":[{"@type":"ListItem","position":1,"name":"Portada","item":"https:\/\/ferabrajan.com\/portal\/"},{"@type":"ListItem","position":2,"name":"Admite Sheinbaum &#034;diferencias&#034; con Ssa por sem\u00e1foro en la CDMX"}]},{"@type":"WebSite","@id":"https:\/\/ferabrajan.com\/portal\/#website","url":"https:\/\/ferabrajan.com\/portal\/","name":"Fer Abrajan","description":"Noticias de Puebla, opini\u00f3n y radio en vivo","publisher":{"@id":"https:\/\/ferabrajan.com\/portal\/#organization"},"potentialAction":[{"@type":"SearchAction","target":{"@type":"EntryPoint","urlTemplate":"https:\/\/ferabrajan.com\/portal\/?s={search_term_string}"},"query-input":{"@type":"PropertyValueSpecification","valueRequired":true,"valueName":"search_term_string"}}],"inLanguage":"es"},{"@type":"Organization","@id":"https:\/\/ferabrajan.com\/portal\/#organization","name":"Fer Abrajan","url":"https:\/\/ferabrajan.com\/portal\/","logo":{"@type":"ImageObject","inLanguage":"es","@id":"https:\/\/ferabrajan.com\/portal\/#\/schema\/logo\/image\/","url":"https:\/\/ferabrajan.com\/portal\/wp-content\/uploads\/2024\/10\/cropped-logo.jpeg","contentUrl":"https:\/\/ferabrajan.com\/portal\/wp-content\/uploads\/2024\/10\/cropped-logo.jpeg","width":500,"height":250,"caption":"Fer Abrajan"},"image":{"@id":"https:\/\/ferabrajan.com\/portal\/#\/schema\/logo\/image\/"},"sameAs":["https:\/\/www.facebook.com\/NoticiasconFerAbrajan\/","https:\/\/x.com\/ferabrajan1"]},{"@type":"Person","@id":"https:\/\/ferabrajan.com\/portal\/#\/schema\/person\/f6113b3cb1e036d5c6a9505685b257ba","name":"admin","image":{"@type":"ImageObject","inLanguage":"es","@id":"https:\/\/secure.gravatar.com\/avatar\/072baa72775aad53c748dfc5d3048578e01b6c087eef335459ebfa04344e2d18?s=96&d=mm&r=g","url":"https:\/\/secure.gravatar.com\/avatar\/072baa72775aad53c748dfc5d3048578e01b6c087eef335459ebfa04344e2d18?s=96&d=mm&r=g","contentUrl":"https:\/\/secure.gravatar.com\/avatar\/072baa72775aad53c748dfc5d3048578e01b6c087eef335459ebfa04344e2d18?s=96&d=mm&r=g","caption":"admin"},"sameAs":["https:\/\/ferabrajan.com\/portal"],"url":"https:\/\/ferabrajan.com\/portal\/author\/admin\/"}]}},"_links":{"self":[{"href":"https:\/\/ferabrajan.com\/portal\/wp-json\/wp\/v2\/posts\/16007","targetHints":{"allow":["GET"]}}],"collection":[{"href":"https:\/\/ferabrajan.com\/portal\/wp-json\/wp\/v2\/posts"}],"about":[{"href":"https:\/\/ferabrajan.com\/portal\/wp-json\/wp\/v2\/types\/post"}],"author":[{"embeddable":true,"href":"https:\/\/ferabrajan.com\/portal\/wp-json\/wp\/v2\/users\/1"}],"replies":[{"embeddable":true,"href":"https:\/\/ferabrajan.com\/portal\/wp-json\/wp\/v2\/comments?post=16007"}],"version-history":[{"count":0,"href":"https:\/\/ferabrajan.com\/portal\/wp-json\/wp\/v2\/posts\/16007\/revisions"}],"wp:attachment":[{"href":"https:\/\/ferabrajan.com\/portal\/wp-json\/wp\/v2\/media?parent=16007"}],"wp:term":[{"taxonomy":"category","embeddable":true,"href":"https:\/\/ferabrajan.com\/portal\/wp-json\/wp\/v2\/categories?post=16007"},{"taxonomy":"post_tag","embeddable":true,"href":"https:\/\/ferabrajan.com\/portal\/wp-json\/wp\/v2\/tags?post=16007"}],"curies":[{"name":"wp","href":"https:\/\/api.w.org\/{rel}","templated":true}]}}