{"id":16002,"date":"2020-07-31T14:05:00","date_gmt":"2020-07-31T14:05:00","guid":{"rendered":"https:\/\/www.ferabrajan.com\/2020\/07\/31\/escritores-periodistas-y-otras-personalidades-lamentan-cierre-de-gandhi-oportunidades\/"},"modified":"2020-07-31T14:05:00","modified_gmt":"2020-07-31T14:05:00","slug":"escritores-periodistas-y-otras-personalidades-lamentan-cierre-de-gandhi-oportunidades","status":"publish","type":"post","link":"https:\/\/ferabrajan.com\/portal\/2020\/07\/31\/escritores-periodistas-y-otras-personalidades-lamentan-cierre-de-gandhi-oportunidades\/","title":{"rendered":"Escritores, periodistas y otras personalidades lamentan cierre de Gandhi Oportunidades"},"content":{"rendered":"<div><img decoding=\"async\" src=\"https:\/\/www.eluniversal.com.mx\/sites\/default\/files\/styles\/f03-651x400\/public\/2020\/07\/31\/margo_glantz_valeria_luiselli.jpg?itok=e3Qm9de-\" class=\"ff-og-image-inserted\"><\/div>\n<p>Escritores, funcionarios, curadores, periodistas y usuarios en redes lamentaron el cierre de la hist\u00f3rica <strong>librer\u00eda Gandhi de Miguel \u00c1ngel de Quevedo<\/strong> 134, en Chimalistac, que fue fundada por Mauricio Achar, en 1971.<\/p>\n<p>A trav\u00e9s de redes sociales, diferentes personalidades expresaron su descontento del cierre, pues ah\u00ed vivieron momentos memorables que marcaron alguna faceta de su vida, como es el caso de la escritora <strong>Valeria Luiselli<\/strong>.<\/p>\n<p>\u201cEn el segundo piso, a los 14 a\u00f1os, un grupo de pacientes septuagenarios me ense\u00f1\u00f3 a jugar ajedrez. Pasaba horas con ellos discutiendo libros y recibiendo resignadamente jaque mates. \u00bfQu\u00e9 hacer para rescatar ese espacio, para tantas personas entra\u00f1able?\u201d plante\u00f3 la autora de Desierto sonoro y Los ingr\u00e1vidos.<\/p>\n<blockquote class=\"twitter-tweet\">\n<p dir=\"ltr\" lang=\"es\" xml:lang=\"es\">En el segundo piso, a los 14 a\u00f1os, un grupo de pacientes septuagenarios me ense\u00f1\u00f3 a jugar ajedrez. Pasaba horas con ellos discutiendo libros y recibiendo resignadamente jaque mates. \u00bfQu\u00e9 hacer para rescatar ese espacio, para tantas personas entra\u00f1able? <a href=\"https:\/\/t.co\/tMsux5lkAw\">https:\/\/t.co\/tMsux5lkAw<\/a><\/p>\n<p>\u2014 Valeria Luiselli (@ValeriaLuiselli) <a href=\"https:\/\/twitter.com\/ValeriaLuiselli\/status\/1289251678605021185?ref_src=twsrc%5Etfw\">July 31, 2020<\/a><\/p>\n<\/blockquote>\n<p>En su cuenta de Twitter, el periodista <strong>Le\u00f3n Krauze<\/strong> tambi\u00e9n comparti\u00f3 que en la sucursal dedicada a la venta de libros, discos y pel\u00edculas de saldos pas\u00f3 grandes momentos en los que estuvo rodeado de todos esos art\u00edculos culturales.<\/p>\n<p>\u201cTambi\u00e9n ah\u00ed aprend\u00ed el arte de vender libros, cuando tuve que convencer al se\u00f1or Achar de tomar varios t\u00edtulos de Cl\u00edo a consignaci\u00f3n. Vendimos todos. Gran escuela. Gran lugar\u201d, se\u00f1al\u00f3 Krauze.<\/p>\n<p><strong><span>Tambi\u00e9n lee:<\/span><\/strong><a href=\"https:\/\/t.co\/3kTvihHX5g\" target=\"_self\" rel=\"noopener noreferrer\"><span><strong>&nbsp;<\/strong>La librer\u00eda hist\u00f3rica de Gandhi cerrar\u00e1 sus puertas<\/span><\/a><\/p>\n<blockquote class=\"twitter-tweet\">\n<p dir=\"ltr\" lang=\"es\" xml:lang=\"es\">Pas\u00e9 grandes momentos rodeado de libros y discos en la gran Gandhi de Miguel \u00c1ngel de Quevedo.<br \/>Tambi\u00e9n ah\u00ed aprend\u00ed el arte de vender libros, cuando tuve que convencer al se\u00f1or Achar de tomar varios t\u00edtulos de Cl\u00edo a consignaci\u00f3n.<br \/>Vendimos todos.<br \/>Gran escuela.<br \/>Gran lugar. <a href=\"https:\/\/t.co\/rWB2NB3pVb\">https:\/\/t.co\/rWB2NB3pVb<\/a><\/p>\n<p>\u2014 Le\u00f3n Krauze (@LeonKrauze) <a href=\"https:\/\/twitter.com\/LeonKrauze\/status\/1288969905593753601?ref_src=twsrc%5Etfw\">July 30, 2020<\/a><\/p>\n<\/blockquote>\n<p>En esa misma red social, la escritora <strong>Margo Glantz<\/strong> calific\u00f3 el cierre de la librer\u00eda como \u201cOtra tragedia\u201d, mientras que Alfonso Miranda, director general de Museo Soumaya agradeci\u00f3 \u201cpor tanto\u201d a la sucursal.<\/p>\n<blockquote class=\"twitter-tweet\">\n<p dir=\"ltr\" lang=\"es\" xml:lang=\"es\">Le\u00ed que la librer\u00eda Gandhi quiebra y cierra !otra tragedia!<\/p>\n<p>\u2014 Margo Glantz (@Margo_Glantz) <a href=\"https:\/\/twitter.com\/Margo_Glantz\/status\/1288971955325075457?ref_src=twsrc%5Etfw\">July 30, 2020<\/a><\/p>\n<\/blockquote>\n<p>En su cuenta,&nbsp;Consuelo S\u00e1izar, expresidente del extinto Conaculta, indic\u00f3 que no deber\u00edan las librer\u00edas no deber\u00edan de cerrar jam\u00e1s, a trav\u00e9s de un mensaje acompa\u00f1ado con el Hastag #LutoCultural.<\/p>\n<blockquote class=\"twitter-tweet\">\n<p dir=\"ltr\" lang=\"es\" xml:lang=\"es\">Las librer\u00edas no deber\u00edan cerrar jam\u00e1s.<a href=\"https:\/\/twitter.com\/hashtag\/LutoCultural?src=hash&amp;ref_src=twsrc%5Etfw\">#LutoCultural<\/a><\/p>\n<p>La librer\u00eda hist\u00f3rica de Gandhi cerrar\u00e1 sus puertas <a href=\"https:\/\/t.co\/mPyGOmvGZ0\">https:\/\/t.co\/mPyGOmvGZ0<\/a><\/p>\n<p>\u2014 Consuelo S\u00e1izar (@CSaizar) <a href=\"https:\/\/twitter.com\/CSaizar\/status\/1288950728631910402?ref_src=twsrc%5Etfw\">July 30, 2020<\/a><\/p>\n<\/blockquote>\n<p>&nbsp;<br \/>El m\u00fasico <strong>Diego Herrera<\/strong> tambi\u00e9n expres\u00f3 su tristeza, al igual que Vidal Llerenas, alcalde en Azcapotzalco.<\/p>\n<p>\u201cUstedes son muy j\u00f3venes, pero @LibreriasGandhi de Miguel \u00c1ngel era la gran librer\u00eda de los 90s, no existe algo as\u00ed ahora\u201d, dijo el pol\u00edtico.<\/p>\n<blockquote class=\"twitter-tweet\">\n<p dir=\"ltr\" lang=\"es\" xml:lang=\"es\">Ustedes son muy j\u00f3venes, pero <a href=\"https:\/\/twitter.com\/LibreriasGandhi?ref_src=twsrc%5Etfw\">@LibreriasGandhi<\/a> de Miguel \u00c1ngel era la gran librer\u00eda de los 90s, no existe algo as\u00ed ahora. La librer\u00eda hist\u00f3rica de Gandhi cerrar\u00e1 sus puertas <a href=\"https:\/\/t.co\/zTgyvsQ5Dg\">https:\/\/t.co\/zTgyvsQ5Dg<\/a> a trav\u00e9s de <a href=\"https:\/\/twitter.com\/El_Universal_Mx?ref_src=twsrc%5Etfw\">@El_Universal_Mx<\/a><\/p>\n<p>\u2014 vidal llerenas (@vidallerenas) <a href=\"https:\/\/twitter.com\/vidallerenas\/status\/1289217175341817859?ref_src=twsrc%5Etfw\">July 31, 2020<\/a><\/p>\n<\/blockquote>\n<p>fjb<\/p>\n<p>Publicaci\u00f3n Original: <a href=\"https:\/\/www.eluniversal.com.mx\/cultura\/letras\/personalidades-de-la-cultura-lamentan-cierre-de-gandhi-oportunidades\" target=\"_blank\" rel=\"noopener noreferrer\">https:\/\/www.eluniversal.com.mx\/cultura\/letras\/personalidades-de-la-cultura-lamentan-cierre-de-gandhi-oportunidades<\/a><\/p>\n","protected":false},"excerpt":{"rendered":"<p>Escritores, funcionarios, curadores, periodistas y usuarios en redes lamentaron el cierre de la hist\u00f3rica librer\u00eda Gandhi de Miguel \u00c1ngel de Quevedo 134, en Chimalistac, que fue fundada por Mauricio Achar, en 1971. A trav\u00e9s de redes sociales, diferentes personalidades expresaron su descontento del cierre, pues ah\u00ed vivieron momentos memorables que marcaron alguna faceta de su vida, como es el caso de la escritora Valeria Luiselli. \u201cEn el segundo piso, a los 14 a\u00f1os, un grupo de pacientes septuagenarios me ense\u00f1\u00f3 a jugar ajedrez. Pasaba horas con ellos discutiendo libros y recibiendo resignadamente jaque mates. \u00bfQu\u00e9 hacer para rescatar ese espacio, para tantas personas entra\u00f1able?\u201d plante\u00f3 la autora de Desierto sonoro y Los ingr\u00e1vidos. En el segundo piso, a los 14 a\u00f1os, un grupo de pacientes septuagenarios me ense\u00f1\u00f3 a jugar ajedrez. Pasaba horas con ellos discutiendo libros y recibiendo resignadamente jaque mates. \u00bfQu\u00e9 hacer para rescatar ese espacio, para tantas personas entra\u00f1able? https:\/\/t.co\/tMsux5lkAw \u2014 Valeria Luiselli (@ValeriaLuiselli) July 31, 2020 En su cuenta de Twitter, el periodista Le\u00f3n Krauze tambi\u00e9n comparti\u00f3 que en la sucursal dedicada a la venta de libros, discos y pel\u00edculas de saldos pas\u00f3 grandes momentos en los que estuvo rodeado de todos esos art\u00edculos culturales. \u201cTambi\u00e9n ah\u00ed aprend\u00ed el arte de vender libros, cuando tuve que convencer al se\u00f1or Achar de tomar varios t\u00edtulos de Cl\u00edo a consignaci\u00f3n. Vendimos todos. Gran escuela. Gran lugar\u201d, se\u00f1al\u00f3 Krauze. Tambi\u00e9n lee:&nbsp;La librer\u00eda hist\u00f3rica de Gandhi cerrar\u00e1 sus puertas Pas\u00e9 grandes momentos rodeado de libros y discos en la gran Gandhi de Miguel \u00c1ngel de Quevedo.Tambi\u00e9n ah\u00ed aprend\u00ed el arte de vender libros, cuando tuve que convencer al se\u00f1or Achar de tomar varios t\u00edtulos de Cl\u00edo a consignaci\u00f3n.Vendimos todos.Gran escuela.Gran lugar. https:\/\/t.co\/rWB2NB3pVb \u2014 Le\u00f3n Krauze (@LeonKrauze) July 30, 2020 En esa misma red social, la escritora Margo Glantz calific\u00f3 el cierre de la librer\u00eda como \u201cOtra tragedia\u201d, mientras que Alfonso Miranda, director general de Museo Soumaya agradeci\u00f3 \u201cpor tanto\u201d a la sucursal. Le\u00ed que la librer\u00eda Gandhi quiebra y cierra !otra tragedia! \u2014 Margo Glantz (@Margo_Glantz) July 30, 2020 En su cuenta,&nbsp;Consuelo S\u00e1izar, expresidente del extinto Conaculta, indic\u00f3 que no deber\u00edan las librer\u00edas no deber\u00edan de cerrar jam\u00e1s, a trav\u00e9s de un mensaje acompa\u00f1ado con el Hastag #LutoCultural. Las librer\u00edas no deber\u00edan cerrar jam\u00e1s.#LutoCultural La librer\u00eda hist\u00f3rica de Gandhi cerrar\u00e1 sus puertas https:\/\/t.co\/mPyGOmvGZ0 \u2014 Consuelo S\u00e1izar (@CSaizar) July 30, 2020 &nbsp;El m\u00fasico Diego Herrera tambi\u00e9n expres\u00f3 su tristeza, al igual que Vidal Llerenas, alcalde en Azcapotzalco. \u201cUstedes son muy j\u00f3venes, pero @LibreriasGandhi de Miguel \u00c1ngel era la gran librer\u00eda de los 90s, no existe algo as\u00ed ahora\u201d, dijo el pol\u00edtico. Ustedes son muy j\u00f3venes, pero @LibreriasGandhi de Miguel \u00c1ngel era la gran librer\u00eda de los 90s, no existe algo as\u00ed ahora. La librer\u00eda hist\u00f3rica de Gandhi cerrar\u00e1 sus puertas https:\/\/t.co\/zTgyvsQ5Dg a trav\u00e9s de @El_Universal_Mx \u2014 vidal llerenas (@vidallerenas) July 31, 2020 fjb Publicaci\u00f3n Original: https:\/\/www.eluniversal.com.mx\/cultura\/letras\/personalidades-de-la-cultura-lamentan-cierre-de-gandhi-oportunidades<\/p>\n","protected":false},"author":1,"featured_media":16006,"comment_status":"open","ping_status":"closed","sticky":false,"template":"","format":"standard","meta":{"_monsterinsights_skip_tracking":false,"_uf_show_specific_survey":0,"_uf_disable_surveys":false,"footnotes":""},"categories":[36],"tags":[],"class_list":["post-16002","post","type-post","status-publish","format-standard","has-post-thumbnail","hentry","category-el-mundo"],"yoast_head":"<!-- This site is optimized with the Yoast SEO plugin v27.5 - https:\/\/yoast.com\/product\/yoast-seo-wordpress\/ -->\n<title>Escritores, periodistas y otras personalidades lamentan cierre de Gandhi Oportunidades - Fer Abrajan<\/title>\n<meta name=\"robots\" content=\"index, follow, max-snippet:-1, max-image-preview:large, max-video-preview:-1\" \/>\n<link rel=\"canonical\" href=\"https:\/\/ferabrajan.com\/portal\/2020\/07\/31\/escritores-periodistas-y-otras-personalidades-lamentan-cierre-de-gandhi-oportunidades\/\" \/>\n<meta property=\"og:locale\" content=\"es_ES\" \/>\n<meta property=\"og:type\" content=\"article\" \/>\n<meta property=\"og:title\" content=\"Escritores, periodistas y otras personalidades lamentan cierre de Gandhi Oportunidades - Fer Abrajan\" \/>\n<meta property=\"og:description\" content=\"Escritores, funcionarios, curadores, periodistas y usuarios en redes lamentaron el cierre de la hist\u00f3rica librer\u00eda Gandhi de Miguel \u00c1ngel de Quevedo 134, en Chimalistac, que fue fundada por Mauricio Achar, en 1971. A trav\u00e9s de redes sociales, diferentes personalidades expresaron su descontento del cierre, pues ah\u00ed vivieron momentos memorables que marcaron alguna faceta de su vida, como es el caso de la escritora Valeria Luiselli. \u201cEn el segundo piso, a los 14 a\u00f1os, un grupo de pacientes septuagenarios me ense\u00f1\u00f3 a jugar ajedrez. Pasaba horas con ellos discutiendo libros y recibiendo resignadamente jaque mates. \u00bfQu\u00e9 hacer para rescatar ese espacio, para tantas personas entra\u00f1able?\u201d plante\u00f3 la autora de Desierto sonoro y Los ingr\u00e1vidos. En el segundo piso, a los 14 a\u00f1os, un grupo de pacientes septuagenarios me ense\u00f1\u00f3 a jugar ajedrez. Pasaba horas con ellos discutiendo libros y recibiendo resignadamente jaque mates. \u00bfQu\u00e9 hacer para rescatar ese espacio, para tantas personas entra\u00f1able? https:\/\/t.co\/tMsux5lkAw \u2014 Valeria Luiselli (@ValeriaLuiselli) July 31, 2020 En su cuenta de Twitter, el periodista Le\u00f3n Krauze tambi\u00e9n comparti\u00f3 que en la sucursal dedicada a la venta de libros, discos y pel\u00edculas de saldos pas\u00f3 grandes momentos en los que estuvo rodeado de todos esos art\u00edculos culturales. \u201cTambi\u00e9n ah\u00ed aprend\u00ed el arte de vender libros, cuando tuve que convencer al se\u00f1or Achar de tomar varios t\u00edtulos de Cl\u00edo a consignaci\u00f3n. Vendimos todos. Gran escuela. Gran lugar\u201d, se\u00f1al\u00f3 Krauze. Tambi\u00e9n lee:&nbsp;La librer\u00eda hist\u00f3rica de Gandhi cerrar\u00e1 sus puertas Pas\u00e9 grandes momentos rodeado de libros y discos en la gran Gandhi de Miguel \u00c1ngel de Quevedo.Tambi\u00e9n ah\u00ed aprend\u00ed el arte de vender libros, cuando tuve que convencer al se\u00f1or Achar de tomar varios t\u00edtulos de Cl\u00edo a consignaci\u00f3n.Vendimos todos.Gran escuela.Gran lugar. https:\/\/t.co\/rWB2NB3pVb \u2014 Le\u00f3n Krauze (@LeonKrauze) July 30, 2020 En esa misma red social, la escritora Margo Glantz calific\u00f3 el cierre de la librer\u00eda como \u201cOtra tragedia\u201d, mientras que Alfonso Miranda, director general de Museo Soumaya agradeci\u00f3 \u201cpor tanto\u201d a la sucursal. Le\u00ed que la librer\u00eda Gandhi quiebra y cierra !otra tragedia! \u2014 Margo Glantz (@Margo_Glantz) July 30, 2020 En su cuenta,&nbsp;Consuelo S\u00e1izar, expresidente del extinto Conaculta, indic\u00f3 que no deber\u00edan las librer\u00edas no deber\u00edan de cerrar jam\u00e1s, a trav\u00e9s de un mensaje acompa\u00f1ado con el Hastag #LutoCultural. Las librer\u00edas no deber\u00edan cerrar jam\u00e1s.#LutoCultural La librer\u00eda hist\u00f3rica de Gandhi cerrar\u00e1 sus puertas https:\/\/t.co\/mPyGOmvGZ0 \u2014 Consuelo S\u00e1izar (@CSaizar) July 30, 2020 &nbsp;El m\u00fasico Diego Herrera tambi\u00e9n expres\u00f3 su tristeza, al igual que Vidal Llerenas, alcalde en Azcapotzalco. \u201cUstedes son muy j\u00f3venes, pero @LibreriasGandhi de Miguel \u00c1ngel era la gran librer\u00eda de los 90s, no existe algo as\u00ed ahora\u201d, dijo el pol\u00edtico. Ustedes son muy j\u00f3venes, pero @LibreriasGandhi de Miguel \u00c1ngel era la gran librer\u00eda de los 90s, no existe algo as\u00ed ahora. La librer\u00eda hist\u00f3rica de Gandhi cerrar\u00e1 sus puertas https:\/\/t.co\/zTgyvsQ5Dg a trav\u00e9s de @El_Universal_Mx \u2014 vidal llerenas (@vidallerenas) July 31, 2020 fjb Publicaci\u00f3n Original: https:\/\/www.eluniversal.com.mx\/cultura\/letras\/personalidades-de-la-cultura-lamentan-cierre-de-gandhi-oportunidades\" \/>\n<meta property=\"og:url\" content=\"https:\/\/ferabrajan.com\/portal\/2020\/07\/31\/escritores-periodistas-y-otras-personalidades-lamentan-cierre-de-gandhi-oportunidades\/\" \/>\n<meta property=\"og:site_name\" content=\"Fer Abrajan\" \/>\n<meta property=\"article:publisher\" content=\"https:\/\/www.facebook.com\/NoticiasconFerAbrajan\/\" \/>\n<meta property=\"article:published_time\" content=\"2020-07-31T14:05:00+00:00\" \/>\n<meta name=\"author\" content=\"admin\" \/>\n<meta name=\"twitter:card\" content=\"summary_large_image\" \/>\n<meta name=\"twitter:creator\" content=\"@ferabrajan1\" \/>\n<meta name=\"twitter:site\" content=\"@ferabrajan1\" \/>\n<meta name=\"twitter:label1\" content=\"Escrito por\" \/>\n\t<meta name=\"twitter:data1\" content=\"admin\" \/>\n\t<meta name=\"twitter:label2\" content=\"Tiempo de lectura\" \/>\n\t<meta name=\"twitter:data2\" content=\"3 minutos\" \/>\n<script type=\"application\/ld+json\" class=\"yoast-schema-graph\">{\"@context\":\"https:\\\/\\\/schema.org\",\"@graph\":[{\"@type\":\"Article\",\"@id\":\"https:\\\/\\\/ferabrajan.com\\\/portal\\\/2020\\\/07\\\/31\\\/escritores-periodistas-y-otras-personalidades-lamentan-cierre-de-gandhi-oportunidades\\\/#article\",\"isPartOf\":{\"@id\":\"https:\\\/\\\/ferabrajan.com\\\/portal\\\/2020\\\/07\\\/31\\\/escritores-periodistas-y-otras-personalidades-lamentan-cierre-de-gandhi-oportunidades\\\/\"},\"author\":{\"name\":\"admin\",\"@id\":\"https:\\\/\\\/ferabrajan.com\\\/portal\\\/#\\\/schema\\\/person\\\/f6113b3cb1e036d5c6a9505685b257ba\"},\"headline\":\"Escritores, periodistas y otras personalidades lamentan cierre de Gandhi Oportunidades\",\"datePublished\":\"2020-07-31T14:05:00+00:00\",\"mainEntityOfPage\":{\"@id\":\"https:\\\/\\\/ferabrajan.com\\\/portal\\\/2020\\\/07\\\/31\\\/escritores-periodistas-y-otras-personalidades-lamentan-cierre-de-gandhi-oportunidades\\\/\"},\"wordCount\":555,\"commentCount\":0,\"publisher\":{\"@id\":\"https:\\\/\\\/ferabrajan.com\\\/portal\\\/#organization\"},\"image\":{\"@id\":\"https:\\\/\\\/ferabrajan.com\\\/portal\\\/2020\\\/07\\\/31\\\/escritores-periodistas-y-otras-personalidades-lamentan-cierre-de-gandhi-oportunidades\\\/#primaryimage\"},\"thumbnailUrl\":\"\",\"articleSection\":[\"El Mundo\"],\"inLanguage\":\"es\"},{\"@type\":\"WebPage\",\"@id\":\"https:\\\/\\\/ferabrajan.com\\\/portal\\\/2020\\\/07\\\/31\\\/escritores-periodistas-y-otras-personalidades-lamentan-cierre-de-gandhi-oportunidades\\\/\",\"url\":\"https:\\\/\\\/ferabrajan.com\\\/portal\\\/2020\\\/07\\\/31\\\/escritores-periodistas-y-otras-personalidades-lamentan-cierre-de-gandhi-oportunidades\\\/\",\"name\":\"Escritores, periodistas y otras personalidades lamentan cierre de Gandhi Oportunidades - Fer Abrajan\",\"isPartOf\":{\"@id\":\"https:\\\/\\\/ferabrajan.com\\\/portal\\\/#website\"},\"primaryImageOfPage\":{\"@id\":\"https:\\\/\\\/ferabrajan.com\\\/portal\\\/2020\\\/07\\\/31\\\/escritores-periodistas-y-otras-personalidades-lamentan-cierre-de-gandhi-oportunidades\\\/#primaryimage\"},\"image\":{\"@id\":\"https:\\\/\\\/ferabrajan.com\\\/portal\\\/2020\\\/07\\\/31\\\/escritores-periodistas-y-otras-personalidades-lamentan-cierre-de-gandhi-oportunidades\\\/#primaryimage\"},\"thumbnailUrl\":\"\",\"datePublished\":\"2020-07-31T14:05:00+00:00\",\"breadcrumb\":{\"@id\":\"https:\\\/\\\/ferabrajan.com\\\/portal\\\/2020\\\/07\\\/31\\\/escritores-periodistas-y-otras-personalidades-lamentan-cierre-de-gandhi-oportunidades\\\/#breadcrumb\"},\"inLanguage\":\"es\",\"potentialAction\":[{\"@type\":\"ReadAction\",\"target\":[\"https:\\\/\\\/ferabrajan.com\\\/portal\\\/2020\\\/07\\\/31\\\/escritores-periodistas-y-otras-personalidades-lamentan-cierre-de-gandhi-oportunidades\\\/\"]}]},{\"@type\":\"ImageObject\",\"inLanguage\":\"es\",\"@id\":\"https:\\\/\\\/ferabrajan.com\\\/portal\\\/2020\\\/07\\\/31\\\/escritores-periodistas-y-otras-personalidades-lamentan-cierre-de-gandhi-oportunidades\\\/#primaryimage\",\"url\":\"\",\"contentUrl\":\"\"},{\"@type\":\"BreadcrumbList\",\"@id\":\"https:\\\/\\\/ferabrajan.com\\\/portal\\\/2020\\\/07\\\/31\\\/escritores-periodistas-y-otras-personalidades-lamentan-cierre-de-gandhi-oportunidades\\\/#breadcrumb\",\"itemListElement\":[{\"@type\":\"ListItem\",\"position\":1,\"name\":\"Portada\",\"item\":\"https:\\\/\\\/ferabrajan.com\\\/portal\\\/\"},{\"@type\":\"ListItem\",\"position\":2,\"name\":\"Escritores, periodistas y otras personalidades lamentan cierre de Gandhi Oportunidades\"}]},{\"@type\":\"WebSite\",\"@id\":\"https:\\\/\\\/ferabrajan.com\\\/portal\\\/#website\",\"url\":\"https:\\\/\\\/ferabrajan.com\\\/portal\\\/\",\"name\":\"Fer Abrajan\",\"description\":\"Noticias de Puebla, opini\u00f3n y radio en vivo\",\"publisher\":{\"@id\":\"https:\\\/\\\/ferabrajan.com\\\/portal\\\/#organization\"},\"potentialAction\":[{\"@type\":\"SearchAction\",\"target\":{\"@type\":\"EntryPoint\",\"urlTemplate\":\"https:\\\/\\\/ferabrajan.com\\\/portal\\\/?s={search_term_string}\"},\"query-input\":{\"@type\":\"PropertyValueSpecification\",\"valueRequired\":true,\"valueName\":\"search_term_string\"}}],\"inLanguage\":\"es\"},{\"@type\":\"Organization\",\"@id\":\"https:\\\/\\\/ferabrajan.com\\\/portal\\\/#organization\",\"name\":\"Fer Abrajan\",\"url\":\"https:\\\/\\\/ferabrajan.com\\\/portal\\\/\",\"logo\":{\"@type\":\"ImageObject\",\"inLanguage\":\"es\",\"@id\":\"https:\\\/\\\/ferabrajan.com\\\/portal\\\/#\\\/schema\\\/logo\\\/image\\\/\",\"url\":\"https:\\\/\\\/ferabrajan.com\\\/portal\\\/wp-content\\\/uploads\\\/2024\\\/10\\\/cropped-logo.jpeg\",\"contentUrl\":\"https:\\\/\\\/ferabrajan.com\\\/portal\\\/wp-content\\\/uploads\\\/2024\\\/10\\\/cropped-logo.jpeg\",\"width\":500,\"height\":250,\"caption\":\"Fer Abrajan\"},\"image\":{\"@id\":\"https:\\\/\\\/ferabrajan.com\\\/portal\\\/#\\\/schema\\\/logo\\\/image\\\/\"},\"sameAs\":[\"https:\\\/\\\/www.facebook.com\\\/NoticiasconFerAbrajan\\\/\",\"https:\\\/\\\/x.com\\\/ferabrajan1\"]},{\"@type\":\"Person\",\"@id\":\"https:\\\/\\\/ferabrajan.com\\\/portal\\\/#\\\/schema\\\/person\\\/f6113b3cb1e036d5c6a9505685b257ba\",\"name\":\"admin\",\"image\":{\"@type\":\"ImageObject\",\"inLanguage\":\"es\",\"@id\":\"https:\\\/\\\/secure.gravatar.com\\\/avatar\\\/072baa72775aad53c748dfc5d3048578e01b6c087eef335459ebfa04344e2d18?s=96&d=mm&r=g\",\"url\":\"https:\\\/\\\/secure.gravatar.com\\\/avatar\\\/072baa72775aad53c748dfc5d3048578e01b6c087eef335459ebfa04344e2d18?s=96&d=mm&r=g\",\"contentUrl\":\"https:\\\/\\\/secure.gravatar.com\\\/avatar\\\/072baa72775aad53c748dfc5d3048578e01b6c087eef335459ebfa04344e2d18?s=96&d=mm&r=g\",\"caption\":\"admin\"},\"sameAs\":[\"https:\\\/\\\/ferabrajan.com\\\/portal\"],\"url\":\"https:\\\/\\\/ferabrajan.com\\\/portal\\\/author\\\/admin\\\/\"}]}<\/script>\n<!-- \/ Yoast SEO plugin. -->","yoast_head_json":{"title":"Escritores, periodistas y otras personalidades lamentan cierre de Gandhi Oportunidades - Fer Abrajan","robots":{"index":"index","follow":"follow","max-snippet":"max-snippet:-1","max-image-preview":"max-image-preview:large","max-video-preview":"max-video-preview:-1"},"canonical":"https:\/\/ferabrajan.com\/portal\/2020\/07\/31\/escritores-periodistas-y-otras-personalidades-lamentan-cierre-de-gandhi-oportunidades\/","og_locale":"es_ES","og_type":"article","og_title":"Escritores, periodistas y otras personalidades lamentan cierre de Gandhi Oportunidades - Fer Abrajan","og_description":"Escritores, funcionarios, curadores, periodistas y usuarios en redes lamentaron el cierre de la hist\u00f3rica librer\u00eda Gandhi de Miguel \u00c1ngel de Quevedo 134, en Chimalistac, que fue fundada por Mauricio Achar, en 1971. A trav\u00e9s de redes sociales, diferentes personalidades expresaron su descontento del cierre, pues ah\u00ed vivieron momentos memorables que marcaron alguna faceta de su vida, como es el caso de la escritora Valeria Luiselli. \u201cEn el segundo piso, a los 14 a\u00f1os, un grupo de pacientes septuagenarios me ense\u00f1\u00f3 a jugar ajedrez. Pasaba horas con ellos discutiendo libros y recibiendo resignadamente jaque mates. \u00bfQu\u00e9 hacer para rescatar ese espacio, para tantas personas entra\u00f1able?\u201d plante\u00f3 la autora de Desierto sonoro y Los ingr\u00e1vidos. En el segundo piso, a los 14 a\u00f1os, un grupo de pacientes septuagenarios me ense\u00f1\u00f3 a jugar ajedrez. Pasaba horas con ellos discutiendo libros y recibiendo resignadamente jaque mates. \u00bfQu\u00e9 hacer para rescatar ese espacio, para tantas personas entra\u00f1able? https:\/\/t.co\/tMsux5lkAw \u2014 Valeria Luiselli (@ValeriaLuiselli) July 31, 2020 En su cuenta de Twitter, el periodista Le\u00f3n Krauze tambi\u00e9n comparti\u00f3 que en la sucursal dedicada a la venta de libros, discos y pel\u00edculas de saldos pas\u00f3 grandes momentos en los que estuvo rodeado de todos esos art\u00edculos culturales. \u201cTambi\u00e9n ah\u00ed aprend\u00ed el arte de vender libros, cuando tuve que convencer al se\u00f1or Achar de tomar varios t\u00edtulos de Cl\u00edo a consignaci\u00f3n. Vendimos todos. Gran escuela. Gran lugar\u201d, se\u00f1al\u00f3 Krauze. Tambi\u00e9n lee:&nbsp;La librer\u00eda hist\u00f3rica de Gandhi cerrar\u00e1 sus puertas Pas\u00e9 grandes momentos rodeado de libros y discos en la gran Gandhi de Miguel \u00c1ngel de Quevedo.Tambi\u00e9n ah\u00ed aprend\u00ed el arte de vender libros, cuando tuve que convencer al se\u00f1or Achar de tomar varios t\u00edtulos de Cl\u00edo a consignaci\u00f3n.Vendimos todos.Gran escuela.Gran lugar. https:\/\/t.co\/rWB2NB3pVb \u2014 Le\u00f3n Krauze (@LeonKrauze) July 30, 2020 En esa misma red social, la escritora Margo Glantz calific\u00f3 el cierre de la librer\u00eda como \u201cOtra tragedia\u201d, mientras que Alfonso Miranda, director general de Museo Soumaya agradeci\u00f3 \u201cpor tanto\u201d a la sucursal. Le\u00ed que la librer\u00eda Gandhi quiebra y cierra !otra tragedia! \u2014 Margo Glantz (@Margo_Glantz) July 30, 2020 En su cuenta,&nbsp;Consuelo S\u00e1izar, expresidente del extinto Conaculta, indic\u00f3 que no deber\u00edan las librer\u00edas no deber\u00edan de cerrar jam\u00e1s, a trav\u00e9s de un mensaje acompa\u00f1ado con el Hastag #LutoCultural. Las librer\u00edas no deber\u00edan cerrar jam\u00e1s.#LutoCultural La librer\u00eda hist\u00f3rica de Gandhi cerrar\u00e1 sus puertas https:\/\/t.co\/mPyGOmvGZ0 \u2014 Consuelo S\u00e1izar (@CSaizar) July 30, 2020 &nbsp;El m\u00fasico Diego Herrera tambi\u00e9n expres\u00f3 su tristeza, al igual que Vidal Llerenas, alcalde en Azcapotzalco. \u201cUstedes son muy j\u00f3venes, pero @LibreriasGandhi de Miguel \u00c1ngel era la gran librer\u00eda de los 90s, no existe algo as\u00ed ahora\u201d, dijo el pol\u00edtico. Ustedes son muy j\u00f3venes, pero @LibreriasGandhi de Miguel \u00c1ngel era la gran librer\u00eda de los 90s, no existe algo as\u00ed ahora. La librer\u00eda hist\u00f3rica de Gandhi cerrar\u00e1 sus puertas https:\/\/t.co\/zTgyvsQ5Dg a trav\u00e9s de @El_Universal_Mx \u2014 vidal llerenas (@vidallerenas) July 31, 2020 fjb Publicaci\u00f3n Original: https:\/\/www.eluniversal.com.mx\/cultura\/letras\/personalidades-de-la-cultura-lamentan-cierre-de-gandhi-oportunidades","og_url":"https:\/\/ferabrajan.com\/portal\/2020\/07\/31\/escritores-periodistas-y-otras-personalidades-lamentan-cierre-de-gandhi-oportunidades\/","og_site_name":"Fer Abrajan","article_publisher":"https:\/\/www.facebook.com\/NoticiasconFerAbrajan\/","article_published_time":"2020-07-31T14:05:00+00:00","author":"admin","twitter_card":"summary_large_image","twitter_creator":"@ferabrajan1","twitter_site":"@ferabrajan1","twitter_misc":{"Escrito por":"admin","Tiempo de lectura":"3 minutos"},"schema":{"@context":"https:\/\/schema.org","@graph":[{"@type":"Article","@id":"https:\/\/ferabrajan.com\/portal\/2020\/07\/31\/escritores-periodistas-y-otras-personalidades-lamentan-cierre-de-gandhi-oportunidades\/#article","isPartOf":{"@id":"https:\/\/ferabrajan.com\/portal\/2020\/07\/31\/escritores-periodistas-y-otras-personalidades-lamentan-cierre-de-gandhi-oportunidades\/"},"author":{"name":"admin","@id":"https:\/\/ferabrajan.com\/portal\/#\/schema\/person\/f6113b3cb1e036d5c6a9505685b257ba"},"headline":"Escritores, periodistas y otras personalidades lamentan cierre de Gandhi Oportunidades","datePublished":"2020-07-31T14:05:00+00:00","mainEntityOfPage":{"@id":"https:\/\/ferabrajan.com\/portal\/2020\/07\/31\/escritores-periodistas-y-otras-personalidades-lamentan-cierre-de-gandhi-oportunidades\/"},"wordCount":555,"commentCount":0,"publisher":{"@id":"https:\/\/ferabrajan.com\/portal\/#organization"},"image":{"@id":"https:\/\/ferabrajan.com\/portal\/2020\/07\/31\/escritores-periodistas-y-otras-personalidades-lamentan-cierre-de-gandhi-oportunidades\/#primaryimage"},"thumbnailUrl":"","articleSection":["El Mundo"],"inLanguage":"es"},{"@type":"WebPage","@id":"https:\/\/ferabrajan.com\/portal\/2020\/07\/31\/escritores-periodistas-y-otras-personalidades-lamentan-cierre-de-gandhi-oportunidades\/","url":"https:\/\/ferabrajan.com\/portal\/2020\/07\/31\/escritores-periodistas-y-otras-personalidades-lamentan-cierre-de-gandhi-oportunidades\/","name":"Escritores, periodistas y otras personalidades lamentan cierre de Gandhi Oportunidades - Fer Abrajan","isPartOf":{"@id":"https:\/\/ferabrajan.com\/portal\/#website"},"primaryImageOfPage":{"@id":"https:\/\/ferabrajan.com\/portal\/2020\/07\/31\/escritores-periodistas-y-otras-personalidades-lamentan-cierre-de-gandhi-oportunidades\/#primaryimage"},"image":{"@id":"https:\/\/ferabrajan.com\/portal\/2020\/07\/31\/escritores-periodistas-y-otras-personalidades-lamentan-cierre-de-gandhi-oportunidades\/#primaryimage"},"thumbnailUrl":"","datePublished":"2020-07-31T14:05:00+00:00","breadcrumb":{"@id":"https:\/\/ferabrajan.com\/portal\/2020\/07\/31\/escritores-periodistas-y-otras-personalidades-lamentan-cierre-de-gandhi-oportunidades\/#breadcrumb"},"inLanguage":"es","potentialAction":[{"@type":"ReadAction","target":["https:\/\/ferabrajan.com\/portal\/2020\/07\/31\/escritores-periodistas-y-otras-personalidades-lamentan-cierre-de-gandhi-oportunidades\/"]}]},{"@type":"ImageObject","inLanguage":"es","@id":"https:\/\/ferabrajan.com\/portal\/2020\/07\/31\/escritores-periodistas-y-otras-personalidades-lamentan-cierre-de-gandhi-oportunidades\/#primaryimage","url":"","contentUrl":""},{"@type":"BreadcrumbList","@id":"https:\/\/ferabrajan.com\/portal\/2020\/07\/31\/escritores-periodistas-y-otras-personalidades-lamentan-cierre-de-gandhi-oportunidades\/#breadcrumb","itemListElement":[{"@type":"ListItem","position":1,"name":"Portada","item":"https:\/\/ferabrajan.com\/portal\/"},{"@type":"ListItem","position":2,"name":"Escritores, periodistas y otras personalidades lamentan cierre de Gandhi Oportunidades"}]},{"@type":"WebSite","@id":"https:\/\/ferabrajan.com\/portal\/#website","url":"https:\/\/ferabrajan.com\/portal\/","name":"Fer Abrajan","description":"Noticias de Puebla, opini\u00f3n y radio en vivo","publisher":{"@id":"https:\/\/ferabrajan.com\/portal\/#organization"},"potentialAction":[{"@type":"SearchAction","target":{"@type":"EntryPoint","urlTemplate":"https:\/\/ferabrajan.com\/portal\/?s={search_term_string}"},"query-input":{"@type":"PropertyValueSpecification","valueRequired":true,"valueName":"search_term_string"}}],"inLanguage":"es"},{"@type":"Organization","@id":"https:\/\/ferabrajan.com\/portal\/#organization","name":"Fer Abrajan","url":"https:\/\/ferabrajan.com\/portal\/","logo":{"@type":"ImageObject","inLanguage":"es","@id":"https:\/\/ferabrajan.com\/portal\/#\/schema\/logo\/image\/","url":"https:\/\/ferabrajan.com\/portal\/wp-content\/uploads\/2024\/10\/cropped-logo.jpeg","contentUrl":"https:\/\/ferabrajan.com\/portal\/wp-content\/uploads\/2024\/10\/cropped-logo.jpeg","width":500,"height":250,"caption":"Fer Abrajan"},"image":{"@id":"https:\/\/ferabrajan.com\/portal\/#\/schema\/logo\/image\/"},"sameAs":["https:\/\/www.facebook.com\/NoticiasconFerAbrajan\/","https:\/\/x.com\/ferabrajan1"]},{"@type":"Person","@id":"https:\/\/ferabrajan.com\/portal\/#\/schema\/person\/f6113b3cb1e036d5c6a9505685b257ba","name":"admin","image":{"@type":"ImageObject","inLanguage":"es","@id":"https:\/\/secure.gravatar.com\/avatar\/072baa72775aad53c748dfc5d3048578e01b6c087eef335459ebfa04344e2d18?s=96&d=mm&r=g","url":"https:\/\/secure.gravatar.com\/avatar\/072baa72775aad53c748dfc5d3048578e01b6c087eef335459ebfa04344e2d18?s=96&d=mm&r=g","contentUrl":"https:\/\/secure.gravatar.com\/avatar\/072baa72775aad53c748dfc5d3048578e01b6c087eef335459ebfa04344e2d18?s=96&d=mm&r=g","caption":"admin"},"sameAs":["https:\/\/ferabrajan.com\/portal"],"url":"https:\/\/ferabrajan.com\/portal\/author\/admin\/"}]}},"_links":{"self":[{"href":"https:\/\/ferabrajan.com\/portal\/wp-json\/wp\/v2\/posts\/16002","targetHints":{"allow":["GET"]}}],"collection":[{"href":"https:\/\/ferabrajan.com\/portal\/wp-json\/wp\/v2\/posts"}],"about":[{"href":"https:\/\/ferabrajan.com\/portal\/wp-json\/wp\/v2\/types\/post"}],"author":[{"embeddable":true,"href":"https:\/\/ferabrajan.com\/portal\/wp-json\/wp\/v2\/users\/1"}],"replies":[{"embeddable":true,"href":"https:\/\/ferabrajan.com\/portal\/wp-json\/wp\/v2\/comments?post=16002"}],"version-history":[{"count":0,"href":"https:\/\/ferabrajan.com\/portal\/wp-json\/wp\/v2\/posts\/16002\/revisions"}],"wp:attachment":[{"href":"https:\/\/ferabrajan.com\/portal\/wp-json\/wp\/v2\/media?parent=16002"}],"wp:term":[{"taxonomy":"category","embeddable":true,"href":"https:\/\/ferabrajan.com\/portal\/wp-json\/wp\/v2\/categories?post=16002"},{"taxonomy":"post_tag","embeddable":true,"href":"https:\/\/ferabrajan.com\/portal\/wp-json\/wp\/v2\/tags?post=16002"}],"curies":[{"name":"wp","href":"https:\/\/api.w.org\/{rel}","templated":true}]}}