{"id":15997,"date":"2020-07-31T14:11:00","date_gmt":"2020-07-31T14:11:00","guid":{"rendered":"https:\/\/www.ferabrajan.com\/2020\/07\/31\/sergio-perez-unico-positivo-entre-las-3-mil-pruebas-realizadas\/"},"modified":"2020-07-31T14:11:00","modified_gmt":"2020-07-31T14:11:00","slug":"sergio-perez-unico-positivo-entre-las-3-mil-pruebas-realizadas","status":"publish","type":"post","link":"https:\/\/ferabrajan.com\/portal\/2020\/07\/31\/sergio-perez-unico-positivo-entre-las-3-mil-pruebas-realizadas\/","title":{"rendered":"Sergio P\u00e9rez, \u00fanico positivo entre las 3 mil pruebas realizadas"},"content":{"rendered":"<div><img decoding=\"async\" src=\"https:\/\/www.eluniversal.com.mx\/sites\/default\/files\/styles\/f03-651x400\/public\/2020\/07\/31\/checo.jpg?itok=P9-S8SWw\" class=\"ff-og-image-inserted\"><\/div>\n<p>&nbsp;La Federaci\u00f3n Internacional de Automovilismo (FIA) y la organizaci\u00f3n del Campeonato del Mundo de <a href=\"https:\/\/www.eluniversal.com.mx\/deportes\"><span><strong>F\u00f3rmula Uno<\/strong><\/span><\/a> explicaron este viernes que entre el 24 y el 30 de julio realizaron 3.909 pruebas de <strong>Covid-19<\/strong> a pilotos, miembros de los equipos y personal involucrado en el <strong>Gran Premio de Gran Breta\u00f1a<\/strong>, de los que \u00fanicamente el mexicano Sergio P\u00e9rez dio positivo.&nbsp;<\/p>\n<p>El piloto de Racing Point permanece aislado y con buen estado de salud, pero no podr\u00e1 competir este fin de semana en Silverstone tras haber arrojado un resultado positivo en el test de <strong>Covid-19.<\/strong>&nbsp;<\/p>\n<p><strong>LEER M\u00c1S:<\/strong> <a href=\"https:\/\/www.eluniversal.com.mx\/universal-deportes\/mas-deportes\/f1-asi-fue-el-choque-de-alex-albon-en-las-practicas-de-silverstone\"><span><strong>As\u00ed fue el choque de Alex Albon en Silverstone<\/strong><\/span><\/a><\/p>\n<p>Esta incidencia fue la \u00fanica entre las 3.909 pruebas realizadas entre el 24 y el 30 de julio, seg\u00fan indicaron en un comunicado conjunto la FIA y la F\u00f3rmula Uno.&nbsp;<\/p>\n<p>Ambas instituciones est\u00e1n ofreciendo informaci\u00f3n de estos resultados cada siete d\u00edas, siguiendo los principios de integridad y transparencia de la competici\u00f3n.&nbsp;<\/p>\n<p> Publicaci\u00f3n Original: <a href=\"https:\/\/www.eluniversal.com.mx\/universal-deportes\/mas-deportes\/f1-checo-perez-unico-positivo-entre-las-3-mil-pruebas-realizadas\" target=\"_blank\" rel=\"noopener noreferrer\">https:\/\/www.eluniversal.com.mx\/universal-deportes\/mas-deportes\/f1-checo-perez-unico-positivo-entre-las-3-mil-pruebas-realizadas<\/a><\/p>\n","protected":false},"excerpt":{"rendered":"<p>&nbsp;La Federaci\u00f3n Internacional de Automovilismo (FIA) y la organizaci\u00f3n del Campeonato del Mundo de F\u00f3rmula Uno explicaron este viernes que entre el 24 y el 30 de julio realizaron 3.909 pruebas de Covid-19 a pilotos, miembros de los equipos y personal involucrado en el Gran Premio de Gran Breta\u00f1a, de los que \u00fanicamente el mexicano Sergio P\u00e9rez dio positivo.&nbsp; El piloto de Racing Point permanece aislado y con buen estado de salud, pero no podr\u00e1 competir este fin de semana en Silverstone tras haber arrojado un resultado positivo en el test de Covid-19.&nbsp; LEER M\u00c1S: As\u00ed fue el choque de Alex Albon en Silverstone Esta incidencia fue la \u00fanica entre las 3.909 pruebas realizadas entre el 24 y el 30 de julio, seg\u00fan indicaron en un comunicado conjunto la FIA y la F\u00f3rmula Uno.&nbsp; Ambas instituciones est\u00e1n ofreciendo informaci\u00f3n de estos resultados cada siete d\u00edas, siguiendo los principios de integridad y transparencia de la competici\u00f3n.&nbsp; Publicaci\u00f3n Original: https:\/\/www.eluniversal.com.mx\/universal-deportes\/mas-deportes\/f1-checo-perez-unico-positivo-entre-las-3-mil-pruebas-realizadas<\/p>\n","protected":false},"author":1,"featured_media":16001,"comment_status":"open","ping_status":"closed","sticky":false,"template":"","format":"standard","meta":{"_monsterinsights_skip_tracking":false,"_uf_show_specific_survey":0,"_uf_disable_surveys":false,"footnotes":""},"categories":[36],"tags":[],"class_list":["post-15997","post","type-post","status-publish","format-standard","has-post-thumbnail","hentry","category-el-mundo"],"yoast_head":"<!-- This site is optimized with the Yoast SEO plugin v27.5 - https:\/\/yoast.com\/product\/yoast-seo-wordpress\/ -->\n<title>Sergio P\u00e9rez, \u00fanico positivo entre las 3 mil pruebas realizadas - Fer Abrajan<\/title>\n<meta name=\"robots\" content=\"index, follow, max-snippet:-1, max-image-preview:large, max-video-preview:-1\" \/>\n<link rel=\"canonical\" href=\"https:\/\/ferabrajan.com\/portal\/2020\/07\/31\/sergio-perez-unico-positivo-entre-las-3-mil-pruebas-realizadas\/\" \/>\n<meta property=\"og:locale\" content=\"es_ES\" \/>\n<meta property=\"og:type\" content=\"article\" \/>\n<meta property=\"og:title\" content=\"Sergio P\u00e9rez, \u00fanico positivo entre las 3 mil pruebas realizadas - Fer Abrajan\" \/>\n<meta property=\"og:description\" content=\"&nbsp;La Federaci\u00f3n Internacional de Automovilismo (FIA) y la organizaci\u00f3n del Campeonato del Mundo de F\u00f3rmula Uno explicaron este viernes que entre el 24 y el 30 de julio realizaron 3.909 pruebas de Covid-19 a pilotos, miembros de los equipos y personal involucrado en el Gran Premio de Gran Breta\u00f1a, de los que \u00fanicamente el mexicano Sergio P\u00e9rez dio positivo.&nbsp; El piloto de Racing Point permanece aislado y con buen estado de salud, pero no podr\u00e1 competir este fin de semana en Silverstone tras haber arrojado un resultado positivo en el test de Covid-19.&nbsp; LEER M\u00c1S: As\u00ed fue el choque de Alex Albon en Silverstone Esta incidencia fue la \u00fanica entre las 3.909 pruebas realizadas entre el 24 y el 30 de julio, seg\u00fan indicaron en un comunicado conjunto la FIA y la F\u00f3rmula Uno.&nbsp; Ambas instituciones est\u00e1n ofreciendo informaci\u00f3n de estos resultados cada siete d\u00edas, siguiendo los principios de integridad y transparencia de la competici\u00f3n.&nbsp; Publicaci\u00f3n Original: https:\/\/www.eluniversal.com.mx\/universal-deportes\/mas-deportes\/f1-checo-perez-unico-positivo-entre-las-3-mil-pruebas-realizadas\" \/>\n<meta property=\"og:url\" content=\"https:\/\/ferabrajan.com\/portal\/2020\/07\/31\/sergio-perez-unico-positivo-entre-las-3-mil-pruebas-realizadas\/\" \/>\n<meta property=\"og:site_name\" content=\"Fer Abrajan\" \/>\n<meta property=\"article:publisher\" content=\"https:\/\/www.facebook.com\/NoticiasconFerAbrajan\/\" \/>\n<meta property=\"article:published_time\" content=\"2020-07-31T14:11:00+00:00\" \/>\n<meta name=\"author\" content=\"admin\" \/>\n<meta name=\"twitter:card\" content=\"summary_large_image\" \/>\n<meta name=\"twitter:creator\" content=\"@ferabrajan1\" \/>\n<meta name=\"twitter:site\" content=\"@ferabrajan1\" \/>\n<meta name=\"twitter:label1\" content=\"Escrito por\" \/>\n\t<meta name=\"twitter:data1\" content=\"admin\" \/>\n\t<meta name=\"twitter:label2\" content=\"Tiempo de lectura\" \/>\n\t<meta name=\"twitter:data2\" content=\"1 minuto\" \/>\n<script type=\"application\/ld+json\" class=\"yoast-schema-graph\">{\"@context\":\"https:\\\/\\\/schema.org\",\"@graph\":[{\"@type\":\"Article\",\"@id\":\"https:\\\/\\\/ferabrajan.com\\\/portal\\\/2020\\\/07\\\/31\\\/sergio-perez-unico-positivo-entre-las-3-mil-pruebas-realizadas\\\/#article\",\"isPartOf\":{\"@id\":\"https:\\\/\\\/ferabrajan.com\\\/portal\\\/2020\\\/07\\\/31\\\/sergio-perez-unico-positivo-entre-las-3-mil-pruebas-realizadas\\\/\"},\"author\":{\"name\":\"admin\",\"@id\":\"https:\\\/\\\/ferabrajan.com\\\/portal\\\/#\\\/schema\\\/person\\\/f6113b3cb1e036d5c6a9505685b257ba\"},\"headline\":\"Sergio P\u00e9rez, \u00fanico positivo entre las 3 mil pruebas realizadas\",\"datePublished\":\"2020-07-31T14:11:00+00:00\",\"mainEntityOfPage\":{\"@id\":\"https:\\\/\\\/ferabrajan.com\\\/portal\\\/2020\\\/07\\\/31\\\/sergio-perez-unico-positivo-entre-las-3-mil-pruebas-realizadas\\\/\"},\"wordCount\":189,\"commentCount\":0,\"publisher\":{\"@id\":\"https:\\\/\\\/ferabrajan.com\\\/portal\\\/#organization\"},\"image\":{\"@id\":\"https:\\\/\\\/ferabrajan.com\\\/portal\\\/2020\\\/07\\\/31\\\/sergio-perez-unico-positivo-entre-las-3-mil-pruebas-realizadas\\\/#primaryimage\"},\"thumbnailUrl\":\"\",\"articleSection\":[\"El Mundo\"],\"inLanguage\":\"es\"},{\"@type\":\"WebPage\",\"@id\":\"https:\\\/\\\/ferabrajan.com\\\/portal\\\/2020\\\/07\\\/31\\\/sergio-perez-unico-positivo-entre-las-3-mil-pruebas-realizadas\\\/\",\"url\":\"https:\\\/\\\/ferabrajan.com\\\/portal\\\/2020\\\/07\\\/31\\\/sergio-perez-unico-positivo-entre-las-3-mil-pruebas-realizadas\\\/\",\"name\":\"Sergio P\u00e9rez, \u00fanico positivo entre las 3 mil pruebas realizadas - Fer Abrajan\",\"isPartOf\":{\"@id\":\"https:\\\/\\\/ferabrajan.com\\\/portal\\\/#website\"},\"primaryImageOfPage\":{\"@id\":\"https:\\\/\\\/ferabrajan.com\\\/portal\\\/2020\\\/07\\\/31\\\/sergio-perez-unico-positivo-entre-las-3-mil-pruebas-realizadas\\\/#primaryimage\"},\"image\":{\"@id\":\"https:\\\/\\\/ferabrajan.com\\\/portal\\\/2020\\\/07\\\/31\\\/sergio-perez-unico-positivo-entre-las-3-mil-pruebas-realizadas\\\/#primaryimage\"},\"thumbnailUrl\":\"\",\"datePublished\":\"2020-07-31T14:11:00+00:00\",\"breadcrumb\":{\"@id\":\"https:\\\/\\\/ferabrajan.com\\\/portal\\\/2020\\\/07\\\/31\\\/sergio-perez-unico-positivo-entre-las-3-mil-pruebas-realizadas\\\/#breadcrumb\"},\"inLanguage\":\"es\",\"potentialAction\":[{\"@type\":\"ReadAction\",\"target\":[\"https:\\\/\\\/ferabrajan.com\\\/portal\\\/2020\\\/07\\\/31\\\/sergio-perez-unico-positivo-entre-las-3-mil-pruebas-realizadas\\\/\"]}]},{\"@type\":\"ImageObject\",\"inLanguage\":\"es\",\"@id\":\"https:\\\/\\\/ferabrajan.com\\\/portal\\\/2020\\\/07\\\/31\\\/sergio-perez-unico-positivo-entre-las-3-mil-pruebas-realizadas\\\/#primaryimage\",\"url\":\"\",\"contentUrl\":\"\"},{\"@type\":\"BreadcrumbList\",\"@id\":\"https:\\\/\\\/ferabrajan.com\\\/portal\\\/2020\\\/07\\\/31\\\/sergio-perez-unico-positivo-entre-las-3-mil-pruebas-realizadas\\\/#breadcrumb\",\"itemListElement\":[{\"@type\":\"ListItem\",\"position\":1,\"name\":\"Portada\",\"item\":\"https:\\\/\\\/ferabrajan.com\\\/portal\\\/\"},{\"@type\":\"ListItem\",\"position\":2,\"name\":\"Sergio P\u00e9rez, \u00fanico positivo entre las 3 mil pruebas realizadas\"}]},{\"@type\":\"WebSite\",\"@id\":\"https:\\\/\\\/ferabrajan.com\\\/portal\\\/#website\",\"url\":\"https:\\\/\\\/ferabrajan.com\\\/portal\\\/\",\"name\":\"Fer Abrajan\",\"description\":\"Noticias de Puebla, opini\u00f3n y radio en vivo\",\"publisher\":{\"@id\":\"https:\\\/\\\/ferabrajan.com\\\/portal\\\/#organization\"},\"potentialAction\":[{\"@type\":\"SearchAction\",\"target\":{\"@type\":\"EntryPoint\",\"urlTemplate\":\"https:\\\/\\\/ferabrajan.com\\\/portal\\\/?s={search_term_string}\"},\"query-input\":{\"@type\":\"PropertyValueSpecification\",\"valueRequired\":true,\"valueName\":\"search_term_string\"}}],\"inLanguage\":\"es\"},{\"@type\":\"Organization\",\"@id\":\"https:\\\/\\\/ferabrajan.com\\\/portal\\\/#organization\",\"name\":\"Fer Abrajan\",\"url\":\"https:\\\/\\\/ferabrajan.com\\\/portal\\\/\",\"logo\":{\"@type\":\"ImageObject\",\"inLanguage\":\"es\",\"@id\":\"https:\\\/\\\/ferabrajan.com\\\/portal\\\/#\\\/schema\\\/logo\\\/image\\\/\",\"url\":\"https:\\\/\\\/ferabrajan.com\\\/portal\\\/wp-content\\\/uploads\\\/2024\\\/10\\\/cropped-logo.jpeg\",\"contentUrl\":\"https:\\\/\\\/ferabrajan.com\\\/portal\\\/wp-content\\\/uploads\\\/2024\\\/10\\\/cropped-logo.jpeg\",\"width\":500,\"height\":250,\"caption\":\"Fer Abrajan\"},\"image\":{\"@id\":\"https:\\\/\\\/ferabrajan.com\\\/portal\\\/#\\\/schema\\\/logo\\\/image\\\/\"},\"sameAs\":[\"https:\\\/\\\/www.facebook.com\\\/NoticiasconFerAbrajan\\\/\",\"https:\\\/\\\/x.com\\\/ferabrajan1\"]},{\"@type\":\"Person\",\"@id\":\"https:\\\/\\\/ferabrajan.com\\\/portal\\\/#\\\/schema\\\/person\\\/f6113b3cb1e036d5c6a9505685b257ba\",\"name\":\"admin\",\"image\":{\"@type\":\"ImageObject\",\"inLanguage\":\"es\",\"@id\":\"https:\\\/\\\/secure.gravatar.com\\\/avatar\\\/072baa72775aad53c748dfc5d3048578e01b6c087eef335459ebfa04344e2d18?s=96&d=mm&r=g\",\"url\":\"https:\\\/\\\/secure.gravatar.com\\\/avatar\\\/072baa72775aad53c748dfc5d3048578e01b6c087eef335459ebfa04344e2d18?s=96&d=mm&r=g\",\"contentUrl\":\"https:\\\/\\\/secure.gravatar.com\\\/avatar\\\/072baa72775aad53c748dfc5d3048578e01b6c087eef335459ebfa04344e2d18?s=96&d=mm&r=g\",\"caption\":\"admin\"},\"sameAs\":[\"https:\\\/\\\/ferabrajan.com\\\/portal\"],\"url\":\"https:\\\/\\\/ferabrajan.com\\\/portal\\\/author\\\/admin\\\/\"}]}<\/script>\n<!-- \/ Yoast SEO plugin. -->","yoast_head_json":{"title":"Sergio P\u00e9rez, \u00fanico positivo entre las 3 mil pruebas realizadas - Fer Abrajan","robots":{"index":"index","follow":"follow","max-snippet":"max-snippet:-1","max-image-preview":"max-image-preview:large","max-video-preview":"max-video-preview:-1"},"canonical":"https:\/\/ferabrajan.com\/portal\/2020\/07\/31\/sergio-perez-unico-positivo-entre-las-3-mil-pruebas-realizadas\/","og_locale":"es_ES","og_type":"article","og_title":"Sergio P\u00e9rez, \u00fanico positivo entre las 3 mil pruebas realizadas - Fer Abrajan","og_description":"&nbsp;La Federaci\u00f3n Internacional de Automovilismo (FIA) y la organizaci\u00f3n del Campeonato del Mundo de F\u00f3rmula Uno explicaron este viernes que entre el 24 y el 30 de julio realizaron 3.909 pruebas de Covid-19 a pilotos, miembros de los equipos y personal involucrado en el Gran Premio de Gran Breta\u00f1a, de los que \u00fanicamente el mexicano Sergio P\u00e9rez dio positivo.&nbsp; El piloto de Racing Point permanece aislado y con buen estado de salud, pero no podr\u00e1 competir este fin de semana en Silverstone tras haber arrojado un resultado positivo en el test de Covid-19.&nbsp; LEER M\u00c1S: As\u00ed fue el choque de Alex Albon en Silverstone Esta incidencia fue la \u00fanica entre las 3.909 pruebas realizadas entre el 24 y el 30 de julio, seg\u00fan indicaron en un comunicado conjunto la FIA y la F\u00f3rmula Uno.&nbsp; Ambas instituciones est\u00e1n ofreciendo informaci\u00f3n de estos resultados cada siete d\u00edas, siguiendo los principios de integridad y transparencia de la competici\u00f3n.&nbsp; Publicaci\u00f3n Original: https:\/\/www.eluniversal.com.mx\/universal-deportes\/mas-deportes\/f1-checo-perez-unico-positivo-entre-las-3-mil-pruebas-realizadas","og_url":"https:\/\/ferabrajan.com\/portal\/2020\/07\/31\/sergio-perez-unico-positivo-entre-las-3-mil-pruebas-realizadas\/","og_site_name":"Fer Abrajan","article_publisher":"https:\/\/www.facebook.com\/NoticiasconFerAbrajan\/","article_published_time":"2020-07-31T14:11:00+00:00","author":"admin","twitter_card":"summary_large_image","twitter_creator":"@ferabrajan1","twitter_site":"@ferabrajan1","twitter_misc":{"Escrito por":"admin","Tiempo de lectura":"1 minuto"},"schema":{"@context":"https:\/\/schema.org","@graph":[{"@type":"Article","@id":"https:\/\/ferabrajan.com\/portal\/2020\/07\/31\/sergio-perez-unico-positivo-entre-las-3-mil-pruebas-realizadas\/#article","isPartOf":{"@id":"https:\/\/ferabrajan.com\/portal\/2020\/07\/31\/sergio-perez-unico-positivo-entre-las-3-mil-pruebas-realizadas\/"},"author":{"name":"admin","@id":"https:\/\/ferabrajan.com\/portal\/#\/schema\/person\/f6113b3cb1e036d5c6a9505685b257ba"},"headline":"Sergio P\u00e9rez, \u00fanico positivo entre las 3 mil pruebas realizadas","datePublished":"2020-07-31T14:11:00+00:00","mainEntityOfPage":{"@id":"https:\/\/ferabrajan.com\/portal\/2020\/07\/31\/sergio-perez-unico-positivo-entre-las-3-mil-pruebas-realizadas\/"},"wordCount":189,"commentCount":0,"publisher":{"@id":"https:\/\/ferabrajan.com\/portal\/#organization"},"image":{"@id":"https:\/\/ferabrajan.com\/portal\/2020\/07\/31\/sergio-perez-unico-positivo-entre-las-3-mil-pruebas-realizadas\/#primaryimage"},"thumbnailUrl":"","articleSection":["El Mundo"],"inLanguage":"es"},{"@type":"WebPage","@id":"https:\/\/ferabrajan.com\/portal\/2020\/07\/31\/sergio-perez-unico-positivo-entre-las-3-mil-pruebas-realizadas\/","url":"https:\/\/ferabrajan.com\/portal\/2020\/07\/31\/sergio-perez-unico-positivo-entre-las-3-mil-pruebas-realizadas\/","name":"Sergio P\u00e9rez, \u00fanico positivo entre las 3 mil pruebas realizadas - Fer Abrajan","isPartOf":{"@id":"https:\/\/ferabrajan.com\/portal\/#website"},"primaryImageOfPage":{"@id":"https:\/\/ferabrajan.com\/portal\/2020\/07\/31\/sergio-perez-unico-positivo-entre-las-3-mil-pruebas-realizadas\/#primaryimage"},"image":{"@id":"https:\/\/ferabrajan.com\/portal\/2020\/07\/31\/sergio-perez-unico-positivo-entre-las-3-mil-pruebas-realizadas\/#primaryimage"},"thumbnailUrl":"","datePublished":"2020-07-31T14:11:00+00:00","breadcrumb":{"@id":"https:\/\/ferabrajan.com\/portal\/2020\/07\/31\/sergio-perez-unico-positivo-entre-las-3-mil-pruebas-realizadas\/#breadcrumb"},"inLanguage":"es","potentialAction":[{"@type":"ReadAction","target":["https:\/\/ferabrajan.com\/portal\/2020\/07\/31\/sergio-perez-unico-positivo-entre-las-3-mil-pruebas-realizadas\/"]}]},{"@type":"ImageObject","inLanguage":"es","@id":"https:\/\/ferabrajan.com\/portal\/2020\/07\/31\/sergio-perez-unico-positivo-entre-las-3-mil-pruebas-realizadas\/#primaryimage","url":"","contentUrl":""},{"@type":"BreadcrumbList","@id":"https:\/\/ferabrajan.com\/portal\/2020\/07\/31\/sergio-perez-unico-positivo-entre-las-3-mil-pruebas-realizadas\/#breadcrumb","itemListElement":[{"@type":"ListItem","position":1,"name":"Portada","item":"https:\/\/ferabrajan.com\/portal\/"},{"@type":"ListItem","position":2,"name":"Sergio P\u00e9rez, \u00fanico positivo entre las 3 mil pruebas realizadas"}]},{"@type":"WebSite","@id":"https:\/\/ferabrajan.com\/portal\/#website","url":"https:\/\/ferabrajan.com\/portal\/","name":"Fer Abrajan","description":"Noticias de Puebla, opini\u00f3n y radio en vivo","publisher":{"@id":"https:\/\/ferabrajan.com\/portal\/#organization"},"potentialAction":[{"@type":"SearchAction","target":{"@type":"EntryPoint","urlTemplate":"https:\/\/ferabrajan.com\/portal\/?s={search_term_string}"},"query-input":{"@type":"PropertyValueSpecification","valueRequired":true,"valueName":"search_term_string"}}],"inLanguage":"es"},{"@type":"Organization","@id":"https:\/\/ferabrajan.com\/portal\/#organization","name":"Fer Abrajan","url":"https:\/\/ferabrajan.com\/portal\/","logo":{"@type":"ImageObject","inLanguage":"es","@id":"https:\/\/ferabrajan.com\/portal\/#\/schema\/logo\/image\/","url":"https:\/\/ferabrajan.com\/portal\/wp-content\/uploads\/2024\/10\/cropped-logo.jpeg","contentUrl":"https:\/\/ferabrajan.com\/portal\/wp-content\/uploads\/2024\/10\/cropped-logo.jpeg","width":500,"height":250,"caption":"Fer Abrajan"},"image":{"@id":"https:\/\/ferabrajan.com\/portal\/#\/schema\/logo\/image\/"},"sameAs":["https:\/\/www.facebook.com\/NoticiasconFerAbrajan\/","https:\/\/x.com\/ferabrajan1"]},{"@type":"Person","@id":"https:\/\/ferabrajan.com\/portal\/#\/schema\/person\/f6113b3cb1e036d5c6a9505685b257ba","name":"admin","image":{"@type":"ImageObject","inLanguage":"es","@id":"https:\/\/secure.gravatar.com\/avatar\/072baa72775aad53c748dfc5d3048578e01b6c087eef335459ebfa04344e2d18?s=96&d=mm&r=g","url":"https:\/\/secure.gravatar.com\/avatar\/072baa72775aad53c748dfc5d3048578e01b6c087eef335459ebfa04344e2d18?s=96&d=mm&r=g","contentUrl":"https:\/\/secure.gravatar.com\/avatar\/072baa72775aad53c748dfc5d3048578e01b6c087eef335459ebfa04344e2d18?s=96&d=mm&r=g","caption":"admin"},"sameAs":["https:\/\/ferabrajan.com\/portal"],"url":"https:\/\/ferabrajan.com\/portal\/author\/admin\/"}]}},"_links":{"self":[{"href":"https:\/\/ferabrajan.com\/portal\/wp-json\/wp\/v2\/posts\/15997","targetHints":{"allow":["GET"]}}],"collection":[{"href":"https:\/\/ferabrajan.com\/portal\/wp-json\/wp\/v2\/posts"}],"about":[{"href":"https:\/\/ferabrajan.com\/portal\/wp-json\/wp\/v2\/types\/post"}],"author":[{"embeddable":true,"href":"https:\/\/ferabrajan.com\/portal\/wp-json\/wp\/v2\/users\/1"}],"replies":[{"embeddable":true,"href":"https:\/\/ferabrajan.com\/portal\/wp-json\/wp\/v2\/comments?post=15997"}],"version-history":[{"count":0,"href":"https:\/\/ferabrajan.com\/portal\/wp-json\/wp\/v2\/posts\/15997\/revisions"}],"wp:attachment":[{"href":"https:\/\/ferabrajan.com\/portal\/wp-json\/wp\/v2\/media?parent=15997"}],"wp:term":[{"taxonomy":"category","embeddable":true,"href":"https:\/\/ferabrajan.com\/portal\/wp-json\/wp\/v2\/categories?post=15997"},{"taxonomy":"post_tag","embeddable":true,"href":"https:\/\/ferabrajan.com\/portal\/wp-json\/wp\/v2\/tags?post=15997"}],"curies":[{"name":"wp","href":"https:\/\/api.w.org\/{rel}","templated":true}]}}