{"id":15992,"date":"2020-07-31T18:48:15","date_gmt":"2020-07-31T18:48:15","guid":{"rendered":"https:\/\/www.elsoldepuebla.com.mx\/local\/preven-mas-problemas-por-influenza-en-temporada-de-frio-en-puebla-salud-covid19-5566081.html"},"modified":"2020-07-31T18:48:15","modified_gmt":"2020-07-31T18:48:15","slug":"preven-mas-problemas-por-influenza-en-temporada-de-frio-en-puebla","status":"publish","type":"post","link":"https:\/\/ferabrajan.com\/portal\/2020\/07\/31\/preven-mas-problemas-por-influenza-en-temporada-de-frio-en-puebla\/","title":{"rendered":"Prev\u00e9n m\u00e1s problemas por influenza en temporada de fr\u00edo en Puebla"},"content":{"rendered":"<div><img decoding=\"async\" src=\"https:\/\/www.elsoldepuebla.com.mx\/local\/q56zl8-enfermedades-repiratorias-tos-gripa\/ALTERNATES\/LANDSCAPE_1140\/Enfermedades%20repiratorias%20-%20tos%20-%20gripa\" class=\"ff-og-image-inserted\"><\/div>\n<p>Aunque en los \u00faltimos tres meses la presencia del Covid-19 dispar\u00f3 los casos de influenza en Puebla, el gobernador de Puebla, Luis Miguel Barbosa Huerta, alert\u00f3 que se prev\u00e9n mayores problemas con esta enfermedad cuando llegue la temporada de fr\u00edo.<\/p>\n<p>\u201cEs un asunto que es estacional, vamos a tener m\u00e1s problemas cuando venga la temporada de fr\u00edo y tambi\u00e9n atendemos casos de influenza en este momento, que son casos de padecimientos IRAG. Los estamos atendiendo\u201d.<\/p>\n<p>De acuerdo con el m\u00e1s reciente informe del gobierno federal sobre casos de Influenza Interestacional, de mayo a julio de 2019 solo se registraron 74 casos de Enfermedad Tipo Influenza (ETI), sin embargo, en ese mismo periodo de este a\u00f1o, que lleg\u00f3 la pandemia del coronavirus a Puebla, los casos de ETI se dispararon a 14 mil 740.<\/p>\n<article class=\"local_estado media col-md-4 inline-story\"> <\/article>\n<article class=\"policiaca media col-md-4 inline-story\"> <\/article>\n<article class=\"policiaca media col-md-4 inline-story\"> <\/article>\n<section>\n<div class=\"teaser\">\n<p>[embedded content]<\/p>\n<\/div>\n<\/section>\n<p> Publicaci\u00f3n Original: <a href=\"https:\/\/www.elsoldepuebla.com.mx\/local\/preven-mas-problemas-por-influenza-en-temporada-de-frio-en-puebla-salud-covid19-5566081.html\" target=\"_blank\" rel=\"noopener noreferrer\">https:\/\/www.elsoldepuebla.com.mx\/local\/preven-mas-problemas-por-influenza-en-temporada-de-frio-en-puebla-salud-covid19-5566081.html<\/a><\/p>\n","protected":false},"excerpt":{"rendered":"<p>Aunque en los \u00faltimos tres meses la presencia del Covid-19 dispar\u00f3 los casos de influenza en Puebla, el gobernador de Puebla, Luis Miguel Barbosa Huerta, alert\u00f3 que se prev\u00e9n mayores problemas con esta enfermedad cuando llegue la temporada de fr\u00edo. \u201cEs un asunto que es estacional, vamos a tener m\u00e1s problemas cuando venga la temporada de fr\u00edo y tambi\u00e9n atendemos casos de influenza en este momento, que son casos de padecimientos IRAG. Los estamos atendiendo\u201d. De acuerdo con el m\u00e1s reciente informe del gobierno federal sobre casos de Influenza Interestacional, de mayo a julio de 2019 solo se registraron 74 casos de Enfermedad Tipo Influenza (ETI), sin embargo, en ese mismo periodo de este a\u00f1o, que lleg\u00f3 la pandemia del coronavirus a Puebla, los casos de ETI se dispararon a 14 mil 740. [embedded content] Publicaci\u00f3n Original: https:\/\/www.elsoldepuebla.com.mx\/local\/preven-mas-problemas-por-influenza-en-temporada-de-frio-en-puebla-salud-covid19-5566081.html<\/p>\n","protected":false},"author":1,"featured_media":15996,"comment_status":"closed","ping_status":"closed","sticky":false,"template":"","format":"standard","meta":{"_monsterinsights_skip_tracking":false,"_uf_show_specific_survey":0,"_uf_disable_surveys":false,"footnotes":""},"categories":[53,34],"tags":[],"class_list":["post-15992","post","type-post","status-publish","format-standard","has-post-thumbnail","hentry","category-local","category-puebla"],"yoast_head":"<!-- This site is optimized with the Yoast SEO plugin v27.5 - https:\/\/yoast.com\/product\/yoast-seo-wordpress\/ -->\n<title>Prev\u00e9n m\u00e1s problemas por influenza en temporada de fr\u00edo en Puebla - Fer Abrajan<\/title>\n<meta name=\"robots\" content=\"index, follow, max-snippet:-1, max-image-preview:large, max-video-preview:-1\" \/>\n<link rel=\"canonical\" href=\"https:\/\/ferabrajan.com\/portal\/2020\/07\/31\/preven-mas-problemas-por-influenza-en-temporada-de-frio-en-puebla\/\" \/>\n<meta property=\"og:locale\" content=\"es_ES\" \/>\n<meta property=\"og:type\" content=\"article\" \/>\n<meta property=\"og:title\" content=\"Prev\u00e9n m\u00e1s problemas por influenza en temporada de fr\u00edo en Puebla - Fer Abrajan\" \/>\n<meta property=\"og:description\" content=\"Aunque en los \u00faltimos tres meses la presencia del Covid-19 dispar\u00f3 los casos de influenza en Puebla, el gobernador de Puebla, Luis Miguel Barbosa Huerta, alert\u00f3 que se prev\u00e9n mayores problemas con esta enfermedad cuando llegue la temporada de fr\u00edo. \u201cEs un asunto que es estacional, vamos a tener m\u00e1s problemas cuando venga la temporada de fr\u00edo y tambi\u00e9n atendemos casos de influenza en este momento, que son casos de padecimientos IRAG. Los estamos atendiendo\u201d. De acuerdo con el m\u00e1s reciente informe del gobierno federal sobre casos de Influenza Interestacional, de mayo a julio de 2019 solo se registraron 74 casos de Enfermedad Tipo Influenza (ETI), sin embargo, en ese mismo periodo de este a\u00f1o, que lleg\u00f3 la pandemia del coronavirus a Puebla, los casos de ETI se dispararon a 14 mil 740. [embedded content] Publicaci\u00f3n Original: https:\/\/www.elsoldepuebla.com.mx\/local\/preven-mas-problemas-por-influenza-en-temporada-de-frio-en-puebla-salud-covid19-5566081.html\" \/>\n<meta property=\"og:url\" content=\"https:\/\/ferabrajan.com\/portal\/2020\/07\/31\/preven-mas-problemas-por-influenza-en-temporada-de-frio-en-puebla\/\" \/>\n<meta property=\"og:site_name\" content=\"Fer Abrajan\" \/>\n<meta property=\"article:publisher\" content=\"https:\/\/www.facebook.com\/NoticiasconFerAbrajan\/\" \/>\n<meta property=\"article:published_time\" content=\"2020-07-31T18:48:15+00:00\" \/>\n<meta name=\"author\" content=\"admin\" \/>\n<meta name=\"twitter:card\" content=\"summary_large_image\" \/>\n<meta name=\"twitter:creator\" content=\"@ferabrajan1\" \/>\n<meta name=\"twitter:site\" content=\"@ferabrajan1\" \/>\n<meta name=\"twitter:label1\" content=\"Escrito por\" \/>\n\t<meta name=\"twitter:data1\" content=\"admin\" \/>\n\t<meta name=\"twitter:label2\" content=\"Tiempo de lectura\" \/>\n\t<meta name=\"twitter:data2\" content=\"1 minuto\" \/>\n<script type=\"application\/ld+json\" class=\"yoast-schema-graph\">{\"@context\":\"https:\\\/\\\/schema.org\",\"@graph\":[{\"@type\":\"Article\",\"@id\":\"https:\\\/\\\/ferabrajan.com\\\/portal\\\/2020\\\/07\\\/31\\\/preven-mas-problemas-por-influenza-en-temporada-de-frio-en-puebla\\\/#article\",\"isPartOf\":{\"@id\":\"https:\\\/\\\/ferabrajan.com\\\/portal\\\/2020\\\/07\\\/31\\\/preven-mas-problemas-por-influenza-en-temporada-de-frio-en-puebla\\\/\"},\"author\":{\"name\":\"admin\",\"@id\":\"https:\\\/\\\/ferabrajan.com\\\/portal\\\/#\\\/schema\\\/person\\\/f6113b3cb1e036d5c6a9505685b257ba\"},\"headline\":\"Prev\u00e9n m\u00e1s problemas por influenza en temporada de fr\u00edo en Puebla\",\"datePublished\":\"2020-07-31T18:48:15+00:00\",\"mainEntityOfPage\":{\"@id\":\"https:\\\/\\\/ferabrajan.com\\\/portal\\\/2020\\\/07\\\/31\\\/preven-mas-problemas-por-influenza-en-temporada-de-frio-en-puebla\\\/\"},\"wordCount\":164,\"publisher\":{\"@id\":\"https:\\\/\\\/ferabrajan.com\\\/portal\\\/#organization\"},\"image\":{\"@id\":\"https:\\\/\\\/ferabrajan.com\\\/portal\\\/2020\\\/07\\\/31\\\/preven-mas-problemas-por-influenza-en-temporada-de-frio-en-puebla\\\/#primaryimage\"},\"thumbnailUrl\":\"\",\"articleSection\":[\"Local\",\"Puebla\"],\"inLanguage\":\"es\"},{\"@type\":\"WebPage\",\"@id\":\"https:\\\/\\\/ferabrajan.com\\\/portal\\\/2020\\\/07\\\/31\\\/preven-mas-problemas-por-influenza-en-temporada-de-frio-en-puebla\\\/\",\"url\":\"https:\\\/\\\/ferabrajan.com\\\/portal\\\/2020\\\/07\\\/31\\\/preven-mas-problemas-por-influenza-en-temporada-de-frio-en-puebla\\\/\",\"name\":\"Prev\u00e9n m\u00e1s problemas por influenza en temporada de fr\u00edo en Puebla - Fer Abrajan\",\"isPartOf\":{\"@id\":\"https:\\\/\\\/ferabrajan.com\\\/portal\\\/#website\"},\"primaryImageOfPage\":{\"@id\":\"https:\\\/\\\/ferabrajan.com\\\/portal\\\/2020\\\/07\\\/31\\\/preven-mas-problemas-por-influenza-en-temporada-de-frio-en-puebla\\\/#primaryimage\"},\"image\":{\"@id\":\"https:\\\/\\\/ferabrajan.com\\\/portal\\\/2020\\\/07\\\/31\\\/preven-mas-problemas-por-influenza-en-temporada-de-frio-en-puebla\\\/#primaryimage\"},\"thumbnailUrl\":\"\",\"datePublished\":\"2020-07-31T18:48:15+00:00\",\"breadcrumb\":{\"@id\":\"https:\\\/\\\/ferabrajan.com\\\/portal\\\/2020\\\/07\\\/31\\\/preven-mas-problemas-por-influenza-en-temporada-de-frio-en-puebla\\\/#breadcrumb\"},\"inLanguage\":\"es\",\"potentialAction\":[{\"@type\":\"ReadAction\",\"target\":[\"https:\\\/\\\/ferabrajan.com\\\/portal\\\/2020\\\/07\\\/31\\\/preven-mas-problemas-por-influenza-en-temporada-de-frio-en-puebla\\\/\"]}]},{\"@type\":\"ImageObject\",\"inLanguage\":\"es\",\"@id\":\"https:\\\/\\\/ferabrajan.com\\\/portal\\\/2020\\\/07\\\/31\\\/preven-mas-problemas-por-influenza-en-temporada-de-frio-en-puebla\\\/#primaryimage\",\"url\":\"\",\"contentUrl\":\"\"},{\"@type\":\"BreadcrumbList\",\"@id\":\"https:\\\/\\\/ferabrajan.com\\\/portal\\\/2020\\\/07\\\/31\\\/preven-mas-problemas-por-influenza-en-temporada-de-frio-en-puebla\\\/#breadcrumb\",\"itemListElement\":[{\"@type\":\"ListItem\",\"position\":1,\"name\":\"Portada\",\"item\":\"https:\\\/\\\/ferabrajan.com\\\/portal\\\/\"},{\"@type\":\"ListItem\",\"position\":2,\"name\":\"Prev\u00e9n m\u00e1s problemas por influenza en temporada de fr\u00edo en Puebla\"}]},{\"@type\":\"WebSite\",\"@id\":\"https:\\\/\\\/ferabrajan.com\\\/portal\\\/#website\",\"url\":\"https:\\\/\\\/ferabrajan.com\\\/portal\\\/\",\"name\":\"Fer Abrajan\",\"description\":\"Noticias de Puebla, opini\u00f3n y radio en vivo\",\"publisher\":{\"@id\":\"https:\\\/\\\/ferabrajan.com\\\/portal\\\/#organization\"},\"potentialAction\":[{\"@type\":\"SearchAction\",\"target\":{\"@type\":\"EntryPoint\",\"urlTemplate\":\"https:\\\/\\\/ferabrajan.com\\\/portal\\\/?s={search_term_string}\"},\"query-input\":{\"@type\":\"PropertyValueSpecification\",\"valueRequired\":true,\"valueName\":\"search_term_string\"}}],\"inLanguage\":\"es\"},{\"@type\":\"Organization\",\"@id\":\"https:\\\/\\\/ferabrajan.com\\\/portal\\\/#organization\",\"name\":\"Fer Abrajan\",\"url\":\"https:\\\/\\\/ferabrajan.com\\\/portal\\\/\",\"logo\":{\"@type\":\"ImageObject\",\"inLanguage\":\"es\",\"@id\":\"https:\\\/\\\/ferabrajan.com\\\/portal\\\/#\\\/schema\\\/logo\\\/image\\\/\",\"url\":\"https:\\\/\\\/ferabrajan.com\\\/portal\\\/wp-content\\\/uploads\\\/2024\\\/10\\\/cropped-logo.jpeg\",\"contentUrl\":\"https:\\\/\\\/ferabrajan.com\\\/portal\\\/wp-content\\\/uploads\\\/2024\\\/10\\\/cropped-logo.jpeg\",\"width\":500,\"height\":250,\"caption\":\"Fer Abrajan\"},\"image\":{\"@id\":\"https:\\\/\\\/ferabrajan.com\\\/portal\\\/#\\\/schema\\\/logo\\\/image\\\/\"},\"sameAs\":[\"https:\\\/\\\/www.facebook.com\\\/NoticiasconFerAbrajan\\\/\",\"https:\\\/\\\/x.com\\\/ferabrajan1\"]},{\"@type\":\"Person\",\"@id\":\"https:\\\/\\\/ferabrajan.com\\\/portal\\\/#\\\/schema\\\/person\\\/f6113b3cb1e036d5c6a9505685b257ba\",\"name\":\"admin\",\"image\":{\"@type\":\"ImageObject\",\"inLanguage\":\"es\",\"@id\":\"https:\\\/\\\/secure.gravatar.com\\\/avatar\\\/072baa72775aad53c748dfc5d3048578e01b6c087eef335459ebfa04344e2d18?s=96&d=mm&r=g\",\"url\":\"https:\\\/\\\/secure.gravatar.com\\\/avatar\\\/072baa72775aad53c748dfc5d3048578e01b6c087eef335459ebfa04344e2d18?s=96&d=mm&r=g\",\"contentUrl\":\"https:\\\/\\\/secure.gravatar.com\\\/avatar\\\/072baa72775aad53c748dfc5d3048578e01b6c087eef335459ebfa04344e2d18?s=96&d=mm&r=g\",\"caption\":\"admin\"},\"sameAs\":[\"https:\\\/\\\/ferabrajan.com\\\/portal\"],\"url\":\"https:\\\/\\\/ferabrajan.com\\\/portal\\\/author\\\/admin\\\/\"}]}<\/script>\n<!-- \/ Yoast SEO plugin. -->","yoast_head_json":{"title":"Prev\u00e9n m\u00e1s problemas por influenza en temporada de fr\u00edo en Puebla - Fer Abrajan","robots":{"index":"index","follow":"follow","max-snippet":"max-snippet:-1","max-image-preview":"max-image-preview:large","max-video-preview":"max-video-preview:-1"},"canonical":"https:\/\/ferabrajan.com\/portal\/2020\/07\/31\/preven-mas-problemas-por-influenza-en-temporada-de-frio-en-puebla\/","og_locale":"es_ES","og_type":"article","og_title":"Prev\u00e9n m\u00e1s problemas por influenza en temporada de fr\u00edo en Puebla - Fer Abrajan","og_description":"Aunque en los \u00faltimos tres meses la presencia del Covid-19 dispar\u00f3 los casos de influenza en Puebla, el gobernador de Puebla, Luis Miguel Barbosa Huerta, alert\u00f3 que se prev\u00e9n mayores problemas con esta enfermedad cuando llegue la temporada de fr\u00edo. \u201cEs un asunto que es estacional, vamos a tener m\u00e1s problemas cuando venga la temporada de fr\u00edo y tambi\u00e9n atendemos casos de influenza en este momento, que son casos de padecimientos IRAG. Los estamos atendiendo\u201d. De acuerdo con el m\u00e1s reciente informe del gobierno federal sobre casos de Influenza Interestacional, de mayo a julio de 2019 solo se registraron 74 casos de Enfermedad Tipo Influenza (ETI), sin embargo, en ese mismo periodo de este a\u00f1o, que lleg\u00f3 la pandemia del coronavirus a Puebla, los casos de ETI se dispararon a 14 mil 740. [embedded content] Publicaci\u00f3n Original: https:\/\/www.elsoldepuebla.com.mx\/local\/preven-mas-problemas-por-influenza-en-temporada-de-frio-en-puebla-salud-covid19-5566081.html","og_url":"https:\/\/ferabrajan.com\/portal\/2020\/07\/31\/preven-mas-problemas-por-influenza-en-temporada-de-frio-en-puebla\/","og_site_name":"Fer Abrajan","article_publisher":"https:\/\/www.facebook.com\/NoticiasconFerAbrajan\/","article_published_time":"2020-07-31T18:48:15+00:00","author":"admin","twitter_card":"summary_large_image","twitter_creator":"@ferabrajan1","twitter_site":"@ferabrajan1","twitter_misc":{"Escrito por":"admin","Tiempo de lectura":"1 minuto"},"schema":{"@context":"https:\/\/schema.org","@graph":[{"@type":"Article","@id":"https:\/\/ferabrajan.com\/portal\/2020\/07\/31\/preven-mas-problemas-por-influenza-en-temporada-de-frio-en-puebla\/#article","isPartOf":{"@id":"https:\/\/ferabrajan.com\/portal\/2020\/07\/31\/preven-mas-problemas-por-influenza-en-temporada-de-frio-en-puebla\/"},"author":{"name":"admin","@id":"https:\/\/ferabrajan.com\/portal\/#\/schema\/person\/f6113b3cb1e036d5c6a9505685b257ba"},"headline":"Prev\u00e9n m\u00e1s problemas por influenza en temporada de fr\u00edo en Puebla","datePublished":"2020-07-31T18:48:15+00:00","mainEntityOfPage":{"@id":"https:\/\/ferabrajan.com\/portal\/2020\/07\/31\/preven-mas-problemas-por-influenza-en-temporada-de-frio-en-puebla\/"},"wordCount":164,"publisher":{"@id":"https:\/\/ferabrajan.com\/portal\/#organization"},"image":{"@id":"https:\/\/ferabrajan.com\/portal\/2020\/07\/31\/preven-mas-problemas-por-influenza-en-temporada-de-frio-en-puebla\/#primaryimage"},"thumbnailUrl":"","articleSection":["Local","Puebla"],"inLanguage":"es"},{"@type":"WebPage","@id":"https:\/\/ferabrajan.com\/portal\/2020\/07\/31\/preven-mas-problemas-por-influenza-en-temporada-de-frio-en-puebla\/","url":"https:\/\/ferabrajan.com\/portal\/2020\/07\/31\/preven-mas-problemas-por-influenza-en-temporada-de-frio-en-puebla\/","name":"Prev\u00e9n m\u00e1s problemas por influenza en temporada de fr\u00edo en Puebla - Fer Abrajan","isPartOf":{"@id":"https:\/\/ferabrajan.com\/portal\/#website"},"primaryImageOfPage":{"@id":"https:\/\/ferabrajan.com\/portal\/2020\/07\/31\/preven-mas-problemas-por-influenza-en-temporada-de-frio-en-puebla\/#primaryimage"},"image":{"@id":"https:\/\/ferabrajan.com\/portal\/2020\/07\/31\/preven-mas-problemas-por-influenza-en-temporada-de-frio-en-puebla\/#primaryimage"},"thumbnailUrl":"","datePublished":"2020-07-31T18:48:15+00:00","breadcrumb":{"@id":"https:\/\/ferabrajan.com\/portal\/2020\/07\/31\/preven-mas-problemas-por-influenza-en-temporada-de-frio-en-puebla\/#breadcrumb"},"inLanguage":"es","potentialAction":[{"@type":"ReadAction","target":["https:\/\/ferabrajan.com\/portal\/2020\/07\/31\/preven-mas-problemas-por-influenza-en-temporada-de-frio-en-puebla\/"]}]},{"@type":"ImageObject","inLanguage":"es","@id":"https:\/\/ferabrajan.com\/portal\/2020\/07\/31\/preven-mas-problemas-por-influenza-en-temporada-de-frio-en-puebla\/#primaryimage","url":"","contentUrl":""},{"@type":"BreadcrumbList","@id":"https:\/\/ferabrajan.com\/portal\/2020\/07\/31\/preven-mas-problemas-por-influenza-en-temporada-de-frio-en-puebla\/#breadcrumb","itemListElement":[{"@type":"ListItem","position":1,"name":"Portada","item":"https:\/\/ferabrajan.com\/portal\/"},{"@type":"ListItem","position":2,"name":"Prev\u00e9n m\u00e1s problemas por influenza en temporada de fr\u00edo en Puebla"}]},{"@type":"WebSite","@id":"https:\/\/ferabrajan.com\/portal\/#website","url":"https:\/\/ferabrajan.com\/portal\/","name":"Fer Abrajan","description":"Noticias de Puebla, opini\u00f3n y radio en vivo","publisher":{"@id":"https:\/\/ferabrajan.com\/portal\/#organization"},"potentialAction":[{"@type":"SearchAction","target":{"@type":"EntryPoint","urlTemplate":"https:\/\/ferabrajan.com\/portal\/?s={search_term_string}"},"query-input":{"@type":"PropertyValueSpecification","valueRequired":true,"valueName":"search_term_string"}}],"inLanguage":"es"},{"@type":"Organization","@id":"https:\/\/ferabrajan.com\/portal\/#organization","name":"Fer Abrajan","url":"https:\/\/ferabrajan.com\/portal\/","logo":{"@type":"ImageObject","inLanguage":"es","@id":"https:\/\/ferabrajan.com\/portal\/#\/schema\/logo\/image\/","url":"https:\/\/ferabrajan.com\/portal\/wp-content\/uploads\/2024\/10\/cropped-logo.jpeg","contentUrl":"https:\/\/ferabrajan.com\/portal\/wp-content\/uploads\/2024\/10\/cropped-logo.jpeg","width":500,"height":250,"caption":"Fer Abrajan"},"image":{"@id":"https:\/\/ferabrajan.com\/portal\/#\/schema\/logo\/image\/"},"sameAs":["https:\/\/www.facebook.com\/NoticiasconFerAbrajan\/","https:\/\/x.com\/ferabrajan1"]},{"@type":"Person","@id":"https:\/\/ferabrajan.com\/portal\/#\/schema\/person\/f6113b3cb1e036d5c6a9505685b257ba","name":"admin","image":{"@type":"ImageObject","inLanguage":"es","@id":"https:\/\/secure.gravatar.com\/avatar\/072baa72775aad53c748dfc5d3048578e01b6c087eef335459ebfa04344e2d18?s=96&d=mm&r=g","url":"https:\/\/secure.gravatar.com\/avatar\/072baa72775aad53c748dfc5d3048578e01b6c087eef335459ebfa04344e2d18?s=96&d=mm&r=g","contentUrl":"https:\/\/secure.gravatar.com\/avatar\/072baa72775aad53c748dfc5d3048578e01b6c087eef335459ebfa04344e2d18?s=96&d=mm&r=g","caption":"admin"},"sameAs":["https:\/\/ferabrajan.com\/portal"],"url":"https:\/\/ferabrajan.com\/portal\/author\/admin\/"}]}},"_links":{"self":[{"href":"https:\/\/ferabrajan.com\/portal\/wp-json\/wp\/v2\/posts\/15992","targetHints":{"allow":["GET"]}}],"collection":[{"href":"https:\/\/ferabrajan.com\/portal\/wp-json\/wp\/v2\/posts"}],"about":[{"href":"https:\/\/ferabrajan.com\/portal\/wp-json\/wp\/v2\/types\/post"}],"author":[{"embeddable":true,"href":"https:\/\/ferabrajan.com\/portal\/wp-json\/wp\/v2\/users\/1"}],"replies":[{"embeddable":true,"href":"https:\/\/ferabrajan.com\/portal\/wp-json\/wp\/v2\/comments?post=15992"}],"version-history":[{"count":0,"href":"https:\/\/ferabrajan.com\/portal\/wp-json\/wp\/v2\/posts\/15992\/revisions"}],"wp:attachment":[{"href":"https:\/\/ferabrajan.com\/portal\/wp-json\/wp\/v2\/media?parent=15992"}],"wp:term":[{"taxonomy":"category","embeddable":true,"href":"https:\/\/ferabrajan.com\/portal\/wp-json\/wp\/v2\/categories?post=15992"},{"taxonomy":"post_tag","embeddable":true,"href":"https:\/\/ferabrajan.com\/portal\/wp-json\/wp\/v2\/tags?post=15992"}],"curies":[{"name":"wp","href":"https:\/\/api.w.org\/{rel}","templated":true}]}}