{"id":15982,"date":"2020-07-31T19:00:00","date_gmt":"2020-07-31T19:00:00","guid":{"rendered":"https:\/\/www.elsoldepuebla.com.mx\/gossip\/el-verano-en-el-que-el-cine-se-detuvo-hollywood-estrenos-peliculas-pandemia-covid-19-coronavirus-5563764.html"},"modified":"2020-07-31T19:00:00","modified_gmt":"2020-07-31T19:00:00","slug":"el-verano-en-el-que-el-cine-se-detuvo","status":"publish","type":"post","link":"https:\/\/ferabrajan.com\/portal\/2020\/07\/31\/el-verano-en-el-que-el-cine-se-detuvo\/","title":{"rendered":"El verano en el que el cine se detuvo"},"content":{"rendered":"<div><img decoding=\"async\" src=\"https:\/\/www.elsoldemexico.com.mx\/gossip\/5l9pf6-cine-sala-pixabay2.jpg\/ALTERNATES\/LANDSCAPE_1140\/cine-sala-pixabay2.jpg\" class=\"ff-og-image-inserted\"><\/div>\n<p>La emergencia sanitaria por la pandemia de Covid-19 ya infect\u00f3 a la industria cinematogr\u00e1fica, el cierre de salas llev\u00f3 a posponer estrenos y producci\u00f3n de cintas ya avanzadas o anunciadas, dejando a los cin\u00e9filos alrededor del mundo con las ganas de ver ya las cintas que tanto se hab\u00edan promocionado<\/p>\n<p>\u00bfCu\u00e1ntas veces no vimos ya esa escena? Ciudades desiertas a causa de un virus. Ya sea con Will Smith en <em>Soy leyenda,<\/em> Jude Law en <em>Contagio<\/em> o Bruce Willis en <em>12 monos,<\/em> pero siempre lo mismo, el espectador queda fascinado ante esa visi\u00f3n postapocal\u00edptica.<\/p>\n<p>Ahora, en pleno verano de 2020, los cin\u00e9filos no requieren ir a una sala oscura para ver eso, simplemente basta con una hojeada a la prensa o a las redes sociales para, en carne propia, sentir algo de lo que sintieron esos y muchos m\u00e1s personajes atrapados por el villano invisible que son los virus.<\/p>\n<p>Y es que el futuro alcanz\u00f3 al s\u00e9ptimo arte. Como la gran mayor\u00eda de las actividades del mundo real, el cine tuvo que entrar en una pausa debido al Covid-19, una pausa que se ha prolongado m\u00e1s de lo esperado, causando tan grandes da\u00f1os que ya podemos decir que 2020 ser\u00e1 un a\u00f1o perdido para el cine.<\/p>\n<p>No nos referimos s\u00f3lo a los da\u00f1os econ\u00f3micos, del cierre de complejos cinematogr\u00e1ficos y los empleos que se pierden con ellos, sino m\u00e1s bien a lo que los amantes del cne van a tener que padecer en lo que resta de este a\u00f1o.<\/p>\n<p>El avance del coronavirus provoc\u00f3 que en marzo todos los espect\u00e1culos que juntaran a decenas de personas fueran cancelados. Desde luego el cine estaba incluido en esa lista de espect\u00e1culos, desencadenando toda una reacci\u00f3n en cadena en la industria, sobre todo en la que tiene que ver con los blockbusters de Hollywood.<\/p>\n<h3>Una resaca infernal<\/h3>\n<p>El a\u00f1o 2019 fue de ensue\u00f1o para la industria del cine estadounidense, en especial para Disney. La casa de Mickey Mouse domin\u00f3 de principio a fin la taquilla mundial con t\u00edtulos como <em>Alad\u00edn, El Rey Le\u00f3n, Toy Story 4, Star Wars: El ascenso de Skywalker<\/em> y desde luego, <em>Avengers Endgame<\/em> que se convirti\u00f3 en la pel\u00edcula m\u00e1s taquillera de la historia.<\/p>\n<p>Sumada a \u00e9stas, tambi\u00e9n destacaron t\u00edtulos como <em>Joker, R\u00e1pido y Furioso: Hobbs &amp; Shaw,<\/em> y <em>Jumanji: siguiente nivel.<\/em><\/p>\n<section>\n<article class=\"gossip media\">\n<div class=\"teaser\">\n<p>[embedded content]<\/p>\n<\/div>\n<\/article>\n<\/section>\n<p>As\u00ed que, de antemano, parec\u00eda complicado que este 2020 pudiera superar a su predecesor, pero nadie pens\u00f3 que ni siquiera pudiera intentarlo.<\/p>\n<p>Pese a esto, enero y febrero fueron \u201cnormales\u201d. Con el Covid-19 todav\u00eda contenido en Asia, en occidente se pudieron estrenar t\u00edtulos como <em>Bad Boys por siempre, Sonic<\/em> y <em>Aves de presa,<\/em> aunque a esta \u00faltima mejor le hubiera ido si la pospon\u00edan.<\/p>\n<section>\n<article class=\"gossip media\">\n<div class=\"teaser\">\n<p>[embedded content]<\/p>\n<\/div>\n<\/article>\n<\/section>\n<p>Las dos primeras, pese a no estrenarse en China, logaron ser \u00e9xitos financieros, mientras la \u00faltima fue un descalabro, y a como van las cosas, tal vez sea el peor de 2020.<\/p>\n<p>Hasta el primer bimestre, la situaci\u00f3n en las salas de cine era la esperada, y el peligro de los virus mortales s\u00f3lo se limitaban a sus pantallas.<\/p>\n<h3>Febrero loco y marzo&#8230;<\/h3>\n<p>A principios de marzo, el Covid-19 ganaba espacio en todo el mundo. Ya no s\u00f3lo se trataba de China donde la actividad social se mermaba por la enfermedad, Europa empezaba a resentir los estragos de la pandemia mientras que Am\u00e9rica se preparaba para lo inevitable.<\/p>\n<p>Aun as\u00ed, Disney sigui\u00f3 con su calendario de estrenos. El 6 de marzo se estren\u00f3 <em>Unidos,<\/em> la primera de dos producciones de Pixar programadas para 2020. La pel\u00edcula animada protagonizada por Tom Holland y Chris Pratt fue la primera v\u00edctima de la pandemia.<\/p>\n<p>Al estrenarse en el comienzo del confinamiento global, <em>Unidos<\/em> termin\u00f3 con apenas 103 millones de d\u00f3lares en taquilla, convirti\u00e9ndose en la primera producci\u00f3n de Pixar en recaudar menos de 200 millones de d\u00f3lares globalmente.<\/p>\n<p>Los pobres resultados de la animaci\u00f3n encendieron los focos rojos de la industria, en especial de su productora. Para esas fechas, Disney hab\u00eda comenzado con la promoci\u00f3n de <em>Mulan,<\/em> el <em>live action<\/em> de su pel\u00edcula animada, incluso lleg\u00f3 a celebrar la premier mundial el 10 de marzo con miras a su estreno comercial el 27 de marzo.<\/p>\n<p>D\u00edas despu\u00e9s comenz\u00f3, si no el p\u00e1nico, s\u00ed la prudencia. Disney no tard\u00f3 en anunciar el retras\u00f3 del estreno de <em>Mulan<\/em>, por una sencilla raz\u00f3n: tanto en China como en Europa los cines estar\u00edan cerrados, lo que significaba perder por lo menos, la mitad de la taquilla mundial.<\/p>\n<section>\n<article class=\"gossip media\">\n<div class=\"teaser\">\n<p>[embedded content]<\/p>\n<\/div>\n<\/article>\n<\/section>\n<p>Siguiendo el ejemplo de la casa productora m\u00e1s grande, la competencia no tard\u00f3 en hacer lo propio.<\/p>\n<p><em>Un lugar en silencio 2<\/em>, continuaci\u00f3n de la aclamada cinta de John Krasinski, se esperaba el 20 de marzo de este a\u00f1o, pero por la pandemia fue atrasada, primero a septiembre, pero Paramount decidi\u00f3 no arriesgarse y mandarla hasta abril del a\u00f1o entrante.<\/p>\n<p>La misma casa productora tambi\u00e9n retras\u00f3 cinco meses <em>Maverick,<\/em> otra continuaci\u00f3n, esta vez de la pel\u00edcula ochentera <em>Top Gun.<\/em> As\u00ed, de la Navidad de este a\u00f1o pas\u00f3 al fin de semana del 4 de julio de 2021.<\/p>\n<section>\n<article class=\"gossip media\">\n<div class=\"teaser\">\n<p>[embedded content]<\/p>\n<\/div>\n<\/article>\n<\/section>\n<p>De la misma forma, Universal no dud\u00f3 ni un instante para mover <em>R\u00e1pidos y Furiosos 9<\/em> al a\u00f1o entrante, mientras que <em>Bond: Sin tiempo para morir<\/em> de la misma casa productora, pactada para abril, terminar\u00e1 por salir a la luz no antes de noviembre pr\u00f3ximo.<\/p>\n<p>La raz\u00f3n de estos retrasos es simple. Al tratarse de pel\u00edculas de gran presupuesto (la mayor\u00eda de m\u00e1s de 100 millones de d\u00f3lares), los estudios no se quieren arriesgar a que obtengan baja recaudaci\u00f3n como ocurri\u00f3 con <em>Unidos.<\/em><\/p>\n<p>As\u00ed, para lograr un \u00e9xito comercial, cada pel\u00edcula deber\u00e1 de obtener por lo menos el doble de su presupuesto en taquilla (no hay que olvidar que parte de las ganancias de la venta de boletos se la quedan los cines). Y con las salas cerradas, es imposible lograrlo.<\/p>\n<h3>Alternativas<\/h3>\n<p>En una primera instancia, algunas pel\u00edculas de gran presupuesto aguantaron. Warner Bros. alarg\u00f3 lo m\u00e1s que pudo el retraso de sus apuestas m\u00e1s fuertes como <em>Wonder Woman 1984<\/em> pactada para estrenarse el 5 de junio, o <em>Tenet<\/em>, la \u00faltima pel\u00edcula de Christpher Nolan, que ver\u00eda la luz el 17 de julio. Disney tambi\u00e9n espero hasta el \u00faltimo para posponer <em>Black Widow,<\/em> que saldr\u00eda a salas el 30 de abril.<\/p>\n<p>El caso de <em>Tenet<\/em> es bastante ilustrativo. En medio de la pandemia, se especul\u00f3 mucho de si se retrasar\u00eda el \u00faltimo proyecto de Nolan, el director consentido de Warner. Era finales de junio y ni la contingencia ced\u00eda ni el estudio cambiaba la fecha.<\/p>\n<section>\n<article class=\"gossip media\">\n<div class=\"teaser\">\n<p>[embedded content]<\/p>\n<\/div>\n<\/article>\n<\/section>\n<p>Se lleg\u00f3 a especular que Warner la estrenar\u00eda si se garantizaba que al menos el 80 por ciento de los cines de Nueva York y California abr\u00edan a la mitad de su capacidad, lo cual dar\u00eda margen de maniobra financiera para recuperar su presupuesto calculado en 200 millones de d\u00f3lares.<\/p>\n<p>Al final, eso no ocurri\u00f3, y de nuevo se lleg\u00f3 a especular que el director presion\u00f3 para que se estrenara en julio, por lo que se program\u00f3 para el \u00faltimo fin de semana de ese mes, pero de nueva cuenta, el Covid-19 lo impidi\u00f3, por lo que se volvi\u00f3 a mover la fecha a mediados de agosto. Finalmente, Warner mand\u00f3 a la congeladora el estreno hasta alg\u00fan punto de 2021.<\/p>\n<p>De igual forma, el estudio mando hasta el a\u00f1o entrante el estreno de <em>El Conjuro 3,<\/em> la \u00faltima entrega de su exitosa franquicia de terror, de septiembre pr\u00f3ximo a junio de 2021.<\/p>\n<h3>\u00bfMujeres al rescate?<\/h3>\n<p>Con tantos retrasos en cartelera, el verano cinematogr\u00e1fico 2020 no va a existir. Con la incertidumbre de si los cines abrir\u00e1n este a\u00f1o, agosto y septiembre est\u00e1n sin estrenos programados.<\/p>\n<p>Ser\u00eda hasta el 2 de octubre cuando, si las condiciones lo permiten, las salas vuelvan a tomar vida. Warner mantiene esa fecha como el estreno de <em>Wonder Woman 1984.<\/em> Si de por s\u00ed era una de las pel\u00edculas m\u00e1s esperadas del a\u00f1o, las circunstancias podr\u00edan beneficiarla, o tambi\u00e9n condenarla.<\/p>\n<section>\n<article class=\"gossip media\">\n<div class=\"teaser\">\n<p>[embedded content]<\/p>\n<\/div>\n<\/article>\n<\/section>\n<p>La cinta protagonizada por Gal Gadot reabrir\u00eda los cines, por lo que no ser\u00eda raro que mucha gente vaya a verla no s\u00f3lo por tratarse de una pel\u00edcula que promete buen entretenimiento, sino para regresar a la normalidad. Sin embargo, en dado caso de que los casos de Covid-19 est\u00e9n controlados para entonces, existe la posibilidad de que los temores a un rebrote ganen a las ansias por ir a las salas, echando a perder la taquilla.<\/p>\n<p>Otra de las apuestas que siguen en pie para este a\u00f1o es <em>Black Widow.<\/em> La cinta es parte del siempre bien recibido Universo Cinematogr\u00e1fico de Marvel, a lo que se suma la participaci\u00f3n de Scarlett Johansson en el rol protag\u00f3nico, por lo que los ingredientes para ser exitosa est\u00e1n ah\u00ed, pero de nuevo, nadie sabe si para esas fechas ya est\u00e9n operando normales los cines.<\/p>\n<section>\n<article class=\"gossip media\">\n<div class=\"teaser\">\n<p>[embedded content]<\/p>\n<\/div>\n<\/article>\n<\/section>\n<p>De lograr los n\u00fameros esperados a principios de a\u00f1o en ambos casos, estar\u00edamos hablando de que las dos pel\u00edculas m\u00e1s taquilleras del a\u00f1o ser\u00edan protagonizadas por mujeres.<\/p>\n<h3>Efecto domin\u00f3<\/h3>\n<p>Todos esperamos que m\u00e1s temprano que tarde la normalidad regrese a la vida cotidiana. En el caso del cine, el 2020 ya podr\u00eda considerarse como perdido, pero como la mayor\u00eda de sus pel\u00edculas ya est\u00e1n programadas para 2021 el calendario del a\u00f1o entrante est\u00e1 m\u00e1s que lleno.<\/p>\n<p>No hay que olvidar que cada estudio tiene programados sus estrenos desde muchos meses antes, por lo que estos atrasos afectan sus planes en el mediano plazo.<\/p>\n<p>Antes de la pandemia, se esperaba que en 2021 se estrenaran pel\u00edculas como <em>The Batman,<\/em> la tercera entrega del <em>Spiderman<\/em> de Tom Holland, o la nueva de <em>Jurasic Park<\/em>.<\/p>\n<p>As\u00ed que con los vecinos tan cerca, tendr\u00e1n que hacerse un hueco para tanto estreno.<\/p>\n<p>Pero, adem\u00e1s, como varias de las producciones se quedaron suspendidas, no habr\u00e1 tiempo para desarrollar m\u00e1s proyectos en 2021, por lo que casos como las precuelas de <em>Avatar,<\/em> la nueva trilog\u00eda de <em>Star Wars<\/em> o las nuevas aventuras de los h\u00e9roes de Marvel tendr\u00e1n que esperar otros a\u00f1os para estar en pantalla.<\/p>\n<p>Lo cierto es que en lo que el mundo vuelve a la normalidad, si es que alguna vez puede hacerlo despu\u00e9s de la pandemia, los calendarios de estrenos siguen siendo como una carta a Santa Clos, pides lo mejor esperando que no te traigan el juguete que no quer\u00edas, o en este caso, que no te atrasen el estreno de tu pel\u00edcula favorita hasta el a\u00f1o entrante.<\/p>\n<h3>Te recomendamos el podcast <strong>\u2b07\ufe0f<\/strong><\/h3>\n<section> <\/section>\n<p><strong><a rel=\"Follow noopener noreferrer\" target=\"_blank\" title=\"Escucha en iOS\" href=\"https:\/\/podcasts.apple.com\/mx\/podcast\/dark-ya-vimos-la-tercera-temporada-y-esto-es-lo-que-pensamos\/id1473527105?i=1000479707533&amp;l=en\">Apple Podcasts<\/a><\/strong><\/p>\n<p><strong><a rel=\"Follow noopener noreferrer\" target=\"_blank\" title=\"Escucha en Android\" href=\"https:\/\/podcasts.google.com\/feed\/aHR0cHM6Ly93d3cub21ueWNvbnRlbnQuY29tL2QvcGxheWxpc3QvNDk0ODg5MzItMzJkMi00MjdhLWFhYTctYWFkMzAwZTdhZTZjLzcwY2MyZThhLWI2MzQtNGFlZi05Y2M5LWFhZGYwMTZiMGNiYS9hZTkxYTZjMC01YjA4LTQ4ODYtYjFiZC1hYWRmMDE2YjBjYmYvcG9kY2FzdC5yc3M\/episode\/MWJmNjg1N2YtOGQ4Zi00ZjZkLWEyODctMjA0YzU1MjdmNDNm?ved=2ahUKEwihjsTxt5_qAhVIAs0KHQnmB9kQkfYCegQIARAF\">Google Podcasts<\/a><\/strong><\/p>\n<p><strong><a rel=\"Follow noopener noreferrer\" target=\"_blank\" title=\"Escucha en Spotify\" href=\"https:\/\/open.spotify.com\/episode\/4KovF7ggqhm1wQEtmOol1q\">Spotify<\/a><\/strong><\/p>\n<p><strong><a href=\"https:\/\/aca.st\/8fd0ec\" title=\"Cualquier plataforma\" target=\"_blank\" rel=\"Follow noopener noreferrer\">Acast<\/a><\/strong><\/p>\n<p>Publicaci\u00f3n Original: <a href=\"https:\/\/www.elsoldepuebla.com.mx\/gossip\/el-verano-en-el-que-el-cine-se-detuvo-hollywood-estrenos-peliculas-pandemia-covid-19-coronavirus-5563764.html\" target=\"_blank\" rel=\"noopener noreferrer\">https:\/\/www.elsoldepuebla.com.mx\/gossip\/el-verano-en-el-que-el-cine-se-detuvo-hollywood-estrenos-peliculas-pandemia-covid-19-coronavirus-5563764.html<\/a><\/p>\n","protected":false},"excerpt":{"rendered":"<p>La emergencia sanitaria por la pandemia de Covid-19 ya infect\u00f3 a la industria cinematogr\u00e1fica, el cierre de salas llev\u00f3 a posponer estrenos y producci\u00f3n de cintas ya avanzadas o anunciadas, dejando a los cin\u00e9filos alrededor del mundo con las ganas de ver ya las cintas que tanto se hab\u00edan promocionado \u00bfCu\u00e1ntas veces no vimos ya esa escena? Ciudades desiertas a causa de un virus. Ya sea con Will Smith en Soy leyenda, Jude Law en Contagio o Bruce Willis en 12 monos, pero siempre lo mismo, el espectador queda fascinado ante esa visi\u00f3n postapocal\u00edptica. Ahora, en pleno verano de 2020, los cin\u00e9filos no requieren ir a una sala oscura para ver eso, simplemente basta con una hojeada a la prensa o a las redes sociales para, en carne propia, sentir algo de lo que sintieron esos y muchos m\u00e1s personajes atrapados por el villano invisible que son los virus. Y es que el futuro alcanz\u00f3 al s\u00e9ptimo arte. Como la gran mayor\u00eda de las actividades del mundo real, el cine tuvo que entrar en una pausa debido al Covid-19, una pausa que se ha prolongado m\u00e1s de lo esperado, causando tan grandes da\u00f1os que ya podemos decir que 2020 ser\u00e1 un a\u00f1o perdido para el cine. No nos referimos s\u00f3lo a los da\u00f1os econ\u00f3micos, del cierre de complejos cinematogr\u00e1ficos y los empleos que se pierden con ellos, sino m\u00e1s bien a lo que los amantes del cne van a tener que padecer en lo que resta de este a\u00f1o. El avance del coronavirus provoc\u00f3 que en marzo todos los espect\u00e1culos que juntaran a decenas de personas fueran cancelados. Desde luego el cine estaba incluido en esa lista de espect\u00e1culos, desencadenando toda una reacci\u00f3n en cadena en la industria, sobre todo en la que tiene que ver con los blockbusters de Hollywood. Una resaca infernal El a\u00f1o 2019 fue de ensue\u00f1o para la industria del cine estadounidense, en especial para Disney. La casa de Mickey Mouse domin\u00f3 de principio a fin la taquilla mundial con t\u00edtulos como Alad\u00edn, El Rey Le\u00f3n, Toy Story 4, Star Wars: El ascenso de Skywalker y desde luego, Avengers Endgame que se convirti\u00f3 en la pel\u00edcula m\u00e1s taquillera de la historia. Sumada a \u00e9stas, tambi\u00e9n destacaron t\u00edtulos como Joker, R\u00e1pido y Furioso: Hobbs &amp; Shaw, y Jumanji: siguiente nivel. [embedded content] As\u00ed que, de antemano, parec\u00eda complicado que este 2020 pudiera superar a su predecesor, pero nadie pens\u00f3 que ni siquiera pudiera intentarlo. Pese a esto, enero y febrero fueron \u201cnormales\u201d. Con el Covid-19 todav\u00eda contenido en Asia, en occidente se pudieron estrenar t\u00edtulos como Bad Boys por siempre, Sonic y Aves de presa, aunque a esta \u00faltima mejor le hubiera ido si la pospon\u00edan. [embedded content] Las dos primeras, pese a no estrenarse en China, logaron ser \u00e9xitos financieros, mientras la \u00faltima fue un descalabro, y a como van las cosas, tal vez sea el peor de 2020. Hasta el primer bimestre, la situaci\u00f3n en las salas de cine era la esperada, y el peligro de los virus mortales s\u00f3lo se limitaban a sus pantallas. Febrero loco y marzo&#8230; A principios de marzo, el Covid-19 ganaba espacio en todo el mundo. Ya no s\u00f3lo se trataba de China donde la actividad social se mermaba por la enfermedad, Europa empezaba a resentir los estragos de la pandemia mientras que Am\u00e9rica se preparaba para lo inevitable. Aun as\u00ed, Disney sigui\u00f3 con su calendario de estrenos. El 6 de marzo se estren\u00f3 Unidos, la primera de dos producciones de Pixar programadas para 2020. La pel\u00edcula animada protagonizada por Tom Holland y Chris Pratt fue la primera v\u00edctima de la pandemia. Al estrenarse en el comienzo del confinamiento global, Unidos termin\u00f3 con apenas 103 millones de d\u00f3lares en taquilla, convirti\u00e9ndose en la primera producci\u00f3n de Pixar en recaudar menos de 200 millones de d\u00f3lares globalmente. Los pobres resultados de la animaci\u00f3n encendieron los focos rojos de la industria, en especial de su productora. Para esas fechas, Disney hab\u00eda comenzado con la promoci\u00f3n de Mulan, el live action de su pel\u00edcula animada, incluso lleg\u00f3 a celebrar la premier mundial el 10 de marzo con miras a su estreno comercial el 27 de marzo. D\u00edas despu\u00e9s comenz\u00f3, si no el p\u00e1nico, s\u00ed la prudencia. Disney no tard\u00f3 en anunciar el retras\u00f3 del estreno de Mulan, por una sencilla raz\u00f3n: tanto en China como en Europa los cines estar\u00edan cerrados, lo que significaba perder por lo menos, la mitad de la taquilla mundial. [embedded content] Siguiendo el ejemplo de la casa productora m\u00e1s grande, la competencia no tard\u00f3 en hacer lo propio. Un lugar en silencio 2, continuaci\u00f3n de la aclamada cinta de John Krasinski, se esperaba el 20 de marzo de este a\u00f1o, pero por la pandemia fue atrasada, primero a septiembre, pero Paramount decidi\u00f3 no arriesgarse y mandarla hasta abril del a\u00f1o entrante. La misma casa productora tambi\u00e9n retras\u00f3 cinco meses Maverick, otra continuaci\u00f3n, esta vez de la pel\u00edcula ochentera Top Gun. As\u00ed, de la Navidad de este a\u00f1o pas\u00f3 al fin de semana del 4 de julio de 2021. [embedded content] De la misma forma, Universal no dud\u00f3 ni un instante para mover R\u00e1pidos y Furiosos 9 al a\u00f1o entrante, mientras que Bond: Sin tiempo para morir de la misma casa productora, pactada para abril, terminar\u00e1 por salir a la luz no antes de noviembre pr\u00f3ximo. La raz\u00f3n de estos retrasos es simple. Al tratarse de pel\u00edculas de gran presupuesto (la mayor\u00eda de m\u00e1s de 100 millones de d\u00f3lares), los estudios no se quieren arriesgar a que obtengan baja recaudaci\u00f3n como ocurri\u00f3 con Unidos. As\u00ed, para lograr un \u00e9xito comercial, cada pel\u00edcula deber\u00e1 de obtener por lo menos el doble de su presupuesto en taquilla (no hay que olvidar que parte de las ganancias de la venta de boletos se la quedan los cines). Y con las salas cerradas, es imposible lograrlo. Alternativas En una primera instancia, algunas pel\u00edculas de gran presupuesto aguantaron. Warner Bros. alarg\u00f3 lo m\u00e1s que pudo el retraso de sus apuestas m\u00e1s fuertes como<\/p>\n","protected":false},"author":1,"featured_media":15986,"comment_status":"closed","ping_status":"closed","sticky":false,"template":"","format":"standard","meta":{"_monsterinsights_skip_tracking":false,"_uf_show_specific_survey":0,"_uf_disable_surveys":false,"footnotes":""},"categories":[34],"tags":[],"class_list":["post-15982","post","type-post","status-publish","format-standard","has-post-thumbnail","hentry","category-puebla"],"yoast_head":"<!-- This site is optimized with the Yoast SEO plugin v27.5 - https:\/\/yoast.com\/product\/yoast-seo-wordpress\/ -->\n<title>El verano en el que el cine se detuvo - Fer Abrajan<\/title>\n<meta name=\"robots\" content=\"index, follow, max-snippet:-1, max-image-preview:large, max-video-preview:-1\" \/>\n<link rel=\"canonical\" href=\"https:\/\/ferabrajan.com\/portal\/2020\/07\/31\/el-verano-en-el-que-el-cine-se-detuvo\/\" \/>\n<meta property=\"og:locale\" content=\"es_ES\" \/>\n<meta property=\"og:type\" content=\"article\" \/>\n<meta property=\"og:title\" content=\"El verano en el que el cine se detuvo - Fer Abrajan\" \/>\n<meta property=\"og:description\" content=\"La emergencia sanitaria por la pandemia de Covid-19 ya infect\u00f3 a la industria cinematogr\u00e1fica, el cierre de salas llev\u00f3 a posponer estrenos y producci\u00f3n de cintas ya avanzadas o anunciadas, dejando a los cin\u00e9filos alrededor del mundo con las ganas de ver ya las cintas que tanto se hab\u00edan promocionado \u00bfCu\u00e1ntas veces no vimos ya esa escena? Ciudades desiertas a causa de un virus. Ya sea con Will Smith en Soy leyenda, Jude Law en Contagio o Bruce Willis en 12 monos, pero siempre lo mismo, el espectador queda fascinado ante esa visi\u00f3n postapocal\u00edptica. Ahora, en pleno verano de 2020, los cin\u00e9filos no requieren ir a una sala oscura para ver eso, simplemente basta con una hojeada a la prensa o a las redes sociales para, en carne propia, sentir algo de lo que sintieron esos y muchos m\u00e1s personajes atrapados por el villano invisible que son los virus. Y es que el futuro alcanz\u00f3 al s\u00e9ptimo arte. Como la gran mayor\u00eda de las actividades del mundo real, el cine tuvo que entrar en una pausa debido al Covid-19, una pausa que se ha prolongado m\u00e1s de lo esperado, causando tan grandes da\u00f1os que ya podemos decir que 2020 ser\u00e1 un a\u00f1o perdido para el cine. No nos referimos s\u00f3lo a los da\u00f1os econ\u00f3micos, del cierre de complejos cinematogr\u00e1ficos y los empleos que se pierden con ellos, sino m\u00e1s bien a lo que los amantes del cne van a tener que padecer en lo que resta de este a\u00f1o. El avance del coronavirus provoc\u00f3 que en marzo todos los espect\u00e1culos que juntaran a decenas de personas fueran cancelados. Desde luego el cine estaba incluido en esa lista de espect\u00e1culos, desencadenando toda una reacci\u00f3n en cadena en la industria, sobre todo en la que tiene que ver con los blockbusters de Hollywood. Una resaca infernal El a\u00f1o 2019 fue de ensue\u00f1o para la industria del cine estadounidense, en especial para Disney. La casa de Mickey Mouse domin\u00f3 de principio a fin la taquilla mundial con t\u00edtulos como Alad\u00edn, El Rey Le\u00f3n, Toy Story 4, Star Wars: El ascenso de Skywalker y desde luego, Avengers Endgame que se convirti\u00f3 en la pel\u00edcula m\u00e1s taquillera de la historia. Sumada a \u00e9stas, tambi\u00e9n destacaron t\u00edtulos como Joker, R\u00e1pido y Furioso: Hobbs &amp; Shaw, y Jumanji: siguiente nivel. [embedded content] As\u00ed que, de antemano, parec\u00eda complicado que este 2020 pudiera superar a su predecesor, pero nadie pens\u00f3 que ni siquiera pudiera intentarlo. Pese a esto, enero y febrero fueron \u201cnormales\u201d. Con el Covid-19 todav\u00eda contenido en Asia, en occidente se pudieron estrenar t\u00edtulos como Bad Boys por siempre, Sonic y Aves de presa, aunque a esta \u00faltima mejor le hubiera ido si la pospon\u00edan. [embedded content] Las dos primeras, pese a no estrenarse en China, logaron ser \u00e9xitos financieros, mientras la \u00faltima fue un descalabro, y a como van las cosas, tal vez sea el peor de 2020. Hasta el primer bimestre, la situaci\u00f3n en las salas de cine era la esperada, y el peligro de los virus mortales s\u00f3lo se limitaban a sus pantallas. Febrero loco y marzo&#8230; A principios de marzo, el Covid-19 ganaba espacio en todo el mundo. Ya no s\u00f3lo se trataba de China donde la actividad social se mermaba por la enfermedad, Europa empezaba a resentir los estragos de la pandemia mientras que Am\u00e9rica se preparaba para lo inevitable. Aun as\u00ed, Disney sigui\u00f3 con su calendario de estrenos. El 6 de marzo se estren\u00f3 Unidos, la primera de dos producciones de Pixar programadas para 2020. La pel\u00edcula animada protagonizada por Tom Holland y Chris Pratt fue la primera v\u00edctima de la pandemia. Al estrenarse en el comienzo del confinamiento global, Unidos termin\u00f3 con apenas 103 millones de d\u00f3lares en taquilla, convirti\u00e9ndose en la primera producci\u00f3n de Pixar en recaudar menos de 200 millones de d\u00f3lares globalmente. Los pobres resultados de la animaci\u00f3n encendieron los focos rojos de la industria, en especial de su productora. Para esas fechas, Disney hab\u00eda comenzado con la promoci\u00f3n de Mulan, el live action de su pel\u00edcula animada, incluso lleg\u00f3 a celebrar la premier mundial el 10 de marzo con miras a su estreno comercial el 27 de marzo. D\u00edas despu\u00e9s comenz\u00f3, si no el p\u00e1nico, s\u00ed la prudencia. Disney no tard\u00f3 en anunciar el retras\u00f3 del estreno de Mulan, por una sencilla raz\u00f3n: tanto en China como en Europa los cines estar\u00edan cerrados, lo que significaba perder por lo menos, la mitad de la taquilla mundial. [embedded content] Siguiendo el ejemplo de la casa productora m\u00e1s grande, la competencia no tard\u00f3 en hacer lo propio. Un lugar en silencio 2, continuaci\u00f3n de la aclamada cinta de John Krasinski, se esperaba el 20 de marzo de este a\u00f1o, pero por la pandemia fue atrasada, primero a septiembre, pero Paramount decidi\u00f3 no arriesgarse y mandarla hasta abril del a\u00f1o entrante. La misma casa productora tambi\u00e9n retras\u00f3 cinco meses Maverick, otra continuaci\u00f3n, esta vez de la pel\u00edcula ochentera Top Gun. As\u00ed, de la Navidad de este a\u00f1o pas\u00f3 al fin de semana del 4 de julio de 2021. [embedded content] De la misma forma, Universal no dud\u00f3 ni un instante para mover R\u00e1pidos y Furiosos 9 al a\u00f1o entrante, mientras que Bond: Sin tiempo para morir de la misma casa productora, pactada para abril, terminar\u00e1 por salir a la luz no antes de noviembre pr\u00f3ximo. La raz\u00f3n de estos retrasos es simple. Al tratarse de pel\u00edculas de gran presupuesto (la mayor\u00eda de m\u00e1s de 100 millones de d\u00f3lares), los estudios no se quieren arriesgar a que obtengan baja recaudaci\u00f3n como ocurri\u00f3 con Unidos. As\u00ed, para lograr un \u00e9xito comercial, cada pel\u00edcula deber\u00e1 de obtener por lo menos el doble de su presupuesto en taquilla (no hay que olvidar que parte de las ganancias de la venta de boletos se la quedan los cines). Y con las salas cerradas, es imposible lograrlo. Alternativas En una primera instancia, algunas pel\u00edculas de gran presupuesto aguantaron. Warner Bros. alarg\u00f3 lo m\u00e1s que pudo el retraso de sus apuestas m\u00e1s fuertes como\" \/>\n<meta property=\"og:url\" content=\"https:\/\/ferabrajan.com\/portal\/2020\/07\/31\/el-verano-en-el-que-el-cine-se-detuvo\/\" \/>\n<meta property=\"og:site_name\" content=\"Fer Abrajan\" \/>\n<meta property=\"article:publisher\" content=\"https:\/\/www.facebook.com\/NoticiasconFerAbrajan\/\" \/>\n<meta property=\"article:published_time\" content=\"2020-07-31T19:00:00+00:00\" \/>\n<meta name=\"author\" content=\"admin\" \/>\n<meta name=\"twitter:card\" content=\"summary_large_image\" \/>\n<meta name=\"twitter:creator\" content=\"@ferabrajan1\" \/>\n<meta name=\"twitter:site\" content=\"@ferabrajan1\" \/>\n<meta name=\"twitter:label1\" content=\"Escrito por\" \/>\n\t<meta name=\"twitter:data1\" content=\"admin\" \/>\n\t<meta name=\"twitter:label2\" content=\"Tiempo de lectura\" \/>\n\t<meta name=\"twitter:data2\" content=\"9 minutos\" \/>\n<script type=\"application\/ld+json\" class=\"yoast-schema-graph\">{\"@context\":\"https:\\\/\\\/schema.org\",\"@graph\":[{\"@type\":\"Article\",\"@id\":\"https:\\\/\\\/ferabrajan.com\\\/portal\\\/2020\\\/07\\\/31\\\/el-verano-en-el-que-el-cine-se-detuvo\\\/#article\",\"isPartOf\":{\"@id\":\"https:\\\/\\\/ferabrajan.com\\\/portal\\\/2020\\\/07\\\/31\\\/el-verano-en-el-que-el-cine-se-detuvo\\\/\"},\"author\":{\"name\":\"admin\",\"@id\":\"https:\\\/\\\/ferabrajan.com\\\/portal\\\/#\\\/schema\\\/person\\\/f6113b3cb1e036d5c6a9505685b257ba\"},\"headline\":\"El verano en el que el cine se detuvo\",\"datePublished\":\"2020-07-31T19:00:00+00:00\",\"mainEntityOfPage\":{\"@id\":\"https:\\\/\\\/ferabrajan.com\\\/portal\\\/2020\\\/07\\\/31\\\/el-verano-en-el-que-el-cine-se-detuvo\\\/\"},\"wordCount\":1868,\"publisher\":{\"@id\":\"https:\\\/\\\/ferabrajan.com\\\/portal\\\/#organization\"},\"image\":{\"@id\":\"https:\\\/\\\/ferabrajan.com\\\/portal\\\/2020\\\/07\\\/31\\\/el-verano-en-el-que-el-cine-se-detuvo\\\/#primaryimage\"},\"thumbnailUrl\":\"\",\"articleSection\":[\"Puebla\"],\"inLanguage\":\"es\"},{\"@type\":\"WebPage\",\"@id\":\"https:\\\/\\\/ferabrajan.com\\\/portal\\\/2020\\\/07\\\/31\\\/el-verano-en-el-que-el-cine-se-detuvo\\\/\",\"url\":\"https:\\\/\\\/ferabrajan.com\\\/portal\\\/2020\\\/07\\\/31\\\/el-verano-en-el-que-el-cine-se-detuvo\\\/\",\"name\":\"El verano en el que el cine se detuvo - Fer Abrajan\",\"isPartOf\":{\"@id\":\"https:\\\/\\\/ferabrajan.com\\\/portal\\\/#website\"},\"primaryImageOfPage\":{\"@id\":\"https:\\\/\\\/ferabrajan.com\\\/portal\\\/2020\\\/07\\\/31\\\/el-verano-en-el-que-el-cine-se-detuvo\\\/#primaryimage\"},\"image\":{\"@id\":\"https:\\\/\\\/ferabrajan.com\\\/portal\\\/2020\\\/07\\\/31\\\/el-verano-en-el-que-el-cine-se-detuvo\\\/#primaryimage\"},\"thumbnailUrl\":\"\",\"datePublished\":\"2020-07-31T19:00:00+00:00\",\"breadcrumb\":{\"@id\":\"https:\\\/\\\/ferabrajan.com\\\/portal\\\/2020\\\/07\\\/31\\\/el-verano-en-el-que-el-cine-se-detuvo\\\/#breadcrumb\"},\"inLanguage\":\"es\",\"potentialAction\":[{\"@type\":\"ReadAction\",\"target\":[\"https:\\\/\\\/ferabrajan.com\\\/portal\\\/2020\\\/07\\\/31\\\/el-verano-en-el-que-el-cine-se-detuvo\\\/\"]}]},{\"@type\":\"ImageObject\",\"inLanguage\":\"es\",\"@id\":\"https:\\\/\\\/ferabrajan.com\\\/portal\\\/2020\\\/07\\\/31\\\/el-verano-en-el-que-el-cine-se-detuvo\\\/#primaryimage\",\"url\":\"\",\"contentUrl\":\"\"},{\"@type\":\"BreadcrumbList\",\"@id\":\"https:\\\/\\\/ferabrajan.com\\\/portal\\\/2020\\\/07\\\/31\\\/el-verano-en-el-que-el-cine-se-detuvo\\\/#breadcrumb\",\"itemListElement\":[{\"@type\":\"ListItem\",\"position\":1,\"name\":\"Portada\",\"item\":\"https:\\\/\\\/ferabrajan.com\\\/portal\\\/\"},{\"@type\":\"ListItem\",\"position\":2,\"name\":\"El verano en el que el cine se detuvo\"}]},{\"@type\":\"WebSite\",\"@id\":\"https:\\\/\\\/ferabrajan.com\\\/portal\\\/#website\",\"url\":\"https:\\\/\\\/ferabrajan.com\\\/portal\\\/\",\"name\":\"Fer Abrajan\",\"description\":\"Noticias de Puebla, opini\u00f3n y radio en vivo\",\"publisher\":{\"@id\":\"https:\\\/\\\/ferabrajan.com\\\/portal\\\/#organization\"},\"potentialAction\":[{\"@type\":\"SearchAction\",\"target\":{\"@type\":\"EntryPoint\",\"urlTemplate\":\"https:\\\/\\\/ferabrajan.com\\\/portal\\\/?s={search_term_string}\"},\"query-input\":{\"@type\":\"PropertyValueSpecification\",\"valueRequired\":true,\"valueName\":\"search_term_string\"}}],\"inLanguage\":\"es\"},{\"@type\":\"Organization\",\"@id\":\"https:\\\/\\\/ferabrajan.com\\\/portal\\\/#organization\",\"name\":\"Fer Abrajan\",\"url\":\"https:\\\/\\\/ferabrajan.com\\\/portal\\\/\",\"logo\":{\"@type\":\"ImageObject\",\"inLanguage\":\"es\",\"@id\":\"https:\\\/\\\/ferabrajan.com\\\/portal\\\/#\\\/schema\\\/logo\\\/image\\\/\",\"url\":\"https:\\\/\\\/ferabrajan.com\\\/portal\\\/wp-content\\\/uploads\\\/2024\\\/10\\\/cropped-logo.jpeg\",\"contentUrl\":\"https:\\\/\\\/ferabrajan.com\\\/portal\\\/wp-content\\\/uploads\\\/2024\\\/10\\\/cropped-logo.jpeg\",\"width\":500,\"height\":250,\"caption\":\"Fer Abrajan\"},\"image\":{\"@id\":\"https:\\\/\\\/ferabrajan.com\\\/portal\\\/#\\\/schema\\\/logo\\\/image\\\/\"},\"sameAs\":[\"https:\\\/\\\/www.facebook.com\\\/NoticiasconFerAbrajan\\\/\",\"https:\\\/\\\/x.com\\\/ferabrajan1\"]},{\"@type\":\"Person\",\"@id\":\"https:\\\/\\\/ferabrajan.com\\\/portal\\\/#\\\/schema\\\/person\\\/f6113b3cb1e036d5c6a9505685b257ba\",\"name\":\"admin\",\"image\":{\"@type\":\"ImageObject\",\"inLanguage\":\"es\",\"@id\":\"https:\\\/\\\/secure.gravatar.com\\\/avatar\\\/072baa72775aad53c748dfc5d3048578e01b6c087eef335459ebfa04344e2d18?s=96&d=mm&r=g\",\"url\":\"https:\\\/\\\/secure.gravatar.com\\\/avatar\\\/072baa72775aad53c748dfc5d3048578e01b6c087eef335459ebfa04344e2d18?s=96&d=mm&r=g\",\"contentUrl\":\"https:\\\/\\\/secure.gravatar.com\\\/avatar\\\/072baa72775aad53c748dfc5d3048578e01b6c087eef335459ebfa04344e2d18?s=96&d=mm&r=g\",\"caption\":\"admin\"},\"sameAs\":[\"https:\\\/\\\/ferabrajan.com\\\/portal\"],\"url\":\"https:\\\/\\\/ferabrajan.com\\\/portal\\\/author\\\/admin\\\/\"}]}<\/script>\n<!-- \/ Yoast SEO plugin. -->","yoast_head_json":{"title":"El verano en el que el cine se detuvo - Fer Abrajan","robots":{"index":"index","follow":"follow","max-snippet":"max-snippet:-1","max-image-preview":"max-image-preview:large","max-video-preview":"max-video-preview:-1"},"canonical":"https:\/\/ferabrajan.com\/portal\/2020\/07\/31\/el-verano-en-el-que-el-cine-se-detuvo\/","og_locale":"es_ES","og_type":"article","og_title":"El verano en el que el cine se detuvo - Fer Abrajan","og_description":"La emergencia sanitaria por la pandemia de Covid-19 ya infect\u00f3 a la industria cinematogr\u00e1fica, el cierre de salas llev\u00f3 a posponer estrenos y producci\u00f3n de cintas ya avanzadas o anunciadas, dejando a los cin\u00e9filos alrededor del mundo con las ganas de ver ya las cintas que tanto se hab\u00edan promocionado \u00bfCu\u00e1ntas veces no vimos ya esa escena? Ciudades desiertas a causa de un virus. Ya sea con Will Smith en Soy leyenda, Jude Law en Contagio o Bruce Willis en 12 monos, pero siempre lo mismo, el espectador queda fascinado ante esa visi\u00f3n postapocal\u00edptica. Ahora, en pleno verano de 2020, los cin\u00e9filos no requieren ir a una sala oscura para ver eso, simplemente basta con una hojeada a la prensa o a las redes sociales para, en carne propia, sentir algo de lo que sintieron esos y muchos m\u00e1s personajes atrapados por el villano invisible que son los virus. Y es que el futuro alcanz\u00f3 al s\u00e9ptimo arte. Como la gran mayor\u00eda de las actividades del mundo real, el cine tuvo que entrar en una pausa debido al Covid-19, una pausa que se ha prolongado m\u00e1s de lo esperado, causando tan grandes da\u00f1os que ya podemos decir que 2020 ser\u00e1 un a\u00f1o perdido para el cine. No nos referimos s\u00f3lo a los da\u00f1os econ\u00f3micos, del cierre de complejos cinematogr\u00e1ficos y los empleos que se pierden con ellos, sino m\u00e1s bien a lo que los amantes del cne van a tener que padecer en lo que resta de este a\u00f1o. El avance del coronavirus provoc\u00f3 que en marzo todos los espect\u00e1culos que juntaran a decenas de personas fueran cancelados. Desde luego el cine estaba incluido en esa lista de espect\u00e1culos, desencadenando toda una reacci\u00f3n en cadena en la industria, sobre todo en la que tiene que ver con los blockbusters de Hollywood. Una resaca infernal El a\u00f1o 2019 fue de ensue\u00f1o para la industria del cine estadounidense, en especial para Disney. La casa de Mickey Mouse domin\u00f3 de principio a fin la taquilla mundial con t\u00edtulos como Alad\u00edn, El Rey Le\u00f3n, Toy Story 4, Star Wars: El ascenso de Skywalker y desde luego, Avengers Endgame que se convirti\u00f3 en la pel\u00edcula m\u00e1s taquillera de la historia. Sumada a \u00e9stas, tambi\u00e9n destacaron t\u00edtulos como Joker, R\u00e1pido y Furioso: Hobbs &amp; Shaw, y Jumanji: siguiente nivel. [embedded content] As\u00ed que, de antemano, parec\u00eda complicado que este 2020 pudiera superar a su predecesor, pero nadie pens\u00f3 que ni siquiera pudiera intentarlo. Pese a esto, enero y febrero fueron \u201cnormales\u201d. Con el Covid-19 todav\u00eda contenido en Asia, en occidente se pudieron estrenar t\u00edtulos como Bad Boys por siempre, Sonic y Aves de presa, aunque a esta \u00faltima mejor le hubiera ido si la pospon\u00edan. [embedded content] Las dos primeras, pese a no estrenarse en China, logaron ser \u00e9xitos financieros, mientras la \u00faltima fue un descalabro, y a como van las cosas, tal vez sea el peor de 2020. Hasta el primer bimestre, la situaci\u00f3n en las salas de cine era la esperada, y el peligro de los virus mortales s\u00f3lo se limitaban a sus pantallas. Febrero loco y marzo&#8230; A principios de marzo, el Covid-19 ganaba espacio en todo el mundo. Ya no s\u00f3lo se trataba de China donde la actividad social se mermaba por la enfermedad, Europa empezaba a resentir los estragos de la pandemia mientras que Am\u00e9rica se preparaba para lo inevitable. Aun as\u00ed, Disney sigui\u00f3 con su calendario de estrenos. El 6 de marzo se estren\u00f3 Unidos, la primera de dos producciones de Pixar programadas para 2020. La pel\u00edcula animada protagonizada por Tom Holland y Chris Pratt fue la primera v\u00edctima de la pandemia. Al estrenarse en el comienzo del confinamiento global, Unidos termin\u00f3 con apenas 103 millones de d\u00f3lares en taquilla, convirti\u00e9ndose en la primera producci\u00f3n de Pixar en recaudar menos de 200 millones de d\u00f3lares globalmente. Los pobres resultados de la animaci\u00f3n encendieron los focos rojos de la industria, en especial de su productora. Para esas fechas, Disney hab\u00eda comenzado con la promoci\u00f3n de Mulan, el live action de su pel\u00edcula animada, incluso lleg\u00f3 a celebrar la premier mundial el 10 de marzo con miras a su estreno comercial el 27 de marzo. D\u00edas despu\u00e9s comenz\u00f3, si no el p\u00e1nico, s\u00ed la prudencia. Disney no tard\u00f3 en anunciar el retras\u00f3 del estreno de Mulan, por una sencilla raz\u00f3n: tanto en China como en Europa los cines estar\u00edan cerrados, lo que significaba perder por lo menos, la mitad de la taquilla mundial. [embedded content] Siguiendo el ejemplo de la casa productora m\u00e1s grande, la competencia no tard\u00f3 en hacer lo propio. Un lugar en silencio 2, continuaci\u00f3n de la aclamada cinta de John Krasinski, se esperaba el 20 de marzo de este a\u00f1o, pero por la pandemia fue atrasada, primero a septiembre, pero Paramount decidi\u00f3 no arriesgarse y mandarla hasta abril del a\u00f1o entrante. La misma casa productora tambi\u00e9n retras\u00f3 cinco meses Maverick, otra continuaci\u00f3n, esta vez de la pel\u00edcula ochentera Top Gun. As\u00ed, de la Navidad de este a\u00f1o pas\u00f3 al fin de semana del 4 de julio de 2021. [embedded content] De la misma forma, Universal no dud\u00f3 ni un instante para mover R\u00e1pidos y Furiosos 9 al a\u00f1o entrante, mientras que Bond: Sin tiempo para morir de la misma casa productora, pactada para abril, terminar\u00e1 por salir a la luz no antes de noviembre pr\u00f3ximo. La raz\u00f3n de estos retrasos es simple. Al tratarse de pel\u00edculas de gran presupuesto (la mayor\u00eda de m\u00e1s de 100 millones de d\u00f3lares), los estudios no se quieren arriesgar a que obtengan baja recaudaci\u00f3n como ocurri\u00f3 con Unidos. As\u00ed, para lograr un \u00e9xito comercial, cada pel\u00edcula deber\u00e1 de obtener por lo menos el doble de su presupuesto en taquilla (no hay que olvidar que parte de las ganancias de la venta de boletos se la quedan los cines). Y con las salas cerradas, es imposible lograrlo. Alternativas En una primera instancia, algunas pel\u00edculas de gran presupuesto aguantaron. Warner Bros. alarg\u00f3 lo m\u00e1s que pudo el retraso de sus apuestas m\u00e1s fuertes como","og_url":"https:\/\/ferabrajan.com\/portal\/2020\/07\/31\/el-verano-en-el-que-el-cine-se-detuvo\/","og_site_name":"Fer Abrajan","article_publisher":"https:\/\/www.facebook.com\/NoticiasconFerAbrajan\/","article_published_time":"2020-07-31T19:00:00+00:00","author":"admin","twitter_card":"summary_large_image","twitter_creator":"@ferabrajan1","twitter_site":"@ferabrajan1","twitter_misc":{"Escrito por":"admin","Tiempo de lectura":"9 minutos"},"schema":{"@context":"https:\/\/schema.org","@graph":[{"@type":"Article","@id":"https:\/\/ferabrajan.com\/portal\/2020\/07\/31\/el-verano-en-el-que-el-cine-se-detuvo\/#article","isPartOf":{"@id":"https:\/\/ferabrajan.com\/portal\/2020\/07\/31\/el-verano-en-el-que-el-cine-se-detuvo\/"},"author":{"name":"admin","@id":"https:\/\/ferabrajan.com\/portal\/#\/schema\/person\/f6113b3cb1e036d5c6a9505685b257ba"},"headline":"El verano en el que el cine se detuvo","datePublished":"2020-07-31T19:00:00+00:00","mainEntityOfPage":{"@id":"https:\/\/ferabrajan.com\/portal\/2020\/07\/31\/el-verano-en-el-que-el-cine-se-detuvo\/"},"wordCount":1868,"publisher":{"@id":"https:\/\/ferabrajan.com\/portal\/#organization"},"image":{"@id":"https:\/\/ferabrajan.com\/portal\/2020\/07\/31\/el-verano-en-el-que-el-cine-se-detuvo\/#primaryimage"},"thumbnailUrl":"","articleSection":["Puebla"],"inLanguage":"es"},{"@type":"WebPage","@id":"https:\/\/ferabrajan.com\/portal\/2020\/07\/31\/el-verano-en-el-que-el-cine-se-detuvo\/","url":"https:\/\/ferabrajan.com\/portal\/2020\/07\/31\/el-verano-en-el-que-el-cine-se-detuvo\/","name":"El verano en el que el cine se detuvo - Fer Abrajan","isPartOf":{"@id":"https:\/\/ferabrajan.com\/portal\/#website"},"primaryImageOfPage":{"@id":"https:\/\/ferabrajan.com\/portal\/2020\/07\/31\/el-verano-en-el-que-el-cine-se-detuvo\/#primaryimage"},"image":{"@id":"https:\/\/ferabrajan.com\/portal\/2020\/07\/31\/el-verano-en-el-que-el-cine-se-detuvo\/#primaryimage"},"thumbnailUrl":"","datePublished":"2020-07-31T19:00:00+00:00","breadcrumb":{"@id":"https:\/\/ferabrajan.com\/portal\/2020\/07\/31\/el-verano-en-el-que-el-cine-se-detuvo\/#breadcrumb"},"inLanguage":"es","potentialAction":[{"@type":"ReadAction","target":["https:\/\/ferabrajan.com\/portal\/2020\/07\/31\/el-verano-en-el-que-el-cine-se-detuvo\/"]}]},{"@type":"ImageObject","inLanguage":"es","@id":"https:\/\/ferabrajan.com\/portal\/2020\/07\/31\/el-verano-en-el-que-el-cine-se-detuvo\/#primaryimage","url":"","contentUrl":""},{"@type":"BreadcrumbList","@id":"https:\/\/ferabrajan.com\/portal\/2020\/07\/31\/el-verano-en-el-que-el-cine-se-detuvo\/#breadcrumb","itemListElement":[{"@type":"ListItem","position":1,"name":"Portada","item":"https:\/\/ferabrajan.com\/portal\/"},{"@type":"ListItem","position":2,"name":"El verano en el que el cine se detuvo"}]},{"@type":"WebSite","@id":"https:\/\/ferabrajan.com\/portal\/#website","url":"https:\/\/ferabrajan.com\/portal\/","name":"Fer Abrajan","description":"Noticias de Puebla, opini\u00f3n y radio en vivo","publisher":{"@id":"https:\/\/ferabrajan.com\/portal\/#organization"},"potentialAction":[{"@type":"SearchAction","target":{"@type":"EntryPoint","urlTemplate":"https:\/\/ferabrajan.com\/portal\/?s={search_term_string}"},"query-input":{"@type":"PropertyValueSpecification","valueRequired":true,"valueName":"search_term_string"}}],"inLanguage":"es"},{"@type":"Organization","@id":"https:\/\/ferabrajan.com\/portal\/#organization","name":"Fer Abrajan","url":"https:\/\/ferabrajan.com\/portal\/","logo":{"@type":"ImageObject","inLanguage":"es","@id":"https:\/\/ferabrajan.com\/portal\/#\/schema\/logo\/image\/","url":"https:\/\/ferabrajan.com\/portal\/wp-content\/uploads\/2024\/10\/cropped-logo.jpeg","contentUrl":"https:\/\/ferabrajan.com\/portal\/wp-content\/uploads\/2024\/10\/cropped-logo.jpeg","width":500,"height":250,"caption":"Fer Abrajan"},"image":{"@id":"https:\/\/ferabrajan.com\/portal\/#\/schema\/logo\/image\/"},"sameAs":["https:\/\/www.facebook.com\/NoticiasconFerAbrajan\/","https:\/\/x.com\/ferabrajan1"]},{"@type":"Person","@id":"https:\/\/ferabrajan.com\/portal\/#\/schema\/person\/f6113b3cb1e036d5c6a9505685b257ba","name":"admin","image":{"@type":"ImageObject","inLanguage":"es","@id":"https:\/\/secure.gravatar.com\/avatar\/072baa72775aad53c748dfc5d3048578e01b6c087eef335459ebfa04344e2d18?s=96&d=mm&r=g","url":"https:\/\/secure.gravatar.com\/avatar\/072baa72775aad53c748dfc5d3048578e01b6c087eef335459ebfa04344e2d18?s=96&d=mm&r=g","contentUrl":"https:\/\/secure.gravatar.com\/avatar\/072baa72775aad53c748dfc5d3048578e01b6c087eef335459ebfa04344e2d18?s=96&d=mm&r=g","caption":"admin"},"sameAs":["https:\/\/ferabrajan.com\/portal"],"url":"https:\/\/ferabrajan.com\/portal\/author\/admin\/"}]}},"_links":{"self":[{"href":"https:\/\/ferabrajan.com\/portal\/wp-json\/wp\/v2\/posts\/15982","targetHints":{"allow":["GET"]}}],"collection":[{"href":"https:\/\/ferabrajan.com\/portal\/wp-json\/wp\/v2\/posts"}],"about":[{"href":"https:\/\/ferabrajan.com\/portal\/wp-json\/wp\/v2\/types\/post"}],"author":[{"embeddable":true,"href":"https:\/\/ferabrajan.com\/portal\/wp-json\/wp\/v2\/users\/1"}],"replies":[{"embeddable":true,"href":"https:\/\/ferabrajan.com\/portal\/wp-json\/wp\/v2\/comments?post=15982"}],"version-history":[{"count":0,"href":"https:\/\/ferabrajan.com\/portal\/wp-json\/wp\/v2\/posts\/15982\/revisions"}],"wp:attachment":[{"href":"https:\/\/ferabrajan.com\/portal\/wp-json\/wp\/v2\/media?parent=15982"}],"wp:term":[{"taxonomy":"category","embeddable":true,"href":"https:\/\/ferabrajan.com\/portal\/wp-json\/wp\/v2\/categories?post=15982"},{"taxonomy":"post_tag","embeddable":true,"href":"https:\/\/ferabrajan.com\/portal\/wp-json\/wp\/v2\/tags?post=15982"}],"curies":[{"name":"wp","href":"https:\/\/api.w.org\/{rel}","templated":true}]}}