{"id":15948,"date":"2020-07-30T13:52:00","date_gmt":"2020-07-30T13:52:00","guid":{"rendered":"http:\/\/www.ferabrajan.com\/2020\/07\/30\/cohete-de-la-nasa-con-direccion-a-marte-sufre-problemas-tecnicos\/"},"modified":"2020-07-30T13:52:00","modified_gmt":"2020-07-30T13:52:00","slug":"cohete-de-la-nasa-con-direccion-a-marte-sufre-problemas-tecnicos","status":"publish","type":"post","link":"https:\/\/ferabrajan.com\/portal\/2020\/07\/30\/cohete-de-la-nasa-con-direccion-a-marte-sufre-problemas-tecnicos\/","title":{"rendered":"Cohete de la NASA con direcci\u00f3n a Marte sufre problemas t\u00e9cnicos"},"content":{"rendered":"<div><img decoding=\"async\" src=\"https:\/\/www.eluniversal.com.mx\/sites\/default\/files\/styles\/f03-651x400\/public\/2020\/07\/30\/nasa_mars_2020_rover_perseverance_9.jpg?itok=K_jbOrn6\" class=\"ff-og-image-inserted\"><\/div>\n<p>La nave <strong>Mars 2020<\/strong>, que transporta un nuevo veh\u00edculo de la <strong>NASA<\/strong> enviado para explorar <strong>Marte<\/strong>, experimenta problemas t\u00e9cnicos y mantiene operativos solamente sus sistemas esenciales, inform\u00f3 este jueves la agencia espacial de Estados Unidos.&nbsp;<\/p>\n<p>\u00abLos datos indican que la nave espacial ingres\u00f3 en un estado conocido como modo seguro, probablemente porque parte de la nave espacial se encontraba un poco m\u00e1s fr\u00eda que lo esperado mientras (&#8230;) se encontraba en la sombra de la Tierra\u00bb, dijo la NASA, que agreg\u00f3 que la misi\u00f3n estaba evaluando completamente el estado del artefacto.&nbsp;<\/p>\n<p>fjb<\/p>\n<p>Publicaci\u00f3n Original: <a href=\"https:\/\/www.eluniversal.com.mx\/ciencia-y-salud\/cohete-de-la-nasa-con-direccion-marte-sufre-problemas-tecnicos\" target=\"_blank\" rel=\"noopener noreferrer\">https:\/\/www.eluniversal.com.mx\/ciencia-y-salud\/cohete-de-la-nasa-con-direccion-marte-sufre-problemas-tecnicos<\/a><\/p>\n","protected":false},"excerpt":{"rendered":"<p>La nave Mars 2020, que transporta un nuevo veh\u00edculo de la NASA enviado para explorar Marte, experimenta problemas t\u00e9cnicos y mantiene operativos solamente sus sistemas esenciales, inform\u00f3 este jueves la agencia espacial de Estados Unidos.&nbsp; \u00abLos datos indican que la nave espacial ingres\u00f3 en un estado conocido como modo seguro, probablemente porque parte de la nave espacial se encontraba un poco m\u00e1s fr\u00eda que lo esperado mientras (&#8230;) se encontraba en la sombra de la Tierra\u00bb, dijo la NASA, que agreg\u00f3 que la misi\u00f3n estaba evaluando completamente el estado del artefacto.&nbsp; fjb Publicaci\u00f3n Original: https:\/\/www.eluniversal.com.mx\/ciencia-y-salud\/cohete-de-la-nasa-con-direccion-marte-sufre-problemas-tecnicos<\/p>\n","protected":false},"author":1,"featured_media":15952,"comment_status":"open","ping_status":"closed","sticky":false,"template":"","format":"standard","meta":{"_monsterinsights_skip_tracking":false,"_uf_show_specific_survey":0,"_uf_disable_surveys":false,"footnotes":""},"categories":[36],"tags":[],"class_list":["post-15948","post","type-post","status-publish","format-standard","has-post-thumbnail","hentry","category-el-mundo"],"yoast_head":"<!-- This site is optimized with the Yoast SEO plugin v27.5 - https:\/\/yoast.com\/product\/yoast-seo-wordpress\/ -->\n<title>Cohete de la NASA con direcci\u00f3n a Marte sufre problemas t\u00e9cnicos - Fer Abrajan<\/title>\n<meta name=\"robots\" content=\"index, follow, max-snippet:-1, max-image-preview:large, max-video-preview:-1\" \/>\n<link rel=\"canonical\" href=\"https:\/\/ferabrajan.com\/portal\/2020\/07\/30\/cohete-de-la-nasa-con-direccion-a-marte-sufre-problemas-tecnicos\/\" \/>\n<meta property=\"og:locale\" content=\"es_ES\" \/>\n<meta property=\"og:type\" content=\"article\" \/>\n<meta property=\"og:title\" content=\"Cohete de la NASA con direcci\u00f3n a Marte sufre problemas t\u00e9cnicos - Fer Abrajan\" \/>\n<meta property=\"og:description\" content=\"La nave Mars 2020, que transporta un nuevo veh\u00edculo de la NASA enviado para explorar Marte, experimenta problemas t\u00e9cnicos y mantiene operativos solamente sus sistemas esenciales, inform\u00f3 este jueves la agencia espacial de Estados Unidos.&nbsp; \u00abLos datos indican que la nave espacial ingres\u00f3 en un estado conocido como modo seguro, probablemente porque parte de la nave espacial se encontraba un poco m\u00e1s fr\u00eda que lo esperado mientras (&#8230;) se encontraba en la sombra de la Tierra\u00bb, dijo la NASA, que agreg\u00f3 que la misi\u00f3n estaba evaluando completamente el estado del artefacto.&nbsp; fjb Publicaci\u00f3n Original: https:\/\/www.eluniversal.com.mx\/ciencia-y-salud\/cohete-de-la-nasa-con-direccion-marte-sufre-problemas-tecnicos\" \/>\n<meta property=\"og:url\" content=\"https:\/\/ferabrajan.com\/portal\/2020\/07\/30\/cohete-de-la-nasa-con-direccion-a-marte-sufre-problemas-tecnicos\/\" \/>\n<meta property=\"og:site_name\" content=\"Fer Abrajan\" \/>\n<meta property=\"article:publisher\" content=\"https:\/\/www.facebook.com\/NoticiasconFerAbrajan\/\" \/>\n<meta property=\"article:published_time\" content=\"2020-07-30T13:52:00+00:00\" \/>\n<meta name=\"author\" content=\"admin\" \/>\n<meta name=\"twitter:card\" content=\"summary_large_image\" \/>\n<meta name=\"twitter:creator\" content=\"@ferabrajan1\" \/>\n<meta name=\"twitter:site\" content=\"@ferabrajan1\" \/>\n<meta name=\"twitter:label1\" content=\"Escrito por\" \/>\n\t<meta name=\"twitter:data1\" content=\"admin\" \/>\n\t<meta name=\"twitter:label2\" content=\"Tiempo de lectura\" \/>\n\t<meta name=\"twitter:data2\" content=\"1 minuto\" \/>\n<script type=\"application\/ld+json\" class=\"yoast-schema-graph\">{\"@context\":\"https:\\\/\\\/schema.org\",\"@graph\":[{\"@type\":\"Article\",\"@id\":\"https:\\\/\\\/ferabrajan.com\\\/portal\\\/2020\\\/07\\\/30\\\/cohete-de-la-nasa-con-direccion-a-marte-sufre-problemas-tecnicos\\\/#article\",\"isPartOf\":{\"@id\":\"https:\\\/\\\/ferabrajan.com\\\/portal\\\/2020\\\/07\\\/30\\\/cohete-de-la-nasa-con-direccion-a-marte-sufre-problemas-tecnicos\\\/\"},\"author\":{\"name\":\"admin\",\"@id\":\"https:\\\/\\\/ferabrajan.com\\\/portal\\\/#\\\/schema\\\/person\\\/f6113b3cb1e036d5c6a9505685b257ba\"},\"headline\":\"Cohete de la NASA con direcci\u00f3n a Marte sufre problemas t\u00e9cnicos\",\"datePublished\":\"2020-07-30T13:52:00+00:00\",\"mainEntityOfPage\":{\"@id\":\"https:\\\/\\\/ferabrajan.com\\\/portal\\\/2020\\\/07\\\/30\\\/cohete-de-la-nasa-con-direccion-a-marte-sufre-problemas-tecnicos\\\/\"},\"wordCount\":120,\"commentCount\":0,\"publisher\":{\"@id\":\"https:\\\/\\\/ferabrajan.com\\\/portal\\\/#organization\"},\"image\":{\"@id\":\"https:\\\/\\\/ferabrajan.com\\\/portal\\\/2020\\\/07\\\/30\\\/cohete-de-la-nasa-con-direccion-a-marte-sufre-problemas-tecnicos\\\/#primaryimage\"},\"thumbnailUrl\":\"\",\"articleSection\":[\"El Mundo\"],\"inLanguage\":\"es\"},{\"@type\":\"WebPage\",\"@id\":\"https:\\\/\\\/ferabrajan.com\\\/portal\\\/2020\\\/07\\\/30\\\/cohete-de-la-nasa-con-direccion-a-marte-sufre-problemas-tecnicos\\\/\",\"url\":\"https:\\\/\\\/ferabrajan.com\\\/portal\\\/2020\\\/07\\\/30\\\/cohete-de-la-nasa-con-direccion-a-marte-sufre-problemas-tecnicos\\\/\",\"name\":\"Cohete de la NASA con direcci\u00f3n a Marte sufre problemas t\u00e9cnicos - Fer Abrajan\",\"isPartOf\":{\"@id\":\"https:\\\/\\\/ferabrajan.com\\\/portal\\\/#website\"},\"primaryImageOfPage\":{\"@id\":\"https:\\\/\\\/ferabrajan.com\\\/portal\\\/2020\\\/07\\\/30\\\/cohete-de-la-nasa-con-direccion-a-marte-sufre-problemas-tecnicos\\\/#primaryimage\"},\"image\":{\"@id\":\"https:\\\/\\\/ferabrajan.com\\\/portal\\\/2020\\\/07\\\/30\\\/cohete-de-la-nasa-con-direccion-a-marte-sufre-problemas-tecnicos\\\/#primaryimage\"},\"thumbnailUrl\":\"\",\"datePublished\":\"2020-07-30T13:52:00+00:00\",\"breadcrumb\":{\"@id\":\"https:\\\/\\\/ferabrajan.com\\\/portal\\\/2020\\\/07\\\/30\\\/cohete-de-la-nasa-con-direccion-a-marte-sufre-problemas-tecnicos\\\/#breadcrumb\"},\"inLanguage\":\"es\",\"potentialAction\":[{\"@type\":\"ReadAction\",\"target\":[\"https:\\\/\\\/ferabrajan.com\\\/portal\\\/2020\\\/07\\\/30\\\/cohete-de-la-nasa-con-direccion-a-marte-sufre-problemas-tecnicos\\\/\"]}]},{\"@type\":\"ImageObject\",\"inLanguage\":\"es\",\"@id\":\"https:\\\/\\\/ferabrajan.com\\\/portal\\\/2020\\\/07\\\/30\\\/cohete-de-la-nasa-con-direccion-a-marte-sufre-problemas-tecnicos\\\/#primaryimage\",\"url\":\"\",\"contentUrl\":\"\"},{\"@type\":\"BreadcrumbList\",\"@id\":\"https:\\\/\\\/ferabrajan.com\\\/portal\\\/2020\\\/07\\\/30\\\/cohete-de-la-nasa-con-direccion-a-marte-sufre-problemas-tecnicos\\\/#breadcrumb\",\"itemListElement\":[{\"@type\":\"ListItem\",\"position\":1,\"name\":\"Portada\",\"item\":\"https:\\\/\\\/ferabrajan.com\\\/portal\\\/\"},{\"@type\":\"ListItem\",\"position\":2,\"name\":\"Cohete de la NASA con direcci\u00f3n a Marte sufre problemas t\u00e9cnicos\"}]},{\"@type\":\"WebSite\",\"@id\":\"https:\\\/\\\/ferabrajan.com\\\/portal\\\/#website\",\"url\":\"https:\\\/\\\/ferabrajan.com\\\/portal\\\/\",\"name\":\"Fer Abrajan\",\"description\":\"Noticias de Puebla, opini\u00f3n y radio en vivo\",\"publisher\":{\"@id\":\"https:\\\/\\\/ferabrajan.com\\\/portal\\\/#organization\"},\"potentialAction\":[{\"@type\":\"SearchAction\",\"target\":{\"@type\":\"EntryPoint\",\"urlTemplate\":\"https:\\\/\\\/ferabrajan.com\\\/portal\\\/?s={search_term_string}\"},\"query-input\":{\"@type\":\"PropertyValueSpecification\",\"valueRequired\":true,\"valueName\":\"search_term_string\"}}],\"inLanguage\":\"es\"},{\"@type\":\"Organization\",\"@id\":\"https:\\\/\\\/ferabrajan.com\\\/portal\\\/#organization\",\"name\":\"Fer Abrajan\",\"url\":\"https:\\\/\\\/ferabrajan.com\\\/portal\\\/\",\"logo\":{\"@type\":\"ImageObject\",\"inLanguage\":\"es\",\"@id\":\"https:\\\/\\\/ferabrajan.com\\\/portal\\\/#\\\/schema\\\/logo\\\/image\\\/\",\"url\":\"https:\\\/\\\/ferabrajan.com\\\/portal\\\/wp-content\\\/uploads\\\/2024\\\/10\\\/cropped-logo.jpeg\",\"contentUrl\":\"https:\\\/\\\/ferabrajan.com\\\/portal\\\/wp-content\\\/uploads\\\/2024\\\/10\\\/cropped-logo.jpeg\",\"width\":500,\"height\":250,\"caption\":\"Fer Abrajan\"},\"image\":{\"@id\":\"https:\\\/\\\/ferabrajan.com\\\/portal\\\/#\\\/schema\\\/logo\\\/image\\\/\"},\"sameAs\":[\"https:\\\/\\\/www.facebook.com\\\/NoticiasconFerAbrajan\\\/\",\"https:\\\/\\\/x.com\\\/ferabrajan1\"]},{\"@type\":\"Person\",\"@id\":\"https:\\\/\\\/ferabrajan.com\\\/portal\\\/#\\\/schema\\\/person\\\/f6113b3cb1e036d5c6a9505685b257ba\",\"name\":\"admin\",\"image\":{\"@type\":\"ImageObject\",\"inLanguage\":\"es\",\"@id\":\"https:\\\/\\\/secure.gravatar.com\\\/avatar\\\/072baa72775aad53c748dfc5d3048578e01b6c087eef335459ebfa04344e2d18?s=96&d=mm&r=g\",\"url\":\"https:\\\/\\\/secure.gravatar.com\\\/avatar\\\/072baa72775aad53c748dfc5d3048578e01b6c087eef335459ebfa04344e2d18?s=96&d=mm&r=g\",\"contentUrl\":\"https:\\\/\\\/secure.gravatar.com\\\/avatar\\\/072baa72775aad53c748dfc5d3048578e01b6c087eef335459ebfa04344e2d18?s=96&d=mm&r=g\",\"caption\":\"admin\"},\"sameAs\":[\"https:\\\/\\\/ferabrajan.com\\\/portal\"],\"url\":\"https:\\\/\\\/ferabrajan.com\\\/portal\\\/author\\\/admin\\\/\"}]}<\/script>\n<!-- \/ Yoast SEO plugin. -->","yoast_head_json":{"title":"Cohete de la NASA con direcci\u00f3n a Marte sufre problemas t\u00e9cnicos - Fer Abrajan","robots":{"index":"index","follow":"follow","max-snippet":"max-snippet:-1","max-image-preview":"max-image-preview:large","max-video-preview":"max-video-preview:-1"},"canonical":"https:\/\/ferabrajan.com\/portal\/2020\/07\/30\/cohete-de-la-nasa-con-direccion-a-marte-sufre-problemas-tecnicos\/","og_locale":"es_ES","og_type":"article","og_title":"Cohete de la NASA con direcci\u00f3n a Marte sufre problemas t\u00e9cnicos - Fer Abrajan","og_description":"La nave Mars 2020, que transporta un nuevo veh\u00edculo de la NASA enviado para explorar Marte, experimenta problemas t\u00e9cnicos y mantiene operativos solamente sus sistemas esenciales, inform\u00f3 este jueves la agencia espacial de Estados Unidos.&nbsp; \u00abLos datos indican que la nave espacial ingres\u00f3 en un estado conocido como modo seguro, probablemente porque parte de la nave espacial se encontraba un poco m\u00e1s fr\u00eda que lo esperado mientras (&#8230;) se encontraba en la sombra de la Tierra\u00bb, dijo la NASA, que agreg\u00f3 que la misi\u00f3n estaba evaluando completamente el estado del artefacto.&nbsp; fjb Publicaci\u00f3n Original: https:\/\/www.eluniversal.com.mx\/ciencia-y-salud\/cohete-de-la-nasa-con-direccion-marte-sufre-problemas-tecnicos","og_url":"https:\/\/ferabrajan.com\/portal\/2020\/07\/30\/cohete-de-la-nasa-con-direccion-a-marte-sufre-problemas-tecnicos\/","og_site_name":"Fer Abrajan","article_publisher":"https:\/\/www.facebook.com\/NoticiasconFerAbrajan\/","article_published_time":"2020-07-30T13:52:00+00:00","author":"admin","twitter_card":"summary_large_image","twitter_creator":"@ferabrajan1","twitter_site":"@ferabrajan1","twitter_misc":{"Escrito por":"admin","Tiempo de lectura":"1 minuto"},"schema":{"@context":"https:\/\/schema.org","@graph":[{"@type":"Article","@id":"https:\/\/ferabrajan.com\/portal\/2020\/07\/30\/cohete-de-la-nasa-con-direccion-a-marte-sufre-problemas-tecnicos\/#article","isPartOf":{"@id":"https:\/\/ferabrajan.com\/portal\/2020\/07\/30\/cohete-de-la-nasa-con-direccion-a-marte-sufre-problemas-tecnicos\/"},"author":{"name":"admin","@id":"https:\/\/ferabrajan.com\/portal\/#\/schema\/person\/f6113b3cb1e036d5c6a9505685b257ba"},"headline":"Cohete de la NASA con direcci\u00f3n a Marte sufre problemas t\u00e9cnicos","datePublished":"2020-07-30T13:52:00+00:00","mainEntityOfPage":{"@id":"https:\/\/ferabrajan.com\/portal\/2020\/07\/30\/cohete-de-la-nasa-con-direccion-a-marte-sufre-problemas-tecnicos\/"},"wordCount":120,"commentCount":0,"publisher":{"@id":"https:\/\/ferabrajan.com\/portal\/#organization"},"image":{"@id":"https:\/\/ferabrajan.com\/portal\/2020\/07\/30\/cohete-de-la-nasa-con-direccion-a-marte-sufre-problemas-tecnicos\/#primaryimage"},"thumbnailUrl":"","articleSection":["El Mundo"],"inLanguage":"es"},{"@type":"WebPage","@id":"https:\/\/ferabrajan.com\/portal\/2020\/07\/30\/cohete-de-la-nasa-con-direccion-a-marte-sufre-problemas-tecnicos\/","url":"https:\/\/ferabrajan.com\/portal\/2020\/07\/30\/cohete-de-la-nasa-con-direccion-a-marte-sufre-problemas-tecnicos\/","name":"Cohete de la NASA con direcci\u00f3n a Marte sufre problemas t\u00e9cnicos - Fer Abrajan","isPartOf":{"@id":"https:\/\/ferabrajan.com\/portal\/#website"},"primaryImageOfPage":{"@id":"https:\/\/ferabrajan.com\/portal\/2020\/07\/30\/cohete-de-la-nasa-con-direccion-a-marte-sufre-problemas-tecnicos\/#primaryimage"},"image":{"@id":"https:\/\/ferabrajan.com\/portal\/2020\/07\/30\/cohete-de-la-nasa-con-direccion-a-marte-sufre-problemas-tecnicos\/#primaryimage"},"thumbnailUrl":"","datePublished":"2020-07-30T13:52:00+00:00","breadcrumb":{"@id":"https:\/\/ferabrajan.com\/portal\/2020\/07\/30\/cohete-de-la-nasa-con-direccion-a-marte-sufre-problemas-tecnicos\/#breadcrumb"},"inLanguage":"es","potentialAction":[{"@type":"ReadAction","target":["https:\/\/ferabrajan.com\/portal\/2020\/07\/30\/cohete-de-la-nasa-con-direccion-a-marte-sufre-problemas-tecnicos\/"]}]},{"@type":"ImageObject","inLanguage":"es","@id":"https:\/\/ferabrajan.com\/portal\/2020\/07\/30\/cohete-de-la-nasa-con-direccion-a-marte-sufre-problemas-tecnicos\/#primaryimage","url":"","contentUrl":""},{"@type":"BreadcrumbList","@id":"https:\/\/ferabrajan.com\/portal\/2020\/07\/30\/cohete-de-la-nasa-con-direccion-a-marte-sufre-problemas-tecnicos\/#breadcrumb","itemListElement":[{"@type":"ListItem","position":1,"name":"Portada","item":"https:\/\/ferabrajan.com\/portal\/"},{"@type":"ListItem","position":2,"name":"Cohete de la NASA con direcci\u00f3n a Marte sufre problemas t\u00e9cnicos"}]},{"@type":"WebSite","@id":"https:\/\/ferabrajan.com\/portal\/#website","url":"https:\/\/ferabrajan.com\/portal\/","name":"Fer Abrajan","description":"Noticias de Puebla, opini\u00f3n y radio en vivo","publisher":{"@id":"https:\/\/ferabrajan.com\/portal\/#organization"},"potentialAction":[{"@type":"SearchAction","target":{"@type":"EntryPoint","urlTemplate":"https:\/\/ferabrajan.com\/portal\/?s={search_term_string}"},"query-input":{"@type":"PropertyValueSpecification","valueRequired":true,"valueName":"search_term_string"}}],"inLanguage":"es"},{"@type":"Organization","@id":"https:\/\/ferabrajan.com\/portal\/#organization","name":"Fer Abrajan","url":"https:\/\/ferabrajan.com\/portal\/","logo":{"@type":"ImageObject","inLanguage":"es","@id":"https:\/\/ferabrajan.com\/portal\/#\/schema\/logo\/image\/","url":"https:\/\/ferabrajan.com\/portal\/wp-content\/uploads\/2024\/10\/cropped-logo.jpeg","contentUrl":"https:\/\/ferabrajan.com\/portal\/wp-content\/uploads\/2024\/10\/cropped-logo.jpeg","width":500,"height":250,"caption":"Fer Abrajan"},"image":{"@id":"https:\/\/ferabrajan.com\/portal\/#\/schema\/logo\/image\/"},"sameAs":["https:\/\/www.facebook.com\/NoticiasconFerAbrajan\/","https:\/\/x.com\/ferabrajan1"]},{"@type":"Person","@id":"https:\/\/ferabrajan.com\/portal\/#\/schema\/person\/f6113b3cb1e036d5c6a9505685b257ba","name":"admin","image":{"@type":"ImageObject","inLanguage":"es","@id":"https:\/\/secure.gravatar.com\/avatar\/072baa72775aad53c748dfc5d3048578e01b6c087eef335459ebfa04344e2d18?s=96&d=mm&r=g","url":"https:\/\/secure.gravatar.com\/avatar\/072baa72775aad53c748dfc5d3048578e01b6c087eef335459ebfa04344e2d18?s=96&d=mm&r=g","contentUrl":"https:\/\/secure.gravatar.com\/avatar\/072baa72775aad53c748dfc5d3048578e01b6c087eef335459ebfa04344e2d18?s=96&d=mm&r=g","caption":"admin"},"sameAs":["https:\/\/ferabrajan.com\/portal"],"url":"https:\/\/ferabrajan.com\/portal\/author\/admin\/"}]}},"_links":{"self":[{"href":"https:\/\/ferabrajan.com\/portal\/wp-json\/wp\/v2\/posts\/15948","targetHints":{"allow":["GET"]}}],"collection":[{"href":"https:\/\/ferabrajan.com\/portal\/wp-json\/wp\/v2\/posts"}],"about":[{"href":"https:\/\/ferabrajan.com\/portal\/wp-json\/wp\/v2\/types\/post"}],"author":[{"embeddable":true,"href":"https:\/\/ferabrajan.com\/portal\/wp-json\/wp\/v2\/users\/1"}],"replies":[{"embeddable":true,"href":"https:\/\/ferabrajan.com\/portal\/wp-json\/wp\/v2\/comments?post=15948"}],"version-history":[{"count":0,"href":"https:\/\/ferabrajan.com\/portal\/wp-json\/wp\/v2\/posts\/15948\/revisions"}],"wp:attachment":[{"href":"https:\/\/ferabrajan.com\/portal\/wp-json\/wp\/v2\/media?parent=15948"}],"wp:term":[{"taxonomy":"category","embeddable":true,"href":"https:\/\/ferabrajan.com\/portal\/wp-json\/wp\/v2\/categories?post=15948"},{"taxonomy":"post_tag","embeddable":true,"href":"https:\/\/ferabrajan.com\/portal\/wp-json\/wp\/v2\/tags?post=15948"}],"curies":[{"name":"wp","href":"https:\/\/api.w.org\/{rel}","templated":true}]}}