{"id":15933,"date":"2020-07-30T18:38:55","date_gmt":"2020-07-30T18:38:55","guid":{"rendered":"https:\/\/www.elsoldepuebla.com.mx\/finanzas\/pasaran-a-la-pobreza-49.5-millones-de-personas-en-mexico-al-terminar-2020-cepal-5561434.html"},"modified":"2020-07-30T18:38:55","modified_gmt":"2020-07-30T18:38:55","slug":"pasaran-a-la-pobreza-49-5-millones-de-personas-en-mexico-al-terminar-2020-cepal","status":"publish","type":"post","link":"https:\/\/ferabrajan.com\/portal\/2020\/07\/30\/pasaran-a-la-pobreza-49-5-millones-de-personas-en-mexico-al-terminar-2020-cepal\/","title":{"rendered":"Pasar\u00e1n a la pobreza 49.5 millones de personas en M\u00e9xico al terminar 2020: CEPAL"},"content":{"rendered":"<div><img decoding=\"async\" src=\"https:\/\/www.elsoldemexico.com.mx\/metropoli\/cdmx\/1cvpu6-pobreza-cdmx\/ALTERNATES\/LANDSCAPE_1140\/Pobreza%20CDMX\" class=\"ff-og-image-inserted\"><\/div>\n<p>La Comisi\u00f3n Econ\u00f3mica para Am\u00e9rica Latina y el Caribe (CEPAL) estim\u00f3 que la pobreza incrementar\u00e1 en 7.6 por ciento en este a\u00f1o al pasar de 41.9 millones de personas en 2019 a 49.5 millones de personas en 2020, mientras que la pobreza extrema crecer\u00e1 6.3 por ciento, al crecer de 11.6 millones a 17.4 millones y esto va a estar relacionado con la p\u00e9rdida del empleo.<\/p>\n<p>\u201cEl empleo es un efecto muy fuerte en M\u00e9xico y vamos a tener una p\u00e9rdida de un mill\u00f3n de empleos y esto representan 4.9 por ciento respecto del inicio del a\u00f1o y el mes m\u00e1s cr\u00edtico fue en abril. Anticipamos un cambio en la tendencia en el empleo formal\u201d, dijo Alicia B\u00e1rcena, secretaria general de la CEPAL.<\/p>\n<article class=\"mexico_sociedad media col-md-4 inline-story\"> <\/article>\n<p>En video conferencia de prensa, desde Washington, donde se present\u00f3 el informe conjunto de Salud Econom\u00eda: una convergencia necesaria para enfrentar el Covid-19 y retomar la senda hacia el desarrollo sostenible en Am\u00e9rica Latina y el Caribe, Alicia B\u00e1rcena indic\u00f3 que se crearon 37 mil empleos en el sector salud debido a que \u201ceste gobierno recibi\u00f3 con un d\u00e9ficit muy alto en el sector salud amplificar y ampliar nuevas contrataciones a la plantilla del sector salud\u201d.<\/p>\n<p>\u201cEsto es muy importante porque ampli\u00f3 la capacidad del IMSS, del ISSSTE, del Insabi, hospitales privados y de las fuerzas armadas. La expectativa es que si se pueda revertir con la creaci\u00f3n de empleos\u201d, se\u00f1al\u00f3 la funcionaria<\/p>\n<h3>Proponen cinco medidas para garantizar un ingreso b\u00e1sico<\/h3>\n<p>A fin de enfrentar la mayor crisis econ\u00f3mica y social en un siglo en Am\u00e9rica Latina y el Caribe por Covid-19, donde el retroceso en los niveles de pobreza ser\u00e1 de 14 a\u00f1os y una d\u00e9cada en el ingreso per capita, la CEPAL y la Organizaci\u00f3n Panamericana de la Salud propusieron a los gobiernos impulsar cinco medidas para garantizar un ingreso b\u00e1sico de 143 d\u00f3lares por seis meses para los m\u00e1s pobres, un bono adicional contra el hambre para los que est\u00e1n en extrema pobreza de 67 d\u00f3lares, un programa de apoyo de emergencia a las mipymes y pol\u00edticas fiscales y acceso a financiamiento.<\/p>\n<article class=\"finanzas media col-md-4 inline-story\"> <\/article>\n<p>Esta crisis \u201cexigir\u00e1 nuevos pactos sociales y fiscales\u201d, dijo Alicia B\u00e1rcena.<\/p>\n<p>B\u00e1rcena y Carissa Etienne, directora de la OPS coincidieron en que lo m\u00e1s importante es reconocer el impacto de la crisis.<\/p>\n<p>\u201cNo hay dilema entre econom\u00eda y salud, primero es la salud\u201d, en la reapertura de las actividades en medio de la pandemia por el nuevo virus de SARS CoV2, afirm\u00f3 Alicia B\u00e1rcena.<\/p>\n<p>En su exposici\u00f3n dijo que en medio de la pandemia las familias incrementaron su gasto en salud y los datos muestran que 95 millones de personas invierten en gasto catastr\u00f3fico y de ellos 12 millones est\u00e1n en riesgo de empobrecer.<\/p>\n<p>Mientras que se prev\u00e9 que habr\u00e1 44 millones de desempleados y aumenta el riesgo del cierre de 2.7 millones de empresas formales.<\/p>\n<p>Record\u00f3 que en la regi\u00f3n 158 millones de trabajadores informales se han podido registrar que representan 54 por cierto de los formales lo que los expone a\u00fan m\u00e1s al despido o reducci\u00f3n salarial, en particular a las mujeres y a los trabajadores dom\u00e9sticas.<\/p>\n<p>Los riesgos de crisis alimentaria es para m\u00e1s de 96 millones de personas en situaci\u00f3n de pobreza extrema, 11.8 por ciento ubicados en las zonas urbanas y 29 por ciento en \u00e1reas rurales.<\/p>\n<p>Al presentar las cinco propuestas dijo que se requiere garantizar un ingreso b\u00e1sico de emergencia por seis meses a toda la poblaci\u00f3n en pobreza complementando con un bono contra el hambre a toda la poblaci\u00f3n en extrema pobreza.<\/p>\n<p>La segunda es generar una pol\u00edtica social universal, \u201cprogresiva y distributiva\u201d.<\/p>\n<p>Ampliar plazos y per\u00edodos de gracia en los cr\u00e9ditos a Mipymes, especialmente las que producen alimentos, y crear acciones para el cofinanciamiento parcial de la n\u00f3mina salarial.<\/p>\n<p>\u201cPol\u00edticas fiscales y monetarias expansivas que sostengan un periodo m\u00e1s largo, que ser\u00e1 estructural, con instrumentos no convencionales\u201d, y acceso a financiamiento en condiciones favorables para pa\u00edses de renta media.<\/p>\n<p>Indic\u00f3 que s\u00f3lo 26 por ciento de los trabajadores en la regi\u00f3n tienen posibilidades de hacer teletrabajo desde casa por las dificultades de acceso a internet.<\/p>\n<p>Carissa Etienne, directora de la OPS insisti\u00f3 en que \u201csi no controlamos la pandemia la recuperaci\u00f3n es inconcebible\u201d.<\/p>\n<article class=\"mundo media col-md-4 inline-story\"> <\/article>\n<p>Dijo que si bien cada pa\u00eds deber\u00e1 responder en su contexto, enfrentar la emergencia econ\u00f3mica y social \u201cexige liderazgo y reconocer la crisis\u201d.<\/p>\n<p>Sugiri\u00f3 que crear un sistema universal de salud y protecci\u00f3n social ser\u00e1 la forma de protecci\u00f3n social m\u00e1s adecuada para los m\u00e1s pobres y quienes est\u00e1n en la informalidad.<\/p>\n<p>Publicaci\u00f3n Original: <a href=\"https:\/\/www.elsoldepuebla.com.mx\/finanzas\/pasaran-a-la-pobreza-49.5-millones-de-personas-en-mexico-al-terminar-2020-cepal-5561434.html\" target=\"_blank\" rel=\"noopener noreferrer\">https:\/\/www.elsoldepuebla.com.mx\/finanzas\/pasaran-a-la-pobreza-49.5-millones-de-personas-en-mexico-al-terminar-2020-cepal-5561434.html<\/a><\/p>\n","protected":false},"excerpt":{"rendered":"<p>La Comisi\u00f3n Econ\u00f3mica para Am\u00e9rica Latina y el Caribe (CEPAL) estim\u00f3 que la pobreza incrementar\u00e1 en 7.6 por ciento en este a\u00f1o al pasar de 41.9 millones de personas en 2019 a 49.5 millones de personas en 2020, mientras que la pobreza extrema crecer\u00e1 6.3 por ciento, al crecer de 11.6 millones a 17.4 millones y esto va a estar relacionado con la p\u00e9rdida del empleo. \u201cEl empleo es un efecto muy fuerte en M\u00e9xico y vamos a tener una p\u00e9rdida de un mill\u00f3n de empleos y esto representan 4.9 por ciento respecto del inicio del a\u00f1o y el mes m\u00e1s cr\u00edtico fue en abril. Anticipamos un cambio en la tendencia en el empleo formal\u201d, dijo Alicia B\u00e1rcena, secretaria general de la CEPAL. En video conferencia de prensa, desde Washington, donde se present\u00f3 el informe conjunto de Salud Econom\u00eda: una convergencia necesaria para enfrentar el Covid-19 y retomar la senda hacia el desarrollo sostenible en Am\u00e9rica Latina y el Caribe, Alicia B\u00e1rcena indic\u00f3 que se crearon 37 mil empleos en el sector salud debido a que \u201ceste gobierno recibi\u00f3 con un d\u00e9ficit muy alto en el sector salud amplificar y ampliar nuevas contrataciones a la plantilla del sector salud\u201d. \u201cEsto es muy importante porque ampli\u00f3 la capacidad del IMSS, del ISSSTE, del Insabi, hospitales privados y de las fuerzas armadas. La expectativa es que si se pueda revertir con la creaci\u00f3n de empleos\u201d, se\u00f1al\u00f3 la funcionaria Proponen cinco medidas para garantizar un ingreso b\u00e1sico A fin de enfrentar la mayor crisis econ\u00f3mica y social en un siglo en Am\u00e9rica Latina y el Caribe por Covid-19, donde el retroceso en los niveles de pobreza ser\u00e1 de 14 a\u00f1os y una d\u00e9cada en el ingreso per capita, la CEPAL y la Organizaci\u00f3n Panamericana de la Salud propusieron a los gobiernos impulsar cinco medidas para garantizar un ingreso b\u00e1sico de 143 d\u00f3lares por seis meses para los m\u00e1s pobres, un bono adicional contra el hambre para los que est\u00e1n en extrema pobreza de 67 d\u00f3lares, un programa de apoyo de emergencia a las mipymes y pol\u00edticas fiscales y acceso a financiamiento. Esta crisis \u201cexigir\u00e1 nuevos pactos sociales y fiscales\u201d, dijo Alicia B\u00e1rcena. B\u00e1rcena y Carissa Etienne, directora de la OPS coincidieron en que lo m\u00e1s importante es reconocer el impacto de la crisis. \u201cNo hay dilema entre econom\u00eda y salud, primero es la salud\u201d, en la reapertura de las actividades en medio de la pandemia por el nuevo virus de SARS CoV2, afirm\u00f3 Alicia B\u00e1rcena. En su exposici\u00f3n dijo que en medio de la pandemia las familias incrementaron su gasto en salud y los datos muestran que 95 millones de personas invierten en gasto catastr\u00f3fico y de ellos 12 millones est\u00e1n en riesgo de empobrecer. Mientras que se prev\u00e9 que habr\u00e1 44 millones de desempleados y aumenta el riesgo del cierre de 2.7 millones de empresas formales. Record\u00f3 que en la regi\u00f3n 158 millones de trabajadores informales se han podido registrar que representan 54 por cierto de los formales lo que los expone a\u00fan m\u00e1s al despido o reducci\u00f3n salarial, en particular a las mujeres y a los trabajadores dom\u00e9sticas. Los riesgos de crisis alimentaria es para m\u00e1s de 96 millones de personas en situaci\u00f3n de pobreza extrema, 11.8 por ciento ubicados en las zonas urbanas y 29 por ciento en \u00e1reas rurales. Al presentar las cinco propuestas dijo que se requiere garantizar un ingreso b\u00e1sico de emergencia por seis meses a toda la poblaci\u00f3n en pobreza complementando con un bono contra el hambre a toda la poblaci\u00f3n en extrema pobreza. La segunda es generar una pol\u00edtica social universal, \u201cprogresiva y distributiva\u201d. Ampliar plazos y per\u00edodos de gracia en los cr\u00e9ditos a Mipymes, especialmente las que producen alimentos, y crear acciones para el cofinanciamiento parcial de la n\u00f3mina salarial. \u201cPol\u00edticas fiscales y monetarias expansivas que sostengan un periodo m\u00e1s largo, que ser\u00e1 estructural, con instrumentos no convencionales\u201d, y acceso a financiamiento en condiciones favorables para pa\u00edses de renta media. Indic\u00f3 que s\u00f3lo 26 por ciento de los trabajadores en la regi\u00f3n tienen posibilidades de hacer teletrabajo desde casa por las dificultades de acceso a internet. Carissa Etienne, directora de la OPS insisti\u00f3 en que \u201csi no controlamos la pandemia la recuperaci\u00f3n es inconcebible\u201d. Dijo que si bien cada pa\u00eds deber\u00e1 responder en su contexto, enfrentar la emergencia econ\u00f3mica y social \u201cexige liderazgo y reconocer la crisis\u201d. Sugiri\u00f3 que crear un sistema universal de salud y protecci\u00f3n social ser\u00e1 la forma de protecci\u00f3n social m\u00e1s adecuada para los m\u00e1s pobres y quienes est\u00e1n en la informalidad. Publicaci\u00f3n Original: https:\/\/www.elsoldepuebla.com.mx\/finanzas\/pasaran-a-la-pobreza-49.5-millones-de-personas-en-mexico-al-terminar-2020-cepal-5561434.html<\/p>\n","protected":false},"author":1,"featured_media":15937,"comment_status":"closed","ping_status":"closed","sticky":false,"template":"","format":"standard","meta":{"_monsterinsights_skip_tracking":false,"_uf_show_specific_survey":0,"_uf_disable_surveys":false,"footnotes":""},"categories":[34],"tags":[],"class_list":["post-15933","post","type-post","status-publish","format-standard","has-post-thumbnail","hentry","category-puebla"],"yoast_head":"<!-- This site is optimized with the Yoast SEO plugin v27.5 - https:\/\/yoast.com\/product\/yoast-seo-wordpress\/ -->\n<title>Pasar\u00e1n a la pobreza 49.5 millones de personas en M\u00e9xico al terminar 2020: CEPAL - Fer Abrajan<\/title>\n<meta name=\"robots\" content=\"index, follow, max-snippet:-1, max-image-preview:large, max-video-preview:-1\" \/>\n<link rel=\"canonical\" href=\"https:\/\/ferabrajan.com\/portal\/2020\/07\/30\/pasaran-a-la-pobreza-49-5-millones-de-personas-en-mexico-al-terminar-2020-cepal\/\" \/>\n<meta property=\"og:locale\" content=\"es_ES\" \/>\n<meta property=\"og:type\" content=\"article\" \/>\n<meta property=\"og:title\" content=\"Pasar\u00e1n a la pobreza 49.5 millones de personas en M\u00e9xico al terminar 2020: CEPAL - Fer Abrajan\" \/>\n<meta property=\"og:description\" content=\"La Comisi\u00f3n Econ\u00f3mica para Am\u00e9rica Latina y el Caribe (CEPAL) estim\u00f3 que la pobreza incrementar\u00e1 en 7.6 por ciento en este a\u00f1o al pasar de 41.9 millones de personas en 2019 a 49.5 millones de personas en 2020, mientras que la pobreza extrema crecer\u00e1 6.3 por ciento, al crecer de 11.6 millones a 17.4 millones y esto va a estar relacionado con la p\u00e9rdida del empleo. \u201cEl empleo es un efecto muy fuerte en M\u00e9xico y vamos a tener una p\u00e9rdida de un mill\u00f3n de empleos y esto representan 4.9 por ciento respecto del inicio del a\u00f1o y el mes m\u00e1s cr\u00edtico fue en abril. Anticipamos un cambio en la tendencia en el empleo formal\u201d, dijo Alicia B\u00e1rcena, secretaria general de la CEPAL. En video conferencia de prensa, desde Washington, donde se present\u00f3 el informe conjunto de Salud Econom\u00eda: una convergencia necesaria para enfrentar el Covid-19 y retomar la senda hacia el desarrollo sostenible en Am\u00e9rica Latina y el Caribe, Alicia B\u00e1rcena indic\u00f3 que se crearon 37 mil empleos en el sector salud debido a que \u201ceste gobierno recibi\u00f3 con un d\u00e9ficit muy alto en el sector salud amplificar y ampliar nuevas contrataciones a la plantilla del sector salud\u201d. \u201cEsto es muy importante porque ampli\u00f3 la capacidad del IMSS, del ISSSTE, del Insabi, hospitales privados y de las fuerzas armadas. La expectativa es que si se pueda revertir con la creaci\u00f3n de empleos\u201d, se\u00f1al\u00f3 la funcionaria Proponen cinco medidas para garantizar un ingreso b\u00e1sico A fin de enfrentar la mayor crisis econ\u00f3mica y social en un siglo en Am\u00e9rica Latina y el Caribe por Covid-19, donde el retroceso en los niveles de pobreza ser\u00e1 de 14 a\u00f1os y una d\u00e9cada en el ingreso per capita, la CEPAL y la Organizaci\u00f3n Panamericana de la Salud propusieron a los gobiernos impulsar cinco medidas para garantizar un ingreso b\u00e1sico de 143 d\u00f3lares por seis meses para los m\u00e1s pobres, un bono adicional contra el hambre para los que est\u00e1n en extrema pobreza de 67 d\u00f3lares, un programa de apoyo de emergencia a las mipymes y pol\u00edticas fiscales y acceso a financiamiento. Esta crisis \u201cexigir\u00e1 nuevos pactos sociales y fiscales\u201d, dijo Alicia B\u00e1rcena. B\u00e1rcena y Carissa Etienne, directora de la OPS coincidieron en que lo m\u00e1s importante es reconocer el impacto de la crisis. \u201cNo hay dilema entre econom\u00eda y salud, primero es la salud\u201d, en la reapertura de las actividades en medio de la pandemia por el nuevo virus de SARS CoV2, afirm\u00f3 Alicia B\u00e1rcena. En su exposici\u00f3n dijo que en medio de la pandemia las familias incrementaron su gasto en salud y los datos muestran que 95 millones de personas invierten en gasto catastr\u00f3fico y de ellos 12 millones est\u00e1n en riesgo de empobrecer. Mientras que se prev\u00e9 que habr\u00e1 44 millones de desempleados y aumenta el riesgo del cierre de 2.7 millones de empresas formales. Record\u00f3 que en la regi\u00f3n 158 millones de trabajadores informales se han podido registrar que representan 54 por cierto de los formales lo que los expone a\u00fan m\u00e1s al despido o reducci\u00f3n salarial, en particular a las mujeres y a los trabajadores dom\u00e9sticas. Los riesgos de crisis alimentaria es para m\u00e1s de 96 millones de personas en situaci\u00f3n de pobreza extrema, 11.8 por ciento ubicados en las zonas urbanas y 29 por ciento en \u00e1reas rurales. Al presentar las cinco propuestas dijo que se requiere garantizar un ingreso b\u00e1sico de emergencia por seis meses a toda la poblaci\u00f3n en pobreza complementando con un bono contra el hambre a toda la poblaci\u00f3n en extrema pobreza. La segunda es generar una pol\u00edtica social universal, \u201cprogresiva y distributiva\u201d. Ampliar plazos y per\u00edodos de gracia en los cr\u00e9ditos a Mipymes, especialmente las que producen alimentos, y crear acciones para el cofinanciamiento parcial de la n\u00f3mina salarial. \u201cPol\u00edticas fiscales y monetarias expansivas que sostengan un periodo m\u00e1s largo, que ser\u00e1 estructural, con instrumentos no convencionales\u201d, y acceso a financiamiento en condiciones favorables para pa\u00edses de renta media. Indic\u00f3 que s\u00f3lo 26 por ciento de los trabajadores en la regi\u00f3n tienen posibilidades de hacer teletrabajo desde casa por las dificultades de acceso a internet. Carissa Etienne, directora de la OPS insisti\u00f3 en que \u201csi no controlamos la pandemia la recuperaci\u00f3n es inconcebible\u201d. Dijo que si bien cada pa\u00eds deber\u00e1 responder en su contexto, enfrentar la emergencia econ\u00f3mica y social \u201cexige liderazgo y reconocer la crisis\u201d. Sugiri\u00f3 que crear un sistema universal de salud y protecci\u00f3n social ser\u00e1 la forma de protecci\u00f3n social m\u00e1s adecuada para los m\u00e1s pobres y quienes est\u00e1n en la informalidad. Publicaci\u00f3n Original: https:\/\/www.elsoldepuebla.com.mx\/finanzas\/pasaran-a-la-pobreza-49.5-millones-de-personas-en-mexico-al-terminar-2020-cepal-5561434.html\" \/>\n<meta property=\"og:url\" content=\"https:\/\/ferabrajan.com\/portal\/2020\/07\/30\/pasaran-a-la-pobreza-49-5-millones-de-personas-en-mexico-al-terminar-2020-cepal\/\" \/>\n<meta property=\"og:site_name\" content=\"Fer Abrajan\" \/>\n<meta property=\"article:publisher\" content=\"https:\/\/www.facebook.com\/NoticiasconFerAbrajan\/\" \/>\n<meta property=\"article:published_time\" content=\"2020-07-30T18:38:55+00:00\" \/>\n<meta name=\"author\" content=\"admin\" \/>\n<meta name=\"twitter:card\" content=\"summary_large_image\" \/>\n<meta name=\"twitter:creator\" content=\"@ferabrajan1\" \/>\n<meta name=\"twitter:site\" content=\"@ferabrajan1\" \/>\n<meta name=\"twitter:label1\" content=\"Escrito por\" \/>\n\t<meta name=\"twitter:data1\" content=\"admin\" \/>\n\t<meta name=\"twitter:label2\" content=\"Tiempo de lectura\" \/>\n\t<meta name=\"twitter:data2\" content=\"4 minutos\" \/>\n<script type=\"application\/ld+json\" class=\"yoast-schema-graph\">{\"@context\":\"https:\\\/\\\/schema.org\",\"@graph\":[{\"@type\":\"Article\",\"@id\":\"https:\\\/\\\/ferabrajan.com\\\/portal\\\/2020\\\/07\\\/30\\\/pasaran-a-la-pobreza-49-5-millones-de-personas-en-mexico-al-terminar-2020-cepal\\\/#article\",\"isPartOf\":{\"@id\":\"https:\\\/\\\/ferabrajan.com\\\/portal\\\/2020\\\/07\\\/30\\\/pasaran-a-la-pobreza-49-5-millones-de-personas-en-mexico-al-terminar-2020-cepal\\\/\"},\"author\":{\"name\":\"admin\",\"@id\":\"https:\\\/\\\/ferabrajan.com\\\/portal\\\/#\\\/schema\\\/person\\\/f6113b3cb1e036d5c6a9505685b257ba\"},\"headline\":\"Pasar\u00e1n a la pobreza 49.5 millones de personas en M\u00e9xico al terminar 2020: CEPAL\",\"datePublished\":\"2020-07-30T18:38:55+00:00\",\"mainEntityOfPage\":{\"@id\":\"https:\\\/\\\/ferabrajan.com\\\/portal\\\/2020\\\/07\\\/30\\\/pasaran-a-la-pobreza-49-5-millones-de-personas-en-mexico-al-terminar-2020-cepal\\\/\"},\"wordCount\":821,\"publisher\":{\"@id\":\"https:\\\/\\\/ferabrajan.com\\\/portal\\\/#organization\"},\"image\":{\"@id\":\"https:\\\/\\\/ferabrajan.com\\\/portal\\\/2020\\\/07\\\/30\\\/pasaran-a-la-pobreza-49-5-millones-de-personas-en-mexico-al-terminar-2020-cepal\\\/#primaryimage\"},\"thumbnailUrl\":\"\",\"articleSection\":[\"Puebla\"],\"inLanguage\":\"es\"},{\"@type\":\"WebPage\",\"@id\":\"https:\\\/\\\/ferabrajan.com\\\/portal\\\/2020\\\/07\\\/30\\\/pasaran-a-la-pobreza-49-5-millones-de-personas-en-mexico-al-terminar-2020-cepal\\\/\",\"url\":\"https:\\\/\\\/ferabrajan.com\\\/portal\\\/2020\\\/07\\\/30\\\/pasaran-a-la-pobreza-49-5-millones-de-personas-en-mexico-al-terminar-2020-cepal\\\/\",\"name\":\"Pasar\u00e1n a la pobreza 49.5 millones de personas en M\u00e9xico al terminar 2020: CEPAL - Fer Abrajan\",\"isPartOf\":{\"@id\":\"https:\\\/\\\/ferabrajan.com\\\/portal\\\/#website\"},\"primaryImageOfPage\":{\"@id\":\"https:\\\/\\\/ferabrajan.com\\\/portal\\\/2020\\\/07\\\/30\\\/pasaran-a-la-pobreza-49-5-millones-de-personas-en-mexico-al-terminar-2020-cepal\\\/#primaryimage\"},\"image\":{\"@id\":\"https:\\\/\\\/ferabrajan.com\\\/portal\\\/2020\\\/07\\\/30\\\/pasaran-a-la-pobreza-49-5-millones-de-personas-en-mexico-al-terminar-2020-cepal\\\/#primaryimage\"},\"thumbnailUrl\":\"\",\"datePublished\":\"2020-07-30T18:38:55+00:00\",\"breadcrumb\":{\"@id\":\"https:\\\/\\\/ferabrajan.com\\\/portal\\\/2020\\\/07\\\/30\\\/pasaran-a-la-pobreza-49-5-millones-de-personas-en-mexico-al-terminar-2020-cepal\\\/#breadcrumb\"},\"inLanguage\":\"es\",\"potentialAction\":[{\"@type\":\"ReadAction\",\"target\":[\"https:\\\/\\\/ferabrajan.com\\\/portal\\\/2020\\\/07\\\/30\\\/pasaran-a-la-pobreza-49-5-millones-de-personas-en-mexico-al-terminar-2020-cepal\\\/\"]}]},{\"@type\":\"ImageObject\",\"inLanguage\":\"es\",\"@id\":\"https:\\\/\\\/ferabrajan.com\\\/portal\\\/2020\\\/07\\\/30\\\/pasaran-a-la-pobreza-49-5-millones-de-personas-en-mexico-al-terminar-2020-cepal\\\/#primaryimage\",\"url\":\"\",\"contentUrl\":\"\"},{\"@type\":\"BreadcrumbList\",\"@id\":\"https:\\\/\\\/ferabrajan.com\\\/portal\\\/2020\\\/07\\\/30\\\/pasaran-a-la-pobreza-49-5-millones-de-personas-en-mexico-al-terminar-2020-cepal\\\/#breadcrumb\",\"itemListElement\":[{\"@type\":\"ListItem\",\"position\":1,\"name\":\"Portada\",\"item\":\"https:\\\/\\\/ferabrajan.com\\\/portal\\\/\"},{\"@type\":\"ListItem\",\"position\":2,\"name\":\"Pasar\u00e1n a la pobreza 49.5 millones de personas en M\u00e9xico al terminar 2020: CEPAL\"}]},{\"@type\":\"WebSite\",\"@id\":\"https:\\\/\\\/ferabrajan.com\\\/portal\\\/#website\",\"url\":\"https:\\\/\\\/ferabrajan.com\\\/portal\\\/\",\"name\":\"Fer Abrajan\",\"description\":\"Noticias de Puebla, opini\u00f3n y radio en vivo\",\"publisher\":{\"@id\":\"https:\\\/\\\/ferabrajan.com\\\/portal\\\/#organization\"},\"potentialAction\":[{\"@type\":\"SearchAction\",\"target\":{\"@type\":\"EntryPoint\",\"urlTemplate\":\"https:\\\/\\\/ferabrajan.com\\\/portal\\\/?s={search_term_string}\"},\"query-input\":{\"@type\":\"PropertyValueSpecification\",\"valueRequired\":true,\"valueName\":\"search_term_string\"}}],\"inLanguage\":\"es\"},{\"@type\":\"Organization\",\"@id\":\"https:\\\/\\\/ferabrajan.com\\\/portal\\\/#organization\",\"name\":\"Fer Abrajan\",\"url\":\"https:\\\/\\\/ferabrajan.com\\\/portal\\\/\",\"logo\":{\"@type\":\"ImageObject\",\"inLanguage\":\"es\",\"@id\":\"https:\\\/\\\/ferabrajan.com\\\/portal\\\/#\\\/schema\\\/logo\\\/image\\\/\",\"url\":\"https:\\\/\\\/ferabrajan.com\\\/portal\\\/wp-content\\\/uploads\\\/2024\\\/10\\\/cropped-logo.jpeg\",\"contentUrl\":\"https:\\\/\\\/ferabrajan.com\\\/portal\\\/wp-content\\\/uploads\\\/2024\\\/10\\\/cropped-logo.jpeg\",\"width\":500,\"height\":250,\"caption\":\"Fer Abrajan\"},\"image\":{\"@id\":\"https:\\\/\\\/ferabrajan.com\\\/portal\\\/#\\\/schema\\\/logo\\\/image\\\/\"},\"sameAs\":[\"https:\\\/\\\/www.facebook.com\\\/NoticiasconFerAbrajan\\\/\",\"https:\\\/\\\/x.com\\\/ferabrajan1\"]},{\"@type\":\"Person\",\"@id\":\"https:\\\/\\\/ferabrajan.com\\\/portal\\\/#\\\/schema\\\/person\\\/f6113b3cb1e036d5c6a9505685b257ba\",\"name\":\"admin\",\"image\":{\"@type\":\"ImageObject\",\"inLanguage\":\"es\",\"@id\":\"https:\\\/\\\/secure.gravatar.com\\\/avatar\\\/072baa72775aad53c748dfc5d3048578e01b6c087eef335459ebfa04344e2d18?s=96&d=mm&r=g\",\"url\":\"https:\\\/\\\/secure.gravatar.com\\\/avatar\\\/072baa72775aad53c748dfc5d3048578e01b6c087eef335459ebfa04344e2d18?s=96&d=mm&r=g\",\"contentUrl\":\"https:\\\/\\\/secure.gravatar.com\\\/avatar\\\/072baa72775aad53c748dfc5d3048578e01b6c087eef335459ebfa04344e2d18?s=96&d=mm&r=g\",\"caption\":\"admin\"},\"sameAs\":[\"https:\\\/\\\/ferabrajan.com\\\/portal\"],\"url\":\"https:\\\/\\\/ferabrajan.com\\\/portal\\\/author\\\/admin\\\/\"}]}<\/script>\n<!-- \/ Yoast SEO plugin. -->","yoast_head_json":{"title":"Pasar\u00e1n a la pobreza 49.5 millones de personas en M\u00e9xico al terminar 2020: CEPAL - Fer Abrajan","robots":{"index":"index","follow":"follow","max-snippet":"max-snippet:-1","max-image-preview":"max-image-preview:large","max-video-preview":"max-video-preview:-1"},"canonical":"https:\/\/ferabrajan.com\/portal\/2020\/07\/30\/pasaran-a-la-pobreza-49-5-millones-de-personas-en-mexico-al-terminar-2020-cepal\/","og_locale":"es_ES","og_type":"article","og_title":"Pasar\u00e1n a la pobreza 49.5 millones de personas en M\u00e9xico al terminar 2020: CEPAL - Fer Abrajan","og_description":"La Comisi\u00f3n Econ\u00f3mica para Am\u00e9rica Latina y el Caribe (CEPAL) estim\u00f3 que la pobreza incrementar\u00e1 en 7.6 por ciento en este a\u00f1o al pasar de 41.9 millones de personas en 2019 a 49.5 millones de personas en 2020, mientras que la pobreza extrema crecer\u00e1 6.3 por ciento, al crecer de 11.6 millones a 17.4 millones y esto va a estar relacionado con la p\u00e9rdida del empleo. \u201cEl empleo es un efecto muy fuerte en M\u00e9xico y vamos a tener una p\u00e9rdida de un mill\u00f3n de empleos y esto representan 4.9 por ciento respecto del inicio del a\u00f1o y el mes m\u00e1s cr\u00edtico fue en abril. Anticipamos un cambio en la tendencia en el empleo formal\u201d, dijo Alicia B\u00e1rcena, secretaria general de la CEPAL. En video conferencia de prensa, desde Washington, donde se present\u00f3 el informe conjunto de Salud Econom\u00eda: una convergencia necesaria para enfrentar el Covid-19 y retomar la senda hacia el desarrollo sostenible en Am\u00e9rica Latina y el Caribe, Alicia B\u00e1rcena indic\u00f3 que se crearon 37 mil empleos en el sector salud debido a que \u201ceste gobierno recibi\u00f3 con un d\u00e9ficit muy alto en el sector salud amplificar y ampliar nuevas contrataciones a la plantilla del sector salud\u201d. \u201cEsto es muy importante porque ampli\u00f3 la capacidad del IMSS, del ISSSTE, del Insabi, hospitales privados y de las fuerzas armadas. La expectativa es que si se pueda revertir con la creaci\u00f3n de empleos\u201d, se\u00f1al\u00f3 la funcionaria Proponen cinco medidas para garantizar un ingreso b\u00e1sico A fin de enfrentar la mayor crisis econ\u00f3mica y social en un siglo en Am\u00e9rica Latina y el Caribe por Covid-19, donde el retroceso en los niveles de pobreza ser\u00e1 de 14 a\u00f1os y una d\u00e9cada en el ingreso per capita, la CEPAL y la Organizaci\u00f3n Panamericana de la Salud propusieron a los gobiernos impulsar cinco medidas para garantizar un ingreso b\u00e1sico de 143 d\u00f3lares por seis meses para los m\u00e1s pobres, un bono adicional contra el hambre para los que est\u00e1n en extrema pobreza de 67 d\u00f3lares, un programa de apoyo de emergencia a las mipymes y pol\u00edticas fiscales y acceso a financiamiento. Esta crisis \u201cexigir\u00e1 nuevos pactos sociales y fiscales\u201d, dijo Alicia B\u00e1rcena. B\u00e1rcena y Carissa Etienne, directora de la OPS coincidieron en que lo m\u00e1s importante es reconocer el impacto de la crisis. \u201cNo hay dilema entre econom\u00eda y salud, primero es la salud\u201d, en la reapertura de las actividades en medio de la pandemia por el nuevo virus de SARS CoV2, afirm\u00f3 Alicia B\u00e1rcena. En su exposici\u00f3n dijo que en medio de la pandemia las familias incrementaron su gasto en salud y los datos muestran que 95 millones de personas invierten en gasto catastr\u00f3fico y de ellos 12 millones est\u00e1n en riesgo de empobrecer. Mientras que se prev\u00e9 que habr\u00e1 44 millones de desempleados y aumenta el riesgo del cierre de 2.7 millones de empresas formales. Record\u00f3 que en la regi\u00f3n 158 millones de trabajadores informales se han podido registrar que representan 54 por cierto de los formales lo que los expone a\u00fan m\u00e1s al despido o reducci\u00f3n salarial, en particular a las mujeres y a los trabajadores dom\u00e9sticas. Los riesgos de crisis alimentaria es para m\u00e1s de 96 millones de personas en situaci\u00f3n de pobreza extrema, 11.8 por ciento ubicados en las zonas urbanas y 29 por ciento en \u00e1reas rurales. Al presentar las cinco propuestas dijo que se requiere garantizar un ingreso b\u00e1sico de emergencia por seis meses a toda la poblaci\u00f3n en pobreza complementando con un bono contra el hambre a toda la poblaci\u00f3n en extrema pobreza. La segunda es generar una pol\u00edtica social universal, \u201cprogresiva y distributiva\u201d. Ampliar plazos y per\u00edodos de gracia en los cr\u00e9ditos a Mipymes, especialmente las que producen alimentos, y crear acciones para el cofinanciamiento parcial de la n\u00f3mina salarial. \u201cPol\u00edticas fiscales y monetarias expansivas que sostengan un periodo m\u00e1s largo, que ser\u00e1 estructural, con instrumentos no convencionales\u201d, y acceso a financiamiento en condiciones favorables para pa\u00edses de renta media. Indic\u00f3 que s\u00f3lo 26 por ciento de los trabajadores en la regi\u00f3n tienen posibilidades de hacer teletrabajo desde casa por las dificultades de acceso a internet. Carissa Etienne, directora de la OPS insisti\u00f3 en que \u201csi no controlamos la pandemia la recuperaci\u00f3n es inconcebible\u201d. Dijo que si bien cada pa\u00eds deber\u00e1 responder en su contexto, enfrentar la emergencia econ\u00f3mica y social \u201cexige liderazgo y reconocer la crisis\u201d. Sugiri\u00f3 que crear un sistema universal de salud y protecci\u00f3n social ser\u00e1 la forma de protecci\u00f3n social m\u00e1s adecuada para los m\u00e1s pobres y quienes est\u00e1n en la informalidad. Publicaci\u00f3n Original: https:\/\/www.elsoldepuebla.com.mx\/finanzas\/pasaran-a-la-pobreza-49.5-millones-de-personas-en-mexico-al-terminar-2020-cepal-5561434.html","og_url":"https:\/\/ferabrajan.com\/portal\/2020\/07\/30\/pasaran-a-la-pobreza-49-5-millones-de-personas-en-mexico-al-terminar-2020-cepal\/","og_site_name":"Fer Abrajan","article_publisher":"https:\/\/www.facebook.com\/NoticiasconFerAbrajan\/","article_published_time":"2020-07-30T18:38:55+00:00","author":"admin","twitter_card":"summary_large_image","twitter_creator":"@ferabrajan1","twitter_site":"@ferabrajan1","twitter_misc":{"Escrito por":"admin","Tiempo de lectura":"4 minutos"},"schema":{"@context":"https:\/\/schema.org","@graph":[{"@type":"Article","@id":"https:\/\/ferabrajan.com\/portal\/2020\/07\/30\/pasaran-a-la-pobreza-49-5-millones-de-personas-en-mexico-al-terminar-2020-cepal\/#article","isPartOf":{"@id":"https:\/\/ferabrajan.com\/portal\/2020\/07\/30\/pasaran-a-la-pobreza-49-5-millones-de-personas-en-mexico-al-terminar-2020-cepal\/"},"author":{"name":"admin","@id":"https:\/\/ferabrajan.com\/portal\/#\/schema\/person\/f6113b3cb1e036d5c6a9505685b257ba"},"headline":"Pasar\u00e1n a la pobreza 49.5 millones de personas en M\u00e9xico al terminar 2020: CEPAL","datePublished":"2020-07-30T18:38:55+00:00","mainEntityOfPage":{"@id":"https:\/\/ferabrajan.com\/portal\/2020\/07\/30\/pasaran-a-la-pobreza-49-5-millones-de-personas-en-mexico-al-terminar-2020-cepal\/"},"wordCount":821,"publisher":{"@id":"https:\/\/ferabrajan.com\/portal\/#organization"},"image":{"@id":"https:\/\/ferabrajan.com\/portal\/2020\/07\/30\/pasaran-a-la-pobreza-49-5-millones-de-personas-en-mexico-al-terminar-2020-cepal\/#primaryimage"},"thumbnailUrl":"","articleSection":["Puebla"],"inLanguage":"es"},{"@type":"WebPage","@id":"https:\/\/ferabrajan.com\/portal\/2020\/07\/30\/pasaran-a-la-pobreza-49-5-millones-de-personas-en-mexico-al-terminar-2020-cepal\/","url":"https:\/\/ferabrajan.com\/portal\/2020\/07\/30\/pasaran-a-la-pobreza-49-5-millones-de-personas-en-mexico-al-terminar-2020-cepal\/","name":"Pasar\u00e1n a la pobreza 49.5 millones de personas en M\u00e9xico al terminar 2020: CEPAL - Fer Abrajan","isPartOf":{"@id":"https:\/\/ferabrajan.com\/portal\/#website"},"primaryImageOfPage":{"@id":"https:\/\/ferabrajan.com\/portal\/2020\/07\/30\/pasaran-a-la-pobreza-49-5-millones-de-personas-en-mexico-al-terminar-2020-cepal\/#primaryimage"},"image":{"@id":"https:\/\/ferabrajan.com\/portal\/2020\/07\/30\/pasaran-a-la-pobreza-49-5-millones-de-personas-en-mexico-al-terminar-2020-cepal\/#primaryimage"},"thumbnailUrl":"","datePublished":"2020-07-30T18:38:55+00:00","breadcrumb":{"@id":"https:\/\/ferabrajan.com\/portal\/2020\/07\/30\/pasaran-a-la-pobreza-49-5-millones-de-personas-en-mexico-al-terminar-2020-cepal\/#breadcrumb"},"inLanguage":"es","potentialAction":[{"@type":"ReadAction","target":["https:\/\/ferabrajan.com\/portal\/2020\/07\/30\/pasaran-a-la-pobreza-49-5-millones-de-personas-en-mexico-al-terminar-2020-cepal\/"]}]},{"@type":"ImageObject","inLanguage":"es","@id":"https:\/\/ferabrajan.com\/portal\/2020\/07\/30\/pasaran-a-la-pobreza-49-5-millones-de-personas-en-mexico-al-terminar-2020-cepal\/#primaryimage","url":"","contentUrl":""},{"@type":"BreadcrumbList","@id":"https:\/\/ferabrajan.com\/portal\/2020\/07\/30\/pasaran-a-la-pobreza-49-5-millones-de-personas-en-mexico-al-terminar-2020-cepal\/#breadcrumb","itemListElement":[{"@type":"ListItem","position":1,"name":"Portada","item":"https:\/\/ferabrajan.com\/portal\/"},{"@type":"ListItem","position":2,"name":"Pasar\u00e1n a la pobreza 49.5 millones de personas en M\u00e9xico al terminar 2020: CEPAL"}]},{"@type":"WebSite","@id":"https:\/\/ferabrajan.com\/portal\/#website","url":"https:\/\/ferabrajan.com\/portal\/","name":"Fer Abrajan","description":"Noticias de Puebla, opini\u00f3n y radio en vivo","publisher":{"@id":"https:\/\/ferabrajan.com\/portal\/#organization"},"potentialAction":[{"@type":"SearchAction","target":{"@type":"EntryPoint","urlTemplate":"https:\/\/ferabrajan.com\/portal\/?s={search_term_string}"},"query-input":{"@type":"PropertyValueSpecification","valueRequired":true,"valueName":"search_term_string"}}],"inLanguage":"es"},{"@type":"Organization","@id":"https:\/\/ferabrajan.com\/portal\/#organization","name":"Fer Abrajan","url":"https:\/\/ferabrajan.com\/portal\/","logo":{"@type":"ImageObject","inLanguage":"es","@id":"https:\/\/ferabrajan.com\/portal\/#\/schema\/logo\/image\/","url":"https:\/\/ferabrajan.com\/portal\/wp-content\/uploads\/2024\/10\/cropped-logo.jpeg","contentUrl":"https:\/\/ferabrajan.com\/portal\/wp-content\/uploads\/2024\/10\/cropped-logo.jpeg","width":500,"height":250,"caption":"Fer Abrajan"},"image":{"@id":"https:\/\/ferabrajan.com\/portal\/#\/schema\/logo\/image\/"},"sameAs":["https:\/\/www.facebook.com\/NoticiasconFerAbrajan\/","https:\/\/x.com\/ferabrajan1"]},{"@type":"Person","@id":"https:\/\/ferabrajan.com\/portal\/#\/schema\/person\/f6113b3cb1e036d5c6a9505685b257ba","name":"admin","image":{"@type":"ImageObject","inLanguage":"es","@id":"https:\/\/secure.gravatar.com\/avatar\/072baa72775aad53c748dfc5d3048578e01b6c087eef335459ebfa04344e2d18?s=96&d=mm&r=g","url":"https:\/\/secure.gravatar.com\/avatar\/072baa72775aad53c748dfc5d3048578e01b6c087eef335459ebfa04344e2d18?s=96&d=mm&r=g","contentUrl":"https:\/\/secure.gravatar.com\/avatar\/072baa72775aad53c748dfc5d3048578e01b6c087eef335459ebfa04344e2d18?s=96&d=mm&r=g","caption":"admin"},"sameAs":["https:\/\/ferabrajan.com\/portal"],"url":"https:\/\/ferabrajan.com\/portal\/author\/admin\/"}]}},"_links":{"self":[{"href":"https:\/\/ferabrajan.com\/portal\/wp-json\/wp\/v2\/posts\/15933","targetHints":{"allow":["GET"]}}],"collection":[{"href":"https:\/\/ferabrajan.com\/portal\/wp-json\/wp\/v2\/posts"}],"about":[{"href":"https:\/\/ferabrajan.com\/portal\/wp-json\/wp\/v2\/types\/post"}],"author":[{"embeddable":true,"href":"https:\/\/ferabrajan.com\/portal\/wp-json\/wp\/v2\/users\/1"}],"replies":[{"embeddable":true,"href":"https:\/\/ferabrajan.com\/portal\/wp-json\/wp\/v2\/comments?post=15933"}],"version-history":[{"count":0,"href":"https:\/\/ferabrajan.com\/portal\/wp-json\/wp\/v2\/posts\/15933\/revisions"}],"wp:attachment":[{"href":"https:\/\/ferabrajan.com\/portal\/wp-json\/wp\/v2\/media?parent=15933"}],"wp:term":[{"taxonomy":"category","embeddable":true,"href":"https:\/\/ferabrajan.com\/portal\/wp-json\/wp\/v2\/categories?post=15933"},{"taxonomy":"post_tag","embeddable":true,"href":"https:\/\/ferabrajan.com\/portal\/wp-json\/wp\/v2\/tags?post=15933"}],"curies":[{"name":"wp","href":"https:\/\/api.w.org\/{rel}","templated":true}]}}