{"id":15923,"date":"2020-07-30T18:44:44","date_gmt":"2020-07-30T18:44:44","guid":{"rendered":"https:\/\/www.elsoldepuebla.com.mx\/doble-via\/salud\/cual-sera-el-precio-de-la-vacuna-contra-covid-19-y-cuando-estara-lista-coronavirus-epidemia-pandemia-covid-19-mexico-moderna-pfizer-astrazeneca-5560926.html"},"modified":"2020-07-30T18:44:44","modified_gmt":"2020-07-30T18:44:44","slug":"cual-sera-el-precio-de-la-vacuna-contra-el-covid-19-y-cuando-estara-lista","status":"publish","type":"post","link":"https:\/\/ferabrajan.com\/portal\/2020\/07\/30\/cual-sera-el-precio-de-la-vacuna-contra-el-covid-19-y-cuando-estara-lista\/","title":{"rendered":"\u00bfCu\u00e1l ser\u00e1 el precio de la vacuna contra el Covid-19 y cu\u00e1ndo estar\u00e1 lista?"},"content":{"rendered":"<div><img decoding=\"async\" src=\"https:\/\/www.elsoldemexico.com.mx\/doble-via\/salud\/pqh6da-vacuna-covid-19.jpg\/ALTERNATES\/LANDSCAPE_1140\/vacuna%20Covid-19.jpg\" class=\"ff-og-image-inserted\"><\/div>\n<p>Las pruebas finales sobre la nueva vacuna contra el Covid-19 ya han comenzado, lo que ha dado oportunidad de hablar finalmente de su producci\u00f3n y por supuesto, su venta y distribuci\u00f3n. Luego de m\u00e1s de siete meses en los que el mundo se ha visto sumergido en una pandemia que ha dejado a su paso m\u00e1s de 660 mil muertes, los proyectos de vacunas parecen ser un rayo de esperanza, pero \u00bfcu\u00e1ndo comenzar\u00e1 a distribuirse, qu\u00e9 laboratorios la tendr\u00e1n primero y cu\u00e1l ser\u00e1 su costo? Esas y m\u00e1s preguntas resolvemos a continuaci\u00f3n.<\/p>\n<article class=\"gossip_omg media col-md-4 inline-story\"> <\/article>\n<p><strong>\u00bfCu\u00e1les son los proyectos de vacunas contra el Covid-19 m\u00e1s avanzados en el mundo?<\/strong><\/p>\n<p>En el \u00faltimo informe de la OMS, emitido el 24 de julio, la organizaci\u00f3n enumera 25 candidatos a vacuna, los cuales son evaluados a trav\u00e9s de pruebas cl\u00ednicas; no obstante, la mayor\u00eda de las pruebas se encuentran en la fase 1 y 2, y tan solo cuatro candidatos han logrados llegar a la etapa final.<\/p>\n<p>El primero de los proyectos es el dirigido por Moderna, que comenz\u00f3 este 27 de junio la fase tres, en donde se aplicar\u00e1 la vacuna a 30 mil voluntarios.<\/p>\n<p>A mediados de julio dos proyectos m\u00e1s avanzaron a la fase 3, se trata del laboratorio Sinopharm, quien realiz\u00f3 sus pruebas en Emiratos \u00c1rabes Unidos a 15 mil voluntarios, y Sinovac, que ensay\u00f3 con nueve mil profesionales sanitarios en Brasil. Ambos proyectos provienen de China.<\/p>\n<p>Finalmente, el cuatro proyecto en la \u00faltima fase es el comandado por la universidad de Oxford en cooperaci\u00f3n con la empresa AstraZeneca, que est\u00e1 siendo probado en Reino Unido, Brasil y Sud\u00e1frica.<\/p>\n<p><strong>\u00bfCu\u00e1ndo estar\u00e1 lista la vacuna?<\/strong><\/p>\n<p>La Organizaci\u00f3n Mundial de la Salud (OMS) ha indicado que pese a los \u201cbuenos progresos\u201d en el desarrollo de una vacuna contra el Covid-19, las primeras inmunizaciones no se esperan hasta inicios del 2021.<\/p>\n<p>Sin embargo, hasta ahora ninguna de las vacunas que se encuentran en fase 3 ha fallado en t\u00e9rminos de seguridad o de su capacidad para generar una respuesta inmune.<\/p>\n<p><strong>\u00bfQu\u00e9 pa\u00edses tendr\u00e1n acceso a la vacuna?<\/strong><\/p>\n<p>Aunque la OMS asegura que se est\u00e1 trabajando para garantizar una distribuci\u00f3n justa de las vacunas, debido a que estas \u201cno est\u00e1n dirigidas a los m\u00e1s ricos, ni a los pobres\u201d, seg\u00fan Mike Ryan, jefe del programa de emergencias de la organizaci\u00f3n, el gobierno de Estados Unidos (EU) pagar\u00e1 mil 950 millones de d\u00f3lares por 100 millones de dosis de la vacuna que est\u00e1 siendo desarrollada por Pzifer Inc y la firma alemana BioNTech, en caso de resultar segura.<\/p>\n<p>Por otra parte, Moderna dijo que la compa\u00f1\u00eda estaba en conversaciones con los gobiernos sobre el suministro potencial de la vacuna ARNm-1273, pero no ha ofrecido mayores detalles.<\/p>\n<p>Mientras tanto, la OMS ha dicho que en tanto no se cuente con una vacuna es primordial suprimir la propagaci\u00f3n del virus.<\/p>\n<p><strong>\u00bfQu\u00e9 precio tendr\u00e1?<\/strong><\/p>\n<p>El debate entre cu\u00e1l ser\u00e1 el precio en el que la vacuna salga al mercado ha causado una gran polarizaci\u00f3n. Por ahora los \u00fanicos proyectos que han hablado al respecto son los conducidos por Pfizer, Moderna, Johnson &amp; Johnson y AstraZeneca.<\/p>\n<p>Los primeros, Pfizer y Moderna, detallaron el pasado 21 de julio que en caso de lograr la vacuna contra el nuevo coronavirus, no la vender\u00e1n a precio de costo.<\/p>\n<p>D\u00edas despu\u00e9s, Moderna Inc inform\u00f3 que el precio de la vacuna que desarrolla contra el coronavirus ser\u00e1 de 50 a 60 d\u00f3lares por tratamiento o bien, 25 a 30 d\u00f3lares por dosis.<\/p>\n<p>El precio propuesto de Moderna es m\u00e1s alto que el divulgado por Pfizer Inc y su socio alem\u00e1n BioNTech en un acuerdo con el gobierno de Estados Unidos, que es de 39 d\u00f3lares por tratamiento o 19.50 d\u00f3lares por dosis.<\/p>\n<p>Por el contrario, la Universidad de Oxford y AstraZeneca se comprometieron a vender inicialmente sus vacunas sin obtener ganancias. De tal manera que el director general de AstraZenca asegur\u00f3 a RTL que el precio de la vacuna ser\u00eda de 2.5 euros; es decir, alrededor de 65 pesos.<\/p>\n<p>Asimismo, Soriot se\u00f1al\u00f3 que el objetivo es suministrar la vacuna a todo el mundo y sin beneficio monetario alguno, ofreci\u00e9ndola al costo de producci\u00f3n.<\/p>\n<p>Johnson &amp; Johnson, financiado por la llamada operaci\u00f3n \u00abWarp Speed\u00bb de la Casa Blanca (456 millones de d\u00f3lares), dijo por su parte que el precio de m\u00e1s de mil millones de dosis no les dejar\u00eda ganancias durante la fase de emergencia de la pandemia.<\/p>\n<p>Con informaci\u00f3n de Reuters<\/p>\n<p>Publicaci\u00f3n Original: <a href=\"https:\/\/www.elsoldepuebla.com.mx\/doble-via\/salud\/cual-sera-el-precio-de-la-vacuna-contra-covid-19-y-cuando-estara-lista-coronavirus-epidemia-pandemia-covid-19-mexico-moderna-pfizer-astrazeneca-5560926.html\" target=\"_blank\" rel=\"noopener noreferrer\">https:\/\/www.elsoldepuebla.com.mx\/doble-via\/salud\/cual-sera-el-precio-de-la-vacuna-contra-covid-19-y-cuando-estara-lista-coronavirus-epidemia-pandemia-covid-19-mexico-moderna-pfizer-astrazeneca-5560926.html<\/a><\/p>\n","protected":false},"excerpt":{"rendered":"<p>Las pruebas finales sobre la nueva vacuna contra el Covid-19 ya han comenzado, lo que ha dado oportunidad de hablar finalmente de su producci\u00f3n y por supuesto, su venta y distribuci\u00f3n. Luego de m\u00e1s de siete meses en los que el mundo se ha visto sumergido en una pandemia que ha dejado a su paso m\u00e1s de 660 mil muertes, los proyectos de vacunas parecen ser un rayo de esperanza, pero \u00bfcu\u00e1ndo comenzar\u00e1 a distribuirse, qu\u00e9 laboratorios la tendr\u00e1n primero y cu\u00e1l ser\u00e1 su costo? Esas y m\u00e1s preguntas resolvemos a continuaci\u00f3n. \u00bfCu\u00e1les son los proyectos de vacunas contra el Covid-19 m\u00e1s avanzados en el mundo? En el \u00faltimo informe de la OMS, emitido el 24 de julio, la organizaci\u00f3n enumera 25 candidatos a vacuna, los cuales son evaluados a trav\u00e9s de pruebas cl\u00ednicas; no obstante, la mayor\u00eda de las pruebas se encuentran en la fase 1 y 2, y tan solo cuatro candidatos han logrados llegar a la etapa final. El primero de los proyectos es el dirigido por Moderna, que comenz\u00f3 este 27 de junio la fase tres, en donde se aplicar\u00e1 la vacuna a 30 mil voluntarios. A mediados de julio dos proyectos m\u00e1s avanzaron a la fase 3, se trata del laboratorio Sinopharm, quien realiz\u00f3 sus pruebas en Emiratos \u00c1rabes Unidos a 15 mil voluntarios, y Sinovac, que ensay\u00f3 con nueve mil profesionales sanitarios en Brasil. Ambos proyectos provienen de China. Finalmente, el cuatro proyecto en la \u00faltima fase es el comandado por la universidad de Oxford en cooperaci\u00f3n con la empresa AstraZeneca, que est\u00e1 siendo probado en Reino Unido, Brasil y Sud\u00e1frica. \u00bfCu\u00e1ndo estar\u00e1 lista la vacuna? La Organizaci\u00f3n Mundial de la Salud (OMS) ha indicado que pese a los \u201cbuenos progresos\u201d en el desarrollo de una vacuna contra el Covid-19, las primeras inmunizaciones no se esperan hasta inicios del 2021. Sin embargo, hasta ahora ninguna de las vacunas que se encuentran en fase 3 ha fallado en t\u00e9rminos de seguridad o de su capacidad para generar una respuesta inmune. \u00bfQu\u00e9 pa\u00edses tendr\u00e1n acceso a la vacuna? Aunque la OMS asegura que se est\u00e1 trabajando para garantizar una distribuci\u00f3n justa de las vacunas, debido a que estas \u201cno est\u00e1n dirigidas a los m\u00e1s ricos, ni a los pobres\u201d, seg\u00fan Mike Ryan, jefe del programa de emergencias de la organizaci\u00f3n, el gobierno de Estados Unidos (EU) pagar\u00e1 mil 950 millones de d\u00f3lares por 100 millones de dosis de la vacuna que est\u00e1 siendo desarrollada por Pzifer Inc y la firma alemana BioNTech, en caso de resultar segura. Por otra parte, Moderna dijo que la compa\u00f1\u00eda estaba en conversaciones con los gobiernos sobre el suministro potencial de la vacuna ARNm-1273, pero no ha ofrecido mayores detalles. Mientras tanto, la OMS ha dicho que en tanto no se cuente con una vacuna es primordial suprimir la propagaci\u00f3n del virus. \u00bfQu\u00e9 precio tendr\u00e1? El debate entre cu\u00e1l ser\u00e1 el precio en el que la vacuna salga al mercado ha causado una gran polarizaci\u00f3n. Por ahora los \u00fanicos proyectos que han hablado al respecto son los conducidos por Pfizer, Moderna, Johnson &amp; Johnson y AstraZeneca. Los primeros, Pfizer y Moderna, detallaron el pasado 21 de julio que en caso de lograr la vacuna contra el nuevo coronavirus, no la vender\u00e1n a precio de costo. D\u00edas despu\u00e9s, Moderna Inc inform\u00f3 que el precio de la vacuna que desarrolla contra el coronavirus ser\u00e1 de 50 a 60 d\u00f3lares por tratamiento o bien, 25 a 30 d\u00f3lares por dosis. El precio propuesto de Moderna es m\u00e1s alto que el divulgado por Pfizer Inc y su socio alem\u00e1n BioNTech en un acuerdo con el gobierno de Estados Unidos, que es de 39 d\u00f3lares por tratamiento o 19.50 d\u00f3lares por dosis. Por el contrario, la Universidad de Oxford y AstraZeneca se comprometieron a vender inicialmente sus vacunas sin obtener ganancias. De tal manera que el director general de AstraZenca asegur\u00f3 a RTL que el precio de la vacuna ser\u00eda de 2.5 euros; es decir, alrededor de 65 pesos. Asimismo, Soriot se\u00f1al\u00f3 que el objetivo es suministrar la vacuna a todo el mundo y sin beneficio monetario alguno, ofreci\u00e9ndola al costo de producci\u00f3n. Johnson &amp; Johnson, financiado por la llamada operaci\u00f3n \u00abWarp Speed\u00bb de la Casa Blanca (456 millones de d\u00f3lares), dijo por su parte que el precio de m\u00e1s de mil millones de dosis no les dejar\u00eda ganancias durante la fase de emergencia de la pandemia. Con informaci\u00f3n de Reuters Publicaci\u00f3n Original: https:\/\/www.elsoldepuebla.com.mx\/doble-via\/salud\/cual-sera-el-precio-de-la-vacuna-contra-covid-19-y-cuando-estara-lista-coronavirus-epidemia-pandemia-covid-19-mexico-moderna-pfizer-astrazeneca-5560926.html<\/p>\n","protected":false},"author":1,"featured_media":15927,"comment_status":"closed","ping_status":"closed","sticky":false,"template":"","format":"standard","meta":{"_monsterinsights_skip_tracking":false,"_uf_show_specific_survey":0,"_uf_disable_surveys":false,"footnotes":""},"categories":[34],"tags":[],"class_list":["post-15923","post","type-post","status-publish","format-standard","has-post-thumbnail","hentry","category-puebla"],"yoast_head":"<!-- This site is optimized with the Yoast SEO plugin v27.5 - https:\/\/yoast.com\/product\/yoast-seo-wordpress\/ -->\n<title>\u00bfCu\u00e1l ser\u00e1 el precio de la vacuna contra el Covid-19 y cu\u00e1ndo estar\u00e1 lista? - Fer Abrajan<\/title>\n<meta name=\"robots\" content=\"index, follow, max-snippet:-1, max-image-preview:large, max-video-preview:-1\" \/>\n<link rel=\"canonical\" href=\"https:\/\/ferabrajan.com\/portal\/2020\/07\/30\/cual-sera-el-precio-de-la-vacuna-contra-el-covid-19-y-cuando-estara-lista\/\" \/>\n<meta property=\"og:locale\" content=\"es_ES\" \/>\n<meta property=\"og:type\" content=\"article\" \/>\n<meta property=\"og:title\" content=\"\u00bfCu\u00e1l ser\u00e1 el precio de la vacuna contra el Covid-19 y cu\u00e1ndo estar\u00e1 lista? - Fer Abrajan\" \/>\n<meta property=\"og:description\" content=\"Las pruebas finales sobre la nueva vacuna contra el Covid-19 ya han comenzado, lo que ha dado oportunidad de hablar finalmente de su producci\u00f3n y por supuesto, su venta y distribuci\u00f3n. Luego de m\u00e1s de siete meses en los que el mundo se ha visto sumergido en una pandemia que ha dejado a su paso m\u00e1s de 660 mil muertes, los proyectos de vacunas parecen ser un rayo de esperanza, pero \u00bfcu\u00e1ndo comenzar\u00e1 a distribuirse, qu\u00e9 laboratorios la tendr\u00e1n primero y cu\u00e1l ser\u00e1 su costo? Esas y m\u00e1s preguntas resolvemos a continuaci\u00f3n. \u00bfCu\u00e1les son los proyectos de vacunas contra el Covid-19 m\u00e1s avanzados en el mundo? En el \u00faltimo informe de la OMS, emitido el 24 de julio, la organizaci\u00f3n enumera 25 candidatos a vacuna, los cuales son evaluados a trav\u00e9s de pruebas cl\u00ednicas; no obstante, la mayor\u00eda de las pruebas se encuentran en la fase 1 y 2, y tan solo cuatro candidatos han logrados llegar a la etapa final. El primero de los proyectos es el dirigido por Moderna, que comenz\u00f3 este 27 de junio la fase tres, en donde se aplicar\u00e1 la vacuna a 30 mil voluntarios. A mediados de julio dos proyectos m\u00e1s avanzaron a la fase 3, se trata del laboratorio Sinopharm, quien realiz\u00f3 sus pruebas en Emiratos \u00c1rabes Unidos a 15 mil voluntarios, y Sinovac, que ensay\u00f3 con nueve mil profesionales sanitarios en Brasil. Ambos proyectos provienen de China. Finalmente, el cuatro proyecto en la \u00faltima fase es el comandado por la universidad de Oxford en cooperaci\u00f3n con la empresa AstraZeneca, que est\u00e1 siendo probado en Reino Unido, Brasil y Sud\u00e1frica. \u00bfCu\u00e1ndo estar\u00e1 lista la vacuna? La Organizaci\u00f3n Mundial de la Salud (OMS) ha indicado que pese a los \u201cbuenos progresos\u201d en el desarrollo de una vacuna contra el Covid-19, las primeras inmunizaciones no se esperan hasta inicios del 2021. Sin embargo, hasta ahora ninguna de las vacunas que se encuentran en fase 3 ha fallado en t\u00e9rminos de seguridad o de su capacidad para generar una respuesta inmune. \u00bfQu\u00e9 pa\u00edses tendr\u00e1n acceso a la vacuna? Aunque la OMS asegura que se est\u00e1 trabajando para garantizar una distribuci\u00f3n justa de las vacunas, debido a que estas \u201cno est\u00e1n dirigidas a los m\u00e1s ricos, ni a los pobres\u201d, seg\u00fan Mike Ryan, jefe del programa de emergencias de la organizaci\u00f3n, el gobierno de Estados Unidos (EU) pagar\u00e1 mil 950 millones de d\u00f3lares por 100 millones de dosis de la vacuna que est\u00e1 siendo desarrollada por Pzifer Inc y la firma alemana BioNTech, en caso de resultar segura. Por otra parte, Moderna dijo que la compa\u00f1\u00eda estaba en conversaciones con los gobiernos sobre el suministro potencial de la vacuna ARNm-1273, pero no ha ofrecido mayores detalles. Mientras tanto, la OMS ha dicho que en tanto no se cuente con una vacuna es primordial suprimir la propagaci\u00f3n del virus. \u00bfQu\u00e9 precio tendr\u00e1? El debate entre cu\u00e1l ser\u00e1 el precio en el que la vacuna salga al mercado ha causado una gran polarizaci\u00f3n. Por ahora los \u00fanicos proyectos que han hablado al respecto son los conducidos por Pfizer, Moderna, Johnson &amp; Johnson y AstraZeneca. Los primeros, Pfizer y Moderna, detallaron el pasado 21 de julio que en caso de lograr la vacuna contra el nuevo coronavirus, no la vender\u00e1n a precio de costo. D\u00edas despu\u00e9s, Moderna Inc inform\u00f3 que el precio de la vacuna que desarrolla contra el coronavirus ser\u00e1 de 50 a 60 d\u00f3lares por tratamiento o bien, 25 a 30 d\u00f3lares por dosis. El precio propuesto de Moderna es m\u00e1s alto que el divulgado por Pfizer Inc y su socio alem\u00e1n BioNTech en un acuerdo con el gobierno de Estados Unidos, que es de 39 d\u00f3lares por tratamiento o 19.50 d\u00f3lares por dosis. Por el contrario, la Universidad de Oxford y AstraZeneca se comprometieron a vender inicialmente sus vacunas sin obtener ganancias. De tal manera que el director general de AstraZenca asegur\u00f3 a RTL que el precio de la vacuna ser\u00eda de 2.5 euros; es decir, alrededor de 65 pesos. Asimismo, Soriot se\u00f1al\u00f3 que el objetivo es suministrar la vacuna a todo el mundo y sin beneficio monetario alguno, ofreci\u00e9ndola al costo de producci\u00f3n. Johnson &amp; Johnson, financiado por la llamada operaci\u00f3n \u00abWarp Speed\u00bb de la Casa Blanca (456 millones de d\u00f3lares), dijo por su parte que el precio de m\u00e1s de mil millones de dosis no les dejar\u00eda ganancias durante la fase de emergencia de la pandemia. Con informaci\u00f3n de Reuters Publicaci\u00f3n Original: https:\/\/www.elsoldepuebla.com.mx\/doble-via\/salud\/cual-sera-el-precio-de-la-vacuna-contra-covid-19-y-cuando-estara-lista-coronavirus-epidemia-pandemia-covid-19-mexico-moderna-pfizer-astrazeneca-5560926.html\" \/>\n<meta property=\"og:url\" content=\"https:\/\/ferabrajan.com\/portal\/2020\/07\/30\/cual-sera-el-precio-de-la-vacuna-contra-el-covid-19-y-cuando-estara-lista\/\" \/>\n<meta property=\"og:site_name\" content=\"Fer Abrajan\" \/>\n<meta property=\"article:publisher\" content=\"https:\/\/www.facebook.com\/NoticiasconFerAbrajan\/\" \/>\n<meta property=\"article:published_time\" content=\"2020-07-30T18:44:44+00:00\" \/>\n<meta name=\"author\" content=\"admin\" \/>\n<meta name=\"twitter:card\" content=\"summary_large_image\" \/>\n<meta name=\"twitter:creator\" content=\"@ferabrajan1\" \/>\n<meta name=\"twitter:site\" content=\"@ferabrajan1\" \/>\n<meta name=\"twitter:label1\" content=\"Escrito por\" \/>\n\t<meta name=\"twitter:data1\" content=\"admin\" \/>\n\t<meta name=\"twitter:label2\" content=\"Tiempo de lectura\" \/>\n\t<meta name=\"twitter:data2\" content=\"4 minutos\" \/>\n<script type=\"application\/ld+json\" class=\"yoast-schema-graph\">{\"@context\":\"https:\\\/\\\/schema.org\",\"@graph\":[{\"@type\":\"Article\",\"@id\":\"https:\\\/\\\/ferabrajan.com\\\/portal\\\/2020\\\/07\\\/30\\\/cual-sera-el-precio-de-la-vacuna-contra-el-covid-19-y-cuando-estara-lista\\\/#article\",\"isPartOf\":{\"@id\":\"https:\\\/\\\/ferabrajan.com\\\/portal\\\/2020\\\/07\\\/30\\\/cual-sera-el-precio-de-la-vacuna-contra-el-covid-19-y-cuando-estara-lista\\\/\"},\"author\":{\"name\":\"admin\",\"@id\":\"https:\\\/\\\/ferabrajan.com\\\/portal\\\/#\\\/schema\\\/person\\\/f6113b3cb1e036d5c6a9505685b257ba\"},\"headline\":\"\u00bfCu\u00e1l ser\u00e1 el precio de la vacuna contra el Covid-19 y cu\u00e1ndo estar\u00e1 lista?\",\"datePublished\":\"2020-07-30T18:44:44+00:00\",\"mainEntityOfPage\":{\"@id\":\"https:\\\/\\\/ferabrajan.com\\\/portal\\\/2020\\\/07\\\/30\\\/cual-sera-el-precio-de-la-vacuna-contra-el-covid-19-y-cuando-estara-lista\\\/\"},\"wordCount\":793,\"publisher\":{\"@id\":\"https:\\\/\\\/ferabrajan.com\\\/portal\\\/#organization\"},\"image\":{\"@id\":\"https:\\\/\\\/ferabrajan.com\\\/portal\\\/2020\\\/07\\\/30\\\/cual-sera-el-precio-de-la-vacuna-contra-el-covid-19-y-cuando-estara-lista\\\/#primaryimage\"},\"thumbnailUrl\":\"\",\"articleSection\":[\"Puebla\"],\"inLanguage\":\"es\"},{\"@type\":\"WebPage\",\"@id\":\"https:\\\/\\\/ferabrajan.com\\\/portal\\\/2020\\\/07\\\/30\\\/cual-sera-el-precio-de-la-vacuna-contra-el-covid-19-y-cuando-estara-lista\\\/\",\"url\":\"https:\\\/\\\/ferabrajan.com\\\/portal\\\/2020\\\/07\\\/30\\\/cual-sera-el-precio-de-la-vacuna-contra-el-covid-19-y-cuando-estara-lista\\\/\",\"name\":\"\u00bfCu\u00e1l ser\u00e1 el precio de la vacuna contra el Covid-19 y cu\u00e1ndo estar\u00e1 lista? - Fer Abrajan\",\"isPartOf\":{\"@id\":\"https:\\\/\\\/ferabrajan.com\\\/portal\\\/#website\"},\"primaryImageOfPage\":{\"@id\":\"https:\\\/\\\/ferabrajan.com\\\/portal\\\/2020\\\/07\\\/30\\\/cual-sera-el-precio-de-la-vacuna-contra-el-covid-19-y-cuando-estara-lista\\\/#primaryimage\"},\"image\":{\"@id\":\"https:\\\/\\\/ferabrajan.com\\\/portal\\\/2020\\\/07\\\/30\\\/cual-sera-el-precio-de-la-vacuna-contra-el-covid-19-y-cuando-estara-lista\\\/#primaryimage\"},\"thumbnailUrl\":\"\",\"datePublished\":\"2020-07-30T18:44:44+00:00\",\"breadcrumb\":{\"@id\":\"https:\\\/\\\/ferabrajan.com\\\/portal\\\/2020\\\/07\\\/30\\\/cual-sera-el-precio-de-la-vacuna-contra-el-covid-19-y-cuando-estara-lista\\\/#breadcrumb\"},\"inLanguage\":\"es\",\"potentialAction\":[{\"@type\":\"ReadAction\",\"target\":[\"https:\\\/\\\/ferabrajan.com\\\/portal\\\/2020\\\/07\\\/30\\\/cual-sera-el-precio-de-la-vacuna-contra-el-covid-19-y-cuando-estara-lista\\\/\"]}]},{\"@type\":\"ImageObject\",\"inLanguage\":\"es\",\"@id\":\"https:\\\/\\\/ferabrajan.com\\\/portal\\\/2020\\\/07\\\/30\\\/cual-sera-el-precio-de-la-vacuna-contra-el-covid-19-y-cuando-estara-lista\\\/#primaryimage\",\"url\":\"\",\"contentUrl\":\"\"},{\"@type\":\"BreadcrumbList\",\"@id\":\"https:\\\/\\\/ferabrajan.com\\\/portal\\\/2020\\\/07\\\/30\\\/cual-sera-el-precio-de-la-vacuna-contra-el-covid-19-y-cuando-estara-lista\\\/#breadcrumb\",\"itemListElement\":[{\"@type\":\"ListItem\",\"position\":1,\"name\":\"Portada\",\"item\":\"https:\\\/\\\/ferabrajan.com\\\/portal\\\/\"},{\"@type\":\"ListItem\",\"position\":2,\"name\":\"\u00bfCu\u00e1l ser\u00e1 el precio de la vacuna contra el Covid-19 y cu\u00e1ndo estar\u00e1 lista?\"}]},{\"@type\":\"WebSite\",\"@id\":\"https:\\\/\\\/ferabrajan.com\\\/portal\\\/#website\",\"url\":\"https:\\\/\\\/ferabrajan.com\\\/portal\\\/\",\"name\":\"Fer Abrajan\",\"description\":\"Noticias de Puebla, opini\u00f3n y radio en vivo\",\"publisher\":{\"@id\":\"https:\\\/\\\/ferabrajan.com\\\/portal\\\/#organization\"},\"potentialAction\":[{\"@type\":\"SearchAction\",\"target\":{\"@type\":\"EntryPoint\",\"urlTemplate\":\"https:\\\/\\\/ferabrajan.com\\\/portal\\\/?s={search_term_string}\"},\"query-input\":{\"@type\":\"PropertyValueSpecification\",\"valueRequired\":true,\"valueName\":\"search_term_string\"}}],\"inLanguage\":\"es\"},{\"@type\":\"Organization\",\"@id\":\"https:\\\/\\\/ferabrajan.com\\\/portal\\\/#organization\",\"name\":\"Fer Abrajan\",\"url\":\"https:\\\/\\\/ferabrajan.com\\\/portal\\\/\",\"logo\":{\"@type\":\"ImageObject\",\"inLanguage\":\"es\",\"@id\":\"https:\\\/\\\/ferabrajan.com\\\/portal\\\/#\\\/schema\\\/logo\\\/image\\\/\",\"url\":\"https:\\\/\\\/ferabrajan.com\\\/portal\\\/wp-content\\\/uploads\\\/2024\\\/10\\\/cropped-logo.jpeg\",\"contentUrl\":\"https:\\\/\\\/ferabrajan.com\\\/portal\\\/wp-content\\\/uploads\\\/2024\\\/10\\\/cropped-logo.jpeg\",\"width\":500,\"height\":250,\"caption\":\"Fer Abrajan\"},\"image\":{\"@id\":\"https:\\\/\\\/ferabrajan.com\\\/portal\\\/#\\\/schema\\\/logo\\\/image\\\/\"},\"sameAs\":[\"https:\\\/\\\/www.facebook.com\\\/NoticiasconFerAbrajan\\\/\",\"https:\\\/\\\/x.com\\\/ferabrajan1\"]},{\"@type\":\"Person\",\"@id\":\"https:\\\/\\\/ferabrajan.com\\\/portal\\\/#\\\/schema\\\/person\\\/f6113b3cb1e036d5c6a9505685b257ba\",\"name\":\"admin\",\"image\":{\"@type\":\"ImageObject\",\"inLanguage\":\"es\",\"@id\":\"https:\\\/\\\/secure.gravatar.com\\\/avatar\\\/072baa72775aad53c748dfc5d3048578e01b6c087eef335459ebfa04344e2d18?s=96&d=mm&r=g\",\"url\":\"https:\\\/\\\/secure.gravatar.com\\\/avatar\\\/072baa72775aad53c748dfc5d3048578e01b6c087eef335459ebfa04344e2d18?s=96&d=mm&r=g\",\"contentUrl\":\"https:\\\/\\\/secure.gravatar.com\\\/avatar\\\/072baa72775aad53c748dfc5d3048578e01b6c087eef335459ebfa04344e2d18?s=96&d=mm&r=g\",\"caption\":\"admin\"},\"sameAs\":[\"https:\\\/\\\/ferabrajan.com\\\/portal\"],\"url\":\"https:\\\/\\\/ferabrajan.com\\\/portal\\\/author\\\/admin\\\/\"}]}<\/script>\n<!-- \/ Yoast SEO plugin. -->","yoast_head_json":{"title":"\u00bfCu\u00e1l ser\u00e1 el precio de la vacuna contra el Covid-19 y cu\u00e1ndo estar\u00e1 lista? - Fer Abrajan","robots":{"index":"index","follow":"follow","max-snippet":"max-snippet:-1","max-image-preview":"max-image-preview:large","max-video-preview":"max-video-preview:-1"},"canonical":"https:\/\/ferabrajan.com\/portal\/2020\/07\/30\/cual-sera-el-precio-de-la-vacuna-contra-el-covid-19-y-cuando-estara-lista\/","og_locale":"es_ES","og_type":"article","og_title":"\u00bfCu\u00e1l ser\u00e1 el precio de la vacuna contra el Covid-19 y cu\u00e1ndo estar\u00e1 lista? - Fer Abrajan","og_description":"Las pruebas finales sobre la nueva vacuna contra el Covid-19 ya han comenzado, lo que ha dado oportunidad de hablar finalmente de su producci\u00f3n y por supuesto, su venta y distribuci\u00f3n. Luego de m\u00e1s de siete meses en los que el mundo se ha visto sumergido en una pandemia que ha dejado a su paso m\u00e1s de 660 mil muertes, los proyectos de vacunas parecen ser un rayo de esperanza, pero \u00bfcu\u00e1ndo comenzar\u00e1 a distribuirse, qu\u00e9 laboratorios la tendr\u00e1n primero y cu\u00e1l ser\u00e1 su costo? Esas y m\u00e1s preguntas resolvemos a continuaci\u00f3n. \u00bfCu\u00e1les son los proyectos de vacunas contra el Covid-19 m\u00e1s avanzados en el mundo? En el \u00faltimo informe de la OMS, emitido el 24 de julio, la organizaci\u00f3n enumera 25 candidatos a vacuna, los cuales son evaluados a trav\u00e9s de pruebas cl\u00ednicas; no obstante, la mayor\u00eda de las pruebas se encuentran en la fase 1 y 2, y tan solo cuatro candidatos han logrados llegar a la etapa final. El primero de los proyectos es el dirigido por Moderna, que comenz\u00f3 este 27 de junio la fase tres, en donde se aplicar\u00e1 la vacuna a 30 mil voluntarios. A mediados de julio dos proyectos m\u00e1s avanzaron a la fase 3, se trata del laboratorio Sinopharm, quien realiz\u00f3 sus pruebas en Emiratos \u00c1rabes Unidos a 15 mil voluntarios, y Sinovac, que ensay\u00f3 con nueve mil profesionales sanitarios en Brasil. Ambos proyectos provienen de China. Finalmente, el cuatro proyecto en la \u00faltima fase es el comandado por la universidad de Oxford en cooperaci\u00f3n con la empresa AstraZeneca, que est\u00e1 siendo probado en Reino Unido, Brasil y Sud\u00e1frica. \u00bfCu\u00e1ndo estar\u00e1 lista la vacuna? La Organizaci\u00f3n Mundial de la Salud (OMS) ha indicado que pese a los \u201cbuenos progresos\u201d en el desarrollo de una vacuna contra el Covid-19, las primeras inmunizaciones no se esperan hasta inicios del 2021. Sin embargo, hasta ahora ninguna de las vacunas que se encuentran en fase 3 ha fallado en t\u00e9rminos de seguridad o de su capacidad para generar una respuesta inmune. \u00bfQu\u00e9 pa\u00edses tendr\u00e1n acceso a la vacuna? Aunque la OMS asegura que se est\u00e1 trabajando para garantizar una distribuci\u00f3n justa de las vacunas, debido a que estas \u201cno est\u00e1n dirigidas a los m\u00e1s ricos, ni a los pobres\u201d, seg\u00fan Mike Ryan, jefe del programa de emergencias de la organizaci\u00f3n, el gobierno de Estados Unidos (EU) pagar\u00e1 mil 950 millones de d\u00f3lares por 100 millones de dosis de la vacuna que est\u00e1 siendo desarrollada por Pzifer Inc y la firma alemana BioNTech, en caso de resultar segura. Por otra parte, Moderna dijo que la compa\u00f1\u00eda estaba en conversaciones con los gobiernos sobre el suministro potencial de la vacuna ARNm-1273, pero no ha ofrecido mayores detalles. Mientras tanto, la OMS ha dicho que en tanto no se cuente con una vacuna es primordial suprimir la propagaci\u00f3n del virus. \u00bfQu\u00e9 precio tendr\u00e1? El debate entre cu\u00e1l ser\u00e1 el precio en el que la vacuna salga al mercado ha causado una gran polarizaci\u00f3n. Por ahora los \u00fanicos proyectos que han hablado al respecto son los conducidos por Pfizer, Moderna, Johnson &amp; Johnson y AstraZeneca. Los primeros, Pfizer y Moderna, detallaron el pasado 21 de julio que en caso de lograr la vacuna contra el nuevo coronavirus, no la vender\u00e1n a precio de costo. D\u00edas despu\u00e9s, Moderna Inc inform\u00f3 que el precio de la vacuna que desarrolla contra el coronavirus ser\u00e1 de 50 a 60 d\u00f3lares por tratamiento o bien, 25 a 30 d\u00f3lares por dosis. El precio propuesto de Moderna es m\u00e1s alto que el divulgado por Pfizer Inc y su socio alem\u00e1n BioNTech en un acuerdo con el gobierno de Estados Unidos, que es de 39 d\u00f3lares por tratamiento o 19.50 d\u00f3lares por dosis. Por el contrario, la Universidad de Oxford y AstraZeneca se comprometieron a vender inicialmente sus vacunas sin obtener ganancias. De tal manera que el director general de AstraZenca asegur\u00f3 a RTL que el precio de la vacuna ser\u00eda de 2.5 euros; es decir, alrededor de 65 pesos. Asimismo, Soriot se\u00f1al\u00f3 que el objetivo es suministrar la vacuna a todo el mundo y sin beneficio monetario alguno, ofreci\u00e9ndola al costo de producci\u00f3n. Johnson &amp; Johnson, financiado por la llamada operaci\u00f3n \u00abWarp Speed\u00bb de la Casa Blanca (456 millones de d\u00f3lares), dijo por su parte que el precio de m\u00e1s de mil millones de dosis no les dejar\u00eda ganancias durante la fase de emergencia de la pandemia. Con informaci\u00f3n de Reuters Publicaci\u00f3n Original: https:\/\/www.elsoldepuebla.com.mx\/doble-via\/salud\/cual-sera-el-precio-de-la-vacuna-contra-covid-19-y-cuando-estara-lista-coronavirus-epidemia-pandemia-covid-19-mexico-moderna-pfizer-astrazeneca-5560926.html","og_url":"https:\/\/ferabrajan.com\/portal\/2020\/07\/30\/cual-sera-el-precio-de-la-vacuna-contra-el-covid-19-y-cuando-estara-lista\/","og_site_name":"Fer Abrajan","article_publisher":"https:\/\/www.facebook.com\/NoticiasconFerAbrajan\/","article_published_time":"2020-07-30T18:44:44+00:00","author":"admin","twitter_card":"summary_large_image","twitter_creator":"@ferabrajan1","twitter_site":"@ferabrajan1","twitter_misc":{"Escrito por":"admin","Tiempo de lectura":"4 minutos"},"schema":{"@context":"https:\/\/schema.org","@graph":[{"@type":"Article","@id":"https:\/\/ferabrajan.com\/portal\/2020\/07\/30\/cual-sera-el-precio-de-la-vacuna-contra-el-covid-19-y-cuando-estara-lista\/#article","isPartOf":{"@id":"https:\/\/ferabrajan.com\/portal\/2020\/07\/30\/cual-sera-el-precio-de-la-vacuna-contra-el-covid-19-y-cuando-estara-lista\/"},"author":{"name":"admin","@id":"https:\/\/ferabrajan.com\/portal\/#\/schema\/person\/f6113b3cb1e036d5c6a9505685b257ba"},"headline":"\u00bfCu\u00e1l ser\u00e1 el precio de la vacuna contra el Covid-19 y cu\u00e1ndo estar\u00e1 lista?","datePublished":"2020-07-30T18:44:44+00:00","mainEntityOfPage":{"@id":"https:\/\/ferabrajan.com\/portal\/2020\/07\/30\/cual-sera-el-precio-de-la-vacuna-contra-el-covid-19-y-cuando-estara-lista\/"},"wordCount":793,"publisher":{"@id":"https:\/\/ferabrajan.com\/portal\/#organization"},"image":{"@id":"https:\/\/ferabrajan.com\/portal\/2020\/07\/30\/cual-sera-el-precio-de-la-vacuna-contra-el-covid-19-y-cuando-estara-lista\/#primaryimage"},"thumbnailUrl":"","articleSection":["Puebla"],"inLanguage":"es"},{"@type":"WebPage","@id":"https:\/\/ferabrajan.com\/portal\/2020\/07\/30\/cual-sera-el-precio-de-la-vacuna-contra-el-covid-19-y-cuando-estara-lista\/","url":"https:\/\/ferabrajan.com\/portal\/2020\/07\/30\/cual-sera-el-precio-de-la-vacuna-contra-el-covid-19-y-cuando-estara-lista\/","name":"\u00bfCu\u00e1l ser\u00e1 el precio de la vacuna contra el Covid-19 y cu\u00e1ndo estar\u00e1 lista? - Fer Abrajan","isPartOf":{"@id":"https:\/\/ferabrajan.com\/portal\/#website"},"primaryImageOfPage":{"@id":"https:\/\/ferabrajan.com\/portal\/2020\/07\/30\/cual-sera-el-precio-de-la-vacuna-contra-el-covid-19-y-cuando-estara-lista\/#primaryimage"},"image":{"@id":"https:\/\/ferabrajan.com\/portal\/2020\/07\/30\/cual-sera-el-precio-de-la-vacuna-contra-el-covid-19-y-cuando-estara-lista\/#primaryimage"},"thumbnailUrl":"","datePublished":"2020-07-30T18:44:44+00:00","breadcrumb":{"@id":"https:\/\/ferabrajan.com\/portal\/2020\/07\/30\/cual-sera-el-precio-de-la-vacuna-contra-el-covid-19-y-cuando-estara-lista\/#breadcrumb"},"inLanguage":"es","potentialAction":[{"@type":"ReadAction","target":["https:\/\/ferabrajan.com\/portal\/2020\/07\/30\/cual-sera-el-precio-de-la-vacuna-contra-el-covid-19-y-cuando-estara-lista\/"]}]},{"@type":"ImageObject","inLanguage":"es","@id":"https:\/\/ferabrajan.com\/portal\/2020\/07\/30\/cual-sera-el-precio-de-la-vacuna-contra-el-covid-19-y-cuando-estara-lista\/#primaryimage","url":"","contentUrl":""},{"@type":"BreadcrumbList","@id":"https:\/\/ferabrajan.com\/portal\/2020\/07\/30\/cual-sera-el-precio-de-la-vacuna-contra-el-covid-19-y-cuando-estara-lista\/#breadcrumb","itemListElement":[{"@type":"ListItem","position":1,"name":"Portada","item":"https:\/\/ferabrajan.com\/portal\/"},{"@type":"ListItem","position":2,"name":"\u00bfCu\u00e1l ser\u00e1 el precio de la vacuna contra el Covid-19 y cu\u00e1ndo estar\u00e1 lista?"}]},{"@type":"WebSite","@id":"https:\/\/ferabrajan.com\/portal\/#website","url":"https:\/\/ferabrajan.com\/portal\/","name":"Fer Abrajan","description":"Noticias de Puebla, opini\u00f3n y radio en vivo","publisher":{"@id":"https:\/\/ferabrajan.com\/portal\/#organization"},"potentialAction":[{"@type":"SearchAction","target":{"@type":"EntryPoint","urlTemplate":"https:\/\/ferabrajan.com\/portal\/?s={search_term_string}"},"query-input":{"@type":"PropertyValueSpecification","valueRequired":true,"valueName":"search_term_string"}}],"inLanguage":"es"},{"@type":"Organization","@id":"https:\/\/ferabrajan.com\/portal\/#organization","name":"Fer Abrajan","url":"https:\/\/ferabrajan.com\/portal\/","logo":{"@type":"ImageObject","inLanguage":"es","@id":"https:\/\/ferabrajan.com\/portal\/#\/schema\/logo\/image\/","url":"https:\/\/ferabrajan.com\/portal\/wp-content\/uploads\/2024\/10\/cropped-logo.jpeg","contentUrl":"https:\/\/ferabrajan.com\/portal\/wp-content\/uploads\/2024\/10\/cropped-logo.jpeg","width":500,"height":250,"caption":"Fer Abrajan"},"image":{"@id":"https:\/\/ferabrajan.com\/portal\/#\/schema\/logo\/image\/"},"sameAs":["https:\/\/www.facebook.com\/NoticiasconFerAbrajan\/","https:\/\/x.com\/ferabrajan1"]},{"@type":"Person","@id":"https:\/\/ferabrajan.com\/portal\/#\/schema\/person\/f6113b3cb1e036d5c6a9505685b257ba","name":"admin","image":{"@type":"ImageObject","inLanguage":"es","@id":"https:\/\/secure.gravatar.com\/avatar\/072baa72775aad53c748dfc5d3048578e01b6c087eef335459ebfa04344e2d18?s=96&d=mm&r=g","url":"https:\/\/secure.gravatar.com\/avatar\/072baa72775aad53c748dfc5d3048578e01b6c087eef335459ebfa04344e2d18?s=96&d=mm&r=g","contentUrl":"https:\/\/secure.gravatar.com\/avatar\/072baa72775aad53c748dfc5d3048578e01b6c087eef335459ebfa04344e2d18?s=96&d=mm&r=g","caption":"admin"},"sameAs":["https:\/\/ferabrajan.com\/portal"],"url":"https:\/\/ferabrajan.com\/portal\/author\/admin\/"}]}},"_links":{"self":[{"href":"https:\/\/ferabrajan.com\/portal\/wp-json\/wp\/v2\/posts\/15923","targetHints":{"allow":["GET"]}}],"collection":[{"href":"https:\/\/ferabrajan.com\/portal\/wp-json\/wp\/v2\/posts"}],"about":[{"href":"https:\/\/ferabrajan.com\/portal\/wp-json\/wp\/v2\/types\/post"}],"author":[{"embeddable":true,"href":"https:\/\/ferabrajan.com\/portal\/wp-json\/wp\/v2\/users\/1"}],"replies":[{"embeddable":true,"href":"https:\/\/ferabrajan.com\/portal\/wp-json\/wp\/v2\/comments?post=15923"}],"version-history":[{"count":0,"href":"https:\/\/ferabrajan.com\/portal\/wp-json\/wp\/v2\/posts\/15923\/revisions"}],"wp:attachment":[{"href":"https:\/\/ferabrajan.com\/portal\/wp-json\/wp\/v2\/media?parent=15923"}],"wp:term":[{"taxonomy":"category","embeddable":true,"href":"https:\/\/ferabrajan.com\/portal\/wp-json\/wp\/v2\/categories?post=15923"},{"taxonomy":"post_tag","embeddable":true,"href":"https:\/\/ferabrajan.com\/portal\/wp-json\/wp\/v2\/tags?post=15923"}],"curies":[{"name":"wp","href":"https:\/\/api.w.org\/{rel}","templated":true}]}}