{"id":15918,"date":"2020-07-30T18:45:57","date_gmt":"2020-07-30T18:45:57","guid":{"rendered":"https:\/\/www.elsoldepuebla.com.mx\/local\/estado\/asi-fue-el-primer-derrame-de-combustible-en-el-rio-atoyac-puebla-san-martin-texmelucan-san-matias-tlalancaleca-5560801.html"},"modified":"2020-07-30T18:45:57","modified_gmt":"2020-07-30T18:45:57","slug":"asi-fue-el-primer-derrame-de-combustible-en-el-rio-atoyac","status":"publish","type":"post","link":"https:\/\/ferabrajan.com\/portal\/2020\/07\/30\/asi-fue-el-primer-derrame-de-combustible-en-el-rio-atoyac\/","title":{"rendered":"As\u00ed fue el primer derrame de combustible en el R\u00edo Atoyac"},"content":{"rendered":"<div><img decoding=\"async\" src=\"https:\/\/www.elsoldepuebla.com.mx\/local\/estado\/6v739s-incendio-texmelucan.jpg\/ALTERNATES\/LANDSCAPE_1140\/incendio%20%20texmelucan.jpg\" class=\"ff-og-image-inserted\"><\/div>\n<p>La evacuaci\u00f3n de 12 mil personas de 3 comunidades de la ciudad de San Mart\u00edn Texmelucan, m\u00e1s de 100 v\u00edctimas intoxicadas, da\u00f1os materiales incuantificables, la movilizaci\u00f3n de los cuerpos policiacos y de la Cruz Roja, as\u00ed como de bomberos de Petr\u00f3leos Mexicanos (Pemex), gener\u00f3 el primer derrame de combustible en el R\u00edo Atoyac, hace 45 a\u00f1os.<\/p>\n<p>El cronista municipal de Texmelucan, Jes\u00fas Contreras Hern\u00e1ndez, record\u00f3 que fue un 29 de Julio de 1975 cuando se produjo la deflagraci\u00f3n en el R\u00edo Atoyac, desde la zona oriente hasta el norte de la demarcaci\u00f3n, donde las llamas del fuego alcanzaban hasta 12 metros de altura y las intensas nubes negras obscurecieron la ciudad, hecho que provoc\u00f3 p\u00e1nico entre los habitantes a las orillas del caudal.<\/p>\n<p>Agreg\u00f3 que fue a las 4 de la ma\u00f1ana en la comunidad de San Antonio Chautla de Arenas en el municipio de San Mat\u00edas Tlalancaleca, que a decir de los vecinos una fuerte explosi\u00f3n y el olor a combustible los oblig\u00f3 a abandonar sus hogares para refugiarse en el cerro m\u00e1s cercano, ante el temor de una cat\u00e1strofe, sin embargo, el derrame que se registr\u00f3 en esa zona g\u00e9nero que el hidrocarburo se vertiera en el afluente que recorri\u00f3 12 kil\u00f3metros hasta llegar a San Mart\u00edn Texmelucan.<\/p>\n<article class=\"policiaca media col-md-4 inline-story\"> <\/article>\n<p>Asimismo, gener\u00f3 temor entre comerciantes y compradores que ya se encontraban en su actividad respectiva, por ser d\u00eda de tianguis, mismo que aquel d\u00eda se realizaba en calles c\u00e9ntricas de San Mart\u00edn, a escasos metros del afluente, por tal motivo los veh\u00edculos que eran utilizados para el transporte de la fruta, verdura y ropa, fueron utilizados en ese momento para evacuar a las personas de la zona de desastre.<\/p>\n<p>De acuerdo con datos publicados por el Sol de Puebla, la fuga e incendio de m\u00e1s de mil metros c\u00fabicos de gas y gasolina de los ductos de PEMEX, se extendi\u00f3 durante 5 horas a lo largo de 12 kil\u00f3metros que mide el Rio Atoyac; tambi\u00e9n dej\u00f3 como saldo la intoxicaci\u00f3n de m\u00e1s de 100 personas, animales muertos y la evacuaci\u00f3n de 3 comunidades.<\/p>\n<article class=\"doble-via_salud media col-md-4 inline-story\"> <\/article>\n<article class=\"policiaca media col-md-4 inline-story\"> <\/article>\n<p> Publicaci\u00f3n Original: <a href=\"https:\/\/www.elsoldepuebla.com.mx\/local\/estado\/asi-fue-el-primer-derrame-de-combustible-en-el-rio-atoyac-puebla-san-martin-texmelucan-san-matias-tlalancaleca-5560801.html\" target=\"_blank\" rel=\"noopener noreferrer\">https:\/\/www.elsoldepuebla.com.mx\/local\/estado\/asi-fue-el-primer-derrame-de-combustible-en-el-rio-atoyac-puebla-san-martin-texmelucan-san-matias-tlalancaleca-5560801.html<\/a><\/p>\n","protected":false},"excerpt":{"rendered":"<p>La evacuaci\u00f3n de 12 mil personas de 3 comunidades de la ciudad de San Mart\u00edn Texmelucan, m\u00e1s de 100 v\u00edctimas intoxicadas, da\u00f1os materiales incuantificables, la movilizaci\u00f3n de los cuerpos policiacos y de la Cruz Roja, as\u00ed como de bomberos de Petr\u00f3leos Mexicanos (Pemex), gener\u00f3 el primer derrame de combustible en el R\u00edo Atoyac, hace 45 a\u00f1os. El cronista municipal de Texmelucan, Jes\u00fas Contreras Hern\u00e1ndez, record\u00f3 que fue un 29 de Julio de 1975 cuando se produjo la deflagraci\u00f3n en el R\u00edo Atoyac, desde la zona oriente hasta el norte de la demarcaci\u00f3n, donde las llamas del fuego alcanzaban hasta 12 metros de altura y las intensas nubes negras obscurecieron la ciudad, hecho que provoc\u00f3 p\u00e1nico entre los habitantes a las orillas del caudal. Agreg\u00f3 que fue a las 4 de la ma\u00f1ana en la comunidad de San Antonio Chautla de Arenas en el municipio de San Mat\u00edas Tlalancaleca, que a decir de los vecinos una fuerte explosi\u00f3n y el olor a combustible los oblig\u00f3 a abandonar sus hogares para refugiarse en el cerro m\u00e1s cercano, ante el temor de una cat\u00e1strofe, sin embargo, el derrame que se registr\u00f3 en esa zona g\u00e9nero que el hidrocarburo se vertiera en el afluente que recorri\u00f3 12 kil\u00f3metros hasta llegar a San Mart\u00edn Texmelucan. Asimismo, gener\u00f3 temor entre comerciantes y compradores que ya se encontraban en su actividad respectiva, por ser d\u00eda de tianguis, mismo que aquel d\u00eda se realizaba en calles c\u00e9ntricas de San Mart\u00edn, a escasos metros del afluente, por tal motivo los veh\u00edculos que eran utilizados para el transporte de la fruta, verdura y ropa, fueron utilizados en ese momento para evacuar a las personas de la zona de desastre. De acuerdo con datos publicados por el Sol de Puebla, la fuga e incendio de m\u00e1s de mil metros c\u00fabicos de gas y gasolina de los ductos de PEMEX, se extendi\u00f3 durante 5 horas a lo largo de 12 kil\u00f3metros que mide el Rio Atoyac; tambi\u00e9n dej\u00f3 como saldo la intoxicaci\u00f3n de m\u00e1s de 100 personas, animales muertos y la evacuaci\u00f3n de 3 comunidades. Publicaci\u00f3n Original: https:\/\/www.elsoldepuebla.com.mx\/local\/estado\/asi-fue-el-primer-derrame-de-combustible-en-el-rio-atoyac-puebla-san-martin-texmelucan-san-matias-tlalancaleca-5560801.html<\/p>\n","protected":false},"author":1,"featured_media":15922,"comment_status":"closed","ping_status":"closed","sticky":false,"template":"","format":"standard","meta":{"_monsterinsights_skip_tracking":false,"_uf_show_specific_survey":0,"_uf_disable_surveys":false,"footnotes":""},"categories":[34],"tags":[],"class_list":["post-15918","post","type-post","status-publish","format-standard","has-post-thumbnail","hentry","category-puebla"],"yoast_head":"<!-- This site is optimized with the Yoast SEO plugin v27.5 - https:\/\/yoast.com\/product\/yoast-seo-wordpress\/ -->\n<title>As\u00ed fue el primer derrame de combustible en el R\u00edo Atoyac - Fer Abrajan<\/title>\n<meta name=\"robots\" content=\"index, follow, max-snippet:-1, max-image-preview:large, max-video-preview:-1\" \/>\n<link rel=\"canonical\" href=\"https:\/\/ferabrajan.com\/portal\/2020\/07\/30\/asi-fue-el-primer-derrame-de-combustible-en-el-rio-atoyac\/\" \/>\n<meta property=\"og:locale\" content=\"es_ES\" \/>\n<meta property=\"og:type\" content=\"article\" \/>\n<meta property=\"og:title\" content=\"As\u00ed fue el primer derrame de combustible en el R\u00edo Atoyac - Fer Abrajan\" \/>\n<meta property=\"og:description\" content=\"La evacuaci\u00f3n de 12 mil personas de 3 comunidades de la ciudad de San Mart\u00edn Texmelucan, m\u00e1s de 100 v\u00edctimas intoxicadas, da\u00f1os materiales incuantificables, la movilizaci\u00f3n de los cuerpos policiacos y de la Cruz Roja, as\u00ed como de bomberos de Petr\u00f3leos Mexicanos (Pemex), gener\u00f3 el primer derrame de combustible en el R\u00edo Atoyac, hace 45 a\u00f1os. El cronista municipal de Texmelucan, Jes\u00fas Contreras Hern\u00e1ndez, record\u00f3 que fue un 29 de Julio de 1975 cuando se produjo la deflagraci\u00f3n en el R\u00edo Atoyac, desde la zona oriente hasta el norte de la demarcaci\u00f3n, donde las llamas del fuego alcanzaban hasta 12 metros de altura y las intensas nubes negras obscurecieron la ciudad, hecho que provoc\u00f3 p\u00e1nico entre los habitantes a las orillas del caudal. Agreg\u00f3 que fue a las 4 de la ma\u00f1ana en la comunidad de San Antonio Chautla de Arenas en el municipio de San Mat\u00edas Tlalancaleca, que a decir de los vecinos una fuerte explosi\u00f3n y el olor a combustible los oblig\u00f3 a abandonar sus hogares para refugiarse en el cerro m\u00e1s cercano, ante el temor de una cat\u00e1strofe, sin embargo, el derrame que se registr\u00f3 en esa zona g\u00e9nero que el hidrocarburo se vertiera en el afluente que recorri\u00f3 12 kil\u00f3metros hasta llegar a San Mart\u00edn Texmelucan. Asimismo, gener\u00f3 temor entre comerciantes y compradores que ya se encontraban en su actividad respectiva, por ser d\u00eda de tianguis, mismo que aquel d\u00eda se realizaba en calles c\u00e9ntricas de San Mart\u00edn, a escasos metros del afluente, por tal motivo los veh\u00edculos que eran utilizados para el transporte de la fruta, verdura y ropa, fueron utilizados en ese momento para evacuar a las personas de la zona de desastre. De acuerdo con datos publicados por el Sol de Puebla, la fuga e incendio de m\u00e1s de mil metros c\u00fabicos de gas y gasolina de los ductos de PEMEX, se extendi\u00f3 durante 5 horas a lo largo de 12 kil\u00f3metros que mide el Rio Atoyac; tambi\u00e9n dej\u00f3 como saldo la intoxicaci\u00f3n de m\u00e1s de 100 personas, animales muertos y la evacuaci\u00f3n de 3 comunidades. Publicaci\u00f3n Original: https:\/\/www.elsoldepuebla.com.mx\/local\/estado\/asi-fue-el-primer-derrame-de-combustible-en-el-rio-atoyac-puebla-san-martin-texmelucan-san-matias-tlalancaleca-5560801.html\" \/>\n<meta property=\"og:url\" content=\"https:\/\/ferabrajan.com\/portal\/2020\/07\/30\/asi-fue-el-primer-derrame-de-combustible-en-el-rio-atoyac\/\" \/>\n<meta property=\"og:site_name\" content=\"Fer Abrajan\" \/>\n<meta property=\"article:publisher\" content=\"https:\/\/www.facebook.com\/NoticiasconFerAbrajan\/\" \/>\n<meta property=\"article:published_time\" content=\"2020-07-30T18:45:57+00:00\" \/>\n<meta name=\"author\" content=\"admin\" \/>\n<meta name=\"twitter:card\" content=\"summary_large_image\" \/>\n<meta name=\"twitter:creator\" content=\"@ferabrajan1\" \/>\n<meta name=\"twitter:site\" content=\"@ferabrajan1\" \/>\n<meta name=\"twitter:label1\" content=\"Escrito por\" \/>\n\t<meta name=\"twitter:data1\" content=\"admin\" \/>\n\t<meta name=\"twitter:label2\" content=\"Tiempo de lectura\" \/>\n\t<meta name=\"twitter:data2\" content=\"2 minutos\" \/>\n<script type=\"application\/ld+json\" class=\"yoast-schema-graph\">{\"@context\":\"https:\\\/\\\/schema.org\",\"@graph\":[{\"@type\":\"Article\",\"@id\":\"https:\\\/\\\/ferabrajan.com\\\/portal\\\/2020\\\/07\\\/30\\\/asi-fue-el-primer-derrame-de-combustible-en-el-rio-atoyac\\\/#article\",\"isPartOf\":{\"@id\":\"https:\\\/\\\/ferabrajan.com\\\/portal\\\/2020\\\/07\\\/30\\\/asi-fue-el-primer-derrame-de-combustible-en-el-rio-atoyac\\\/\"},\"author\":{\"name\":\"admin\",\"@id\":\"https:\\\/\\\/ferabrajan.com\\\/portal\\\/#\\\/schema\\\/person\\\/f6113b3cb1e036d5c6a9505685b257ba\"},\"headline\":\"As\u00ed fue el primer derrame de combustible en el R\u00edo Atoyac\",\"datePublished\":\"2020-07-30T18:45:57+00:00\",\"mainEntityOfPage\":{\"@id\":\"https:\\\/\\\/ferabrajan.com\\\/portal\\\/2020\\\/07\\\/30\\\/asi-fue-el-primer-derrame-de-combustible-en-el-rio-atoyac\\\/\"},\"wordCount\":389,\"publisher\":{\"@id\":\"https:\\\/\\\/ferabrajan.com\\\/portal\\\/#organization\"},\"image\":{\"@id\":\"https:\\\/\\\/ferabrajan.com\\\/portal\\\/2020\\\/07\\\/30\\\/asi-fue-el-primer-derrame-de-combustible-en-el-rio-atoyac\\\/#primaryimage\"},\"thumbnailUrl\":\"\",\"articleSection\":[\"Puebla\"],\"inLanguage\":\"es\"},{\"@type\":\"WebPage\",\"@id\":\"https:\\\/\\\/ferabrajan.com\\\/portal\\\/2020\\\/07\\\/30\\\/asi-fue-el-primer-derrame-de-combustible-en-el-rio-atoyac\\\/\",\"url\":\"https:\\\/\\\/ferabrajan.com\\\/portal\\\/2020\\\/07\\\/30\\\/asi-fue-el-primer-derrame-de-combustible-en-el-rio-atoyac\\\/\",\"name\":\"As\u00ed fue el primer derrame de combustible en el R\u00edo Atoyac - Fer Abrajan\",\"isPartOf\":{\"@id\":\"https:\\\/\\\/ferabrajan.com\\\/portal\\\/#website\"},\"primaryImageOfPage\":{\"@id\":\"https:\\\/\\\/ferabrajan.com\\\/portal\\\/2020\\\/07\\\/30\\\/asi-fue-el-primer-derrame-de-combustible-en-el-rio-atoyac\\\/#primaryimage\"},\"image\":{\"@id\":\"https:\\\/\\\/ferabrajan.com\\\/portal\\\/2020\\\/07\\\/30\\\/asi-fue-el-primer-derrame-de-combustible-en-el-rio-atoyac\\\/#primaryimage\"},\"thumbnailUrl\":\"\",\"datePublished\":\"2020-07-30T18:45:57+00:00\",\"breadcrumb\":{\"@id\":\"https:\\\/\\\/ferabrajan.com\\\/portal\\\/2020\\\/07\\\/30\\\/asi-fue-el-primer-derrame-de-combustible-en-el-rio-atoyac\\\/#breadcrumb\"},\"inLanguage\":\"es\",\"potentialAction\":[{\"@type\":\"ReadAction\",\"target\":[\"https:\\\/\\\/ferabrajan.com\\\/portal\\\/2020\\\/07\\\/30\\\/asi-fue-el-primer-derrame-de-combustible-en-el-rio-atoyac\\\/\"]}]},{\"@type\":\"ImageObject\",\"inLanguage\":\"es\",\"@id\":\"https:\\\/\\\/ferabrajan.com\\\/portal\\\/2020\\\/07\\\/30\\\/asi-fue-el-primer-derrame-de-combustible-en-el-rio-atoyac\\\/#primaryimage\",\"url\":\"\",\"contentUrl\":\"\"},{\"@type\":\"BreadcrumbList\",\"@id\":\"https:\\\/\\\/ferabrajan.com\\\/portal\\\/2020\\\/07\\\/30\\\/asi-fue-el-primer-derrame-de-combustible-en-el-rio-atoyac\\\/#breadcrumb\",\"itemListElement\":[{\"@type\":\"ListItem\",\"position\":1,\"name\":\"Portada\",\"item\":\"https:\\\/\\\/ferabrajan.com\\\/portal\\\/\"},{\"@type\":\"ListItem\",\"position\":2,\"name\":\"As\u00ed fue el primer derrame de combustible en el R\u00edo Atoyac\"}]},{\"@type\":\"WebSite\",\"@id\":\"https:\\\/\\\/ferabrajan.com\\\/portal\\\/#website\",\"url\":\"https:\\\/\\\/ferabrajan.com\\\/portal\\\/\",\"name\":\"Fer Abrajan\",\"description\":\"Noticias de Puebla, opini\u00f3n y radio en vivo\",\"publisher\":{\"@id\":\"https:\\\/\\\/ferabrajan.com\\\/portal\\\/#organization\"},\"potentialAction\":[{\"@type\":\"SearchAction\",\"target\":{\"@type\":\"EntryPoint\",\"urlTemplate\":\"https:\\\/\\\/ferabrajan.com\\\/portal\\\/?s={search_term_string}\"},\"query-input\":{\"@type\":\"PropertyValueSpecification\",\"valueRequired\":true,\"valueName\":\"search_term_string\"}}],\"inLanguage\":\"es\"},{\"@type\":\"Organization\",\"@id\":\"https:\\\/\\\/ferabrajan.com\\\/portal\\\/#organization\",\"name\":\"Fer Abrajan\",\"url\":\"https:\\\/\\\/ferabrajan.com\\\/portal\\\/\",\"logo\":{\"@type\":\"ImageObject\",\"inLanguage\":\"es\",\"@id\":\"https:\\\/\\\/ferabrajan.com\\\/portal\\\/#\\\/schema\\\/logo\\\/image\\\/\",\"url\":\"https:\\\/\\\/ferabrajan.com\\\/portal\\\/wp-content\\\/uploads\\\/2024\\\/10\\\/cropped-logo.jpeg\",\"contentUrl\":\"https:\\\/\\\/ferabrajan.com\\\/portal\\\/wp-content\\\/uploads\\\/2024\\\/10\\\/cropped-logo.jpeg\",\"width\":500,\"height\":250,\"caption\":\"Fer Abrajan\"},\"image\":{\"@id\":\"https:\\\/\\\/ferabrajan.com\\\/portal\\\/#\\\/schema\\\/logo\\\/image\\\/\"},\"sameAs\":[\"https:\\\/\\\/www.facebook.com\\\/NoticiasconFerAbrajan\\\/\",\"https:\\\/\\\/x.com\\\/ferabrajan1\"]},{\"@type\":\"Person\",\"@id\":\"https:\\\/\\\/ferabrajan.com\\\/portal\\\/#\\\/schema\\\/person\\\/f6113b3cb1e036d5c6a9505685b257ba\",\"name\":\"admin\",\"image\":{\"@type\":\"ImageObject\",\"inLanguage\":\"es\",\"@id\":\"https:\\\/\\\/secure.gravatar.com\\\/avatar\\\/072baa72775aad53c748dfc5d3048578e01b6c087eef335459ebfa04344e2d18?s=96&d=mm&r=g\",\"url\":\"https:\\\/\\\/secure.gravatar.com\\\/avatar\\\/072baa72775aad53c748dfc5d3048578e01b6c087eef335459ebfa04344e2d18?s=96&d=mm&r=g\",\"contentUrl\":\"https:\\\/\\\/secure.gravatar.com\\\/avatar\\\/072baa72775aad53c748dfc5d3048578e01b6c087eef335459ebfa04344e2d18?s=96&d=mm&r=g\",\"caption\":\"admin\"},\"sameAs\":[\"https:\\\/\\\/ferabrajan.com\\\/portal\"],\"url\":\"https:\\\/\\\/ferabrajan.com\\\/portal\\\/author\\\/admin\\\/\"}]}<\/script>\n<!-- \/ Yoast SEO plugin. -->","yoast_head_json":{"title":"As\u00ed fue el primer derrame de combustible en el R\u00edo Atoyac - Fer Abrajan","robots":{"index":"index","follow":"follow","max-snippet":"max-snippet:-1","max-image-preview":"max-image-preview:large","max-video-preview":"max-video-preview:-1"},"canonical":"https:\/\/ferabrajan.com\/portal\/2020\/07\/30\/asi-fue-el-primer-derrame-de-combustible-en-el-rio-atoyac\/","og_locale":"es_ES","og_type":"article","og_title":"As\u00ed fue el primer derrame de combustible en el R\u00edo Atoyac - Fer Abrajan","og_description":"La evacuaci\u00f3n de 12 mil personas de 3 comunidades de la ciudad de San Mart\u00edn Texmelucan, m\u00e1s de 100 v\u00edctimas intoxicadas, da\u00f1os materiales incuantificables, la movilizaci\u00f3n de los cuerpos policiacos y de la Cruz Roja, as\u00ed como de bomberos de Petr\u00f3leos Mexicanos (Pemex), gener\u00f3 el primer derrame de combustible en el R\u00edo Atoyac, hace 45 a\u00f1os. El cronista municipal de Texmelucan, Jes\u00fas Contreras Hern\u00e1ndez, record\u00f3 que fue un 29 de Julio de 1975 cuando se produjo la deflagraci\u00f3n en el R\u00edo Atoyac, desde la zona oriente hasta el norte de la demarcaci\u00f3n, donde las llamas del fuego alcanzaban hasta 12 metros de altura y las intensas nubes negras obscurecieron la ciudad, hecho que provoc\u00f3 p\u00e1nico entre los habitantes a las orillas del caudal. Agreg\u00f3 que fue a las 4 de la ma\u00f1ana en la comunidad de San Antonio Chautla de Arenas en el municipio de San Mat\u00edas Tlalancaleca, que a decir de los vecinos una fuerte explosi\u00f3n y el olor a combustible los oblig\u00f3 a abandonar sus hogares para refugiarse en el cerro m\u00e1s cercano, ante el temor de una cat\u00e1strofe, sin embargo, el derrame que se registr\u00f3 en esa zona g\u00e9nero que el hidrocarburo se vertiera en el afluente que recorri\u00f3 12 kil\u00f3metros hasta llegar a San Mart\u00edn Texmelucan. Asimismo, gener\u00f3 temor entre comerciantes y compradores que ya se encontraban en su actividad respectiva, por ser d\u00eda de tianguis, mismo que aquel d\u00eda se realizaba en calles c\u00e9ntricas de San Mart\u00edn, a escasos metros del afluente, por tal motivo los veh\u00edculos que eran utilizados para el transporte de la fruta, verdura y ropa, fueron utilizados en ese momento para evacuar a las personas de la zona de desastre. De acuerdo con datos publicados por el Sol de Puebla, la fuga e incendio de m\u00e1s de mil metros c\u00fabicos de gas y gasolina de los ductos de PEMEX, se extendi\u00f3 durante 5 horas a lo largo de 12 kil\u00f3metros que mide el Rio Atoyac; tambi\u00e9n dej\u00f3 como saldo la intoxicaci\u00f3n de m\u00e1s de 100 personas, animales muertos y la evacuaci\u00f3n de 3 comunidades. Publicaci\u00f3n Original: https:\/\/www.elsoldepuebla.com.mx\/local\/estado\/asi-fue-el-primer-derrame-de-combustible-en-el-rio-atoyac-puebla-san-martin-texmelucan-san-matias-tlalancaleca-5560801.html","og_url":"https:\/\/ferabrajan.com\/portal\/2020\/07\/30\/asi-fue-el-primer-derrame-de-combustible-en-el-rio-atoyac\/","og_site_name":"Fer Abrajan","article_publisher":"https:\/\/www.facebook.com\/NoticiasconFerAbrajan\/","article_published_time":"2020-07-30T18:45:57+00:00","author":"admin","twitter_card":"summary_large_image","twitter_creator":"@ferabrajan1","twitter_site":"@ferabrajan1","twitter_misc":{"Escrito por":"admin","Tiempo de lectura":"2 minutos"},"schema":{"@context":"https:\/\/schema.org","@graph":[{"@type":"Article","@id":"https:\/\/ferabrajan.com\/portal\/2020\/07\/30\/asi-fue-el-primer-derrame-de-combustible-en-el-rio-atoyac\/#article","isPartOf":{"@id":"https:\/\/ferabrajan.com\/portal\/2020\/07\/30\/asi-fue-el-primer-derrame-de-combustible-en-el-rio-atoyac\/"},"author":{"name":"admin","@id":"https:\/\/ferabrajan.com\/portal\/#\/schema\/person\/f6113b3cb1e036d5c6a9505685b257ba"},"headline":"As\u00ed fue el primer derrame de combustible en el R\u00edo Atoyac","datePublished":"2020-07-30T18:45:57+00:00","mainEntityOfPage":{"@id":"https:\/\/ferabrajan.com\/portal\/2020\/07\/30\/asi-fue-el-primer-derrame-de-combustible-en-el-rio-atoyac\/"},"wordCount":389,"publisher":{"@id":"https:\/\/ferabrajan.com\/portal\/#organization"},"image":{"@id":"https:\/\/ferabrajan.com\/portal\/2020\/07\/30\/asi-fue-el-primer-derrame-de-combustible-en-el-rio-atoyac\/#primaryimage"},"thumbnailUrl":"","articleSection":["Puebla"],"inLanguage":"es"},{"@type":"WebPage","@id":"https:\/\/ferabrajan.com\/portal\/2020\/07\/30\/asi-fue-el-primer-derrame-de-combustible-en-el-rio-atoyac\/","url":"https:\/\/ferabrajan.com\/portal\/2020\/07\/30\/asi-fue-el-primer-derrame-de-combustible-en-el-rio-atoyac\/","name":"As\u00ed fue el primer derrame de combustible en el R\u00edo Atoyac - Fer Abrajan","isPartOf":{"@id":"https:\/\/ferabrajan.com\/portal\/#website"},"primaryImageOfPage":{"@id":"https:\/\/ferabrajan.com\/portal\/2020\/07\/30\/asi-fue-el-primer-derrame-de-combustible-en-el-rio-atoyac\/#primaryimage"},"image":{"@id":"https:\/\/ferabrajan.com\/portal\/2020\/07\/30\/asi-fue-el-primer-derrame-de-combustible-en-el-rio-atoyac\/#primaryimage"},"thumbnailUrl":"","datePublished":"2020-07-30T18:45:57+00:00","breadcrumb":{"@id":"https:\/\/ferabrajan.com\/portal\/2020\/07\/30\/asi-fue-el-primer-derrame-de-combustible-en-el-rio-atoyac\/#breadcrumb"},"inLanguage":"es","potentialAction":[{"@type":"ReadAction","target":["https:\/\/ferabrajan.com\/portal\/2020\/07\/30\/asi-fue-el-primer-derrame-de-combustible-en-el-rio-atoyac\/"]}]},{"@type":"ImageObject","inLanguage":"es","@id":"https:\/\/ferabrajan.com\/portal\/2020\/07\/30\/asi-fue-el-primer-derrame-de-combustible-en-el-rio-atoyac\/#primaryimage","url":"","contentUrl":""},{"@type":"BreadcrumbList","@id":"https:\/\/ferabrajan.com\/portal\/2020\/07\/30\/asi-fue-el-primer-derrame-de-combustible-en-el-rio-atoyac\/#breadcrumb","itemListElement":[{"@type":"ListItem","position":1,"name":"Portada","item":"https:\/\/ferabrajan.com\/portal\/"},{"@type":"ListItem","position":2,"name":"As\u00ed fue el primer derrame de combustible en el R\u00edo Atoyac"}]},{"@type":"WebSite","@id":"https:\/\/ferabrajan.com\/portal\/#website","url":"https:\/\/ferabrajan.com\/portal\/","name":"Fer Abrajan","description":"Noticias de Puebla, opini\u00f3n y radio en vivo","publisher":{"@id":"https:\/\/ferabrajan.com\/portal\/#organization"},"potentialAction":[{"@type":"SearchAction","target":{"@type":"EntryPoint","urlTemplate":"https:\/\/ferabrajan.com\/portal\/?s={search_term_string}"},"query-input":{"@type":"PropertyValueSpecification","valueRequired":true,"valueName":"search_term_string"}}],"inLanguage":"es"},{"@type":"Organization","@id":"https:\/\/ferabrajan.com\/portal\/#organization","name":"Fer Abrajan","url":"https:\/\/ferabrajan.com\/portal\/","logo":{"@type":"ImageObject","inLanguage":"es","@id":"https:\/\/ferabrajan.com\/portal\/#\/schema\/logo\/image\/","url":"https:\/\/ferabrajan.com\/portal\/wp-content\/uploads\/2024\/10\/cropped-logo.jpeg","contentUrl":"https:\/\/ferabrajan.com\/portal\/wp-content\/uploads\/2024\/10\/cropped-logo.jpeg","width":500,"height":250,"caption":"Fer Abrajan"},"image":{"@id":"https:\/\/ferabrajan.com\/portal\/#\/schema\/logo\/image\/"},"sameAs":["https:\/\/www.facebook.com\/NoticiasconFerAbrajan\/","https:\/\/x.com\/ferabrajan1"]},{"@type":"Person","@id":"https:\/\/ferabrajan.com\/portal\/#\/schema\/person\/f6113b3cb1e036d5c6a9505685b257ba","name":"admin","image":{"@type":"ImageObject","inLanguage":"es","@id":"https:\/\/secure.gravatar.com\/avatar\/072baa72775aad53c748dfc5d3048578e01b6c087eef335459ebfa04344e2d18?s=96&d=mm&r=g","url":"https:\/\/secure.gravatar.com\/avatar\/072baa72775aad53c748dfc5d3048578e01b6c087eef335459ebfa04344e2d18?s=96&d=mm&r=g","contentUrl":"https:\/\/secure.gravatar.com\/avatar\/072baa72775aad53c748dfc5d3048578e01b6c087eef335459ebfa04344e2d18?s=96&d=mm&r=g","caption":"admin"},"sameAs":["https:\/\/ferabrajan.com\/portal"],"url":"https:\/\/ferabrajan.com\/portal\/author\/admin\/"}]}},"_links":{"self":[{"href":"https:\/\/ferabrajan.com\/portal\/wp-json\/wp\/v2\/posts\/15918","targetHints":{"allow":["GET"]}}],"collection":[{"href":"https:\/\/ferabrajan.com\/portal\/wp-json\/wp\/v2\/posts"}],"about":[{"href":"https:\/\/ferabrajan.com\/portal\/wp-json\/wp\/v2\/types\/post"}],"author":[{"embeddable":true,"href":"https:\/\/ferabrajan.com\/portal\/wp-json\/wp\/v2\/users\/1"}],"replies":[{"embeddable":true,"href":"https:\/\/ferabrajan.com\/portal\/wp-json\/wp\/v2\/comments?post=15918"}],"version-history":[{"count":0,"href":"https:\/\/ferabrajan.com\/portal\/wp-json\/wp\/v2\/posts\/15918\/revisions"}],"wp:attachment":[{"href":"https:\/\/ferabrajan.com\/portal\/wp-json\/wp\/v2\/media?parent=15918"}],"wp:term":[{"taxonomy":"category","embeddable":true,"href":"https:\/\/ferabrajan.com\/portal\/wp-json\/wp\/v2\/categories?post=15918"},{"taxonomy":"post_tag","embeddable":true,"href":"https:\/\/ferabrajan.com\/portal\/wp-json\/wp\/v2\/tags?post=15918"}],"curies":[{"name":"wp","href":"https:\/\/api.w.org\/{rel}","templated":true}]}}