{"id":15912,"date":"2020-07-30T02:27:23","date_gmt":"2020-07-30T02:27:23","guid":{"rendered":"http:\/\/www.ferabrajan.com\/?p=15912"},"modified":"2020-07-30T02:27:23","modified_gmt":"2020-07-30T02:27:23","slug":"oficialmente-queda-derogado-el-fuero-en-puebla","status":"publish","type":"post","link":"https:\/\/ferabrajan.com\/portal\/2020\/07\/30\/oficialmente-queda-derogado-el-fuero-en-puebla\/","title":{"rendered":"Oficialmente queda derogado el fuero en Puebla"},"content":{"rendered":"<p class=\"x_MsoNormal\"><span lang=\"ES\">En sesi\u00f3n p\u00fablica virtual, la Comisi\u00f3n Permanente de la LX Legislatura del Congreso del Estado declar\u00f3 aprobado el Decreto de fecha 8 de julio 2020, por el que se reforma el art\u00edculo 22, 41, 57, 126 y 129; y se derogan los art\u00edculos 127 y 128 de la Constituci\u00f3n Pol\u00edtica del Estado Libre y Soberano de Puebla, en materia de fuero constitucional, toda vez que fue enviado a los 217 municipios de la entidad y aprobado por 185 ayuntamientos.<\/span><\/p>\n<p class=\"x_MsoNormal\"><span lang=\"ES\">De igual manera, se declar\u00f3 aprobado el Decreto de fecha 15 de julio de 2020, por el que se reforman el art\u00edculo 3, 20, 21; el ac\u00e1pite del 22, el ac\u00e1pite del 23, el 32, 33, 34, 35, 70, 83, 87, 102 y adiciones al art\u00edculo 3, 12 y 13 de la Constituci\u00f3n Pol\u00edtica del Estado de Puebla, en materia de paridad de g\u00e9nero, considerando que fue enviado a los 217 municipios de la entidad y aprobado por 185 ayuntamientos.<\/span><\/p>\n<p class=\"x_MsoNormal\"><span lang=\"ES\">\u00a0<\/span><\/p>\n<p class=\"x_MsoNormal\"><b><span lang=\"ES\">EXHORTAN A DECLARAR ZONAS AFECTADAS POR LLUVIAS TORRENCIALES, COMO ZONAS DE EMERGENCIA<\/span><\/b><\/p>\n<p class=\"x_MsoNormal\"><span lang=\"ES\">En otro punto del orden del d\u00eda, las y los diputados de la Comisi\u00f3n Permanente aprobaron por unanimidad el Punto de Acuerdo que present\u00f3 el diputado Gerardo Islas Maldonado, para exhortar al Gobierno del Estado a declarar a las zonas afectadas por las lluvias torrenciales como zonas de emergencia, con base en las atribuciones del art\u00edculo 50 de la Ley del Sistema Estatal de Protecci\u00f3n Civil.<\/span><\/p>\n<p class=\"x_MsoNormal\"><span lang=\"ES\">Durante la discusi\u00f3n de este exhorto, el diputado Jos\u00e9 Juan Espinosa Torres solicit\u00f3 informaci\u00f3n sobre los municipios que han registrado afectaciones por lluvias torrenciales, que pudieran ser declarados como zonas de emergencia.<\/span><\/p>\n<p class=\"x_MsoNormal\"><span lang=\"ES\">Por su parte, el diputado Nibardo Hern\u00e1ndez S\u00e1nchez extern\u00f3 su apoyo al Punto de Acuerdo, ya que inform\u00f3 que en la mixteca poblana se han presentado lluvias intensas que han afectado poblaciones de la regi\u00f3n de Acatl\u00e1n de Osorio y de esa regi\u00f3n en general.<\/span><\/p>\n<p class=\"x_MsoNormal\"><b><span lang=\"ES\">HACEN UN LLAMADO A PROMOVER POL\u00cdTICAS P\u00daBLICAS PARA EVITAR EMBARAZOS NO DESEADOS ENTRE ADOLESCENTES<\/span><\/b><\/p>\n<p class=\"x_MsoNormal\"><span lang=\"ES\">Tambi\u00e9n, la Comisi\u00f3n Permanente aprob\u00f3 por unanimidad el\u00a0 Acuerdo para exhortar a los titulares de las Secretar\u00edas de Salud y de Educaci\u00f3n del Gobierno del Estado, a promover pol\u00edticas p\u00fablicas en materia de sexualidad para los estudiantes de los niveles b\u00e1sico y media superior, con la finalidad\u00a0 de impulsar y fortalecer el desarrollo psicosexual de las ni\u00f1as, ni\u00f1os, adolescentes y j\u00f3venes, promoviendo el respeto, la protecci\u00f3n y el ejercicio de los derechos sexuales y reproductivos, con el objeto de evitar embarazos no deseados entre la juventud de la entidad.<\/span><\/p>\n<p class=\"x_MsoNormal\"><span lang=\"ES\">Durante el an\u00e1lisis del exhorto, la diputada preopinante del Punto de Acuerdo, Guadalupe Muci\u00f1o Mu\u00f1oz se\u00f1al\u00f3 la necesidad urgente de implementar pol\u00edticas p\u00fablicas de educaci\u00f3n e informaci\u00f3n sexual, que permita evitar los embarazos no deseados en adolescentes, impuls\u00e1ndolos a una vida plena y feliz.<\/span><\/p>\n<p class=\"x_MsoNormal\"><span lang=\"ES\">De la misma manera, las diputadas Iliana Paola Ruiz Garc\u00eda, Guadalupe Esquit\u00edn Lastiri y M\u00f3nica Rodr\u00edguez Della Vecchia coincidieron en se\u00f1alar la importancia de impulsar acciones de educaci\u00f3n, informaci\u00f3n y concientizaci\u00f3n, para la erradicaci\u00f3n de este problema, que mantiene a nuestro pa\u00eds en el primer lugar en embarazos no deseados en adolescentes. Asimismo, la diputada Vianey Garc\u00eda Romero, enfatiz\u00f3 la importancia de atender este problema desde las escuelas, para que la sexualidad sea una materia educativa, que permita prevenir este tipo de problemas.<\/span><\/p>\n<p class=\"x_MsoNormal\"><span lang=\"ES\">Por su parte, el diputado Jos\u00e9 Juan Espinosa Torres ponder\u00f3 que en el Congreso del Estado se incentive la educaci\u00f3n sexual para evitar embarazos no deseados, con informaci\u00f3n que permita que las decisiones sobre este tema se den con sentido de responsabilidad.<\/span><\/p>\n","protected":false},"excerpt":{"rendered":"<p>En sesi\u00f3n p\u00fablica virtual, la Comisi\u00f3n Permanente de la LX Legislatura del Congreso del Estado declar\u00f3 aprobado el Decreto de fecha 8 de julio 2020, por el que se reforma el art\u00edculo 22, 41, 57, 126 y 129; y se derogan los art\u00edculos 127 y 128 de la Constituci\u00f3n Pol\u00edtica del Estado Libre y Soberano de Puebla, en materia de fuero constitucional, toda vez que fue enviado a los 217 municipios de la entidad y aprobado por 185 ayuntamientos. De igual manera, se declar\u00f3 aprobado el Decreto de fecha 15 de julio de 2020, por el que se reforman el art\u00edculo 3, 20, 21; el ac\u00e1pite del 22, el ac\u00e1pite del 23, el 32, 33, 34, 35, 70, 83, 87, 102 y adiciones al art\u00edculo 3, 12 y 13 de la Constituci\u00f3n Pol\u00edtica del Estado de Puebla, en materia de paridad de g\u00e9nero, considerando que fue enviado a los 217 municipios de la entidad y aprobado por 185 ayuntamientos. \u00a0 EXHORTAN A DECLARAR ZONAS AFECTADAS POR LLUVIAS TORRENCIALES, COMO ZONAS DE EMERGENCIA En otro punto del orden del d\u00eda, las y los diputados de la Comisi\u00f3n Permanente aprobaron por unanimidad el Punto de Acuerdo que present\u00f3 el diputado Gerardo Islas Maldonado, para exhortar al Gobierno del Estado a declarar a las zonas afectadas por las lluvias torrenciales como zonas de emergencia, con base en las atribuciones del art\u00edculo 50 de la Ley del Sistema Estatal de Protecci\u00f3n Civil. Durante la discusi\u00f3n de este exhorto, el diputado Jos\u00e9 Juan Espinosa Torres solicit\u00f3 informaci\u00f3n sobre los municipios que han registrado afectaciones por lluvias torrenciales, que pudieran ser declarados como zonas de emergencia. Por su parte, el diputado Nibardo Hern\u00e1ndez S\u00e1nchez extern\u00f3 su apoyo al Punto de Acuerdo, ya que inform\u00f3 que en la mixteca poblana se han presentado lluvias intensas que han afectado poblaciones de la regi\u00f3n de Acatl\u00e1n de Osorio y de esa regi\u00f3n en general. HACEN UN LLAMADO A PROMOVER POL\u00cdTICAS P\u00daBLICAS PARA EVITAR EMBARAZOS NO DESEADOS ENTRE ADOLESCENTES Tambi\u00e9n, la Comisi\u00f3n Permanente aprob\u00f3 por unanimidad el\u00a0 Acuerdo para exhortar a los titulares de las Secretar\u00edas de Salud y de Educaci\u00f3n del Gobierno del Estado, a promover pol\u00edticas p\u00fablicas en materia de sexualidad para los estudiantes de los niveles b\u00e1sico y media superior, con la finalidad\u00a0 de impulsar y fortalecer el desarrollo psicosexual de las ni\u00f1as, ni\u00f1os, adolescentes y j\u00f3venes, promoviendo el respeto, la protecci\u00f3n y el ejercicio de los derechos sexuales y reproductivos, con el objeto de evitar embarazos no deseados entre la juventud de la entidad. Durante el an\u00e1lisis del exhorto, la diputada preopinante del Punto de Acuerdo, Guadalupe Muci\u00f1o Mu\u00f1oz se\u00f1al\u00f3 la necesidad urgente de implementar pol\u00edticas p\u00fablicas de educaci\u00f3n e informaci\u00f3n sexual, que permita evitar los embarazos no deseados en adolescentes, impuls\u00e1ndolos a una vida plena y feliz. De la misma manera, las diputadas Iliana Paola Ruiz Garc\u00eda, Guadalupe Esquit\u00edn Lastiri y M\u00f3nica Rodr\u00edguez Della Vecchia coincidieron en se\u00f1alar la importancia de impulsar acciones de educaci\u00f3n, informaci\u00f3n y concientizaci\u00f3n, para la erradicaci\u00f3n de este problema, que mantiene a nuestro pa\u00eds en el primer lugar en embarazos no deseados en adolescentes. Asimismo, la diputada Vianey Garc\u00eda Romero, enfatiz\u00f3 la importancia de atender este problema desde las escuelas, para que la sexualidad sea una materia educativa, que permita prevenir este tipo de problemas. Por su parte, el diputado Jos\u00e9 Juan Espinosa Torres ponder\u00f3 que en el Congreso del Estado se incentive la educaci\u00f3n sexual para evitar embarazos no deseados, con informaci\u00f3n que permita que las decisiones sobre este tema se den con sentido de responsabilidad.<\/p>\n","protected":false},"author":1,"featured_media":15913,"comment_status":"open","ping_status":"open","sticky":false,"template":"","format":"standard","meta":{"_monsterinsights_skip_tracking":false,"_uf_show_specific_survey":0,"_uf_disable_surveys":false,"footnotes":""},"categories":[34],"tags":[64,414,424],"class_list":["post-15912","post","type-post","status-publish","format-standard","has-post-thumbnail","hentry","category-puebla","tag-congreso-de-puebla","tag-diputadas-puebla","tag-fuero-constitucional"],"yoast_head":"<!-- This site is optimized with the Yoast SEO plugin v27.5 - https:\/\/yoast.com\/product\/yoast-seo-wordpress\/ -->\n<title>Oficialmente queda derogado el fuero en Puebla - Fer Abrajan<\/title>\n<meta name=\"robots\" content=\"index, follow, max-snippet:-1, max-image-preview:large, max-video-preview:-1\" \/>\n<link rel=\"canonical\" href=\"https:\/\/ferabrajan.com\/portal\/2020\/07\/30\/oficialmente-queda-derogado-el-fuero-en-puebla\/\" \/>\n<meta property=\"og:locale\" content=\"es_ES\" \/>\n<meta property=\"og:type\" content=\"article\" \/>\n<meta property=\"og:title\" content=\"Oficialmente queda derogado el fuero en Puebla - Fer Abrajan\" \/>\n<meta property=\"og:description\" content=\"En sesi\u00f3n p\u00fablica virtual, la Comisi\u00f3n Permanente de la LX Legislatura del Congreso del Estado declar\u00f3 aprobado el Decreto de fecha 8 de julio 2020, por el que se reforma el art\u00edculo 22, 41, 57, 126 y 129; y se derogan los art\u00edculos 127 y 128 de la Constituci\u00f3n Pol\u00edtica del Estado Libre y Soberano de Puebla, en materia de fuero constitucional, toda vez que fue enviado a los 217 municipios de la entidad y aprobado por 185 ayuntamientos. De igual manera, se declar\u00f3 aprobado el Decreto de fecha 15 de julio de 2020, por el que se reforman el art\u00edculo 3, 20, 21; el ac\u00e1pite del 22, el ac\u00e1pite del 23, el 32, 33, 34, 35, 70, 83, 87, 102 y adiciones al art\u00edculo 3, 12 y 13 de la Constituci\u00f3n Pol\u00edtica del Estado de Puebla, en materia de paridad de g\u00e9nero, considerando que fue enviado a los 217 municipios de la entidad y aprobado por 185 ayuntamientos. \u00a0 EXHORTAN A DECLARAR ZONAS AFECTADAS POR LLUVIAS TORRENCIALES, COMO ZONAS DE EMERGENCIA En otro punto del orden del d\u00eda, las y los diputados de la Comisi\u00f3n Permanente aprobaron por unanimidad el Punto de Acuerdo que present\u00f3 el diputado Gerardo Islas Maldonado, para exhortar al Gobierno del Estado a declarar a las zonas afectadas por las lluvias torrenciales como zonas de emergencia, con base en las atribuciones del art\u00edculo 50 de la Ley del Sistema Estatal de Protecci\u00f3n Civil. Durante la discusi\u00f3n de este exhorto, el diputado Jos\u00e9 Juan Espinosa Torres solicit\u00f3 informaci\u00f3n sobre los municipios que han registrado afectaciones por lluvias torrenciales, que pudieran ser declarados como zonas de emergencia. Por su parte, el diputado Nibardo Hern\u00e1ndez S\u00e1nchez extern\u00f3 su apoyo al Punto de Acuerdo, ya que inform\u00f3 que en la mixteca poblana se han presentado lluvias intensas que han afectado poblaciones de la regi\u00f3n de Acatl\u00e1n de Osorio y de esa regi\u00f3n en general. HACEN UN LLAMADO A PROMOVER POL\u00cdTICAS P\u00daBLICAS PARA EVITAR EMBARAZOS NO DESEADOS ENTRE ADOLESCENTES Tambi\u00e9n, la Comisi\u00f3n Permanente aprob\u00f3 por unanimidad el\u00a0 Acuerdo para exhortar a los titulares de las Secretar\u00edas de Salud y de Educaci\u00f3n del Gobierno del Estado, a promover pol\u00edticas p\u00fablicas en materia de sexualidad para los estudiantes de los niveles b\u00e1sico y media superior, con la finalidad\u00a0 de impulsar y fortalecer el desarrollo psicosexual de las ni\u00f1as, ni\u00f1os, adolescentes y j\u00f3venes, promoviendo el respeto, la protecci\u00f3n y el ejercicio de los derechos sexuales y reproductivos, con el objeto de evitar embarazos no deseados entre la juventud de la entidad. Durante el an\u00e1lisis del exhorto, la diputada preopinante del Punto de Acuerdo, Guadalupe Muci\u00f1o Mu\u00f1oz se\u00f1al\u00f3 la necesidad urgente de implementar pol\u00edticas p\u00fablicas de educaci\u00f3n e informaci\u00f3n sexual, que permita evitar los embarazos no deseados en adolescentes, impuls\u00e1ndolos a una vida plena y feliz. De la misma manera, las diputadas Iliana Paola Ruiz Garc\u00eda, Guadalupe Esquit\u00edn Lastiri y M\u00f3nica Rodr\u00edguez Della Vecchia coincidieron en se\u00f1alar la importancia de impulsar acciones de educaci\u00f3n, informaci\u00f3n y concientizaci\u00f3n, para la erradicaci\u00f3n de este problema, que mantiene a nuestro pa\u00eds en el primer lugar en embarazos no deseados en adolescentes. Asimismo, la diputada Vianey Garc\u00eda Romero, enfatiz\u00f3 la importancia de atender este problema desde las escuelas, para que la sexualidad sea una materia educativa, que permita prevenir este tipo de problemas. Por su parte, el diputado Jos\u00e9 Juan Espinosa Torres ponder\u00f3 que en el Congreso del Estado se incentive la educaci\u00f3n sexual para evitar embarazos no deseados, con informaci\u00f3n que permita que las decisiones sobre este tema se den con sentido de responsabilidad.\" \/>\n<meta property=\"og:url\" content=\"https:\/\/ferabrajan.com\/portal\/2020\/07\/30\/oficialmente-queda-derogado-el-fuero-en-puebla\/\" \/>\n<meta property=\"og:site_name\" content=\"Fer Abrajan\" \/>\n<meta property=\"article:publisher\" content=\"https:\/\/www.facebook.com\/NoticiasconFerAbrajan\/\" \/>\n<meta property=\"article:published_time\" content=\"2020-07-30T02:27:23+00:00\" \/>\n<meta name=\"author\" content=\"admin\" \/>\n<meta name=\"twitter:card\" content=\"summary_large_image\" \/>\n<meta name=\"twitter:creator\" content=\"@ferabrajan1\" \/>\n<meta name=\"twitter:site\" content=\"@ferabrajan1\" \/>\n<meta name=\"twitter:label1\" content=\"Escrito por\" \/>\n\t<meta name=\"twitter:data1\" content=\"admin\" \/>\n\t<meta name=\"twitter:label2\" content=\"Tiempo de lectura\" \/>\n\t<meta name=\"twitter:data2\" content=\"3 minutos\" \/>\n<script type=\"application\/ld+json\" class=\"yoast-schema-graph\">{\"@context\":\"https:\\\/\\\/schema.org\",\"@graph\":[{\"@type\":\"Article\",\"@id\":\"https:\\\/\\\/ferabrajan.com\\\/portal\\\/2020\\\/07\\\/30\\\/oficialmente-queda-derogado-el-fuero-en-puebla\\\/#article\",\"isPartOf\":{\"@id\":\"https:\\\/\\\/ferabrajan.com\\\/portal\\\/2020\\\/07\\\/30\\\/oficialmente-queda-derogado-el-fuero-en-puebla\\\/\"},\"author\":{\"name\":\"admin\",\"@id\":\"https:\\\/\\\/ferabrajan.com\\\/portal\\\/#\\\/schema\\\/person\\\/f6113b3cb1e036d5c6a9505685b257ba\"},\"headline\":\"Oficialmente queda derogado el fuero en Puebla\",\"datePublished\":\"2020-07-30T02:27:23+00:00\",\"mainEntityOfPage\":{\"@id\":\"https:\\\/\\\/ferabrajan.com\\\/portal\\\/2020\\\/07\\\/30\\\/oficialmente-queda-derogado-el-fuero-en-puebla\\\/\"},\"wordCount\":621,\"commentCount\":0,\"publisher\":{\"@id\":\"https:\\\/\\\/ferabrajan.com\\\/portal\\\/#organization\"},\"image\":{\"@id\":\"https:\\\/\\\/ferabrajan.com\\\/portal\\\/2020\\\/07\\\/30\\\/oficialmente-queda-derogado-el-fuero-en-puebla\\\/#primaryimage\"},\"thumbnailUrl\":\"\",\"keywords\":[\"Congreso de Puebla\",\"Diputadas Puebla\",\"Fuero Constitucional\"],\"articleSection\":[\"Puebla\"],\"inLanguage\":\"es\"},{\"@type\":\"WebPage\",\"@id\":\"https:\\\/\\\/ferabrajan.com\\\/portal\\\/2020\\\/07\\\/30\\\/oficialmente-queda-derogado-el-fuero-en-puebla\\\/\",\"url\":\"https:\\\/\\\/ferabrajan.com\\\/portal\\\/2020\\\/07\\\/30\\\/oficialmente-queda-derogado-el-fuero-en-puebla\\\/\",\"name\":\"Oficialmente queda derogado el fuero en Puebla - Fer Abrajan\",\"isPartOf\":{\"@id\":\"https:\\\/\\\/ferabrajan.com\\\/portal\\\/#website\"},\"primaryImageOfPage\":{\"@id\":\"https:\\\/\\\/ferabrajan.com\\\/portal\\\/2020\\\/07\\\/30\\\/oficialmente-queda-derogado-el-fuero-en-puebla\\\/#primaryimage\"},\"image\":{\"@id\":\"https:\\\/\\\/ferabrajan.com\\\/portal\\\/2020\\\/07\\\/30\\\/oficialmente-queda-derogado-el-fuero-en-puebla\\\/#primaryimage\"},\"thumbnailUrl\":\"\",\"datePublished\":\"2020-07-30T02:27:23+00:00\",\"breadcrumb\":{\"@id\":\"https:\\\/\\\/ferabrajan.com\\\/portal\\\/2020\\\/07\\\/30\\\/oficialmente-queda-derogado-el-fuero-en-puebla\\\/#breadcrumb\"},\"inLanguage\":\"es\",\"potentialAction\":[{\"@type\":\"ReadAction\",\"target\":[\"https:\\\/\\\/ferabrajan.com\\\/portal\\\/2020\\\/07\\\/30\\\/oficialmente-queda-derogado-el-fuero-en-puebla\\\/\"]}]},{\"@type\":\"ImageObject\",\"inLanguage\":\"es\",\"@id\":\"https:\\\/\\\/ferabrajan.com\\\/portal\\\/2020\\\/07\\\/30\\\/oficialmente-queda-derogado-el-fuero-en-puebla\\\/#primaryimage\",\"url\":\"\",\"contentUrl\":\"\"},{\"@type\":\"BreadcrumbList\",\"@id\":\"https:\\\/\\\/ferabrajan.com\\\/portal\\\/2020\\\/07\\\/30\\\/oficialmente-queda-derogado-el-fuero-en-puebla\\\/#breadcrumb\",\"itemListElement\":[{\"@type\":\"ListItem\",\"position\":1,\"name\":\"Portada\",\"item\":\"https:\\\/\\\/ferabrajan.com\\\/portal\\\/\"},{\"@type\":\"ListItem\",\"position\":2,\"name\":\"Oficialmente queda derogado el fuero en Puebla\"}]},{\"@type\":\"WebSite\",\"@id\":\"https:\\\/\\\/ferabrajan.com\\\/portal\\\/#website\",\"url\":\"https:\\\/\\\/ferabrajan.com\\\/portal\\\/\",\"name\":\"Fer Abrajan\",\"description\":\"Noticias de Puebla, opini\u00f3n y radio en vivo\",\"publisher\":{\"@id\":\"https:\\\/\\\/ferabrajan.com\\\/portal\\\/#organization\"},\"potentialAction\":[{\"@type\":\"SearchAction\",\"target\":{\"@type\":\"EntryPoint\",\"urlTemplate\":\"https:\\\/\\\/ferabrajan.com\\\/portal\\\/?s={search_term_string}\"},\"query-input\":{\"@type\":\"PropertyValueSpecification\",\"valueRequired\":true,\"valueName\":\"search_term_string\"}}],\"inLanguage\":\"es\"},{\"@type\":\"Organization\",\"@id\":\"https:\\\/\\\/ferabrajan.com\\\/portal\\\/#organization\",\"name\":\"Fer Abrajan\",\"url\":\"https:\\\/\\\/ferabrajan.com\\\/portal\\\/\",\"logo\":{\"@type\":\"ImageObject\",\"inLanguage\":\"es\",\"@id\":\"https:\\\/\\\/ferabrajan.com\\\/portal\\\/#\\\/schema\\\/logo\\\/image\\\/\",\"url\":\"https:\\\/\\\/ferabrajan.com\\\/portal\\\/wp-content\\\/uploads\\\/2024\\\/10\\\/cropped-logo.jpeg\",\"contentUrl\":\"https:\\\/\\\/ferabrajan.com\\\/portal\\\/wp-content\\\/uploads\\\/2024\\\/10\\\/cropped-logo.jpeg\",\"width\":500,\"height\":250,\"caption\":\"Fer Abrajan\"},\"image\":{\"@id\":\"https:\\\/\\\/ferabrajan.com\\\/portal\\\/#\\\/schema\\\/logo\\\/image\\\/\"},\"sameAs\":[\"https:\\\/\\\/www.facebook.com\\\/NoticiasconFerAbrajan\\\/\",\"https:\\\/\\\/x.com\\\/ferabrajan1\"]},{\"@type\":\"Person\",\"@id\":\"https:\\\/\\\/ferabrajan.com\\\/portal\\\/#\\\/schema\\\/person\\\/f6113b3cb1e036d5c6a9505685b257ba\",\"name\":\"admin\",\"image\":{\"@type\":\"ImageObject\",\"inLanguage\":\"es\",\"@id\":\"https:\\\/\\\/secure.gravatar.com\\\/avatar\\\/072baa72775aad53c748dfc5d3048578e01b6c087eef335459ebfa04344e2d18?s=96&d=mm&r=g\",\"url\":\"https:\\\/\\\/secure.gravatar.com\\\/avatar\\\/072baa72775aad53c748dfc5d3048578e01b6c087eef335459ebfa04344e2d18?s=96&d=mm&r=g\",\"contentUrl\":\"https:\\\/\\\/secure.gravatar.com\\\/avatar\\\/072baa72775aad53c748dfc5d3048578e01b6c087eef335459ebfa04344e2d18?s=96&d=mm&r=g\",\"caption\":\"admin\"},\"sameAs\":[\"https:\\\/\\\/ferabrajan.com\\\/portal\"],\"url\":\"https:\\\/\\\/ferabrajan.com\\\/portal\\\/author\\\/admin\\\/\"}]}<\/script>\n<!-- \/ Yoast SEO plugin. -->","yoast_head_json":{"title":"Oficialmente queda derogado el fuero en Puebla - Fer Abrajan","robots":{"index":"index","follow":"follow","max-snippet":"max-snippet:-1","max-image-preview":"max-image-preview:large","max-video-preview":"max-video-preview:-1"},"canonical":"https:\/\/ferabrajan.com\/portal\/2020\/07\/30\/oficialmente-queda-derogado-el-fuero-en-puebla\/","og_locale":"es_ES","og_type":"article","og_title":"Oficialmente queda derogado el fuero en Puebla - Fer Abrajan","og_description":"En sesi\u00f3n p\u00fablica virtual, la Comisi\u00f3n Permanente de la LX Legislatura del Congreso del Estado declar\u00f3 aprobado el Decreto de fecha 8 de julio 2020, por el que se reforma el art\u00edculo 22, 41, 57, 126 y 129; y se derogan los art\u00edculos 127 y 128 de la Constituci\u00f3n Pol\u00edtica del Estado Libre y Soberano de Puebla, en materia de fuero constitucional, toda vez que fue enviado a los 217 municipios de la entidad y aprobado por 185 ayuntamientos. De igual manera, se declar\u00f3 aprobado el Decreto de fecha 15 de julio de 2020, por el que se reforman el art\u00edculo 3, 20, 21; el ac\u00e1pite del 22, el ac\u00e1pite del 23, el 32, 33, 34, 35, 70, 83, 87, 102 y adiciones al art\u00edculo 3, 12 y 13 de la Constituci\u00f3n Pol\u00edtica del Estado de Puebla, en materia de paridad de g\u00e9nero, considerando que fue enviado a los 217 municipios de la entidad y aprobado por 185 ayuntamientos. \u00a0 EXHORTAN A DECLARAR ZONAS AFECTADAS POR LLUVIAS TORRENCIALES, COMO ZONAS DE EMERGENCIA En otro punto del orden del d\u00eda, las y los diputados de la Comisi\u00f3n Permanente aprobaron por unanimidad el Punto de Acuerdo que present\u00f3 el diputado Gerardo Islas Maldonado, para exhortar al Gobierno del Estado a declarar a las zonas afectadas por las lluvias torrenciales como zonas de emergencia, con base en las atribuciones del art\u00edculo 50 de la Ley del Sistema Estatal de Protecci\u00f3n Civil. Durante la discusi\u00f3n de este exhorto, el diputado Jos\u00e9 Juan Espinosa Torres solicit\u00f3 informaci\u00f3n sobre los municipios que han registrado afectaciones por lluvias torrenciales, que pudieran ser declarados como zonas de emergencia. Por su parte, el diputado Nibardo Hern\u00e1ndez S\u00e1nchez extern\u00f3 su apoyo al Punto de Acuerdo, ya que inform\u00f3 que en la mixteca poblana se han presentado lluvias intensas que han afectado poblaciones de la regi\u00f3n de Acatl\u00e1n de Osorio y de esa regi\u00f3n en general. HACEN UN LLAMADO A PROMOVER POL\u00cdTICAS P\u00daBLICAS PARA EVITAR EMBARAZOS NO DESEADOS ENTRE ADOLESCENTES Tambi\u00e9n, la Comisi\u00f3n Permanente aprob\u00f3 por unanimidad el\u00a0 Acuerdo para exhortar a los titulares de las Secretar\u00edas de Salud y de Educaci\u00f3n del Gobierno del Estado, a promover pol\u00edticas p\u00fablicas en materia de sexualidad para los estudiantes de los niveles b\u00e1sico y media superior, con la finalidad\u00a0 de impulsar y fortalecer el desarrollo psicosexual de las ni\u00f1as, ni\u00f1os, adolescentes y j\u00f3venes, promoviendo el respeto, la protecci\u00f3n y el ejercicio de los derechos sexuales y reproductivos, con el objeto de evitar embarazos no deseados entre la juventud de la entidad. Durante el an\u00e1lisis del exhorto, la diputada preopinante del Punto de Acuerdo, Guadalupe Muci\u00f1o Mu\u00f1oz se\u00f1al\u00f3 la necesidad urgente de implementar pol\u00edticas p\u00fablicas de educaci\u00f3n e informaci\u00f3n sexual, que permita evitar los embarazos no deseados en adolescentes, impuls\u00e1ndolos a una vida plena y feliz. De la misma manera, las diputadas Iliana Paola Ruiz Garc\u00eda, Guadalupe Esquit\u00edn Lastiri y M\u00f3nica Rodr\u00edguez Della Vecchia coincidieron en se\u00f1alar la importancia de impulsar acciones de educaci\u00f3n, informaci\u00f3n y concientizaci\u00f3n, para la erradicaci\u00f3n de este problema, que mantiene a nuestro pa\u00eds en el primer lugar en embarazos no deseados en adolescentes. Asimismo, la diputada Vianey Garc\u00eda Romero, enfatiz\u00f3 la importancia de atender este problema desde las escuelas, para que la sexualidad sea una materia educativa, que permita prevenir este tipo de problemas. Por su parte, el diputado Jos\u00e9 Juan Espinosa Torres ponder\u00f3 que en el Congreso del Estado se incentive la educaci\u00f3n sexual para evitar embarazos no deseados, con informaci\u00f3n que permita que las decisiones sobre este tema se den con sentido de responsabilidad.","og_url":"https:\/\/ferabrajan.com\/portal\/2020\/07\/30\/oficialmente-queda-derogado-el-fuero-en-puebla\/","og_site_name":"Fer Abrajan","article_publisher":"https:\/\/www.facebook.com\/NoticiasconFerAbrajan\/","article_published_time":"2020-07-30T02:27:23+00:00","author":"admin","twitter_card":"summary_large_image","twitter_creator":"@ferabrajan1","twitter_site":"@ferabrajan1","twitter_misc":{"Escrito por":"admin","Tiempo de lectura":"3 minutos"},"schema":{"@context":"https:\/\/schema.org","@graph":[{"@type":"Article","@id":"https:\/\/ferabrajan.com\/portal\/2020\/07\/30\/oficialmente-queda-derogado-el-fuero-en-puebla\/#article","isPartOf":{"@id":"https:\/\/ferabrajan.com\/portal\/2020\/07\/30\/oficialmente-queda-derogado-el-fuero-en-puebla\/"},"author":{"name":"admin","@id":"https:\/\/ferabrajan.com\/portal\/#\/schema\/person\/f6113b3cb1e036d5c6a9505685b257ba"},"headline":"Oficialmente queda derogado el fuero en Puebla","datePublished":"2020-07-30T02:27:23+00:00","mainEntityOfPage":{"@id":"https:\/\/ferabrajan.com\/portal\/2020\/07\/30\/oficialmente-queda-derogado-el-fuero-en-puebla\/"},"wordCount":621,"commentCount":0,"publisher":{"@id":"https:\/\/ferabrajan.com\/portal\/#organization"},"image":{"@id":"https:\/\/ferabrajan.com\/portal\/2020\/07\/30\/oficialmente-queda-derogado-el-fuero-en-puebla\/#primaryimage"},"thumbnailUrl":"","keywords":["Congreso de Puebla","Diputadas Puebla","Fuero Constitucional"],"articleSection":["Puebla"],"inLanguage":"es"},{"@type":"WebPage","@id":"https:\/\/ferabrajan.com\/portal\/2020\/07\/30\/oficialmente-queda-derogado-el-fuero-en-puebla\/","url":"https:\/\/ferabrajan.com\/portal\/2020\/07\/30\/oficialmente-queda-derogado-el-fuero-en-puebla\/","name":"Oficialmente queda derogado el fuero en Puebla - Fer Abrajan","isPartOf":{"@id":"https:\/\/ferabrajan.com\/portal\/#website"},"primaryImageOfPage":{"@id":"https:\/\/ferabrajan.com\/portal\/2020\/07\/30\/oficialmente-queda-derogado-el-fuero-en-puebla\/#primaryimage"},"image":{"@id":"https:\/\/ferabrajan.com\/portal\/2020\/07\/30\/oficialmente-queda-derogado-el-fuero-en-puebla\/#primaryimage"},"thumbnailUrl":"","datePublished":"2020-07-30T02:27:23+00:00","breadcrumb":{"@id":"https:\/\/ferabrajan.com\/portal\/2020\/07\/30\/oficialmente-queda-derogado-el-fuero-en-puebla\/#breadcrumb"},"inLanguage":"es","potentialAction":[{"@type":"ReadAction","target":["https:\/\/ferabrajan.com\/portal\/2020\/07\/30\/oficialmente-queda-derogado-el-fuero-en-puebla\/"]}]},{"@type":"ImageObject","inLanguage":"es","@id":"https:\/\/ferabrajan.com\/portal\/2020\/07\/30\/oficialmente-queda-derogado-el-fuero-en-puebla\/#primaryimage","url":"","contentUrl":""},{"@type":"BreadcrumbList","@id":"https:\/\/ferabrajan.com\/portal\/2020\/07\/30\/oficialmente-queda-derogado-el-fuero-en-puebla\/#breadcrumb","itemListElement":[{"@type":"ListItem","position":1,"name":"Portada","item":"https:\/\/ferabrajan.com\/portal\/"},{"@type":"ListItem","position":2,"name":"Oficialmente queda derogado el fuero en Puebla"}]},{"@type":"WebSite","@id":"https:\/\/ferabrajan.com\/portal\/#website","url":"https:\/\/ferabrajan.com\/portal\/","name":"Fer Abrajan","description":"Noticias de Puebla, opini\u00f3n y radio en vivo","publisher":{"@id":"https:\/\/ferabrajan.com\/portal\/#organization"},"potentialAction":[{"@type":"SearchAction","target":{"@type":"EntryPoint","urlTemplate":"https:\/\/ferabrajan.com\/portal\/?s={search_term_string}"},"query-input":{"@type":"PropertyValueSpecification","valueRequired":true,"valueName":"search_term_string"}}],"inLanguage":"es"},{"@type":"Organization","@id":"https:\/\/ferabrajan.com\/portal\/#organization","name":"Fer Abrajan","url":"https:\/\/ferabrajan.com\/portal\/","logo":{"@type":"ImageObject","inLanguage":"es","@id":"https:\/\/ferabrajan.com\/portal\/#\/schema\/logo\/image\/","url":"https:\/\/ferabrajan.com\/portal\/wp-content\/uploads\/2024\/10\/cropped-logo.jpeg","contentUrl":"https:\/\/ferabrajan.com\/portal\/wp-content\/uploads\/2024\/10\/cropped-logo.jpeg","width":500,"height":250,"caption":"Fer Abrajan"},"image":{"@id":"https:\/\/ferabrajan.com\/portal\/#\/schema\/logo\/image\/"},"sameAs":["https:\/\/www.facebook.com\/NoticiasconFerAbrajan\/","https:\/\/x.com\/ferabrajan1"]},{"@type":"Person","@id":"https:\/\/ferabrajan.com\/portal\/#\/schema\/person\/f6113b3cb1e036d5c6a9505685b257ba","name":"admin","image":{"@type":"ImageObject","inLanguage":"es","@id":"https:\/\/secure.gravatar.com\/avatar\/072baa72775aad53c748dfc5d3048578e01b6c087eef335459ebfa04344e2d18?s=96&d=mm&r=g","url":"https:\/\/secure.gravatar.com\/avatar\/072baa72775aad53c748dfc5d3048578e01b6c087eef335459ebfa04344e2d18?s=96&d=mm&r=g","contentUrl":"https:\/\/secure.gravatar.com\/avatar\/072baa72775aad53c748dfc5d3048578e01b6c087eef335459ebfa04344e2d18?s=96&d=mm&r=g","caption":"admin"},"sameAs":["https:\/\/ferabrajan.com\/portal"],"url":"https:\/\/ferabrajan.com\/portal\/author\/admin\/"}]}},"_links":{"self":[{"href":"https:\/\/ferabrajan.com\/portal\/wp-json\/wp\/v2\/posts\/15912","targetHints":{"allow":["GET"]}}],"collection":[{"href":"https:\/\/ferabrajan.com\/portal\/wp-json\/wp\/v2\/posts"}],"about":[{"href":"https:\/\/ferabrajan.com\/portal\/wp-json\/wp\/v2\/types\/post"}],"author":[{"embeddable":true,"href":"https:\/\/ferabrajan.com\/portal\/wp-json\/wp\/v2\/users\/1"}],"replies":[{"embeddable":true,"href":"https:\/\/ferabrajan.com\/portal\/wp-json\/wp\/v2\/comments?post=15912"}],"version-history":[{"count":0,"href":"https:\/\/ferabrajan.com\/portal\/wp-json\/wp\/v2\/posts\/15912\/revisions"}],"wp:attachment":[{"href":"https:\/\/ferabrajan.com\/portal\/wp-json\/wp\/v2\/media?parent=15912"}],"wp:term":[{"taxonomy":"category","embeddable":true,"href":"https:\/\/ferabrajan.com\/portal\/wp-json\/wp\/v2\/categories?post=15912"},{"taxonomy":"post_tag","embeddable":true,"href":"https:\/\/ferabrajan.com\/portal\/wp-json\/wp\/v2\/tags?post=15912"}],"curies":[{"name":"wp","href":"https:\/\/api.w.org\/{rel}","templated":true}]}}