{"id":15884,"date":"2020-07-29T13:13:00","date_gmt":"2020-07-29T13:13:00","guid":{"rendered":"https:\/\/www.ferabrajan.com\/2020\/07\/29\/christopher-nolan-tendra-un-cumpleanos-50-semi-amargo-por-tenet-y-el-covid-19\/"},"modified":"2020-07-29T13:13:00","modified_gmt":"2020-07-29T13:13:00","slug":"christopher-nolan-tendra-un-cumpleanos-50-semi-amargo-por-tenet-y-el-covid-19","status":"publish","type":"post","link":"https:\/\/ferabrajan.com\/portal\/2020\/07\/29\/christopher-nolan-tendra-un-cumpleanos-50-semi-amargo-por-tenet-y-el-covid-19\/","title":{"rendered":"Christopher Nolan tendr\u00e1 un cumplea\u00f1os 50 semi amargo por &#034;Tenet&#034; y el Covid-19"},"content":{"rendered":"<p>Es posible que haya pastel, pero seguro que no habr\u00e1 fiesta por <strong>\u00abTenet\u00bb<\/strong>. <strong>Christopher Nolan<\/strong>, uno de los pocos directores actuales que revientan <strong>taquillas<\/strong> sin sagas ni superh\u00e9roes, celebra ma\u00f1ana jueves su cumplea\u00f1os n\u00famero 50, pero lo har\u00e1 con el gesto torcido ante el tormento de retrasos de su esperad\u00edsima nueva cinta.<\/p>\n<p>Los cines esperaban como agua de mayo el estreno de \u00abTenet\u00bb para revertir la crisis del <strong>coronavirus<\/strong> que ha dejado las salas vac\u00edas y sus cuentas en n\u00fameros ruinosos.<\/p>\n<p>Pero el nuevo proyecto del cineasta, un orgulloso defensor de la gran pantalla, ha sido una v\u00edctima m\u00e1s de un penoso 2020 que <strong>Hollywood<\/strong> tardar\u00e1 much\u00edsimo tiempo en olvidar.<\/p>\n<p><span><strong>Tambi\u00e9n lee:<\/strong><\/span><a href=\"https:\/\/www.eluniversal.com.mx\/espectaculos\/tenet-toma-drastica-decision-para-estrenarse-pese-al-covid\" target=\"_blank\" rel=\"noopener noreferrer\"><span>&nbsp;\u00abTenet\u00bb toma dr\u00e1stica decisi\u00f3n para estrenarse pese al Covid&nbsp;<\/span><\/a><\/p>\n<h2>El retraso interminable&nbsp;<\/h2>\n<p>La <strong>pandemia<\/strong> ha dejado claro que un plan a corto o medio plazo puede saltar por los aires en cualquier momento.<\/p>\n<p>Y la industria del cine ha aprendido esta lecci\u00f3n a rega\u00f1adientes con un calendario de lanzamientos en 2020 que ha dado m\u00e1s vueltas que un trompo.<\/p>\n<p>Pero entre la nebulosa de retrasos y aplazamientos de cintas, Hollywood se agarraba a la tozudez de Nolan (y <strong>Warner Bros<\/strong>.) para estrenar \u00abTenet\u00bb como si fuera un faro con el que guiarse en medio de la tormenta (o, m\u00e1s prosaico, como un test de riesgo econ\u00f3mico sobre c\u00f3mo pod\u00eda funcionar una superproducci\u00f3n en medio de una pandemia).<\/p>\n<p>Las esperanzas se difuminaron sin respuesta posible.<\/p>\n<p>El 17 de julio, fecha inicial de estreno de \u00abTenet\u00bb que se mantuvo durante semanas mientras el resto de <strong>\u00abblockbuster\u00bb<\/strong> se retrasaban, finalmente se movi\u00f3 al 31 de julio, luego al 12 de agosto y despu\u00e9s desembarc\u00f3 en un aplazamiento indefinido.<\/p>\n<p><span><strong>Tambi\u00e9n lee:&nbsp;<\/strong><\/span><a href=\"https:\/\/www.eluniversal.com.mx\/espectaculos\/cine\/tenet-necesitaria-recaudar-800-mdd-para-ser-rentable\" target=\"_blank\" rel=\"noopener noreferrer\"><span>\u00abTenet\u00bb necesitar\u00eda recaudar 800 mdd en taquilla para ser rentable<\/span><\/a><\/p>\n<p>Las \u00faltimas noticias sobre \u00abTenet\u00bb, un misterioso thriller sobre la manipulaci\u00f3n del tiempo que protagonizan <strong>John David Washington<\/strong> y <strong>Robert Pattinson<\/strong>, se\u00f1alan que se presentar\u00e1 desde el 26 de agosto en pa\u00edses con las salas abiertas como <strong>Espa\u00f1a,<\/strong> <strong>Australia<\/strong>, <strong>Canad\u00e1<\/strong>, <strong>Francia<\/strong>, <strong>Alemania, Italia<\/strong>, <strong>Jap\u00f3n<\/strong>, <strong>Corea del Sur<\/strong>, <strong>Rusia<\/strong> y <strong>Reino Unido<\/strong>.<\/p>\n<p><strong>Estados Unidos<\/strong> apunta a un estreno limitado (lanzamiento en solo unos pocos mercados) a partir del 3 de septiembre, pero pensar que con esto termina el culebr\u00f3n de \u00abTenet\u00bb exige un acto de fe y optimismo muy poco apropiado para estos meses de zozobra pand\u00e9mica.<br \/>&nbsp;<\/p>\n<h2>El cine no s\u00f3lo por amor al arte&nbsp;<\/h2>\n<p>Nolan, junto a otros genios como <strong>Steven Spielberg<\/strong>, se ha erigido en los \u00faltimos a\u00f1os en un palad\u00edn de los cines frente al avance de gigantes digitales como <strong>Netflix<\/strong>.<\/p>\n<p>En el caso de Nolan es evidente que no es lo mismo ver en casa que en una sala las persecuciones on\u00edricas de <strong>\u00abInception\u00bb<\/strong> (2010), la majestuosa \u00e9pica de <strong>\u00abDunkirk\u00bb<\/strong> (2017) o la adictiva y absorbente trilog\u00eda sobre <strong>Batman<\/strong> (\u00abBatman Begins\u00bb, 2005; \u00abThe Dark Knight\u00bb, 2008; y \u00abThe Dark Knight Rises\u00bb, 2012).&nbsp;<\/p>\n<p>Con cinco nominaciones al <strong>Oscar<\/strong> y ninguna estatuilla en la mano, Nolan es un hijo orgulloso del cine independiente desde su sorprendente debut con <strong>\u00abFollowing\u00bb<\/strong> (1998) y el gran pelotazo que supuso la inolvidable (parad\u00f3jicamente por su historia) <strong>\u00abMemento\u00bb<\/strong> (2000).<\/p>\n<p><strong><span>Tambi\u00e9n lee:&nbsp;<\/span><\/strong><a href=\"https:\/\/www.eluniversal.com.mx\/espectaculos\/farandula\/roberto-palazuelos-manda-incomodo-saludo-eduardo-videgaray\" target=\"_blank\" rel=\"noopener noreferrer\"><span>Roberto Palazuelos manda inc\u00f3modo saludo a Eduardo Videgaray&nbsp;<\/span><\/a><\/p>\n<p>Pero mas all\u00e1 de motivos art\u00edsticos, el director hizo en marzo en The Washington Post una emocionante defensa de los cines como \u00abel lugar de reuni\u00f3n de nuestra comunidad m\u00e1s asequible y democr\u00e1tico\u00bb y pidi\u00f3 auxilio por la amenaza del coronavirus a las salas.<\/p>\n<p>\u00abCuando la gente piensa sobre el cine, lo primero que piensa es en las estrellas, los estudios, el glamur. Pero el negocio del cine va de todos: la gente trabajando en los puestos de comida, los que manejan el equipo, los que revisan las entradas, los que eligen las pel\u00edculas, los que venden publicidad y los que limpian los ba\u00f1os. Gente normal, muchos de ellos cobrando por horas\u00bb, explic\u00f3.<\/p>\n<p>&nbsp;\u00abEspero que la gente vea nuestra comunidad de exhibici\u00f3n por lo que es: una parte fundamental de la vida social, que proporciona trabajos para muchos y entretenimiento para todos. Son lugares de reuniones alegres donde los trabajadores proporcionan historias a gente que va a disfrutarlo con familia y amigos. Como director, mi trabajo nunca estar\u00e1 completo sin esos trabajadores y sin ese p\u00fablico\u00bb, a\u00f1adi\u00f3.<\/p>\n<p>al<\/p>\n<p>Publicaci\u00f3n Original: <a href=\"https:\/\/www.eluniversal.com.mx\/espectaculos\/cine\/christopher-nolan-tendra-un-cumpleanos-50-semi-amargo-por-tenet\" target=\"_blank\" rel=\"noopener noreferrer\">https:\/\/www.eluniversal.com.mx\/espectaculos\/cine\/christopher-nolan-tendra-un-cumpleanos-50-semi-amargo-por-tenet<\/a><\/p>\n","protected":false},"excerpt":{"rendered":"<p>Es posible que haya pastel, pero seguro que no habr\u00e1 fiesta por \u00abTenet\u00bb. Christopher Nolan, uno de los pocos directores actuales que revientan taquillas sin sagas ni superh\u00e9roes, celebra ma\u00f1ana jueves su cumplea\u00f1os n\u00famero 50, pero lo har\u00e1 con el gesto torcido ante el tormento de retrasos de su esperad\u00edsima nueva cinta. Los cines esperaban como agua de mayo el estreno de \u00abTenet\u00bb para revertir la crisis del coronavirus que ha dejado las salas vac\u00edas y sus cuentas en n\u00fameros ruinosos. Pero el nuevo proyecto del cineasta, un orgulloso defensor de la gran pantalla, ha sido una v\u00edctima m\u00e1s de un penoso 2020 que Hollywood tardar\u00e1 much\u00edsimo tiempo en olvidar. Tambi\u00e9n lee:&nbsp;\u00abTenet\u00bb toma dr\u00e1stica decisi\u00f3n para estrenarse pese al Covid&nbsp; El retraso interminable&nbsp; La pandemia ha dejado claro que un plan a corto o medio plazo puede saltar por los aires en cualquier momento. Y la industria del cine ha aprendido esta lecci\u00f3n a rega\u00f1adientes con un calendario de lanzamientos en 2020 que ha dado m\u00e1s vueltas que un trompo. Pero entre la nebulosa de retrasos y aplazamientos de cintas, Hollywood se agarraba a la tozudez de Nolan (y Warner Bros.) para estrenar \u00abTenet\u00bb como si fuera un faro con el que guiarse en medio de la tormenta (o, m\u00e1s prosaico, como un test de riesgo econ\u00f3mico sobre c\u00f3mo pod\u00eda funcionar una superproducci\u00f3n en medio de una pandemia). Las esperanzas se difuminaron sin respuesta posible. El 17 de julio, fecha inicial de estreno de \u00abTenet\u00bb que se mantuvo durante semanas mientras el resto de \u00abblockbuster\u00bb se retrasaban, finalmente se movi\u00f3 al 31 de julio, luego al 12 de agosto y despu\u00e9s desembarc\u00f3 en un aplazamiento indefinido. Tambi\u00e9n lee:&nbsp;\u00abTenet\u00bb necesitar\u00eda recaudar 800 mdd en taquilla para ser rentable Las \u00faltimas noticias sobre \u00abTenet\u00bb, un misterioso thriller sobre la manipulaci\u00f3n del tiempo que protagonizan John David Washington y Robert Pattinson, se\u00f1alan que se presentar\u00e1 desde el 26 de agosto en pa\u00edses con las salas abiertas como Espa\u00f1a, Australia, Canad\u00e1, Francia, Alemania, Italia, Jap\u00f3n, Corea del Sur, Rusia y Reino Unido. Estados Unidos apunta a un estreno limitado (lanzamiento en solo unos pocos mercados) a partir del 3 de septiembre, pero pensar que con esto termina el culebr\u00f3n de \u00abTenet\u00bb exige un acto de fe y optimismo muy poco apropiado para estos meses de zozobra pand\u00e9mica.&nbsp; El cine no s\u00f3lo por amor al arte&nbsp; Nolan, junto a otros genios como Steven Spielberg, se ha erigido en los \u00faltimos a\u00f1os en un palad\u00edn de los cines frente al avance de gigantes digitales como Netflix. En el caso de Nolan es evidente que no es lo mismo ver en casa que en una sala las persecuciones on\u00edricas de \u00abInception\u00bb (2010), la majestuosa \u00e9pica de \u00abDunkirk\u00bb (2017) o la adictiva y absorbente trilog\u00eda sobre Batman (\u00abBatman Begins\u00bb, 2005; \u00abThe Dark Knight\u00bb, 2008; y \u00abThe Dark Knight Rises\u00bb, 2012).&nbsp; Con cinco nominaciones al Oscar y ninguna estatuilla en la mano, Nolan es un hijo orgulloso del cine independiente desde su sorprendente debut con \u00abFollowing\u00bb (1998) y el gran pelotazo que supuso la inolvidable (parad\u00f3jicamente por su historia) \u00abMemento\u00bb (2000). Tambi\u00e9n lee:&nbsp;Roberto Palazuelos manda inc\u00f3modo saludo a Eduardo Videgaray&nbsp; Pero mas all\u00e1 de motivos art\u00edsticos, el director hizo en marzo en The Washington Post una emocionante defensa de los cines como \u00abel lugar de reuni\u00f3n de nuestra comunidad m\u00e1s asequible y democr\u00e1tico\u00bb y pidi\u00f3 auxilio por la amenaza del coronavirus a las salas. \u00abCuando la gente piensa sobre el cine, lo primero que piensa es en las estrellas, los estudios, el glamur. Pero el negocio del cine va de todos: la gente trabajando en los puestos de comida, los que manejan el equipo, los que revisan las entradas, los que eligen las pel\u00edculas, los que venden publicidad y los que limpian los ba\u00f1os. Gente normal, muchos de ellos cobrando por horas\u00bb, explic\u00f3. &nbsp;\u00abEspero que la gente vea nuestra comunidad de exhibici\u00f3n por lo que es: una parte fundamental de la vida social, que proporciona trabajos para muchos y entretenimiento para todos. Son lugares de reuniones alegres donde los trabajadores proporcionan historias a gente que va a disfrutarlo con familia y amigos. Como director, mi trabajo nunca estar\u00e1 completo sin esos trabajadores y sin ese p\u00fablico\u00bb, a\u00f1adi\u00f3. al Publicaci\u00f3n Original: https:\/\/www.eluniversal.com.mx\/espectaculos\/cine\/christopher-nolan-tendra-un-cumpleanos-50-semi-amargo-por-tenet<\/p>\n","protected":false},"author":1,"featured_media":0,"comment_status":"open","ping_status":"closed","sticky":false,"template":"","format":"standard","meta":{"_monsterinsights_skip_tracking":false,"_uf_show_specific_survey":0,"_uf_disable_surveys":false,"footnotes":""},"categories":[36],"tags":[],"class_list":["post-15884","post","type-post","status-publish","format-standard","hentry","category-el-mundo"],"yoast_head":"<!-- This site is optimized with the Yoast SEO plugin v27.5 - https:\/\/yoast.com\/product\/yoast-seo-wordpress\/ -->\n<title>Christopher Nolan tendr\u00e1 un cumplea\u00f1os 50 semi amargo por &#034;Tenet&#034; y el Covid-19 - Fer Abrajan<\/title>\n<meta name=\"robots\" content=\"index, follow, max-snippet:-1, max-image-preview:large, max-video-preview:-1\" \/>\n<link rel=\"canonical\" href=\"https:\/\/ferabrajan.com\/portal\/2020\/07\/29\/christopher-nolan-tendra-un-cumpleanos-50-semi-amargo-por-tenet-y-el-covid-19\/\" \/>\n<meta property=\"og:locale\" content=\"es_ES\" \/>\n<meta property=\"og:type\" content=\"article\" \/>\n<meta property=\"og:title\" content=\"Christopher Nolan tendr\u00e1 un cumplea\u00f1os 50 semi amargo por &#034;Tenet&#034; y el Covid-19 - Fer Abrajan\" \/>\n<meta property=\"og:description\" content=\"Es posible que haya pastel, pero seguro que no habr\u00e1 fiesta por \u00abTenet\u00bb. Christopher Nolan, uno de los pocos directores actuales que revientan taquillas sin sagas ni superh\u00e9roes, celebra ma\u00f1ana jueves su cumplea\u00f1os n\u00famero 50, pero lo har\u00e1 con el gesto torcido ante el tormento de retrasos de su esperad\u00edsima nueva cinta. Los cines esperaban como agua de mayo el estreno de \u00abTenet\u00bb para revertir la crisis del coronavirus que ha dejado las salas vac\u00edas y sus cuentas en n\u00fameros ruinosos. Pero el nuevo proyecto del cineasta, un orgulloso defensor de la gran pantalla, ha sido una v\u00edctima m\u00e1s de un penoso 2020 que Hollywood tardar\u00e1 much\u00edsimo tiempo en olvidar. Tambi\u00e9n lee:&nbsp;\u00abTenet\u00bb toma dr\u00e1stica decisi\u00f3n para estrenarse pese al Covid&nbsp; El retraso interminable&nbsp; La pandemia ha dejado claro que un plan a corto o medio plazo puede saltar por los aires en cualquier momento. Y la industria del cine ha aprendido esta lecci\u00f3n a rega\u00f1adientes con un calendario de lanzamientos en 2020 que ha dado m\u00e1s vueltas que un trompo. Pero entre la nebulosa de retrasos y aplazamientos de cintas, Hollywood se agarraba a la tozudez de Nolan (y Warner Bros.) para estrenar \u00abTenet\u00bb como si fuera un faro con el que guiarse en medio de la tormenta (o, m\u00e1s prosaico, como un test de riesgo econ\u00f3mico sobre c\u00f3mo pod\u00eda funcionar una superproducci\u00f3n en medio de una pandemia). Las esperanzas se difuminaron sin respuesta posible. El 17 de julio, fecha inicial de estreno de \u00abTenet\u00bb que se mantuvo durante semanas mientras el resto de \u00abblockbuster\u00bb se retrasaban, finalmente se movi\u00f3 al 31 de julio, luego al 12 de agosto y despu\u00e9s desembarc\u00f3 en un aplazamiento indefinido. Tambi\u00e9n lee:&nbsp;\u00abTenet\u00bb necesitar\u00eda recaudar 800 mdd en taquilla para ser rentable Las \u00faltimas noticias sobre \u00abTenet\u00bb, un misterioso thriller sobre la manipulaci\u00f3n del tiempo que protagonizan John David Washington y Robert Pattinson, se\u00f1alan que se presentar\u00e1 desde el 26 de agosto en pa\u00edses con las salas abiertas como Espa\u00f1a, Australia, Canad\u00e1, Francia, Alemania, Italia, Jap\u00f3n, Corea del Sur, Rusia y Reino Unido. Estados Unidos apunta a un estreno limitado (lanzamiento en solo unos pocos mercados) a partir del 3 de septiembre, pero pensar que con esto termina el culebr\u00f3n de \u00abTenet\u00bb exige un acto de fe y optimismo muy poco apropiado para estos meses de zozobra pand\u00e9mica.&nbsp; El cine no s\u00f3lo por amor al arte&nbsp; Nolan, junto a otros genios como Steven Spielberg, se ha erigido en los \u00faltimos a\u00f1os en un palad\u00edn de los cines frente al avance de gigantes digitales como Netflix. En el caso de Nolan es evidente que no es lo mismo ver en casa que en una sala las persecuciones on\u00edricas de \u00abInception\u00bb (2010), la majestuosa \u00e9pica de \u00abDunkirk\u00bb (2017) o la adictiva y absorbente trilog\u00eda sobre Batman (\u00abBatman Begins\u00bb, 2005; \u00abThe Dark Knight\u00bb, 2008; y \u00abThe Dark Knight Rises\u00bb, 2012).&nbsp; Con cinco nominaciones al Oscar y ninguna estatuilla en la mano, Nolan es un hijo orgulloso del cine independiente desde su sorprendente debut con \u00abFollowing\u00bb (1998) y el gran pelotazo que supuso la inolvidable (parad\u00f3jicamente por su historia) \u00abMemento\u00bb (2000). Tambi\u00e9n lee:&nbsp;Roberto Palazuelos manda inc\u00f3modo saludo a Eduardo Videgaray&nbsp; Pero mas all\u00e1 de motivos art\u00edsticos, el director hizo en marzo en The Washington Post una emocionante defensa de los cines como \u00abel lugar de reuni\u00f3n de nuestra comunidad m\u00e1s asequible y democr\u00e1tico\u00bb y pidi\u00f3 auxilio por la amenaza del coronavirus a las salas. \u00abCuando la gente piensa sobre el cine, lo primero que piensa es en las estrellas, los estudios, el glamur. Pero el negocio del cine va de todos: la gente trabajando en los puestos de comida, los que manejan el equipo, los que revisan las entradas, los que eligen las pel\u00edculas, los que venden publicidad y los que limpian los ba\u00f1os. Gente normal, muchos de ellos cobrando por horas\u00bb, explic\u00f3. &nbsp;\u00abEspero que la gente vea nuestra comunidad de exhibici\u00f3n por lo que es: una parte fundamental de la vida social, que proporciona trabajos para muchos y entretenimiento para todos. Son lugares de reuniones alegres donde los trabajadores proporcionan historias a gente que va a disfrutarlo con familia y amigos. Como director, mi trabajo nunca estar\u00e1 completo sin esos trabajadores y sin ese p\u00fablico\u00bb, a\u00f1adi\u00f3. al Publicaci\u00f3n Original: https:\/\/www.eluniversal.com.mx\/espectaculos\/cine\/christopher-nolan-tendra-un-cumpleanos-50-semi-amargo-por-tenet\" \/>\n<meta property=\"og:url\" content=\"https:\/\/ferabrajan.com\/portal\/2020\/07\/29\/christopher-nolan-tendra-un-cumpleanos-50-semi-amargo-por-tenet-y-el-covid-19\/\" \/>\n<meta property=\"og:site_name\" content=\"Fer Abrajan\" \/>\n<meta property=\"article:publisher\" content=\"https:\/\/www.facebook.com\/NoticiasconFerAbrajan\/\" \/>\n<meta property=\"article:published_time\" content=\"2020-07-29T13:13:00+00:00\" \/>\n<meta name=\"author\" content=\"admin\" \/>\n<meta name=\"twitter:card\" content=\"summary_large_image\" \/>\n<meta name=\"twitter:creator\" content=\"@ferabrajan1\" \/>\n<meta name=\"twitter:site\" content=\"@ferabrajan1\" \/>\n<meta name=\"twitter:label1\" content=\"Escrito por\" \/>\n\t<meta name=\"twitter:data1\" content=\"admin\" \/>\n\t<meta name=\"twitter:label2\" content=\"Tiempo de lectura\" \/>\n\t<meta name=\"twitter:data2\" content=\"4 minutos\" \/>\n<script type=\"application\/ld+json\" class=\"yoast-schema-graph\">{\"@context\":\"https:\\\/\\\/schema.org\",\"@graph\":[{\"@type\":\"Article\",\"@id\":\"https:\\\/\\\/ferabrajan.com\\\/portal\\\/2020\\\/07\\\/29\\\/christopher-nolan-tendra-un-cumpleanos-50-semi-amargo-por-tenet-y-el-covid-19\\\/#article\",\"isPartOf\":{\"@id\":\"https:\\\/\\\/ferabrajan.com\\\/portal\\\/2020\\\/07\\\/29\\\/christopher-nolan-tendra-un-cumpleanos-50-semi-amargo-por-tenet-y-el-covid-19\\\/\"},\"author\":{\"name\":\"admin\",\"@id\":\"https:\\\/\\\/ferabrajan.com\\\/portal\\\/#\\\/schema\\\/person\\\/f6113b3cb1e036d5c6a9505685b257ba\"},\"headline\":\"Christopher Nolan tendr\u00e1 un cumplea\u00f1os 50 semi amargo por &#034;Tenet&#034; y el Covid-19\",\"datePublished\":\"2020-07-29T13:13:00+00:00\",\"mainEntityOfPage\":{\"@id\":\"https:\\\/\\\/ferabrajan.com\\\/portal\\\/2020\\\/07\\\/29\\\/christopher-nolan-tendra-un-cumpleanos-50-semi-amargo-por-tenet-y-el-covid-19\\\/\"},\"wordCount\":769,\"commentCount\":0,\"publisher\":{\"@id\":\"https:\\\/\\\/ferabrajan.com\\\/portal\\\/#organization\"},\"articleSection\":[\"El Mundo\"],\"inLanguage\":\"es\"},{\"@type\":\"WebPage\",\"@id\":\"https:\\\/\\\/ferabrajan.com\\\/portal\\\/2020\\\/07\\\/29\\\/christopher-nolan-tendra-un-cumpleanos-50-semi-amargo-por-tenet-y-el-covid-19\\\/\",\"url\":\"https:\\\/\\\/ferabrajan.com\\\/portal\\\/2020\\\/07\\\/29\\\/christopher-nolan-tendra-un-cumpleanos-50-semi-amargo-por-tenet-y-el-covid-19\\\/\",\"name\":\"Christopher Nolan tendr\u00e1 un cumplea\u00f1os 50 semi amargo por &#034;Tenet&#034; y el Covid-19 - Fer Abrajan\",\"isPartOf\":{\"@id\":\"https:\\\/\\\/ferabrajan.com\\\/portal\\\/#website\"},\"datePublished\":\"2020-07-29T13:13:00+00:00\",\"breadcrumb\":{\"@id\":\"https:\\\/\\\/ferabrajan.com\\\/portal\\\/2020\\\/07\\\/29\\\/christopher-nolan-tendra-un-cumpleanos-50-semi-amargo-por-tenet-y-el-covid-19\\\/#breadcrumb\"},\"inLanguage\":\"es\",\"potentialAction\":[{\"@type\":\"ReadAction\",\"target\":[\"https:\\\/\\\/ferabrajan.com\\\/portal\\\/2020\\\/07\\\/29\\\/christopher-nolan-tendra-un-cumpleanos-50-semi-amargo-por-tenet-y-el-covid-19\\\/\"]}]},{\"@type\":\"BreadcrumbList\",\"@id\":\"https:\\\/\\\/ferabrajan.com\\\/portal\\\/2020\\\/07\\\/29\\\/christopher-nolan-tendra-un-cumpleanos-50-semi-amargo-por-tenet-y-el-covid-19\\\/#breadcrumb\",\"itemListElement\":[{\"@type\":\"ListItem\",\"position\":1,\"name\":\"Portada\",\"item\":\"https:\\\/\\\/ferabrajan.com\\\/portal\\\/\"},{\"@type\":\"ListItem\",\"position\":2,\"name\":\"Christopher Nolan tendr\u00e1 un cumplea\u00f1os 50 semi amargo por &#034;Tenet&#034; y el Covid-19\"}]},{\"@type\":\"WebSite\",\"@id\":\"https:\\\/\\\/ferabrajan.com\\\/portal\\\/#website\",\"url\":\"https:\\\/\\\/ferabrajan.com\\\/portal\\\/\",\"name\":\"Fer Abrajan\",\"description\":\"Noticias de Puebla, opini\u00f3n y radio en vivo\",\"publisher\":{\"@id\":\"https:\\\/\\\/ferabrajan.com\\\/portal\\\/#organization\"},\"potentialAction\":[{\"@type\":\"SearchAction\",\"target\":{\"@type\":\"EntryPoint\",\"urlTemplate\":\"https:\\\/\\\/ferabrajan.com\\\/portal\\\/?s={search_term_string}\"},\"query-input\":{\"@type\":\"PropertyValueSpecification\",\"valueRequired\":true,\"valueName\":\"search_term_string\"}}],\"inLanguage\":\"es\"},{\"@type\":\"Organization\",\"@id\":\"https:\\\/\\\/ferabrajan.com\\\/portal\\\/#organization\",\"name\":\"Fer Abrajan\",\"url\":\"https:\\\/\\\/ferabrajan.com\\\/portal\\\/\",\"logo\":{\"@type\":\"ImageObject\",\"inLanguage\":\"es\",\"@id\":\"https:\\\/\\\/ferabrajan.com\\\/portal\\\/#\\\/schema\\\/logo\\\/image\\\/\",\"url\":\"https:\\\/\\\/ferabrajan.com\\\/portal\\\/wp-content\\\/uploads\\\/2024\\\/10\\\/cropped-logo.jpeg\",\"contentUrl\":\"https:\\\/\\\/ferabrajan.com\\\/portal\\\/wp-content\\\/uploads\\\/2024\\\/10\\\/cropped-logo.jpeg\",\"width\":500,\"height\":250,\"caption\":\"Fer Abrajan\"},\"image\":{\"@id\":\"https:\\\/\\\/ferabrajan.com\\\/portal\\\/#\\\/schema\\\/logo\\\/image\\\/\"},\"sameAs\":[\"https:\\\/\\\/www.facebook.com\\\/NoticiasconFerAbrajan\\\/\",\"https:\\\/\\\/x.com\\\/ferabrajan1\"]},{\"@type\":\"Person\",\"@id\":\"https:\\\/\\\/ferabrajan.com\\\/portal\\\/#\\\/schema\\\/person\\\/f6113b3cb1e036d5c6a9505685b257ba\",\"name\":\"admin\",\"image\":{\"@type\":\"ImageObject\",\"inLanguage\":\"es\",\"@id\":\"https:\\\/\\\/secure.gravatar.com\\\/avatar\\\/072baa72775aad53c748dfc5d3048578e01b6c087eef335459ebfa04344e2d18?s=96&d=mm&r=g\",\"url\":\"https:\\\/\\\/secure.gravatar.com\\\/avatar\\\/072baa72775aad53c748dfc5d3048578e01b6c087eef335459ebfa04344e2d18?s=96&d=mm&r=g\",\"contentUrl\":\"https:\\\/\\\/secure.gravatar.com\\\/avatar\\\/072baa72775aad53c748dfc5d3048578e01b6c087eef335459ebfa04344e2d18?s=96&d=mm&r=g\",\"caption\":\"admin\"},\"sameAs\":[\"https:\\\/\\\/ferabrajan.com\\\/portal\"],\"url\":\"https:\\\/\\\/ferabrajan.com\\\/portal\\\/author\\\/admin\\\/\"}]}<\/script>\n<!-- \/ Yoast SEO plugin. -->","yoast_head_json":{"title":"Christopher Nolan tendr\u00e1 un cumplea\u00f1os 50 semi amargo por &#034;Tenet&#034; y el Covid-19 - Fer Abrajan","robots":{"index":"index","follow":"follow","max-snippet":"max-snippet:-1","max-image-preview":"max-image-preview:large","max-video-preview":"max-video-preview:-1"},"canonical":"https:\/\/ferabrajan.com\/portal\/2020\/07\/29\/christopher-nolan-tendra-un-cumpleanos-50-semi-amargo-por-tenet-y-el-covid-19\/","og_locale":"es_ES","og_type":"article","og_title":"Christopher Nolan tendr\u00e1 un cumplea\u00f1os 50 semi amargo por &#034;Tenet&#034; y el Covid-19 - Fer Abrajan","og_description":"Es posible que haya pastel, pero seguro que no habr\u00e1 fiesta por \u00abTenet\u00bb. Christopher Nolan, uno de los pocos directores actuales que revientan taquillas sin sagas ni superh\u00e9roes, celebra ma\u00f1ana jueves su cumplea\u00f1os n\u00famero 50, pero lo har\u00e1 con el gesto torcido ante el tormento de retrasos de su esperad\u00edsima nueva cinta. Los cines esperaban como agua de mayo el estreno de \u00abTenet\u00bb para revertir la crisis del coronavirus que ha dejado las salas vac\u00edas y sus cuentas en n\u00fameros ruinosos. Pero el nuevo proyecto del cineasta, un orgulloso defensor de la gran pantalla, ha sido una v\u00edctima m\u00e1s de un penoso 2020 que Hollywood tardar\u00e1 much\u00edsimo tiempo en olvidar. Tambi\u00e9n lee:&nbsp;\u00abTenet\u00bb toma dr\u00e1stica decisi\u00f3n para estrenarse pese al Covid&nbsp; El retraso interminable&nbsp; La pandemia ha dejado claro que un plan a corto o medio plazo puede saltar por los aires en cualquier momento. Y la industria del cine ha aprendido esta lecci\u00f3n a rega\u00f1adientes con un calendario de lanzamientos en 2020 que ha dado m\u00e1s vueltas que un trompo. Pero entre la nebulosa de retrasos y aplazamientos de cintas, Hollywood se agarraba a la tozudez de Nolan (y Warner Bros.) para estrenar \u00abTenet\u00bb como si fuera un faro con el que guiarse en medio de la tormenta (o, m\u00e1s prosaico, como un test de riesgo econ\u00f3mico sobre c\u00f3mo pod\u00eda funcionar una superproducci\u00f3n en medio de una pandemia). Las esperanzas se difuminaron sin respuesta posible. El 17 de julio, fecha inicial de estreno de \u00abTenet\u00bb que se mantuvo durante semanas mientras el resto de \u00abblockbuster\u00bb se retrasaban, finalmente se movi\u00f3 al 31 de julio, luego al 12 de agosto y despu\u00e9s desembarc\u00f3 en un aplazamiento indefinido. Tambi\u00e9n lee:&nbsp;\u00abTenet\u00bb necesitar\u00eda recaudar 800 mdd en taquilla para ser rentable Las \u00faltimas noticias sobre \u00abTenet\u00bb, un misterioso thriller sobre la manipulaci\u00f3n del tiempo que protagonizan John David Washington y Robert Pattinson, se\u00f1alan que se presentar\u00e1 desde el 26 de agosto en pa\u00edses con las salas abiertas como Espa\u00f1a, Australia, Canad\u00e1, Francia, Alemania, Italia, Jap\u00f3n, Corea del Sur, Rusia y Reino Unido. Estados Unidos apunta a un estreno limitado (lanzamiento en solo unos pocos mercados) a partir del 3 de septiembre, pero pensar que con esto termina el culebr\u00f3n de \u00abTenet\u00bb exige un acto de fe y optimismo muy poco apropiado para estos meses de zozobra pand\u00e9mica.&nbsp; El cine no s\u00f3lo por amor al arte&nbsp; Nolan, junto a otros genios como Steven Spielberg, se ha erigido en los \u00faltimos a\u00f1os en un palad\u00edn de los cines frente al avance de gigantes digitales como Netflix. En el caso de Nolan es evidente que no es lo mismo ver en casa que en una sala las persecuciones on\u00edricas de \u00abInception\u00bb (2010), la majestuosa \u00e9pica de \u00abDunkirk\u00bb (2017) o la adictiva y absorbente trilog\u00eda sobre Batman (\u00abBatman Begins\u00bb, 2005; \u00abThe Dark Knight\u00bb, 2008; y \u00abThe Dark Knight Rises\u00bb, 2012).&nbsp; Con cinco nominaciones al Oscar y ninguna estatuilla en la mano, Nolan es un hijo orgulloso del cine independiente desde su sorprendente debut con \u00abFollowing\u00bb (1998) y el gran pelotazo que supuso la inolvidable (parad\u00f3jicamente por su historia) \u00abMemento\u00bb (2000). Tambi\u00e9n lee:&nbsp;Roberto Palazuelos manda inc\u00f3modo saludo a Eduardo Videgaray&nbsp; Pero mas all\u00e1 de motivos art\u00edsticos, el director hizo en marzo en The Washington Post una emocionante defensa de los cines como \u00abel lugar de reuni\u00f3n de nuestra comunidad m\u00e1s asequible y democr\u00e1tico\u00bb y pidi\u00f3 auxilio por la amenaza del coronavirus a las salas. \u00abCuando la gente piensa sobre el cine, lo primero que piensa es en las estrellas, los estudios, el glamur. Pero el negocio del cine va de todos: la gente trabajando en los puestos de comida, los que manejan el equipo, los que revisan las entradas, los que eligen las pel\u00edculas, los que venden publicidad y los que limpian los ba\u00f1os. Gente normal, muchos de ellos cobrando por horas\u00bb, explic\u00f3. &nbsp;\u00abEspero que la gente vea nuestra comunidad de exhibici\u00f3n por lo que es: una parte fundamental de la vida social, que proporciona trabajos para muchos y entretenimiento para todos. Son lugares de reuniones alegres donde los trabajadores proporcionan historias a gente que va a disfrutarlo con familia y amigos. Como director, mi trabajo nunca estar\u00e1 completo sin esos trabajadores y sin ese p\u00fablico\u00bb, a\u00f1adi\u00f3. al Publicaci\u00f3n Original: https:\/\/www.eluniversal.com.mx\/espectaculos\/cine\/christopher-nolan-tendra-un-cumpleanos-50-semi-amargo-por-tenet","og_url":"https:\/\/ferabrajan.com\/portal\/2020\/07\/29\/christopher-nolan-tendra-un-cumpleanos-50-semi-amargo-por-tenet-y-el-covid-19\/","og_site_name":"Fer Abrajan","article_publisher":"https:\/\/www.facebook.com\/NoticiasconFerAbrajan\/","article_published_time":"2020-07-29T13:13:00+00:00","author":"admin","twitter_card":"summary_large_image","twitter_creator":"@ferabrajan1","twitter_site":"@ferabrajan1","twitter_misc":{"Escrito por":"admin","Tiempo de lectura":"4 minutos"},"schema":{"@context":"https:\/\/schema.org","@graph":[{"@type":"Article","@id":"https:\/\/ferabrajan.com\/portal\/2020\/07\/29\/christopher-nolan-tendra-un-cumpleanos-50-semi-amargo-por-tenet-y-el-covid-19\/#article","isPartOf":{"@id":"https:\/\/ferabrajan.com\/portal\/2020\/07\/29\/christopher-nolan-tendra-un-cumpleanos-50-semi-amargo-por-tenet-y-el-covid-19\/"},"author":{"name":"admin","@id":"https:\/\/ferabrajan.com\/portal\/#\/schema\/person\/f6113b3cb1e036d5c6a9505685b257ba"},"headline":"Christopher Nolan tendr\u00e1 un cumplea\u00f1os 50 semi amargo por &#034;Tenet&#034; y el Covid-19","datePublished":"2020-07-29T13:13:00+00:00","mainEntityOfPage":{"@id":"https:\/\/ferabrajan.com\/portal\/2020\/07\/29\/christopher-nolan-tendra-un-cumpleanos-50-semi-amargo-por-tenet-y-el-covid-19\/"},"wordCount":769,"commentCount":0,"publisher":{"@id":"https:\/\/ferabrajan.com\/portal\/#organization"},"articleSection":["El Mundo"],"inLanguage":"es"},{"@type":"WebPage","@id":"https:\/\/ferabrajan.com\/portal\/2020\/07\/29\/christopher-nolan-tendra-un-cumpleanos-50-semi-amargo-por-tenet-y-el-covid-19\/","url":"https:\/\/ferabrajan.com\/portal\/2020\/07\/29\/christopher-nolan-tendra-un-cumpleanos-50-semi-amargo-por-tenet-y-el-covid-19\/","name":"Christopher Nolan tendr\u00e1 un cumplea\u00f1os 50 semi amargo por &#034;Tenet&#034; y el Covid-19 - Fer Abrajan","isPartOf":{"@id":"https:\/\/ferabrajan.com\/portal\/#website"},"datePublished":"2020-07-29T13:13:00+00:00","breadcrumb":{"@id":"https:\/\/ferabrajan.com\/portal\/2020\/07\/29\/christopher-nolan-tendra-un-cumpleanos-50-semi-amargo-por-tenet-y-el-covid-19\/#breadcrumb"},"inLanguage":"es","potentialAction":[{"@type":"ReadAction","target":["https:\/\/ferabrajan.com\/portal\/2020\/07\/29\/christopher-nolan-tendra-un-cumpleanos-50-semi-amargo-por-tenet-y-el-covid-19\/"]}]},{"@type":"BreadcrumbList","@id":"https:\/\/ferabrajan.com\/portal\/2020\/07\/29\/christopher-nolan-tendra-un-cumpleanos-50-semi-amargo-por-tenet-y-el-covid-19\/#breadcrumb","itemListElement":[{"@type":"ListItem","position":1,"name":"Portada","item":"https:\/\/ferabrajan.com\/portal\/"},{"@type":"ListItem","position":2,"name":"Christopher Nolan tendr\u00e1 un cumplea\u00f1os 50 semi amargo por &#034;Tenet&#034; y el Covid-19"}]},{"@type":"WebSite","@id":"https:\/\/ferabrajan.com\/portal\/#website","url":"https:\/\/ferabrajan.com\/portal\/","name":"Fer Abrajan","description":"Noticias de Puebla, opini\u00f3n y radio en vivo","publisher":{"@id":"https:\/\/ferabrajan.com\/portal\/#organization"},"potentialAction":[{"@type":"SearchAction","target":{"@type":"EntryPoint","urlTemplate":"https:\/\/ferabrajan.com\/portal\/?s={search_term_string}"},"query-input":{"@type":"PropertyValueSpecification","valueRequired":true,"valueName":"search_term_string"}}],"inLanguage":"es"},{"@type":"Organization","@id":"https:\/\/ferabrajan.com\/portal\/#organization","name":"Fer Abrajan","url":"https:\/\/ferabrajan.com\/portal\/","logo":{"@type":"ImageObject","inLanguage":"es","@id":"https:\/\/ferabrajan.com\/portal\/#\/schema\/logo\/image\/","url":"https:\/\/ferabrajan.com\/portal\/wp-content\/uploads\/2024\/10\/cropped-logo.jpeg","contentUrl":"https:\/\/ferabrajan.com\/portal\/wp-content\/uploads\/2024\/10\/cropped-logo.jpeg","width":500,"height":250,"caption":"Fer Abrajan"},"image":{"@id":"https:\/\/ferabrajan.com\/portal\/#\/schema\/logo\/image\/"},"sameAs":["https:\/\/www.facebook.com\/NoticiasconFerAbrajan\/","https:\/\/x.com\/ferabrajan1"]},{"@type":"Person","@id":"https:\/\/ferabrajan.com\/portal\/#\/schema\/person\/f6113b3cb1e036d5c6a9505685b257ba","name":"admin","image":{"@type":"ImageObject","inLanguage":"es","@id":"https:\/\/secure.gravatar.com\/avatar\/072baa72775aad53c748dfc5d3048578e01b6c087eef335459ebfa04344e2d18?s=96&d=mm&r=g","url":"https:\/\/secure.gravatar.com\/avatar\/072baa72775aad53c748dfc5d3048578e01b6c087eef335459ebfa04344e2d18?s=96&d=mm&r=g","contentUrl":"https:\/\/secure.gravatar.com\/avatar\/072baa72775aad53c748dfc5d3048578e01b6c087eef335459ebfa04344e2d18?s=96&d=mm&r=g","caption":"admin"},"sameAs":["https:\/\/ferabrajan.com\/portal"],"url":"https:\/\/ferabrajan.com\/portal\/author\/admin\/"}]}},"_links":{"self":[{"href":"https:\/\/ferabrajan.com\/portal\/wp-json\/wp\/v2\/posts\/15884","targetHints":{"allow":["GET"]}}],"collection":[{"href":"https:\/\/ferabrajan.com\/portal\/wp-json\/wp\/v2\/posts"}],"about":[{"href":"https:\/\/ferabrajan.com\/portal\/wp-json\/wp\/v2\/types\/post"}],"author":[{"embeddable":true,"href":"https:\/\/ferabrajan.com\/portal\/wp-json\/wp\/v2\/users\/1"}],"replies":[{"embeddable":true,"href":"https:\/\/ferabrajan.com\/portal\/wp-json\/wp\/v2\/comments?post=15884"}],"version-history":[{"count":0,"href":"https:\/\/ferabrajan.com\/portal\/wp-json\/wp\/v2\/posts\/15884\/revisions"}],"wp:attachment":[{"href":"https:\/\/ferabrajan.com\/portal\/wp-json\/wp\/v2\/media?parent=15884"}],"wp:term":[{"taxonomy":"category","embeddable":true,"href":"https:\/\/ferabrajan.com\/portal\/wp-json\/wp\/v2\/categories?post=15884"},{"taxonomy":"post_tag","embeddable":true,"href":"https:\/\/ferabrajan.com\/portal\/wp-json\/wp\/v2\/tags?post=15884"}],"curies":[{"name":"wp","href":"https:\/\/api.w.org\/{rel}","templated":true}]}}