{"id":15879,"date":"2020-07-29T13:17:00","date_gmt":"2020-07-29T13:17:00","guid":{"rendered":"https:\/\/www.ferabrajan.com\/2020\/07\/29\/panistas-toman-tribuna-del-senado-antes-de-la-sesion\/"},"modified":"2020-07-29T13:17:00","modified_gmt":"2020-07-29T13:17:00","slug":"panistas-toman-tribuna-del-senado-antes-de-la-sesion","status":"publish","type":"post","link":"https:\/\/ferabrajan.com\/portal\/2020\/07\/29\/panistas-toman-tribuna-del-senado-antes-de-la-sesion\/","title":{"rendered":"Panistas toman Tribuna del Senado antes de la sesi\u00f3n"},"content":{"rendered":"<div><img decoding=\"async\" src=\"https:\/\/www.eluniversal.com.mx\/sites\/default\/files\/styles\/f03-651x400\/public\/2020\/07\/29\/monica-fernandez.jpg?itok=lzENUWvU\" class=\"ff-og-image-inserted\"><\/div>\n<p>Integrantes de la <strong>bancada de Acci\u00f3n Nacional en el Senado<\/strong> ocuparon lugares de la mesa directiva, antes de que la <strong>presidenta de la mesa directiva<\/strong>, M\u00f3nica Fern\u00e1ndez Balboa (<strong>Morena<\/strong>), abriera la sesi\u00f3n extraordinaria en la que se habr\u00e1 de abordar una agenda que incluye llevar a diversas leyes la <strong>prisi\u00f3n preventiva oficiosa<\/strong>, y una adici\u00f3n a la <strong>Ley de Adquisiciones<\/strong> en materia de medicamentos comprados en el extranjero.<\/p>\n<p>La <strong>senadora Martha Cecilia M\u00e1rquez Alvarado<\/strong> (PAN) ocup\u00f3 el lugar de la presidencia de la mesa directiva, desde el cual se dirigen las <strong>sesiones del pleno<\/strong>.<\/p>\n<p>X\u00f3chitl G\u00e1lvez Ruiz (PAN) acompa\u00f1\u00f3 de pie a M\u00e1rquez Alvarado.<\/p>\n<p>A las 12:50 horas, M\u00f3nica Fern\u00e1ndez pidi\u00f3 que la panista M\u00e1rquez Alvarado \u00abdesocupe mi lugar\u00bb, y dijo que la sesi\u00f3n no se iniciar\u00e1 \u00abhasta que haya condiciones\u00bb.<\/p>\n<p>grg&nbsp;<\/p>\n<p>Publicaci\u00f3n Original: <a href=\"https:\/\/www.eluniversal.com.mx\/nacion\/panistas-toman-tribuna-del-senado-antes-de-la-sesion\" target=\"_blank\" rel=\"noopener noreferrer\">https:\/\/www.eluniversal.com.mx\/nacion\/panistas-toman-tribuna-del-senado-antes-de-la-sesion<\/a><\/p>\n","protected":false},"excerpt":{"rendered":"<p>Integrantes de la bancada de Acci\u00f3n Nacional en el Senado ocuparon lugares de la mesa directiva, antes de que la presidenta de la mesa directiva, M\u00f3nica Fern\u00e1ndez Balboa (Morena), abriera la sesi\u00f3n extraordinaria en la que se habr\u00e1 de abordar una agenda que incluye llevar a diversas leyes la prisi\u00f3n preventiva oficiosa, y una adici\u00f3n a la Ley de Adquisiciones en materia de medicamentos comprados en el extranjero. La senadora Martha Cecilia M\u00e1rquez Alvarado (PAN) ocup\u00f3 el lugar de la presidencia de la mesa directiva, desde el cual se dirigen las sesiones del pleno. X\u00f3chitl G\u00e1lvez Ruiz (PAN) acompa\u00f1\u00f3 de pie a M\u00e1rquez Alvarado. A las 12:50 horas, M\u00f3nica Fern\u00e1ndez pidi\u00f3 que la panista M\u00e1rquez Alvarado \u00abdesocupe mi lugar\u00bb, y dijo que la sesi\u00f3n no se iniciar\u00e1 \u00abhasta que haya condiciones\u00bb. grg&nbsp; Publicaci\u00f3n Original: https:\/\/www.eluniversal.com.mx\/nacion\/panistas-toman-tribuna-del-senado-antes-de-la-sesion<\/p>\n","protected":false},"author":1,"featured_media":15883,"comment_status":"open","ping_status":"closed","sticky":false,"template":"","format":"standard","meta":{"_monsterinsights_skip_tracking":false,"_uf_show_specific_survey":0,"_uf_disable_surveys":false,"footnotes":""},"categories":[36],"tags":[],"class_list":["post-15879","post","type-post","status-publish","format-standard","has-post-thumbnail","hentry","category-el-mundo"],"yoast_head":"<!-- This site is optimized with the Yoast SEO plugin v27.5 - https:\/\/yoast.com\/product\/yoast-seo-wordpress\/ -->\n<title>Panistas toman Tribuna del Senado antes de la sesi\u00f3n - Fer Abrajan<\/title>\n<meta name=\"robots\" content=\"index, follow, max-snippet:-1, max-image-preview:large, max-video-preview:-1\" \/>\n<link rel=\"canonical\" href=\"https:\/\/ferabrajan.com\/portal\/2020\/07\/29\/panistas-toman-tribuna-del-senado-antes-de-la-sesion\/\" \/>\n<meta property=\"og:locale\" content=\"es_ES\" \/>\n<meta property=\"og:type\" content=\"article\" \/>\n<meta property=\"og:title\" content=\"Panistas toman Tribuna del Senado antes de la sesi\u00f3n - Fer Abrajan\" \/>\n<meta property=\"og:description\" content=\"Integrantes de la bancada de Acci\u00f3n Nacional en el Senado ocuparon lugares de la mesa directiva, antes de que la presidenta de la mesa directiva, M\u00f3nica Fern\u00e1ndez Balboa (Morena), abriera la sesi\u00f3n extraordinaria en la que se habr\u00e1 de abordar una agenda que incluye llevar a diversas leyes la prisi\u00f3n preventiva oficiosa, y una adici\u00f3n a la Ley de Adquisiciones en materia de medicamentos comprados en el extranjero. La senadora Martha Cecilia M\u00e1rquez Alvarado (PAN) ocup\u00f3 el lugar de la presidencia de la mesa directiva, desde el cual se dirigen las sesiones del pleno. X\u00f3chitl G\u00e1lvez Ruiz (PAN) acompa\u00f1\u00f3 de pie a M\u00e1rquez Alvarado. A las 12:50 horas, M\u00f3nica Fern\u00e1ndez pidi\u00f3 que la panista M\u00e1rquez Alvarado \u00abdesocupe mi lugar\u00bb, y dijo que la sesi\u00f3n no se iniciar\u00e1 \u00abhasta que haya condiciones\u00bb. grg&nbsp; Publicaci\u00f3n Original: https:\/\/www.eluniversal.com.mx\/nacion\/panistas-toman-tribuna-del-senado-antes-de-la-sesion\" \/>\n<meta property=\"og:url\" content=\"https:\/\/ferabrajan.com\/portal\/2020\/07\/29\/panistas-toman-tribuna-del-senado-antes-de-la-sesion\/\" \/>\n<meta property=\"og:site_name\" content=\"Fer Abrajan\" \/>\n<meta property=\"article:publisher\" content=\"https:\/\/www.facebook.com\/NoticiasconFerAbrajan\/\" \/>\n<meta property=\"article:published_time\" content=\"2020-07-29T13:17:00+00:00\" \/>\n<meta name=\"author\" content=\"admin\" \/>\n<meta name=\"twitter:card\" content=\"summary_large_image\" \/>\n<meta name=\"twitter:creator\" content=\"@ferabrajan1\" \/>\n<meta name=\"twitter:site\" content=\"@ferabrajan1\" \/>\n<meta name=\"twitter:label1\" content=\"Escrito por\" \/>\n\t<meta name=\"twitter:data1\" content=\"admin\" \/>\n\t<meta name=\"twitter:label2\" content=\"Tiempo de lectura\" \/>\n\t<meta name=\"twitter:data2\" content=\"1 minuto\" \/>\n<script type=\"application\/ld+json\" class=\"yoast-schema-graph\">{\"@context\":\"https:\\\/\\\/schema.org\",\"@graph\":[{\"@type\":\"Article\",\"@id\":\"https:\\\/\\\/ferabrajan.com\\\/portal\\\/2020\\\/07\\\/29\\\/panistas-toman-tribuna-del-senado-antes-de-la-sesion\\\/#article\",\"isPartOf\":{\"@id\":\"https:\\\/\\\/ferabrajan.com\\\/portal\\\/2020\\\/07\\\/29\\\/panistas-toman-tribuna-del-senado-antes-de-la-sesion\\\/\"},\"author\":{\"name\":\"admin\",\"@id\":\"https:\\\/\\\/ferabrajan.com\\\/portal\\\/#\\\/schema\\\/person\\\/f6113b3cb1e036d5c6a9505685b257ba\"},\"headline\":\"Panistas toman Tribuna del Senado antes de la sesi\u00f3n\",\"datePublished\":\"2020-07-29T13:17:00+00:00\",\"mainEntityOfPage\":{\"@id\":\"https:\\\/\\\/ferabrajan.com\\\/portal\\\/2020\\\/07\\\/29\\\/panistas-toman-tribuna-del-senado-antes-de-la-sesion\\\/\"},\"wordCount\":166,\"commentCount\":0,\"publisher\":{\"@id\":\"https:\\\/\\\/ferabrajan.com\\\/portal\\\/#organization\"},\"image\":{\"@id\":\"https:\\\/\\\/ferabrajan.com\\\/portal\\\/2020\\\/07\\\/29\\\/panistas-toman-tribuna-del-senado-antes-de-la-sesion\\\/#primaryimage\"},\"thumbnailUrl\":\"\",\"articleSection\":[\"El Mundo\"],\"inLanguage\":\"es\"},{\"@type\":\"WebPage\",\"@id\":\"https:\\\/\\\/ferabrajan.com\\\/portal\\\/2020\\\/07\\\/29\\\/panistas-toman-tribuna-del-senado-antes-de-la-sesion\\\/\",\"url\":\"https:\\\/\\\/ferabrajan.com\\\/portal\\\/2020\\\/07\\\/29\\\/panistas-toman-tribuna-del-senado-antes-de-la-sesion\\\/\",\"name\":\"Panistas toman Tribuna del Senado antes de la sesi\u00f3n - Fer Abrajan\",\"isPartOf\":{\"@id\":\"https:\\\/\\\/ferabrajan.com\\\/portal\\\/#website\"},\"primaryImageOfPage\":{\"@id\":\"https:\\\/\\\/ferabrajan.com\\\/portal\\\/2020\\\/07\\\/29\\\/panistas-toman-tribuna-del-senado-antes-de-la-sesion\\\/#primaryimage\"},\"image\":{\"@id\":\"https:\\\/\\\/ferabrajan.com\\\/portal\\\/2020\\\/07\\\/29\\\/panistas-toman-tribuna-del-senado-antes-de-la-sesion\\\/#primaryimage\"},\"thumbnailUrl\":\"\",\"datePublished\":\"2020-07-29T13:17:00+00:00\",\"breadcrumb\":{\"@id\":\"https:\\\/\\\/ferabrajan.com\\\/portal\\\/2020\\\/07\\\/29\\\/panistas-toman-tribuna-del-senado-antes-de-la-sesion\\\/#breadcrumb\"},\"inLanguage\":\"es\",\"potentialAction\":[{\"@type\":\"ReadAction\",\"target\":[\"https:\\\/\\\/ferabrajan.com\\\/portal\\\/2020\\\/07\\\/29\\\/panistas-toman-tribuna-del-senado-antes-de-la-sesion\\\/\"]}]},{\"@type\":\"ImageObject\",\"inLanguage\":\"es\",\"@id\":\"https:\\\/\\\/ferabrajan.com\\\/portal\\\/2020\\\/07\\\/29\\\/panistas-toman-tribuna-del-senado-antes-de-la-sesion\\\/#primaryimage\",\"url\":\"\",\"contentUrl\":\"\"},{\"@type\":\"BreadcrumbList\",\"@id\":\"https:\\\/\\\/ferabrajan.com\\\/portal\\\/2020\\\/07\\\/29\\\/panistas-toman-tribuna-del-senado-antes-de-la-sesion\\\/#breadcrumb\",\"itemListElement\":[{\"@type\":\"ListItem\",\"position\":1,\"name\":\"Portada\",\"item\":\"https:\\\/\\\/ferabrajan.com\\\/portal\\\/\"},{\"@type\":\"ListItem\",\"position\":2,\"name\":\"Panistas toman Tribuna del Senado antes de la sesi\u00f3n\"}]},{\"@type\":\"WebSite\",\"@id\":\"https:\\\/\\\/ferabrajan.com\\\/portal\\\/#website\",\"url\":\"https:\\\/\\\/ferabrajan.com\\\/portal\\\/\",\"name\":\"Fer Abrajan\",\"description\":\"Noticias de Puebla, opini\u00f3n y radio en vivo\",\"publisher\":{\"@id\":\"https:\\\/\\\/ferabrajan.com\\\/portal\\\/#organization\"},\"potentialAction\":[{\"@type\":\"SearchAction\",\"target\":{\"@type\":\"EntryPoint\",\"urlTemplate\":\"https:\\\/\\\/ferabrajan.com\\\/portal\\\/?s={search_term_string}\"},\"query-input\":{\"@type\":\"PropertyValueSpecification\",\"valueRequired\":true,\"valueName\":\"search_term_string\"}}],\"inLanguage\":\"es\"},{\"@type\":\"Organization\",\"@id\":\"https:\\\/\\\/ferabrajan.com\\\/portal\\\/#organization\",\"name\":\"Fer Abrajan\",\"url\":\"https:\\\/\\\/ferabrajan.com\\\/portal\\\/\",\"logo\":{\"@type\":\"ImageObject\",\"inLanguage\":\"es\",\"@id\":\"https:\\\/\\\/ferabrajan.com\\\/portal\\\/#\\\/schema\\\/logo\\\/image\\\/\",\"url\":\"https:\\\/\\\/ferabrajan.com\\\/portal\\\/wp-content\\\/uploads\\\/2024\\\/10\\\/cropped-logo.jpeg\",\"contentUrl\":\"https:\\\/\\\/ferabrajan.com\\\/portal\\\/wp-content\\\/uploads\\\/2024\\\/10\\\/cropped-logo.jpeg\",\"width\":500,\"height\":250,\"caption\":\"Fer Abrajan\"},\"image\":{\"@id\":\"https:\\\/\\\/ferabrajan.com\\\/portal\\\/#\\\/schema\\\/logo\\\/image\\\/\"},\"sameAs\":[\"https:\\\/\\\/www.facebook.com\\\/NoticiasconFerAbrajan\\\/\",\"https:\\\/\\\/x.com\\\/ferabrajan1\"]},{\"@type\":\"Person\",\"@id\":\"https:\\\/\\\/ferabrajan.com\\\/portal\\\/#\\\/schema\\\/person\\\/f6113b3cb1e036d5c6a9505685b257ba\",\"name\":\"admin\",\"image\":{\"@type\":\"ImageObject\",\"inLanguage\":\"es\",\"@id\":\"https:\\\/\\\/secure.gravatar.com\\\/avatar\\\/072baa72775aad53c748dfc5d3048578e01b6c087eef335459ebfa04344e2d18?s=96&d=mm&r=g\",\"url\":\"https:\\\/\\\/secure.gravatar.com\\\/avatar\\\/072baa72775aad53c748dfc5d3048578e01b6c087eef335459ebfa04344e2d18?s=96&d=mm&r=g\",\"contentUrl\":\"https:\\\/\\\/secure.gravatar.com\\\/avatar\\\/072baa72775aad53c748dfc5d3048578e01b6c087eef335459ebfa04344e2d18?s=96&d=mm&r=g\",\"caption\":\"admin\"},\"sameAs\":[\"https:\\\/\\\/ferabrajan.com\\\/portal\"],\"url\":\"https:\\\/\\\/ferabrajan.com\\\/portal\\\/author\\\/admin\\\/\"}]}<\/script>\n<!-- \/ Yoast SEO plugin. -->","yoast_head_json":{"title":"Panistas toman Tribuna del Senado antes de la sesi\u00f3n - Fer Abrajan","robots":{"index":"index","follow":"follow","max-snippet":"max-snippet:-1","max-image-preview":"max-image-preview:large","max-video-preview":"max-video-preview:-1"},"canonical":"https:\/\/ferabrajan.com\/portal\/2020\/07\/29\/panistas-toman-tribuna-del-senado-antes-de-la-sesion\/","og_locale":"es_ES","og_type":"article","og_title":"Panistas toman Tribuna del Senado antes de la sesi\u00f3n - Fer Abrajan","og_description":"Integrantes de la bancada de Acci\u00f3n Nacional en el Senado ocuparon lugares de la mesa directiva, antes de que la presidenta de la mesa directiva, M\u00f3nica Fern\u00e1ndez Balboa (Morena), abriera la sesi\u00f3n extraordinaria en la que se habr\u00e1 de abordar una agenda que incluye llevar a diversas leyes la prisi\u00f3n preventiva oficiosa, y una adici\u00f3n a la Ley de Adquisiciones en materia de medicamentos comprados en el extranjero. La senadora Martha Cecilia M\u00e1rquez Alvarado (PAN) ocup\u00f3 el lugar de la presidencia de la mesa directiva, desde el cual se dirigen las sesiones del pleno. X\u00f3chitl G\u00e1lvez Ruiz (PAN) acompa\u00f1\u00f3 de pie a M\u00e1rquez Alvarado. A las 12:50 horas, M\u00f3nica Fern\u00e1ndez pidi\u00f3 que la panista M\u00e1rquez Alvarado \u00abdesocupe mi lugar\u00bb, y dijo que la sesi\u00f3n no se iniciar\u00e1 \u00abhasta que haya condiciones\u00bb. grg&nbsp; Publicaci\u00f3n Original: https:\/\/www.eluniversal.com.mx\/nacion\/panistas-toman-tribuna-del-senado-antes-de-la-sesion","og_url":"https:\/\/ferabrajan.com\/portal\/2020\/07\/29\/panistas-toman-tribuna-del-senado-antes-de-la-sesion\/","og_site_name":"Fer Abrajan","article_publisher":"https:\/\/www.facebook.com\/NoticiasconFerAbrajan\/","article_published_time":"2020-07-29T13:17:00+00:00","author":"admin","twitter_card":"summary_large_image","twitter_creator":"@ferabrajan1","twitter_site":"@ferabrajan1","twitter_misc":{"Escrito por":"admin","Tiempo de lectura":"1 minuto"},"schema":{"@context":"https:\/\/schema.org","@graph":[{"@type":"Article","@id":"https:\/\/ferabrajan.com\/portal\/2020\/07\/29\/panistas-toman-tribuna-del-senado-antes-de-la-sesion\/#article","isPartOf":{"@id":"https:\/\/ferabrajan.com\/portal\/2020\/07\/29\/panistas-toman-tribuna-del-senado-antes-de-la-sesion\/"},"author":{"name":"admin","@id":"https:\/\/ferabrajan.com\/portal\/#\/schema\/person\/f6113b3cb1e036d5c6a9505685b257ba"},"headline":"Panistas toman Tribuna del Senado antes de la sesi\u00f3n","datePublished":"2020-07-29T13:17:00+00:00","mainEntityOfPage":{"@id":"https:\/\/ferabrajan.com\/portal\/2020\/07\/29\/panistas-toman-tribuna-del-senado-antes-de-la-sesion\/"},"wordCount":166,"commentCount":0,"publisher":{"@id":"https:\/\/ferabrajan.com\/portal\/#organization"},"image":{"@id":"https:\/\/ferabrajan.com\/portal\/2020\/07\/29\/panistas-toman-tribuna-del-senado-antes-de-la-sesion\/#primaryimage"},"thumbnailUrl":"","articleSection":["El Mundo"],"inLanguage":"es"},{"@type":"WebPage","@id":"https:\/\/ferabrajan.com\/portal\/2020\/07\/29\/panistas-toman-tribuna-del-senado-antes-de-la-sesion\/","url":"https:\/\/ferabrajan.com\/portal\/2020\/07\/29\/panistas-toman-tribuna-del-senado-antes-de-la-sesion\/","name":"Panistas toman Tribuna del Senado antes de la sesi\u00f3n - Fer Abrajan","isPartOf":{"@id":"https:\/\/ferabrajan.com\/portal\/#website"},"primaryImageOfPage":{"@id":"https:\/\/ferabrajan.com\/portal\/2020\/07\/29\/panistas-toman-tribuna-del-senado-antes-de-la-sesion\/#primaryimage"},"image":{"@id":"https:\/\/ferabrajan.com\/portal\/2020\/07\/29\/panistas-toman-tribuna-del-senado-antes-de-la-sesion\/#primaryimage"},"thumbnailUrl":"","datePublished":"2020-07-29T13:17:00+00:00","breadcrumb":{"@id":"https:\/\/ferabrajan.com\/portal\/2020\/07\/29\/panistas-toman-tribuna-del-senado-antes-de-la-sesion\/#breadcrumb"},"inLanguage":"es","potentialAction":[{"@type":"ReadAction","target":["https:\/\/ferabrajan.com\/portal\/2020\/07\/29\/panistas-toman-tribuna-del-senado-antes-de-la-sesion\/"]}]},{"@type":"ImageObject","inLanguage":"es","@id":"https:\/\/ferabrajan.com\/portal\/2020\/07\/29\/panistas-toman-tribuna-del-senado-antes-de-la-sesion\/#primaryimage","url":"","contentUrl":""},{"@type":"BreadcrumbList","@id":"https:\/\/ferabrajan.com\/portal\/2020\/07\/29\/panistas-toman-tribuna-del-senado-antes-de-la-sesion\/#breadcrumb","itemListElement":[{"@type":"ListItem","position":1,"name":"Portada","item":"https:\/\/ferabrajan.com\/portal\/"},{"@type":"ListItem","position":2,"name":"Panistas toman Tribuna del Senado antes de la sesi\u00f3n"}]},{"@type":"WebSite","@id":"https:\/\/ferabrajan.com\/portal\/#website","url":"https:\/\/ferabrajan.com\/portal\/","name":"Fer Abrajan","description":"Noticias de Puebla, opini\u00f3n y radio en vivo","publisher":{"@id":"https:\/\/ferabrajan.com\/portal\/#organization"},"potentialAction":[{"@type":"SearchAction","target":{"@type":"EntryPoint","urlTemplate":"https:\/\/ferabrajan.com\/portal\/?s={search_term_string}"},"query-input":{"@type":"PropertyValueSpecification","valueRequired":true,"valueName":"search_term_string"}}],"inLanguage":"es"},{"@type":"Organization","@id":"https:\/\/ferabrajan.com\/portal\/#organization","name":"Fer Abrajan","url":"https:\/\/ferabrajan.com\/portal\/","logo":{"@type":"ImageObject","inLanguage":"es","@id":"https:\/\/ferabrajan.com\/portal\/#\/schema\/logo\/image\/","url":"https:\/\/ferabrajan.com\/portal\/wp-content\/uploads\/2024\/10\/cropped-logo.jpeg","contentUrl":"https:\/\/ferabrajan.com\/portal\/wp-content\/uploads\/2024\/10\/cropped-logo.jpeg","width":500,"height":250,"caption":"Fer Abrajan"},"image":{"@id":"https:\/\/ferabrajan.com\/portal\/#\/schema\/logo\/image\/"},"sameAs":["https:\/\/www.facebook.com\/NoticiasconFerAbrajan\/","https:\/\/x.com\/ferabrajan1"]},{"@type":"Person","@id":"https:\/\/ferabrajan.com\/portal\/#\/schema\/person\/f6113b3cb1e036d5c6a9505685b257ba","name":"admin","image":{"@type":"ImageObject","inLanguage":"es","@id":"https:\/\/secure.gravatar.com\/avatar\/072baa72775aad53c748dfc5d3048578e01b6c087eef335459ebfa04344e2d18?s=96&d=mm&r=g","url":"https:\/\/secure.gravatar.com\/avatar\/072baa72775aad53c748dfc5d3048578e01b6c087eef335459ebfa04344e2d18?s=96&d=mm&r=g","contentUrl":"https:\/\/secure.gravatar.com\/avatar\/072baa72775aad53c748dfc5d3048578e01b6c087eef335459ebfa04344e2d18?s=96&d=mm&r=g","caption":"admin"},"sameAs":["https:\/\/ferabrajan.com\/portal"],"url":"https:\/\/ferabrajan.com\/portal\/author\/admin\/"}]}},"_links":{"self":[{"href":"https:\/\/ferabrajan.com\/portal\/wp-json\/wp\/v2\/posts\/15879","targetHints":{"allow":["GET"]}}],"collection":[{"href":"https:\/\/ferabrajan.com\/portal\/wp-json\/wp\/v2\/posts"}],"about":[{"href":"https:\/\/ferabrajan.com\/portal\/wp-json\/wp\/v2\/types\/post"}],"author":[{"embeddable":true,"href":"https:\/\/ferabrajan.com\/portal\/wp-json\/wp\/v2\/users\/1"}],"replies":[{"embeddable":true,"href":"https:\/\/ferabrajan.com\/portal\/wp-json\/wp\/v2\/comments?post=15879"}],"version-history":[{"count":0,"href":"https:\/\/ferabrajan.com\/portal\/wp-json\/wp\/v2\/posts\/15879\/revisions"}],"wp:attachment":[{"href":"https:\/\/ferabrajan.com\/portal\/wp-json\/wp\/v2\/media?parent=15879"}],"wp:term":[{"taxonomy":"category","embeddable":true,"href":"https:\/\/ferabrajan.com\/portal\/wp-json\/wp\/v2\/categories?post=15879"},{"taxonomy":"post_tag","embeddable":true,"href":"https:\/\/ferabrajan.com\/portal\/wp-json\/wp\/v2\/tags?post=15879"}],"curies":[{"name":"wp","href":"https:\/\/api.w.org\/{rel}","templated":true}]}}