{"id":15875,"date":"2020-07-29T13:17:00","date_gmt":"2020-07-29T13:17:00","guid":{"rendered":"https:\/\/www.ferabrajan.com\/2020\/07\/29\/yulianna-peniche-acepta-casarse-con-el-parejita-lopez\/"},"modified":"2020-07-29T13:17:00","modified_gmt":"2020-07-29T13:17:00","slug":"yulianna-peniche-acepta-casarse-con-el-parejita-lopez","status":"publish","type":"post","link":"https:\/\/ferabrajan.com\/portal\/2020\/07\/29\/yulianna-peniche-acepta-casarse-con-el-parejita-lopez\/","title":{"rendered":"Yulianna Peniche acepta casarse con el &#034;Parejita&#034; L\u00f3pez"},"content":{"rendered":"<p><strong>Yulianna Peniche<\/strong> le di\u00f3 el s\u00ed a su novio <strong>Jos\u00e9&nbsp;Luis L\u00f3pez Monroy<\/strong> mejor conocido como el \u00abParejita\u00bb L\u00f3pez, con quien mantiene una relaci\u00f3n amorosa.<\/p>\n<p>La actriz, recordada por su personaje de Alicia, o \u00abla maldita lisiada\u00bb en la telenovela \u00abMar\u00eda la del barrio\u00bb, comparti\u00f3 en su cuenta de Instagram el feliz momento en el que su novio se arrodill\u00f3, le propuso matrimonio y le coloc\u00f3 un anillo en su dedo, teniendo de fondo la canci\u00f3n \u00abCasarte conmigo\u00bb de Carlos Vives.&nbsp;<\/p>\n<p>\u00abSi acepto. Me caso con el amor de mi vida!!!. Te amo con toda mi alma&nbsp;@parejitalopez11\u00bb, escribi\u00f3 Yulianna junto al rom\u00e1ntico momento.<\/p>\n<p>\u00abMe dijo que siiiiiiiiiiiiii!!!. Me caso con mi cara de changa, te amo con todo mi coraz\u00f3n!!!\u00bb, expres\u00f3 Luis.<\/p>\n<p><strong><span>Lee tambi\u00e9n:<\/span><\/strong><a href=\"https:\/\/www.eluniversal.com.mx\/espectaculos\/farandula\/julian-gil-y-valeria-marin-anuncian-su-romance\" target=\"_self\" rel=\"noopener noreferrer\"><span><strong>&nbsp;<\/strong>A Juli\u00e1n Gil le lleg\u00f3 el amor con Valeria Mar\u00edn<\/span><\/a><br \/>&nbsp;<\/p>\n<blockquote class=\"instagram-media\" data-instgrm-captioned data-instgrm-permalink=\"https:\/\/www.instagram.com\/tv\/CDNfZheBf5o\/?utm_source=ig_embed&amp;utm_campaign=loading\" data-instgrm-version=\"12\"><\/blockquote>\n<p>Ante esta gran noticia, los fans de ambos no dudaron en dejar felicitaciones y comentarios con buenos deseos.<\/p>\n<p>\u00abNo lo puedo creer, que gran noticia\u00bb. \u00abWow, van hacer una gran pareja los queremos\u00bb. \u00abLa mejor pareja sin duda alguna, que felicidad que se vayan a casar\u00bb. \u00abQu\u00e9 bonita sorpresa, seguro van a durar mucho, bendiciones\u00bb. \u00abSe ven incre\u00edbles juntos, que duren mucho, saludos\u00bb.&nbsp;<\/p>\n<p>Yulianna y \u00abParejita\u00bb L\u00f3pez comenzaron su noviazgo en el 2019, se conocieron en el programa \u00abGana Lana\u00bb; actualmente no tienen hijos juntos, pero el \u00abParejita\u00bb L\u00f3pez tiene dos, uno con la actriz Erika Garc\u00eda de nombre Camila L\u00f3pez y otro con Laura Garc\u00eda de nombre Jos\u00e9 Luis.<br \/>&nbsp;<\/p>\n<blockquote class=\"instagram-media\" data-instgrm-captioned data-instgrm-permalink=\"https:\/\/www.instagram.com\/p\/CDA7zBRhKV_\/?utm_source=ig_embed&amp;utm_campaign=loading\" data-instgrm-version=\"12\"><\/blockquote>\n<p>rad&nbsp;<\/p>\n<p>Publicaci\u00f3n Original: <a href=\"https:\/\/www.eluniversal.com.mx\/espectaculos\/farandula\/yulianna-peniche-acepta-casarse-con-el-parejita-lopez\" target=\"_blank\" rel=\"noopener noreferrer\">https:\/\/www.eluniversal.com.mx\/espectaculos\/farandula\/yulianna-peniche-acepta-casarse-con-el-parejita-lopez<\/a><\/p>\n","protected":false},"excerpt":{"rendered":"<p>Yulianna Peniche le di\u00f3 el s\u00ed a su novio Jos\u00e9&nbsp;Luis L\u00f3pez Monroy mejor conocido como el \u00abParejita\u00bb L\u00f3pez, con quien mantiene una relaci\u00f3n amorosa. La actriz, recordada por su personaje de Alicia, o \u00abla maldita lisiada\u00bb en la telenovela \u00abMar\u00eda la del barrio\u00bb, comparti\u00f3 en su cuenta de Instagram el feliz momento en el que su novio se arrodill\u00f3, le propuso matrimonio y le coloc\u00f3 un anillo en su dedo, teniendo de fondo la canci\u00f3n \u00abCasarte conmigo\u00bb de Carlos Vives.&nbsp; \u00abSi acepto. Me caso con el amor de mi vida!!!. Te amo con toda mi alma&nbsp;@parejitalopez11\u00bb, escribi\u00f3 Yulianna junto al rom\u00e1ntico momento. \u00abMe dijo que siiiiiiiiiiiiii!!!. Me caso con mi cara de changa, te amo con todo mi coraz\u00f3n!!!\u00bb, expres\u00f3 Luis. Lee tambi\u00e9n:&nbsp;A Juli\u00e1n Gil le lleg\u00f3 el amor con Valeria Mar\u00edn&nbsp; Ante esta gran noticia, los fans de ambos no dudaron en dejar felicitaciones y comentarios con buenos deseos. \u00abNo lo puedo creer, que gran noticia\u00bb. \u00abWow, van hacer una gran pareja los queremos\u00bb. \u00abLa mejor pareja sin duda alguna, que felicidad que se vayan a casar\u00bb. \u00abQu\u00e9 bonita sorpresa, seguro van a durar mucho, bendiciones\u00bb. \u00abSe ven incre\u00edbles juntos, que duren mucho, saludos\u00bb.&nbsp; Yulianna y \u00abParejita\u00bb L\u00f3pez comenzaron su noviazgo en el 2019, se conocieron en el programa \u00abGana Lana\u00bb; actualmente no tienen hijos juntos, pero el \u00abParejita\u00bb L\u00f3pez tiene dos, uno con la actriz Erika Garc\u00eda de nombre Camila L\u00f3pez y otro con Laura Garc\u00eda de nombre Jos\u00e9 Luis.&nbsp; rad&nbsp; Publicaci\u00f3n Original: https:\/\/www.eluniversal.com.mx\/espectaculos\/farandula\/yulianna-peniche-acepta-casarse-con-el-parejita-lopez<\/p>\n","protected":false},"author":1,"featured_media":0,"comment_status":"open","ping_status":"closed","sticky":false,"template":"","format":"standard","meta":{"_monsterinsights_skip_tracking":false,"_uf_show_specific_survey":0,"_uf_disable_surveys":false,"footnotes":""},"categories":[36],"tags":[],"class_list":["post-15875","post","type-post","status-publish","format-standard","hentry","category-el-mundo"],"yoast_head":"<!-- This site is optimized with the Yoast SEO plugin v27.5 - https:\/\/yoast.com\/product\/yoast-seo-wordpress\/ -->\n<title>Yulianna Peniche acepta casarse con el &#034;Parejita&#034; L\u00f3pez - Fer Abrajan<\/title>\n<meta name=\"robots\" content=\"index, follow, max-snippet:-1, max-image-preview:large, max-video-preview:-1\" \/>\n<link rel=\"canonical\" href=\"https:\/\/ferabrajan.com\/portal\/2020\/07\/29\/yulianna-peniche-acepta-casarse-con-el-parejita-lopez\/\" \/>\n<meta property=\"og:locale\" content=\"es_ES\" \/>\n<meta property=\"og:type\" content=\"article\" \/>\n<meta property=\"og:title\" content=\"Yulianna Peniche acepta casarse con el &#034;Parejita&#034; L\u00f3pez - Fer Abrajan\" \/>\n<meta property=\"og:description\" content=\"Yulianna Peniche le di\u00f3 el s\u00ed a su novio Jos\u00e9&nbsp;Luis L\u00f3pez Monroy mejor conocido como el \u00abParejita\u00bb L\u00f3pez, con quien mantiene una relaci\u00f3n amorosa. La actriz, recordada por su personaje de Alicia, o \u00abla maldita lisiada\u00bb en la telenovela \u00abMar\u00eda la del barrio\u00bb, comparti\u00f3 en su cuenta de Instagram el feliz momento en el que su novio se arrodill\u00f3, le propuso matrimonio y le coloc\u00f3 un anillo en su dedo, teniendo de fondo la canci\u00f3n \u00abCasarte conmigo\u00bb de Carlos Vives.&nbsp; \u00abSi acepto. Me caso con el amor de mi vida!!!. Te amo con toda mi alma&nbsp;@parejitalopez11\u00bb, escribi\u00f3 Yulianna junto al rom\u00e1ntico momento. \u00abMe dijo que siiiiiiiiiiiiii!!!. Me caso con mi cara de changa, te amo con todo mi coraz\u00f3n!!!\u00bb, expres\u00f3 Luis. Lee tambi\u00e9n:&nbsp;A Juli\u00e1n Gil le lleg\u00f3 el amor con Valeria Mar\u00edn&nbsp; Ante esta gran noticia, los fans de ambos no dudaron en dejar felicitaciones y comentarios con buenos deseos. \u00abNo lo puedo creer, que gran noticia\u00bb. \u00abWow, van hacer una gran pareja los queremos\u00bb. \u00abLa mejor pareja sin duda alguna, que felicidad que se vayan a casar\u00bb. \u00abQu\u00e9 bonita sorpresa, seguro van a durar mucho, bendiciones\u00bb. \u00abSe ven incre\u00edbles juntos, que duren mucho, saludos\u00bb.&nbsp; Yulianna y \u00abParejita\u00bb L\u00f3pez comenzaron su noviazgo en el 2019, se conocieron en el programa \u00abGana Lana\u00bb; actualmente no tienen hijos juntos, pero el \u00abParejita\u00bb L\u00f3pez tiene dos, uno con la actriz Erika Garc\u00eda de nombre Camila L\u00f3pez y otro con Laura Garc\u00eda de nombre Jos\u00e9 Luis.&nbsp; rad&nbsp; Publicaci\u00f3n Original: https:\/\/www.eluniversal.com.mx\/espectaculos\/farandula\/yulianna-peniche-acepta-casarse-con-el-parejita-lopez\" \/>\n<meta property=\"og:url\" content=\"https:\/\/ferabrajan.com\/portal\/2020\/07\/29\/yulianna-peniche-acepta-casarse-con-el-parejita-lopez\/\" \/>\n<meta property=\"og:site_name\" content=\"Fer Abrajan\" \/>\n<meta property=\"article:publisher\" content=\"https:\/\/www.facebook.com\/NoticiasconFerAbrajan\/\" \/>\n<meta property=\"article:published_time\" content=\"2020-07-29T13:17:00+00:00\" \/>\n<meta name=\"author\" content=\"admin\" \/>\n<meta name=\"twitter:card\" content=\"summary_large_image\" \/>\n<meta name=\"twitter:creator\" content=\"@ferabrajan1\" \/>\n<meta name=\"twitter:site\" content=\"@ferabrajan1\" \/>\n<meta name=\"twitter:label1\" content=\"Escrito por\" \/>\n\t<meta name=\"twitter:data1\" content=\"admin\" \/>\n\t<meta name=\"twitter:label2\" content=\"Tiempo de lectura\" \/>\n\t<meta name=\"twitter:data2\" content=\"1 minuto\" \/>\n<script type=\"application\/ld+json\" class=\"yoast-schema-graph\">{\"@context\":\"https:\\\/\\\/schema.org\",\"@graph\":[{\"@type\":\"Article\",\"@id\":\"https:\\\/\\\/ferabrajan.com\\\/portal\\\/2020\\\/07\\\/29\\\/yulianna-peniche-acepta-casarse-con-el-parejita-lopez\\\/#article\",\"isPartOf\":{\"@id\":\"https:\\\/\\\/ferabrajan.com\\\/portal\\\/2020\\\/07\\\/29\\\/yulianna-peniche-acepta-casarse-con-el-parejita-lopez\\\/\"},\"author\":{\"name\":\"admin\",\"@id\":\"https:\\\/\\\/ferabrajan.com\\\/portal\\\/#\\\/schema\\\/person\\\/f6113b3cb1e036d5c6a9505685b257ba\"},\"headline\":\"Yulianna Peniche acepta casarse con el &#034;Parejita&#034; L\u00f3pez\",\"datePublished\":\"2020-07-29T13:17:00+00:00\",\"mainEntityOfPage\":{\"@id\":\"https:\\\/\\\/ferabrajan.com\\\/portal\\\/2020\\\/07\\\/29\\\/yulianna-peniche-acepta-casarse-con-el-parejita-lopez\\\/\"},\"wordCount\":289,\"commentCount\":0,\"publisher\":{\"@id\":\"https:\\\/\\\/ferabrajan.com\\\/portal\\\/#organization\"},\"articleSection\":[\"El Mundo\"],\"inLanguage\":\"es\"},{\"@type\":\"WebPage\",\"@id\":\"https:\\\/\\\/ferabrajan.com\\\/portal\\\/2020\\\/07\\\/29\\\/yulianna-peniche-acepta-casarse-con-el-parejita-lopez\\\/\",\"url\":\"https:\\\/\\\/ferabrajan.com\\\/portal\\\/2020\\\/07\\\/29\\\/yulianna-peniche-acepta-casarse-con-el-parejita-lopez\\\/\",\"name\":\"Yulianna Peniche acepta casarse con el &#034;Parejita&#034; L\u00f3pez - Fer Abrajan\",\"isPartOf\":{\"@id\":\"https:\\\/\\\/ferabrajan.com\\\/portal\\\/#website\"},\"datePublished\":\"2020-07-29T13:17:00+00:00\",\"breadcrumb\":{\"@id\":\"https:\\\/\\\/ferabrajan.com\\\/portal\\\/2020\\\/07\\\/29\\\/yulianna-peniche-acepta-casarse-con-el-parejita-lopez\\\/#breadcrumb\"},\"inLanguage\":\"es\",\"potentialAction\":[{\"@type\":\"ReadAction\",\"target\":[\"https:\\\/\\\/ferabrajan.com\\\/portal\\\/2020\\\/07\\\/29\\\/yulianna-peniche-acepta-casarse-con-el-parejita-lopez\\\/\"]}]},{\"@type\":\"BreadcrumbList\",\"@id\":\"https:\\\/\\\/ferabrajan.com\\\/portal\\\/2020\\\/07\\\/29\\\/yulianna-peniche-acepta-casarse-con-el-parejita-lopez\\\/#breadcrumb\",\"itemListElement\":[{\"@type\":\"ListItem\",\"position\":1,\"name\":\"Portada\",\"item\":\"https:\\\/\\\/ferabrajan.com\\\/portal\\\/\"},{\"@type\":\"ListItem\",\"position\":2,\"name\":\"Yulianna Peniche acepta casarse con el &#034;Parejita&#034; L\u00f3pez\"}]},{\"@type\":\"WebSite\",\"@id\":\"https:\\\/\\\/ferabrajan.com\\\/portal\\\/#website\",\"url\":\"https:\\\/\\\/ferabrajan.com\\\/portal\\\/\",\"name\":\"Fer Abrajan\",\"description\":\"Noticias de Puebla, opini\u00f3n y radio en vivo\",\"publisher\":{\"@id\":\"https:\\\/\\\/ferabrajan.com\\\/portal\\\/#organization\"},\"potentialAction\":[{\"@type\":\"SearchAction\",\"target\":{\"@type\":\"EntryPoint\",\"urlTemplate\":\"https:\\\/\\\/ferabrajan.com\\\/portal\\\/?s={search_term_string}\"},\"query-input\":{\"@type\":\"PropertyValueSpecification\",\"valueRequired\":true,\"valueName\":\"search_term_string\"}}],\"inLanguage\":\"es\"},{\"@type\":\"Organization\",\"@id\":\"https:\\\/\\\/ferabrajan.com\\\/portal\\\/#organization\",\"name\":\"Fer Abrajan\",\"url\":\"https:\\\/\\\/ferabrajan.com\\\/portal\\\/\",\"logo\":{\"@type\":\"ImageObject\",\"inLanguage\":\"es\",\"@id\":\"https:\\\/\\\/ferabrajan.com\\\/portal\\\/#\\\/schema\\\/logo\\\/image\\\/\",\"url\":\"https:\\\/\\\/ferabrajan.com\\\/portal\\\/wp-content\\\/uploads\\\/2024\\\/10\\\/cropped-logo.jpeg\",\"contentUrl\":\"https:\\\/\\\/ferabrajan.com\\\/portal\\\/wp-content\\\/uploads\\\/2024\\\/10\\\/cropped-logo.jpeg\",\"width\":500,\"height\":250,\"caption\":\"Fer Abrajan\"},\"image\":{\"@id\":\"https:\\\/\\\/ferabrajan.com\\\/portal\\\/#\\\/schema\\\/logo\\\/image\\\/\"},\"sameAs\":[\"https:\\\/\\\/www.facebook.com\\\/NoticiasconFerAbrajan\\\/\",\"https:\\\/\\\/x.com\\\/ferabrajan1\"]},{\"@type\":\"Person\",\"@id\":\"https:\\\/\\\/ferabrajan.com\\\/portal\\\/#\\\/schema\\\/person\\\/f6113b3cb1e036d5c6a9505685b257ba\",\"name\":\"admin\",\"image\":{\"@type\":\"ImageObject\",\"inLanguage\":\"es\",\"@id\":\"https:\\\/\\\/secure.gravatar.com\\\/avatar\\\/072baa72775aad53c748dfc5d3048578e01b6c087eef335459ebfa04344e2d18?s=96&d=mm&r=g\",\"url\":\"https:\\\/\\\/secure.gravatar.com\\\/avatar\\\/072baa72775aad53c748dfc5d3048578e01b6c087eef335459ebfa04344e2d18?s=96&d=mm&r=g\",\"contentUrl\":\"https:\\\/\\\/secure.gravatar.com\\\/avatar\\\/072baa72775aad53c748dfc5d3048578e01b6c087eef335459ebfa04344e2d18?s=96&d=mm&r=g\",\"caption\":\"admin\"},\"sameAs\":[\"https:\\\/\\\/ferabrajan.com\\\/portal\"],\"url\":\"https:\\\/\\\/ferabrajan.com\\\/portal\\\/author\\\/admin\\\/\"}]}<\/script>\n<!-- \/ Yoast SEO plugin. -->","yoast_head_json":{"title":"Yulianna Peniche acepta casarse con el &#034;Parejita&#034; L\u00f3pez - Fer Abrajan","robots":{"index":"index","follow":"follow","max-snippet":"max-snippet:-1","max-image-preview":"max-image-preview:large","max-video-preview":"max-video-preview:-1"},"canonical":"https:\/\/ferabrajan.com\/portal\/2020\/07\/29\/yulianna-peniche-acepta-casarse-con-el-parejita-lopez\/","og_locale":"es_ES","og_type":"article","og_title":"Yulianna Peniche acepta casarse con el &#034;Parejita&#034; L\u00f3pez - Fer Abrajan","og_description":"Yulianna Peniche le di\u00f3 el s\u00ed a su novio Jos\u00e9&nbsp;Luis L\u00f3pez Monroy mejor conocido como el \u00abParejita\u00bb L\u00f3pez, con quien mantiene una relaci\u00f3n amorosa. La actriz, recordada por su personaje de Alicia, o \u00abla maldita lisiada\u00bb en la telenovela \u00abMar\u00eda la del barrio\u00bb, comparti\u00f3 en su cuenta de Instagram el feliz momento en el que su novio se arrodill\u00f3, le propuso matrimonio y le coloc\u00f3 un anillo en su dedo, teniendo de fondo la canci\u00f3n \u00abCasarte conmigo\u00bb de Carlos Vives.&nbsp; \u00abSi acepto. Me caso con el amor de mi vida!!!. Te amo con toda mi alma&nbsp;@parejitalopez11\u00bb, escribi\u00f3 Yulianna junto al rom\u00e1ntico momento. \u00abMe dijo que siiiiiiiiiiiiii!!!. Me caso con mi cara de changa, te amo con todo mi coraz\u00f3n!!!\u00bb, expres\u00f3 Luis. Lee tambi\u00e9n:&nbsp;A Juli\u00e1n Gil le lleg\u00f3 el amor con Valeria Mar\u00edn&nbsp; Ante esta gran noticia, los fans de ambos no dudaron en dejar felicitaciones y comentarios con buenos deseos. \u00abNo lo puedo creer, que gran noticia\u00bb. \u00abWow, van hacer una gran pareja los queremos\u00bb. \u00abLa mejor pareja sin duda alguna, que felicidad que se vayan a casar\u00bb. \u00abQu\u00e9 bonita sorpresa, seguro van a durar mucho, bendiciones\u00bb. \u00abSe ven incre\u00edbles juntos, que duren mucho, saludos\u00bb.&nbsp; Yulianna y \u00abParejita\u00bb L\u00f3pez comenzaron su noviazgo en el 2019, se conocieron en el programa \u00abGana Lana\u00bb; actualmente no tienen hijos juntos, pero el \u00abParejita\u00bb L\u00f3pez tiene dos, uno con la actriz Erika Garc\u00eda de nombre Camila L\u00f3pez y otro con Laura Garc\u00eda de nombre Jos\u00e9 Luis.&nbsp; rad&nbsp; Publicaci\u00f3n Original: https:\/\/www.eluniversal.com.mx\/espectaculos\/farandula\/yulianna-peniche-acepta-casarse-con-el-parejita-lopez","og_url":"https:\/\/ferabrajan.com\/portal\/2020\/07\/29\/yulianna-peniche-acepta-casarse-con-el-parejita-lopez\/","og_site_name":"Fer Abrajan","article_publisher":"https:\/\/www.facebook.com\/NoticiasconFerAbrajan\/","article_published_time":"2020-07-29T13:17:00+00:00","author":"admin","twitter_card":"summary_large_image","twitter_creator":"@ferabrajan1","twitter_site":"@ferabrajan1","twitter_misc":{"Escrito por":"admin","Tiempo de lectura":"1 minuto"},"schema":{"@context":"https:\/\/schema.org","@graph":[{"@type":"Article","@id":"https:\/\/ferabrajan.com\/portal\/2020\/07\/29\/yulianna-peniche-acepta-casarse-con-el-parejita-lopez\/#article","isPartOf":{"@id":"https:\/\/ferabrajan.com\/portal\/2020\/07\/29\/yulianna-peniche-acepta-casarse-con-el-parejita-lopez\/"},"author":{"name":"admin","@id":"https:\/\/ferabrajan.com\/portal\/#\/schema\/person\/f6113b3cb1e036d5c6a9505685b257ba"},"headline":"Yulianna Peniche acepta casarse con el &#034;Parejita&#034; L\u00f3pez","datePublished":"2020-07-29T13:17:00+00:00","mainEntityOfPage":{"@id":"https:\/\/ferabrajan.com\/portal\/2020\/07\/29\/yulianna-peniche-acepta-casarse-con-el-parejita-lopez\/"},"wordCount":289,"commentCount":0,"publisher":{"@id":"https:\/\/ferabrajan.com\/portal\/#organization"},"articleSection":["El Mundo"],"inLanguage":"es"},{"@type":"WebPage","@id":"https:\/\/ferabrajan.com\/portal\/2020\/07\/29\/yulianna-peniche-acepta-casarse-con-el-parejita-lopez\/","url":"https:\/\/ferabrajan.com\/portal\/2020\/07\/29\/yulianna-peniche-acepta-casarse-con-el-parejita-lopez\/","name":"Yulianna Peniche acepta casarse con el &#034;Parejita&#034; L\u00f3pez - Fer Abrajan","isPartOf":{"@id":"https:\/\/ferabrajan.com\/portal\/#website"},"datePublished":"2020-07-29T13:17:00+00:00","breadcrumb":{"@id":"https:\/\/ferabrajan.com\/portal\/2020\/07\/29\/yulianna-peniche-acepta-casarse-con-el-parejita-lopez\/#breadcrumb"},"inLanguage":"es","potentialAction":[{"@type":"ReadAction","target":["https:\/\/ferabrajan.com\/portal\/2020\/07\/29\/yulianna-peniche-acepta-casarse-con-el-parejita-lopez\/"]}]},{"@type":"BreadcrumbList","@id":"https:\/\/ferabrajan.com\/portal\/2020\/07\/29\/yulianna-peniche-acepta-casarse-con-el-parejita-lopez\/#breadcrumb","itemListElement":[{"@type":"ListItem","position":1,"name":"Portada","item":"https:\/\/ferabrajan.com\/portal\/"},{"@type":"ListItem","position":2,"name":"Yulianna Peniche acepta casarse con el &#034;Parejita&#034; L\u00f3pez"}]},{"@type":"WebSite","@id":"https:\/\/ferabrajan.com\/portal\/#website","url":"https:\/\/ferabrajan.com\/portal\/","name":"Fer Abrajan","description":"Noticias de Puebla, opini\u00f3n y radio en vivo","publisher":{"@id":"https:\/\/ferabrajan.com\/portal\/#organization"},"potentialAction":[{"@type":"SearchAction","target":{"@type":"EntryPoint","urlTemplate":"https:\/\/ferabrajan.com\/portal\/?s={search_term_string}"},"query-input":{"@type":"PropertyValueSpecification","valueRequired":true,"valueName":"search_term_string"}}],"inLanguage":"es"},{"@type":"Organization","@id":"https:\/\/ferabrajan.com\/portal\/#organization","name":"Fer Abrajan","url":"https:\/\/ferabrajan.com\/portal\/","logo":{"@type":"ImageObject","inLanguage":"es","@id":"https:\/\/ferabrajan.com\/portal\/#\/schema\/logo\/image\/","url":"https:\/\/ferabrajan.com\/portal\/wp-content\/uploads\/2024\/10\/cropped-logo.jpeg","contentUrl":"https:\/\/ferabrajan.com\/portal\/wp-content\/uploads\/2024\/10\/cropped-logo.jpeg","width":500,"height":250,"caption":"Fer Abrajan"},"image":{"@id":"https:\/\/ferabrajan.com\/portal\/#\/schema\/logo\/image\/"},"sameAs":["https:\/\/www.facebook.com\/NoticiasconFerAbrajan\/","https:\/\/x.com\/ferabrajan1"]},{"@type":"Person","@id":"https:\/\/ferabrajan.com\/portal\/#\/schema\/person\/f6113b3cb1e036d5c6a9505685b257ba","name":"admin","image":{"@type":"ImageObject","inLanguage":"es","@id":"https:\/\/secure.gravatar.com\/avatar\/072baa72775aad53c748dfc5d3048578e01b6c087eef335459ebfa04344e2d18?s=96&d=mm&r=g","url":"https:\/\/secure.gravatar.com\/avatar\/072baa72775aad53c748dfc5d3048578e01b6c087eef335459ebfa04344e2d18?s=96&d=mm&r=g","contentUrl":"https:\/\/secure.gravatar.com\/avatar\/072baa72775aad53c748dfc5d3048578e01b6c087eef335459ebfa04344e2d18?s=96&d=mm&r=g","caption":"admin"},"sameAs":["https:\/\/ferabrajan.com\/portal"],"url":"https:\/\/ferabrajan.com\/portal\/author\/admin\/"}]}},"_links":{"self":[{"href":"https:\/\/ferabrajan.com\/portal\/wp-json\/wp\/v2\/posts\/15875","targetHints":{"allow":["GET"]}}],"collection":[{"href":"https:\/\/ferabrajan.com\/portal\/wp-json\/wp\/v2\/posts"}],"about":[{"href":"https:\/\/ferabrajan.com\/portal\/wp-json\/wp\/v2\/types\/post"}],"author":[{"embeddable":true,"href":"https:\/\/ferabrajan.com\/portal\/wp-json\/wp\/v2\/users\/1"}],"replies":[{"embeddable":true,"href":"https:\/\/ferabrajan.com\/portal\/wp-json\/wp\/v2\/comments?post=15875"}],"version-history":[{"count":0,"href":"https:\/\/ferabrajan.com\/portal\/wp-json\/wp\/v2\/posts\/15875\/revisions"}],"wp:attachment":[{"href":"https:\/\/ferabrajan.com\/portal\/wp-json\/wp\/v2\/media?parent=15875"}],"wp:term":[{"taxonomy":"category","embeddable":true,"href":"https:\/\/ferabrajan.com\/portal\/wp-json\/wp\/v2\/categories?post=15875"},{"taxonomy":"post_tag","embeddable":true,"href":"https:\/\/ferabrajan.com\/portal\/wp-json\/wp\/v2\/tags?post=15875"}],"curies":[{"name":"wp","href":"https:\/\/api.w.org\/{rel}","templated":true}]}}