{"id":15865,"date":"2020-07-29T17:56:07","date_gmt":"2020-07-29T17:56:07","guid":{"rendered":"https:\/\/www.elsoldepuebla.com.mx\/local\/analiza-comuna-ampliar-apoyos-alimentarios-ante-pandemia-puebla-5556579.html"},"modified":"2020-07-29T17:56:07","modified_gmt":"2020-07-29T17:56:07","slug":"analiza-comuna-ampliar-apoyos-alimentarios-ante-pandemia","status":"publish","type":"post","link":"https:\/\/ferabrajan.com\/portal\/2020\/07\/29\/analiza-comuna-ampliar-apoyos-alimentarios-ante-pandemia\/","title":{"rendered":"Analiza Comuna ampliar apoyos alimentarios ante pandemia"},"content":{"rendered":"<div><img decoding=\"async\" src=\"https:\/\/www.elsoldepuebla.com.mx\/local\/65j3kb-despensas-dif-municipal.jpg\/ALTERNATES\/LANDSCAPE_1140\/Despensas%20DIF%20Municipal.jpg\" class=\"ff-og-image-inserted\"><\/div>\n<p>El Ayuntamiento de Puebla analiza ampliar la entrega de apoyos alimentarios durante esta contingencia sanitaria, as\u00ed lo confirm\u00f3 la presidenta municipal, Claudia Rivera Vivanco, quien dijo que la repartici\u00f3n de despensas es una de las principales demandas entre los poblanos.<\/p>\n<p>\u201cSe est\u00e1 haciendo la consideraci\u00f3n y la evaluaci\u00f3n de ampliar el programa de apoyo alimentario, ha sido de las demandas m\u00e1s sentidas de la ciudadan\u00eda, ya lo estamos considerando para una siguiente etapa, ahorita estamos enfocados en otro de los aspectos que tambi\u00e9n en materia de bienestar son fundamentales\u201d, dijo.<\/p>\n<p>Fue a inicios de mayo que el Sistema Municipal DIF (SMDIF) y el Instituto Municipal del Planeaci\u00f3n (IMPLAN) dieron a conocer que destinar\u00edan 12 millones 400 mil pesos para la entrega de 37 mil despensas como parte del Plan de Apoyos para Grupos Vulnerables Durante la Contingencia.<\/p>\n<article class=\"local media col-md-4 inline-story\"> <\/article>\n<p>Para saber a quienes brindar\u00edan estos apoyos, se basaron en estudios del Consejo Nacional de Evaluaci\u00f3n de la Pol\u00edtica de Desarrollo Social (Coneval) y del Instituto Municipal de Planeaci\u00f3n Puebla, algunas de las colonias en donde entregaron despensas para la primera etapa fueron: 1 de mayo, Amaluquilla, Barranca Honda, Guadalupe Hidalgo, Jorge Murad, Historiadores, Riego del Norte, Riego del Sur, Rivera de San Aparicio, Nopalillos, Tres Cerritos, as\u00ed como Uni\u00f3n y Progreso.<\/p>\n<p>En otro tema, la alcaldesa aprovech\u00f3 para mencionar que la reapertura de negocios, establecimientos e iglesias ser\u00e1 de manera paulatina y de manera coordinada con el sem\u00e1foro federal. Dijo que el Gobierno Municipal ya est\u00e1 preparado, que han emitido varias acciones, as\u00ed como recomendaciones, pero a\u00fan est\u00e1n en espera de que el sem\u00e1foro cambie a color naranja.<\/p>\n<article class=\"finanzas media col-md-4 inline-story\"> <\/article>\n<article class=\"policiaca media col-md-4 inline-story\"> <\/article>\n<section>\n<div class=\"teaser\">\n<p>[embedded content]<\/p>\n<\/div>\n<\/section>\n<p> Publicaci\u00f3n Original: <a href=\"https:\/\/www.elsoldepuebla.com.mx\/local\/analiza-comuna-ampliar-apoyos-alimentarios-ante-pandemia-puebla-5556579.html\" target=\"_blank\" rel=\"noopener noreferrer\">https:\/\/www.elsoldepuebla.com.mx\/local\/analiza-comuna-ampliar-apoyos-alimentarios-ante-pandemia-puebla-5556579.html<\/a><\/p>\n","protected":false},"excerpt":{"rendered":"<p>El Ayuntamiento de Puebla analiza ampliar la entrega de apoyos alimentarios durante esta contingencia sanitaria, as\u00ed lo confirm\u00f3 la presidenta municipal, Claudia Rivera Vivanco, quien dijo que la repartici\u00f3n de despensas es una de las principales demandas entre los poblanos. \u201cSe est\u00e1 haciendo la consideraci\u00f3n y la evaluaci\u00f3n de ampliar el programa de apoyo alimentario, ha sido de las demandas m\u00e1s sentidas de la ciudadan\u00eda, ya lo estamos considerando para una siguiente etapa, ahorita estamos enfocados en otro de los aspectos que tambi\u00e9n en materia de bienestar son fundamentales\u201d, dijo. Fue a inicios de mayo que el Sistema Municipal DIF (SMDIF) y el Instituto Municipal del Planeaci\u00f3n (IMPLAN) dieron a conocer que destinar\u00edan 12 millones 400 mil pesos para la entrega de 37 mil despensas como parte del Plan de Apoyos para Grupos Vulnerables Durante la Contingencia. Para saber a quienes brindar\u00edan estos apoyos, se basaron en estudios del Consejo Nacional de Evaluaci\u00f3n de la Pol\u00edtica de Desarrollo Social (Coneval) y del Instituto Municipal de Planeaci\u00f3n Puebla, algunas de las colonias en donde entregaron despensas para la primera etapa fueron: 1 de mayo, Amaluquilla, Barranca Honda, Guadalupe Hidalgo, Jorge Murad, Historiadores, Riego del Norte, Riego del Sur, Rivera de San Aparicio, Nopalillos, Tres Cerritos, as\u00ed como Uni\u00f3n y Progreso. En otro tema, la alcaldesa aprovech\u00f3 para mencionar que la reapertura de negocios, establecimientos e iglesias ser\u00e1 de manera paulatina y de manera coordinada con el sem\u00e1foro federal. Dijo que el Gobierno Municipal ya est\u00e1 preparado, que han emitido varias acciones, as\u00ed como recomendaciones, pero a\u00fan est\u00e1n en espera de que el sem\u00e1foro cambie a color naranja. [embedded content] Publicaci\u00f3n Original: https:\/\/www.elsoldepuebla.com.mx\/local\/analiza-comuna-ampliar-apoyos-alimentarios-ante-pandemia-puebla-5556579.html<\/p>\n","protected":false},"author":1,"featured_media":15869,"comment_status":"closed","ping_status":"closed","sticky":false,"template":"","format":"standard","meta":{"_monsterinsights_skip_tracking":false,"_uf_show_specific_survey":0,"_uf_disable_surveys":false,"footnotes":""},"categories":[53,34],"tags":[],"class_list":["post-15865","post","type-post","status-publish","format-standard","has-post-thumbnail","hentry","category-local","category-puebla"],"yoast_head":"<!-- This site is optimized with the Yoast SEO plugin v27.5 - https:\/\/yoast.com\/product\/yoast-seo-wordpress\/ -->\n<title>Analiza Comuna ampliar apoyos alimentarios ante pandemia - Fer Abrajan<\/title>\n<meta name=\"robots\" content=\"index, follow, max-snippet:-1, max-image-preview:large, max-video-preview:-1\" \/>\n<link rel=\"canonical\" href=\"https:\/\/ferabrajan.com\/portal\/2020\/07\/29\/analiza-comuna-ampliar-apoyos-alimentarios-ante-pandemia\/\" \/>\n<meta property=\"og:locale\" content=\"es_ES\" \/>\n<meta property=\"og:type\" content=\"article\" \/>\n<meta property=\"og:title\" content=\"Analiza Comuna ampliar apoyos alimentarios ante pandemia - Fer Abrajan\" \/>\n<meta property=\"og:description\" content=\"El Ayuntamiento de Puebla analiza ampliar la entrega de apoyos alimentarios durante esta contingencia sanitaria, as\u00ed lo confirm\u00f3 la presidenta municipal, Claudia Rivera Vivanco, quien dijo que la repartici\u00f3n de despensas es una de las principales demandas entre los poblanos. \u201cSe est\u00e1 haciendo la consideraci\u00f3n y la evaluaci\u00f3n de ampliar el programa de apoyo alimentario, ha sido de las demandas m\u00e1s sentidas de la ciudadan\u00eda, ya lo estamos considerando para una siguiente etapa, ahorita estamos enfocados en otro de los aspectos que tambi\u00e9n en materia de bienestar son fundamentales\u201d, dijo. Fue a inicios de mayo que el Sistema Municipal DIF (SMDIF) y el Instituto Municipal del Planeaci\u00f3n (IMPLAN) dieron a conocer que destinar\u00edan 12 millones 400 mil pesos para la entrega de 37 mil despensas como parte del Plan de Apoyos para Grupos Vulnerables Durante la Contingencia. Para saber a quienes brindar\u00edan estos apoyos, se basaron en estudios del Consejo Nacional de Evaluaci\u00f3n de la Pol\u00edtica de Desarrollo Social (Coneval) y del Instituto Municipal de Planeaci\u00f3n Puebla, algunas de las colonias en donde entregaron despensas para la primera etapa fueron: 1 de mayo, Amaluquilla, Barranca Honda, Guadalupe Hidalgo, Jorge Murad, Historiadores, Riego del Norte, Riego del Sur, Rivera de San Aparicio, Nopalillos, Tres Cerritos, as\u00ed como Uni\u00f3n y Progreso. En otro tema, la alcaldesa aprovech\u00f3 para mencionar que la reapertura de negocios, establecimientos e iglesias ser\u00e1 de manera paulatina y de manera coordinada con el sem\u00e1foro federal. Dijo que el Gobierno Municipal ya est\u00e1 preparado, que han emitido varias acciones, as\u00ed como recomendaciones, pero a\u00fan est\u00e1n en espera de que el sem\u00e1foro cambie a color naranja. [embedded content] Publicaci\u00f3n Original: https:\/\/www.elsoldepuebla.com.mx\/local\/analiza-comuna-ampliar-apoyos-alimentarios-ante-pandemia-puebla-5556579.html\" \/>\n<meta property=\"og:url\" content=\"https:\/\/ferabrajan.com\/portal\/2020\/07\/29\/analiza-comuna-ampliar-apoyos-alimentarios-ante-pandemia\/\" \/>\n<meta property=\"og:site_name\" content=\"Fer Abrajan\" \/>\n<meta property=\"article:publisher\" content=\"https:\/\/www.facebook.com\/NoticiasconFerAbrajan\/\" \/>\n<meta property=\"article:published_time\" content=\"2020-07-29T17:56:07+00:00\" \/>\n<meta name=\"author\" content=\"admin\" \/>\n<meta name=\"twitter:card\" content=\"summary_large_image\" \/>\n<meta name=\"twitter:creator\" content=\"@ferabrajan1\" \/>\n<meta name=\"twitter:site\" content=\"@ferabrajan1\" \/>\n<meta name=\"twitter:label1\" content=\"Escrito por\" \/>\n\t<meta name=\"twitter:data1\" content=\"admin\" \/>\n\t<meta name=\"twitter:label2\" content=\"Tiempo de lectura\" \/>\n\t<meta name=\"twitter:data2\" content=\"1 minuto\" \/>\n<script type=\"application\/ld+json\" class=\"yoast-schema-graph\">{\"@context\":\"https:\\\/\\\/schema.org\",\"@graph\":[{\"@type\":\"Article\",\"@id\":\"https:\\\/\\\/ferabrajan.com\\\/portal\\\/2020\\\/07\\\/29\\\/analiza-comuna-ampliar-apoyos-alimentarios-ante-pandemia\\\/#article\",\"isPartOf\":{\"@id\":\"https:\\\/\\\/ferabrajan.com\\\/portal\\\/2020\\\/07\\\/29\\\/analiza-comuna-ampliar-apoyos-alimentarios-ante-pandemia\\\/\"},\"author\":{\"name\":\"admin\",\"@id\":\"https:\\\/\\\/ferabrajan.com\\\/portal\\\/#\\\/schema\\\/person\\\/f6113b3cb1e036d5c6a9505685b257ba\"},\"headline\":\"Analiza Comuna ampliar apoyos alimentarios ante pandemia\",\"datePublished\":\"2020-07-29T17:56:07+00:00\",\"mainEntityOfPage\":{\"@id\":\"https:\\\/\\\/ferabrajan.com\\\/portal\\\/2020\\\/07\\\/29\\\/analiza-comuna-ampliar-apoyos-alimentarios-ante-pandemia\\\/\"},\"wordCount\":299,\"publisher\":{\"@id\":\"https:\\\/\\\/ferabrajan.com\\\/portal\\\/#organization\"},\"image\":{\"@id\":\"https:\\\/\\\/ferabrajan.com\\\/portal\\\/2020\\\/07\\\/29\\\/analiza-comuna-ampliar-apoyos-alimentarios-ante-pandemia\\\/#primaryimage\"},\"thumbnailUrl\":\"\",\"articleSection\":[\"Local\",\"Puebla\"],\"inLanguage\":\"es\"},{\"@type\":\"WebPage\",\"@id\":\"https:\\\/\\\/ferabrajan.com\\\/portal\\\/2020\\\/07\\\/29\\\/analiza-comuna-ampliar-apoyos-alimentarios-ante-pandemia\\\/\",\"url\":\"https:\\\/\\\/ferabrajan.com\\\/portal\\\/2020\\\/07\\\/29\\\/analiza-comuna-ampliar-apoyos-alimentarios-ante-pandemia\\\/\",\"name\":\"Analiza Comuna ampliar apoyos alimentarios ante pandemia - Fer Abrajan\",\"isPartOf\":{\"@id\":\"https:\\\/\\\/ferabrajan.com\\\/portal\\\/#website\"},\"primaryImageOfPage\":{\"@id\":\"https:\\\/\\\/ferabrajan.com\\\/portal\\\/2020\\\/07\\\/29\\\/analiza-comuna-ampliar-apoyos-alimentarios-ante-pandemia\\\/#primaryimage\"},\"image\":{\"@id\":\"https:\\\/\\\/ferabrajan.com\\\/portal\\\/2020\\\/07\\\/29\\\/analiza-comuna-ampliar-apoyos-alimentarios-ante-pandemia\\\/#primaryimage\"},\"thumbnailUrl\":\"\",\"datePublished\":\"2020-07-29T17:56:07+00:00\",\"breadcrumb\":{\"@id\":\"https:\\\/\\\/ferabrajan.com\\\/portal\\\/2020\\\/07\\\/29\\\/analiza-comuna-ampliar-apoyos-alimentarios-ante-pandemia\\\/#breadcrumb\"},\"inLanguage\":\"es\",\"potentialAction\":[{\"@type\":\"ReadAction\",\"target\":[\"https:\\\/\\\/ferabrajan.com\\\/portal\\\/2020\\\/07\\\/29\\\/analiza-comuna-ampliar-apoyos-alimentarios-ante-pandemia\\\/\"]}]},{\"@type\":\"ImageObject\",\"inLanguage\":\"es\",\"@id\":\"https:\\\/\\\/ferabrajan.com\\\/portal\\\/2020\\\/07\\\/29\\\/analiza-comuna-ampliar-apoyos-alimentarios-ante-pandemia\\\/#primaryimage\",\"url\":\"\",\"contentUrl\":\"\"},{\"@type\":\"BreadcrumbList\",\"@id\":\"https:\\\/\\\/ferabrajan.com\\\/portal\\\/2020\\\/07\\\/29\\\/analiza-comuna-ampliar-apoyos-alimentarios-ante-pandemia\\\/#breadcrumb\",\"itemListElement\":[{\"@type\":\"ListItem\",\"position\":1,\"name\":\"Portada\",\"item\":\"https:\\\/\\\/ferabrajan.com\\\/portal\\\/\"},{\"@type\":\"ListItem\",\"position\":2,\"name\":\"Analiza Comuna ampliar apoyos alimentarios ante pandemia\"}]},{\"@type\":\"WebSite\",\"@id\":\"https:\\\/\\\/ferabrajan.com\\\/portal\\\/#website\",\"url\":\"https:\\\/\\\/ferabrajan.com\\\/portal\\\/\",\"name\":\"Fer Abrajan\",\"description\":\"Noticias de Puebla, opini\u00f3n y radio en vivo\",\"publisher\":{\"@id\":\"https:\\\/\\\/ferabrajan.com\\\/portal\\\/#organization\"},\"potentialAction\":[{\"@type\":\"SearchAction\",\"target\":{\"@type\":\"EntryPoint\",\"urlTemplate\":\"https:\\\/\\\/ferabrajan.com\\\/portal\\\/?s={search_term_string}\"},\"query-input\":{\"@type\":\"PropertyValueSpecification\",\"valueRequired\":true,\"valueName\":\"search_term_string\"}}],\"inLanguage\":\"es\"},{\"@type\":\"Organization\",\"@id\":\"https:\\\/\\\/ferabrajan.com\\\/portal\\\/#organization\",\"name\":\"Fer Abrajan\",\"url\":\"https:\\\/\\\/ferabrajan.com\\\/portal\\\/\",\"logo\":{\"@type\":\"ImageObject\",\"inLanguage\":\"es\",\"@id\":\"https:\\\/\\\/ferabrajan.com\\\/portal\\\/#\\\/schema\\\/logo\\\/image\\\/\",\"url\":\"https:\\\/\\\/ferabrajan.com\\\/portal\\\/wp-content\\\/uploads\\\/2024\\\/10\\\/cropped-logo.jpeg\",\"contentUrl\":\"https:\\\/\\\/ferabrajan.com\\\/portal\\\/wp-content\\\/uploads\\\/2024\\\/10\\\/cropped-logo.jpeg\",\"width\":500,\"height\":250,\"caption\":\"Fer Abrajan\"},\"image\":{\"@id\":\"https:\\\/\\\/ferabrajan.com\\\/portal\\\/#\\\/schema\\\/logo\\\/image\\\/\"},\"sameAs\":[\"https:\\\/\\\/www.facebook.com\\\/NoticiasconFerAbrajan\\\/\",\"https:\\\/\\\/x.com\\\/ferabrajan1\"]},{\"@type\":\"Person\",\"@id\":\"https:\\\/\\\/ferabrajan.com\\\/portal\\\/#\\\/schema\\\/person\\\/f6113b3cb1e036d5c6a9505685b257ba\",\"name\":\"admin\",\"image\":{\"@type\":\"ImageObject\",\"inLanguage\":\"es\",\"@id\":\"https:\\\/\\\/secure.gravatar.com\\\/avatar\\\/072baa72775aad53c748dfc5d3048578e01b6c087eef335459ebfa04344e2d18?s=96&d=mm&r=g\",\"url\":\"https:\\\/\\\/secure.gravatar.com\\\/avatar\\\/072baa72775aad53c748dfc5d3048578e01b6c087eef335459ebfa04344e2d18?s=96&d=mm&r=g\",\"contentUrl\":\"https:\\\/\\\/secure.gravatar.com\\\/avatar\\\/072baa72775aad53c748dfc5d3048578e01b6c087eef335459ebfa04344e2d18?s=96&d=mm&r=g\",\"caption\":\"admin\"},\"sameAs\":[\"https:\\\/\\\/ferabrajan.com\\\/portal\"],\"url\":\"https:\\\/\\\/ferabrajan.com\\\/portal\\\/author\\\/admin\\\/\"}]}<\/script>\n<!-- \/ Yoast SEO plugin. -->","yoast_head_json":{"title":"Analiza Comuna ampliar apoyos alimentarios ante pandemia - Fer Abrajan","robots":{"index":"index","follow":"follow","max-snippet":"max-snippet:-1","max-image-preview":"max-image-preview:large","max-video-preview":"max-video-preview:-1"},"canonical":"https:\/\/ferabrajan.com\/portal\/2020\/07\/29\/analiza-comuna-ampliar-apoyos-alimentarios-ante-pandemia\/","og_locale":"es_ES","og_type":"article","og_title":"Analiza Comuna ampliar apoyos alimentarios ante pandemia - Fer Abrajan","og_description":"El Ayuntamiento de Puebla analiza ampliar la entrega de apoyos alimentarios durante esta contingencia sanitaria, as\u00ed lo confirm\u00f3 la presidenta municipal, Claudia Rivera Vivanco, quien dijo que la repartici\u00f3n de despensas es una de las principales demandas entre los poblanos. \u201cSe est\u00e1 haciendo la consideraci\u00f3n y la evaluaci\u00f3n de ampliar el programa de apoyo alimentario, ha sido de las demandas m\u00e1s sentidas de la ciudadan\u00eda, ya lo estamos considerando para una siguiente etapa, ahorita estamos enfocados en otro de los aspectos que tambi\u00e9n en materia de bienestar son fundamentales\u201d, dijo. Fue a inicios de mayo que el Sistema Municipal DIF (SMDIF) y el Instituto Municipal del Planeaci\u00f3n (IMPLAN) dieron a conocer que destinar\u00edan 12 millones 400 mil pesos para la entrega de 37 mil despensas como parte del Plan de Apoyos para Grupos Vulnerables Durante la Contingencia. Para saber a quienes brindar\u00edan estos apoyos, se basaron en estudios del Consejo Nacional de Evaluaci\u00f3n de la Pol\u00edtica de Desarrollo Social (Coneval) y del Instituto Municipal de Planeaci\u00f3n Puebla, algunas de las colonias en donde entregaron despensas para la primera etapa fueron: 1 de mayo, Amaluquilla, Barranca Honda, Guadalupe Hidalgo, Jorge Murad, Historiadores, Riego del Norte, Riego del Sur, Rivera de San Aparicio, Nopalillos, Tres Cerritos, as\u00ed como Uni\u00f3n y Progreso. En otro tema, la alcaldesa aprovech\u00f3 para mencionar que la reapertura de negocios, establecimientos e iglesias ser\u00e1 de manera paulatina y de manera coordinada con el sem\u00e1foro federal. Dijo que el Gobierno Municipal ya est\u00e1 preparado, que han emitido varias acciones, as\u00ed como recomendaciones, pero a\u00fan est\u00e1n en espera de que el sem\u00e1foro cambie a color naranja. [embedded content] Publicaci\u00f3n Original: https:\/\/www.elsoldepuebla.com.mx\/local\/analiza-comuna-ampliar-apoyos-alimentarios-ante-pandemia-puebla-5556579.html","og_url":"https:\/\/ferabrajan.com\/portal\/2020\/07\/29\/analiza-comuna-ampliar-apoyos-alimentarios-ante-pandemia\/","og_site_name":"Fer Abrajan","article_publisher":"https:\/\/www.facebook.com\/NoticiasconFerAbrajan\/","article_published_time":"2020-07-29T17:56:07+00:00","author":"admin","twitter_card":"summary_large_image","twitter_creator":"@ferabrajan1","twitter_site":"@ferabrajan1","twitter_misc":{"Escrito por":"admin","Tiempo de lectura":"1 minuto"},"schema":{"@context":"https:\/\/schema.org","@graph":[{"@type":"Article","@id":"https:\/\/ferabrajan.com\/portal\/2020\/07\/29\/analiza-comuna-ampliar-apoyos-alimentarios-ante-pandemia\/#article","isPartOf":{"@id":"https:\/\/ferabrajan.com\/portal\/2020\/07\/29\/analiza-comuna-ampliar-apoyos-alimentarios-ante-pandemia\/"},"author":{"name":"admin","@id":"https:\/\/ferabrajan.com\/portal\/#\/schema\/person\/f6113b3cb1e036d5c6a9505685b257ba"},"headline":"Analiza Comuna ampliar apoyos alimentarios ante pandemia","datePublished":"2020-07-29T17:56:07+00:00","mainEntityOfPage":{"@id":"https:\/\/ferabrajan.com\/portal\/2020\/07\/29\/analiza-comuna-ampliar-apoyos-alimentarios-ante-pandemia\/"},"wordCount":299,"publisher":{"@id":"https:\/\/ferabrajan.com\/portal\/#organization"},"image":{"@id":"https:\/\/ferabrajan.com\/portal\/2020\/07\/29\/analiza-comuna-ampliar-apoyos-alimentarios-ante-pandemia\/#primaryimage"},"thumbnailUrl":"","articleSection":["Local","Puebla"],"inLanguage":"es"},{"@type":"WebPage","@id":"https:\/\/ferabrajan.com\/portal\/2020\/07\/29\/analiza-comuna-ampliar-apoyos-alimentarios-ante-pandemia\/","url":"https:\/\/ferabrajan.com\/portal\/2020\/07\/29\/analiza-comuna-ampliar-apoyos-alimentarios-ante-pandemia\/","name":"Analiza Comuna ampliar apoyos alimentarios ante pandemia - Fer Abrajan","isPartOf":{"@id":"https:\/\/ferabrajan.com\/portal\/#website"},"primaryImageOfPage":{"@id":"https:\/\/ferabrajan.com\/portal\/2020\/07\/29\/analiza-comuna-ampliar-apoyos-alimentarios-ante-pandemia\/#primaryimage"},"image":{"@id":"https:\/\/ferabrajan.com\/portal\/2020\/07\/29\/analiza-comuna-ampliar-apoyos-alimentarios-ante-pandemia\/#primaryimage"},"thumbnailUrl":"","datePublished":"2020-07-29T17:56:07+00:00","breadcrumb":{"@id":"https:\/\/ferabrajan.com\/portal\/2020\/07\/29\/analiza-comuna-ampliar-apoyos-alimentarios-ante-pandemia\/#breadcrumb"},"inLanguage":"es","potentialAction":[{"@type":"ReadAction","target":["https:\/\/ferabrajan.com\/portal\/2020\/07\/29\/analiza-comuna-ampliar-apoyos-alimentarios-ante-pandemia\/"]}]},{"@type":"ImageObject","inLanguage":"es","@id":"https:\/\/ferabrajan.com\/portal\/2020\/07\/29\/analiza-comuna-ampliar-apoyos-alimentarios-ante-pandemia\/#primaryimage","url":"","contentUrl":""},{"@type":"BreadcrumbList","@id":"https:\/\/ferabrajan.com\/portal\/2020\/07\/29\/analiza-comuna-ampliar-apoyos-alimentarios-ante-pandemia\/#breadcrumb","itemListElement":[{"@type":"ListItem","position":1,"name":"Portada","item":"https:\/\/ferabrajan.com\/portal\/"},{"@type":"ListItem","position":2,"name":"Analiza Comuna ampliar apoyos alimentarios ante pandemia"}]},{"@type":"WebSite","@id":"https:\/\/ferabrajan.com\/portal\/#website","url":"https:\/\/ferabrajan.com\/portal\/","name":"Fer Abrajan","description":"Noticias de Puebla, opini\u00f3n y radio en vivo","publisher":{"@id":"https:\/\/ferabrajan.com\/portal\/#organization"},"potentialAction":[{"@type":"SearchAction","target":{"@type":"EntryPoint","urlTemplate":"https:\/\/ferabrajan.com\/portal\/?s={search_term_string}"},"query-input":{"@type":"PropertyValueSpecification","valueRequired":true,"valueName":"search_term_string"}}],"inLanguage":"es"},{"@type":"Organization","@id":"https:\/\/ferabrajan.com\/portal\/#organization","name":"Fer Abrajan","url":"https:\/\/ferabrajan.com\/portal\/","logo":{"@type":"ImageObject","inLanguage":"es","@id":"https:\/\/ferabrajan.com\/portal\/#\/schema\/logo\/image\/","url":"https:\/\/ferabrajan.com\/portal\/wp-content\/uploads\/2024\/10\/cropped-logo.jpeg","contentUrl":"https:\/\/ferabrajan.com\/portal\/wp-content\/uploads\/2024\/10\/cropped-logo.jpeg","width":500,"height":250,"caption":"Fer Abrajan"},"image":{"@id":"https:\/\/ferabrajan.com\/portal\/#\/schema\/logo\/image\/"},"sameAs":["https:\/\/www.facebook.com\/NoticiasconFerAbrajan\/","https:\/\/x.com\/ferabrajan1"]},{"@type":"Person","@id":"https:\/\/ferabrajan.com\/portal\/#\/schema\/person\/f6113b3cb1e036d5c6a9505685b257ba","name":"admin","image":{"@type":"ImageObject","inLanguage":"es","@id":"https:\/\/secure.gravatar.com\/avatar\/072baa72775aad53c748dfc5d3048578e01b6c087eef335459ebfa04344e2d18?s=96&d=mm&r=g","url":"https:\/\/secure.gravatar.com\/avatar\/072baa72775aad53c748dfc5d3048578e01b6c087eef335459ebfa04344e2d18?s=96&d=mm&r=g","contentUrl":"https:\/\/secure.gravatar.com\/avatar\/072baa72775aad53c748dfc5d3048578e01b6c087eef335459ebfa04344e2d18?s=96&d=mm&r=g","caption":"admin"},"sameAs":["https:\/\/ferabrajan.com\/portal"],"url":"https:\/\/ferabrajan.com\/portal\/author\/admin\/"}]}},"_links":{"self":[{"href":"https:\/\/ferabrajan.com\/portal\/wp-json\/wp\/v2\/posts\/15865","targetHints":{"allow":["GET"]}}],"collection":[{"href":"https:\/\/ferabrajan.com\/portal\/wp-json\/wp\/v2\/posts"}],"about":[{"href":"https:\/\/ferabrajan.com\/portal\/wp-json\/wp\/v2\/types\/post"}],"author":[{"embeddable":true,"href":"https:\/\/ferabrajan.com\/portal\/wp-json\/wp\/v2\/users\/1"}],"replies":[{"embeddable":true,"href":"https:\/\/ferabrajan.com\/portal\/wp-json\/wp\/v2\/comments?post=15865"}],"version-history":[{"count":0,"href":"https:\/\/ferabrajan.com\/portal\/wp-json\/wp\/v2\/posts\/15865\/revisions"}],"wp:attachment":[{"href":"https:\/\/ferabrajan.com\/portal\/wp-json\/wp\/v2\/media?parent=15865"}],"wp:term":[{"taxonomy":"category","embeddable":true,"href":"https:\/\/ferabrajan.com\/portal\/wp-json\/wp\/v2\/categories?post=15865"},{"taxonomy":"post_tag","embeddable":true,"href":"https:\/\/ferabrajan.com\/portal\/wp-json\/wp\/v2\/tags?post=15865"}],"curies":[{"name":"wp","href":"https:\/\/api.w.org\/{rel}","templated":true}]}}