{"id":15855,"date":"2020-07-29T18:06:00","date_gmt":"2020-07-29T18:06:00","guid":{"rendered":"https:\/\/www.elsoldepuebla.com.mx\/mexico\/sociedad\/episcopado-mexicano-se-pronuncia-en-contra-del-aborto-5556623.html"},"modified":"2020-07-29T18:06:00","modified_gmt":"2020-07-29T18:06:00","slug":"episcopado-mexicano-se-pronuncia-en-contra-del-aborto","status":"publish","type":"post","link":"https:\/\/ferabrajan.com\/portal\/2020\/07\/29\/episcopado-mexicano-se-pronuncia-en-contra-del-aborto\/","title":{"rendered":"Episcopado Mexicano se pronuncia en contra del aborto"},"content":{"rendered":"<div><img decoding=\"async\" src=\"https:\/\/www.elsoldemexico.com.mx\/mexico\/sociedad\/ndugli-rogelio-cabrera.jpg\/ALTERNATES\/LANDSCAPE_1140\/Rogelio%20Cabrera.jpg\" class=\"ff-og-image-inserted\"><\/div>\n<p>A unas horas de que se discuta en la Suprema Corte de Justicia de la Naci\u00f3n un proyecto por el que podr\u00eda despenalizarse el aborto en Veracruz, obispos del pa\u00eds de la Conferencia del Episcopado Mexicano se pronunciaron en contra del tema.<\/p>\n<p><span class=\"quote\">Nos comprometemos a favor de la vida y la dignidad humana<\/span><\/p>\n<article class=\"mexico_sociedad media col-md-4 inline-story\"> <\/article>\n<p>En un comunicado emitido a trav\u00e9s de las redes sociales de la CEM, se invit\u00f3 a los dirigentes de gobierno, l\u00edderes sociales, medios de comunicaci\u00f3n y responsables de la educaci\u00f3n p\u00fablica y privada, a mantener una participaci\u00f3n m\u00e1s constructiva y propositiva para que tomen un papel importante para sustituir a la \u201ccultura de la muerte\u201d, con el anuncio atractivo de la cultura de la vida y la dignidad humana.<\/p>\n<p>El comunicado firmado por el Monse\u00f1or Rogelio Cabrera L\u00f3pez, arzobispo de Monterrey y Presidente de la CEM, monse\u00f1or Alfonso G. Miranda GuardiolaObispo Auxiliar de Monterrey y Secretario General de la CEM y del Monse\u00f1or Jes\u00fas Jos\u00e9 Herrera Qui\u00f1\u00f3nez, responsable de la Dimensi\u00f3n Episcopal de Vida, los obispos enfatizaron que, la vida que cada ser humano posee desde la concepci\u00f3n y hasta la muerte natural, es un don que hay que custodiar como algo verdaderamente sagrado.<\/p>\n<p><span class=\"quote\">Afirmamos, acorde con la evidencia cient\u00edfica, que la vida humana comienza desde el momento de la concepci\u00f3n<\/span><\/p>\n<p>Reconocieron tambi\u00e9n que la persona humana no es instrumento o decisi\u00f3n de otro ser humano, \u00abes un fin en s\u00ed mismo y no un medio, es un sujeto y no un objeto, por tanto, posee una dignidad propia de la que brotan unos derechos inalienables, en especial el derecho a vivir\u00bb, subrayaron.<\/p>\n<p>De ser aprobado por la Supremo Corte de Justicia de la Naci\u00f3n, el proyecto obligar\u00e1 al Congreso de Veracruz a modificar el C\u00f3digo Penal local a despenalizar la interrupci\u00f3n del embarazo ocurrida bajo cualquier circunstancia.<\/p>\n<p>Publicaci\u00f3n Original: <a href=\"https:\/\/www.elsoldepuebla.com.mx\/mexico\/sociedad\/episcopado-mexicano-se-pronuncia-en-contra-del-aborto-5556623.html\" target=\"_blank\" rel=\"noopener noreferrer\">https:\/\/www.elsoldepuebla.com.mx\/mexico\/sociedad\/episcopado-mexicano-se-pronuncia-en-contra-del-aborto-5556623.html<\/a><\/p>\n","protected":false},"excerpt":{"rendered":"<p>A unas horas de que se discuta en la Suprema Corte de Justicia de la Naci\u00f3n un proyecto por el que podr\u00eda despenalizarse el aborto en Veracruz, obispos del pa\u00eds de la Conferencia del Episcopado Mexicano se pronunciaron en contra del tema. Nos comprometemos a favor de la vida y la dignidad humana En un comunicado emitido a trav\u00e9s de las redes sociales de la CEM, se invit\u00f3 a los dirigentes de gobierno, l\u00edderes sociales, medios de comunicaci\u00f3n y responsables de la educaci\u00f3n p\u00fablica y privada, a mantener una participaci\u00f3n m\u00e1s constructiva y propositiva para que tomen un papel importante para sustituir a la \u201ccultura de la muerte\u201d, con el anuncio atractivo de la cultura de la vida y la dignidad humana. El comunicado firmado por el Monse\u00f1or Rogelio Cabrera L\u00f3pez, arzobispo de Monterrey y Presidente de la CEM, monse\u00f1or Alfonso G. Miranda GuardiolaObispo Auxiliar de Monterrey y Secretario General de la CEM y del Monse\u00f1or Jes\u00fas Jos\u00e9 Herrera Qui\u00f1\u00f3nez, responsable de la Dimensi\u00f3n Episcopal de Vida, los obispos enfatizaron que, la vida que cada ser humano posee desde la concepci\u00f3n y hasta la muerte natural, es un don que hay que custodiar como algo verdaderamente sagrado. Afirmamos, acorde con la evidencia cient\u00edfica, que la vida humana comienza desde el momento de la concepci\u00f3n Reconocieron tambi\u00e9n que la persona humana no es instrumento o decisi\u00f3n de otro ser humano, \u00abes un fin en s\u00ed mismo y no un medio, es un sujeto y no un objeto, por tanto, posee una dignidad propia de la que brotan unos derechos inalienables, en especial el derecho a vivir\u00bb, subrayaron. De ser aprobado por la Supremo Corte de Justicia de la Naci\u00f3n, el proyecto obligar\u00e1 al Congreso de Veracruz a modificar el C\u00f3digo Penal local a despenalizar la interrupci\u00f3n del embarazo ocurrida bajo cualquier circunstancia. Publicaci\u00f3n Original: https:\/\/www.elsoldepuebla.com.mx\/mexico\/sociedad\/episcopado-mexicano-se-pronuncia-en-contra-del-aborto-5556623.html<\/p>\n","protected":false},"author":1,"featured_media":15859,"comment_status":"closed","ping_status":"closed","sticky":false,"template":"","format":"standard","meta":{"_monsterinsights_skip_tracking":false,"_uf_show_specific_survey":0,"_uf_disable_surveys":false,"footnotes":""},"categories":[34],"tags":[],"class_list":["post-15855","post","type-post","status-publish","format-standard","has-post-thumbnail","hentry","category-puebla"],"yoast_head":"<!-- This site is optimized with the Yoast SEO plugin v27.5 - https:\/\/yoast.com\/product\/yoast-seo-wordpress\/ -->\n<title>Episcopado Mexicano se pronuncia en contra del aborto - Fer Abrajan<\/title>\n<meta name=\"robots\" content=\"index, follow, max-snippet:-1, max-image-preview:large, max-video-preview:-1\" \/>\n<link rel=\"canonical\" href=\"https:\/\/ferabrajan.com\/portal\/2020\/07\/29\/episcopado-mexicano-se-pronuncia-en-contra-del-aborto\/\" \/>\n<meta property=\"og:locale\" content=\"es_ES\" \/>\n<meta property=\"og:type\" content=\"article\" \/>\n<meta property=\"og:title\" content=\"Episcopado Mexicano se pronuncia en contra del aborto - Fer Abrajan\" \/>\n<meta property=\"og:description\" content=\"A unas horas de que se discuta en la Suprema Corte de Justicia de la Naci\u00f3n un proyecto por el que podr\u00eda despenalizarse el aborto en Veracruz, obispos del pa\u00eds de la Conferencia del Episcopado Mexicano se pronunciaron en contra del tema. Nos comprometemos a favor de la vida y la dignidad humana En un comunicado emitido a trav\u00e9s de las redes sociales de la CEM, se invit\u00f3 a los dirigentes de gobierno, l\u00edderes sociales, medios de comunicaci\u00f3n y responsables de la educaci\u00f3n p\u00fablica y privada, a mantener una participaci\u00f3n m\u00e1s constructiva y propositiva para que tomen un papel importante para sustituir a la \u201ccultura de la muerte\u201d, con el anuncio atractivo de la cultura de la vida y la dignidad humana. El comunicado firmado por el Monse\u00f1or Rogelio Cabrera L\u00f3pez, arzobispo de Monterrey y Presidente de la CEM, monse\u00f1or Alfonso G. Miranda GuardiolaObispo Auxiliar de Monterrey y Secretario General de la CEM y del Monse\u00f1or Jes\u00fas Jos\u00e9 Herrera Qui\u00f1\u00f3nez, responsable de la Dimensi\u00f3n Episcopal de Vida, los obispos enfatizaron que, la vida que cada ser humano posee desde la concepci\u00f3n y hasta la muerte natural, es un don que hay que custodiar como algo verdaderamente sagrado. Afirmamos, acorde con la evidencia cient\u00edfica, que la vida humana comienza desde el momento de la concepci\u00f3n Reconocieron tambi\u00e9n que la persona humana no es instrumento o decisi\u00f3n de otro ser humano, \u00abes un fin en s\u00ed mismo y no un medio, es un sujeto y no un objeto, por tanto, posee una dignidad propia de la que brotan unos derechos inalienables, en especial el derecho a vivir\u00bb, subrayaron. De ser aprobado por la Supremo Corte de Justicia de la Naci\u00f3n, el proyecto obligar\u00e1 al Congreso de Veracruz a modificar el C\u00f3digo Penal local a despenalizar la interrupci\u00f3n del embarazo ocurrida bajo cualquier circunstancia. Publicaci\u00f3n Original: https:\/\/www.elsoldepuebla.com.mx\/mexico\/sociedad\/episcopado-mexicano-se-pronuncia-en-contra-del-aborto-5556623.html\" \/>\n<meta property=\"og:url\" content=\"https:\/\/ferabrajan.com\/portal\/2020\/07\/29\/episcopado-mexicano-se-pronuncia-en-contra-del-aborto\/\" \/>\n<meta property=\"og:site_name\" content=\"Fer Abrajan\" \/>\n<meta property=\"article:publisher\" content=\"https:\/\/www.facebook.com\/NoticiasconFerAbrajan\/\" \/>\n<meta property=\"article:published_time\" content=\"2020-07-29T18:06:00+00:00\" \/>\n<meta name=\"author\" content=\"admin\" \/>\n<meta name=\"twitter:card\" content=\"summary_large_image\" \/>\n<meta name=\"twitter:creator\" content=\"@ferabrajan1\" \/>\n<meta name=\"twitter:site\" content=\"@ferabrajan1\" \/>\n<meta name=\"twitter:label1\" content=\"Escrito por\" \/>\n\t<meta name=\"twitter:data1\" content=\"admin\" \/>\n\t<meta name=\"twitter:label2\" content=\"Tiempo de lectura\" \/>\n\t<meta name=\"twitter:data2\" content=\"2 minutos\" \/>\n<script type=\"application\/ld+json\" class=\"yoast-schema-graph\">{\"@context\":\"https:\\\/\\\/schema.org\",\"@graph\":[{\"@type\":\"Article\",\"@id\":\"https:\\\/\\\/ferabrajan.com\\\/portal\\\/2020\\\/07\\\/29\\\/episcopado-mexicano-se-pronuncia-en-contra-del-aborto\\\/#article\",\"isPartOf\":{\"@id\":\"https:\\\/\\\/ferabrajan.com\\\/portal\\\/2020\\\/07\\\/29\\\/episcopado-mexicano-se-pronuncia-en-contra-del-aborto\\\/\"},\"author\":{\"name\":\"admin\",\"@id\":\"https:\\\/\\\/ferabrajan.com\\\/portal\\\/#\\\/schema\\\/person\\\/f6113b3cb1e036d5c6a9505685b257ba\"},\"headline\":\"Episcopado Mexicano se pronuncia en contra del aborto\",\"datePublished\":\"2020-07-29T18:06:00+00:00\",\"mainEntityOfPage\":{\"@id\":\"https:\\\/\\\/ferabrajan.com\\\/portal\\\/2020\\\/07\\\/29\\\/episcopado-mexicano-se-pronuncia-en-contra-del-aborto\\\/\"},\"wordCount\":346,\"publisher\":{\"@id\":\"https:\\\/\\\/ferabrajan.com\\\/portal\\\/#organization\"},\"image\":{\"@id\":\"https:\\\/\\\/ferabrajan.com\\\/portal\\\/2020\\\/07\\\/29\\\/episcopado-mexicano-se-pronuncia-en-contra-del-aborto\\\/#primaryimage\"},\"thumbnailUrl\":\"\",\"articleSection\":[\"Puebla\"],\"inLanguage\":\"es\"},{\"@type\":\"WebPage\",\"@id\":\"https:\\\/\\\/ferabrajan.com\\\/portal\\\/2020\\\/07\\\/29\\\/episcopado-mexicano-se-pronuncia-en-contra-del-aborto\\\/\",\"url\":\"https:\\\/\\\/ferabrajan.com\\\/portal\\\/2020\\\/07\\\/29\\\/episcopado-mexicano-se-pronuncia-en-contra-del-aborto\\\/\",\"name\":\"Episcopado Mexicano se pronuncia en contra del aborto - Fer Abrajan\",\"isPartOf\":{\"@id\":\"https:\\\/\\\/ferabrajan.com\\\/portal\\\/#website\"},\"primaryImageOfPage\":{\"@id\":\"https:\\\/\\\/ferabrajan.com\\\/portal\\\/2020\\\/07\\\/29\\\/episcopado-mexicano-se-pronuncia-en-contra-del-aborto\\\/#primaryimage\"},\"image\":{\"@id\":\"https:\\\/\\\/ferabrajan.com\\\/portal\\\/2020\\\/07\\\/29\\\/episcopado-mexicano-se-pronuncia-en-contra-del-aborto\\\/#primaryimage\"},\"thumbnailUrl\":\"\",\"datePublished\":\"2020-07-29T18:06:00+00:00\",\"breadcrumb\":{\"@id\":\"https:\\\/\\\/ferabrajan.com\\\/portal\\\/2020\\\/07\\\/29\\\/episcopado-mexicano-se-pronuncia-en-contra-del-aborto\\\/#breadcrumb\"},\"inLanguage\":\"es\",\"potentialAction\":[{\"@type\":\"ReadAction\",\"target\":[\"https:\\\/\\\/ferabrajan.com\\\/portal\\\/2020\\\/07\\\/29\\\/episcopado-mexicano-se-pronuncia-en-contra-del-aborto\\\/\"]}]},{\"@type\":\"ImageObject\",\"inLanguage\":\"es\",\"@id\":\"https:\\\/\\\/ferabrajan.com\\\/portal\\\/2020\\\/07\\\/29\\\/episcopado-mexicano-se-pronuncia-en-contra-del-aborto\\\/#primaryimage\",\"url\":\"\",\"contentUrl\":\"\"},{\"@type\":\"BreadcrumbList\",\"@id\":\"https:\\\/\\\/ferabrajan.com\\\/portal\\\/2020\\\/07\\\/29\\\/episcopado-mexicano-se-pronuncia-en-contra-del-aborto\\\/#breadcrumb\",\"itemListElement\":[{\"@type\":\"ListItem\",\"position\":1,\"name\":\"Portada\",\"item\":\"https:\\\/\\\/ferabrajan.com\\\/portal\\\/\"},{\"@type\":\"ListItem\",\"position\":2,\"name\":\"Episcopado Mexicano se pronuncia en contra del aborto\"}]},{\"@type\":\"WebSite\",\"@id\":\"https:\\\/\\\/ferabrajan.com\\\/portal\\\/#website\",\"url\":\"https:\\\/\\\/ferabrajan.com\\\/portal\\\/\",\"name\":\"Fer Abrajan\",\"description\":\"Noticias de Puebla, opini\u00f3n y radio en vivo\",\"publisher\":{\"@id\":\"https:\\\/\\\/ferabrajan.com\\\/portal\\\/#organization\"},\"potentialAction\":[{\"@type\":\"SearchAction\",\"target\":{\"@type\":\"EntryPoint\",\"urlTemplate\":\"https:\\\/\\\/ferabrajan.com\\\/portal\\\/?s={search_term_string}\"},\"query-input\":{\"@type\":\"PropertyValueSpecification\",\"valueRequired\":true,\"valueName\":\"search_term_string\"}}],\"inLanguage\":\"es\"},{\"@type\":\"Organization\",\"@id\":\"https:\\\/\\\/ferabrajan.com\\\/portal\\\/#organization\",\"name\":\"Fer Abrajan\",\"url\":\"https:\\\/\\\/ferabrajan.com\\\/portal\\\/\",\"logo\":{\"@type\":\"ImageObject\",\"inLanguage\":\"es\",\"@id\":\"https:\\\/\\\/ferabrajan.com\\\/portal\\\/#\\\/schema\\\/logo\\\/image\\\/\",\"url\":\"https:\\\/\\\/ferabrajan.com\\\/portal\\\/wp-content\\\/uploads\\\/2024\\\/10\\\/cropped-logo.jpeg\",\"contentUrl\":\"https:\\\/\\\/ferabrajan.com\\\/portal\\\/wp-content\\\/uploads\\\/2024\\\/10\\\/cropped-logo.jpeg\",\"width\":500,\"height\":250,\"caption\":\"Fer Abrajan\"},\"image\":{\"@id\":\"https:\\\/\\\/ferabrajan.com\\\/portal\\\/#\\\/schema\\\/logo\\\/image\\\/\"},\"sameAs\":[\"https:\\\/\\\/www.facebook.com\\\/NoticiasconFerAbrajan\\\/\",\"https:\\\/\\\/x.com\\\/ferabrajan1\"]},{\"@type\":\"Person\",\"@id\":\"https:\\\/\\\/ferabrajan.com\\\/portal\\\/#\\\/schema\\\/person\\\/f6113b3cb1e036d5c6a9505685b257ba\",\"name\":\"admin\",\"image\":{\"@type\":\"ImageObject\",\"inLanguage\":\"es\",\"@id\":\"https:\\\/\\\/secure.gravatar.com\\\/avatar\\\/072baa72775aad53c748dfc5d3048578e01b6c087eef335459ebfa04344e2d18?s=96&d=mm&r=g\",\"url\":\"https:\\\/\\\/secure.gravatar.com\\\/avatar\\\/072baa72775aad53c748dfc5d3048578e01b6c087eef335459ebfa04344e2d18?s=96&d=mm&r=g\",\"contentUrl\":\"https:\\\/\\\/secure.gravatar.com\\\/avatar\\\/072baa72775aad53c748dfc5d3048578e01b6c087eef335459ebfa04344e2d18?s=96&d=mm&r=g\",\"caption\":\"admin\"},\"sameAs\":[\"https:\\\/\\\/ferabrajan.com\\\/portal\"],\"url\":\"https:\\\/\\\/ferabrajan.com\\\/portal\\\/author\\\/admin\\\/\"}]}<\/script>\n<!-- \/ Yoast SEO plugin. -->","yoast_head_json":{"title":"Episcopado Mexicano se pronuncia en contra del aborto - Fer Abrajan","robots":{"index":"index","follow":"follow","max-snippet":"max-snippet:-1","max-image-preview":"max-image-preview:large","max-video-preview":"max-video-preview:-1"},"canonical":"https:\/\/ferabrajan.com\/portal\/2020\/07\/29\/episcopado-mexicano-se-pronuncia-en-contra-del-aborto\/","og_locale":"es_ES","og_type":"article","og_title":"Episcopado Mexicano se pronuncia en contra del aborto - Fer Abrajan","og_description":"A unas horas de que se discuta en la Suprema Corte de Justicia de la Naci\u00f3n un proyecto por el que podr\u00eda despenalizarse el aborto en Veracruz, obispos del pa\u00eds de la Conferencia del Episcopado Mexicano se pronunciaron en contra del tema. Nos comprometemos a favor de la vida y la dignidad humana En un comunicado emitido a trav\u00e9s de las redes sociales de la CEM, se invit\u00f3 a los dirigentes de gobierno, l\u00edderes sociales, medios de comunicaci\u00f3n y responsables de la educaci\u00f3n p\u00fablica y privada, a mantener una participaci\u00f3n m\u00e1s constructiva y propositiva para que tomen un papel importante para sustituir a la \u201ccultura de la muerte\u201d, con el anuncio atractivo de la cultura de la vida y la dignidad humana. El comunicado firmado por el Monse\u00f1or Rogelio Cabrera L\u00f3pez, arzobispo de Monterrey y Presidente de la CEM, monse\u00f1or Alfonso G. Miranda GuardiolaObispo Auxiliar de Monterrey y Secretario General de la CEM y del Monse\u00f1or Jes\u00fas Jos\u00e9 Herrera Qui\u00f1\u00f3nez, responsable de la Dimensi\u00f3n Episcopal de Vida, los obispos enfatizaron que, la vida que cada ser humano posee desde la concepci\u00f3n y hasta la muerte natural, es un don que hay que custodiar como algo verdaderamente sagrado. Afirmamos, acorde con la evidencia cient\u00edfica, que la vida humana comienza desde el momento de la concepci\u00f3n Reconocieron tambi\u00e9n que la persona humana no es instrumento o decisi\u00f3n de otro ser humano, \u00abes un fin en s\u00ed mismo y no un medio, es un sujeto y no un objeto, por tanto, posee una dignidad propia de la que brotan unos derechos inalienables, en especial el derecho a vivir\u00bb, subrayaron. De ser aprobado por la Supremo Corte de Justicia de la Naci\u00f3n, el proyecto obligar\u00e1 al Congreso de Veracruz a modificar el C\u00f3digo Penal local a despenalizar la interrupci\u00f3n del embarazo ocurrida bajo cualquier circunstancia. Publicaci\u00f3n Original: https:\/\/www.elsoldepuebla.com.mx\/mexico\/sociedad\/episcopado-mexicano-se-pronuncia-en-contra-del-aborto-5556623.html","og_url":"https:\/\/ferabrajan.com\/portal\/2020\/07\/29\/episcopado-mexicano-se-pronuncia-en-contra-del-aborto\/","og_site_name":"Fer Abrajan","article_publisher":"https:\/\/www.facebook.com\/NoticiasconFerAbrajan\/","article_published_time":"2020-07-29T18:06:00+00:00","author":"admin","twitter_card":"summary_large_image","twitter_creator":"@ferabrajan1","twitter_site":"@ferabrajan1","twitter_misc":{"Escrito por":"admin","Tiempo de lectura":"2 minutos"},"schema":{"@context":"https:\/\/schema.org","@graph":[{"@type":"Article","@id":"https:\/\/ferabrajan.com\/portal\/2020\/07\/29\/episcopado-mexicano-se-pronuncia-en-contra-del-aborto\/#article","isPartOf":{"@id":"https:\/\/ferabrajan.com\/portal\/2020\/07\/29\/episcopado-mexicano-se-pronuncia-en-contra-del-aborto\/"},"author":{"name":"admin","@id":"https:\/\/ferabrajan.com\/portal\/#\/schema\/person\/f6113b3cb1e036d5c6a9505685b257ba"},"headline":"Episcopado Mexicano se pronuncia en contra del aborto","datePublished":"2020-07-29T18:06:00+00:00","mainEntityOfPage":{"@id":"https:\/\/ferabrajan.com\/portal\/2020\/07\/29\/episcopado-mexicano-se-pronuncia-en-contra-del-aborto\/"},"wordCount":346,"publisher":{"@id":"https:\/\/ferabrajan.com\/portal\/#organization"},"image":{"@id":"https:\/\/ferabrajan.com\/portal\/2020\/07\/29\/episcopado-mexicano-se-pronuncia-en-contra-del-aborto\/#primaryimage"},"thumbnailUrl":"","articleSection":["Puebla"],"inLanguage":"es"},{"@type":"WebPage","@id":"https:\/\/ferabrajan.com\/portal\/2020\/07\/29\/episcopado-mexicano-se-pronuncia-en-contra-del-aborto\/","url":"https:\/\/ferabrajan.com\/portal\/2020\/07\/29\/episcopado-mexicano-se-pronuncia-en-contra-del-aborto\/","name":"Episcopado Mexicano se pronuncia en contra del aborto - Fer Abrajan","isPartOf":{"@id":"https:\/\/ferabrajan.com\/portal\/#website"},"primaryImageOfPage":{"@id":"https:\/\/ferabrajan.com\/portal\/2020\/07\/29\/episcopado-mexicano-se-pronuncia-en-contra-del-aborto\/#primaryimage"},"image":{"@id":"https:\/\/ferabrajan.com\/portal\/2020\/07\/29\/episcopado-mexicano-se-pronuncia-en-contra-del-aborto\/#primaryimage"},"thumbnailUrl":"","datePublished":"2020-07-29T18:06:00+00:00","breadcrumb":{"@id":"https:\/\/ferabrajan.com\/portal\/2020\/07\/29\/episcopado-mexicano-se-pronuncia-en-contra-del-aborto\/#breadcrumb"},"inLanguage":"es","potentialAction":[{"@type":"ReadAction","target":["https:\/\/ferabrajan.com\/portal\/2020\/07\/29\/episcopado-mexicano-se-pronuncia-en-contra-del-aborto\/"]}]},{"@type":"ImageObject","inLanguage":"es","@id":"https:\/\/ferabrajan.com\/portal\/2020\/07\/29\/episcopado-mexicano-se-pronuncia-en-contra-del-aborto\/#primaryimage","url":"","contentUrl":""},{"@type":"BreadcrumbList","@id":"https:\/\/ferabrajan.com\/portal\/2020\/07\/29\/episcopado-mexicano-se-pronuncia-en-contra-del-aborto\/#breadcrumb","itemListElement":[{"@type":"ListItem","position":1,"name":"Portada","item":"https:\/\/ferabrajan.com\/portal\/"},{"@type":"ListItem","position":2,"name":"Episcopado Mexicano se pronuncia en contra del aborto"}]},{"@type":"WebSite","@id":"https:\/\/ferabrajan.com\/portal\/#website","url":"https:\/\/ferabrajan.com\/portal\/","name":"Fer Abrajan","description":"Noticias de Puebla, opini\u00f3n y radio en vivo","publisher":{"@id":"https:\/\/ferabrajan.com\/portal\/#organization"},"potentialAction":[{"@type":"SearchAction","target":{"@type":"EntryPoint","urlTemplate":"https:\/\/ferabrajan.com\/portal\/?s={search_term_string}"},"query-input":{"@type":"PropertyValueSpecification","valueRequired":true,"valueName":"search_term_string"}}],"inLanguage":"es"},{"@type":"Organization","@id":"https:\/\/ferabrajan.com\/portal\/#organization","name":"Fer Abrajan","url":"https:\/\/ferabrajan.com\/portal\/","logo":{"@type":"ImageObject","inLanguage":"es","@id":"https:\/\/ferabrajan.com\/portal\/#\/schema\/logo\/image\/","url":"https:\/\/ferabrajan.com\/portal\/wp-content\/uploads\/2024\/10\/cropped-logo.jpeg","contentUrl":"https:\/\/ferabrajan.com\/portal\/wp-content\/uploads\/2024\/10\/cropped-logo.jpeg","width":500,"height":250,"caption":"Fer Abrajan"},"image":{"@id":"https:\/\/ferabrajan.com\/portal\/#\/schema\/logo\/image\/"},"sameAs":["https:\/\/www.facebook.com\/NoticiasconFerAbrajan\/","https:\/\/x.com\/ferabrajan1"]},{"@type":"Person","@id":"https:\/\/ferabrajan.com\/portal\/#\/schema\/person\/f6113b3cb1e036d5c6a9505685b257ba","name":"admin","image":{"@type":"ImageObject","inLanguage":"es","@id":"https:\/\/secure.gravatar.com\/avatar\/072baa72775aad53c748dfc5d3048578e01b6c087eef335459ebfa04344e2d18?s=96&d=mm&r=g","url":"https:\/\/secure.gravatar.com\/avatar\/072baa72775aad53c748dfc5d3048578e01b6c087eef335459ebfa04344e2d18?s=96&d=mm&r=g","contentUrl":"https:\/\/secure.gravatar.com\/avatar\/072baa72775aad53c748dfc5d3048578e01b6c087eef335459ebfa04344e2d18?s=96&d=mm&r=g","caption":"admin"},"sameAs":["https:\/\/ferabrajan.com\/portal"],"url":"https:\/\/ferabrajan.com\/portal\/author\/admin\/"}]}},"_links":{"self":[{"href":"https:\/\/ferabrajan.com\/portal\/wp-json\/wp\/v2\/posts\/15855","targetHints":{"allow":["GET"]}}],"collection":[{"href":"https:\/\/ferabrajan.com\/portal\/wp-json\/wp\/v2\/posts"}],"about":[{"href":"https:\/\/ferabrajan.com\/portal\/wp-json\/wp\/v2\/types\/post"}],"author":[{"embeddable":true,"href":"https:\/\/ferabrajan.com\/portal\/wp-json\/wp\/v2\/users\/1"}],"replies":[{"embeddable":true,"href":"https:\/\/ferabrajan.com\/portal\/wp-json\/wp\/v2\/comments?post=15855"}],"version-history":[{"count":0,"href":"https:\/\/ferabrajan.com\/portal\/wp-json\/wp\/v2\/posts\/15855\/revisions"}],"wp:attachment":[{"href":"https:\/\/ferabrajan.com\/portal\/wp-json\/wp\/v2\/media?parent=15855"}],"wp:term":[{"taxonomy":"category","embeddable":true,"href":"https:\/\/ferabrajan.com\/portal\/wp-json\/wp\/v2\/categories?post=15855"},{"taxonomy":"post_tag","embeddable":true,"href":"https:\/\/ferabrajan.com\/portal\/wp-json\/wp\/v2\/tags?post=15855"}],"curies":[{"name":"wp","href":"https:\/\/api.w.org\/{rel}","templated":true}]}}