{"id":15826,"date":"2020-07-28T13:01:00","date_gmt":"2020-07-28T13:01:00","guid":{"rendered":"http:\/\/www.ferabrajan.com\/2020\/07\/28\/bayern-munich-insiste-robert-lewandowski-se-merece-el-balon-de-oro\/"},"modified":"2020-07-28T13:01:00","modified_gmt":"2020-07-28T13:01:00","slug":"bayern-munich-insiste-robert-lewandowski-se-merece-el-balon-de-oro","status":"publish","type":"post","link":"https:\/\/ferabrajan.com\/portal\/2020\/07\/28\/bayern-munich-insiste-robert-lewandowski-se-merece-el-balon-de-oro\/","title":{"rendered":"Bayern Munich insiste: Robert Lewandowski se merece el Bal\u00f3n de Oro"},"content":{"rendered":"<p>El <strong>Bayern Munich<\/strong> le insistir\u00e1 a la <strong>FIFA<\/strong> y a la revista <em>France Football<\/em> de entregar el Bal\u00f3n de Oro, ya que considera que <strong>Robert Lewandowski,<\/strong> se merece el reconocimiento como mejor jugador del mundo.&nbsp;<\/p>\n<p>Karl-Heinz Rummenigge, presidente del club b\u00e1varo, respald\u00f3 al polaco, quien termin\u00f3 como goleador de la liga alemana y se mantiene en la disputa por la Bota de Oro.<\/p>\n<p><em>\u201cCreemos que Robert Lewandowski est\u00e1 realizando una magn\u00edfica temporada. En la Bundesliga marc\u00f3 34 goles y ha marcado en Champions League (11) y Copa de Alemania (seis), seguramente firmando su mejor campa\u00f1a en su carrera. Desafortunadamente, se cancel\u00f3 el Bal\u00f3n de Oro<\/em>\u201d, dijo el directivo en conferencia de prensa.&nbsp;<\/p>\n<p><img decoding=\"async\" alt=\"whatsapp_image_2020-07-28_at_12.45.07.jpeg\" src=\"https:\/\/www.eluniversal.com.mx\/sites\/default\/files\/u17896\/whatsapp_image_2020-07-28_at_12.45.07.jpeg\">(EFE)<\/p>\n<p>El polaco, de 31 a\u00f1os de edad, fue factor en los t\u00edtulos para el Bayern Munich, que ya amarr\u00f3 la liga y copa, con el objetivo de repetir el Triplete, en caso de conquistar la Champions. Es por esto que Rummenigge abogar\u00e1 por su delantero para que \u00e9ste reciba el reconocimiento que se merece.<\/p>\n<p>\u201c<em>Creemos que no es justo y no s\u00f3lo por Robert, porque a lo mejor se merec\u00eda ganar. A lo mejor, deber\u00edamos hablar con la FIFA y France Football. Se merece ganarlo por primera vez en su carrera<\/em>\u201d.<\/p>\n<p>Con 34 goles en la liga local, Lewandowksi lidera la tabla por la Bota de Oro, pero <strong>Ciro Immobile<\/strong> (Lazio) ya lo empat\u00f3 con dos partidos por disputar en la Serie A, que tambi\u00e9n cuenta con <strong>Cristiano Ronaldo<\/strong> (Juventus), con 31.<\/p>\n<p>Publicaci\u00f3n Original: <a href=\"https:\/\/www.eluniversal.com.mx\/universal-deportes\/futbol\/bayern-munich-insiste-robert-lewandowski-se-merece-el-balon-de-oro\" target=\"_blank\" rel=\"noopener noreferrer\">https:\/\/www.eluniversal.com.mx\/universal-deportes\/futbol\/bayern-munich-insiste-robert-lewandowski-se-merece-el-balon-de-oro<\/a><\/p>\n","protected":false},"excerpt":{"rendered":"<p>El Bayern Munich le insistir\u00e1 a la FIFA y a la revista France Football de entregar el Bal\u00f3n de Oro, ya que considera que Robert Lewandowski, se merece el reconocimiento como mejor jugador del mundo.&nbsp; Karl-Heinz Rummenigge, presidente del club b\u00e1varo, respald\u00f3 al polaco, quien termin\u00f3 como goleador de la liga alemana y se mantiene en la disputa por la Bota de Oro. \u201cCreemos que Robert Lewandowski est\u00e1 realizando una magn\u00edfica temporada. En la Bundesliga marc\u00f3 34 goles y ha marcado en Champions League (11) y Copa de Alemania (seis), seguramente firmando su mejor campa\u00f1a en su carrera. Desafortunadamente, se cancel\u00f3 el Bal\u00f3n de Oro\u201d, dijo el directivo en conferencia de prensa.&nbsp; (EFE) El polaco, de 31 a\u00f1os de edad, fue factor en los t\u00edtulos para el Bayern Munich, que ya amarr\u00f3 la liga y copa, con el objetivo de repetir el Triplete, en caso de conquistar la Champions. Es por esto que Rummenigge abogar\u00e1 por su delantero para que \u00e9ste reciba el reconocimiento que se merece. \u201cCreemos que no es justo y no s\u00f3lo por Robert, porque a lo mejor se merec\u00eda ganar. A lo mejor, deber\u00edamos hablar con la FIFA y France Football. Se merece ganarlo por primera vez en su carrera\u201d. Con 34 goles en la liga local, Lewandowksi lidera la tabla por la Bota de Oro, pero Ciro Immobile (Lazio) ya lo empat\u00f3 con dos partidos por disputar en la Serie A, que tambi\u00e9n cuenta con Cristiano Ronaldo (Juventus), con 31. Publicaci\u00f3n Original: https:\/\/www.eluniversal.com.mx\/universal-deportes\/futbol\/bayern-munich-insiste-robert-lewandowski-se-merece-el-balon-de-oro<\/p>\n","protected":false},"author":1,"featured_media":15830,"comment_status":"open","ping_status":"closed","sticky":false,"template":"","format":"standard","meta":{"_monsterinsights_skip_tracking":false,"_uf_show_specific_survey":0,"_uf_disable_surveys":false,"footnotes":""},"categories":[36],"tags":[],"class_list":["post-15826","post","type-post","status-publish","format-standard","has-post-thumbnail","hentry","category-el-mundo"],"yoast_head":"<!-- This site is optimized with the Yoast SEO plugin v27.5 - https:\/\/yoast.com\/product\/yoast-seo-wordpress\/ -->\n<title>Bayern Munich insiste: Robert Lewandowski se merece el Bal\u00f3n de Oro - Fer Abrajan<\/title>\n<meta name=\"robots\" content=\"index, follow, max-snippet:-1, max-image-preview:large, max-video-preview:-1\" \/>\n<link rel=\"canonical\" href=\"https:\/\/ferabrajan.com\/portal\/2020\/07\/28\/bayern-munich-insiste-robert-lewandowski-se-merece-el-balon-de-oro\/\" \/>\n<meta property=\"og:locale\" content=\"es_ES\" \/>\n<meta property=\"og:type\" content=\"article\" \/>\n<meta property=\"og:title\" content=\"Bayern Munich insiste: Robert Lewandowski se merece el Bal\u00f3n de Oro - Fer Abrajan\" \/>\n<meta property=\"og:description\" content=\"El Bayern Munich le insistir\u00e1 a la FIFA y a la revista France Football de entregar el Bal\u00f3n de Oro, ya que considera que Robert Lewandowski, se merece el reconocimiento como mejor jugador del mundo.&nbsp; Karl-Heinz Rummenigge, presidente del club b\u00e1varo, respald\u00f3 al polaco, quien termin\u00f3 como goleador de la liga alemana y se mantiene en la disputa por la Bota de Oro. \u201cCreemos que Robert Lewandowski est\u00e1 realizando una magn\u00edfica temporada. En la Bundesliga marc\u00f3 34 goles y ha marcado en Champions League (11) y Copa de Alemania (seis), seguramente firmando su mejor campa\u00f1a en su carrera. Desafortunadamente, se cancel\u00f3 el Bal\u00f3n de Oro\u201d, dijo el directivo en conferencia de prensa.&nbsp; (EFE) El polaco, de 31 a\u00f1os de edad, fue factor en los t\u00edtulos para el Bayern Munich, que ya amarr\u00f3 la liga y copa, con el objetivo de repetir el Triplete, en caso de conquistar la Champions. Es por esto que Rummenigge abogar\u00e1 por su delantero para que \u00e9ste reciba el reconocimiento que se merece. \u201cCreemos que no es justo y no s\u00f3lo por Robert, porque a lo mejor se merec\u00eda ganar. A lo mejor, deber\u00edamos hablar con la FIFA y France Football. Se merece ganarlo por primera vez en su carrera\u201d. Con 34 goles en la liga local, Lewandowksi lidera la tabla por la Bota de Oro, pero Ciro Immobile (Lazio) ya lo empat\u00f3 con dos partidos por disputar en la Serie A, que tambi\u00e9n cuenta con Cristiano Ronaldo (Juventus), con 31. Publicaci\u00f3n Original: https:\/\/www.eluniversal.com.mx\/universal-deportes\/futbol\/bayern-munich-insiste-robert-lewandowski-se-merece-el-balon-de-oro\" \/>\n<meta property=\"og:url\" content=\"https:\/\/ferabrajan.com\/portal\/2020\/07\/28\/bayern-munich-insiste-robert-lewandowski-se-merece-el-balon-de-oro\/\" \/>\n<meta property=\"og:site_name\" content=\"Fer Abrajan\" \/>\n<meta property=\"article:publisher\" content=\"https:\/\/www.facebook.com\/NoticiasconFerAbrajan\/\" \/>\n<meta property=\"article:published_time\" content=\"2020-07-28T13:01:00+00:00\" \/>\n<meta name=\"author\" content=\"admin\" \/>\n<meta name=\"twitter:card\" content=\"summary_large_image\" \/>\n<meta name=\"twitter:creator\" content=\"@ferabrajan1\" \/>\n<meta name=\"twitter:site\" content=\"@ferabrajan1\" \/>\n<meta name=\"twitter:label1\" content=\"Escrito por\" \/>\n\t<meta name=\"twitter:data1\" content=\"admin\" \/>\n\t<meta name=\"twitter:label2\" content=\"Tiempo de lectura\" \/>\n\t<meta name=\"twitter:data2\" content=\"1 minuto\" \/>\n<script type=\"application\/ld+json\" class=\"yoast-schema-graph\">{\"@context\":\"https:\\\/\\\/schema.org\",\"@graph\":[{\"@type\":\"Article\",\"@id\":\"https:\\\/\\\/ferabrajan.com\\\/portal\\\/2020\\\/07\\\/28\\\/bayern-munich-insiste-robert-lewandowski-se-merece-el-balon-de-oro\\\/#article\",\"isPartOf\":{\"@id\":\"https:\\\/\\\/ferabrajan.com\\\/portal\\\/2020\\\/07\\\/28\\\/bayern-munich-insiste-robert-lewandowski-se-merece-el-balon-de-oro\\\/\"},\"author\":{\"name\":\"admin\",\"@id\":\"https:\\\/\\\/ferabrajan.com\\\/portal\\\/#\\\/schema\\\/person\\\/f6113b3cb1e036d5c6a9505685b257ba\"},\"headline\":\"Bayern Munich insiste: Robert Lewandowski se merece el Bal\u00f3n de Oro\",\"datePublished\":\"2020-07-28T13:01:00+00:00\",\"mainEntityOfPage\":{\"@id\":\"https:\\\/\\\/ferabrajan.com\\\/portal\\\/2020\\\/07\\\/28\\\/bayern-munich-insiste-robert-lewandowski-se-merece-el-balon-de-oro\\\/\"},\"wordCount\":276,\"commentCount\":0,\"publisher\":{\"@id\":\"https:\\\/\\\/ferabrajan.com\\\/portal\\\/#organization\"},\"image\":{\"@id\":\"https:\\\/\\\/ferabrajan.com\\\/portal\\\/2020\\\/07\\\/28\\\/bayern-munich-insiste-robert-lewandowski-se-merece-el-balon-de-oro\\\/#primaryimage\"},\"thumbnailUrl\":\"\",\"articleSection\":[\"El Mundo\"],\"inLanguage\":\"es\"},{\"@type\":\"WebPage\",\"@id\":\"https:\\\/\\\/ferabrajan.com\\\/portal\\\/2020\\\/07\\\/28\\\/bayern-munich-insiste-robert-lewandowski-se-merece-el-balon-de-oro\\\/\",\"url\":\"https:\\\/\\\/ferabrajan.com\\\/portal\\\/2020\\\/07\\\/28\\\/bayern-munich-insiste-robert-lewandowski-se-merece-el-balon-de-oro\\\/\",\"name\":\"Bayern Munich insiste: Robert Lewandowski se merece el Bal\u00f3n de Oro - Fer Abrajan\",\"isPartOf\":{\"@id\":\"https:\\\/\\\/ferabrajan.com\\\/portal\\\/#website\"},\"primaryImageOfPage\":{\"@id\":\"https:\\\/\\\/ferabrajan.com\\\/portal\\\/2020\\\/07\\\/28\\\/bayern-munich-insiste-robert-lewandowski-se-merece-el-balon-de-oro\\\/#primaryimage\"},\"image\":{\"@id\":\"https:\\\/\\\/ferabrajan.com\\\/portal\\\/2020\\\/07\\\/28\\\/bayern-munich-insiste-robert-lewandowski-se-merece-el-balon-de-oro\\\/#primaryimage\"},\"thumbnailUrl\":\"\",\"datePublished\":\"2020-07-28T13:01:00+00:00\",\"breadcrumb\":{\"@id\":\"https:\\\/\\\/ferabrajan.com\\\/portal\\\/2020\\\/07\\\/28\\\/bayern-munich-insiste-robert-lewandowski-se-merece-el-balon-de-oro\\\/#breadcrumb\"},\"inLanguage\":\"es\",\"potentialAction\":[{\"@type\":\"ReadAction\",\"target\":[\"https:\\\/\\\/ferabrajan.com\\\/portal\\\/2020\\\/07\\\/28\\\/bayern-munich-insiste-robert-lewandowski-se-merece-el-balon-de-oro\\\/\"]}]},{\"@type\":\"ImageObject\",\"inLanguage\":\"es\",\"@id\":\"https:\\\/\\\/ferabrajan.com\\\/portal\\\/2020\\\/07\\\/28\\\/bayern-munich-insiste-robert-lewandowski-se-merece-el-balon-de-oro\\\/#primaryimage\",\"url\":\"\",\"contentUrl\":\"\"},{\"@type\":\"BreadcrumbList\",\"@id\":\"https:\\\/\\\/ferabrajan.com\\\/portal\\\/2020\\\/07\\\/28\\\/bayern-munich-insiste-robert-lewandowski-se-merece-el-balon-de-oro\\\/#breadcrumb\",\"itemListElement\":[{\"@type\":\"ListItem\",\"position\":1,\"name\":\"Portada\",\"item\":\"https:\\\/\\\/ferabrajan.com\\\/portal\\\/\"},{\"@type\":\"ListItem\",\"position\":2,\"name\":\"Bayern Munich insiste: Robert Lewandowski se merece el Bal\u00f3n de Oro\"}]},{\"@type\":\"WebSite\",\"@id\":\"https:\\\/\\\/ferabrajan.com\\\/portal\\\/#website\",\"url\":\"https:\\\/\\\/ferabrajan.com\\\/portal\\\/\",\"name\":\"Fer Abrajan\",\"description\":\"Noticias de Puebla, opini\u00f3n y radio en vivo\",\"publisher\":{\"@id\":\"https:\\\/\\\/ferabrajan.com\\\/portal\\\/#organization\"},\"potentialAction\":[{\"@type\":\"SearchAction\",\"target\":{\"@type\":\"EntryPoint\",\"urlTemplate\":\"https:\\\/\\\/ferabrajan.com\\\/portal\\\/?s={search_term_string}\"},\"query-input\":{\"@type\":\"PropertyValueSpecification\",\"valueRequired\":true,\"valueName\":\"search_term_string\"}}],\"inLanguage\":\"es\"},{\"@type\":\"Organization\",\"@id\":\"https:\\\/\\\/ferabrajan.com\\\/portal\\\/#organization\",\"name\":\"Fer Abrajan\",\"url\":\"https:\\\/\\\/ferabrajan.com\\\/portal\\\/\",\"logo\":{\"@type\":\"ImageObject\",\"inLanguage\":\"es\",\"@id\":\"https:\\\/\\\/ferabrajan.com\\\/portal\\\/#\\\/schema\\\/logo\\\/image\\\/\",\"url\":\"https:\\\/\\\/ferabrajan.com\\\/portal\\\/wp-content\\\/uploads\\\/2024\\\/10\\\/cropped-logo.jpeg\",\"contentUrl\":\"https:\\\/\\\/ferabrajan.com\\\/portal\\\/wp-content\\\/uploads\\\/2024\\\/10\\\/cropped-logo.jpeg\",\"width\":500,\"height\":250,\"caption\":\"Fer Abrajan\"},\"image\":{\"@id\":\"https:\\\/\\\/ferabrajan.com\\\/portal\\\/#\\\/schema\\\/logo\\\/image\\\/\"},\"sameAs\":[\"https:\\\/\\\/www.facebook.com\\\/NoticiasconFerAbrajan\\\/\",\"https:\\\/\\\/x.com\\\/ferabrajan1\"]},{\"@type\":\"Person\",\"@id\":\"https:\\\/\\\/ferabrajan.com\\\/portal\\\/#\\\/schema\\\/person\\\/f6113b3cb1e036d5c6a9505685b257ba\",\"name\":\"admin\",\"image\":{\"@type\":\"ImageObject\",\"inLanguage\":\"es\",\"@id\":\"https:\\\/\\\/secure.gravatar.com\\\/avatar\\\/072baa72775aad53c748dfc5d3048578e01b6c087eef335459ebfa04344e2d18?s=96&d=mm&r=g\",\"url\":\"https:\\\/\\\/secure.gravatar.com\\\/avatar\\\/072baa72775aad53c748dfc5d3048578e01b6c087eef335459ebfa04344e2d18?s=96&d=mm&r=g\",\"contentUrl\":\"https:\\\/\\\/secure.gravatar.com\\\/avatar\\\/072baa72775aad53c748dfc5d3048578e01b6c087eef335459ebfa04344e2d18?s=96&d=mm&r=g\",\"caption\":\"admin\"},\"sameAs\":[\"https:\\\/\\\/ferabrajan.com\\\/portal\"],\"url\":\"https:\\\/\\\/ferabrajan.com\\\/portal\\\/author\\\/admin\\\/\"}]}<\/script>\n<!-- \/ Yoast SEO plugin. -->","yoast_head_json":{"title":"Bayern Munich insiste: Robert Lewandowski se merece el Bal\u00f3n de Oro - Fer Abrajan","robots":{"index":"index","follow":"follow","max-snippet":"max-snippet:-1","max-image-preview":"max-image-preview:large","max-video-preview":"max-video-preview:-1"},"canonical":"https:\/\/ferabrajan.com\/portal\/2020\/07\/28\/bayern-munich-insiste-robert-lewandowski-se-merece-el-balon-de-oro\/","og_locale":"es_ES","og_type":"article","og_title":"Bayern Munich insiste: Robert Lewandowski se merece el Bal\u00f3n de Oro - Fer Abrajan","og_description":"El Bayern Munich le insistir\u00e1 a la FIFA y a la revista France Football de entregar el Bal\u00f3n de Oro, ya que considera que Robert Lewandowski, se merece el reconocimiento como mejor jugador del mundo.&nbsp; Karl-Heinz Rummenigge, presidente del club b\u00e1varo, respald\u00f3 al polaco, quien termin\u00f3 como goleador de la liga alemana y se mantiene en la disputa por la Bota de Oro. \u201cCreemos que Robert Lewandowski est\u00e1 realizando una magn\u00edfica temporada. En la Bundesliga marc\u00f3 34 goles y ha marcado en Champions League (11) y Copa de Alemania (seis), seguramente firmando su mejor campa\u00f1a en su carrera. Desafortunadamente, se cancel\u00f3 el Bal\u00f3n de Oro\u201d, dijo el directivo en conferencia de prensa.&nbsp; (EFE) El polaco, de 31 a\u00f1os de edad, fue factor en los t\u00edtulos para el Bayern Munich, que ya amarr\u00f3 la liga y copa, con el objetivo de repetir el Triplete, en caso de conquistar la Champions. Es por esto que Rummenigge abogar\u00e1 por su delantero para que \u00e9ste reciba el reconocimiento que se merece. \u201cCreemos que no es justo y no s\u00f3lo por Robert, porque a lo mejor se merec\u00eda ganar. A lo mejor, deber\u00edamos hablar con la FIFA y France Football. Se merece ganarlo por primera vez en su carrera\u201d. Con 34 goles en la liga local, Lewandowksi lidera la tabla por la Bota de Oro, pero Ciro Immobile (Lazio) ya lo empat\u00f3 con dos partidos por disputar en la Serie A, que tambi\u00e9n cuenta con Cristiano Ronaldo (Juventus), con 31. Publicaci\u00f3n Original: https:\/\/www.eluniversal.com.mx\/universal-deportes\/futbol\/bayern-munich-insiste-robert-lewandowski-se-merece-el-balon-de-oro","og_url":"https:\/\/ferabrajan.com\/portal\/2020\/07\/28\/bayern-munich-insiste-robert-lewandowski-se-merece-el-balon-de-oro\/","og_site_name":"Fer Abrajan","article_publisher":"https:\/\/www.facebook.com\/NoticiasconFerAbrajan\/","article_published_time":"2020-07-28T13:01:00+00:00","author":"admin","twitter_card":"summary_large_image","twitter_creator":"@ferabrajan1","twitter_site":"@ferabrajan1","twitter_misc":{"Escrito por":"admin","Tiempo de lectura":"1 minuto"},"schema":{"@context":"https:\/\/schema.org","@graph":[{"@type":"Article","@id":"https:\/\/ferabrajan.com\/portal\/2020\/07\/28\/bayern-munich-insiste-robert-lewandowski-se-merece-el-balon-de-oro\/#article","isPartOf":{"@id":"https:\/\/ferabrajan.com\/portal\/2020\/07\/28\/bayern-munich-insiste-robert-lewandowski-se-merece-el-balon-de-oro\/"},"author":{"name":"admin","@id":"https:\/\/ferabrajan.com\/portal\/#\/schema\/person\/f6113b3cb1e036d5c6a9505685b257ba"},"headline":"Bayern Munich insiste: Robert Lewandowski se merece el Bal\u00f3n de Oro","datePublished":"2020-07-28T13:01:00+00:00","mainEntityOfPage":{"@id":"https:\/\/ferabrajan.com\/portal\/2020\/07\/28\/bayern-munich-insiste-robert-lewandowski-se-merece-el-balon-de-oro\/"},"wordCount":276,"commentCount":0,"publisher":{"@id":"https:\/\/ferabrajan.com\/portal\/#organization"},"image":{"@id":"https:\/\/ferabrajan.com\/portal\/2020\/07\/28\/bayern-munich-insiste-robert-lewandowski-se-merece-el-balon-de-oro\/#primaryimage"},"thumbnailUrl":"","articleSection":["El Mundo"],"inLanguage":"es"},{"@type":"WebPage","@id":"https:\/\/ferabrajan.com\/portal\/2020\/07\/28\/bayern-munich-insiste-robert-lewandowski-se-merece-el-balon-de-oro\/","url":"https:\/\/ferabrajan.com\/portal\/2020\/07\/28\/bayern-munich-insiste-robert-lewandowski-se-merece-el-balon-de-oro\/","name":"Bayern Munich insiste: Robert Lewandowski se merece el Bal\u00f3n de Oro - Fer Abrajan","isPartOf":{"@id":"https:\/\/ferabrajan.com\/portal\/#website"},"primaryImageOfPage":{"@id":"https:\/\/ferabrajan.com\/portal\/2020\/07\/28\/bayern-munich-insiste-robert-lewandowski-se-merece-el-balon-de-oro\/#primaryimage"},"image":{"@id":"https:\/\/ferabrajan.com\/portal\/2020\/07\/28\/bayern-munich-insiste-robert-lewandowski-se-merece-el-balon-de-oro\/#primaryimage"},"thumbnailUrl":"","datePublished":"2020-07-28T13:01:00+00:00","breadcrumb":{"@id":"https:\/\/ferabrajan.com\/portal\/2020\/07\/28\/bayern-munich-insiste-robert-lewandowski-se-merece-el-balon-de-oro\/#breadcrumb"},"inLanguage":"es","potentialAction":[{"@type":"ReadAction","target":["https:\/\/ferabrajan.com\/portal\/2020\/07\/28\/bayern-munich-insiste-robert-lewandowski-se-merece-el-balon-de-oro\/"]}]},{"@type":"ImageObject","inLanguage":"es","@id":"https:\/\/ferabrajan.com\/portal\/2020\/07\/28\/bayern-munich-insiste-robert-lewandowski-se-merece-el-balon-de-oro\/#primaryimage","url":"","contentUrl":""},{"@type":"BreadcrumbList","@id":"https:\/\/ferabrajan.com\/portal\/2020\/07\/28\/bayern-munich-insiste-robert-lewandowski-se-merece-el-balon-de-oro\/#breadcrumb","itemListElement":[{"@type":"ListItem","position":1,"name":"Portada","item":"https:\/\/ferabrajan.com\/portal\/"},{"@type":"ListItem","position":2,"name":"Bayern Munich insiste: Robert Lewandowski se merece el Bal\u00f3n de Oro"}]},{"@type":"WebSite","@id":"https:\/\/ferabrajan.com\/portal\/#website","url":"https:\/\/ferabrajan.com\/portal\/","name":"Fer Abrajan","description":"Noticias de Puebla, opini\u00f3n y radio en vivo","publisher":{"@id":"https:\/\/ferabrajan.com\/portal\/#organization"},"potentialAction":[{"@type":"SearchAction","target":{"@type":"EntryPoint","urlTemplate":"https:\/\/ferabrajan.com\/portal\/?s={search_term_string}"},"query-input":{"@type":"PropertyValueSpecification","valueRequired":true,"valueName":"search_term_string"}}],"inLanguage":"es"},{"@type":"Organization","@id":"https:\/\/ferabrajan.com\/portal\/#organization","name":"Fer Abrajan","url":"https:\/\/ferabrajan.com\/portal\/","logo":{"@type":"ImageObject","inLanguage":"es","@id":"https:\/\/ferabrajan.com\/portal\/#\/schema\/logo\/image\/","url":"https:\/\/ferabrajan.com\/portal\/wp-content\/uploads\/2024\/10\/cropped-logo.jpeg","contentUrl":"https:\/\/ferabrajan.com\/portal\/wp-content\/uploads\/2024\/10\/cropped-logo.jpeg","width":500,"height":250,"caption":"Fer Abrajan"},"image":{"@id":"https:\/\/ferabrajan.com\/portal\/#\/schema\/logo\/image\/"},"sameAs":["https:\/\/www.facebook.com\/NoticiasconFerAbrajan\/","https:\/\/x.com\/ferabrajan1"]},{"@type":"Person","@id":"https:\/\/ferabrajan.com\/portal\/#\/schema\/person\/f6113b3cb1e036d5c6a9505685b257ba","name":"admin","image":{"@type":"ImageObject","inLanguage":"es","@id":"https:\/\/secure.gravatar.com\/avatar\/072baa72775aad53c748dfc5d3048578e01b6c087eef335459ebfa04344e2d18?s=96&d=mm&r=g","url":"https:\/\/secure.gravatar.com\/avatar\/072baa72775aad53c748dfc5d3048578e01b6c087eef335459ebfa04344e2d18?s=96&d=mm&r=g","contentUrl":"https:\/\/secure.gravatar.com\/avatar\/072baa72775aad53c748dfc5d3048578e01b6c087eef335459ebfa04344e2d18?s=96&d=mm&r=g","caption":"admin"},"sameAs":["https:\/\/ferabrajan.com\/portal"],"url":"https:\/\/ferabrajan.com\/portal\/author\/admin\/"}]}},"_links":{"self":[{"href":"https:\/\/ferabrajan.com\/portal\/wp-json\/wp\/v2\/posts\/15826","targetHints":{"allow":["GET"]}}],"collection":[{"href":"https:\/\/ferabrajan.com\/portal\/wp-json\/wp\/v2\/posts"}],"about":[{"href":"https:\/\/ferabrajan.com\/portal\/wp-json\/wp\/v2\/types\/post"}],"author":[{"embeddable":true,"href":"https:\/\/ferabrajan.com\/portal\/wp-json\/wp\/v2\/users\/1"}],"replies":[{"embeddable":true,"href":"https:\/\/ferabrajan.com\/portal\/wp-json\/wp\/v2\/comments?post=15826"}],"version-history":[{"count":0,"href":"https:\/\/ferabrajan.com\/portal\/wp-json\/wp\/v2\/posts\/15826\/revisions"}],"wp:attachment":[{"href":"https:\/\/ferabrajan.com\/portal\/wp-json\/wp\/v2\/media?parent=15826"}],"wp:term":[{"taxonomy":"category","embeddable":true,"href":"https:\/\/ferabrajan.com\/portal\/wp-json\/wp\/v2\/categories?post=15826"},{"taxonomy":"post_tag","embeddable":true,"href":"https:\/\/ferabrajan.com\/portal\/wp-json\/wp\/v2\/tags?post=15826"}],"curies":[{"name":"wp","href":"https:\/\/api.w.org\/{rel}","templated":true}]}}