{"id":15821,"date":"2020-07-28T13:03:00","date_gmt":"2020-07-28T13:03:00","guid":{"rendered":"http:\/\/www.ferabrajan.com\/2020\/07\/28\/personal-de-salud-marcha-en-apoyo-a-medico-detenido-por-presunto-abuso-de-autoridad-en-chiapas\/"},"modified":"2020-07-28T13:03:00","modified_gmt":"2020-07-28T13:03:00","slug":"personal-de-salud-marcha-en-apoyo-a-medico-detenido-por-presunto-abuso-de-autoridad-en-chiapas","status":"publish","type":"post","link":"https:\/\/ferabrajan.com\/portal\/2020\/07\/28\/personal-de-salud-marcha-en-apoyo-a-medico-detenido-por-presunto-abuso-de-autoridad-en-chiapas\/","title":{"rendered":"Personal de salud marcha en apoyo a m\u00e9dico detenido por presunto abuso de autoridad en Chiapas"},"content":{"rendered":"<p>TUXTLA GUTI\u00c9RREZ CHIS. &#8211; Trabajadores del sector Salud&nbsp;marcharon esta ma\u00f1ana en <strong>Tuxtla Guti\u00e9rrez<\/strong> para demandar la <strong>liberaci\u00f3n \u00abinmediata\u00bb<\/strong> del doctor <strong>Gerardo Vicente Grajales Yuc<\/strong>a, jefe de Urgencia y Medicina Critica del Hospital de Especialidades Vida Mejor adscrito al&nbsp;Instituto de Seguridad Social de los Trabajadores del Estado de Chiapas (Isstech), arrestado el fin de semana por <strong>presunto abuso de autoridad<\/strong>.&nbsp;<\/p>\n<p>&nbsp;Cientos de m\u00e9dicos, protegidos con cubrebocas, caretas, vestidos de blanco y con la sana distancia, salieron de la Diana Cazadora, en el oriente de la ciudad, al parque central donde concluyeron la protesta con un mitin.&nbsp;<\/p>\n<p>&nbsp;Con pancartas y en coro exigieron la libertad del m\u00e9dico. \u201cA los buenos m\u00e9dicos se les reconoce, no se les encarcela\u00bb, \u00abEl Dr Grajales es v\u00edctima de falsas acusaciones y se le imputan delitos que no existen \u00ab, reclamaron.&nbsp;<\/p>\n<p>&nbsp; &nbsp;<br \/>Adem\u00e1s denunciaron <strong>falta de equipo, insumos y material m\u00e9dico<\/strong> en el sistema de Salud p\u00fablica de Chiapas para enfrentar la pandemia de <strong>Covid-19<\/strong>.&nbsp;<\/p>\n<p><img decoding=\"async\" alt=\"marcha-chiapas.jpeg\" src=\"https:\/\/www.eluniversal.com.mx\/sites\/default\/files\/u39226\/marcha-chiapas.jpeg\"><br \/>&nbsp;<br \/>&nbsp;<br \/>Un representante de la Federaci\u00f3n de Colegios de M\u00e9dicos&nbsp; dijo que que est\u00e1n tristes por el arresto de Grajales Yuca, \u00abque daba su servicio en la l\u00ednea de tiro\u201d,&nbsp;<\/p>\n<p>La Fiscal\u00eda General del Estado (FGE) inform\u00f3 que la carpeta de investigaci\u00f3n consign\u00f3 que en su calidad de servidor p\u00fablico del \u00e1rea <strong>Covid-19<\/strong> del Hospital de Especialidades Vida Mejor del Isstech, Grajales Yuca \u201csolicit\u00f3 a la persona denunciante equipo e insumos para tratar a su padre\u00bb.<\/p>\n<p>No obstante, y seg\u00fan&nbsp; la Secretar\u00eda de Salud del Estado el nosocomio dispone&nbsp;de \u00ablos medicamentos y el equipo necesario para atender a los pacientes\u201d.<\/p>\n<p>Sin embargo, allegados del detenido aseguraron que \u00e9ste fue aprehendido con enga\u00f1os el s\u00e1bado, despu\u00e9s de que Karen Alejandra Ram\u00edrez Molina, hija del exdiputado local y exl\u00edder del partido estatal Mover a Chiapas, Miguel Arturo Ram\u00edrez L\u00f3pez, quien muri\u00f3 en d\u00edas pasados de Covid-19 en el hospital del Isstech, acus\u00f3 a Grajales Yuca&nbsp; de pedirle dinero para que atendiera al extinto.&nbsp;<br \/>&nbsp;&nbsp;<br \/>Durante la marcha la marcha los profesionales de la Salud, al grito de \u00ablibertad\u00bb, \u00ablibertad\u00bb, libertad, \u00bb exigieron la ex carxelaci\u00f3n y restituci\u00f3n inmediata a sus labores del m\u00e9dico.&nbsp;<\/p>\n<p>Una de las manifestantes asegur\u00f3 que el delito del galeno chiapaneco\u00bb es haber salvado la vida de cientos de chiapanecos\u201d<\/p>\n<p>om\/fml<\/p>\n<p>Publicaci\u00f3n Original: <a href=\"https:\/\/www.eluniversal.com.mx\/estados\/personal-de-salud-marcha-en-apoyo-medico-detenido-por-presunto-abuso-de-autoridad-en-chiapas\" target=\"_blank\" rel=\"noopener noreferrer\">https:\/\/www.eluniversal.com.mx\/estados\/personal-de-salud-marcha-en-apoyo-medico-detenido-por-presunto-abuso-de-autoridad-en-chiapas<\/a><\/p>\n","protected":false},"excerpt":{"rendered":"<p>TUXTLA GUTI\u00c9RREZ CHIS. &#8211; Trabajadores del sector Salud&nbsp;marcharon esta ma\u00f1ana en Tuxtla Guti\u00e9rrez para demandar la liberaci\u00f3n \u00abinmediata\u00bb del doctor Gerardo Vicente Grajales Yuca, jefe de Urgencia y Medicina Critica del Hospital de Especialidades Vida Mejor adscrito al&nbsp;Instituto de Seguridad Social de los Trabajadores del Estado de Chiapas (Isstech), arrestado el fin de semana por presunto abuso de autoridad.&nbsp; &nbsp;Cientos de m\u00e9dicos, protegidos con cubrebocas, caretas, vestidos de blanco y con la sana distancia, salieron de la Diana Cazadora, en el oriente de la ciudad, al parque central donde concluyeron la protesta con un mitin.&nbsp; &nbsp;Con pancartas y en coro exigieron la libertad del m\u00e9dico. \u201cA los buenos m\u00e9dicos se les reconoce, no se les encarcela\u00bb, \u00abEl Dr Grajales es v\u00edctima de falsas acusaciones y se le imputan delitos que no existen \u00ab, reclamaron.&nbsp; &nbsp; &nbsp;Adem\u00e1s denunciaron falta de equipo, insumos y material m\u00e9dico en el sistema de Salud p\u00fablica de Chiapas para enfrentar la pandemia de Covid-19.&nbsp; &nbsp;&nbsp;Un representante de la Federaci\u00f3n de Colegios de M\u00e9dicos&nbsp; dijo que que est\u00e1n tristes por el arresto de Grajales Yuca, \u00abque daba su servicio en la l\u00ednea de tiro\u201d,&nbsp; La Fiscal\u00eda General del Estado (FGE) inform\u00f3 que la carpeta de investigaci\u00f3n consign\u00f3 que en su calidad de servidor p\u00fablico del \u00e1rea Covid-19 del Hospital de Especialidades Vida Mejor del Isstech, Grajales Yuca \u201csolicit\u00f3 a la persona denunciante equipo e insumos para tratar a su padre\u00bb. No obstante, y seg\u00fan&nbsp; la Secretar\u00eda de Salud del Estado el nosocomio dispone&nbsp;de \u00ablos medicamentos y el equipo necesario para atender a los pacientes\u201d. Sin embargo, allegados del detenido aseguraron que \u00e9ste fue aprehendido con enga\u00f1os el s\u00e1bado, despu\u00e9s de que Karen Alejandra Ram\u00edrez Molina, hija del exdiputado local y exl\u00edder del partido estatal Mover a Chiapas, Miguel Arturo Ram\u00edrez L\u00f3pez, quien muri\u00f3 en d\u00edas pasados de Covid-19 en el hospital del Isstech, acus\u00f3 a Grajales Yuca&nbsp; de pedirle dinero para que atendiera al extinto.&nbsp;&nbsp;&nbsp;Durante la marcha la marcha los profesionales de la Salud, al grito de \u00ablibertad\u00bb, \u00ablibertad\u00bb, libertad, \u00bb exigieron la ex carxelaci\u00f3n y restituci\u00f3n inmediata a sus labores del m\u00e9dico.&nbsp; Una de las manifestantes asegur\u00f3 que el delito del galeno chiapaneco\u00bb es haber salvado la vida de cientos de chiapanecos\u201d om\/fml Publicaci\u00f3n Original: https:\/\/www.eluniversal.com.mx\/estados\/personal-de-salud-marcha-en-apoyo-medico-detenido-por-presunto-abuso-de-autoridad-en-chiapas<\/p>\n","protected":false},"author":1,"featured_media":15825,"comment_status":"open","ping_status":"closed","sticky":false,"template":"","format":"standard","meta":{"_monsterinsights_skip_tracking":false,"_uf_show_specific_survey":0,"_uf_disable_surveys":false,"footnotes":""},"categories":[36],"tags":[],"class_list":["post-15821","post","type-post","status-publish","format-standard","has-post-thumbnail","hentry","category-el-mundo"],"yoast_head":"<!-- This site is optimized with the Yoast SEO plugin v27.5 - https:\/\/yoast.com\/product\/yoast-seo-wordpress\/ -->\n<title>Personal de salud marcha en apoyo a m\u00e9dico detenido por presunto abuso de autoridad en Chiapas - Fer Abrajan<\/title>\n<meta name=\"robots\" content=\"index, follow, max-snippet:-1, max-image-preview:large, max-video-preview:-1\" \/>\n<link rel=\"canonical\" href=\"https:\/\/ferabrajan.com\/portal\/2020\/07\/28\/personal-de-salud-marcha-en-apoyo-a-medico-detenido-por-presunto-abuso-de-autoridad-en-chiapas\/\" \/>\n<meta property=\"og:locale\" content=\"es_ES\" \/>\n<meta property=\"og:type\" content=\"article\" \/>\n<meta property=\"og:title\" content=\"Personal de salud marcha en apoyo a m\u00e9dico detenido por presunto abuso de autoridad en Chiapas - Fer Abrajan\" \/>\n<meta property=\"og:description\" content=\"TUXTLA GUTI\u00c9RREZ CHIS. &#8211; Trabajadores del sector Salud&nbsp;marcharon esta ma\u00f1ana en Tuxtla Guti\u00e9rrez para demandar la liberaci\u00f3n \u00abinmediata\u00bb del doctor Gerardo Vicente Grajales Yuca, jefe de Urgencia y Medicina Critica del Hospital de Especialidades Vida Mejor adscrito al&nbsp;Instituto de Seguridad Social de los Trabajadores del Estado de Chiapas (Isstech), arrestado el fin de semana por presunto abuso de autoridad.&nbsp; &nbsp;Cientos de m\u00e9dicos, protegidos con cubrebocas, caretas, vestidos de blanco y con la sana distancia, salieron de la Diana Cazadora, en el oriente de la ciudad, al parque central donde concluyeron la protesta con un mitin.&nbsp; &nbsp;Con pancartas y en coro exigieron la libertad del m\u00e9dico. \u201cA los buenos m\u00e9dicos se les reconoce, no se les encarcela\u00bb, \u00abEl Dr Grajales es v\u00edctima de falsas acusaciones y se le imputan delitos que no existen \u00ab, reclamaron.&nbsp; &nbsp; &nbsp;Adem\u00e1s denunciaron falta de equipo, insumos y material m\u00e9dico en el sistema de Salud p\u00fablica de Chiapas para enfrentar la pandemia de Covid-19.&nbsp; &nbsp;&nbsp;Un representante de la Federaci\u00f3n de Colegios de M\u00e9dicos&nbsp; dijo que que est\u00e1n tristes por el arresto de Grajales Yuca, \u00abque daba su servicio en la l\u00ednea de tiro\u201d,&nbsp; La Fiscal\u00eda General del Estado (FGE) inform\u00f3 que la carpeta de investigaci\u00f3n consign\u00f3 que en su calidad de servidor p\u00fablico del \u00e1rea Covid-19 del Hospital de Especialidades Vida Mejor del Isstech, Grajales Yuca \u201csolicit\u00f3 a la persona denunciante equipo e insumos para tratar a su padre\u00bb. No obstante, y seg\u00fan&nbsp; la Secretar\u00eda de Salud del Estado el nosocomio dispone&nbsp;de \u00ablos medicamentos y el equipo necesario para atender a los pacientes\u201d. Sin embargo, allegados del detenido aseguraron que \u00e9ste fue aprehendido con enga\u00f1os el s\u00e1bado, despu\u00e9s de que Karen Alejandra Ram\u00edrez Molina, hija del exdiputado local y exl\u00edder del partido estatal Mover a Chiapas, Miguel Arturo Ram\u00edrez L\u00f3pez, quien muri\u00f3 en d\u00edas pasados de Covid-19 en el hospital del Isstech, acus\u00f3 a Grajales Yuca&nbsp; de pedirle dinero para que atendiera al extinto.&nbsp;&nbsp;&nbsp;Durante la marcha la marcha los profesionales de la Salud, al grito de \u00ablibertad\u00bb, \u00ablibertad\u00bb, libertad, \u00bb exigieron la ex carxelaci\u00f3n y restituci\u00f3n inmediata a sus labores del m\u00e9dico.&nbsp; Una de las manifestantes asegur\u00f3 que el delito del galeno chiapaneco\u00bb es haber salvado la vida de cientos de chiapanecos\u201d om\/fml Publicaci\u00f3n Original: https:\/\/www.eluniversal.com.mx\/estados\/personal-de-salud-marcha-en-apoyo-medico-detenido-por-presunto-abuso-de-autoridad-en-chiapas\" \/>\n<meta property=\"og:url\" content=\"https:\/\/ferabrajan.com\/portal\/2020\/07\/28\/personal-de-salud-marcha-en-apoyo-a-medico-detenido-por-presunto-abuso-de-autoridad-en-chiapas\/\" \/>\n<meta property=\"og:site_name\" content=\"Fer Abrajan\" \/>\n<meta property=\"article:publisher\" content=\"https:\/\/www.facebook.com\/NoticiasconFerAbrajan\/\" \/>\n<meta property=\"article:published_time\" content=\"2020-07-28T13:03:00+00:00\" \/>\n<meta name=\"author\" content=\"admin\" \/>\n<meta name=\"twitter:card\" content=\"summary_large_image\" \/>\n<meta name=\"twitter:creator\" content=\"@ferabrajan1\" \/>\n<meta name=\"twitter:site\" content=\"@ferabrajan1\" \/>\n<meta name=\"twitter:label1\" content=\"Escrito por\" \/>\n\t<meta name=\"twitter:data1\" content=\"admin\" \/>\n\t<meta name=\"twitter:label2\" content=\"Tiempo de lectura\" \/>\n\t<meta name=\"twitter:data2\" content=\"2 minutos\" \/>\n<script type=\"application\/ld+json\" class=\"yoast-schema-graph\">{\"@context\":\"https:\\\/\\\/schema.org\",\"@graph\":[{\"@type\":\"Article\",\"@id\":\"https:\\\/\\\/ferabrajan.com\\\/portal\\\/2020\\\/07\\\/28\\\/personal-de-salud-marcha-en-apoyo-a-medico-detenido-por-presunto-abuso-de-autoridad-en-chiapas\\\/#article\",\"isPartOf\":{\"@id\":\"https:\\\/\\\/ferabrajan.com\\\/portal\\\/2020\\\/07\\\/28\\\/personal-de-salud-marcha-en-apoyo-a-medico-detenido-por-presunto-abuso-de-autoridad-en-chiapas\\\/\"},\"author\":{\"name\":\"admin\",\"@id\":\"https:\\\/\\\/ferabrajan.com\\\/portal\\\/#\\\/schema\\\/person\\\/f6113b3cb1e036d5c6a9505685b257ba\"},\"headline\":\"Personal de salud marcha en apoyo a m\u00e9dico detenido por presunto abuso de autoridad en Chiapas\",\"datePublished\":\"2020-07-28T13:03:00+00:00\",\"mainEntityOfPage\":{\"@id\":\"https:\\\/\\\/ferabrajan.com\\\/portal\\\/2020\\\/07\\\/28\\\/personal-de-salud-marcha-en-apoyo-a-medico-detenido-por-presunto-abuso-de-autoridad-en-chiapas\\\/\"},\"wordCount\":448,\"commentCount\":0,\"publisher\":{\"@id\":\"https:\\\/\\\/ferabrajan.com\\\/portal\\\/#organization\"},\"image\":{\"@id\":\"https:\\\/\\\/ferabrajan.com\\\/portal\\\/2020\\\/07\\\/28\\\/personal-de-salud-marcha-en-apoyo-a-medico-detenido-por-presunto-abuso-de-autoridad-en-chiapas\\\/#primaryimage\"},\"thumbnailUrl\":\"\",\"articleSection\":[\"El Mundo\"],\"inLanguage\":\"es\"},{\"@type\":\"WebPage\",\"@id\":\"https:\\\/\\\/ferabrajan.com\\\/portal\\\/2020\\\/07\\\/28\\\/personal-de-salud-marcha-en-apoyo-a-medico-detenido-por-presunto-abuso-de-autoridad-en-chiapas\\\/\",\"url\":\"https:\\\/\\\/ferabrajan.com\\\/portal\\\/2020\\\/07\\\/28\\\/personal-de-salud-marcha-en-apoyo-a-medico-detenido-por-presunto-abuso-de-autoridad-en-chiapas\\\/\",\"name\":\"Personal de salud marcha en apoyo a m\u00e9dico detenido por presunto abuso de autoridad en Chiapas - Fer Abrajan\",\"isPartOf\":{\"@id\":\"https:\\\/\\\/ferabrajan.com\\\/portal\\\/#website\"},\"primaryImageOfPage\":{\"@id\":\"https:\\\/\\\/ferabrajan.com\\\/portal\\\/2020\\\/07\\\/28\\\/personal-de-salud-marcha-en-apoyo-a-medico-detenido-por-presunto-abuso-de-autoridad-en-chiapas\\\/#primaryimage\"},\"image\":{\"@id\":\"https:\\\/\\\/ferabrajan.com\\\/portal\\\/2020\\\/07\\\/28\\\/personal-de-salud-marcha-en-apoyo-a-medico-detenido-por-presunto-abuso-de-autoridad-en-chiapas\\\/#primaryimage\"},\"thumbnailUrl\":\"\",\"datePublished\":\"2020-07-28T13:03:00+00:00\",\"breadcrumb\":{\"@id\":\"https:\\\/\\\/ferabrajan.com\\\/portal\\\/2020\\\/07\\\/28\\\/personal-de-salud-marcha-en-apoyo-a-medico-detenido-por-presunto-abuso-de-autoridad-en-chiapas\\\/#breadcrumb\"},\"inLanguage\":\"es\",\"potentialAction\":[{\"@type\":\"ReadAction\",\"target\":[\"https:\\\/\\\/ferabrajan.com\\\/portal\\\/2020\\\/07\\\/28\\\/personal-de-salud-marcha-en-apoyo-a-medico-detenido-por-presunto-abuso-de-autoridad-en-chiapas\\\/\"]}]},{\"@type\":\"ImageObject\",\"inLanguage\":\"es\",\"@id\":\"https:\\\/\\\/ferabrajan.com\\\/portal\\\/2020\\\/07\\\/28\\\/personal-de-salud-marcha-en-apoyo-a-medico-detenido-por-presunto-abuso-de-autoridad-en-chiapas\\\/#primaryimage\",\"url\":\"\",\"contentUrl\":\"\"},{\"@type\":\"BreadcrumbList\",\"@id\":\"https:\\\/\\\/ferabrajan.com\\\/portal\\\/2020\\\/07\\\/28\\\/personal-de-salud-marcha-en-apoyo-a-medico-detenido-por-presunto-abuso-de-autoridad-en-chiapas\\\/#breadcrumb\",\"itemListElement\":[{\"@type\":\"ListItem\",\"position\":1,\"name\":\"Portada\",\"item\":\"https:\\\/\\\/ferabrajan.com\\\/portal\\\/\"},{\"@type\":\"ListItem\",\"position\":2,\"name\":\"Personal de salud marcha en apoyo a m\u00e9dico detenido por presunto abuso de autoridad en Chiapas\"}]},{\"@type\":\"WebSite\",\"@id\":\"https:\\\/\\\/ferabrajan.com\\\/portal\\\/#website\",\"url\":\"https:\\\/\\\/ferabrajan.com\\\/portal\\\/\",\"name\":\"Fer Abrajan\",\"description\":\"Noticias de Puebla, opini\u00f3n y radio en vivo\",\"publisher\":{\"@id\":\"https:\\\/\\\/ferabrajan.com\\\/portal\\\/#organization\"},\"potentialAction\":[{\"@type\":\"SearchAction\",\"target\":{\"@type\":\"EntryPoint\",\"urlTemplate\":\"https:\\\/\\\/ferabrajan.com\\\/portal\\\/?s={search_term_string}\"},\"query-input\":{\"@type\":\"PropertyValueSpecification\",\"valueRequired\":true,\"valueName\":\"search_term_string\"}}],\"inLanguage\":\"es\"},{\"@type\":\"Organization\",\"@id\":\"https:\\\/\\\/ferabrajan.com\\\/portal\\\/#organization\",\"name\":\"Fer Abrajan\",\"url\":\"https:\\\/\\\/ferabrajan.com\\\/portal\\\/\",\"logo\":{\"@type\":\"ImageObject\",\"inLanguage\":\"es\",\"@id\":\"https:\\\/\\\/ferabrajan.com\\\/portal\\\/#\\\/schema\\\/logo\\\/image\\\/\",\"url\":\"https:\\\/\\\/ferabrajan.com\\\/portal\\\/wp-content\\\/uploads\\\/2024\\\/10\\\/cropped-logo.jpeg\",\"contentUrl\":\"https:\\\/\\\/ferabrajan.com\\\/portal\\\/wp-content\\\/uploads\\\/2024\\\/10\\\/cropped-logo.jpeg\",\"width\":500,\"height\":250,\"caption\":\"Fer Abrajan\"},\"image\":{\"@id\":\"https:\\\/\\\/ferabrajan.com\\\/portal\\\/#\\\/schema\\\/logo\\\/image\\\/\"},\"sameAs\":[\"https:\\\/\\\/www.facebook.com\\\/NoticiasconFerAbrajan\\\/\",\"https:\\\/\\\/x.com\\\/ferabrajan1\"]},{\"@type\":\"Person\",\"@id\":\"https:\\\/\\\/ferabrajan.com\\\/portal\\\/#\\\/schema\\\/person\\\/f6113b3cb1e036d5c6a9505685b257ba\",\"name\":\"admin\",\"image\":{\"@type\":\"ImageObject\",\"inLanguage\":\"es\",\"@id\":\"https:\\\/\\\/secure.gravatar.com\\\/avatar\\\/072baa72775aad53c748dfc5d3048578e01b6c087eef335459ebfa04344e2d18?s=96&d=mm&r=g\",\"url\":\"https:\\\/\\\/secure.gravatar.com\\\/avatar\\\/072baa72775aad53c748dfc5d3048578e01b6c087eef335459ebfa04344e2d18?s=96&d=mm&r=g\",\"contentUrl\":\"https:\\\/\\\/secure.gravatar.com\\\/avatar\\\/072baa72775aad53c748dfc5d3048578e01b6c087eef335459ebfa04344e2d18?s=96&d=mm&r=g\",\"caption\":\"admin\"},\"sameAs\":[\"https:\\\/\\\/ferabrajan.com\\\/portal\"],\"url\":\"https:\\\/\\\/ferabrajan.com\\\/portal\\\/author\\\/admin\\\/\"}]}<\/script>\n<!-- \/ Yoast SEO plugin. -->","yoast_head_json":{"title":"Personal de salud marcha en apoyo a m\u00e9dico detenido por presunto abuso de autoridad en Chiapas - Fer Abrajan","robots":{"index":"index","follow":"follow","max-snippet":"max-snippet:-1","max-image-preview":"max-image-preview:large","max-video-preview":"max-video-preview:-1"},"canonical":"https:\/\/ferabrajan.com\/portal\/2020\/07\/28\/personal-de-salud-marcha-en-apoyo-a-medico-detenido-por-presunto-abuso-de-autoridad-en-chiapas\/","og_locale":"es_ES","og_type":"article","og_title":"Personal de salud marcha en apoyo a m\u00e9dico detenido por presunto abuso de autoridad en Chiapas - Fer Abrajan","og_description":"TUXTLA GUTI\u00c9RREZ CHIS. &#8211; Trabajadores del sector Salud&nbsp;marcharon esta ma\u00f1ana en Tuxtla Guti\u00e9rrez para demandar la liberaci\u00f3n \u00abinmediata\u00bb del doctor Gerardo Vicente Grajales Yuca, jefe de Urgencia y Medicina Critica del Hospital de Especialidades Vida Mejor adscrito al&nbsp;Instituto de Seguridad Social de los Trabajadores del Estado de Chiapas (Isstech), arrestado el fin de semana por presunto abuso de autoridad.&nbsp; &nbsp;Cientos de m\u00e9dicos, protegidos con cubrebocas, caretas, vestidos de blanco y con la sana distancia, salieron de la Diana Cazadora, en el oriente de la ciudad, al parque central donde concluyeron la protesta con un mitin.&nbsp; &nbsp;Con pancartas y en coro exigieron la libertad del m\u00e9dico. \u201cA los buenos m\u00e9dicos se les reconoce, no se les encarcela\u00bb, \u00abEl Dr Grajales es v\u00edctima de falsas acusaciones y se le imputan delitos que no existen \u00ab, reclamaron.&nbsp; &nbsp; &nbsp;Adem\u00e1s denunciaron falta de equipo, insumos y material m\u00e9dico en el sistema de Salud p\u00fablica de Chiapas para enfrentar la pandemia de Covid-19.&nbsp; &nbsp;&nbsp;Un representante de la Federaci\u00f3n de Colegios de M\u00e9dicos&nbsp; dijo que que est\u00e1n tristes por el arresto de Grajales Yuca, \u00abque daba su servicio en la l\u00ednea de tiro\u201d,&nbsp; La Fiscal\u00eda General del Estado (FGE) inform\u00f3 que la carpeta de investigaci\u00f3n consign\u00f3 que en su calidad de servidor p\u00fablico del \u00e1rea Covid-19 del Hospital de Especialidades Vida Mejor del Isstech, Grajales Yuca \u201csolicit\u00f3 a la persona denunciante equipo e insumos para tratar a su padre\u00bb. No obstante, y seg\u00fan&nbsp; la Secretar\u00eda de Salud del Estado el nosocomio dispone&nbsp;de \u00ablos medicamentos y el equipo necesario para atender a los pacientes\u201d. Sin embargo, allegados del detenido aseguraron que \u00e9ste fue aprehendido con enga\u00f1os el s\u00e1bado, despu\u00e9s de que Karen Alejandra Ram\u00edrez Molina, hija del exdiputado local y exl\u00edder del partido estatal Mover a Chiapas, Miguel Arturo Ram\u00edrez L\u00f3pez, quien muri\u00f3 en d\u00edas pasados de Covid-19 en el hospital del Isstech, acus\u00f3 a Grajales Yuca&nbsp; de pedirle dinero para que atendiera al extinto.&nbsp;&nbsp;&nbsp;Durante la marcha la marcha los profesionales de la Salud, al grito de \u00ablibertad\u00bb, \u00ablibertad\u00bb, libertad, \u00bb exigieron la ex carxelaci\u00f3n y restituci\u00f3n inmediata a sus labores del m\u00e9dico.&nbsp; Una de las manifestantes asegur\u00f3 que el delito del galeno chiapaneco\u00bb es haber salvado la vida de cientos de chiapanecos\u201d om\/fml Publicaci\u00f3n Original: https:\/\/www.eluniversal.com.mx\/estados\/personal-de-salud-marcha-en-apoyo-medico-detenido-por-presunto-abuso-de-autoridad-en-chiapas","og_url":"https:\/\/ferabrajan.com\/portal\/2020\/07\/28\/personal-de-salud-marcha-en-apoyo-a-medico-detenido-por-presunto-abuso-de-autoridad-en-chiapas\/","og_site_name":"Fer Abrajan","article_publisher":"https:\/\/www.facebook.com\/NoticiasconFerAbrajan\/","article_published_time":"2020-07-28T13:03:00+00:00","author":"admin","twitter_card":"summary_large_image","twitter_creator":"@ferabrajan1","twitter_site":"@ferabrajan1","twitter_misc":{"Escrito por":"admin","Tiempo de lectura":"2 minutos"},"schema":{"@context":"https:\/\/schema.org","@graph":[{"@type":"Article","@id":"https:\/\/ferabrajan.com\/portal\/2020\/07\/28\/personal-de-salud-marcha-en-apoyo-a-medico-detenido-por-presunto-abuso-de-autoridad-en-chiapas\/#article","isPartOf":{"@id":"https:\/\/ferabrajan.com\/portal\/2020\/07\/28\/personal-de-salud-marcha-en-apoyo-a-medico-detenido-por-presunto-abuso-de-autoridad-en-chiapas\/"},"author":{"name":"admin","@id":"https:\/\/ferabrajan.com\/portal\/#\/schema\/person\/f6113b3cb1e036d5c6a9505685b257ba"},"headline":"Personal de salud marcha en apoyo a m\u00e9dico detenido por presunto abuso de autoridad en Chiapas","datePublished":"2020-07-28T13:03:00+00:00","mainEntityOfPage":{"@id":"https:\/\/ferabrajan.com\/portal\/2020\/07\/28\/personal-de-salud-marcha-en-apoyo-a-medico-detenido-por-presunto-abuso-de-autoridad-en-chiapas\/"},"wordCount":448,"commentCount":0,"publisher":{"@id":"https:\/\/ferabrajan.com\/portal\/#organization"},"image":{"@id":"https:\/\/ferabrajan.com\/portal\/2020\/07\/28\/personal-de-salud-marcha-en-apoyo-a-medico-detenido-por-presunto-abuso-de-autoridad-en-chiapas\/#primaryimage"},"thumbnailUrl":"","articleSection":["El Mundo"],"inLanguage":"es"},{"@type":"WebPage","@id":"https:\/\/ferabrajan.com\/portal\/2020\/07\/28\/personal-de-salud-marcha-en-apoyo-a-medico-detenido-por-presunto-abuso-de-autoridad-en-chiapas\/","url":"https:\/\/ferabrajan.com\/portal\/2020\/07\/28\/personal-de-salud-marcha-en-apoyo-a-medico-detenido-por-presunto-abuso-de-autoridad-en-chiapas\/","name":"Personal de salud marcha en apoyo a m\u00e9dico detenido por presunto abuso de autoridad en Chiapas - Fer Abrajan","isPartOf":{"@id":"https:\/\/ferabrajan.com\/portal\/#website"},"primaryImageOfPage":{"@id":"https:\/\/ferabrajan.com\/portal\/2020\/07\/28\/personal-de-salud-marcha-en-apoyo-a-medico-detenido-por-presunto-abuso-de-autoridad-en-chiapas\/#primaryimage"},"image":{"@id":"https:\/\/ferabrajan.com\/portal\/2020\/07\/28\/personal-de-salud-marcha-en-apoyo-a-medico-detenido-por-presunto-abuso-de-autoridad-en-chiapas\/#primaryimage"},"thumbnailUrl":"","datePublished":"2020-07-28T13:03:00+00:00","breadcrumb":{"@id":"https:\/\/ferabrajan.com\/portal\/2020\/07\/28\/personal-de-salud-marcha-en-apoyo-a-medico-detenido-por-presunto-abuso-de-autoridad-en-chiapas\/#breadcrumb"},"inLanguage":"es","potentialAction":[{"@type":"ReadAction","target":["https:\/\/ferabrajan.com\/portal\/2020\/07\/28\/personal-de-salud-marcha-en-apoyo-a-medico-detenido-por-presunto-abuso-de-autoridad-en-chiapas\/"]}]},{"@type":"ImageObject","inLanguage":"es","@id":"https:\/\/ferabrajan.com\/portal\/2020\/07\/28\/personal-de-salud-marcha-en-apoyo-a-medico-detenido-por-presunto-abuso-de-autoridad-en-chiapas\/#primaryimage","url":"","contentUrl":""},{"@type":"BreadcrumbList","@id":"https:\/\/ferabrajan.com\/portal\/2020\/07\/28\/personal-de-salud-marcha-en-apoyo-a-medico-detenido-por-presunto-abuso-de-autoridad-en-chiapas\/#breadcrumb","itemListElement":[{"@type":"ListItem","position":1,"name":"Portada","item":"https:\/\/ferabrajan.com\/portal\/"},{"@type":"ListItem","position":2,"name":"Personal de salud marcha en apoyo a m\u00e9dico detenido por presunto abuso de autoridad en Chiapas"}]},{"@type":"WebSite","@id":"https:\/\/ferabrajan.com\/portal\/#website","url":"https:\/\/ferabrajan.com\/portal\/","name":"Fer Abrajan","description":"Noticias de Puebla, opini\u00f3n y radio en vivo","publisher":{"@id":"https:\/\/ferabrajan.com\/portal\/#organization"},"potentialAction":[{"@type":"SearchAction","target":{"@type":"EntryPoint","urlTemplate":"https:\/\/ferabrajan.com\/portal\/?s={search_term_string}"},"query-input":{"@type":"PropertyValueSpecification","valueRequired":true,"valueName":"search_term_string"}}],"inLanguage":"es"},{"@type":"Organization","@id":"https:\/\/ferabrajan.com\/portal\/#organization","name":"Fer Abrajan","url":"https:\/\/ferabrajan.com\/portal\/","logo":{"@type":"ImageObject","inLanguage":"es","@id":"https:\/\/ferabrajan.com\/portal\/#\/schema\/logo\/image\/","url":"https:\/\/ferabrajan.com\/portal\/wp-content\/uploads\/2024\/10\/cropped-logo.jpeg","contentUrl":"https:\/\/ferabrajan.com\/portal\/wp-content\/uploads\/2024\/10\/cropped-logo.jpeg","width":500,"height":250,"caption":"Fer Abrajan"},"image":{"@id":"https:\/\/ferabrajan.com\/portal\/#\/schema\/logo\/image\/"},"sameAs":["https:\/\/www.facebook.com\/NoticiasconFerAbrajan\/","https:\/\/x.com\/ferabrajan1"]},{"@type":"Person","@id":"https:\/\/ferabrajan.com\/portal\/#\/schema\/person\/f6113b3cb1e036d5c6a9505685b257ba","name":"admin","image":{"@type":"ImageObject","inLanguage":"es","@id":"https:\/\/secure.gravatar.com\/avatar\/072baa72775aad53c748dfc5d3048578e01b6c087eef335459ebfa04344e2d18?s=96&d=mm&r=g","url":"https:\/\/secure.gravatar.com\/avatar\/072baa72775aad53c748dfc5d3048578e01b6c087eef335459ebfa04344e2d18?s=96&d=mm&r=g","contentUrl":"https:\/\/secure.gravatar.com\/avatar\/072baa72775aad53c748dfc5d3048578e01b6c087eef335459ebfa04344e2d18?s=96&d=mm&r=g","caption":"admin"},"sameAs":["https:\/\/ferabrajan.com\/portal"],"url":"https:\/\/ferabrajan.com\/portal\/author\/admin\/"}]}},"_links":{"self":[{"href":"https:\/\/ferabrajan.com\/portal\/wp-json\/wp\/v2\/posts\/15821","targetHints":{"allow":["GET"]}}],"collection":[{"href":"https:\/\/ferabrajan.com\/portal\/wp-json\/wp\/v2\/posts"}],"about":[{"href":"https:\/\/ferabrajan.com\/portal\/wp-json\/wp\/v2\/types\/post"}],"author":[{"embeddable":true,"href":"https:\/\/ferabrajan.com\/portal\/wp-json\/wp\/v2\/users\/1"}],"replies":[{"embeddable":true,"href":"https:\/\/ferabrajan.com\/portal\/wp-json\/wp\/v2\/comments?post=15821"}],"version-history":[{"count":0,"href":"https:\/\/ferabrajan.com\/portal\/wp-json\/wp\/v2\/posts\/15821\/revisions"}],"wp:attachment":[{"href":"https:\/\/ferabrajan.com\/portal\/wp-json\/wp\/v2\/media?parent=15821"}],"wp:term":[{"taxonomy":"category","embeddable":true,"href":"https:\/\/ferabrajan.com\/portal\/wp-json\/wp\/v2\/categories?post=15821"},{"taxonomy":"post_tag","embeddable":true,"href":"https:\/\/ferabrajan.com\/portal\/wp-json\/wp\/v2\/tags?post=15821"}],"curies":[{"name":"wp","href":"https:\/\/api.w.org\/{rel}","templated":true}]}}