{"id":15816,"date":"2020-07-28T13:07:00","date_gmt":"2020-07-28T13:07:00","guid":{"rendered":"http:\/\/www.ferabrajan.com\/2020\/07\/28\/se-compran-colchones-refrigeradores-y-diputados-que-venda\/"},"modified":"2020-07-28T13:07:00","modified_gmt":"2020-07-28T13:07:00","slug":"se-compran-colchones-refrigeradores-y-diputados-que-venda","status":"publish","type":"post","link":"https:\/\/ferabrajan.com\/portal\/2020\/07\/28\/se-compran-colchones-refrigeradores-y-diputados-que-venda\/","title":{"rendered":"\u00a1Se compran colchones, refrigeradores y diputados que venda&#8230;!"},"content":{"rendered":"<div><img decoding=\"async\" src=\"https:\/\/www.eluniversal.com.mx\/sites\/default\/files\/styles\/f03-651x400\/public\/2020\/07\/28\/ernesto-dalessio.jpg?itok=I4lWqSwQ\" class=\"ff-og-image-inserted\"><\/div>\n<p>El presidente de la <strong>Comisi\u00f3n del Deporte de la C\u00e1mara de Diputados<\/strong>,&nbsp;Ernesto Vargas&nbsp;(PES), mejor conocido como&nbsp;<strong>Ernesto D\u2019Alessio<\/strong>, a pesar de ser parte de la <strong>alianza legislativa de la Cuarta Transformaci\u00f3n<\/strong> no se call\u00f3 lo que piensa: <strong>la bancada del PT \u201ccompra\u201d diputados<\/strong> para convertirse en la tercera fuerza pol\u00edtica en San L\u00e1zaro e ir por la <strong>presidencia de la Mesa Directiva<\/strong>.<\/p>\n<p>A trav\u00e9s de sus redes sociales, el tambi\u00e9n actor <a href=\"https:\/\/www.eluniversal.com.mx\/nacion\/politica\/pt-suma-dos-diputados-va-por-la-presidencia-de-san-lazaro\"><span><u><strong>retom\u00f3 la nota de este diario<\/strong><\/u><\/span><\/a> donde se da cuenta que la semana pasada, <strong>el PT \u201csum\u00f3\u201d a dos diputados m\u00e1s<\/strong>, uno de Morena y otra del PES, para llegar a 43 y estar a tres de empatar al PRI y a cuatro de rebasarlo.<\/p>\n<p><strong>D\u2019Alessio dijo que se deber\u00eda precisar<\/strong> ese verbo si es <strong>\u201csuma\u201d o \u201ccompra\u201d<\/strong>, pues pens\u00f3 que las posiciones en <strong>el Congreso de la Uni\u00f3n<\/strong> se ganaban en las urnas y no \u201cvenadeando\u201d, pues \u201c\u00bfno era de lo que est\u00e1bamos hartos?\u201d, cuestion\u00f3.<\/p>\n<p>En <strong>el PT<\/strong> est\u00e1n presumiendo que jur\u00eddica y <strong>legalmente est\u00e1n en 43 diputados<\/strong> y contando.<\/p>\n<p>A las <strong>afueras de San L\u00e1zaro<\/strong>, nos dicen se oye una voz que sale de <strong>una desvencijada camioneta de chatarra<\/strong> que dice: \u201c<strong>Se compran colchones<\/strong>, tambores, refrigeradores, estufas, lavadoras, microondas,&nbsp;<strong>diputados&nbsp;o algo de fierro viejo que venda<\/strong>\u201d.<\/p>\n<p>grg&nbsp;<\/p>\n<p>Publicaci\u00f3n Original: <a href=\"https:\/\/www.eluniversal.com.mx\/nacion\/politica\/bajo-reserva-expres-se-compran-colchones-refrigeradores-y-diputados-que-venda\" target=\"_blank\" rel=\"noopener noreferrer\">https:\/\/www.eluniversal.com.mx\/nacion\/politica\/bajo-reserva-expres-se-compran-colchones-refrigeradores-y-diputados-que-venda<\/a><\/p>\n","protected":false},"excerpt":{"rendered":"<p>El presidente de la Comisi\u00f3n del Deporte de la C\u00e1mara de Diputados,&nbsp;Ernesto Vargas&nbsp;(PES), mejor conocido como&nbsp;Ernesto D\u2019Alessio, a pesar de ser parte de la alianza legislativa de la Cuarta Transformaci\u00f3n no se call\u00f3 lo que piensa: la bancada del PT \u201ccompra\u201d diputados para convertirse en la tercera fuerza pol\u00edtica en San L\u00e1zaro e ir por la presidencia de la Mesa Directiva. A trav\u00e9s de sus redes sociales, el tambi\u00e9n actor retom\u00f3 la nota de este diario donde se da cuenta que la semana pasada, el PT \u201csum\u00f3\u201d a dos diputados m\u00e1s, uno de Morena y otra del PES, para llegar a 43 y estar a tres de empatar al PRI y a cuatro de rebasarlo. D\u2019Alessio dijo que se deber\u00eda precisar ese verbo si es \u201csuma\u201d o \u201ccompra\u201d, pues pens\u00f3 que las posiciones en el Congreso de la Uni\u00f3n se ganaban en las urnas y no \u201cvenadeando\u201d, pues \u201c\u00bfno era de lo que est\u00e1bamos hartos?\u201d, cuestion\u00f3. En el PT est\u00e1n presumiendo que jur\u00eddica y legalmente est\u00e1n en 43 diputados y contando. A las afueras de San L\u00e1zaro, nos dicen se oye una voz que sale de una desvencijada camioneta de chatarra que dice: \u201cSe compran colchones, tambores, refrigeradores, estufas, lavadoras, microondas,&nbsp;diputados&nbsp;o algo de fierro viejo que venda\u201d. grg&nbsp; Publicaci\u00f3n Original: https:\/\/www.eluniversal.com.mx\/nacion\/politica\/bajo-reserva-expres-se-compran-colchones-refrigeradores-y-diputados-que-venda<\/p>\n","protected":false},"author":1,"featured_media":15820,"comment_status":"open","ping_status":"closed","sticky":false,"template":"","format":"standard","meta":{"_monsterinsights_skip_tracking":false,"_uf_show_specific_survey":0,"_uf_disable_surveys":false,"footnotes":""},"categories":[36],"tags":[],"class_list":["post-15816","post","type-post","status-publish","format-standard","has-post-thumbnail","hentry","category-el-mundo"],"yoast_head":"<!-- This site is optimized with the Yoast SEO plugin v27.5 - https:\/\/yoast.com\/product\/yoast-seo-wordpress\/ -->\n<title>\u00a1Se compran colchones, refrigeradores y diputados que venda...! - Fer Abrajan<\/title>\n<meta name=\"robots\" content=\"index, follow, max-snippet:-1, max-image-preview:large, max-video-preview:-1\" \/>\n<link rel=\"canonical\" href=\"https:\/\/ferabrajan.com\/portal\/2020\/07\/28\/se-compran-colchones-refrigeradores-y-diputados-que-venda\/\" \/>\n<meta property=\"og:locale\" content=\"es_ES\" \/>\n<meta property=\"og:type\" content=\"article\" \/>\n<meta property=\"og:title\" content=\"\u00a1Se compran colchones, refrigeradores y diputados que venda...! - Fer Abrajan\" \/>\n<meta property=\"og:description\" content=\"El presidente de la Comisi\u00f3n del Deporte de la C\u00e1mara de Diputados,&nbsp;Ernesto Vargas&nbsp;(PES), mejor conocido como&nbsp;Ernesto D\u2019Alessio, a pesar de ser parte de la alianza legislativa de la Cuarta Transformaci\u00f3n no se call\u00f3 lo que piensa: la bancada del PT \u201ccompra\u201d diputados para convertirse en la tercera fuerza pol\u00edtica en San L\u00e1zaro e ir por la presidencia de la Mesa Directiva. A trav\u00e9s de sus redes sociales, el tambi\u00e9n actor retom\u00f3 la nota de este diario donde se da cuenta que la semana pasada, el PT \u201csum\u00f3\u201d a dos diputados m\u00e1s, uno de Morena y otra del PES, para llegar a 43 y estar a tres de empatar al PRI y a cuatro de rebasarlo. D\u2019Alessio dijo que se deber\u00eda precisar ese verbo si es \u201csuma\u201d o \u201ccompra\u201d, pues pens\u00f3 que las posiciones en el Congreso de la Uni\u00f3n se ganaban en las urnas y no \u201cvenadeando\u201d, pues \u201c\u00bfno era de lo que est\u00e1bamos hartos?\u201d, cuestion\u00f3. En el PT est\u00e1n presumiendo que jur\u00eddica y legalmente est\u00e1n en 43 diputados y contando. A las afueras de San L\u00e1zaro, nos dicen se oye una voz que sale de una desvencijada camioneta de chatarra que dice: \u201cSe compran colchones, tambores, refrigeradores, estufas, lavadoras, microondas,&nbsp;diputados&nbsp;o algo de fierro viejo que venda\u201d. grg&nbsp; Publicaci\u00f3n Original: https:\/\/www.eluniversal.com.mx\/nacion\/politica\/bajo-reserva-expres-se-compran-colchones-refrigeradores-y-diputados-que-venda\" \/>\n<meta property=\"og:url\" content=\"https:\/\/ferabrajan.com\/portal\/2020\/07\/28\/se-compran-colchones-refrigeradores-y-diputados-que-venda\/\" \/>\n<meta property=\"og:site_name\" content=\"Fer Abrajan\" \/>\n<meta property=\"article:publisher\" content=\"https:\/\/www.facebook.com\/NoticiasconFerAbrajan\/\" \/>\n<meta property=\"article:published_time\" content=\"2020-07-28T13:07:00+00:00\" \/>\n<meta name=\"author\" content=\"admin\" \/>\n<meta name=\"twitter:card\" content=\"summary_large_image\" \/>\n<meta name=\"twitter:creator\" content=\"@ferabrajan1\" \/>\n<meta name=\"twitter:site\" content=\"@ferabrajan1\" \/>\n<meta name=\"twitter:label1\" content=\"Escrito por\" \/>\n\t<meta name=\"twitter:data1\" content=\"admin\" \/>\n\t<meta name=\"twitter:label2\" content=\"Tiempo de lectura\" \/>\n\t<meta name=\"twitter:data2\" content=\"1 minuto\" \/>\n<script type=\"application\/ld+json\" class=\"yoast-schema-graph\">{\"@context\":\"https:\\\/\\\/schema.org\",\"@graph\":[{\"@type\":\"Article\",\"@id\":\"https:\\\/\\\/ferabrajan.com\\\/portal\\\/2020\\\/07\\\/28\\\/se-compran-colchones-refrigeradores-y-diputados-que-venda\\\/#article\",\"isPartOf\":{\"@id\":\"https:\\\/\\\/ferabrajan.com\\\/portal\\\/2020\\\/07\\\/28\\\/se-compran-colchones-refrigeradores-y-diputados-que-venda\\\/\"},\"author\":{\"name\":\"admin\",\"@id\":\"https:\\\/\\\/ferabrajan.com\\\/portal\\\/#\\\/schema\\\/person\\\/f6113b3cb1e036d5c6a9505685b257ba\"},\"headline\":\"\u00a1Se compran colchones, refrigeradores y diputados que venda&#8230;!\",\"datePublished\":\"2020-07-28T13:07:00+00:00\",\"mainEntityOfPage\":{\"@id\":\"https:\\\/\\\/ferabrajan.com\\\/portal\\\/2020\\\/07\\\/28\\\/se-compran-colchones-refrigeradores-y-diputados-que-venda\\\/\"},\"wordCount\":253,\"commentCount\":0,\"publisher\":{\"@id\":\"https:\\\/\\\/ferabrajan.com\\\/portal\\\/#organization\"},\"image\":{\"@id\":\"https:\\\/\\\/ferabrajan.com\\\/portal\\\/2020\\\/07\\\/28\\\/se-compran-colchones-refrigeradores-y-diputados-que-venda\\\/#primaryimage\"},\"thumbnailUrl\":\"\",\"articleSection\":[\"El Mundo\"],\"inLanguage\":\"es\"},{\"@type\":\"WebPage\",\"@id\":\"https:\\\/\\\/ferabrajan.com\\\/portal\\\/2020\\\/07\\\/28\\\/se-compran-colchones-refrigeradores-y-diputados-que-venda\\\/\",\"url\":\"https:\\\/\\\/ferabrajan.com\\\/portal\\\/2020\\\/07\\\/28\\\/se-compran-colchones-refrigeradores-y-diputados-que-venda\\\/\",\"name\":\"\u00a1Se compran colchones, refrigeradores y diputados que venda...! - Fer Abrajan\",\"isPartOf\":{\"@id\":\"https:\\\/\\\/ferabrajan.com\\\/portal\\\/#website\"},\"primaryImageOfPage\":{\"@id\":\"https:\\\/\\\/ferabrajan.com\\\/portal\\\/2020\\\/07\\\/28\\\/se-compran-colchones-refrigeradores-y-diputados-que-venda\\\/#primaryimage\"},\"image\":{\"@id\":\"https:\\\/\\\/ferabrajan.com\\\/portal\\\/2020\\\/07\\\/28\\\/se-compran-colchones-refrigeradores-y-diputados-que-venda\\\/#primaryimage\"},\"thumbnailUrl\":\"\",\"datePublished\":\"2020-07-28T13:07:00+00:00\",\"breadcrumb\":{\"@id\":\"https:\\\/\\\/ferabrajan.com\\\/portal\\\/2020\\\/07\\\/28\\\/se-compran-colchones-refrigeradores-y-diputados-que-venda\\\/#breadcrumb\"},\"inLanguage\":\"es\",\"potentialAction\":[{\"@type\":\"ReadAction\",\"target\":[\"https:\\\/\\\/ferabrajan.com\\\/portal\\\/2020\\\/07\\\/28\\\/se-compran-colchones-refrigeradores-y-diputados-que-venda\\\/\"]}]},{\"@type\":\"ImageObject\",\"inLanguage\":\"es\",\"@id\":\"https:\\\/\\\/ferabrajan.com\\\/portal\\\/2020\\\/07\\\/28\\\/se-compran-colchones-refrigeradores-y-diputados-que-venda\\\/#primaryimage\",\"url\":\"\",\"contentUrl\":\"\"},{\"@type\":\"BreadcrumbList\",\"@id\":\"https:\\\/\\\/ferabrajan.com\\\/portal\\\/2020\\\/07\\\/28\\\/se-compran-colchones-refrigeradores-y-diputados-que-venda\\\/#breadcrumb\",\"itemListElement\":[{\"@type\":\"ListItem\",\"position\":1,\"name\":\"Portada\",\"item\":\"https:\\\/\\\/ferabrajan.com\\\/portal\\\/\"},{\"@type\":\"ListItem\",\"position\":2,\"name\":\"\u00a1Se compran colchones, refrigeradores y diputados que venda&#8230;!\"}]},{\"@type\":\"WebSite\",\"@id\":\"https:\\\/\\\/ferabrajan.com\\\/portal\\\/#website\",\"url\":\"https:\\\/\\\/ferabrajan.com\\\/portal\\\/\",\"name\":\"Fer Abrajan\",\"description\":\"Noticias de Puebla, opini\u00f3n y radio en vivo\",\"publisher\":{\"@id\":\"https:\\\/\\\/ferabrajan.com\\\/portal\\\/#organization\"},\"potentialAction\":[{\"@type\":\"SearchAction\",\"target\":{\"@type\":\"EntryPoint\",\"urlTemplate\":\"https:\\\/\\\/ferabrajan.com\\\/portal\\\/?s={search_term_string}\"},\"query-input\":{\"@type\":\"PropertyValueSpecification\",\"valueRequired\":true,\"valueName\":\"search_term_string\"}}],\"inLanguage\":\"es\"},{\"@type\":\"Organization\",\"@id\":\"https:\\\/\\\/ferabrajan.com\\\/portal\\\/#organization\",\"name\":\"Fer Abrajan\",\"url\":\"https:\\\/\\\/ferabrajan.com\\\/portal\\\/\",\"logo\":{\"@type\":\"ImageObject\",\"inLanguage\":\"es\",\"@id\":\"https:\\\/\\\/ferabrajan.com\\\/portal\\\/#\\\/schema\\\/logo\\\/image\\\/\",\"url\":\"https:\\\/\\\/ferabrajan.com\\\/portal\\\/wp-content\\\/uploads\\\/2024\\\/10\\\/cropped-logo.jpeg\",\"contentUrl\":\"https:\\\/\\\/ferabrajan.com\\\/portal\\\/wp-content\\\/uploads\\\/2024\\\/10\\\/cropped-logo.jpeg\",\"width\":500,\"height\":250,\"caption\":\"Fer Abrajan\"},\"image\":{\"@id\":\"https:\\\/\\\/ferabrajan.com\\\/portal\\\/#\\\/schema\\\/logo\\\/image\\\/\"},\"sameAs\":[\"https:\\\/\\\/www.facebook.com\\\/NoticiasconFerAbrajan\\\/\",\"https:\\\/\\\/x.com\\\/ferabrajan1\"]},{\"@type\":\"Person\",\"@id\":\"https:\\\/\\\/ferabrajan.com\\\/portal\\\/#\\\/schema\\\/person\\\/f6113b3cb1e036d5c6a9505685b257ba\",\"name\":\"admin\",\"image\":{\"@type\":\"ImageObject\",\"inLanguage\":\"es\",\"@id\":\"https:\\\/\\\/secure.gravatar.com\\\/avatar\\\/072baa72775aad53c748dfc5d3048578e01b6c087eef335459ebfa04344e2d18?s=96&d=mm&r=g\",\"url\":\"https:\\\/\\\/secure.gravatar.com\\\/avatar\\\/072baa72775aad53c748dfc5d3048578e01b6c087eef335459ebfa04344e2d18?s=96&d=mm&r=g\",\"contentUrl\":\"https:\\\/\\\/secure.gravatar.com\\\/avatar\\\/072baa72775aad53c748dfc5d3048578e01b6c087eef335459ebfa04344e2d18?s=96&d=mm&r=g\",\"caption\":\"admin\"},\"sameAs\":[\"https:\\\/\\\/ferabrajan.com\\\/portal\"],\"url\":\"https:\\\/\\\/ferabrajan.com\\\/portal\\\/author\\\/admin\\\/\"}]}<\/script>\n<!-- \/ Yoast SEO plugin. -->","yoast_head_json":{"title":"\u00a1Se compran colchones, refrigeradores y diputados que venda...! - Fer Abrajan","robots":{"index":"index","follow":"follow","max-snippet":"max-snippet:-1","max-image-preview":"max-image-preview:large","max-video-preview":"max-video-preview:-1"},"canonical":"https:\/\/ferabrajan.com\/portal\/2020\/07\/28\/se-compran-colchones-refrigeradores-y-diputados-que-venda\/","og_locale":"es_ES","og_type":"article","og_title":"\u00a1Se compran colchones, refrigeradores y diputados que venda...! - Fer Abrajan","og_description":"El presidente de la Comisi\u00f3n del Deporte de la C\u00e1mara de Diputados,&nbsp;Ernesto Vargas&nbsp;(PES), mejor conocido como&nbsp;Ernesto D\u2019Alessio, a pesar de ser parte de la alianza legislativa de la Cuarta Transformaci\u00f3n no se call\u00f3 lo que piensa: la bancada del PT \u201ccompra\u201d diputados para convertirse en la tercera fuerza pol\u00edtica en San L\u00e1zaro e ir por la presidencia de la Mesa Directiva. A trav\u00e9s de sus redes sociales, el tambi\u00e9n actor retom\u00f3 la nota de este diario donde se da cuenta que la semana pasada, el PT \u201csum\u00f3\u201d a dos diputados m\u00e1s, uno de Morena y otra del PES, para llegar a 43 y estar a tres de empatar al PRI y a cuatro de rebasarlo. D\u2019Alessio dijo que se deber\u00eda precisar ese verbo si es \u201csuma\u201d o \u201ccompra\u201d, pues pens\u00f3 que las posiciones en el Congreso de la Uni\u00f3n se ganaban en las urnas y no \u201cvenadeando\u201d, pues \u201c\u00bfno era de lo que est\u00e1bamos hartos?\u201d, cuestion\u00f3. En el PT est\u00e1n presumiendo que jur\u00eddica y legalmente est\u00e1n en 43 diputados y contando. A las afueras de San L\u00e1zaro, nos dicen se oye una voz que sale de una desvencijada camioneta de chatarra que dice: \u201cSe compran colchones, tambores, refrigeradores, estufas, lavadoras, microondas,&nbsp;diputados&nbsp;o algo de fierro viejo que venda\u201d. grg&nbsp; Publicaci\u00f3n Original: https:\/\/www.eluniversal.com.mx\/nacion\/politica\/bajo-reserva-expres-se-compran-colchones-refrigeradores-y-diputados-que-venda","og_url":"https:\/\/ferabrajan.com\/portal\/2020\/07\/28\/se-compran-colchones-refrigeradores-y-diputados-que-venda\/","og_site_name":"Fer Abrajan","article_publisher":"https:\/\/www.facebook.com\/NoticiasconFerAbrajan\/","article_published_time":"2020-07-28T13:07:00+00:00","author":"admin","twitter_card":"summary_large_image","twitter_creator":"@ferabrajan1","twitter_site":"@ferabrajan1","twitter_misc":{"Escrito por":"admin","Tiempo de lectura":"1 minuto"},"schema":{"@context":"https:\/\/schema.org","@graph":[{"@type":"Article","@id":"https:\/\/ferabrajan.com\/portal\/2020\/07\/28\/se-compran-colchones-refrigeradores-y-diputados-que-venda\/#article","isPartOf":{"@id":"https:\/\/ferabrajan.com\/portal\/2020\/07\/28\/se-compran-colchones-refrigeradores-y-diputados-que-venda\/"},"author":{"name":"admin","@id":"https:\/\/ferabrajan.com\/portal\/#\/schema\/person\/f6113b3cb1e036d5c6a9505685b257ba"},"headline":"\u00a1Se compran colchones, refrigeradores y diputados que venda&#8230;!","datePublished":"2020-07-28T13:07:00+00:00","mainEntityOfPage":{"@id":"https:\/\/ferabrajan.com\/portal\/2020\/07\/28\/se-compran-colchones-refrigeradores-y-diputados-que-venda\/"},"wordCount":253,"commentCount":0,"publisher":{"@id":"https:\/\/ferabrajan.com\/portal\/#organization"},"image":{"@id":"https:\/\/ferabrajan.com\/portal\/2020\/07\/28\/se-compran-colchones-refrigeradores-y-diputados-que-venda\/#primaryimage"},"thumbnailUrl":"","articleSection":["El Mundo"],"inLanguage":"es"},{"@type":"WebPage","@id":"https:\/\/ferabrajan.com\/portal\/2020\/07\/28\/se-compran-colchones-refrigeradores-y-diputados-que-venda\/","url":"https:\/\/ferabrajan.com\/portal\/2020\/07\/28\/se-compran-colchones-refrigeradores-y-diputados-que-venda\/","name":"\u00a1Se compran colchones, refrigeradores y diputados que venda...! - Fer Abrajan","isPartOf":{"@id":"https:\/\/ferabrajan.com\/portal\/#website"},"primaryImageOfPage":{"@id":"https:\/\/ferabrajan.com\/portal\/2020\/07\/28\/se-compran-colchones-refrigeradores-y-diputados-que-venda\/#primaryimage"},"image":{"@id":"https:\/\/ferabrajan.com\/portal\/2020\/07\/28\/se-compran-colchones-refrigeradores-y-diputados-que-venda\/#primaryimage"},"thumbnailUrl":"","datePublished":"2020-07-28T13:07:00+00:00","breadcrumb":{"@id":"https:\/\/ferabrajan.com\/portal\/2020\/07\/28\/se-compran-colchones-refrigeradores-y-diputados-que-venda\/#breadcrumb"},"inLanguage":"es","potentialAction":[{"@type":"ReadAction","target":["https:\/\/ferabrajan.com\/portal\/2020\/07\/28\/se-compran-colchones-refrigeradores-y-diputados-que-venda\/"]}]},{"@type":"ImageObject","inLanguage":"es","@id":"https:\/\/ferabrajan.com\/portal\/2020\/07\/28\/se-compran-colchones-refrigeradores-y-diputados-que-venda\/#primaryimage","url":"","contentUrl":""},{"@type":"BreadcrumbList","@id":"https:\/\/ferabrajan.com\/portal\/2020\/07\/28\/se-compran-colchones-refrigeradores-y-diputados-que-venda\/#breadcrumb","itemListElement":[{"@type":"ListItem","position":1,"name":"Portada","item":"https:\/\/ferabrajan.com\/portal\/"},{"@type":"ListItem","position":2,"name":"\u00a1Se compran colchones, refrigeradores y diputados que venda&#8230;!"}]},{"@type":"WebSite","@id":"https:\/\/ferabrajan.com\/portal\/#website","url":"https:\/\/ferabrajan.com\/portal\/","name":"Fer Abrajan","description":"Noticias de Puebla, opini\u00f3n y radio en vivo","publisher":{"@id":"https:\/\/ferabrajan.com\/portal\/#organization"},"potentialAction":[{"@type":"SearchAction","target":{"@type":"EntryPoint","urlTemplate":"https:\/\/ferabrajan.com\/portal\/?s={search_term_string}"},"query-input":{"@type":"PropertyValueSpecification","valueRequired":true,"valueName":"search_term_string"}}],"inLanguage":"es"},{"@type":"Organization","@id":"https:\/\/ferabrajan.com\/portal\/#organization","name":"Fer Abrajan","url":"https:\/\/ferabrajan.com\/portal\/","logo":{"@type":"ImageObject","inLanguage":"es","@id":"https:\/\/ferabrajan.com\/portal\/#\/schema\/logo\/image\/","url":"https:\/\/ferabrajan.com\/portal\/wp-content\/uploads\/2024\/10\/cropped-logo.jpeg","contentUrl":"https:\/\/ferabrajan.com\/portal\/wp-content\/uploads\/2024\/10\/cropped-logo.jpeg","width":500,"height":250,"caption":"Fer Abrajan"},"image":{"@id":"https:\/\/ferabrajan.com\/portal\/#\/schema\/logo\/image\/"},"sameAs":["https:\/\/www.facebook.com\/NoticiasconFerAbrajan\/","https:\/\/x.com\/ferabrajan1"]},{"@type":"Person","@id":"https:\/\/ferabrajan.com\/portal\/#\/schema\/person\/f6113b3cb1e036d5c6a9505685b257ba","name":"admin","image":{"@type":"ImageObject","inLanguage":"es","@id":"https:\/\/secure.gravatar.com\/avatar\/072baa72775aad53c748dfc5d3048578e01b6c087eef335459ebfa04344e2d18?s=96&d=mm&r=g","url":"https:\/\/secure.gravatar.com\/avatar\/072baa72775aad53c748dfc5d3048578e01b6c087eef335459ebfa04344e2d18?s=96&d=mm&r=g","contentUrl":"https:\/\/secure.gravatar.com\/avatar\/072baa72775aad53c748dfc5d3048578e01b6c087eef335459ebfa04344e2d18?s=96&d=mm&r=g","caption":"admin"},"sameAs":["https:\/\/ferabrajan.com\/portal"],"url":"https:\/\/ferabrajan.com\/portal\/author\/admin\/"}]}},"_links":{"self":[{"href":"https:\/\/ferabrajan.com\/portal\/wp-json\/wp\/v2\/posts\/15816","targetHints":{"allow":["GET"]}}],"collection":[{"href":"https:\/\/ferabrajan.com\/portal\/wp-json\/wp\/v2\/posts"}],"about":[{"href":"https:\/\/ferabrajan.com\/portal\/wp-json\/wp\/v2\/types\/post"}],"author":[{"embeddable":true,"href":"https:\/\/ferabrajan.com\/portal\/wp-json\/wp\/v2\/users\/1"}],"replies":[{"embeddable":true,"href":"https:\/\/ferabrajan.com\/portal\/wp-json\/wp\/v2\/comments?post=15816"}],"version-history":[{"count":0,"href":"https:\/\/ferabrajan.com\/portal\/wp-json\/wp\/v2\/posts\/15816\/revisions"}],"wp:attachment":[{"href":"https:\/\/ferabrajan.com\/portal\/wp-json\/wp\/v2\/media?parent=15816"}],"wp:term":[{"taxonomy":"category","embeddable":true,"href":"https:\/\/ferabrajan.com\/portal\/wp-json\/wp\/v2\/categories?post=15816"},{"taxonomy":"post_tag","embeddable":true,"href":"https:\/\/ferabrajan.com\/portal\/wp-json\/wp\/v2\/tags?post=15816"}],"curies":[{"name":"wp","href":"https:\/\/api.w.org\/{rel}","templated":true}]}}