{"id":15801,"date":"2020-07-28T17:52:59","date_gmt":"2020-07-28T17:52:59","guid":{"rendered":"https:\/\/www.elsoldepuebla.com.mx\/local\/estado\/reviran-restauranteros-de-atlixco-ante-cierre-de-comercios-puebla-5551604.html"},"modified":"2020-07-28T17:52:59","modified_gmt":"2020-07-28T17:52:59","slug":"reviran-restauranteros-de-atlixco-ante-cierre-de-comercios","status":"publish","type":"post","link":"https:\/\/ferabrajan.com\/portal\/2020\/07\/28\/reviran-restauranteros-de-atlixco-ante-cierre-de-comercios\/","title":{"rendered":"Reviran restauranteros de Atlixco ante cierre de comercios"},"content":{"rendered":"<div><img decoding=\"async\" src=\"https:\/\/www.elsoldepuebla.com.mx\/local\/estado\/abdx3s-comercios-miguel-angel.jpg\/ALTERNATES\/LANDSCAPE_1140\/COMERCIOS%20miguel%20angel.jpg\" class=\"ff-og-image-inserted\"><\/div>\n<p>Propuestas de trabajo, enojo colectivo, frustraci\u00f3n econ\u00f3mica y solicitud de empat\u00eda a las autoridades estatales y locales, fue la respuesta de los restauranteros y comercios formales del centro de Atlixco tras el par de operativos llevados a cabo en menos de una semana por parte del gobierno estatal para mantenerlos cerrados por el sem\u00e1foro rojo de Covid-19.<\/p>\n<p>Por principio de cuentas, Alfonso Campos, Presidente del Consejo de Negocios y Empresas de Atlixco A.C (CONEA), revir\u00f3 p\u00fablicamente en una carta abierta dirigida a Miguel Barbosa: \u201cRealizaron un operativo para revisar el comercio establecido de Atlixco con la intenci\u00f3n de cerrar aquellos negocios que apenas hace una semana t\u00edmidamente comenzaron a abrir sus puertas. Entendemos que la intenci\u00f3n es disminuir el n\u00famero de contagios derivados de Covid-19, sin embargo, no estamos de acuerdo y lo manifestamos con respeto\u201d, dijo Campos.<\/p>\n<p>\u00abEl comercio formal en Atlixco, derivado de la pandemia del Coronavirus, est\u00e1 en agon\u00eda y no lo digo como met\u00e1fora, muere poco a poco la econom\u00eda. El colch\u00f3n financiero se termin\u00f3 y no podemos resistir m\u00e1s. La disyuntiva es cruel: o nos mata el Covid-19 o nos desaparece la necesidad econ\u00f3mica. De ah\u00ed la importancia de ser emp\u00e1tico con nosotros\u201d, puntualiz\u00f3.<\/p>\n<article class=\"policiaca media col-md-4 inline-story\"> <\/article>\n<p>Dependencias municipales como la Direcci\u00f3n de Comercio y Protecci\u00f3n Civil de Atlixco notificaron a los comerciantes del primer cuadro de la ciudad que la actividad comercial contin\u00faa bajo el r\u00e9gimen del decreto: limitada a las actividades m\u00e1s esenciales.<\/p>\n<p>Luego del segundo operativo de Protecci\u00f3n Civil estatal, los m\u00e1s de 350 comercios afectados en esa \u00e1rea tambi\u00e9n suscribieron una carta dirigida a Miguel Barbosa, en la cual destaca un plan para reactivarse: \u201creducir horarios de trabajo, no laborar los d\u00edas mi\u00e9rcoles hasta que cambie el sem\u00e1foro de rojo a naranja, lavar sus banquetas cada tercer d\u00eda, vigilar y coordinar con el Ayuntamiento el orden para guardar la distancia en esa zona y tener comisiones para concretar las medidas de seguridad en los comercios\u201d.<\/p>\n<p>V\u00edctor Zapata, uno de los involucrados en ese documento, resalt\u00f3 un tema considerado por ellos fundamental: \u201cen ese per\u00edmetro del Centro Hist\u00f3rico, donde concretaron los operativos, somos en total 380 locales quienes debemos pagar renta y otros servicios, la gran mayor\u00eda son auto empleados y requieren trabajar para obtener un ingreso econ\u00f3mico familiar\u201d. De ah\u00ed la solicitud de una reuni\u00f3n urgente entre ambas partes una vez entregado el documento.<\/p>\n<article class=\"gossip media col-md-4 inline-story\"> <\/article>\n<article class=\"local_estado media col-md-4 inline-story\"> <\/article>\n<article class=\"policiaca media col-md-4 inline-story\"> <\/article>\n<section>\n<div class=\"teaser\">\n<p>[embedded content]<\/p>\n<\/div>\n<\/section>\n<p>Publicaci\u00f3n Original: <a href=\"https:\/\/www.elsoldepuebla.com.mx\/local\/estado\/reviran-restauranteros-de-atlixco-ante-cierre-de-comercios-puebla-5551604.html\" target=\"_blank\" rel=\"noopener noreferrer\">https:\/\/www.elsoldepuebla.com.mx\/local\/estado\/reviran-restauranteros-de-atlixco-ante-cierre-de-comercios-puebla-5551604.html<\/a><\/p>\n","protected":false},"excerpt":{"rendered":"<p>Propuestas de trabajo, enojo colectivo, frustraci\u00f3n econ\u00f3mica y solicitud de empat\u00eda a las autoridades estatales y locales, fue la respuesta de los restauranteros y comercios formales del centro de Atlixco tras el par de operativos llevados a cabo en menos de una semana por parte del gobierno estatal para mantenerlos cerrados por el sem\u00e1foro rojo de Covid-19. Por principio de cuentas, Alfonso Campos, Presidente del Consejo de Negocios y Empresas de Atlixco A.C (CONEA), revir\u00f3 p\u00fablicamente en una carta abierta dirigida a Miguel Barbosa: \u201cRealizaron un operativo para revisar el comercio establecido de Atlixco con la intenci\u00f3n de cerrar aquellos negocios que apenas hace una semana t\u00edmidamente comenzaron a abrir sus puertas. Entendemos que la intenci\u00f3n es disminuir el n\u00famero de contagios derivados de Covid-19, sin embargo, no estamos de acuerdo y lo manifestamos con respeto\u201d, dijo Campos. \u00abEl comercio formal en Atlixco, derivado de la pandemia del Coronavirus, est\u00e1 en agon\u00eda y no lo digo como met\u00e1fora, muere poco a poco la econom\u00eda. El colch\u00f3n financiero se termin\u00f3 y no podemos resistir m\u00e1s. La disyuntiva es cruel: o nos mata el Covid-19 o nos desaparece la necesidad econ\u00f3mica. De ah\u00ed la importancia de ser emp\u00e1tico con nosotros\u201d, puntualiz\u00f3. Dependencias municipales como la Direcci\u00f3n de Comercio y Protecci\u00f3n Civil de Atlixco notificaron a los comerciantes del primer cuadro de la ciudad que la actividad comercial contin\u00faa bajo el r\u00e9gimen del decreto: limitada a las actividades m\u00e1s esenciales. Luego del segundo operativo de Protecci\u00f3n Civil estatal, los m\u00e1s de 350 comercios afectados en esa \u00e1rea tambi\u00e9n suscribieron una carta dirigida a Miguel Barbosa, en la cual destaca un plan para reactivarse: \u201creducir horarios de trabajo, no laborar los d\u00edas mi\u00e9rcoles hasta que cambie el sem\u00e1foro de rojo a naranja, lavar sus banquetas cada tercer d\u00eda, vigilar y coordinar con el Ayuntamiento el orden para guardar la distancia en esa zona y tener comisiones para concretar las medidas de seguridad en los comercios\u201d. V\u00edctor Zapata, uno de los involucrados en ese documento, resalt\u00f3 un tema considerado por ellos fundamental: \u201cen ese per\u00edmetro del Centro Hist\u00f3rico, donde concretaron los operativos, somos en total 380 locales quienes debemos pagar renta y otros servicios, la gran mayor\u00eda son auto empleados y requieren trabajar para obtener un ingreso econ\u00f3mico familiar\u201d. De ah\u00ed la solicitud de una reuni\u00f3n urgente entre ambas partes una vez entregado el documento. [embedded content] Publicaci\u00f3n Original: https:\/\/www.elsoldepuebla.com.mx\/local\/estado\/reviran-restauranteros-de-atlixco-ante-cierre-de-comercios-puebla-5551604.html<\/p>\n","protected":false},"author":1,"featured_media":15805,"comment_status":"closed","ping_status":"closed","sticky":false,"template":"","format":"standard","meta":{"_monsterinsights_skip_tracking":false,"_uf_show_specific_survey":0,"_uf_disable_surveys":false,"footnotes":""},"categories":[34],"tags":[],"class_list":["post-15801","post","type-post","status-publish","format-standard","has-post-thumbnail","hentry","category-puebla"],"yoast_head":"<!-- This site is optimized with the Yoast SEO plugin v27.5 - https:\/\/yoast.com\/product\/yoast-seo-wordpress\/ -->\n<title>Reviran restauranteros de Atlixco ante cierre de comercios - Fer Abrajan<\/title>\n<meta name=\"robots\" content=\"index, follow, max-snippet:-1, max-image-preview:large, max-video-preview:-1\" \/>\n<link rel=\"canonical\" href=\"https:\/\/ferabrajan.com\/portal\/2020\/07\/28\/reviran-restauranteros-de-atlixco-ante-cierre-de-comercios\/\" \/>\n<meta property=\"og:locale\" content=\"es_ES\" \/>\n<meta property=\"og:type\" content=\"article\" \/>\n<meta property=\"og:title\" content=\"Reviran restauranteros de Atlixco ante cierre de comercios - Fer Abrajan\" \/>\n<meta property=\"og:description\" content=\"Propuestas de trabajo, enojo colectivo, frustraci\u00f3n econ\u00f3mica y solicitud de empat\u00eda a las autoridades estatales y locales, fue la respuesta de los restauranteros y comercios formales del centro de Atlixco tras el par de operativos llevados a cabo en menos de una semana por parte del gobierno estatal para mantenerlos cerrados por el sem\u00e1foro rojo de Covid-19. Por principio de cuentas, Alfonso Campos, Presidente del Consejo de Negocios y Empresas de Atlixco A.C (CONEA), revir\u00f3 p\u00fablicamente en una carta abierta dirigida a Miguel Barbosa: \u201cRealizaron un operativo para revisar el comercio establecido de Atlixco con la intenci\u00f3n de cerrar aquellos negocios que apenas hace una semana t\u00edmidamente comenzaron a abrir sus puertas. Entendemos que la intenci\u00f3n es disminuir el n\u00famero de contagios derivados de Covid-19, sin embargo, no estamos de acuerdo y lo manifestamos con respeto\u201d, dijo Campos. \u00abEl comercio formal en Atlixco, derivado de la pandemia del Coronavirus, est\u00e1 en agon\u00eda y no lo digo como met\u00e1fora, muere poco a poco la econom\u00eda. El colch\u00f3n financiero se termin\u00f3 y no podemos resistir m\u00e1s. La disyuntiva es cruel: o nos mata el Covid-19 o nos desaparece la necesidad econ\u00f3mica. De ah\u00ed la importancia de ser emp\u00e1tico con nosotros\u201d, puntualiz\u00f3. Dependencias municipales como la Direcci\u00f3n de Comercio y Protecci\u00f3n Civil de Atlixco notificaron a los comerciantes del primer cuadro de la ciudad que la actividad comercial contin\u00faa bajo el r\u00e9gimen del decreto: limitada a las actividades m\u00e1s esenciales. Luego del segundo operativo de Protecci\u00f3n Civil estatal, los m\u00e1s de 350 comercios afectados en esa \u00e1rea tambi\u00e9n suscribieron una carta dirigida a Miguel Barbosa, en la cual destaca un plan para reactivarse: \u201creducir horarios de trabajo, no laborar los d\u00edas mi\u00e9rcoles hasta que cambie el sem\u00e1foro de rojo a naranja, lavar sus banquetas cada tercer d\u00eda, vigilar y coordinar con el Ayuntamiento el orden para guardar la distancia en esa zona y tener comisiones para concretar las medidas de seguridad en los comercios\u201d. V\u00edctor Zapata, uno de los involucrados en ese documento, resalt\u00f3 un tema considerado por ellos fundamental: \u201cen ese per\u00edmetro del Centro Hist\u00f3rico, donde concretaron los operativos, somos en total 380 locales quienes debemos pagar renta y otros servicios, la gran mayor\u00eda son auto empleados y requieren trabajar para obtener un ingreso econ\u00f3mico familiar\u201d. De ah\u00ed la solicitud de una reuni\u00f3n urgente entre ambas partes una vez entregado el documento. [embedded content] Publicaci\u00f3n Original: https:\/\/www.elsoldepuebla.com.mx\/local\/estado\/reviran-restauranteros-de-atlixco-ante-cierre-de-comercios-puebla-5551604.html\" \/>\n<meta property=\"og:url\" content=\"https:\/\/ferabrajan.com\/portal\/2020\/07\/28\/reviran-restauranteros-de-atlixco-ante-cierre-de-comercios\/\" \/>\n<meta property=\"og:site_name\" content=\"Fer Abrajan\" \/>\n<meta property=\"article:publisher\" content=\"https:\/\/www.facebook.com\/NoticiasconFerAbrajan\/\" \/>\n<meta property=\"article:published_time\" content=\"2020-07-28T17:52:59+00:00\" \/>\n<meta name=\"author\" content=\"admin\" \/>\n<meta name=\"twitter:card\" content=\"summary_large_image\" \/>\n<meta name=\"twitter:creator\" content=\"@ferabrajan1\" \/>\n<meta name=\"twitter:site\" content=\"@ferabrajan1\" \/>\n<meta name=\"twitter:label1\" content=\"Escrito por\" \/>\n\t<meta name=\"twitter:data1\" content=\"admin\" \/>\n\t<meta name=\"twitter:label2\" content=\"Tiempo de lectura\" \/>\n\t<meta name=\"twitter:data2\" content=\"2 minutos\" \/>\n<script type=\"application\/ld+json\" class=\"yoast-schema-graph\">{\"@context\":\"https:\\\/\\\/schema.org\",\"@graph\":[{\"@type\":\"Article\",\"@id\":\"https:\\\/\\\/ferabrajan.com\\\/portal\\\/2020\\\/07\\\/28\\\/reviran-restauranteros-de-atlixco-ante-cierre-de-comercios\\\/#article\",\"isPartOf\":{\"@id\":\"https:\\\/\\\/ferabrajan.com\\\/portal\\\/2020\\\/07\\\/28\\\/reviran-restauranteros-de-atlixco-ante-cierre-de-comercios\\\/\"},\"author\":{\"name\":\"admin\",\"@id\":\"https:\\\/\\\/ferabrajan.com\\\/portal\\\/#\\\/schema\\\/person\\\/f6113b3cb1e036d5c6a9505685b257ba\"},\"headline\":\"Reviran restauranteros de Atlixco ante cierre de comercios\",\"datePublished\":\"2020-07-28T17:52:59+00:00\",\"mainEntityOfPage\":{\"@id\":\"https:\\\/\\\/ferabrajan.com\\\/portal\\\/2020\\\/07\\\/28\\\/reviran-restauranteros-de-atlixco-ante-cierre-de-comercios\\\/\"},\"wordCount\":445,\"publisher\":{\"@id\":\"https:\\\/\\\/ferabrajan.com\\\/portal\\\/#organization\"},\"image\":{\"@id\":\"https:\\\/\\\/ferabrajan.com\\\/portal\\\/2020\\\/07\\\/28\\\/reviran-restauranteros-de-atlixco-ante-cierre-de-comercios\\\/#primaryimage\"},\"thumbnailUrl\":\"\",\"articleSection\":[\"Puebla\"],\"inLanguage\":\"es\"},{\"@type\":\"WebPage\",\"@id\":\"https:\\\/\\\/ferabrajan.com\\\/portal\\\/2020\\\/07\\\/28\\\/reviran-restauranteros-de-atlixco-ante-cierre-de-comercios\\\/\",\"url\":\"https:\\\/\\\/ferabrajan.com\\\/portal\\\/2020\\\/07\\\/28\\\/reviran-restauranteros-de-atlixco-ante-cierre-de-comercios\\\/\",\"name\":\"Reviran restauranteros de Atlixco ante cierre de comercios - Fer Abrajan\",\"isPartOf\":{\"@id\":\"https:\\\/\\\/ferabrajan.com\\\/portal\\\/#website\"},\"primaryImageOfPage\":{\"@id\":\"https:\\\/\\\/ferabrajan.com\\\/portal\\\/2020\\\/07\\\/28\\\/reviran-restauranteros-de-atlixco-ante-cierre-de-comercios\\\/#primaryimage\"},\"image\":{\"@id\":\"https:\\\/\\\/ferabrajan.com\\\/portal\\\/2020\\\/07\\\/28\\\/reviran-restauranteros-de-atlixco-ante-cierre-de-comercios\\\/#primaryimage\"},\"thumbnailUrl\":\"\",\"datePublished\":\"2020-07-28T17:52:59+00:00\",\"breadcrumb\":{\"@id\":\"https:\\\/\\\/ferabrajan.com\\\/portal\\\/2020\\\/07\\\/28\\\/reviran-restauranteros-de-atlixco-ante-cierre-de-comercios\\\/#breadcrumb\"},\"inLanguage\":\"es\",\"potentialAction\":[{\"@type\":\"ReadAction\",\"target\":[\"https:\\\/\\\/ferabrajan.com\\\/portal\\\/2020\\\/07\\\/28\\\/reviran-restauranteros-de-atlixco-ante-cierre-de-comercios\\\/\"]}]},{\"@type\":\"ImageObject\",\"inLanguage\":\"es\",\"@id\":\"https:\\\/\\\/ferabrajan.com\\\/portal\\\/2020\\\/07\\\/28\\\/reviran-restauranteros-de-atlixco-ante-cierre-de-comercios\\\/#primaryimage\",\"url\":\"\",\"contentUrl\":\"\"},{\"@type\":\"BreadcrumbList\",\"@id\":\"https:\\\/\\\/ferabrajan.com\\\/portal\\\/2020\\\/07\\\/28\\\/reviran-restauranteros-de-atlixco-ante-cierre-de-comercios\\\/#breadcrumb\",\"itemListElement\":[{\"@type\":\"ListItem\",\"position\":1,\"name\":\"Portada\",\"item\":\"https:\\\/\\\/ferabrajan.com\\\/portal\\\/\"},{\"@type\":\"ListItem\",\"position\":2,\"name\":\"Reviran restauranteros de Atlixco ante cierre de comercios\"}]},{\"@type\":\"WebSite\",\"@id\":\"https:\\\/\\\/ferabrajan.com\\\/portal\\\/#website\",\"url\":\"https:\\\/\\\/ferabrajan.com\\\/portal\\\/\",\"name\":\"Fer Abrajan\",\"description\":\"Noticias de Puebla, opini\u00f3n y radio en vivo\",\"publisher\":{\"@id\":\"https:\\\/\\\/ferabrajan.com\\\/portal\\\/#organization\"},\"potentialAction\":[{\"@type\":\"SearchAction\",\"target\":{\"@type\":\"EntryPoint\",\"urlTemplate\":\"https:\\\/\\\/ferabrajan.com\\\/portal\\\/?s={search_term_string}\"},\"query-input\":{\"@type\":\"PropertyValueSpecification\",\"valueRequired\":true,\"valueName\":\"search_term_string\"}}],\"inLanguage\":\"es\"},{\"@type\":\"Organization\",\"@id\":\"https:\\\/\\\/ferabrajan.com\\\/portal\\\/#organization\",\"name\":\"Fer Abrajan\",\"url\":\"https:\\\/\\\/ferabrajan.com\\\/portal\\\/\",\"logo\":{\"@type\":\"ImageObject\",\"inLanguage\":\"es\",\"@id\":\"https:\\\/\\\/ferabrajan.com\\\/portal\\\/#\\\/schema\\\/logo\\\/image\\\/\",\"url\":\"https:\\\/\\\/ferabrajan.com\\\/portal\\\/wp-content\\\/uploads\\\/2024\\\/10\\\/cropped-logo.jpeg\",\"contentUrl\":\"https:\\\/\\\/ferabrajan.com\\\/portal\\\/wp-content\\\/uploads\\\/2024\\\/10\\\/cropped-logo.jpeg\",\"width\":500,\"height\":250,\"caption\":\"Fer Abrajan\"},\"image\":{\"@id\":\"https:\\\/\\\/ferabrajan.com\\\/portal\\\/#\\\/schema\\\/logo\\\/image\\\/\"},\"sameAs\":[\"https:\\\/\\\/www.facebook.com\\\/NoticiasconFerAbrajan\\\/\",\"https:\\\/\\\/x.com\\\/ferabrajan1\"]},{\"@type\":\"Person\",\"@id\":\"https:\\\/\\\/ferabrajan.com\\\/portal\\\/#\\\/schema\\\/person\\\/f6113b3cb1e036d5c6a9505685b257ba\",\"name\":\"admin\",\"image\":{\"@type\":\"ImageObject\",\"inLanguage\":\"es\",\"@id\":\"https:\\\/\\\/secure.gravatar.com\\\/avatar\\\/072baa72775aad53c748dfc5d3048578e01b6c087eef335459ebfa04344e2d18?s=96&d=mm&r=g\",\"url\":\"https:\\\/\\\/secure.gravatar.com\\\/avatar\\\/072baa72775aad53c748dfc5d3048578e01b6c087eef335459ebfa04344e2d18?s=96&d=mm&r=g\",\"contentUrl\":\"https:\\\/\\\/secure.gravatar.com\\\/avatar\\\/072baa72775aad53c748dfc5d3048578e01b6c087eef335459ebfa04344e2d18?s=96&d=mm&r=g\",\"caption\":\"admin\"},\"sameAs\":[\"https:\\\/\\\/ferabrajan.com\\\/portal\"],\"url\":\"https:\\\/\\\/ferabrajan.com\\\/portal\\\/author\\\/admin\\\/\"}]}<\/script>\n<!-- \/ Yoast SEO plugin. -->","yoast_head_json":{"title":"Reviran restauranteros de Atlixco ante cierre de comercios - Fer Abrajan","robots":{"index":"index","follow":"follow","max-snippet":"max-snippet:-1","max-image-preview":"max-image-preview:large","max-video-preview":"max-video-preview:-1"},"canonical":"https:\/\/ferabrajan.com\/portal\/2020\/07\/28\/reviran-restauranteros-de-atlixco-ante-cierre-de-comercios\/","og_locale":"es_ES","og_type":"article","og_title":"Reviran restauranteros de Atlixco ante cierre de comercios - Fer Abrajan","og_description":"Propuestas de trabajo, enojo colectivo, frustraci\u00f3n econ\u00f3mica y solicitud de empat\u00eda a las autoridades estatales y locales, fue la respuesta de los restauranteros y comercios formales del centro de Atlixco tras el par de operativos llevados a cabo en menos de una semana por parte del gobierno estatal para mantenerlos cerrados por el sem\u00e1foro rojo de Covid-19. Por principio de cuentas, Alfonso Campos, Presidente del Consejo de Negocios y Empresas de Atlixco A.C (CONEA), revir\u00f3 p\u00fablicamente en una carta abierta dirigida a Miguel Barbosa: \u201cRealizaron un operativo para revisar el comercio establecido de Atlixco con la intenci\u00f3n de cerrar aquellos negocios que apenas hace una semana t\u00edmidamente comenzaron a abrir sus puertas. Entendemos que la intenci\u00f3n es disminuir el n\u00famero de contagios derivados de Covid-19, sin embargo, no estamos de acuerdo y lo manifestamos con respeto\u201d, dijo Campos. \u00abEl comercio formal en Atlixco, derivado de la pandemia del Coronavirus, est\u00e1 en agon\u00eda y no lo digo como met\u00e1fora, muere poco a poco la econom\u00eda. El colch\u00f3n financiero se termin\u00f3 y no podemos resistir m\u00e1s. La disyuntiva es cruel: o nos mata el Covid-19 o nos desaparece la necesidad econ\u00f3mica. De ah\u00ed la importancia de ser emp\u00e1tico con nosotros\u201d, puntualiz\u00f3. Dependencias municipales como la Direcci\u00f3n de Comercio y Protecci\u00f3n Civil de Atlixco notificaron a los comerciantes del primer cuadro de la ciudad que la actividad comercial contin\u00faa bajo el r\u00e9gimen del decreto: limitada a las actividades m\u00e1s esenciales. Luego del segundo operativo de Protecci\u00f3n Civil estatal, los m\u00e1s de 350 comercios afectados en esa \u00e1rea tambi\u00e9n suscribieron una carta dirigida a Miguel Barbosa, en la cual destaca un plan para reactivarse: \u201creducir horarios de trabajo, no laborar los d\u00edas mi\u00e9rcoles hasta que cambie el sem\u00e1foro de rojo a naranja, lavar sus banquetas cada tercer d\u00eda, vigilar y coordinar con el Ayuntamiento el orden para guardar la distancia en esa zona y tener comisiones para concretar las medidas de seguridad en los comercios\u201d. V\u00edctor Zapata, uno de los involucrados en ese documento, resalt\u00f3 un tema considerado por ellos fundamental: \u201cen ese per\u00edmetro del Centro Hist\u00f3rico, donde concretaron los operativos, somos en total 380 locales quienes debemos pagar renta y otros servicios, la gran mayor\u00eda son auto empleados y requieren trabajar para obtener un ingreso econ\u00f3mico familiar\u201d. De ah\u00ed la solicitud de una reuni\u00f3n urgente entre ambas partes una vez entregado el documento. [embedded content] Publicaci\u00f3n Original: https:\/\/www.elsoldepuebla.com.mx\/local\/estado\/reviran-restauranteros-de-atlixco-ante-cierre-de-comercios-puebla-5551604.html","og_url":"https:\/\/ferabrajan.com\/portal\/2020\/07\/28\/reviran-restauranteros-de-atlixco-ante-cierre-de-comercios\/","og_site_name":"Fer Abrajan","article_publisher":"https:\/\/www.facebook.com\/NoticiasconFerAbrajan\/","article_published_time":"2020-07-28T17:52:59+00:00","author":"admin","twitter_card":"summary_large_image","twitter_creator":"@ferabrajan1","twitter_site":"@ferabrajan1","twitter_misc":{"Escrito por":"admin","Tiempo de lectura":"2 minutos"},"schema":{"@context":"https:\/\/schema.org","@graph":[{"@type":"Article","@id":"https:\/\/ferabrajan.com\/portal\/2020\/07\/28\/reviran-restauranteros-de-atlixco-ante-cierre-de-comercios\/#article","isPartOf":{"@id":"https:\/\/ferabrajan.com\/portal\/2020\/07\/28\/reviran-restauranteros-de-atlixco-ante-cierre-de-comercios\/"},"author":{"name":"admin","@id":"https:\/\/ferabrajan.com\/portal\/#\/schema\/person\/f6113b3cb1e036d5c6a9505685b257ba"},"headline":"Reviran restauranteros de Atlixco ante cierre de comercios","datePublished":"2020-07-28T17:52:59+00:00","mainEntityOfPage":{"@id":"https:\/\/ferabrajan.com\/portal\/2020\/07\/28\/reviran-restauranteros-de-atlixco-ante-cierre-de-comercios\/"},"wordCount":445,"publisher":{"@id":"https:\/\/ferabrajan.com\/portal\/#organization"},"image":{"@id":"https:\/\/ferabrajan.com\/portal\/2020\/07\/28\/reviran-restauranteros-de-atlixco-ante-cierre-de-comercios\/#primaryimage"},"thumbnailUrl":"","articleSection":["Puebla"],"inLanguage":"es"},{"@type":"WebPage","@id":"https:\/\/ferabrajan.com\/portal\/2020\/07\/28\/reviran-restauranteros-de-atlixco-ante-cierre-de-comercios\/","url":"https:\/\/ferabrajan.com\/portal\/2020\/07\/28\/reviran-restauranteros-de-atlixco-ante-cierre-de-comercios\/","name":"Reviran restauranteros de Atlixco ante cierre de comercios - Fer Abrajan","isPartOf":{"@id":"https:\/\/ferabrajan.com\/portal\/#website"},"primaryImageOfPage":{"@id":"https:\/\/ferabrajan.com\/portal\/2020\/07\/28\/reviran-restauranteros-de-atlixco-ante-cierre-de-comercios\/#primaryimage"},"image":{"@id":"https:\/\/ferabrajan.com\/portal\/2020\/07\/28\/reviran-restauranteros-de-atlixco-ante-cierre-de-comercios\/#primaryimage"},"thumbnailUrl":"","datePublished":"2020-07-28T17:52:59+00:00","breadcrumb":{"@id":"https:\/\/ferabrajan.com\/portal\/2020\/07\/28\/reviran-restauranteros-de-atlixco-ante-cierre-de-comercios\/#breadcrumb"},"inLanguage":"es","potentialAction":[{"@type":"ReadAction","target":["https:\/\/ferabrajan.com\/portal\/2020\/07\/28\/reviran-restauranteros-de-atlixco-ante-cierre-de-comercios\/"]}]},{"@type":"ImageObject","inLanguage":"es","@id":"https:\/\/ferabrajan.com\/portal\/2020\/07\/28\/reviran-restauranteros-de-atlixco-ante-cierre-de-comercios\/#primaryimage","url":"","contentUrl":""},{"@type":"BreadcrumbList","@id":"https:\/\/ferabrajan.com\/portal\/2020\/07\/28\/reviran-restauranteros-de-atlixco-ante-cierre-de-comercios\/#breadcrumb","itemListElement":[{"@type":"ListItem","position":1,"name":"Portada","item":"https:\/\/ferabrajan.com\/portal\/"},{"@type":"ListItem","position":2,"name":"Reviran restauranteros de Atlixco ante cierre de comercios"}]},{"@type":"WebSite","@id":"https:\/\/ferabrajan.com\/portal\/#website","url":"https:\/\/ferabrajan.com\/portal\/","name":"Fer Abrajan","description":"Noticias de Puebla, opini\u00f3n y radio en vivo","publisher":{"@id":"https:\/\/ferabrajan.com\/portal\/#organization"},"potentialAction":[{"@type":"SearchAction","target":{"@type":"EntryPoint","urlTemplate":"https:\/\/ferabrajan.com\/portal\/?s={search_term_string}"},"query-input":{"@type":"PropertyValueSpecification","valueRequired":true,"valueName":"search_term_string"}}],"inLanguage":"es"},{"@type":"Organization","@id":"https:\/\/ferabrajan.com\/portal\/#organization","name":"Fer Abrajan","url":"https:\/\/ferabrajan.com\/portal\/","logo":{"@type":"ImageObject","inLanguage":"es","@id":"https:\/\/ferabrajan.com\/portal\/#\/schema\/logo\/image\/","url":"https:\/\/ferabrajan.com\/portal\/wp-content\/uploads\/2024\/10\/cropped-logo.jpeg","contentUrl":"https:\/\/ferabrajan.com\/portal\/wp-content\/uploads\/2024\/10\/cropped-logo.jpeg","width":500,"height":250,"caption":"Fer Abrajan"},"image":{"@id":"https:\/\/ferabrajan.com\/portal\/#\/schema\/logo\/image\/"},"sameAs":["https:\/\/www.facebook.com\/NoticiasconFerAbrajan\/","https:\/\/x.com\/ferabrajan1"]},{"@type":"Person","@id":"https:\/\/ferabrajan.com\/portal\/#\/schema\/person\/f6113b3cb1e036d5c6a9505685b257ba","name":"admin","image":{"@type":"ImageObject","inLanguage":"es","@id":"https:\/\/secure.gravatar.com\/avatar\/072baa72775aad53c748dfc5d3048578e01b6c087eef335459ebfa04344e2d18?s=96&d=mm&r=g","url":"https:\/\/secure.gravatar.com\/avatar\/072baa72775aad53c748dfc5d3048578e01b6c087eef335459ebfa04344e2d18?s=96&d=mm&r=g","contentUrl":"https:\/\/secure.gravatar.com\/avatar\/072baa72775aad53c748dfc5d3048578e01b6c087eef335459ebfa04344e2d18?s=96&d=mm&r=g","caption":"admin"},"sameAs":["https:\/\/ferabrajan.com\/portal"],"url":"https:\/\/ferabrajan.com\/portal\/author\/admin\/"}]}},"_links":{"self":[{"href":"https:\/\/ferabrajan.com\/portal\/wp-json\/wp\/v2\/posts\/15801","targetHints":{"allow":["GET"]}}],"collection":[{"href":"https:\/\/ferabrajan.com\/portal\/wp-json\/wp\/v2\/posts"}],"about":[{"href":"https:\/\/ferabrajan.com\/portal\/wp-json\/wp\/v2\/types\/post"}],"author":[{"embeddable":true,"href":"https:\/\/ferabrajan.com\/portal\/wp-json\/wp\/v2\/users\/1"}],"replies":[{"embeddable":true,"href":"https:\/\/ferabrajan.com\/portal\/wp-json\/wp\/v2\/comments?post=15801"}],"version-history":[{"count":0,"href":"https:\/\/ferabrajan.com\/portal\/wp-json\/wp\/v2\/posts\/15801\/revisions"}],"wp:attachment":[{"href":"https:\/\/ferabrajan.com\/portal\/wp-json\/wp\/v2\/media?parent=15801"}],"wp:term":[{"taxonomy":"category","embeddable":true,"href":"https:\/\/ferabrajan.com\/portal\/wp-json\/wp\/v2\/categories?post=15801"},{"taxonomy":"post_tag","embeddable":true,"href":"https:\/\/ferabrajan.com\/portal\/wp-json\/wp\/v2\/tags?post=15801"}],"curies":[{"name":"wp","href":"https:\/\/api.w.org\/{rel}","templated":true}]}}