{"id":15796,"date":"2020-07-28T17:57:34","date_gmt":"2020-07-28T17:57:34","guid":{"rendered":"https:\/\/www.elsoldepuebla.com.mx\/local\/estado\/acusan-campesinos-de-chiapa-a-audi-de-usar-bombas-antigranizo-puebla-5551654.html"},"modified":"2020-07-28T17:57:34","modified_gmt":"2020-07-28T17:57:34","slug":"acusan-campesinos-de-chiapa-a-audi-de-usar-bombas-antigranizo","status":"publish","type":"post","link":"https:\/\/ferabrajan.com\/portal\/2020\/07\/28\/acusan-campesinos-de-chiapa-a-audi-de-usar-bombas-antigranizo\/","title":{"rendered":"Acusan campesinos de Chiapa a Audi de usar bombas antigranizo"},"content":{"rendered":"<div><img decoding=\"async\" src=\"https:\/\/www.elsoldepuebla.com.mx\/local\/estado\/3fupgc-granizo-el-sol-de-puebla.jpg\/ALTERNATES\/LANDSCAPE_1140\/GRANIZO%20el%20sol%20de%20puebla.jpg\" class=\"ff-og-image-inserted\"><\/div>\n<p>Campesinos de San Jos\u00e9 Chiapa acusaron que la planta armadora de autos Audi, utiliza bombas antigranizo para inhibir la lluvia en la zona, provocando da\u00f1os en alrededor de 2 mil 500 cultivos por la sequ\u00eda.<\/p>\n<p>Los agricultores afectados explicaron que cuando el cielo se nubla y es eminente el chubasco, escuchan en el cielo un sonido similar al motor de una avioneta y despu\u00e9s de ello, no llueve. Asimismo, refirieron que la planta Audi cuenta con mallas antigranizo para proteger sus unidades.<\/p>\n<p>Lamentaron que ante la sequ\u00eda de este a\u00f1o hallan resultado da\u00f1adas alrededor de 2 mil 500 de hect\u00e1reas y los cultivos de ma\u00edz definitivamente ya se perdieron, pues las milpas no crecieron debido a la falta de lluvia.<\/p>\n<article class=\"policiaca media col-md-4 inline-story\"> <\/article>\n<p>Ante este escenario, los afectados anunciaron que preparan un escrito para entregarlo al gobierno del Estado en los pr\u00f3ximos d\u00edas, en el que pedir\u00e1n una investigaci\u00f3n pues temen que est\u00e9 ocurriendo lo mismo que pas\u00f3 en el municipio de Coronango con la armadora alemana Volkswagen.<\/p>\n<p>Cabe recordar que en el mes de septiembre de 2018, campesinos del ejido de San Lu\u00eds Huamantla del estado de Tlaxcala, mostraron su inconformidad marchando por las calles de la ciudad para denunciar que m\u00e1s de mil 500 hect\u00e1reas resultaron afectadas por las inclemencias del tiempo, pero tambi\u00e9n por la bombas antigranizo que lanz\u00f3 la empresa AUDI.<\/p>\n<p>En su momento la compa\u00f1\u00eda ubicada en los l\u00edmites de Tlaxcala y Puebla neg\u00f3 la versi\u00f3n, en el sentido de que no utiliza bombas sonoras antigranizo ni cualquier otra tecnolog\u00eda para manipular la ca\u00edda de lluvia o granizo que est\u00e9 afectando a los ejidos.<\/p>\n<article class=\"gossip media col-md-4 inline-story\"> <\/article>\n<p>Sin embargo, ejidatarios sostuvieron que desde que lleg\u00f3 la empresa AUDI, la ausencia de lluvia se agudiz\u00f3 en la regi\u00f3n, afectando los cultivos de frijol, ma\u00edz y calabaza, debido a que no alcanzan la madurez necesaria.<\/p>\n<p> Publicaci\u00f3n Original: <a href=\"https:\/\/www.elsoldepuebla.com.mx\/local\/estado\/acusan-campesinos-de-chiapa-a-audi-de-usar-bombas-antigranizo-puebla-5551654.html\" target=\"_blank\" rel=\"noopener noreferrer\">https:\/\/www.elsoldepuebla.com.mx\/local\/estado\/acusan-campesinos-de-chiapa-a-audi-de-usar-bombas-antigranizo-puebla-5551654.html<\/a><\/p>\n","protected":false},"excerpt":{"rendered":"<p>Campesinos de San Jos\u00e9 Chiapa acusaron que la planta armadora de autos Audi, utiliza bombas antigranizo para inhibir la lluvia en la zona, provocando da\u00f1os en alrededor de 2 mil 500 cultivos por la sequ\u00eda. Los agricultores afectados explicaron que cuando el cielo se nubla y es eminente el chubasco, escuchan en el cielo un sonido similar al motor de una avioneta y despu\u00e9s de ello, no llueve. Asimismo, refirieron que la planta Audi cuenta con mallas antigranizo para proteger sus unidades. Lamentaron que ante la sequ\u00eda de este a\u00f1o hallan resultado da\u00f1adas alrededor de 2 mil 500 de hect\u00e1reas y los cultivos de ma\u00edz definitivamente ya se perdieron, pues las milpas no crecieron debido a la falta de lluvia. Ante este escenario, los afectados anunciaron que preparan un escrito para entregarlo al gobierno del Estado en los pr\u00f3ximos d\u00edas, en el que pedir\u00e1n una investigaci\u00f3n pues temen que est\u00e9 ocurriendo lo mismo que pas\u00f3 en el municipio de Coronango con la armadora alemana Volkswagen. Cabe recordar que en el mes de septiembre de 2018, campesinos del ejido de San Lu\u00eds Huamantla del estado de Tlaxcala, mostraron su inconformidad marchando por las calles de la ciudad para denunciar que m\u00e1s de mil 500 hect\u00e1reas resultaron afectadas por las inclemencias del tiempo, pero tambi\u00e9n por la bombas antigranizo que lanz\u00f3 la empresa AUDI. En su momento la compa\u00f1\u00eda ubicada en los l\u00edmites de Tlaxcala y Puebla neg\u00f3 la versi\u00f3n, en el sentido de que no utiliza bombas sonoras antigranizo ni cualquier otra tecnolog\u00eda para manipular la ca\u00edda de lluvia o granizo que est\u00e9 afectando a los ejidos. Sin embargo, ejidatarios sostuvieron que desde que lleg\u00f3 la empresa AUDI, la ausencia de lluvia se agudiz\u00f3 en la regi\u00f3n, afectando los cultivos de frijol, ma\u00edz y calabaza, debido a que no alcanzan la madurez necesaria. Publicaci\u00f3n Original: https:\/\/www.elsoldepuebla.com.mx\/local\/estado\/acusan-campesinos-de-chiapa-a-audi-de-usar-bombas-antigranizo-puebla-5551654.html<\/p>\n","protected":false},"author":1,"featured_media":15800,"comment_status":"closed","ping_status":"closed","sticky":false,"template":"","format":"standard","meta":{"_monsterinsights_skip_tracking":false,"_uf_show_specific_survey":0,"_uf_disable_surveys":false,"footnotes":""},"categories":[34],"tags":[],"class_list":["post-15796","post","type-post","status-publish","format-standard","has-post-thumbnail","hentry","category-puebla"],"yoast_head":"<!-- This site is optimized with the Yoast SEO plugin v27.5 - https:\/\/yoast.com\/product\/yoast-seo-wordpress\/ -->\n<title>Acusan campesinos de Chiapa a Audi de usar bombas antigranizo - Fer Abrajan<\/title>\n<meta name=\"robots\" content=\"index, follow, max-snippet:-1, max-image-preview:large, max-video-preview:-1\" \/>\n<link rel=\"canonical\" href=\"https:\/\/ferabrajan.com\/portal\/2020\/07\/28\/acusan-campesinos-de-chiapa-a-audi-de-usar-bombas-antigranizo\/\" \/>\n<meta property=\"og:locale\" content=\"es_ES\" \/>\n<meta property=\"og:type\" content=\"article\" \/>\n<meta property=\"og:title\" content=\"Acusan campesinos de Chiapa a Audi de usar bombas antigranizo - Fer Abrajan\" \/>\n<meta property=\"og:description\" content=\"Campesinos de San Jos\u00e9 Chiapa acusaron que la planta armadora de autos Audi, utiliza bombas antigranizo para inhibir la lluvia en la zona, provocando da\u00f1os en alrededor de 2 mil 500 cultivos por la sequ\u00eda. Los agricultores afectados explicaron que cuando el cielo se nubla y es eminente el chubasco, escuchan en el cielo un sonido similar al motor de una avioneta y despu\u00e9s de ello, no llueve. Asimismo, refirieron que la planta Audi cuenta con mallas antigranizo para proteger sus unidades. Lamentaron que ante la sequ\u00eda de este a\u00f1o hallan resultado da\u00f1adas alrededor de 2 mil 500 de hect\u00e1reas y los cultivos de ma\u00edz definitivamente ya se perdieron, pues las milpas no crecieron debido a la falta de lluvia. Ante este escenario, los afectados anunciaron que preparan un escrito para entregarlo al gobierno del Estado en los pr\u00f3ximos d\u00edas, en el que pedir\u00e1n una investigaci\u00f3n pues temen que est\u00e9 ocurriendo lo mismo que pas\u00f3 en el municipio de Coronango con la armadora alemana Volkswagen. Cabe recordar que en el mes de septiembre de 2018, campesinos del ejido de San Lu\u00eds Huamantla del estado de Tlaxcala, mostraron su inconformidad marchando por las calles de la ciudad para denunciar que m\u00e1s de mil 500 hect\u00e1reas resultaron afectadas por las inclemencias del tiempo, pero tambi\u00e9n por la bombas antigranizo que lanz\u00f3 la empresa AUDI. En su momento la compa\u00f1\u00eda ubicada en los l\u00edmites de Tlaxcala y Puebla neg\u00f3 la versi\u00f3n, en el sentido de que no utiliza bombas sonoras antigranizo ni cualquier otra tecnolog\u00eda para manipular la ca\u00edda de lluvia o granizo que est\u00e9 afectando a los ejidos. Sin embargo, ejidatarios sostuvieron que desde que lleg\u00f3 la empresa AUDI, la ausencia de lluvia se agudiz\u00f3 en la regi\u00f3n, afectando los cultivos de frijol, ma\u00edz y calabaza, debido a que no alcanzan la madurez necesaria. Publicaci\u00f3n Original: https:\/\/www.elsoldepuebla.com.mx\/local\/estado\/acusan-campesinos-de-chiapa-a-audi-de-usar-bombas-antigranizo-puebla-5551654.html\" \/>\n<meta property=\"og:url\" content=\"https:\/\/ferabrajan.com\/portal\/2020\/07\/28\/acusan-campesinos-de-chiapa-a-audi-de-usar-bombas-antigranizo\/\" \/>\n<meta property=\"og:site_name\" content=\"Fer Abrajan\" \/>\n<meta property=\"article:publisher\" content=\"https:\/\/www.facebook.com\/NoticiasconFerAbrajan\/\" \/>\n<meta property=\"article:published_time\" content=\"2020-07-28T17:57:34+00:00\" \/>\n<meta name=\"author\" content=\"admin\" \/>\n<meta name=\"twitter:card\" content=\"summary_large_image\" \/>\n<meta name=\"twitter:creator\" content=\"@ferabrajan1\" \/>\n<meta name=\"twitter:site\" content=\"@ferabrajan1\" \/>\n<meta name=\"twitter:label1\" content=\"Escrito por\" \/>\n\t<meta name=\"twitter:data1\" content=\"admin\" \/>\n\t<meta name=\"twitter:label2\" content=\"Tiempo de lectura\" \/>\n\t<meta name=\"twitter:data2\" content=\"2 minutos\" \/>\n<script type=\"application\/ld+json\" class=\"yoast-schema-graph\">{\"@context\":\"https:\\\/\\\/schema.org\",\"@graph\":[{\"@type\":\"Article\",\"@id\":\"https:\\\/\\\/ferabrajan.com\\\/portal\\\/2020\\\/07\\\/28\\\/acusan-campesinos-de-chiapa-a-audi-de-usar-bombas-antigranizo\\\/#article\",\"isPartOf\":{\"@id\":\"https:\\\/\\\/ferabrajan.com\\\/portal\\\/2020\\\/07\\\/28\\\/acusan-campesinos-de-chiapa-a-audi-de-usar-bombas-antigranizo\\\/\"},\"author\":{\"name\":\"admin\",\"@id\":\"https:\\\/\\\/ferabrajan.com\\\/portal\\\/#\\\/schema\\\/person\\\/f6113b3cb1e036d5c6a9505685b257ba\"},\"headline\":\"Acusan campesinos de Chiapa a Audi de usar bombas antigranizo\",\"datePublished\":\"2020-07-28T17:57:34+00:00\",\"mainEntityOfPage\":{\"@id\":\"https:\\\/\\\/ferabrajan.com\\\/portal\\\/2020\\\/07\\\/28\\\/acusan-campesinos-de-chiapa-a-audi-de-usar-bombas-antigranizo\\\/\"},\"wordCount\":341,\"publisher\":{\"@id\":\"https:\\\/\\\/ferabrajan.com\\\/portal\\\/#organization\"},\"image\":{\"@id\":\"https:\\\/\\\/ferabrajan.com\\\/portal\\\/2020\\\/07\\\/28\\\/acusan-campesinos-de-chiapa-a-audi-de-usar-bombas-antigranizo\\\/#primaryimage\"},\"thumbnailUrl\":\"\",\"articleSection\":[\"Puebla\"],\"inLanguage\":\"es\"},{\"@type\":\"WebPage\",\"@id\":\"https:\\\/\\\/ferabrajan.com\\\/portal\\\/2020\\\/07\\\/28\\\/acusan-campesinos-de-chiapa-a-audi-de-usar-bombas-antigranizo\\\/\",\"url\":\"https:\\\/\\\/ferabrajan.com\\\/portal\\\/2020\\\/07\\\/28\\\/acusan-campesinos-de-chiapa-a-audi-de-usar-bombas-antigranizo\\\/\",\"name\":\"Acusan campesinos de Chiapa a Audi de usar bombas antigranizo - Fer Abrajan\",\"isPartOf\":{\"@id\":\"https:\\\/\\\/ferabrajan.com\\\/portal\\\/#website\"},\"primaryImageOfPage\":{\"@id\":\"https:\\\/\\\/ferabrajan.com\\\/portal\\\/2020\\\/07\\\/28\\\/acusan-campesinos-de-chiapa-a-audi-de-usar-bombas-antigranizo\\\/#primaryimage\"},\"image\":{\"@id\":\"https:\\\/\\\/ferabrajan.com\\\/portal\\\/2020\\\/07\\\/28\\\/acusan-campesinos-de-chiapa-a-audi-de-usar-bombas-antigranizo\\\/#primaryimage\"},\"thumbnailUrl\":\"\",\"datePublished\":\"2020-07-28T17:57:34+00:00\",\"breadcrumb\":{\"@id\":\"https:\\\/\\\/ferabrajan.com\\\/portal\\\/2020\\\/07\\\/28\\\/acusan-campesinos-de-chiapa-a-audi-de-usar-bombas-antigranizo\\\/#breadcrumb\"},\"inLanguage\":\"es\",\"potentialAction\":[{\"@type\":\"ReadAction\",\"target\":[\"https:\\\/\\\/ferabrajan.com\\\/portal\\\/2020\\\/07\\\/28\\\/acusan-campesinos-de-chiapa-a-audi-de-usar-bombas-antigranizo\\\/\"]}]},{\"@type\":\"ImageObject\",\"inLanguage\":\"es\",\"@id\":\"https:\\\/\\\/ferabrajan.com\\\/portal\\\/2020\\\/07\\\/28\\\/acusan-campesinos-de-chiapa-a-audi-de-usar-bombas-antigranizo\\\/#primaryimage\",\"url\":\"\",\"contentUrl\":\"\"},{\"@type\":\"BreadcrumbList\",\"@id\":\"https:\\\/\\\/ferabrajan.com\\\/portal\\\/2020\\\/07\\\/28\\\/acusan-campesinos-de-chiapa-a-audi-de-usar-bombas-antigranizo\\\/#breadcrumb\",\"itemListElement\":[{\"@type\":\"ListItem\",\"position\":1,\"name\":\"Portada\",\"item\":\"https:\\\/\\\/ferabrajan.com\\\/portal\\\/\"},{\"@type\":\"ListItem\",\"position\":2,\"name\":\"Acusan campesinos de Chiapa a Audi de usar bombas antigranizo\"}]},{\"@type\":\"WebSite\",\"@id\":\"https:\\\/\\\/ferabrajan.com\\\/portal\\\/#website\",\"url\":\"https:\\\/\\\/ferabrajan.com\\\/portal\\\/\",\"name\":\"Fer Abrajan\",\"description\":\"Noticias de Puebla, opini\u00f3n y radio en vivo\",\"publisher\":{\"@id\":\"https:\\\/\\\/ferabrajan.com\\\/portal\\\/#organization\"},\"potentialAction\":[{\"@type\":\"SearchAction\",\"target\":{\"@type\":\"EntryPoint\",\"urlTemplate\":\"https:\\\/\\\/ferabrajan.com\\\/portal\\\/?s={search_term_string}\"},\"query-input\":{\"@type\":\"PropertyValueSpecification\",\"valueRequired\":true,\"valueName\":\"search_term_string\"}}],\"inLanguage\":\"es\"},{\"@type\":\"Organization\",\"@id\":\"https:\\\/\\\/ferabrajan.com\\\/portal\\\/#organization\",\"name\":\"Fer Abrajan\",\"url\":\"https:\\\/\\\/ferabrajan.com\\\/portal\\\/\",\"logo\":{\"@type\":\"ImageObject\",\"inLanguage\":\"es\",\"@id\":\"https:\\\/\\\/ferabrajan.com\\\/portal\\\/#\\\/schema\\\/logo\\\/image\\\/\",\"url\":\"https:\\\/\\\/ferabrajan.com\\\/portal\\\/wp-content\\\/uploads\\\/2024\\\/10\\\/cropped-logo.jpeg\",\"contentUrl\":\"https:\\\/\\\/ferabrajan.com\\\/portal\\\/wp-content\\\/uploads\\\/2024\\\/10\\\/cropped-logo.jpeg\",\"width\":500,\"height\":250,\"caption\":\"Fer Abrajan\"},\"image\":{\"@id\":\"https:\\\/\\\/ferabrajan.com\\\/portal\\\/#\\\/schema\\\/logo\\\/image\\\/\"},\"sameAs\":[\"https:\\\/\\\/www.facebook.com\\\/NoticiasconFerAbrajan\\\/\",\"https:\\\/\\\/x.com\\\/ferabrajan1\"]},{\"@type\":\"Person\",\"@id\":\"https:\\\/\\\/ferabrajan.com\\\/portal\\\/#\\\/schema\\\/person\\\/f6113b3cb1e036d5c6a9505685b257ba\",\"name\":\"admin\",\"image\":{\"@type\":\"ImageObject\",\"inLanguage\":\"es\",\"@id\":\"https:\\\/\\\/secure.gravatar.com\\\/avatar\\\/072baa72775aad53c748dfc5d3048578e01b6c087eef335459ebfa04344e2d18?s=96&d=mm&r=g\",\"url\":\"https:\\\/\\\/secure.gravatar.com\\\/avatar\\\/072baa72775aad53c748dfc5d3048578e01b6c087eef335459ebfa04344e2d18?s=96&d=mm&r=g\",\"contentUrl\":\"https:\\\/\\\/secure.gravatar.com\\\/avatar\\\/072baa72775aad53c748dfc5d3048578e01b6c087eef335459ebfa04344e2d18?s=96&d=mm&r=g\",\"caption\":\"admin\"},\"sameAs\":[\"https:\\\/\\\/ferabrajan.com\\\/portal\"],\"url\":\"https:\\\/\\\/ferabrajan.com\\\/portal\\\/author\\\/admin\\\/\"}]}<\/script>\n<!-- \/ Yoast SEO plugin. -->","yoast_head_json":{"title":"Acusan campesinos de Chiapa a Audi de usar bombas antigranizo - Fer Abrajan","robots":{"index":"index","follow":"follow","max-snippet":"max-snippet:-1","max-image-preview":"max-image-preview:large","max-video-preview":"max-video-preview:-1"},"canonical":"https:\/\/ferabrajan.com\/portal\/2020\/07\/28\/acusan-campesinos-de-chiapa-a-audi-de-usar-bombas-antigranizo\/","og_locale":"es_ES","og_type":"article","og_title":"Acusan campesinos de Chiapa a Audi de usar bombas antigranizo - Fer Abrajan","og_description":"Campesinos de San Jos\u00e9 Chiapa acusaron que la planta armadora de autos Audi, utiliza bombas antigranizo para inhibir la lluvia en la zona, provocando da\u00f1os en alrededor de 2 mil 500 cultivos por la sequ\u00eda. Los agricultores afectados explicaron que cuando el cielo se nubla y es eminente el chubasco, escuchan en el cielo un sonido similar al motor de una avioneta y despu\u00e9s de ello, no llueve. Asimismo, refirieron que la planta Audi cuenta con mallas antigranizo para proteger sus unidades. Lamentaron que ante la sequ\u00eda de este a\u00f1o hallan resultado da\u00f1adas alrededor de 2 mil 500 de hect\u00e1reas y los cultivos de ma\u00edz definitivamente ya se perdieron, pues las milpas no crecieron debido a la falta de lluvia. Ante este escenario, los afectados anunciaron que preparan un escrito para entregarlo al gobierno del Estado en los pr\u00f3ximos d\u00edas, en el que pedir\u00e1n una investigaci\u00f3n pues temen que est\u00e9 ocurriendo lo mismo que pas\u00f3 en el municipio de Coronango con la armadora alemana Volkswagen. Cabe recordar que en el mes de septiembre de 2018, campesinos del ejido de San Lu\u00eds Huamantla del estado de Tlaxcala, mostraron su inconformidad marchando por las calles de la ciudad para denunciar que m\u00e1s de mil 500 hect\u00e1reas resultaron afectadas por las inclemencias del tiempo, pero tambi\u00e9n por la bombas antigranizo que lanz\u00f3 la empresa AUDI. En su momento la compa\u00f1\u00eda ubicada en los l\u00edmites de Tlaxcala y Puebla neg\u00f3 la versi\u00f3n, en el sentido de que no utiliza bombas sonoras antigranizo ni cualquier otra tecnolog\u00eda para manipular la ca\u00edda de lluvia o granizo que est\u00e9 afectando a los ejidos. Sin embargo, ejidatarios sostuvieron que desde que lleg\u00f3 la empresa AUDI, la ausencia de lluvia se agudiz\u00f3 en la regi\u00f3n, afectando los cultivos de frijol, ma\u00edz y calabaza, debido a que no alcanzan la madurez necesaria. Publicaci\u00f3n Original: https:\/\/www.elsoldepuebla.com.mx\/local\/estado\/acusan-campesinos-de-chiapa-a-audi-de-usar-bombas-antigranizo-puebla-5551654.html","og_url":"https:\/\/ferabrajan.com\/portal\/2020\/07\/28\/acusan-campesinos-de-chiapa-a-audi-de-usar-bombas-antigranizo\/","og_site_name":"Fer Abrajan","article_publisher":"https:\/\/www.facebook.com\/NoticiasconFerAbrajan\/","article_published_time":"2020-07-28T17:57:34+00:00","author":"admin","twitter_card":"summary_large_image","twitter_creator":"@ferabrajan1","twitter_site":"@ferabrajan1","twitter_misc":{"Escrito por":"admin","Tiempo de lectura":"2 minutos"},"schema":{"@context":"https:\/\/schema.org","@graph":[{"@type":"Article","@id":"https:\/\/ferabrajan.com\/portal\/2020\/07\/28\/acusan-campesinos-de-chiapa-a-audi-de-usar-bombas-antigranizo\/#article","isPartOf":{"@id":"https:\/\/ferabrajan.com\/portal\/2020\/07\/28\/acusan-campesinos-de-chiapa-a-audi-de-usar-bombas-antigranizo\/"},"author":{"name":"admin","@id":"https:\/\/ferabrajan.com\/portal\/#\/schema\/person\/f6113b3cb1e036d5c6a9505685b257ba"},"headline":"Acusan campesinos de Chiapa a Audi de usar bombas antigranizo","datePublished":"2020-07-28T17:57:34+00:00","mainEntityOfPage":{"@id":"https:\/\/ferabrajan.com\/portal\/2020\/07\/28\/acusan-campesinos-de-chiapa-a-audi-de-usar-bombas-antigranizo\/"},"wordCount":341,"publisher":{"@id":"https:\/\/ferabrajan.com\/portal\/#organization"},"image":{"@id":"https:\/\/ferabrajan.com\/portal\/2020\/07\/28\/acusan-campesinos-de-chiapa-a-audi-de-usar-bombas-antigranizo\/#primaryimage"},"thumbnailUrl":"","articleSection":["Puebla"],"inLanguage":"es"},{"@type":"WebPage","@id":"https:\/\/ferabrajan.com\/portal\/2020\/07\/28\/acusan-campesinos-de-chiapa-a-audi-de-usar-bombas-antigranizo\/","url":"https:\/\/ferabrajan.com\/portal\/2020\/07\/28\/acusan-campesinos-de-chiapa-a-audi-de-usar-bombas-antigranizo\/","name":"Acusan campesinos de Chiapa a Audi de usar bombas antigranizo - Fer Abrajan","isPartOf":{"@id":"https:\/\/ferabrajan.com\/portal\/#website"},"primaryImageOfPage":{"@id":"https:\/\/ferabrajan.com\/portal\/2020\/07\/28\/acusan-campesinos-de-chiapa-a-audi-de-usar-bombas-antigranizo\/#primaryimage"},"image":{"@id":"https:\/\/ferabrajan.com\/portal\/2020\/07\/28\/acusan-campesinos-de-chiapa-a-audi-de-usar-bombas-antigranizo\/#primaryimage"},"thumbnailUrl":"","datePublished":"2020-07-28T17:57:34+00:00","breadcrumb":{"@id":"https:\/\/ferabrajan.com\/portal\/2020\/07\/28\/acusan-campesinos-de-chiapa-a-audi-de-usar-bombas-antigranizo\/#breadcrumb"},"inLanguage":"es","potentialAction":[{"@type":"ReadAction","target":["https:\/\/ferabrajan.com\/portal\/2020\/07\/28\/acusan-campesinos-de-chiapa-a-audi-de-usar-bombas-antigranizo\/"]}]},{"@type":"ImageObject","inLanguage":"es","@id":"https:\/\/ferabrajan.com\/portal\/2020\/07\/28\/acusan-campesinos-de-chiapa-a-audi-de-usar-bombas-antigranizo\/#primaryimage","url":"","contentUrl":""},{"@type":"BreadcrumbList","@id":"https:\/\/ferabrajan.com\/portal\/2020\/07\/28\/acusan-campesinos-de-chiapa-a-audi-de-usar-bombas-antigranizo\/#breadcrumb","itemListElement":[{"@type":"ListItem","position":1,"name":"Portada","item":"https:\/\/ferabrajan.com\/portal\/"},{"@type":"ListItem","position":2,"name":"Acusan campesinos de Chiapa a Audi de usar bombas antigranizo"}]},{"@type":"WebSite","@id":"https:\/\/ferabrajan.com\/portal\/#website","url":"https:\/\/ferabrajan.com\/portal\/","name":"Fer Abrajan","description":"Noticias de Puebla, opini\u00f3n y radio en vivo","publisher":{"@id":"https:\/\/ferabrajan.com\/portal\/#organization"},"potentialAction":[{"@type":"SearchAction","target":{"@type":"EntryPoint","urlTemplate":"https:\/\/ferabrajan.com\/portal\/?s={search_term_string}"},"query-input":{"@type":"PropertyValueSpecification","valueRequired":true,"valueName":"search_term_string"}}],"inLanguage":"es"},{"@type":"Organization","@id":"https:\/\/ferabrajan.com\/portal\/#organization","name":"Fer Abrajan","url":"https:\/\/ferabrajan.com\/portal\/","logo":{"@type":"ImageObject","inLanguage":"es","@id":"https:\/\/ferabrajan.com\/portal\/#\/schema\/logo\/image\/","url":"https:\/\/ferabrajan.com\/portal\/wp-content\/uploads\/2024\/10\/cropped-logo.jpeg","contentUrl":"https:\/\/ferabrajan.com\/portal\/wp-content\/uploads\/2024\/10\/cropped-logo.jpeg","width":500,"height":250,"caption":"Fer Abrajan"},"image":{"@id":"https:\/\/ferabrajan.com\/portal\/#\/schema\/logo\/image\/"},"sameAs":["https:\/\/www.facebook.com\/NoticiasconFerAbrajan\/","https:\/\/x.com\/ferabrajan1"]},{"@type":"Person","@id":"https:\/\/ferabrajan.com\/portal\/#\/schema\/person\/f6113b3cb1e036d5c6a9505685b257ba","name":"admin","image":{"@type":"ImageObject","inLanguage":"es","@id":"https:\/\/secure.gravatar.com\/avatar\/072baa72775aad53c748dfc5d3048578e01b6c087eef335459ebfa04344e2d18?s=96&d=mm&r=g","url":"https:\/\/secure.gravatar.com\/avatar\/072baa72775aad53c748dfc5d3048578e01b6c087eef335459ebfa04344e2d18?s=96&d=mm&r=g","contentUrl":"https:\/\/secure.gravatar.com\/avatar\/072baa72775aad53c748dfc5d3048578e01b6c087eef335459ebfa04344e2d18?s=96&d=mm&r=g","caption":"admin"},"sameAs":["https:\/\/ferabrajan.com\/portal"],"url":"https:\/\/ferabrajan.com\/portal\/author\/admin\/"}]}},"_links":{"self":[{"href":"https:\/\/ferabrajan.com\/portal\/wp-json\/wp\/v2\/posts\/15796","targetHints":{"allow":["GET"]}}],"collection":[{"href":"https:\/\/ferabrajan.com\/portal\/wp-json\/wp\/v2\/posts"}],"about":[{"href":"https:\/\/ferabrajan.com\/portal\/wp-json\/wp\/v2\/types\/post"}],"author":[{"embeddable":true,"href":"https:\/\/ferabrajan.com\/portal\/wp-json\/wp\/v2\/users\/1"}],"replies":[{"embeddable":true,"href":"https:\/\/ferabrajan.com\/portal\/wp-json\/wp\/v2\/comments?post=15796"}],"version-history":[{"count":0,"href":"https:\/\/ferabrajan.com\/portal\/wp-json\/wp\/v2\/posts\/15796\/revisions"}],"wp:attachment":[{"href":"https:\/\/ferabrajan.com\/portal\/wp-json\/wp\/v2\/media?parent=15796"}],"wp:term":[{"taxonomy":"category","embeddable":true,"href":"https:\/\/ferabrajan.com\/portal\/wp-json\/wp\/v2\/categories?post=15796"},{"taxonomy":"post_tag","embeddable":true,"href":"https:\/\/ferabrajan.com\/portal\/wp-json\/wp\/v2\/tags?post=15796"}],"curies":[{"name":"wp","href":"https:\/\/api.w.org\/{rel}","templated":true}]}}