{"id":15756,"date":"2020-07-27T13:00:00","date_gmt":"2020-07-27T13:00:00","guid":{"rendered":"http:\/\/www.ferabrajan.com\/2020\/07\/27\/la-unam-crea-gel-y-parche-de-cafeina-para-controlar-obesidad\/"},"modified":"2020-07-27T13:00:00","modified_gmt":"2020-07-27T13:00:00","slug":"la-unam-crea-gel-y-parche-de-cafeina-para-controlar-obesidad","status":"publish","type":"post","link":"https:\/\/ferabrajan.com\/portal\/2020\/07\/27\/la-unam-crea-gel-y-parche-de-cafeina-para-controlar-obesidad\/","title":{"rendered":"La UNAM crea gel y parche de cafe\u00edna para controlar obesidad"},"content":{"rendered":"<div><img decoding=\"async\" src=\"https:\/\/www.eluniversal.com.mx\/sites\/default\/files\/styles\/f03-651x400\/public\/2020\/07\/27\/cafe_grano.jpg?itok=OJ-w96ww\" class=\"ff-og-image-inserted\"><\/div>\n<p>Investigadores de la Universidad Nacional Aut\u00f3noma de M\u00e9xico (<strong>UNAM<\/strong>) desarrollaron un <strong>gel<\/strong> y un <strong>parche transd\u00e9rmico<\/strong> con propiedades de la cafe\u00edna para combatir el <strong>sobrepeso<\/strong> y la obesidad, uno de los padecimientos que afecta a la mayor\u00eda de la poblaci\u00f3n mexicana, y que con el tiempo, podr\u00edan desencadenar enfermedades cr\u00f3nico degenerativas.&nbsp;<\/p>\n<p>Los especialistas de la UNAM basaron su f\u00f3rmula farmacol\u00f3gica en cafe\u00edna pues tiene un efecto lipol\u00edtico, elemento que es capaz de disolver la grasa en ciertas cantidades. Es por ello que optaron por el uso de un parche en el que la piel sea capaz de absorber las propiedades necesarias para efectos eficaces.&nbsp;<\/p>\n<p>Jos\u00e9 Juan Escobar Ch\u00e1vez, investigador de la Facultad de Estudios Superiores (FES) Cuautitl\u00e1n, aclar\u00f3 que el uso, tanto del gel como del parche, s\u00f3lo ayudar\u00e1 a controlar el desequilibrio del peso, por consiguiente es necesario llevar a cabo una <strong>dieta balanceada<\/strong>, actividad f\u00edsica y pr\u00e1cticas que contribuyan a mantener una buena salud.&nbsp;<\/p>\n<p>En cuanto a la conformaci\u00f3n del parche, el responsable del laboratorio de Sistemas Transd\u00e9rmicos de la facultad de Cuautitl\u00e1n Izcalli explic\u00f3 que es una pel\u00edcula transd\u00e9rmica que la piel es capaz de absorber, similar a las capsulas que contienen medicamento: \u201cEs una especie de burbuja con gel, y encima tiene una placa permeable que se adhiere a la piel y permite el paso del f\u00e1rmaco\u201d.&nbsp;<\/p>\n<p><span><strong>Tambi\u00e9n lee:<\/strong><\/span> <a href=\"https:\/\/www.eluniversal.com.mx\/ciencia-y-salud\/salud\/el-covid-19-tambien-es-grave-para-gente-con-obesidad-moderada\" target=\"_blank\" rel=\"noopener noreferrer\"><span>El Covid-19 tambi\u00e9n es grave para gente con obesidad moderada<\/span><\/a><\/p>\n<p>Adem\u00e1s, especific\u00f3 que el parche debe colocarse en las zonas del cuerpo donde no haya presencia de vello, por ejemplo en el antebrazo, la espalda y el abdomen. Dicho adhesivo ya se encuentra en proceso de ser patentado y contar con la exclusividad para su producci\u00f3n y distribuci\u00f3n.&nbsp;<\/p>\n<p>Mediante un comunicado, la M\u00e1xima Casa de Estudios expuso que la irregularidad en el peso podr\u00eda ocasionar condiciones m\u00e1s delicadas en la salud del paciente, como lo son la <strong>diabetes<\/strong>, presi\u00f3n arterial alta y niveles elevados de <strong>colesterol<\/strong> y triglic\u00e9ridos.<\/p>\n<p>\u201cEs importante atacar estos problemas desde el punto de vista m\u00e9dico, pues las nuevas generaciones ya los presentan desde edades muy tempranas. Adem\u00e1s, la situaci\u00f3n repercute tanto en el sistema de salud como en la econom\u00eda del pa\u00eds\u201d, afirm\u00f3 Escobar Ch\u00e1vez.<\/p>\n<p><span><strong>Tambi\u00e9n lee:<\/strong>&nbsp;<\/span><a href=\"https:\/\/www.eluniversal.com.mx\/ciencia-y-salud\/por-que-la-glucosa-juega-un-papel-clave-en-la-obesidad-y-la-diabetes\" target=\"_blank\" rel=\"noopener noreferrer\"><span>Por qu\u00e9 la glucosa juega un papel clave en la obesidad<\/span><\/a><\/p>\n<p>De acuerdo a cifras de 2018 de la <strong>Encuesta Nacional de Salud y Nutrici\u00f3n<\/strong> (Ensanut), siete de cada 10 mexicanos padecen sobrepeso y obesidad. Esta problem\u00e1tica ha llamado la atenci\u00f3n de los expertos, pues las nuevas generaciones presentan altos \u00edndices de masa corporal (IMC) a edades muy tempranas.<\/p>\n<p>Actualmente, los cient\u00edficos de la UNAM se encuentran en la espera de la autorizaci\u00f3n para llevar a cabo pruebas en modelos animales, pues ya cuentan con la formulaci\u00f3n y optimizaci\u00f3n del gel y el parche, con lo que determinaron su tama\u00f1o y la dosis terap\u00e9utica adecuada para su administraci\u00f3n.<\/p>\n<p>nrv<\/p>\n<p>Publicaci\u00f3n Original: <a href=\"https:\/\/www.eluniversal.com.mx\/ciencia-y-salud\/salud\/unam-crea-gel-y-parche-de-cafeina-contra-sobrepeso-y-obesidad\" target=\"_blank\" rel=\"noopener noreferrer\">https:\/\/www.eluniversal.com.mx\/ciencia-y-salud\/salud\/unam-crea-gel-y-parche-de-cafeina-contra-sobrepeso-y-obesidad<\/a><\/p>\n","protected":false},"excerpt":{"rendered":"<p>Investigadores de la Universidad Nacional Aut\u00f3noma de M\u00e9xico (UNAM) desarrollaron un gel y un parche transd\u00e9rmico con propiedades de la cafe\u00edna para combatir el sobrepeso y la obesidad, uno de los padecimientos que afecta a la mayor\u00eda de la poblaci\u00f3n mexicana, y que con el tiempo, podr\u00edan desencadenar enfermedades cr\u00f3nico degenerativas.&nbsp; Los especialistas de la UNAM basaron su f\u00f3rmula farmacol\u00f3gica en cafe\u00edna pues tiene un efecto lipol\u00edtico, elemento que es capaz de disolver la grasa en ciertas cantidades. Es por ello que optaron por el uso de un parche en el que la piel sea capaz de absorber las propiedades necesarias para efectos eficaces.&nbsp; Jos\u00e9 Juan Escobar Ch\u00e1vez, investigador de la Facultad de Estudios Superiores (FES) Cuautitl\u00e1n, aclar\u00f3 que el uso, tanto del gel como del parche, s\u00f3lo ayudar\u00e1 a controlar el desequilibrio del peso, por consiguiente es necesario llevar a cabo una dieta balanceada, actividad f\u00edsica y pr\u00e1cticas que contribuyan a mantener una buena salud.&nbsp; En cuanto a la conformaci\u00f3n del parche, el responsable del laboratorio de Sistemas Transd\u00e9rmicos de la facultad de Cuautitl\u00e1n Izcalli explic\u00f3 que es una pel\u00edcula transd\u00e9rmica que la piel es capaz de absorber, similar a las capsulas que contienen medicamento: \u201cEs una especie de burbuja con gel, y encima tiene una placa permeable que se adhiere a la piel y permite el paso del f\u00e1rmaco\u201d.&nbsp; Tambi\u00e9n lee: El Covid-19 tambi\u00e9n es grave para gente con obesidad moderada Adem\u00e1s, especific\u00f3 que el parche debe colocarse en las zonas del cuerpo donde no haya presencia de vello, por ejemplo en el antebrazo, la espalda y el abdomen. Dicho adhesivo ya se encuentra en proceso de ser patentado y contar con la exclusividad para su producci\u00f3n y distribuci\u00f3n.&nbsp; Mediante un comunicado, la M\u00e1xima Casa de Estudios expuso que la irregularidad en el peso podr\u00eda ocasionar condiciones m\u00e1s delicadas en la salud del paciente, como lo son la diabetes, presi\u00f3n arterial alta y niveles elevados de colesterol y triglic\u00e9ridos. \u201cEs importante atacar estos problemas desde el punto de vista m\u00e9dico, pues las nuevas generaciones ya los presentan desde edades muy tempranas. Adem\u00e1s, la situaci\u00f3n repercute tanto en el sistema de salud como en la econom\u00eda del pa\u00eds\u201d, afirm\u00f3 Escobar Ch\u00e1vez. Tambi\u00e9n lee:&nbsp;Por qu\u00e9 la glucosa juega un papel clave en la obesidad De acuerdo a cifras de 2018 de la Encuesta Nacional de Salud y Nutrici\u00f3n (Ensanut), siete de cada 10 mexicanos padecen sobrepeso y obesidad. Esta problem\u00e1tica ha llamado la atenci\u00f3n de los expertos, pues las nuevas generaciones presentan altos \u00edndices de masa corporal (IMC) a edades muy tempranas. Actualmente, los cient\u00edficos de la UNAM se encuentran en la espera de la autorizaci\u00f3n para llevar a cabo pruebas en modelos animales, pues ya cuentan con la formulaci\u00f3n y optimizaci\u00f3n del gel y el parche, con lo que determinaron su tama\u00f1o y la dosis terap\u00e9utica adecuada para su administraci\u00f3n. nrv Publicaci\u00f3n Original: https:\/\/www.eluniversal.com.mx\/ciencia-y-salud\/salud\/unam-crea-gel-y-parche-de-cafeina-contra-sobrepeso-y-obesidad<\/p>\n","protected":false},"author":1,"featured_media":15760,"comment_status":"open","ping_status":"closed","sticky":false,"template":"","format":"standard","meta":{"_monsterinsights_skip_tracking":false,"_uf_show_specific_survey":0,"_uf_disable_surveys":false,"footnotes":""},"categories":[36],"tags":[],"class_list":["post-15756","post","type-post","status-publish","format-standard","has-post-thumbnail","hentry","category-el-mundo"],"yoast_head":"<!-- This site is optimized with the Yoast SEO plugin v27.5 - https:\/\/yoast.com\/product\/yoast-seo-wordpress\/ -->\n<title>La UNAM crea gel y parche de cafe\u00edna para controlar obesidad - Fer Abrajan<\/title>\n<meta name=\"robots\" content=\"index, follow, max-snippet:-1, max-image-preview:large, max-video-preview:-1\" \/>\n<link rel=\"canonical\" href=\"https:\/\/ferabrajan.com\/portal\/2020\/07\/27\/la-unam-crea-gel-y-parche-de-cafeina-para-controlar-obesidad\/\" \/>\n<meta property=\"og:locale\" content=\"es_ES\" \/>\n<meta property=\"og:type\" content=\"article\" \/>\n<meta property=\"og:title\" content=\"La UNAM crea gel y parche de cafe\u00edna para controlar obesidad - Fer Abrajan\" \/>\n<meta property=\"og:description\" content=\"Investigadores de la Universidad Nacional Aut\u00f3noma de M\u00e9xico (UNAM) desarrollaron un gel y un parche transd\u00e9rmico con propiedades de la cafe\u00edna para combatir el sobrepeso y la obesidad, uno de los padecimientos que afecta a la mayor\u00eda de la poblaci\u00f3n mexicana, y que con el tiempo, podr\u00edan desencadenar enfermedades cr\u00f3nico degenerativas.&nbsp; Los especialistas de la UNAM basaron su f\u00f3rmula farmacol\u00f3gica en cafe\u00edna pues tiene un efecto lipol\u00edtico, elemento que es capaz de disolver la grasa en ciertas cantidades. Es por ello que optaron por el uso de un parche en el que la piel sea capaz de absorber las propiedades necesarias para efectos eficaces.&nbsp; Jos\u00e9 Juan Escobar Ch\u00e1vez, investigador de la Facultad de Estudios Superiores (FES) Cuautitl\u00e1n, aclar\u00f3 que el uso, tanto del gel como del parche, s\u00f3lo ayudar\u00e1 a controlar el desequilibrio del peso, por consiguiente es necesario llevar a cabo una dieta balanceada, actividad f\u00edsica y pr\u00e1cticas que contribuyan a mantener una buena salud.&nbsp; En cuanto a la conformaci\u00f3n del parche, el responsable del laboratorio de Sistemas Transd\u00e9rmicos de la facultad de Cuautitl\u00e1n Izcalli explic\u00f3 que es una pel\u00edcula transd\u00e9rmica que la piel es capaz de absorber, similar a las capsulas que contienen medicamento: \u201cEs una especie de burbuja con gel, y encima tiene una placa permeable que se adhiere a la piel y permite el paso del f\u00e1rmaco\u201d.&nbsp; Tambi\u00e9n lee: El Covid-19 tambi\u00e9n es grave para gente con obesidad moderada Adem\u00e1s, especific\u00f3 que el parche debe colocarse en las zonas del cuerpo donde no haya presencia de vello, por ejemplo en el antebrazo, la espalda y el abdomen. Dicho adhesivo ya se encuentra en proceso de ser patentado y contar con la exclusividad para su producci\u00f3n y distribuci\u00f3n.&nbsp; Mediante un comunicado, la M\u00e1xima Casa de Estudios expuso que la irregularidad en el peso podr\u00eda ocasionar condiciones m\u00e1s delicadas en la salud del paciente, como lo son la diabetes, presi\u00f3n arterial alta y niveles elevados de colesterol y triglic\u00e9ridos. \u201cEs importante atacar estos problemas desde el punto de vista m\u00e9dico, pues las nuevas generaciones ya los presentan desde edades muy tempranas. Adem\u00e1s, la situaci\u00f3n repercute tanto en el sistema de salud como en la econom\u00eda del pa\u00eds\u201d, afirm\u00f3 Escobar Ch\u00e1vez. Tambi\u00e9n lee:&nbsp;Por qu\u00e9 la glucosa juega un papel clave en la obesidad De acuerdo a cifras de 2018 de la Encuesta Nacional de Salud y Nutrici\u00f3n (Ensanut), siete de cada 10 mexicanos padecen sobrepeso y obesidad. Esta problem\u00e1tica ha llamado la atenci\u00f3n de los expertos, pues las nuevas generaciones presentan altos \u00edndices de masa corporal (IMC) a edades muy tempranas. Actualmente, los cient\u00edficos de la UNAM se encuentran en la espera de la autorizaci\u00f3n para llevar a cabo pruebas en modelos animales, pues ya cuentan con la formulaci\u00f3n y optimizaci\u00f3n del gel y el parche, con lo que determinaron su tama\u00f1o y la dosis terap\u00e9utica adecuada para su administraci\u00f3n. nrv Publicaci\u00f3n Original: https:\/\/www.eluniversal.com.mx\/ciencia-y-salud\/salud\/unam-crea-gel-y-parche-de-cafeina-contra-sobrepeso-y-obesidad\" \/>\n<meta property=\"og:url\" content=\"https:\/\/ferabrajan.com\/portal\/2020\/07\/27\/la-unam-crea-gel-y-parche-de-cafeina-para-controlar-obesidad\/\" \/>\n<meta property=\"og:site_name\" content=\"Fer Abrajan\" \/>\n<meta property=\"article:publisher\" content=\"https:\/\/www.facebook.com\/NoticiasconFerAbrajan\/\" \/>\n<meta property=\"article:published_time\" content=\"2020-07-27T13:00:00+00:00\" \/>\n<meta name=\"author\" content=\"admin\" \/>\n<meta name=\"twitter:card\" content=\"summary_large_image\" \/>\n<meta name=\"twitter:creator\" content=\"@ferabrajan1\" \/>\n<meta name=\"twitter:site\" content=\"@ferabrajan1\" \/>\n<meta name=\"twitter:label1\" content=\"Escrito por\" \/>\n\t<meta name=\"twitter:data1\" content=\"admin\" \/>\n\t<meta name=\"twitter:label2\" content=\"Tiempo de lectura\" \/>\n\t<meta name=\"twitter:data2\" content=\"3 minutos\" \/>\n<script type=\"application\/ld+json\" class=\"yoast-schema-graph\">{\"@context\":\"https:\\\/\\\/schema.org\",\"@graph\":[{\"@type\":\"Article\",\"@id\":\"https:\\\/\\\/ferabrajan.com\\\/portal\\\/2020\\\/07\\\/27\\\/la-unam-crea-gel-y-parche-de-cafeina-para-controlar-obesidad\\\/#article\",\"isPartOf\":{\"@id\":\"https:\\\/\\\/ferabrajan.com\\\/portal\\\/2020\\\/07\\\/27\\\/la-unam-crea-gel-y-parche-de-cafeina-para-controlar-obesidad\\\/\"},\"author\":{\"name\":\"admin\",\"@id\":\"https:\\\/\\\/ferabrajan.com\\\/portal\\\/#\\\/schema\\\/person\\\/f6113b3cb1e036d5c6a9505685b257ba\"},\"headline\":\"La UNAM crea gel y parche de cafe\u00edna para controlar obesidad\",\"datePublished\":\"2020-07-27T13:00:00+00:00\",\"mainEntityOfPage\":{\"@id\":\"https:\\\/\\\/ferabrajan.com\\\/portal\\\/2020\\\/07\\\/27\\\/la-unam-crea-gel-y-parche-de-cafeina-para-controlar-obesidad\\\/\"},\"wordCount\":550,\"commentCount\":0,\"publisher\":{\"@id\":\"https:\\\/\\\/ferabrajan.com\\\/portal\\\/#organization\"},\"image\":{\"@id\":\"https:\\\/\\\/ferabrajan.com\\\/portal\\\/2020\\\/07\\\/27\\\/la-unam-crea-gel-y-parche-de-cafeina-para-controlar-obesidad\\\/#primaryimage\"},\"thumbnailUrl\":\"\",\"articleSection\":[\"El Mundo\"],\"inLanguage\":\"es\"},{\"@type\":\"WebPage\",\"@id\":\"https:\\\/\\\/ferabrajan.com\\\/portal\\\/2020\\\/07\\\/27\\\/la-unam-crea-gel-y-parche-de-cafeina-para-controlar-obesidad\\\/\",\"url\":\"https:\\\/\\\/ferabrajan.com\\\/portal\\\/2020\\\/07\\\/27\\\/la-unam-crea-gel-y-parche-de-cafeina-para-controlar-obesidad\\\/\",\"name\":\"La UNAM crea gel y parche de cafe\u00edna para controlar obesidad - Fer Abrajan\",\"isPartOf\":{\"@id\":\"https:\\\/\\\/ferabrajan.com\\\/portal\\\/#website\"},\"primaryImageOfPage\":{\"@id\":\"https:\\\/\\\/ferabrajan.com\\\/portal\\\/2020\\\/07\\\/27\\\/la-unam-crea-gel-y-parche-de-cafeina-para-controlar-obesidad\\\/#primaryimage\"},\"image\":{\"@id\":\"https:\\\/\\\/ferabrajan.com\\\/portal\\\/2020\\\/07\\\/27\\\/la-unam-crea-gel-y-parche-de-cafeina-para-controlar-obesidad\\\/#primaryimage\"},\"thumbnailUrl\":\"\",\"datePublished\":\"2020-07-27T13:00:00+00:00\",\"breadcrumb\":{\"@id\":\"https:\\\/\\\/ferabrajan.com\\\/portal\\\/2020\\\/07\\\/27\\\/la-unam-crea-gel-y-parche-de-cafeina-para-controlar-obesidad\\\/#breadcrumb\"},\"inLanguage\":\"es\",\"potentialAction\":[{\"@type\":\"ReadAction\",\"target\":[\"https:\\\/\\\/ferabrajan.com\\\/portal\\\/2020\\\/07\\\/27\\\/la-unam-crea-gel-y-parche-de-cafeina-para-controlar-obesidad\\\/\"]}]},{\"@type\":\"ImageObject\",\"inLanguage\":\"es\",\"@id\":\"https:\\\/\\\/ferabrajan.com\\\/portal\\\/2020\\\/07\\\/27\\\/la-unam-crea-gel-y-parche-de-cafeina-para-controlar-obesidad\\\/#primaryimage\",\"url\":\"\",\"contentUrl\":\"\"},{\"@type\":\"BreadcrumbList\",\"@id\":\"https:\\\/\\\/ferabrajan.com\\\/portal\\\/2020\\\/07\\\/27\\\/la-unam-crea-gel-y-parche-de-cafeina-para-controlar-obesidad\\\/#breadcrumb\",\"itemListElement\":[{\"@type\":\"ListItem\",\"position\":1,\"name\":\"Portada\",\"item\":\"https:\\\/\\\/ferabrajan.com\\\/portal\\\/\"},{\"@type\":\"ListItem\",\"position\":2,\"name\":\"La UNAM crea gel y parche de cafe\u00edna para controlar obesidad\"}]},{\"@type\":\"WebSite\",\"@id\":\"https:\\\/\\\/ferabrajan.com\\\/portal\\\/#website\",\"url\":\"https:\\\/\\\/ferabrajan.com\\\/portal\\\/\",\"name\":\"Fer Abrajan\",\"description\":\"Noticias de Puebla, opini\u00f3n y radio en vivo\",\"publisher\":{\"@id\":\"https:\\\/\\\/ferabrajan.com\\\/portal\\\/#organization\"},\"potentialAction\":[{\"@type\":\"SearchAction\",\"target\":{\"@type\":\"EntryPoint\",\"urlTemplate\":\"https:\\\/\\\/ferabrajan.com\\\/portal\\\/?s={search_term_string}\"},\"query-input\":{\"@type\":\"PropertyValueSpecification\",\"valueRequired\":true,\"valueName\":\"search_term_string\"}}],\"inLanguage\":\"es\"},{\"@type\":\"Organization\",\"@id\":\"https:\\\/\\\/ferabrajan.com\\\/portal\\\/#organization\",\"name\":\"Fer Abrajan\",\"url\":\"https:\\\/\\\/ferabrajan.com\\\/portal\\\/\",\"logo\":{\"@type\":\"ImageObject\",\"inLanguage\":\"es\",\"@id\":\"https:\\\/\\\/ferabrajan.com\\\/portal\\\/#\\\/schema\\\/logo\\\/image\\\/\",\"url\":\"https:\\\/\\\/ferabrajan.com\\\/portal\\\/wp-content\\\/uploads\\\/2024\\\/10\\\/cropped-logo.jpeg\",\"contentUrl\":\"https:\\\/\\\/ferabrajan.com\\\/portal\\\/wp-content\\\/uploads\\\/2024\\\/10\\\/cropped-logo.jpeg\",\"width\":500,\"height\":250,\"caption\":\"Fer Abrajan\"},\"image\":{\"@id\":\"https:\\\/\\\/ferabrajan.com\\\/portal\\\/#\\\/schema\\\/logo\\\/image\\\/\"},\"sameAs\":[\"https:\\\/\\\/www.facebook.com\\\/NoticiasconFerAbrajan\\\/\",\"https:\\\/\\\/x.com\\\/ferabrajan1\"]},{\"@type\":\"Person\",\"@id\":\"https:\\\/\\\/ferabrajan.com\\\/portal\\\/#\\\/schema\\\/person\\\/f6113b3cb1e036d5c6a9505685b257ba\",\"name\":\"admin\",\"image\":{\"@type\":\"ImageObject\",\"inLanguage\":\"es\",\"@id\":\"https:\\\/\\\/secure.gravatar.com\\\/avatar\\\/072baa72775aad53c748dfc5d3048578e01b6c087eef335459ebfa04344e2d18?s=96&d=mm&r=g\",\"url\":\"https:\\\/\\\/secure.gravatar.com\\\/avatar\\\/072baa72775aad53c748dfc5d3048578e01b6c087eef335459ebfa04344e2d18?s=96&d=mm&r=g\",\"contentUrl\":\"https:\\\/\\\/secure.gravatar.com\\\/avatar\\\/072baa72775aad53c748dfc5d3048578e01b6c087eef335459ebfa04344e2d18?s=96&d=mm&r=g\",\"caption\":\"admin\"},\"sameAs\":[\"https:\\\/\\\/ferabrajan.com\\\/portal\"],\"url\":\"https:\\\/\\\/ferabrajan.com\\\/portal\\\/author\\\/admin\\\/\"}]}<\/script>\n<!-- \/ Yoast SEO plugin. -->","yoast_head_json":{"title":"La UNAM crea gel y parche de cafe\u00edna para controlar obesidad - Fer Abrajan","robots":{"index":"index","follow":"follow","max-snippet":"max-snippet:-1","max-image-preview":"max-image-preview:large","max-video-preview":"max-video-preview:-1"},"canonical":"https:\/\/ferabrajan.com\/portal\/2020\/07\/27\/la-unam-crea-gel-y-parche-de-cafeina-para-controlar-obesidad\/","og_locale":"es_ES","og_type":"article","og_title":"La UNAM crea gel y parche de cafe\u00edna para controlar obesidad - Fer Abrajan","og_description":"Investigadores de la Universidad Nacional Aut\u00f3noma de M\u00e9xico (UNAM) desarrollaron un gel y un parche transd\u00e9rmico con propiedades de la cafe\u00edna para combatir el sobrepeso y la obesidad, uno de los padecimientos que afecta a la mayor\u00eda de la poblaci\u00f3n mexicana, y que con el tiempo, podr\u00edan desencadenar enfermedades cr\u00f3nico degenerativas.&nbsp; Los especialistas de la UNAM basaron su f\u00f3rmula farmacol\u00f3gica en cafe\u00edna pues tiene un efecto lipol\u00edtico, elemento que es capaz de disolver la grasa en ciertas cantidades. Es por ello que optaron por el uso de un parche en el que la piel sea capaz de absorber las propiedades necesarias para efectos eficaces.&nbsp; Jos\u00e9 Juan Escobar Ch\u00e1vez, investigador de la Facultad de Estudios Superiores (FES) Cuautitl\u00e1n, aclar\u00f3 que el uso, tanto del gel como del parche, s\u00f3lo ayudar\u00e1 a controlar el desequilibrio del peso, por consiguiente es necesario llevar a cabo una dieta balanceada, actividad f\u00edsica y pr\u00e1cticas que contribuyan a mantener una buena salud.&nbsp; En cuanto a la conformaci\u00f3n del parche, el responsable del laboratorio de Sistemas Transd\u00e9rmicos de la facultad de Cuautitl\u00e1n Izcalli explic\u00f3 que es una pel\u00edcula transd\u00e9rmica que la piel es capaz de absorber, similar a las capsulas que contienen medicamento: \u201cEs una especie de burbuja con gel, y encima tiene una placa permeable que se adhiere a la piel y permite el paso del f\u00e1rmaco\u201d.&nbsp; Tambi\u00e9n lee: El Covid-19 tambi\u00e9n es grave para gente con obesidad moderada Adem\u00e1s, especific\u00f3 que el parche debe colocarse en las zonas del cuerpo donde no haya presencia de vello, por ejemplo en el antebrazo, la espalda y el abdomen. Dicho adhesivo ya se encuentra en proceso de ser patentado y contar con la exclusividad para su producci\u00f3n y distribuci\u00f3n.&nbsp; Mediante un comunicado, la M\u00e1xima Casa de Estudios expuso que la irregularidad en el peso podr\u00eda ocasionar condiciones m\u00e1s delicadas en la salud del paciente, como lo son la diabetes, presi\u00f3n arterial alta y niveles elevados de colesterol y triglic\u00e9ridos. \u201cEs importante atacar estos problemas desde el punto de vista m\u00e9dico, pues las nuevas generaciones ya los presentan desde edades muy tempranas. Adem\u00e1s, la situaci\u00f3n repercute tanto en el sistema de salud como en la econom\u00eda del pa\u00eds\u201d, afirm\u00f3 Escobar Ch\u00e1vez. Tambi\u00e9n lee:&nbsp;Por qu\u00e9 la glucosa juega un papel clave en la obesidad De acuerdo a cifras de 2018 de la Encuesta Nacional de Salud y Nutrici\u00f3n (Ensanut), siete de cada 10 mexicanos padecen sobrepeso y obesidad. Esta problem\u00e1tica ha llamado la atenci\u00f3n de los expertos, pues las nuevas generaciones presentan altos \u00edndices de masa corporal (IMC) a edades muy tempranas. Actualmente, los cient\u00edficos de la UNAM se encuentran en la espera de la autorizaci\u00f3n para llevar a cabo pruebas en modelos animales, pues ya cuentan con la formulaci\u00f3n y optimizaci\u00f3n del gel y el parche, con lo que determinaron su tama\u00f1o y la dosis terap\u00e9utica adecuada para su administraci\u00f3n. nrv Publicaci\u00f3n Original: https:\/\/www.eluniversal.com.mx\/ciencia-y-salud\/salud\/unam-crea-gel-y-parche-de-cafeina-contra-sobrepeso-y-obesidad","og_url":"https:\/\/ferabrajan.com\/portal\/2020\/07\/27\/la-unam-crea-gel-y-parche-de-cafeina-para-controlar-obesidad\/","og_site_name":"Fer Abrajan","article_publisher":"https:\/\/www.facebook.com\/NoticiasconFerAbrajan\/","article_published_time":"2020-07-27T13:00:00+00:00","author":"admin","twitter_card":"summary_large_image","twitter_creator":"@ferabrajan1","twitter_site":"@ferabrajan1","twitter_misc":{"Escrito por":"admin","Tiempo de lectura":"3 minutos"},"schema":{"@context":"https:\/\/schema.org","@graph":[{"@type":"Article","@id":"https:\/\/ferabrajan.com\/portal\/2020\/07\/27\/la-unam-crea-gel-y-parche-de-cafeina-para-controlar-obesidad\/#article","isPartOf":{"@id":"https:\/\/ferabrajan.com\/portal\/2020\/07\/27\/la-unam-crea-gel-y-parche-de-cafeina-para-controlar-obesidad\/"},"author":{"name":"admin","@id":"https:\/\/ferabrajan.com\/portal\/#\/schema\/person\/f6113b3cb1e036d5c6a9505685b257ba"},"headline":"La UNAM crea gel y parche de cafe\u00edna para controlar obesidad","datePublished":"2020-07-27T13:00:00+00:00","mainEntityOfPage":{"@id":"https:\/\/ferabrajan.com\/portal\/2020\/07\/27\/la-unam-crea-gel-y-parche-de-cafeina-para-controlar-obesidad\/"},"wordCount":550,"commentCount":0,"publisher":{"@id":"https:\/\/ferabrajan.com\/portal\/#organization"},"image":{"@id":"https:\/\/ferabrajan.com\/portal\/2020\/07\/27\/la-unam-crea-gel-y-parche-de-cafeina-para-controlar-obesidad\/#primaryimage"},"thumbnailUrl":"","articleSection":["El Mundo"],"inLanguage":"es"},{"@type":"WebPage","@id":"https:\/\/ferabrajan.com\/portal\/2020\/07\/27\/la-unam-crea-gel-y-parche-de-cafeina-para-controlar-obesidad\/","url":"https:\/\/ferabrajan.com\/portal\/2020\/07\/27\/la-unam-crea-gel-y-parche-de-cafeina-para-controlar-obesidad\/","name":"La UNAM crea gel y parche de cafe\u00edna para controlar obesidad - Fer Abrajan","isPartOf":{"@id":"https:\/\/ferabrajan.com\/portal\/#website"},"primaryImageOfPage":{"@id":"https:\/\/ferabrajan.com\/portal\/2020\/07\/27\/la-unam-crea-gel-y-parche-de-cafeina-para-controlar-obesidad\/#primaryimage"},"image":{"@id":"https:\/\/ferabrajan.com\/portal\/2020\/07\/27\/la-unam-crea-gel-y-parche-de-cafeina-para-controlar-obesidad\/#primaryimage"},"thumbnailUrl":"","datePublished":"2020-07-27T13:00:00+00:00","breadcrumb":{"@id":"https:\/\/ferabrajan.com\/portal\/2020\/07\/27\/la-unam-crea-gel-y-parche-de-cafeina-para-controlar-obesidad\/#breadcrumb"},"inLanguage":"es","potentialAction":[{"@type":"ReadAction","target":["https:\/\/ferabrajan.com\/portal\/2020\/07\/27\/la-unam-crea-gel-y-parche-de-cafeina-para-controlar-obesidad\/"]}]},{"@type":"ImageObject","inLanguage":"es","@id":"https:\/\/ferabrajan.com\/portal\/2020\/07\/27\/la-unam-crea-gel-y-parche-de-cafeina-para-controlar-obesidad\/#primaryimage","url":"","contentUrl":""},{"@type":"BreadcrumbList","@id":"https:\/\/ferabrajan.com\/portal\/2020\/07\/27\/la-unam-crea-gel-y-parche-de-cafeina-para-controlar-obesidad\/#breadcrumb","itemListElement":[{"@type":"ListItem","position":1,"name":"Portada","item":"https:\/\/ferabrajan.com\/portal\/"},{"@type":"ListItem","position":2,"name":"La UNAM crea gel y parche de cafe\u00edna para controlar obesidad"}]},{"@type":"WebSite","@id":"https:\/\/ferabrajan.com\/portal\/#website","url":"https:\/\/ferabrajan.com\/portal\/","name":"Fer Abrajan","description":"Noticias de Puebla, opini\u00f3n y radio en vivo","publisher":{"@id":"https:\/\/ferabrajan.com\/portal\/#organization"},"potentialAction":[{"@type":"SearchAction","target":{"@type":"EntryPoint","urlTemplate":"https:\/\/ferabrajan.com\/portal\/?s={search_term_string}"},"query-input":{"@type":"PropertyValueSpecification","valueRequired":true,"valueName":"search_term_string"}}],"inLanguage":"es"},{"@type":"Organization","@id":"https:\/\/ferabrajan.com\/portal\/#organization","name":"Fer Abrajan","url":"https:\/\/ferabrajan.com\/portal\/","logo":{"@type":"ImageObject","inLanguage":"es","@id":"https:\/\/ferabrajan.com\/portal\/#\/schema\/logo\/image\/","url":"https:\/\/ferabrajan.com\/portal\/wp-content\/uploads\/2024\/10\/cropped-logo.jpeg","contentUrl":"https:\/\/ferabrajan.com\/portal\/wp-content\/uploads\/2024\/10\/cropped-logo.jpeg","width":500,"height":250,"caption":"Fer Abrajan"},"image":{"@id":"https:\/\/ferabrajan.com\/portal\/#\/schema\/logo\/image\/"},"sameAs":["https:\/\/www.facebook.com\/NoticiasconFerAbrajan\/","https:\/\/x.com\/ferabrajan1"]},{"@type":"Person","@id":"https:\/\/ferabrajan.com\/portal\/#\/schema\/person\/f6113b3cb1e036d5c6a9505685b257ba","name":"admin","image":{"@type":"ImageObject","inLanguage":"es","@id":"https:\/\/secure.gravatar.com\/avatar\/072baa72775aad53c748dfc5d3048578e01b6c087eef335459ebfa04344e2d18?s=96&d=mm&r=g","url":"https:\/\/secure.gravatar.com\/avatar\/072baa72775aad53c748dfc5d3048578e01b6c087eef335459ebfa04344e2d18?s=96&d=mm&r=g","contentUrl":"https:\/\/secure.gravatar.com\/avatar\/072baa72775aad53c748dfc5d3048578e01b6c087eef335459ebfa04344e2d18?s=96&d=mm&r=g","caption":"admin"},"sameAs":["https:\/\/ferabrajan.com\/portal"],"url":"https:\/\/ferabrajan.com\/portal\/author\/admin\/"}]}},"_links":{"self":[{"href":"https:\/\/ferabrajan.com\/portal\/wp-json\/wp\/v2\/posts\/15756","targetHints":{"allow":["GET"]}}],"collection":[{"href":"https:\/\/ferabrajan.com\/portal\/wp-json\/wp\/v2\/posts"}],"about":[{"href":"https:\/\/ferabrajan.com\/portal\/wp-json\/wp\/v2\/types\/post"}],"author":[{"embeddable":true,"href":"https:\/\/ferabrajan.com\/portal\/wp-json\/wp\/v2\/users\/1"}],"replies":[{"embeddable":true,"href":"https:\/\/ferabrajan.com\/portal\/wp-json\/wp\/v2\/comments?post=15756"}],"version-history":[{"count":0,"href":"https:\/\/ferabrajan.com\/portal\/wp-json\/wp\/v2\/posts\/15756\/revisions"}],"wp:attachment":[{"href":"https:\/\/ferabrajan.com\/portal\/wp-json\/wp\/v2\/media?parent=15756"}],"wp:term":[{"taxonomy":"category","embeddable":true,"href":"https:\/\/ferabrajan.com\/portal\/wp-json\/wp\/v2\/categories?post=15756"},{"taxonomy":"post_tag","embeddable":true,"href":"https:\/\/ferabrajan.com\/portal\/wp-json\/wp\/v2\/tags?post=15756"}],"curies":[{"name":"wp","href":"https:\/\/api.w.org\/{rel}","templated":true}]}}