{"id":15747,"date":"2020-07-27T17:17:10","date_gmt":"2020-07-27T17:17:10","guid":{"rendered":"https:\/\/www.elsoldepuebla.com.mx\/local\/es-ilegal-y-precipitado-ediles-auxiliares-ante-la-realizacion-de-plebiscitos-por-el-iee-puebla-5546834.html"},"modified":"2020-07-27T17:17:10","modified_gmt":"2020-07-27T17:17:10","slug":"es-ilegal-y-precipitado-ediles-auxiliares-ante-la-realizacion-de-plebiscitos-por-el-iee","status":"publish","type":"post","link":"https:\/\/ferabrajan.com\/portal\/2020\/07\/27\/es-ilegal-y-precipitado-ediles-auxiliares-ante-la-realizacion-de-plebiscitos-por-el-iee\/","title":{"rendered":"Es ilegal y precipitado: ediles auxiliares ante la realizaci\u00f3n de plebiscitos por el IEE"},"content":{"rendered":"<div><img decoding=\"async\" src=\"https:\/\/www.elsoldepuebla.com.mx\/incoming\/imk7ce-ediles-auxiliares\/ALTERNATES\/LANDSCAPE_1140\/ediles%20auxiliares\" class=\"ff-og-image-inserted\"><\/div>\n<p>Once ediles de juntas auxiliares de la capital poblana se mostraron en contra de que el Instituto Electoral del Estado de Puebla (IEE) sea la instituci\u00f3n que realice los pr\u00f3ximos plebiscitos en vez del Ayuntamiento de Puebla, pues consideran que atentar\u00eda en contra de sus usos y costumbres, que es ilegal y precipitado.<\/p>\n<p>Fue el pasado viernes que sesi\u00f3n extraordinaria de cabildo la mayor\u00eda de los regidores avalaron enviar al Congreso del Estado una propuesta para que se reforme la Ley Org\u00e1nica Municipal y que los procesos de elecciones en juntas auxiliares ya no sean organizados por la Comuna, sino por una autoridad competente en materia electoral.<\/p>\n<p>Por lo anterior, los presidentes auxiliares mencionaron que la propuesta es arbitraria, ya que en ning\u00fan momento los tomaron en cuanta para dicha decisi\u00f3n. Incluso mencionaron que, hasta el momento, desconocen a fondo el contenido de \u201ctan descabellada\u201d iniciativa, pues los ignoraron como autoridades para emitir alg\u00fan tipo de opini\u00f3n.<\/p>\n<article class=\"local media col-md-4 inline-story\"> <\/article>\n<p><strong>\u201cA todas luces es incongruente y carente de argumentos jur\u00eddicos, adem\u00e1s que resulta completamente arbitraria y antidemocr\u00e1tica, ya que se est\u00e1n dejando de lado los usos y costumbres de las comunidades, as\u00ed como pueblos originarios que deben de respetarse por las autoridades de todos los niveles de gobierno, expresaron.<\/strong><\/p>\n<p>Aseguraron que ellos hubieran estado abiertos a una mesa de di\u00e1logo para bordar este tema y posteriormente lo habr\u00edan sometido a consulta o a una aprobaci\u00f3n popular, pues consideran que el mismo pueblo es quien deber\u00eda de determinar qui\u00e9n organiza las elecciones de sus comunidades.<\/p>\n<p>En suma, cree que si la alcaldesa de Puebla, Claudia Rivera Vivanco, se siente incapaz de organizar un proceso plebiscitario, tambi\u00e9n deber\u00eda de aceptar que no ha podido atender los temas de seguridad, infraestructura y el manejo de recursos en las mismas juntas auxiliares. \u201cSi no tiene ni la capacidad ni el profesionalismo para manejar alguno de estos temas, resultar\u00eda evidente que tampoco se tendr\u00eda dicha aptitudes para conocer y resolver las dem\u00e1s problem\u00e1ticas. Por todo esto, nos oponemos en todos sus aspectos generales y particulares a esta iniciativa\u201d, declararon.<\/p>\n<article class=\"policiaca media col-md-4 inline-story\"> <\/article>\n<p>Los ediles que estuvieron presentes fueron Miguel L\u00f3pez Cosca de la junta auxiliar de Ignacio Romero Vargas, Jos\u00e9 Baraquiel Calva Lim\u00f3 de San Felipe Hueyotlipan, Alfredo Rodr\u00edguez Victoria de La libertad, Abraham Alejandro P\u00e9rez P\u00e9rez de La Resurrecci\u00f3n, Cesar Ju\u00e1rez Gonz\u00e1lez de San Pablo Xochimehuac\u00e1n, Roberto Garc\u00eda y Hern\u00e1ndez de San Baltazar Campeche, Isaac Chietla Mu\u00f1oz de San Francisco Totimehuac\u00e1n, Roberto Luis Gonz\u00e1lez de San Miguel Canoa, Otilio Flores Navarro de Santo Tom\u00e1s Chautla, Antonio Luna Pacheco de San Sebasti\u00e1n de Aparicio y Jos\u00e9 Alfredo Jim\u00e9nez Navarro de San Pedro Zacachimalpa.<\/p>\n<p>En otro tema, los ediles aprovecharon para pedir al Ayuntamiento de Puebla que les indiquen cu\u00e1les juntas auxiliares cuentan actualmente con la figura de juez de paz y cu\u00e1l es el estado que guardan estas figuras, as\u00ed como un directorio actualizado que contenga los datos personales de la persona registrada.<\/p>\n<article class=\"local media col-md-4 inline-story\"> <\/article>\n<article class=\"local media col-md-4 inline-story\"> <\/article>\n<article class=\"local_estado media col-md-4 inline-story\"> <\/article>\n<p>Publicaci\u00f3n Original: <a href=\"https:\/\/www.elsoldepuebla.com.mx\/local\/es-ilegal-y-precipitado-ediles-auxiliares-ante-la-realizacion-de-plebiscitos-por-el-iee-puebla-5546834.html\" target=\"_blank\" rel=\"noopener noreferrer\">https:\/\/www.elsoldepuebla.com.mx\/local\/es-ilegal-y-precipitado-ediles-auxiliares-ante-la-realizacion-de-plebiscitos-por-el-iee-puebla-5546834.html<\/a><\/p>\n","protected":false},"excerpt":{"rendered":"<p>Once ediles de juntas auxiliares de la capital poblana se mostraron en contra de que el Instituto Electoral del Estado de Puebla (IEE) sea la instituci\u00f3n que realice los pr\u00f3ximos plebiscitos en vez del Ayuntamiento de Puebla, pues consideran que atentar\u00eda en contra de sus usos y costumbres, que es ilegal y precipitado. Fue el pasado viernes que sesi\u00f3n extraordinaria de cabildo la mayor\u00eda de los regidores avalaron enviar al Congreso del Estado una propuesta para que se reforme la Ley Org\u00e1nica Municipal y que los procesos de elecciones en juntas auxiliares ya no sean organizados por la Comuna, sino por una autoridad competente en materia electoral. Por lo anterior, los presidentes auxiliares mencionaron que la propuesta es arbitraria, ya que en ning\u00fan momento los tomaron en cuanta para dicha decisi\u00f3n. Incluso mencionaron que, hasta el momento, desconocen a fondo el contenido de \u201ctan descabellada\u201d iniciativa, pues los ignoraron como autoridades para emitir alg\u00fan tipo de opini\u00f3n. \u201cA todas luces es incongruente y carente de argumentos jur\u00eddicos, adem\u00e1s que resulta completamente arbitraria y antidemocr\u00e1tica, ya que se est\u00e1n dejando de lado los usos y costumbres de las comunidades, as\u00ed como pueblos originarios que deben de respetarse por las autoridades de todos los niveles de gobierno, expresaron. Aseguraron que ellos hubieran estado abiertos a una mesa de di\u00e1logo para bordar este tema y posteriormente lo habr\u00edan sometido a consulta o a una aprobaci\u00f3n popular, pues consideran que el mismo pueblo es quien deber\u00eda de determinar qui\u00e9n organiza las elecciones de sus comunidades. En suma, cree que si la alcaldesa de Puebla, Claudia Rivera Vivanco, se siente incapaz de organizar un proceso plebiscitario, tambi\u00e9n deber\u00eda de aceptar que no ha podido atender los temas de seguridad, infraestructura y el manejo de recursos en las mismas juntas auxiliares. \u201cSi no tiene ni la capacidad ni el profesionalismo para manejar alguno de estos temas, resultar\u00eda evidente que tampoco se tendr\u00eda dicha aptitudes para conocer y resolver las dem\u00e1s problem\u00e1ticas. Por todo esto, nos oponemos en todos sus aspectos generales y particulares a esta iniciativa\u201d, declararon. Los ediles que estuvieron presentes fueron Miguel L\u00f3pez Cosca de la junta auxiliar de Ignacio Romero Vargas, Jos\u00e9 Baraquiel Calva Lim\u00f3 de San Felipe Hueyotlipan, Alfredo Rodr\u00edguez Victoria de La libertad, Abraham Alejandro P\u00e9rez P\u00e9rez de La Resurrecci\u00f3n, Cesar Ju\u00e1rez Gonz\u00e1lez de San Pablo Xochimehuac\u00e1n, Roberto Garc\u00eda y Hern\u00e1ndez de San Baltazar Campeche, Isaac Chietla Mu\u00f1oz de San Francisco Totimehuac\u00e1n, Roberto Luis Gonz\u00e1lez de San Miguel Canoa, Otilio Flores Navarro de Santo Tom\u00e1s Chautla, Antonio Luna Pacheco de San Sebasti\u00e1n de Aparicio y Jos\u00e9 Alfredo Jim\u00e9nez Navarro de San Pedro Zacachimalpa. En otro tema, los ediles aprovecharon para pedir al Ayuntamiento de Puebla que les indiquen cu\u00e1les juntas auxiliares cuentan actualmente con la figura de juez de paz y cu\u00e1l es el estado que guardan estas figuras, as\u00ed como un directorio actualizado que contenga los datos personales de la persona registrada. Publicaci\u00f3n Original: https:\/\/www.elsoldepuebla.com.mx\/local\/es-ilegal-y-precipitado-ediles-auxiliares-ante-la-realizacion-de-plebiscitos-por-el-iee-puebla-5546834.html<\/p>\n","protected":false},"author":1,"featured_media":15751,"comment_status":"closed","ping_status":"closed","sticky":false,"template":"","format":"standard","meta":{"_monsterinsights_skip_tracking":false,"_uf_show_specific_survey":0,"_uf_disable_surveys":false,"footnotes":""},"categories":[53,34],"tags":[],"class_list":["post-15747","post","type-post","status-publish","format-standard","has-post-thumbnail","hentry","category-local","category-puebla"],"yoast_head":"<!-- This site is optimized with the Yoast SEO plugin v27.5 - https:\/\/yoast.com\/product\/yoast-seo-wordpress\/ -->\n<title>Es ilegal y precipitado: ediles auxiliares ante la realizaci\u00f3n de plebiscitos por el IEE - Fer Abrajan<\/title>\n<meta name=\"robots\" content=\"index, follow, max-snippet:-1, max-image-preview:large, max-video-preview:-1\" \/>\n<link rel=\"canonical\" href=\"https:\/\/ferabrajan.com\/portal\/2020\/07\/27\/es-ilegal-y-precipitado-ediles-auxiliares-ante-la-realizacion-de-plebiscitos-por-el-iee\/\" \/>\n<meta property=\"og:locale\" content=\"es_ES\" \/>\n<meta property=\"og:type\" content=\"article\" \/>\n<meta property=\"og:title\" content=\"Es ilegal y precipitado: ediles auxiliares ante la realizaci\u00f3n de plebiscitos por el IEE - Fer Abrajan\" \/>\n<meta property=\"og:description\" content=\"Once ediles de juntas auxiliares de la capital poblana se mostraron en contra de que el Instituto Electoral del Estado de Puebla (IEE) sea la instituci\u00f3n que realice los pr\u00f3ximos plebiscitos en vez del Ayuntamiento de Puebla, pues consideran que atentar\u00eda en contra de sus usos y costumbres, que es ilegal y precipitado. Fue el pasado viernes que sesi\u00f3n extraordinaria de cabildo la mayor\u00eda de los regidores avalaron enviar al Congreso del Estado una propuesta para que se reforme la Ley Org\u00e1nica Municipal y que los procesos de elecciones en juntas auxiliares ya no sean organizados por la Comuna, sino por una autoridad competente en materia electoral. Por lo anterior, los presidentes auxiliares mencionaron que la propuesta es arbitraria, ya que en ning\u00fan momento los tomaron en cuanta para dicha decisi\u00f3n. Incluso mencionaron que, hasta el momento, desconocen a fondo el contenido de \u201ctan descabellada\u201d iniciativa, pues los ignoraron como autoridades para emitir alg\u00fan tipo de opini\u00f3n. \u201cA todas luces es incongruente y carente de argumentos jur\u00eddicos, adem\u00e1s que resulta completamente arbitraria y antidemocr\u00e1tica, ya que se est\u00e1n dejando de lado los usos y costumbres de las comunidades, as\u00ed como pueblos originarios que deben de respetarse por las autoridades de todos los niveles de gobierno, expresaron. Aseguraron que ellos hubieran estado abiertos a una mesa de di\u00e1logo para bordar este tema y posteriormente lo habr\u00edan sometido a consulta o a una aprobaci\u00f3n popular, pues consideran que el mismo pueblo es quien deber\u00eda de determinar qui\u00e9n organiza las elecciones de sus comunidades. En suma, cree que si la alcaldesa de Puebla, Claudia Rivera Vivanco, se siente incapaz de organizar un proceso plebiscitario, tambi\u00e9n deber\u00eda de aceptar que no ha podido atender los temas de seguridad, infraestructura y el manejo de recursos en las mismas juntas auxiliares. \u201cSi no tiene ni la capacidad ni el profesionalismo para manejar alguno de estos temas, resultar\u00eda evidente que tampoco se tendr\u00eda dicha aptitudes para conocer y resolver las dem\u00e1s problem\u00e1ticas. Por todo esto, nos oponemos en todos sus aspectos generales y particulares a esta iniciativa\u201d, declararon. Los ediles que estuvieron presentes fueron Miguel L\u00f3pez Cosca de la junta auxiliar de Ignacio Romero Vargas, Jos\u00e9 Baraquiel Calva Lim\u00f3 de San Felipe Hueyotlipan, Alfredo Rodr\u00edguez Victoria de La libertad, Abraham Alejandro P\u00e9rez P\u00e9rez de La Resurrecci\u00f3n, Cesar Ju\u00e1rez Gonz\u00e1lez de San Pablo Xochimehuac\u00e1n, Roberto Garc\u00eda y Hern\u00e1ndez de San Baltazar Campeche, Isaac Chietla Mu\u00f1oz de San Francisco Totimehuac\u00e1n, Roberto Luis Gonz\u00e1lez de San Miguel Canoa, Otilio Flores Navarro de Santo Tom\u00e1s Chautla, Antonio Luna Pacheco de San Sebasti\u00e1n de Aparicio y Jos\u00e9 Alfredo Jim\u00e9nez Navarro de San Pedro Zacachimalpa. En otro tema, los ediles aprovecharon para pedir al Ayuntamiento de Puebla que les indiquen cu\u00e1les juntas auxiliares cuentan actualmente con la figura de juez de paz y cu\u00e1l es el estado que guardan estas figuras, as\u00ed como un directorio actualizado que contenga los datos personales de la persona registrada. Publicaci\u00f3n Original: https:\/\/www.elsoldepuebla.com.mx\/local\/es-ilegal-y-precipitado-ediles-auxiliares-ante-la-realizacion-de-plebiscitos-por-el-iee-puebla-5546834.html\" \/>\n<meta property=\"og:url\" content=\"https:\/\/ferabrajan.com\/portal\/2020\/07\/27\/es-ilegal-y-precipitado-ediles-auxiliares-ante-la-realizacion-de-plebiscitos-por-el-iee\/\" \/>\n<meta property=\"og:site_name\" content=\"Fer Abrajan\" \/>\n<meta property=\"article:publisher\" content=\"https:\/\/www.facebook.com\/NoticiasconFerAbrajan\/\" \/>\n<meta property=\"article:published_time\" content=\"2020-07-27T17:17:10+00:00\" \/>\n<meta name=\"author\" content=\"admin\" \/>\n<meta name=\"twitter:card\" content=\"summary_large_image\" \/>\n<meta name=\"twitter:creator\" content=\"@ferabrajan1\" \/>\n<meta name=\"twitter:site\" content=\"@ferabrajan1\" \/>\n<meta name=\"twitter:label1\" content=\"Escrito por\" \/>\n\t<meta name=\"twitter:data1\" content=\"admin\" \/>\n\t<meta name=\"twitter:label2\" content=\"Tiempo de lectura\" \/>\n\t<meta name=\"twitter:data2\" content=\"3 minutos\" \/>\n<script type=\"application\/ld+json\" class=\"yoast-schema-graph\">{\"@context\":\"https:\\\/\\\/schema.org\",\"@graph\":[{\"@type\":\"Article\",\"@id\":\"https:\\\/\\\/ferabrajan.com\\\/portal\\\/2020\\\/07\\\/27\\\/es-ilegal-y-precipitado-ediles-auxiliares-ante-la-realizacion-de-plebiscitos-por-el-iee\\\/#article\",\"isPartOf\":{\"@id\":\"https:\\\/\\\/ferabrajan.com\\\/portal\\\/2020\\\/07\\\/27\\\/es-ilegal-y-precipitado-ediles-auxiliares-ante-la-realizacion-de-plebiscitos-por-el-iee\\\/\"},\"author\":{\"name\":\"admin\",\"@id\":\"https:\\\/\\\/ferabrajan.com\\\/portal\\\/#\\\/schema\\\/person\\\/f6113b3cb1e036d5c6a9505685b257ba\"},\"headline\":\"Es ilegal y precipitado: ediles auxiliares ante la realizaci\u00f3n de plebiscitos por el IEE\",\"datePublished\":\"2020-07-27T17:17:10+00:00\",\"mainEntityOfPage\":{\"@id\":\"https:\\\/\\\/ferabrajan.com\\\/portal\\\/2020\\\/07\\\/27\\\/es-ilegal-y-precipitado-ediles-auxiliares-ante-la-realizacion-de-plebiscitos-por-el-iee\\\/\"},\"wordCount\":551,\"publisher\":{\"@id\":\"https:\\\/\\\/ferabrajan.com\\\/portal\\\/#organization\"},\"image\":{\"@id\":\"https:\\\/\\\/ferabrajan.com\\\/portal\\\/2020\\\/07\\\/27\\\/es-ilegal-y-precipitado-ediles-auxiliares-ante-la-realizacion-de-plebiscitos-por-el-iee\\\/#primaryimage\"},\"thumbnailUrl\":\"\",\"articleSection\":[\"Local\",\"Puebla\"],\"inLanguage\":\"es\"},{\"@type\":\"WebPage\",\"@id\":\"https:\\\/\\\/ferabrajan.com\\\/portal\\\/2020\\\/07\\\/27\\\/es-ilegal-y-precipitado-ediles-auxiliares-ante-la-realizacion-de-plebiscitos-por-el-iee\\\/\",\"url\":\"https:\\\/\\\/ferabrajan.com\\\/portal\\\/2020\\\/07\\\/27\\\/es-ilegal-y-precipitado-ediles-auxiliares-ante-la-realizacion-de-plebiscitos-por-el-iee\\\/\",\"name\":\"Es ilegal y precipitado: ediles auxiliares ante la realizaci\u00f3n de plebiscitos por el IEE - Fer Abrajan\",\"isPartOf\":{\"@id\":\"https:\\\/\\\/ferabrajan.com\\\/portal\\\/#website\"},\"primaryImageOfPage\":{\"@id\":\"https:\\\/\\\/ferabrajan.com\\\/portal\\\/2020\\\/07\\\/27\\\/es-ilegal-y-precipitado-ediles-auxiliares-ante-la-realizacion-de-plebiscitos-por-el-iee\\\/#primaryimage\"},\"image\":{\"@id\":\"https:\\\/\\\/ferabrajan.com\\\/portal\\\/2020\\\/07\\\/27\\\/es-ilegal-y-precipitado-ediles-auxiliares-ante-la-realizacion-de-plebiscitos-por-el-iee\\\/#primaryimage\"},\"thumbnailUrl\":\"\",\"datePublished\":\"2020-07-27T17:17:10+00:00\",\"breadcrumb\":{\"@id\":\"https:\\\/\\\/ferabrajan.com\\\/portal\\\/2020\\\/07\\\/27\\\/es-ilegal-y-precipitado-ediles-auxiliares-ante-la-realizacion-de-plebiscitos-por-el-iee\\\/#breadcrumb\"},\"inLanguage\":\"es\",\"potentialAction\":[{\"@type\":\"ReadAction\",\"target\":[\"https:\\\/\\\/ferabrajan.com\\\/portal\\\/2020\\\/07\\\/27\\\/es-ilegal-y-precipitado-ediles-auxiliares-ante-la-realizacion-de-plebiscitos-por-el-iee\\\/\"]}]},{\"@type\":\"ImageObject\",\"inLanguage\":\"es\",\"@id\":\"https:\\\/\\\/ferabrajan.com\\\/portal\\\/2020\\\/07\\\/27\\\/es-ilegal-y-precipitado-ediles-auxiliares-ante-la-realizacion-de-plebiscitos-por-el-iee\\\/#primaryimage\",\"url\":\"\",\"contentUrl\":\"\"},{\"@type\":\"BreadcrumbList\",\"@id\":\"https:\\\/\\\/ferabrajan.com\\\/portal\\\/2020\\\/07\\\/27\\\/es-ilegal-y-precipitado-ediles-auxiliares-ante-la-realizacion-de-plebiscitos-por-el-iee\\\/#breadcrumb\",\"itemListElement\":[{\"@type\":\"ListItem\",\"position\":1,\"name\":\"Portada\",\"item\":\"https:\\\/\\\/ferabrajan.com\\\/portal\\\/\"},{\"@type\":\"ListItem\",\"position\":2,\"name\":\"Es ilegal y precipitado: ediles auxiliares ante la realizaci\u00f3n de plebiscitos por el IEE\"}]},{\"@type\":\"WebSite\",\"@id\":\"https:\\\/\\\/ferabrajan.com\\\/portal\\\/#website\",\"url\":\"https:\\\/\\\/ferabrajan.com\\\/portal\\\/\",\"name\":\"Fer Abrajan\",\"description\":\"Noticias de Puebla, opini\u00f3n y radio en vivo\",\"publisher\":{\"@id\":\"https:\\\/\\\/ferabrajan.com\\\/portal\\\/#organization\"},\"potentialAction\":[{\"@type\":\"SearchAction\",\"target\":{\"@type\":\"EntryPoint\",\"urlTemplate\":\"https:\\\/\\\/ferabrajan.com\\\/portal\\\/?s={search_term_string}\"},\"query-input\":{\"@type\":\"PropertyValueSpecification\",\"valueRequired\":true,\"valueName\":\"search_term_string\"}}],\"inLanguage\":\"es\"},{\"@type\":\"Organization\",\"@id\":\"https:\\\/\\\/ferabrajan.com\\\/portal\\\/#organization\",\"name\":\"Fer Abrajan\",\"url\":\"https:\\\/\\\/ferabrajan.com\\\/portal\\\/\",\"logo\":{\"@type\":\"ImageObject\",\"inLanguage\":\"es\",\"@id\":\"https:\\\/\\\/ferabrajan.com\\\/portal\\\/#\\\/schema\\\/logo\\\/image\\\/\",\"url\":\"https:\\\/\\\/ferabrajan.com\\\/portal\\\/wp-content\\\/uploads\\\/2024\\\/10\\\/cropped-logo.jpeg\",\"contentUrl\":\"https:\\\/\\\/ferabrajan.com\\\/portal\\\/wp-content\\\/uploads\\\/2024\\\/10\\\/cropped-logo.jpeg\",\"width\":500,\"height\":250,\"caption\":\"Fer Abrajan\"},\"image\":{\"@id\":\"https:\\\/\\\/ferabrajan.com\\\/portal\\\/#\\\/schema\\\/logo\\\/image\\\/\"},\"sameAs\":[\"https:\\\/\\\/www.facebook.com\\\/NoticiasconFerAbrajan\\\/\",\"https:\\\/\\\/x.com\\\/ferabrajan1\"]},{\"@type\":\"Person\",\"@id\":\"https:\\\/\\\/ferabrajan.com\\\/portal\\\/#\\\/schema\\\/person\\\/f6113b3cb1e036d5c6a9505685b257ba\",\"name\":\"admin\",\"image\":{\"@type\":\"ImageObject\",\"inLanguage\":\"es\",\"@id\":\"https:\\\/\\\/secure.gravatar.com\\\/avatar\\\/072baa72775aad53c748dfc5d3048578e01b6c087eef335459ebfa04344e2d18?s=96&d=mm&r=g\",\"url\":\"https:\\\/\\\/secure.gravatar.com\\\/avatar\\\/072baa72775aad53c748dfc5d3048578e01b6c087eef335459ebfa04344e2d18?s=96&d=mm&r=g\",\"contentUrl\":\"https:\\\/\\\/secure.gravatar.com\\\/avatar\\\/072baa72775aad53c748dfc5d3048578e01b6c087eef335459ebfa04344e2d18?s=96&d=mm&r=g\",\"caption\":\"admin\"},\"sameAs\":[\"https:\\\/\\\/ferabrajan.com\\\/portal\"],\"url\":\"https:\\\/\\\/ferabrajan.com\\\/portal\\\/author\\\/admin\\\/\"}]}<\/script>\n<!-- \/ Yoast SEO plugin. -->","yoast_head_json":{"title":"Es ilegal y precipitado: ediles auxiliares ante la realizaci\u00f3n de plebiscitos por el IEE - Fer Abrajan","robots":{"index":"index","follow":"follow","max-snippet":"max-snippet:-1","max-image-preview":"max-image-preview:large","max-video-preview":"max-video-preview:-1"},"canonical":"https:\/\/ferabrajan.com\/portal\/2020\/07\/27\/es-ilegal-y-precipitado-ediles-auxiliares-ante-la-realizacion-de-plebiscitos-por-el-iee\/","og_locale":"es_ES","og_type":"article","og_title":"Es ilegal y precipitado: ediles auxiliares ante la realizaci\u00f3n de plebiscitos por el IEE - Fer Abrajan","og_description":"Once ediles de juntas auxiliares de la capital poblana se mostraron en contra de que el Instituto Electoral del Estado de Puebla (IEE) sea la instituci\u00f3n que realice los pr\u00f3ximos plebiscitos en vez del Ayuntamiento de Puebla, pues consideran que atentar\u00eda en contra de sus usos y costumbres, que es ilegal y precipitado. Fue el pasado viernes que sesi\u00f3n extraordinaria de cabildo la mayor\u00eda de los regidores avalaron enviar al Congreso del Estado una propuesta para que se reforme la Ley Org\u00e1nica Municipal y que los procesos de elecciones en juntas auxiliares ya no sean organizados por la Comuna, sino por una autoridad competente en materia electoral. Por lo anterior, los presidentes auxiliares mencionaron que la propuesta es arbitraria, ya que en ning\u00fan momento los tomaron en cuanta para dicha decisi\u00f3n. Incluso mencionaron que, hasta el momento, desconocen a fondo el contenido de \u201ctan descabellada\u201d iniciativa, pues los ignoraron como autoridades para emitir alg\u00fan tipo de opini\u00f3n. \u201cA todas luces es incongruente y carente de argumentos jur\u00eddicos, adem\u00e1s que resulta completamente arbitraria y antidemocr\u00e1tica, ya que se est\u00e1n dejando de lado los usos y costumbres de las comunidades, as\u00ed como pueblos originarios que deben de respetarse por las autoridades de todos los niveles de gobierno, expresaron. Aseguraron que ellos hubieran estado abiertos a una mesa de di\u00e1logo para bordar este tema y posteriormente lo habr\u00edan sometido a consulta o a una aprobaci\u00f3n popular, pues consideran que el mismo pueblo es quien deber\u00eda de determinar qui\u00e9n organiza las elecciones de sus comunidades. En suma, cree que si la alcaldesa de Puebla, Claudia Rivera Vivanco, se siente incapaz de organizar un proceso plebiscitario, tambi\u00e9n deber\u00eda de aceptar que no ha podido atender los temas de seguridad, infraestructura y el manejo de recursos en las mismas juntas auxiliares. \u201cSi no tiene ni la capacidad ni el profesionalismo para manejar alguno de estos temas, resultar\u00eda evidente que tampoco se tendr\u00eda dicha aptitudes para conocer y resolver las dem\u00e1s problem\u00e1ticas. Por todo esto, nos oponemos en todos sus aspectos generales y particulares a esta iniciativa\u201d, declararon. Los ediles que estuvieron presentes fueron Miguel L\u00f3pez Cosca de la junta auxiliar de Ignacio Romero Vargas, Jos\u00e9 Baraquiel Calva Lim\u00f3 de San Felipe Hueyotlipan, Alfredo Rodr\u00edguez Victoria de La libertad, Abraham Alejandro P\u00e9rez P\u00e9rez de La Resurrecci\u00f3n, Cesar Ju\u00e1rez Gonz\u00e1lez de San Pablo Xochimehuac\u00e1n, Roberto Garc\u00eda y Hern\u00e1ndez de San Baltazar Campeche, Isaac Chietla Mu\u00f1oz de San Francisco Totimehuac\u00e1n, Roberto Luis Gonz\u00e1lez de San Miguel Canoa, Otilio Flores Navarro de Santo Tom\u00e1s Chautla, Antonio Luna Pacheco de San Sebasti\u00e1n de Aparicio y Jos\u00e9 Alfredo Jim\u00e9nez Navarro de San Pedro Zacachimalpa. En otro tema, los ediles aprovecharon para pedir al Ayuntamiento de Puebla que les indiquen cu\u00e1les juntas auxiliares cuentan actualmente con la figura de juez de paz y cu\u00e1l es el estado que guardan estas figuras, as\u00ed como un directorio actualizado que contenga los datos personales de la persona registrada. Publicaci\u00f3n Original: https:\/\/www.elsoldepuebla.com.mx\/local\/es-ilegal-y-precipitado-ediles-auxiliares-ante-la-realizacion-de-plebiscitos-por-el-iee-puebla-5546834.html","og_url":"https:\/\/ferabrajan.com\/portal\/2020\/07\/27\/es-ilegal-y-precipitado-ediles-auxiliares-ante-la-realizacion-de-plebiscitos-por-el-iee\/","og_site_name":"Fer Abrajan","article_publisher":"https:\/\/www.facebook.com\/NoticiasconFerAbrajan\/","article_published_time":"2020-07-27T17:17:10+00:00","author":"admin","twitter_card":"summary_large_image","twitter_creator":"@ferabrajan1","twitter_site":"@ferabrajan1","twitter_misc":{"Escrito por":"admin","Tiempo de lectura":"3 minutos"},"schema":{"@context":"https:\/\/schema.org","@graph":[{"@type":"Article","@id":"https:\/\/ferabrajan.com\/portal\/2020\/07\/27\/es-ilegal-y-precipitado-ediles-auxiliares-ante-la-realizacion-de-plebiscitos-por-el-iee\/#article","isPartOf":{"@id":"https:\/\/ferabrajan.com\/portal\/2020\/07\/27\/es-ilegal-y-precipitado-ediles-auxiliares-ante-la-realizacion-de-plebiscitos-por-el-iee\/"},"author":{"name":"admin","@id":"https:\/\/ferabrajan.com\/portal\/#\/schema\/person\/f6113b3cb1e036d5c6a9505685b257ba"},"headline":"Es ilegal y precipitado: ediles auxiliares ante la realizaci\u00f3n de plebiscitos por el IEE","datePublished":"2020-07-27T17:17:10+00:00","mainEntityOfPage":{"@id":"https:\/\/ferabrajan.com\/portal\/2020\/07\/27\/es-ilegal-y-precipitado-ediles-auxiliares-ante-la-realizacion-de-plebiscitos-por-el-iee\/"},"wordCount":551,"publisher":{"@id":"https:\/\/ferabrajan.com\/portal\/#organization"},"image":{"@id":"https:\/\/ferabrajan.com\/portal\/2020\/07\/27\/es-ilegal-y-precipitado-ediles-auxiliares-ante-la-realizacion-de-plebiscitos-por-el-iee\/#primaryimage"},"thumbnailUrl":"","articleSection":["Local","Puebla"],"inLanguage":"es"},{"@type":"WebPage","@id":"https:\/\/ferabrajan.com\/portal\/2020\/07\/27\/es-ilegal-y-precipitado-ediles-auxiliares-ante-la-realizacion-de-plebiscitos-por-el-iee\/","url":"https:\/\/ferabrajan.com\/portal\/2020\/07\/27\/es-ilegal-y-precipitado-ediles-auxiliares-ante-la-realizacion-de-plebiscitos-por-el-iee\/","name":"Es ilegal y precipitado: ediles auxiliares ante la realizaci\u00f3n de plebiscitos por el IEE - Fer Abrajan","isPartOf":{"@id":"https:\/\/ferabrajan.com\/portal\/#website"},"primaryImageOfPage":{"@id":"https:\/\/ferabrajan.com\/portal\/2020\/07\/27\/es-ilegal-y-precipitado-ediles-auxiliares-ante-la-realizacion-de-plebiscitos-por-el-iee\/#primaryimage"},"image":{"@id":"https:\/\/ferabrajan.com\/portal\/2020\/07\/27\/es-ilegal-y-precipitado-ediles-auxiliares-ante-la-realizacion-de-plebiscitos-por-el-iee\/#primaryimage"},"thumbnailUrl":"","datePublished":"2020-07-27T17:17:10+00:00","breadcrumb":{"@id":"https:\/\/ferabrajan.com\/portal\/2020\/07\/27\/es-ilegal-y-precipitado-ediles-auxiliares-ante-la-realizacion-de-plebiscitos-por-el-iee\/#breadcrumb"},"inLanguage":"es","potentialAction":[{"@type":"ReadAction","target":["https:\/\/ferabrajan.com\/portal\/2020\/07\/27\/es-ilegal-y-precipitado-ediles-auxiliares-ante-la-realizacion-de-plebiscitos-por-el-iee\/"]}]},{"@type":"ImageObject","inLanguage":"es","@id":"https:\/\/ferabrajan.com\/portal\/2020\/07\/27\/es-ilegal-y-precipitado-ediles-auxiliares-ante-la-realizacion-de-plebiscitos-por-el-iee\/#primaryimage","url":"","contentUrl":""},{"@type":"BreadcrumbList","@id":"https:\/\/ferabrajan.com\/portal\/2020\/07\/27\/es-ilegal-y-precipitado-ediles-auxiliares-ante-la-realizacion-de-plebiscitos-por-el-iee\/#breadcrumb","itemListElement":[{"@type":"ListItem","position":1,"name":"Portada","item":"https:\/\/ferabrajan.com\/portal\/"},{"@type":"ListItem","position":2,"name":"Es ilegal y precipitado: ediles auxiliares ante la realizaci\u00f3n de plebiscitos por el IEE"}]},{"@type":"WebSite","@id":"https:\/\/ferabrajan.com\/portal\/#website","url":"https:\/\/ferabrajan.com\/portal\/","name":"Fer Abrajan","description":"Noticias de Puebla, opini\u00f3n y radio en vivo","publisher":{"@id":"https:\/\/ferabrajan.com\/portal\/#organization"},"potentialAction":[{"@type":"SearchAction","target":{"@type":"EntryPoint","urlTemplate":"https:\/\/ferabrajan.com\/portal\/?s={search_term_string}"},"query-input":{"@type":"PropertyValueSpecification","valueRequired":true,"valueName":"search_term_string"}}],"inLanguage":"es"},{"@type":"Organization","@id":"https:\/\/ferabrajan.com\/portal\/#organization","name":"Fer Abrajan","url":"https:\/\/ferabrajan.com\/portal\/","logo":{"@type":"ImageObject","inLanguage":"es","@id":"https:\/\/ferabrajan.com\/portal\/#\/schema\/logo\/image\/","url":"https:\/\/ferabrajan.com\/portal\/wp-content\/uploads\/2024\/10\/cropped-logo.jpeg","contentUrl":"https:\/\/ferabrajan.com\/portal\/wp-content\/uploads\/2024\/10\/cropped-logo.jpeg","width":500,"height":250,"caption":"Fer Abrajan"},"image":{"@id":"https:\/\/ferabrajan.com\/portal\/#\/schema\/logo\/image\/"},"sameAs":["https:\/\/www.facebook.com\/NoticiasconFerAbrajan\/","https:\/\/x.com\/ferabrajan1"]},{"@type":"Person","@id":"https:\/\/ferabrajan.com\/portal\/#\/schema\/person\/f6113b3cb1e036d5c6a9505685b257ba","name":"admin","image":{"@type":"ImageObject","inLanguage":"es","@id":"https:\/\/secure.gravatar.com\/avatar\/072baa72775aad53c748dfc5d3048578e01b6c087eef335459ebfa04344e2d18?s=96&d=mm&r=g","url":"https:\/\/secure.gravatar.com\/avatar\/072baa72775aad53c748dfc5d3048578e01b6c087eef335459ebfa04344e2d18?s=96&d=mm&r=g","contentUrl":"https:\/\/secure.gravatar.com\/avatar\/072baa72775aad53c748dfc5d3048578e01b6c087eef335459ebfa04344e2d18?s=96&d=mm&r=g","caption":"admin"},"sameAs":["https:\/\/ferabrajan.com\/portal"],"url":"https:\/\/ferabrajan.com\/portal\/author\/admin\/"}]}},"_links":{"self":[{"href":"https:\/\/ferabrajan.com\/portal\/wp-json\/wp\/v2\/posts\/15747","targetHints":{"allow":["GET"]}}],"collection":[{"href":"https:\/\/ferabrajan.com\/portal\/wp-json\/wp\/v2\/posts"}],"about":[{"href":"https:\/\/ferabrajan.com\/portal\/wp-json\/wp\/v2\/types\/post"}],"author":[{"embeddable":true,"href":"https:\/\/ferabrajan.com\/portal\/wp-json\/wp\/v2\/users\/1"}],"replies":[{"embeddable":true,"href":"https:\/\/ferabrajan.com\/portal\/wp-json\/wp\/v2\/comments?post=15747"}],"version-history":[{"count":0,"href":"https:\/\/ferabrajan.com\/portal\/wp-json\/wp\/v2\/posts\/15747\/revisions"}],"wp:attachment":[{"href":"https:\/\/ferabrajan.com\/portal\/wp-json\/wp\/v2\/media?parent=15747"}],"wp:term":[{"taxonomy":"category","embeddable":true,"href":"https:\/\/ferabrajan.com\/portal\/wp-json\/wp\/v2\/categories?post=15747"},{"taxonomy":"post_tag","embeddable":true,"href":"https:\/\/ferabrajan.com\/portal\/wp-json\/wp\/v2\/tags?post=15747"}],"curies":[{"name":"wp","href":"https:\/\/api.w.org\/{rel}","templated":true}]}}