{"id":15732,"date":"2020-07-27T17:49:10","date_gmt":"2020-07-27T17:49:10","guid":{"rendered":"https:\/\/www.elsoldepuebla.com.mx\/mundo\/assange-sufrio-persecucion-politica-por-parte-de-eu-baltasar-garzon-5546876.html"},"modified":"2020-07-27T17:49:10","modified_gmt":"2020-07-27T17:49:10","slug":"assange-sufrio-persecucion-politica-por-parte-de-eu-baltasar-garzon","status":"publish","type":"post","link":"https:\/\/ferabrajan.com\/portal\/2020\/07\/27\/assange-sufrio-persecucion-politica-por-parte-de-eu-baltasar-garzon\/","title":{"rendered":"Assange sufri\u00f3 &quot;persecuci\u00f3n pol\u00edtica&quot; por parte de EU: Baltasar Garz\u00f3n"},"content":{"rendered":"<div><img decoding=\"async\" src=\"https:\/\/www.elsoldemexico.com.mx\/mundo\/1e405u-julian-assange.jpg\/ALTERNATES\/LANDSCAPE_1140\/Julian%20Assange.jpg\" class=\"ff-og-image-inserted\"><\/div>\n<p>El jurista espa\u00f1ol Baltasar Garz\u00f3n, coordinador de la defensa de Julian Assange, reiter\u00f3 este lunes que el fundador de Wikileaks sufri\u00f3 \u00abpersecuci\u00f3n pol\u00edtica\u00bb por \u00abrevelar hechos grav\u00edsimos\u00bb y se\u00f1al\u00f3 directamente a Estados Unidos como el \u00abagente de persecuci\u00f3n\u00bb, que ahora le reclama por la filtraci\u00f3n de documentos confidenciales.<\/p>\n<p>Garz\u00f3n declar\u00f3 hoy ante un tribunal de la Audiencia Nacional espa\u00f1ola como testigo en la causa que investiga el supuesto espionaje a Assange por parte de la empresa de seguridad espa\u00f1ola UC Global, que estuvo a cargo de la seguridad de la embajada de Ecuador en Londres entre 2015 y 2018.<\/p>\n<article class=\"mundo media col-md-4 inline-story\"> <\/article>\n<p>\u00abEl agente de persecuci\u00f3n es Estados Unidos; sigue haci\u00e9ndolo. Desde nuestro punto de vista es ilegal absolutamente lo que est\u00e1 haciendo\u00bb, recalc\u00f3 Garz\u00f3n a la prensa a la salida de su declaraci\u00f3n, y a\u00f1adi\u00f3 que ese pa\u00eds se nutr\u00eda presuntamente de UC Global, que reportaba \u00abcon regularidad, minuciosa y pormenorizadamente\u00bb, lo que hac\u00eda el equipo de defensa de Assange.<\/p>\n<p>A su juicio, el procedimiento legal en Estados Unidos contra Assange qued\u00f3 \u00abtotalmente contaminado\u00bb, porque \u00e9ste sufri\u00f3 \u00abuna persecuci\u00f3n pol\u00edtica en la que se han quebrantado todas las normas del debido proceso y se ha actuado con pruebas falsas\u00bb.<\/p>\n<p>Entregar a Assange a Washington supondr\u00eda \u00abuna violaci\u00f3n\u00bb del derecho de defensa y un \u00abataque\u00bb a la libertad de expresi\u00f3n y acceso a la informaci\u00f3n, sostuvo Garz\u00f3n, quien incidi\u00f3 en que el australiano es un periodista que fue perseguido \u00abpor revelar hechos grav\u00edsimos de cr\u00edmenes contra la humanidad\u00bb y corrupci\u00f3n.<\/p>\n<p>Assange, que estuvo refugiado desde 2012 hasta 2019 en la embajada ecuatoriana en Londres, se encuentra en la prisi\u00f3n brit\u00e1nica de m\u00e1xima seguridad de Belmarsh, en la capital brit\u00e1nica, a la espera de la segunda fase del proceso de extradici\u00f3n solicitado por Estados Unidos.<\/p>\n<p>UC Global, contratada por el Gobierno de Ecuador para reforzar la seguridad de la Embajada, fue denunciada por Assange por espiarle, algo que tambi\u00e9n hizo despu\u00e9s el entonces presidente ecuatoriano, Rafael Correa.<\/p>\n<p>Garz\u00f3n record\u00f3 que, al asumir la coordinaci\u00f3n de la defensa de Assange, \u00e9l tambi\u00e9n fue objeto de una \u00abvigilancia espec\u00edfica\u00bb en relaci\u00f3n con una reuni\u00f3n que mantuvo en Madrid con el expresidente Correa, \u00abque fue objeto de seguimiento y de rendimiento de informaci\u00f3n\u00bb a \u00ablos servicios de inteligencia de Estados Unidos\u00bb, tambi\u00e9n presuntamente a trav\u00e9s de UC Global.<\/p>\n<article class=\"mundo media col-md-4 inline-story\"> <\/article>\n<p>Seg\u00fan Garz\u00f3n, Assange est\u00e1 \u00abmal, pero un poco mejor\u00bb, y se encuentra a la espera de que el 6 de septiembre contin\u00fae el proceso de extradici\u00f3n.<\/p>\n<p>Este lunes tambi\u00e9n estaban citados en la Audiencia Nacional la actual pareja de Assange, Stella Morris, que tambi\u00e9n integra su equipo legal, y el exc\u00f3nsul de Ecuador en Reino Unido Fidel Narv\u00e1ez.<\/p>\n<p>Publicaci\u00f3n Original: <a href=\"https:\/\/www.elsoldepuebla.com.mx\/mundo\/assange-sufrio-persecucion-politica-por-parte-de-eu-baltasar-garzon-5546876.html\" target=\"_blank\" rel=\"noopener noreferrer\">https:\/\/www.elsoldepuebla.com.mx\/mundo\/assange-sufrio-persecucion-politica-por-parte-de-eu-baltasar-garzon-5546876.html<\/a><\/p>\n","protected":false},"excerpt":{"rendered":"<p>El jurista espa\u00f1ol Baltasar Garz\u00f3n, coordinador de la defensa de Julian Assange, reiter\u00f3 este lunes que el fundador de Wikileaks sufri\u00f3 \u00abpersecuci\u00f3n pol\u00edtica\u00bb por \u00abrevelar hechos grav\u00edsimos\u00bb y se\u00f1al\u00f3 directamente a Estados Unidos como el \u00abagente de persecuci\u00f3n\u00bb, que ahora le reclama por la filtraci\u00f3n de documentos confidenciales. Garz\u00f3n declar\u00f3 hoy ante un tribunal de la Audiencia Nacional espa\u00f1ola como testigo en la causa que investiga el supuesto espionaje a Assange por parte de la empresa de seguridad espa\u00f1ola UC Global, que estuvo a cargo de la seguridad de la embajada de Ecuador en Londres entre 2015 y 2018. \u00abEl agente de persecuci\u00f3n es Estados Unidos; sigue haci\u00e9ndolo. Desde nuestro punto de vista es ilegal absolutamente lo que est\u00e1 haciendo\u00bb, recalc\u00f3 Garz\u00f3n a la prensa a la salida de su declaraci\u00f3n, y a\u00f1adi\u00f3 que ese pa\u00eds se nutr\u00eda presuntamente de UC Global, que reportaba \u00abcon regularidad, minuciosa y pormenorizadamente\u00bb, lo que hac\u00eda el equipo de defensa de Assange. A su juicio, el procedimiento legal en Estados Unidos contra Assange qued\u00f3 \u00abtotalmente contaminado\u00bb, porque \u00e9ste sufri\u00f3 \u00abuna persecuci\u00f3n pol\u00edtica en la que se han quebrantado todas las normas del debido proceso y se ha actuado con pruebas falsas\u00bb. Entregar a Assange a Washington supondr\u00eda \u00abuna violaci\u00f3n\u00bb del derecho de defensa y un \u00abataque\u00bb a la libertad de expresi\u00f3n y acceso a la informaci\u00f3n, sostuvo Garz\u00f3n, quien incidi\u00f3 en que el australiano es un periodista que fue perseguido \u00abpor revelar hechos grav\u00edsimos de cr\u00edmenes contra la humanidad\u00bb y corrupci\u00f3n. Assange, que estuvo refugiado desde 2012 hasta 2019 en la embajada ecuatoriana en Londres, se encuentra en la prisi\u00f3n brit\u00e1nica de m\u00e1xima seguridad de Belmarsh, en la capital brit\u00e1nica, a la espera de la segunda fase del proceso de extradici\u00f3n solicitado por Estados Unidos. UC Global, contratada por el Gobierno de Ecuador para reforzar la seguridad de la Embajada, fue denunciada por Assange por espiarle, algo que tambi\u00e9n hizo despu\u00e9s el entonces presidente ecuatoriano, Rafael Correa. Garz\u00f3n record\u00f3 que, al asumir la coordinaci\u00f3n de la defensa de Assange, \u00e9l tambi\u00e9n fue objeto de una \u00abvigilancia espec\u00edfica\u00bb en relaci\u00f3n con una reuni\u00f3n que mantuvo en Madrid con el expresidente Correa, \u00abque fue objeto de seguimiento y de rendimiento de informaci\u00f3n\u00bb a \u00ablos servicios de inteligencia de Estados Unidos\u00bb, tambi\u00e9n presuntamente a trav\u00e9s de UC Global. Seg\u00fan Garz\u00f3n, Assange est\u00e1 \u00abmal, pero un poco mejor\u00bb, y se encuentra a la espera de que el 6 de septiembre contin\u00fae el proceso de extradici\u00f3n. Este lunes tambi\u00e9n estaban citados en la Audiencia Nacional la actual pareja de Assange, Stella Morris, que tambi\u00e9n integra su equipo legal, y el exc\u00f3nsul de Ecuador en Reino Unido Fidel Narv\u00e1ez. Publicaci\u00f3n Original: https:\/\/www.elsoldepuebla.com.mx\/mundo\/assange-sufrio-persecucion-politica-por-parte-de-eu-baltasar-garzon-5546876.html<\/p>\n","protected":false},"author":1,"featured_media":15736,"comment_status":"closed","ping_status":"closed","sticky":false,"template":"","format":"standard","meta":{"_monsterinsights_skip_tracking":false,"_uf_show_specific_survey":0,"_uf_disable_surveys":false,"footnotes":""},"categories":[34],"tags":[],"class_list":["post-15732","post","type-post","status-publish","format-standard","has-post-thumbnail","hentry","category-puebla"],"yoast_head":"<!-- This site is optimized with the Yoast SEO plugin v27.5 - https:\/\/yoast.com\/product\/yoast-seo-wordpress\/ -->\n<title>Assange sufri\u00f3 &quot;persecuci\u00f3n pol\u00edtica&quot; por parte de EU: Baltasar Garz\u00f3n - Fer Abrajan<\/title>\n<meta name=\"robots\" content=\"index, follow, max-snippet:-1, max-image-preview:large, max-video-preview:-1\" \/>\n<link rel=\"canonical\" href=\"https:\/\/ferabrajan.com\/portal\/2020\/07\/27\/assange-sufrio-persecucion-politica-por-parte-de-eu-baltasar-garzon\/\" \/>\n<meta property=\"og:locale\" content=\"es_ES\" \/>\n<meta property=\"og:type\" content=\"article\" \/>\n<meta property=\"og:title\" content=\"Assange sufri\u00f3 &quot;persecuci\u00f3n pol\u00edtica&quot; por parte de EU: Baltasar Garz\u00f3n - Fer Abrajan\" \/>\n<meta property=\"og:description\" content=\"El jurista espa\u00f1ol Baltasar Garz\u00f3n, coordinador de la defensa de Julian Assange, reiter\u00f3 este lunes que el fundador de Wikileaks sufri\u00f3 \u00abpersecuci\u00f3n pol\u00edtica\u00bb por \u00abrevelar hechos grav\u00edsimos\u00bb y se\u00f1al\u00f3 directamente a Estados Unidos como el \u00abagente de persecuci\u00f3n\u00bb, que ahora le reclama por la filtraci\u00f3n de documentos confidenciales. Garz\u00f3n declar\u00f3 hoy ante un tribunal de la Audiencia Nacional espa\u00f1ola como testigo en la causa que investiga el supuesto espionaje a Assange por parte de la empresa de seguridad espa\u00f1ola UC Global, que estuvo a cargo de la seguridad de la embajada de Ecuador en Londres entre 2015 y 2018. \u00abEl agente de persecuci\u00f3n es Estados Unidos; sigue haci\u00e9ndolo. Desde nuestro punto de vista es ilegal absolutamente lo que est\u00e1 haciendo\u00bb, recalc\u00f3 Garz\u00f3n a la prensa a la salida de su declaraci\u00f3n, y a\u00f1adi\u00f3 que ese pa\u00eds se nutr\u00eda presuntamente de UC Global, que reportaba \u00abcon regularidad, minuciosa y pormenorizadamente\u00bb, lo que hac\u00eda el equipo de defensa de Assange. A su juicio, el procedimiento legal en Estados Unidos contra Assange qued\u00f3 \u00abtotalmente contaminado\u00bb, porque \u00e9ste sufri\u00f3 \u00abuna persecuci\u00f3n pol\u00edtica en la que se han quebrantado todas las normas del debido proceso y se ha actuado con pruebas falsas\u00bb. Entregar a Assange a Washington supondr\u00eda \u00abuna violaci\u00f3n\u00bb del derecho de defensa y un \u00abataque\u00bb a la libertad de expresi\u00f3n y acceso a la informaci\u00f3n, sostuvo Garz\u00f3n, quien incidi\u00f3 en que el australiano es un periodista que fue perseguido \u00abpor revelar hechos grav\u00edsimos de cr\u00edmenes contra la humanidad\u00bb y corrupci\u00f3n. Assange, que estuvo refugiado desde 2012 hasta 2019 en la embajada ecuatoriana en Londres, se encuentra en la prisi\u00f3n brit\u00e1nica de m\u00e1xima seguridad de Belmarsh, en la capital brit\u00e1nica, a la espera de la segunda fase del proceso de extradici\u00f3n solicitado por Estados Unidos. UC Global, contratada por el Gobierno de Ecuador para reforzar la seguridad de la Embajada, fue denunciada por Assange por espiarle, algo que tambi\u00e9n hizo despu\u00e9s el entonces presidente ecuatoriano, Rafael Correa. Garz\u00f3n record\u00f3 que, al asumir la coordinaci\u00f3n de la defensa de Assange, \u00e9l tambi\u00e9n fue objeto de una \u00abvigilancia espec\u00edfica\u00bb en relaci\u00f3n con una reuni\u00f3n que mantuvo en Madrid con el expresidente Correa, \u00abque fue objeto de seguimiento y de rendimiento de informaci\u00f3n\u00bb a \u00ablos servicios de inteligencia de Estados Unidos\u00bb, tambi\u00e9n presuntamente a trav\u00e9s de UC Global. Seg\u00fan Garz\u00f3n, Assange est\u00e1 \u00abmal, pero un poco mejor\u00bb, y se encuentra a la espera de que el 6 de septiembre contin\u00fae el proceso de extradici\u00f3n. Este lunes tambi\u00e9n estaban citados en la Audiencia Nacional la actual pareja de Assange, Stella Morris, que tambi\u00e9n integra su equipo legal, y el exc\u00f3nsul de Ecuador en Reino Unido Fidel Narv\u00e1ez. Publicaci\u00f3n Original: https:\/\/www.elsoldepuebla.com.mx\/mundo\/assange-sufrio-persecucion-politica-por-parte-de-eu-baltasar-garzon-5546876.html\" \/>\n<meta property=\"og:url\" content=\"https:\/\/ferabrajan.com\/portal\/2020\/07\/27\/assange-sufrio-persecucion-politica-por-parte-de-eu-baltasar-garzon\/\" \/>\n<meta property=\"og:site_name\" content=\"Fer Abrajan\" \/>\n<meta property=\"article:publisher\" content=\"https:\/\/www.facebook.com\/NoticiasconFerAbrajan\/\" \/>\n<meta property=\"article:published_time\" content=\"2020-07-27T17:49:10+00:00\" \/>\n<meta name=\"author\" content=\"admin\" \/>\n<meta name=\"twitter:card\" content=\"summary_large_image\" \/>\n<meta name=\"twitter:creator\" content=\"@ferabrajan1\" \/>\n<meta name=\"twitter:site\" content=\"@ferabrajan1\" \/>\n<meta name=\"twitter:label1\" content=\"Escrito por\" \/>\n\t<meta name=\"twitter:data1\" content=\"admin\" \/>\n\t<meta name=\"twitter:label2\" content=\"Tiempo de lectura\" \/>\n\t<meta name=\"twitter:data2\" content=\"2 minutos\" \/>\n<script type=\"application\/ld+json\" class=\"yoast-schema-graph\">{\"@context\":\"https:\\\/\\\/schema.org\",\"@graph\":[{\"@type\":\"Article\",\"@id\":\"https:\\\/\\\/ferabrajan.com\\\/portal\\\/2020\\\/07\\\/27\\\/assange-sufrio-persecucion-politica-por-parte-de-eu-baltasar-garzon\\\/#article\",\"isPartOf\":{\"@id\":\"https:\\\/\\\/ferabrajan.com\\\/portal\\\/2020\\\/07\\\/27\\\/assange-sufrio-persecucion-politica-por-parte-de-eu-baltasar-garzon\\\/\"},\"author\":{\"name\":\"admin\",\"@id\":\"https:\\\/\\\/ferabrajan.com\\\/portal\\\/#\\\/schema\\\/person\\\/f6113b3cb1e036d5c6a9505685b257ba\"},\"headline\":\"Assange sufri\u00f3 &quot;persecuci\u00f3n pol\u00edtica&quot; por parte de EU: Baltasar Garz\u00f3n\",\"datePublished\":\"2020-07-27T17:49:10+00:00\",\"mainEntityOfPage\":{\"@id\":\"https:\\\/\\\/ferabrajan.com\\\/portal\\\/2020\\\/07\\\/27\\\/assange-sufrio-persecucion-politica-por-parte-de-eu-baltasar-garzon\\\/\"},\"wordCount\":513,\"publisher\":{\"@id\":\"https:\\\/\\\/ferabrajan.com\\\/portal\\\/#organization\"},\"image\":{\"@id\":\"https:\\\/\\\/ferabrajan.com\\\/portal\\\/2020\\\/07\\\/27\\\/assange-sufrio-persecucion-politica-por-parte-de-eu-baltasar-garzon\\\/#primaryimage\"},\"thumbnailUrl\":\"\",\"articleSection\":[\"Puebla\"],\"inLanguage\":\"es\"},{\"@type\":\"WebPage\",\"@id\":\"https:\\\/\\\/ferabrajan.com\\\/portal\\\/2020\\\/07\\\/27\\\/assange-sufrio-persecucion-politica-por-parte-de-eu-baltasar-garzon\\\/\",\"url\":\"https:\\\/\\\/ferabrajan.com\\\/portal\\\/2020\\\/07\\\/27\\\/assange-sufrio-persecucion-politica-por-parte-de-eu-baltasar-garzon\\\/\",\"name\":\"Assange sufri\u00f3 &quot;persecuci\u00f3n pol\u00edtica&quot; por parte de EU: Baltasar Garz\u00f3n - Fer Abrajan\",\"isPartOf\":{\"@id\":\"https:\\\/\\\/ferabrajan.com\\\/portal\\\/#website\"},\"primaryImageOfPage\":{\"@id\":\"https:\\\/\\\/ferabrajan.com\\\/portal\\\/2020\\\/07\\\/27\\\/assange-sufrio-persecucion-politica-por-parte-de-eu-baltasar-garzon\\\/#primaryimage\"},\"image\":{\"@id\":\"https:\\\/\\\/ferabrajan.com\\\/portal\\\/2020\\\/07\\\/27\\\/assange-sufrio-persecucion-politica-por-parte-de-eu-baltasar-garzon\\\/#primaryimage\"},\"thumbnailUrl\":\"\",\"datePublished\":\"2020-07-27T17:49:10+00:00\",\"breadcrumb\":{\"@id\":\"https:\\\/\\\/ferabrajan.com\\\/portal\\\/2020\\\/07\\\/27\\\/assange-sufrio-persecucion-politica-por-parte-de-eu-baltasar-garzon\\\/#breadcrumb\"},\"inLanguage\":\"es\",\"potentialAction\":[{\"@type\":\"ReadAction\",\"target\":[\"https:\\\/\\\/ferabrajan.com\\\/portal\\\/2020\\\/07\\\/27\\\/assange-sufrio-persecucion-politica-por-parte-de-eu-baltasar-garzon\\\/\"]}]},{\"@type\":\"ImageObject\",\"inLanguage\":\"es\",\"@id\":\"https:\\\/\\\/ferabrajan.com\\\/portal\\\/2020\\\/07\\\/27\\\/assange-sufrio-persecucion-politica-por-parte-de-eu-baltasar-garzon\\\/#primaryimage\",\"url\":\"\",\"contentUrl\":\"\"},{\"@type\":\"BreadcrumbList\",\"@id\":\"https:\\\/\\\/ferabrajan.com\\\/portal\\\/2020\\\/07\\\/27\\\/assange-sufrio-persecucion-politica-por-parte-de-eu-baltasar-garzon\\\/#breadcrumb\",\"itemListElement\":[{\"@type\":\"ListItem\",\"position\":1,\"name\":\"Portada\",\"item\":\"https:\\\/\\\/ferabrajan.com\\\/portal\\\/\"},{\"@type\":\"ListItem\",\"position\":2,\"name\":\"Assange sufri\u00f3 &quot;persecuci\u00f3n pol\u00edtica&quot; por parte de EU: Baltasar Garz\u00f3n\"}]},{\"@type\":\"WebSite\",\"@id\":\"https:\\\/\\\/ferabrajan.com\\\/portal\\\/#website\",\"url\":\"https:\\\/\\\/ferabrajan.com\\\/portal\\\/\",\"name\":\"Fer Abrajan\",\"description\":\"Noticias de Puebla, opini\u00f3n y radio en vivo\",\"publisher\":{\"@id\":\"https:\\\/\\\/ferabrajan.com\\\/portal\\\/#organization\"},\"potentialAction\":[{\"@type\":\"SearchAction\",\"target\":{\"@type\":\"EntryPoint\",\"urlTemplate\":\"https:\\\/\\\/ferabrajan.com\\\/portal\\\/?s={search_term_string}\"},\"query-input\":{\"@type\":\"PropertyValueSpecification\",\"valueRequired\":true,\"valueName\":\"search_term_string\"}}],\"inLanguage\":\"es\"},{\"@type\":\"Organization\",\"@id\":\"https:\\\/\\\/ferabrajan.com\\\/portal\\\/#organization\",\"name\":\"Fer Abrajan\",\"url\":\"https:\\\/\\\/ferabrajan.com\\\/portal\\\/\",\"logo\":{\"@type\":\"ImageObject\",\"inLanguage\":\"es\",\"@id\":\"https:\\\/\\\/ferabrajan.com\\\/portal\\\/#\\\/schema\\\/logo\\\/image\\\/\",\"url\":\"https:\\\/\\\/ferabrajan.com\\\/portal\\\/wp-content\\\/uploads\\\/2024\\\/10\\\/cropped-logo.jpeg\",\"contentUrl\":\"https:\\\/\\\/ferabrajan.com\\\/portal\\\/wp-content\\\/uploads\\\/2024\\\/10\\\/cropped-logo.jpeg\",\"width\":500,\"height\":250,\"caption\":\"Fer Abrajan\"},\"image\":{\"@id\":\"https:\\\/\\\/ferabrajan.com\\\/portal\\\/#\\\/schema\\\/logo\\\/image\\\/\"},\"sameAs\":[\"https:\\\/\\\/www.facebook.com\\\/NoticiasconFerAbrajan\\\/\",\"https:\\\/\\\/x.com\\\/ferabrajan1\"]},{\"@type\":\"Person\",\"@id\":\"https:\\\/\\\/ferabrajan.com\\\/portal\\\/#\\\/schema\\\/person\\\/f6113b3cb1e036d5c6a9505685b257ba\",\"name\":\"admin\",\"image\":{\"@type\":\"ImageObject\",\"inLanguage\":\"es\",\"@id\":\"https:\\\/\\\/secure.gravatar.com\\\/avatar\\\/072baa72775aad53c748dfc5d3048578e01b6c087eef335459ebfa04344e2d18?s=96&d=mm&r=g\",\"url\":\"https:\\\/\\\/secure.gravatar.com\\\/avatar\\\/072baa72775aad53c748dfc5d3048578e01b6c087eef335459ebfa04344e2d18?s=96&d=mm&r=g\",\"contentUrl\":\"https:\\\/\\\/secure.gravatar.com\\\/avatar\\\/072baa72775aad53c748dfc5d3048578e01b6c087eef335459ebfa04344e2d18?s=96&d=mm&r=g\",\"caption\":\"admin\"},\"sameAs\":[\"https:\\\/\\\/ferabrajan.com\\\/portal\"],\"url\":\"https:\\\/\\\/ferabrajan.com\\\/portal\\\/author\\\/admin\\\/\"}]}<\/script>\n<!-- \/ Yoast SEO plugin. -->","yoast_head_json":{"title":"Assange sufri\u00f3 &quot;persecuci\u00f3n pol\u00edtica&quot; por parte de EU: Baltasar Garz\u00f3n - Fer Abrajan","robots":{"index":"index","follow":"follow","max-snippet":"max-snippet:-1","max-image-preview":"max-image-preview:large","max-video-preview":"max-video-preview:-1"},"canonical":"https:\/\/ferabrajan.com\/portal\/2020\/07\/27\/assange-sufrio-persecucion-politica-por-parte-de-eu-baltasar-garzon\/","og_locale":"es_ES","og_type":"article","og_title":"Assange sufri\u00f3 &quot;persecuci\u00f3n pol\u00edtica&quot; por parte de EU: Baltasar Garz\u00f3n - Fer Abrajan","og_description":"El jurista espa\u00f1ol Baltasar Garz\u00f3n, coordinador de la defensa de Julian Assange, reiter\u00f3 este lunes que el fundador de Wikileaks sufri\u00f3 \u00abpersecuci\u00f3n pol\u00edtica\u00bb por \u00abrevelar hechos grav\u00edsimos\u00bb y se\u00f1al\u00f3 directamente a Estados Unidos como el \u00abagente de persecuci\u00f3n\u00bb, que ahora le reclama por la filtraci\u00f3n de documentos confidenciales. Garz\u00f3n declar\u00f3 hoy ante un tribunal de la Audiencia Nacional espa\u00f1ola como testigo en la causa que investiga el supuesto espionaje a Assange por parte de la empresa de seguridad espa\u00f1ola UC Global, que estuvo a cargo de la seguridad de la embajada de Ecuador en Londres entre 2015 y 2018. \u00abEl agente de persecuci\u00f3n es Estados Unidos; sigue haci\u00e9ndolo. Desde nuestro punto de vista es ilegal absolutamente lo que est\u00e1 haciendo\u00bb, recalc\u00f3 Garz\u00f3n a la prensa a la salida de su declaraci\u00f3n, y a\u00f1adi\u00f3 que ese pa\u00eds se nutr\u00eda presuntamente de UC Global, que reportaba \u00abcon regularidad, minuciosa y pormenorizadamente\u00bb, lo que hac\u00eda el equipo de defensa de Assange. A su juicio, el procedimiento legal en Estados Unidos contra Assange qued\u00f3 \u00abtotalmente contaminado\u00bb, porque \u00e9ste sufri\u00f3 \u00abuna persecuci\u00f3n pol\u00edtica en la que se han quebrantado todas las normas del debido proceso y se ha actuado con pruebas falsas\u00bb. Entregar a Assange a Washington supondr\u00eda \u00abuna violaci\u00f3n\u00bb del derecho de defensa y un \u00abataque\u00bb a la libertad de expresi\u00f3n y acceso a la informaci\u00f3n, sostuvo Garz\u00f3n, quien incidi\u00f3 en que el australiano es un periodista que fue perseguido \u00abpor revelar hechos grav\u00edsimos de cr\u00edmenes contra la humanidad\u00bb y corrupci\u00f3n. Assange, que estuvo refugiado desde 2012 hasta 2019 en la embajada ecuatoriana en Londres, se encuentra en la prisi\u00f3n brit\u00e1nica de m\u00e1xima seguridad de Belmarsh, en la capital brit\u00e1nica, a la espera de la segunda fase del proceso de extradici\u00f3n solicitado por Estados Unidos. UC Global, contratada por el Gobierno de Ecuador para reforzar la seguridad de la Embajada, fue denunciada por Assange por espiarle, algo que tambi\u00e9n hizo despu\u00e9s el entonces presidente ecuatoriano, Rafael Correa. Garz\u00f3n record\u00f3 que, al asumir la coordinaci\u00f3n de la defensa de Assange, \u00e9l tambi\u00e9n fue objeto de una \u00abvigilancia espec\u00edfica\u00bb en relaci\u00f3n con una reuni\u00f3n que mantuvo en Madrid con el expresidente Correa, \u00abque fue objeto de seguimiento y de rendimiento de informaci\u00f3n\u00bb a \u00ablos servicios de inteligencia de Estados Unidos\u00bb, tambi\u00e9n presuntamente a trav\u00e9s de UC Global. Seg\u00fan Garz\u00f3n, Assange est\u00e1 \u00abmal, pero un poco mejor\u00bb, y se encuentra a la espera de que el 6 de septiembre contin\u00fae el proceso de extradici\u00f3n. Este lunes tambi\u00e9n estaban citados en la Audiencia Nacional la actual pareja de Assange, Stella Morris, que tambi\u00e9n integra su equipo legal, y el exc\u00f3nsul de Ecuador en Reino Unido Fidel Narv\u00e1ez. Publicaci\u00f3n Original: https:\/\/www.elsoldepuebla.com.mx\/mundo\/assange-sufrio-persecucion-politica-por-parte-de-eu-baltasar-garzon-5546876.html","og_url":"https:\/\/ferabrajan.com\/portal\/2020\/07\/27\/assange-sufrio-persecucion-politica-por-parte-de-eu-baltasar-garzon\/","og_site_name":"Fer Abrajan","article_publisher":"https:\/\/www.facebook.com\/NoticiasconFerAbrajan\/","article_published_time":"2020-07-27T17:49:10+00:00","author":"admin","twitter_card":"summary_large_image","twitter_creator":"@ferabrajan1","twitter_site":"@ferabrajan1","twitter_misc":{"Escrito por":"admin","Tiempo de lectura":"2 minutos"},"schema":{"@context":"https:\/\/schema.org","@graph":[{"@type":"Article","@id":"https:\/\/ferabrajan.com\/portal\/2020\/07\/27\/assange-sufrio-persecucion-politica-por-parte-de-eu-baltasar-garzon\/#article","isPartOf":{"@id":"https:\/\/ferabrajan.com\/portal\/2020\/07\/27\/assange-sufrio-persecucion-politica-por-parte-de-eu-baltasar-garzon\/"},"author":{"name":"admin","@id":"https:\/\/ferabrajan.com\/portal\/#\/schema\/person\/f6113b3cb1e036d5c6a9505685b257ba"},"headline":"Assange sufri\u00f3 &quot;persecuci\u00f3n pol\u00edtica&quot; por parte de EU: Baltasar Garz\u00f3n","datePublished":"2020-07-27T17:49:10+00:00","mainEntityOfPage":{"@id":"https:\/\/ferabrajan.com\/portal\/2020\/07\/27\/assange-sufrio-persecucion-politica-por-parte-de-eu-baltasar-garzon\/"},"wordCount":513,"publisher":{"@id":"https:\/\/ferabrajan.com\/portal\/#organization"},"image":{"@id":"https:\/\/ferabrajan.com\/portal\/2020\/07\/27\/assange-sufrio-persecucion-politica-por-parte-de-eu-baltasar-garzon\/#primaryimage"},"thumbnailUrl":"","articleSection":["Puebla"],"inLanguage":"es"},{"@type":"WebPage","@id":"https:\/\/ferabrajan.com\/portal\/2020\/07\/27\/assange-sufrio-persecucion-politica-por-parte-de-eu-baltasar-garzon\/","url":"https:\/\/ferabrajan.com\/portal\/2020\/07\/27\/assange-sufrio-persecucion-politica-por-parte-de-eu-baltasar-garzon\/","name":"Assange sufri\u00f3 &quot;persecuci\u00f3n pol\u00edtica&quot; por parte de EU: Baltasar Garz\u00f3n - Fer Abrajan","isPartOf":{"@id":"https:\/\/ferabrajan.com\/portal\/#website"},"primaryImageOfPage":{"@id":"https:\/\/ferabrajan.com\/portal\/2020\/07\/27\/assange-sufrio-persecucion-politica-por-parte-de-eu-baltasar-garzon\/#primaryimage"},"image":{"@id":"https:\/\/ferabrajan.com\/portal\/2020\/07\/27\/assange-sufrio-persecucion-politica-por-parte-de-eu-baltasar-garzon\/#primaryimage"},"thumbnailUrl":"","datePublished":"2020-07-27T17:49:10+00:00","breadcrumb":{"@id":"https:\/\/ferabrajan.com\/portal\/2020\/07\/27\/assange-sufrio-persecucion-politica-por-parte-de-eu-baltasar-garzon\/#breadcrumb"},"inLanguage":"es","potentialAction":[{"@type":"ReadAction","target":["https:\/\/ferabrajan.com\/portal\/2020\/07\/27\/assange-sufrio-persecucion-politica-por-parte-de-eu-baltasar-garzon\/"]}]},{"@type":"ImageObject","inLanguage":"es","@id":"https:\/\/ferabrajan.com\/portal\/2020\/07\/27\/assange-sufrio-persecucion-politica-por-parte-de-eu-baltasar-garzon\/#primaryimage","url":"","contentUrl":""},{"@type":"BreadcrumbList","@id":"https:\/\/ferabrajan.com\/portal\/2020\/07\/27\/assange-sufrio-persecucion-politica-por-parte-de-eu-baltasar-garzon\/#breadcrumb","itemListElement":[{"@type":"ListItem","position":1,"name":"Portada","item":"https:\/\/ferabrajan.com\/portal\/"},{"@type":"ListItem","position":2,"name":"Assange sufri\u00f3 &quot;persecuci\u00f3n pol\u00edtica&quot; por parte de EU: Baltasar Garz\u00f3n"}]},{"@type":"WebSite","@id":"https:\/\/ferabrajan.com\/portal\/#website","url":"https:\/\/ferabrajan.com\/portal\/","name":"Fer Abrajan","description":"Noticias de Puebla, opini\u00f3n y radio en vivo","publisher":{"@id":"https:\/\/ferabrajan.com\/portal\/#organization"},"potentialAction":[{"@type":"SearchAction","target":{"@type":"EntryPoint","urlTemplate":"https:\/\/ferabrajan.com\/portal\/?s={search_term_string}"},"query-input":{"@type":"PropertyValueSpecification","valueRequired":true,"valueName":"search_term_string"}}],"inLanguage":"es"},{"@type":"Organization","@id":"https:\/\/ferabrajan.com\/portal\/#organization","name":"Fer Abrajan","url":"https:\/\/ferabrajan.com\/portal\/","logo":{"@type":"ImageObject","inLanguage":"es","@id":"https:\/\/ferabrajan.com\/portal\/#\/schema\/logo\/image\/","url":"https:\/\/ferabrajan.com\/portal\/wp-content\/uploads\/2024\/10\/cropped-logo.jpeg","contentUrl":"https:\/\/ferabrajan.com\/portal\/wp-content\/uploads\/2024\/10\/cropped-logo.jpeg","width":500,"height":250,"caption":"Fer Abrajan"},"image":{"@id":"https:\/\/ferabrajan.com\/portal\/#\/schema\/logo\/image\/"},"sameAs":["https:\/\/www.facebook.com\/NoticiasconFerAbrajan\/","https:\/\/x.com\/ferabrajan1"]},{"@type":"Person","@id":"https:\/\/ferabrajan.com\/portal\/#\/schema\/person\/f6113b3cb1e036d5c6a9505685b257ba","name":"admin","image":{"@type":"ImageObject","inLanguage":"es","@id":"https:\/\/secure.gravatar.com\/avatar\/072baa72775aad53c748dfc5d3048578e01b6c087eef335459ebfa04344e2d18?s=96&d=mm&r=g","url":"https:\/\/secure.gravatar.com\/avatar\/072baa72775aad53c748dfc5d3048578e01b6c087eef335459ebfa04344e2d18?s=96&d=mm&r=g","contentUrl":"https:\/\/secure.gravatar.com\/avatar\/072baa72775aad53c748dfc5d3048578e01b6c087eef335459ebfa04344e2d18?s=96&d=mm&r=g","caption":"admin"},"sameAs":["https:\/\/ferabrajan.com\/portal"],"url":"https:\/\/ferabrajan.com\/portal\/author\/admin\/"}]}},"_links":{"self":[{"href":"https:\/\/ferabrajan.com\/portal\/wp-json\/wp\/v2\/posts\/15732","targetHints":{"allow":["GET"]}}],"collection":[{"href":"https:\/\/ferabrajan.com\/portal\/wp-json\/wp\/v2\/posts"}],"about":[{"href":"https:\/\/ferabrajan.com\/portal\/wp-json\/wp\/v2\/types\/post"}],"author":[{"embeddable":true,"href":"https:\/\/ferabrajan.com\/portal\/wp-json\/wp\/v2\/users\/1"}],"replies":[{"embeddable":true,"href":"https:\/\/ferabrajan.com\/portal\/wp-json\/wp\/v2\/comments?post=15732"}],"version-history":[{"count":0,"href":"https:\/\/ferabrajan.com\/portal\/wp-json\/wp\/v2\/posts\/15732\/revisions"}],"wp:attachment":[{"href":"https:\/\/ferabrajan.com\/portal\/wp-json\/wp\/v2\/media?parent=15732"}],"wp:term":[{"taxonomy":"category","embeddable":true,"href":"https:\/\/ferabrajan.com\/portal\/wp-json\/wp\/v2\/categories?post=15732"},{"taxonomy":"post_tag","embeddable":true,"href":"https:\/\/ferabrajan.com\/portal\/wp-json\/wp\/v2\/tags?post=15732"}],"curies":[{"name":"wp","href":"https:\/\/api.w.org\/{rel}","templated":true}]}}