{"id":15703,"date":"2020-07-26T12:29:00","date_gmt":"2020-07-26T12:29:00","guid":{"rendered":"https:\/\/www.ferabrajan.com\/2020\/07\/26\/inicia-la-leyenda-muere-olivia-de-havilland-a-los-104-anos\/"},"modified":"2020-07-26T12:29:00","modified_gmt":"2020-07-26T12:29:00","slug":"inicia-la-leyenda-muere-olivia-de-havilland-a-los-104-anos","status":"publish","type":"post","link":"https:\/\/ferabrajan.com\/portal\/2020\/07\/26\/inicia-la-leyenda-muere-olivia-de-havilland-a-los-104-anos\/","title":{"rendered":"Inicia la leyenda, muere Olivia de Havilland a los 104 a\u00f1os"},"content":{"rendered":"<p>La actriz <strong>Olivia de Havilland<\/strong>, protagonista de la legendaria \u00ab<em>Gone With de Wind<\/em>\u00bb (\u201cLo que el viento se llev\u00f3\u201d, en espa\u00f1ol), falleci\u00f3 hoy a los 104 a\u00f1os, informaron este domingo medios locales que citan a su publicista Lisa Goldberg.&nbsp;<\/p>\n<p>Havilland, ganadora de varios premios a lo largo de su carrera, muri\u00f3 por causas naturales en su casa de Par\u00eds (Francia), donde viv\u00eda desde hace m\u00e1s de 60 a\u00f1os.<\/p>\n<p>La int\u00e9rprete era una de las \u00faltimas estrellas de la era de los estudios y la \u00faltima sobreviviente de los protagonistas de \u201cLo que el viento se llev\u00f3\u201d.<\/p>\n<p>Hermana de la actriz <strong>Joan Fontaine<\/strong>, de Havilland gan\u00f3 el Oscar por \u201cTo Each His Own\u201d and \u201cThe Heiress\u00bb, y coprotagoniz\u00f3 varias pel\u00edculas con Errol Flynn, entre ellas \u201cThe Adventures of Robin Hood\u201d.<\/p>\n<p><img decoding=\"async\" alt=\"olivia-de-havilland_1.jpg\" src=\"https:\/\/www.eluniversal.com.mx\/sites\/default\/files\/u16363\/olivia-de-havilland_1.jpg\"><br \/><span>Foto: AP, archivo<\/span><\/p>\n<p><span><strong>Tambi\u00e9n lee:<\/strong><\/span> <a href=\"https:\/\/www.eluniversal.com.mx\/articulo\/espectaculos\/2017\/06\/30\/olivia-de-havilland-demanda-feud-por-falsear-su-imagen\" target=\"_blank\" rel=\"noopener noreferrer\"><span>Olivia de Havilland demanda a \u00abFeud\u00bb por \u00abfalsear su imagen\u00bb<\/span><\/a><\/p>\n<p>Se destac\u00f3 tambi\u00e9n al oponerse con \u00e9xito a los estudios de Hollywood por extender el contrato de un actor sin su consentimiento.<\/p>\n<h2><span>Olivia de Havilland, una leyenda<\/span><\/h2>\n<p>La actriz Olivia Mary de Havilland naci\u00f3 el 1 de julio de 1916 en Tokio, Jap\u00f3n. Descendiente de la actriz Lilian Augusta y el profesor y abogado de patentes Walter Augustus de Havilland, Olivia vivi\u00f3 desde muy peque\u00f1a la separaci\u00f3n de sus padres. Ten\u00eda entonces tres a\u00f1os, por lo que se fue con su madre y su hermana a Saratoga, California.&nbsp;<\/p>\n<p>Ella form\u00f3 parte del elenco de una presentaci\u00f3n teatral de <strong>\u00abSue\u00f1o de una noche de verano\u00bb<\/strong> que fue vista por Max Reinhardt, por lo que el creador qued\u00f3 cautivado por su presentaci\u00f3n y la integr\u00f3 para la versi\u00f3n cinematogr\u00e1fica de la misma obra, que se lanz\u00f3 en 1935.&nbsp;<\/p>\n<p>[embedded content]<\/p>\n<p>Su participaci\u00f3n en dicha cinta alcanz\u00f3 a sorprender a los ejecutivos dde Warner Bros, quienes le ofrecieron un contrado de siete a\u00f1os, lo que la llev\u00f3 a participar en otras tres cintas: \u00abIrish in Us\u00bb, \u00abAlibi Ike\u00bb y \u00abCapit\u00e1n Sangre\u00bb, esta \u00faltima donde conoci\u00f3 a Errol Flynn.&nbsp;Junto al rompecorazones de la \u00e9poca fue que particip\u00f3 en ocho pel\u00edculas m\u00e1s.<\/p>\n<p><img decoding=\"async\" alt=\"olivia-de-havilland_errol_flynn_2.jpg\" src=\"https:\/\/www.eluniversal.com.mx\/sites\/default\/files\/u16363\/olivia-de-havilland_errol_flynn_2.jpg\"><br \/><span>Foto: Warner Bros v\u00eda EFE, archivo<\/span><\/p>\n<p>En 1939 Warner Bros le prest\u00f3 a <strong>David O. Selznick<\/strong> la estrella que estaba creciendo en sus estudios, pero lo que \u00e9l hizo fue terminarla de catapultar integr\u00e1ndola en la cinta que la llevar\u00eda a la m\u00e1xima gloria de su trayectoria: \u00abLo que el viento se llev\u00f3\u00bb.&nbsp;<\/p>\n<p>Dando vida a Melanie Hamilton, Oliia de Havilland recibi\u00f3 su primera nominaci\u00f3n a los <strong>Premios Oscar<\/strong> en la categor\u00eda a Mejor Actriz de Reparto. Y aunque perdi\u00f3 en la contienda ante Hattie McDaniel, de la misma cinta, eso no le impidi\u00f3 a\u00f1os m\u00e1s tarde coronarse con dos galardones de la Academia.&nbsp;<\/p>\n<p>[embedded content]<\/p>\n<p>nrv&nbsp;<\/p>\n<p>Publicaci\u00f3n Original: <a href=\"https:\/\/www.eluniversal.com.mx\/espectaculos\/cine\/inicia-la-leyenda-muere-olivia-de-havilland-los-104-anos\" target=\"_blank\" rel=\"noopener noreferrer\">https:\/\/www.eluniversal.com.mx\/espectaculos\/cine\/inicia-la-leyenda-muere-olivia-de-havilland-los-104-anos<\/a><\/p>\n","protected":false},"excerpt":{"rendered":"<p>La actriz Olivia de Havilland, protagonista de la legendaria \u00abGone With de Wind\u00bb (\u201cLo que el viento se llev\u00f3\u201d, en espa\u00f1ol), falleci\u00f3 hoy a los 104 a\u00f1os, informaron este domingo medios locales que citan a su publicista Lisa Goldberg.&nbsp; Havilland, ganadora de varios premios a lo largo de su carrera, muri\u00f3 por causas naturales en su casa de Par\u00eds (Francia), donde viv\u00eda desde hace m\u00e1s de 60 a\u00f1os. La int\u00e9rprete era una de las \u00faltimas estrellas de la era de los estudios y la \u00faltima sobreviviente de los protagonistas de \u201cLo que el viento se llev\u00f3\u201d. Hermana de la actriz Joan Fontaine, de Havilland gan\u00f3 el Oscar por \u201cTo Each His Own\u201d and \u201cThe Heiress\u00bb, y coprotagoniz\u00f3 varias pel\u00edculas con Errol Flynn, entre ellas \u201cThe Adventures of Robin Hood\u201d. Foto: AP, archivo Tambi\u00e9n lee: Olivia de Havilland demanda a \u00abFeud\u00bb por \u00abfalsear su imagen\u00bb Se destac\u00f3 tambi\u00e9n al oponerse con \u00e9xito a los estudios de Hollywood por extender el contrato de un actor sin su consentimiento. Olivia de Havilland, una leyenda La actriz Olivia Mary de Havilland naci\u00f3 el 1 de julio de 1916 en Tokio, Jap\u00f3n. Descendiente de la actriz Lilian Augusta y el profesor y abogado de patentes Walter Augustus de Havilland, Olivia vivi\u00f3 desde muy peque\u00f1a la separaci\u00f3n de sus padres. Ten\u00eda entonces tres a\u00f1os, por lo que se fue con su madre y su hermana a Saratoga, California.&nbsp; Ella form\u00f3 parte del elenco de una presentaci\u00f3n teatral de \u00abSue\u00f1o de una noche de verano\u00bb que fue vista por Max Reinhardt, por lo que el creador qued\u00f3 cautivado por su presentaci\u00f3n y la integr\u00f3 para la versi\u00f3n cinematogr\u00e1fica de la misma obra, que se lanz\u00f3 en 1935.&nbsp; [embedded content] Su participaci\u00f3n en dicha cinta alcanz\u00f3 a sorprender a los ejecutivos dde Warner Bros, quienes le ofrecieron un contrado de siete a\u00f1os, lo que la llev\u00f3 a participar en otras tres cintas: \u00abIrish in Us\u00bb, \u00abAlibi Ike\u00bb y \u00abCapit\u00e1n Sangre\u00bb, esta \u00faltima donde conoci\u00f3 a Errol Flynn.&nbsp;Junto al rompecorazones de la \u00e9poca fue que particip\u00f3 en ocho pel\u00edculas m\u00e1s. Foto: Warner Bros v\u00eda EFE, archivo En 1939 Warner Bros le prest\u00f3 a David O. Selznick la estrella que estaba creciendo en sus estudios, pero lo que \u00e9l hizo fue terminarla de catapultar integr\u00e1ndola en la cinta que la llevar\u00eda a la m\u00e1xima gloria de su trayectoria: \u00abLo que el viento se llev\u00f3\u00bb.&nbsp; Dando vida a Melanie Hamilton, Oliia de Havilland recibi\u00f3 su primera nominaci\u00f3n a los Premios Oscar en la categor\u00eda a Mejor Actriz de Reparto. Y aunque perdi\u00f3 en la contienda ante Hattie McDaniel, de la misma cinta, eso no le impidi\u00f3 a\u00f1os m\u00e1s tarde coronarse con dos galardones de la Academia.&nbsp; [embedded content] nrv&nbsp; Publicaci\u00f3n Original: https:\/\/www.eluniversal.com.mx\/espectaculos\/cine\/inicia-la-leyenda-muere-olivia-de-havilland-los-104-anos<\/p>\n","protected":false},"author":1,"featured_media":15707,"comment_status":"open","ping_status":"closed","sticky":false,"template":"","format":"standard","meta":{"_monsterinsights_skip_tracking":false,"_uf_show_specific_survey":0,"_uf_disable_surveys":false,"footnotes":""},"categories":[36],"tags":[],"class_list":["post-15703","post","type-post","status-publish","format-standard","has-post-thumbnail","hentry","category-el-mundo"],"yoast_head":"<!-- This site is optimized with the Yoast SEO plugin v27.5 - https:\/\/yoast.com\/product\/yoast-seo-wordpress\/ -->\n<title>Inicia la leyenda, muere Olivia de Havilland a los 104 a\u00f1os - Fer Abrajan<\/title>\n<meta name=\"robots\" content=\"index, follow, max-snippet:-1, max-image-preview:large, max-video-preview:-1\" \/>\n<link rel=\"canonical\" href=\"https:\/\/ferabrajan.com\/portal\/2020\/07\/26\/inicia-la-leyenda-muere-olivia-de-havilland-a-los-104-anos\/\" \/>\n<meta property=\"og:locale\" content=\"es_ES\" \/>\n<meta property=\"og:type\" content=\"article\" \/>\n<meta property=\"og:title\" content=\"Inicia la leyenda, muere Olivia de Havilland a los 104 a\u00f1os - Fer Abrajan\" \/>\n<meta property=\"og:description\" content=\"La actriz Olivia de Havilland, protagonista de la legendaria \u00abGone With de Wind\u00bb (\u201cLo que el viento se llev\u00f3\u201d, en espa\u00f1ol), falleci\u00f3 hoy a los 104 a\u00f1os, informaron este domingo medios locales que citan a su publicista Lisa Goldberg.&nbsp; Havilland, ganadora de varios premios a lo largo de su carrera, muri\u00f3 por causas naturales en su casa de Par\u00eds (Francia), donde viv\u00eda desde hace m\u00e1s de 60 a\u00f1os. La int\u00e9rprete era una de las \u00faltimas estrellas de la era de los estudios y la \u00faltima sobreviviente de los protagonistas de \u201cLo que el viento se llev\u00f3\u201d. Hermana de la actriz Joan Fontaine, de Havilland gan\u00f3 el Oscar por \u201cTo Each His Own\u201d and \u201cThe Heiress\u00bb, y coprotagoniz\u00f3 varias pel\u00edculas con Errol Flynn, entre ellas \u201cThe Adventures of Robin Hood\u201d. Foto: AP, archivo Tambi\u00e9n lee: Olivia de Havilland demanda a \u00abFeud\u00bb por \u00abfalsear su imagen\u00bb Se destac\u00f3 tambi\u00e9n al oponerse con \u00e9xito a los estudios de Hollywood por extender el contrato de un actor sin su consentimiento. Olivia de Havilland, una leyenda La actriz Olivia Mary de Havilland naci\u00f3 el 1 de julio de 1916 en Tokio, Jap\u00f3n. Descendiente de la actriz Lilian Augusta y el profesor y abogado de patentes Walter Augustus de Havilland, Olivia vivi\u00f3 desde muy peque\u00f1a la separaci\u00f3n de sus padres. Ten\u00eda entonces tres a\u00f1os, por lo que se fue con su madre y su hermana a Saratoga, California.&nbsp; Ella form\u00f3 parte del elenco de una presentaci\u00f3n teatral de \u00abSue\u00f1o de una noche de verano\u00bb que fue vista por Max Reinhardt, por lo que el creador qued\u00f3 cautivado por su presentaci\u00f3n y la integr\u00f3 para la versi\u00f3n cinematogr\u00e1fica de la misma obra, que se lanz\u00f3 en 1935.&nbsp; [embedded content] Su participaci\u00f3n en dicha cinta alcanz\u00f3 a sorprender a los ejecutivos dde Warner Bros, quienes le ofrecieron un contrado de siete a\u00f1os, lo que la llev\u00f3 a participar en otras tres cintas: \u00abIrish in Us\u00bb, \u00abAlibi Ike\u00bb y \u00abCapit\u00e1n Sangre\u00bb, esta \u00faltima donde conoci\u00f3 a Errol Flynn.&nbsp;Junto al rompecorazones de la \u00e9poca fue que particip\u00f3 en ocho pel\u00edculas m\u00e1s. Foto: Warner Bros v\u00eda EFE, archivo En 1939 Warner Bros le prest\u00f3 a David O. Selznick la estrella que estaba creciendo en sus estudios, pero lo que \u00e9l hizo fue terminarla de catapultar integr\u00e1ndola en la cinta que la llevar\u00eda a la m\u00e1xima gloria de su trayectoria: \u00abLo que el viento se llev\u00f3\u00bb.&nbsp; Dando vida a Melanie Hamilton, Oliia de Havilland recibi\u00f3 su primera nominaci\u00f3n a los Premios Oscar en la categor\u00eda a Mejor Actriz de Reparto. Y aunque perdi\u00f3 en la contienda ante Hattie McDaniel, de la misma cinta, eso no le impidi\u00f3 a\u00f1os m\u00e1s tarde coronarse con dos galardones de la Academia.&nbsp; [embedded content] nrv&nbsp; Publicaci\u00f3n Original: https:\/\/www.eluniversal.com.mx\/espectaculos\/cine\/inicia-la-leyenda-muere-olivia-de-havilland-los-104-anos\" \/>\n<meta property=\"og:url\" content=\"https:\/\/ferabrajan.com\/portal\/2020\/07\/26\/inicia-la-leyenda-muere-olivia-de-havilland-a-los-104-anos\/\" \/>\n<meta property=\"og:site_name\" content=\"Fer Abrajan\" \/>\n<meta property=\"article:publisher\" content=\"https:\/\/www.facebook.com\/NoticiasconFerAbrajan\/\" \/>\n<meta property=\"article:published_time\" content=\"2020-07-26T12:29:00+00:00\" \/>\n<meta name=\"author\" content=\"admin\" \/>\n<meta name=\"twitter:card\" content=\"summary_large_image\" \/>\n<meta name=\"twitter:creator\" content=\"@ferabrajan1\" \/>\n<meta name=\"twitter:site\" content=\"@ferabrajan1\" \/>\n<meta name=\"twitter:label1\" content=\"Escrito por\" \/>\n\t<meta name=\"twitter:data1\" content=\"admin\" \/>\n\t<meta name=\"twitter:label2\" content=\"Tiempo de lectura\" \/>\n\t<meta name=\"twitter:data2\" content=\"2 minutos\" \/>\n<script type=\"application\/ld+json\" class=\"yoast-schema-graph\">{\"@context\":\"https:\\\/\\\/schema.org\",\"@graph\":[{\"@type\":\"Article\",\"@id\":\"https:\\\/\\\/ferabrajan.com\\\/portal\\\/2020\\\/07\\\/26\\\/inicia-la-leyenda-muere-olivia-de-havilland-a-los-104-anos\\\/#article\",\"isPartOf\":{\"@id\":\"https:\\\/\\\/ferabrajan.com\\\/portal\\\/2020\\\/07\\\/26\\\/inicia-la-leyenda-muere-olivia-de-havilland-a-los-104-anos\\\/\"},\"author\":{\"name\":\"admin\",\"@id\":\"https:\\\/\\\/ferabrajan.com\\\/portal\\\/#\\\/schema\\\/person\\\/f6113b3cb1e036d5c6a9505685b257ba\"},\"headline\":\"Inicia la leyenda, muere Olivia de Havilland a los 104 a\u00f1os\",\"datePublished\":\"2020-07-26T12:29:00+00:00\",\"mainEntityOfPage\":{\"@id\":\"https:\\\/\\\/ferabrajan.com\\\/portal\\\/2020\\\/07\\\/26\\\/inicia-la-leyenda-muere-olivia-de-havilland-a-los-104-anos\\\/\"},\"wordCount\":506,\"commentCount\":0,\"publisher\":{\"@id\":\"https:\\\/\\\/ferabrajan.com\\\/portal\\\/#organization\"},\"image\":{\"@id\":\"https:\\\/\\\/ferabrajan.com\\\/portal\\\/2020\\\/07\\\/26\\\/inicia-la-leyenda-muere-olivia-de-havilland-a-los-104-anos\\\/#primaryimage\"},\"thumbnailUrl\":\"\",\"articleSection\":[\"El Mundo\"],\"inLanguage\":\"es\"},{\"@type\":\"WebPage\",\"@id\":\"https:\\\/\\\/ferabrajan.com\\\/portal\\\/2020\\\/07\\\/26\\\/inicia-la-leyenda-muere-olivia-de-havilland-a-los-104-anos\\\/\",\"url\":\"https:\\\/\\\/ferabrajan.com\\\/portal\\\/2020\\\/07\\\/26\\\/inicia-la-leyenda-muere-olivia-de-havilland-a-los-104-anos\\\/\",\"name\":\"Inicia la leyenda, muere Olivia de Havilland a los 104 a\u00f1os - Fer Abrajan\",\"isPartOf\":{\"@id\":\"https:\\\/\\\/ferabrajan.com\\\/portal\\\/#website\"},\"primaryImageOfPage\":{\"@id\":\"https:\\\/\\\/ferabrajan.com\\\/portal\\\/2020\\\/07\\\/26\\\/inicia-la-leyenda-muere-olivia-de-havilland-a-los-104-anos\\\/#primaryimage\"},\"image\":{\"@id\":\"https:\\\/\\\/ferabrajan.com\\\/portal\\\/2020\\\/07\\\/26\\\/inicia-la-leyenda-muere-olivia-de-havilland-a-los-104-anos\\\/#primaryimage\"},\"thumbnailUrl\":\"\",\"datePublished\":\"2020-07-26T12:29:00+00:00\",\"breadcrumb\":{\"@id\":\"https:\\\/\\\/ferabrajan.com\\\/portal\\\/2020\\\/07\\\/26\\\/inicia-la-leyenda-muere-olivia-de-havilland-a-los-104-anos\\\/#breadcrumb\"},\"inLanguage\":\"es\",\"potentialAction\":[{\"@type\":\"ReadAction\",\"target\":[\"https:\\\/\\\/ferabrajan.com\\\/portal\\\/2020\\\/07\\\/26\\\/inicia-la-leyenda-muere-olivia-de-havilland-a-los-104-anos\\\/\"]}]},{\"@type\":\"ImageObject\",\"inLanguage\":\"es\",\"@id\":\"https:\\\/\\\/ferabrajan.com\\\/portal\\\/2020\\\/07\\\/26\\\/inicia-la-leyenda-muere-olivia-de-havilland-a-los-104-anos\\\/#primaryimage\",\"url\":\"\",\"contentUrl\":\"\"},{\"@type\":\"BreadcrumbList\",\"@id\":\"https:\\\/\\\/ferabrajan.com\\\/portal\\\/2020\\\/07\\\/26\\\/inicia-la-leyenda-muere-olivia-de-havilland-a-los-104-anos\\\/#breadcrumb\",\"itemListElement\":[{\"@type\":\"ListItem\",\"position\":1,\"name\":\"Portada\",\"item\":\"https:\\\/\\\/ferabrajan.com\\\/portal\\\/\"},{\"@type\":\"ListItem\",\"position\":2,\"name\":\"Inicia la leyenda, muere Olivia de Havilland a los 104 a\u00f1os\"}]},{\"@type\":\"WebSite\",\"@id\":\"https:\\\/\\\/ferabrajan.com\\\/portal\\\/#website\",\"url\":\"https:\\\/\\\/ferabrajan.com\\\/portal\\\/\",\"name\":\"Fer Abrajan\",\"description\":\"Noticias de Puebla, opini\u00f3n y radio en vivo\",\"publisher\":{\"@id\":\"https:\\\/\\\/ferabrajan.com\\\/portal\\\/#organization\"},\"potentialAction\":[{\"@type\":\"SearchAction\",\"target\":{\"@type\":\"EntryPoint\",\"urlTemplate\":\"https:\\\/\\\/ferabrajan.com\\\/portal\\\/?s={search_term_string}\"},\"query-input\":{\"@type\":\"PropertyValueSpecification\",\"valueRequired\":true,\"valueName\":\"search_term_string\"}}],\"inLanguage\":\"es\"},{\"@type\":\"Organization\",\"@id\":\"https:\\\/\\\/ferabrajan.com\\\/portal\\\/#organization\",\"name\":\"Fer Abrajan\",\"url\":\"https:\\\/\\\/ferabrajan.com\\\/portal\\\/\",\"logo\":{\"@type\":\"ImageObject\",\"inLanguage\":\"es\",\"@id\":\"https:\\\/\\\/ferabrajan.com\\\/portal\\\/#\\\/schema\\\/logo\\\/image\\\/\",\"url\":\"https:\\\/\\\/ferabrajan.com\\\/portal\\\/wp-content\\\/uploads\\\/2024\\\/10\\\/cropped-logo.jpeg\",\"contentUrl\":\"https:\\\/\\\/ferabrajan.com\\\/portal\\\/wp-content\\\/uploads\\\/2024\\\/10\\\/cropped-logo.jpeg\",\"width\":500,\"height\":250,\"caption\":\"Fer Abrajan\"},\"image\":{\"@id\":\"https:\\\/\\\/ferabrajan.com\\\/portal\\\/#\\\/schema\\\/logo\\\/image\\\/\"},\"sameAs\":[\"https:\\\/\\\/www.facebook.com\\\/NoticiasconFerAbrajan\\\/\",\"https:\\\/\\\/x.com\\\/ferabrajan1\"]},{\"@type\":\"Person\",\"@id\":\"https:\\\/\\\/ferabrajan.com\\\/portal\\\/#\\\/schema\\\/person\\\/f6113b3cb1e036d5c6a9505685b257ba\",\"name\":\"admin\",\"image\":{\"@type\":\"ImageObject\",\"inLanguage\":\"es\",\"@id\":\"https:\\\/\\\/secure.gravatar.com\\\/avatar\\\/072baa72775aad53c748dfc5d3048578e01b6c087eef335459ebfa04344e2d18?s=96&d=mm&r=g\",\"url\":\"https:\\\/\\\/secure.gravatar.com\\\/avatar\\\/072baa72775aad53c748dfc5d3048578e01b6c087eef335459ebfa04344e2d18?s=96&d=mm&r=g\",\"contentUrl\":\"https:\\\/\\\/secure.gravatar.com\\\/avatar\\\/072baa72775aad53c748dfc5d3048578e01b6c087eef335459ebfa04344e2d18?s=96&d=mm&r=g\",\"caption\":\"admin\"},\"sameAs\":[\"https:\\\/\\\/ferabrajan.com\\\/portal\"],\"url\":\"https:\\\/\\\/ferabrajan.com\\\/portal\\\/author\\\/admin\\\/\"}]}<\/script>\n<!-- \/ Yoast SEO plugin. -->","yoast_head_json":{"title":"Inicia la leyenda, muere Olivia de Havilland a los 104 a\u00f1os - Fer Abrajan","robots":{"index":"index","follow":"follow","max-snippet":"max-snippet:-1","max-image-preview":"max-image-preview:large","max-video-preview":"max-video-preview:-1"},"canonical":"https:\/\/ferabrajan.com\/portal\/2020\/07\/26\/inicia-la-leyenda-muere-olivia-de-havilland-a-los-104-anos\/","og_locale":"es_ES","og_type":"article","og_title":"Inicia la leyenda, muere Olivia de Havilland a los 104 a\u00f1os - Fer Abrajan","og_description":"La actriz Olivia de Havilland, protagonista de la legendaria \u00abGone With de Wind\u00bb (\u201cLo que el viento se llev\u00f3\u201d, en espa\u00f1ol), falleci\u00f3 hoy a los 104 a\u00f1os, informaron este domingo medios locales que citan a su publicista Lisa Goldberg.&nbsp; Havilland, ganadora de varios premios a lo largo de su carrera, muri\u00f3 por causas naturales en su casa de Par\u00eds (Francia), donde viv\u00eda desde hace m\u00e1s de 60 a\u00f1os. La int\u00e9rprete era una de las \u00faltimas estrellas de la era de los estudios y la \u00faltima sobreviviente de los protagonistas de \u201cLo que el viento se llev\u00f3\u201d. Hermana de la actriz Joan Fontaine, de Havilland gan\u00f3 el Oscar por \u201cTo Each His Own\u201d and \u201cThe Heiress\u00bb, y coprotagoniz\u00f3 varias pel\u00edculas con Errol Flynn, entre ellas \u201cThe Adventures of Robin Hood\u201d. Foto: AP, archivo Tambi\u00e9n lee: Olivia de Havilland demanda a \u00abFeud\u00bb por \u00abfalsear su imagen\u00bb Se destac\u00f3 tambi\u00e9n al oponerse con \u00e9xito a los estudios de Hollywood por extender el contrato de un actor sin su consentimiento. Olivia de Havilland, una leyenda La actriz Olivia Mary de Havilland naci\u00f3 el 1 de julio de 1916 en Tokio, Jap\u00f3n. Descendiente de la actriz Lilian Augusta y el profesor y abogado de patentes Walter Augustus de Havilland, Olivia vivi\u00f3 desde muy peque\u00f1a la separaci\u00f3n de sus padres. Ten\u00eda entonces tres a\u00f1os, por lo que se fue con su madre y su hermana a Saratoga, California.&nbsp; Ella form\u00f3 parte del elenco de una presentaci\u00f3n teatral de \u00abSue\u00f1o de una noche de verano\u00bb que fue vista por Max Reinhardt, por lo que el creador qued\u00f3 cautivado por su presentaci\u00f3n y la integr\u00f3 para la versi\u00f3n cinematogr\u00e1fica de la misma obra, que se lanz\u00f3 en 1935.&nbsp; [embedded content] Su participaci\u00f3n en dicha cinta alcanz\u00f3 a sorprender a los ejecutivos dde Warner Bros, quienes le ofrecieron un contrado de siete a\u00f1os, lo que la llev\u00f3 a participar en otras tres cintas: \u00abIrish in Us\u00bb, \u00abAlibi Ike\u00bb y \u00abCapit\u00e1n Sangre\u00bb, esta \u00faltima donde conoci\u00f3 a Errol Flynn.&nbsp;Junto al rompecorazones de la \u00e9poca fue que particip\u00f3 en ocho pel\u00edculas m\u00e1s. Foto: Warner Bros v\u00eda EFE, archivo En 1939 Warner Bros le prest\u00f3 a David O. Selznick la estrella que estaba creciendo en sus estudios, pero lo que \u00e9l hizo fue terminarla de catapultar integr\u00e1ndola en la cinta que la llevar\u00eda a la m\u00e1xima gloria de su trayectoria: \u00abLo que el viento se llev\u00f3\u00bb.&nbsp; Dando vida a Melanie Hamilton, Oliia de Havilland recibi\u00f3 su primera nominaci\u00f3n a los Premios Oscar en la categor\u00eda a Mejor Actriz de Reparto. Y aunque perdi\u00f3 en la contienda ante Hattie McDaniel, de la misma cinta, eso no le impidi\u00f3 a\u00f1os m\u00e1s tarde coronarse con dos galardones de la Academia.&nbsp; [embedded content] nrv&nbsp; Publicaci\u00f3n Original: https:\/\/www.eluniversal.com.mx\/espectaculos\/cine\/inicia-la-leyenda-muere-olivia-de-havilland-los-104-anos","og_url":"https:\/\/ferabrajan.com\/portal\/2020\/07\/26\/inicia-la-leyenda-muere-olivia-de-havilland-a-los-104-anos\/","og_site_name":"Fer Abrajan","article_publisher":"https:\/\/www.facebook.com\/NoticiasconFerAbrajan\/","article_published_time":"2020-07-26T12:29:00+00:00","author":"admin","twitter_card":"summary_large_image","twitter_creator":"@ferabrajan1","twitter_site":"@ferabrajan1","twitter_misc":{"Escrito por":"admin","Tiempo de lectura":"2 minutos"},"schema":{"@context":"https:\/\/schema.org","@graph":[{"@type":"Article","@id":"https:\/\/ferabrajan.com\/portal\/2020\/07\/26\/inicia-la-leyenda-muere-olivia-de-havilland-a-los-104-anos\/#article","isPartOf":{"@id":"https:\/\/ferabrajan.com\/portal\/2020\/07\/26\/inicia-la-leyenda-muere-olivia-de-havilland-a-los-104-anos\/"},"author":{"name":"admin","@id":"https:\/\/ferabrajan.com\/portal\/#\/schema\/person\/f6113b3cb1e036d5c6a9505685b257ba"},"headline":"Inicia la leyenda, muere Olivia de Havilland a los 104 a\u00f1os","datePublished":"2020-07-26T12:29:00+00:00","mainEntityOfPage":{"@id":"https:\/\/ferabrajan.com\/portal\/2020\/07\/26\/inicia-la-leyenda-muere-olivia-de-havilland-a-los-104-anos\/"},"wordCount":506,"commentCount":0,"publisher":{"@id":"https:\/\/ferabrajan.com\/portal\/#organization"},"image":{"@id":"https:\/\/ferabrajan.com\/portal\/2020\/07\/26\/inicia-la-leyenda-muere-olivia-de-havilland-a-los-104-anos\/#primaryimage"},"thumbnailUrl":"","articleSection":["El Mundo"],"inLanguage":"es"},{"@type":"WebPage","@id":"https:\/\/ferabrajan.com\/portal\/2020\/07\/26\/inicia-la-leyenda-muere-olivia-de-havilland-a-los-104-anos\/","url":"https:\/\/ferabrajan.com\/portal\/2020\/07\/26\/inicia-la-leyenda-muere-olivia-de-havilland-a-los-104-anos\/","name":"Inicia la leyenda, muere Olivia de Havilland a los 104 a\u00f1os - Fer Abrajan","isPartOf":{"@id":"https:\/\/ferabrajan.com\/portal\/#website"},"primaryImageOfPage":{"@id":"https:\/\/ferabrajan.com\/portal\/2020\/07\/26\/inicia-la-leyenda-muere-olivia-de-havilland-a-los-104-anos\/#primaryimage"},"image":{"@id":"https:\/\/ferabrajan.com\/portal\/2020\/07\/26\/inicia-la-leyenda-muere-olivia-de-havilland-a-los-104-anos\/#primaryimage"},"thumbnailUrl":"","datePublished":"2020-07-26T12:29:00+00:00","breadcrumb":{"@id":"https:\/\/ferabrajan.com\/portal\/2020\/07\/26\/inicia-la-leyenda-muere-olivia-de-havilland-a-los-104-anos\/#breadcrumb"},"inLanguage":"es","potentialAction":[{"@type":"ReadAction","target":["https:\/\/ferabrajan.com\/portal\/2020\/07\/26\/inicia-la-leyenda-muere-olivia-de-havilland-a-los-104-anos\/"]}]},{"@type":"ImageObject","inLanguage":"es","@id":"https:\/\/ferabrajan.com\/portal\/2020\/07\/26\/inicia-la-leyenda-muere-olivia-de-havilland-a-los-104-anos\/#primaryimage","url":"","contentUrl":""},{"@type":"BreadcrumbList","@id":"https:\/\/ferabrajan.com\/portal\/2020\/07\/26\/inicia-la-leyenda-muere-olivia-de-havilland-a-los-104-anos\/#breadcrumb","itemListElement":[{"@type":"ListItem","position":1,"name":"Portada","item":"https:\/\/ferabrajan.com\/portal\/"},{"@type":"ListItem","position":2,"name":"Inicia la leyenda, muere Olivia de Havilland a los 104 a\u00f1os"}]},{"@type":"WebSite","@id":"https:\/\/ferabrajan.com\/portal\/#website","url":"https:\/\/ferabrajan.com\/portal\/","name":"Fer Abrajan","description":"Noticias de Puebla, opini\u00f3n y radio en vivo","publisher":{"@id":"https:\/\/ferabrajan.com\/portal\/#organization"},"potentialAction":[{"@type":"SearchAction","target":{"@type":"EntryPoint","urlTemplate":"https:\/\/ferabrajan.com\/portal\/?s={search_term_string}"},"query-input":{"@type":"PropertyValueSpecification","valueRequired":true,"valueName":"search_term_string"}}],"inLanguage":"es"},{"@type":"Organization","@id":"https:\/\/ferabrajan.com\/portal\/#organization","name":"Fer Abrajan","url":"https:\/\/ferabrajan.com\/portal\/","logo":{"@type":"ImageObject","inLanguage":"es","@id":"https:\/\/ferabrajan.com\/portal\/#\/schema\/logo\/image\/","url":"https:\/\/ferabrajan.com\/portal\/wp-content\/uploads\/2024\/10\/cropped-logo.jpeg","contentUrl":"https:\/\/ferabrajan.com\/portal\/wp-content\/uploads\/2024\/10\/cropped-logo.jpeg","width":500,"height":250,"caption":"Fer Abrajan"},"image":{"@id":"https:\/\/ferabrajan.com\/portal\/#\/schema\/logo\/image\/"},"sameAs":["https:\/\/www.facebook.com\/NoticiasconFerAbrajan\/","https:\/\/x.com\/ferabrajan1"]},{"@type":"Person","@id":"https:\/\/ferabrajan.com\/portal\/#\/schema\/person\/f6113b3cb1e036d5c6a9505685b257ba","name":"admin","image":{"@type":"ImageObject","inLanguage":"es","@id":"https:\/\/secure.gravatar.com\/avatar\/072baa72775aad53c748dfc5d3048578e01b6c087eef335459ebfa04344e2d18?s=96&d=mm&r=g","url":"https:\/\/secure.gravatar.com\/avatar\/072baa72775aad53c748dfc5d3048578e01b6c087eef335459ebfa04344e2d18?s=96&d=mm&r=g","contentUrl":"https:\/\/secure.gravatar.com\/avatar\/072baa72775aad53c748dfc5d3048578e01b6c087eef335459ebfa04344e2d18?s=96&d=mm&r=g","caption":"admin"},"sameAs":["https:\/\/ferabrajan.com\/portal"],"url":"https:\/\/ferabrajan.com\/portal\/author\/admin\/"}]}},"_links":{"self":[{"href":"https:\/\/ferabrajan.com\/portal\/wp-json\/wp\/v2\/posts\/15703","targetHints":{"allow":["GET"]}}],"collection":[{"href":"https:\/\/ferabrajan.com\/portal\/wp-json\/wp\/v2\/posts"}],"about":[{"href":"https:\/\/ferabrajan.com\/portal\/wp-json\/wp\/v2\/types\/post"}],"author":[{"embeddable":true,"href":"https:\/\/ferabrajan.com\/portal\/wp-json\/wp\/v2\/users\/1"}],"replies":[{"embeddable":true,"href":"https:\/\/ferabrajan.com\/portal\/wp-json\/wp\/v2\/comments?post=15703"}],"version-history":[{"count":0,"href":"https:\/\/ferabrajan.com\/portal\/wp-json\/wp\/v2\/posts\/15703\/revisions"}],"wp:attachment":[{"href":"https:\/\/ferabrajan.com\/portal\/wp-json\/wp\/v2\/media?parent=15703"}],"wp:term":[{"taxonomy":"category","embeddable":true,"href":"https:\/\/ferabrajan.com\/portal\/wp-json\/wp\/v2\/categories?post=15703"},{"taxonomy":"post_tag","embeddable":true,"href":"https:\/\/ferabrajan.com\/portal\/wp-json\/wp\/v2\/tags?post=15703"}],"curies":[{"name":"wp","href":"https:\/\/api.w.org\/{rel}","templated":true}]}}