{"id":15698,"date":"2020-07-26T12:31:00","date_gmt":"2020-07-26T12:31:00","guid":{"rendered":"https:\/\/www.ferabrajan.com\/2020\/07\/26\/quien-es-jose-alfonso-suarez-del-real-nuevo-secretario-de-gobierno-de-la-cdmx\/"},"modified":"2020-07-26T12:31:00","modified_gmt":"2020-07-26T12:31:00","slug":"quien-es-jose-alfonso-suarez-del-real-nuevo-secretario-de-gobierno-de-la-cdmx","status":"publish","type":"post","link":"https:\/\/ferabrajan.com\/portal\/2020\/07\/26\/quien-es-jose-alfonso-suarez-del-real-nuevo-secretario-de-gobierno-de-la-cdmx\/","title":{"rendered":"\u00bfQui\u00e9n es Jos\u00e9 Alfonso Su\u00e1rez del Real, nuevo secretario de Gobierno de la CDMX?"},"content":{"rendered":"<div><img decoding=\"async\" src=\"https:\/\/www.eluniversal.com.mx\/sites\/default\/files\/styles\/f03-651x400\/public\/2020\/07\/26\/suarez_real.jpg?itok=c9RTeYWY\" class=\"ff-og-image-inserted\"><\/div>\n<p><strong>Jos\u00e9 Alfonso Su\u00e1rez del Real y Aguilera<\/strong> se desempe\u00f1\u00f3 como <a href=\"https:\/\/www.eluniversal.com.mx\/metropoli\" target=\"_blank\" rel=\"noopener noreferrer\"><span>Secretario de Cultura de la Ciudad de M\u00e9xico<\/span><\/a>, desde el inicio de la administraci\u00f3n.&nbsp;<\/p>\n<p>Es licenciado en Periodismo, Premio Nacional de Periodismo en dos ocasiones, en el a\u00f1o 2015 y en el 2017, as\u00ed como Premio de Periodismo Jos\u00e9 Pag\u00e9s Llergo, en el 2016.<\/p>\n<p>Fue diputado federal en la LX Legislatura, en la que fungi\u00f3 como presidente y secretario de la <strong>Comisi\u00f3n de Cultura.<\/strong> Promotor de la reforma constitucional a los art\u00edculos 4\u00ba y 73\u00ba que consagran, como parte integrante de los derechos humanos y de las garant\u00edas individuales, el derecho de acceso a la cultura, el respeto a la diversidad cultural y la libertad creativa.<\/p>\n<p>Diputado local en la VII Legislatura de la Asamblea Legislativa del Distrito Federal, donde fue promotor de la <strong>Ley de Derechos Culturales<\/strong> de los habitantes y visitantes de la Ciudad de M\u00e9xico y promotor de la Ley Constitucional de Alcald\u00edas de la Ciudad de M\u00e9xico.<\/p>\n<p>Integrante del grupo asesor en el proceso de dictaminaci\u00f3n de la iniciativa de la <strong>Ley General de Cultura y Derechos Culturales<\/strong> en el Senado de la Rep\u00fablica.<\/p>\n<p><strong>Tambi\u00e9n lee:<span>&nbsp;<\/span><\/strong><a href=\"https:\/\/www.eluniversal.com.mx\/metropoli\/quien-es-rosa-icela-rodriguez-la-nueva-coordinadora-general-de-puertos-y-marina\" target=\"_blank\" rel=\"noopener noreferrer\"><span>Qui\u00e9n es Rosa Icela Rodr\u00edguez, la nueva coordinadora general de Puertos y Marina Mercante<\/span><\/a><\/p>\n<p>Ha sido colaborador en el Sistema de Transporte Colectivo (SCT) Metro, la entonces Secretar\u00eda de Transporte y Vialidad del GDF, y jefe delegacional sustituto de la <strong>delegaci\u00f3n Cuauht\u00e9moc.<\/strong><\/p>\n<p>lr<\/p>\n<p>Publicaci\u00f3n Original: <a href=\"https:\/\/www.eluniversal.com.mx\/metropoli\/cdmx\/quien-es-jose-alfonso-suarez-del-real-nuevo-secretario-de-gobierno-de-la-cdmx\" target=\"_blank\" rel=\"noopener noreferrer\">https:\/\/www.eluniversal.com.mx\/metropoli\/cdmx\/quien-es-jose-alfonso-suarez-del-real-nuevo-secretario-de-gobierno-de-la-cdmx<\/a><\/p>\n","protected":false},"excerpt":{"rendered":"<p>Jos\u00e9 Alfonso Su\u00e1rez del Real y Aguilera se desempe\u00f1\u00f3 como Secretario de Cultura de la Ciudad de M\u00e9xico, desde el inicio de la administraci\u00f3n.&nbsp; Es licenciado en Periodismo, Premio Nacional de Periodismo en dos ocasiones, en el a\u00f1o 2015 y en el 2017, as\u00ed como Premio de Periodismo Jos\u00e9 Pag\u00e9s Llergo, en el 2016. Fue diputado federal en la LX Legislatura, en la que fungi\u00f3 como presidente y secretario de la Comisi\u00f3n de Cultura. Promotor de la reforma constitucional a los art\u00edculos 4\u00ba y 73\u00ba que consagran, como parte integrante de los derechos humanos y de las garant\u00edas individuales, el derecho de acceso a la cultura, el respeto a la diversidad cultural y la libertad creativa. Diputado local en la VII Legislatura de la Asamblea Legislativa del Distrito Federal, donde fue promotor de la Ley de Derechos Culturales de los habitantes y visitantes de la Ciudad de M\u00e9xico y promotor de la Ley Constitucional de Alcald\u00edas de la Ciudad de M\u00e9xico. Integrante del grupo asesor en el proceso de dictaminaci\u00f3n de la iniciativa de la Ley General de Cultura y Derechos Culturales en el Senado de la Rep\u00fablica. Tambi\u00e9n lee:&nbsp;Qui\u00e9n es Rosa Icela Rodr\u00edguez, la nueva coordinadora general de Puertos y Marina Mercante Ha sido colaborador en el Sistema de Transporte Colectivo (SCT) Metro, la entonces Secretar\u00eda de Transporte y Vialidad del GDF, y jefe delegacional sustituto de la delegaci\u00f3n Cuauht\u00e9moc. lr Publicaci\u00f3n Original: https:\/\/www.eluniversal.com.mx\/metropoli\/cdmx\/quien-es-jose-alfonso-suarez-del-real-nuevo-secretario-de-gobierno-de-la-cdmx<\/p>\n","protected":false},"author":1,"featured_media":15702,"comment_status":"open","ping_status":"closed","sticky":false,"template":"","format":"standard","meta":{"_monsterinsights_skip_tracking":false,"_uf_show_specific_survey":0,"_uf_disable_surveys":false,"footnotes":""},"categories":[36],"tags":[],"class_list":["post-15698","post","type-post","status-publish","format-standard","has-post-thumbnail","hentry","category-el-mundo"],"yoast_head":"<!-- This site is optimized with the Yoast SEO plugin v27.5 - https:\/\/yoast.com\/product\/yoast-seo-wordpress\/ -->\n<title>\u00bfQui\u00e9n es Jos\u00e9 Alfonso Su\u00e1rez del Real, nuevo secretario de Gobierno de la CDMX? - Fer Abrajan<\/title>\n<meta name=\"robots\" content=\"index, follow, max-snippet:-1, max-image-preview:large, max-video-preview:-1\" \/>\n<link rel=\"canonical\" href=\"https:\/\/ferabrajan.com\/portal\/2020\/07\/26\/quien-es-jose-alfonso-suarez-del-real-nuevo-secretario-de-gobierno-de-la-cdmx\/\" \/>\n<meta property=\"og:locale\" content=\"es_ES\" \/>\n<meta property=\"og:type\" content=\"article\" \/>\n<meta property=\"og:title\" content=\"\u00bfQui\u00e9n es Jos\u00e9 Alfonso Su\u00e1rez del Real, nuevo secretario de Gobierno de la CDMX? - Fer Abrajan\" \/>\n<meta property=\"og:description\" content=\"Jos\u00e9 Alfonso Su\u00e1rez del Real y Aguilera se desempe\u00f1\u00f3 como Secretario de Cultura de la Ciudad de M\u00e9xico, desde el inicio de la administraci\u00f3n.&nbsp; Es licenciado en Periodismo, Premio Nacional de Periodismo en dos ocasiones, en el a\u00f1o 2015 y en el 2017, as\u00ed como Premio de Periodismo Jos\u00e9 Pag\u00e9s Llergo, en el 2016. Fue diputado federal en la LX Legislatura, en la que fungi\u00f3 como presidente y secretario de la Comisi\u00f3n de Cultura. Promotor de la reforma constitucional a los art\u00edculos 4\u00ba y 73\u00ba que consagran, como parte integrante de los derechos humanos y de las garant\u00edas individuales, el derecho de acceso a la cultura, el respeto a la diversidad cultural y la libertad creativa. Diputado local en la VII Legislatura de la Asamblea Legislativa del Distrito Federal, donde fue promotor de la Ley de Derechos Culturales de los habitantes y visitantes de la Ciudad de M\u00e9xico y promotor de la Ley Constitucional de Alcald\u00edas de la Ciudad de M\u00e9xico. Integrante del grupo asesor en el proceso de dictaminaci\u00f3n de la iniciativa de la Ley General de Cultura y Derechos Culturales en el Senado de la Rep\u00fablica. Tambi\u00e9n lee:&nbsp;Qui\u00e9n es Rosa Icela Rodr\u00edguez, la nueva coordinadora general de Puertos y Marina Mercante Ha sido colaborador en el Sistema de Transporte Colectivo (SCT) Metro, la entonces Secretar\u00eda de Transporte y Vialidad del GDF, y jefe delegacional sustituto de la delegaci\u00f3n Cuauht\u00e9moc. lr Publicaci\u00f3n Original: https:\/\/www.eluniversal.com.mx\/metropoli\/cdmx\/quien-es-jose-alfonso-suarez-del-real-nuevo-secretario-de-gobierno-de-la-cdmx\" \/>\n<meta property=\"og:url\" content=\"https:\/\/ferabrajan.com\/portal\/2020\/07\/26\/quien-es-jose-alfonso-suarez-del-real-nuevo-secretario-de-gobierno-de-la-cdmx\/\" \/>\n<meta property=\"og:site_name\" content=\"Fer Abrajan\" \/>\n<meta property=\"article:publisher\" content=\"https:\/\/www.facebook.com\/NoticiasconFerAbrajan\/\" \/>\n<meta property=\"article:published_time\" content=\"2020-07-26T12:31:00+00:00\" \/>\n<meta name=\"author\" content=\"admin\" \/>\n<meta name=\"twitter:card\" content=\"summary_large_image\" \/>\n<meta name=\"twitter:creator\" content=\"@ferabrajan1\" \/>\n<meta name=\"twitter:site\" content=\"@ferabrajan1\" \/>\n<meta name=\"twitter:label1\" content=\"Escrito por\" \/>\n\t<meta name=\"twitter:data1\" content=\"admin\" \/>\n\t<meta name=\"twitter:label2\" content=\"Tiempo de lectura\" \/>\n\t<meta name=\"twitter:data2\" content=\"1 minuto\" \/>\n<script type=\"application\/ld+json\" class=\"yoast-schema-graph\">{\"@context\":\"https:\\\/\\\/schema.org\",\"@graph\":[{\"@type\":\"Article\",\"@id\":\"https:\\\/\\\/ferabrajan.com\\\/portal\\\/2020\\\/07\\\/26\\\/quien-es-jose-alfonso-suarez-del-real-nuevo-secretario-de-gobierno-de-la-cdmx\\\/#article\",\"isPartOf\":{\"@id\":\"https:\\\/\\\/ferabrajan.com\\\/portal\\\/2020\\\/07\\\/26\\\/quien-es-jose-alfonso-suarez-del-real-nuevo-secretario-de-gobierno-de-la-cdmx\\\/\"},\"author\":{\"name\":\"admin\",\"@id\":\"https:\\\/\\\/ferabrajan.com\\\/portal\\\/#\\\/schema\\\/person\\\/f6113b3cb1e036d5c6a9505685b257ba\"},\"headline\":\"\u00bfQui\u00e9n es Jos\u00e9 Alfonso Su\u00e1rez del Real, nuevo secretario de Gobierno de la CDMX?\",\"datePublished\":\"2020-07-26T12:31:00+00:00\",\"mainEntityOfPage\":{\"@id\":\"https:\\\/\\\/ferabrajan.com\\\/portal\\\/2020\\\/07\\\/26\\\/quien-es-jose-alfonso-suarez-del-real-nuevo-secretario-de-gobierno-de-la-cdmx\\\/\"},\"wordCount\":276,\"commentCount\":0,\"publisher\":{\"@id\":\"https:\\\/\\\/ferabrajan.com\\\/portal\\\/#organization\"},\"image\":{\"@id\":\"https:\\\/\\\/ferabrajan.com\\\/portal\\\/2020\\\/07\\\/26\\\/quien-es-jose-alfonso-suarez-del-real-nuevo-secretario-de-gobierno-de-la-cdmx\\\/#primaryimage\"},\"thumbnailUrl\":\"\",\"articleSection\":[\"El Mundo\"],\"inLanguage\":\"es\"},{\"@type\":\"WebPage\",\"@id\":\"https:\\\/\\\/ferabrajan.com\\\/portal\\\/2020\\\/07\\\/26\\\/quien-es-jose-alfonso-suarez-del-real-nuevo-secretario-de-gobierno-de-la-cdmx\\\/\",\"url\":\"https:\\\/\\\/ferabrajan.com\\\/portal\\\/2020\\\/07\\\/26\\\/quien-es-jose-alfonso-suarez-del-real-nuevo-secretario-de-gobierno-de-la-cdmx\\\/\",\"name\":\"\u00bfQui\u00e9n es Jos\u00e9 Alfonso Su\u00e1rez del Real, nuevo secretario de Gobierno de la CDMX? - Fer Abrajan\",\"isPartOf\":{\"@id\":\"https:\\\/\\\/ferabrajan.com\\\/portal\\\/#website\"},\"primaryImageOfPage\":{\"@id\":\"https:\\\/\\\/ferabrajan.com\\\/portal\\\/2020\\\/07\\\/26\\\/quien-es-jose-alfonso-suarez-del-real-nuevo-secretario-de-gobierno-de-la-cdmx\\\/#primaryimage\"},\"image\":{\"@id\":\"https:\\\/\\\/ferabrajan.com\\\/portal\\\/2020\\\/07\\\/26\\\/quien-es-jose-alfonso-suarez-del-real-nuevo-secretario-de-gobierno-de-la-cdmx\\\/#primaryimage\"},\"thumbnailUrl\":\"\",\"datePublished\":\"2020-07-26T12:31:00+00:00\",\"breadcrumb\":{\"@id\":\"https:\\\/\\\/ferabrajan.com\\\/portal\\\/2020\\\/07\\\/26\\\/quien-es-jose-alfonso-suarez-del-real-nuevo-secretario-de-gobierno-de-la-cdmx\\\/#breadcrumb\"},\"inLanguage\":\"es\",\"potentialAction\":[{\"@type\":\"ReadAction\",\"target\":[\"https:\\\/\\\/ferabrajan.com\\\/portal\\\/2020\\\/07\\\/26\\\/quien-es-jose-alfonso-suarez-del-real-nuevo-secretario-de-gobierno-de-la-cdmx\\\/\"]}]},{\"@type\":\"ImageObject\",\"inLanguage\":\"es\",\"@id\":\"https:\\\/\\\/ferabrajan.com\\\/portal\\\/2020\\\/07\\\/26\\\/quien-es-jose-alfonso-suarez-del-real-nuevo-secretario-de-gobierno-de-la-cdmx\\\/#primaryimage\",\"url\":\"\",\"contentUrl\":\"\"},{\"@type\":\"BreadcrumbList\",\"@id\":\"https:\\\/\\\/ferabrajan.com\\\/portal\\\/2020\\\/07\\\/26\\\/quien-es-jose-alfonso-suarez-del-real-nuevo-secretario-de-gobierno-de-la-cdmx\\\/#breadcrumb\",\"itemListElement\":[{\"@type\":\"ListItem\",\"position\":1,\"name\":\"Portada\",\"item\":\"https:\\\/\\\/ferabrajan.com\\\/portal\\\/\"},{\"@type\":\"ListItem\",\"position\":2,\"name\":\"\u00bfQui\u00e9n es Jos\u00e9 Alfonso Su\u00e1rez del Real, nuevo secretario de Gobierno de la CDMX?\"}]},{\"@type\":\"WebSite\",\"@id\":\"https:\\\/\\\/ferabrajan.com\\\/portal\\\/#website\",\"url\":\"https:\\\/\\\/ferabrajan.com\\\/portal\\\/\",\"name\":\"Fer Abrajan\",\"description\":\"Noticias de Puebla, opini\u00f3n y radio en vivo\",\"publisher\":{\"@id\":\"https:\\\/\\\/ferabrajan.com\\\/portal\\\/#organization\"},\"potentialAction\":[{\"@type\":\"SearchAction\",\"target\":{\"@type\":\"EntryPoint\",\"urlTemplate\":\"https:\\\/\\\/ferabrajan.com\\\/portal\\\/?s={search_term_string}\"},\"query-input\":{\"@type\":\"PropertyValueSpecification\",\"valueRequired\":true,\"valueName\":\"search_term_string\"}}],\"inLanguage\":\"es\"},{\"@type\":\"Organization\",\"@id\":\"https:\\\/\\\/ferabrajan.com\\\/portal\\\/#organization\",\"name\":\"Fer Abrajan\",\"url\":\"https:\\\/\\\/ferabrajan.com\\\/portal\\\/\",\"logo\":{\"@type\":\"ImageObject\",\"inLanguage\":\"es\",\"@id\":\"https:\\\/\\\/ferabrajan.com\\\/portal\\\/#\\\/schema\\\/logo\\\/image\\\/\",\"url\":\"https:\\\/\\\/ferabrajan.com\\\/portal\\\/wp-content\\\/uploads\\\/2024\\\/10\\\/cropped-logo.jpeg\",\"contentUrl\":\"https:\\\/\\\/ferabrajan.com\\\/portal\\\/wp-content\\\/uploads\\\/2024\\\/10\\\/cropped-logo.jpeg\",\"width\":500,\"height\":250,\"caption\":\"Fer Abrajan\"},\"image\":{\"@id\":\"https:\\\/\\\/ferabrajan.com\\\/portal\\\/#\\\/schema\\\/logo\\\/image\\\/\"},\"sameAs\":[\"https:\\\/\\\/www.facebook.com\\\/NoticiasconFerAbrajan\\\/\",\"https:\\\/\\\/x.com\\\/ferabrajan1\"]},{\"@type\":\"Person\",\"@id\":\"https:\\\/\\\/ferabrajan.com\\\/portal\\\/#\\\/schema\\\/person\\\/f6113b3cb1e036d5c6a9505685b257ba\",\"name\":\"admin\",\"image\":{\"@type\":\"ImageObject\",\"inLanguage\":\"es\",\"@id\":\"https:\\\/\\\/secure.gravatar.com\\\/avatar\\\/072baa72775aad53c748dfc5d3048578e01b6c087eef335459ebfa04344e2d18?s=96&d=mm&r=g\",\"url\":\"https:\\\/\\\/secure.gravatar.com\\\/avatar\\\/072baa72775aad53c748dfc5d3048578e01b6c087eef335459ebfa04344e2d18?s=96&d=mm&r=g\",\"contentUrl\":\"https:\\\/\\\/secure.gravatar.com\\\/avatar\\\/072baa72775aad53c748dfc5d3048578e01b6c087eef335459ebfa04344e2d18?s=96&d=mm&r=g\",\"caption\":\"admin\"},\"sameAs\":[\"https:\\\/\\\/ferabrajan.com\\\/portal\"],\"url\":\"https:\\\/\\\/ferabrajan.com\\\/portal\\\/author\\\/admin\\\/\"}]}<\/script>\n<!-- \/ Yoast SEO plugin. -->","yoast_head_json":{"title":"\u00bfQui\u00e9n es Jos\u00e9 Alfonso Su\u00e1rez del Real, nuevo secretario de Gobierno de la CDMX? - Fer Abrajan","robots":{"index":"index","follow":"follow","max-snippet":"max-snippet:-1","max-image-preview":"max-image-preview:large","max-video-preview":"max-video-preview:-1"},"canonical":"https:\/\/ferabrajan.com\/portal\/2020\/07\/26\/quien-es-jose-alfonso-suarez-del-real-nuevo-secretario-de-gobierno-de-la-cdmx\/","og_locale":"es_ES","og_type":"article","og_title":"\u00bfQui\u00e9n es Jos\u00e9 Alfonso Su\u00e1rez del Real, nuevo secretario de Gobierno de la CDMX? - Fer Abrajan","og_description":"Jos\u00e9 Alfonso Su\u00e1rez del Real y Aguilera se desempe\u00f1\u00f3 como Secretario de Cultura de la Ciudad de M\u00e9xico, desde el inicio de la administraci\u00f3n.&nbsp; Es licenciado en Periodismo, Premio Nacional de Periodismo en dos ocasiones, en el a\u00f1o 2015 y en el 2017, as\u00ed como Premio de Periodismo Jos\u00e9 Pag\u00e9s Llergo, en el 2016. Fue diputado federal en la LX Legislatura, en la que fungi\u00f3 como presidente y secretario de la Comisi\u00f3n de Cultura. Promotor de la reforma constitucional a los art\u00edculos 4\u00ba y 73\u00ba que consagran, como parte integrante de los derechos humanos y de las garant\u00edas individuales, el derecho de acceso a la cultura, el respeto a la diversidad cultural y la libertad creativa. Diputado local en la VII Legislatura de la Asamblea Legislativa del Distrito Federal, donde fue promotor de la Ley de Derechos Culturales de los habitantes y visitantes de la Ciudad de M\u00e9xico y promotor de la Ley Constitucional de Alcald\u00edas de la Ciudad de M\u00e9xico. Integrante del grupo asesor en el proceso de dictaminaci\u00f3n de la iniciativa de la Ley General de Cultura y Derechos Culturales en el Senado de la Rep\u00fablica. Tambi\u00e9n lee:&nbsp;Qui\u00e9n es Rosa Icela Rodr\u00edguez, la nueva coordinadora general de Puertos y Marina Mercante Ha sido colaborador en el Sistema de Transporte Colectivo (SCT) Metro, la entonces Secretar\u00eda de Transporte y Vialidad del GDF, y jefe delegacional sustituto de la delegaci\u00f3n Cuauht\u00e9moc. lr Publicaci\u00f3n Original: https:\/\/www.eluniversal.com.mx\/metropoli\/cdmx\/quien-es-jose-alfonso-suarez-del-real-nuevo-secretario-de-gobierno-de-la-cdmx","og_url":"https:\/\/ferabrajan.com\/portal\/2020\/07\/26\/quien-es-jose-alfonso-suarez-del-real-nuevo-secretario-de-gobierno-de-la-cdmx\/","og_site_name":"Fer Abrajan","article_publisher":"https:\/\/www.facebook.com\/NoticiasconFerAbrajan\/","article_published_time":"2020-07-26T12:31:00+00:00","author":"admin","twitter_card":"summary_large_image","twitter_creator":"@ferabrajan1","twitter_site":"@ferabrajan1","twitter_misc":{"Escrito por":"admin","Tiempo de lectura":"1 minuto"},"schema":{"@context":"https:\/\/schema.org","@graph":[{"@type":"Article","@id":"https:\/\/ferabrajan.com\/portal\/2020\/07\/26\/quien-es-jose-alfonso-suarez-del-real-nuevo-secretario-de-gobierno-de-la-cdmx\/#article","isPartOf":{"@id":"https:\/\/ferabrajan.com\/portal\/2020\/07\/26\/quien-es-jose-alfonso-suarez-del-real-nuevo-secretario-de-gobierno-de-la-cdmx\/"},"author":{"name":"admin","@id":"https:\/\/ferabrajan.com\/portal\/#\/schema\/person\/f6113b3cb1e036d5c6a9505685b257ba"},"headline":"\u00bfQui\u00e9n es Jos\u00e9 Alfonso Su\u00e1rez del Real, nuevo secretario de Gobierno de la CDMX?","datePublished":"2020-07-26T12:31:00+00:00","mainEntityOfPage":{"@id":"https:\/\/ferabrajan.com\/portal\/2020\/07\/26\/quien-es-jose-alfonso-suarez-del-real-nuevo-secretario-de-gobierno-de-la-cdmx\/"},"wordCount":276,"commentCount":0,"publisher":{"@id":"https:\/\/ferabrajan.com\/portal\/#organization"},"image":{"@id":"https:\/\/ferabrajan.com\/portal\/2020\/07\/26\/quien-es-jose-alfonso-suarez-del-real-nuevo-secretario-de-gobierno-de-la-cdmx\/#primaryimage"},"thumbnailUrl":"","articleSection":["El Mundo"],"inLanguage":"es"},{"@type":"WebPage","@id":"https:\/\/ferabrajan.com\/portal\/2020\/07\/26\/quien-es-jose-alfonso-suarez-del-real-nuevo-secretario-de-gobierno-de-la-cdmx\/","url":"https:\/\/ferabrajan.com\/portal\/2020\/07\/26\/quien-es-jose-alfonso-suarez-del-real-nuevo-secretario-de-gobierno-de-la-cdmx\/","name":"\u00bfQui\u00e9n es Jos\u00e9 Alfonso Su\u00e1rez del Real, nuevo secretario de Gobierno de la CDMX? - Fer Abrajan","isPartOf":{"@id":"https:\/\/ferabrajan.com\/portal\/#website"},"primaryImageOfPage":{"@id":"https:\/\/ferabrajan.com\/portal\/2020\/07\/26\/quien-es-jose-alfonso-suarez-del-real-nuevo-secretario-de-gobierno-de-la-cdmx\/#primaryimage"},"image":{"@id":"https:\/\/ferabrajan.com\/portal\/2020\/07\/26\/quien-es-jose-alfonso-suarez-del-real-nuevo-secretario-de-gobierno-de-la-cdmx\/#primaryimage"},"thumbnailUrl":"","datePublished":"2020-07-26T12:31:00+00:00","breadcrumb":{"@id":"https:\/\/ferabrajan.com\/portal\/2020\/07\/26\/quien-es-jose-alfonso-suarez-del-real-nuevo-secretario-de-gobierno-de-la-cdmx\/#breadcrumb"},"inLanguage":"es","potentialAction":[{"@type":"ReadAction","target":["https:\/\/ferabrajan.com\/portal\/2020\/07\/26\/quien-es-jose-alfonso-suarez-del-real-nuevo-secretario-de-gobierno-de-la-cdmx\/"]}]},{"@type":"ImageObject","inLanguage":"es","@id":"https:\/\/ferabrajan.com\/portal\/2020\/07\/26\/quien-es-jose-alfonso-suarez-del-real-nuevo-secretario-de-gobierno-de-la-cdmx\/#primaryimage","url":"","contentUrl":""},{"@type":"BreadcrumbList","@id":"https:\/\/ferabrajan.com\/portal\/2020\/07\/26\/quien-es-jose-alfonso-suarez-del-real-nuevo-secretario-de-gobierno-de-la-cdmx\/#breadcrumb","itemListElement":[{"@type":"ListItem","position":1,"name":"Portada","item":"https:\/\/ferabrajan.com\/portal\/"},{"@type":"ListItem","position":2,"name":"\u00bfQui\u00e9n es Jos\u00e9 Alfonso Su\u00e1rez del Real, nuevo secretario de Gobierno de la CDMX?"}]},{"@type":"WebSite","@id":"https:\/\/ferabrajan.com\/portal\/#website","url":"https:\/\/ferabrajan.com\/portal\/","name":"Fer Abrajan","description":"Noticias de Puebla, opini\u00f3n y radio en vivo","publisher":{"@id":"https:\/\/ferabrajan.com\/portal\/#organization"},"potentialAction":[{"@type":"SearchAction","target":{"@type":"EntryPoint","urlTemplate":"https:\/\/ferabrajan.com\/portal\/?s={search_term_string}"},"query-input":{"@type":"PropertyValueSpecification","valueRequired":true,"valueName":"search_term_string"}}],"inLanguage":"es"},{"@type":"Organization","@id":"https:\/\/ferabrajan.com\/portal\/#organization","name":"Fer Abrajan","url":"https:\/\/ferabrajan.com\/portal\/","logo":{"@type":"ImageObject","inLanguage":"es","@id":"https:\/\/ferabrajan.com\/portal\/#\/schema\/logo\/image\/","url":"https:\/\/ferabrajan.com\/portal\/wp-content\/uploads\/2024\/10\/cropped-logo.jpeg","contentUrl":"https:\/\/ferabrajan.com\/portal\/wp-content\/uploads\/2024\/10\/cropped-logo.jpeg","width":500,"height":250,"caption":"Fer Abrajan"},"image":{"@id":"https:\/\/ferabrajan.com\/portal\/#\/schema\/logo\/image\/"},"sameAs":["https:\/\/www.facebook.com\/NoticiasconFerAbrajan\/","https:\/\/x.com\/ferabrajan1"]},{"@type":"Person","@id":"https:\/\/ferabrajan.com\/portal\/#\/schema\/person\/f6113b3cb1e036d5c6a9505685b257ba","name":"admin","image":{"@type":"ImageObject","inLanguage":"es","@id":"https:\/\/secure.gravatar.com\/avatar\/072baa72775aad53c748dfc5d3048578e01b6c087eef335459ebfa04344e2d18?s=96&d=mm&r=g","url":"https:\/\/secure.gravatar.com\/avatar\/072baa72775aad53c748dfc5d3048578e01b6c087eef335459ebfa04344e2d18?s=96&d=mm&r=g","contentUrl":"https:\/\/secure.gravatar.com\/avatar\/072baa72775aad53c748dfc5d3048578e01b6c087eef335459ebfa04344e2d18?s=96&d=mm&r=g","caption":"admin"},"sameAs":["https:\/\/ferabrajan.com\/portal"],"url":"https:\/\/ferabrajan.com\/portal\/author\/admin\/"}]}},"_links":{"self":[{"href":"https:\/\/ferabrajan.com\/portal\/wp-json\/wp\/v2\/posts\/15698","targetHints":{"allow":["GET"]}}],"collection":[{"href":"https:\/\/ferabrajan.com\/portal\/wp-json\/wp\/v2\/posts"}],"about":[{"href":"https:\/\/ferabrajan.com\/portal\/wp-json\/wp\/v2\/types\/post"}],"author":[{"embeddable":true,"href":"https:\/\/ferabrajan.com\/portal\/wp-json\/wp\/v2\/users\/1"}],"replies":[{"embeddable":true,"href":"https:\/\/ferabrajan.com\/portal\/wp-json\/wp\/v2\/comments?post=15698"}],"version-history":[{"count":0,"href":"https:\/\/ferabrajan.com\/portal\/wp-json\/wp\/v2\/posts\/15698\/revisions"}],"wp:attachment":[{"href":"https:\/\/ferabrajan.com\/portal\/wp-json\/wp\/v2\/media?parent=15698"}],"wp:term":[{"taxonomy":"category","embeddable":true,"href":"https:\/\/ferabrajan.com\/portal\/wp-json\/wp\/v2\/categories?post=15698"},{"taxonomy":"post_tag","embeddable":true,"href":"https:\/\/ferabrajan.com\/portal\/wp-json\/wp\/v2\/tags?post=15698"}],"curies":[{"name":"wp","href":"https:\/\/api.w.org\/{rel}","templated":true}]}}