{"id":15694,"date":"2020-07-26T12:37:00","date_gmt":"2020-07-26T12:37:00","guid":{"rendered":"https:\/\/www.ferabrajan.com\/2020\/07\/26\/integrantes-de-frente-anti-amlo-realizan-caravana-sobre-reforma\/"},"modified":"2020-07-26T12:37:00","modified_gmt":"2020-07-26T12:37:00","slug":"integrantes-de-frente-anti-amlo-realizan-caravana-sobre-reforma","status":"publish","type":"post","link":"https:\/\/ferabrajan.com\/portal\/2020\/07\/26\/integrantes-de-frente-anti-amlo-realizan-caravana-sobre-reforma\/","title":{"rendered":"Integrantes de Frente Anti-AMLO realizan caravana sobre Reforma"},"content":{"rendered":"<p><a href=\"https:\/\/www.eluniversal.com.mx\/cdn-cgi\/l\/email-protection#1b757a787274755b7e776e75726d7e69687a7735787476357663\"><span class=\"__cf_email__\" data-cfemail=\"3957585a505657795c554c57504f5c4b4a5855175a5654175441\">[email&nbsp;protected]<\/span><\/a><\/p>\n<p>Por quinta ocasi\u00f3n, los integrantes del <strong>Frente Nacional Anti-AMLO<\/strong> organizan y llevan a cabo una caravana de autom\u00f3viles sobre Paseo de la Reforma en la Ciudad de M\u00e9xico para demandar la renuncia del presidente <strong>Andr\u00e9s Manuel L\u00f3pez Obrador<\/strong>.<\/p>\n<p>Como otras veces, se lleva a cabo una manifestaci\u00f3n con direcci\u00f3n del <strong>Auditorio Nacional<\/strong> hacia el Palacio de Bellas Artes en la cual, los automovilistas portan banderas de M\u00e9xico, hacen sonar los cl\u00e1xones de sus veh\u00edculos y muestran pancartas y letreros pegados en los mismos con mensajes como \u00ab\u00a1AMLO, vete ya!\u00bb, \u00ab#SomosM\u00e9xico\u00bb, y \u00abAMLO deja de destruir\u00bb, por ejemplo.<\/p>\n<p>Los reclamos de los inconformes con el gobierno del <strong>presidente L\u00f3pez Obrador<\/strong> abarcan varios temas: desde un plan para \u00abinstalar el comunismo en M\u00e9xico\u00bb, en contra de lo que consideran un plan para instalar \u00abuna dictadura chavista\u00bb, el aborto y la reforma a la Ley del IMSS para aumentar la cantidad de trabajadores que perciban una pensi\u00f3n al jubilarse, el manejo de la pandemia por Coronavirus 2019, hasta para demandar que no se venda el avi\u00f3n presidencial, luego de que el presidente dio a conocer que ya hay dos compradores internacionales para la aeronave.<\/p>\n<p>&nbsp;\u00abEl avi\u00f3n es del pueblo. No robes a M\u00e9xico para regalar a los extranjeros\u00bb, reclama un hombre a trav\u00e9s del cartel pegado en la puerta de su autom\u00f3vil.<\/p>\n<p>grg<\/p>\n<p>Publicaci\u00f3n Original: <a href=\"https:\/\/www.eluniversal.com.mx\/nacion\/integrantes-de-frente-anti-amlo-realizan-caravana-sobre-reforma\" target=\"_blank\" rel=\"noopener noreferrer\">https:\/\/www.eluniversal.com.mx\/nacion\/integrantes-de-frente-anti-amlo-realizan-caravana-sobre-reforma<\/a><\/p>\n","protected":false},"excerpt":{"rendered":"<p>[email&nbsp;protected] Por quinta ocasi\u00f3n, los integrantes del Frente Nacional Anti-AMLO organizan y llevan a cabo una caravana de autom\u00f3viles sobre Paseo de la Reforma en la Ciudad de M\u00e9xico para demandar la renuncia del presidente Andr\u00e9s Manuel L\u00f3pez Obrador. Como otras veces, se lleva a cabo una manifestaci\u00f3n con direcci\u00f3n del Auditorio Nacional hacia el Palacio de Bellas Artes en la cual, los automovilistas portan banderas de M\u00e9xico, hacen sonar los cl\u00e1xones de sus veh\u00edculos y muestran pancartas y letreros pegados en los mismos con mensajes como \u00ab\u00a1AMLO, vete ya!\u00bb, \u00ab#SomosM\u00e9xico\u00bb, y \u00abAMLO deja de destruir\u00bb, por ejemplo. Los reclamos de los inconformes con el gobierno del presidente L\u00f3pez Obrador abarcan varios temas: desde un plan para \u00abinstalar el comunismo en M\u00e9xico\u00bb, en contra de lo que consideran un plan para instalar \u00abuna dictadura chavista\u00bb, el aborto y la reforma a la Ley del IMSS para aumentar la cantidad de trabajadores que perciban una pensi\u00f3n al jubilarse, el manejo de la pandemia por Coronavirus 2019, hasta para demandar que no se venda el avi\u00f3n presidencial, luego de que el presidente dio a conocer que ya hay dos compradores internacionales para la aeronave. &nbsp;\u00abEl avi\u00f3n es del pueblo. No robes a M\u00e9xico para regalar a los extranjeros\u00bb, reclama un hombre a trav\u00e9s del cartel pegado en la puerta de su autom\u00f3vil. grg Publicaci\u00f3n Original: https:\/\/www.eluniversal.com.mx\/nacion\/integrantes-de-frente-anti-amlo-realizan-caravana-sobre-reforma<\/p>\n","protected":false},"author":1,"featured_media":0,"comment_status":"open","ping_status":"closed","sticky":false,"template":"","format":"standard","meta":{"_monsterinsights_skip_tracking":false,"_uf_show_specific_survey":0,"_uf_disable_surveys":false,"footnotes":""},"categories":[36],"tags":[],"class_list":["post-15694","post","type-post","status-publish","format-standard","hentry","category-el-mundo"],"yoast_head":"<!-- This site is optimized with the Yoast SEO plugin v27.5 - https:\/\/yoast.com\/product\/yoast-seo-wordpress\/ -->\n<title>Integrantes de Frente Anti-AMLO realizan caravana sobre Reforma - Fer Abrajan<\/title>\n<meta name=\"robots\" content=\"index, follow, max-snippet:-1, max-image-preview:large, max-video-preview:-1\" \/>\n<link rel=\"canonical\" href=\"https:\/\/ferabrajan.com\/portal\/2020\/07\/26\/integrantes-de-frente-anti-amlo-realizan-caravana-sobre-reforma\/\" \/>\n<meta property=\"og:locale\" content=\"es_ES\" \/>\n<meta property=\"og:type\" content=\"article\" \/>\n<meta property=\"og:title\" content=\"Integrantes de Frente Anti-AMLO realizan caravana sobre Reforma - Fer Abrajan\" \/>\n<meta property=\"og:description\" content=\"[email&nbsp;protected] Por quinta ocasi\u00f3n, los integrantes del Frente Nacional Anti-AMLO organizan y llevan a cabo una caravana de autom\u00f3viles sobre Paseo de la Reforma en la Ciudad de M\u00e9xico para demandar la renuncia del presidente Andr\u00e9s Manuel L\u00f3pez Obrador. Como otras veces, se lleva a cabo una manifestaci\u00f3n con direcci\u00f3n del Auditorio Nacional hacia el Palacio de Bellas Artes en la cual, los automovilistas portan banderas de M\u00e9xico, hacen sonar los cl\u00e1xones de sus veh\u00edculos y muestran pancartas y letreros pegados en los mismos con mensajes como \u00ab\u00a1AMLO, vete ya!\u00bb, \u00ab#SomosM\u00e9xico\u00bb, y \u00abAMLO deja de destruir\u00bb, por ejemplo. Los reclamos de los inconformes con el gobierno del presidente L\u00f3pez Obrador abarcan varios temas: desde un plan para \u00abinstalar el comunismo en M\u00e9xico\u00bb, en contra de lo que consideran un plan para instalar \u00abuna dictadura chavista\u00bb, el aborto y la reforma a la Ley del IMSS para aumentar la cantidad de trabajadores que perciban una pensi\u00f3n al jubilarse, el manejo de la pandemia por Coronavirus 2019, hasta para demandar que no se venda el avi\u00f3n presidencial, luego de que el presidente dio a conocer que ya hay dos compradores internacionales para la aeronave. &nbsp;\u00abEl avi\u00f3n es del pueblo. No robes a M\u00e9xico para regalar a los extranjeros\u00bb, reclama un hombre a trav\u00e9s del cartel pegado en la puerta de su autom\u00f3vil. grg Publicaci\u00f3n Original: https:\/\/www.eluniversal.com.mx\/nacion\/integrantes-de-frente-anti-amlo-realizan-caravana-sobre-reforma\" \/>\n<meta property=\"og:url\" content=\"https:\/\/ferabrajan.com\/portal\/2020\/07\/26\/integrantes-de-frente-anti-amlo-realizan-caravana-sobre-reforma\/\" \/>\n<meta property=\"og:site_name\" content=\"Fer Abrajan\" \/>\n<meta property=\"article:publisher\" content=\"https:\/\/www.facebook.com\/NoticiasconFerAbrajan\/\" \/>\n<meta property=\"article:published_time\" content=\"2020-07-26T12:37:00+00:00\" \/>\n<meta name=\"author\" content=\"admin\" \/>\n<meta name=\"twitter:card\" content=\"summary_large_image\" \/>\n<meta name=\"twitter:creator\" content=\"@ferabrajan1\" \/>\n<meta name=\"twitter:site\" content=\"@ferabrajan1\" \/>\n<meta name=\"twitter:label1\" content=\"Escrito por\" \/>\n\t<meta name=\"twitter:data1\" content=\"admin\" \/>\n\t<meta name=\"twitter:label2\" content=\"Tiempo de lectura\" \/>\n\t<meta name=\"twitter:data2\" content=\"1 minuto\" \/>\n<script type=\"application\/ld+json\" class=\"yoast-schema-graph\">{\"@context\":\"https:\\\/\\\/schema.org\",\"@graph\":[{\"@type\":\"Article\",\"@id\":\"https:\\\/\\\/ferabrajan.com\\\/portal\\\/2020\\\/07\\\/26\\\/integrantes-de-frente-anti-amlo-realizan-caravana-sobre-reforma\\\/#article\",\"isPartOf\":{\"@id\":\"https:\\\/\\\/ferabrajan.com\\\/portal\\\/2020\\\/07\\\/26\\\/integrantes-de-frente-anti-amlo-realizan-caravana-sobre-reforma\\\/\"},\"author\":{\"name\":\"admin\",\"@id\":\"https:\\\/\\\/ferabrajan.com\\\/portal\\\/#\\\/schema\\\/person\\\/f6113b3cb1e036d5c6a9505685b257ba\"},\"headline\":\"Integrantes de Frente Anti-AMLO realizan caravana sobre Reforma\",\"datePublished\":\"2020-07-26T12:37:00+00:00\",\"mainEntityOfPage\":{\"@id\":\"https:\\\/\\\/ferabrajan.com\\\/portal\\\/2020\\\/07\\\/26\\\/integrantes-de-frente-anti-amlo-realizan-caravana-sobre-reforma\\\/\"},\"wordCount\":260,\"commentCount\":0,\"publisher\":{\"@id\":\"https:\\\/\\\/ferabrajan.com\\\/portal\\\/#organization\"},\"articleSection\":[\"El Mundo\"],\"inLanguage\":\"es\"},{\"@type\":\"WebPage\",\"@id\":\"https:\\\/\\\/ferabrajan.com\\\/portal\\\/2020\\\/07\\\/26\\\/integrantes-de-frente-anti-amlo-realizan-caravana-sobre-reforma\\\/\",\"url\":\"https:\\\/\\\/ferabrajan.com\\\/portal\\\/2020\\\/07\\\/26\\\/integrantes-de-frente-anti-amlo-realizan-caravana-sobre-reforma\\\/\",\"name\":\"Integrantes de Frente Anti-AMLO realizan caravana sobre Reforma - Fer Abrajan\",\"isPartOf\":{\"@id\":\"https:\\\/\\\/ferabrajan.com\\\/portal\\\/#website\"},\"datePublished\":\"2020-07-26T12:37:00+00:00\",\"breadcrumb\":{\"@id\":\"https:\\\/\\\/ferabrajan.com\\\/portal\\\/2020\\\/07\\\/26\\\/integrantes-de-frente-anti-amlo-realizan-caravana-sobre-reforma\\\/#breadcrumb\"},\"inLanguage\":\"es\",\"potentialAction\":[{\"@type\":\"ReadAction\",\"target\":[\"https:\\\/\\\/ferabrajan.com\\\/portal\\\/2020\\\/07\\\/26\\\/integrantes-de-frente-anti-amlo-realizan-caravana-sobre-reforma\\\/\"]}]},{\"@type\":\"BreadcrumbList\",\"@id\":\"https:\\\/\\\/ferabrajan.com\\\/portal\\\/2020\\\/07\\\/26\\\/integrantes-de-frente-anti-amlo-realizan-caravana-sobre-reforma\\\/#breadcrumb\",\"itemListElement\":[{\"@type\":\"ListItem\",\"position\":1,\"name\":\"Portada\",\"item\":\"https:\\\/\\\/ferabrajan.com\\\/portal\\\/\"},{\"@type\":\"ListItem\",\"position\":2,\"name\":\"Integrantes de Frente Anti-AMLO realizan caravana sobre Reforma\"}]},{\"@type\":\"WebSite\",\"@id\":\"https:\\\/\\\/ferabrajan.com\\\/portal\\\/#website\",\"url\":\"https:\\\/\\\/ferabrajan.com\\\/portal\\\/\",\"name\":\"Fer Abrajan\",\"description\":\"Noticias de Puebla, opini\u00f3n y radio en vivo\",\"publisher\":{\"@id\":\"https:\\\/\\\/ferabrajan.com\\\/portal\\\/#organization\"},\"potentialAction\":[{\"@type\":\"SearchAction\",\"target\":{\"@type\":\"EntryPoint\",\"urlTemplate\":\"https:\\\/\\\/ferabrajan.com\\\/portal\\\/?s={search_term_string}\"},\"query-input\":{\"@type\":\"PropertyValueSpecification\",\"valueRequired\":true,\"valueName\":\"search_term_string\"}}],\"inLanguage\":\"es\"},{\"@type\":\"Organization\",\"@id\":\"https:\\\/\\\/ferabrajan.com\\\/portal\\\/#organization\",\"name\":\"Fer Abrajan\",\"url\":\"https:\\\/\\\/ferabrajan.com\\\/portal\\\/\",\"logo\":{\"@type\":\"ImageObject\",\"inLanguage\":\"es\",\"@id\":\"https:\\\/\\\/ferabrajan.com\\\/portal\\\/#\\\/schema\\\/logo\\\/image\\\/\",\"url\":\"https:\\\/\\\/ferabrajan.com\\\/portal\\\/wp-content\\\/uploads\\\/2024\\\/10\\\/cropped-logo.jpeg\",\"contentUrl\":\"https:\\\/\\\/ferabrajan.com\\\/portal\\\/wp-content\\\/uploads\\\/2024\\\/10\\\/cropped-logo.jpeg\",\"width\":500,\"height\":250,\"caption\":\"Fer Abrajan\"},\"image\":{\"@id\":\"https:\\\/\\\/ferabrajan.com\\\/portal\\\/#\\\/schema\\\/logo\\\/image\\\/\"},\"sameAs\":[\"https:\\\/\\\/www.facebook.com\\\/NoticiasconFerAbrajan\\\/\",\"https:\\\/\\\/x.com\\\/ferabrajan1\"]},{\"@type\":\"Person\",\"@id\":\"https:\\\/\\\/ferabrajan.com\\\/portal\\\/#\\\/schema\\\/person\\\/f6113b3cb1e036d5c6a9505685b257ba\",\"name\":\"admin\",\"image\":{\"@type\":\"ImageObject\",\"inLanguage\":\"es\",\"@id\":\"https:\\\/\\\/secure.gravatar.com\\\/avatar\\\/072baa72775aad53c748dfc5d3048578e01b6c087eef335459ebfa04344e2d18?s=96&d=mm&r=g\",\"url\":\"https:\\\/\\\/secure.gravatar.com\\\/avatar\\\/072baa72775aad53c748dfc5d3048578e01b6c087eef335459ebfa04344e2d18?s=96&d=mm&r=g\",\"contentUrl\":\"https:\\\/\\\/secure.gravatar.com\\\/avatar\\\/072baa72775aad53c748dfc5d3048578e01b6c087eef335459ebfa04344e2d18?s=96&d=mm&r=g\",\"caption\":\"admin\"},\"sameAs\":[\"https:\\\/\\\/ferabrajan.com\\\/portal\"],\"url\":\"https:\\\/\\\/ferabrajan.com\\\/portal\\\/author\\\/admin\\\/\"}]}<\/script>\n<!-- \/ Yoast SEO plugin. -->","yoast_head_json":{"title":"Integrantes de Frente Anti-AMLO realizan caravana sobre Reforma - Fer Abrajan","robots":{"index":"index","follow":"follow","max-snippet":"max-snippet:-1","max-image-preview":"max-image-preview:large","max-video-preview":"max-video-preview:-1"},"canonical":"https:\/\/ferabrajan.com\/portal\/2020\/07\/26\/integrantes-de-frente-anti-amlo-realizan-caravana-sobre-reforma\/","og_locale":"es_ES","og_type":"article","og_title":"Integrantes de Frente Anti-AMLO realizan caravana sobre Reforma - Fer Abrajan","og_description":"[email&nbsp;protected] Por quinta ocasi\u00f3n, los integrantes del Frente Nacional Anti-AMLO organizan y llevan a cabo una caravana de autom\u00f3viles sobre Paseo de la Reforma en la Ciudad de M\u00e9xico para demandar la renuncia del presidente Andr\u00e9s Manuel L\u00f3pez Obrador. Como otras veces, se lleva a cabo una manifestaci\u00f3n con direcci\u00f3n del Auditorio Nacional hacia el Palacio de Bellas Artes en la cual, los automovilistas portan banderas de M\u00e9xico, hacen sonar los cl\u00e1xones de sus veh\u00edculos y muestran pancartas y letreros pegados en los mismos con mensajes como \u00ab\u00a1AMLO, vete ya!\u00bb, \u00ab#SomosM\u00e9xico\u00bb, y \u00abAMLO deja de destruir\u00bb, por ejemplo. Los reclamos de los inconformes con el gobierno del presidente L\u00f3pez Obrador abarcan varios temas: desde un plan para \u00abinstalar el comunismo en M\u00e9xico\u00bb, en contra de lo que consideran un plan para instalar \u00abuna dictadura chavista\u00bb, el aborto y la reforma a la Ley del IMSS para aumentar la cantidad de trabajadores que perciban una pensi\u00f3n al jubilarse, el manejo de la pandemia por Coronavirus 2019, hasta para demandar que no se venda el avi\u00f3n presidencial, luego de que el presidente dio a conocer que ya hay dos compradores internacionales para la aeronave. &nbsp;\u00abEl avi\u00f3n es del pueblo. No robes a M\u00e9xico para regalar a los extranjeros\u00bb, reclama un hombre a trav\u00e9s del cartel pegado en la puerta de su autom\u00f3vil. grg Publicaci\u00f3n Original: https:\/\/www.eluniversal.com.mx\/nacion\/integrantes-de-frente-anti-amlo-realizan-caravana-sobre-reforma","og_url":"https:\/\/ferabrajan.com\/portal\/2020\/07\/26\/integrantes-de-frente-anti-amlo-realizan-caravana-sobre-reforma\/","og_site_name":"Fer Abrajan","article_publisher":"https:\/\/www.facebook.com\/NoticiasconFerAbrajan\/","article_published_time":"2020-07-26T12:37:00+00:00","author":"admin","twitter_card":"summary_large_image","twitter_creator":"@ferabrajan1","twitter_site":"@ferabrajan1","twitter_misc":{"Escrito por":"admin","Tiempo de lectura":"1 minuto"},"schema":{"@context":"https:\/\/schema.org","@graph":[{"@type":"Article","@id":"https:\/\/ferabrajan.com\/portal\/2020\/07\/26\/integrantes-de-frente-anti-amlo-realizan-caravana-sobre-reforma\/#article","isPartOf":{"@id":"https:\/\/ferabrajan.com\/portal\/2020\/07\/26\/integrantes-de-frente-anti-amlo-realizan-caravana-sobre-reforma\/"},"author":{"name":"admin","@id":"https:\/\/ferabrajan.com\/portal\/#\/schema\/person\/f6113b3cb1e036d5c6a9505685b257ba"},"headline":"Integrantes de Frente Anti-AMLO realizan caravana sobre Reforma","datePublished":"2020-07-26T12:37:00+00:00","mainEntityOfPage":{"@id":"https:\/\/ferabrajan.com\/portal\/2020\/07\/26\/integrantes-de-frente-anti-amlo-realizan-caravana-sobre-reforma\/"},"wordCount":260,"commentCount":0,"publisher":{"@id":"https:\/\/ferabrajan.com\/portal\/#organization"},"articleSection":["El Mundo"],"inLanguage":"es"},{"@type":"WebPage","@id":"https:\/\/ferabrajan.com\/portal\/2020\/07\/26\/integrantes-de-frente-anti-amlo-realizan-caravana-sobre-reforma\/","url":"https:\/\/ferabrajan.com\/portal\/2020\/07\/26\/integrantes-de-frente-anti-amlo-realizan-caravana-sobre-reforma\/","name":"Integrantes de Frente Anti-AMLO realizan caravana sobre Reforma - Fer Abrajan","isPartOf":{"@id":"https:\/\/ferabrajan.com\/portal\/#website"},"datePublished":"2020-07-26T12:37:00+00:00","breadcrumb":{"@id":"https:\/\/ferabrajan.com\/portal\/2020\/07\/26\/integrantes-de-frente-anti-amlo-realizan-caravana-sobre-reforma\/#breadcrumb"},"inLanguage":"es","potentialAction":[{"@type":"ReadAction","target":["https:\/\/ferabrajan.com\/portal\/2020\/07\/26\/integrantes-de-frente-anti-amlo-realizan-caravana-sobre-reforma\/"]}]},{"@type":"BreadcrumbList","@id":"https:\/\/ferabrajan.com\/portal\/2020\/07\/26\/integrantes-de-frente-anti-amlo-realizan-caravana-sobre-reforma\/#breadcrumb","itemListElement":[{"@type":"ListItem","position":1,"name":"Portada","item":"https:\/\/ferabrajan.com\/portal\/"},{"@type":"ListItem","position":2,"name":"Integrantes de Frente Anti-AMLO realizan caravana sobre Reforma"}]},{"@type":"WebSite","@id":"https:\/\/ferabrajan.com\/portal\/#website","url":"https:\/\/ferabrajan.com\/portal\/","name":"Fer Abrajan","description":"Noticias de Puebla, opini\u00f3n y radio en vivo","publisher":{"@id":"https:\/\/ferabrajan.com\/portal\/#organization"},"potentialAction":[{"@type":"SearchAction","target":{"@type":"EntryPoint","urlTemplate":"https:\/\/ferabrajan.com\/portal\/?s={search_term_string}"},"query-input":{"@type":"PropertyValueSpecification","valueRequired":true,"valueName":"search_term_string"}}],"inLanguage":"es"},{"@type":"Organization","@id":"https:\/\/ferabrajan.com\/portal\/#organization","name":"Fer Abrajan","url":"https:\/\/ferabrajan.com\/portal\/","logo":{"@type":"ImageObject","inLanguage":"es","@id":"https:\/\/ferabrajan.com\/portal\/#\/schema\/logo\/image\/","url":"https:\/\/ferabrajan.com\/portal\/wp-content\/uploads\/2024\/10\/cropped-logo.jpeg","contentUrl":"https:\/\/ferabrajan.com\/portal\/wp-content\/uploads\/2024\/10\/cropped-logo.jpeg","width":500,"height":250,"caption":"Fer Abrajan"},"image":{"@id":"https:\/\/ferabrajan.com\/portal\/#\/schema\/logo\/image\/"},"sameAs":["https:\/\/www.facebook.com\/NoticiasconFerAbrajan\/","https:\/\/x.com\/ferabrajan1"]},{"@type":"Person","@id":"https:\/\/ferabrajan.com\/portal\/#\/schema\/person\/f6113b3cb1e036d5c6a9505685b257ba","name":"admin","image":{"@type":"ImageObject","inLanguage":"es","@id":"https:\/\/secure.gravatar.com\/avatar\/072baa72775aad53c748dfc5d3048578e01b6c087eef335459ebfa04344e2d18?s=96&d=mm&r=g","url":"https:\/\/secure.gravatar.com\/avatar\/072baa72775aad53c748dfc5d3048578e01b6c087eef335459ebfa04344e2d18?s=96&d=mm&r=g","contentUrl":"https:\/\/secure.gravatar.com\/avatar\/072baa72775aad53c748dfc5d3048578e01b6c087eef335459ebfa04344e2d18?s=96&d=mm&r=g","caption":"admin"},"sameAs":["https:\/\/ferabrajan.com\/portal"],"url":"https:\/\/ferabrajan.com\/portal\/author\/admin\/"}]}},"_links":{"self":[{"href":"https:\/\/ferabrajan.com\/portal\/wp-json\/wp\/v2\/posts\/15694","targetHints":{"allow":["GET"]}}],"collection":[{"href":"https:\/\/ferabrajan.com\/portal\/wp-json\/wp\/v2\/posts"}],"about":[{"href":"https:\/\/ferabrajan.com\/portal\/wp-json\/wp\/v2\/types\/post"}],"author":[{"embeddable":true,"href":"https:\/\/ferabrajan.com\/portal\/wp-json\/wp\/v2\/users\/1"}],"replies":[{"embeddable":true,"href":"https:\/\/ferabrajan.com\/portal\/wp-json\/wp\/v2\/comments?post=15694"}],"version-history":[{"count":0,"href":"https:\/\/ferabrajan.com\/portal\/wp-json\/wp\/v2\/posts\/15694\/revisions"}],"wp:attachment":[{"href":"https:\/\/ferabrajan.com\/portal\/wp-json\/wp\/v2\/media?parent=15694"}],"wp:term":[{"taxonomy":"category","embeddable":true,"href":"https:\/\/ferabrajan.com\/portal\/wp-json\/wp\/v2\/categories?post=15694"},{"taxonomy":"post_tag","embeddable":true,"href":"https:\/\/ferabrajan.com\/portal\/wp-json\/wp\/v2\/tags?post=15694"}],"curies":[{"name":"wp","href":"https:\/\/api.w.org\/{rel}","templated":true}]}}