{"id":15684,"date":"2020-07-26T16:46:50","date_gmt":"2020-07-26T16:46:50","guid":{"rendered":"https:\/\/www.elsoldepuebla.com.mx\/mundo\/arrestan-florida-alex-bancroft-hombre-amenazo-matar-afroamericanos-marchas-racismo-blacklivesmatter-5542719.html"},"modified":"2020-07-26T16:46:50","modified_gmt":"2020-07-26T16:46:50","slug":"arrestan-en-florida-a-hombre-que-amenazo-con-matar-afroamericanos-en-marchas","status":"publish","type":"post","link":"https:\/\/ferabrajan.com\/portal\/2020\/07\/26\/arrestan-en-florida-a-hombre-que-amenazo-con-matar-afroamericanos-en-marchas\/","title":{"rendered":"Arrestan en Florida a hombre que amenaz\u00f3 con matar afroamericanos en marchas"},"content":{"rendered":"<div><img decoding=\"async\" src=\"https:\/\/www.elsoldemexico.com.mx\/mundo\/5bzd5m-racismo-policias-marchas.jpg\/ALTERNATES\/LANDSCAPE_1140\/racismo-policias-marchas.jpg\" class=\"ff-og-image-inserted\"><\/div>\n<p>Las autoridades de Orlando, en el centro de Florida, arrestaron a un hombre que amenaz\u00f3 por internet con matar a tiros a manifestantes durante las protestas de Black Live Matters (Las vidas negras importan), informaron este domingo medio locales.<\/p>\n<p>Alex Bancroft, de 30 a\u00f1os y raza blanca, profiri\u00f3 las amenazas el pasado 24 de julio a trav\u00e9s de su cuenta de Facebook, y a aquellos que le escribieron que en realidad no iba a hacerlo, les respondi\u00f3 que \u00abestuvieran atentos a las noticias de Florida\u00bb.<\/p>\n<article class=\"mundo media col-md-4 inline-story\"> <\/article>\n<p>En otra publicaci\u00f3n el acusado muestra una foto de unas cartas de un naipe llamado \u00abCartas contra la humanidad\u00bb en las que se puede leer: \u00abAs\u00ed es. Mat\u00e9 a ni\u00f1os africanos. \u00bfC\u00f3mo lo preguntas? Un rifle de asalto AR-15\u00bb.<\/p>\n<p>Bancroft fue arrestado el s\u00e1bado en Orlando por la Oficina del Alguacil del Condado de Orange.<\/p>\n<p>El arrestado enfrenta cargos criminales de \u00abamenaza escrita de matar o hacer da\u00f1o corporal\u00bb y est\u00e1 detenido en la c\u00e1rcel del condado de Orange, en el centro de Florida, pero ser\u00e1 transferido al condado de Hillsborough, de donde es.<\/p>\n<p>\u00abSi cree que puede esconderse detr\u00e1s de la pantalla de una computadora cuando amenaza con lastimar a otra persona, est\u00e1 absolutamente equivocado\u00bb, dijo el alguacil Chad Chronister, del condado de Hillsborough.<\/p>\n<p>Chronister agradeci\u00f3 a los alguaciles de los condados de Polk y Orange que ayudaron con la investigaci\u00f3nl el seguimiento y la captura de Bancroft.<\/p>\n<p>Desde mayo pasado Estados Unidos vive una ola de protestas nacionales contra la discriminaci\u00f3n y los abusos policiacos tras la muerte de George Floyd a manos de un polic\u00eda blanco en Minneapolis (Minesota).<\/p>\n<p>En Estados Unidos los afroamericanos tienen tres veces m\u00e1s probabilidades que los blancos de morir a manos de polic\u00edas, seg\u00fan han confirmado numerosos estudios en los \u00faltimos a\u00f1os, incluido uno publicado en junio por investigadores de Harvard.<\/p>\n<h3>Te recomendamos el podcast \u2b07<\/h3>\n<section> <\/section>\n<p><strong><a rel=\"Follow noopener noreferrer\" target=\"_blank\" title=\"Escucha en Spotify\" href=\"https:\/\/open.spotify.com\/episode\/6QlyJ37fTe3N17eZUi3Xlo\">Spotify<\/a><\/strong><\/p>\n<p><strong><a rel=\"Follow noopener noreferrer\" target=\"_blank\" title=\"Escucha en iOS\" href=\"https:\/\/podcasts.apple.com\/mx\/podcast\/la-otra-pandemia-eu-racismo-discriminaci%C3%B3n-y-violencia\/id1475297585?i=1000477110998\">Apple Podcasts<\/a><\/strong><\/p>\n<p><strong><a title=\"Escucha en Android\" rel=\"Follow noopener noreferrer\" target=\"_blank\" href=\"https:\/\/podcasts.google.com\/feed\/aHR0cHM6Ly93d3cub21ueWNvbnRlbnQuY29tL2QvcGxheWxpc3QvNDk0ODg5MzItMzJkMi00MjdhLWFhYTctYWFkMzAwZTdhZTZjLzQ0ZTczZmRkLTEyMjUtNDRlOS05YjdkLWFhZDUwMTRlZTkzZi8zMjRlY2YxZi05ZmZmLTRkM2QtOTVlNy1hYWQ1MDE0ZWU5NjQvcG9kY2FzdC5yc3M\/episode\/ZmY0NjcxMWItMGQ3OS00MTUyLTk0YzgtOWE2NThiMjk1MjI3?ved=0CAcQ38oDahcKEwio9YHU8PDpAhUAAAAAHQAAAAAQAQ\">Google Podcasts<\/a><\/strong><\/p>\n<p>Publicaci\u00f3n Original: <a href=\"https:\/\/www.elsoldepuebla.com.mx\/mundo\/arrestan-florida-alex-bancroft-hombre-amenazo-matar-afroamericanos-marchas-racismo-blacklivesmatter-5542719.html\" target=\"_blank\" rel=\"noopener noreferrer\">https:\/\/www.elsoldepuebla.com.mx\/mundo\/arrestan-florida-alex-bancroft-hombre-amenazo-matar-afroamericanos-marchas-racismo-blacklivesmatter-5542719.html<\/a><\/p>\n","protected":false},"excerpt":{"rendered":"<p>Las autoridades de Orlando, en el centro de Florida, arrestaron a un hombre que amenaz\u00f3 por internet con matar a tiros a manifestantes durante las protestas de Black Live Matters (Las vidas negras importan), informaron este domingo medio locales. Alex Bancroft, de 30 a\u00f1os y raza blanca, profiri\u00f3 las amenazas el pasado 24 de julio a trav\u00e9s de su cuenta de Facebook, y a aquellos que le escribieron que en realidad no iba a hacerlo, les respondi\u00f3 que \u00abestuvieran atentos a las noticias de Florida\u00bb. En otra publicaci\u00f3n el acusado muestra una foto de unas cartas de un naipe llamado \u00abCartas contra la humanidad\u00bb en las que se puede leer: \u00abAs\u00ed es. Mat\u00e9 a ni\u00f1os africanos. \u00bfC\u00f3mo lo preguntas? Un rifle de asalto AR-15\u00bb. Bancroft fue arrestado el s\u00e1bado en Orlando por la Oficina del Alguacil del Condado de Orange. El arrestado enfrenta cargos criminales de \u00abamenaza escrita de matar o hacer da\u00f1o corporal\u00bb y est\u00e1 detenido en la c\u00e1rcel del condado de Orange, en el centro de Florida, pero ser\u00e1 transferido al condado de Hillsborough, de donde es. \u00abSi cree que puede esconderse detr\u00e1s de la pantalla de una computadora cuando amenaza con lastimar a otra persona, est\u00e1 absolutamente equivocado\u00bb, dijo el alguacil Chad Chronister, del condado de Hillsborough. Chronister agradeci\u00f3 a los alguaciles de los condados de Polk y Orange que ayudaron con la investigaci\u00f3nl el seguimiento y la captura de Bancroft. Desde mayo pasado Estados Unidos vive una ola de protestas nacionales contra la discriminaci\u00f3n y los abusos policiacos tras la muerte de George Floyd a manos de un polic\u00eda blanco en Minneapolis (Minesota). En Estados Unidos los afroamericanos tienen tres veces m\u00e1s probabilidades que los blancos de morir a manos de polic\u00edas, seg\u00fan han confirmado numerosos estudios en los \u00faltimos a\u00f1os, incluido uno publicado en junio por investigadores de Harvard. Te recomendamos el podcast \u2b07 Spotify Apple Podcasts Google Podcasts Publicaci\u00f3n Original: https:\/\/www.elsoldepuebla.com.mx\/mundo\/arrestan-florida-alex-bancroft-hombre-amenazo-matar-afroamericanos-marchas-racismo-blacklivesmatter-5542719.html<\/p>\n","protected":false},"author":1,"featured_media":15688,"comment_status":"closed","ping_status":"closed","sticky":false,"template":"","format":"standard","meta":{"_monsterinsights_skip_tracking":false,"_uf_show_specific_survey":0,"_uf_disable_surveys":false,"footnotes":""},"categories":[34],"tags":[],"class_list":["post-15684","post","type-post","status-publish","format-standard","has-post-thumbnail","hentry","category-puebla"],"yoast_head":"<!-- This site is optimized with the Yoast SEO plugin v27.5 - https:\/\/yoast.com\/product\/yoast-seo-wordpress\/ -->\n<title>Arrestan en Florida a hombre que amenaz\u00f3 con matar afroamericanos en marchas - Fer Abrajan<\/title>\n<meta name=\"robots\" content=\"index, follow, max-snippet:-1, max-image-preview:large, max-video-preview:-1\" \/>\n<link rel=\"canonical\" href=\"https:\/\/ferabrajan.com\/portal\/2020\/07\/26\/arrestan-en-florida-a-hombre-que-amenazo-con-matar-afroamericanos-en-marchas\/\" \/>\n<meta property=\"og:locale\" content=\"es_ES\" \/>\n<meta property=\"og:type\" content=\"article\" \/>\n<meta property=\"og:title\" content=\"Arrestan en Florida a hombre que amenaz\u00f3 con matar afroamericanos en marchas - Fer Abrajan\" \/>\n<meta property=\"og:description\" content=\"Las autoridades de Orlando, en el centro de Florida, arrestaron a un hombre que amenaz\u00f3 por internet con matar a tiros a manifestantes durante las protestas de Black Live Matters (Las vidas negras importan), informaron este domingo medio locales. Alex Bancroft, de 30 a\u00f1os y raza blanca, profiri\u00f3 las amenazas el pasado 24 de julio a trav\u00e9s de su cuenta de Facebook, y a aquellos que le escribieron que en realidad no iba a hacerlo, les respondi\u00f3 que \u00abestuvieran atentos a las noticias de Florida\u00bb. En otra publicaci\u00f3n el acusado muestra una foto de unas cartas de un naipe llamado \u00abCartas contra la humanidad\u00bb en las que se puede leer: \u00abAs\u00ed es. Mat\u00e9 a ni\u00f1os africanos. \u00bfC\u00f3mo lo preguntas? Un rifle de asalto AR-15\u00bb. Bancroft fue arrestado el s\u00e1bado en Orlando por la Oficina del Alguacil del Condado de Orange. El arrestado enfrenta cargos criminales de \u00abamenaza escrita de matar o hacer da\u00f1o corporal\u00bb y est\u00e1 detenido en la c\u00e1rcel del condado de Orange, en el centro de Florida, pero ser\u00e1 transferido al condado de Hillsborough, de donde es. \u00abSi cree que puede esconderse detr\u00e1s de la pantalla de una computadora cuando amenaza con lastimar a otra persona, est\u00e1 absolutamente equivocado\u00bb, dijo el alguacil Chad Chronister, del condado de Hillsborough. Chronister agradeci\u00f3 a los alguaciles de los condados de Polk y Orange que ayudaron con la investigaci\u00f3nl el seguimiento y la captura de Bancroft. Desde mayo pasado Estados Unidos vive una ola de protestas nacionales contra la discriminaci\u00f3n y los abusos policiacos tras la muerte de George Floyd a manos de un polic\u00eda blanco en Minneapolis (Minesota). En Estados Unidos los afroamericanos tienen tres veces m\u00e1s probabilidades que los blancos de morir a manos de polic\u00edas, seg\u00fan han confirmado numerosos estudios en los \u00faltimos a\u00f1os, incluido uno publicado en junio por investigadores de Harvard. Te recomendamos el podcast \u2b07 Spotify Apple Podcasts Google Podcasts Publicaci\u00f3n Original: https:\/\/www.elsoldepuebla.com.mx\/mundo\/arrestan-florida-alex-bancroft-hombre-amenazo-matar-afroamericanos-marchas-racismo-blacklivesmatter-5542719.html\" \/>\n<meta property=\"og:url\" content=\"https:\/\/ferabrajan.com\/portal\/2020\/07\/26\/arrestan-en-florida-a-hombre-que-amenazo-con-matar-afroamericanos-en-marchas\/\" \/>\n<meta property=\"og:site_name\" content=\"Fer Abrajan\" \/>\n<meta property=\"article:publisher\" content=\"https:\/\/www.facebook.com\/NoticiasconFerAbrajan\/\" \/>\n<meta property=\"article:published_time\" content=\"2020-07-26T16:46:50+00:00\" \/>\n<meta name=\"author\" content=\"admin\" \/>\n<meta name=\"twitter:card\" content=\"summary_large_image\" \/>\n<meta name=\"twitter:creator\" content=\"@ferabrajan1\" \/>\n<meta name=\"twitter:site\" content=\"@ferabrajan1\" \/>\n<meta name=\"twitter:label1\" content=\"Escrito por\" \/>\n\t<meta name=\"twitter:data1\" content=\"admin\" \/>\n\t<meta name=\"twitter:label2\" content=\"Tiempo de lectura\" \/>\n\t<meta name=\"twitter:data2\" content=\"2 minutos\" \/>\n<script type=\"application\/ld+json\" class=\"yoast-schema-graph\">{\"@context\":\"https:\\\/\\\/schema.org\",\"@graph\":[{\"@type\":\"Article\",\"@id\":\"https:\\\/\\\/ferabrajan.com\\\/portal\\\/2020\\\/07\\\/26\\\/arrestan-en-florida-a-hombre-que-amenazo-con-matar-afroamericanos-en-marchas\\\/#article\",\"isPartOf\":{\"@id\":\"https:\\\/\\\/ferabrajan.com\\\/portal\\\/2020\\\/07\\\/26\\\/arrestan-en-florida-a-hombre-que-amenazo-con-matar-afroamericanos-en-marchas\\\/\"},\"author\":{\"name\":\"admin\",\"@id\":\"https:\\\/\\\/ferabrajan.com\\\/portal\\\/#\\\/schema\\\/person\\\/f6113b3cb1e036d5c6a9505685b257ba\"},\"headline\":\"Arrestan en Florida a hombre que amenaz\u00f3 con matar afroamericanos en marchas\",\"datePublished\":\"2020-07-26T16:46:50+00:00\",\"mainEntityOfPage\":{\"@id\":\"https:\\\/\\\/ferabrajan.com\\\/portal\\\/2020\\\/07\\\/26\\\/arrestan-en-florida-a-hombre-que-amenazo-con-matar-afroamericanos-en-marchas\\\/\"},\"wordCount\":350,\"publisher\":{\"@id\":\"https:\\\/\\\/ferabrajan.com\\\/portal\\\/#organization\"},\"image\":{\"@id\":\"https:\\\/\\\/ferabrajan.com\\\/portal\\\/2020\\\/07\\\/26\\\/arrestan-en-florida-a-hombre-que-amenazo-con-matar-afroamericanos-en-marchas\\\/#primaryimage\"},\"thumbnailUrl\":\"\",\"articleSection\":[\"Puebla\"],\"inLanguage\":\"es\"},{\"@type\":\"WebPage\",\"@id\":\"https:\\\/\\\/ferabrajan.com\\\/portal\\\/2020\\\/07\\\/26\\\/arrestan-en-florida-a-hombre-que-amenazo-con-matar-afroamericanos-en-marchas\\\/\",\"url\":\"https:\\\/\\\/ferabrajan.com\\\/portal\\\/2020\\\/07\\\/26\\\/arrestan-en-florida-a-hombre-que-amenazo-con-matar-afroamericanos-en-marchas\\\/\",\"name\":\"Arrestan en Florida a hombre que amenaz\u00f3 con matar afroamericanos en marchas - Fer Abrajan\",\"isPartOf\":{\"@id\":\"https:\\\/\\\/ferabrajan.com\\\/portal\\\/#website\"},\"primaryImageOfPage\":{\"@id\":\"https:\\\/\\\/ferabrajan.com\\\/portal\\\/2020\\\/07\\\/26\\\/arrestan-en-florida-a-hombre-que-amenazo-con-matar-afroamericanos-en-marchas\\\/#primaryimage\"},\"image\":{\"@id\":\"https:\\\/\\\/ferabrajan.com\\\/portal\\\/2020\\\/07\\\/26\\\/arrestan-en-florida-a-hombre-que-amenazo-con-matar-afroamericanos-en-marchas\\\/#primaryimage\"},\"thumbnailUrl\":\"\",\"datePublished\":\"2020-07-26T16:46:50+00:00\",\"breadcrumb\":{\"@id\":\"https:\\\/\\\/ferabrajan.com\\\/portal\\\/2020\\\/07\\\/26\\\/arrestan-en-florida-a-hombre-que-amenazo-con-matar-afroamericanos-en-marchas\\\/#breadcrumb\"},\"inLanguage\":\"es\",\"potentialAction\":[{\"@type\":\"ReadAction\",\"target\":[\"https:\\\/\\\/ferabrajan.com\\\/portal\\\/2020\\\/07\\\/26\\\/arrestan-en-florida-a-hombre-que-amenazo-con-matar-afroamericanos-en-marchas\\\/\"]}]},{\"@type\":\"ImageObject\",\"inLanguage\":\"es\",\"@id\":\"https:\\\/\\\/ferabrajan.com\\\/portal\\\/2020\\\/07\\\/26\\\/arrestan-en-florida-a-hombre-que-amenazo-con-matar-afroamericanos-en-marchas\\\/#primaryimage\",\"url\":\"\",\"contentUrl\":\"\"},{\"@type\":\"BreadcrumbList\",\"@id\":\"https:\\\/\\\/ferabrajan.com\\\/portal\\\/2020\\\/07\\\/26\\\/arrestan-en-florida-a-hombre-que-amenazo-con-matar-afroamericanos-en-marchas\\\/#breadcrumb\",\"itemListElement\":[{\"@type\":\"ListItem\",\"position\":1,\"name\":\"Portada\",\"item\":\"https:\\\/\\\/ferabrajan.com\\\/portal\\\/\"},{\"@type\":\"ListItem\",\"position\":2,\"name\":\"Arrestan en Florida a hombre que amenaz\u00f3 con matar afroamericanos en marchas\"}]},{\"@type\":\"WebSite\",\"@id\":\"https:\\\/\\\/ferabrajan.com\\\/portal\\\/#website\",\"url\":\"https:\\\/\\\/ferabrajan.com\\\/portal\\\/\",\"name\":\"Fer Abrajan\",\"description\":\"Noticias de Puebla, opini\u00f3n y radio en vivo\",\"publisher\":{\"@id\":\"https:\\\/\\\/ferabrajan.com\\\/portal\\\/#organization\"},\"potentialAction\":[{\"@type\":\"SearchAction\",\"target\":{\"@type\":\"EntryPoint\",\"urlTemplate\":\"https:\\\/\\\/ferabrajan.com\\\/portal\\\/?s={search_term_string}\"},\"query-input\":{\"@type\":\"PropertyValueSpecification\",\"valueRequired\":true,\"valueName\":\"search_term_string\"}}],\"inLanguage\":\"es\"},{\"@type\":\"Organization\",\"@id\":\"https:\\\/\\\/ferabrajan.com\\\/portal\\\/#organization\",\"name\":\"Fer Abrajan\",\"url\":\"https:\\\/\\\/ferabrajan.com\\\/portal\\\/\",\"logo\":{\"@type\":\"ImageObject\",\"inLanguage\":\"es\",\"@id\":\"https:\\\/\\\/ferabrajan.com\\\/portal\\\/#\\\/schema\\\/logo\\\/image\\\/\",\"url\":\"https:\\\/\\\/ferabrajan.com\\\/portal\\\/wp-content\\\/uploads\\\/2024\\\/10\\\/cropped-logo.jpeg\",\"contentUrl\":\"https:\\\/\\\/ferabrajan.com\\\/portal\\\/wp-content\\\/uploads\\\/2024\\\/10\\\/cropped-logo.jpeg\",\"width\":500,\"height\":250,\"caption\":\"Fer Abrajan\"},\"image\":{\"@id\":\"https:\\\/\\\/ferabrajan.com\\\/portal\\\/#\\\/schema\\\/logo\\\/image\\\/\"},\"sameAs\":[\"https:\\\/\\\/www.facebook.com\\\/NoticiasconFerAbrajan\\\/\",\"https:\\\/\\\/x.com\\\/ferabrajan1\"]},{\"@type\":\"Person\",\"@id\":\"https:\\\/\\\/ferabrajan.com\\\/portal\\\/#\\\/schema\\\/person\\\/f6113b3cb1e036d5c6a9505685b257ba\",\"name\":\"admin\",\"image\":{\"@type\":\"ImageObject\",\"inLanguage\":\"es\",\"@id\":\"https:\\\/\\\/secure.gravatar.com\\\/avatar\\\/072baa72775aad53c748dfc5d3048578e01b6c087eef335459ebfa04344e2d18?s=96&d=mm&r=g\",\"url\":\"https:\\\/\\\/secure.gravatar.com\\\/avatar\\\/072baa72775aad53c748dfc5d3048578e01b6c087eef335459ebfa04344e2d18?s=96&d=mm&r=g\",\"contentUrl\":\"https:\\\/\\\/secure.gravatar.com\\\/avatar\\\/072baa72775aad53c748dfc5d3048578e01b6c087eef335459ebfa04344e2d18?s=96&d=mm&r=g\",\"caption\":\"admin\"},\"sameAs\":[\"https:\\\/\\\/ferabrajan.com\\\/portal\"],\"url\":\"https:\\\/\\\/ferabrajan.com\\\/portal\\\/author\\\/admin\\\/\"}]}<\/script>\n<!-- \/ Yoast SEO plugin. -->","yoast_head_json":{"title":"Arrestan en Florida a hombre que amenaz\u00f3 con matar afroamericanos en marchas - Fer Abrajan","robots":{"index":"index","follow":"follow","max-snippet":"max-snippet:-1","max-image-preview":"max-image-preview:large","max-video-preview":"max-video-preview:-1"},"canonical":"https:\/\/ferabrajan.com\/portal\/2020\/07\/26\/arrestan-en-florida-a-hombre-que-amenazo-con-matar-afroamericanos-en-marchas\/","og_locale":"es_ES","og_type":"article","og_title":"Arrestan en Florida a hombre que amenaz\u00f3 con matar afroamericanos en marchas - Fer Abrajan","og_description":"Las autoridades de Orlando, en el centro de Florida, arrestaron a un hombre que amenaz\u00f3 por internet con matar a tiros a manifestantes durante las protestas de Black Live Matters (Las vidas negras importan), informaron este domingo medio locales. Alex Bancroft, de 30 a\u00f1os y raza blanca, profiri\u00f3 las amenazas el pasado 24 de julio a trav\u00e9s de su cuenta de Facebook, y a aquellos que le escribieron que en realidad no iba a hacerlo, les respondi\u00f3 que \u00abestuvieran atentos a las noticias de Florida\u00bb. En otra publicaci\u00f3n el acusado muestra una foto de unas cartas de un naipe llamado \u00abCartas contra la humanidad\u00bb en las que se puede leer: \u00abAs\u00ed es. Mat\u00e9 a ni\u00f1os africanos. \u00bfC\u00f3mo lo preguntas? Un rifle de asalto AR-15\u00bb. Bancroft fue arrestado el s\u00e1bado en Orlando por la Oficina del Alguacil del Condado de Orange. El arrestado enfrenta cargos criminales de \u00abamenaza escrita de matar o hacer da\u00f1o corporal\u00bb y est\u00e1 detenido en la c\u00e1rcel del condado de Orange, en el centro de Florida, pero ser\u00e1 transferido al condado de Hillsborough, de donde es. \u00abSi cree que puede esconderse detr\u00e1s de la pantalla de una computadora cuando amenaza con lastimar a otra persona, est\u00e1 absolutamente equivocado\u00bb, dijo el alguacil Chad Chronister, del condado de Hillsborough. Chronister agradeci\u00f3 a los alguaciles de los condados de Polk y Orange que ayudaron con la investigaci\u00f3nl el seguimiento y la captura de Bancroft. Desde mayo pasado Estados Unidos vive una ola de protestas nacionales contra la discriminaci\u00f3n y los abusos policiacos tras la muerte de George Floyd a manos de un polic\u00eda blanco en Minneapolis (Minesota). En Estados Unidos los afroamericanos tienen tres veces m\u00e1s probabilidades que los blancos de morir a manos de polic\u00edas, seg\u00fan han confirmado numerosos estudios en los \u00faltimos a\u00f1os, incluido uno publicado en junio por investigadores de Harvard. Te recomendamos el podcast \u2b07 Spotify Apple Podcasts Google Podcasts Publicaci\u00f3n Original: https:\/\/www.elsoldepuebla.com.mx\/mundo\/arrestan-florida-alex-bancroft-hombre-amenazo-matar-afroamericanos-marchas-racismo-blacklivesmatter-5542719.html","og_url":"https:\/\/ferabrajan.com\/portal\/2020\/07\/26\/arrestan-en-florida-a-hombre-que-amenazo-con-matar-afroamericanos-en-marchas\/","og_site_name":"Fer Abrajan","article_publisher":"https:\/\/www.facebook.com\/NoticiasconFerAbrajan\/","article_published_time":"2020-07-26T16:46:50+00:00","author":"admin","twitter_card":"summary_large_image","twitter_creator":"@ferabrajan1","twitter_site":"@ferabrajan1","twitter_misc":{"Escrito por":"admin","Tiempo de lectura":"2 minutos"},"schema":{"@context":"https:\/\/schema.org","@graph":[{"@type":"Article","@id":"https:\/\/ferabrajan.com\/portal\/2020\/07\/26\/arrestan-en-florida-a-hombre-que-amenazo-con-matar-afroamericanos-en-marchas\/#article","isPartOf":{"@id":"https:\/\/ferabrajan.com\/portal\/2020\/07\/26\/arrestan-en-florida-a-hombre-que-amenazo-con-matar-afroamericanos-en-marchas\/"},"author":{"name":"admin","@id":"https:\/\/ferabrajan.com\/portal\/#\/schema\/person\/f6113b3cb1e036d5c6a9505685b257ba"},"headline":"Arrestan en Florida a hombre que amenaz\u00f3 con matar afroamericanos en marchas","datePublished":"2020-07-26T16:46:50+00:00","mainEntityOfPage":{"@id":"https:\/\/ferabrajan.com\/portal\/2020\/07\/26\/arrestan-en-florida-a-hombre-que-amenazo-con-matar-afroamericanos-en-marchas\/"},"wordCount":350,"publisher":{"@id":"https:\/\/ferabrajan.com\/portal\/#organization"},"image":{"@id":"https:\/\/ferabrajan.com\/portal\/2020\/07\/26\/arrestan-en-florida-a-hombre-que-amenazo-con-matar-afroamericanos-en-marchas\/#primaryimage"},"thumbnailUrl":"","articleSection":["Puebla"],"inLanguage":"es"},{"@type":"WebPage","@id":"https:\/\/ferabrajan.com\/portal\/2020\/07\/26\/arrestan-en-florida-a-hombre-que-amenazo-con-matar-afroamericanos-en-marchas\/","url":"https:\/\/ferabrajan.com\/portal\/2020\/07\/26\/arrestan-en-florida-a-hombre-que-amenazo-con-matar-afroamericanos-en-marchas\/","name":"Arrestan en Florida a hombre que amenaz\u00f3 con matar afroamericanos en marchas - Fer Abrajan","isPartOf":{"@id":"https:\/\/ferabrajan.com\/portal\/#website"},"primaryImageOfPage":{"@id":"https:\/\/ferabrajan.com\/portal\/2020\/07\/26\/arrestan-en-florida-a-hombre-que-amenazo-con-matar-afroamericanos-en-marchas\/#primaryimage"},"image":{"@id":"https:\/\/ferabrajan.com\/portal\/2020\/07\/26\/arrestan-en-florida-a-hombre-que-amenazo-con-matar-afroamericanos-en-marchas\/#primaryimage"},"thumbnailUrl":"","datePublished":"2020-07-26T16:46:50+00:00","breadcrumb":{"@id":"https:\/\/ferabrajan.com\/portal\/2020\/07\/26\/arrestan-en-florida-a-hombre-que-amenazo-con-matar-afroamericanos-en-marchas\/#breadcrumb"},"inLanguage":"es","potentialAction":[{"@type":"ReadAction","target":["https:\/\/ferabrajan.com\/portal\/2020\/07\/26\/arrestan-en-florida-a-hombre-que-amenazo-con-matar-afroamericanos-en-marchas\/"]}]},{"@type":"ImageObject","inLanguage":"es","@id":"https:\/\/ferabrajan.com\/portal\/2020\/07\/26\/arrestan-en-florida-a-hombre-que-amenazo-con-matar-afroamericanos-en-marchas\/#primaryimage","url":"","contentUrl":""},{"@type":"BreadcrumbList","@id":"https:\/\/ferabrajan.com\/portal\/2020\/07\/26\/arrestan-en-florida-a-hombre-que-amenazo-con-matar-afroamericanos-en-marchas\/#breadcrumb","itemListElement":[{"@type":"ListItem","position":1,"name":"Portada","item":"https:\/\/ferabrajan.com\/portal\/"},{"@type":"ListItem","position":2,"name":"Arrestan en Florida a hombre que amenaz\u00f3 con matar afroamericanos en marchas"}]},{"@type":"WebSite","@id":"https:\/\/ferabrajan.com\/portal\/#website","url":"https:\/\/ferabrajan.com\/portal\/","name":"Fer Abrajan","description":"Noticias de Puebla, opini\u00f3n y radio en vivo","publisher":{"@id":"https:\/\/ferabrajan.com\/portal\/#organization"},"potentialAction":[{"@type":"SearchAction","target":{"@type":"EntryPoint","urlTemplate":"https:\/\/ferabrajan.com\/portal\/?s={search_term_string}"},"query-input":{"@type":"PropertyValueSpecification","valueRequired":true,"valueName":"search_term_string"}}],"inLanguage":"es"},{"@type":"Organization","@id":"https:\/\/ferabrajan.com\/portal\/#organization","name":"Fer Abrajan","url":"https:\/\/ferabrajan.com\/portal\/","logo":{"@type":"ImageObject","inLanguage":"es","@id":"https:\/\/ferabrajan.com\/portal\/#\/schema\/logo\/image\/","url":"https:\/\/ferabrajan.com\/portal\/wp-content\/uploads\/2024\/10\/cropped-logo.jpeg","contentUrl":"https:\/\/ferabrajan.com\/portal\/wp-content\/uploads\/2024\/10\/cropped-logo.jpeg","width":500,"height":250,"caption":"Fer Abrajan"},"image":{"@id":"https:\/\/ferabrajan.com\/portal\/#\/schema\/logo\/image\/"},"sameAs":["https:\/\/www.facebook.com\/NoticiasconFerAbrajan\/","https:\/\/x.com\/ferabrajan1"]},{"@type":"Person","@id":"https:\/\/ferabrajan.com\/portal\/#\/schema\/person\/f6113b3cb1e036d5c6a9505685b257ba","name":"admin","image":{"@type":"ImageObject","inLanguage":"es","@id":"https:\/\/secure.gravatar.com\/avatar\/072baa72775aad53c748dfc5d3048578e01b6c087eef335459ebfa04344e2d18?s=96&d=mm&r=g","url":"https:\/\/secure.gravatar.com\/avatar\/072baa72775aad53c748dfc5d3048578e01b6c087eef335459ebfa04344e2d18?s=96&d=mm&r=g","contentUrl":"https:\/\/secure.gravatar.com\/avatar\/072baa72775aad53c748dfc5d3048578e01b6c087eef335459ebfa04344e2d18?s=96&d=mm&r=g","caption":"admin"},"sameAs":["https:\/\/ferabrajan.com\/portal"],"url":"https:\/\/ferabrajan.com\/portal\/author\/admin\/"}]}},"_links":{"self":[{"href":"https:\/\/ferabrajan.com\/portal\/wp-json\/wp\/v2\/posts\/15684","targetHints":{"allow":["GET"]}}],"collection":[{"href":"https:\/\/ferabrajan.com\/portal\/wp-json\/wp\/v2\/posts"}],"about":[{"href":"https:\/\/ferabrajan.com\/portal\/wp-json\/wp\/v2\/types\/post"}],"author":[{"embeddable":true,"href":"https:\/\/ferabrajan.com\/portal\/wp-json\/wp\/v2\/users\/1"}],"replies":[{"embeddable":true,"href":"https:\/\/ferabrajan.com\/portal\/wp-json\/wp\/v2\/comments?post=15684"}],"version-history":[{"count":0,"href":"https:\/\/ferabrajan.com\/portal\/wp-json\/wp\/v2\/posts\/15684\/revisions"}],"wp:attachment":[{"href":"https:\/\/ferabrajan.com\/portal\/wp-json\/wp\/v2\/media?parent=15684"}],"wp:term":[{"taxonomy":"category","embeddable":true,"href":"https:\/\/ferabrajan.com\/portal\/wp-json\/wp\/v2\/categories?post=15684"},{"taxonomy":"post_tag","embeddable":true,"href":"https:\/\/ferabrajan.com\/portal\/wp-json\/wp\/v2\/tags?post=15684"}],"curies":[{"name":"wp","href":"https:\/\/api.w.org\/{rel}","templated":true}]}}