{"id":15679,"date":"2020-07-26T16:59:05","date_gmt":"2020-07-26T16:59:05","guid":{"rendered":"https:\/\/www.elsoldepuebla.com.mx\/policiaca\/muere-apunalado-por-su-propio-tio-acusan-puebla-villa-olimpica-cuautlancingo-5542779.html"},"modified":"2020-07-26T16:59:05","modified_gmt":"2020-07-26T16:59:05","slug":"muere-apunalado-por-su-propio-tio-acusan","status":"publish","type":"post","link":"https:\/\/ferabrajan.com\/portal\/2020\/07\/26\/muere-apunalado-por-su-propio-tio-acusan\/","title":{"rendered":"Muere apu\u00f1alado por su propio t\u00edo, acusan"},"content":{"rendered":"<div><img decoding=\"async\" src=\"https:\/\/www.elsoldepuebla.com.mx\/policiaca\/mlsvfk-apunalado-cuautlancingo.jfif\/ALTERNATES\/LANDSCAPE_1140\/Apu%C3%B1alado%20Cuautlancingo.jfif\" class=\"ff-og-image-inserted\"><\/div>\n<p>Un joven de 20 a\u00f1os de edad, muri\u00f3 apu\u00f1alado la madrugada de este domingo, tras re\u00f1ir con su t\u00edo, con el cual inger\u00eda bebidas embriagantes al interior de un domicilio ubicado en el municipio de Cuautlancingo.<\/p>\n<p>Los hechos se registraron sobre la calle Rep\u00fablica de Bulgaria de la colonia Villa Ol\u00edmpica. De acuerdo con las investigaciones preliminares, la v\u00edctima identificada como Alejandro N, se encontraba conviviendo con su t\u00edo de nombre Juan Carlos N; al calor de las copas los dos hombres comenzaron a discutir de tal forma que el segundo var\u00f3n en menci\u00f3n habr\u00eda sacado un objeto punzocortante para agredir a su sobrino a la altura del t\u00f3rax.<\/p>\n<p>Ante lo ocurrido, el sospechoso junto con su pareja sentimental huyeron de la zona. Tras el aviso al 9-1-1, param\u00e9dicos de la regi\u00f3n acudieron al sitio, donde confirmaron la muerte del joven, por lo que la zona fue acordonada y asegurada hasta la llegada del agente del Ministerio P\u00fablico.<\/p>\n<article class=\"policiaca media col-md-4 inline-story\"> <\/article>\n<p>Luego del levantamiento del cuerpo los agentes ministeriales dieron inicio a la carpeta de investigaci\u00f3n n\u00famero 360\/2020 de la Unidad de Investigaci\u00f3n Especializada en Homicidios, mediante la cual, la Fiscal\u00eda de Puebla buscar\u00e1 esclarecer el asunto.<\/p>\n<article class=\"local media col-md-4 inline-story\"> <\/article>\n<article class=\"policiaca media col-md-4 inline-story\"> <\/article>\n<section>\n<div class=\"teaser\">\n<p>[embedded content]<\/p>\n<\/div>\n<\/section>\n<p>Publicaci\u00f3n Original: <a href=\"https:\/\/www.elsoldepuebla.com.mx\/policiaca\/muere-apunalado-por-su-propio-tio-acusan-puebla-villa-olimpica-cuautlancingo-5542779.html\" target=\"_blank\" rel=\"noopener noreferrer\">https:\/\/www.elsoldepuebla.com.mx\/policiaca\/muere-apunalado-por-su-propio-tio-acusan-puebla-villa-olimpica-cuautlancingo-5542779.html<\/a><\/p>\n","protected":false},"excerpt":{"rendered":"<p>Un joven de 20 a\u00f1os de edad, muri\u00f3 apu\u00f1alado la madrugada de este domingo, tras re\u00f1ir con su t\u00edo, con el cual inger\u00eda bebidas embriagantes al interior de un domicilio ubicado en el municipio de Cuautlancingo. Los hechos se registraron sobre la calle Rep\u00fablica de Bulgaria de la colonia Villa Ol\u00edmpica. De acuerdo con las investigaciones preliminares, la v\u00edctima identificada como Alejandro N, se encontraba conviviendo con su t\u00edo de nombre Juan Carlos N; al calor de las copas los dos hombres comenzaron a discutir de tal forma que el segundo var\u00f3n en menci\u00f3n habr\u00eda sacado un objeto punzocortante para agredir a su sobrino a la altura del t\u00f3rax. Ante lo ocurrido, el sospechoso junto con su pareja sentimental huyeron de la zona. Tras el aviso al 9-1-1, param\u00e9dicos de la regi\u00f3n acudieron al sitio, donde confirmaron la muerte del joven, por lo que la zona fue acordonada y asegurada hasta la llegada del agente del Ministerio P\u00fablico. Luego del levantamiento del cuerpo los agentes ministeriales dieron inicio a la carpeta de investigaci\u00f3n n\u00famero 360\/2020 de la Unidad de Investigaci\u00f3n Especializada en Homicidios, mediante la cual, la Fiscal\u00eda de Puebla buscar\u00e1 esclarecer el asunto. [embedded content] Publicaci\u00f3n Original: https:\/\/www.elsoldepuebla.com.mx\/policiaca\/muere-apunalado-por-su-propio-tio-acusan-puebla-villa-olimpica-cuautlancingo-5542779.html<\/p>\n","protected":false},"author":1,"featured_media":15683,"comment_status":"closed","ping_status":"closed","sticky":false,"template":"","format":"standard","meta":{"_monsterinsights_skip_tracking":false,"_uf_show_specific_survey":0,"_uf_disable_surveys":false,"footnotes":""},"categories":[34],"tags":[],"class_list":["post-15679","post","type-post","status-publish","format-standard","has-post-thumbnail","hentry","category-puebla"],"yoast_head":"<!-- This site is optimized with the Yoast SEO plugin v27.5 - https:\/\/yoast.com\/product\/yoast-seo-wordpress\/ -->\n<title>Muere apu\u00f1alado por su propio t\u00edo, acusan - Fer Abrajan<\/title>\n<meta name=\"robots\" content=\"index, follow, max-snippet:-1, max-image-preview:large, max-video-preview:-1\" \/>\n<link rel=\"canonical\" href=\"https:\/\/ferabrajan.com\/portal\/2020\/07\/26\/muere-apunalado-por-su-propio-tio-acusan\/\" \/>\n<meta property=\"og:locale\" content=\"es_ES\" \/>\n<meta property=\"og:type\" content=\"article\" \/>\n<meta property=\"og:title\" content=\"Muere apu\u00f1alado por su propio t\u00edo, acusan - Fer Abrajan\" \/>\n<meta property=\"og:description\" content=\"Un joven de 20 a\u00f1os de edad, muri\u00f3 apu\u00f1alado la madrugada de este domingo, tras re\u00f1ir con su t\u00edo, con el cual inger\u00eda bebidas embriagantes al interior de un domicilio ubicado en el municipio de Cuautlancingo. Los hechos se registraron sobre la calle Rep\u00fablica de Bulgaria de la colonia Villa Ol\u00edmpica. De acuerdo con las investigaciones preliminares, la v\u00edctima identificada como Alejandro N, se encontraba conviviendo con su t\u00edo de nombre Juan Carlos N; al calor de las copas los dos hombres comenzaron a discutir de tal forma que el segundo var\u00f3n en menci\u00f3n habr\u00eda sacado un objeto punzocortante para agredir a su sobrino a la altura del t\u00f3rax. Ante lo ocurrido, el sospechoso junto con su pareja sentimental huyeron de la zona. Tras el aviso al 9-1-1, param\u00e9dicos de la regi\u00f3n acudieron al sitio, donde confirmaron la muerte del joven, por lo que la zona fue acordonada y asegurada hasta la llegada del agente del Ministerio P\u00fablico. Luego del levantamiento del cuerpo los agentes ministeriales dieron inicio a la carpeta de investigaci\u00f3n n\u00famero 360\/2020 de la Unidad de Investigaci\u00f3n Especializada en Homicidios, mediante la cual, la Fiscal\u00eda de Puebla buscar\u00e1 esclarecer el asunto. [embedded content] Publicaci\u00f3n Original: https:\/\/www.elsoldepuebla.com.mx\/policiaca\/muere-apunalado-por-su-propio-tio-acusan-puebla-villa-olimpica-cuautlancingo-5542779.html\" \/>\n<meta property=\"og:url\" content=\"https:\/\/ferabrajan.com\/portal\/2020\/07\/26\/muere-apunalado-por-su-propio-tio-acusan\/\" \/>\n<meta property=\"og:site_name\" content=\"Fer Abrajan\" \/>\n<meta property=\"article:publisher\" content=\"https:\/\/www.facebook.com\/NoticiasconFerAbrajan\/\" \/>\n<meta property=\"article:published_time\" content=\"2020-07-26T16:59:05+00:00\" \/>\n<meta name=\"author\" content=\"admin\" \/>\n<meta name=\"twitter:card\" content=\"summary_large_image\" \/>\n<meta name=\"twitter:creator\" content=\"@ferabrajan1\" \/>\n<meta name=\"twitter:site\" content=\"@ferabrajan1\" \/>\n<meta name=\"twitter:label1\" content=\"Escrito por\" \/>\n\t<meta name=\"twitter:data1\" content=\"admin\" \/>\n\t<meta name=\"twitter:label2\" content=\"Tiempo de lectura\" \/>\n\t<meta name=\"twitter:data2\" content=\"1 minuto\" \/>\n<script type=\"application\/ld+json\" class=\"yoast-schema-graph\">{\"@context\":\"https:\\\/\\\/schema.org\",\"@graph\":[{\"@type\":\"Article\",\"@id\":\"https:\\\/\\\/ferabrajan.com\\\/portal\\\/2020\\\/07\\\/26\\\/muere-apunalado-por-su-propio-tio-acusan\\\/#article\",\"isPartOf\":{\"@id\":\"https:\\\/\\\/ferabrajan.com\\\/portal\\\/2020\\\/07\\\/26\\\/muere-apunalado-por-su-propio-tio-acusan\\\/\"},\"author\":{\"name\":\"admin\",\"@id\":\"https:\\\/\\\/ferabrajan.com\\\/portal\\\/#\\\/schema\\\/person\\\/f6113b3cb1e036d5c6a9505685b257ba\"},\"headline\":\"Muere apu\u00f1alado por su propio t\u00edo, acusan\",\"datePublished\":\"2020-07-26T16:59:05+00:00\",\"mainEntityOfPage\":{\"@id\":\"https:\\\/\\\/ferabrajan.com\\\/portal\\\/2020\\\/07\\\/26\\\/muere-apunalado-por-su-propio-tio-acusan\\\/\"},\"wordCount\":235,\"publisher\":{\"@id\":\"https:\\\/\\\/ferabrajan.com\\\/portal\\\/#organization\"},\"image\":{\"@id\":\"https:\\\/\\\/ferabrajan.com\\\/portal\\\/2020\\\/07\\\/26\\\/muere-apunalado-por-su-propio-tio-acusan\\\/#primaryimage\"},\"thumbnailUrl\":\"\",\"articleSection\":[\"Puebla\"],\"inLanguage\":\"es\"},{\"@type\":\"WebPage\",\"@id\":\"https:\\\/\\\/ferabrajan.com\\\/portal\\\/2020\\\/07\\\/26\\\/muere-apunalado-por-su-propio-tio-acusan\\\/\",\"url\":\"https:\\\/\\\/ferabrajan.com\\\/portal\\\/2020\\\/07\\\/26\\\/muere-apunalado-por-su-propio-tio-acusan\\\/\",\"name\":\"Muere apu\u00f1alado por su propio t\u00edo, acusan - Fer Abrajan\",\"isPartOf\":{\"@id\":\"https:\\\/\\\/ferabrajan.com\\\/portal\\\/#website\"},\"primaryImageOfPage\":{\"@id\":\"https:\\\/\\\/ferabrajan.com\\\/portal\\\/2020\\\/07\\\/26\\\/muere-apunalado-por-su-propio-tio-acusan\\\/#primaryimage\"},\"image\":{\"@id\":\"https:\\\/\\\/ferabrajan.com\\\/portal\\\/2020\\\/07\\\/26\\\/muere-apunalado-por-su-propio-tio-acusan\\\/#primaryimage\"},\"thumbnailUrl\":\"\",\"datePublished\":\"2020-07-26T16:59:05+00:00\",\"breadcrumb\":{\"@id\":\"https:\\\/\\\/ferabrajan.com\\\/portal\\\/2020\\\/07\\\/26\\\/muere-apunalado-por-su-propio-tio-acusan\\\/#breadcrumb\"},\"inLanguage\":\"es\",\"potentialAction\":[{\"@type\":\"ReadAction\",\"target\":[\"https:\\\/\\\/ferabrajan.com\\\/portal\\\/2020\\\/07\\\/26\\\/muere-apunalado-por-su-propio-tio-acusan\\\/\"]}]},{\"@type\":\"ImageObject\",\"inLanguage\":\"es\",\"@id\":\"https:\\\/\\\/ferabrajan.com\\\/portal\\\/2020\\\/07\\\/26\\\/muere-apunalado-por-su-propio-tio-acusan\\\/#primaryimage\",\"url\":\"\",\"contentUrl\":\"\"},{\"@type\":\"BreadcrumbList\",\"@id\":\"https:\\\/\\\/ferabrajan.com\\\/portal\\\/2020\\\/07\\\/26\\\/muere-apunalado-por-su-propio-tio-acusan\\\/#breadcrumb\",\"itemListElement\":[{\"@type\":\"ListItem\",\"position\":1,\"name\":\"Portada\",\"item\":\"https:\\\/\\\/ferabrajan.com\\\/portal\\\/\"},{\"@type\":\"ListItem\",\"position\":2,\"name\":\"Muere apu\u00f1alado por su propio t\u00edo, acusan\"}]},{\"@type\":\"WebSite\",\"@id\":\"https:\\\/\\\/ferabrajan.com\\\/portal\\\/#website\",\"url\":\"https:\\\/\\\/ferabrajan.com\\\/portal\\\/\",\"name\":\"Fer Abrajan\",\"description\":\"Noticias de Puebla, opini\u00f3n y radio en vivo\",\"publisher\":{\"@id\":\"https:\\\/\\\/ferabrajan.com\\\/portal\\\/#organization\"},\"potentialAction\":[{\"@type\":\"SearchAction\",\"target\":{\"@type\":\"EntryPoint\",\"urlTemplate\":\"https:\\\/\\\/ferabrajan.com\\\/portal\\\/?s={search_term_string}\"},\"query-input\":{\"@type\":\"PropertyValueSpecification\",\"valueRequired\":true,\"valueName\":\"search_term_string\"}}],\"inLanguage\":\"es\"},{\"@type\":\"Organization\",\"@id\":\"https:\\\/\\\/ferabrajan.com\\\/portal\\\/#organization\",\"name\":\"Fer Abrajan\",\"url\":\"https:\\\/\\\/ferabrajan.com\\\/portal\\\/\",\"logo\":{\"@type\":\"ImageObject\",\"inLanguage\":\"es\",\"@id\":\"https:\\\/\\\/ferabrajan.com\\\/portal\\\/#\\\/schema\\\/logo\\\/image\\\/\",\"url\":\"https:\\\/\\\/ferabrajan.com\\\/portal\\\/wp-content\\\/uploads\\\/2024\\\/10\\\/cropped-logo.jpeg\",\"contentUrl\":\"https:\\\/\\\/ferabrajan.com\\\/portal\\\/wp-content\\\/uploads\\\/2024\\\/10\\\/cropped-logo.jpeg\",\"width\":500,\"height\":250,\"caption\":\"Fer Abrajan\"},\"image\":{\"@id\":\"https:\\\/\\\/ferabrajan.com\\\/portal\\\/#\\\/schema\\\/logo\\\/image\\\/\"},\"sameAs\":[\"https:\\\/\\\/www.facebook.com\\\/NoticiasconFerAbrajan\\\/\",\"https:\\\/\\\/x.com\\\/ferabrajan1\"]},{\"@type\":\"Person\",\"@id\":\"https:\\\/\\\/ferabrajan.com\\\/portal\\\/#\\\/schema\\\/person\\\/f6113b3cb1e036d5c6a9505685b257ba\",\"name\":\"admin\",\"image\":{\"@type\":\"ImageObject\",\"inLanguage\":\"es\",\"@id\":\"https:\\\/\\\/secure.gravatar.com\\\/avatar\\\/072baa72775aad53c748dfc5d3048578e01b6c087eef335459ebfa04344e2d18?s=96&d=mm&r=g\",\"url\":\"https:\\\/\\\/secure.gravatar.com\\\/avatar\\\/072baa72775aad53c748dfc5d3048578e01b6c087eef335459ebfa04344e2d18?s=96&d=mm&r=g\",\"contentUrl\":\"https:\\\/\\\/secure.gravatar.com\\\/avatar\\\/072baa72775aad53c748dfc5d3048578e01b6c087eef335459ebfa04344e2d18?s=96&d=mm&r=g\",\"caption\":\"admin\"},\"sameAs\":[\"https:\\\/\\\/ferabrajan.com\\\/portal\"],\"url\":\"https:\\\/\\\/ferabrajan.com\\\/portal\\\/author\\\/admin\\\/\"}]}<\/script>\n<!-- \/ Yoast SEO plugin. -->","yoast_head_json":{"title":"Muere apu\u00f1alado por su propio t\u00edo, acusan - Fer Abrajan","robots":{"index":"index","follow":"follow","max-snippet":"max-snippet:-1","max-image-preview":"max-image-preview:large","max-video-preview":"max-video-preview:-1"},"canonical":"https:\/\/ferabrajan.com\/portal\/2020\/07\/26\/muere-apunalado-por-su-propio-tio-acusan\/","og_locale":"es_ES","og_type":"article","og_title":"Muere apu\u00f1alado por su propio t\u00edo, acusan - Fer Abrajan","og_description":"Un joven de 20 a\u00f1os de edad, muri\u00f3 apu\u00f1alado la madrugada de este domingo, tras re\u00f1ir con su t\u00edo, con el cual inger\u00eda bebidas embriagantes al interior de un domicilio ubicado en el municipio de Cuautlancingo. Los hechos se registraron sobre la calle Rep\u00fablica de Bulgaria de la colonia Villa Ol\u00edmpica. De acuerdo con las investigaciones preliminares, la v\u00edctima identificada como Alejandro N, se encontraba conviviendo con su t\u00edo de nombre Juan Carlos N; al calor de las copas los dos hombres comenzaron a discutir de tal forma que el segundo var\u00f3n en menci\u00f3n habr\u00eda sacado un objeto punzocortante para agredir a su sobrino a la altura del t\u00f3rax. Ante lo ocurrido, el sospechoso junto con su pareja sentimental huyeron de la zona. Tras el aviso al 9-1-1, param\u00e9dicos de la regi\u00f3n acudieron al sitio, donde confirmaron la muerte del joven, por lo que la zona fue acordonada y asegurada hasta la llegada del agente del Ministerio P\u00fablico. Luego del levantamiento del cuerpo los agentes ministeriales dieron inicio a la carpeta de investigaci\u00f3n n\u00famero 360\/2020 de la Unidad de Investigaci\u00f3n Especializada en Homicidios, mediante la cual, la Fiscal\u00eda de Puebla buscar\u00e1 esclarecer el asunto. [embedded content] Publicaci\u00f3n Original: https:\/\/www.elsoldepuebla.com.mx\/policiaca\/muere-apunalado-por-su-propio-tio-acusan-puebla-villa-olimpica-cuautlancingo-5542779.html","og_url":"https:\/\/ferabrajan.com\/portal\/2020\/07\/26\/muere-apunalado-por-su-propio-tio-acusan\/","og_site_name":"Fer Abrajan","article_publisher":"https:\/\/www.facebook.com\/NoticiasconFerAbrajan\/","article_published_time":"2020-07-26T16:59:05+00:00","author":"admin","twitter_card":"summary_large_image","twitter_creator":"@ferabrajan1","twitter_site":"@ferabrajan1","twitter_misc":{"Escrito por":"admin","Tiempo de lectura":"1 minuto"},"schema":{"@context":"https:\/\/schema.org","@graph":[{"@type":"Article","@id":"https:\/\/ferabrajan.com\/portal\/2020\/07\/26\/muere-apunalado-por-su-propio-tio-acusan\/#article","isPartOf":{"@id":"https:\/\/ferabrajan.com\/portal\/2020\/07\/26\/muere-apunalado-por-su-propio-tio-acusan\/"},"author":{"name":"admin","@id":"https:\/\/ferabrajan.com\/portal\/#\/schema\/person\/f6113b3cb1e036d5c6a9505685b257ba"},"headline":"Muere apu\u00f1alado por su propio t\u00edo, acusan","datePublished":"2020-07-26T16:59:05+00:00","mainEntityOfPage":{"@id":"https:\/\/ferabrajan.com\/portal\/2020\/07\/26\/muere-apunalado-por-su-propio-tio-acusan\/"},"wordCount":235,"publisher":{"@id":"https:\/\/ferabrajan.com\/portal\/#organization"},"image":{"@id":"https:\/\/ferabrajan.com\/portal\/2020\/07\/26\/muere-apunalado-por-su-propio-tio-acusan\/#primaryimage"},"thumbnailUrl":"","articleSection":["Puebla"],"inLanguage":"es"},{"@type":"WebPage","@id":"https:\/\/ferabrajan.com\/portal\/2020\/07\/26\/muere-apunalado-por-su-propio-tio-acusan\/","url":"https:\/\/ferabrajan.com\/portal\/2020\/07\/26\/muere-apunalado-por-su-propio-tio-acusan\/","name":"Muere apu\u00f1alado por su propio t\u00edo, acusan - Fer Abrajan","isPartOf":{"@id":"https:\/\/ferabrajan.com\/portal\/#website"},"primaryImageOfPage":{"@id":"https:\/\/ferabrajan.com\/portal\/2020\/07\/26\/muere-apunalado-por-su-propio-tio-acusan\/#primaryimage"},"image":{"@id":"https:\/\/ferabrajan.com\/portal\/2020\/07\/26\/muere-apunalado-por-su-propio-tio-acusan\/#primaryimage"},"thumbnailUrl":"","datePublished":"2020-07-26T16:59:05+00:00","breadcrumb":{"@id":"https:\/\/ferabrajan.com\/portal\/2020\/07\/26\/muere-apunalado-por-su-propio-tio-acusan\/#breadcrumb"},"inLanguage":"es","potentialAction":[{"@type":"ReadAction","target":["https:\/\/ferabrajan.com\/portal\/2020\/07\/26\/muere-apunalado-por-su-propio-tio-acusan\/"]}]},{"@type":"ImageObject","inLanguage":"es","@id":"https:\/\/ferabrajan.com\/portal\/2020\/07\/26\/muere-apunalado-por-su-propio-tio-acusan\/#primaryimage","url":"","contentUrl":""},{"@type":"BreadcrumbList","@id":"https:\/\/ferabrajan.com\/portal\/2020\/07\/26\/muere-apunalado-por-su-propio-tio-acusan\/#breadcrumb","itemListElement":[{"@type":"ListItem","position":1,"name":"Portada","item":"https:\/\/ferabrajan.com\/portal\/"},{"@type":"ListItem","position":2,"name":"Muere apu\u00f1alado por su propio t\u00edo, acusan"}]},{"@type":"WebSite","@id":"https:\/\/ferabrajan.com\/portal\/#website","url":"https:\/\/ferabrajan.com\/portal\/","name":"Fer Abrajan","description":"Noticias de Puebla, opini\u00f3n y radio en vivo","publisher":{"@id":"https:\/\/ferabrajan.com\/portal\/#organization"},"potentialAction":[{"@type":"SearchAction","target":{"@type":"EntryPoint","urlTemplate":"https:\/\/ferabrajan.com\/portal\/?s={search_term_string}"},"query-input":{"@type":"PropertyValueSpecification","valueRequired":true,"valueName":"search_term_string"}}],"inLanguage":"es"},{"@type":"Organization","@id":"https:\/\/ferabrajan.com\/portal\/#organization","name":"Fer Abrajan","url":"https:\/\/ferabrajan.com\/portal\/","logo":{"@type":"ImageObject","inLanguage":"es","@id":"https:\/\/ferabrajan.com\/portal\/#\/schema\/logo\/image\/","url":"https:\/\/ferabrajan.com\/portal\/wp-content\/uploads\/2024\/10\/cropped-logo.jpeg","contentUrl":"https:\/\/ferabrajan.com\/portal\/wp-content\/uploads\/2024\/10\/cropped-logo.jpeg","width":500,"height":250,"caption":"Fer Abrajan"},"image":{"@id":"https:\/\/ferabrajan.com\/portal\/#\/schema\/logo\/image\/"},"sameAs":["https:\/\/www.facebook.com\/NoticiasconFerAbrajan\/","https:\/\/x.com\/ferabrajan1"]},{"@type":"Person","@id":"https:\/\/ferabrajan.com\/portal\/#\/schema\/person\/f6113b3cb1e036d5c6a9505685b257ba","name":"admin","image":{"@type":"ImageObject","inLanguage":"es","@id":"https:\/\/secure.gravatar.com\/avatar\/072baa72775aad53c748dfc5d3048578e01b6c087eef335459ebfa04344e2d18?s=96&d=mm&r=g","url":"https:\/\/secure.gravatar.com\/avatar\/072baa72775aad53c748dfc5d3048578e01b6c087eef335459ebfa04344e2d18?s=96&d=mm&r=g","contentUrl":"https:\/\/secure.gravatar.com\/avatar\/072baa72775aad53c748dfc5d3048578e01b6c087eef335459ebfa04344e2d18?s=96&d=mm&r=g","caption":"admin"},"sameAs":["https:\/\/ferabrajan.com\/portal"],"url":"https:\/\/ferabrajan.com\/portal\/author\/admin\/"}]}},"_links":{"self":[{"href":"https:\/\/ferabrajan.com\/portal\/wp-json\/wp\/v2\/posts\/15679","targetHints":{"allow":["GET"]}}],"collection":[{"href":"https:\/\/ferabrajan.com\/portal\/wp-json\/wp\/v2\/posts"}],"about":[{"href":"https:\/\/ferabrajan.com\/portal\/wp-json\/wp\/v2\/types\/post"}],"author":[{"embeddable":true,"href":"https:\/\/ferabrajan.com\/portal\/wp-json\/wp\/v2\/users\/1"}],"replies":[{"embeddable":true,"href":"https:\/\/ferabrajan.com\/portal\/wp-json\/wp\/v2\/comments?post=15679"}],"version-history":[{"count":0,"href":"https:\/\/ferabrajan.com\/portal\/wp-json\/wp\/v2\/posts\/15679\/revisions"}],"wp:attachment":[{"href":"https:\/\/ferabrajan.com\/portal\/wp-json\/wp\/v2\/media?parent=15679"}],"wp:term":[{"taxonomy":"category","embeddable":true,"href":"https:\/\/ferabrajan.com\/portal\/wp-json\/wp\/v2\/categories?post=15679"},{"taxonomy":"post_tag","embeddable":true,"href":"https:\/\/ferabrajan.com\/portal\/wp-json\/wp\/v2\/tags?post=15679"}],"curies":[{"name":"wp","href":"https:\/\/api.w.org\/{rel}","templated":true}]}}