{"id":12662,"date":"2020-06-04T01:27:16","date_gmt":"2020-06-04T01:27:16","guid":{"rendered":"https:\/\/www.elsoldepuebla.com.mx\/mexico\/politica\/exigen-comparecencia-del-titular-de-pemex-y-sener-exsecretarios-secretaria-de-salud-5317987.html"},"modified":"2020-06-04T01:27:16","modified_gmt":"2020-06-04T01:27:16","slug":"exigen-comparecencia-del-titular-de-pemex-y-sener","status":"publish","type":"post","link":"https:\/\/ferabrajan.com\/portal\/2020\/06\/04\/exigen-comparecencia-del-titular-de-pemex-y-sener\/","title":{"rendered":"Exigen comparecencia del titular de Pemex y Sener"},"content":{"rendered":"<div><img decoding=\"async\" src=\"https:\/\/www.elsoldemexico.com.mx\/mexico\/sociedad\/wndzvc-rocio-nahle-oropeza-roberto-hernandez.jpeg\/ALTERNATES\/LANDSCAPE_1140\/rocio%20nahle%20oropeza%20ROBERTO%20HERNANDEZ.jpeg\" class=\"ff-og-image-inserted\"><\/div>\n<p>El Grupo Parlamentario de Acci\u00f3n Nacional solicit\u00f3 a la Comisi\u00f3n Permanente del Congreso de la Uni\u00f3n, se cite a comparecer a la titular de Energ\u00eda (SENER), Roc\u00edo Nahle Garci\u0301a, y al Director General de Petr\u00f3leos Mexicanos (PEMEX), Octavio Romero Oropeza, as\u00ed como la exigencia a la Secretaria de la Funci\u00f3n Publica (SFP), para que inicie una investigaci\u00f3n por la probable comisi\u00f3n de tr\u00e1fico de influencias.<\/p>\n<p>El senador Julen Rementer\u00eda del Puerto destac\u00f3 que la solicitud por las acusaciones de presunto conflicto de inter\u00e9s y tr\u00e1fico de influencias por contratos.<\/p>\n<article class=\"metropoli_cdmx media col-md-4 inline-story\"> <\/article>\n<p>\u201cEl presidente ha pregonado que su administraci\u00f3n es transparente y que ya se acab\u00f3\u0301 la corrupci\u00f3n. Nosotros le decimos que no porque funcionarios como Manuel Bartlett, Ana Guevara, y recientemente Roci\u00f3 Nahle, siembran ante la opini\u00f3n p\u00fablica con sus propios hechos, que esta administraci\u00f3n esta\u0301 corro\u00edda por la corrupci\u00f3n. Y lo peor es que el presidente lo sabe y no lo detiene\u201d apunt\u00f3 Rementer\u00eda del Puerto.<\/p>\n<p>El legislador de Acci\u00f3n Nacional e integrante de la Comisi\u00f3n Permanente, agreg\u00f3 que tambi\u00e9n los funcionarios de Sener y Pemex, tienen que explicar la totalidad de los contratos celebrados e informen del resultado de la investigaci\u00f3n solicitada a la Comisi\u00f3n Permanente del Congreso de la Uni\u00f3n.<\/p>\n<h3>Piden comparecencia de extitulares de la Ssa<\/h3>\n<p>Los ex secretarios de Salud, Julio Frenk Mora, Salom\u00f3n Chertorivski y Jos\u00e9 Narro Robles, deben ser llamados a cuentas por el Congreso de la Uni\u00f3n y la Fiscal\u00eda General de la Rep\u00fablica (FGR), demand\u00f3 la diputada Dolores Padierna Luna (Morena).<\/p>\n<p>Resulta indignante e inmoral que quienes representaron a un r\u00e9gimen de corrupci\u00f3n, privatizaciones, precios inflados, facturas falsas, sobreprecios de medicamentos y participaron en el desmantelamiento del sistema de salud p\u00fablica, salgan ahora a acusar al actual gobierno federal de tener una mala estrategia ante la pandemia del Covid-19 y enga\u00f1en a la opini\u00f3n p\u00fablica con calumnias de que ocultan datos.<\/p>\n<p>Y advirti\u00f3: \u201cQue no se confunda la libertad de expresi\u00f3n con falta de verg\u00fcenza que tienen estos tres funcionarios federales\u201d.<\/p>\n<p>Acus\u00f3 que el sexenio anterior dej\u00f3 una poblaci\u00f3n cr\u00f3nicamente deteriorada en su salud, por lo que la mayor vulnerabilidad ante la pandemia del Covid-19 se asocia a factores de riesgo y enfermedades como hipertensi\u00f3n, diabetes y obesidad.<\/p>\n<p>\u201cLamentablemente, los gobiernos anteriores no solo no implementaron medidas para contrarrestar este tipo de padecimientos sino que, al contrario, propiciaron al permitir que los intereses de las grandes corporaciones de comida chatarra estuviera por encima de la salud de los mexicanos\u201d, se\u00f1al\u00f3.<\/p>\n<p>Sostuvo que los 3 ex secretarios de Salud defendieron abiertamente a las corporaciones transnacionales. Cit\u00f3 que en el sexenio del presidente Felipe Calder\u00f3n, se introdujo un etiquetado que nadie entend\u00eda y se opuso a que la comida chatarra se prohibiera en las escuelas. \u201cEs decir, no solo no curaron a la gente, sino que la enfermaron\u201d.<\/p>\n<p>Record\u00f3 que el doctor Hugo L\u00f3pez-Gattel, dio a conocer recientemente que anualmente mueren entre 600 y 700 mil mexicanos y m\u00e1s de la mitad de esos decesos son ocasionados por la mala alimentaci\u00f3n, por comer comida chatarra.<\/p>\n<p>Tambi\u00e9n asever\u00f3 que desde el sexenio del presidente Carlos Salinas de Gortari hasta el \u00faltimo a\u00f1o del de Enrique Pe\u00f1a Nieto, el presupuesto en materia de salud decreci\u00f3, mientras las necesidades del ramo aumentaron. \u201dNo hubo una estrategia de prevenci\u00f3n, que ahora es la primera l\u00ednea del Insabi: que la gente no se enferme\u201d.<\/p>\n<p><em>Con informaci\u00f3n de Bertha Becerra<\/em><\/p>\n<p>Publicaci\u00f3n Original: <a href=\"https:\/\/www.elsoldepuebla.com.mx\/mexico\/politica\/exigen-comparecencia-del-titular-de-pemex-y-sener-exsecretarios-secretaria-de-salud-5317987.html\" target=\"_blank\" rel=\"noopener noreferrer\">https:\/\/www.elsoldepuebla.com.mx\/mexico\/politica\/exigen-comparecencia-del-titular-de-pemex-y-sener-exsecretarios-secretaria-de-salud-5317987.html<\/a><\/p>\n","protected":false},"excerpt":{"rendered":"<p>El Grupo Parlamentario de Acci\u00f3n Nacional solicit\u00f3 a la Comisi\u00f3n Permanente del Congreso de la Uni\u00f3n, se cite a comparecer a la titular de Energ\u00eda (SENER), Roc\u00edo Nahle Garci\u0301a, y al Director General de Petr\u00f3leos Mexicanos (PEMEX), Octavio Romero Oropeza, as\u00ed como la exigencia a la Secretaria de la Funci\u00f3n Publica (SFP), para que inicie una investigaci\u00f3n por la probable comisi\u00f3n de tr\u00e1fico de influencias. El senador Julen Rementer\u00eda del Puerto destac\u00f3 que la solicitud por las acusaciones de presunto conflicto de inter\u00e9s y tr\u00e1fico de influencias por contratos. \u201cEl presidente ha pregonado que su administraci\u00f3n es transparente y que ya se acab\u00f3\u0301 la corrupci\u00f3n. Nosotros le decimos que no porque funcionarios como Manuel Bartlett, Ana Guevara, y recientemente Roci\u00f3 Nahle, siembran ante la opini\u00f3n p\u00fablica con sus propios hechos, que esta administraci\u00f3n esta\u0301 corro\u00edda por la corrupci\u00f3n. Y lo peor es que el presidente lo sabe y no lo detiene\u201d apunt\u00f3 Rementer\u00eda del Puerto. El legislador de Acci\u00f3n Nacional e integrante de la Comisi\u00f3n Permanente, agreg\u00f3 que tambi\u00e9n los funcionarios de Sener y Pemex, tienen que explicar la totalidad de los contratos celebrados e informen del resultado de la investigaci\u00f3n solicitada a la Comisi\u00f3n Permanente del Congreso de la Uni\u00f3n. Piden comparecencia de extitulares de la Ssa Los ex secretarios de Salud, Julio Frenk Mora, Salom\u00f3n Chertorivski y Jos\u00e9 Narro Robles, deben ser llamados a cuentas por el Congreso de la Uni\u00f3n y la Fiscal\u00eda General de la Rep\u00fablica (FGR), demand\u00f3 la diputada Dolores Padierna Luna (Morena). Resulta indignante e inmoral que quienes representaron a un r\u00e9gimen de corrupci\u00f3n, privatizaciones, precios inflados, facturas falsas, sobreprecios de medicamentos y participaron en el desmantelamiento del sistema de salud p\u00fablica, salgan ahora a acusar al actual gobierno federal de tener una mala estrategia ante la pandemia del Covid-19 y enga\u00f1en a la opini\u00f3n p\u00fablica con calumnias de que ocultan datos. Y advirti\u00f3: \u201cQue no se confunda la libertad de expresi\u00f3n con falta de verg\u00fcenza que tienen estos tres funcionarios federales\u201d. Acus\u00f3 que el sexenio anterior dej\u00f3 una poblaci\u00f3n cr\u00f3nicamente deteriorada en su salud, por lo que la mayor vulnerabilidad ante la pandemia del Covid-19 se asocia a factores de riesgo y enfermedades como hipertensi\u00f3n, diabetes y obesidad. \u201cLamentablemente, los gobiernos anteriores no solo no implementaron medidas para contrarrestar este tipo de padecimientos sino que, al contrario, propiciaron al permitir que los intereses de las grandes corporaciones de comida chatarra estuviera por encima de la salud de los mexicanos\u201d, se\u00f1al\u00f3. Sostuvo que los 3 ex secretarios de Salud defendieron abiertamente a las corporaciones transnacionales. Cit\u00f3 que en el sexenio del presidente Felipe Calder\u00f3n, se introdujo un etiquetado que nadie entend\u00eda y se opuso a que la comida chatarra se prohibiera en las escuelas. \u201cEs decir, no solo no curaron a la gente, sino que la enfermaron\u201d. Record\u00f3 que el doctor Hugo L\u00f3pez-Gattel, dio a conocer recientemente que anualmente mueren entre 600 y 700 mil mexicanos y m\u00e1s de la mitad de esos decesos son ocasionados por la mala alimentaci\u00f3n, por comer comida chatarra. Tambi\u00e9n asever\u00f3 que desde el sexenio del presidente Carlos Salinas de Gortari hasta el \u00faltimo a\u00f1o del de Enrique Pe\u00f1a Nieto, el presupuesto en materia de salud decreci\u00f3, mientras las necesidades del ramo aumentaron. \u201dNo hubo una estrategia de prevenci\u00f3n, que ahora es la primera l\u00ednea del Insabi: que la gente no se enferme\u201d. Con informaci\u00f3n de Bertha Becerra Publicaci\u00f3n Original: https:\/\/www.elsoldepuebla.com.mx\/mexico\/politica\/exigen-comparecencia-del-titular-de-pemex-y-sener-exsecretarios-secretaria-de-salud-5317987.html<\/p>\n","protected":false},"author":1,"featured_media":12666,"comment_status":"closed","ping_status":"closed","sticky":false,"template":"","format":"standard","meta":{"_monsterinsights_skip_tracking":false,"_uf_show_specific_survey":0,"_uf_disable_surveys":false,"footnotes":""},"categories":[34],"tags":[],"class_list":["post-12662","post","type-post","status-publish","format-standard","has-post-thumbnail","hentry","category-puebla"],"yoast_head":"<!-- This site is optimized with the Yoast SEO plugin v27.5 - https:\/\/yoast.com\/product\/yoast-seo-wordpress\/ -->\n<title>Exigen comparecencia del titular de Pemex y Sener - Fer Abrajan<\/title>\n<meta name=\"robots\" content=\"index, follow, max-snippet:-1, max-image-preview:large, max-video-preview:-1\" \/>\n<link rel=\"canonical\" href=\"https:\/\/ferabrajan.com\/portal\/2020\/06\/04\/exigen-comparecencia-del-titular-de-pemex-y-sener\/\" \/>\n<meta property=\"og:locale\" content=\"es_ES\" \/>\n<meta property=\"og:type\" content=\"article\" \/>\n<meta property=\"og:title\" content=\"Exigen comparecencia del titular de Pemex y Sener - Fer Abrajan\" \/>\n<meta property=\"og:description\" content=\"El Grupo Parlamentario de Acci\u00f3n Nacional solicit\u00f3 a la Comisi\u00f3n Permanente del Congreso de la Uni\u00f3n, se cite a comparecer a la titular de Energ\u00eda (SENER), Roc\u00edo Nahle Garci\u0301a, y al Director General de Petr\u00f3leos Mexicanos (PEMEX), Octavio Romero Oropeza, as\u00ed como la exigencia a la Secretaria de la Funci\u00f3n Publica (SFP), para que inicie una investigaci\u00f3n por la probable comisi\u00f3n de tr\u00e1fico de influencias. El senador Julen Rementer\u00eda del Puerto destac\u00f3 que la solicitud por las acusaciones de presunto conflicto de inter\u00e9s y tr\u00e1fico de influencias por contratos. \u201cEl presidente ha pregonado que su administraci\u00f3n es transparente y que ya se acab\u00f3\u0301 la corrupci\u00f3n. Nosotros le decimos que no porque funcionarios como Manuel Bartlett, Ana Guevara, y recientemente Roci\u00f3 Nahle, siembran ante la opini\u00f3n p\u00fablica con sus propios hechos, que esta administraci\u00f3n esta\u0301 corro\u00edda por la corrupci\u00f3n. Y lo peor es que el presidente lo sabe y no lo detiene\u201d apunt\u00f3 Rementer\u00eda del Puerto. El legislador de Acci\u00f3n Nacional e integrante de la Comisi\u00f3n Permanente, agreg\u00f3 que tambi\u00e9n los funcionarios de Sener y Pemex, tienen que explicar la totalidad de los contratos celebrados e informen del resultado de la investigaci\u00f3n solicitada a la Comisi\u00f3n Permanente del Congreso de la Uni\u00f3n. Piden comparecencia de extitulares de la Ssa Los ex secretarios de Salud, Julio Frenk Mora, Salom\u00f3n Chertorivski y Jos\u00e9 Narro Robles, deben ser llamados a cuentas por el Congreso de la Uni\u00f3n y la Fiscal\u00eda General de la Rep\u00fablica (FGR), demand\u00f3 la diputada Dolores Padierna Luna (Morena). Resulta indignante e inmoral que quienes representaron a un r\u00e9gimen de corrupci\u00f3n, privatizaciones, precios inflados, facturas falsas, sobreprecios de medicamentos y participaron en el desmantelamiento del sistema de salud p\u00fablica, salgan ahora a acusar al actual gobierno federal de tener una mala estrategia ante la pandemia del Covid-19 y enga\u00f1en a la opini\u00f3n p\u00fablica con calumnias de que ocultan datos. Y advirti\u00f3: \u201cQue no se confunda la libertad de expresi\u00f3n con falta de verg\u00fcenza que tienen estos tres funcionarios federales\u201d. Acus\u00f3 que el sexenio anterior dej\u00f3 una poblaci\u00f3n cr\u00f3nicamente deteriorada en su salud, por lo que la mayor vulnerabilidad ante la pandemia del Covid-19 se asocia a factores de riesgo y enfermedades como hipertensi\u00f3n, diabetes y obesidad. \u201cLamentablemente, los gobiernos anteriores no solo no implementaron medidas para contrarrestar este tipo de padecimientos sino que, al contrario, propiciaron al permitir que los intereses de las grandes corporaciones de comida chatarra estuviera por encima de la salud de los mexicanos\u201d, se\u00f1al\u00f3. Sostuvo que los 3 ex secretarios de Salud defendieron abiertamente a las corporaciones transnacionales. Cit\u00f3 que en el sexenio del presidente Felipe Calder\u00f3n, se introdujo un etiquetado que nadie entend\u00eda y se opuso a que la comida chatarra se prohibiera en las escuelas. \u201cEs decir, no solo no curaron a la gente, sino que la enfermaron\u201d. Record\u00f3 que el doctor Hugo L\u00f3pez-Gattel, dio a conocer recientemente que anualmente mueren entre 600 y 700 mil mexicanos y m\u00e1s de la mitad de esos decesos son ocasionados por la mala alimentaci\u00f3n, por comer comida chatarra. Tambi\u00e9n asever\u00f3 que desde el sexenio del presidente Carlos Salinas de Gortari hasta el \u00faltimo a\u00f1o del de Enrique Pe\u00f1a Nieto, el presupuesto en materia de salud decreci\u00f3, mientras las necesidades del ramo aumentaron. \u201dNo hubo una estrategia de prevenci\u00f3n, que ahora es la primera l\u00ednea del Insabi: que la gente no se enferme\u201d. Con informaci\u00f3n de Bertha Becerra Publicaci\u00f3n Original: https:\/\/www.elsoldepuebla.com.mx\/mexico\/politica\/exigen-comparecencia-del-titular-de-pemex-y-sener-exsecretarios-secretaria-de-salud-5317987.html\" \/>\n<meta property=\"og:url\" content=\"https:\/\/ferabrajan.com\/portal\/2020\/06\/04\/exigen-comparecencia-del-titular-de-pemex-y-sener\/\" \/>\n<meta property=\"og:site_name\" content=\"Fer Abrajan\" \/>\n<meta property=\"article:publisher\" content=\"https:\/\/www.facebook.com\/NoticiasconFerAbrajan\/\" \/>\n<meta property=\"article:published_time\" content=\"2020-06-04T01:27:16+00:00\" \/>\n<meta name=\"author\" content=\"admin\" \/>\n<meta name=\"twitter:card\" content=\"summary_large_image\" \/>\n<meta name=\"twitter:creator\" content=\"@ferabrajan1\" \/>\n<meta name=\"twitter:site\" content=\"@ferabrajan1\" \/>\n<meta name=\"twitter:label1\" content=\"Escrito por\" \/>\n\t<meta name=\"twitter:data1\" content=\"admin\" \/>\n\t<meta name=\"twitter:label2\" content=\"Tiempo de lectura\" \/>\n\t<meta name=\"twitter:data2\" content=\"3 minutos\" \/>\n<script type=\"application\/ld+json\" class=\"yoast-schema-graph\">{\"@context\":\"https:\\\/\\\/schema.org\",\"@graph\":[{\"@type\":\"Article\",\"@id\":\"https:\\\/\\\/ferabrajan.com\\\/portal\\\/2020\\\/06\\\/04\\\/exigen-comparecencia-del-titular-de-pemex-y-sener\\\/#article\",\"isPartOf\":{\"@id\":\"https:\\\/\\\/ferabrajan.com\\\/portal\\\/2020\\\/06\\\/04\\\/exigen-comparecencia-del-titular-de-pemex-y-sener\\\/\"},\"author\":{\"name\":\"admin\",\"@id\":\"https:\\\/\\\/ferabrajan.com\\\/portal\\\/#\\\/schema\\\/person\\\/f6113b3cb1e036d5c6a9505685b257ba\"},\"headline\":\"Exigen comparecencia del titular de Pemex y Sener\",\"datePublished\":\"2020-06-04T01:27:16+00:00\",\"mainEntityOfPage\":{\"@id\":\"https:\\\/\\\/ferabrajan.com\\\/portal\\\/2020\\\/06\\\/04\\\/exigen-comparecencia-del-titular-de-pemex-y-sener\\\/\"},\"wordCount\":631,\"publisher\":{\"@id\":\"https:\\\/\\\/ferabrajan.com\\\/portal\\\/#organization\"},\"image\":{\"@id\":\"https:\\\/\\\/ferabrajan.com\\\/portal\\\/2020\\\/06\\\/04\\\/exigen-comparecencia-del-titular-de-pemex-y-sener\\\/#primaryimage\"},\"thumbnailUrl\":\"\",\"articleSection\":[\"Puebla\"],\"inLanguage\":\"es\"},{\"@type\":\"WebPage\",\"@id\":\"https:\\\/\\\/ferabrajan.com\\\/portal\\\/2020\\\/06\\\/04\\\/exigen-comparecencia-del-titular-de-pemex-y-sener\\\/\",\"url\":\"https:\\\/\\\/ferabrajan.com\\\/portal\\\/2020\\\/06\\\/04\\\/exigen-comparecencia-del-titular-de-pemex-y-sener\\\/\",\"name\":\"Exigen comparecencia del titular de Pemex y Sener - Fer Abrajan\",\"isPartOf\":{\"@id\":\"https:\\\/\\\/ferabrajan.com\\\/portal\\\/#website\"},\"primaryImageOfPage\":{\"@id\":\"https:\\\/\\\/ferabrajan.com\\\/portal\\\/2020\\\/06\\\/04\\\/exigen-comparecencia-del-titular-de-pemex-y-sener\\\/#primaryimage\"},\"image\":{\"@id\":\"https:\\\/\\\/ferabrajan.com\\\/portal\\\/2020\\\/06\\\/04\\\/exigen-comparecencia-del-titular-de-pemex-y-sener\\\/#primaryimage\"},\"thumbnailUrl\":\"\",\"datePublished\":\"2020-06-04T01:27:16+00:00\",\"breadcrumb\":{\"@id\":\"https:\\\/\\\/ferabrajan.com\\\/portal\\\/2020\\\/06\\\/04\\\/exigen-comparecencia-del-titular-de-pemex-y-sener\\\/#breadcrumb\"},\"inLanguage\":\"es\",\"potentialAction\":[{\"@type\":\"ReadAction\",\"target\":[\"https:\\\/\\\/ferabrajan.com\\\/portal\\\/2020\\\/06\\\/04\\\/exigen-comparecencia-del-titular-de-pemex-y-sener\\\/\"]}]},{\"@type\":\"ImageObject\",\"inLanguage\":\"es\",\"@id\":\"https:\\\/\\\/ferabrajan.com\\\/portal\\\/2020\\\/06\\\/04\\\/exigen-comparecencia-del-titular-de-pemex-y-sener\\\/#primaryimage\",\"url\":\"\",\"contentUrl\":\"\"},{\"@type\":\"BreadcrumbList\",\"@id\":\"https:\\\/\\\/ferabrajan.com\\\/portal\\\/2020\\\/06\\\/04\\\/exigen-comparecencia-del-titular-de-pemex-y-sener\\\/#breadcrumb\",\"itemListElement\":[{\"@type\":\"ListItem\",\"position\":1,\"name\":\"Portada\",\"item\":\"https:\\\/\\\/ferabrajan.com\\\/portal\\\/\"},{\"@type\":\"ListItem\",\"position\":2,\"name\":\"Exigen comparecencia del titular de Pemex y Sener\"}]},{\"@type\":\"WebSite\",\"@id\":\"https:\\\/\\\/ferabrajan.com\\\/portal\\\/#website\",\"url\":\"https:\\\/\\\/ferabrajan.com\\\/portal\\\/\",\"name\":\"Fer Abrajan\",\"description\":\"Noticias de Puebla, opini\u00f3n y radio en vivo\",\"publisher\":{\"@id\":\"https:\\\/\\\/ferabrajan.com\\\/portal\\\/#organization\"},\"potentialAction\":[{\"@type\":\"SearchAction\",\"target\":{\"@type\":\"EntryPoint\",\"urlTemplate\":\"https:\\\/\\\/ferabrajan.com\\\/portal\\\/?s={search_term_string}\"},\"query-input\":{\"@type\":\"PropertyValueSpecification\",\"valueRequired\":true,\"valueName\":\"search_term_string\"}}],\"inLanguage\":\"es\"},{\"@type\":\"Organization\",\"@id\":\"https:\\\/\\\/ferabrajan.com\\\/portal\\\/#organization\",\"name\":\"Fer Abrajan\",\"url\":\"https:\\\/\\\/ferabrajan.com\\\/portal\\\/\",\"logo\":{\"@type\":\"ImageObject\",\"inLanguage\":\"es\",\"@id\":\"https:\\\/\\\/ferabrajan.com\\\/portal\\\/#\\\/schema\\\/logo\\\/image\\\/\",\"url\":\"https:\\\/\\\/ferabrajan.com\\\/portal\\\/wp-content\\\/uploads\\\/2024\\\/10\\\/cropped-logo.jpeg\",\"contentUrl\":\"https:\\\/\\\/ferabrajan.com\\\/portal\\\/wp-content\\\/uploads\\\/2024\\\/10\\\/cropped-logo.jpeg\",\"width\":500,\"height\":250,\"caption\":\"Fer Abrajan\"},\"image\":{\"@id\":\"https:\\\/\\\/ferabrajan.com\\\/portal\\\/#\\\/schema\\\/logo\\\/image\\\/\"},\"sameAs\":[\"https:\\\/\\\/www.facebook.com\\\/NoticiasconFerAbrajan\\\/\",\"https:\\\/\\\/x.com\\\/ferabrajan1\"]},{\"@type\":\"Person\",\"@id\":\"https:\\\/\\\/ferabrajan.com\\\/portal\\\/#\\\/schema\\\/person\\\/f6113b3cb1e036d5c6a9505685b257ba\",\"name\":\"admin\",\"image\":{\"@type\":\"ImageObject\",\"inLanguage\":\"es\",\"@id\":\"https:\\\/\\\/secure.gravatar.com\\\/avatar\\\/072baa72775aad53c748dfc5d3048578e01b6c087eef335459ebfa04344e2d18?s=96&d=mm&r=g\",\"url\":\"https:\\\/\\\/secure.gravatar.com\\\/avatar\\\/072baa72775aad53c748dfc5d3048578e01b6c087eef335459ebfa04344e2d18?s=96&d=mm&r=g\",\"contentUrl\":\"https:\\\/\\\/secure.gravatar.com\\\/avatar\\\/072baa72775aad53c748dfc5d3048578e01b6c087eef335459ebfa04344e2d18?s=96&d=mm&r=g\",\"caption\":\"admin\"},\"sameAs\":[\"https:\\\/\\\/ferabrajan.com\\\/portal\"],\"url\":\"https:\\\/\\\/ferabrajan.com\\\/portal\\\/author\\\/admin\\\/\"}]}<\/script>\n<!-- \/ Yoast SEO plugin. -->","yoast_head_json":{"title":"Exigen comparecencia del titular de Pemex y Sener - Fer Abrajan","robots":{"index":"index","follow":"follow","max-snippet":"max-snippet:-1","max-image-preview":"max-image-preview:large","max-video-preview":"max-video-preview:-1"},"canonical":"https:\/\/ferabrajan.com\/portal\/2020\/06\/04\/exigen-comparecencia-del-titular-de-pemex-y-sener\/","og_locale":"es_ES","og_type":"article","og_title":"Exigen comparecencia del titular de Pemex y Sener - Fer Abrajan","og_description":"El Grupo Parlamentario de Acci\u00f3n Nacional solicit\u00f3 a la Comisi\u00f3n Permanente del Congreso de la Uni\u00f3n, se cite a comparecer a la titular de Energ\u00eda (SENER), Roc\u00edo Nahle Garci\u0301a, y al Director General de Petr\u00f3leos Mexicanos (PEMEX), Octavio Romero Oropeza, as\u00ed como la exigencia a la Secretaria de la Funci\u00f3n Publica (SFP), para que inicie una investigaci\u00f3n por la probable comisi\u00f3n de tr\u00e1fico de influencias. El senador Julen Rementer\u00eda del Puerto destac\u00f3 que la solicitud por las acusaciones de presunto conflicto de inter\u00e9s y tr\u00e1fico de influencias por contratos. \u201cEl presidente ha pregonado que su administraci\u00f3n es transparente y que ya se acab\u00f3\u0301 la corrupci\u00f3n. Nosotros le decimos que no porque funcionarios como Manuel Bartlett, Ana Guevara, y recientemente Roci\u00f3 Nahle, siembran ante la opini\u00f3n p\u00fablica con sus propios hechos, que esta administraci\u00f3n esta\u0301 corro\u00edda por la corrupci\u00f3n. Y lo peor es que el presidente lo sabe y no lo detiene\u201d apunt\u00f3 Rementer\u00eda del Puerto. El legislador de Acci\u00f3n Nacional e integrante de la Comisi\u00f3n Permanente, agreg\u00f3 que tambi\u00e9n los funcionarios de Sener y Pemex, tienen que explicar la totalidad de los contratos celebrados e informen del resultado de la investigaci\u00f3n solicitada a la Comisi\u00f3n Permanente del Congreso de la Uni\u00f3n. Piden comparecencia de extitulares de la Ssa Los ex secretarios de Salud, Julio Frenk Mora, Salom\u00f3n Chertorivski y Jos\u00e9 Narro Robles, deben ser llamados a cuentas por el Congreso de la Uni\u00f3n y la Fiscal\u00eda General de la Rep\u00fablica (FGR), demand\u00f3 la diputada Dolores Padierna Luna (Morena). Resulta indignante e inmoral que quienes representaron a un r\u00e9gimen de corrupci\u00f3n, privatizaciones, precios inflados, facturas falsas, sobreprecios de medicamentos y participaron en el desmantelamiento del sistema de salud p\u00fablica, salgan ahora a acusar al actual gobierno federal de tener una mala estrategia ante la pandemia del Covid-19 y enga\u00f1en a la opini\u00f3n p\u00fablica con calumnias de que ocultan datos. Y advirti\u00f3: \u201cQue no se confunda la libertad de expresi\u00f3n con falta de verg\u00fcenza que tienen estos tres funcionarios federales\u201d. Acus\u00f3 que el sexenio anterior dej\u00f3 una poblaci\u00f3n cr\u00f3nicamente deteriorada en su salud, por lo que la mayor vulnerabilidad ante la pandemia del Covid-19 se asocia a factores de riesgo y enfermedades como hipertensi\u00f3n, diabetes y obesidad. \u201cLamentablemente, los gobiernos anteriores no solo no implementaron medidas para contrarrestar este tipo de padecimientos sino que, al contrario, propiciaron al permitir que los intereses de las grandes corporaciones de comida chatarra estuviera por encima de la salud de los mexicanos\u201d, se\u00f1al\u00f3. Sostuvo que los 3 ex secretarios de Salud defendieron abiertamente a las corporaciones transnacionales. Cit\u00f3 que en el sexenio del presidente Felipe Calder\u00f3n, se introdujo un etiquetado que nadie entend\u00eda y se opuso a que la comida chatarra se prohibiera en las escuelas. \u201cEs decir, no solo no curaron a la gente, sino que la enfermaron\u201d. Record\u00f3 que el doctor Hugo L\u00f3pez-Gattel, dio a conocer recientemente que anualmente mueren entre 600 y 700 mil mexicanos y m\u00e1s de la mitad de esos decesos son ocasionados por la mala alimentaci\u00f3n, por comer comida chatarra. Tambi\u00e9n asever\u00f3 que desde el sexenio del presidente Carlos Salinas de Gortari hasta el \u00faltimo a\u00f1o del de Enrique Pe\u00f1a Nieto, el presupuesto en materia de salud decreci\u00f3, mientras las necesidades del ramo aumentaron. \u201dNo hubo una estrategia de prevenci\u00f3n, que ahora es la primera l\u00ednea del Insabi: que la gente no se enferme\u201d. Con informaci\u00f3n de Bertha Becerra Publicaci\u00f3n Original: https:\/\/www.elsoldepuebla.com.mx\/mexico\/politica\/exigen-comparecencia-del-titular-de-pemex-y-sener-exsecretarios-secretaria-de-salud-5317987.html","og_url":"https:\/\/ferabrajan.com\/portal\/2020\/06\/04\/exigen-comparecencia-del-titular-de-pemex-y-sener\/","og_site_name":"Fer Abrajan","article_publisher":"https:\/\/www.facebook.com\/NoticiasconFerAbrajan\/","article_published_time":"2020-06-04T01:27:16+00:00","author":"admin","twitter_card":"summary_large_image","twitter_creator":"@ferabrajan1","twitter_site":"@ferabrajan1","twitter_misc":{"Escrito por":"admin","Tiempo de lectura":"3 minutos"},"schema":{"@context":"https:\/\/schema.org","@graph":[{"@type":"Article","@id":"https:\/\/ferabrajan.com\/portal\/2020\/06\/04\/exigen-comparecencia-del-titular-de-pemex-y-sener\/#article","isPartOf":{"@id":"https:\/\/ferabrajan.com\/portal\/2020\/06\/04\/exigen-comparecencia-del-titular-de-pemex-y-sener\/"},"author":{"name":"admin","@id":"https:\/\/ferabrajan.com\/portal\/#\/schema\/person\/f6113b3cb1e036d5c6a9505685b257ba"},"headline":"Exigen comparecencia del titular de Pemex y Sener","datePublished":"2020-06-04T01:27:16+00:00","mainEntityOfPage":{"@id":"https:\/\/ferabrajan.com\/portal\/2020\/06\/04\/exigen-comparecencia-del-titular-de-pemex-y-sener\/"},"wordCount":631,"publisher":{"@id":"https:\/\/ferabrajan.com\/portal\/#organization"},"image":{"@id":"https:\/\/ferabrajan.com\/portal\/2020\/06\/04\/exigen-comparecencia-del-titular-de-pemex-y-sener\/#primaryimage"},"thumbnailUrl":"","articleSection":["Puebla"],"inLanguage":"es"},{"@type":"WebPage","@id":"https:\/\/ferabrajan.com\/portal\/2020\/06\/04\/exigen-comparecencia-del-titular-de-pemex-y-sener\/","url":"https:\/\/ferabrajan.com\/portal\/2020\/06\/04\/exigen-comparecencia-del-titular-de-pemex-y-sener\/","name":"Exigen comparecencia del titular de Pemex y Sener - Fer Abrajan","isPartOf":{"@id":"https:\/\/ferabrajan.com\/portal\/#website"},"primaryImageOfPage":{"@id":"https:\/\/ferabrajan.com\/portal\/2020\/06\/04\/exigen-comparecencia-del-titular-de-pemex-y-sener\/#primaryimage"},"image":{"@id":"https:\/\/ferabrajan.com\/portal\/2020\/06\/04\/exigen-comparecencia-del-titular-de-pemex-y-sener\/#primaryimage"},"thumbnailUrl":"","datePublished":"2020-06-04T01:27:16+00:00","breadcrumb":{"@id":"https:\/\/ferabrajan.com\/portal\/2020\/06\/04\/exigen-comparecencia-del-titular-de-pemex-y-sener\/#breadcrumb"},"inLanguage":"es","potentialAction":[{"@type":"ReadAction","target":["https:\/\/ferabrajan.com\/portal\/2020\/06\/04\/exigen-comparecencia-del-titular-de-pemex-y-sener\/"]}]},{"@type":"ImageObject","inLanguage":"es","@id":"https:\/\/ferabrajan.com\/portal\/2020\/06\/04\/exigen-comparecencia-del-titular-de-pemex-y-sener\/#primaryimage","url":"","contentUrl":""},{"@type":"BreadcrumbList","@id":"https:\/\/ferabrajan.com\/portal\/2020\/06\/04\/exigen-comparecencia-del-titular-de-pemex-y-sener\/#breadcrumb","itemListElement":[{"@type":"ListItem","position":1,"name":"Portada","item":"https:\/\/ferabrajan.com\/portal\/"},{"@type":"ListItem","position":2,"name":"Exigen comparecencia del titular de Pemex y Sener"}]},{"@type":"WebSite","@id":"https:\/\/ferabrajan.com\/portal\/#website","url":"https:\/\/ferabrajan.com\/portal\/","name":"Fer Abrajan","description":"Noticias de Puebla, opini\u00f3n y radio en vivo","publisher":{"@id":"https:\/\/ferabrajan.com\/portal\/#organization"},"potentialAction":[{"@type":"SearchAction","target":{"@type":"EntryPoint","urlTemplate":"https:\/\/ferabrajan.com\/portal\/?s={search_term_string}"},"query-input":{"@type":"PropertyValueSpecification","valueRequired":true,"valueName":"search_term_string"}}],"inLanguage":"es"},{"@type":"Organization","@id":"https:\/\/ferabrajan.com\/portal\/#organization","name":"Fer Abrajan","url":"https:\/\/ferabrajan.com\/portal\/","logo":{"@type":"ImageObject","inLanguage":"es","@id":"https:\/\/ferabrajan.com\/portal\/#\/schema\/logo\/image\/","url":"https:\/\/ferabrajan.com\/portal\/wp-content\/uploads\/2024\/10\/cropped-logo.jpeg","contentUrl":"https:\/\/ferabrajan.com\/portal\/wp-content\/uploads\/2024\/10\/cropped-logo.jpeg","width":500,"height":250,"caption":"Fer Abrajan"},"image":{"@id":"https:\/\/ferabrajan.com\/portal\/#\/schema\/logo\/image\/"},"sameAs":["https:\/\/www.facebook.com\/NoticiasconFerAbrajan\/","https:\/\/x.com\/ferabrajan1"]},{"@type":"Person","@id":"https:\/\/ferabrajan.com\/portal\/#\/schema\/person\/f6113b3cb1e036d5c6a9505685b257ba","name":"admin","image":{"@type":"ImageObject","inLanguage":"es","@id":"https:\/\/secure.gravatar.com\/avatar\/072baa72775aad53c748dfc5d3048578e01b6c087eef335459ebfa04344e2d18?s=96&d=mm&r=g","url":"https:\/\/secure.gravatar.com\/avatar\/072baa72775aad53c748dfc5d3048578e01b6c087eef335459ebfa04344e2d18?s=96&d=mm&r=g","contentUrl":"https:\/\/secure.gravatar.com\/avatar\/072baa72775aad53c748dfc5d3048578e01b6c087eef335459ebfa04344e2d18?s=96&d=mm&r=g","caption":"admin"},"sameAs":["https:\/\/ferabrajan.com\/portal"],"url":"https:\/\/ferabrajan.com\/portal\/author\/admin\/"}]}},"_links":{"self":[{"href":"https:\/\/ferabrajan.com\/portal\/wp-json\/wp\/v2\/posts\/12662","targetHints":{"allow":["GET"]}}],"collection":[{"href":"https:\/\/ferabrajan.com\/portal\/wp-json\/wp\/v2\/posts"}],"about":[{"href":"https:\/\/ferabrajan.com\/portal\/wp-json\/wp\/v2\/types\/post"}],"author":[{"embeddable":true,"href":"https:\/\/ferabrajan.com\/portal\/wp-json\/wp\/v2\/users\/1"}],"replies":[{"embeddable":true,"href":"https:\/\/ferabrajan.com\/portal\/wp-json\/wp\/v2\/comments?post=12662"}],"version-history":[{"count":0,"href":"https:\/\/ferabrajan.com\/portal\/wp-json\/wp\/v2\/posts\/12662\/revisions"}],"wp:attachment":[{"href":"https:\/\/ferabrajan.com\/portal\/wp-json\/wp\/v2\/media?parent=12662"}],"wp:term":[{"taxonomy":"category","embeddable":true,"href":"https:\/\/ferabrajan.com\/portal\/wp-json\/wp\/v2\/categories?post=12662"},{"taxonomy":"post_tag","embeddable":true,"href":"https:\/\/ferabrajan.com\/portal\/wp-json\/wp\/v2\/tags?post=12662"}],"curies":[{"name":"wp","href":"https:\/\/api.w.org\/{rel}","templated":true}]}}