{"id":12657,"date":"2020-06-04T01:30:00","date_gmt":"2020-06-04T01:30:00","guid":{"rendered":"https:\/\/www.elsoldepuebla.com.mx\/doble-via\/salud\/fijan-plazo-para-retirar-residuos-hospitalarios-de-bodega-en-valsequillo-5318214.html"},"modified":"2020-06-04T01:30:00","modified_gmt":"2020-06-04T01:30:00","slug":"fijan-plazo-para-retirar-residuos-hospitalarios-de-bodega-en-valsequillo","status":"publish","type":"post","link":"https:\/\/ferabrajan.com\/portal\/2020\/06\/04\/fijan-plazo-para-retirar-residuos-hospitalarios-de-bodega-en-valsequillo\/","title":{"rendered":"Fijan plazo para retirar residuos hospitalarios de bodega en Valsequillo"},"content":{"rendered":"<div><img decoding=\"async\" src=\"https:\/\/www.elsoldepuebla.com.mx\/doble-via\/salud\/ffkkjk-empresa-residuos-valsequillo-1.jpeg\/ALTERNATES\/LANDSCAPE_1140\/Empresa%20residuos%20Valsequillo%201.jpeg\" class=\"ff-og-image-inserted\"><\/div>\n<p>La empresa que almacena indebidamente residuos infectocontagiosos en la zona de Valsequillo tiene un plazo m\u00e1ximo de hasta cinco semanas para retirar de manera absoluta los desechos.<\/p>\n<p>As\u00ed lo dio a conocer la Secretar\u00eda de Medio Ambiente, Desarrollo Sustentable y Ordenamiento Territorial, en un comunicado, en el que se\u00f1al\u00f3 que luego de la clausura el 12 de mayo, la empresa tiene ese plazo, sin embargo esta ma\u00f1ana pudieron observar que los patios del almac\u00e9n ya estaban limpios.<\/p>\n<p>La dependencia estatal inform\u00f3 que mantiene contacto permanente con la Procuradur\u00eda Federal de Protecci\u00f3n al Ambiente (Profepa) hasta que la compa\u00f1\u00eda retire de manera total y limpie los residuos infectocontagiosos.<\/p>\n<p>Refiri\u00f3 que tras una denuncia presentada ante el gobierno de Puebla por el manejo irregular de los residuos, el gobernador Luis Miguel Barbosa mantuvo comunicaci\u00f3n con funcionarios de la Profepa, quienes, tras hacer una revisi\u00f3n, clausuraron el lugar y dieron vista a la Fiscal\u00eda General de la Rep\u00fablica (FGR).<\/p>\n<p>La Secretar\u00eda de Medio Ambiente agreg\u00f3 que mantendr\u00e1 visitas f\u00edsicas en la zona para dar seguimiento a las denuncias ciudadanas a fin de evitar que el manejo de residuos hospitalarios signifique un riesgo para la poblaci\u00f3n.<\/p>\n<p>Publicaci\u00f3n Original: <a href=\"https:\/\/www.elsoldepuebla.com.mx\/doble-via\/salud\/fijan-plazo-para-retirar-residuos-hospitalarios-de-bodega-en-valsequillo-5318214.html\" target=\"_blank\" rel=\"noopener noreferrer\">https:\/\/www.elsoldepuebla.com.mx\/doble-via\/salud\/fijan-plazo-para-retirar-residuos-hospitalarios-de-bodega-en-valsequillo-5318214.html<\/a><\/p>\n","protected":false},"excerpt":{"rendered":"<p>La empresa que almacena indebidamente residuos infectocontagiosos en la zona de Valsequillo tiene un plazo m\u00e1ximo de hasta cinco semanas para retirar de manera absoluta los desechos. As\u00ed lo dio a conocer la Secretar\u00eda de Medio Ambiente, Desarrollo Sustentable y Ordenamiento Territorial, en un comunicado, en el que se\u00f1al\u00f3 que luego de la clausura el 12 de mayo, la empresa tiene ese plazo, sin embargo esta ma\u00f1ana pudieron observar que los patios del almac\u00e9n ya estaban limpios. La dependencia estatal inform\u00f3 que mantiene contacto permanente con la Procuradur\u00eda Federal de Protecci\u00f3n al Ambiente (Profepa) hasta que la compa\u00f1\u00eda retire de manera total y limpie los residuos infectocontagiosos. Refiri\u00f3 que tras una denuncia presentada ante el gobierno de Puebla por el manejo irregular de los residuos, el gobernador Luis Miguel Barbosa mantuvo comunicaci\u00f3n con funcionarios de la Profepa, quienes, tras hacer una revisi\u00f3n, clausuraron el lugar y dieron vista a la Fiscal\u00eda General de la Rep\u00fablica (FGR). La Secretar\u00eda de Medio Ambiente agreg\u00f3 que mantendr\u00e1 visitas f\u00edsicas en la zona para dar seguimiento a las denuncias ciudadanas a fin de evitar que el manejo de residuos hospitalarios signifique un riesgo para la poblaci\u00f3n. Publicaci\u00f3n Original: https:\/\/www.elsoldepuebla.com.mx\/doble-via\/salud\/fijan-plazo-para-retirar-residuos-hospitalarios-de-bodega-en-valsequillo-5318214.html<\/p>\n","protected":false},"author":1,"featured_media":12661,"comment_status":"closed","ping_status":"closed","sticky":false,"template":"","format":"standard","meta":{"_monsterinsights_skip_tracking":false,"_uf_show_specific_survey":0,"_uf_disable_surveys":false,"footnotes":""},"categories":[34],"tags":[],"class_list":["post-12657","post","type-post","status-publish","format-standard","has-post-thumbnail","hentry","category-puebla"],"yoast_head":"<!-- This site is optimized with the Yoast SEO plugin v27.5 - https:\/\/yoast.com\/product\/yoast-seo-wordpress\/ -->\n<title>Fijan plazo para retirar residuos hospitalarios de bodega en Valsequillo - Fer Abrajan<\/title>\n<meta name=\"robots\" content=\"index, follow, max-snippet:-1, max-image-preview:large, max-video-preview:-1\" \/>\n<link rel=\"canonical\" href=\"https:\/\/ferabrajan.com\/portal\/2020\/06\/04\/fijan-plazo-para-retirar-residuos-hospitalarios-de-bodega-en-valsequillo\/\" \/>\n<meta property=\"og:locale\" content=\"es_ES\" \/>\n<meta property=\"og:type\" content=\"article\" \/>\n<meta property=\"og:title\" content=\"Fijan plazo para retirar residuos hospitalarios de bodega en Valsequillo - Fer Abrajan\" \/>\n<meta property=\"og:description\" content=\"La empresa que almacena indebidamente residuos infectocontagiosos en la zona de Valsequillo tiene un plazo m\u00e1ximo de hasta cinco semanas para retirar de manera absoluta los desechos. As\u00ed lo dio a conocer la Secretar\u00eda de Medio Ambiente, Desarrollo Sustentable y Ordenamiento Territorial, en un comunicado, en el que se\u00f1al\u00f3 que luego de la clausura el 12 de mayo, la empresa tiene ese plazo, sin embargo esta ma\u00f1ana pudieron observar que los patios del almac\u00e9n ya estaban limpios. La dependencia estatal inform\u00f3 que mantiene contacto permanente con la Procuradur\u00eda Federal de Protecci\u00f3n al Ambiente (Profepa) hasta que la compa\u00f1\u00eda retire de manera total y limpie los residuos infectocontagiosos. Refiri\u00f3 que tras una denuncia presentada ante el gobierno de Puebla por el manejo irregular de los residuos, el gobernador Luis Miguel Barbosa mantuvo comunicaci\u00f3n con funcionarios de la Profepa, quienes, tras hacer una revisi\u00f3n, clausuraron el lugar y dieron vista a la Fiscal\u00eda General de la Rep\u00fablica (FGR). La Secretar\u00eda de Medio Ambiente agreg\u00f3 que mantendr\u00e1 visitas f\u00edsicas en la zona para dar seguimiento a las denuncias ciudadanas a fin de evitar que el manejo de residuos hospitalarios signifique un riesgo para la poblaci\u00f3n. Publicaci\u00f3n Original: https:\/\/www.elsoldepuebla.com.mx\/doble-via\/salud\/fijan-plazo-para-retirar-residuos-hospitalarios-de-bodega-en-valsequillo-5318214.html\" \/>\n<meta property=\"og:url\" content=\"https:\/\/ferabrajan.com\/portal\/2020\/06\/04\/fijan-plazo-para-retirar-residuos-hospitalarios-de-bodega-en-valsequillo\/\" \/>\n<meta property=\"og:site_name\" content=\"Fer Abrajan\" \/>\n<meta property=\"article:publisher\" content=\"https:\/\/www.facebook.com\/NoticiasconFerAbrajan\/\" \/>\n<meta property=\"article:published_time\" content=\"2020-06-04T01:30:00+00:00\" \/>\n<meta name=\"author\" content=\"admin\" \/>\n<meta name=\"twitter:card\" content=\"summary_large_image\" \/>\n<meta name=\"twitter:creator\" content=\"@ferabrajan1\" \/>\n<meta name=\"twitter:site\" content=\"@ferabrajan1\" \/>\n<meta name=\"twitter:label1\" content=\"Escrito por\" \/>\n\t<meta name=\"twitter:data1\" content=\"admin\" \/>\n\t<meta name=\"twitter:label2\" content=\"Tiempo de lectura\" \/>\n\t<meta name=\"twitter:data2\" content=\"1 minuto\" \/>\n<script type=\"application\/ld+json\" class=\"yoast-schema-graph\">{\"@context\":\"https:\\\/\\\/schema.org\",\"@graph\":[{\"@type\":\"Article\",\"@id\":\"https:\\\/\\\/ferabrajan.com\\\/portal\\\/2020\\\/06\\\/04\\\/fijan-plazo-para-retirar-residuos-hospitalarios-de-bodega-en-valsequillo\\\/#article\",\"isPartOf\":{\"@id\":\"https:\\\/\\\/ferabrajan.com\\\/portal\\\/2020\\\/06\\\/04\\\/fijan-plazo-para-retirar-residuos-hospitalarios-de-bodega-en-valsequillo\\\/\"},\"author\":{\"name\":\"admin\",\"@id\":\"https:\\\/\\\/ferabrajan.com\\\/portal\\\/#\\\/schema\\\/person\\\/f6113b3cb1e036d5c6a9505685b257ba\"},\"headline\":\"Fijan plazo para retirar residuos hospitalarios de bodega en Valsequillo\",\"datePublished\":\"2020-06-04T01:30:00+00:00\",\"mainEntityOfPage\":{\"@id\":\"https:\\\/\\\/ferabrajan.com\\\/portal\\\/2020\\\/06\\\/04\\\/fijan-plazo-para-retirar-residuos-hospitalarios-de-bodega-en-valsequillo\\\/\"},\"wordCount\":228,\"publisher\":{\"@id\":\"https:\\\/\\\/ferabrajan.com\\\/portal\\\/#organization\"},\"image\":{\"@id\":\"https:\\\/\\\/ferabrajan.com\\\/portal\\\/2020\\\/06\\\/04\\\/fijan-plazo-para-retirar-residuos-hospitalarios-de-bodega-en-valsequillo\\\/#primaryimage\"},\"thumbnailUrl\":\"\",\"articleSection\":[\"Puebla\"],\"inLanguage\":\"es\"},{\"@type\":\"WebPage\",\"@id\":\"https:\\\/\\\/ferabrajan.com\\\/portal\\\/2020\\\/06\\\/04\\\/fijan-plazo-para-retirar-residuos-hospitalarios-de-bodega-en-valsequillo\\\/\",\"url\":\"https:\\\/\\\/ferabrajan.com\\\/portal\\\/2020\\\/06\\\/04\\\/fijan-plazo-para-retirar-residuos-hospitalarios-de-bodega-en-valsequillo\\\/\",\"name\":\"Fijan plazo para retirar residuos hospitalarios de bodega en Valsequillo - Fer Abrajan\",\"isPartOf\":{\"@id\":\"https:\\\/\\\/ferabrajan.com\\\/portal\\\/#website\"},\"primaryImageOfPage\":{\"@id\":\"https:\\\/\\\/ferabrajan.com\\\/portal\\\/2020\\\/06\\\/04\\\/fijan-plazo-para-retirar-residuos-hospitalarios-de-bodega-en-valsequillo\\\/#primaryimage\"},\"image\":{\"@id\":\"https:\\\/\\\/ferabrajan.com\\\/portal\\\/2020\\\/06\\\/04\\\/fijan-plazo-para-retirar-residuos-hospitalarios-de-bodega-en-valsequillo\\\/#primaryimage\"},\"thumbnailUrl\":\"\",\"datePublished\":\"2020-06-04T01:30:00+00:00\",\"breadcrumb\":{\"@id\":\"https:\\\/\\\/ferabrajan.com\\\/portal\\\/2020\\\/06\\\/04\\\/fijan-plazo-para-retirar-residuos-hospitalarios-de-bodega-en-valsequillo\\\/#breadcrumb\"},\"inLanguage\":\"es\",\"potentialAction\":[{\"@type\":\"ReadAction\",\"target\":[\"https:\\\/\\\/ferabrajan.com\\\/portal\\\/2020\\\/06\\\/04\\\/fijan-plazo-para-retirar-residuos-hospitalarios-de-bodega-en-valsequillo\\\/\"]}]},{\"@type\":\"ImageObject\",\"inLanguage\":\"es\",\"@id\":\"https:\\\/\\\/ferabrajan.com\\\/portal\\\/2020\\\/06\\\/04\\\/fijan-plazo-para-retirar-residuos-hospitalarios-de-bodega-en-valsequillo\\\/#primaryimage\",\"url\":\"\",\"contentUrl\":\"\"},{\"@type\":\"BreadcrumbList\",\"@id\":\"https:\\\/\\\/ferabrajan.com\\\/portal\\\/2020\\\/06\\\/04\\\/fijan-plazo-para-retirar-residuos-hospitalarios-de-bodega-en-valsequillo\\\/#breadcrumb\",\"itemListElement\":[{\"@type\":\"ListItem\",\"position\":1,\"name\":\"Portada\",\"item\":\"https:\\\/\\\/ferabrajan.com\\\/portal\\\/\"},{\"@type\":\"ListItem\",\"position\":2,\"name\":\"Fijan plazo para retirar residuos hospitalarios de bodega en Valsequillo\"}]},{\"@type\":\"WebSite\",\"@id\":\"https:\\\/\\\/ferabrajan.com\\\/portal\\\/#website\",\"url\":\"https:\\\/\\\/ferabrajan.com\\\/portal\\\/\",\"name\":\"Fer Abrajan\",\"description\":\"Noticias de Puebla, opini\u00f3n y radio en vivo\",\"publisher\":{\"@id\":\"https:\\\/\\\/ferabrajan.com\\\/portal\\\/#organization\"},\"potentialAction\":[{\"@type\":\"SearchAction\",\"target\":{\"@type\":\"EntryPoint\",\"urlTemplate\":\"https:\\\/\\\/ferabrajan.com\\\/portal\\\/?s={search_term_string}\"},\"query-input\":{\"@type\":\"PropertyValueSpecification\",\"valueRequired\":true,\"valueName\":\"search_term_string\"}}],\"inLanguage\":\"es\"},{\"@type\":\"Organization\",\"@id\":\"https:\\\/\\\/ferabrajan.com\\\/portal\\\/#organization\",\"name\":\"Fer Abrajan\",\"url\":\"https:\\\/\\\/ferabrajan.com\\\/portal\\\/\",\"logo\":{\"@type\":\"ImageObject\",\"inLanguage\":\"es\",\"@id\":\"https:\\\/\\\/ferabrajan.com\\\/portal\\\/#\\\/schema\\\/logo\\\/image\\\/\",\"url\":\"https:\\\/\\\/ferabrajan.com\\\/portal\\\/wp-content\\\/uploads\\\/2024\\\/10\\\/cropped-logo.jpeg\",\"contentUrl\":\"https:\\\/\\\/ferabrajan.com\\\/portal\\\/wp-content\\\/uploads\\\/2024\\\/10\\\/cropped-logo.jpeg\",\"width\":500,\"height\":250,\"caption\":\"Fer Abrajan\"},\"image\":{\"@id\":\"https:\\\/\\\/ferabrajan.com\\\/portal\\\/#\\\/schema\\\/logo\\\/image\\\/\"},\"sameAs\":[\"https:\\\/\\\/www.facebook.com\\\/NoticiasconFerAbrajan\\\/\",\"https:\\\/\\\/x.com\\\/ferabrajan1\"]},{\"@type\":\"Person\",\"@id\":\"https:\\\/\\\/ferabrajan.com\\\/portal\\\/#\\\/schema\\\/person\\\/f6113b3cb1e036d5c6a9505685b257ba\",\"name\":\"admin\",\"image\":{\"@type\":\"ImageObject\",\"inLanguage\":\"es\",\"@id\":\"https:\\\/\\\/secure.gravatar.com\\\/avatar\\\/072baa72775aad53c748dfc5d3048578e01b6c087eef335459ebfa04344e2d18?s=96&d=mm&r=g\",\"url\":\"https:\\\/\\\/secure.gravatar.com\\\/avatar\\\/072baa72775aad53c748dfc5d3048578e01b6c087eef335459ebfa04344e2d18?s=96&d=mm&r=g\",\"contentUrl\":\"https:\\\/\\\/secure.gravatar.com\\\/avatar\\\/072baa72775aad53c748dfc5d3048578e01b6c087eef335459ebfa04344e2d18?s=96&d=mm&r=g\",\"caption\":\"admin\"},\"sameAs\":[\"https:\\\/\\\/ferabrajan.com\\\/portal\"],\"url\":\"https:\\\/\\\/ferabrajan.com\\\/portal\\\/author\\\/admin\\\/\"}]}<\/script>\n<!-- \/ Yoast SEO plugin. -->","yoast_head_json":{"title":"Fijan plazo para retirar residuos hospitalarios de bodega en Valsequillo - Fer Abrajan","robots":{"index":"index","follow":"follow","max-snippet":"max-snippet:-1","max-image-preview":"max-image-preview:large","max-video-preview":"max-video-preview:-1"},"canonical":"https:\/\/ferabrajan.com\/portal\/2020\/06\/04\/fijan-plazo-para-retirar-residuos-hospitalarios-de-bodega-en-valsequillo\/","og_locale":"es_ES","og_type":"article","og_title":"Fijan plazo para retirar residuos hospitalarios de bodega en Valsequillo - Fer Abrajan","og_description":"La empresa que almacena indebidamente residuos infectocontagiosos en la zona de Valsequillo tiene un plazo m\u00e1ximo de hasta cinco semanas para retirar de manera absoluta los desechos. As\u00ed lo dio a conocer la Secretar\u00eda de Medio Ambiente, Desarrollo Sustentable y Ordenamiento Territorial, en un comunicado, en el que se\u00f1al\u00f3 que luego de la clausura el 12 de mayo, la empresa tiene ese plazo, sin embargo esta ma\u00f1ana pudieron observar que los patios del almac\u00e9n ya estaban limpios. La dependencia estatal inform\u00f3 que mantiene contacto permanente con la Procuradur\u00eda Federal de Protecci\u00f3n al Ambiente (Profepa) hasta que la compa\u00f1\u00eda retire de manera total y limpie los residuos infectocontagiosos. Refiri\u00f3 que tras una denuncia presentada ante el gobierno de Puebla por el manejo irregular de los residuos, el gobernador Luis Miguel Barbosa mantuvo comunicaci\u00f3n con funcionarios de la Profepa, quienes, tras hacer una revisi\u00f3n, clausuraron el lugar y dieron vista a la Fiscal\u00eda General de la Rep\u00fablica (FGR). La Secretar\u00eda de Medio Ambiente agreg\u00f3 que mantendr\u00e1 visitas f\u00edsicas en la zona para dar seguimiento a las denuncias ciudadanas a fin de evitar que el manejo de residuos hospitalarios signifique un riesgo para la poblaci\u00f3n. Publicaci\u00f3n Original: https:\/\/www.elsoldepuebla.com.mx\/doble-via\/salud\/fijan-plazo-para-retirar-residuos-hospitalarios-de-bodega-en-valsequillo-5318214.html","og_url":"https:\/\/ferabrajan.com\/portal\/2020\/06\/04\/fijan-plazo-para-retirar-residuos-hospitalarios-de-bodega-en-valsequillo\/","og_site_name":"Fer Abrajan","article_publisher":"https:\/\/www.facebook.com\/NoticiasconFerAbrajan\/","article_published_time":"2020-06-04T01:30:00+00:00","author":"admin","twitter_card":"summary_large_image","twitter_creator":"@ferabrajan1","twitter_site":"@ferabrajan1","twitter_misc":{"Escrito por":"admin","Tiempo de lectura":"1 minuto"},"schema":{"@context":"https:\/\/schema.org","@graph":[{"@type":"Article","@id":"https:\/\/ferabrajan.com\/portal\/2020\/06\/04\/fijan-plazo-para-retirar-residuos-hospitalarios-de-bodega-en-valsequillo\/#article","isPartOf":{"@id":"https:\/\/ferabrajan.com\/portal\/2020\/06\/04\/fijan-plazo-para-retirar-residuos-hospitalarios-de-bodega-en-valsequillo\/"},"author":{"name":"admin","@id":"https:\/\/ferabrajan.com\/portal\/#\/schema\/person\/f6113b3cb1e036d5c6a9505685b257ba"},"headline":"Fijan plazo para retirar residuos hospitalarios de bodega en Valsequillo","datePublished":"2020-06-04T01:30:00+00:00","mainEntityOfPage":{"@id":"https:\/\/ferabrajan.com\/portal\/2020\/06\/04\/fijan-plazo-para-retirar-residuos-hospitalarios-de-bodega-en-valsequillo\/"},"wordCount":228,"publisher":{"@id":"https:\/\/ferabrajan.com\/portal\/#organization"},"image":{"@id":"https:\/\/ferabrajan.com\/portal\/2020\/06\/04\/fijan-plazo-para-retirar-residuos-hospitalarios-de-bodega-en-valsequillo\/#primaryimage"},"thumbnailUrl":"","articleSection":["Puebla"],"inLanguage":"es"},{"@type":"WebPage","@id":"https:\/\/ferabrajan.com\/portal\/2020\/06\/04\/fijan-plazo-para-retirar-residuos-hospitalarios-de-bodega-en-valsequillo\/","url":"https:\/\/ferabrajan.com\/portal\/2020\/06\/04\/fijan-plazo-para-retirar-residuos-hospitalarios-de-bodega-en-valsequillo\/","name":"Fijan plazo para retirar residuos hospitalarios de bodega en Valsequillo - Fer Abrajan","isPartOf":{"@id":"https:\/\/ferabrajan.com\/portal\/#website"},"primaryImageOfPage":{"@id":"https:\/\/ferabrajan.com\/portal\/2020\/06\/04\/fijan-plazo-para-retirar-residuos-hospitalarios-de-bodega-en-valsequillo\/#primaryimage"},"image":{"@id":"https:\/\/ferabrajan.com\/portal\/2020\/06\/04\/fijan-plazo-para-retirar-residuos-hospitalarios-de-bodega-en-valsequillo\/#primaryimage"},"thumbnailUrl":"","datePublished":"2020-06-04T01:30:00+00:00","breadcrumb":{"@id":"https:\/\/ferabrajan.com\/portal\/2020\/06\/04\/fijan-plazo-para-retirar-residuos-hospitalarios-de-bodega-en-valsequillo\/#breadcrumb"},"inLanguage":"es","potentialAction":[{"@type":"ReadAction","target":["https:\/\/ferabrajan.com\/portal\/2020\/06\/04\/fijan-plazo-para-retirar-residuos-hospitalarios-de-bodega-en-valsequillo\/"]}]},{"@type":"ImageObject","inLanguage":"es","@id":"https:\/\/ferabrajan.com\/portal\/2020\/06\/04\/fijan-plazo-para-retirar-residuos-hospitalarios-de-bodega-en-valsequillo\/#primaryimage","url":"","contentUrl":""},{"@type":"BreadcrumbList","@id":"https:\/\/ferabrajan.com\/portal\/2020\/06\/04\/fijan-plazo-para-retirar-residuos-hospitalarios-de-bodega-en-valsequillo\/#breadcrumb","itemListElement":[{"@type":"ListItem","position":1,"name":"Portada","item":"https:\/\/ferabrajan.com\/portal\/"},{"@type":"ListItem","position":2,"name":"Fijan plazo para retirar residuos hospitalarios de bodega en Valsequillo"}]},{"@type":"WebSite","@id":"https:\/\/ferabrajan.com\/portal\/#website","url":"https:\/\/ferabrajan.com\/portal\/","name":"Fer Abrajan","description":"Noticias de Puebla, opini\u00f3n y radio en vivo","publisher":{"@id":"https:\/\/ferabrajan.com\/portal\/#organization"},"potentialAction":[{"@type":"SearchAction","target":{"@type":"EntryPoint","urlTemplate":"https:\/\/ferabrajan.com\/portal\/?s={search_term_string}"},"query-input":{"@type":"PropertyValueSpecification","valueRequired":true,"valueName":"search_term_string"}}],"inLanguage":"es"},{"@type":"Organization","@id":"https:\/\/ferabrajan.com\/portal\/#organization","name":"Fer Abrajan","url":"https:\/\/ferabrajan.com\/portal\/","logo":{"@type":"ImageObject","inLanguage":"es","@id":"https:\/\/ferabrajan.com\/portal\/#\/schema\/logo\/image\/","url":"https:\/\/ferabrajan.com\/portal\/wp-content\/uploads\/2024\/10\/cropped-logo.jpeg","contentUrl":"https:\/\/ferabrajan.com\/portal\/wp-content\/uploads\/2024\/10\/cropped-logo.jpeg","width":500,"height":250,"caption":"Fer Abrajan"},"image":{"@id":"https:\/\/ferabrajan.com\/portal\/#\/schema\/logo\/image\/"},"sameAs":["https:\/\/www.facebook.com\/NoticiasconFerAbrajan\/","https:\/\/x.com\/ferabrajan1"]},{"@type":"Person","@id":"https:\/\/ferabrajan.com\/portal\/#\/schema\/person\/f6113b3cb1e036d5c6a9505685b257ba","name":"admin","image":{"@type":"ImageObject","inLanguage":"es","@id":"https:\/\/secure.gravatar.com\/avatar\/072baa72775aad53c748dfc5d3048578e01b6c087eef335459ebfa04344e2d18?s=96&d=mm&r=g","url":"https:\/\/secure.gravatar.com\/avatar\/072baa72775aad53c748dfc5d3048578e01b6c087eef335459ebfa04344e2d18?s=96&d=mm&r=g","contentUrl":"https:\/\/secure.gravatar.com\/avatar\/072baa72775aad53c748dfc5d3048578e01b6c087eef335459ebfa04344e2d18?s=96&d=mm&r=g","caption":"admin"},"sameAs":["https:\/\/ferabrajan.com\/portal"],"url":"https:\/\/ferabrajan.com\/portal\/author\/admin\/"}]}},"_links":{"self":[{"href":"https:\/\/ferabrajan.com\/portal\/wp-json\/wp\/v2\/posts\/12657","targetHints":{"allow":["GET"]}}],"collection":[{"href":"https:\/\/ferabrajan.com\/portal\/wp-json\/wp\/v2\/posts"}],"about":[{"href":"https:\/\/ferabrajan.com\/portal\/wp-json\/wp\/v2\/types\/post"}],"author":[{"embeddable":true,"href":"https:\/\/ferabrajan.com\/portal\/wp-json\/wp\/v2\/users\/1"}],"replies":[{"embeddable":true,"href":"https:\/\/ferabrajan.com\/portal\/wp-json\/wp\/v2\/comments?post=12657"}],"version-history":[{"count":0,"href":"https:\/\/ferabrajan.com\/portal\/wp-json\/wp\/v2\/posts\/12657\/revisions"}],"wp:attachment":[{"href":"https:\/\/ferabrajan.com\/portal\/wp-json\/wp\/v2\/media?parent=12657"}],"wp:term":[{"taxonomy":"category","embeddable":true,"href":"https:\/\/ferabrajan.com\/portal\/wp-json\/wp\/v2\/categories?post=12657"},{"taxonomy":"post_tag","embeddable":true,"href":"https:\/\/ferabrajan.com\/portal\/wp-json\/wp\/v2\/tags?post=12657"}],"curies":[{"name":"wp","href":"https:\/\/api.w.org\/{rel}","templated":true}]}}