{"id":12647,"date":"2020-06-04T01:57:19","date_gmt":"2020-06-04T01:57:19","guid":{"rendered":"https:\/\/www.elsoldepuebla.com.mx\/mexico\/sociedad\/canacintra-advierte-que-cofepris-restringe-acceso-a-pruebas-de-covid-19-5318278.html"},"modified":"2020-06-04T01:57:19","modified_gmt":"2020-06-04T01:57:19","slug":"canacintra-advierte-que-cofepris-restringe-acceso-a-pruebas-de-covid-19","status":"publish","type":"post","link":"https:\/\/ferabrajan.com\/portal\/2020\/06\/04\/canacintra-advierte-que-cofepris-restringe-acceso-a-pruebas-de-covid-19\/","title":{"rendered":"Canacintra advierte que Cofepris restringe acceso a pruebas de Covid-19"},"content":{"rendered":"<div><img decoding=\"async\" src=\"https:\/\/www.elsoldemexico.com.mx\/mundo\/c00tms-coronaviris-covid-19-wuhan-china-pruebas-mayo-2020-efe-3\/ALTERNATES\/LANDSCAPE_1140\/Coronaviris%20covid-19%20wuhan%20china%20pruebas%20mayo%202020%20efe%203\" class=\"ff-og-image-inserted\"><\/div>\n<p>La C\u00e1mara Nacional de la Industria de la Transformaci\u00f3n (Canacintra) acus\u00f3 que la Comisi\u00f3n Federal para la Protecci\u00f3n contra Riesgos Sanitarios (Cofepris) pone restricciones a la importaci\u00f3n de pruebas para detectar Covid-19.<\/p>\n<p>Enoch Castellanos, presidente de Canacintra coment\u00f3 que el gobierno permite que lleguen medicinas e insumos sin registro sanitario, pero en el caso de las pruebas para Covid-19 \u201clas tienen muy restringidas pareciera ser que no le interesa al gobierno que se hagan pruebas, porque pudiera escalar el n\u00famero\u201d, se\u00f1al\u00f3.<\/p>\n<article class=\"mexico_sociedad media col-md-4 inline-story\"> <\/article>\n<p>Afirm\u00f3 que las pruebas son esenciales para que las empresas tengan un control sanitario de su personal, \u201csi t\u00fa no eval\u00faas al personal que va a laborar contigo. No sabes si est\u00e1 contagiado de Covid-19-o no sobre todo porque la mayor\u00eda de los casos son asintom\u00e1ticos\u201d.<\/p>\n<p>El dirigente de Canacintra asegur\u00f3 que en la industria de Autopartes de la cadena de proveedur\u00eda del sector Automotriz compraron pruebas r\u00e1pidas, \u201c\u00bfcu\u00e1l es el problema con ellos?, que est\u00e1 viendo mucha restricci\u00f3n a la importaci\u00f3n de pruebas por parte de la Cofepris\u201d.<\/p>\n<p>El empresario dijo que el ausentismo en los centros de trabajo se elevar\u00e1 sino se brinda un ambiente que evite el contagio de Covid-19, por ejemplo, en Ciudad Ju\u00e1rez, las empresas maquiladoras registran que 30 por ciento de su personal falta a trabajar. \u201cHabiendo aumentos en los contagios y fatalidades se incrementar\u00e1 el ausentismo por un temor normal de acudir a trabajar, no hemos llegado ni siquiera al pico la pandemia\u201d, afirm\u00f3.<\/p>\n<p>Enoch Castellanos calific\u00f3 como un acto de \u201ccinismo total\u201d que el presidente Andr\u00e9s Manuel L\u00f3pez Obrador diga que se dom\u00f3 la pandemia y lo que da es un mensaje de que hay control de la epidemia y provoca un relajamiento en la poblaci\u00f3n.<\/p>\n<p>\u201cRepruebo la actitud del de reiniciar sus giras. Es el jefe de todos los tipos de gobierno del pa\u00eds y su ejemplo es de relajamiento. Ya son frecuentes las fotos en donde va a alg\u00fan lugar y \u00e9l no usa cubrebocas o gel antibacterial\u201d, asever\u00f3.<\/p>\n<h3>Te recomendamos \u2b07\ufe0f<\/h3>\n<section>\n<article class=\"finanzas media\">\n<div class=\"teaser\">\n<p>[embedded content]<\/p>\n<\/div>\n<\/article>\n<\/section>\n<p>Publicaci\u00f3n Original: <a href=\"https:\/\/www.elsoldepuebla.com.mx\/mexico\/sociedad\/canacintra-advierte-que-cofepris-restringe-acceso-a-pruebas-de-covid-19-5318278.html\" target=\"_blank\" rel=\"noopener noreferrer\">https:\/\/www.elsoldepuebla.com.mx\/mexico\/sociedad\/canacintra-advierte-que-cofepris-restringe-acceso-a-pruebas-de-covid-19-5318278.html<\/a><\/p>\n","protected":false},"excerpt":{"rendered":"<p>La C\u00e1mara Nacional de la Industria de la Transformaci\u00f3n (Canacintra) acus\u00f3 que la Comisi\u00f3n Federal para la Protecci\u00f3n contra Riesgos Sanitarios (Cofepris) pone restricciones a la importaci\u00f3n de pruebas para detectar Covid-19. Enoch Castellanos, presidente de Canacintra coment\u00f3 que el gobierno permite que lleguen medicinas e insumos sin registro sanitario, pero en el caso de las pruebas para Covid-19 \u201clas tienen muy restringidas pareciera ser que no le interesa al gobierno que se hagan pruebas, porque pudiera escalar el n\u00famero\u201d, se\u00f1al\u00f3. Afirm\u00f3 que las pruebas son esenciales para que las empresas tengan un control sanitario de su personal, \u201csi t\u00fa no eval\u00faas al personal que va a laborar contigo. No sabes si est\u00e1 contagiado de Covid-19-o no sobre todo porque la mayor\u00eda de los casos son asintom\u00e1ticos\u201d. El dirigente de Canacintra asegur\u00f3 que en la industria de Autopartes de la cadena de proveedur\u00eda del sector Automotriz compraron pruebas r\u00e1pidas, \u201c\u00bfcu\u00e1l es el problema con ellos?, que est\u00e1 viendo mucha restricci\u00f3n a la importaci\u00f3n de pruebas por parte de la Cofepris\u201d. El empresario dijo que el ausentismo en los centros de trabajo se elevar\u00e1 sino se brinda un ambiente que evite el contagio de Covid-19, por ejemplo, en Ciudad Ju\u00e1rez, las empresas maquiladoras registran que 30 por ciento de su personal falta a trabajar. \u201cHabiendo aumentos en los contagios y fatalidades se incrementar\u00e1 el ausentismo por un temor normal de acudir a trabajar, no hemos llegado ni siquiera al pico la pandemia\u201d, afirm\u00f3. Enoch Castellanos calific\u00f3 como un acto de \u201ccinismo total\u201d que el presidente Andr\u00e9s Manuel L\u00f3pez Obrador diga que se dom\u00f3 la pandemia y lo que da es un mensaje de que hay control de la epidemia y provoca un relajamiento en la poblaci\u00f3n. \u201cRepruebo la actitud del de reiniciar sus giras. Es el jefe de todos los tipos de gobierno del pa\u00eds y su ejemplo es de relajamiento. Ya son frecuentes las fotos en donde va a alg\u00fan lugar y \u00e9l no usa cubrebocas o gel antibacterial\u201d, asever\u00f3. Te recomendamos \u2b07\ufe0f [embedded content] Publicaci\u00f3n Original: https:\/\/www.elsoldepuebla.com.mx\/mexico\/sociedad\/canacintra-advierte-que-cofepris-restringe-acceso-a-pruebas-de-covid-19-5318278.html<\/p>\n","protected":false},"author":1,"featured_media":12651,"comment_status":"closed","ping_status":"closed","sticky":false,"template":"","format":"standard","meta":{"_monsterinsights_skip_tracking":false,"_uf_show_specific_survey":0,"_uf_disable_surveys":false,"footnotes":""},"categories":[34],"tags":[],"class_list":["post-12647","post","type-post","status-publish","format-standard","has-post-thumbnail","hentry","category-puebla"],"yoast_head":"<!-- This site is optimized with the Yoast SEO plugin v27.5 - https:\/\/yoast.com\/product\/yoast-seo-wordpress\/ -->\n<title>Canacintra advierte que Cofepris restringe acceso a pruebas de Covid-19 - Fer Abrajan<\/title>\n<meta name=\"robots\" content=\"index, follow, max-snippet:-1, max-image-preview:large, max-video-preview:-1\" \/>\n<link rel=\"canonical\" href=\"https:\/\/ferabrajan.com\/portal\/2020\/06\/04\/canacintra-advierte-que-cofepris-restringe-acceso-a-pruebas-de-covid-19\/\" \/>\n<meta property=\"og:locale\" content=\"es_ES\" \/>\n<meta property=\"og:type\" content=\"article\" \/>\n<meta property=\"og:title\" content=\"Canacintra advierte que Cofepris restringe acceso a pruebas de Covid-19 - Fer Abrajan\" \/>\n<meta property=\"og:description\" content=\"La C\u00e1mara Nacional de la Industria de la Transformaci\u00f3n (Canacintra) acus\u00f3 que la Comisi\u00f3n Federal para la Protecci\u00f3n contra Riesgos Sanitarios (Cofepris) pone restricciones a la importaci\u00f3n de pruebas para detectar Covid-19. Enoch Castellanos, presidente de Canacintra coment\u00f3 que el gobierno permite que lleguen medicinas e insumos sin registro sanitario, pero en el caso de las pruebas para Covid-19 \u201clas tienen muy restringidas pareciera ser que no le interesa al gobierno que se hagan pruebas, porque pudiera escalar el n\u00famero\u201d, se\u00f1al\u00f3. Afirm\u00f3 que las pruebas son esenciales para que las empresas tengan un control sanitario de su personal, \u201csi t\u00fa no eval\u00faas al personal que va a laborar contigo. No sabes si est\u00e1 contagiado de Covid-19-o no sobre todo porque la mayor\u00eda de los casos son asintom\u00e1ticos\u201d. El dirigente de Canacintra asegur\u00f3 que en la industria de Autopartes de la cadena de proveedur\u00eda del sector Automotriz compraron pruebas r\u00e1pidas, \u201c\u00bfcu\u00e1l es el problema con ellos?, que est\u00e1 viendo mucha restricci\u00f3n a la importaci\u00f3n de pruebas por parte de la Cofepris\u201d. El empresario dijo que el ausentismo en los centros de trabajo se elevar\u00e1 sino se brinda un ambiente que evite el contagio de Covid-19, por ejemplo, en Ciudad Ju\u00e1rez, las empresas maquiladoras registran que 30 por ciento de su personal falta a trabajar. \u201cHabiendo aumentos en los contagios y fatalidades se incrementar\u00e1 el ausentismo por un temor normal de acudir a trabajar, no hemos llegado ni siquiera al pico la pandemia\u201d, afirm\u00f3. Enoch Castellanos calific\u00f3 como un acto de \u201ccinismo total\u201d que el presidente Andr\u00e9s Manuel L\u00f3pez Obrador diga que se dom\u00f3 la pandemia y lo que da es un mensaje de que hay control de la epidemia y provoca un relajamiento en la poblaci\u00f3n. \u201cRepruebo la actitud del de reiniciar sus giras. Es el jefe de todos los tipos de gobierno del pa\u00eds y su ejemplo es de relajamiento. Ya son frecuentes las fotos en donde va a alg\u00fan lugar y \u00e9l no usa cubrebocas o gel antibacterial\u201d, asever\u00f3. Te recomendamos \u2b07\ufe0f [embedded content] Publicaci\u00f3n Original: https:\/\/www.elsoldepuebla.com.mx\/mexico\/sociedad\/canacintra-advierte-que-cofepris-restringe-acceso-a-pruebas-de-covid-19-5318278.html\" \/>\n<meta property=\"og:url\" content=\"https:\/\/ferabrajan.com\/portal\/2020\/06\/04\/canacintra-advierte-que-cofepris-restringe-acceso-a-pruebas-de-covid-19\/\" \/>\n<meta property=\"og:site_name\" content=\"Fer Abrajan\" \/>\n<meta property=\"article:publisher\" content=\"https:\/\/www.facebook.com\/NoticiasconFerAbrajan\/\" \/>\n<meta property=\"article:published_time\" content=\"2020-06-04T01:57:19+00:00\" \/>\n<meta name=\"author\" content=\"admin\" \/>\n<meta name=\"twitter:card\" content=\"summary_large_image\" \/>\n<meta name=\"twitter:creator\" content=\"@ferabrajan1\" \/>\n<meta name=\"twitter:site\" content=\"@ferabrajan1\" \/>\n<meta name=\"twitter:label1\" content=\"Escrito por\" \/>\n\t<meta name=\"twitter:data1\" content=\"admin\" \/>\n\t<meta name=\"twitter:label2\" content=\"Tiempo de lectura\" \/>\n\t<meta name=\"twitter:data2\" content=\"2 minutos\" \/>\n<script type=\"application\/ld+json\" class=\"yoast-schema-graph\">{\"@context\":\"https:\\\/\\\/schema.org\",\"@graph\":[{\"@type\":\"Article\",\"@id\":\"https:\\\/\\\/ferabrajan.com\\\/portal\\\/2020\\\/06\\\/04\\\/canacintra-advierte-que-cofepris-restringe-acceso-a-pruebas-de-covid-19\\\/#article\",\"isPartOf\":{\"@id\":\"https:\\\/\\\/ferabrajan.com\\\/portal\\\/2020\\\/06\\\/04\\\/canacintra-advierte-que-cofepris-restringe-acceso-a-pruebas-de-covid-19\\\/\"},\"author\":{\"name\":\"admin\",\"@id\":\"https:\\\/\\\/ferabrajan.com\\\/portal\\\/#\\\/schema\\\/person\\\/f6113b3cb1e036d5c6a9505685b257ba\"},\"headline\":\"Canacintra advierte que Cofepris restringe acceso a pruebas de Covid-19\",\"datePublished\":\"2020-06-04T01:57:19+00:00\",\"mainEntityOfPage\":{\"@id\":\"https:\\\/\\\/ferabrajan.com\\\/portal\\\/2020\\\/06\\\/04\\\/canacintra-advierte-que-cofepris-restringe-acceso-a-pruebas-de-covid-19\\\/\"},\"wordCount\":378,\"publisher\":{\"@id\":\"https:\\\/\\\/ferabrajan.com\\\/portal\\\/#organization\"},\"image\":{\"@id\":\"https:\\\/\\\/ferabrajan.com\\\/portal\\\/2020\\\/06\\\/04\\\/canacintra-advierte-que-cofepris-restringe-acceso-a-pruebas-de-covid-19\\\/#primaryimage\"},\"thumbnailUrl\":\"\",\"articleSection\":[\"Puebla\"],\"inLanguage\":\"es\"},{\"@type\":\"WebPage\",\"@id\":\"https:\\\/\\\/ferabrajan.com\\\/portal\\\/2020\\\/06\\\/04\\\/canacintra-advierte-que-cofepris-restringe-acceso-a-pruebas-de-covid-19\\\/\",\"url\":\"https:\\\/\\\/ferabrajan.com\\\/portal\\\/2020\\\/06\\\/04\\\/canacintra-advierte-que-cofepris-restringe-acceso-a-pruebas-de-covid-19\\\/\",\"name\":\"Canacintra advierte que Cofepris restringe acceso a pruebas de Covid-19 - Fer Abrajan\",\"isPartOf\":{\"@id\":\"https:\\\/\\\/ferabrajan.com\\\/portal\\\/#website\"},\"primaryImageOfPage\":{\"@id\":\"https:\\\/\\\/ferabrajan.com\\\/portal\\\/2020\\\/06\\\/04\\\/canacintra-advierte-que-cofepris-restringe-acceso-a-pruebas-de-covid-19\\\/#primaryimage\"},\"image\":{\"@id\":\"https:\\\/\\\/ferabrajan.com\\\/portal\\\/2020\\\/06\\\/04\\\/canacintra-advierte-que-cofepris-restringe-acceso-a-pruebas-de-covid-19\\\/#primaryimage\"},\"thumbnailUrl\":\"\",\"datePublished\":\"2020-06-04T01:57:19+00:00\",\"breadcrumb\":{\"@id\":\"https:\\\/\\\/ferabrajan.com\\\/portal\\\/2020\\\/06\\\/04\\\/canacintra-advierte-que-cofepris-restringe-acceso-a-pruebas-de-covid-19\\\/#breadcrumb\"},\"inLanguage\":\"es\",\"potentialAction\":[{\"@type\":\"ReadAction\",\"target\":[\"https:\\\/\\\/ferabrajan.com\\\/portal\\\/2020\\\/06\\\/04\\\/canacintra-advierte-que-cofepris-restringe-acceso-a-pruebas-de-covid-19\\\/\"]}]},{\"@type\":\"ImageObject\",\"inLanguage\":\"es\",\"@id\":\"https:\\\/\\\/ferabrajan.com\\\/portal\\\/2020\\\/06\\\/04\\\/canacintra-advierte-que-cofepris-restringe-acceso-a-pruebas-de-covid-19\\\/#primaryimage\",\"url\":\"\",\"contentUrl\":\"\"},{\"@type\":\"BreadcrumbList\",\"@id\":\"https:\\\/\\\/ferabrajan.com\\\/portal\\\/2020\\\/06\\\/04\\\/canacintra-advierte-que-cofepris-restringe-acceso-a-pruebas-de-covid-19\\\/#breadcrumb\",\"itemListElement\":[{\"@type\":\"ListItem\",\"position\":1,\"name\":\"Portada\",\"item\":\"https:\\\/\\\/ferabrajan.com\\\/portal\\\/\"},{\"@type\":\"ListItem\",\"position\":2,\"name\":\"Canacintra advierte que Cofepris restringe acceso a pruebas de Covid-19\"}]},{\"@type\":\"WebSite\",\"@id\":\"https:\\\/\\\/ferabrajan.com\\\/portal\\\/#website\",\"url\":\"https:\\\/\\\/ferabrajan.com\\\/portal\\\/\",\"name\":\"Fer Abrajan\",\"description\":\"Noticias de Puebla, opini\u00f3n y radio en vivo\",\"publisher\":{\"@id\":\"https:\\\/\\\/ferabrajan.com\\\/portal\\\/#organization\"},\"potentialAction\":[{\"@type\":\"SearchAction\",\"target\":{\"@type\":\"EntryPoint\",\"urlTemplate\":\"https:\\\/\\\/ferabrajan.com\\\/portal\\\/?s={search_term_string}\"},\"query-input\":{\"@type\":\"PropertyValueSpecification\",\"valueRequired\":true,\"valueName\":\"search_term_string\"}}],\"inLanguage\":\"es\"},{\"@type\":\"Organization\",\"@id\":\"https:\\\/\\\/ferabrajan.com\\\/portal\\\/#organization\",\"name\":\"Fer Abrajan\",\"url\":\"https:\\\/\\\/ferabrajan.com\\\/portal\\\/\",\"logo\":{\"@type\":\"ImageObject\",\"inLanguage\":\"es\",\"@id\":\"https:\\\/\\\/ferabrajan.com\\\/portal\\\/#\\\/schema\\\/logo\\\/image\\\/\",\"url\":\"https:\\\/\\\/ferabrajan.com\\\/portal\\\/wp-content\\\/uploads\\\/2024\\\/10\\\/cropped-logo.jpeg\",\"contentUrl\":\"https:\\\/\\\/ferabrajan.com\\\/portal\\\/wp-content\\\/uploads\\\/2024\\\/10\\\/cropped-logo.jpeg\",\"width\":500,\"height\":250,\"caption\":\"Fer Abrajan\"},\"image\":{\"@id\":\"https:\\\/\\\/ferabrajan.com\\\/portal\\\/#\\\/schema\\\/logo\\\/image\\\/\"},\"sameAs\":[\"https:\\\/\\\/www.facebook.com\\\/NoticiasconFerAbrajan\\\/\",\"https:\\\/\\\/x.com\\\/ferabrajan1\"]},{\"@type\":\"Person\",\"@id\":\"https:\\\/\\\/ferabrajan.com\\\/portal\\\/#\\\/schema\\\/person\\\/f6113b3cb1e036d5c6a9505685b257ba\",\"name\":\"admin\",\"image\":{\"@type\":\"ImageObject\",\"inLanguage\":\"es\",\"@id\":\"https:\\\/\\\/secure.gravatar.com\\\/avatar\\\/072baa72775aad53c748dfc5d3048578e01b6c087eef335459ebfa04344e2d18?s=96&d=mm&r=g\",\"url\":\"https:\\\/\\\/secure.gravatar.com\\\/avatar\\\/072baa72775aad53c748dfc5d3048578e01b6c087eef335459ebfa04344e2d18?s=96&d=mm&r=g\",\"contentUrl\":\"https:\\\/\\\/secure.gravatar.com\\\/avatar\\\/072baa72775aad53c748dfc5d3048578e01b6c087eef335459ebfa04344e2d18?s=96&d=mm&r=g\",\"caption\":\"admin\"},\"sameAs\":[\"https:\\\/\\\/ferabrajan.com\\\/portal\"],\"url\":\"https:\\\/\\\/ferabrajan.com\\\/portal\\\/author\\\/admin\\\/\"}]}<\/script>\n<!-- \/ Yoast SEO plugin. -->","yoast_head_json":{"title":"Canacintra advierte que Cofepris restringe acceso a pruebas de Covid-19 - Fer Abrajan","robots":{"index":"index","follow":"follow","max-snippet":"max-snippet:-1","max-image-preview":"max-image-preview:large","max-video-preview":"max-video-preview:-1"},"canonical":"https:\/\/ferabrajan.com\/portal\/2020\/06\/04\/canacintra-advierte-que-cofepris-restringe-acceso-a-pruebas-de-covid-19\/","og_locale":"es_ES","og_type":"article","og_title":"Canacintra advierte que Cofepris restringe acceso a pruebas de Covid-19 - Fer Abrajan","og_description":"La C\u00e1mara Nacional de la Industria de la Transformaci\u00f3n (Canacintra) acus\u00f3 que la Comisi\u00f3n Federal para la Protecci\u00f3n contra Riesgos Sanitarios (Cofepris) pone restricciones a la importaci\u00f3n de pruebas para detectar Covid-19. Enoch Castellanos, presidente de Canacintra coment\u00f3 que el gobierno permite que lleguen medicinas e insumos sin registro sanitario, pero en el caso de las pruebas para Covid-19 \u201clas tienen muy restringidas pareciera ser que no le interesa al gobierno que se hagan pruebas, porque pudiera escalar el n\u00famero\u201d, se\u00f1al\u00f3. Afirm\u00f3 que las pruebas son esenciales para que las empresas tengan un control sanitario de su personal, \u201csi t\u00fa no eval\u00faas al personal que va a laborar contigo. No sabes si est\u00e1 contagiado de Covid-19-o no sobre todo porque la mayor\u00eda de los casos son asintom\u00e1ticos\u201d. El dirigente de Canacintra asegur\u00f3 que en la industria de Autopartes de la cadena de proveedur\u00eda del sector Automotriz compraron pruebas r\u00e1pidas, \u201c\u00bfcu\u00e1l es el problema con ellos?, que est\u00e1 viendo mucha restricci\u00f3n a la importaci\u00f3n de pruebas por parte de la Cofepris\u201d. El empresario dijo que el ausentismo en los centros de trabajo se elevar\u00e1 sino se brinda un ambiente que evite el contagio de Covid-19, por ejemplo, en Ciudad Ju\u00e1rez, las empresas maquiladoras registran que 30 por ciento de su personal falta a trabajar. \u201cHabiendo aumentos en los contagios y fatalidades se incrementar\u00e1 el ausentismo por un temor normal de acudir a trabajar, no hemos llegado ni siquiera al pico la pandemia\u201d, afirm\u00f3. Enoch Castellanos calific\u00f3 como un acto de \u201ccinismo total\u201d que el presidente Andr\u00e9s Manuel L\u00f3pez Obrador diga que se dom\u00f3 la pandemia y lo que da es un mensaje de que hay control de la epidemia y provoca un relajamiento en la poblaci\u00f3n. \u201cRepruebo la actitud del de reiniciar sus giras. Es el jefe de todos los tipos de gobierno del pa\u00eds y su ejemplo es de relajamiento. Ya son frecuentes las fotos en donde va a alg\u00fan lugar y \u00e9l no usa cubrebocas o gel antibacterial\u201d, asever\u00f3. Te recomendamos \u2b07\ufe0f [embedded content] Publicaci\u00f3n Original: https:\/\/www.elsoldepuebla.com.mx\/mexico\/sociedad\/canacintra-advierte-que-cofepris-restringe-acceso-a-pruebas-de-covid-19-5318278.html","og_url":"https:\/\/ferabrajan.com\/portal\/2020\/06\/04\/canacintra-advierte-que-cofepris-restringe-acceso-a-pruebas-de-covid-19\/","og_site_name":"Fer Abrajan","article_publisher":"https:\/\/www.facebook.com\/NoticiasconFerAbrajan\/","article_published_time":"2020-06-04T01:57:19+00:00","author":"admin","twitter_card":"summary_large_image","twitter_creator":"@ferabrajan1","twitter_site":"@ferabrajan1","twitter_misc":{"Escrito por":"admin","Tiempo de lectura":"2 minutos"},"schema":{"@context":"https:\/\/schema.org","@graph":[{"@type":"Article","@id":"https:\/\/ferabrajan.com\/portal\/2020\/06\/04\/canacintra-advierte-que-cofepris-restringe-acceso-a-pruebas-de-covid-19\/#article","isPartOf":{"@id":"https:\/\/ferabrajan.com\/portal\/2020\/06\/04\/canacintra-advierte-que-cofepris-restringe-acceso-a-pruebas-de-covid-19\/"},"author":{"name":"admin","@id":"https:\/\/ferabrajan.com\/portal\/#\/schema\/person\/f6113b3cb1e036d5c6a9505685b257ba"},"headline":"Canacintra advierte que Cofepris restringe acceso a pruebas de Covid-19","datePublished":"2020-06-04T01:57:19+00:00","mainEntityOfPage":{"@id":"https:\/\/ferabrajan.com\/portal\/2020\/06\/04\/canacintra-advierte-que-cofepris-restringe-acceso-a-pruebas-de-covid-19\/"},"wordCount":378,"publisher":{"@id":"https:\/\/ferabrajan.com\/portal\/#organization"},"image":{"@id":"https:\/\/ferabrajan.com\/portal\/2020\/06\/04\/canacintra-advierte-que-cofepris-restringe-acceso-a-pruebas-de-covid-19\/#primaryimage"},"thumbnailUrl":"","articleSection":["Puebla"],"inLanguage":"es"},{"@type":"WebPage","@id":"https:\/\/ferabrajan.com\/portal\/2020\/06\/04\/canacintra-advierte-que-cofepris-restringe-acceso-a-pruebas-de-covid-19\/","url":"https:\/\/ferabrajan.com\/portal\/2020\/06\/04\/canacintra-advierte-que-cofepris-restringe-acceso-a-pruebas-de-covid-19\/","name":"Canacintra advierte que Cofepris restringe acceso a pruebas de Covid-19 - Fer Abrajan","isPartOf":{"@id":"https:\/\/ferabrajan.com\/portal\/#website"},"primaryImageOfPage":{"@id":"https:\/\/ferabrajan.com\/portal\/2020\/06\/04\/canacintra-advierte-que-cofepris-restringe-acceso-a-pruebas-de-covid-19\/#primaryimage"},"image":{"@id":"https:\/\/ferabrajan.com\/portal\/2020\/06\/04\/canacintra-advierte-que-cofepris-restringe-acceso-a-pruebas-de-covid-19\/#primaryimage"},"thumbnailUrl":"","datePublished":"2020-06-04T01:57:19+00:00","breadcrumb":{"@id":"https:\/\/ferabrajan.com\/portal\/2020\/06\/04\/canacintra-advierte-que-cofepris-restringe-acceso-a-pruebas-de-covid-19\/#breadcrumb"},"inLanguage":"es","potentialAction":[{"@type":"ReadAction","target":["https:\/\/ferabrajan.com\/portal\/2020\/06\/04\/canacintra-advierte-que-cofepris-restringe-acceso-a-pruebas-de-covid-19\/"]}]},{"@type":"ImageObject","inLanguage":"es","@id":"https:\/\/ferabrajan.com\/portal\/2020\/06\/04\/canacintra-advierte-que-cofepris-restringe-acceso-a-pruebas-de-covid-19\/#primaryimage","url":"","contentUrl":""},{"@type":"BreadcrumbList","@id":"https:\/\/ferabrajan.com\/portal\/2020\/06\/04\/canacintra-advierte-que-cofepris-restringe-acceso-a-pruebas-de-covid-19\/#breadcrumb","itemListElement":[{"@type":"ListItem","position":1,"name":"Portada","item":"https:\/\/ferabrajan.com\/portal\/"},{"@type":"ListItem","position":2,"name":"Canacintra advierte que Cofepris restringe acceso a pruebas de Covid-19"}]},{"@type":"WebSite","@id":"https:\/\/ferabrajan.com\/portal\/#website","url":"https:\/\/ferabrajan.com\/portal\/","name":"Fer Abrajan","description":"Noticias de Puebla, opini\u00f3n y radio en vivo","publisher":{"@id":"https:\/\/ferabrajan.com\/portal\/#organization"},"potentialAction":[{"@type":"SearchAction","target":{"@type":"EntryPoint","urlTemplate":"https:\/\/ferabrajan.com\/portal\/?s={search_term_string}"},"query-input":{"@type":"PropertyValueSpecification","valueRequired":true,"valueName":"search_term_string"}}],"inLanguage":"es"},{"@type":"Organization","@id":"https:\/\/ferabrajan.com\/portal\/#organization","name":"Fer Abrajan","url":"https:\/\/ferabrajan.com\/portal\/","logo":{"@type":"ImageObject","inLanguage":"es","@id":"https:\/\/ferabrajan.com\/portal\/#\/schema\/logo\/image\/","url":"https:\/\/ferabrajan.com\/portal\/wp-content\/uploads\/2024\/10\/cropped-logo.jpeg","contentUrl":"https:\/\/ferabrajan.com\/portal\/wp-content\/uploads\/2024\/10\/cropped-logo.jpeg","width":500,"height":250,"caption":"Fer Abrajan"},"image":{"@id":"https:\/\/ferabrajan.com\/portal\/#\/schema\/logo\/image\/"},"sameAs":["https:\/\/www.facebook.com\/NoticiasconFerAbrajan\/","https:\/\/x.com\/ferabrajan1"]},{"@type":"Person","@id":"https:\/\/ferabrajan.com\/portal\/#\/schema\/person\/f6113b3cb1e036d5c6a9505685b257ba","name":"admin","image":{"@type":"ImageObject","inLanguage":"es","@id":"https:\/\/secure.gravatar.com\/avatar\/072baa72775aad53c748dfc5d3048578e01b6c087eef335459ebfa04344e2d18?s=96&d=mm&r=g","url":"https:\/\/secure.gravatar.com\/avatar\/072baa72775aad53c748dfc5d3048578e01b6c087eef335459ebfa04344e2d18?s=96&d=mm&r=g","contentUrl":"https:\/\/secure.gravatar.com\/avatar\/072baa72775aad53c748dfc5d3048578e01b6c087eef335459ebfa04344e2d18?s=96&d=mm&r=g","caption":"admin"},"sameAs":["https:\/\/ferabrajan.com\/portal"],"url":"https:\/\/ferabrajan.com\/portal\/author\/admin\/"}]}},"_links":{"self":[{"href":"https:\/\/ferabrajan.com\/portal\/wp-json\/wp\/v2\/posts\/12647","targetHints":{"allow":["GET"]}}],"collection":[{"href":"https:\/\/ferabrajan.com\/portal\/wp-json\/wp\/v2\/posts"}],"about":[{"href":"https:\/\/ferabrajan.com\/portal\/wp-json\/wp\/v2\/types\/post"}],"author":[{"embeddable":true,"href":"https:\/\/ferabrajan.com\/portal\/wp-json\/wp\/v2\/users\/1"}],"replies":[{"embeddable":true,"href":"https:\/\/ferabrajan.com\/portal\/wp-json\/wp\/v2\/comments?post=12647"}],"version-history":[{"count":0,"href":"https:\/\/ferabrajan.com\/portal\/wp-json\/wp\/v2\/posts\/12647\/revisions"}],"wp:attachment":[{"href":"https:\/\/ferabrajan.com\/portal\/wp-json\/wp\/v2\/media?parent=12647"}],"wp:term":[{"taxonomy":"category","embeddable":true,"href":"https:\/\/ferabrajan.com\/portal\/wp-json\/wp\/v2\/categories?post=12647"},{"taxonomy":"post_tag","embeddable":true,"href":"https:\/\/ferabrajan.com\/portal\/wp-json\/wp\/v2\/tags?post=12647"}],"curies":[{"name":"wp","href":"https:\/\/api.w.org\/{rel}","templated":true}]}}