{"id":12612,"date":"2020-06-03T20:23:00","date_gmt":"2020-06-03T20:23:00","guid":{"rendered":"http:\/\/www.ferabrajan.com\/?p=12612"},"modified":"2020-06-03T20:23:00","modified_gmt":"2020-06-03T20:23:00","slug":"eu-registra-mas-de-mil-muertos-en-24-horas-por-covid-19","status":"publish","type":"post","link":"https:\/\/ferabrajan.com\/portal\/2020\/06\/03\/eu-registra-mas-de-mil-muertos-en-24-horas-por-covid-19\/","title":{"rendered":"EU registra m\u00e1s de mil muertos en 24 horas por Covid-19"},"content":{"rendered":"<div><img decoding=\"async\" src=\"https:\/\/www.eluniversal.com.mx\/sites\/default\/files\/styles\/f03-651x400\/public\/2020\/06\/02\/virus_outbreak_stadiums_distancing_113888667.jpg?itok=eCtNu2We\" class=\"ff-og-image-inserted\"><\/div>\n<p>El nuevo <a href=\"https:\/\/www.eluniversal.com.mx\/es-noticia\/mundo\/coronavirus\" target=\"_blank\" rel=\"noopener noreferrer\"><span><strong>coronavirus<\/strong><\/span><\/a> dej\u00f3 mil 081 muertes en 24 horas en <a href=\"https:\/\/www.eluniversal.com.mx\/mundo\" target=\"_blank\" rel=\"noopener noreferrer\"><span><strong>Estados Unidos<\/strong><\/span><\/a>, seg\u00fan el recuento hasta las 20:30 del martes (00:30 GMT del mi\u00e9rcoles) de la <strong>Universidad Johns Hopkins<\/strong>, que se toma como referencia en el pa\u00eds.<\/p>\n<p>El total de fallecidos se eleva as\u00ed a 106 mil 180 en <strong>Estados Unidos,<\/strong> donde se han registrado un mill\u00f3n 831 mil 435 casos de Covid-19, seg\u00fan las cifras de esa universidad de Baltimore.<\/p>\n<p>Estados Unidos es, de lejos, el pa\u00eds m\u00e1s afectado del mundo en t\u00e9rminos absolutos por la pandemia de Covid-19.<\/p>\n<p>Tambi\u00e9n lee: <a href=\"https:\/\/www.eluniversal.com.mx\/mundo\/coronavirus-las-silenciosas-tacticas-para-expulsar-de-eu-mas-de-900-menores-migrantes-por-el\" target=\"_blank\" rel=\"noopener noreferrer\"><span>Las silenciosas t\u00e1cticas para expulsar de EU a m\u00e1s de 900 menores migrantes por el Covid-19&nbsp;<\/span><\/a><\/p>\n<p>Todos los estados del pa\u00eds han relajado, en mayor o menor medida, sus medidas de confinamiento ante la epidemia.<\/p>\n<p>Pero decenas de ciudades del pa\u00eds han decretado toques de queda nocturnos por los disturbios que se han extendido a ra\u00edz de la muerte de <a href=\"https:\/\/www.eluniversal.com.mx\/tag\/george-floyd\" target=\"_blank\" rel=\"noopener noreferrer\"><span><strong>George Floyd<\/strong><\/span><\/a>, un hombre negro asfixiado por un polic\u00eda blanco la semana pasada en Minneapolis.<\/p>\n<p>Tambi\u00e9n lee: <a href=\"https:\/\/www.eluniversal.com.mx\/mundo\/china-realiza-casi-10-millones-de-pruebas-contra-covid-19-en-2-semanas-solo-dan-300-positivo\" target=\"_blank\" rel=\"noopener noreferrer\"><span>China realiza casi 10 millones de pruebas contra Covid-19 en 2 semanas; s\u00f3lo dan 300 positivo&nbsp;<\/span><\/a><\/p>\n<p>El <strong>coronavirus<\/strong> ha matado a por lo menos 379 mil 585 personas en todo el mundo desde su aparici\u00f3n en diciembre en China, seg\u00fan un balance elaborado por la AFP con fuentes oficiales.<\/p>\n<p>lsm\/nv<\/p>\n<p>Publicaci\u00f3n Original: <a href=\"https:\/\/www.eluniversal.com.mx\/mundo\/coronavirus-eu-registra-mas-de-mil-muertos-en-24-horas\" target=\"_blank\" rel=\"noopener noreferrer\">https:\/\/www.eluniversal.com.mx\/mundo\/coronavirus-eu-registra-mas-de-mil-muertos-en-24-horas<\/a><\/p>\n","protected":false},"excerpt":{"rendered":"<p>El nuevo coronavirus dej\u00f3 mil 081 muertes en 24 horas en Estados Unidos, seg\u00fan el recuento hasta las 20:30 del martes (00:30 GMT del mi\u00e9rcoles) de la Universidad Johns Hopkins, que se toma como referencia en el pa\u00eds. El total de fallecidos se eleva as\u00ed a 106 mil 180 en Estados Unidos, donde se han registrado un mill\u00f3n 831 mil 435 casos de Covid-19, seg\u00fan las cifras de esa universidad de Baltimore. Estados Unidos es, de lejos, el pa\u00eds m\u00e1s afectado del mundo en t\u00e9rminos absolutos por la pandemia de Covid-19. Tambi\u00e9n lee: Las silenciosas t\u00e1cticas para expulsar de EU a m\u00e1s de 900 menores migrantes por el Covid-19&nbsp; Todos los estados del pa\u00eds han relajado, en mayor o menor medida, sus medidas de confinamiento ante la epidemia. Pero decenas de ciudades del pa\u00eds han decretado toques de queda nocturnos por los disturbios que se han extendido a ra\u00edz de la muerte de George Floyd, un hombre negro asfixiado por un polic\u00eda blanco la semana pasada en Minneapolis. Tambi\u00e9n lee: China realiza casi 10 millones de pruebas contra Covid-19 en 2 semanas; s\u00f3lo dan 300 positivo&nbsp; El coronavirus ha matado a por lo menos 379 mil 585 personas en todo el mundo desde su aparici\u00f3n en diciembre en China, seg\u00fan un balance elaborado por la AFP con fuentes oficiales. lsm\/nv Publicaci\u00f3n Original: https:\/\/www.eluniversal.com.mx\/mundo\/coronavirus-eu-registra-mas-de-mil-muertos-en-24-horas<\/p>\n","protected":false},"author":1,"featured_media":12613,"comment_status":"open","ping_status":"closed","sticky":false,"template":"","format":"standard","meta":{"_monsterinsights_skip_tracking":false,"_uf_show_specific_survey":0,"_uf_disable_surveys":false,"footnotes":""},"categories":[36],"tags":[],"class_list":["post-12612","post","type-post","status-publish","format-standard","has-post-thumbnail","hentry","category-el-mundo"],"yoast_head":"<!-- This site is optimized with the Yoast SEO plugin v27.5 - https:\/\/yoast.com\/product\/yoast-seo-wordpress\/ -->\n<title>EU registra m\u00e1s de mil muertos en 24 horas por Covid-19 - Fer Abrajan<\/title>\n<meta name=\"robots\" content=\"index, follow, max-snippet:-1, max-image-preview:large, max-video-preview:-1\" \/>\n<link rel=\"canonical\" href=\"https:\/\/ferabrajan.com\/portal\/2020\/06\/03\/eu-registra-mas-de-mil-muertos-en-24-horas-por-covid-19\/\" \/>\n<meta property=\"og:locale\" content=\"es_ES\" \/>\n<meta property=\"og:type\" content=\"article\" \/>\n<meta property=\"og:title\" content=\"EU registra m\u00e1s de mil muertos en 24 horas por Covid-19 - Fer Abrajan\" \/>\n<meta property=\"og:description\" content=\"El nuevo coronavirus dej\u00f3 mil 081 muertes en 24 horas en Estados Unidos, seg\u00fan el recuento hasta las 20:30 del martes (00:30 GMT del mi\u00e9rcoles) de la Universidad Johns Hopkins, que se toma como referencia en el pa\u00eds. El total de fallecidos se eleva as\u00ed a 106 mil 180 en Estados Unidos, donde se han registrado un mill\u00f3n 831 mil 435 casos de Covid-19, seg\u00fan las cifras de esa universidad de Baltimore. Estados Unidos es, de lejos, el pa\u00eds m\u00e1s afectado del mundo en t\u00e9rminos absolutos por la pandemia de Covid-19. Tambi\u00e9n lee: Las silenciosas t\u00e1cticas para expulsar de EU a m\u00e1s de 900 menores migrantes por el Covid-19&nbsp; Todos los estados del pa\u00eds han relajado, en mayor o menor medida, sus medidas de confinamiento ante la epidemia. Pero decenas de ciudades del pa\u00eds han decretado toques de queda nocturnos por los disturbios que se han extendido a ra\u00edz de la muerte de George Floyd, un hombre negro asfixiado por un polic\u00eda blanco la semana pasada en Minneapolis. Tambi\u00e9n lee: China realiza casi 10 millones de pruebas contra Covid-19 en 2 semanas; s\u00f3lo dan 300 positivo&nbsp; El coronavirus ha matado a por lo menos 379 mil 585 personas en todo el mundo desde su aparici\u00f3n en diciembre en China, seg\u00fan un balance elaborado por la AFP con fuentes oficiales. lsm\/nv Publicaci\u00f3n Original: https:\/\/www.eluniversal.com.mx\/mundo\/coronavirus-eu-registra-mas-de-mil-muertos-en-24-horas\" \/>\n<meta property=\"og:url\" content=\"https:\/\/ferabrajan.com\/portal\/2020\/06\/03\/eu-registra-mas-de-mil-muertos-en-24-horas-por-covid-19\/\" \/>\n<meta property=\"og:site_name\" content=\"Fer Abrajan\" \/>\n<meta property=\"article:publisher\" content=\"https:\/\/www.facebook.com\/NoticiasconFerAbrajan\/\" \/>\n<meta property=\"article:published_time\" content=\"2020-06-03T20:23:00+00:00\" \/>\n<meta name=\"author\" content=\"admin\" \/>\n<meta name=\"twitter:card\" content=\"summary_large_image\" \/>\n<meta name=\"twitter:creator\" content=\"@ferabrajan1\" \/>\n<meta name=\"twitter:site\" content=\"@ferabrajan1\" \/>\n<meta name=\"twitter:label1\" content=\"Escrito por\" \/>\n\t<meta name=\"twitter:data1\" content=\"admin\" \/>\n\t<meta name=\"twitter:label2\" content=\"Tiempo de lectura\" \/>\n\t<meta name=\"twitter:data2\" content=\"1 minuto\" \/>\n<script type=\"application\/ld+json\" class=\"yoast-schema-graph\">{\"@context\":\"https:\\\/\\\/schema.org\",\"@graph\":[{\"@type\":\"Article\",\"@id\":\"https:\\\/\\\/ferabrajan.com\\\/portal\\\/2020\\\/06\\\/03\\\/eu-registra-mas-de-mil-muertos-en-24-horas-por-covid-19\\\/#article\",\"isPartOf\":{\"@id\":\"https:\\\/\\\/ferabrajan.com\\\/portal\\\/2020\\\/06\\\/03\\\/eu-registra-mas-de-mil-muertos-en-24-horas-por-covid-19\\\/\"},\"author\":{\"name\":\"admin\",\"@id\":\"https:\\\/\\\/ferabrajan.com\\\/portal\\\/#\\\/schema\\\/person\\\/f6113b3cb1e036d5c6a9505685b257ba\"},\"headline\":\"EU registra m\u00e1s de mil muertos en 24 horas por Covid-19\",\"datePublished\":\"2020-06-03T20:23:00+00:00\",\"mainEntityOfPage\":{\"@id\":\"https:\\\/\\\/ferabrajan.com\\\/portal\\\/2020\\\/06\\\/03\\\/eu-registra-mas-de-mil-muertos-en-24-horas-por-covid-19\\\/\"},\"wordCount\":250,\"commentCount\":0,\"publisher\":{\"@id\":\"https:\\\/\\\/ferabrajan.com\\\/portal\\\/#organization\"},\"image\":{\"@id\":\"https:\\\/\\\/ferabrajan.com\\\/portal\\\/2020\\\/06\\\/03\\\/eu-registra-mas-de-mil-muertos-en-24-horas-por-covid-19\\\/#primaryimage\"},\"thumbnailUrl\":\"\",\"articleSection\":[\"El Mundo\"],\"inLanguage\":\"es\"},{\"@type\":\"WebPage\",\"@id\":\"https:\\\/\\\/ferabrajan.com\\\/portal\\\/2020\\\/06\\\/03\\\/eu-registra-mas-de-mil-muertos-en-24-horas-por-covid-19\\\/\",\"url\":\"https:\\\/\\\/ferabrajan.com\\\/portal\\\/2020\\\/06\\\/03\\\/eu-registra-mas-de-mil-muertos-en-24-horas-por-covid-19\\\/\",\"name\":\"EU registra m\u00e1s de mil muertos en 24 horas por Covid-19 - Fer Abrajan\",\"isPartOf\":{\"@id\":\"https:\\\/\\\/ferabrajan.com\\\/portal\\\/#website\"},\"primaryImageOfPage\":{\"@id\":\"https:\\\/\\\/ferabrajan.com\\\/portal\\\/2020\\\/06\\\/03\\\/eu-registra-mas-de-mil-muertos-en-24-horas-por-covid-19\\\/#primaryimage\"},\"image\":{\"@id\":\"https:\\\/\\\/ferabrajan.com\\\/portal\\\/2020\\\/06\\\/03\\\/eu-registra-mas-de-mil-muertos-en-24-horas-por-covid-19\\\/#primaryimage\"},\"thumbnailUrl\":\"\",\"datePublished\":\"2020-06-03T20:23:00+00:00\",\"breadcrumb\":{\"@id\":\"https:\\\/\\\/ferabrajan.com\\\/portal\\\/2020\\\/06\\\/03\\\/eu-registra-mas-de-mil-muertos-en-24-horas-por-covid-19\\\/#breadcrumb\"},\"inLanguage\":\"es\",\"potentialAction\":[{\"@type\":\"ReadAction\",\"target\":[\"https:\\\/\\\/ferabrajan.com\\\/portal\\\/2020\\\/06\\\/03\\\/eu-registra-mas-de-mil-muertos-en-24-horas-por-covid-19\\\/\"]}]},{\"@type\":\"ImageObject\",\"inLanguage\":\"es\",\"@id\":\"https:\\\/\\\/ferabrajan.com\\\/portal\\\/2020\\\/06\\\/03\\\/eu-registra-mas-de-mil-muertos-en-24-horas-por-covid-19\\\/#primaryimage\",\"url\":\"\",\"contentUrl\":\"\"},{\"@type\":\"BreadcrumbList\",\"@id\":\"https:\\\/\\\/ferabrajan.com\\\/portal\\\/2020\\\/06\\\/03\\\/eu-registra-mas-de-mil-muertos-en-24-horas-por-covid-19\\\/#breadcrumb\",\"itemListElement\":[{\"@type\":\"ListItem\",\"position\":1,\"name\":\"Portada\",\"item\":\"https:\\\/\\\/ferabrajan.com\\\/portal\\\/\"},{\"@type\":\"ListItem\",\"position\":2,\"name\":\"EU registra m\u00e1s de mil muertos en 24 horas por Covid-19\"}]},{\"@type\":\"WebSite\",\"@id\":\"https:\\\/\\\/ferabrajan.com\\\/portal\\\/#website\",\"url\":\"https:\\\/\\\/ferabrajan.com\\\/portal\\\/\",\"name\":\"Fer Abrajan\",\"description\":\"Noticias de Puebla, opini\u00f3n y radio en vivo\",\"publisher\":{\"@id\":\"https:\\\/\\\/ferabrajan.com\\\/portal\\\/#organization\"},\"potentialAction\":[{\"@type\":\"SearchAction\",\"target\":{\"@type\":\"EntryPoint\",\"urlTemplate\":\"https:\\\/\\\/ferabrajan.com\\\/portal\\\/?s={search_term_string}\"},\"query-input\":{\"@type\":\"PropertyValueSpecification\",\"valueRequired\":true,\"valueName\":\"search_term_string\"}}],\"inLanguage\":\"es\"},{\"@type\":\"Organization\",\"@id\":\"https:\\\/\\\/ferabrajan.com\\\/portal\\\/#organization\",\"name\":\"Fer Abrajan\",\"url\":\"https:\\\/\\\/ferabrajan.com\\\/portal\\\/\",\"logo\":{\"@type\":\"ImageObject\",\"inLanguage\":\"es\",\"@id\":\"https:\\\/\\\/ferabrajan.com\\\/portal\\\/#\\\/schema\\\/logo\\\/image\\\/\",\"url\":\"https:\\\/\\\/ferabrajan.com\\\/portal\\\/wp-content\\\/uploads\\\/2024\\\/10\\\/cropped-logo.jpeg\",\"contentUrl\":\"https:\\\/\\\/ferabrajan.com\\\/portal\\\/wp-content\\\/uploads\\\/2024\\\/10\\\/cropped-logo.jpeg\",\"width\":500,\"height\":250,\"caption\":\"Fer Abrajan\"},\"image\":{\"@id\":\"https:\\\/\\\/ferabrajan.com\\\/portal\\\/#\\\/schema\\\/logo\\\/image\\\/\"},\"sameAs\":[\"https:\\\/\\\/www.facebook.com\\\/NoticiasconFerAbrajan\\\/\",\"https:\\\/\\\/x.com\\\/ferabrajan1\"]},{\"@type\":\"Person\",\"@id\":\"https:\\\/\\\/ferabrajan.com\\\/portal\\\/#\\\/schema\\\/person\\\/f6113b3cb1e036d5c6a9505685b257ba\",\"name\":\"admin\",\"image\":{\"@type\":\"ImageObject\",\"inLanguage\":\"es\",\"@id\":\"https:\\\/\\\/secure.gravatar.com\\\/avatar\\\/072baa72775aad53c748dfc5d3048578e01b6c087eef335459ebfa04344e2d18?s=96&d=mm&r=g\",\"url\":\"https:\\\/\\\/secure.gravatar.com\\\/avatar\\\/072baa72775aad53c748dfc5d3048578e01b6c087eef335459ebfa04344e2d18?s=96&d=mm&r=g\",\"contentUrl\":\"https:\\\/\\\/secure.gravatar.com\\\/avatar\\\/072baa72775aad53c748dfc5d3048578e01b6c087eef335459ebfa04344e2d18?s=96&d=mm&r=g\",\"caption\":\"admin\"},\"sameAs\":[\"https:\\\/\\\/ferabrajan.com\\\/portal\"],\"url\":\"https:\\\/\\\/ferabrajan.com\\\/portal\\\/author\\\/admin\\\/\"}]}<\/script>\n<!-- \/ Yoast SEO plugin. -->","yoast_head_json":{"title":"EU registra m\u00e1s de mil muertos en 24 horas por Covid-19 - Fer Abrajan","robots":{"index":"index","follow":"follow","max-snippet":"max-snippet:-1","max-image-preview":"max-image-preview:large","max-video-preview":"max-video-preview:-1"},"canonical":"https:\/\/ferabrajan.com\/portal\/2020\/06\/03\/eu-registra-mas-de-mil-muertos-en-24-horas-por-covid-19\/","og_locale":"es_ES","og_type":"article","og_title":"EU registra m\u00e1s de mil muertos en 24 horas por Covid-19 - Fer Abrajan","og_description":"El nuevo coronavirus dej\u00f3 mil 081 muertes en 24 horas en Estados Unidos, seg\u00fan el recuento hasta las 20:30 del martes (00:30 GMT del mi\u00e9rcoles) de la Universidad Johns Hopkins, que se toma como referencia en el pa\u00eds. El total de fallecidos se eleva as\u00ed a 106 mil 180 en Estados Unidos, donde se han registrado un mill\u00f3n 831 mil 435 casos de Covid-19, seg\u00fan las cifras de esa universidad de Baltimore. Estados Unidos es, de lejos, el pa\u00eds m\u00e1s afectado del mundo en t\u00e9rminos absolutos por la pandemia de Covid-19. Tambi\u00e9n lee: Las silenciosas t\u00e1cticas para expulsar de EU a m\u00e1s de 900 menores migrantes por el Covid-19&nbsp; Todos los estados del pa\u00eds han relajado, en mayor o menor medida, sus medidas de confinamiento ante la epidemia. Pero decenas de ciudades del pa\u00eds han decretado toques de queda nocturnos por los disturbios que se han extendido a ra\u00edz de la muerte de George Floyd, un hombre negro asfixiado por un polic\u00eda blanco la semana pasada en Minneapolis. Tambi\u00e9n lee: China realiza casi 10 millones de pruebas contra Covid-19 en 2 semanas; s\u00f3lo dan 300 positivo&nbsp; El coronavirus ha matado a por lo menos 379 mil 585 personas en todo el mundo desde su aparici\u00f3n en diciembre en China, seg\u00fan un balance elaborado por la AFP con fuentes oficiales. lsm\/nv Publicaci\u00f3n Original: https:\/\/www.eluniversal.com.mx\/mundo\/coronavirus-eu-registra-mas-de-mil-muertos-en-24-horas","og_url":"https:\/\/ferabrajan.com\/portal\/2020\/06\/03\/eu-registra-mas-de-mil-muertos-en-24-horas-por-covid-19\/","og_site_name":"Fer Abrajan","article_publisher":"https:\/\/www.facebook.com\/NoticiasconFerAbrajan\/","article_published_time":"2020-06-03T20:23:00+00:00","author":"admin","twitter_card":"summary_large_image","twitter_creator":"@ferabrajan1","twitter_site":"@ferabrajan1","twitter_misc":{"Escrito por":"admin","Tiempo de lectura":"1 minuto"},"schema":{"@context":"https:\/\/schema.org","@graph":[{"@type":"Article","@id":"https:\/\/ferabrajan.com\/portal\/2020\/06\/03\/eu-registra-mas-de-mil-muertos-en-24-horas-por-covid-19\/#article","isPartOf":{"@id":"https:\/\/ferabrajan.com\/portal\/2020\/06\/03\/eu-registra-mas-de-mil-muertos-en-24-horas-por-covid-19\/"},"author":{"name":"admin","@id":"https:\/\/ferabrajan.com\/portal\/#\/schema\/person\/f6113b3cb1e036d5c6a9505685b257ba"},"headline":"EU registra m\u00e1s de mil muertos en 24 horas por Covid-19","datePublished":"2020-06-03T20:23:00+00:00","mainEntityOfPage":{"@id":"https:\/\/ferabrajan.com\/portal\/2020\/06\/03\/eu-registra-mas-de-mil-muertos-en-24-horas-por-covid-19\/"},"wordCount":250,"commentCount":0,"publisher":{"@id":"https:\/\/ferabrajan.com\/portal\/#organization"},"image":{"@id":"https:\/\/ferabrajan.com\/portal\/2020\/06\/03\/eu-registra-mas-de-mil-muertos-en-24-horas-por-covid-19\/#primaryimage"},"thumbnailUrl":"","articleSection":["El Mundo"],"inLanguage":"es"},{"@type":"WebPage","@id":"https:\/\/ferabrajan.com\/portal\/2020\/06\/03\/eu-registra-mas-de-mil-muertos-en-24-horas-por-covid-19\/","url":"https:\/\/ferabrajan.com\/portal\/2020\/06\/03\/eu-registra-mas-de-mil-muertos-en-24-horas-por-covid-19\/","name":"EU registra m\u00e1s de mil muertos en 24 horas por Covid-19 - Fer Abrajan","isPartOf":{"@id":"https:\/\/ferabrajan.com\/portal\/#website"},"primaryImageOfPage":{"@id":"https:\/\/ferabrajan.com\/portal\/2020\/06\/03\/eu-registra-mas-de-mil-muertos-en-24-horas-por-covid-19\/#primaryimage"},"image":{"@id":"https:\/\/ferabrajan.com\/portal\/2020\/06\/03\/eu-registra-mas-de-mil-muertos-en-24-horas-por-covid-19\/#primaryimage"},"thumbnailUrl":"","datePublished":"2020-06-03T20:23:00+00:00","breadcrumb":{"@id":"https:\/\/ferabrajan.com\/portal\/2020\/06\/03\/eu-registra-mas-de-mil-muertos-en-24-horas-por-covid-19\/#breadcrumb"},"inLanguage":"es","potentialAction":[{"@type":"ReadAction","target":["https:\/\/ferabrajan.com\/portal\/2020\/06\/03\/eu-registra-mas-de-mil-muertos-en-24-horas-por-covid-19\/"]}]},{"@type":"ImageObject","inLanguage":"es","@id":"https:\/\/ferabrajan.com\/portal\/2020\/06\/03\/eu-registra-mas-de-mil-muertos-en-24-horas-por-covid-19\/#primaryimage","url":"","contentUrl":""},{"@type":"BreadcrumbList","@id":"https:\/\/ferabrajan.com\/portal\/2020\/06\/03\/eu-registra-mas-de-mil-muertos-en-24-horas-por-covid-19\/#breadcrumb","itemListElement":[{"@type":"ListItem","position":1,"name":"Portada","item":"https:\/\/ferabrajan.com\/portal\/"},{"@type":"ListItem","position":2,"name":"EU registra m\u00e1s de mil muertos en 24 horas por Covid-19"}]},{"@type":"WebSite","@id":"https:\/\/ferabrajan.com\/portal\/#website","url":"https:\/\/ferabrajan.com\/portal\/","name":"Fer Abrajan","description":"Noticias de Puebla, opini\u00f3n y radio en vivo","publisher":{"@id":"https:\/\/ferabrajan.com\/portal\/#organization"},"potentialAction":[{"@type":"SearchAction","target":{"@type":"EntryPoint","urlTemplate":"https:\/\/ferabrajan.com\/portal\/?s={search_term_string}"},"query-input":{"@type":"PropertyValueSpecification","valueRequired":true,"valueName":"search_term_string"}}],"inLanguage":"es"},{"@type":"Organization","@id":"https:\/\/ferabrajan.com\/portal\/#organization","name":"Fer Abrajan","url":"https:\/\/ferabrajan.com\/portal\/","logo":{"@type":"ImageObject","inLanguage":"es","@id":"https:\/\/ferabrajan.com\/portal\/#\/schema\/logo\/image\/","url":"https:\/\/ferabrajan.com\/portal\/wp-content\/uploads\/2024\/10\/cropped-logo.jpeg","contentUrl":"https:\/\/ferabrajan.com\/portal\/wp-content\/uploads\/2024\/10\/cropped-logo.jpeg","width":500,"height":250,"caption":"Fer Abrajan"},"image":{"@id":"https:\/\/ferabrajan.com\/portal\/#\/schema\/logo\/image\/"},"sameAs":["https:\/\/www.facebook.com\/NoticiasconFerAbrajan\/","https:\/\/x.com\/ferabrajan1"]},{"@type":"Person","@id":"https:\/\/ferabrajan.com\/portal\/#\/schema\/person\/f6113b3cb1e036d5c6a9505685b257ba","name":"admin","image":{"@type":"ImageObject","inLanguage":"es","@id":"https:\/\/secure.gravatar.com\/avatar\/072baa72775aad53c748dfc5d3048578e01b6c087eef335459ebfa04344e2d18?s=96&d=mm&r=g","url":"https:\/\/secure.gravatar.com\/avatar\/072baa72775aad53c748dfc5d3048578e01b6c087eef335459ebfa04344e2d18?s=96&d=mm&r=g","contentUrl":"https:\/\/secure.gravatar.com\/avatar\/072baa72775aad53c748dfc5d3048578e01b6c087eef335459ebfa04344e2d18?s=96&d=mm&r=g","caption":"admin"},"sameAs":["https:\/\/ferabrajan.com\/portal"],"url":"https:\/\/ferabrajan.com\/portal\/author\/admin\/"}]}},"_links":{"self":[{"href":"https:\/\/ferabrajan.com\/portal\/wp-json\/wp\/v2\/posts\/12612","targetHints":{"allow":["GET"]}}],"collection":[{"href":"https:\/\/ferabrajan.com\/portal\/wp-json\/wp\/v2\/posts"}],"about":[{"href":"https:\/\/ferabrajan.com\/portal\/wp-json\/wp\/v2\/types\/post"}],"author":[{"embeddable":true,"href":"https:\/\/ferabrajan.com\/portal\/wp-json\/wp\/v2\/users\/1"}],"replies":[{"embeddable":true,"href":"https:\/\/ferabrajan.com\/portal\/wp-json\/wp\/v2\/comments?post=12612"}],"version-history":[{"count":0,"href":"https:\/\/ferabrajan.com\/portal\/wp-json\/wp\/v2\/posts\/12612\/revisions"}],"wp:attachment":[{"href":"https:\/\/ferabrajan.com\/portal\/wp-json\/wp\/v2\/media?parent=12612"}],"wp:term":[{"taxonomy":"category","embeddable":true,"href":"https:\/\/ferabrajan.com\/portal\/wp-json\/wp\/v2\/categories?post=12612"},{"taxonomy":"post_tag","embeddable":true,"href":"https:\/\/ferabrajan.com\/portal\/wp-json\/wp\/v2\/tags?post=12612"}],"curies":[{"name":"wp","href":"https:\/\/api.w.org\/{rel}","templated":true}]}}