{"id":12608,"date":"2020-06-03T20:32:00","date_gmt":"2020-06-03T20:32:00","guid":{"rendered":"http:\/\/www.ferabrajan.com\/?p=12608"},"modified":"2020-06-03T20:32:00","modified_gmt":"2020-06-03T20:32:00","slug":"eugenio-derbez-recuerda-a-hector-suarez-con-video-comico","status":"publish","type":"post","link":"https:\/\/ferabrajan.com\/portal\/2020\/06\/03\/eugenio-derbez-recuerda-a-hector-suarez-con-video-comico\/","title":{"rendered":"Eugenio Derbez recuerda a H\u00e9ctor Su\u00e1rez con video c\u00f3mico"},"content":{"rendered":"<div><img decoding=\"async\" src=\"https:\/\/www.eluniversal.com.mx\/sites\/default\/files\/styles\/f03-651x400\/public\/2020\/06\/02\/eugenio_hector.jpg?itok=5ASox9wv\" class=\"ff-og-image-inserted\"><\/div>\n<p>Los homenajes a H\u00e9ctor Su\u00e1rez por parte de sus colegas de profesi\u00f3n no han parado y uno de ellos fue el que le hizo Eugenio Derbez en sus redes sociales.<\/p>\n<p>El actor que tiene como personajes al \u00abDiablito\u00bb, \u00abArmando Hoyos\u00bb, \u00abMarilyn Mens\u00f3n\u00bb, entre otros muchos m\u00e1s, record\u00f3 a quien fuera Tr\u00e1nsito L\u00f3pez en el \u00abMil usos\u00bb como uno de sus maestros e inspiraci\u00f3n para su carrera.<\/p>\n<p><a href=\"https:\/\/www.eluniversal.com.mx\/espectaculos\/farandula\/hector-suarez-no-murio-por-covid-19-su-cenizas-descansan-en-su-casa\" target=\"_blank\" rel=\"noopener noreferrer\"><span><strong>Tambi\u00e9n lee:&nbsp;<\/strong>H\u00e9ctor Su\u00e1rez no muri\u00f3 por Covid-19; su cenizas descansan en su casa&nbsp;<\/span><\/a><\/p>\n<p>\u00abH\u00e9ctor Su\u00e1rez fue una de las personas que m\u00e1s influy\u00f3 en mi carrera. Siempre fue un ejemplo a seguir. Su creatividad, su valent\u00eda, su entrega y respeto al escenario eran \u00fanicos.&nbsp;H\u00e9ctor era un gran ser humano. Noble de coraz\u00f3n, pero de car\u00e1cter fuerte y determinado cuando se trataba de defender su trabajo o a su familia\u00bb, escribi\u00f3 el c\u00f3mico.<\/p>\n<p>El director de \u00abNo se Aceptan Devoluciones\u00bb tambi\u00e9n puso a Su\u00e1rez como una leyenda en M\u00e9xico al dar tantas c\u00e1tedras arriba del escenario y por ello agradeci\u00f3 la herencia que dej\u00f3.<\/p>\n<p><a href=\"https:\/\/www.eluniversal.com.mx\/espectaculos\/hector-suarez-suarez-gomis-comparte-emotiva-carta-para-su-papa\" target=\"_blank\" rel=\"noopener noreferrer\"><span><strong>Tambi\u00e9n lee:<\/strong>&nbsp;Su\u00e1rez Gom\u00eds comparte emotiva carta para su pap\u00e1 H\u00e9ctor Su\u00e1rez<\/span><\/a><\/p>\n<p>Y para recordarlo, Eugenio subi\u00f3 un video de un programa que grab\u00f3 a lado del \u00abTirantes\u00bb o del \u00abNo hay\u00bb y en el, le agradeci\u00f3 la oportunidad de compartir el escenario.<\/p>\n<blockquote class=\"instagram-media\" data-instgrm-captioned data-instgrm-permalink=\"https:\/\/www.instagram.com\/tv\/CA8akG1BhgL\/?utm_source=ig_embed&amp;utm_campaign=loading\" data-instgrm-version=\"12\"><\/blockquote>\n<p>al<\/p>\n<p> Publicaci\u00f3n Original: <a href=\"https:\/\/www.eluniversal.com.mx\/espectaculos\/farandula\/eugenio-derbez-recuerda-hector-suarez-con-video-comico\" target=\"_blank\" rel=\"noopener noreferrer\">https:\/\/www.eluniversal.com.mx\/espectaculos\/farandula\/eugenio-derbez-recuerda-hector-suarez-con-video-comico<\/a><\/p>\n","protected":false},"excerpt":{"rendered":"<p>Los homenajes a H\u00e9ctor Su\u00e1rez por parte de sus colegas de profesi\u00f3n no han parado y uno de ellos fue el que le hizo Eugenio Derbez en sus redes sociales. El actor que tiene como personajes al \u00abDiablito\u00bb, \u00abArmando Hoyos\u00bb, \u00abMarilyn Mens\u00f3n\u00bb, entre otros muchos m\u00e1s, record\u00f3 a quien fuera Tr\u00e1nsito L\u00f3pez en el \u00abMil usos\u00bb como uno de sus maestros e inspiraci\u00f3n para su carrera. Tambi\u00e9n lee:&nbsp;H\u00e9ctor Su\u00e1rez no muri\u00f3 por Covid-19; su cenizas descansan en su casa&nbsp; \u00abH\u00e9ctor Su\u00e1rez fue una de las personas que m\u00e1s influy\u00f3 en mi carrera. Siempre fue un ejemplo a seguir. Su creatividad, su valent\u00eda, su entrega y respeto al escenario eran \u00fanicos.&nbsp;H\u00e9ctor era un gran ser humano. Noble de coraz\u00f3n, pero de car\u00e1cter fuerte y determinado cuando se trataba de defender su trabajo o a su familia\u00bb, escribi\u00f3 el c\u00f3mico. El director de \u00abNo se Aceptan Devoluciones\u00bb tambi\u00e9n puso a Su\u00e1rez como una leyenda en M\u00e9xico al dar tantas c\u00e1tedras arriba del escenario y por ello agradeci\u00f3 la herencia que dej\u00f3. Tambi\u00e9n lee:&nbsp;Su\u00e1rez Gom\u00eds comparte emotiva carta para su pap\u00e1 H\u00e9ctor Su\u00e1rez Y para recordarlo, Eugenio subi\u00f3 un video de un programa que grab\u00f3 a lado del \u00abTirantes\u00bb o del \u00abNo hay\u00bb y en el, le agradeci\u00f3 la oportunidad de compartir el escenario. al Publicaci\u00f3n Original: https:\/\/www.eluniversal.com.mx\/espectaculos\/farandula\/eugenio-derbez-recuerda-hector-suarez-con-video-comico<\/p>\n","protected":false},"author":1,"featured_media":12609,"comment_status":"open","ping_status":"closed","sticky":false,"template":"","format":"standard","meta":{"_monsterinsights_skip_tracking":false,"_uf_show_specific_survey":0,"_uf_disable_surveys":false,"footnotes":""},"categories":[36],"tags":[],"class_list":["post-12608","post","type-post","status-publish","format-standard","has-post-thumbnail","hentry","category-el-mundo"],"yoast_head":"<!-- This site is optimized with the Yoast SEO plugin v27.5 - https:\/\/yoast.com\/product\/yoast-seo-wordpress\/ -->\n<title>Eugenio Derbez recuerda a H\u00e9ctor Su\u00e1rez con video c\u00f3mico - Fer Abrajan<\/title>\n<meta name=\"robots\" content=\"index, follow, max-snippet:-1, max-image-preview:large, max-video-preview:-1\" \/>\n<link rel=\"canonical\" href=\"https:\/\/ferabrajan.com\/portal\/2020\/06\/03\/eugenio-derbez-recuerda-a-hector-suarez-con-video-comico\/\" \/>\n<meta property=\"og:locale\" content=\"es_ES\" \/>\n<meta property=\"og:type\" content=\"article\" \/>\n<meta property=\"og:title\" content=\"Eugenio Derbez recuerda a H\u00e9ctor Su\u00e1rez con video c\u00f3mico - Fer Abrajan\" \/>\n<meta property=\"og:description\" content=\"Los homenajes a H\u00e9ctor Su\u00e1rez por parte de sus colegas de profesi\u00f3n no han parado y uno de ellos fue el que le hizo Eugenio Derbez en sus redes sociales. El actor que tiene como personajes al \u00abDiablito\u00bb, \u00abArmando Hoyos\u00bb, \u00abMarilyn Mens\u00f3n\u00bb, entre otros muchos m\u00e1s, record\u00f3 a quien fuera Tr\u00e1nsito L\u00f3pez en el \u00abMil usos\u00bb como uno de sus maestros e inspiraci\u00f3n para su carrera. Tambi\u00e9n lee:&nbsp;H\u00e9ctor Su\u00e1rez no muri\u00f3 por Covid-19; su cenizas descansan en su casa&nbsp; \u00abH\u00e9ctor Su\u00e1rez fue una de las personas que m\u00e1s influy\u00f3 en mi carrera. Siempre fue un ejemplo a seguir. Su creatividad, su valent\u00eda, su entrega y respeto al escenario eran \u00fanicos.&nbsp;H\u00e9ctor era un gran ser humano. Noble de coraz\u00f3n, pero de car\u00e1cter fuerte y determinado cuando se trataba de defender su trabajo o a su familia\u00bb, escribi\u00f3 el c\u00f3mico. El director de \u00abNo se Aceptan Devoluciones\u00bb tambi\u00e9n puso a Su\u00e1rez como una leyenda en M\u00e9xico al dar tantas c\u00e1tedras arriba del escenario y por ello agradeci\u00f3 la herencia que dej\u00f3. Tambi\u00e9n lee:&nbsp;Su\u00e1rez Gom\u00eds comparte emotiva carta para su pap\u00e1 H\u00e9ctor Su\u00e1rez Y para recordarlo, Eugenio subi\u00f3 un video de un programa que grab\u00f3 a lado del \u00abTirantes\u00bb o del \u00abNo hay\u00bb y en el, le agradeci\u00f3 la oportunidad de compartir el escenario. al Publicaci\u00f3n Original: https:\/\/www.eluniversal.com.mx\/espectaculos\/farandula\/eugenio-derbez-recuerda-hector-suarez-con-video-comico\" \/>\n<meta property=\"og:url\" content=\"https:\/\/ferabrajan.com\/portal\/2020\/06\/03\/eugenio-derbez-recuerda-a-hector-suarez-con-video-comico\/\" \/>\n<meta property=\"og:site_name\" content=\"Fer Abrajan\" \/>\n<meta property=\"article:publisher\" content=\"https:\/\/www.facebook.com\/NoticiasconFerAbrajan\/\" \/>\n<meta property=\"article:published_time\" content=\"2020-06-03T20:32:00+00:00\" \/>\n<meta name=\"author\" content=\"admin\" \/>\n<meta name=\"twitter:card\" content=\"summary_large_image\" \/>\n<meta name=\"twitter:creator\" content=\"@ferabrajan1\" \/>\n<meta name=\"twitter:site\" content=\"@ferabrajan1\" \/>\n<meta name=\"twitter:label1\" content=\"Escrito por\" \/>\n\t<meta name=\"twitter:data1\" content=\"admin\" \/>\n\t<meta name=\"twitter:label2\" content=\"Tiempo de lectura\" \/>\n\t<meta name=\"twitter:data2\" content=\"1 minuto\" \/>\n<script type=\"application\/ld+json\" class=\"yoast-schema-graph\">{\"@context\":\"https:\\\/\\\/schema.org\",\"@graph\":[{\"@type\":\"Article\",\"@id\":\"https:\\\/\\\/ferabrajan.com\\\/portal\\\/2020\\\/06\\\/03\\\/eugenio-derbez-recuerda-a-hector-suarez-con-video-comico\\\/#article\",\"isPartOf\":{\"@id\":\"https:\\\/\\\/ferabrajan.com\\\/portal\\\/2020\\\/06\\\/03\\\/eugenio-derbez-recuerda-a-hector-suarez-con-video-comico\\\/\"},\"author\":{\"name\":\"admin\",\"@id\":\"https:\\\/\\\/ferabrajan.com\\\/portal\\\/#\\\/schema\\\/person\\\/f6113b3cb1e036d5c6a9505685b257ba\"},\"headline\":\"Eugenio Derbez recuerda a H\u00e9ctor Su\u00e1rez con video c\u00f3mico\",\"datePublished\":\"2020-06-03T20:32:00+00:00\",\"mainEntityOfPage\":{\"@id\":\"https:\\\/\\\/ferabrajan.com\\\/portal\\\/2020\\\/06\\\/03\\\/eugenio-derbez-recuerda-a-hector-suarez-con-video-comico\\\/\"},\"wordCount\":270,\"commentCount\":0,\"publisher\":{\"@id\":\"https:\\\/\\\/ferabrajan.com\\\/portal\\\/#organization\"},\"image\":{\"@id\":\"https:\\\/\\\/ferabrajan.com\\\/portal\\\/2020\\\/06\\\/03\\\/eugenio-derbez-recuerda-a-hector-suarez-con-video-comico\\\/#primaryimage\"},\"thumbnailUrl\":\"\",\"articleSection\":[\"El Mundo\"],\"inLanguage\":\"es\"},{\"@type\":\"WebPage\",\"@id\":\"https:\\\/\\\/ferabrajan.com\\\/portal\\\/2020\\\/06\\\/03\\\/eugenio-derbez-recuerda-a-hector-suarez-con-video-comico\\\/\",\"url\":\"https:\\\/\\\/ferabrajan.com\\\/portal\\\/2020\\\/06\\\/03\\\/eugenio-derbez-recuerda-a-hector-suarez-con-video-comico\\\/\",\"name\":\"Eugenio Derbez recuerda a H\u00e9ctor Su\u00e1rez con video c\u00f3mico - Fer Abrajan\",\"isPartOf\":{\"@id\":\"https:\\\/\\\/ferabrajan.com\\\/portal\\\/#website\"},\"primaryImageOfPage\":{\"@id\":\"https:\\\/\\\/ferabrajan.com\\\/portal\\\/2020\\\/06\\\/03\\\/eugenio-derbez-recuerda-a-hector-suarez-con-video-comico\\\/#primaryimage\"},\"image\":{\"@id\":\"https:\\\/\\\/ferabrajan.com\\\/portal\\\/2020\\\/06\\\/03\\\/eugenio-derbez-recuerda-a-hector-suarez-con-video-comico\\\/#primaryimage\"},\"thumbnailUrl\":\"\",\"datePublished\":\"2020-06-03T20:32:00+00:00\",\"breadcrumb\":{\"@id\":\"https:\\\/\\\/ferabrajan.com\\\/portal\\\/2020\\\/06\\\/03\\\/eugenio-derbez-recuerda-a-hector-suarez-con-video-comico\\\/#breadcrumb\"},\"inLanguage\":\"es\",\"potentialAction\":[{\"@type\":\"ReadAction\",\"target\":[\"https:\\\/\\\/ferabrajan.com\\\/portal\\\/2020\\\/06\\\/03\\\/eugenio-derbez-recuerda-a-hector-suarez-con-video-comico\\\/\"]}]},{\"@type\":\"ImageObject\",\"inLanguage\":\"es\",\"@id\":\"https:\\\/\\\/ferabrajan.com\\\/portal\\\/2020\\\/06\\\/03\\\/eugenio-derbez-recuerda-a-hector-suarez-con-video-comico\\\/#primaryimage\",\"url\":\"\",\"contentUrl\":\"\"},{\"@type\":\"BreadcrumbList\",\"@id\":\"https:\\\/\\\/ferabrajan.com\\\/portal\\\/2020\\\/06\\\/03\\\/eugenio-derbez-recuerda-a-hector-suarez-con-video-comico\\\/#breadcrumb\",\"itemListElement\":[{\"@type\":\"ListItem\",\"position\":1,\"name\":\"Portada\",\"item\":\"https:\\\/\\\/ferabrajan.com\\\/portal\\\/\"},{\"@type\":\"ListItem\",\"position\":2,\"name\":\"Eugenio Derbez recuerda a H\u00e9ctor Su\u00e1rez con video c\u00f3mico\"}]},{\"@type\":\"WebSite\",\"@id\":\"https:\\\/\\\/ferabrajan.com\\\/portal\\\/#website\",\"url\":\"https:\\\/\\\/ferabrajan.com\\\/portal\\\/\",\"name\":\"Fer Abrajan\",\"description\":\"Noticias de Puebla, opini\u00f3n y radio en vivo\",\"publisher\":{\"@id\":\"https:\\\/\\\/ferabrajan.com\\\/portal\\\/#organization\"},\"potentialAction\":[{\"@type\":\"SearchAction\",\"target\":{\"@type\":\"EntryPoint\",\"urlTemplate\":\"https:\\\/\\\/ferabrajan.com\\\/portal\\\/?s={search_term_string}\"},\"query-input\":{\"@type\":\"PropertyValueSpecification\",\"valueRequired\":true,\"valueName\":\"search_term_string\"}}],\"inLanguage\":\"es\"},{\"@type\":\"Organization\",\"@id\":\"https:\\\/\\\/ferabrajan.com\\\/portal\\\/#organization\",\"name\":\"Fer Abrajan\",\"url\":\"https:\\\/\\\/ferabrajan.com\\\/portal\\\/\",\"logo\":{\"@type\":\"ImageObject\",\"inLanguage\":\"es\",\"@id\":\"https:\\\/\\\/ferabrajan.com\\\/portal\\\/#\\\/schema\\\/logo\\\/image\\\/\",\"url\":\"https:\\\/\\\/ferabrajan.com\\\/portal\\\/wp-content\\\/uploads\\\/2024\\\/10\\\/cropped-logo.jpeg\",\"contentUrl\":\"https:\\\/\\\/ferabrajan.com\\\/portal\\\/wp-content\\\/uploads\\\/2024\\\/10\\\/cropped-logo.jpeg\",\"width\":500,\"height\":250,\"caption\":\"Fer Abrajan\"},\"image\":{\"@id\":\"https:\\\/\\\/ferabrajan.com\\\/portal\\\/#\\\/schema\\\/logo\\\/image\\\/\"},\"sameAs\":[\"https:\\\/\\\/www.facebook.com\\\/NoticiasconFerAbrajan\\\/\",\"https:\\\/\\\/x.com\\\/ferabrajan1\"]},{\"@type\":\"Person\",\"@id\":\"https:\\\/\\\/ferabrajan.com\\\/portal\\\/#\\\/schema\\\/person\\\/f6113b3cb1e036d5c6a9505685b257ba\",\"name\":\"admin\",\"image\":{\"@type\":\"ImageObject\",\"inLanguage\":\"es\",\"@id\":\"https:\\\/\\\/secure.gravatar.com\\\/avatar\\\/072baa72775aad53c748dfc5d3048578e01b6c087eef335459ebfa04344e2d18?s=96&d=mm&r=g\",\"url\":\"https:\\\/\\\/secure.gravatar.com\\\/avatar\\\/072baa72775aad53c748dfc5d3048578e01b6c087eef335459ebfa04344e2d18?s=96&d=mm&r=g\",\"contentUrl\":\"https:\\\/\\\/secure.gravatar.com\\\/avatar\\\/072baa72775aad53c748dfc5d3048578e01b6c087eef335459ebfa04344e2d18?s=96&d=mm&r=g\",\"caption\":\"admin\"},\"sameAs\":[\"https:\\\/\\\/ferabrajan.com\\\/portal\"],\"url\":\"https:\\\/\\\/ferabrajan.com\\\/portal\\\/author\\\/admin\\\/\"}]}<\/script>\n<!-- \/ Yoast SEO plugin. -->","yoast_head_json":{"title":"Eugenio Derbez recuerda a H\u00e9ctor Su\u00e1rez con video c\u00f3mico - Fer Abrajan","robots":{"index":"index","follow":"follow","max-snippet":"max-snippet:-1","max-image-preview":"max-image-preview:large","max-video-preview":"max-video-preview:-1"},"canonical":"https:\/\/ferabrajan.com\/portal\/2020\/06\/03\/eugenio-derbez-recuerda-a-hector-suarez-con-video-comico\/","og_locale":"es_ES","og_type":"article","og_title":"Eugenio Derbez recuerda a H\u00e9ctor Su\u00e1rez con video c\u00f3mico - Fer Abrajan","og_description":"Los homenajes a H\u00e9ctor Su\u00e1rez por parte de sus colegas de profesi\u00f3n no han parado y uno de ellos fue el que le hizo Eugenio Derbez en sus redes sociales. El actor que tiene como personajes al \u00abDiablito\u00bb, \u00abArmando Hoyos\u00bb, \u00abMarilyn Mens\u00f3n\u00bb, entre otros muchos m\u00e1s, record\u00f3 a quien fuera Tr\u00e1nsito L\u00f3pez en el \u00abMil usos\u00bb como uno de sus maestros e inspiraci\u00f3n para su carrera. Tambi\u00e9n lee:&nbsp;H\u00e9ctor Su\u00e1rez no muri\u00f3 por Covid-19; su cenizas descansan en su casa&nbsp; \u00abH\u00e9ctor Su\u00e1rez fue una de las personas que m\u00e1s influy\u00f3 en mi carrera. Siempre fue un ejemplo a seguir. Su creatividad, su valent\u00eda, su entrega y respeto al escenario eran \u00fanicos.&nbsp;H\u00e9ctor era un gran ser humano. Noble de coraz\u00f3n, pero de car\u00e1cter fuerte y determinado cuando se trataba de defender su trabajo o a su familia\u00bb, escribi\u00f3 el c\u00f3mico. El director de \u00abNo se Aceptan Devoluciones\u00bb tambi\u00e9n puso a Su\u00e1rez como una leyenda en M\u00e9xico al dar tantas c\u00e1tedras arriba del escenario y por ello agradeci\u00f3 la herencia que dej\u00f3. Tambi\u00e9n lee:&nbsp;Su\u00e1rez Gom\u00eds comparte emotiva carta para su pap\u00e1 H\u00e9ctor Su\u00e1rez Y para recordarlo, Eugenio subi\u00f3 un video de un programa que grab\u00f3 a lado del \u00abTirantes\u00bb o del \u00abNo hay\u00bb y en el, le agradeci\u00f3 la oportunidad de compartir el escenario. al Publicaci\u00f3n Original: https:\/\/www.eluniversal.com.mx\/espectaculos\/farandula\/eugenio-derbez-recuerda-hector-suarez-con-video-comico","og_url":"https:\/\/ferabrajan.com\/portal\/2020\/06\/03\/eugenio-derbez-recuerda-a-hector-suarez-con-video-comico\/","og_site_name":"Fer Abrajan","article_publisher":"https:\/\/www.facebook.com\/NoticiasconFerAbrajan\/","article_published_time":"2020-06-03T20:32:00+00:00","author":"admin","twitter_card":"summary_large_image","twitter_creator":"@ferabrajan1","twitter_site":"@ferabrajan1","twitter_misc":{"Escrito por":"admin","Tiempo de lectura":"1 minuto"},"schema":{"@context":"https:\/\/schema.org","@graph":[{"@type":"Article","@id":"https:\/\/ferabrajan.com\/portal\/2020\/06\/03\/eugenio-derbez-recuerda-a-hector-suarez-con-video-comico\/#article","isPartOf":{"@id":"https:\/\/ferabrajan.com\/portal\/2020\/06\/03\/eugenio-derbez-recuerda-a-hector-suarez-con-video-comico\/"},"author":{"name":"admin","@id":"https:\/\/ferabrajan.com\/portal\/#\/schema\/person\/f6113b3cb1e036d5c6a9505685b257ba"},"headline":"Eugenio Derbez recuerda a H\u00e9ctor Su\u00e1rez con video c\u00f3mico","datePublished":"2020-06-03T20:32:00+00:00","mainEntityOfPage":{"@id":"https:\/\/ferabrajan.com\/portal\/2020\/06\/03\/eugenio-derbez-recuerda-a-hector-suarez-con-video-comico\/"},"wordCount":270,"commentCount":0,"publisher":{"@id":"https:\/\/ferabrajan.com\/portal\/#organization"},"image":{"@id":"https:\/\/ferabrajan.com\/portal\/2020\/06\/03\/eugenio-derbez-recuerda-a-hector-suarez-con-video-comico\/#primaryimage"},"thumbnailUrl":"","articleSection":["El Mundo"],"inLanguage":"es"},{"@type":"WebPage","@id":"https:\/\/ferabrajan.com\/portal\/2020\/06\/03\/eugenio-derbez-recuerda-a-hector-suarez-con-video-comico\/","url":"https:\/\/ferabrajan.com\/portal\/2020\/06\/03\/eugenio-derbez-recuerda-a-hector-suarez-con-video-comico\/","name":"Eugenio Derbez recuerda a H\u00e9ctor Su\u00e1rez con video c\u00f3mico - Fer Abrajan","isPartOf":{"@id":"https:\/\/ferabrajan.com\/portal\/#website"},"primaryImageOfPage":{"@id":"https:\/\/ferabrajan.com\/portal\/2020\/06\/03\/eugenio-derbez-recuerda-a-hector-suarez-con-video-comico\/#primaryimage"},"image":{"@id":"https:\/\/ferabrajan.com\/portal\/2020\/06\/03\/eugenio-derbez-recuerda-a-hector-suarez-con-video-comico\/#primaryimage"},"thumbnailUrl":"","datePublished":"2020-06-03T20:32:00+00:00","breadcrumb":{"@id":"https:\/\/ferabrajan.com\/portal\/2020\/06\/03\/eugenio-derbez-recuerda-a-hector-suarez-con-video-comico\/#breadcrumb"},"inLanguage":"es","potentialAction":[{"@type":"ReadAction","target":["https:\/\/ferabrajan.com\/portal\/2020\/06\/03\/eugenio-derbez-recuerda-a-hector-suarez-con-video-comico\/"]}]},{"@type":"ImageObject","inLanguage":"es","@id":"https:\/\/ferabrajan.com\/portal\/2020\/06\/03\/eugenio-derbez-recuerda-a-hector-suarez-con-video-comico\/#primaryimage","url":"","contentUrl":""},{"@type":"BreadcrumbList","@id":"https:\/\/ferabrajan.com\/portal\/2020\/06\/03\/eugenio-derbez-recuerda-a-hector-suarez-con-video-comico\/#breadcrumb","itemListElement":[{"@type":"ListItem","position":1,"name":"Portada","item":"https:\/\/ferabrajan.com\/portal\/"},{"@type":"ListItem","position":2,"name":"Eugenio Derbez recuerda a H\u00e9ctor Su\u00e1rez con video c\u00f3mico"}]},{"@type":"WebSite","@id":"https:\/\/ferabrajan.com\/portal\/#website","url":"https:\/\/ferabrajan.com\/portal\/","name":"Fer Abrajan","description":"Noticias de Puebla, opini\u00f3n y radio en vivo","publisher":{"@id":"https:\/\/ferabrajan.com\/portal\/#organization"},"potentialAction":[{"@type":"SearchAction","target":{"@type":"EntryPoint","urlTemplate":"https:\/\/ferabrajan.com\/portal\/?s={search_term_string}"},"query-input":{"@type":"PropertyValueSpecification","valueRequired":true,"valueName":"search_term_string"}}],"inLanguage":"es"},{"@type":"Organization","@id":"https:\/\/ferabrajan.com\/portal\/#organization","name":"Fer Abrajan","url":"https:\/\/ferabrajan.com\/portal\/","logo":{"@type":"ImageObject","inLanguage":"es","@id":"https:\/\/ferabrajan.com\/portal\/#\/schema\/logo\/image\/","url":"https:\/\/ferabrajan.com\/portal\/wp-content\/uploads\/2024\/10\/cropped-logo.jpeg","contentUrl":"https:\/\/ferabrajan.com\/portal\/wp-content\/uploads\/2024\/10\/cropped-logo.jpeg","width":500,"height":250,"caption":"Fer Abrajan"},"image":{"@id":"https:\/\/ferabrajan.com\/portal\/#\/schema\/logo\/image\/"},"sameAs":["https:\/\/www.facebook.com\/NoticiasconFerAbrajan\/","https:\/\/x.com\/ferabrajan1"]},{"@type":"Person","@id":"https:\/\/ferabrajan.com\/portal\/#\/schema\/person\/f6113b3cb1e036d5c6a9505685b257ba","name":"admin","image":{"@type":"ImageObject","inLanguage":"es","@id":"https:\/\/secure.gravatar.com\/avatar\/072baa72775aad53c748dfc5d3048578e01b6c087eef335459ebfa04344e2d18?s=96&d=mm&r=g","url":"https:\/\/secure.gravatar.com\/avatar\/072baa72775aad53c748dfc5d3048578e01b6c087eef335459ebfa04344e2d18?s=96&d=mm&r=g","contentUrl":"https:\/\/secure.gravatar.com\/avatar\/072baa72775aad53c748dfc5d3048578e01b6c087eef335459ebfa04344e2d18?s=96&d=mm&r=g","caption":"admin"},"sameAs":["https:\/\/ferabrajan.com\/portal"],"url":"https:\/\/ferabrajan.com\/portal\/author\/admin\/"}]}},"_links":{"self":[{"href":"https:\/\/ferabrajan.com\/portal\/wp-json\/wp\/v2\/posts\/12608","targetHints":{"allow":["GET"]}}],"collection":[{"href":"https:\/\/ferabrajan.com\/portal\/wp-json\/wp\/v2\/posts"}],"about":[{"href":"https:\/\/ferabrajan.com\/portal\/wp-json\/wp\/v2\/types\/post"}],"author":[{"embeddable":true,"href":"https:\/\/ferabrajan.com\/portal\/wp-json\/wp\/v2\/users\/1"}],"replies":[{"embeddable":true,"href":"https:\/\/ferabrajan.com\/portal\/wp-json\/wp\/v2\/comments?post=12608"}],"version-history":[{"count":0,"href":"https:\/\/ferabrajan.com\/portal\/wp-json\/wp\/v2\/posts\/12608\/revisions"}],"wp:attachment":[{"href":"https:\/\/ferabrajan.com\/portal\/wp-json\/wp\/v2\/media?parent=12608"}],"wp:term":[{"taxonomy":"category","embeddable":true,"href":"https:\/\/ferabrajan.com\/portal\/wp-json\/wp\/v2\/categories?post=12608"},{"taxonomy":"post_tag","embeddable":true,"href":"https:\/\/ferabrajan.com\/portal\/wp-json\/wp\/v2\/tags?post=12608"}],"curies":[{"name":"wp","href":"https:\/\/api.w.org\/{rel}","templated":true}]}}