{"id":12603,"date":"2020-06-03T00:57:44","date_gmt":"2020-06-03T00:57:44","guid":{"rendered":"https:\/\/www.elsoldepuebla.com.mx\/mexico\/sociedad\/mexico-se-acerca-a-los-100-mil-casos-confirmados-por-covid-19-coronavirus-nueva-normalidad-5313004.html"},"modified":"2020-06-03T00:57:44","modified_gmt":"2020-06-03T00:57:44","slug":"mexico-se-acerca-a-los-100-mil-casos-confirmados-por-covid-19","status":"publish","type":"post","link":"https:\/\/ferabrajan.com\/portal\/2020\/06\/03\/mexico-se-acerca-a-los-100-mil-casos-confirmados-por-covid-19\/","title":{"rendered":"M\u00e9xico se acerca a los 100 mil casos confirmados por Covid-19"},"content":{"rendered":"<div><img decoding=\"async\" src=\"https:\/\/www.elsoldemexico.com.mx\/mexico\/sociedad\/yzlzfl-alomia-calendario-junio2.jpg\/ALTERNATES\/LANDSCAPE_1140\/alomia-calendario-junio2.jpg\" class=\"ff-og-image-inserted\"><\/div>\n<p>En el segundo d\u00eda de la nueva normalidad, M\u00e9xico se acerca a los 100 mil casos confirmados por Covid-19 con 97 mil 326, de los cuales 10 mil son m\u00e9dicos.<\/p>\n<p>Al presentar el reporte diario en la conferencia de prensa de Palacio Nacional, el director de Epidemiolog\u00eda, Jos\u00e9 Luis Alom\u00eda, dijo que en las \u00faltimas 24 horas se notificaron 465 fallecimientos adicionales respecto de la \u00faltima cifra, sumando 10 mil 637 defunciones.<\/p>\n<p>De ellos, 271 son doctores mientras que diez m\u00e1s est\u00e1n pendientes por confirmar. Adem\u00e1s de que 16 mil 940 casos contin\u00faan activos.<\/p>\n<p>Asimismo, se tienen registrados 42 mil 151 casos sospechosos. Estos \u00faltimos casos se presentaron en los \u00faltimos 14 d\u00edas.<\/p>\n<p>\u201cEs una tendencia que sigue creciendo\u201d, dijo.<\/p>\n<p>Seg\u00fan las estad\u00edsticas de la dependencia en las \u00faltimas 24 horas se present\u00f3 un incremento de 3 mil 891 casos, 4.2 por ciento adicionales, debido a que \u201cse recupera el n\u00famero en funci\u00f3n del fin de semana\u201d.<\/p>\n<p>Respecto a la ocupaci\u00f3n de las camas, Alom\u00eda dijo que la ocupaci\u00f3n mayor es para la Ciudad de M\u00e9xico donde s\u00f3lo 20 por ciento est\u00e1n disponibles; 26 por ciento en el estado de M\u00e9xico, 28 por ciento en Guerrero, 47 por ciento en Morelos y 47 por ciento en Chiapas.<\/p>\n<p>El funcionario dijo que desde el 24 de abril que inici\u00f3 la reconversi\u00f3n de hospitales ahora se tienen 789 frente a 645 que se ten\u00edan en el inicio.<\/p>\n<p>Por su parte, el subsecretario de Prevenci\u00f3n y Promoci\u00f3n de la Salud, Hugo L\u00f3pez-Gatell, dijo que el aumento de la movilidad social es lo que identific\u00f3 la Secretar\u00eda de Salud, luego de que se anunciara la conclusi\u00f3n de la Jornada de Sana Distancia para evitar la propagaci\u00f3n del coronavirus.<\/p>\n<h4><strong>Te recomendamos \u2b07\ufe0f<\/strong><\/h4>\n<section>\n<article class=\"mexico media\">\n<div class=\"teaser\">\n<p>[embedded content]<\/p>\n<\/div>\n<\/article>\n<\/section>\n<p>Publicaci\u00f3n Original: <a href=\"https:\/\/www.elsoldepuebla.com.mx\/mexico\/sociedad\/mexico-se-acerca-a-los-100-mil-casos-confirmados-por-covid-19-coronavirus-nueva-normalidad-5313004.html\" target=\"_blank\" rel=\"noopener noreferrer\">https:\/\/www.elsoldepuebla.com.mx\/mexico\/sociedad\/mexico-se-acerca-a-los-100-mil-casos-confirmados-por-covid-19-coronavirus-nueva-normalidad-5313004.html<\/a><\/p>\n","protected":false},"excerpt":{"rendered":"<p>En el segundo d\u00eda de la nueva normalidad, M\u00e9xico se acerca a los 100 mil casos confirmados por Covid-19 con 97 mil 326, de los cuales 10 mil son m\u00e9dicos. Al presentar el reporte diario en la conferencia de prensa de Palacio Nacional, el director de Epidemiolog\u00eda, Jos\u00e9 Luis Alom\u00eda, dijo que en las \u00faltimas 24 horas se notificaron 465 fallecimientos adicionales respecto de la \u00faltima cifra, sumando 10 mil 637 defunciones. De ellos, 271 son doctores mientras que diez m\u00e1s est\u00e1n pendientes por confirmar. Adem\u00e1s de que 16 mil 940 casos contin\u00faan activos. Asimismo, se tienen registrados 42 mil 151 casos sospechosos. Estos \u00faltimos casos se presentaron en los \u00faltimos 14 d\u00edas. \u201cEs una tendencia que sigue creciendo\u201d, dijo. Seg\u00fan las estad\u00edsticas de la dependencia en las \u00faltimas 24 horas se present\u00f3 un incremento de 3 mil 891 casos, 4.2 por ciento adicionales, debido a que \u201cse recupera el n\u00famero en funci\u00f3n del fin de semana\u201d. Respecto a la ocupaci\u00f3n de las camas, Alom\u00eda dijo que la ocupaci\u00f3n mayor es para la Ciudad de M\u00e9xico donde s\u00f3lo 20 por ciento est\u00e1n disponibles; 26 por ciento en el estado de M\u00e9xico, 28 por ciento en Guerrero, 47 por ciento en Morelos y 47 por ciento en Chiapas. El funcionario dijo que desde el 24 de abril que inici\u00f3 la reconversi\u00f3n de hospitales ahora se tienen 789 frente a 645 que se ten\u00edan en el inicio. Por su parte, el subsecretario de Prevenci\u00f3n y Promoci\u00f3n de la Salud, Hugo L\u00f3pez-Gatell, dijo que el aumento de la movilidad social es lo que identific\u00f3 la Secretar\u00eda de Salud, luego de que se anunciara la conclusi\u00f3n de la Jornada de Sana Distancia para evitar la propagaci\u00f3n del coronavirus. Te recomendamos \u2b07\ufe0f [embedded content] Publicaci\u00f3n Original: https:\/\/www.elsoldepuebla.com.mx\/mexico\/sociedad\/mexico-se-acerca-a-los-100-mil-casos-confirmados-por-covid-19-coronavirus-nueva-normalidad-5313004.html<\/p>\n","protected":false},"author":1,"featured_media":12607,"comment_status":"closed","ping_status":"closed","sticky":false,"template":"","format":"standard","meta":{"_monsterinsights_skip_tracking":false,"_uf_show_specific_survey":0,"_uf_disable_surveys":false,"footnotes":""},"categories":[34],"tags":[],"class_list":["post-12603","post","type-post","status-publish","format-standard","has-post-thumbnail","hentry","category-puebla"],"yoast_head":"<!-- This site is optimized with the Yoast SEO plugin v27.5 - https:\/\/yoast.com\/product\/yoast-seo-wordpress\/ -->\n<title>M\u00e9xico se acerca a los 100 mil casos confirmados por Covid-19 - Fer Abrajan<\/title>\n<meta name=\"robots\" content=\"index, follow, max-snippet:-1, max-image-preview:large, max-video-preview:-1\" \/>\n<link rel=\"canonical\" href=\"https:\/\/ferabrajan.com\/portal\/2020\/06\/03\/mexico-se-acerca-a-los-100-mil-casos-confirmados-por-covid-19\/\" \/>\n<meta property=\"og:locale\" content=\"es_ES\" \/>\n<meta property=\"og:type\" content=\"article\" \/>\n<meta property=\"og:title\" content=\"M\u00e9xico se acerca a los 100 mil casos confirmados por Covid-19 - Fer Abrajan\" \/>\n<meta property=\"og:description\" content=\"En el segundo d\u00eda de la nueva normalidad, M\u00e9xico se acerca a los 100 mil casos confirmados por Covid-19 con 97 mil 326, de los cuales 10 mil son m\u00e9dicos. Al presentar el reporte diario en la conferencia de prensa de Palacio Nacional, el director de Epidemiolog\u00eda, Jos\u00e9 Luis Alom\u00eda, dijo que en las \u00faltimas 24 horas se notificaron 465 fallecimientos adicionales respecto de la \u00faltima cifra, sumando 10 mil 637 defunciones. De ellos, 271 son doctores mientras que diez m\u00e1s est\u00e1n pendientes por confirmar. Adem\u00e1s de que 16 mil 940 casos contin\u00faan activos. Asimismo, se tienen registrados 42 mil 151 casos sospechosos. Estos \u00faltimos casos se presentaron en los \u00faltimos 14 d\u00edas. \u201cEs una tendencia que sigue creciendo\u201d, dijo. Seg\u00fan las estad\u00edsticas de la dependencia en las \u00faltimas 24 horas se present\u00f3 un incremento de 3 mil 891 casos, 4.2 por ciento adicionales, debido a que \u201cse recupera el n\u00famero en funci\u00f3n del fin de semana\u201d. Respecto a la ocupaci\u00f3n de las camas, Alom\u00eda dijo que la ocupaci\u00f3n mayor es para la Ciudad de M\u00e9xico donde s\u00f3lo 20 por ciento est\u00e1n disponibles; 26 por ciento en el estado de M\u00e9xico, 28 por ciento en Guerrero, 47 por ciento en Morelos y 47 por ciento en Chiapas. El funcionario dijo que desde el 24 de abril que inici\u00f3 la reconversi\u00f3n de hospitales ahora se tienen 789 frente a 645 que se ten\u00edan en el inicio. Por su parte, el subsecretario de Prevenci\u00f3n y Promoci\u00f3n de la Salud, Hugo L\u00f3pez-Gatell, dijo que el aumento de la movilidad social es lo que identific\u00f3 la Secretar\u00eda de Salud, luego de que se anunciara la conclusi\u00f3n de la Jornada de Sana Distancia para evitar la propagaci\u00f3n del coronavirus. Te recomendamos \u2b07\ufe0f [embedded content] Publicaci\u00f3n Original: https:\/\/www.elsoldepuebla.com.mx\/mexico\/sociedad\/mexico-se-acerca-a-los-100-mil-casos-confirmados-por-covid-19-coronavirus-nueva-normalidad-5313004.html\" \/>\n<meta property=\"og:url\" content=\"https:\/\/ferabrajan.com\/portal\/2020\/06\/03\/mexico-se-acerca-a-los-100-mil-casos-confirmados-por-covid-19\/\" \/>\n<meta property=\"og:site_name\" content=\"Fer Abrajan\" \/>\n<meta property=\"article:publisher\" content=\"https:\/\/www.facebook.com\/NoticiasconFerAbrajan\/\" \/>\n<meta property=\"article:published_time\" content=\"2020-06-03T00:57:44+00:00\" \/>\n<meta name=\"author\" content=\"admin\" \/>\n<meta name=\"twitter:card\" content=\"summary_large_image\" \/>\n<meta name=\"twitter:creator\" content=\"@ferabrajan1\" \/>\n<meta name=\"twitter:site\" content=\"@ferabrajan1\" \/>\n<meta name=\"twitter:label1\" content=\"Escrito por\" \/>\n\t<meta name=\"twitter:data1\" content=\"admin\" \/>\n\t<meta name=\"twitter:label2\" content=\"Tiempo de lectura\" \/>\n\t<meta name=\"twitter:data2\" content=\"2 minutos\" \/>\n<script type=\"application\/ld+json\" class=\"yoast-schema-graph\">{\"@context\":\"https:\\\/\\\/schema.org\",\"@graph\":[{\"@type\":\"Article\",\"@id\":\"https:\\\/\\\/ferabrajan.com\\\/portal\\\/2020\\\/06\\\/03\\\/mexico-se-acerca-a-los-100-mil-casos-confirmados-por-covid-19\\\/#article\",\"isPartOf\":{\"@id\":\"https:\\\/\\\/ferabrajan.com\\\/portal\\\/2020\\\/06\\\/03\\\/mexico-se-acerca-a-los-100-mil-casos-confirmados-por-covid-19\\\/\"},\"author\":{\"name\":\"admin\",\"@id\":\"https:\\\/\\\/ferabrajan.com\\\/portal\\\/#\\\/schema\\\/person\\\/f6113b3cb1e036d5c6a9505685b257ba\"},\"headline\":\"M\u00e9xico se acerca a los 100 mil casos confirmados por Covid-19\",\"datePublished\":\"2020-06-03T00:57:44+00:00\",\"mainEntityOfPage\":{\"@id\":\"https:\\\/\\\/ferabrajan.com\\\/portal\\\/2020\\\/06\\\/03\\\/mexico-se-acerca-a-los-100-mil-casos-confirmados-por-covid-19\\\/\"},\"wordCount\":316,\"publisher\":{\"@id\":\"https:\\\/\\\/ferabrajan.com\\\/portal\\\/#organization\"},\"image\":{\"@id\":\"https:\\\/\\\/ferabrajan.com\\\/portal\\\/2020\\\/06\\\/03\\\/mexico-se-acerca-a-los-100-mil-casos-confirmados-por-covid-19\\\/#primaryimage\"},\"thumbnailUrl\":\"\",\"articleSection\":[\"Puebla\"],\"inLanguage\":\"es\"},{\"@type\":\"WebPage\",\"@id\":\"https:\\\/\\\/ferabrajan.com\\\/portal\\\/2020\\\/06\\\/03\\\/mexico-se-acerca-a-los-100-mil-casos-confirmados-por-covid-19\\\/\",\"url\":\"https:\\\/\\\/ferabrajan.com\\\/portal\\\/2020\\\/06\\\/03\\\/mexico-se-acerca-a-los-100-mil-casos-confirmados-por-covid-19\\\/\",\"name\":\"M\u00e9xico se acerca a los 100 mil casos confirmados por Covid-19 - Fer Abrajan\",\"isPartOf\":{\"@id\":\"https:\\\/\\\/ferabrajan.com\\\/portal\\\/#website\"},\"primaryImageOfPage\":{\"@id\":\"https:\\\/\\\/ferabrajan.com\\\/portal\\\/2020\\\/06\\\/03\\\/mexico-se-acerca-a-los-100-mil-casos-confirmados-por-covid-19\\\/#primaryimage\"},\"image\":{\"@id\":\"https:\\\/\\\/ferabrajan.com\\\/portal\\\/2020\\\/06\\\/03\\\/mexico-se-acerca-a-los-100-mil-casos-confirmados-por-covid-19\\\/#primaryimage\"},\"thumbnailUrl\":\"\",\"datePublished\":\"2020-06-03T00:57:44+00:00\",\"breadcrumb\":{\"@id\":\"https:\\\/\\\/ferabrajan.com\\\/portal\\\/2020\\\/06\\\/03\\\/mexico-se-acerca-a-los-100-mil-casos-confirmados-por-covid-19\\\/#breadcrumb\"},\"inLanguage\":\"es\",\"potentialAction\":[{\"@type\":\"ReadAction\",\"target\":[\"https:\\\/\\\/ferabrajan.com\\\/portal\\\/2020\\\/06\\\/03\\\/mexico-se-acerca-a-los-100-mil-casos-confirmados-por-covid-19\\\/\"]}]},{\"@type\":\"ImageObject\",\"inLanguage\":\"es\",\"@id\":\"https:\\\/\\\/ferabrajan.com\\\/portal\\\/2020\\\/06\\\/03\\\/mexico-se-acerca-a-los-100-mil-casos-confirmados-por-covid-19\\\/#primaryimage\",\"url\":\"\",\"contentUrl\":\"\"},{\"@type\":\"BreadcrumbList\",\"@id\":\"https:\\\/\\\/ferabrajan.com\\\/portal\\\/2020\\\/06\\\/03\\\/mexico-se-acerca-a-los-100-mil-casos-confirmados-por-covid-19\\\/#breadcrumb\",\"itemListElement\":[{\"@type\":\"ListItem\",\"position\":1,\"name\":\"Portada\",\"item\":\"https:\\\/\\\/ferabrajan.com\\\/portal\\\/\"},{\"@type\":\"ListItem\",\"position\":2,\"name\":\"M\u00e9xico se acerca a los 100 mil casos confirmados por Covid-19\"}]},{\"@type\":\"WebSite\",\"@id\":\"https:\\\/\\\/ferabrajan.com\\\/portal\\\/#website\",\"url\":\"https:\\\/\\\/ferabrajan.com\\\/portal\\\/\",\"name\":\"Fer Abrajan\",\"description\":\"Noticias de Puebla, opini\u00f3n y radio en vivo\",\"publisher\":{\"@id\":\"https:\\\/\\\/ferabrajan.com\\\/portal\\\/#organization\"},\"potentialAction\":[{\"@type\":\"SearchAction\",\"target\":{\"@type\":\"EntryPoint\",\"urlTemplate\":\"https:\\\/\\\/ferabrajan.com\\\/portal\\\/?s={search_term_string}\"},\"query-input\":{\"@type\":\"PropertyValueSpecification\",\"valueRequired\":true,\"valueName\":\"search_term_string\"}}],\"inLanguage\":\"es\"},{\"@type\":\"Organization\",\"@id\":\"https:\\\/\\\/ferabrajan.com\\\/portal\\\/#organization\",\"name\":\"Fer Abrajan\",\"url\":\"https:\\\/\\\/ferabrajan.com\\\/portal\\\/\",\"logo\":{\"@type\":\"ImageObject\",\"inLanguage\":\"es\",\"@id\":\"https:\\\/\\\/ferabrajan.com\\\/portal\\\/#\\\/schema\\\/logo\\\/image\\\/\",\"url\":\"https:\\\/\\\/ferabrajan.com\\\/portal\\\/wp-content\\\/uploads\\\/2024\\\/10\\\/cropped-logo.jpeg\",\"contentUrl\":\"https:\\\/\\\/ferabrajan.com\\\/portal\\\/wp-content\\\/uploads\\\/2024\\\/10\\\/cropped-logo.jpeg\",\"width\":500,\"height\":250,\"caption\":\"Fer Abrajan\"},\"image\":{\"@id\":\"https:\\\/\\\/ferabrajan.com\\\/portal\\\/#\\\/schema\\\/logo\\\/image\\\/\"},\"sameAs\":[\"https:\\\/\\\/www.facebook.com\\\/NoticiasconFerAbrajan\\\/\",\"https:\\\/\\\/x.com\\\/ferabrajan1\"]},{\"@type\":\"Person\",\"@id\":\"https:\\\/\\\/ferabrajan.com\\\/portal\\\/#\\\/schema\\\/person\\\/f6113b3cb1e036d5c6a9505685b257ba\",\"name\":\"admin\",\"image\":{\"@type\":\"ImageObject\",\"inLanguage\":\"es\",\"@id\":\"https:\\\/\\\/secure.gravatar.com\\\/avatar\\\/072baa72775aad53c748dfc5d3048578e01b6c087eef335459ebfa04344e2d18?s=96&d=mm&r=g\",\"url\":\"https:\\\/\\\/secure.gravatar.com\\\/avatar\\\/072baa72775aad53c748dfc5d3048578e01b6c087eef335459ebfa04344e2d18?s=96&d=mm&r=g\",\"contentUrl\":\"https:\\\/\\\/secure.gravatar.com\\\/avatar\\\/072baa72775aad53c748dfc5d3048578e01b6c087eef335459ebfa04344e2d18?s=96&d=mm&r=g\",\"caption\":\"admin\"},\"sameAs\":[\"https:\\\/\\\/ferabrajan.com\\\/portal\"],\"url\":\"https:\\\/\\\/ferabrajan.com\\\/portal\\\/author\\\/admin\\\/\"}]}<\/script>\n<!-- \/ Yoast SEO plugin. -->","yoast_head_json":{"title":"M\u00e9xico se acerca a los 100 mil casos confirmados por Covid-19 - Fer Abrajan","robots":{"index":"index","follow":"follow","max-snippet":"max-snippet:-1","max-image-preview":"max-image-preview:large","max-video-preview":"max-video-preview:-1"},"canonical":"https:\/\/ferabrajan.com\/portal\/2020\/06\/03\/mexico-se-acerca-a-los-100-mil-casos-confirmados-por-covid-19\/","og_locale":"es_ES","og_type":"article","og_title":"M\u00e9xico se acerca a los 100 mil casos confirmados por Covid-19 - Fer Abrajan","og_description":"En el segundo d\u00eda de la nueva normalidad, M\u00e9xico se acerca a los 100 mil casos confirmados por Covid-19 con 97 mil 326, de los cuales 10 mil son m\u00e9dicos. Al presentar el reporte diario en la conferencia de prensa de Palacio Nacional, el director de Epidemiolog\u00eda, Jos\u00e9 Luis Alom\u00eda, dijo que en las \u00faltimas 24 horas se notificaron 465 fallecimientos adicionales respecto de la \u00faltima cifra, sumando 10 mil 637 defunciones. De ellos, 271 son doctores mientras que diez m\u00e1s est\u00e1n pendientes por confirmar. Adem\u00e1s de que 16 mil 940 casos contin\u00faan activos. Asimismo, se tienen registrados 42 mil 151 casos sospechosos. Estos \u00faltimos casos se presentaron en los \u00faltimos 14 d\u00edas. \u201cEs una tendencia que sigue creciendo\u201d, dijo. Seg\u00fan las estad\u00edsticas de la dependencia en las \u00faltimas 24 horas se present\u00f3 un incremento de 3 mil 891 casos, 4.2 por ciento adicionales, debido a que \u201cse recupera el n\u00famero en funci\u00f3n del fin de semana\u201d. Respecto a la ocupaci\u00f3n de las camas, Alom\u00eda dijo que la ocupaci\u00f3n mayor es para la Ciudad de M\u00e9xico donde s\u00f3lo 20 por ciento est\u00e1n disponibles; 26 por ciento en el estado de M\u00e9xico, 28 por ciento en Guerrero, 47 por ciento en Morelos y 47 por ciento en Chiapas. El funcionario dijo que desde el 24 de abril que inici\u00f3 la reconversi\u00f3n de hospitales ahora se tienen 789 frente a 645 que se ten\u00edan en el inicio. Por su parte, el subsecretario de Prevenci\u00f3n y Promoci\u00f3n de la Salud, Hugo L\u00f3pez-Gatell, dijo que el aumento de la movilidad social es lo que identific\u00f3 la Secretar\u00eda de Salud, luego de que se anunciara la conclusi\u00f3n de la Jornada de Sana Distancia para evitar la propagaci\u00f3n del coronavirus. Te recomendamos \u2b07\ufe0f [embedded content] Publicaci\u00f3n Original: https:\/\/www.elsoldepuebla.com.mx\/mexico\/sociedad\/mexico-se-acerca-a-los-100-mil-casos-confirmados-por-covid-19-coronavirus-nueva-normalidad-5313004.html","og_url":"https:\/\/ferabrajan.com\/portal\/2020\/06\/03\/mexico-se-acerca-a-los-100-mil-casos-confirmados-por-covid-19\/","og_site_name":"Fer Abrajan","article_publisher":"https:\/\/www.facebook.com\/NoticiasconFerAbrajan\/","article_published_time":"2020-06-03T00:57:44+00:00","author":"admin","twitter_card":"summary_large_image","twitter_creator":"@ferabrajan1","twitter_site":"@ferabrajan1","twitter_misc":{"Escrito por":"admin","Tiempo de lectura":"2 minutos"},"schema":{"@context":"https:\/\/schema.org","@graph":[{"@type":"Article","@id":"https:\/\/ferabrajan.com\/portal\/2020\/06\/03\/mexico-se-acerca-a-los-100-mil-casos-confirmados-por-covid-19\/#article","isPartOf":{"@id":"https:\/\/ferabrajan.com\/portal\/2020\/06\/03\/mexico-se-acerca-a-los-100-mil-casos-confirmados-por-covid-19\/"},"author":{"name":"admin","@id":"https:\/\/ferabrajan.com\/portal\/#\/schema\/person\/f6113b3cb1e036d5c6a9505685b257ba"},"headline":"M\u00e9xico se acerca a los 100 mil casos confirmados por Covid-19","datePublished":"2020-06-03T00:57:44+00:00","mainEntityOfPage":{"@id":"https:\/\/ferabrajan.com\/portal\/2020\/06\/03\/mexico-se-acerca-a-los-100-mil-casos-confirmados-por-covid-19\/"},"wordCount":316,"publisher":{"@id":"https:\/\/ferabrajan.com\/portal\/#organization"},"image":{"@id":"https:\/\/ferabrajan.com\/portal\/2020\/06\/03\/mexico-se-acerca-a-los-100-mil-casos-confirmados-por-covid-19\/#primaryimage"},"thumbnailUrl":"","articleSection":["Puebla"],"inLanguage":"es"},{"@type":"WebPage","@id":"https:\/\/ferabrajan.com\/portal\/2020\/06\/03\/mexico-se-acerca-a-los-100-mil-casos-confirmados-por-covid-19\/","url":"https:\/\/ferabrajan.com\/portal\/2020\/06\/03\/mexico-se-acerca-a-los-100-mil-casos-confirmados-por-covid-19\/","name":"M\u00e9xico se acerca a los 100 mil casos confirmados por Covid-19 - Fer Abrajan","isPartOf":{"@id":"https:\/\/ferabrajan.com\/portal\/#website"},"primaryImageOfPage":{"@id":"https:\/\/ferabrajan.com\/portal\/2020\/06\/03\/mexico-se-acerca-a-los-100-mil-casos-confirmados-por-covid-19\/#primaryimage"},"image":{"@id":"https:\/\/ferabrajan.com\/portal\/2020\/06\/03\/mexico-se-acerca-a-los-100-mil-casos-confirmados-por-covid-19\/#primaryimage"},"thumbnailUrl":"","datePublished":"2020-06-03T00:57:44+00:00","breadcrumb":{"@id":"https:\/\/ferabrajan.com\/portal\/2020\/06\/03\/mexico-se-acerca-a-los-100-mil-casos-confirmados-por-covid-19\/#breadcrumb"},"inLanguage":"es","potentialAction":[{"@type":"ReadAction","target":["https:\/\/ferabrajan.com\/portal\/2020\/06\/03\/mexico-se-acerca-a-los-100-mil-casos-confirmados-por-covid-19\/"]}]},{"@type":"ImageObject","inLanguage":"es","@id":"https:\/\/ferabrajan.com\/portal\/2020\/06\/03\/mexico-se-acerca-a-los-100-mil-casos-confirmados-por-covid-19\/#primaryimage","url":"","contentUrl":""},{"@type":"BreadcrumbList","@id":"https:\/\/ferabrajan.com\/portal\/2020\/06\/03\/mexico-se-acerca-a-los-100-mil-casos-confirmados-por-covid-19\/#breadcrumb","itemListElement":[{"@type":"ListItem","position":1,"name":"Portada","item":"https:\/\/ferabrajan.com\/portal\/"},{"@type":"ListItem","position":2,"name":"M\u00e9xico se acerca a los 100 mil casos confirmados por Covid-19"}]},{"@type":"WebSite","@id":"https:\/\/ferabrajan.com\/portal\/#website","url":"https:\/\/ferabrajan.com\/portal\/","name":"Fer Abrajan","description":"Noticias de Puebla, opini\u00f3n y radio en vivo","publisher":{"@id":"https:\/\/ferabrajan.com\/portal\/#organization"},"potentialAction":[{"@type":"SearchAction","target":{"@type":"EntryPoint","urlTemplate":"https:\/\/ferabrajan.com\/portal\/?s={search_term_string}"},"query-input":{"@type":"PropertyValueSpecification","valueRequired":true,"valueName":"search_term_string"}}],"inLanguage":"es"},{"@type":"Organization","@id":"https:\/\/ferabrajan.com\/portal\/#organization","name":"Fer Abrajan","url":"https:\/\/ferabrajan.com\/portal\/","logo":{"@type":"ImageObject","inLanguage":"es","@id":"https:\/\/ferabrajan.com\/portal\/#\/schema\/logo\/image\/","url":"https:\/\/ferabrajan.com\/portal\/wp-content\/uploads\/2024\/10\/cropped-logo.jpeg","contentUrl":"https:\/\/ferabrajan.com\/portal\/wp-content\/uploads\/2024\/10\/cropped-logo.jpeg","width":500,"height":250,"caption":"Fer Abrajan"},"image":{"@id":"https:\/\/ferabrajan.com\/portal\/#\/schema\/logo\/image\/"},"sameAs":["https:\/\/www.facebook.com\/NoticiasconFerAbrajan\/","https:\/\/x.com\/ferabrajan1"]},{"@type":"Person","@id":"https:\/\/ferabrajan.com\/portal\/#\/schema\/person\/f6113b3cb1e036d5c6a9505685b257ba","name":"admin","image":{"@type":"ImageObject","inLanguage":"es","@id":"https:\/\/secure.gravatar.com\/avatar\/072baa72775aad53c748dfc5d3048578e01b6c087eef335459ebfa04344e2d18?s=96&d=mm&r=g","url":"https:\/\/secure.gravatar.com\/avatar\/072baa72775aad53c748dfc5d3048578e01b6c087eef335459ebfa04344e2d18?s=96&d=mm&r=g","contentUrl":"https:\/\/secure.gravatar.com\/avatar\/072baa72775aad53c748dfc5d3048578e01b6c087eef335459ebfa04344e2d18?s=96&d=mm&r=g","caption":"admin"},"sameAs":["https:\/\/ferabrajan.com\/portal"],"url":"https:\/\/ferabrajan.com\/portal\/author\/admin\/"}]}},"_links":{"self":[{"href":"https:\/\/ferabrajan.com\/portal\/wp-json\/wp\/v2\/posts\/12603","targetHints":{"allow":["GET"]}}],"collection":[{"href":"https:\/\/ferabrajan.com\/portal\/wp-json\/wp\/v2\/posts"}],"about":[{"href":"https:\/\/ferabrajan.com\/portal\/wp-json\/wp\/v2\/types\/post"}],"author":[{"embeddable":true,"href":"https:\/\/ferabrajan.com\/portal\/wp-json\/wp\/v2\/users\/1"}],"replies":[{"embeddable":true,"href":"https:\/\/ferabrajan.com\/portal\/wp-json\/wp\/v2\/comments?post=12603"}],"version-history":[{"count":0,"href":"https:\/\/ferabrajan.com\/portal\/wp-json\/wp\/v2\/posts\/12603\/revisions"}],"wp:attachment":[{"href":"https:\/\/ferabrajan.com\/portal\/wp-json\/wp\/v2\/media?parent=12603"}],"wp:term":[{"taxonomy":"category","embeddable":true,"href":"https:\/\/ferabrajan.com\/portal\/wp-json\/wp\/v2\/categories?post=12603"},{"taxonomy":"post_tag","embeddable":true,"href":"https:\/\/ferabrajan.com\/portal\/wp-json\/wp\/v2\/tags?post=12603"}],"curies":[{"name":"wp","href":"https:\/\/api.w.org\/{rel}","templated":true}]}}